{"id":46316,"date":"2026-04-23T19:03:25","date_gmt":"2026-04-23T17:03:25","guid":{"rendered":"https:\/\/gardeon.pl\/?p=46316"},"modified":"2026-04-23T19:03:25","modified_gmt":"2026-04-23T17:03:25","slug":"jak-zaoszczedzic-dzieki-wiacie-dla-samochodu-elektrycznego","status":"publish","type":"post","link":"https:\/\/gardeon.pl\/pl\/blog\/jak-zaoszczedzic-dzieki-wiacie-dla-samochodu-elektrycznego\/","title":{"rendered":"Jak zaoszcz\u0119dzi\u0107 dzi\u0119ki wiacie dla samochodu elektrycznego"},"content":{"rendered":"<p><em>Zainteresowanie samochodami elektrycznymi ro\u015bnie. Wraz z nimi rozwija si\u0119 r\u00f3wnie\u017c technologia akumulator\u00f3w, stacji \u0142adowania i innych akcesori\u00f3w, kt\u00f3re poprawiaj\u0105 i u\u0142atwiaj\u0105 u\u017cytkowanie pojazd\u00f3w elektrycznych. Je\u015bli wczoraj zastanawiali\u015bcie si\u0119 nad wadami \u017cywotno\u015bci baterii lub innymi kwestiami wp\u0142ywaj\u0105cymi na Wasz\u0105 decyzj\u0119 o wyborze samochodu elektrycznego, dzi\u015b o nich zapomnijcie. \u015awiat elektromobilno\u015bci rozwija si\u0119 tak szybko, \u017ce zanim si\u0119 obejrzymy, samoch\u00f3d elektryczny b\u0119dzie uwa\u017cany za idealny wyb\u00f3r do naszych podr\u00f3\u017cy.   <span class=\"Apple-converted-space\"> <\/span><\/em><\/p>\n<p><!--more--><\/p>\n<p><em>Swoj\u0105 rosn\u0105c\u0105 inteligencj\u0105 potrafi\u0105 nas zaskoczy\u0107 nie tylko samochody, ale tak\u017ce stacje \u0142adowania. Mog\u0105 by\u0107 na przyk\u0142ad pod\u0142\u0105czone przez Wi-Fi lub Bluetooth, komunikowa\u0107 si\u0119 z nami za po\u015brednictwem ChatBota, a tak\u017ce rozpoznawa\u0107 zmiany pogodowe. Cz\u0119sto wiedz\u0105 wi\u0119cej ni\u017c my sami. Poniewa\u017c mo\u017cemy polega\u0107 na nowoczesnych technologiach, nam samym wystarczy wiedzie\u0107, co taka stacja \u0142adowania powinna zawiera\u0107 zgodnie z prawem. Gdyby\u015bmy jednak rozwa\u017cali samoch\u00f3d elektryczny, nawet w dalekiej przysz\u0142o\u015bci, lepiej by\u0107 na to przygotowanym ju\u017c teraz. Poniewa\u017c szcz\u0119\u015bcie sprzyja przygotowanym, a tak\u017ce: przygotowani potrafi\u0105 zaoszcz\u0119dzi\u0107 sporo pieni\u0119dzy.     <span class=\"Apple-converted-space\"> <\/span><\/em><\/p>\n<p><img loading=\"lazy\" decoding=\"async\" class=\"aligncenter wp-image-24066\" src=\"http:\/\/gardeon.pl\/wp-content\/uploads\/2020\/03\/light-trails-on-highway-at-night-315938-1024x682.jpg\" alt=\"Nocny widok na drog\u0119\" width=\"800\" height=\"533\" srcset=\"https:\/\/gardeon.pl\/wp-content\/uploads\/2020\/03\/light-trails-on-highway-at-night-315938-1024x682.jpg 1024w, https:\/\/gardeon.pl\/wp-content\/uploads\/2020\/03\/light-trails-on-highway-at-night-315938-300x200.jpg 300w, https:\/\/gardeon.pl\/wp-content\/uploads\/2020\/03\/light-trails-on-highway-at-night-315938-768x512.jpg 768w, https:\/\/gardeon.pl\/wp-content\/uploads\/2020\/03\/light-trails-on-highway-at-night-315938.jpg 1280w\" sizes=\"auto, (max-width: 800px) 100vw, 800px\" \/><\/p>\n<p>Przez stacj\u0119 \u0142adowania rozumie si\u0119 urz\u0105dzenie technologiczne, kt\u00f3rego cz\u0119\u015bci\u0105 jest utwardzona powierzchnia postojowa, s\u0142u\u017c\u0105ca do tymczasowego parkowania samochodu elektrycznego podczas \u0142adowania. Warunkiem uzyskania pozwolenia na stacj\u0119 \u0142adowania jest utworzenie powierzchni postojowej dla 1 do 4 samochod\u00f3w elektrycznych, z bezpiecznym dojazdem i dost\u0119pem oraz pod\u0142\u0105czeniem do sieci elektrycznej. Wyznaczenie powierzchni postojowej do \u0142adowania samochod\u00f3w elektrycznych nie mo\u017ce ogranicza\u0107 og\u00f3lnodost\u0119pnych miejsc parkingowych ani gara\u017cowych, a tak\u017ce, oczywi\u015bcie, miejsc parkingowych dla os\u00f3b niepe\u0142nosprawnych lub os\u00f3b o ograniczonej zdolno\u015bci poruszania si\u0119 i orientacji.  <\/p>\n<p><img loading=\"lazy\" decoding=\"async\" class=\"aligncenter wp-image-24068\" src=\"http:\/\/gardeon.pl\/wp-content\/uploads\/2020\/03\/two-white-and-red-tesla-charging-station-2480315-1024x768.jpg\" alt=\"Stacja \u0142adowania Tesla\" width=\"800\" height=\"600\" srcset=\"https:\/\/gardeon.pl\/wp-content\/uploads\/2020\/03\/two-white-and-red-tesla-charging-station-2480315-1024x768.jpg 1024w, https:\/\/gardeon.pl\/wp-content\/uploads\/2020\/03\/two-white-and-red-tesla-charging-station-2480315-300x225.jpg 300w, https:\/\/gardeon.pl\/wp-content\/uploads\/2020\/03\/two-white-and-red-tesla-charging-station-2480315-768x576.jpg 768w, https:\/\/gardeon.pl\/wp-content\/uploads\/2020\/03\/two-white-and-red-tesla-charging-station-2480315-1200x900-cropped.jpg 1200w, https:\/\/gardeon.pl\/wp-content\/uploads\/2020\/03\/two-white-and-red-tesla-charging-station-2480315.jpg 1280w\" sizes=\"auto, (max-width: 800px) 100vw, 800px\" \/><\/p>\n<h2>Wiata jako bonus<\/h2>\n<p>Du\u017c\u0105 zalet\u0105 jest to, \u017ce stacja \u0142adowania mo\u017ce by\u0107 r\u00f3wnie\u017c wyposa\u017cona w wiat\u0119. Ma ona s\u0142u\u017cy\u0107 do ochrony urz\u0105dzenia technologicznego stacji \u0142adowania i jej obs\u0142ugi przed niekorzystnymi warunkami atmosferycznymi. Jest to logiczne. Poniewa\u017c, niezale\u017cnie od tego, jak inteligentna jest stacja \u0142adowania, sama nie ochroni nas przed silnym deszczem podczas \u0142adowania. Do tego potrzebuje wiaty.    <\/p>\n<p><img loading=\"lazy\" decoding=\"async\" class=\"aligncenter wp-image-21352\" src=\"http:\/\/gardeon.pl\/wp-content\/uploads\/2019\/10\/lo_MFN5990-1024x683.jpg\" alt=\"Tesla w wiacie SIEBAU w kolorze antracytowym\" width=\"800\" height=\"534\" srcset=\"https:\/\/gardeon.pl\/wp-content\/uploads\/2019\/10\/lo_MFN5990-1024x683.jpg 1024w, https:\/\/gardeon.pl\/wp-content\/uploads\/2019\/10\/lo_MFN5990-300x200.jpg 300w, https:\/\/gardeon.pl\/wp-content\/uploads\/2019\/10\/lo_MFN5990-768x512.jpg 768w, https:\/\/gardeon.pl\/wp-content\/uploads\/2019\/10\/lo_MFN5990.jpg 2048w\" sizes=\"auto, (max-width: 800px) 100vw, 800px\" \/><\/p>\n<p><a href=\"https:\/\/gardeon.pl\/pl\/wiaty\/\">Wiaty montowane<\/a> s\u0105 zatem jednoznacznym wyborem i idealnym rozwi\u0105zaniem do parkowania na du\u017cych, niezadaszonych parkingach, ale tak\u017ce na w\u0119\u017cszej ulicy przed domem. Dzi\u0119ki szybkiemu i prostemu monta\u017cowi wiaty montowane nie ograniczaj\u0105 przestrzeni dla innych samochod\u00f3w zaparkowanych w s\u0105siedztwie, jednocze\u015bnie przed\u0142u\u017caj\u0105 \u017cywotno\u015b\u0107 samochod\u00f3w zaparkowanych pod nimi i ich w\u0142a\u015bcicieli <span class=\"Apple-converted-space\"> <\/span>nie obci\u0105\u017caj\u0105 \u017cadn\u0105 konserwacj\u0105. A tak\u017ce potrafi\u0105 nam zaoszcz\u0119dzi\u0107 \u015brodki. Jak?  <\/p>\n<h2>Wiata jako \u017ar\u00f3d\u0142o Twojej energii<\/h2>\n<p>Wiata montowana mo\u017ce by\u0107 idealnym miejscem na umieszczenie paneli s\u0142onecznych. Dzi\u0119ki temu mogliby\u015bcie \u0142adowa\u0107 sw\u00f3j samoch\u00f3d energi\u0105 s\u0142oneczn\u0105, czyli ZA DARMO. Tylko sobie wyobra\u017acie, \u017ce je\u017adzicie za darmo. Wiata, opr\u00f3cz klasycznej ochrony samochodu przed warunkami atmosferycznymi, potrafi produkowa\u0107 energi\u0119 elektryczn\u0105, a jej w\u0142a\u015bciciel mo\u017ce by\u0107 realnie samowystarczalny. Do specjalnej wiaty montowanej z panelami s\u0142onecznymi mo\u017cna pod\u0142\u0105czy\u0107 r\u00f3wnie\u017c sie\u0107 domow\u0105 i zaoszcz\u0119dzi\u0107 jeszcze wi\u0119cej w gospodarstwie domowym.    <\/p>\n<p><img loading=\"lazy\" decoding=\"async\" class=\"aligncenter wp-image-24070\" src=\"http:\/\/gardeon.pl\/wp-content\/uploads\/2020\/03\/alternative-energy-building-clouds-energy-356036-1024x673.jpg\" alt=\"System solarny\" width=\"800\" height=\"526\" srcset=\"https:\/\/gardeon.pl\/wp-content\/uploads\/2020\/03\/alternative-energy-building-clouds-energy-356036-1024x673.jpg 1024w, https:\/\/gardeon.pl\/wp-content\/uploads\/2020\/03\/alternative-energy-building-clouds-energy-356036-300x197.jpg 300w, https:\/\/gardeon.pl\/wp-content\/uploads\/2020\/03\/alternative-energy-building-clouds-energy-356036-768x505.jpg 768w, https:\/\/gardeon.pl\/wp-content\/uploads\/2020\/03\/alternative-energy-building-clouds-energy-356036.jpg 1280w\" sizes=\"auto, (max-width: 800px) 100vw, 800px\" \/><\/p>\n<p>A to nie sen, to mo\u017cliwa rzeczywisto\u015b\u0107. Widzicie, warto nad\u0105\u017ca\u0107 za technologiami. Warto przed realizacj\u0105 <a href=\"https:\/\/gardeon.pl\/pl\/wiaty\/\">wiaty lub nawet podw\u00f3jnej wiaty<\/a> za\u0142o\u017cy\u0107, \u017ce je\u015bli kiedy\u015b zechcieliby\u015bcie przesi\u0105\u015b\u0107 si\u0119 z diesla na elektryka, profesjonali\u015bci domontowaliby Wam do niej tylko stacj\u0119 \u0142adowania. Pod warunkiem, \u017ce wybraliby\u015bcie odpowiedni\u0105 wiat\u0119 od odpowiedniej firmy, takiej jak my \u263a, kt\u00f3ra potrafi natychmiast uwzgl\u0119dni\u0107 potrzeby i mo\u017cliwo\u015bci elektromobilno\u015bci w swoich produktach. Zaoszcz\u0119dzicie w ten spos\u00f3b wiele \u015brodk\u00f3w, kt\u00f3re mo\u017cecie zainwestowa\u0107 gdzie indziej. W naszej ofercie mamy kilka typ\u00f3w wiat, z pewno\u015bci\u0105 znajdzie co\u015b dla siebie r\u00f3wnie\u017c mi\u0142o\u015bnik zielonej energii.     <\/p>\n<p><img loading=\"lazy\" decoding=\"async\" class=\"aligncenter wp-image-21358\" src=\"http:\/\/gardeon.pl\/wp-content\/uploads\/2019\/10\/lo_MFN6029-1024x683.jpg\" alt=\"Tesla zaparkowana w wiacie SIEBAU w kolorze antracytowym\" width=\"800\" height=\"533\" srcset=\"https:\/\/gardeon.pl\/wp-content\/uploads\/2019\/10\/lo_MFN6029-1024x683.jpg 1024w, https:\/\/gardeon.pl\/wp-content\/uploads\/2019\/10\/lo_MFN6029-300x200.jpg 300w, https:\/\/gardeon.pl\/wp-content\/uploads\/2019\/10\/lo_MFN6029-768x512.jpg 768w, https:\/\/gardeon.pl\/wp-content\/uploads\/2019\/10\/lo_MFN6029.jpg 2048w\" sizes=\"auto, (max-width: 800px) 100vw, 800px\" \/><\/p>\n<p>Dla zadowolenia naszych klient\u00f3w <a href=\"https:\/\/gardeon.pl\/pl\/wiaty\/\">nad\u0105\u017camy za nowoczesnymi technologiami.<\/a> Niezale\u017cnie od tego, czy pod naszymi wiatami b\u0119dziecie parkowa\u0107 samochody elektryczne, rowery elektryczne czy hulajnogi elektryczne, cieszy\u0107 nas b\u0119dzie komfort, kt\u00f3ry stworzyli\u015bmy dla Was i Waszych ulubie\u0144c\u00f3w.<\/p>\n<h5>\u0179r\u00f3d\u0142o:<\/h5>\n<h5>https:\/\/www.pexels.com\/<\/h5>\n<h5>https:\/\/siebau.com\/<\/h5>\n","protected":false},"excerpt":{"rendered":"<p>Zainteresowanie samochodami elektrycznymi ro\u015bnie. Wraz z nimi rozwija si\u0119 r\u00f3wnie\u017c technologia akumulator\u00f3w, stacji \u0142adowania i innych akcesori\u00f3w, kt\u00f3re poprawiaj\u0105 i u\u0142atwiaj\u0105 u\u017cytkowanie pojazd\u00f3w elektrycznych. Je\u015bli wczoraj zastanawiali\u015bcie si\u0119 nad wadami \u017cywotno\u015bci baterii lub innymi kwestiami wp\u0142ywaj\u0105cymi na Wasz\u0105 decyzj\u0119 o wyborze samochodu elektrycznego, dzi\u015b o nich zapomnijcie. \u015awiat elektromobilno\u015bci rozwija si\u0119 tak szybko, \u017ce zanim [&hellip;]<\/p>\n","protected":false},"author":2,"featured_media":46317,"comment_status":"open","ping_status":"open","sticky":false,"template":"","format":"standard","meta":{"_acf_changed":false,"inline_featured_image":false,"footnotes":""},"categories":[622],"tags":[],"class_list":["post-46316","post","type-post","status-publish","format-standard","has-post-thumbnail","hentry","category-wiaty-i-altany"],"acf":[],"yoast_head":"<!-- This site is optimized with the Yoast SEO plugin v27.4 - https:\/\/yoast.com\/product\/yoast-seo-wordpress\/ -->\n<title>Jak zaoszcz\u0119dzi\u0107 dzi\u0119ki wiacie dla samochodu elektrycznego - GARDEON<\/title>\n<meta name=\"robots\" content=\"index, follow, max-snippet:-1, max-image-preview:large, max-video-preview:-1\" \/>\n<link rel=\"canonical\" href=\"https:\/\/gardeon.pl\/pl\/blog\/jak-zaoszczedzic-dzieki-wiacie-dla-samochodu-elektrycznego\/\" \/>\n<meta property=\"og:locale\" content=\"pl_PL\" \/>\n<meta property=\"og:type\" content=\"article\" \/>\n<meta property=\"og:title\" content=\"Jak zaoszcz\u0119dzi\u0107 dzi\u0119ki wiacie dla samochodu elektrycznego - GARDEON\" \/>\n<meta property=\"og:description\" content=\"Zainteresowanie samochodami elektrycznymi ro\u015bnie. Wraz z nimi rozwija si\u0119 r\u00f3wnie\u017c technologia akumulator\u00f3w, stacji \u0142adowania i innych akcesori\u00f3w, kt\u00f3re poprawiaj\u0105 i u\u0142atwiaj\u0105 u\u017cytkowanie pojazd\u00f3w elektrycznych. Je\u015bli wczoraj zastanawiali\u015bcie si\u0119 nad wadami \u017cywotno\u015bci baterii lub innymi kwestiami wp\u0142ywaj\u0105cymi na Wasz\u0105 decyzj\u0119 o wyborze samochodu elektrycznego, dzi\u015b o nich zapomnijcie. \u015awiat elektromobilno\u015bci rozwija si\u0119 tak szybko, \u017ce zanim [&hellip;]\" \/>\n<meta property=\"og:url\" content=\"https:\/\/gardeon.pl\/pl\/blog\/jak-zaoszczedzic-dzieki-wiacie-dla-samochodu-elektrycznego\/\" \/>\n<meta property=\"og:site_name\" content=\"GARDEON\" \/>\n<meta property=\"article:published_time\" content=\"2026-04-23T17:03:25+00:00\" \/>\n<meta property=\"og:image\" content=\"http:\/\/gardeon.pl\/wp-content\/uploads\/2020\/03\/alternative-auto-automobile-battery-110844.jpg\" \/>\n\t<meta property=\"og:image:width\" content=\"1280\" \/>\n\t<meta property=\"og:image:height\" content=\"719\" \/>\n\t<meta property=\"og:image:type\" content=\"image\/jpeg\" \/>\n<meta name=\"author\" content=\"editor\" \/>\n<meta name=\"twitter:card\" content=\"summary_large_image\" \/>\n<meta name=\"twitter:label1\" content=\"Napisane przez\" \/>\n\t<meta name=\"twitter:data1\" content=\"editor\" \/>\n\t<meta name=\"twitter:label2\" content=\"Szacowany czas czytania\" \/>\n\t<meta name=\"twitter:data2\" content=\"3 minuty\" \/>\n<script type=\"application\/ld+json\" class=\"yoast-schema-graph\">{\"@context\":\"https:\\\/\\\/schema.org\",\"@graph\":[{\"@type\":\"Article\",\"@id\":\"https:\\\/\\\/gardeon.pl\\\/pl\\\/blog\\\/jak-zaoszczedzic-dzieki-wiacie-dla-samochodu-elektrycznego\\\/#article\",\"isPartOf\":{\"@id\":\"https:\\\/\\\/gardeon.pl\\\/pl\\\/blog\\\/jak-zaoszczedzic-dzieki-wiacie-dla-samochodu-elektrycznego\\\/\"},\"author\":{\"name\":\"editor\",\"@id\":\"https:\\\/\\\/gardeon.pl\\\/#\\\/schema\\\/person\\\/a5762ca5f0790bf92774af0899379463\"},\"headline\":\"Jak zaoszcz\u0119dzi\u0107 dzi\u0119ki wiacie dla samochodu elektrycznego\",\"datePublished\":\"2026-04-23T17:03:25+00:00\",\"mainEntityOfPage\":{\"@id\":\"https:\\\/\\\/gardeon.pl\\\/pl\\\/blog\\\/jak-zaoszczedzic-dzieki-wiacie-dla-samochodu-elektrycznego\\\/\"},\"wordCount\":696,\"commentCount\":0,\"image\":{\"@id\":\"https:\\\/\\\/gardeon.pl\\\/pl\\\/blog\\\/jak-zaoszczedzic-dzieki-wiacie-dla-samochodu-elektrycznego\\\/#primaryimage\"},\"thumbnailUrl\":\"https:\\\/\\\/gardeon.pl\\\/wp-content\\\/uploads\\\/2020\\\/03\\\/alternative-auto-automobile-battery-110844.jpg\",\"articleSection\":[\"Wiaty i altany\"],\"inLanguage\":\"pl-PL\",\"potentialAction\":[{\"@type\":\"CommentAction\",\"name\":\"Comment\",\"target\":[\"https:\\\/\\\/gardeon.pl\\\/pl\\\/blog\\\/jak-zaoszczedzic-dzieki-wiacie-dla-samochodu-elektrycznego\\\/#respond\"]}]},{\"@type\":\"WebPage\",\"@id\":\"https:\\\/\\\/gardeon.pl\\\/pl\\\/blog\\\/jak-zaoszczedzic-dzieki-wiacie-dla-samochodu-elektrycznego\\\/\",\"url\":\"https:\\\/\\\/gardeon.pl\\\/pl\\\/blog\\\/jak-zaoszczedzic-dzieki-wiacie-dla-samochodu-elektrycznego\\\/\",\"name\":\"Jak zaoszcz\u0119dzi\u0107 dzi\u0119ki wiacie dla samochodu elektrycznego - GARDEON\",\"isPartOf\":{\"@id\":\"https:\\\/\\\/gardeon.pl\\\/#website\"},\"primaryImageOfPage\":{\"@id\":\"https:\\\/\\\/gardeon.pl\\\/pl\\\/blog\\\/jak-zaoszczedzic-dzieki-wiacie-dla-samochodu-elektrycznego\\\/#primaryimage\"},\"image\":{\"@id\":\"https:\\\/\\\/gardeon.pl\\\/pl\\\/blog\\\/jak-zaoszczedzic-dzieki-wiacie-dla-samochodu-elektrycznego\\\/#primaryimage\"},\"thumbnailUrl\":\"https:\\\/\\\/gardeon.pl\\\/wp-content\\\/uploads\\\/2020\\\/03\\\/alternative-auto-automobile-battery-110844.jpg\",\"datePublished\":\"2026-04-23T17:03:25+00:00\",\"author\":{\"@id\":\"https:\\\/\\\/gardeon.pl\\\/#\\\/schema\\\/person\\\/a5762ca5f0790bf92774af0899379463\"},\"breadcrumb\":{\"@id\":\"https:\\\/\\\/gardeon.pl\\\/pl\\\/blog\\\/jak-zaoszczedzic-dzieki-wiacie-dla-samochodu-elektrycznego\\\/#breadcrumb\"},\"inLanguage\":\"pl-PL\",\"potentialAction\":[{\"@type\":\"ReadAction\",\"target\":[\"https:\\\/\\\/gardeon.pl\\\/pl\\\/blog\\\/jak-zaoszczedzic-dzieki-wiacie-dla-samochodu-elektrycznego\\\/\"]}]},{\"@type\":\"ImageObject\",\"inLanguage\":\"pl-PL\",\"@id\":\"https:\\\/\\\/gardeon.pl\\\/pl\\\/blog\\\/jak-zaoszczedzic-dzieki-wiacie-dla-samochodu-elektrycznego\\\/#primaryimage\",\"url\":\"https:\\\/\\\/gardeon.pl\\\/wp-content\\\/uploads\\\/2020\\\/03\\\/alternative-auto-automobile-battery-110844.jpg\",\"contentUrl\":\"https:\\\/\\\/gardeon.pl\\\/wp-content\\\/uploads\\\/2020\\\/03\\\/alternative-auto-automobile-battery-110844.jpg\",\"width\":1280,\"height\":719,\"caption\":\"\u0141adowanie pojazdu elektrycznego\"},{\"@type\":\"BreadcrumbList\",\"@id\":\"https:\\\/\\\/gardeon.pl\\\/pl\\\/blog\\\/jak-zaoszczedzic-dzieki-wiacie-dla-samochodu-elektrycznego\\\/#breadcrumb\",\"itemListElement\":[{\"@type\":\"ListItem\",\"position\":1,\"name\":\"Domov\",\"item\":\"https:\\\/\\\/gardeon.pl\\\/pl\\\/\"},{\"@type\":\"ListItem\",\"position\":2,\"name\":\"Jak zaoszcz\u0119dzi\u0107 dzi\u0119ki wiacie dla samochodu elektrycznego\"}]},{\"@type\":\"WebSite\",\"@id\":\"https:\\\/\\\/gardeon.pl\\\/#website\",\"url\":\"https:\\\/\\\/gardeon.pl\\\/\",\"name\":\"GARDEON\",\"description\":\"\",\"potentialAction\":[{\"@type\":\"SearchAction\",\"target\":{\"@type\":\"EntryPoint\",\"urlTemplate\":\"https:\\\/\\\/gardeon.pl\\\/?s={search_term_string}\"},\"query-input\":{\"@type\":\"PropertyValueSpecification\",\"valueRequired\":true,\"valueName\":\"search_term_string\"}}],\"inLanguage\":\"pl-PL\"},{\"@type\":\"Person\",\"@id\":\"https:\\\/\\\/gardeon.pl\\\/#\\\/schema\\\/person\\\/a5762ca5f0790bf92774af0899379463\",\"name\":\"editor\",\"image\":{\"@type\":\"ImageObject\",\"inLanguage\":\"pl-PL\",\"@id\":\"https:\\\/\\\/secure.gravatar.com\\\/avatar\\\/2b748151c2c748327307fd289a91b3bdafdd9e64e2d000e65e53d6dcf11c5830?s=96&d=mm&r=g\",\"url\":\"https:\\\/\\\/secure.gravatar.com\\\/avatar\\\/2b748151c2c748327307fd289a91b3bdafdd9e64e2d000e65e53d6dcf11c5830?s=96&d=mm&r=g\",\"contentUrl\":\"https:\\\/\\\/secure.gravatar.com\\\/avatar\\\/2b748151c2c748327307fd289a91b3bdafdd9e64e2d000e65e53d6dcf11c5830?s=96&d=mm&r=g\",\"caption\":\"editor\"}}]}<\/script>\n<!-- \/ Yoast SEO plugin. -->","yoast_head_json":{"title":"Jak zaoszcz\u0119dzi\u0107 dzi\u0119ki wiacie dla samochodu elektrycznego - GARDEON","robots":{"index":"index","follow":"follow","max-snippet":"max-snippet:-1","max-image-preview":"max-image-preview:large","max-video-preview":"max-video-preview:-1"},"canonical":"https:\/\/gardeon.pl\/pl\/blog\/jak-zaoszczedzic-dzieki-wiacie-dla-samochodu-elektrycznego\/","og_locale":"pl_PL","og_type":"article","og_title":"Jak zaoszcz\u0119dzi\u0107 dzi\u0119ki wiacie dla samochodu elektrycznego - GARDEON","og_description":"Zainteresowanie samochodami elektrycznymi ro\u015bnie. Wraz z nimi rozwija si\u0119 r\u00f3wnie\u017c technologia akumulator\u00f3w, stacji \u0142adowania i innych akcesori\u00f3w, kt\u00f3re poprawiaj\u0105 i u\u0142atwiaj\u0105 u\u017cytkowanie pojazd\u00f3w elektrycznych. Je\u015bli wczoraj zastanawiali\u015bcie si\u0119 nad wadami \u017cywotno\u015bci baterii lub innymi kwestiami wp\u0142ywaj\u0105cymi na Wasz\u0105 decyzj\u0119 o wyborze samochodu elektrycznego, dzi\u015b o nich zapomnijcie. \u015awiat elektromobilno\u015bci rozwija si\u0119 tak szybko, \u017ce zanim [&hellip;]","og_url":"https:\/\/gardeon.pl\/pl\/blog\/jak-zaoszczedzic-dzieki-wiacie-dla-samochodu-elektrycznego\/","og_site_name":"GARDEON","article_published_time":"2026-04-23T17:03:25+00:00","og_image":[{"width":1280,"height":719,"url":"http:\/\/gardeon.pl\/wp-content\/uploads\/2020\/03\/alternative-auto-automobile-battery-110844.jpg","type":"image\/jpeg"}],"author":"editor","twitter_card":"summary_large_image","twitter_misc":{"Napisane przez":"editor","Szacowany czas czytania":"3 minuty"},"schema":{"@context":"https:\/\/schema.org","@graph":[{"@type":"Article","@id":"https:\/\/gardeon.pl\/pl\/blog\/jak-zaoszczedzic-dzieki-wiacie-dla-samochodu-elektrycznego\/#article","isPartOf":{"@id":"https:\/\/gardeon.pl\/pl\/blog\/jak-zaoszczedzic-dzieki-wiacie-dla-samochodu-elektrycznego\/"},"author":{"name":"editor","@id":"https:\/\/gardeon.pl\/#\/schema\/person\/a5762ca5f0790bf92774af0899379463"},"headline":"Jak zaoszcz\u0119dzi\u0107 dzi\u0119ki wiacie dla samochodu elektrycznego","datePublished":"2026-04-23T17:03:25+00:00","mainEntityOfPage":{"@id":"https:\/\/gardeon.pl\/pl\/blog\/jak-zaoszczedzic-dzieki-wiacie-dla-samochodu-elektrycznego\/"},"wordCount":696,"commentCount":0,"image":{"@id":"https:\/\/gardeon.pl\/pl\/blog\/jak-zaoszczedzic-dzieki-wiacie-dla-samochodu-elektrycznego\/#primaryimage"},"thumbnailUrl":"https:\/\/gardeon.pl\/wp-content\/uploads\/2020\/03\/alternative-auto-automobile-battery-110844.jpg","articleSection":["Wiaty i altany"],"inLanguage":"pl-PL","potentialAction":[{"@type":"CommentAction","name":"Comment","target":["https:\/\/gardeon.pl\/pl\/blog\/jak-zaoszczedzic-dzieki-wiacie-dla-samochodu-elektrycznego\/#respond"]}]},{"@type":"WebPage","@id":"https:\/\/gardeon.pl\/pl\/blog\/jak-zaoszczedzic-dzieki-wiacie-dla-samochodu-elektrycznego\/","url":"https:\/\/gardeon.pl\/pl\/blog\/jak-zaoszczedzic-dzieki-wiacie-dla-samochodu-elektrycznego\/","name":"Jak zaoszcz\u0119dzi\u0107 dzi\u0119ki wiacie dla samochodu elektrycznego - GARDEON","isPartOf":{"@id":"https:\/\/gardeon.pl\/#website"},"primaryImageOfPage":{"@id":"https:\/\/gardeon.pl\/pl\/blog\/jak-zaoszczedzic-dzieki-wiacie-dla-samochodu-elektrycznego\/#primaryimage"},"image":{"@id":"https:\/\/gardeon.pl\/pl\/blog\/jak-zaoszczedzic-dzieki-wiacie-dla-samochodu-elektrycznego\/#primaryimage"},"thumbnailUrl":"https:\/\/gardeon.pl\/wp-content\/uploads\/2020\/03\/alternative-auto-automobile-battery-110844.jpg","datePublished":"2026-04-23T17:03:25+00:00","author":{"@id":"https:\/\/gardeon.pl\/#\/schema\/person\/a5762ca5f0790bf92774af0899379463"},"breadcrumb":{"@id":"https:\/\/gardeon.pl\/pl\/blog\/jak-zaoszczedzic-dzieki-wiacie-dla-samochodu-elektrycznego\/#breadcrumb"},"inLanguage":"pl-PL","potentialAction":[{"@type":"ReadAction","target":["https:\/\/gardeon.pl\/pl\/blog\/jak-zaoszczedzic-dzieki-wiacie-dla-samochodu-elektrycznego\/"]}]},{"@type":"ImageObject","inLanguage":"pl-PL","@id":"https:\/\/gardeon.pl\/pl\/blog\/jak-zaoszczedzic-dzieki-wiacie-dla-samochodu-elektrycznego\/#primaryimage","url":"https:\/\/gardeon.pl\/wp-content\/uploads\/2020\/03\/alternative-auto-automobile-battery-110844.jpg","contentUrl":"https:\/\/gardeon.pl\/wp-content\/uploads\/2020\/03\/alternative-auto-automobile-battery-110844.jpg","width":1280,"height":719,"caption":"\u0141adowanie pojazdu elektrycznego"},{"@type":"BreadcrumbList","@id":"https:\/\/gardeon.pl\/pl\/blog\/jak-zaoszczedzic-dzieki-wiacie-dla-samochodu-elektrycznego\/#breadcrumb","itemListElement":[{"@type":"ListItem","position":1,"name":"Domov","item":"https:\/\/gardeon.pl\/pl\/"},{"@type":"ListItem","position":2,"name":"Jak zaoszcz\u0119dzi\u0107 dzi\u0119ki wiacie dla samochodu elektrycznego"}]},{"@type":"WebSite","@id":"https:\/\/gardeon.pl\/#website","url":"https:\/\/gardeon.pl\/","name":"GARDEON","description":"","potentialAction":[{"@type":"SearchAction","target":{"@type":"EntryPoint","urlTemplate":"https:\/\/gardeon.pl\/?s={search_term_string}"},"query-input":{"@type":"PropertyValueSpecification","valueRequired":true,"valueName":"search_term_string"}}],"inLanguage":"pl-PL"},{"@type":"Person","@id":"https:\/\/gardeon.pl\/#\/schema\/person\/a5762ca5f0790bf92774af0899379463","name":"editor","image":{"@type":"ImageObject","inLanguage":"pl-PL","@id":"https:\/\/secure.gravatar.com\/avatar\/2b748151c2c748327307fd289a91b3bdafdd9e64e2d000e65e53d6dcf11c5830?s=96&d=mm&r=g","url":"https:\/\/secure.gravatar.com\/avatar\/2b748151c2c748327307fd289a91b3bdafdd9e64e2d000e65e53d6dcf11c5830?s=96&d=mm&r=g","contentUrl":"https:\/\/secure.gravatar.com\/avatar\/2b748151c2c748327307fd289a91b3bdafdd9e64e2d000e65e53d6dcf11c5830?s=96&d=mm&r=g","caption":"editor"}}]}},"_links":{"self":[{"href":"https:\/\/gardeon.pl\/pl\/wp-json\/wp\/v2\/posts\/46316","targetHints":{"allow":["GET"]}}],"collection":[{"href":"https:\/\/gardeon.pl\/pl\/wp-json\/wp\/v2\/posts"}],"about":[{"href":"https:\/\/gardeon.pl\/pl\/wp-json\/wp\/v2\/types\/post"}],"author":[{"embeddable":true,"href":"https:\/\/gardeon.pl\/pl\/wp-json\/wp\/v2\/users\/2"}],"replies":[{"embeddable":true,"href":"https:\/\/gardeon.pl\/pl\/wp-json\/wp\/v2\/comments?post=46316"}],"version-history":[{"count":0,"href":"https:\/\/gardeon.pl\/pl\/wp-json\/wp\/v2\/posts\/46316\/revisions"}],"wp:featuredmedia":[{"embeddable":true,"href":"https:\/\/gardeon.pl\/pl\/wp-json\/wp\/v2\/media\/46317"}],"wp:attachment":[{"href":"https:\/\/gardeon.pl\/pl\/wp-json\/wp\/v2\/media?parent=46316"}],"wp:term":[{"taxonomy":"category","embeddable":true,"href":"https:\/\/gardeon.pl\/pl\/wp-json\/wp\/v2\/categories?post=46316"},{"taxonomy":"post_tag","embeddable":true,"href":"https:\/\/gardeon.pl\/pl\/wp-json\/wp\/v2\/tags?post=46316"}],"curies":[{"name":"wp","href":"https:\/\/api.w.org\/{rel}","templated":true}]}}