{"id":46328,"date":"2026-04-23T19:03:25","date_gmt":"2026-04-23T17:03:25","guid":{"rendered":"https:\/\/gardeon.pl\/?p=46328"},"modified":"2026-04-23T19:03:25","modified_gmt":"2026-04-23T17:03:25","slug":"jak-przetrwac-wielkanoc-oto-jak","status":"publish","type":"post","link":"https:\/\/gardeon.pl\/pl\/blog\/jak-przetrwac-wielkanoc-oto-jak\/","title":{"rendered":"Jak przetrwa\u0107 Wielkanoc? Oto jak."},"content":{"rendered":"<p>Decyzja pani Ewy z Martina o do\u017cywotnim ignorowaniu Wielkanocy zapad\u0142a mniej wi\u0119cej dziesi\u0119\u0107 lat temu. <i>\u201eKto\u015b zapuka\u0142. Posz\u0142am otworzy\u0107. Nie mia\u0142am poj\u0119cia, \u017ce zanim zd\u0105\u017c\u0119 si\u0119 otrz\u0105sn\u0105\u0107, na twarz \u2013 na tle zupe\u0142nie nowej zabudowy kuchennej za mn\u0105 \u2013 spadnie mi jakie\u015b 5 wiader wody. Wylali j\u0105 na mnie szwagier i nasi s\u0105siedzi, kt\u00f3rych spotka\u0142 po drodze do nas. Oczywi\u015bcie wszyscy byli du\u017co weselsi ode mnie. Ale tylko do chwili, gdy dotar\u0142o do mnie, \u017ce w\u0142a\u015bnie prawie zmy\u0142o nam kuchni\u0119.\u201d Podobno, wed\u0142ug pani Ewy, zabudowa to wytrzyma\u0142a. Szkoda tylko, \u017ce pod naporem wody z p\u00f3\u0142ek wylecia\u0142y szklanki, a ze \u015bcian pospada\u0142y mokre obrazy.<\/i><\/p>\n<p><!--more--><\/p>\n<p><i>\u201eSta\u0142am tam po\u015brodku, \u0142apa\u0142am oddech, przyduszona litrami wody, p\u0142aka\u0142am i patrzy\u0142am, jak z nowych p\u00f3\u0142ek leje si\u0119 woda. By\u0142o jej tyle, \u017ce zakrywa\u0142a mi kapcie. Kiedy  <span class=\"Apple-converted-space\"> <\/span>wszyscy zrozumieli sytuacj\u0119, ukl\u0119kli i zacz\u0119li szybko wyciera\u0107 ba\u0142agan, kt\u00f3ry zrobili. Prosz\u0119 mi wybaczy\u0107 to okre\u015blenie, ale w tamtej chwili ich nie znosi\u0142am.\u201d <\/i><\/p>\n<p><img loading=\"lazy\" decoding=\"async\" class=\"aligncenter wp-image-23962\" src=\"http:\/\/gardeon.pl\/wp-content\/uploads\/2020\/03\/splash-of-water-906023-1024x655.jpg\" alt=\"Dziecko boso pluska si\u0119 w ka\u0142u\u017cy\" width=\"800\" height=\"512\" srcset=\"https:\/\/gardeon.pl\/wp-content\/uploads\/2020\/03\/splash-of-water-906023-1024x655.jpg 1024w, https:\/\/gardeon.pl\/wp-content\/uploads\/2020\/03\/splash-of-water-906023-300x192.jpg 300w, https:\/\/gardeon.pl\/wp-content\/uploads\/2020\/03\/splash-of-water-906023-768x491.jpg 768w, https:\/\/gardeon.pl\/wp-content\/uploads\/2020\/03\/splash-of-water-906023.jpg 1280w\" sizes=\"auto, (max-width: 800px) 100vw, 800px\" \/><\/p>\n<p>Inne wspomnienia maj\u0105 z kolei bracia Robo i Roman z Prievidzy. <i>\u201eOd dziecka jeste\u015bmy wielkimi zwolennikami <a href=\"https:\/\/www.rodinka.sk\/ked-je-volno\/velka-noc\/velka-noc\/\">Wielkanocy<\/a>. Zawsze staramy si\u0119 odwiedzi\u0107 wszystkie kobiety w naszej rodzinie. Chodzimy do nich tylko z korbaczem i perfumami. W ten spos\u00f3b wzbudzamy zaufanie i nie boj\u0105 si\u0119 otworzy\u0107. Wiele z nich negocjuje i krzyczy przez wizjer, \u017ceby\u015bmy pokazali, czy mamy te\u017c wiadra z wod\u0105. Gdy nie mamy, otwieraj\u0105. Raz tak przechytrzyli\u015bmy kuzynk\u0119 Jank\u0119&#8230;       <\/i><\/p>\n<p><i>Wody nie mieli\u015bmy, ale zaraz za drzwiami z\u0142apali\u015bmy j\u0105 na r\u0119ce i hop z ni\u0105 do wanny. Krzycza\u0142a przez ca\u0142\u0105 drog\u0119, gdy j\u0105 nie\u015bli\u015bmy, i nie przesta\u0142a nawet wtedy, gdy zacz\u0119li\u015bmy j\u0105 polewa\u0107 prysznicem. Tylko \u017ce nie wiedzieli\u015bmy, i\u017c nie z zaskoczenia, lecz od zbyt gor\u0105cej wody. Jako\u015b \u017ale j\u0105 ustawili\u015bmy. Biedactwo. Z \u0142azienki pobiegli\u015bmy wi\u0119c z ni\u0105 prosto na pogotowie, gdzie nakrzycza\u0142a na nas jeszcze pani doktor. To dopiero by\u0142a Wielkanoc. Od tamtej pory Janka m\u00f3wi o nas, \u017ce nie chodzimy polewa\u0107, tylko parzy\u0107.\u201d       <\/i><\/p>\n<p><img loading=\"lazy\" decoding=\"async\" class=\"aligncenter wp-image-23965\" src=\"http:\/\/gardeon.pl\/wp-content\/uploads\/2020\/03\/bathroom-bathtub-ceramic-chrome-534116-1024x799.jpg\" alt=\"Wanna z r\u0119cznikiem\" width=\"800\" height=\"624\" srcset=\"https:\/\/gardeon.pl\/wp-content\/uploads\/2020\/03\/bathroom-bathtub-ceramic-chrome-534116-1024x799.jpg 1024w, https:\/\/gardeon.pl\/wp-content\/uploads\/2020\/03\/bathroom-bathtub-ceramic-chrome-534116-300x234.jpg 300w, https:\/\/gardeon.pl\/wp-content\/uploads\/2020\/03\/bathroom-bathtub-ceramic-chrome-534116-768x599.jpg 768w, https:\/\/gardeon.pl\/wp-content\/uploads\/2020\/03\/bathroom-bathtub-ceramic-chrome-534116.jpg 1280w\" sizes=\"auto, (max-width: 800px) 100vw, 800px\" \/><\/p>\n<p>Na pewno przynajmniej raz w \u017cyciu i Pa\u0144stwo do\u015bwiadczyli sytuacji, gdy wielkanocne polewanie nie by\u0142o zbyt przyjemne dla Pa\u0144stwa lub bliskiej Pa\u0144stwu kobiety. Wygran\u0105 nie jest te\u017c oblewanie na podw\u00f3rku. Na zewn\u0105trz co prawda nie zniszcz\u0105 Pa\u0144stwo zabudowy kuchennej ani innych mebli, ale mog\u0105 si\u0119 Pa\u0144stwo po\u015blizgn\u0105\u0107 na ka\u0142u\u017cy, kt\u00f3ra powsta\u0142a pod nogami, i zrobi\u0107 sobie krzywd\u0119. Wiele pa\u0144, maj\u0105cych delikatny wp\u0142yw na swoich m\u0119\u017c\u00f3w, z rado\u015bci\u0105 ignoruje wi\u0119c wielkanocne polewanie. Traktuj\u0105 je jako pi\u0119kny dzie\u0144 wolny. Jeden z tych pierwszych wiosennych, kt\u00f3ry rodzina mo\u017ce w przyjemnej zgodzie sp\u0119dzi\u0107 w ogrodzie, na dzia\u0142ce lub w domku letniskowym.     <span class=\"Apple-converted-space\"> <\/span><\/p>\n<p><img loading=\"lazy\" decoding=\"async\" class=\"aligncenter wp-image-23967\" src=\"http:\/\/gardeon.pl\/wp-content\/uploads\/2020\/03\/architecture-barn-bungalow-cabin-277672-1024x683.jpg\" alt=\"Drewniany domek\" width=\"800\" height=\"534\" srcset=\"https:\/\/gardeon.pl\/wp-content\/uploads\/2020\/03\/architecture-barn-bungalow-cabin-277672-1024x683.jpg 1024w, https:\/\/gardeon.pl\/wp-content\/uploads\/2020\/03\/architecture-barn-bungalow-cabin-277672-300x200.jpg 300w, https:\/\/gardeon.pl\/wp-content\/uploads\/2020\/03\/architecture-barn-bungalow-cabin-277672-768x512.jpg 768w, https:\/\/gardeon.pl\/wp-content\/uploads\/2020\/03\/architecture-barn-bungalow-cabin-277672.jpg 1280w\" sizes=\"auto, (max-width: 800px) 100vw, 800px\" \/><\/p>\n<h3>Wszyscy jeste\u015bmy w tym razem<\/h3>\n<p>Najstarsze wielkanocne pisanki znaleziono w grobach sprzed nawet 3500 lat p.n.e. Ta tradycja pochodzi wi\u0119c z czas\u00f3w przedchrze\u015bcija\u0144skich i ma ju\u017c ponad pi\u0119\u0107 tysi\u0119cy lat. \u00d3wczesne <a href=\"https:\/\/www.sdetmi.com\/podujatia\/detail\/18230\/vyzdobte-si-s-detmi-velkonocne-vajicka\/\">jajka<\/a> by\u0142y symbolem p\u0142odno\u015bci, dlatego dawano je pe\u0142ne. Trzeba przyzna\u0107, \u017ce ma to swoj\u0105 logik\u0119. Dzi\u015b zamiast pe\u0142nych jajek wolimy ich praktyczne wykorzystanie. I tak, zanim damy je komu\u015b puste i tylko na pokaz, ich zawarto\u015b\u0107 wykorzystujemy do wy\u017cywienia najbli\u017cszych. Tak, to te\u017c ma swoj\u0105 logik\u0119&#8230;       <span class=\"Apple-converted-space\">   <\/span><\/p>\n<p><img loading=\"lazy\" decoding=\"async\" class=\"aligncenter wp-image-23972\" src=\"http:\/\/gardeon.pl\/wp-content\/uploads\/2020\/03\/eight-quail-eggs-and-black-twigs-941566-1024x784.jpg\" alt=\"Zielone jajka\" width=\"800\" height=\"613\" srcset=\"https:\/\/gardeon.pl\/wp-content\/uploads\/2020\/03\/eight-quail-eggs-and-black-twigs-941566-1024x784.jpg 1024w, https:\/\/gardeon.pl\/wp-content\/uploads\/2020\/03\/eight-quail-eggs-and-black-twigs-941566-300x230.jpg 300w, https:\/\/gardeon.pl\/wp-content\/uploads\/2020\/03\/eight-quail-eggs-and-black-twigs-941566-768x588.jpg 768w, https:\/\/gardeon.pl\/wp-content\/uploads\/2020\/03\/eight-quail-eggs-and-black-twigs-941566.jpg 1280w\" sizes=\"auto, (max-width: 800px) 100vw, 800px\" \/><\/p>\n<p>W przesz\u0142o\u015bci w oblewaniu i smaganiu uczestniczyli tylko m\u0142odzi ch\u0142opcy i dziewcz\u0119ta. Aby byli rze\u015bcy, zdrowi i p\u0142odni. W\u0142a\u015bnie tego oczekiwano najbardziej od m\u0142odych kobiet. Dzi\u015b jednak do\u017cywamy wy\u017cszego wieku ni\u017c kobiety sprzed 5000 lat, dlatego Wielkanoc \u2013 cz\u0119sto niechc\u0105cy \u2013 jest cz\u0119\u015bci\u0105 \u017cycia wszystkich pokole\u0144.    <span class=\"Apple-converted-space\"> <\/span><\/p>\n<h3>Manewry os\u0142onowe \u00e0 la \u201er\u00f3bmy to po cichu\u201d<\/h3>\n<p>Niezale\u017cnie od tego, czy sprawia nam to rado\u015b\u0107, czy nie, dzi\u015b Wielkanoc jest dla nas wielkim \u015bwi\u0119tem chrze\u015bcija\u0144skim, kt\u00f3re staramy si\u0119 szanowa\u0107. Je\u015bli nie udaje si\u0119 nam przez ca\u0142y dzie\u0144, staramy si\u0119 przynajmniej przed po\u0142udniem. A je\u015bli sp\u0119dzamy go w strefie mieszkalnej, nie kosimy, nie pi\u0142ujemy, nie odkurzamy i nie robimy innego ha\u0142asu ni\u017c \u015bpiew i \u015bmiech. S\u0105 jednak tak\u017ce czynno\u015bci cichsze i mniej rzucaj\u0105ce si\u0119 w oczy, dzi\u0119ki kt\u00f3rym mo\u017cna sp\u0119dzi\u0107 pi\u0119kny wiosenny dzie\u0144. Chc\u0105 Pa\u0144stwo wiedzie\u0107 jakie?     <span class=\"Apple-converted-space\"> <\/span><\/p>\n<h3>Posad\u017acie w ogrodzie magnolie<\/h3>\n<p>W kwietniu mog\u0105 Pa\u0144stwo jeszcze na ostatni\u0105 chwil\u0119 dosadzi\u0107 do ogrodu magnolie. Te pi\u0119kne, egzotycznie wygl\u0105daj\u0105ce drzewa i krzewy w czasie kwitnienia s\u0105 prawdziw\u0105 uczt\u0105 dla oczu. Potrzebuj\u0105 przepuszczalnej, \u017cyznej i lekko kwa\u015bnej gleby oraz odpowiedniej ilo\u015bci miejsca wok\u00f3\u0142. Je\u015bli mog\u0105 im Pa\u0144stwo to zapewni\u0107, warto nimi upi\u0119kszy\u0107 otoczenie. Magnolia ma przepi\u0119kne kwiaty. Na przyk\u0142ad Magnolia liliiflora wyr\u00f3\u017cnia si\u0119 kwiatami podobnymi do lilii. Poniewa\u017c jest bardziej kompaktowa, nadaje si\u0119 tak\u017ce do mniejszych ogrod\u00f3w.      <\/p>\n<p><img loading=\"lazy\" decoding=\"async\" class=\"aligncenter wp-image-23976\" src=\"http:\/\/gardeon.pl\/wp-content\/uploads\/2020\/03\/selective-focus-photo-of-white-and-pink-petaled-flowers-1107305-1024x682.jpg\" alt=\"Magnolie\" width=\"800\" height=\"533\" srcset=\"https:\/\/gardeon.pl\/wp-content\/uploads\/2020\/03\/selective-focus-photo-of-white-and-pink-petaled-flowers-1107305-1024x682.jpg 1024w, https:\/\/gardeon.pl\/wp-content\/uploads\/2020\/03\/selective-focus-photo-of-white-and-pink-petaled-flowers-1107305-300x200.jpg 300w, https:\/\/gardeon.pl\/wp-content\/uploads\/2020\/03\/selective-focus-photo-of-white-and-pink-petaled-flowers-1107305-768x512.jpg 768w, https:\/\/gardeon.pl\/wp-content\/uploads\/2020\/03\/selective-focus-photo-of-white-and-pink-petaled-flowers-1107305.jpg 1280w\" sizes=\"auto, (max-width: 800px) 100vw, 800px\" \/><\/p>\n<h3>Zorganizujcie zbieranie deszcz\u00f3wki<\/h3>\n<p>Prosz\u0119 przej\u015b\u0107 si\u0119 z fili\u017cank\u0105 kawy lub herbaty w r\u0119ku wok\u00f3\u0142 domu i wybra\u0107 odpowiednie miejsce na <a href=\"https:\/\/www.shop.elkoplast.sk\/nadrze-na-vodu\">zbiornik do gromadzenia deszcz\u00f3wki<\/a>. Odpowiednich zbiornik\u00f3w lub pojemnik\u00f3w jest kilka, a ogr\u00f3d odwdzi\u0119czy si\u0119 Pa\u0144stwu za deszcz\u00f3wk\u0119. To woda najwy\u017cszej jako\u015bci do podlewania ro\u015blin. Nie zawiera chloru, jest uboga w sole i minera\u0142y, dlatego przy jej stosowaniu nie dochodzi do zasolenia gleby.   <\/p>\n<p><img loading=\"lazy\" decoding=\"async\" class=\"aligncenter wp-image-23979\" src=\"http:\/\/gardeon.pl\/wp-content\/uploads\/2020\/03\/shallow-focus-photo-of-flowers-2292080-1024x682.jpg\" alt=\"Kwiaty w konewce\" width=\"800\" height=\"533\" srcset=\"https:\/\/gardeon.pl\/wp-content\/uploads\/2020\/03\/shallow-focus-photo-of-flowers-2292080-1024x682.jpg 1024w, https:\/\/gardeon.pl\/wp-content\/uploads\/2020\/03\/shallow-focus-photo-of-flowers-2292080-300x200.jpg 300w, https:\/\/gardeon.pl\/wp-content\/uploads\/2020\/03\/shallow-focus-photo-of-flowers-2292080-768x512.jpg 768w, https:\/\/gardeon.pl\/wp-content\/uploads\/2020\/03\/shallow-focus-photo-of-flowers-2292080.jpg 1280w\" sizes=\"auto, (max-width: 800px) 100vw, 800px\" \/><\/p>\n<p>Odpowiednie miejsce to na przyk\u0142ad przestrze\u0144 za domkiem ogrodowym lub pod wiat\u0105 ogrodow\u0105, na r\u00f3wnej, zwartej powierzchni, kt\u00f3ra nie jest wystawiona na bezpo\u015brednie s\u0142o\u0144ce. Nie zalecamy zbierania wody z dach\u00f3w pokrytych asfaltem lub eternitem, poniewa\u017c mog\u0105 z nich uwalnia\u0107 si\u0119 toksyczne substancje. Zbiorniki naziemne cz\u0119sto maj\u0105 kraniki spustowe, do kt\u00f3rych mo\u017cna od razu pod\u0142\u0105czy\u0107 w\u0105\u017c do nawadniania albo prysznic ogrodowy. Idealna wiosenna rob\u00f3tka.   <\/p>\n<h3>Przyci\u0105gnijcie do siebie ptaki \u015bpiewaj\u0105ce<\/h3>\n<p>Rozmie\u015b\u0107cie po ogrodzie budki l\u0119gowe, kt\u00f3re mog\u0105 Pa\u0144stwo wcze\u015bniej przygotowa\u0107 samodzielnie. Je\u015bli maj\u0105 Pa\u0144stwo dzieci lub wnuki, b\u0119dzie to dla nich wielkie prze\u017cycie. To s\u0105 te rzeczy, kt\u00f3re si\u0119 pami\u0119ta. Jak wsp\u00f3lnie robili\u015bmy budk\u0119 i czekali\u015bmy na jej go\u015bci. Budka mo\u017ce by\u0107 z r\u00f3\u017cnych materia\u0142\u00f3w: z desek, z k\u0142ody, ale te\u017c z plastiku.     <span class=\"Apple-converted-space\">  <\/span>Aby ptaki mog\u0142y znale\u017a\u0107 w niej dom, prosz\u0119 zrobi\u0107 otwierany daszek; aby wiatr j\u0105 przewiewa\u0142, prosz\u0119 wykona\u0107 po bokach co najmniej dwa otwory, a nast\u0119pnie wype\u0142ni\u0107 je woskiem pszczelim lub uszczelniaczem.<\/p>\n<p><img loading=\"lazy\" decoding=\"async\" class=\"aligncenter wp-image-23982\" src=\"http:\/\/gardeon.pl\/wp-content\/uploads\/2020\/03\/flight-bird-flying-bird-house-854-1024x680.jpg\" alt=\"Ptak w budce\" width=\"800\" height=\"531\" srcset=\"https:\/\/gardeon.pl\/wp-content\/uploads\/2020\/03\/flight-bird-flying-bird-house-854-1024x680.jpg 1024w, https:\/\/gardeon.pl\/wp-content\/uploads\/2020\/03\/flight-bird-flying-bird-house-854-300x199.jpg 300w, https:\/\/gardeon.pl\/wp-content\/uploads\/2020\/03\/flight-bird-flying-bird-house-854-768x510.jpg 768w, https:\/\/gardeon.pl\/wp-content\/uploads\/2020\/03\/flight-bird-flying-bird-house-854.jpg 1280w\" sizes=\"auto, (max-width: 800px) 100vw, 800px\" \/><\/p>\n<p>Ptaki nie znosz\u0105 przeci\u0105g\u00f3w. Gdy b\u0119d\u0105 Pa\u0144stwo wiesza\u0107 gotow\u0105 budk\u0119, prosz\u0119 pami\u0119ta\u0107, aby g\u0142\u00f3wny otw\u00f3r wlotowy obr\u00f3ci\u0107 w stron\u0119 wschodu, ewentualnie po\u0142udniowego wschodu. Je\u015bli podczas tej czynno\u015bci trzeba troch\u0119 postuka\u0107 lub popuka\u0107, lepiej zamkn\u0105\u0107 si\u0119 w gara\u017cu albo w domku ogrodowym. To tylko kilka gwo\u017adzik\u00f3w, co raczej nikomu nie b\u0119dzie przeszkadza\u0107.   <span class=\"Apple-converted-space\"> <\/span><\/p>\n<h3>Napowietrzcie trawnik<\/h3>\n<p>To ca\u0142kiem cicha, p\u00f3\u0142intymna rob\u00f3tka z u\u017cyciem <a href=\"https:\/\/www.mountfield.sk\/vertikutatory\">grabi wertykulacyjnych<\/a>. Je\u015bli ich Pa\u0144stwo nie maj\u0105, prosz\u0119 po prostu, id\u0105c po trawniku, wbija\u0107 wid\u0142y w ziemi\u0119 i delikatnie nimi porusza\u0107. Je\u015bli nie maj\u0105 Pa\u0144stwo trawnika, to najwy\u017cszy  <span class=\"Apple-converted-space\"> <\/span>czas zacz\u0105\u0107 jego wysiew.<\/p>\n<p><img loading=\"lazy\" decoding=\"async\" class=\"aligncenter wp-image-23984\" src=\"http:\/\/gardeon.pl\/wp-content\/uploads\/2020\/03\/selective-focus-photography-of-grass-1251801-1024x576.jpg\" alt=\"Po\u017c\u00f3\u0142k\u0142a trawa\" width=\"800\" height=\"450\" srcset=\"https:\/\/gardeon.pl\/wp-content\/uploads\/2020\/03\/selective-focus-photography-of-grass-1251801-1024x576.jpg 1024w, https:\/\/gardeon.pl\/wp-content\/uploads\/2020\/03\/selective-focus-photography-of-grass-1251801-300x169.jpg 300w, https:\/\/gardeon.pl\/wp-content\/uploads\/2020\/03\/selective-focus-photography-of-grass-1251801-768x432.jpg 768w, https:\/\/gardeon.pl\/wp-content\/uploads\/2020\/03\/selective-focus-photography-of-grass-1251801.jpg 1280w\" sizes=\"auto, (max-width: 800px) 100vw, 800px\" \/><\/p>\n<h3>Wykonajcie drobne prace estetyczne<\/h3>\n<p>Wiosna to idealny czas na upi\u0119kszanie swojego otoczenia \u2014 zar\u00f3wno wewn\u0105trz, jak i na zewn\u0105trz. Je\u015bli maj\u0105 Pa\u0144stwo o\u015bwietlon\u0105 altan\u0119 ogrodow\u0105 i lubi\u0105 malowa\u0107 lub impregnowa\u0107, mog\u0105 si\u0119 w niej roz\u0142o\u017cy\u0107 do p\u00f3\u017anych godzin i robi\u0107 to, co warto robi\u0107 na \u015bwie\u017cym powietrzu. A przy prostej, relaksuj\u0105cej pracy mo\u017cna na zmian\u0119 posiedzie\u0107 z s\u0105siadami, wypi\u0107 kawk\u0119 albo co\u015b ja\u015bniejszego i bardziej p\u0142ynnego (bardziej odpowiedniego na Wielkanoc), albo zje\u015b\u0107 dobre ciasto czy sa\u0142atk\u0119 z w\u0119dzonk\u0105.   <\/p>\n<p><img loading=\"lazy\" decoding=\"async\" class=\"aligncenter wp-image-23988\" src=\"http:\/\/gardeon.pl\/wp-content\/uploads\/2020\/03\/slice-of-eggs-on-cakes-793785-1024x602.jpg\" alt=\"Kanapki dekoracyjne\" width=\"800\" height=\"470\" srcset=\"https:\/\/gardeon.pl\/wp-content\/uploads\/2020\/03\/slice-of-eggs-on-cakes-793785-1024x602.jpg 1024w, https:\/\/gardeon.pl\/wp-content\/uploads\/2020\/03\/slice-of-eggs-on-cakes-793785-300x176.jpg 300w, https:\/\/gardeon.pl\/wp-content\/uploads\/2020\/03\/slice-of-eggs-on-cakes-793785-768x451.jpg 768w, https:\/\/gardeon.pl\/wp-content\/uploads\/2020\/03\/slice-of-eggs-on-cakes-793785.jpg 1280w\" sizes=\"auto, (max-width: 800px) 100vw, 800px\" \/><\/p>\n<p>Stamt\u0105d, z <a href=\"https:\/\/zahradnealtanky.sk\">altany<\/a>, na pewno wpadn\u0105 Pa\u0144stwu w oko \u015bcie\u017cki czy murki, kt\u00f3re warto by kolorystycznie o\u017cywi\u0107, aby latem cieszy\u0142y oko. Je\u015bli chc\u0105 si\u0119 Pa\u0144stwo ca\u0142kiem schowa\u0107 i udawa\u0107, \u017ce w og\u00f3le nie ma Pa\u0144stwa w domu, idealny b\u0119dzie domek ogrodowy. Go\u015bcie mog\u0105 dzwoni\u0107, ile chc\u0105, i obserwowa\u0107 zas\u0142ony, czy kto\u015b za nimi nie mign\u0105\u0142. <a href=\"https:\/\/gardeon.pl\/pl\/blog\/6-kreatywnych-pomyslow-na-wielkanocna-dekoracje-ogrodu-dodatkowe-kryjowki-przed-polewaczami\/\">W domku ogrodowym mog\u0105 Pa\u0144stwo mie\u0107 pe\u0142n\u0105 prywatno\u015b\u0107<\/a> i sp\u0119dzi\u0107 w nim bez przeszk\u00f3d tyle czasu, ile tylko zechc\u0105. Je\u015bli maj\u0105 Pa\u0144stwo w nim cho\u0107by ma\u0142\u0105 lod\u00f3wk\u0119, do wieczora wcale nie musz\u0105 Pa\u0144stwo z niego wychodzi\u0107.   <span class=\"Apple-converted-space\"> <\/span><\/p>\n<p><img loading=\"lazy\" decoding=\"async\" class=\"aligncenter wp-image-22338\" src=\"http:\/\/gardeon.pl\/wp-content\/uploads\/2015\/06\/gardeon-zahradny-domcek-94-1024x682.jpg\" alt=\"Domek ogrodowy na narz\u0119dzia w ogrodzie\" width=\"800\" height=\"533\"><\/p>\n<p>Wszyscy, kt\u00f3rzy \u017cyjemy upi\u0119kszaniem przestrzeni wok\u00f3\u0142 siebie, czekamy na ka\u017cdy dzie\u0144 wolny, kiedy zn\u00f3w mo\u017cemy pogrzeba\u0107 w czym\u015b, co sprawi nam rado\u015b\u0107. Wielkanoc jest do tego idealna. Unikniemy wielokrotnego przebierania si\u0119, kilkudniowego zapachu tanich perfum, a do tego zrobimy co\u015b \u0142adnego. Taka ma\u0142a zabawa w chowanego \u2014 i prosz\u0119, ile rado\u015bci mo\u017ce sprawi\u0107 tak\u017ce doros\u0142ym.   <\/p>\n<h5>\u0179r\u00f3d\u0142o (Source):<\/h5>\n<h5>https:\/\/www.pexels.com\/<\/h5>\n","protected":false},"excerpt":{"rendered":"<p>Decyzja pani Ewy z Martina o do\u017cywotnim ignorowaniu Wielkanocy zapad\u0142a mniej wi\u0119cej dziesi\u0119\u0107 lat temu. \u201eKto\u015b zapuka\u0142. Posz\u0142am otworzy\u0107. Nie mia\u0142am poj\u0119cia, \u017ce zanim zd\u0105\u017c\u0119 si\u0119 otrz\u0105sn\u0105\u0107, na twarz \u2013 na tle zupe\u0142nie nowej zabudowy kuchennej za mn\u0105 \u2013 spadnie mi jakie\u015b 5 wiader wody. Wylali j\u0105 na mnie szwagier i nasi s\u0105siedzi, kt\u00f3rych spotka\u0142 [&hellip;]<\/p>\n","protected":false},"author":2,"featured_media":46329,"comment_status":"open","ping_status":"open","sticky":false,"template":"","format":"standard","meta":{"_acf_changed":false,"inline_featured_image":false,"footnotes":""},"categories":[631,594],"tags":[],"class_list":["post-46328","post","type-post","status-publish","format-standard","has-post-thumbnail","hentry","category-inne","category-ogrod"],"acf":[],"yoast_head":"<!-- This site is optimized with the Yoast SEO plugin v27.4 - https:\/\/yoast.com\/product\/yoast-seo-wordpress\/ -->\n<title>Jak przetrwa\u0107 Wielkanoc? Oto jak. | GARDEON<\/title>\n<meta name=\"robots\" content=\"index, follow, max-snippet:-1, max-image-preview:large, max-video-preview:-1\" \/>\n<link rel=\"canonical\" href=\"https:\/\/gardeon.pl\/pl\/blog\/jak-przetrwac-wielkanoc-oto-jak\/\" \/>\n<meta property=\"og:locale\" content=\"pl_PL\" \/>\n<meta property=\"og:type\" content=\"article\" \/>\n<meta property=\"og:title\" content=\"Jak przetrwa\u0107 Wielkanoc? Oto jak. | GARDEON\" \/>\n<meta property=\"og:description\" content=\"Decyzja pani Ewy z Martina o do\u017cywotnim ignorowaniu Wielkanocy zapad\u0142a mniej wi\u0119cej dziesi\u0119\u0107 lat temu. \u201eKto\u015b zapuka\u0142. Posz\u0142am otworzy\u0107. Nie mia\u0142am poj\u0119cia, \u017ce zanim zd\u0105\u017c\u0119 si\u0119 otrz\u0105sn\u0105\u0107, na twarz \u2013 na tle zupe\u0142nie nowej zabudowy kuchennej za mn\u0105 \u2013 spadnie mi jakie\u015b 5 wiader wody. Wylali j\u0105 na mnie szwagier i nasi s\u0105siedzi, kt\u00f3rych spotka\u0142 [&hellip;]\" \/>\n<meta property=\"og:url\" content=\"https:\/\/gardeon.pl\/pl\/blog\/jak-przetrwac-wielkanoc-oto-jak\/\" \/>\n<meta property=\"og:site_name\" content=\"GARDEON\" \/>\n<meta property=\"article:published_time\" content=\"2026-04-23T17:03:25+00:00\" \/>\n<meta property=\"og:image\" content=\"http:\/\/gardeon.pl\/wp-content\/uploads\/2020\/03\/person-tying-knot-on-chicken-decor-1040161.jpg\" \/>\n\t<meta property=\"og:image:width\" content=\"1280\" \/>\n\t<meta property=\"og:image:height\" content=\"853\" \/>\n\t<meta property=\"og:image:type\" content=\"image\/jpeg\" \/>\n<meta name=\"author\" content=\"editor\" \/>\n<meta name=\"twitter:card\" content=\"summary_large_image\" \/>\n<meta name=\"twitter:label1\" content=\"Napisane przez\" \/>\n\t<meta name=\"twitter:data1\" content=\"editor\" \/>\n\t<meta name=\"twitter:label2\" content=\"Szacowany czas czytania\" \/>\n\t<meta name=\"twitter:data2\" content=\"7 minut\" \/>\n<script type=\"application\/ld+json\" class=\"yoast-schema-graph\">{\"@context\":\"https:\\\/\\\/schema.org\",\"@graph\":[{\"@type\":\"Article\",\"@id\":\"https:\\\/\\\/gardeon.pl\\\/pl\\\/blog\\\/jak-przetrwac-wielkanoc-oto-jak\\\/#article\",\"isPartOf\":{\"@id\":\"https:\\\/\\\/gardeon.pl\\\/pl\\\/blog\\\/jak-przetrwac-wielkanoc-oto-jak\\\/\"},\"author\":{\"name\":\"editor\",\"@id\":\"https:\\\/\\\/gardeon.pl\\\/#\\\/schema\\\/person\\\/a5762ca5f0790bf92774af0899379463\"},\"headline\":\"Jak przetrwa\u0107 Wielkanoc? Oto jak.\",\"datePublished\":\"2026-04-23T17:03:25+00:00\",\"mainEntityOfPage\":{\"@id\":\"https:\\\/\\\/gardeon.pl\\\/pl\\\/blog\\\/jak-przetrwac-wielkanoc-oto-jak\\\/\"},\"wordCount\":1500,\"commentCount\":0,\"image\":{\"@id\":\"https:\\\/\\\/gardeon.pl\\\/pl\\\/blog\\\/jak-przetrwac-wielkanoc-oto-jak\\\/#primaryimage\"},\"thumbnailUrl\":\"https:\\\/\\\/gardeon.pl\\\/wp-content\\\/uploads\\\/2020\\\/03\\\/person-tying-knot-on-chicken-decor-1040161.jpg\",\"articleSection\":[\"Inne\",\"Ogr\u00f3d\"],\"inLanguage\":\"pl-PL\",\"potentialAction\":[{\"@type\":\"CommentAction\",\"name\":\"Comment\",\"target\":[\"https:\\\/\\\/gardeon.pl\\\/pl\\\/blog\\\/jak-przetrwac-wielkanoc-oto-jak\\\/#respond\"]}]},{\"@type\":\"WebPage\",\"@id\":\"https:\\\/\\\/gardeon.pl\\\/pl\\\/blog\\\/jak-przetrwac-wielkanoc-oto-jak\\\/\",\"url\":\"https:\\\/\\\/gardeon.pl\\\/pl\\\/blog\\\/jak-przetrwac-wielkanoc-oto-jak\\\/\",\"name\":\"Jak przetrwa\u0107 Wielkanoc? Oto jak. | GARDEON\",\"isPartOf\":{\"@id\":\"https:\\\/\\\/gardeon.pl\\\/#website\"},\"primaryImageOfPage\":{\"@id\":\"https:\\\/\\\/gardeon.pl\\\/pl\\\/blog\\\/jak-przetrwac-wielkanoc-oto-jak\\\/#primaryimage\"},\"image\":{\"@id\":\"https:\\\/\\\/gardeon.pl\\\/pl\\\/blog\\\/jak-przetrwac-wielkanoc-oto-jak\\\/#primaryimage\"},\"thumbnailUrl\":\"https:\\\/\\\/gardeon.pl\\\/wp-content\\\/uploads\\\/2020\\\/03\\\/person-tying-knot-on-chicken-decor-1040161.jpg\",\"datePublished\":\"2026-04-23T17:03:25+00:00\",\"author\":{\"@id\":\"https:\\\/\\\/gardeon.pl\\\/#\\\/schema\\\/person\\\/a5762ca5f0790bf92774af0899379463\"},\"breadcrumb\":{\"@id\":\"https:\\\/\\\/gardeon.pl\\\/pl\\\/blog\\\/jak-przetrwac-wielkanoc-oto-jak\\\/#breadcrumb\"},\"inLanguage\":\"pl-PL\",\"potentialAction\":[{\"@type\":\"ReadAction\",\"target\":[\"https:\\\/\\\/gardeon.pl\\\/pl\\\/blog\\\/jak-przetrwac-wielkanoc-oto-jak\\\/\"]}]},{\"@type\":\"ImageObject\",\"inLanguage\":\"pl-PL\",\"@id\":\"https:\\\/\\\/gardeon.pl\\\/pl\\\/blog\\\/jak-przetrwac-wielkanoc-oto-jak\\\/#primaryimage\",\"url\":\"https:\\\/\\\/gardeon.pl\\\/wp-content\\\/uploads\\\/2020\\\/03\\\/person-tying-knot-on-chicken-decor-1040161.jpg\",\"contentUrl\":\"https:\\\/\\\/gardeon.pl\\\/wp-content\\\/uploads\\\/2020\\\/03\\\/person-tying-knot-on-chicken-decor-1040161.jpg\",\"width\":1280,\"height\":853,\"caption\":\"Dekoracje wielkanocne\"},{\"@type\":\"BreadcrumbList\",\"@id\":\"https:\\\/\\\/gardeon.pl\\\/pl\\\/blog\\\/jak-przetrwac-wielkanoc-oto-jak\\\/#breadcrumb\",\"itemListElement\":[{\"@type\":\"ListItem\",\"position\":1,\"name\":\"Domov\",\"item\":\"https:\\\/\\\/gardeon.pl\\\/pl\\\/\"},{\"@type\":\"ListItem\",\"position\":2,\"name\":\"Jak przetrwa\u0107 Wielkanoc? Oto jak.\"}]},{\"@type\":\"WebSite\",\"@id\":\"https:\\\/\\\/gardeon.pl\\\/#website\",\"url\":\"https:\\\/\\\/gardeon.pl\\\/\",\"name\":\"GARDEON\",\"description\":\"\",\"potentialAction\":[{\"@type\":\"SearchAction\",\"target\":{\"@type\":\"EntryPoint\",\"urlTemplate\":\"https:\\\/\\\/gardeon.pl\\\/?s={search_term_string}\"},\"query-input\":{\"@type\":\"PropertyValueSpecification\",\"valueRequired\":true,\"valueName\":\"search_term_string\"}}],\"inLanguage\":\"pl-PL\"},{\"@type\":\"Person\",\"@id\":\"https:\\\/\\\/gardeon.pl\\\/#\\\/schema\\\/person\\\/a5762ca5f0790bf92774af0899379463\",\"name\":\"editor\",\"image\":{\"@type\":\"ImageObject\",\"inLanguage\":\"pl-PL\",\"@id\":\"https:\\\/\\\/secure.gravatar.com\\\/avatar\\\/2b748151c2c748327307fd289a91b3bdafdd9e64e2d000e65e53d6dcf11c5830?s=96&d=mm&r=g\",\"url\":\"https:\\\/\\\/secure.gravatar.com\\\/avatar\\\/2b748151c2c748327307fd289a91b3bdafdd9e64e2d000e65e53d6dcf11c5830?s=96&d=mm&r=g\",\"contentUrl\":\"https:\\\/\\\/secure.gravatar.com\\\/avatar\\\/2b748151c2c748327307fd289a91b3bdafdd9e64e2d000e65e53d6dcf11c5830?s=96&d=mm&r=g\",\"caption\":\"editor\"}}]}<\/script>\n<!-- \/ Yoast SEO plugin. -->","yoast_head_json":{"title":"Jak przetrwa\u0107 Wielkanoc? Oto jak. | GARDEON","robots":{"index":"index","follow":"follow","max-snippet":"max-snippet:-1","max-image-preview":"max-image-preview:large","max-video-preview":"max-video-preview:-1"},"canonical":"https:\/\/gardeon.pl\/pl\/blog\/jak-przetrwac-wielkanoc-oto-jak\/","og_locale":"pl_PL","og_type":"article","og_title":"Jak przetrwa\u0107 Wielkanoc? Oto jak. | GARDEON","og_description":"Decyzja pani Ewy z Martina o do\u017cywotnim ignorowaniu Wielkanocy zapad\u0142a mniej wi\u0119cej dziesi\u0119\u0107 lat temu. \u201eKto\u015b zapuka\u0142. Posz\u0142am otworzy\u0107. Nie mia\u0142am poj\u0119cia, \u017ce zanim zd\u0105\u017c\u0119 si\u0119 otrz\u0105sn\u0105\u0107, na twarz \u2013 na tle zupe\u0142nie nowej zabudowy kuchennej za mn\u0105 \u2013 spadnie mi jakie\u015b 5 wiader wody. Wylali j\u0105 na mnie szwagier i nasi s\u0105siedzi, kt\u00f3rych spotka\u0142 [&hellip;]","og_url":"https:\/\/gardeon.pl\/pl\/blog\/jak-przetrwac-wielkanoc-oto-jak\/","og_site_name":"GARDEON","article_published_time":"2026-04-23T17:03:25+00:00","og_image":[{"width":1280,"height":853,"url":"http:\/\/gardeon.pl\/wp-content\/uploads\/2020\/03\/person-tying-knot-on-chicken-decor-1040161.jpg","type":"image\/jpeg"}],"author":"editor","twitter_card":"summary_large_image","twitter_misc":{"Napisane przez":"editor","Szacowany czas czytania":"7 minut"},"schema":{"@context":"https:\/\/schema.org","@graph":[{"@type":"Article","@id":"https:\/\/gardeon.pl\/pl\/blog\/jak-przetrwac-wielkanoc-oto-jak\/#article","isPartOf":{"@id":"https:\/\/gardeon.pl\/pl\/blog\/jak-przetrwac-wielkanoc-oto-jak\/"},"author":{"name":"editor","@id":"https:\/\/gardeon.pl\/#\/schema\/person\/a5762ca5f0790bf92774af0899379463"},"headline":"Jak przetrwa\u0107 Wielkanoc? Oto jak.","datePublished":"2026-04-23T17:03:25+00:00","mainEntityOfPage":{"@id":"https:\/\/gardeon.pl\/pl\/blog\/jak-przetrwac-wielkanoc-oto-jak\/"},"wordCount":1500,"commentCount":0,"image":{"@id":"https:\/\/gardeon.pl\/pl\/blog\/jak-przetrwac-wielkanoc-oto-jak\/#primaryimage"},"thumbnailUrl":"https:\/\/gardeon.pl\/wp-content\/uploads\/2020\/03\/person-tying-knot-on-chicken-decor-1040161.jpg","articleSection":["Inne","Ogr\u00f3d"],"inLanguage":"pl-PL","potentialAction":[{"@type":"CommentAction","name":"Comment","target":["https:\/\/gardeon.pl\/pl\/blog\/jak-przetrwac-wielkanoc-oto-jak\/#respond"]}]},{"@type":"WebPage","@id":"https:\/\/gardeon.pl\/pl\/blog\/jak-przetrwac-wielkanoc-oto-jak\/","url":"https:\/\/gardeon.pl\/pl\/blog\/jak-przetrwac-wielkanoc-oto-jak\/","name":"Jak przetrwa\u0107 Wielkanoc? Oto jak. | GARDEON","isPartOf":{"@id":"https:\/\/gardeon.pl\/#website"},"primaryImageOfPage":{"@id":"https:\/\/gardeon.pl\/pl\/blog\/jak-przetrwac-wielkanoc-oto-jak\/#primaryimage"},"image":{"@id":"https:\/\/gardeon.pl\/pl\/blog\/jak-przetrwac-wielkanoc-oto-jak\/#primaryimage"},"thumbnailUrl":"https:\/\/gardeon.pl\/wp-content\/uploads\/2020\/03\/person-tying-knot-on-chicken-decor-1040161.jpg","datePublished":"2026-04-23T17:03:25+00:00","author":{"@id":"https:\/\/gardeon.pl\/#\/schema\/person\/a5762ca5f0790bf92774af0899379463"},"breadcrumb":{"@id":"https:\/\/gardeon.pl\/pl\/blog\/jak-przetrwac-wielkanoc-oto-jak\/#breadcrumb"},"inLanguage":"pl-PL","potentialAction":[{"@type":"ReadAction","target":["https:\/\/gardeon.pl\/pl\/blog\/jak-przetrwac-wielkanoc-oto-jak\/"]}]},{"@type":"ImageObject","inLanguage":"pl-PL","@id":"https:\/\/gardeon.pl\/pl\/blog\/jak-przetrwac-wielkanoc-oto-jak\/#primaryimage","url":"https:\/\/gardeon.pl\/wp-content\/uploads\/2020\/03\/person-tying-knot-on-chicken-decor-1040161.jpg","contentUrl":"https:\/\/gardeon.pl\/wp-content\/uploads\/2020\/03\/person-tying-knot-on-chicken-decor-1040161.jpg","width":1280,"height":853,"caption":"Dekoracje wielkanocne"},{"@type":"BreadcrumbList","@id":"https:\/\/gardeon.pl\/pl\/blog\/jak-przetrwac-wielkanoc-oto-jak\/#breadcrumb","itemListElement":[{"@type":"ListItem","position":1,"name":"Domov","item":"https:\/\/gardeon.pl\/pl\/"},{"@type":"ListItem","position":2,"name":"Jak przetrwa\u0107 Wielkanoc? Oto jak."}]},{"@type":"WebSite","@id":"https:\/\/gardeon.pl\/#website","url":"https:\/\/gardeon.pl\/","name":"GARDEON","description":"","potentialAction":[{"@type":"SearchAction","target":{"@type":"EntryPoint","urlTemplate":"https:\/\/gardeon.pl\/?s={search_term_string}"},"query-input":{"@type":"PropertyValueSpecification","valueRequired":true,"valueName":"search_term_string"}}],"inLanguage":"pl-PL"},{"@type":"Person","@id":"https:\/\/gardeon.pl\/#\/schema\/person\/a5762ca5f0790bf92774af0899379463","name":"editor","image":{"@type":"ImageObject","inLanguage":"pl-PL","@id":"https:\/\/secure.gravatar.com\/avatar\/2b748151c2c748327307fd289a91b3bdafdd9e64e2d000e65e53d6dcf11c5830?s=96&d=mm&r=g","url":"https:\/\/secure.gravatar.com\/avatar\/2b748151c2c748327307fd289a91b3bdafdd9e64e2d000e65e53d6dcf11c5830?s=96&d=mm&r=g","contentUrl":"https:\/\/secure.gravatar.com\/avatar\/2b748151c2c748327307fd289a91b3bdafdd9e64e2d000e65e53d6dcf11c5830?s=96&d=mm&r=g","caption":"editor"}}]}},"_links":{"self":[{"href":"https:\/\/gardeon.pl\/pl\/wp-json\/wp\/v2\/posts\/46328","targetHints":{"allow":["GET"]}}],"collection":[{"href":"https:\/\/gardeon.pl\/pl\/wp-json\/wp\/v2\/posts"}],"about":[{"href":"https:\/\/gardeon.pl\/pl\/wp-json\/wp\/v2\/types\/post"}],"author":[{"embeddable":true,"href":"https:\/\/gardeon.pl\/pl\/wp-json\/wp\/v2\/users\/2"}],"replies":[{"embeddable":true,"href":"https:\/\/gardeon.pl\/pl\/wp-json\/wp\/v2\/comments?post=46328"}],"version-history":[{"count":0,"href":"https:\/\/gardeon.pl\/pl\/wp-json\/wp\/v2\/posts\/46328\/revisions"}],"wp:featuredmedia":[{"embeddable":true,"href":"https:\/\/gardeon.pl\/pl\/wp-json\/wp\/v2\/media\/46329"}],"wp:attachment":[{"href":"https:\/\/gardeon.pl\/pl\/wp-json\/wp\/v2\/media?parent=46328"}],"wp:term":[{"taxonomy":"category","embeddable":true,"href":"https:\/\/gardeon.pl\/pl\/wp-json\/wp\/v2\/categories?post=46328"},{"taxonomy":"post_tag","embeddable":true,"href":"https:\/\/gardeon.pl\/pl\/wp-json\/wp\/v2\/tags?post=46328"}],"curies":[{"name":"wp","href":"https:\/\/api.w.org\/{rel}","templated":true}]}}