{"id":46339,"date":"2026-04-23T19:03:25","date_gmt":"2026-04-23T17:03:25","guid":{"rendered":"https:\/\/gardeon.pl\/?p=46339"},"modified":"2026-04-23T19:03:25","modified_gmt":"2026-04-23T17:03:25","slug":"samochody-elektryczne-bedziemy-ladowac-zaledwie-5-10-minut-i-za-6-euro","status":"publish","type":"post","link":"https:\/\/gardeon.pl\/pl\/blog\/samochody-elektryczne-bedziemy-ladowac-zaledwie-5-10-minut-i-za-6-euro\/","title":{"rendered":"Samochody elektryczne b\u0119dziemy \u0142adowa\u0107 zaledwie 5\u201310 minut i za 6 euro"},"content":{"rendered":"<h3>Je\u015bli zainstaluj\u0105 Pa\u0144stwo \u0142adowark\u0119 we w\u0142asnym <a href=\"http:\/\/gardeon.pl\">gara\u017cu<\/a><\/h3>\n<p><em>Zainteresowanie samochodami elektrycznymi ro\u015bnie.<span class=\"Apple-converted-space\">  <\/span>Mamy wi\u0119kszy wyb\u00f3r, wy\u017csze pojemno\u015bci akumulator\u00f3w, ni\u017csze ceny, obs\u0142ug\u0119 szybkiego \u0142adowania, a infrastruktura \u0142adowania rozwija si\u0119 w zawrotnym tempie. \u0141adowanie samochodu elektrycznego nadal jednak wychodzi taniej przez domow\u0105 lub firmow\u0105 \u0142adowark\u0119. A kto ma w domu lub w pracy gniazdko elektryczne, ch\u0119tniej si\u0119gnie przy zakupie po w pe\u0142ni elektryczny samoch\u00f3d z lepszym zasi\u0119giem i ni\u017cszymi kosztami serwisowymi.  <\/em><\/p>\n<p><img loading=\"lazy\" decoding=\"async\" class=\"aligncenter wp-image-23054\" src=\"http:\/\/gardeon.pl\/wp-content\/uploads\/2020\/02\/a6132127913857.5636cafc020ff-1024x624.png\" alt=\"\u0141adowarka do samochod\u00f3w elektrycznych\" width=\"800\" height=\"488\" srcset=\"https:\/\/gardeon.pl\/wp-content\/uploads\/2020\/02\/a6132127913857.5636cafc020ff-1024x624.png 1024w, https:\/\/gardeon.pl\/wp-content\/uploads\/2020\/02\/a6132127913857.5636cafc020ff-300x183.png 300w, https:\/\/gardeon.pl\/wp-content\/uploads\/2020\/02\/a6132127913857.5636cafc020ff-768x468.png 768w, https:\/\/gardeon.pl\/wp-content\/uploads\/2020\/02\/a6132127913857.5636cafc020ff-1536x936.png 1536w, https:\/\/gardeon.pl\/wp-content\/uploads\/2020\/02\/a6132127913857.5636cafc020ff.png 1920w\" sizes=\"auto, (max-width: 800px) 100vw, 800px\" \/><\/p>\n<p><em>Przy \u0142adowaniu z w\u0142asnych gniazdek i \u0142adowarek cena energii elektrycznej wynosi oko\u0142o 150 euro za megawatogodzin\u0119. Na\u0142adowanie samochodu elektrycznego Nissan Leaf, kt\u00f3ry rzekomo jest najbardziej po\u017c\u0105danym pojazdem elektrycznym na S\u0142owacji, kosztuje wi\u0119c oko\u0142o 6 euro. Publiczne \u0142adowarki przy drogach s\u0105 dro\u017csze. Cena mo\u017ce wzrosn\u0105\u0107 nawet do 450 euro\/MWh. Na\u0142adowanie tego samego pojazdu kosztowa\u0142oby zatem oko\u0142o 18 euro.    <\/em><\/p>\n<h3>ZALETY I WADY \u0142adowania domowego<\/h3>\n<p>Je\u015bli zdecyduj\u0105 si\u0119 Pa\u0144stwo \u0142adowa\u0107 <a href=\"https:\/\/www.energie-portal.sk\/Znacka\/302\/ELEKTROMOBILY.aspx\">samoch\u00f3d elektryczny<\/a> ze standardowego gniazdka 220 V, musz\u0105 si\u0119 Pa\u0144stwo przygotowa\u0107 na znacznie d\u0142u\u017cszy czas \u0142adowania. Cho\u0107 to dobrze, \u017ce \u0142adowanie auta jest w og\u00f3le mo\u017cliwe przy u\u017cyciu zwyk\u0142ej domowej instalacji elektrycznej, to rozwi\u0105zanie ma raczej charakter awaryjny, a nawet takie miejsce \u0142adowania powinno by\u0107 wyposa\u017cone przynajmniej w wysokiej jako\u015bci gniazdo przemys\u0142owe o mocy ok. 6\u20136,5 kW. W przeciwie\u0144stwie do powszechnie stosowanych gniazdek domowych wytrzymuje ono sta\u0142e obci\u0105\u017cenie pr\u0105dem 10 A i wi\u0119cej oraz jest bardziej odporne mechanicznie. Wad\u0105 domowego \u0142adowania za pomoc\u0105 \u0142adowarki jest to, \u017ce nie da si\u0119 unikn\u0105\u0107 inwestycji pocz\u0105tkowej.   <span class=\"Apple-converted-space\"> <\/span><\/p>\n<p><img loading=\"lazy\" decoding=\"async\" class=\"aligncenter wp-image-23070\" src=\"http:\/\/gardeon.pl\/wp-content\/uploads\/2020\/02\/ea352227913857.5c067d95ba18d-1024x683.jpg\" alt=\"Samoch\u00f3d przy samochodzie elektrycznym\" width=\"800\" height=\"533\" srcset=\"https:\/\/gardeon.pl\/wp-content\/uploads\/2020\/02\/ea352227913857.5c067d95ba18d-1024x683.jpg 1024w, https:\/\/gardeon.pl\/wp-content\/uploads\/2020\/02\/ea352227913857.5c067d95ba18d-300x200.jpg 300w, https:\/\/gardeon.pl\/wp-content\/uploads\/2020\/02\/ea352227913857.5c067d95ba18d-768x512.jpg 768w, https:\/\/gardeon.pl\/wp-content\/uploads\/2020\/02\/ea352227913857.5c067d95ba18d-1536x1024.jpg 1536w, https:\/\/gardeon.pl\/wp-content\/uploads\/2020\/02\/ea352227913857.5c067d95ba18d-2048x1366.jpg 2048w\" sizes=\"auto, (max-width: 800px) 100vw, 800px\" \/><\/p>\n<p>Je\u015bli korzystaj\u0105 Pa\u0144stwo z samochodu elektrycznego na co dzie\u0144 i musz\u0105 go regularnie \u0142adowa\u0107, zdecydowanie warto rozwa\u017cy\u0107 monta\u017c stacji \u0142adowania, tzw. wallboxa. G\u0142\u00f3wn\u0105 zalet\u0105 \u0142adowania za pomoc\u0105 stacji jest bezpiecze\u0144stwo u\u017cytkownik\u00f3w, samochodu elektrycznego oraz wewn\u0119trznej infrastruktury, zapewnione dzi\u0119ki komunikacji mi\u0119dzy stacj\u0105 a pojazdem. Jej instalacj\u0119 mo\u017cna \u0142atwo wykona\u0107 w wiacie lub gara\u017cu dla Pa\u0144stwa pojazdu.  <span class=\"Apple-converted-space\"> <\/span><\/p>\n<p>Przy instalacji \u0142adowarki w warunkach domowych nale\u017cy wzi\u0105\u0107 pod uwag\u0119 tak\u017ce urz\u0105dzenia techniczne domu (basen, pompa ciep\u0142a &#8230;), a tak\u017ce wiek budynku i wykonanie instalacji elektrycznej. W\u0142a\u015bciciele dom\u00f3w bywaj\u0105 czasem zaskoczeni, \u017ce po zainstalowaniu stacji \u0142adowania o mocy 11 kW nie s\u0105 w stanie w\u0142\u0105czy\u0107 w domu suszarki, pralki czy nawet czajnika elektrycznego. R\u00f3wnie\u017c wi\u0119kszo\u015b\u0107 budynk\u00f3w wielorodzinnych, hoteli czy obiekt\u00f3w komercyjnych ma problem z instalacj\u0105 stacji \u0142adowania o mocy 22 kW ze wzgl\u0119du na niewielk\u0105 dost\u0119pn\u0105 moc przy\u0142\u0105czeniow\u0105.  <\/p>\n<hr>\n<p><em>Czy wiedzieli Pa\u0144stwo, \u017ce?<span class=\"Apple-converted-space\"> <\/span><\/em><\/p>\n<p><em>Akumulatory samochod\u00f3w elektrycznych mo\u017cna wykorzysta\u0107 tak\u017ce jako \u017ar\u00f3d\u0142o energii elektrycznej do zasilania domu. W przypadku przerwy w dostawie pr\u0105du samoch\u00f3d elektryczny mo\u017ce wi\u0119c pos\u0142u\u017cy\u0107 jako \u017ar\u00f3d\u0142o awaryjne. W ten spos\u00f3b mog\u0105 Pa\u0144stwo \u201eprzywie\u017a\u0107\u201d pr\u0105d samochodem elektrycznym bezpo\u015brednio na dzia\u0142k\u0119 rekreacyjn\u0105 lub do domku letniskowego.  <\/em><\/p>\n<hr>\n<p>Kolejn\u0105 zalet\u0105 \u0142adowania w domu jest to, \u017ce nie musimy si\u0119 spieszy\u0107, a samochody nie s\u0105 w u\u017cyciu. Nie ma znaczenia, jak d\u0142ugo si\u0119 \u0142aduj\u0105, wi\u0119c nie odczuwamy tego jako straty czasu. <span class=\"Apple-converted-space\"> <\/span><\/p>\n<h3>Zasada \u0142adowania samochodu elektrycznego<\/h3>\n<p>Nie jest skomplikowana. Je\u015bli \u0142aduj\u0105 Pa\u0144stwo samoch\u00f3d elektryczny w domu i nie maj\u0105 wallboxa, jedn\u0105 cz\u0119\u015b\u0107 kabla \u0142aduj\u0105cego wk\u0142adaj\u0105 Pa\u0144stwo do samochodu, a drug\u0105 do gniazdka. Je\u015bli maj\u0105 Pa\u0144stwo w gara\u017cu zainstalowan\u0105 na\u015bcienn\u0105 \u201e\u0142adowark\u0119\u201d pod\u0142\u0105czon\u0105 do sieci, wystarczy w\u0142o\u017cy\u0107 jej kabel do portu \u0142adowania samochodu elektrycznego. Proste i praktyczne. Co Pa\u0144stwo na to? Wi\u0119cej informacji znajd\u0105 Pa\u0144stwo <a href=\"https:\/\/gardeon.pl\/pl\/kontakt\/\">TUTAJ<\/a>     <\/p>\n<h4>Typy port\u00f3w dla samochod\u00f3w elektrycznych<\/h4>\n<ul>\n<li>\n<h4><a href=\"https:\/\/www.evexpert.eu\/p\/228\/phoenix-contact-charging-cable-type2-open-end-32a-1phase\">Type 2<span class=\"Apple-converted-space\"> <\/span><\/a><\/h4>\n<\/li>\n<\/ul>\n<p>Potocznie nazywany jest tak\u017ce Mennekes. Od 2013 roku Type 2 jest europejskim standardem \u0142adowania. Obs\u0142uguj\u0105 go na przyk\u0142ad samochody elektryczne marki Tesla.  <\/p>\n<p><img loading=\"lazy\" decoding=\"async\" class=\"aligncenter wp-image-23059\" src=\"http:\/\/gardeon.pl\/wp-content\/uploads\/2020\/02\/76969-2000-int-04.jpg\" alt=\"Samoch\u00f3d elektryczny Type 2\" width=\"800\" height=\"800\" srcset=\"https:\/\/gardeon.pl\/wp-content\/uploads\/2020\/02\/76969-2000-int-04.jpg 400w, https:\/\/gardeon.pl\/wp-content\/uploads\/2020\/02\/76969-2000-int-04-300x300.jpg 300w, https:\/\/gardeon.pl\/wp-content\/uploads\/2020\/02\/76969-2000-int-04-150x150.jpg 150w\" sizes=\"auto, (max-width: 800px) 100vw, 800px\" \/><\/p>\n<ul>\n<li>\n<h4><a href=\"https:\/\/insideevs.com\/photos\/680686\/charin-ccs-combo-standard-to-offer-v2g-by-2025\/\">CCS <\/a>(Combo Charging System)<span class=\"Apple-converted-space\"> <\/span><\/h4>\n<\/li>\n<\/ul>\n<p>Jest to kombinowany system \u0142adowania, kt\u00f3ry obs\u0142uguje \u0142adowanie pr\u0105dem sta\u0142ym i przemiennym. Standard ten wspieraj\u0105 producenci <a href=\"https:\/\/www.mojelektromobil.sk\/tag\/volkswagen\/\">Volkswagen<\/a>, <a href=\"https:\/\/www.mojelektromobil.sk\/tag\/bmw\/\">BMW<\/a>, <a href=\"https:\/\/www.mojelektromobil.sk\/tag\/hyundai\/\">Hyundai<\/a>, Ford, Daimler (<a href=\"https:\/\/www.mojelektromobil.sk\/tag\/mercedes-benz\/\">Mercedes-Benz<\/a>) oraz General Motors. <\/p>\n<p><img loading=\"lazy\" decoding=\"async\" class=\"aligncenter wp-image-23061\" src=\"http:\/\/gardeon.pl\/wp-content\/uploads\/2020\/02\/charin-ccs-combo-standard-to-offer-v2g-by-2025-1024x576.jpg\" alt=\"Samoch\u00f3d elektryczny CCS\" width=\"800\" height=\"450\" srcset=\"https:\/\/gardeon.pl\/wp-content\/uploads\/2020\/02\/charin-ccs-combo-standard-to-offer-v2g-by-2025-1024x576.jpg 1024w, https:\/\/gardeon.pl\/wp-content\/uploads\/2020\/02\/charin-ccs-combo-standard-to-offer-v2g-by-2025-300x169.jpg 300w, https:\/\/gardeon.pl\/wp-content\/uploads\/2020\/02\/charin-ccs-combo-standard-to-offer-v2g-by-2025-768x432.jpg 768w, https:\/\/gardeon.pl\/wp-content\/uploads\/2020\/02\/charin-ccs-combo-standard-to-offer-v2g-by-2025-1536x864.jpg 1536w, https:\/\/gardeon.pl\/wp-content\/uploads\/2020\/02\/charin-ccs-combo-standard-to-offer-v2g-by-2025.jpg 1920w\" sizes=\"auto, (max-width: 800px) 100vw, 800px\" \/><\/p>\n<ul>\n<li>\n<h4><a href=\"https:\/\/www.aliexpress.com\/item\/4000052967582.html\">CHAdeMO<\/a><span class=\"Apple-converted-space\"> <\/span><\/h4>\n<\/li>\n<\/ul>\n<p>Standard ten wspieraj\u0105 japo\u0144scy producenci <a href=\"https:\/\/www.mojelektromobil.sk\/tag\/nissan\/\">Nissan<\/a>, <a href=\"https:\/\/www.mojelektromobil.sk\/tag\/mitsubishi\/\">Mitsubishi<\/a>, <a href=\"https:\/\/www.mojelektromobil.sk\/tag\/subaru\/\">Subaru<\/a> oraz <a href=\"https:\/\/www.mojelektromobil.sk\/tag\/toyota\/\">Toyota<\/a>.<\/p>\n<p>Je\u015bli planuj\u0105 Pa\u0144stwo podr\u00f3\u017c na d\u0142u\u017csz\u0105 odleg\u0142o\u015b\u0107 i chc\u0105 po\u015bwi\u0119ci\u0107 na \u0142adowanie jak najmniej czasu, zalecamy dok\u0142adne zaplanowanie trasy. Prosz\u0119 stara\u0107 si\u0119 mie\u0107 po drodze dost\u0119p do kompatybilnych szybkich \u0142adowarek. Szybko\u015b\u0107 \u0142adowania zale\u017cy bowiem od wielu czynnik\u00f3w \u2013 mocy \u017ar\u00f3d\u0142a \u0142adowania (stacja \u0142adowania, wallbox, domowe gniazdko), mocy \u0142adowarki pok\u0142adowej, rodzaju pr\u0105du (sta\u0142y, przemienny), mo\u017cliwo\u015bci \u0142adowania akumulatora oraz oczywi\u015bcie od jego pojemno\u015bci.  <\/p>\n<p><img loading=\"lazy\" decoding=\"async\" class=\"aligncenter wp-image-23063\" src=\"http:\/\/gardeon.pl\/wp-content\/uploads\/2020\/02\/chademo.png\" alt=\"Samoch\u00f3d elektryczny CHAdeMO\" width=\"800\" height=\"753\" srcset=\"https:\/\/gardeon.pl\/wp-content\/uploads\/2020\/02\/chademo.png 1014w, https:\/\/gardeon.pl\/wp-content\/uploads\/2020\/02\/chademo-300x282.png 300w, https:\/\/gardeon.pl\/wp-content\/uploads\/2020\/02\/chademo-768x723.png 768w\" sizes=\"auto, (max-width: 800px) 100vw, 800px\" \/><\/p>\n<h3>\u0141adowanie na stacjach \u0142adowania<\/h3>\n<p>Kluczowa jest tu moc stacji oraz zdolno\u015b\u0107 akumulatora samochodu elektrycznego do przyjmowania tej mocy. Stacje \u0142adowania mog\u0105 \u0142adowa\u0107 pr\u0105dem sta\u0142ym (<a href=\"https:\/\/sk.wikipedia.org\/wiki\/Jednosmern%C3%BD_pr%C3%BAd\">DC<\/a>) lub przemiennym (<a href=\"https:\/\/www.behance.net\/gallery\/27913857\/eCharger\">AC<\/a>). <\/p>\n<p><img loading=\"lazy\" decoding=\"async\" class=\"aligncenter wp-image-23057\" src=\"http:\/\/gardeon.pl\/wp-content\/uploads\/2020\/02\/EMW_plugs_.jpg\" alt=\"pr\u0105d sta\u0142y (AC) i przemienny (DC)\" width=\"800\" height=\"363\" srcset=\"https:\/\/gardeon.pl\/wp-content\/uploads\/2020\/02\/EMW_plugs_.jpg 810w, https:\/\/gardeon.pl\/wp-content\/uploads\/2020\/02\/EMW_plugs_-300x136.jpg 300w, https:\/\/gardeon.pl\/wp-content\/uploads\/2020\/02\/EMW_plugs_-768x349.jpg 768w\" sizes=\"auto, (max-width: 800px) 100vw, 800px\" \/><\/p>\n<h4>Stacje \u0142adowania z \u0142adowaniem pr\u0105dem sta\u0142ym<\/h4>\n<p>Pr\u0105dem sta\u0142ym akumulator samochodu elektrycznego \u0142aduje si\u0119 bezpo\u015brednio. Moc takich \u0142adowarek wynosi od 44 kW wzwy\u017c. Wtedy m\u00f3wimy o szybkim \u0142adowaniu. Szybkie \u0142adowarki potrafi\u0105 \u0142adowa\u0107 z pr\u0119dko\u015bci\u0105 od 100 do 540 km\/h (<a href=\"https:\/\/www.mojelektromobil.sk\/tag\/tesla-supercharger\/\">Tesla Supercharger<\/a>). Warto\u015bci te wyra\u017caj\u0105, jaki zasi\u0119g w km uzyskamy w ci\u0105gu godziny \u0142adowania. Przy \u0142adowaniu na obecnych szybkich \u0142adowarkach mo\u017cna na\u0142adowa\u0107 akumulator do 80% ju\u017c w 20 minut. 30-minutowe \u0142adowanie pozwala uzyska\u0107 w samochodach elektrycznych BMW i3, Nissan Leaf, VW e-Golf czy KIA Soul EV zasi\u0119g 120\u2013160 km. Tesli wystarczy p\u00f3\u0142 godziny \u0142adowania na Superchargerach, aby uzyska\u0107 270 km zasi\u0119gu.       <\/p>\n<h4>Stacje \u0142adowania z \u0142adowaniem pr\u0105dem przemiennym<\/h4>\n<p>Pr\u0105dem przemiennym akumulator \u0142aduje si\u0119 przez \u0142adowark\u0119 pok\u0142adow\u0105 samochodu elektrycznego, kt\u00f3ra jest zainstalowana bezpo\u015brednio w poje\u017adzie. W takim przypadku stacja \u0142adowania jest jedynie bardziej praktycznym domowym gniazdkiem gara\u017cowym, ewentualnie \u201ewallboxem\u201d. Pr\u0105d przemienny ze stacji \u0142adowania przechodzi przez \u0142adowark\u0119 pok\u0142adow\u0105 samochodu elektrycznego, kt\u00f3ra zamienia go na pr\u0105d sta\u0142y.   <\/p>\n<p><img loading=\"lazy\" decoding=\"async\" class=\"aligncenter wp-image-23050\" src=\"http:\/\/gardeon.pl\/wp-content\/uploads\/2020\/02\/160ff927913857.5636d1fd2e68b-1024x624.jpg\" alt=\"Samoch\u00f3d pod\u0142\u0105czony do samochodu elektrycznego\" width=\"800\" height=\"488\" srcset=\"https:\/\/gardeon.pl\/wp-content\/uploads\/2020\/02\/160ff927913857.5636d1fd2e68b-1024x624.jpg 1024w, https:\/\/gardeon.pl\/wp-content\/uploads\/2020\/02\/160ff927913857.5636d1fd2e68b-300x183.jpg 300w, https:\/\/gardeon.pl\/wp-content\/uploads\/2020\/02\/160ff927913857.5636d1fd2e68b-768x468.jpg 768w, https:\/\/gardeon.pl\/wp-content\/uploads\/2020\/02\/160ff927913857.5636d1fd2e68b-1536x936.jpg 1536w, https:\/\/gardeon.pl\/wp-content\/uploads\/2020\/02\/160ff927913857.5636d1fd2e68b.jpg 1920w\" sizes=\"auto, (max-width: 800px) 100vw, 800px\" \/><\/p>\n<p>Takie \u0142adowarki maj\u0105 zwykle moc 11 i 22 kW. Aby wykorzysta\u0107 pe\u0142n\u0105 moc \u0142adowania stacji, \u0142adowarka pok\u0142adowa samochodu elektrycznego musi mie\u0107 co najmniej tak\u0105 sam\u0105 moc jak stacja \u0142adowania. Szybko\u015b\u0107 \u0142adowania wynosi w takim przypadku oko\u0142o 50 (11 kW) do 100 km\/h (22 kW).  <\/p>\n<p>Przy \u0142adowaniu przez standardowe 1-fazowe domowe gniazdko \u0142adujemy moc\u0105 3\u20133,7 kW. Takie \u0142adowanie jest jednak bardzo wolne, ok. 14 km\/h. Oznacza to, \u017ce w ci\u0105gu 10 godzin \u0142adowania uzyskamy zasi\u0119g tylko oko\u0142o 140 km. Dlatego warto zainstalowa\u0107 w <a href=\"https:\/\/gardeon.pl\/pl\/garaze\/montowane-garaze-blaszane-z-tynkiem\/\">gara\u017cu<\/a> lub <a href=\"https:\/\/gardeon.pl\/pl\/wiaty\/\">wiacie<\/a> przed domem 3-fazowe gniazdo 16A 400V, co w wi\u0119kszo\u015bci standardowych dom\u00f3w nie stanowi \u017cadnego problemu.   <\/p>\n<p><img loading=\"lazy\" decoding=\"async\" class=\"aligncenter wp-image-23065\" src=\"http:\/\/gardeon.pl\/wp-content\/uploads\/2020\/02\/cc052627913857.5c067d95b8d0f-1024x683.jpg\" alt=\"Samochody przy samochodzie elektrycznym\" width=\"800\" height=\"533\" srcset=\"https:\/\/gardeon.pl\/wp-content\/uploads\/2020\/02\/cc052627913857.5c067d95b8d0f-1024x683.jpg 1024w, https:\/\/gardeon.pl\/wp-content\/uploads\/2020\/02\/cc052627913857.5c067d95b8d0f-300x200.jpg 300w, https:\/\/gardeon.pl\/wp-content\/uploads\/2020\/02\/cc052627913857.5c067d95b8d0f-768x512.jpg 768w, https:\/\/gardeon.pl\/wp-content\/uploads\/2020\/02\/cc052627913857.5c067d95b8d0f-1536x1024.jpg 1536w, https:\/\/gardeon.pl\/wp-content\/uploads\/2020\/02\/cc052627913857.5c067d95b8d0f-2048x1366.jpg 2048w\" sizes=\"auto, (max-width: 800px) 100vw, 800px\" \/><\/p>\n<h4>Ultrawydajne stacje \u0142adowania<span class=\"Apple-converted-space\"> <\/span><\/h4>\n<p>W drodze s\u0105 nowe, znacznie mocniejsze stacje \u0142adowania, kt\u00f3re zaoferuj\u0105 moc od 350 kW wzwy\u017c. ChargePoint Express Plus potrafi \u0142adowa\u0107 z pr\u0119dko\u015bci\u0105 11 km na minut\u0119. Spekuluje si\u0119, \u017ce ta \u0142adowarka mog\u0142aby by\u0107 w stanie na\u0142adowa\u0107 du\u017ce akumulatory samochod\u00f3w elektrycznych w 5\u201310 minut.  <\/p>\n<p><img loading=\"lazy\" decoding=\"async\" class=\"aligncenter wp-image-23068\" src=\"http:\/\/gardeon.pl\/wp-content\/uploads\/2020\/02\/1cfd0627913857.5c067d95b9759-1024x683.jpg\" alt=\"Samoch\u00f3d pod\u0142\u0105czony do samochodu elektrycznego\" width=\"800\" height=\"533\" srcset=\"https:\/\/gardeon.pl\/wp-content\/uploads\/2020\/02\/1cfd0627913857.5c067d95b9759-1024x683.jpg 1024w, https:\/\/gardeon.pl\/wp-content\/uploads\/2020\/02\/1cfd0627913857.5c067d95b9759-300x200.jpg 300w, https:\/\/gardeon.pl\/wp-content\/uploads\/2020\/02\/1cfd0627913857.5c067d95b9759-768x512.jpg 768w, https:\/\/gardeon.pl\/wp-content\/uploads\/2020\/02\/1cfd0627913857.5c067d95b9759-1536x1024.jpg 1536w, https:\/\/gardeon.pl\/wp-content\/uploads\/2020\/02\/1cfd0627913857.5c067d95b9759-2048x1366.jpg 2048w\" sizes=\"auto, (max-width: 800px) 100vw, 800px\" \/><\/p>\n<h5>\u0179r\u00f3d\u0142o:<\/h5>\n<h5>https:\/\/evchargeplus.com\/<\/h5>\n<h5>https:\/\/evcharging.enelx.com\/<\/h5>\n<h5>Ciekawe fora dla fan\u00f3w samochod\u00f3w elektrycznych:<\/h5>\n<h5>https:\/\/www.mojelektromobil.sk\/poradna\/<\/h5>\n<h5>https:\/\/www.hybrid.cz\/forum\/viewforum.php?f=3<\/h5>\n","protected":false},"excerpt":{"rendered":"<p>Je\u015bli zainstaluj\u0105 Pa\u0144stwo \u0142adowark\u0119 we w\u0142asnym gara\u017cu Zainteresowanie samochodami elektrycznymi ro\u015bnie. Mamy wi\u0119kszy wyb\u00f3r, wy\u017csze pojemno\u015bci akumulator\u00f3w, ni\u017csze ceny, obs\u0142ug\u0119 szybkiego \u0142adowania, a infrastruktura \u0142adowania rozwija si\u0119 w zawrotnym tempie. \u0141adowanie samochodu elektrycznego nadal jednak wychodzi taniej przez domow\u0105 lub firmow\u0105 \u0142adowark\u0119. A kto ma w domu lub w pracy gniazdko elektryczne, ch\u0119tniej si\u0119gnie przy [&hellip;]<\/p>\n","protected":false},"author":2,"featured_media":46341,"comment_status":"open","ping_status":"open","sticky":false,"template":"","format":"standard","meta":{"_acf_changed":false,"inline_featured_image":false,"footnotes":""},"categories":[622],"tags":[],"class_list":["post-46339","post","type-post","status-publish","format-standard","has-post-thumbnail","hentry","category-wiaty-i-altany"],"acf":[],"yoast_head":"<!-- This site is optimized with the Yoast SEO plugin v27.4 - https:\/\/yoast.com\/product\/yoast-seo-wordpress\/ -->\n<title>Samochody elektryczne b\u0119dziemy \u0142adowa\u0107 zaledwie 5\u201310 minut i za 6 euro - GARDEON<\/title>\n<meta name=\"robots\" content=\"index, follow, max-snippet:-1, max-image-preview:large, max-video-preview:-1\" \/>\n<link rel=\"canonical\" href=\"https:\/\/gardeon.pl\/pl\/blog\/samochody-elektryczne-bedziemy-ladowac-zaledwie-5-10-minut-i-za-6-euro\/\" \/>\n<meta property=\"og:locale\" content=\"pl_PL\" \/>\n<meta property=\"og:type\" content=\"article\" \/>\n<meta property=\"og:title\" content=\"Samochody elektryczne b\u0119dziemy \u0142adowa\u0107 zaledwie 5\u201310 minut i za 6 euro - GARDEON\" \/>\n<meta property=\"og:description\" content=\"Je\u015bli zainstaluj\u0105 Pa\u0144stwo \u0142adowark\u0119 we w\u0142asnym gara\u017cu Zainteresowanie samochodami elektrycznymi ro\u015bnie. Mamy wi\u0119kszy wyb\u00f3r, wy\u017csze pojemno\u015bci akumulator\u00f3w, ni\u017csze ceny, obs\u0142ug\u0119 szybkiego \u0142adowania, a infrastruktura \u0142adowania rozwija si\u0119 w zawrotnym tempie. \u0141adowanie samochodu elektrycznego nadal jednak wychodzi taniej przez domow\u0105 lub firmow\u0105 \u0142adowark\u0119. A kto ma w domu lub w pracy gniazdko elektryczne, ch\u0119tniej si\u0119gnie przy [&hellip;]\" \/>\n<meta property=\"og:url\" content=\"https:\/\/gardeon.pl\/pl\/blog\/samochody-elektryczne-bedziemy-ladowac-zaledwie-5-10-minut-i-za-6-euro\/\" \/>\n<meta property=\"og:site_name\" content=\"GARDEON\" \/>\n<meta property=\"article:published_time\" content=\"2026-04-23T17:03:25+00:00\" \/>\n<meta property=\"og:image\" content=\"http:\/\/gardeon.pl\/wp-content\/uploads\/2020\/02\/ev-charging-e1508441311916-1024x514-1.jpg\" \/>\n\t<meta property=\"og:image:width\" content=\"1024\" \/>\n\t<meta property=\"og:image:height\" content=\"514\" \/>\n\t<meta property=\"og:image:type\" content=\"image\/jpeg\" \/>\n<meta name=\"author\" content=\"editor\" \/>\n<meta name=\"twitter:card\" content=\"summary_large_image\" \/>\n<meta name=\"twitter:label1\" content=\"Napisane przez\" \/>\n\t<meta name=\"twitter:data1\" content=\"editor\" \/>\n\t<meta name=\"twitter:label2\" content=\"Szacowany czas czytania\" \/>\n\t<meta name=\"twitter:data2\" content=\"6 minut\" \/>\n<script type=\"application\/ld+json\" class=\"yoast-schema-graph\">{\"@context\":\"https:\\\/\\\/schema.org\",\"@graph\":[{\"@type\":\"Article\",\"@id\":\"https:\\\/\\\/gardeon.pl\\\/pl\\\/blog\\\/samochody-elektryczne-bedziemy-ladowac-zaledwie-5-10-minut-i-za-6-euro\\\/#article\",\"isPartOf\":{\"@id\":\"https:\\\/\\\/gardeon.pl\\\/pl\\\/blog\\\/samochody-elektryczne-bedziemy-ladowac-zaledwie-5-10-minut-i-za-6-euro\\\/\"},\"author\":{\"name\":\"editor\",\"@id\":\"https:\\\/\\\/gardeon.pl\\\/#\\\/schema\\\/person\\\/a5762ca5f0790bf92774af0899379463\"},\"headline\":\"Samochody elektryczne b\u0119dziemy \u0142adowa\u0107 zaledwie 5\u201310 minut i za 6 euro\",\"datePublished\":\"2026-04-23T17:03:25+00:00\",\"mainEntityOfPage\":{\"@id\":\"https:\\\/\\\/gardeon.pl\\\/pl\\\/blog\\\/samochody-elektryczne-bedziemy-ladowac-zaledwie-5-10-minut-i-za-6-euro\\\/\"},\"wordCount\":1165,\"commentCount\":0,\"image\":{\"@id\":\"https:\\\/\\\/gardeon.pl\\\/pl\\\/blog\\\/samochody-elektryczne-bedziemy-ladowac-zaledwie-5-10-minut-i-za-6-euro\\\/#primaryimage\"},\"thumbnailUrl\":\"https:\\\/\\\/gardeon.pl\\\/wp-content\\\/uploads\\\/2020\\\/02\\\/ev-charging-e1508441311916-1024x514-1.jpg\",\"articleSection\":[\"Wiaty i altany\"],\"inLanguage\":\"pl-PL\",\"potentialAction\":[{\"@type\":\"CommentAction\",\"name\":\"Comment\",\"target\":[\"https:\\\/\\\/gardeon.pl\\\/pl\\\/blog\\\/samochody-elektryczne-bedziemy-ladowac-zaledwie-5-10-minut-i-za-6-euro\\\/#respond\"]}]},{\"@type\":\"WebPage\",\"@id\":\"https:\\\/\\\/gardeon.pl\\\/pl\\\/blog\\\/samochody-elektryczne-bedziemy-ladowac-zaledwie-5-10-minut-i-za-6-euro\\\/\",\"url\":\"https:\\\/\\\/gardeon.pl\\\/pl\\\/blog\\\/samochody-elektryczne-bedziemy-ladowac-zaledwie-5-10-minut-i-za-6-euro\\\/\",\"name\":\"Samochody elektryczne b\u0119dziemy \u0142adowa\u0107 zaledwie 5\u201310 minut i za 6 euro - GARDEON\",\"isPartOf\":{\"@id\":\"https:\\\/\\\/gardeon.pl\\\/#website\"},\"primaryImageOfPage\":{\"@id\":\"https:\\\/\\\/gardeon.pl\\\/pl\\\/blog\\\/samochody-elektryczne-bedziemy-ladowac-zaledwie-5-10-minut-i-za-6-euro\\\/#primaryimage\"},\"image\":{\"@id\":\"https:\\\/\\\/gardeon.pl\\\/pl\\\/blog\\\/samochody-elektryczne-bedziemy-ladowac-zaledwie-5-10-minut-i-za-6-euro\\\/#primaryimage\"},\"thumbnailUrl\":\"https:\\\/\\\/gardeon.pl\\\/wp-content\\\/uploads\\\/2020\\\/02\\\/ev-charging-e1508441311916-1024x514-1.jpg\",\"datePublished\":\"2026-04-23T17:03:25+00:00\",\"author\":{\"@id\":\"https:\\\/\\\/gardeon.pl\\\/#\\\/schema\\\/person\\\/a5762ca5f0790bf92774af0899379463\"},\"breadcrumb\":{\"@id\":\"https:\\\/\\\/gardeon.pl\\\/pl\\\/blog\\\/samochody-elektryczne-bedziemy-ladowac-zaledwie-5-10-minut-i-za-6-euro\\\/#breadcrumb\"},\"inLanguage\":\"pl-PL\",\"potentialAction\":[{\"@type\":\"ReadAction\",\"target\":[\"https:\\\/\\\/gardeon.pl\\\/pl\\\/blog\\\/samochody-elektryczne-bedziemy-ladowac-zaledwie-5-10-minut-i-za-6-euro\\\/\"]}]},{\"@type\":\"ImageObject\",\"inLanguage\":\"pl-PL\",\"@id\":\"https:\\\/\\\/gardeon.pl\\\/pl\\\/blog\\\/samochody-elektryczne-bedziemy-ladowac-zaledwie-5-10-minut-i-za-6-euro\\\/#primaryimage\",\"url\":\"https:\\\/\\\/gardeon.pl\\\/wp-content\\\/uploads\\\/2020\\\/02\\\/ev-charging-e1508441311916-1024x514-1.jpg\",\"contentUrl\":\"https:\\\/\\\/gardeon.pl\\\/wp-content\\\/uploads\\\/2020\\\/02\\\/ev-charging-e1508441311916-1024x514-1.jpg\",\"width\":1024,\"height\":514,\"caption\":\"\u0141adowarka do samochodu elektrycznego\"},{\"@type\":\"BreadcrumbList\",\"@id\":\"https:\\\/\\\/gardeon.pl\\\/pl\\\/blog\\\/samochody-elektryczne-bedziemy-ladowac-zaledwie-5-10-minut-i-za-6-euro\\\/#breadcrumb\",\"itemListElement\":[{\"@type\":\"ListItem\",\"position\":1,\"name\":\"Domov\",\"item\":\"https:\\\/\\\/gardeon.pl\\\/pl\\\/\"},{\"@type\":\"ListItem\",\"position\":2,\"name\":\"Samochody elektryczne b\u0119dziemy \u0142adowa\u0107 zaledwie 5\u201310 minut i za 6 euro\"}]},{\"@type\":\"WebSite\",\"@id\":\"https:\\\/\\\/gardeon.pl\\\/#website\",\"url\":\"https:\\\/\\\/gardeon.pl\\\/\",\"name\":\"GARDEON\",\"description\":\"\",\"potentialAction\":[{\"@type\":\"SearchAction\",\"target\":{\"@type\":\"EntryPoint\",\"urlTemplate\":\"https:\\\/\\\/gardeon.pl\\\/?s={search_term_string}\"},\"query-input\":{\"@type\":\"PropertyValueSpecification\",\"valueRequired\":true,\"valueName\":\"search_term_string\"}}],\"inLanguage\":\"pl-PL\"},{\"@type\":\"Person\",\"@id\":\"https:\\\/\\\/gardeon.pl\\\/#\\\/schema\\\/person\\\/a5762ca5f0790bf92774af0899379463\",\"name\":\"editor\",\"image\":{\"@type\":\"ImageObject\",\"inLanguage\":\"pl-PL\",\"@id\":\"https:\\\/\\\/secure.gravatar.com\\\/avatar\\\/2b748151c2c748327307fd289a91b3bdafdd9e64e2d000e65e53d6dcf11c5830?s=96&d=mm&r=g\",\"url\":\"https:\\\/\\\/secure.gravatar.com\\\/avatar\\\/2b748151c2c748327307fd289a91b3bdafdd9e64e2d000e65e53d6dcf11c5830?s=96&d=mm&r=g\",\"contentUrl\":\"https:\\\/\\\/secure.gravatar.com\\\/avatar\\\/2b748151c2c748327307fd289a91b3bdafdd9e64e2d000e65e53d6dcf11c5830?s=96&d=mm&r=g\",\"caption\":\"editor\"}}]}<\/script>\n<!-- \/ Yoast SEO plugin. -->","yoast_head_json":{"title":"Samochody elektryczne b\u0119dziemy \u0142adowa\u0107 zaledwie 5\u201310 minut i za 6 euro - GARDEON","robots":{"index":"index","follow":"follow","max-snippet":"max-snippet:-1","max-image-preview":"max-image-preview:large","max-video-preview":"max-video-preview:-1"},"canonical":"https:\/\/gardeon.pl\/pl\/blog\/samochody-elektryczne-bedziemy-ladowac-zaledwie-5-10-minut-i-za-6-euro\/","og_locale":"pl_PL","og_type":"article","og_title":"Samochody elektryczne b\u0119dziemy \u0142adowa\u0107 zaledwie 5\u201310 minut i za 6 euro - GARDEON","og_description":"Je\u015bli zainstaluj\u0105 Pa\u0144stwo \u0142adowark\u0119 we w\u0142asnym gara\u017cu Zainteresowanie samochodami elektrycznymi ro\u015bnie. Mamy wi\u0119kszy wyb\u00f3r, wy\u017csze pojemno\u015bci akumulator\u00f3w, ni\u017csze ceny, obs\u0142ug\u0119 szybkiego \u0142adowania, a infrastruktura \u0142adowania rozwija si\u0119 w zawrotnym tempie. \u0141adowanie samochodu elektrycznego nadal jednak wychodzi taniej przez domow\u0105 lub firmow\u0105 \u0142adowark\u0119. A kto ma w domu lub w pracy gniazdko elektryczne, ch\u0119tniej si\u0119gnie przy [&hellip;]","og_url":"https:\/\/gardeon.pl\/pl\/blog\/samochody-elektryczne-bedziemy-ladowac-zaledwie-5-10-minut-i-za-6-euro\/","og_site_name":"GARDEON","article_published_time":"2026-04-23T17:03:25+00:00","og_image":[{"width":1024,"height":514,"url":"http:\/\/gardeon.pl\/wp-content\/uploads\/2020\/02\/ev-charging-e1508441311916-1024x514-1.jpg","type":"image\/jpeg"}],"author":"editor","twitter_card":"summary_large_image","twitter_misc":{"Napisane przez":"editor","Szacowany czas czytania":"6 minut"},"schema":{"@context":"https:\/\/schema.org","@graph":[{"@type":"Article","@id":"https:\/\/gardeon.pl\/pl\/blog\/samochody-elektryczne-bedziemy-ladowac-zaledwie-5-10-minut-i-za-6-euro\/#article","isPartOf":{"@id":"https:\/\/gardeon.pl\/pl\/blog\/samochody-elektryczne-bedziemy-ladowac-zaledwie-5-10-minut-i-za-6-euro\/"},"author":{"name":"editor","@id":"https:\/\/gardeon.pl\/#\/schema\/person\/a5762ca5f0790bf92774af0899379463"},"headline":"Samochody elektryczne b\u0119dziemy \u0142adowa\u0107 zaledwie 5\u201310 minut i za 6 euro","datePublished":"2026-04-23T17:03:25+00:00","mainEntityOfPage":{"@id":"https:\/\/gardeon.pl\/pl\/blog\/samochody-elektryczne-bedziemy-ladowac-zaledwie-5-10-minut-i-za-6-euro\/"},"wordCount":1165,"commentCount":0,"image":{"@id":"https:\/\/gardeon.pl\/pl\/blog\/samochody-elektryczne-bedziemy-ladowac-zaledwie-5-10-minut-i-za-6-euro\/#primaryimage"},"thumbnailUrl":"https:\/\/gardeon.pl\/wp-content\/uploads\/2020\/02\/ev-charging-e1508441311916-1024x514-1.jpg","articleSection":["Wiaty i altany"],"inLanguage":"pl-PL","potentialAction":[{"@type":"CommentAction","name":"Comment","target":["https:\/\/gardeon.pl\/pl\/blog\/samochody-elektryczne-bedziemy-ladowac-zaledwie-5-10-minut-i-za-6-euro\/#respond"]}]},{"@type":"WebPage","@id":"https:\/\/gardeon.pl\/pl\/blog\/samochody-elektryczne-bedziemy-ladowac-zaledwie-5-10-minut-i-za-6-euro\/","url":"https:\/\/gardeon.pl\/pl\/blog\/samochody-elektryczne-bedziemy-ladowac-zaledwie-5-10-minut-i-za-6-euro\/","name":"Samochody elektryczne b\u0119dziemy \u0142adowa\u0107 zaledwie 5\u201310 minut i za 6 euro - GARDEON","isPartOf":{"@id":"https:\/\/gardeon.pl\/#website"},"primaryImageOfPage":{"@id":"https:\/\/gardeon.pl\/pl\/blog\/samochody-elektryczne-bedziemy-ladowac-zaledwie-5-10-minut-i-za-6-euro\/#primaryimage"},"image":{"@id":"https:\/\/gardeon.pl\/pl\/blog\/samochody-elektryczne-bedziemy-ladowac-zaledwie-5-10-minut-i-za-6-euro\/#primaryimage"},"thumbnailUrl":"https:\/\/gardeon.pl\/wp-content\/uploads\/2020\/02\/ev-charging-e1508441311916-1024x514-1.jpg","datePublished":"2026-04-23T17:03:25+00:00","author":{"@id":"https:\/\/gardeon.pl\/#\/schema\/person\/a5762ca5f0790bf92774af0899379463"},"breadcrumb":{"@id":"https:\/\/gardeon.pl\/pl\/blog\/samochody-elektryczne-bedziemy-ladowac-zaledwie-5-10-minut-i-za-6-euro\/#breadcrumb"},"inLanguage":"pl-PL","potentialAction":[{"@type":"ReadAction","target":["https:\/\/gardeon.pl\/pl\/blog\/samochody-elektryczne-bedziemy-ladowac-zaledwie-5-10-minut-i-za-6-euro\/"]}]},{"@type":"ImageObject","inLanguage":"pl-PL","@id":"https:\/\/gardeon.pl\/pl\/blog\/samochody-elektryczne-bedziemy-ladowac-zaledwie-5-10-minut-i-za-6-euro\/#primaryimage","url":"https:\/\/gardeon.pl\/wp-content\/uploads\/2020\/02\/ev-charging-e1508441311916-1024x514-1.jpg","contentUrl":"https:\/\/gardeon.pl\/wp-content\/uploads\/2020\/02\/ev-charging-e1508441311916-1024x514-1.jpg","width":1024,"height":514,"caption":"\u0141adowarka do samochodu elektrycznego"},{"@type":"BreadcrumbList","@id":"https:\/\/gardeon.pl\/pl\/blog\/samochody-elektryczne-bedziemy-ladowac-zaledwie-5-10-minut-i-za-6-euro\/#breadcrumb","itemListElement":[{"@type":"ListItem","position":1,"name":"Domov","item":"https:\/\/gardeon.pl\/pl\/"},{"@type":"ListItem","position":2,"name":"Samochody elektryczne b\u0119dziemy \u0142adowa\u0107 zaledwie 5\u201310 minut i za 6 euro"}]},{"@type":"WebSite","@id":"https:\/\/gardeon.pl\/#website","url":"https:\/\/gardeon.pl\/","name":"GARDEON","description":"","potentialAction":[{"@type":"SearchAction","target":{"@type":"EntryPoint","urlTemplate":"https:\/\/gardeon.pl\/?s={search_term_string}"},"query-input":{"@type":"PropertyValueSpecification","valueRequired":true,"valueName":"search_term_string"}}],"inLanguage":"pl-PL"},{"@type":"Person","@id":"https:\/\/gardeon.pl\/#\/schema\/person\/a5762ca5f0790bf92774af0899379463","name":"editor","image":{"@type":"ImageObject","inLanguage":"pl-PL","@id":"https:\/\/secure.gravatar.com\/avatar\/2b748151c2c748327307fd289a91b3bdafdd9e64e2d000e65e53d6dcf11c5830?s=96&d=mm&r=g","url":"https:\/\/secure.gravatar.com\/avatar\/2b748151c2c748327307fd289a91b3bdafdd9e64e2d000e65e53d6dcf11c5830?s=96&d=mm&r=g","contentUrl":"https:\/\/secure.gravatar.com\/avatar\/2b748151c2c748327307fd289a91b3bdafdd9e64e2d000e65e53d6dcf11c5830?s=96&d=mm&r=g","caption":"editor"}}]}},"_links":{"self":[{"href":"https:\/\/gardeon.pl\/pl\/wp-json\/wp\/v2\/posts\/46339","targetHints":{"allow":["GET"]}}],"collection":[{"href":"https:\/\/gardeon.pl\/pl\/wp-json\/wp\/v2\/posts"}],"about":[{"href":"https:\/\/gardeon.pl\/pl\/wp-json\/wp\/v2\/types\/post"}],"author":[{"embeddable":true,"href":"https:\/\/gardeon.pl\/pl\/wp-json\/wp\/v2\/users\/2"}],"replies":[{"embeddable":true,"href":"https:\/\/gardeon.pl\/pl\/wp-json\/wp\/v2\/comments?post=46339"}],"version-history":[{"count":0,"href":"https:\/\/gardeon.pl\/pl\/wp-json\/wp\/v2\/posts\/46339\/revisions"}],"wp:featuredmedia":[{"embeddable":true,"href":"https:\/\/gardeon.pl\/pl\/wp-json\/wp\/v2\/media\/46341"}],"wp:attachment":[{"href":"https:\/\/gardeon.pl\/pl\/wp-json\/wp\/v2\/media?parent=46339"}],"wp:term":[{"taxonomy":"category","embeddable":true,"href":"https:\/\/gardeon.pl\/pl\/wp-json\/wp\/v2\/categories?post=46339"},{"taxonomy":"post_tag","embeddable":true,"href":"https:\/\/gardeon.pl\/pl\/wp-json\/wp\/v2\/tags?post=46339"}],"curies":[{"name":"wp","href":"https:\/\/api.w.org\/{rel}","templated":true}]}}