{"id":46350,"date":"2026-04-23T19:03:24","date_gmt":"2026-04-23T17:03:24","guid":{"rendered":"https:\/\/gardeon.pl\/?p=46350"},"modified":"2026-04-23T19:03:24","modified_gmt":"2026-04-23T17:03:24","slug":"ponad-7-inspiracji-na-pionowe-dekoracje-ogrodu","status":"publish","type":"post","link":"https:\/\/gardeon.pl\/pl\/blog\/ponad-7-inspiracji-na-pionowe-dekoracje-ogrodu\/","title":{"rendered":"Ponad 7 inspiracji na pionowe dekoracje ogrodu"},"content":{"rendered":"<p><em>Pa\u0144stwa montowana wiata ogrodowa, \u015bciany gara\u017cu czy sam dom mog\u0105 bez zieleni wydawa\u0107 si\u0119 nieco monotonne. Prosz\u0119 tchn\u0105\u0107 w nie \u017cycie dzi\u0119ki tym <a href=\"http:\/\/gardeon.pl\/blog\/kreativne-napady-na-rekonstrukciu-vasej-zahrady\/\">kreatywnym pomys\u0142om<\/a> na ogrody pionowe. Niezale\u017cnie od tego, czy s\u0105 Pa\u0144stwo minimalistami, czy preferuj\u0105 bardziej okaza\u0142e kreacje, ka\u017cdy znajdzie co\u015b dla siebie.  <\/em><\/p>\n<p><!--more--><\/p>\n<h2>Unosz\u0105ce si\u0119 doniczki<\/h2>\n<p>Prosz\u0119 wynie\u015b\u0107 ogr\u00f3d do niebios. \u201eLataj\u0105ce\u201d doniczki to odmiana ogrodu pionowego. Znajd\u0105 swoje miejsce na balkonie, w mniejszym ogrodzie, ale tak\u017ce zawieszone w altanie ogrodowej czy montowanej wiacie.  <span class=\"Apple-converted-space\"> <\/span><\/p>\n<p><img loading=\"lazy\" decoding=\"async\" class=\"aligncenter wp-image-20770\" src=\"http:\/\/gardeon.pl\/wp-content\/uploads\/2019\/09\/a-2-1024x1024.jpg\" alt=\"Wisz\u0105ce doniczki\" width=\"800\" height=\"800\" srcset=\"https:\/\/gardeon.pl\/wp-content\/uploads\/2019\/09\/a-2-1024x1024.jpg 1024w, https:\/\/gardeon.pl\/wp-content\/uploads\/2019\/09\/a-2-150x150.jpg 150w, https:\/\/gardeon.pl\/wp-content\/uploads\/2019\/09\/a-2-300x300.jpg 300w, https:\/\/gardeon.pl\/wp-content\/uploads\/2019\/09\/a-2-768x768.jpg 768w, https:\/\/gardeon.pl\/wp-content\/uploads\/2019\/09\/a-2.jpg 1200w\" sizes=\"auto, (max-width: 800px) 100vw, 800px\" \/><\/p>\n<h2>Minimalistyczne doniczki geometryczne<\/h2>\n<p>Nowoczesny design, a w roli g\u0142\u00f3wnej \u2013 sukulenty i kaktusy. Co tu wi\u0119cej dodawa\u0107? <span class=\"Apple-converted-space\"> <\/span><\/p>\n<p><img loading=\"lazy\" decoding=\"async\" class=\"aligncenter wp-image-20772\" src=\"http:\/\/gardeon.pl\/wp-content\/uploads\/2019\/09\/b-2-1024x768.jpg\" alt=\"Doniczki geometryczne\" width=\"800\" height=\"600\" srcset=\"https:\/\/gardeon.pl\/wp-content\/uploads\/2019\/09\/b-2-1024x768.jpg 1024w, https:\/\/gardeon.pl\/wp-content\/uploads\/2019\/09\/b-2-300x225.jpg 300w, https:\/\/gardeon.pl\/wp-content\/uploads\/2019\/09\/b-2-768x576.jpg 768w, https:\/\/gardeon.pl\/wp-content\/uploads\/2019\/09\/b-2.jpg 1200w\" sizes=\"auto, (max-width: 800px) 100vw, 800px\" \/><\/p>\n<p><img loading=\"lazy\" decoding=\"async\" class=\"aligncenter wp-image-20776\" src=\"http:\/\/gardeon.pl\/wp-content\/uploads\/2019\/09\/c-3-820x1024.jpg\" alt=\"Doniczki z kaktusami\" width=\"800\" height=\"999\" srcset=\"https:\/\/gardeon.pl\/wp-content\/uploads\/2019\/09\/c-3-820x1024.jpg 820w, https:\/\/gardeon.pl\/wp-content\/uploads\/2019\/09\/c-3-240x300.jpg 240w, https:\/\/gardeon.pl\/wp-content\/uploads\/2019\/09\/c-3-768x959.jpg 768w, https:\/\/gardeon.pl\/wp-content\/uploads\/2019\/09\/c-3.jpg 1080w\" sizes=\"auto, (max-width: 800px) 100vw, 800px\" \/><\/p>\n<h2>Po\u0142\u0105czenie zieleni, drewna i kamienia<\/h2>\n<p>Jak podej\u015b\u0107 do tradycyjnego po\u0142\u0105czenia w nietradycyjny spos\u00f3b? Ogr\u00f3d pionowy mo\u017cna \u0142\u0105czy\u0107 z wi\u0119kszymi i mniejszymi kawa\u0142kami drewna, ewentualnie doda\u0107 kamie\u0144 i inne naturalne elementy.  <span class=\"Apple-converted-space\"> <\/span><\/p>\n<p><img loading=\"lazy\" decoding=\"async\" class=\"aligncenter wp-image-20778\" src=\"http:\/\/gardeon.pl\/wp-content\/uploads\/2019\/09\/d-3.jpg\" alt=\"Drewno w wisz\u0105cych doniczkach\" width=\"800\" height=\"1066\" srcset=\"https:\/\/gardeon.pl\/wp-content\/uploads\/2019\/09\/d-3.jpg 736w, https:\/\/gardeon.pl\/wp-content\/uploads\/2019\/09\/d-3-225x300.jpg 225w\" sizes=\"auto, (max-width: 800px) 100vw, 800px\" \/><\/p>\n<p><img loading=\"lazy\" decoding=\"async\" class=\"aligncenter wp-image-20780\" src=\"http:\/\/gardeon.pl\/wp-content\/uploads\/2019\/09\/e-1.jpg\" alt=\"Drewno w du\u017cej okr\u0105g\u0142ej donicy\" width=\"800\" height=\"545\" srcset=\"https:\/\/gardeon.pl\/wp-content\/uploads\/2019\/09\/e-1.jpg 484w, https:\/\/gardeon.pl\/wp-content\/uploads\/2019\/09\/e-1-300x205.jpg 300w\" sizes=\"auto, (max-width: 800px) 100vw, 800px\" \/><\/p>\n<h2>Obrazy ro\u015blinne tchn\u0105 \u017cycie w \u015bciany<\/h2>\n<p>Wspania\u0142e \u017cywe obrazy wprowadzaj\u0105 natur\u0119 na \u015bciany kamienne, ceglane i blaszane. O\u017cywi\u0105 r\u00f3wnie\u017c drewniane pod\u0142o\u017ce. Tw\u00f3rca mo\u017ce bawi\u0107 si\u0119 kolorami. Naj\u0142atwiej pracuje si\u0119 z sukulentami. Ciekawym urozmaiceniem jest posadzenie <a href=\"https:\/\/mojdom.zoznam.sk\/cl\/10075\/1573661\/Vertikalna-zahrada-ozivi-kazdu-stenu--Co-by-ste-o-nej-mali-vediet-\">ro\u015blin pn\u0105cych<\/a>, kt\u00f3re \u017cyj\u0105 w\u0142asnym \u017cyciem i w\u0119druj\u0105 po \u015bcianie wiaty czy montowanego domku ogrodowego.    <\/p>\n<p><img loading=\"lazy\" decoding=\"async\" class=\"aligncenter wp-image-20782\" src=\"http:\/\/gardeon.pl\/wp-content\/uploads\/2019\/09\/f-3-683x1024.jpg\" alt=\"Zielony obraz ro\u015blinny\" width=\"800\" height=\"1200\" srcset=\"https:\/\/gardeon.pl\/wp-content\/uploads\/2019\/09\/f-3-683x1024.jpg 683w, https:\/\/gardeon.pl\/wp-content\/uploads\/2019\/09\/f-3-200x300.jpg 200w, https:\/\/gardeon.pl\/wp-content\/uploads\/2019\/09\/f-3-768x1152.jpg 768w, https:\/\/gardeon.pl\/wp-content\/uploads\/2019\/09\/f-3.jpg 980w\" sizes=\"auto, (max-width: 800px) 100vw, 800px\" \/><\/p>\n<p><img loading=\"lazy\" decoding=\"async\" class=\"aligncenter wp-image-20784\" src=\"http:\/\/gardeon.pl\/wp-content\/uploads\/2019\/09\/g-1-583x1024.jpg\" alt=\"Kolorowe kwiaty zawieszone na drewnie\" width=\"800\" height=\"1405\" srcset=\"https:\/\/gardeon.pl\/wp-content\/uploads\/2019\/09\/g-1-583x1024.jpg 583w, https:\/\/gardeon.pl\/wp-content\/uploads\/2019\/09\/g-1-171x300.jpg 171w, https:\/\/gardeon.pl\/wp-content\/uploads\/2019\/09\/g-1.jpg 750w\" sizes=\"auto, (max-width: 800px) 100vw, 800px\" \/><\/p>\n<h2>Bardziej ekstrawaganckie kreacje ogrodowe<\/h2>\n<p>Podobaj\u0105 si\u0119 Pa\u0144stwu \u017cywe obrazy, ale wol\u0105 Pa\u0144stwo my\u015ble\u0107 na du\u017c\u0105 skal\u0119? Prosz\u0119 za\u0142o\u017cy\u0107 kreatywny ogr\u00f3d pionowy na ca\u0142ej \u015bcianie ogrodzenia, gara\u017cu montowanego lub na \u015bcianie wiaty ogrodowej. <span class=\"Apple-converted-space\"> <\/span><\/p>\n<p><img loading=\"lazy\" decoding=\"async\" class=\"aligncenter wp-image-20786\" src=\"http:\/\/gardeon.pl\/wp-content\/uploads\/2019\/09\/h-2.jpg\" alt=\"Ogr\u00f3d kwiatowy za kanap\u0105\" width=\"800\" height=\"536\" srcset=\"https:\/\/gardeon.pl\/wp-content\/uploads\/2019\/09\/h-2.jpg 819w, https:\/\/gardeon.pl\/wp-content\/uploads\/2019\/09\/h-2-300x201.jpg 300w, https:\/\/gardeon.pl\/wp-content\/uploads\/2019\/09\/h-2-768x515.jpg 768w\" sizes=\"auto, (max-width: 800px) 100vw, 800px\" \/><\/p>\n<p>A co Pa\u0144stwo powiedz\u0105 na odwrotny spos\u00f3b? Prosz\u0119 zawiesi\u0107 dekoracje \u015bcienne na \u015bcianie z \u017cywop\u0142otu. Mog\u0105 to by\u0107 lustra, obrazy lub inne ozdoby. W tym przypadku nawet telewizor. Nale\u017cy jednak uwa\u017ca\u0107 na stabilno\u015b\u0107. Przy niew\u0142a\u015bciwym zamocowaniu mog\u0142oby doj\u015b\u0107 do wypadku oraz szk\u00f3d materialnych. Nie wspominaj\u0105c ju\u017c o tym, jak uci\u0105\u017cliwe by\u0142oby sprz\u0105tanie szk\u0142a z trawy.      <\/p>\n<p><img loading=\"lazy\" decoding=\"async\" class=\"aligncenter wp-image-20788\" src=\"http:\/\/gardeon.pl\/wp-content\/uploads\/2019\/09\/i-1.jpg\" alt=\"Lustra w zielonej \u015bcianie\" width=\"800\" height=\"502\" srcset=\"https:\/\/gardeon.pl\/wp-content\/uploads\/2019\/09\/i-1.jpg 893w, https:\/\/gardeon.pl\/wp-content\/uploads\/2019\/09\/i-1-300x188.jpg 300w, https:\/\/gardeon.pl\/wp-content\/uploads\/2019\/09\/i-1-768x482.jpg 768w\" sizes=\"auto, (max-width: 800px) 100vw, 800px\" \/><\/p>\n<p><img loading=\"lazy\" decoding=\"async\" class=\"aligncenter wp-image-20790\" src=\"http:\/\/gardeon.pl\/wp-content\/uploads\/2019\/09\/j-1.jpg\" alt=\"Lustro na drewnianym p\u0142ocie\" width=\"800\" height=\"531\" srcset=\"https:\/\/gardeon.pl\/wp-content\/uploads\/2019\/09\/j-1.jpg 980w, https:\/\/gardeon.pl\/wp-content\/uploads\/2019\/09\/j-1-300x199.jpg 300w, https:\/\/gardeon.pl\/wp-content\/uploads\/2019\/09\/j-1-768x509.jpg 768w\" sizes=\"auto, (max-width: 800px) 100vw, 800px\" \/><\/p>\n<h2>Nowa misja dla starych rzeczy<\/h2>\n<p>Te 3 pomys\u0142y r\u00f3wnie\u017c nale\u017c\u0105 do tych bardziej ekstrawaganckich. \u0141atwo jest wyrzuci\u0107 rzeczy. Ale prosz\u0119 zobaczy\u0107, o ile bardziej stylowe jest <a href=\"https:\/\/gardeon.pl\/pl\/blog\/kreatywny-ogrod-dla-dzieci-na-5-sposobow-uczcie-sie-i-bawcie\/\">danie im drugiej szansy<\/a>. Nie ma znaczenia, czy chodzi o stare meble, kalosze, z kt\u00f3rych dzieci wyros\u0142y, czy nawet stare, dziurawe buty.   <\/p>\n<p><img loading=\"lazy\" decoding=\"async\" class=\"aligncenter wp-image-20794\" src=\"http:\/\/gardeon.pl\/wp-content\/uploads\/2019\/09\/l-1.jpg\" alt=\"Doniczki z but\u00f3w\" width=\"800\" height=\"369\" srcset=\"https:\/\/gardeon.pl\/wp-content\/uploads\/2019\/09\/l-1.jpg 650w, https:\/\/gardeon.pl\/wp-content\/uploads\/2019\/09\/l-1-300x138.jpg 300w\" sizes=\"auto, (max-width: 800px) 100vw, 800px\" \/><\/p>\n<h2>Kolory w ogrodzie rozja\u015bni\u0105 Pa\u0144stwa dzie\u0144<\/h2>\n<p>Dzisiejsze nowoczesne po\u0142\u0105czenie bieli, szaro\u015bci i be\u017cu (wsz\u0119dzie, gdzie si\u0119 spojrzy) jest przyjemne i dyskretne. Ziele\u0144 w ogrodzie dzia\u0142a z kolei uspokajaj\u0105co. Z drugiej strony, \u017cycie bez kolor\u00f3w mo\u017ce wydawa\u0107 si\u0119 nieco monotonne. A gdyby tak wprowadzi\u0107 do ogrodu wi\u0119cej rado\u015bci? Prosz\u0119 wybra\u0107 z bogatej palety odcieni i barw te, kt\u00f3re najbardziej Pa\u0144stwo lubi\u0105. Weso\u0142y \u017c\u00f3\u0142ty, zabawny pomara\u0144czowy, ekscytuj\u0105cy czerwony, kreatywny fioletowy, inteligentny niebieski lub jakikolwiek inny, kt\u00f3ry wywo\u0142a u\u015bmiech na Pa\u0144stwa twarzy za ka\u017cdym razem, gdy b\u0119d\u0105 Pa\u0144stwo w ogrodzie.     <\/p>\n<p><img loading=\"lazy\" decoding=\"async\" class=\"aligncenter wp-image-20792\" src=\"http:\/\/gardeon.pl\/wp-content\/uploads\/2019\/09\/k-2-575x1024.jpg\" alt=\"Doniczki z niebieskich wiader\" width=\"800\" height=\"1424\" srcset=\"https:\/\/gardeon.pl\/wp-content\/uploads\/2019\/09\/k-2-575x1024.jpg 575w, https:\/\/gardeon.pl\/wp-content\/uploads\/2019\/09\/k-2-169x300.jpg 169w, https:\/\/gardeon.pl\/wp-content\/uploads\/2019\/09\/k-2.jpg 700w\" sizes=\"auto, (max-width: 800px) 100vw, 800px\" \/><\/p>\n<h5>\u0179r\u00f3d\u0142o (Source):<\/h5>\n<h5>https:\/\/www.amazon.com\/Macrame-Homecito-Handmade-Planters-Succulent\/dp\/B07L1Q1736<br \/>\nhttps:\/\/www.thegreenhead.com\/2017\/06\/lyfe-zero-gravity-planter-levitates-plants-in-mid-air.php<\/p>\n<div class=\"iframe-outer-container\">\n<div class=\"iframe-container\"><iframe loading=\"lazy\" title=\"my tiny bohemian balcony- photo by @apartmentf15\" src=\"https:\/\/assets.pinterest.com\/ext\/embed.html?id=6755468170650707&#038;src=oembed\" height=\"661\" width=\"450\" frameborder=\"0\" scrolling=\"no\" ><\/iframe><\/div>\n<\/div>\n<p>https:\/\/www.homedit.com\/outdoor-wall-decor-ideas-to-beautify-your-home\/kind-of-bird-house-but-like-wall-decor\/<br \/>\nhttps:\/\/www.ledelsur.com\/una-increible-seleccion-de-leneros\/<br \/>\nhttps:\/\/www.countryliving.com\/gardening\/garden-ideas\/how-to\/g1274\/how-to-plant-a-vertical-garden\/?slide=8<br \/>\nhttps:\/\/mymodernmet.com\/hanging-succulents-planters\/<br \/>\nhttps:\/\/www.homedit.com\/outdoor-wall-decor-ideas-to-beautify-your-home\/vertical-wall-garden-art\/<br \/>\nhttps:\/\/www.homedit.com\/outdoor-wall-decor-ideas-to-beautify-your-home\/green-wall-decorated-with-mirrors-and-empty-frames\/<br \/>\nhttps:\/\/www.countryliving.com\/gardening\/garden-ideas\/how-to\/g1274\/how-to-plant-a-vertical-garden\/?slide=17<br \/>\nhttps:\/\/www.countryliving.com\/gardening\/garden-ideas\/how-to\/g1274\/how-to-plant-a-vertical-garden\/?slide=2<br \/>\nhttps:\/\/homebnc.com\/best-creative-garden-container-ideas\/<br \/>\nhttps:\/\/www.ebay.com\/itm\/T4U-Pack-2-Deck-Balcony-Railing-Bridge-Planters-Decking-Hanging-Plant-Flower-Pot-\/223477942590<\/h5>\n","protected":false},"excerpt":{"rendered":"<p>Pa\u0144stwa montowana wiata ogrodowa, \u015bciany gara\u017cu czy sam dom mog\u0105 bez zieleni wydawa\u0107 si\u0119 nieco monotonne. Prosz\u0119 tchn\u0105\u0107 w nie \u017cycie dzi\u0119ki tym kreatywnym pomys\u0142om na ogrody pionowe. Niezale\u017cnie od tego, czy s\u0105 Pa\u0144stwo minimalistami, czy preferuj\u0105 bardziej okaza\u0142e kreacje, ka\u017cdy znajdzie co\u015b dla siebie.<\/p>\n","protected":false},"author":2,"featured_media":46353,"comment_status":"open","ping_status":"open","sticky":false,"template":"","format":"standard","meta":{"_acf_changed":false,"inline_featured_image":false,"footnotes":""},"categories":[607,594],"tags":[],"class_list":["post-46350","post","type-post","status-publish","format-standard","has-post-thumbnail","hentry","category-inspiracje","category-ogrod"],"acf":[],"yoast_head":"<!-- This site is optimized with the Yoast SEO plugin v27.4 - https:\/\/yoast.com\/product\/yoast-seo-wordpress\/ -->\n<title>Ponad 7 inspiracji na pionowe dekoracje ogrodu - GARDEON<\/title>\n<meta name=\"robots\" content=\"index, follow, max-snippet:-1, max-image-preview:large, max-video-preview:-1\" \/>\n<link rel=\"canonical\" href=\"https:\/\/gardeon.pl\/pl\/blog\/ponad-7-inspiracji-na-pionowe-dekoracje-ogrodu\/\" \/>\n<meta property=\"og:locale\" content=\"pl_PL\" \/>\n<meta property=\"og:type\" content=\"article\" \/>\n<meta property=\"og:title\" content=\"Ponad 7 inspiracji na pionowe dekoracje ogrodu - GARDEON\" \/>\n<meta property=\"og:description\" content=\"Pa\u0144stwa montowana wiata ogrodowa, \u015bciany gara\u017cu czy sam dom mog\u0105 bez zieleni wydawa\u0107 si\u0119 nieco monotonne. Prosz\u0119 tchn\u0105\u0107 w nie \u017cycie dzi\u0119ki tym kreatywnym pomys\u0142om na ogrody pionowe. Niezale\u017cnie od tego, czy s\u0105 Pa\u0144stwo minimalistami, czy preferuj\u0105 bardziej okaza\u0142e kreacje, ka\u017cdy znajdzie co\u015b dla siebie.\" \/>\n<meta property=\"og:url\" content=\"https:\/\/gardeon.pl\/pl\/blog\/ponad-7-inspiracji-na-pionowe-dekoracje-ogrodu\/\" \/>\n<meta property=\"og:site_name\" content=\"GARDEON\" \/>\n<meta property=\"article:published_time\" content=\"2026-04-23T17:03:24+00:00\" \/>\n<meta property=\"og:image\" content=\"http:\/\/gardeon.pl\/wp-content\/uploads\/2019\/09\/banner-2.jpg\" \/>\n\t<meta property=\"og:image:width\" content=\"3000\" \/>\n\t<meta property=\"og:image:height\" content=\"2000\" \/>\n\t<meta property=\"og:image:type\" content=\"image\/jpeg\" \/>\n<meta name=\"author\" content=\"editor\" \/>\n<meta name=\"twitter:card\" content=\"summary_large_image\" \/>\n<meta name=\"twitter:label1\" content=\"Napisane przez\" \/>\n\t<meta name=\"twitter:data1\" content=\"editor\" \/>\n\t<meta name=\"twitter:label2\" content=\"Szacowany czas czytania\" \/>\n\t<meta name=\"twitter:data2\" content=\"3 minuty\" \/>\n<script type=\"application\/ld+json\" class=\"yoast-schema-graph\">{\"@context\":\"https:\\\/\\\/schema.org\",\"@graph\":[{\"@type\":\"Article\",\"@id\":\"https:\\\/\\\/gardeon.pl\\\/pl\\\/blog\\\/ponad-7-inspiracji-na-pionowe-dekoracje-ogrodu\\\/#article\",\"isPartOf\":{\"@id\":\"https:\\\/\\\/gardeon.pl\\\/pl\\\/blog\\\/ponad-7-inspiracji-na-pionowe-dekoracje-ogrodu\\\/\"},\"author\":{\"name\":\"editor\",\"@id\":\"https:\\\/\\\/gardeon.pl\\\/#\\\/schema\\\/person\\\/a5762ca5f0790bf92774af0899379463\"},\"headline\":\"Ponad 7 inspiracji na pionowe dekoracje ogrodu\",\"datePublished\":\"2026-04-23T17:03:24+00:00\",\"mainEntityOfPage\":{\"@id\":\"https:\\\/\\\/gardeon.pl\\\/pl\\\/blog\\\/ponad-7-inspiracji-na-pionowe-dekoracje-ogrodu\\\/\"},\"wordCount\":577,\"commentCount\":0,\"image\":{\"@id\":\"https:\\\/\\\/gardeon.pl\\\/pl\\\/blog\\\/ponad-7-inspiracji-na-pionowe-dekoracje-ogrodu\\\/#primaryimage\"},\"thumbnailUrl\":\"https:\\\/\\\/gardeon.pl\\\/wp-content\\\/uploads\\\/2019\\\/09\\\/banner-2.jpg\",\"articleSection\":[\"Inspiracje\",\"Ogr\u00f3d\"],\"inLanguage\":\"pl-PL\",\"potentialAction\":[{\"@type\":\"CommentAction\",\"name\":\"Comment\",\"target\":[\"https:\\\/\\\/gardeon.pl\\\/pl\\\/blog\\\/ponad-7-inspiracji-na-pionowe-dekoracje-ogrodu\\\/#respond\"]}]},{\"@type\":\"WebPage\",\"@id\":\"https:\\\/\\\/gardeon.pl\\\/pl\\\/blog\\\/ponad-7-inspiracji-na-pionowe-dekoracje-ogrodu\\\/\",\"url\":\"https:\\\/\\\/gardeon.pl\\\/pl\\\/blog\\\/ponad-7-inspiracji-na-pionowe-dekoracje-ogrodu\\\/\",\"name\":\"Ponad 7 inspiracji na pionowe dekoracje ogrodu - GARDEON\",\"isPartOf\":{\"@id\":\"https:\\\/\\\/gardeon.pl\\\/#website\"},\"primaryImageOfPage\":{\"@id\":\"https:\\\/\\\/gardeon.pl\\\/pl\\\/blog\\\/ponad-7-inspiracji-na-pionowe-dekoracje-ogrodu\\\/#primaryimage\"},\"image\":{\"@id\":\"https:\\\/\\\/gardeon.pl\\\/pl\\\/blog\\\/ponad-7-inspiracji-na-pionowe-dekoracje-ogrodu\\\/#primaryimage\"},\"thumbnailUrl\":\"https:\\\/\\\/gardeon.pl\\\/wp-content\\\/uploads\\\/2019\\\/09\\\/banner-2.jpg\",\"datePublished\":\"2026-04-23T17:03:24+00:00\",\"author\":{\"@id\":\"https:\\\/\\\/gardeon.pl\\\/#\\\/schema\\\/person\\\/a5762ca5f0790bf92774af0899379463\"},\"breadcrumb\":{\"@id\":\"https:\\\/\\\/gardeon.pl\\\/pl\\\/blog\\\/ponad-7-inspiracji-na-pionowe-dekoracje-ogrodu\\\/#breadcrumb\"},\"inLanguage\":\"pl-PL\",\"potentialAction\":[{\"@type\":\"ReadAction\",\"target\":[\"https:\\\/\\\/gardeon.pl\\\/pl\\\/blog\\\/ponad-7-inspiracji-na-pionowe-dekoracje-ogrodu\\\/\"]}]},{\"@type\":\"ImageObject\",\"inLanguage\":\"pl-PL\",\"@id\":\"https:\\\/\\\/gardeon.pl\\\/pl\\\/blog\\\/ponad-7-inspiracji-na-pionowe-dekoracje-ogrodu\\\/#primaryimage\",\"url\":\"https:\\\/\\\/gardeon.pl\\\/wp-content\\\/uploads\\\/2019\\\/09\\\/banner-2.jpg\",\"contentUrl\":\"https:\\\/\\\/gardeon.pl\\\/wp-content\\\/uploads\\\/2019\\\/09\\\/banner-2.jpg\",\"width\":3000,\"height\":2000,\"caption\":\"Plastikowe doniczki zawieszone na p\u0142ocie\"},{\"@type\":\"BreadcrumbList\",\"@id\":\"https:\\\/\\\/gardeon.pl\\\/pl\\\/blog\\\/ponad-7-inspiracji-na-pionowe-dekoracje-ogrodu\\\/#breadcrumb\",\"itemListElement\":[{\"@type\":\"ListItem\",\"position\":1,\"name\":\"Domov\",\"item\":\"https:\\\/\\\/gardeon.pl\\\/pl\\\/\"},{\"@type\":\"ListItem\",\"position\":2,\"name\":\"Ponad 7 inspiracji na pionowe dekoracje ogrodu\"}]},{\"@type\":\"WebSite\",\"@id\":\"https:\\\/\\\/gardeon.pl\\\/#website\",\"url\":\"https:\\\/\\\/gardeon.pl\\\/\",\"name\":\"GARDEON\",\"description\":\"\",\"potentialAction\":[{\"@type\":\"SearchAction\",\"target\":{\"@type\":\"EntryPoint\",\"urlTemplate\":\"https:\\\/\\\/gardeon.pl\\\/?s={search_term_string}\"},\"query-input\":{\"@type\":\"PropertyValueSpecification\",\"valueRequired\":true,\"valueName\":\"search_term_string\"}}],\"inLanguage\":\"pl-PL\"},{\"@type\":\"Person\",\"@id\":\"https:\\\/\\\/gardeon.pl\\\/#\\\/schema\\\/person\\\/a5762ca5f0790bf92774af0899379463\",\"name\":\"editor\",\"image\":{\"@type\":\"ImageObject\",\"inLanguage\":\"pl-PL\",\"@id\":\"https:\\\/\\\/secure.gravatar.com\\\/avatar\\\/2b748151c2c748327307fd289a91b3bdafdd9e64e2d000e65e53d6dcf11c5830?s=96&d=mm&r=g\",\"url\":\"https:\\\/\\\/secure.gravatar.com\\\/avatar\\\/2b748151c2c748327307fd289a91b3bdafdd9e64e2d000e65e53d6dcf11c5830?s=96&d=mm&r=g\",\"contentUrl\":\"https:\\\/\\\/secure.gravatar.com\\\/avatar\\\/2b748151c2c748327307fd289a91b3bdafdd9e64e2d000e65e53d6dcf11c5830?s=96&d=mm&r=g\",\"caption\":\"editor\"}}]}<\/script>\n<!-- \/ Yoast SEO plugin. -->","yoast_head_json":{"title":"Ponad 7 inspiracji na pionowe dekoracje ogrodu - GARDEON","robots":{"index":"index","follow":"follow","max-snippet":"max-snippet:-1","max-image-preview":"max-image-preview:large","max-video-preview":"max-video-preview:-1"},"canonical":"https:\/\/gardeon.pl\/pl\/blog\/ponad-7-inspiracji-na-pionowe-dekoracje-ogrodu\/","og_locale":"pl_PL","og_type":"article","og_title":"Ponad 7 inspiracji na pionowe dekoracje ogrodu - GARDEON","og_description":"Pa\u0144stwa montowana wiata ogrodowa, \u015bciany gara\u017cu czy sam dom mog\u0105 bez zieleni wydawa\u0107 si\u0119 nieco monotonne. Prosz\u0119 tchn\u0105\u0107 w nie \u017cycie dzi\u0119ki tym kreatywnym pomys\u0142om na ogrody pionowe. Niezale\u017cnie od tego, czy s\u0105 Pa\u0144stwo minimalistami, czy preferuj\u0105 bardziej okaza\u0142e kreacje, ka\u017cdy znajdzie co\u015b dla siebie.","og_url":"https:\/\/gardeon.pl\/pl\/blog\/ponad-7-inspiracji-na-pionowe-dekoracje-ogrodu\/","og_site_name":"GARDEON","article_published_time":"2026-04-23T17:03:24+00:00","og_image":[{"width":3000,"height":2000,"url":"http:\/\/gardeon.pl\/wp-content\/uploads\/2019\/09\/banner-2.jpg","type":"image\/jpeg"}],"author":"editor","twitter_card":"summary_large_image","twitter_misc":{"Napisane przez":"editor","Szacowany czas czytania":"3 minuty"},"schema":{"@context":"https:\/\/schema.org","@graph":[{"@type":"Article","@id":"https:\/\/gardeon.pl\/pl\/blog\/ponad-7-inspiracji-na-pionowe-dekoracje-ogrodu\/#article","isPartOf":{"@id":"https:\/\/gardeon.pl\/pl\/blog\/ponad-7-inspiracji-na-pionowe-dekoracje-ogrodu\/"},"author":{"name":"editor","@id":"https:\/\/gardeon.pl\/#\/schema\/person\/a5762ca5f0790bf92774af0899379463"},"headline":"Ponad 7 inspiracji na pionowe dekoracje ogrodu","datePublished":"2026-04-23T17:03:24+00:00","mainEntityOfPage":{"@id":"https:\/\/gardeon.pl\/pl\/blog\/ponad-7-inspiracji-na-pionowe-dekoracje-ogrodu\/"},"wordCount":577,"commentCount":0,"image":{"@id":"https:\/\/gardeon.pl\/pl\/blog\/ponad-7-inspiracji-na-pionowe-dekoracje-ogrodu\/#primaryimage"},"thumbnailUrl":"https:\/\/gardeon.pl\/wp-content\/uploads\/2019\/09\/banner-2.jpg","articleSection":["Inspiracje","Ogr\u00f3d"],"inLanguage":"pl-PL","potentialAction":[{"@type":"CommentAction","name":"Comment","target":["https:\/\/gardeon.pl\/pl\/blog\/ponad-7-inspiracji-na-pionowe-dekoracje-ogrodu\/#respond"]}]},{"@type":"WebPage","@id":"https:\/\/gardeon.pl\/pl\/blog\/ponad-7-inspiracji-na-pionowe-dekoracje-ogrodu\/","url":"https:\/\/gardeon.pl\/pl\/blog\/ponad-7-inspiracji-na-pionowe-dekoracje-ogrodu\/","name":"Ponad 7 inspiracji na pionowe dekoracje ogrodu - GARDEON","isPartOf":{"@id":"https:\/\/gardeon.pl\/#website"},"primaryImageOfPage":{"@id":"https:\/\/gardeon.pl\/pl\/blog\/ponad-7-inspiracji-na-pionowe-dekoracje-ogrodu\/#primaryimage"},"image":{"@id":"https:\/\/gardeon.pl\/pl\/blog\/ponad-7-inspiracji-na-pionowe-dekoracje-ogrodu\/#primaryimage"},"thumbnailUrl":"https:\/\/gardeon.pl\/wp-content\/uploads\/2019\/09\/banner-2.jpg","datePublished":"2026-04-23T17:03:24+00:00","author":{"@id":"https:\/\/gardeon.pl\/#\/schema\/person\/a5762ca5f0790bf92774af0899379463"},"breadcrumb":{"@id":"https:\/\/gardeon.pl\/pl\/blog\/ponad-7-inspiracji-na-pionowe-dekoracje-ogrodu\/#breadcrumb"},"inLanguage":"pl-PL","potentialAction":[{"@type":"ReadAction","target":["https:\/\/gardeon.pl\/pl\/blog\/ponad-7-inspiracji-na-pionowe-dekoracje-ogrodu\/"]}]},{"@type":"ImageObject","inLanguage":"pl-PL","@id":"https:\/\/gardeon.pl\/pl\/blog\/ponad-7-inspiracji-na-pionowe-dekoracje-ogrodu\/#primaryimage","url":"https:\/\/gardeon.pl\/wp-content\/uploads\/2019\/09\/banner-2.jpg","contentUrl":"https:\/\/gardeon.pl\/wp-content\/uploads\/2019\/09\/banner-2.jpg","width":3000,"height":2000,"caption":"Plastikowe doniczki zawieszone na p\u0142ocie"},{"@type":"BreadcrumbList","@id":"https:\/\/gardeon.pl\/pl\/blog\/ponad-7-inspiracji-na-pionowe-dekoracje-ogrodu\/#breadcrumb","itemListElement":[{"@type":"ListItem","position":1,"name":"Domov","item":"https:\/\/gardeon.pl\/pl\/"},{"@type":"ListItem","position":2,"name":"Ponad 7 inspiracji na pionowe dekoracje ogrodu"}]},{"@type":"WebSite","@id":"https:\/\/gardeon.pl\/#website","url":"https:\/\/gardeon.pl\/","name":"GARDEON","description":"","potentialAction":[{"@type":"SearchAction","target":{"@type":"EntryPoint","urlTemplate":"https:\/\/gardeon.pl\/?s={search_term_string}"},"query-input":{"@type":"PropertyValueSpecification","valueRequired":true,"valueName":"search_term_string"}}],"inLanguage":"pl-PL"},{"@type":"Person","@id":"https:\/\/gardeon.pl\/#\/schema\/person\/a5762ca5f0790bf92774af0899379463","name":"editor","image":{"@type":"ImageObject","inLanguage":"pl-PL","@id":"https:\/\/secure.gravatar.com\/avatar\/2b748151c2c748327307fd289a91b3bdafdd9e64e2d000e65e53d6dcf11c5830?s=96&d=mm&r=g","url":"https:\/\/secure.gravatar.com\/avatar\/2b748151c2c748327307fd289a91b3bdafdd9e64e2d000e65e53d6dcf11c5830?s=96&d=mm&r=g","contentUrl":"https:\/\/secure.gravatar.com\/avatar\/2b748151c2c748327307fd289a91b3bdafdd9e64e2d000e65e53d6dcf11c5830?s=96&d=mm&r=g","caption":"editor"}}]}},"_links":{"self":[{"href":"https:\/\/gardeon.pl\/pl\/wp-json\/wp\/v2\/posts\/46350","targetHints":{"allow":["GET"]}}],"collection":[{"href":"https:\/\/gardeon.pl\/pl\/wp-json\/wp\/v2\/posts"}],"about":[{"href":"https:\/\/gardeon.pl\/pl\/wp-json\/wp\/v2\/types\/post"}],"author":[{"embeddable":true,"href":"https:\/\/gardeon.pl\/pl\/wp-json\/wp\/v2\/users\/2"}],"replies":[{"embeddable":true,"href":"https:\/\/gardeon.pl\/pl\/wp-json\/wp\/v2\/comments?post=46350"}],"version-history":[{"count":0,"href":"https:\/\/gardeon.pl\/pl\/wp-json\/wp\/v2\/posts\/46350\/revisions"}],"wp:featuredmedia":[{"embeddable":true,"href":"https:\/\/gardeon.pl\/pl\/wp-json\/wp\/v2\/media\/46353"}],"wp:attachment":[{"href":"https:\/\/gardeon.pl\/pl\/wp-json\/wp\/v2\/media?parent=46350"}],"wp:term":[{"taxonomy":"category","embeddable":true,"href":"https:\/\/gardeon.pl\/pl\/wp-json\/wp\/v2\/categories?post=46350"},{"taxonomy":"post_tag","embeddable":true,"href":"https:\/\/gardeon.pl\/pl\/wp-json\/wp\/v2\/tags?post=46350"}],"curies":[{"name":"wp","href":"https:\/\/api.w.org\/{rel}","templated":true}]}}