{"id":46373,"date":"2026-04-23T19:03:24","date_gmt":"2026-04-23T17:03:24","guid":{"rendered":"https:\/\/gardeon.pl\/?p=46373"},"modified":"2026-04-23T19:03:24","modified_gmt":"2026-04-23T17:03:24","slug":"zajrzyj-do-garazy-slawnych-osobistosci-zakladamy-sie-ze-ty-rowniez-bedziesz-chcial-je-miec","status":"publish","type":"post","link":"https:\/\/gardeon.pl\/pl\/blog\/zajrzyj-do-garazy-slawnych-osobistosci-zakladamy-sie-ze-ty-rowniez-bedziesz-chcial-je-miec\/","title":{"rendered":"Zajrzyj do gara\u017cy s\u0142awnych osobisto\u015bci. Zak\u0142adamy si\u0119, \u017ce Ty r\u00f3wnie\u017c b\u0119dziesz chcia\u0142 je mie\u0107"},"content":{"rendered":"<p><em>Gara\u017c to kr\u00f3lestwo niejednego m\u0119\u017cczyzny. Niemal ka\u017cdy marzy o tym, by w swoim gara\u017cu mie\u0107 samoch\u00f3d, kt\u00f3ry zachwyci wszystkich wok\u00f3\u0142. Czy masz ju\u017c taki? Inspiracj\u0119 mo\u017cesz czerpa\u0107 zewsz\u0105d \u2013 od s\u0105siada, z czasopisma motoryzacyjnego lub z internetu. Dzi\u015b mo\u017cesz zajrze\u0107 do gara\u017cy gwiazd razem z nami.     <span class=\"Apple-converted-space\"> <\/span><\/em><\/p>\n<p><!--more--><\/p>\n<p><em>Oczywi\u015bcie tylko nieliczni mog\u0105 sobie pozwoli\u0107 na luksusowe egzemplarze, kt\u00f3re wi\u0119kszo\u015b\u0107 celebryt\u00f3w ma zaparkowane w swoich gara\u017cach. W ka\u017cdym z nich mo\u017cna jednak znale\u017a\u0107 dawk\u0119 inspiracji. Tw\u00f3j gara\u017c blaszany r\u00f3wnie\u017c zas\u0142uguje na to, by by\u0107 wyj\u0105tkowy!  <\/em><\/p>\n<p><img loading=\"lazy\" decoding=\"async\" class=\"aligncenter wp-image-19747\" src=\"http:\/\/gardeon.pl\/wp-content\/uploads\/2019\/06\/a-1024x683.jpeg\" alt=\"Sportowe klasyki\" width=\"800\" height=\"533\" srcset=\"https:\/\/gardeon.pl\/wp-content\/uploads\/2019\/06\/a-1024x683.jpeg 1024w, https:\/\/gardeon.pl\/wp-content\/uploads\/2019\/06\/a-300x200.jpeg 300w, https:\/\/gardeon.pl\/wp-content\/uploads\/2019\/06\/a-768x512.jpeg 768w, https:\/\/gardeon.pl\/wp-content\/uploads\/2019\/06\/a.jpeg 1500w\" sizes=\"auto, (max-width: 800px) 100vw, 800px\" \/><\/p>\n<p><em>Ekskluzywne dodatki? Pok\u00f3j z bilardem? Specjalny zesp\u00f3\u0142 mechanik\u00f3w dbaj\u0105cy o \u201eflot\u0119\u201d luksusowych aut? Zobacz z nami, jakie skarby kryj\u0105 gara\u017ce s\u0142awnych osobisto\u015bci.   <\/em><\/p>\n<h2>Samochodowe niebo Ralpha Laurena<\/h2>\n<p>Czy wiedzieli Pa\u0144stwo, \u017ce \u015bwiatowej s\u0142awy projektant mody jest pasjonatem kolekcjonowania samochod\u00f3w? <a href=\"https:\/\/www.vanityfair.com\/style\/photos\/2011\/01\/ralph-lauren-garage-slide-show-201101\">Ralph Lauren<\/a>, 79-letni odnosz\u0105cy sukcesy przedsi\u0119biorca, skrywa <a href=\"https:\/\/auto-mania.cz\/obrazem-ralph-lauren-a-jeho-luxusni-sbirka-vozu\/\">w swoim gara\u017cu<\/a> ponad 60 zabytkowych aut. <\/p>\n<p><img loading=\"lazy\" decoding=\"async\" class=\"aligncenter wp-image-19775\" src=\"http:\/\/gardeon.pl\/wp-content\/uploads\/2019\/06\/RL-a-1024x684.jpg\" alt=\"\" width=\"800\" height=\"534\" srcset=\"https:\/\/gardeon.pl\/wp-content\/uploads\/2019\/06\/RL-a-1024x684.jpg 1024w, https:\/\/gardeon.pl\/wp-content\/uploads\/2019\/06\/RL-a-300x200.jpg 300w, https:\/\/gardeon.pl\/wp-content\/uploads\/2019\/06\/RL-a-768x513.jpg 768w, https:\/\/gardeon.pl\/wp-content\/uploads\/2019\/06\/RL-a.jpg 1107w\" sizes=\"auto, (max-width: 800px) 100vw, 800px\" \/><\/p>\n<p>Do najbardziej wyj\u0105tkowych egzemplarzy w jego samochodowym niebie w Nowym Jorku nale\u017c\u0105 na przyk\u0142ad Ferrari Testarossa, Mercedes-Benz 300 SL Gullwing, Lamborghini Revent\u00f3n Roadster czy Bentley z 1929 roku. Wszystkie samochody s\u0105 w idealnym stanie, dlatego dumny w\u0142a\u015bciciel mo\u017ce w ka\u017cdej chwili przejecha\u0107 si\u0119 dowolnym z nich. <span class=\"Apple-converted-space\"> <\/span><\/p>\n<p><img loading=\"lazy\" decoding=\"async\" class=\"aligncenter wp-image-19777\" src=\"http:\/\/gardeon.pl\/wp-content\/uploads\/2019\/06\/RL-b-1024x768.jpg\" alt=\"\" width=\"800\" height=\"600\" srcset=\"https:\/\/gardeon.pl\/wp-content\/uploads\/2019\/06\/RL-b-1024x768.jpg 1024w, https:\/\/gardeon.pl\/wp-content\/uploads\/2019\/06\/RL-b-300x225.jpg 300w, https:\/\/gardeon.pl\/wp-content\/uploads\/2019\/06\/RL-b-768x576.jpg 768w, https:\/\/gardeon.pl\/wp-content\/uploads\/2019\/06\/RL-b.jpg 1107w\" sizes=\"auto, (max-width: 800px) 100vw, 800px\" \/><\/p>\n<p><img loading=\"lazy\" decoding=\"async\" class=\"aligncenter wp-image-19779\" src=\"http:\/\/gardeon.pl\/wp-content\/uploads\/2019\/06\/RL-c-1024x625.jpg\" alt=\"\" width=\"800\" height=\"489\" srcset=\"https:\/\/gardeon.pl\/wp-content\/uploads\/2019\/06\/RL-c-1024x625.jpg 1024w, https:\/\/gardeon.pl\/wp-content\/uploads\/2019\/06\/RL-c-300x183.jpg 300w, https:\/\/gardeon.pl\/wp-content\/uploads\/2019\/06\/RL-c-768x469.jpg 768w, https:\/\/gardeon.pl\/wp-content\/uploads\/2019\/06\/RL-c.jpg 1107w\" sizes=\"auto, (max-width: 800px) 100vw, 800px\" \/><\/p>\n<h2>3-poziomowy gara\u017c Jerry&#8217;ego Seinfelda<\/h2>\n<p>Zastanawiaj\u0105 si\u0119 Pa\u0144stwo, kto to jest? To bardzo znany ameryka\u0144ski komik stand-upowy. Opr\u00f3cz poczucia humoru, zas\u0142yn\u0105\u0142 w USA r\u00f3wnie\u017c <a href=\"http:\/\/www.dumazahrada.cz\/stavba-rekonstrukce\/stavba\/2012\/3\/1\/komik-jerry-seifeld-ma-v-dome-garaz-plnou-porsaku\/\">swoj\u0105 ogromn\u0105 kolekcj\u0105 samochod\u00f3w<\/a>, w kt\u00f3rej mo\u017cna znale\u017a\u0107 zar\u00f3wno zabytkowe modele, jak i nowoczesne auta sportowe. Wi\u0119kszo\u015b\u0107 z tych pojazd\u00f3w to marka Porsche.   <span class=\"Apple-converted-space\"> <\/span><\/p>\n<p><img loading=\"lazy\" decoding=\"async\" class=\"aligncenter wp-image-19761\" src=\"http:\/\/gardeon.pl\/wp-content\/uploads\/2019\/06\/JSa.jpg\" alt=\"\" width=\"800\" height=\"533\" srcset=\"https:\/\/gardeon.pl\/wp-content\/uploads\/2019\/06\/JSa.jpg 864w, https:\/\/gardeon.pl\/wp-content\/uploads\/2019\/06\/JSa-300x200.jpg 300w, https:\/\/gardeon.pl\/wp-content\/uploads\/2019\/06\/JSa-768x512.jpg 768w\" sizes=\"auto, (max-width: 800px) 100vw, 800px\" \/><\/p>\n<p>Warto\u015b\u0107 jego 3-poziomowego gara\u017cu w Nowym Jorku wynosi oko\u0142o 1,4 miliona dolar\u00f3w. <a href=\"http:\/\/supercars.agent4stars.com\/power-cars\/jerry-seinfelds-car-collection-usa\/\">Jerry Seinfeld<\/a> ma nawet w\u0142asny zesp\u00f3\u0142 mechanik\u00f3w, kt\u00f3ry codziennie dba o jego kolekcj\u0119.<\/p>\n<p><img loading=\"lazy\" decoding=\"async\" class=\"aligncenter wp-image-19763\" src=\"http:\/\/gardeon.pl\/wp-content\/uploads\/2019\/06\/JSb.jpg\" alt=\"\" width=\"800\" height=\"459\" srcset=\"https:\/\/gardeon.pl\/wp-content\/uploads\/2019\/06\/JSb.jpg 800w, https:\/\/gardeon.pl\/wp-content\/uploads\/2019\/06\/JSb-300x172.jpg 300w, https:\/\/gardeon.pl\/wp-content\/uploads\/2019\/06\/JSb-768x441.jpg 768w\" sizes=\"auto, (max-width: 800px) 100vw, 800px\" \/><\/p>\n<p>Gara\u017c jest naprawd\u0119 ogromny, dlatego nie mog\u0142o w nim zabrakn\u0105\u0107 windy. Znajd\u0105 tam Pa\u0144stwo r\u00f3wnie\u017c sal\u0119 bilardow\u0105, biuro, \u0142azienk\u0119, pok\u00f3j dzienny oraz kuchni\u0119. W razie potrzeby w\u0142a\u015bciciel mo\u017ce kontrolowa\u0107 swoj\u0105 niesamowit\u0105 kolekcj\u0119 dzi\u0119ki systemowi kamer, kt\u00f3ry monitoruje ca\u0142e wn\u0119trze i otoczenie 24\/7.  <\/p>\n<p><img loading=\"lazy\" decoding=\"async\" class=\"aligncenter wp-image-19765\" src=\"http:\/\/gardeon.pl\/wp-content\/uploads\/2019\/06\/JSc.jpg\" alt=\"\" width=\"800\" height=\"593\" srcset=\"https:\/\/gardeon.pl\/wp-content\/uploads\/2019\/06\/JSc.jpg 750w, https:\/\/gardeon.pl\/wp-content\/uploads\/2019\/06\/JSc-300x222.jpg 300w\" sizes=\"auto, (max-width: 800px) 100vw, 800px\" \/><\/p>\n<h2>Domowe lotnisko Johna Travolty<\/h2>\n<p>Kto nie zna tego \u015bwiatowej s\u0142awy aktora o w\u0142osko-ameryka\u0144skim uroku? Zapisa\u0142 si\u0119 w naszej pami\u0119ci g\u0142\u00f3wnie dzi\u0119ki hitom filmowym, takim jak \u201eGor\u0105czka sobotniej nocy\u201d, \u201eGrease\u201d czy \u201ePulp Fiction\u201d. Utalentowany aktor ma w swojej kolekcji wprawdzie tylko 15 samochod\u00f3w, ale <a href=\"https:\/\/lepsiebyvanie.centrum.sk\/byvanie-celebrit\/705665\/john-travolta-doma-parkuje-lietadlo\">jego gara\u017c skrywa r\u00f3wnie\u017c inne skarby<\/a>.  <\/p>\n<p><img loading=\"lazy\" decoding=\"async\" class=\"aligncenter wp-image-19767\" src=\"http:\/\/gardeon.pl\/wp-content\/uploads\/2019\/06\/JTa-1024x768.jpg\" alt=\"\" width=\"800\" height=\"600\" srcset=\"https:\/\/gardeon.pl\/wp-content\/uploads\/2019\/06\/JTa.jpg 1024w, https:\/\/gardeon.pl\/wp-content\/uploads\/2019\/06\/JTa-300x225.jpg 300w, https:\/\/gardeon.pl\/wp-content\/uploads\/2019\/06\/JTa-768x576.jpg 768w\" sizes=\"auto, (max-width: 800px) 100vw, 800px\" \/><\/p>\n<p>Na jego zewn\u0119trznym parkingu znajd\u0105 Pa\u0144stwo 2 samoloty (Gulfstream i Boeing 707). John Travolta sam jest certyfikowanym pilotem, wi\u0119c mo\u017ce je osobi\u015bcie pilotowa\u0107. <span class=\"Apple-converted-space\"> <\/span><\/p>\n<p><img loading=\"lazy\" decoding=\"async\" class=\"aligncenter wp-image-19769\" src=\"http:\/\/gardeon.pl\/wp-content\/uploads\/2019\/06\/JTb-1024x767.jpg\" alt=\"\" width=\"800\" height=\"600\" srcset=\"https:\/\/gardeon.pl\/wp-content\/uploads\/2019\/06\/JTb-1024x767.jpg 1024w, https:\/\/gardeon.pl\/wp-content\/uploads\/2019\/06\/JTb-300x225.jpg 300w, https:\/\/gardeon.pl\/wp-content\/uploads\/2019\/06\/JTb-768x576.jpg 768w, https:\/\/gardeon.pl\/wp-content\/uploads\/2019\/06\/JTb-1200x900-cropped.jpg 1200w, https:\/\/gardeon.pl\/wp-content\/uploads\/2019\/06\/JTb.jpg 1417w\" sizes=\"auto, (max-width: 800px) 100vw, 800px\" \/><\/p>\n<p>Na terenie posiad\u0142o\u015bci znajduje si\u0119 r\u00f3wnie\u017c pas startowy o d\u0142ugo\u015bci 2,5 km oraz stacje mycia samolot\u00f3w. Wielko\u015b\u0107 dzia\u0142ki pozwala na parkowanie tak\u017ce innych du\u017cych maszyn. Kto nie chcia\u0142by takiego kolosa?  <\/p>\n<h2>Gigantyczne \u201emuzeum\u201d Jaya Leno<\/h2>\n<p>James Douglas Muir \u201eJay\u201d Leno to kolejny znany ameryka\u0144ski komik, a tak\u017ce aktor, pisarz i producent. Tego by\u0142ego gospodarza ameryka\u0144skich program\u00f3w typu late-night show mo\u017cna z czystym sumieniem nazwa\u0107 kr\u00f3lem samochod\u00f3w. <span class=\"Apple-converted-space\"> <\/span><\/p>\n<p><img loading=\"lazy\" decoding=\"async\" class=\"aligncenter wp-image-19755\" src=\"http:\/\/gardeon.pl\/wp-content\/uploads\/2019\/06\/JLb-1024x683.jpg\" alt=\"\" width=\"800\" height=\"533\" srcset=\"https:\/\/gardeon.pl\/wp-content\/uploads\/2019\/06\/JLb-1024x683.jpg 1024w, https:\/\/gardeon.pl\/wp-content\/uploads\/2019\/06\/JLb-300x200.jpg 300w, https:\/\/gardeon.pl\/wp-content\/uploads\/2019\/06\/JLb-768x512.jpg 768w, https:\/\/gardeon.pl\/wp-content\/uploads\/2019\/06\/JLb.jpg 1920w\" sizes=\"auto, (max-width: 800px) 100vw, 800px\" \/><\/p>\n<p>Jego kr\u00f3lestwo ma powierzchni\u0119 oko\u0142o 1 580 m\u00b2, a <a href=\"https:\/\/www.pluska.sk\/brejk\/styl\/moderator-jay-leno-zbiera-auta-pozrite-ake-skvosty-ukryva-garazi.html\">o jego klejnoty dba ca\u0142y zesp\u00f3\u0142 mechanik\u00f3w<\/a>. Jay Leno prawdopodobnie z trudem by\u0142by w stanie samodzielnie zadba\u0107 o ponad 200 aut. Dzi\u0119ki designowi i liczbie pojazd\u00f3w ca\u0142y gara\u017c wygl\u0105da raczej jak muzeum.  <\/p>\n<p><img loading=\"lazy\" decoding=\"async\" class=\"aligncenter wp-image-19757\" src=\"http:\/\/gardeon.pl\/wp-content\/uploads\/2019\/06\/JLc-740x1024.jpg\" alt=\"\" width=\"800\" height=\"1107\" srcset=\"https:\/\/gardeon.pl\/wp-content\/uploads\/2019\/06\/JLc-740x1024.jpg 740w, https:\/\/gardeon.pl\/wp-content\/uploads\/2019\/06\/JLc-217x300.jpg 217w, https:\/\/gardeon.pl\/wp-content\/uploads\/2019\/06\/JLc-768x1063.jpg 768w, https:\/\/gardeon.pl\/wp-content\/uploads\/2019\/06\/JLc.jpg 1000w\" sizes=\"auto, (max-width: 800px) 100vw, 800px\" \/><\/p>\n<p>Samochodami zacz\u0105\u0142 interesowa\u0107 si\u0119 bardzo wcze\u015bnie i pozosta\u0142y one jego \u017cyciow\u0105 pasj\u0105. Zebra\u0142 i odrestaurowa\u0142 ogromn\u0105 liczb\u0119 aut z r\u00f3\u017cnych epok historycznych. W\u0142a\u015bnie dlatego sam sta\u0142 si\u0119 swoist\u0105 \u201eencyklopedi\u0105 motoryzacji\u201d. Jak m\u00f3wi: \u201eDzi\u0119ki show-biznesowi sta\u0142em si\u0119 bogaty, ale to samochody s\u0105 dla mnie prawdziwym bogactwem, kt\u00f3re wype\u0142nia moje \u017cycie\u201d.   <span class=\"Apple-converted-space\"> <\/span><\/p>\n<p><img loading=\"lazy\" decoding=\"async\" class=\"aligncenter wp-image-19759\" src=\"http:\/\/gardeon.pl\/wp-content\/uploads\/2019\/06\/JLd-1024x646.png\" alt=\"\" width=\"800\" height=\"505\" srcset=\"https:\/\/gardeon.pl\/wp-content\/uploads\/2019\/06\/JLd-1024x646.png 1024w, https:\/\/gardeon.pl\/wp-content\/uploads\/2019\/06\/JLd-300x189.png 300w, https:\/\/gardeon.pl\/wp-content\/uploads\/2019\/06\/JLd-768x485.png 768w\" sizes=\"auto, (max-width: 800px) 100vw, 800px\" \/><\/p>\n<h2>Prywatny park maszynowy Kena Blocka<\/h2>\n<p>W ko\u0144cu dotarli\u015bmy do gara\u017cu profesjonalnego kierowcy. Ken Block to ameryka\u0144ski kierowca rajdowy w zespole Monster World Rally Team, a jednocze\u015bnie jeden z za\u0142o\u017cycieli firmy DC Shoes. Odnosz\u0105cy sukcesy sportowiec i biznesmen ma hobby, kt\u00f3rego zazdro\u015bci mu niejeden m\u0119\u017cczyzna \u2013 kolekcjonowanie samochod\u00f3w.  <span class=\"Apple-converted-space\"> <\/span><\/p>\n<p>Po raz pierwszy otworzy\u0142 drzwi do swojego rewiru w 2012 roku. Gara\u017c ten znajduje si\u0119 w pobli\u017cu jego domu w mie\u015bcie Park City (Utah). Przestrze\u0144 zosta\u0142a zbudowana z recyklingowanych kontener\u00f3w transportowych i jest kreatywnie ozdobiona \u017cywymi kolorami.  <span class=\"Apple-converted-space\"> <\/span><\/p>\n<p><img loading=\"lazy\" decoding=\"async\" class=\"aligncenter wp-image-19771\" src=\"http:\/\/gardeon.pl\/wp-content\/uploads\/2019\/06\/KBa-1024x683.jpg\" alt=\"\" width=\"800\" height=\"533\" srcset=\"https:\/\/gardeon.pl\/wp-content\/uploads\/2019\/06\/KBa-1024x683.jpg 1024w, https:\/\/gardeon.pl\/wp-content\/uploads\/2019\/06\/KBa-300x200.jpg 300w, https:\/\/gardeon.pl\/wp-content\/uploads\/2019\/06\/KBa-768x512.jpg 768w, https:\/\/gardeon.pl\/wp-content\/uploads\/2019\/06\/KBa.jpg 1200w\" sizes=\"auto, (max-width: 800px) 100vw, 800px\" \/><\/p>\n<p>Ca\u0142y obiekt ma powierzchni\u0119 1 115 m\u00b2 i jest podzielony na dwie cz\u0119\u015bci. Z jednej strony znajduje si\u0119 kreatywna przestrze\u0144 biurowa, w kt\u00f3rej pracuje do 25 pracownik\u00f3w. Druga cz\u0119\u015b\u0107 to warsztat s\u0142u\u017c\u0105cy do konserwacji i serwisu pojazd\u00f3w wy\u015bcigowych zespo\u0142u.  <\/p>\n<p>A teraz r\u0119ka na serce. Jakie s\u0105 Pa\u0144stwa odczucia po obejrzeniu tych zdj\u0119\u0107? Zazdro\u015b\u0107? Zachwyt? Inspiracja? \u017bal? Motywacja? W ka\u017cdym ten artyku\u0142 m\u00f3g\u0142 wywo\u0142a\u0107 inne emocje. Tylko od Pa\u0144stwa zale\u017cy, jak wykorzystaj\u0105 to teraz na swoj\u0105 korzy\u015b\u0107.        <span class=\"Apple-converted-space\"> <\/span><\/p>\n<p><img loading=\"lazy\" decoding=\"async\" class=\"aligncenter wp-image-19773\" src=\"http:\/\/gardeon.pl\/wp-content\/uploads\/2019\/06\/KBb-1024x683.jpg\" alt=\"\" width=\"800\" height=\"534\" srcset=\"https:\/\/gardeon.pl\/wp-content\/uploads\/2019\/06\/KBb-1024x683.jpg 1024w, https:\/\/gardeon.pl\/wp-content\/uploads\/2019\/06\/KBb-300x200.jpg 300w, https:\/\/gardeon.pl\/wp-content\/uploads\/2019\/06\/KBb-768x512.jpg 768w, https:\/\/gardeon.pl\/wp-content\/uploads\/2019\/06\/KBb.jpg 1280w\" sizes=\"auto, (max-width: 800px) 100vw, 800px\" \/><\/p>\n<p>Czy kt\u00f3ry\u015b z gara\u017cy s\u0142awnych ludzi Pa\u0144stwa zaskoczy\u0142? Prosimy o informacj\u0119 w komentarzach poni\u017cej. <\/p>\n<p><img loading=\"lazy\" decoding=\"async\" class=\"aligncenter wp-image-19749\" src=\"http:\/\/gardeon.pl\/wp-content\/uploads\/2019\/06\/banner1-1024x480.jpg\" alt=\"\" width=\"800\" height=\"375\" srcset=\"https:\/\/gardeon.pl\/wp-content\/uploads\/2019\/06\/banner1-1024x480.jpg 1024w, https:\/\/gardeon.pl\/wp-content\/uploads\/2019\/06\/banner1-300x141.jpg 300w, https:\/\/gardeon.pl\/wp-content\/uploads\/2019\/06\/banner1-768x360.jpg 768w, https:\/\/gardeon.pl\/wp-content\/uploads\/2019\/06\/banner1.jpg 1920w\" sizes=\"auto, (max-width: 800px) 100vw, 800px\" \/><\/p>\n<p><img loading=\"lazy\" decoding=\"async\" class=\"aligncenter wp-image-19751\" src=\"http:\/\/gardeon.pl\/wp-content\/uploads\/2019\/06\/banner2-1024x512.jpg\" alt=\"\" width=\"800\" height=\"400\" srcset=\"https:\/\/gardeon.pl\/wp-content\/uploads\/2019\/06\/banner2-1024x512.jpg 1024w, https:\/\/gardeon.pl\/wp-content\/uploads\/2019\/06\/banner2-300x150.jpg 300w, https:\/\/gardeon.pl\/wp-content\/uploads\/2019\/06\/banner2-768x384.jpg 768w, https:\/\/gardeon.pl\/wp-content\/uploads\/2019\/06\/banner2.jpg 1600w\" sizes=\"auto, (max-width: 800px) 100vw, 800px\" \/><\/p>\n<h5>\u0179r\u00f3d\u0142o (source):<\/h5>\n<h5>https:\/\/www.hotcars.com\/<br \/>\nhttps:\/\/www.jumboluxurycars.com\/<br \/>\nhttps:\/\/www.roadandtrack.com\/<br \/>\nhttps:\/\/www.eliterent.com\/<br \/>\nhttps:\/\/autowise.com\/<br \/>\nhttps:\/\/sk.pinterest.com\/<br \/>\nhttps:\/\/www.reddit.com\/<br \/>\nhttps:\/\/www.drivingline.com\/<br \/>\nhttps:\/\/petrolicious.com\/<br \/>\nhttp:\/\/www.speedhunters.com\/<br \/>\nhttps:\/\/www.hooniganracing.com\/<\/h5>\n","protected":false},"excerpt":{"rendered":"<p>Gara\u017c to kr\u00f3lestwo niejednego m\u0119\u017cczyzny. Niemal ka\u017cdy marzy o tym, by w swoim gara\u017cu mie\u0107 samoch\u00f3d, kt\u00f3ry zachwyci wszystkich wok\u00f3\u0142. Czy masz ju\u017c taki? Inspiracj\u0119 mo\u017cesz czerpa\u0107 zewsz\u0105d \u2013 od s\u0105siada, z czasopisma motoryzacyjnego lub z internetu. Dzi\u015b mo\u017cesz zajrze\u0107 do gara\u017cy gwiazd razem z nami.<\/p>\n","protected":false},"author":2,"featured_media":46377,"comment_status":"open","ping_status":"open","sticky":false,"template":"","format":"standard","meta":{"_acf_changed":false,"inline_featured_image":false,"footnotes":""},"categories":[578,631],"tags":[],"class_list":["post-46373","post","type-post","status-publish","format-standard","has-post-thumbnail","hentry","category-garaze-blaszane","category-inne"],"acf":[],"yoast_head":"<!-- This site is optimized with the Yoast SEO plugin v27.4 - https:\/\/yoast.com\/product\/yoast-seo-wordpress\/ -->\n<title>Zajrzyj do gara\u017cy s\u0142awnych osobisto\u015bci. Zak\u0142adamy si\u0119, \u017ce Ty r\u00f3wnie\u017c b\u0119dziesz chcia\u0142 je mie\u0107 - GARDEON<\/title>\n<meta name=\"robots\" content=\"index, follow, max-snippet:-1, max-image-preview:large, max-video-preview:-1\" \/>\n<link rel=\"canonical\" href=\"https:\/\/gardeon.pl\/pl\/blog\/zajrzyj-do-garazy-slawnych-osobistosci-zakladamy-sie-ze-ty-rowniez-bedziesz-chcial-je-miec\/\" \/>\n<meta property=\"og:locale\" content=\"pl_PL\" \/>\n<meta property=\"og:type\" content=\"article\" \/>\n<meta property=\"og:title\" content=\"Zajrzyj do gara\u017cy s\u0142awnych osobisto\u015bci. Zak\u0142adamy si\u0119, \u017ce Ty r\u00f3wnie\u017c b\u0119dziesz chcia\u0142 je mie\u0107 - GARDEON\" \/>\n<meta property=\"og:description\" content=\"Gara\u017c to kr\u00f3lestwo niejednego m\u0119\u017cczyzny. Niemal ka\u017cdy marzy o tym, by w swoim gara\u017cu mie\u0107 samoch\u00f3d, kt\u00f3ry zachwyci wszystkich wok\u00f3\u0142. Czy masz ju\u017c taki? Inspiracj\u0119 mo\u017cesz czerpa\u0107 zewsz\u0105d \u2013 od s\u0105siada, z czasopisma motoryzacyjnego lub z internetu. Dzi\u015b mo\u017cesz zajrze\u0107 do gara\u017cy gwiazd razem z nami.\" \/>\n<meta property=\"og:url\" content=\"https:\/\/gardeon.pl\/pl\/blog\/zajrzyj-do-garazy-slawnych-osobistosci-zakladamy-sie-ze-ty-rowniez-bedziesz-chcial-je-miec\/\" \/>\n<meta property=\"og:site_name\" content=\"GARDEON\" \/>\n<meta property=\"article:published_time\" content=\"2026-04-23T17:03:24+00:00\" \/>\n<meta property=\"og:image\" content=\"http:\/\/gardeon.pl\/wp-content\/uploads\/2019\/06\/banner3.png\" \/>\n\t<meta property=\"og:image:width\" content=\"1920\" \/>\n\t<meta property=\"og:image:height\" content=\"701\" \/>\n\t<meta property=\"og:image:type\" content=\"image\/png\" \/>\n<meta name=\"author\" content=\"editor\" \/>\n<meta name=\"twitter:card\" content=\"summary_large_image\" \/>\n<meta name=\"twitter:label1\" content=\"Napisane przez\" \/>\n\t<meta name=\"twitter:data1\" content=\"editor\" \/>\n\t<meta name=\"twitter:label2\" content=\"Szacowany czas czytania\" \/>\n\t<meta name=\"twitter:data2\" content=\"4 minuty\" \/>\n<script type=\"application\/ld+json\" class=\"yoast-schema-graph\">{\"@context\":\"https:\\\/\\\/schema.org\",\"@graph\":[{\"@type\":\"Article\",\"@id\":\"https:\\\/\\\/gardeon.pl\\\/pl\\\/blog\\\/zajrzyj-do-garazy-slawnych-osobistosci-zakladamy-sie-ze-ty-rowniez-bedziesz-chcial-je-miec\\\/#article\",\"isPartOf\":{\"@id\":\"https:\\\/\\\/gardeon.pl\\\/pl\\\/blog\\\/zajrzyj-do-garazy-slawnych-osobistosci-zakladamy-sie-ze-ty-rowniez-bedziesz-chcial-je-miec\\\/\"},\"author\":{\"name\":\"editor\",\"@id\":\"https:\\\/\\\/gardeon.pl\\\/#\\\/schema\\\/person\\\/a5762ca5f0790bf92774af0899379463\"},\"headline\":\"Zajrzyj do gara\u017cy s\u0142awnych osobisto\u015bci. Zak\u0142adamy si\u0119, \u017ce Ty r\u00f3wnie\u017c b\u0119dziesz chcia\u0142 je mie\u0107\",\"datePublished\":\"2026-04-23T17:03:24+00:00\",\"mainEntityOfPage\":{\"@id\":\"https:\\\/\\\/gardeon.pl\\\/pl\\\/blog\\\/zajrzyj-do-garazy-slawnych-osobistosci-zakladamy-sie-ze-ty-rowniez-bedziesz-chcial-je-miec\\\/\"},\"wordCount\":899,\"commentCount\":0,\"image\":{\"@id\":\"https:\\\/\\\/gardeon.pl\\\/pl\\\/blog\\\/zajrzyj-do-garazy-slawnych-osobistosci-zakladamy-sie-ze-ty-rowniez-bedziesz-chcial-je-miec\\\/#primaryimage\"},\"thumbnailUrl\":\"https:\\\/\\\/gardeon.pl\\\/wp-content\\\/uploads\\\/2019\\\/06\\\/banner3.png\",\"articleSection\":[\"Gara\u017ce blaszane\",\"Inne\"],\"inLanguage\":\"pl-PL\",\"potentialAction\":[{\"@type\":\"CommentAction\",\"name\":\"Comment\",\"target\":[\"https:\\\/\\\/gardeon.pl\\\/pl\\\/blog\\\/zajrzyj-do-garazy-slawnych-osobistosci-zakladamy-sie-ze-ty-rowniez-bedziesz-chcial-je-miec\\\/#respond\"]}]},{\"@type\":\"WebPage\",\"@id\":\"https:\\\/\\\/gardeon.pl\\\/pl\\\/blog\\\/zajrzyj-do-garazy-slawnych-osobistosci-zakladamy-sie-ze-ty-rowniez-bedziesz-chcial-je-miec\\\/\",\"url\":\"https:\\\/\\\/gardeon.pl\\\/pl\\\/blog\\\/zajrzyj-do-garazy-slawnych-osobistosci-zakladamy-sie-ze-ty-rowniez-bedziesz-chcial-je-miec\\\/\",\"name\":\"Zajrzyj do gara\u017cy s\u0142awnych osobisto\u015bci. Zak\u0142adamy si\u0119, \u017ce Ty r\u00f3wnie\u017c b\u0119dziesz chcia\u0142 je mie\u0107 - GARDEON\",\"isPartOf\":{\"@id\":\"https:\\\/\\\/gardeon.pl\\\/#website\"},\"primaryImageOfPage\":{\"@id\":\"https:\\\/\\\/gardeon.pl\\\/pl\\\/blog\\\/zajrzyj-do-garazy-slawnych-osobistosci-zakladamy-sie-ze-ty-rowniez-bedziesz-chcial-je-miec\\\/#primaryimage\"},\"image\":{\"@id\":\"https:\\\/\\\/gardeon.pl\\\/pl\\\/blog\\\/zajrzyj-do-garazy-slawnych-osobistosci-zakladamy-sie-ze-ty-rowniez-bedziesz-chcial-je-miec\\\/#primaryimage\"},\"thumbnailUrl\":\"https:\\\/\\\/gardeon.pl\\\/wp-content\\\/uploads\\\/2019\\\/06\\\/banner3.png\",\"datePublished\":\"2026-04-23T17:03:24+00:00\",\"author\":{\"@id\":\"https:\\\/\\\/gardeon.pl\\\/#\\\/schema\\\/person\\\/a5762ca5f0790bf92774af0899379463\"},\"breadcrumb\":{\"@id\":\"https:\\\/\\\/gardeon.pl\\\/pl\\\/blog\\\/zajrzyj-do-garazy-slawnych-osobistosci-zakladamy-sie-ze-ty-rowniez-bedziesz-chcial-je-miec\\\/#breadcrumb\"},\"inLanguage\":\"pl-PL\",\"potentialAction\":[{\"@type\":\"ReadAction\",\"target\":[\"https:\\\/\\\/gardeon.pl\\\/pl\\\/blog\\\/zajrzyj-do-garazy-slawnych-osobistosci-zakladamy-sie-ze-ty-rowniez-bedziesz-chcial-je-miec\\\/\"]}]},{\"@type\":\"ImageObject\",\"inLanguage\":\"pl-PL\",\"@id\":\"https:\\\/\\\/gardeon.pl\\\/pl\\\/blog\\\/zajrzyj-do-garazy-slawnych-osobistosci-zakladamy-sie-ze-ty-rowniez-bedziesz-chcial-je-miec\\\/#primaryimage\",\"url\":\"https:\\\/\\\/gardeon.pl\\\/wp-content\\\/uploads\\\/2019\\\/06\\\/banner3.png\",\"contentUrl\":\"https:\\\/\\\/gardeon.pl\\\/wp-content\\\/uploads\\\/2019\\\/06\\\/banner3.png\",\"width\":1920,\"height\":701,\"caption\":\"Samochody sportowe\"},{\"@type\":\"BreadcrumbList\",\"@id\":\"https:\\\/\\\/gardeon.pl\\\/pl\\\/blog\\\/zajrzyj-do-garazy-slawnych-osobistosci-zakladamy-sie-ze-ty-rowniez-bedziesz-chcial-je-miec\\\/#breadcrumb\",\"itemListElement\":[{\"@type\":\"ListItem\",\"position\":1,\"name\":\"Domov\",\"item\":\"https:\\\/\\\/gardeon.pl\\\/pl\\\/\"},{\"@type\":\"ListItem\",\"position\":2,\"name\":\"Zajrzyj do gara\u017cy s\u0142awnych osobisto\u015bci. Zak\u0142adamy si\u0119, \u017ce Ty r\u00f3wnie\u017c b\u0119dziesz chcia\u0142 je mie\u0107\"}]},{\"@type\":\"WebSite\",\"@id\":\"https:\\\/\\\/gardeon.pl\\\/#website\",\"url\":\"https:\\\/\\\/gardeon.pl\\\/\",\"name\":\"GARDEON\",\"description\":\"\",\"potentialAction\":[{\"@type\":\"SearchAction\",\"target\":{\"@type\":\"EntryPoint\",\"urlTemplate\":\"https:\\\/\\\/gardeon.pl\\\/?s={search_term_string}\"},\"query-input\":{\"@type\":\"PropertyValueSpecification\",\"valueRequired\":true,\"valueName\":\"search_term_string\"}}],\"inLanguage\":\"pl-PL\"},{\"@type\":\"Person\",\"@id\":\"https:\\\/\\\/gardeon.pl\\\/#\\\/schema\\\/person\\\/a5762ca5f0790bf92774af0899379463\",\"name\":\"editor\",\"image\":{\"@type\":\"ImageObject\",\"inLanguage\":\"pl-PL\",\"@id\":\"https:\\\/\\\/secure.gravatar.com\\\/avatar\\\/2b748151c2c748327307fd289a91b3bdafdd9e64e2d000e65e53d6dcf11c5830?s=96&d=mm&r=g\",\"url\":\"https:\\\/\\\/secure.gravatar.com\\\/avatar\\\/2b748151c2c748327307fd289a91b3bdafdd9e64e2d000e65e53d6dcf11c5830?s=96&d=mm&r=g\",\"contentUrl\":\"https:\\\/\\\/secure.gravatar.com\\\/avatar\\\/2b748151c2c748327307fd289a91b3bdafdd9e64e2d000e65e53d6dcf11c5830?s=96&d=mm&r=g\",\"caption\":\"editor\"}}]}<\/script>\n<!-- \/ Yoast SEO plugin. -->","yoast_head_json":{"title":"Zajrzyj do gara\u017cy s\u0142awnych osobisto\u015bci. Zak\u0142adamy si\u0119, \u017ce Ty r\u00f3wnie\u017c b\u0119dziesz chcia\u0142 je mie\u0107 - GARDEON","robots":{"index":"index","follow":"follow","max-snippet":"max-snippet:-1","max-image-preview":"max-image-preview:large","max-video-preview":"max-video-preview:-1"},"canonical":"https:\/\/gardeon.pl\/pl\/blog\/zajrzyj-do-garazy-slawnych-osobistosci-zakladamy-sie-ze-ty-rowniez-bedziesz-chcial-je-miec\/","og_locale":"pl_PL","og_type":"article","og_title":"Zajrzyj do gara\u017cy s\u0142awnych osobisto\u015bci. Zak\u0142adamy si\u0119, \u017ce Ty r\u00f3wnie\u017c b\u0119dziesz chcia\u0142 je mie\u0107 - GARDEON","og_description":"Gara\u017c to kr\u00f3lestwo niejednego m\u0119\u017cczyzny. Niemal ka\u017cdy marzy o tym, by w swoim gara\u017cu mie\u0107 samoch\u00f3d, kt\u00f3ry zachwyci wszystkich wok\u00f3\u0142. Czy masz ju\u017c taki? Inspiracj\u0119 mo\u017cesz czerpa\u0107 zewsz\u0105d \u2013 od s\u0105siada, z czasopisma motoryzacyjnego lub z internetu. Dzi\u015b mo\u017cesz zajrze\u0107 do gara\u017cy gwiazd razem z nami.","og_url":"https:\/\/gardeon.pl\/pl\/blog\/zajrzyj-do-garazy-slawnych-osobistosci-zakladamy-sie-ze-ty-rowniez-bedziesz-chcial-je-miec\/","og_site_name":"GARDEON","article_published_time":"2026-04-23T17:03:24+00:00","og_image":[{"width":1920,"height":701,"url":"http:\/\/gardeon.pl\/wp-content\/uploads\/2019\/06\/banner3.png","type":"image\/png"}],"author":"editor","twitter_card":"summary_large_image","twitter_misc":{"Napisane przez":"editor","Szacowany czas czytania":"4 minuty"},"schema":{"@context":"https:\/\/schema.org","@graph":[{"@type":"Article","@id":"https:\/\/gardeon.pl\/pl\/blog\/zajrzyj-do-garazy-slawnych-osobistosci-zakladamy-sie-ze-ty-rowniez-bedziesz-chcial-je-miec\/#article","isPartOf":{"@id":"https:\/\/gardeon.pl\/pl\/blog\/zajrzyj-do-garazy-slawnych-osobistosci-zakladamy-sie-ze-ty-rowniez-bedziesz-chcial-je-miec\/"},"author":{"name":"editor","@id":"https:\/\/gardeon.pl\/#\/schema\/person\/a5762ca5f0790bf92774af0899379463"},"headline":"Zajrzyj do gara\u017cy s\u0142awnych osobisto\u015bci. Zak\u0142adamy si\u0119, \u017ce Ty r\u00f3wnie\u017c b\u0119dziesz chcia\u0142 je mie\u0107","datePublished":"2026-04-23T17:03:24+00:00","mainEntityOfPage":{"@id":"https:\/\/gardeon.pl\/pl\/blog\/zajrzyj-do-garazy-slawnych-osobistosci-zakladamy-sie-ze-ty-rowniez-bedziesz-chcial-je-miec\/"},"wordCount":899,"commentCount":0,"image":{"@id":"https:\/\/gardeon.pl\/pl\/blog\/zajrzyj-do-garazy-slawnych-osobistosci-zakladamy-sie-ze-ty-rowniez-bedziesz-chcial-je-miec\/#primaryimage"},"thumbnailUrl":"https:\/\/gardeon.pl\/wp-content\/uploads\/2019\/06\/banner3.png","articleSection":["Gara\u017ce blaszane","Inne"],"inLanguage":"pl-PL","potentialAction":[{"@type":"CommentAction","name":"Comment","target":["https:\/\/gardeon.pl\/pl\/blog\/zajrzyj-do-garazy-slawnych-osobistosci-zakladamy-sie-ze-ty-rowniez-bedziesz-chcial-je-miec\/#respond"]}]},{"@type":"WebPage","@id":"https:\/\/gardeon.pl\/pl\/blog\/zajrzyj-do-garazy-slawnych-osobistosci-zakladamy-sie-ze-ty-rowniez-bedziesz-chcial-je-miec\/","url":"https:\/\/gardeon.pl\/pl\/blog\/zajrzyj-do-garazy-slawnych-osobistosci-zakladamy-sie-ze-ty-rowniez-bedziesz-chcial-je-miec\/","name":"Zajrzyj do gara\u017cy s\u0142awnych osobisto\u015bci. Zak\u0142adamy si\u0119, \u017ce Ty r\u00f3wnie\u017c b\u0119dziesz chcia\u0142 je mie\u0107 - GARDEON","isPartOf":{"@id":"https:\/\/gardeon.pl\/#website"},"primaryImageOfPage":{"@id":"https:\/\/gardeon.pl\/pl\/blog\/zajrzyj-do-garazy-slawnych-osobistosci-zakladamy-sie-ze-ty-rowniez-bedziesz-chcial-je-miec\/#primaryimage"},"image":{"@id":"https:\/\/gardeon.pl\/pl\/blog\/zajrzyj-do-garazy-slawnych-osobistosci-zakladamy-sie-ze-ty-rowniez-bedziesz-chcial-je-miec\/#primaryimage"},"thumbnailUrl":"https:\/\/gardeon.pl\/wp-content\/uploads\/2019\/06\/banner3.png","datePublished":"2026-04-23T17:03:24+00:00","author":{"@id":"https:\/\/gardeon.pl\/#\/schema\/person\/a5762ca5f0790bf92774af0899379463"},"breadcrumb":{"@id":"https:\/\/gardeon.pl\/pl\/blog\/zajrzyj-do-garazy-slawnych-osobistosci-zakladamy-sie-ze-ty-rowniez-bedziesz-chcial-je-miec\/#breadcrumb"},"inLanguage":"pl-PL","potentialAction":[{"@type":"ReadAction","target":["https:\/\/gardeon.pl\/pl\/blog\/zajrzyj-do-garazy-slawnych-osobistosci-zakladamy-sie-ze-ty-rowniez-bedziesz-chcial-je-miec\/"]}]},{"@type":"ImageObject","inLanguage":"pl-PL","@id":"https:\/\/gardeon.pl\/pl\/blog\/zajrzyj-do-garazy-slawnych-osobistosci-zakladamy-sie-ze-ty-rowniez-bedziesz-chcial-je-miec\/#primaryimage","url":"https:\/\/gardeon.pl\/wp-content\/uploads\/2019\/06\/banner3.png","contentUrl":"https:\/\/gardeon.pl\/wp-content\/uploads\/2019\/06\/banner3.png","width":1920,"height":701,"caption":"Samochody sportowe"},{"@type":"BreadcrumbList","@id":"https:\/\/gardeon.pl\/pl\/blog\/zajrzyj-do-garazy-slawnych-osobistosci-zakladamy-sie-ze-ty-rowniez-bedziesz-chcial-je-miec\/#breadcrumb","itemListElement":[{"@type":"ListItem","position":1,"name":"Domov","item":"https:\/\/gardeon.pl\/pl\/"},{"@type":"ListItem","position":2,"name":"Zajrzyj do gara\u017cy s\u0142awnych osobisto\u015bci. Zak\u0142adamy si\u0119, \u017ce Ty r\u00f3wnie\u017c b\u0119dziesz chcia\u0142 je mie\u0107"}]},{"@type":"WebSite","@id":"https:\/\/gardeon.pl\/#website","url":"https:\/\/gardeon.pl\/","name":"GARDEON","description":"","potentialAction":[{"@type":"SearchAction","target":{"@type":"EntryPoint","urlTemplate":"https:\/\/gardeon.pl\/?s={search_term_string}"},"query-input":{"@type":"PropertyValueSpecification","valueRequired":true,"valueName":"search_term_string"}}],"inLanguage":"pl-PL"},{"@type":"Person","@id":"https:\/\/gardeon.pl\/#\/schema\/person\/a5762ca5f0790bf92774af0899379463","name":"editor","image":{"@type":"ImageObject","inLanguage":"pl-PL","@id":"https:\/\/secure.gravatar.com\/avatar\/2b748151c2c748327307fd289a91b3bdafdd9e64e2d000e65e53d6dcf11c5830?s=96&d=mm&r=g","url":"https:\/\/secure.gravatar.com\/avatar\/2b748151c2c748327307fd289a91b3bdafdd9e64e2d000e65e53d6dcf11c5830?s=96&d=mm&r=g","contentUrl":"https:\/\/secure.gravatar.com\/avatar\/2b748151c2c748327307fd289a91b3bdafdd9e64e2d000e65e53d6dcf11c5830?s=96&d=mm&r=g","caption":"editor"}}]}},"_links":{"self":[{"href":"https:\/\/gardeon.pl\/pl\/wp-json\/wp\/v2\/posts\/46373","targetHints":{"allow":["GET"]}}],"collection":[{"href":"https:\/\/gardeon.pl\/pl\/wp-json\/wp\/v2\/posts"}],"about":[{"href":"https:\/\/gardeon.pl\/pl\/wp-json\/wp\/v2\/types\/post"}],"author":[{"embeddable":true,"href":"https:\/\/gardeon.pl\/pl\/wp-json\/wp\/v2\/users\/2"}],"replies":[{"embeddable":true,"href":"https:\/\/gardeon.pl\/pl\/wp-json\/wp\/v2\/comments?post=46373"}],"version-history":[{"count":0,"href":"https:\/\/gardeon.pl\/pl\/wp-json\/wp\/v2\/posts\/46373\/revisions"}],"wp:featuredmedia":[{"embeddable":true,"href":"https:\/\/gardeon.pl\/pl\/wp-json\/wp\/v2\/media\/46377"}],"wp:attachment":[{"href":"https:\/\/gardeon.pl\/pl\/wp-json\/wp\/v2\/media?parent=46373"}],"wp:term":[{"taxonomy":"category","embeddable":true,"href":"https:\/\/gardeon.pl\/pl\/wp-json\/wp\/v2\/categories?post=46373"},{"taxonomy":"post_tag","embeddable":true,"href":"https:\/\/gardeon.pl\/pl\/wp-json\/wp\/v2\/tags?post=46373"}],"curies":[{"name":"wp","href":"https:\/\/api.w.org\/{rel}","templated":true}]}}