{"id":46391,"date":"2026-04-23T19:03:24","date_gmt":"2026-04-23T17:03:24","guid":{"rendered":"https:\/\/gardeon.pl\/?p=46391"},"modified":"2026-04-23T19:03:24","modified_gmt":"2026-04-23T17:03:24","slug":"9-swiatowych-firm-ktore-zaczynaly-w-garazu","status":"publish","type":"post","link":"https:\/\/gardeon.pl\/pl\/blog\/9-swiatowych-firm-ktore-zaczynaly-w-garazu\/","title":{"rendered":"9 \u015bwiatowych firm, kt\u00f3re zaczyna\u0142y w gara\u017cu"},"content":{"rendered":"<p><em>Chc\u0105 Pa\u0144stwo rozpocz\u0105\u0107 dzia\u0142alno\u015b\u0107 i nie wiedz\u0105, od czego zacz\u0105\u0107? Prosz\u0119 spr\u00f3bowa\u0107 bezpo\u015brednio <a href=\"https:\/\/www.startitup.sk\/dvaja-cesi-zacinali-v-garazi-dnes-maju-milionovy-biznis-zdravotnymi-pomockami\/\">w swoim gara\u017cu<\/a>. Poka\u017cemy Pa\u0144stwu 9 niezwyk\u0142ych historii firm, kt\u00f3re zaczyna\u0142y w gara\u017cu, a nawet w domku ogrodowym. Dzi\u015b potrzebowa\u0142yby ca\u0142ej armii gara\u017cy, aby pomie\u015bci\u0107 swoj\u0105 dzia\u0142alno\u015b\u0107 na ca\u0142ym \u015bwiecie. Zacznijmy jednak od pocz\u0105tku. Chronologicznie. Cofniemy si\u0119 do czas\u00f3w, gdy gara\u017ce w\u0142a\u015bciwie jeszcze nie istnia\u0142y.      <span class=\"Apple-converted-space\"> <\/span><\/em><\/p>\n<h2>Harley Davidson<\/h2>\n<p><img loading=\"lazy\" decoding=\"async\" class=\"aligncenter wp-image-20696\" src=\"http:\/\/gardeon.pl\/wp-content\/uploads\/2019\/09\/b-1024x799.png\" alt=\"Motor Company HARLEY-DAVIDSON\" width=\"250\" height=\"195\" srcset=\"https:\/\/gardeon.pl\/wp-content\/uploads\/2019\/09\/b-1024x799.png 1024w, https:\/\/gardeon.pl\/wp-content\/uploads\/2019\/09\/b-300x234.png 300w, https:\/\/gardeon.pl\/wp-content\/uploads\/2019\/09\/b-768x599.png 768w, https:\/\/gardeon.pl\/wp-content\/uploads\/2019\/09\/b.png 1200w\" sizes=\"auto, (max-width: 250px) 100vw, 250px\" \/><\/p>\n<p>M\u0142ody William S. Harley w 1901 roku pr\u00f3buje z\u0142o\u017cy\u0107 ma\u0142y silnik do swojego roweru. Sukces przychodzi jednak dopiero dwa lata p\u00f3\u017aniej, gdy do\u0142\u0105cza do niego Arthur Davidson, jego przyjaciel z dzieci\u0144stwa. I tak rodzi si\u0119 motocykl Harley Davidson. Gdzie dokonuje si\u0119 ca\u0142y ten cud? Oczywi\u015bcie w drewnianym domku ogrodowym. Na pocz\u0105tku XX wieku gara\u017ce nie by\u0142y jeszcze tak powszechne.      <\/p>\n<p><img loading=\"lazy\" decoding=\"async\" class=\"aligncenter wp-image-20694\" src=\"http:\/\/gardeon.pl\/wp-content\/uploads\/2019\/09\/a-1.jpg\" alt=\"William S. Harley i Arthur Davidson\" width=\"800\" height=\"564\" srcset=\"https:\/\/gardeon.pl\/wp-content\/uploads\/2019\/09\/a-1.jpg 600w, https:\/\/gardeon.pl\/wp-content\/uploads\/2019\/09\/a-1-300x212.jpg 300w\" sizes=\"auto, (max-width: 800px) 100vw, 800px\" \/><\/p>\n<p><img loading=\"lazy\" decoding=\"async\" class=\"aligncenter wp-image-20700\" src=\"http:\/\/gardeon.pl\/wp-content\/uploads\/2019\/09\/c-1-1024x680.jpg\" alt=\"Motocykl Harley Davidson\" width=\"800\" height=\"531\" srcset=\"https:\/\/gardeon.pl\/wp-content\/uploads\/2019\/09\/c-1-1024x680.jpg 1024w, https:\/\/gardeon.pl\/wp-content\/uploads\/2019\/09\/c-1-300x199.jpg 300w, https:\/\/gardeon.pl\/wp-content\/uploads\/2019\/09\/c-1-768x510.jpg 768w, https:\/\/gardeon.pl\/wp-content\/uploads\/2019\/09\/c-1.jpg 1920w\" sizes=\"auto, (max-width: 800px) 100vw, 800px\" \/><\/p>\n<h2>Disney<\/h2>\n<p><a href=\"http:\/\/gardeon.pl\/wp-content\/uploads\/2019\/09\/e.png\"><img loading=\"lazy\" decoding=\"async\" class=\"size-full wp-image-20704 aligncenter\" src=\"http:\/\/gardeon.pl\/wp-content\/uploads\/2019\/09\/e.png\" alt=\"Logo Walt Disney\" width=\"275\" height=\"183\"><\/a><\/p>\n<p>Pierwsze studio Disneya powstaje latem 1923 roku w jednym gara\u017cu w Kalifornii. Nale\u017cy do wujka braci Disney. Roy i Walt Disney tworz\u0105 w nim bajki \u201eAlice Comedies\u201d. Obecnie ten gara\u017c znajduje si\u0119 zaledwie 50 km od dzisiejszego Disneylandu w Anaheim.   <\/p>\n<p><img loading=\"lazy\" decoding=\"async\" class=\"aligncenter wp-image-20702\" src=\"http:\/\/gardeon.pl\/wp-content\/uploads\/2019\/09\/d-1-775x1024.jpg\" alt=\"Disney Mickey Mouse\" width=\"730\" height=\"965\" srcset=\"https:\/\/gardeon.pl\/wp-content\/uploads\/2019\/09\/d-1-775x1024.jpg 775w, https:\/\/gardeon.pl\/wp-content\/uploads\/2019\/09\/d-1-227x300.jpg 227w, https:\/\/gardeon.pl\/wp-content\/uploads\/2019\/09\/d-1-768x1015.jpg 768w, https:\/\/gardeon.pl\/wp-content\/uploads\/2019\/09\/d-1.jpg 908w\" sizes=\"auto, (max-width: 730px) 100vw, 730px\" \/><\/p>\n<h2>Hewlett-Packard<\/h2>\n<p><img loading=\"lazy\" decoding=\"async\" class=\"aligncenter wp-image-20708\" src=\"http:\/\/gardeon.pl\/wp-content\/uploads\/2019\/09\/g-1-1024x1024.png\" alt=\"logo HP\" width=\"250\" height=\"250\" srcset=\"https:\/\/gardeon.pl\/wp-content\/uploads\/2019\/09\/g-1-1024x1024.png 1024w, https:\/\/gardeon.pl\/wp-content\/uploads\/2019\/09\/g-1-150x150.png 150w, https:\/\/gardeon.pl\/wp-content\/uploads\/2019\/09\/g-1-300x300.png 300w, https:\/\/gardeon.pl\/wp-content\/uploads\/2019\/09\/g-1-768x768.png 768w, https:\/\/gardeon.pl\/wp-content\/uploads\/2019\/09\/g-1.png 1200w\" sizes=\"auto, (max-width: 250px) 100vw, 250px\" \/><\/p>\n<p>W 1939 roku Bill Hewlett i Dave Packard osiedlaj\u0105 si\u0119 w gara\u017cu, r\u00f3wnie\u017c w Kalifornii, aby za\u0142o\u017cy\u0107 firm\u0119 technologiczn\u0105. Ich pierwszym produktem jest oscylator d\u017awi\u0119kowy. Zgadn\u0105 Pa\u0144stwo, kto by\u0142 jednym z ich pierwszych klient\u00f3w? Sam Walt Disney. Kupuje od nich od razu osiem sztuk, aby z\u0142o\u017cy\u0107 system d\u017awi\u0119kowy do swojego nowego filmu \u201eFantazja\u201d.    <\/p>\n<p><img loading=\"lazy\" decoding=\"async\" class=\"aligncenter wp-image-20706\" src=\"http:\/\/gardeon.pl\/wp-content\/uploads\/2019\/09\/f-1.jpg\" alt=\"Bill Hewlett i Dave Packard\" width=\"800\" height=\"568\" srcset=\"https:\/\/gardeon.pl\/wp-content\/uploads\/2019\/09\/f-1.jpg 920w, https:\/\/gardeon.pl\/wp-content\/uploads\/2019\/09\/f-1-300x213.jpg 300w, https:\/\/gardeon.pl\/wp-content\/uploads\/2019\/09\/f-1-768x545.jpg 768w\" sizes=\"auto, (max-width: 800px) 100vw, 800px\" \/><\/p>\n<p><img loading=\"lazy\" decoding=\"async\" class=\"aligncenter wp-image-20710\" src=\"http:\/\/gardeon.pl\/wp-content\/uploads\/2019\/09\/h-1024x1024.jpg\" alt=\"hp ProBook 430\" width=\"800\" height=\"800\" srcset=\"https:\/\/gardeon.pl\/wp-content\/uploads\/2019\/09\/h-1024x1024.jpg 1024w, https:\/\/gardeon.pl\/wp-content\/uploads\/2019\/09\/h-150x150.jpg 150w, https:\/\/gardeon.pl\/wp-content\/uploads\/2019\/09\/h-300x300.jpg 300w, https:\/\/gardeon.pl\/wp-content\/uploads\/2019\/09\/h-768x768.jpg 768w, https:\/\/gardeon.pl\/wp-content\/uploads\/2019\/09\/h.jpg 1100w\" sizes=\"auto, (max-width: 800px) 100vw, 800px\" \/><\/p>\n<h2>Microsoft<\/h2>\n<p><img loading=\"lazy\" decoding=\"async\" class=\"aligncenter wp-image-20714\" src=\"http:\/\/gardeon.pl\/wp-content\/uploads\/2019\/09\/j-1024x377.png\" alt=\"logo Microsoft\" width=\"250\" height=\"92\" srcset=\"https:\/\/gardeon.pl\/wp-content\/uploads\/2019\/09\/j-1024x377.png 1024w, https:\/\/gardeon.pl\/wp-content\/uploads\/2019\/09\/j-300x110.png 300w, https:\/\/gardeon.pl\/wp-content\/uploads\/2019\/09\/j-768x283.png 768w\" sizes=\"auto, (max-width: 250px) 100vw, 250px\" \/><\/p>\n<p>Marka Microsoft r\u00f3wnie\u017c narodzi\u0142a si\u0119 w gara\u017cu. Bill Gates i Paul Allen w 1975 roku sprzedaj\u0105 sw\u00f3j pierwszy system operacyjny firmie IBM za 80 tysi\u0119cy dolar\u00f3w. A dzi\u015b? Sprawd\u017amy. Czy maj\u0105 Pa\u0144stwo zainstalowany system Windows na swoim komputerze? Je\u015bli akurat nie, prawdopodobnie trafimy za drugim razem \u2013 prosz\u0119 czyta\u0107 dalej.     <span class=\"Apple-converted-space\"> <\/span><\/p>\n<p><img loading=\"lazy\" decoding=\"async\" class=\"aligncenter wp-image-20712\" src=\"http:\/\/gardeon.pl\/wp-content\/uploads\/2019\/09\/i.jpg\" alt=\"Bill Gates i Paul Allen\" width=\"800\" height=\"293\" srcset=\"https:\/\/gardeon.pl\/wp-content\/uploads\/2019\/09\/i.jpg 980w, https:\/\/gardeon.pl\/wp-content\/uploads\/2019\/09\/i-300x110.jpg 300w, https:\/\/gardeon.pl\/wp-content\/uploads\/2019\/09\/i-768x281.jpg 768w\" sizes=\"auto, (max-width: 800px) 100vw, 800px\" \/><\/p>\n<h2>Apple<\/h2>\n<p><img loading=\"lazy\" decoding=\"async\" class=\"aligncenter wp-image-20718\" src=\"http:\/\/gardeon.pl\/wp-content\/uploads\/2019\/09\/l-1024x1024.png\" alt=\"logo Apple\" width=\"250\" height=\"250\" srcset=\"https:\/\/gardeon.pl\/wp-content\/uploads\/2019\/09\/l-1024x1024.png 1024w, https:\/\/gardeon.pl\/wp-content\/uploads\/2019\/09\/l-150x150.png 150w, https:\/\/gardeon.pl\/wp-content\/uploads\/2019\/09\/l-300x300.png 300w, https:\/\/gardeon.pl\/wp-content\/uploads\/2019\/09\/l-768x768.png 768w, https:\/\/gardeon.pl\/wp-content\/uploads\/2019\/09\/l.png 1200w\" sizes=\"auto, (max-width: 250px) 100vw, 250px\" \/><\/p>\n<p>Jest rok 1976. W kolejnym kalifornijskim gara\u017cu Steve Jobs i Steve Wozniak pr\u00f3buj\u0105 stworzy\u0107 ma\u0142y cud \u2013 komputer osobisty. Jednym z ich pierwszych zam\u00f3wie\u0144 jest 50 komputer\u00f3w po 500 dolar\u00f3w za sztuk\u0119. Udaje im si\u0119 dostarczy\u0107 je w 30 dni. A reszta to ju\u017c historia jednej z najbardziej znanych i najcenniejszych marek na rynku.    <\/p>\n<p><img loading=\"lazy\" decoding=\"async\" class=\"aligncenter wp-image-20716\" src=\"http:\/\/gardeon.pl\/wp-content\/uploads\/2019\/09\/k-1-1024x695.jpg\" alt=\"Steve Jobs i Steve Wozniak\" width=\"800\" height=\"543\" srcset=\"https:\/\/gardeon.pl\/wp-content\/uploads\/2019\/09\/k-1-1024x695.jpg 1024w, https:\/\/gardeon.pl\/wp-content\/uploads\/2019\/09\/k-1-300x204.jpg 300w, https:\/\/gardeon.pl\/wp-content\/uploads\/2019\/09\/k-1-768x521.jpg 768w, https:\/\/gardeon.pl\/wp-content\/uploads\/2019\/09\/k-1.jpg 1400w\" sizes=\"auto, (max-width: 800px) 100vw, 800px\" \/><\/p>\n<p><img loading=\"lazy\" decoding=\"async\" class=\"aligncenter wp-image-20720\" src=\"http:\/\/gardeon.pl\/wp-content\/uploads\/2019\/09\/m.jpeg\" alt=\"iPhone\" width=\"800\" height=\"960\" srcset=\"https:\/\/gardeon.pl\/wp-content\/uploads\/2019\/09\/m.jpeg 882w, https:\/\/gardeon.pl\/wp-content\/uploads\/2019\/09\/m-250x300.jpeg 250w, https:\/\/gardeon.pl\/wp-content\/uploads\/2019\/09\/m-768x921.jpeg 768w, https:\/\/gardeon.pl\/wp-content\/uploads\/2019\/09\/m-854x1024.jpeg 854w\" sizes=\"auto, (max-width: 800px) 100vw, 800px\" \/><\/p>\n<h2>Lotus Cars<\/h2>\n<p><img loading=\"lazy\" decoding=\"async\" class=\"aligncenter wp-image-20742\" src=\"http:\/\/gardeon.pl\/wp-content\/uploads\/2019\/09\/lotus.jpg\" alt=\"logo Lotus\" width=\"250\" height=\"258\" srcset=\"https:\/\/gardeon.pl\/wp-content\/uploads\/2019\/09\/lotus.jpg 902w, https:\/\/gardeon.pl\/wp-content\/uploads\/2019\/09\/lotus-291x300.jpg 291w, https:\/\/gardeon.pl\/wp-content\/uploads\/2019\/09\/lotus-768x793.jpg 768w\" sizes=\"auto, (max-width: 250px) 100vw, 250px\" \/><\/p>\n<p>&nbsp;<\/p>\n<p>&nbsp;<\/p>\n<p>Zapewne nie zaskoczy Pa\u0144stwa, \u017ce tak\u017ce niekt\u00f3re marki motoryzacyjne zaczyna\u0142y w gara\u017cu. \u017bywym przyk\u0142adem jest Lotus Cars. Anthony Chapman zak\u0142ada firm\u0119 produkuj\u0105c\u0105 samochody wy\u015bcigowe w gara\u017cu swojego ojca na p\u00f3\u0142nocy Londynu. Serce tej wy\u015bcigowej marki zaczyna bi\u0107 w 1984 roku.   <span class=\"Apple-converted-space\"> <\/span><\/p>\n<p><img loading=\"lazy\" decoding=\"async\" class=\"aligncenter wp-image-20722\" src=\"http:\/\/gardeon.pl\/wp-content\/uploads\/2019\/09\/n.jpg\" alt=\"Anthony Chapman\" width=\"800\" height=\"800\" srcset=\"https:\/\/gardeon.pl\/wp-content\/uploads\/2019\/09\/n.jpg 1024w, https:\/\/gardeon.pl\/wp-content\/uploads\/2019\/09\/n-150x150.jpg 150w, https:\/\/gardeon.pl\/wp-content\/uploads\/2019\/09\/n-300x300.jpg 300w, https:\/\/gardeon.pl\/wp-content\/uploads\/2019\/09\/n-768x768.jpg 768w\" sizes=\"auto, (max-width: 800px) 100vw, 800px\" \/><\/p>\n<p><img loading=\"lazy\" decoding=\"async\" class=\"aligncenter wp-image-20726\" src=\"http:\/\/gardeon.pl\/wp-content\/uploads\/2019\/09\/p-1024x576.jpg\" alt=\"Samochody Lotus\" width=\"800\" height=\"450\" srcset=\"https:\/\/gardeon.pl\/wp-content\/uploads\/2019\/09\/p-1024x576.jpg 1024w, https:\/\/gardeon.pl\/wp-content\/uploads\/2019\/09\/p-300x169.jpg 300w, https:\/\/gardeon.pl\/wp-content\/uploads\/2019\/09\/p-768x432.jpg 768w, https:\/\/gardeon.pl\/wp-content\/uploads\/2019\/09\/p.jpg 1200w\" sizes=\"auto, (max-width: 800px) 100vw, 800px\" \/><\/p>\n<h2>Amazon<\/h2>\n<p><img loading=\"lazy\" decoding=\"async\" class=\"aligncenter wp-image-20730\" src=\"http:\/\/gardeon.pl\/wp-content\/uploads\/2019\/09\/s-1024x768.png\" alt=\"logo Amazon\" width=\"250\" height=\"98\"><\/p>\n<p>Najs\u0142ynniejszy sklep internetowy na \u015bwiecie r\u00f3wnie\u017c zaczyna\u0142 w gara\u017cu. Konkretnie u Jeffa Bezosa, jego za\u0142o\u017cyciela, w stanie Waszyngton. W 1994 roku zamienia ten gara\u017c w magazyn \u2013 baz\u0119 dla e-sklepu z ksi\u0105\u017ckami. Pierwsz\u0105 ksi\u0105\u017ck\u0119 sprzedaje ju\u017c w pierwszym roku, jeszcze pod nazw\u0105 sklepu Cadabra. Dzi\u015b Amazon jest technologicznym gigantem, kt\u00f3ry bawi si\u0119 cyfrow\u0105 transmisj\u0105 i sztuczn\u0105 inteligencj\u0105.    <\/p>\n<p><img loading=\"lazy\" decoding=\"async\" class=\"aligncenter wp-image-20728\" src=\"http:\/\/gardeon.pl\/wp-content\/uploads\/2019\/09\/r-1024x695.jpg\" alt=\"Jeff Bezos\" width=\"800\" height=\"543\" srcset=\"https:\/\/gardeon.pl\/wp-content\/uploads\/2019\/09\/r-1024x695.jpg 1024w, https:\/\/gardeon.pl\/wp-content\/uploads\/2019\/09\/r-300x204.jpg 300w, https:\/\/gardeon.pl\/wp-content\/uploads\/2019\/09\/r-768x521.jpg 768w, https:\/\/gardeon.pl\/wp-content\/uploads\/2019\/09\/r.jpg 1400w\" sizes=\"auto, (max-width: 800px) 100vw, 800px\" \/><\/p>\n<h2>Google<\/h2>\n<p><img loading=\"lazy\" decoding=\"async\" class=\"aligncenter wp-image-20734\" src=\"http:\/\/gardeon.pl\/wp-content\/uploads\/2019\/09\/u-1024x398.png\" alt=\"logo Google\" width=\"250\" height=\"97\" srcset=\"https:\/\/gardeon.pl\/wp-content\/uploads\/2019\/09\/u-1024x398.png 1024w, https:\/\/gardeon.pl\/wp-content\/uploads\/2019\/09\/u-300x117.png 300w, https:\/\/gardeon.pl\/wp-content\/uploads\/2019\/09\/u-768x299.png 768w, https:\/\/gardeon.pl\/wp-content\/uploads\/2019\/09\/u.png 1800w\" sizes=\"auto, (max-width: 250px) 100vw, 250px\" \/><\/p>\n<p>Zgadn\u0105 Pa\u0144stwo, gdzie znajduje si\u0119 kolebka najs\u0142ynniejszej wyszukiwarki na \u015bwiecie? Mo\u017ce Pa\u0144stwa zaskoczymy? Ale nie \u2013 to r\u00f3wnie\u017c Kalifornia. W 1996 roku studenci Larry Page i Sergey Brin wynajmuj\u0105 gara\u017c swojej kole\u017canki Susan Wojcicki za 1 700 dolar\u00f3w miesi\u0119cznie. Jednak w ci\u0105gu roku gara\u017c staje si\u0119 dla nich za ma\u0142y, wi\u0119c przenosz\u0105 si\u0119 do wi\u0119kszych pomieszcze\u0144. A dzi\u015b nie potrafimy ju\u017c wyobrazi\u0107 sobie \u015bwiata bez googlowania.     <\/p>\n<p><img loading=\"lazy\" decoding=\"async\" class=\"aligncenter wp-image-20732\" src=\"http:\/\/gardeon.pl\/wp-content\/uploads\/2019\/09\/t-1024x708.jpg\" alt=\"Larry Page i Sergey Brin\" width=\"800\" height=\"554\" srcset=\"https:\/\/gardeon.pl\/wp-content\/uploads\/2019\/09\/t-1024x708.jpg 1024w, https:\/\/gardeon.pl\/wp-content\/uploads\/2019\/09\/t-300x208.jpg 300w, https:\/\/gardeon.pl\/wp-content\/uploads\/2019\/09\/t-768x531.jpg 768w, https:\/\/gardeon.pl\/wp-content\/uploads\/2019\/09\/t.jpg 1600w\" sizes=\"auto, (max-width: 800px) 100vw, 800px\" \/><\/p>\n<h2>YouTube<\/h2>\n<p><img loading=\"lazy\" decoding=\"async\" class=\"aligncenter wp-image-20736\" src=\"http:\/\/gardeon.pl\/wp-content\/uploads\/2019\/09\/v-1024x768.png\" alt=\"logo Youtube\" width=\"250\" height=\"186\"><\/p>\n<p>W 2005 roku Chad Hurley i Steve Chen, gdzie\u017cby indziej ni\u017c w Kalifornii, \u0142\u0105cz\u0105 si\u0142y ze swoim znajomym Jawedem Karimem. Zak\u0142adaj\u0105 platform\u0119 do udost\u0119pniania wideo \u2013 youtube.com. A gdzie? Oczywi\u015bcie w gara\u017cu Hurleya. Ju\u017c jesieni\u0105 2006 roku Google kupuje ich za 1,65 miliarda dolar\u00f3w.    <\/p>\n<p><img loading=\"lazy\" decoding=\"async\" class=\"aligncenter wp-image-20738\" src=\"http:\/\/gardeon.pl\/wp-content\/uploads\/2019\/09\/z.jpg\" alt=\"Chad Hurley i Steve Chen\" width=\"800\" height=\"492\" srcset=\"https:\/\/gardeon.pl\/wp-content\/uploads\/2019\/09\/z.jpg 650w, https:\/\/gardeon.pl\/wp-content\/uploads\/2019\/09\/z-300x185.jpg 300w\" sizes=\"auto, (max-width: 800px) 100vw, 800px\" \/><\/p>\n<p>To oczywi\u015bcie nie wszystko. Co jeszcze narodzi\u0142o si\u0119 w <a href=\"https:\/\/finweb.hnonline.sk\/ekonomika\/574290-otec-postavil-garaz-a-ja-som-dostal-biznis-napad\">gara\u017cach<\/a>? W 1969 roku by\u0142y to \u015bwiece zapachowe Yankee Candle Company, w 1959 latarki Maglite, w 1945 roku w gara\u017cu powsta\u0142a tak\u017ce marka Mattel \u2013 wtedy sprzedawali jednak ramy, a z resztek materia\u0142u budowali domki dla lalek. W 1964 roku Phil Knight uruchomi\u0142 firm\u0119 Nike, nie maj\u0105c nawet gara\u017cu, a jedynie baga\u017cnik swojego samochodu. Tak te\u017c mo\u017cna zacz\u0105\u0107. Niezale\u017cnie od tego, czy w <a href=\"https:\/\/gardeon.pl\/pl\/blog\/5-wskazowek-jak-wykorzystac-hale-modulowe-w-biznesie\/\">gara\u017cu modu\u0142owym<\/a>, domku ogrodowym czy w piwnicy \u2013 wa\u017cne jest w og\u00f3le zacz\u0105\u0107.     <\/p>\n<p>Je\u015bli my\u015bl\u0105 Pa\u0144stwo, \u017ce znana s\u0142owacka firma nie mo\u017ce powsta\u0107 w gara\u017cu, udowodnimy Pa\u0144stwu, \u017ce jest inaczej. Prosz\u0119 przeczyta\u0107 artyku\u0142 <a href=\"https:\/\/gardeon.pl\/pl\/?p=46679\">o s\u0142owackich firmach, kt\u00f3re zaczyna\u0142y w gara\u017cu, a dzi\u015b zarabiaj\u0105 miliony.<\/a> <\/p>\n<h5>\u0179r\u00f3d\u0142o (Source):<\/h5>\n<p>http:\/\/womenentrepreneurs.info\/<br \/>\nhttps:\/\/www.reddit.com\/<br \/>\nhttps:\/\/en.wikipedia.org\/wiki\/<br \/>\nhttps:\/\/www.harley-davidson.com\/<br \/>\nhttps:\/\/www.biography.com\/<br \/>\nhttps:\/\/www.sfgate.com\/<br \/>\nhttps:\/\/www.zyfe.com\/<br \/>\nhttps:\/\/elpais.com\/<br \/>\nhttp:\/\/www.pngmart.com\/<br \/>\nhttps:\/\/www.cnbc.com\/<br \/>\nhttps:\/\/www.apple.com\/<br \/>\nhttps:\/\/www.gettyimages.com\/<br \/>\nhttps:\/\/www.cleanpng.com\/<br \/>\nhttps:\/\/www.themanual.com\/<br \/>\nhttps:\/\/www.cnbc.com\/<br \/>\nhttps:\/\/purepng.com\/<br \/>\nhttps:\/\/www.britannica.com\/<br \/>\nhttps:\/\/seomofo.com\/<br \/>\nhttps:\/\/www.freepnglogos.com\/<br \/>\nhttps:\/\/www.tubefilter.com\/<\/p>\n","protected":false},"excerpt":{"rendered":"<p>Chc\u0105 Pa\u0144stwo rozpocz\u0105\u0107 dzia\u0142alno\u015b\u0107 i nie wiedz\u0105, od czego zacz\u0105\u0107? Prosz\u0119 spr\u00f3bowa\u0107 bezpo\u015brednio w swoim gara\u017cu. Poka\u017cemy Pa\u0144stwu 9 niezwyk\u0142ych historii firm, kt\u00f3re zaczyna\u0142y w gara\u017cu, a nawet w domku ogrodowym. Dzi\u015b potrzebowa\u0142yby ca\u0142ej armii gara\u017cy, aby pomie\u015bci\u0107 swoj\u0105 dzia\u0142alno\u015b\u0107 na ca\u0142ym \u015bwiecie. Zacznijmy jednak od pocz\u0105tku. Chronologicznie. Cofniemy si\u0119 do czas\u00f3w, gdy gara\u017ce w\u0142a\u015bciwie [&hellip;]<\/p>\n","protected":false},"author":2,"featured_media":46415,"comment_status":"open","ping_status":"open","sticky":false,"template":"","format":"standard","meta":{"_acf_changed":false,"inline_featured_image":false,"footnotes":""},"categories":[578,631],"tags":[],"class_list":["post-46391","post","type-post","status-publish","format-standard","has-post-thumbnail","hentry","category-garaze-blaszane","category-inne"],"acf":[],"yoast_head":"<!-- This site is optimized with the Yoast SEO plugin v27.4 - https:\/\/yoast.com\/product\/yoast-seo-wordpress\/ -->\n<title>9 \u015bwiatowych firm, kt\u00f3re zaczyna\u0142y w gara\u017cu - GARDEON<\/title>\n<meta name=\"robots\" content=\"index, follow, max-snippet:-1, max-image-preview:large, max-video-preview:-1\" \/>\n<link rel=\"canonical\" href=\"https:\/\/gardeon.pl\/pl\/blog\/9-swiatowych-firm-ktore-zaczynaly-w-garazu\/\" \/>\n<meta property=\"og:locale\" content=\"pl_PL\" \/>\n<meta property=\"og:type\" content=\"article\" \/>\n<meta property=\"og:title\" content=\"9 \u015bwiatowych firm, kt\u00f3re zaczyna\u0142y w gara\u017cu - GARDEON\" \/>\n<meta property=\"og:description\" content=\"Chc\u0105 Pa\u0144stwo rozpocz\u0105\u0107 dzia\u0142alno\u015b\u0107 i nie wiedz\u0105, od czego zacz\u0105\u0107? Prosz\u0119 spr\u00f3bowa\u0107 bezpo\u015brednio w swoim gara\u017cu. Poka\u017cemy Pa\u0144stwu 9 niezwyk\u0142ych historii firm, kt\u00f3re zaczyna\u0142y w gara\u017cu, a nawet w domku ogrodowym. Dzi\u015b potrzebowa\u0142yby ca\u0142ej armii gara\u017cy, aby pomie\u015bci\u0107 swoj\u0105 dzia\u0142alno\u015b\u0107 na ca\u0142ym \u015bwiecie. Zacznijmy jednak od pocz\u0105tku. Chronologicznie. Cofniemy si\u0119 do czas\u00f3w, gdy gara\u017ce w\u0142a\u015bciwie [&hellip;]\" \/>\n<meta property=\"og:url\" content=\"https:\/\/gardeon.pl\/pl\/blog\/9-swiatowych-firm-ktore-zaczynaly-w-garazu\/\" \/>\n<meta property=\"og:site_name\" content=\"GARDEON\" \/>\n<meta property=\"article:published_time\" content=\"2026-04-23T17:03:24+00:00\" \/>\n<meta property=\"og:image\" content=\"http:\/\/gardeon.pl\/wp-content\/uploads\/2021\/01\/gardeon-blog-firmy.jpg\" \/>\n\t<meta property=\"og:image:width\" content=\"800\" \/>\n\t<meta property=\"og:image:height\" content=\"930\" \/>\n\t<meta property=\"og:image:type\" content=\"image\/jpeg\" \/>\n<meta name=\"author\" content=\"editor\" \/>\n<meta name=\"twitter:card\" content=\"summary_large_image\" \/>\n<meta name=\"twitter:label1\" content=\"Napisane przez\" \/>\n\t<meta name=\"twitter:data1\" content=\"editor\" \/>\n\t<meta name=\"twitter:label2\" content=\"Szacowany czas czytania\" \/>\n\t<meta name=\"twitter:data2\" content=\"4 minuty\" \/>\n<script type=\"application\/ld+json\" class=\"yoast-schema-graph\">{\"@context\":\"https:\\\/\\\/schema.org\",\"@graph\":[{\"@type\":\"Article\",\"@id\":\"https:\\\/\\\/gardeon.pl\\\/pl\\\/blog\\\/9-swiatowych-firm-ktore-zaczynaly-w-garazu\\\/#article\",\"isPartOf\":{\"@id\":\"https:\\\/\\\/gardeon.pl\\\/pl\\\/blog\\\/9-swiatowych-firm-ktore-zaczynaly-w-garazu\\\/\"},\"author\":{\"name\":\"editor\",\"@id\":\"https:\\\/\\\/gardeon.pl\\\/#\\\/schema\\\/person\\\/a5762ca5f0790bf92774af0899379463\"},\"headline\":\"9 \u015bwiatowych firm, kt\u00f3re zaczyna\u0142y w gara\u017cu\",\"datePublished\":\"2026-04-23T17:03:24+00:00\",\"mainEntityOfPage\":{\"@id\":\"https:\\\/\\\/gardeon.pl\\\/pl\\\/blog\\\/9-swiatowych-firm-ktore-zaczynaly-w-garazu\\\/\"},\"wordCount\":843,\"commentCount\":0,\"image\":{\"@id\":\"https:\\\/\\\/gardeon.pl\\\/pl\\\/blog\\\/9-swiatowych-firm-ktore-zaczynaly-w-garazu\\\/#primaryimage\"},\"thumbnailUrl\":\"https:\\\/\\\/gardeon.pl\\\/wp-content\\\/uploads\\\/2021\\\/01\\\/gardeon-blog-firmy.jpg\",\"articleSection\":[\"Gara\u017ce blaszane\",\"Inne\"],\"inLanguage\":\"pl-PL\",\"potentialAction\":[{\"@type\":\"CommentAction\",\"name\":\"Comment\",\"target\":[\"https:\\\/\\\/gardeon.pl\\\/pl\\\/blog\\\/9-swiatowych-firm-ktore-zaczynaly-w-garazu\\\/#respond\"]}]},{\"@type\":\"WebPage\",\"@id\":\"https:\\\/\\\/gardeon.pl\\\/pl\\\/blog\\\/9-swiatowych-firm-ktore-zaczynaly-w-garazu\\\/\",\"url\":\"https:\\\/\\\/gardeon.pl\\\/pl\\\/blog\\\/9-swiatowych-firm-ktore-zaczynaly-w-garazu\\\/\",\"name\":\"9 \u015bwiatowych firm, kt\u00f3re zaczyna\u0142y w gara\u017cu - GARDEON\",\"isPartOf\":{\"@id\":\"https:\\\/\\\/gardeon.pl\\\/#website\"},\"primaryImageOfPage\":{\"@id\":\"https:\\\/\\\/gardeon.pl\\\/pl\\\/blog\\\/9-swiatowych-firm-ktore-zaczynaly-w-garazu\\\/#primaryimage\"},\"image\":{\"@id\":\"https:\\\/\\\/gardeon.pl\\\/pl\\\/blog\\\/9-swiatowych-firm-ktore-zaczynaly-w-garazu\\\/#primaryimage\"},\"thumbnailUrl\":\"https:\\\/\\\/gardeon.pl\\\/wp-content\\\/uploads\\\/2021\\\/01\\\/gardeon-blog-firmy.jpg\",\"datePublished\":\"2026-04-23T17:03:24+00:00\",\"author\":{\"@id\":\"https:\\\/\\\/gardeon.pl\\\/#\\\/schema\\\/person\\\/a5762ca5f0790bf92774af0899379463\"},\"breadcrumb\":{\"@id\":\"https:\\\/\\\/gardeon.pl\\\/pl\\\/blog\\\/9-swiatowych-firm-ktore-zaczynaly-w-garazu\\\/#breadcrumb\"},\"inLanguage\":\"pl-PL\",\"potentialAction\":[{\"@type\":\"ReadAction\",\"target\":[\"https:\\\/\\\/gardeon.pl\\\/pl\\\/blog\\\/9-swiatowych-firm-ktore-zaczynaly-w-garazu\\\/\"]}]},{\"@type\":\"ImageObject\",\"inLanguage\":\"pl-PL\",\"@id\":\"https:\\\/\\\/gardeon.pl\\\/pl\\\/blog\\\/9-swiatowych-firm-ktore-zaczynaly-w-garazu\\\/#primaryimage\",\"url\":\"https:\\\/\\\/gardeon.pl\\\/wp-content\\\/uploads\\\/2021\\\/01\\\/gardeon-blog-firmy.jpg\",\"contentUrl\":\"https:\\\/\\\/gardeon.pl\\\/wp-content\\\/uploads\\\/2021\\\/01\\\/gardeon-blog-firmy.jpg\",\"width\":800,\"height\":930,\"caption\":\"Firmy, kt\u00f3re zaczyna\u0142y w gara\u017cu.\"},{\"@type\":\"BreadcrumbList\",\"@id\":\"https:\\\/\\\/gardeon.pl\\\/pl\\\/blog\\\/9-swiatowych-firm-ktore-zaczynaly-w-garazu\\\/#breadcrumb\",\"itemListElement\":[{\"@type\":\"ListItem\",\"position\":1,\"name\":\"Domov\",\"item\":\"https:\\\/\\\/gardeon.pl\\\/pl\\\/\"},{\"@type\":\"ListItem\",\"position\":2,\"name\":\"9 \u015bwiatowych firm, kt\u00f3re zaczyna\u0142y w gara\u017cu\"}]},{\"@type\":\"WebSite\",\"@id\":\"https:\\\/\\\/gardeon.pl\\\/#website\",\"url\":\"https:\\\/\\\/gardeon.pl\\\/\",\"name\":\"GARDEON\",\"description\":\"\",\"potentialAction\":[{\"@type\":\"SearchAction\",\"target\":{\"@type\":\"EntryPoint\",\"urlTemplate\":\"https:\\\/\\\/gardeon.pl\\\/?s={search_term_string}\"},\"query-input\":{\"@type\":\"PropertyValueSpecification\",\"valueRequired\":true,\"valueName\":\"search_term_string\"}}],\"inLanguage\":\"pl-PL\"},{\"@type\":\"Person\",\"@id\":\"https:\\\/\\\/gardeon.pl\\\/#\\\/schema\\\/person\\\/a5762ca5f0790bf92774af0899379463\",\"name\":\"editor\",\"image\":{\"@type\":\"ImageObject\",\"inLanguage\":\"pl-PL\",\"@id\":\"https:\\\/\\\/secure.gravatar.com\\\/avatar\\\/2b748151c2c748327307fd289a91b3bdafdd9e64e2d000e65e53d6dcf11c5830?s=96&d=mm&r=g\",\"url\":\"https:\\\/\\\/secure.gravatar.com\\\/avatar\\\/2b748151c2c748327307fd289a91b3bdafdd9e64e2d000e65e53d6dcf11c5830?s=96&d=mm&r=g\",\"contentUrl\":\"https:\\\/\\\/secure.gravatar.com\\\/avatar\\\/2b748151c2c748327307fd289a91b3bdafdd9e64e2d000e65e53d6dcf11c5830?s=96&d=mm&r=g\",\"caption\":\"editor\"}}]}<\/script>\n<!-- \/ Yoast SEO plugin. -->","yoast_head_json":{"title":"9 \u015bwiatowych firm, kt\u00f3re zaczyna\u0142y w gara\u017cu - GARDEON","robots":{"index":"index","follow":"follow","max-snippet":"max-snippet:-1","max-image-preview":"max-image-preview:large","max-video-preview":"max-video-preview:-1"},"canonical":"https:\/\/gardeon.pl\/pl\/blog\/9-swiatowych-firm-ktore-zaczynaly-w-garazu\/","og_locale":"pl_PL","og_type":"article","og_title":"9 \u015bwiatowych firm, kt\u00f3re zaczyna\u0142y w gara\u017cu - GARDEON","og_description":"Chc\u0105 Pa\u0144stwo rozpocz\u0105\u0107 dzia\u0142alno\u015b\u0107 i nie wiedz\u0105, od czego zacz\u0105\u0107? Prosz\u0119 spr\u00f3bowa\u0107 bezpo\u015brednio w swoim gara\u017cu. Poka\u017cemy Pa\u0144stwu 9 niezwyk\u0142ych historii firm, kt\u00f3re zaczyna\u0142y w gara\u017cu, a nawet w domku ogrodowym. Dzi\u015b potrzebowa\u0142yby ca\u0142ej armii gara\u017cy, aby pomie\u015bci\u0107 swoj\u0105 dzia\u0142alno\u015b\u0107 na ca\u0142ym \u015bwiecie. Zacznijmy jednak od pocz\u0105tku. Chronologicznie. Cofniemy si\u0119 do czas\u00f3w, gdy gara\u017ce w\u0142a\u015bciwie [&hellip;]","og_url":"https:\/\/gardeon.pl\/pl\/blog\/9-swiatowych-firm-ktore-zaczynaly-w-garazu\/","og_site_name":"GARDEON","article_published_time":"2026-04-23T17:03:24+00:00","og_image":[{"width":800,"height":930,"url":"http:\/\/gardeon.pl\/wp-content\/uploads\/2021\/01\/gardeon-blog-firmy.jpg","type":"image\/jpeg"}],"author":"editor","twitter_card":"summary_large_image","twitter_misc":{"Napisane przez":"editor","Szacowany czas czytania":"4 minuty"},"schema":{"@context":"https:\/\/schema.org","@graph":[{"@type":"Article","@id":"https:\/\/gardeon.pl\/pl\/blog\/9-swiatowych-firm-ktore-zaczynaly-w-garazu\/#article","isPartOf":{"@id":"https:\/\/gardeon.pl\/pl\/blog\/9-swiatowych-firm-ktore-zaczynaly-w-garazu\/"},"author":{"name":"editor","@id":"https:\/\/gardeon.pl\/#\/schema\/person\/a5762ca5f0790bf92774af0899379463"},"headline":"9 \u015bwiatowych firm, kt\u00f3re zaczyna\u0142y w gara\u017cu","datePublished":"2026-04-23T17:03:24+00:00","mainEntityOfPage":{"@id":"https:\/\/gardeon.pl\/pl\/blog\/9-swiatowych-firm-ktore-zaczynaly-w-garazu\/"},"wordCount":843,"commentCount":0,"image":{"@id":"https:\/\/gardeon.pl\/pl\/blog\/9-swiatowych-firm-ktore-zaczynaly-w-garazu\/#primaryimage"},"thumbnailUrl":"https:\/\/gardeon.pl\/wp-content\/uploads\/2021\/01\/gardeon-blog-firmy.jpg","articleSection":["Gara\u017ce blaszane","Inne"],"inLanguage":"pl-PL","potentialAction":[{"@type":"CommentAction","name":"Comment","target":["https:\/\/gardeon.pl\/pl\/blog\/9-swiatowych-firm-ktore-zaczynaly-w-garazu\/#respond"]}]},{"@type":"WebPage","@id":"https:\/\/gardeon.pl\/pl\/blog\/9-swiatowych-firm-ktore-zaczynaly-w-garazu\/","url":"https:\/\/gardeon.pl\/pl\/blog\/9-swiatowych-firm-ktore-zaczynaly-w-garazu\/","name":"9 \u015bwiatowych firm, kt\u00f3re zaczyna\u0142y w gara\u017cu - GARDEON","isPartOf":{"@id":"https:\/\/gardeon.pl\/#website"},"primaryImageOfPage":{"@id":"https:\/\/gardeon.pl\/pl\/blog\/9-swiatowych-firm-ktore-zaczynaly-w-garazu\/#primaryimage"},"image":{"@id":"https:\/\/gardeon.pl\/pl\/blog\/9-swiatowych-firm-ktore-zaczynaly-w-garazu\/#primaryimage"},"thumbnailUrl":"https:\/\/gardeon.pl\/wp-content\/uploads\/2021\/01\/gardeon-blog-firmy.jpg","datePublished":"2026-04-23T17:03:24+00:00","author":{"@id":"https:\/\/gardeon.pl\/#\/schema\/person\/a5762ca5f0790bf92774af0899379463"},"breadcrumb":{"@id":"https:\/\/gardeon.pl\/pl\/blog\/9-swiatowych-firm-ktore-zaczynaly-w-garazu\/#breadcrumb"},"inLanguage":"pl-PL","potentialAction":[{"@type":"ReadAction","target":["https:\/\/gardeon.pl\/pl\/blog\/9-swiatowych-firm-ktore-zaczynaly-w-garazu\/"]}]},{"@type":"ImageObject","inLanguage":"pl-PL","@id":"https:\/\/gardeon.pl\/pl\/blog\/9-swiatowych-firm-ktore-zaczynaly-w-garazu\/#primaryimage","url":"https:\/\/gardeon.pl\/wp-content\/uploads\/2021\/01\/gardeon-blog-firmy.jpg","contentUrl":"https:\/\/gardeon.pl\/wp-content\/uploads\/2021\/01\/gardeon-blog-firmy.jpg","width":800,"height":930,"caption":"Firmy, kt\u00f3re zaczyna\u0142y w gara\u017cu."},{"@type":"BreadcrumbList","@id":"https:\/\/gardeon.pl\/pl\/blog\/9-swiatowych-firm-ktore-zaczynaly-w-garazu\/#breadcrumb","itemListElement":[{"@type":"ListItem","position":1,"name":"Domov","item":"https:\/\/gardeon.pl\/pl\/"},{"@type":"ListItem","position":2,"name":"9 \u015bwiatowych firm, kt\u00f3re zaczyna\u0142y w gara\u017cu"}]},{"@type":"WebSite","@id":"https:\/\/gardeon.pl\/#website","url":"https:\/\/gardeon.pl\/","name":"GARDEON","description":"","potentialAction":[{"@type":"SearchAction","target":{"@type":"EntryPoint","urlTemplate":"https:\/\/gardeon.pl\/?s={search_term_string}"},"query-input":{"@type":"PropertyValueSpecification","valueRequired":true,"valueName":"search_term_string"}}],"inLanguage":"pl-PL"},{"@type":"Person","@id":"https:\/\/gardeon.pl\/#\/schema\/person\/a5762ca5f0790bf92774af0899379463","name":"editor","image":{"@type":"ImageObject","inLanguage":"pl-PL","@id":"https:\/\/secure.gravatar.com\/avatar\/2b748151c2c748327307fd289a91b3bdafdd9e64e2d000e65e53d6dcf11c5830?s=96&d=mm&r=g","url":"https:\/\/secure.gravatar.com\/avatar\/2b748151c2c748327307fd289a91b3bdafdd9e64e2d000e65e53d6dcf11c5830?s=96&d=mm&r=g","contentUrl":"https:\/\/secure.gravatar.com\/avatar\/2b748151c2c748327307fd289a91b3bdafdd9e64e2d000e65e53d6dcf11c5830?s=96&d=mm&r=g","caption":"editor"}}]}},"_links":{"self":[{"href":"https:\/\/gardeon.pl\/pl\/wp-json\/wp\/v2\/posts\/46391","targetHints":{"allow":["GET"]}}],"collection":[{"href":"https:\/\/gardeon.pl\/pl\/wp-json\/wp\/v2\/posts"}],"about":[{"href":"https:\/\/gardeon.pl\/pl\/wp-json\/wp\/v2\/types\/post"}],"author":[{"embeddable":true,"href":"https:\/\/gardeon.pl\/pl\/wp-json\/wp\/v2\/users\/2"}],"replies":[{"embeddable":true,"href":"https:\/\/gardeon.pl\/pl\/wp-json\/wp\/v2\/comments?post=46391"}],"version-history":[{"count":0,"href":"https:\/\/gardeon.pl\/pl\/wp-json\/wp\/v2\/posts\/46391\/revisions"}],"wp:featuredmedia":[{"embeddable":true,"href":"https:\/\/gardeon.pl\/pl\/wp-json\/wp\/v2\/media\/46415"}],"wp:attachment":[{"href":"https:\/\/gardeon.pl\/pl\/wp-json\/wp\/v2\/media?parent=46391"}],"wp:term":[{"taxonomy":"category","embeddable":true,"href":"https:\/\/gardeon.pl\/pl\/wp-json\/wp\/v2\/categories?post=46391"},{"taxonomy":"post_tag","embeddable":true,"href":"https:\/\/gardeon.pl\/pl\/wp-json\/wp\/v2\/tags?post=46391"}],"curies":[{"name":"wp","href":"https:\/\/api.w.org\/{rel}","templated":true}]}}