{"id":46438,"date":"2026-04-23T19:03:24","date_gmt":"2026-04-23T17:03:24","guid":{"rendered":"https:\/\/gardeon.pl\/?p=46438"},"modified":"2026-04-23T19:03:24","modified_gmt":"2026-04-23T17:03:24","slug":"jak-zapobiec-pozarowi-w-ogrodzie-w-garazu-w-domku-ogrodowym","status":"publish","type":"post","link":"https:\/\/gardeon.pl\/pl\/blog\/jak-zapobiec-pozarowi-w-ogrodzie-w-garazu-w-domku-ogrodowym\/","title":{"rendered":"Jak zapobiec po\u017carowi w ogrodzie \/ w gara\u017cu \/ w domku ogrodowym"},"content":{"rendered":"<p><em>Co mo\u017ce sp\u0142on\u0105\u0107 w Pa\u0144stwa ogrodzie? Praktycznie wszystko \u2013 od sterty suchej trawy, przez plastikowy domek, a\u017c po narz\u0119dzia i materia\u0142y \u0142atwopalne w gara\u017cu. Przez nieuwag\u0119 mo\u017ce wybuchn\u0105\u0107 ogie\u0144, kt\u00f3ry zmieni ogr\u00f3d i dom nie do poznania. Niestety, cz\u0119sto wystarczy jeden b\u0142\u0105d. Dzi\u015b przyjrzymy si\u0119 temu, jak zredukowa\u0107 ryzyko po\u017caru i co najcz\u0119\u015bciej go powoduje.    <\/em><\/p>\n<p><!--more--><\/p>\n<p><em>W mediach nag\u0142a\u015bniane s\u0105 g\u0142\u00f3wnie du\u017ce po\u017cary, takie jak np. <a href=\"https:\/\/www.bratislavskenoviny.sk\/aktuality\/stare-mesto\/52226-hasici-evakuuju-hlavne-namestie-vianocne-trhy-zachvatil-poziar\">ten na jarmarku bo\u017conarodzeniowym w Bratys\u0142awie<\/a>. To, \u017ce sp\u0142on\u0105\u0142 gara\u017c na obrze\u017cach miasta, nie trafi ju\u017c do gazet. Wed\u0142ug statystyk z 2017 roku <a href=\"https:\/\/www.aktuality.sk\/clanok\/544898\/pocet-poziarov-na-slovensku-narastol-ukazali-nove-statistiky\/\">ponad po\u0142owa wszystkich po\u017car\u00f3w<\/a> powstaje wskutek niedbalstwa i nieostro\u017cno\u015bci doros\u0142ych. Tak, wszyscy pope\u0142niamy b\u0142\u0119dy. Dlatego skupimy si\u0119 r\u00f3wnie\u017c na tym, jak zminimalizowa\u0107 szkody, gdyby do nich dosz\u0142o.    <\/em><\/p>\n<p><img loading=\"lazy\" decoding=\"async\" class=\"aligncenter wp-image-19071\" src=\"http:\/\/gardeon.pl\/wp-content\/uploads\/2019\/03\/d-1-1024x683.jpg\" alt=\"Drewniany gara\u017c z dachem dwuspadowym i niebieskim samochodem\" width=\"800\" height=\"533\" srcset=\"https:\/\/gardeon.pl\/wp-content\/uploads\/2019\/03\/d-1-1024x683.jpg 1024w, https:\/\/gardeon.pl\/wp-content\/uploads\/2019\/03\/d-1-300x200.jpg 300w, https:\/\/gardeon.pl\/wp-content\/uploads\/2019\/03\/d-1-768x512.jpg 768w, https:\/\/gardeon.pl\/wp-content\/uploads\/2019\/03\/d-1.jpg 1200w\" sizes=\"auto, (max-width: 800px) 100vw, 800px\" \/><\/p>\n<h3><b>Co wszystko mo\u017ce poch\u0142on\u0105\u0107<\/b> po\u017car?<\/h3>\n<p>Cz\u0119sto nie zdajemy sobie z tego sprawy, ale jest tego naprawd\u0119 sporo. Drewniany domek ogrodowy czy wiata gara\u017cowa, buda dla psa itd. W zasadzie wszystko wykonane z drewna, palet lub p\u0142yt OSB \u2013 np. meble ogrodowe, a nawet ca\u0142a altana.   <\/p>\n<p><img loading=\"lazy\" decoding=\"async\" class=\"aligncenter wp-image-19083\" src=\"http:\/\/gardeon.pl\/wp-content\/uploads\/2019\/03\/e-1-1024x683.jpg\" alt=\"Drewniany domek ogrodowy z miejscem do grillowania\" width=\"800\" height=\"533\" srcset=\"https:\/\/gardeon.pl\/wp-content\/uploads\/2019\/03\/e-1-1024x683.jpg 1024w, https:\/\/gardeon.pl\/wp-content\/uploads\/2019\/03\/e-1-300x200.jpg 300w, https:\/\/gardeon.pl\/wp-content\/uploads\/2019\/03\/e-1-768x512.jpg 768w, https:\/\/gardeon.pl\/wp-content\/uploads\/2019\/03\/e-1.jpg 1200w\" sizes=\"auto, (max-width: 800px) 100vw, 800px\" \/><\/p>\n<p>&nbsp;<\/p>\n<p>Jednak nawet plastik nie jest bezpieczny przed ogniem \u2013 wiadra, konewki, plastikowe krzes\u0142a, plastikowy domek ogrodowy \u2013 to wszystko po\u017car mo\u017ce zniszczy\u0107. Nawet szklarnia mo\u017ce \u0142atwo zaj\u0105\u0107 si\u0119 ogniem, je\u015bli umieszcz\u0105 w niej Pa\u0144stwo w\u0119gle w plastikowym wiadrze. Niestety, takie przypadki r\u00f3wnie\u017c mia\u0142y miejsce.  <\/p>\n<p><img loading=\"lazy\" decoding=\"async\" class=\"aligncenter wp-image-19073\" src=\"http:\/\/gardeon.pl\/wp-content\/uploads\/2019\/03\/f-1024x1024.jpg\" alt=\"Ma\u0142a altana nad grillem\" width=\"800\" height=\"800\"><\/p>\n<p><img loading=\"lazy\" decoding=\"async\" class=\"aligncenter wp-image-19085\" src=\"http:\/\/gardeon.pl\/wp-content\/uploads\/2019\/03\/c-1.jpg\" alt=\"Ma\u0142y drewniany domek ogrodowy z wewn\u0119trznym miejscem do siedzenia\" width=\"800\" height=\"800\" srcset=\"https:\/\/gardeon.pl\/wp-content\/uploads\/2019\/03\/c-1.jpg 1000w, https:\/\/gardeon.pl\/wp-content\/uploads\/2019\/03\/c-1-150x150.jpg 150w, https:\/\/gardeon.pl\/wp-content\/uploads\/2019\/03\/c-1-300x300.jpg 300w, https:\/\/gardeon.pl\/wp-content\/uploads\/2019\/03\/c-1-768x768.jpg 768w\" sizes=\"auto, (max-width: 800px) 100vw, 800px\" \/><\/p>\n<p><img loading=\"lazy\" decoding=\"async\" class=\"aligncenter wp-image-19087\" src=\"http:\/\/gardeon.pl\/wp-content\/uploads\/2019\/03\/h-1024x576.jpg\" alt=\"Drewniana wiata z dachem dwuspadowym\" width=\"800\" height=\"450\" srcset=\"https:\/\/gardeon.pl\/wp-content\/uploads\/2019\/03\/h-1024x576.jpg 1024w, https:\/\/gardeon.pl\/wp-content\/uploads\/2019\/03\/h-300x169.jpg 300w, https:\/\/gardeon.pl\/wp-content\/uploads\/2019\/03\/h-768x432.jpg 768w, https:\/\/gardeon.pl\/wp-content\/uploads\/2019\/03\/h.jpg 1268w\" sizes=\"auto, (max-width: 800px) 100vw, 800px\" \/><\/p>\n<p>Ile takich \u201e\u0142atwopalnych\u201d rzeczy maj\u0105 Pa\u0144stwo w ogrodzie? A co z gara\u017cem lub domkiem ogrodowym? <span class=\"Apple-converted-space\"> <\/span><\/p>\n<h3><b>Najcz\u0119stsze<\/b> przyczyny<b> po\u017caru<\/b><\/h3>\n<p>Niewyczyszczony komin. Czy maj\u0105 Pa\u0144stwo piecyk kominkowy w domku ogrodowym? Ewentualnie w domku letniskowym? P\u0142on\u0105cy ogie\u0144 to gwarantowany romantyzm, ale ma te\u017c swoje ciemne strony, i to dos\u0142ownie. R\u0119ka na serce \u2013 kiedy ostatnio by\u0142 czyszczony? Na wewn\u0119trznych \u015bciankach komina przy ka\u017cdym u\u017cyciu osadza si\u0119 sadza. Po pewnym czasie mo\u017ce doj\u015b\u0107 do jej zap\u0142onu, a temperatura w kominie mo\u017ce wzrosn\u0105\u0107 powy\u017cej tysi\u0105ca stopni Celsjusza. Powstaje po\u017car. O tym, jak cz\u0119sto czy\u015bci\u0107 komin, mo\u017cna przeczyta\u0107 <a href=\"http:\/\/www.zakonypreludi.sk\/zz\/2001-314\">w ustawie<\/a> oraz <a href=\"http:\/\/www.zakonypreludi.sk\/zz\/2007-401\">w rozporz\u0105dzeniu<\/a>.        <\/p>\n<p><img loading=\"lazy\" decoding=\"async\" class=\"aligncenter wp-image-19065\" src=\"http:\/\/gardeon.pl\/wp-content\/uploads\/2019\/03\/g-1024x768.jpg\" alt=\"G\u0142\u0119boki d\u00f3\u0142\" width=\"800\" height=\"600\" srcset=\"https:\/\/gardeon.pl\/wp-content\/uploads\/2019\/03\/g-1024x768.jpg 1024w, https:\/\/gardeon.pl\/wp-content\/uploads\/2019\/03\/g-300x225.jpg 300w, https:\/\/gardeon.pl\/wp-content\/uploads\/2019\/03\/g-768x576.jpg 768w, https:\/\/gardeon.pl\/wp-content\/uploads\/2019\/03\/g.jpg 2048w\" sizes=\"auto, (max-width: 800px) 100vw, 800px\" \/><\/p>\n<p>Uszkodzone kable i \u0142adowarki. Obecne wsz\u0119dzie. Do telefonu, tabletu, laptopa. Podczas przenoszenia zwijamy je, po u\u017cyciu zapominamy o nich na pod\u0142odze i przeje\u017cd\u017camy po nich krzes\u0142em. Czy to przez nieuwag\u0119, czy przez cz\u0119ste u\u017cytkowanie, kable zu\u017cywaj\u0105 si\u0119 i powstaje ryzyko, \u017ce po\u0142amane i ods\u0142oni\u0119te przewody spowoduj\u0105 zwarcie. Jak temu zapobiec? Przede wszystkim nie nale\u017cy w og\u00f3le u\u017cywa\u0107 uszkodzonych kabli. Je\u015bli ju\u017c, to podczas \u0142adowania telefon nale\u017cy po\u0142o\u017cy\u0107 np. na p\u0142ytkach, a nie na stosie papier\u00f3w.        <\/p>\n<p><img loading=\"lazy\" decoding=\"async\" class=\"aligncenter wp-image-19067\" src=\"http:\/\/gardeon.pl\/wp-content\/uploads\/2019\/03\/i.jpg\" alt=\"Uszkodzony kana\u0142\" width=\"800\" height=\"534\" srcset=\"https:\/\/gardeon.pl\/wp-content\/uploads\/2019\/03\/i.jpg 1000w, https:\/\/gardeon.pl\/wp-content\/uploads\/2019\/03\/i-300x200.jpg 300w, https:\/\/gardeon.pl\/wp-content\/uploads\/2019\/03\/i-768x512.jpg 768w\" sizes=\"auto, (max-width: 800px) 100vw, 800px\" \/><\/p>\n<p>Gniazdka elektryczne, o kt\u00f3re oparte s\u0105 szafy lub kanapa. Sygna\u0142em ostrzegawczym, \u017ce z gniazdkami jest co\u015b nie tak, jest \u017c\u00f3\u0142te lub czarne zabarwienie. Radzimy zleci\u0107 ich sprawdzenie profesjonali\u015bcie.  <\/p>\n<p>Stare urz\u0105dzenia elektryczne. Gdzie ludzie najcz\u0119\u015bciej u\u017cywaj\u0105 starszych urz\u0105dze\u0144? W domku letniskowym lub w letniej kuchni w ogrodzie. Zapali\u0107 mo\u017ce si\u0119 pusty, stary czajnik elektryczny na sta\u0142e pod\u0142\u0105czony do gniazdka bez zabezpieczenia przed samoczynnym w\u0142\u0105czeniem. Albo starsza lod\u00f3wka, kt\u00f3ra sk\u0142ada si\u0119 z \u0142atwopalnych tworzyw sztucznych, ch\u0142odzi dzi\u0119ki r\u00f3wnie\u017c \u0142atwopalnym gazom i ma kompresor zanurzony w oleju. Po prostu gotowy przepis na katastrof\u0119. Taka sytuacja <a href=\"https:\/\/www.webnoviny.sk\/policia-zistila-co-sposobilo-poziar-obytnej-budovy-v-londyne\/\">wydarzy\u0142a si\u0119 w rzeczywisto\u015bci w Londynie latem 2017 roku<\/a>, kiedy sp\u0142on\u0105\u0142 wie\u017cowiec mieszkalny. Po\u017car spowodowa\u0142a lod\u00f3wka.       <span class=\"Apple-converted-space\"> <\/span><\/p>\n<p>Palenie li\u015bci i trawy w ogrodzie. I zn\u00f3w wracamy do ludzkich b\u0142\u0119d\u00f3w. Wystarczy upa\u0142, susza i troch\u0119 \u017ale skierowanego wiatru. Potem pozostaje ju\u017c tylko patrze\u0107, jak ogie\u0144 zmierza w stron\u0119 gara\u017cu lub domu. Odpady ogrodowe lepiej odda\u0107 do najbli\u017cszego br\u0105zowego pojemnika na bioodpady lub skorzysta\u0107 z lokalnego kompostownika.    <span class=\"Apple-converted-space\"> <\/span><\/p>\n<p><img loading=\"lazy\" decoding=\"async\" class=\"aligncenter wp-image-19069\" src=\"http:\/\/gardeon.pl\/wp-content\/uploads\/2019\/03\/j-768x1024.jpg\" alt=\"Po\u017car ga\u0142\u0119zi\" width=\"800\" height=\"1066\"><\/p>\n<p>Ekstremalne upa\u0142y. One same nie musz\u0105 bezpo\u015brednio spowodowa\u0107 po\u017caru, ale sprzyjaj\u0105 mu, gdy ogie\u0144 ju\u017c si\u0119 pojawi. <b> <\/b>Jednocze\u015bnie latem Pa\u0144stwa domek ogrodowy lub gara\u017c blaszany mog\u0105, dzi\u0119ki d\u0142ugo operuj\u0105cemu s\u0142o\u0144cu, zmieni\u0107 si\u0119 w ogromne piekarniki. Mo\u017cna temu zapobiec poprzez <a href=\"https:\/\/gardeon.pl\/pl\/blog\/prosty-sposob-na-samodzielne-ocieplenie-domku-ogrodowego\/\">ocieplenie konstrukcji ogrodowej<\/a>. <span class=\"Apple-converted-space\"> <\/span><\/p>\n<p><img loading=\"lazy\" decoding=\"async\" class=\"aligncenter wp-image-19081\" src=\"http:\/\/gardeon.pl\/wp-content\/uploads\/2019\/03\/b-1024x576.png\" alt=\"Suche ga\u0142\u0119zie\" width=\"800\" height=\"450\"><\/p>\n<h3>Czego nie przechowywa\u0107 w konstrukcji ogrodowej<\/h3>\n<p>Niekt\u00f3re przedmioty s\u0105 zbyt cenne, aby przechowywa\u0107 je w gara\u017cu lub w domku modu\u0142owym. Zw\u0142aszcza je\u015bli nie s\u0105 zabezpieczone przed po\u017carem. I nie mamy tu na my\u015bli tylko czujnika dymu, cho\u0107 oczywi\u015bcie mo\u017ce on by\u0107 bardzo przydatny w pocz\u0105tkowej fazie po\u017caru. Podobnie jak ga\u015bnica (szczeg\u00f3lnie w warsztacie, gdzie iskry sypi\u0105 si\u0119 a\u017c mi\u0142o).   <\/p>\n<p><img loading=\"lazy\" decoding=\"async\" class=\"aligncenter wp-image-19075\" src=\"http:\/\/gardeon.pl\/wp-content\/uploads\/2019\/03\/l-1024x309.jpg\" alt=\"Czujnik dymu\" width=\"800\" height=\"242\" srcset=\"https:\/\/gardeon.pl\/wp-content\/uploads\/2019\/03\/l-1024x309.jpg 1024w, https:\/\/gardeon.pl\/wp-content\/uploads\/2019\/03\/l-300x91.jpg 300w, https:\/\/gardeon.pl\/wp-content\/uploads\/2019\/03\/l-768x232.jpg 768w\" sizes=\"auto, (max-width: 800px) 100vw, 800px\" \/><\/p>\n<p><img loading=\"lazy\" decoding=\"async\" class=\"aligncenter wp-image-19089\" src=\"http:\/\/gardeon.pl\/wp-content\/uploads\/2019\/03\/k-983x1024.jpg\" alt=\"Ga\u015bnica\" width=\"800\" height=\"833\" srcset=\"https:\/\/gardeon.pl\/wp-content\/uploads\/2019\/03\/k-983x1024.jpg 983w, https:\/\/gardeon.pl\/wp-content\/uploads\/2019\/03\/k-288x300.jpg 288w, https:\/\/gardeon.pl\/wp-content\/uploads\/2019\/03\/k-768x800.jpg 768w, https:\/\/gardeon.pl\/wp-content\/uploads\/2019\/03\/k.jpg 1300w\" sizes=\"auto, (max-width: 800px) 100vw, 800px\" \/><\/p>\n<p>Jakie cenne rzeczy nie powinny by\u0107 przechowywane w konstrukcji ogrodowej, lecz w bezpiecznym miejscu? Przede wszystkim zdj\u0119cia i dokumenty \u2013 akty urodzenia, dyplomy, akt ma\u0142\u017ce\u0144stwa itp. Tak\u017ce narz\u0119dzia, dzie\u0142a sztuki i, co nie mniej wa\u017cne, elektronika. Wszystkie te rzeczy s\u0105 podatne na gwa\u0142towne ciep\u0142o, ale tak\u017ce na zimno i wilgo\u0107. W przesz\u0142o\u015bci napisali\u015bmy artyku\u0142 o tym, <a href=\"http:\/\/gardeon.pl\/blog\/7-krokov-ako-zredukovat-vlhkost-vo-vasej-garazi\/\">jak pozby\u0107 si\u0119 wilgoci<\/a>, a tak\u017ce <a href=\"https:\/\/gardeon.pl\/pl\/blog\/zapobiegaj-rozwojowi-plesni-w-swojej-konstrukcji-ogrodowej-jak-to-zrobic\/\">jak zapobiega\u0107 ple\u015bni<\/a>.    <\/p>\n<p><img loading=\"lazy\" decoding=\"async\" class=\"aligncenter wp-image-19077\" src=\"http:\/\/gardeon.pl\/wp-content\/uploads\/2019\/03\/m-1024x744.jpg\" alt=\"Dyplom\" width=\"800\" height=\"581\" srcset=\"https:\/\/gardeon.pl\/wp-content\/uploads\/2019\/03\/m-1024x744.jpg 1024w, https:\/\/gardeon.pl\/wp-content\/uploads\/2019\/03\/m-300x218.jpg 300w, https:\/\/gardeon.pl\/wp-content\/uploads\/2019\/03\/m-768x558.jpg 768w\" sizes=\"auto, (max-width: 800px) 100vw, 800px\" \/><\/p>\n<h3>Chwila poezji na koniec<\/h3>\n<p>P\u0142onie ogie\u0144, p\u0142onie<span class=\"Apple-converted-space\"> <\/span><\/p>\n<p>na Kr\u00e1\u013eovej holi.<\/p>\n<p>Najwa\u017cniejsze, \u017ce nie<span class=\"Apple-converted-space\"> <\/span><\/p>\n<p>w mojej w\u0142asnej szopie. \u263a<\/p>\n<p>Ani w gara\u017cu modu\u0142owym, ani w domku ogrodowym.<\/p>\n<p><img loading=\"lazy\" decoding=\"async\" class=\"aligncenter wp-image-19079\" src=\"http:\/\/gardeon.pl\/wp-content\/uploads\/2019\/03\/n.jpg\" alt=\"Obraz\" width=\"800\" height=\"636\" srcset=\"https:\/\/gardeon.pl\/wp-content\/uploads\/2019\/03\/n.jpg 1022w, https:\/\/gardeon.pl\/wp-content\/uploads\/2019\/03\/n-300x238.jpg 300w, https:\/\/gardeon.pl\/wp-content\/uploads\/2019\/03\/n-768x610.jpg 768w\" sizes=\"auto, (max-width: 800px) 100vw, 800px\" \/><\/p>\n<h5>\u0179r\u00f3d\u0142o (Source):<\/h5>\n<h5><a href=\"https:\/\/www.homedepot.com\/p\/Keter-Factor-8-ft-x-11-ft-Plastic-Outdoor-Storage-Shed-211203\/204797819\" target=\"_blank\" rel=\"noopener noreferrer\">h<\/a>ttps:\/\/www.homedepot.com\/p\/Keter-Factor-8-ft-x-11-ft-Plastic-Outdoor-Storage-Shed-211203\/204797819<br \/>\nhttps:\/\/www.videoblocks.com\/video\/dry-brown-grass-during-hot-summer-weather-and-drought-4nzfrwphl<br \/>\nhttps:\/\/www.videoblocks.com\/video\/stack-of-dry-grass-on-fire-sxckvfz5xizolbvgo<br \/>\nhttps:\/\/summerhouse24.co.uk\/wooden-garage-door-44mm-3-x-55-m\/<br \/>\nhttps:\/\/summerhouse24.co.uk\/large-garden-room-shed-robin\/<br \/>\nhttps:\/\/turnerbaker.co.uk\/articles\/chimney-sweep\/<br \/>\nhttps:\/\/www.instructables.com\/id\/How-To-Repair-Damaged-Cables-video\/<br \/>\nhttps:\/\/commons.wikimedia.org\/wiki\/File:Leaves_fire.jpg<br \/>\nhttps:\/\/www.itechsecurity.co.uk\/?p=domestic.fire.alarms<br \/>\nhttps:\/\/wisetoast.com\/35-most-famous-paintings-of-all-times\/<\/h5>\n","protected":false},"excerpt":{"rendered":"<p>Co mo\u017ce sp\u0142on\u0105\u0107 w Pa\u0144stwa ogrodzie? Praktycznie wszystko \u2013 od sterty suchej trawy, przez plastikowy domek, a\u017c po narz\u0119dzia i materia\u0142y \u0142atwopalne w gara\u017cu. Przez nieuwag\u0119 mo\u017ce wybuchn\u0105\u0107 ogie\u0144, kt\u00f3ry zmieni ogr\u00f3d i dom nie do poznania. Niestety, cz\u0119sto wystarczy jeden b\u0142\u0105d. Dzi\u015b przyjrzymy si\u0119 temu, jak zredukowa\u0107 ryzyko po\u017caru i co najcz\u0119\u015bciej go powoduje.<\/p>\n","protected":false},"author":2,"featured_media":46439,"comment_status":"open","ping_status":"open","sticky":false,"template":"","format":"standard","meta":{"_acf_changed":false,"inline_featured_image":false,"footnotes":""},"categories":[632,578,622,657],"tags":[],"class_list":["post-46438","post","type-post","status-publish","format-standard","has-post-thumbnail","hentry","category-domki-ogrodowe","category-garaze-blaszane","category-wiaty-i-altany","category-zabezpieczenie"],"acf":[],"yoast_head":"<!-- This site is optimized with the Yoast SEO plugin v27.4 - https:\/\/yoast.com\/product\/yoast-seo-wordpress\/ -->\n<title>Jak zapobiec po\u017carowi w ogrodzie \/ w gara\u017cu \/ w domku ogrodowym - GARDEON<\/title>\n<meta name=\"robots\" content=\"index, follow, max-snippet:-1, max-image-preview:large, max-video-preview:-1\" \/>\n<link rel=\"canonical\" href=\"https:\/\/gardeon.pl\/pl\/blog\/jak-zapobiec-pozarowi-w-ogrodzie-w-garazu-w-domku-ogrodowym\/\" \/>\n<meta property=\"og:locale\" content=\"pl_PL\" \/>\n<meta property=\"og:type\" content=\"article\" \/>\n<meta property=\"og:title\" content=\"Jak zapobiec po\u017carowi w ogrodzie \/ w gara\u017cu \/ w domku ogrodowym - GARDEON\" \/>\n<meta property=\"og:description\" content=\"Co mo\u017ce sp\u0142on\u0105\u0107 w Pa\u0144stwa ogrodzie? Praktycznie wszystko \u2013 od sterty suchej trawy, przez plastikowy domek, a\u017c po narz\u0119dzia i materia\u0142y \u0142atwopalne w gara\u017cu. Przez nieuwag\u0119 mo\u017ce wybuchn\u0105\u0107 ogie\u0144, kt\u00f3ry zmieni ogr\u00f3d i dom nie do poznania. Niestety, cz\u0119sto wystarczy jeden b\u0142\u0105d. Dzi\u015b przyjrzymy si\u0119 temu, jak zredukowa\u0107 ryzyko po\u017caru i co najcz\u0119\u015bciej go powoduje.\" \/>\n<meta property=\"og:url\" content=\"https:\/\/gardeon.pl\/pl\/blog\/jak-zapobiec-pozarowi-w-ogrodzie-w-garazu-w-domku-ogrodowym\/\" \/>\n<meta property=\"og:site_name\" content=\"GARDEON\" \/>\n<meta property=\"article:published_time\" content=\"2026-04-23T17:03:24+00:00\" \/>\n<meta property=\"og:image\" content=\"http:\/\/gardeon.pl\/wp-content\/uploads\/2019\/03\/banner1-e1552402130668.png\" \/>\n\t<meta property=\"og:image:width\" content=\"1000\" \/>\n\t<meta property=\"og:image:height\" content=\"563\" \/>\n\t<meta property=\"og:image:type\" content=\"image\/png\" \/>\n<meta name=\"author\" content=\"editor\" \/>\n<meta name=\"twitter:card\" content=\"summary_large_image\" \/>\n<meta name=\"twitter:label1\" content=\"Napisane przez\" \/>\n\t<meta name=\"twitter:data1\" content=\"editor\" \/>\n\t<meta name=\"twitter:label2\" content=\"Szacowany czas czytania\" \/>\n\t<meta name=\"twitter:data2\" content=\"5 minut\" \/>\n<script type=\"application\/ld+json\" class=\"yoast-schema-graph\">{\"@context\":\"https:\\\/\\\/schema.org\",\"@graph\":[{\"@type\":\"Article\",\"@id\":\"https:\\\/\\\/gardeon.pl\\\/pl\\\/blog\\\/jak-zapobiec-pozarowi-w-ogrodzie-w-garazu-w-domku-ogrodowym\\\/#article\",\"isPartOf\":{\"@id\":\"https:\\\/\\\/gardeon.pl\\\/pl\\\/blog\\\/jak-zapobiec-pozarowi-w-ogrodzie-w-garazu-w-domku-ogrodowym\\\/\"},\"author\":{\"name\":\"editor\",\"@id\":\"https:\\\/\\\/gardeon.pl\\\/#\\\/schema\\\/person\\\/a5762ca5f0790bf92774af0899379463\"},\"headline\":\"Jak zapobiec po\u017carowi w ogrodzie \\\/ w gara\u017cu \\\/ w domku ogrodowym\",\"datePublished\":\"2026-04-23T17:03:24+00:00\",\"mainEntityOfPage\":{\"@id\":\"https:\\\/\\\/gardeon.pl\\\/pl\\\/blog\\\/jak-zapobiec-pozarowi-w-ogrodzie-w-garazu-w-domku-ogrodowym\\\/\"},\"wordCount\":971,\"commentCount\":0,\"image\":{\"@id\":\"https:\\\/\\\/gardeon.pl\\\/pl\\\/blog\\\/jak-zapobiec-pozarowi-w-ogrodzie-w-garazu-w-domku-ogrodowym\\\/#primaryimage\"},\"thumbnailUrl\":\"https:\\\/\\\/gardeon.pl\\\/wp-content\\\/uploads\\\/2019\\\/03\\\/banner1-e1552402130668.png\",\"articleSection\":[\"Domki ogrodowe\",\"Gara\u017ce blaszane\",\"Wiaty i altany\",\"Zabezpieczenie\"],\"inLanguage\":\"pl-PL\",\"potentialAction\":[{\"@type\":\"CommentAction\",\"name\":\"Comment\",\"target\":[\"https:\\\/\\\/gardeon.pl\\\/pl\\\/blog\\\/jak-zapobiec-pozarowi-w-ogrodzie-w-garazu-w-domku-ogrodowym\\\/#respond\"]}]},{\"@type\":\"WebPage\",\"@id\":\"https:\\\/\\\/gardeon.pl\\\/pl\\\/blog\\\/jak-zapobiec-pozarowi-w-ogrodzie-w-garazu-w-domku-ogrodowym\\\/\",\"url\":\"https:\\\/\\\/gardeon.pl\\\/pl\\\/blog\\\/jak-zapobiec-pozarowi-w-ogrodzie-w-garazu-w-domku-ogrodowym\\\/\",\"name\":\"Jak zapobiec po\u017carowi w ogrodzie \\\/ w gara\u017cu \\\/ w domku ogrodowym - GARDEON\",\"isPartOf\":{\"@id\":\"https:\\\/\\\/gardeon.pl\\\/#website\"},\"primaryImageOfPage\":{\"@id\":\"https:\\\/\\\/gardeon.pl\\\/pl\\\/blog\\\/jak-zapobiec-pozarowi-w-ogrodzie-w-garazu-w-domku-ogrodowym\\\/#primaryimage\"},\"image\":{\"@id\":\"https:\\\/\\\/gardeon.pl\\\/pl\\\/blog\\\/jak-zapobiec-pozarowi-w-ogrodzie-w-garazu-w-domku-ogrodowym\\\/#primaryimage\"},\"thumbnailUrl\":\"https:\\\/\\\/gardeon.pl\\\/wp-content\\\/uploads\\\/2019\\\/03\\\/banner1-e1552402130668.png\",\"datePublished\":\"2026-04-23T17:03:24+00:00\",\"author\":{\"@id\":\"https:\\\/\\\/gardeon.pl\\\/#\\\/schema\\\/person\\\/a5762ca5f0790bf92774af0899379463\"},\"breadcrumb\":{\"@id\":\"https:\\\/\\\/gardeon.pl\\\/pl\\\/blog\\\/jak-zapobiec-pozarowi-w-ogrodzie-w-garazu-w-domku-ogrodowym\\\/#breadcrumb\"},\"inLanguage\":\"pl-PL\",\"potentialAction\":[{\"@type\":\"ReadAction\",\"target\":[\"https:\\\/\\\/gardeon.pl\\\/pl\\\/blog\\\/jak-zapobiec-pozarowi-w-ogrodzie-w-garazu-w-domku-ogrodowym\\\/\"]}]},{\"@type\":\"ImageObject\",\"inLanguage\":\"pl-PL\",\"@id\":\"https:\\\/\\\/gardeon.pl\\\/pl\\\/blog\\\/jak-zapobiec-pozarowi-w-ogrodzie-w-garazu-w-domku-ogrodowym\\\/#primaryimage\",\"url\":\"https:\\\/\\\/gardeon.pl\\\/wp-content\\\/uploads\\\/2019\\\/03\\\/banner1-e1552402130668.png\",\"contentUrl\":\"https:\\\/\\\/gardeon.pl\\\/wp-content\\\/uploads\\\/2019\\\/03\\\/banner1-e1552402130668.png\",\"width\":1000,\"height\":563,\"caption\":\"Po\u017car\"},{\"@type\":\"BreadcrumbList\",\"@id\":\"https:\\\/\\\/gardeon.pl\\\/pl\\\/blog\\\/jak-zapobiec-pozarowi-w-ogrodzie-w-garazu-w-domku-ogrodowym\\\/#breadcrumb\",\"itemListElement\":[{\"@type\":\"ListItem\",\"position\":1,\"name\":\"Domov\",\"item\":\"https:\\\/\\\/gardeon.pl\\\/pl\\\/\"},{\"@type\":\"ListItem\",\"position\":2,\"name\":\"Jak zapobiec po\u017carowi w ogrodzie \\\/ w gara\u017cu \\\/ w domku ogrodowym\"}]},{\"@type\":\"WebSite\",\"@id\":\"https:\\\/\\\/gardeon.pl\\\/#website\",\"url\":\"https:\\\/\\\/gardeon.pl\\\/\",\"name\":\"GARDEON\",\"description\":\"\",\"potentialAction\":[{\"@type\":\"SearchAction\",\"target\":{\"@type\":\"EntryPoint\",\"urlTemplate\":\"https:\\\/\\\/gardeon.pl\\\/?s={search_term_string}\"},\"query-input\":{\"@type\":\"PropertyValueSpecification\",\"valueRequired\":true,\"valueName\":\"search_term_string\"}}],\"inLanguage\":\"pl-PL\"},{\"@type\":\"Person\",\"@id\":\"https:\\\/\\\/gardeon.pl\\\/#\\\/schema\\\/person\\\/a5762ca5f0790bf92774af0899379463\",\"name\":\"editor\",\"image\":{\"@type\":\"ImageObject\",\"inLanguage\":\"pl-PL\",\"@id\":\"https:\\\/\\\/secure.gravatar.com\\\/avatar\\\/2b748151c2c748327307fd289a91b3bdafdd9e64e2d000e65e53d6dcf11c5830?s=96&d=mm&r=g\",\"url\":\"https:\\\/\\\/secure.gravatar.com\\\/avatar\\\/2b748151c2c748327307fd289a91b3bdafdd9e64e2d000e65e53d6dcf11c5830?s=96&d=mm&r=g\",\"contentUrl\":\"https:\\\/\\\/secure.gravatar.com\\\/avatar\\\/2b748151c2c748327307fd289a91b3bdafdd9e64e2d000e65e53d6dcf11c5830?s=96&d=mm&r=g\",\"caption\":\"editor\"}}]}<\/script>\n<!-- \/ Yoast SEO plugin. -->","yoast_head_json":{"title":"Jak zapobiec po\u017carowi w ogrodzie \/ w gara\u017cu \/ w domku ogrodowym - GARDEON","robots":{"index":"index","follow":"follow","max-snippet":"max-snippet:-1","max-image-preview":"max-image-preview:large","max-video-preview":"max-video-preview:-1"},"canonical":"https:\/\/gardeon.pl\/pl\/blog\/jak-zapobiec-pozarowi-w-ogrodzie-w-garazu-w-domku-ogrodowym\/","og_locale":"pl_PL","og_type":"article","og_title":"Jak zapobiec po\u017carowi w ogrodzie \/ w gara\u017cu \/ w domku ogrodowym - GARDEON","og_description":"Co mo\u017ce sp\u0142on\u0105\u0107 w Pa\u0144stwa ogrodzie? Praktycznie wszystko \u2013 od sterty suchej trawy, przez plastikowy domek, a\u017c po narz\u0119dzia i materia\u0142y \u0142atwopalne w gara\u017cu. Przez nieuwag\u0119 mo\u017ce wybuchn\u0105\u0107 ogie\u0144, kt\u00f3ry zmieni ogr\u00f3d i dom nie do poznania. Niestety, cz\u0119sto wystarczy jeden b\u0142\u0105d. Dzi\u015b przyjrzymy si\u0119 temu, jak zredukowa\u0107 ryzyko po\u017caru i co najcz\u0119\u015bciej go powoduje.","og_url":"https:\/\/gardeon.pl\/pl\/blog\/jak-zapobiec-pozarowi-w-ogrodzie-w-garazu-w-domku-ogrodowym\/","og_site_name":"GARDEON","article_published_time":"2026-04-23T17:03:24+00:00","og_image":[{"width":1000,"height":563,"url":"http:\/\/gardeon.pl\/wp-content\/uploads\/2019\/03\/banner1-e1552402130668.png","type":"image\/png"}],"author":"editor","twitter_card":"summary_large_image","twitter_misc":{"Napisane przez":"editor","Szacowany czas czytania":"5 minut"},"schema":{"@context":"https:\/\/schema.org","@graph":[{"@type":"Article","@id":"https:\/\/gardeon.pl\/pl\/blog\/jak-zapobiec-pozarowi-w-ogrodzie-w-garazu-w-domku-ogrodowym\/#article","isPartOf":{"@id":"https:\/\/gardeon.pl\/pl\/blog\/jak-zapobiec-pozarowi-w-ogrodzie-w-garazu-w-domku-ogrodowym\/"},"author":{"name":"editor","@id":"https:\/\/gardeon.pl\/#\/schema\/person\/a5762ca5f0790bf92774af0899379463"},"headline":"Jak zapobiec po\u017carowi w ogrodzie \/ w gara\u017cu \/ w domku ogrodowym","datePublished":"2026-04-23T17:03:24+00:00","mainEntityOfPage":{"@id":"https:\/\/gardeon.pl\/pl\/blog\/jak-zapobiec-pozarowi-w-ogrodzie-w-garazu-w-domku-ogrodowym\/"},"wordCount":971,"commentCount":0,"image":{"@id":"https:\/\/gardeon.pl\/pl\/blog\/jak-zapobiec-pozarowi-w-ogrodzie-w-garazu-w-domku-ogrodowym\/#primaryimage"},"thumbnailUrl":"https:\/\/gardeon.pl\/wp-content\/uploads\/2019\/03\/banner1-e1552402130668.png","articleSection":["Domki ogrodowe","Gara\u017ce blaszane","Wiaty i altany","Zabezpieczenie"],"inLanguage":"pl-PL","potentialAction":[{"@type":"CommentAction","name":"Comment","target":["https:\/\/gardeon.pl\/pl\/blog\/jak-zapobiec-pozarowi-w-ogrodzie-w-garazu-w-domku-ogrodowym\/#respond"]}]},{"@type":"WebPage","@id":"https:\/\/gardeon.pl\/pl\/blog\/jak-zapobiec-pozarowi-w-ogrodzie-w-garazu-w-domku-ogrodowym\/","url":"https:\/\/gardeon.pl\/pl\/blog\/jak-zapobiec-pozarowi-w-ogrodzie-w-garazu-w-domku-ogrodowym\/","name":"Jak zapobiec po\u017carowi w ogrodzie \/ w gara\u017cu \/ w domku ogrodowym - GARDEON","isPartOf":{"@id":"https:\/\/gardeon.pl\/#website"},"primaryImageOfPage":{"@id":"https:\/\/gardeon.pl\/pl\/blog\/jak-zapobiec-pozarowi-w-ogrodzie-w-garazu-w-domku-ogrodowym\/#primaryimage"},"image":{"@id":"https:\/\/gardeon.pl\/pl\/blog\/jak-zapobiec-pozarowi-w-ogrodzie-w-garazu-w-domku-ogrodowym\/#primaryimage"},"thumbnailUrl":"https:\/\/gardeon.pl\/wp-content\/uploads\/2019\/03\/banner1-e1552402130668.png","datePublished":"2026-04-23T17:03:24+00:00","author":{"@id":"https:\/\/gardeon.pl\/#\/schema\/person\/a5762ca5f0790bf92774af0899379463"},"breadcrumb":{"@id":"https:\/\/gardeon.pl\/pl\/blog\/jak-zapobiec-pozarowi-w-ogrodzie-w-garazu-w-domku-ogrodowym\/#breadcrumb"},"inLanguage":"pl-PL","potentialAction":[{"@type":"ReadAction","target":["https:\/\/gardeon.pl\/pl\/blog\/jak-zapobiec-pozarowi-w-ogrodzie-w-garazu-w-domku-ogrodowym\/"]}]},{"@type":"ImageObject","inLanguage":"pl-PL","@id":"https:\/\/gardeon.pl\/pl\/blog\/jak-zapobiec-pozarowi-w-ogrodzie-w-garazu-w-domku-ogrodowym\/#primaryimage","url":"https:\/\/gardeon.pl\/wp-content\/uploads\/2019\/03\/banner1-e1552402130668.png","contentUrl":"https:\/\/gardeon.pl\/wp-content\/uploads\/2019\/03\/banner1-e1552402130668.png","width":1000,"height":563,"caption":"Po\u017car"},{"@type":"BreadcrumbList","@id":"https:\/\/gardeon.pl\/pl\/blog\/jak-zapobiec-pozarowi-w-ogrodzie-w-garazu-w-domku-ogrodowym\/#breadcrumb","itemListElement":[{"@type":"ListItem","position":1,"name":"Domov","item":"https:\/\/gardeon.pl\/pl\/"},{"@type":"ListItem","position":2,"name":"Jak zapobiec po\u017carowi w ogrodzie \/ w gara\u017cu \/ w domku ogrodowym"}]},{"@type":"WebSite","@id":"https:\/\/gardeon.pl\/#website","url":"https:\/\/gardeon.pl\/","name":"GARDEON","description":"","potentialAction":[{"@type":"SearchAction","target":{"@type":"EntryPoint","urlTemplate":"https:\/\/gardeon.pl\/?s={search_term_string}"},"query-input":{"@type":"PropertyValueSpecification","valueRequired":true,"valueName":"search_term_string"}}],"inLanguage":"pl-PL"},{"@type":"Person","@id":"https:\/\/gardeon.pl\/#\/schema\/person\/a5762ca5f0790bf92774af0899379463","name":"editor","image":{"@type":"ImageObject","inLanguage":"pl-PL","@id":"https:\/\/secure.gravatar.com\/avatar\/2b748151c2c748327307fd289a91b3bdafdd9e64e2d000e65e53d6dcf11c5830?s=96&d=mm&r=g","url":"https:\/\/secure.gravatar.com\/avatar\/2b748151c2c748327307fd289a91b3bdafdd9e64e2d000e65e53d6dcf11c5830?s=96&d=mm&r=g","contentUrl":"https:\/\/secure.gravatar.com\/avatar\/2b748151c2c748327307fd289a91b3bdafdd9e64e2d000e65e53d6dcf11c5830?s=96&d=mm&r=g","caption":"editor"}}]}},"_links":{"self":[{"href":"https:\/\/gardeon.pl\/pl\/wp-json\/wp\/v2\/posts\/46438","targetHints":{"allow":["GET"]}}],"collection":[{"href":"https:\/\/gardeon.pl\/pl\/wp-json\/wp\/v2\/posts"}],"about":[{"href":"https:\/\/gardeon.pl\/pl\/wp-json\/wp\/v2\/types\/post"}],"author":[{"embeddable":true,"href":"https:\/\/gardeon.pl\/pl\/wp-json\/wp\/v2\/users\/2"}],"replies":[{"embeddable":true,"href":"https:\/\/gardeon.pl\/pl\/wp-json\/wp\/v2\/comments?post=46438"}],"version-history":[{"count":0,"href":"https:\/\/gardeon.pl\/pl\/wp-json\/wp\/v2\/posts\/46438\/revisions"}],"wp:featuredmedia":[{"embeddable":true,"href":"https:\/\/gardeon.pl\/pl\/wp-json\/wp\/v2\/media\/46439"}],"wp:attachment":[{"href":"https:\/\/gardeon.pl\/pl\/wp-json\/wp\/v2\/media?parent=46438"}],"wp:term":[{"taxonomy":"category","embeddable":true,"href":"https:\/\/gardeon.pl\/pl\/wp-json\/wp\/v2\/categories?post=46438"},{"taxonomy":"post_tag","embeddable":true,"href":"https:\/\/gardeon.pl\/pl\/wp-json\/wp\/v2\/tags?post=46438"}],"curies":[{"name":"wp","href":"https:\/\/api.w.org\/{rel}","templated":true}]}}