{"id":46468,"date":"2026-04-23T19:02:45","date_gmt":"2026-04-23T17:02:45","guid":{"rendered":"https:\/\/gardeon.pl\/?p=46468"},"modified":"2026-04-23T19:02:45","modified_gmt":"2026-04-23T17:02:45","slug":"5-krokow-jak-zaczac-korzystac-z-domku-ogrodowego-jeszcze-tej-zimy","status":"publish","type":"post","link":"https:\/\/gardeon.pl\/pl\/blog\/5-krokow-jak-zaczac-korzystac-z-domku-ogrodowego-jeszcze-tej-zimy\/","title":{"rendered":"5 krok\u00f3w, jak zacz\u0105\u0107 korzysta\u0107 z domku ogrodowego jeszcze tej zimy"},"content":{"rendered":"<p><em>Patrz\u0105 Pa\u0144stwo przez okno na sw\u00f3j ogr\u00f3d. Ciesz\u0105 si\u0119 Pa\u0144stwo ze \u015bwie\u017co spad\u0142ego \u015bniegu. Nast\u0119pnie ze smutkiem kieruj\u0105 Pa\u0144stwo wzrok na sw\u00f3j domek ogrodowy. Zieje on pustk\u0105. Ale dlaczego? Przecie\u017c wystarczy kilka modyfikacji, aby mogli Pa\u0144stwo sp\u0119dza\u0107 w nim czas przez ca\u0142y rok. Prosimy pod\u0105\u017ca\u0107 za tymi 5 krokami, kt\u00f3re pozwol\u0105 Pa\u0144stwu wej\u015b\u0107 do \u015brodka jeszcze tej zimy.      <\/em><\/p>\n<p><!--more--><\/p>\n<h3>Ocieplenie<\/h3>\n<p>Zapraszamy do zapoznania si\u0119 z naszym prostym poradnikiem, <a href=\"https:\/\/gardeon.pl\/pl\/blog\/prosty-sposob-na-samodzielne-ocieplenie-domku-ogrodowego\/\">jak ociepli\u0107 domek ogrodowy<\/a><i>. <\/i>Ocieplenie od wewn\u0105trz mo\u017cna przecie\u017c wykona\u0107 nawet zim\u0105. Najlepiej b\u0119dzie pracowa\u0107 w suchsze dni. Prosimy zgromadzi\u0107 niezb\u0119dne materia\u0142y i zaplanowa\u0107 prac\u0119 zgodnie z prognoz\u0105 pogody.  <\/p>\n<p>Ocieplenie budynku oczywi\u015bcie nie wytwarza ciep\u0142a, a jedynie je utrzymuje. Dlatego b\u0119d\u0105 Pa\u0144stwo potrzebowa\u0107 elementu grzejnego. Przyjemn\u0105 klasyk\u0105 jest piec kominkowy. Do ogrzewania mo\u017cna jednak wykorzysta\u0107 r\u00f3wnie\u017c grzejnik olejowy lub konwektor elektryczny. Grzejnik olejowy nagrzewa si\u0119 wprawdzie wolniej, ale lepiej kumuluje ciep\u0142o, wi\u0119c jest bardziej odpowiedni na d\u0142u\u017cszy \u201epobyt\u201d w domku. Je\u015bli wystarczy Pa\u0144stwu szybkie ciep\u0142o tylko na godzin\u0119 lub dwie, polecamy konwektor elektryczny lub mniejszy termowentylator.     <\/p>\n<p><img loading=\"lazy\" decoding=\"async\" class=\"aligncenter wp-image-18606\" src=\"http:\/\/gardeon.pl\/wp-content\/uploads\/2019\/01\/f-1024x680.jpg\" alt=\"Sztuczny p\u0142omie\u0144\" width=\"800\" height=\"532\" srcset=\"https:\/\/gardeon.pl\/wp-content\/uploads\/2019\/01\/f-1024x680.jpg 1024w, https:\/\/gardeon.pl\/wp-content\/uploads\/2019\/01\/f-300x199.jpg 300w, https:\/\/gardeon.pl\/wp-content\/uploads\/2019\/01\/f-768x510.jpg 768w, https:\/\/gardeon.pl\/wp-content\/uploads\/2019\/01\/f.jpg 2000w\" sizes=\"auto, (max-width: 800px) 100vw, 800px\" \/><\/p>\n<p>W przypadku, gdy w domku modu\u0142owym nie maj\u0105 Pa\u0144stwo jeszcze doprowadzonej elektryczno\u015bci, mo\u017cna przeci\u0105gn\u0105\u0107 przed\u0142u\u017cacz z gara\u017cu lub z domu.<\/p>\n<h3>O\u015bwietlenie<\/h3>\n<p>I zn\u00f3w wracamy do elektryczno\u015bci. Jest ona po prostu niezb\u0119dnym elementem pobytu w domku zim\u0105. Nie tylko ze wzgl\u0119du na ciep\u0142o, ale przede wszystkim na \u015bwiat\u0142o. Swoj\u0105 drog\u0105, czy Pa\u0144stwo r\u00f3wnie\u017c nie mog\u0105 si\u0119 doczeka\u0107, kiedy na zewn\u0105trz zacznie si\u0119 \u015bciemnia\u0107 p\u00f3\u017aniej ni\u017c o 16:00?    :)<span class=\"Apple-converted-space\"> <\/span><\/p>\n<p><img loading=\"lazy\" decoding=\"async\" class=\"aligncenter wp-image-18610\" src=\"http:\/\/gardeon.pl\/wp-content\/uploads\/2019\/01\/Rozvod-elektriny-1-e1548766520357-768x1024.jpg\" alt=\"Rozprowadzenie energii elektrycznej w gara\u017cu\" width=\"800\" height=\"1067\" srcset=\"https:\/\/gardeon.pl\/wp-content\/uploads\/2019\/01\/Rozvod-elektriny-1-e1548766520357-768x1024.jpg 768w, https:\/\/gardeon.pl\/wp-content\/uploads\/2019\/01\/Rozvod-elektriny-1-e1548766520357-225x300.jpg 225w\" sizes=\"auto, (max-width: 800px) 100vw, 800px\" \/><\/p>\n<p>Przy\u0142\u0105cze elektryczne jest wielofunkcyjne, jednak zim\u0105 problemem mo\u017ce by\u0107 przekopanie si\u0119 przez zamarzni\u0119t\u0105 ziemi\u0119. Tymczasem mog\u0105 Pa\u0144stwo skorzysta\u0107 z alternatywnych \u017ar\u00f3de\u0142 \u015bwiat\u0142a \u2013 romantycznych \u015bwiec, lamp naftowych w stylu retro lub nowoczesnych lamp LED na baterie lub z akumulatorem. <\/p>\n<p><img loading=\"lazy\" decoding=\"async\" class=\"aligncenter wp-image-18598\" src=\"http:\/\/gardeon.pl\/wp-content\/uploads\/2019\/01\/b-1-1024x1024.jpg\" alt=\"Bia\u0142e \u015bwiece\" width=\"800\" height=\"800\" srcset=\"https:\/\/gardeon.pl\/wp-content\/uploads\/2019\/01\/b-1-1024x1024.jpg 1024w, https:\/\/gardeon.pl\/wp-content\/uploads\/2019\/01\/b-1-150x150.jpg 150w, https:\/\/gardeon.pl\/wp-content\/uploads\/2019\/01\/b-1-300x300.jpg 300w, https:\/\/gardeon.pl\/wp-content\/uploads\/2019\/01\/b-1-768x768.jpg 768w, https:\/\/gardeon.pl\/wp-content\/uploads\/2019\/01\/b-1.jpg 2048w\" sizes=\"auto, (max-width: 800px) 100vw, 800px\" \/><\/p>\n<h3>Wyposa\u017cenie<\/h3>\n<p>To zale\u017cy wy\u0142\u0105cznie od Pa\u0144stwa i od tego, jak planuj\u0105 Pa\u0144stwo wykorzystywa\u0107 sw\u00f3j domek. Je\u015bli szukaj\u0105 Pa\u0144stwo inspiracji, zapraszamy do lektury naszych <a href=\"https:\/\/gardeon.pl\/pl\/blog\/jak-wykorzystac-domek-ogrodowy-nie-tylko-latem\/\">3 konkretnych wskaz\u00f3wek<\/a> dotycz\u0105cych tego, co mo\u017cna urz\u0105dzi\u0107 w swoim domku.  <\/p>\n<h3>Przytulne elementy<span class=\"Apple-converted-space\"> <\/span><\/h3>\n<p>Je\u015bli zdecydowali si\u0119 Pa\u0144stwo stworzy\u0107 schronienie tylko dla siebie (daleko, a jednak tak blisko rodziny), tych kilka rzeczy dope\u0142ni przyjemn\u0105 atmosfer\u0119 wewn\u0105trz domku: wygodny fotel, ro\u015bliny doniczkowe, stylowe zas\u0142ony czy dywan. Zas\u0142ony i dywan to dodatki, kt\u00f3re dodatkowo pomagaj\u0105 utrzyma\u0107 ciep\u0142o. Szukaj\u0105 Pa\u0144stwo designerskiego gad\u017cetu? Co powiedz\u0105 Pa\u0144stwo na biokominek? Mimo \u017ce w rzeczywisto\u015bci nie ogrzewa pomieszczenia, tworzy przynajmniej przyjemne, ciep\u0142e \u015bwiat\u0142o.     <\/p>\n<p><img loading=\"lazy\" decoding=\"async\" class=\"aligncenter wp-image-18600\" src=\"http:\/\/gardeon.pl\/wp-content\/uploads\/2019\/01\/c-1-1024x577.jpg\" alt=\"Ro\u015bliny w bia\u0142ym pomieszczeniu\" width=\"800\" height=\"450\" srcset=\"https:\/\/gardeon.pl\/wp-content\/uploads\/2019\/01\/c-1-1024x577.jpg 1024w, https:\/\/gardeon.pl\/wp-content\/uploads\/2019\/01\/c-1-300x169.jpg 300w, https:\/\/gardeon.pl\/wp-content\/uploads\/2019\/01\/c-1-768x432.jpg 768w, https:\/\/gardeon.pl\/wp-content\/uploads\/2019\/01\/c-1.jpg 2000w\" sizes=\"auto, (max-width: 800px) 100vw, 800px\" \/><\/p>\n<p><img loading=\"lazy\" decoding=\"async\" class=\"aligncenter wp-image-18602\" src=\"http:\/\/gardeon.pl\/wp-content\/uploads\/2019\/01\/d-1-771x1024.jpg\" alt=\"Ro\u015bliny w bia\u0142o urz\u0105dzonym pomieszczeniu\" width=\"800\" height=\"1062\" srcset=\"https:\/\/gardeon.pl\/wp-content\/uploads\/2019\/01\/d-1-771x1024.jpg 771w, https:\/\/gardeon.pl\/wp-content\/uploads\/2019\/01\/d-1-226x300.jpg 226w, https:\/\/gardeon.pl\/wp-content\/uploads\/2019\/01\/d-1-768x1020.jpg 768w, https:\/\/gardeon.pl\/wp-content\/uploads\/2019\/01\/d-1.jpg 983w\" sizes=\"auto, (max-width: 800px) 100vw, 800px\" \/><\/p>\n<p><img loading=\"lazy\" decoding=\"async\" class=\"aligncenter wp-image-18604\" src=\"http:\/\/gardeon.pl\/wp-content\/uploads\/2019\/01\/e-1-683x1024.jpg\" alt=\"Ro\u015blina przy drewnianym fotelu bujanym\" width=\"800\" height=\"1200\" srcset=\"https:\/\/gardeon.pl\/wp-content\/uploads\/2019\/01\/e-1-683x1024.jpg 683w, https:\/\/gardeon.pl\/wp-content\/uploads\/2019\/01\/e-1-200x300.jpg 200w, https:\/\/gardeon.pl\/wp-content\/uploads\/2019\/01\/e-1-768x1152.jpg 768w, https:\/\/gardeon.pl\/wp-content\/uploads\/2019\/01\/e-1.jpg 800w\" sizes=\"auto, (max-width: 800px) 100vw, 800px\" \/><\/p>\n<h3>Konserwacja zewn\u0119trzna<\/h3>\n<p>Niezale\u017cnie od tego, czy b\u0119d\u0105 Pa\u0144stwo korzysta\u0107 z domku zim\u0105, czy nie, zalecamy przeprowadzenie przynajmniej drobnej konserwacji jego zewn\u0119trznej cz\u0119\u015bci. Na przyk\u0142ad rynny wymagaj\u0105 Pa\u0144stwa uwagi. Prosimy przeczyta\u0107, <a href=\"https:\/\/gardeon.pl\/pl\/?p=46498\">jak zapobiec zamarzni\u0119ciu rynny<\/a>, aby mr\u00f3z jej nie uszkodzi\u0142. R\u00f3wnie\u017c w czasie ekstremalnych opad\u00f3w \u015bniegu warto od czasu do czasu spr\u00f3bowa\u0107 usun\u0105\u0107 \u015bnieg z dachu domku, aby nie zapad\u0142 si\u0119 pod jego ci\u0119\u017carem. Ewentualnie mo\u017cna odgarn\u0105\u0107 \u015bnieg sprzed drzwi i ze \u015bcie\u017cki. Od razu b\u0119dzie wygl\u0105da\u0142 jak bajkowa chatka.     <\/p>\n<p><img loading=\"lazy\" decoding=\"async\" class=\"aligncenter wp-image-18608\" src=\"http:\/\/gardeon.pl\/wp-content\/uploads\/2019\/01\/g-1-1024x683.jpg\" alt=\"Zasnie\u017cona przyroda\" width=\"800\" height=\"534\"><\/p>\n<h5>\u0179r\u00f3d\u0142o:<\/h5>\n<h5>https:\/\/litupcandleco.com\/<\/h5>\n<h5>https:\/\/nonagon.style\/<\/h5>\n<h5>https:\/\/sk.pinterest.com\/<\/h5>\n<h5>http:\/\/www.goodwp.com\/<\/h5>\n<h5>http:\/\/pictures.4ever.eu\/<\/h5>\n","protected":false},"excerpt":{"rendered":"<p>Patrz\u0105 Pa\u0144stwo przez okno na sw\u00f3j ogr\u00f3d. Ciesz\u0105 si\u0119 Pa\u0144stwo ze \u015bwie\u017co spad\u0142ego \u015bniegu. Nast\u0119pnie ze smutkiem kieruj\u0105 Pa\u0144stwo wzrok na sw\u00f3j domek ogrodowy. Zieje on pustk\u0105. Ale dlaczego? Przecie\u017c wystarczy kilka modyfikacji, aby mogli Pa\u0144stwo sp\u0119dza\u0107 w nim czas przez ca\u0142y rok. Prosimy pod\u0105\u017ca\u0107 za tymi 5 krokami, kt\u00f3re pozwol\u0105 Pa\u0144stwu wej\u015b\u0107 do \u015brodka [&hellip;]<\/p>\n","protected":false},"author":2,"featured_media":46478,"comment_status":"open","ping_status":"open","sticky":false,"template":"","format":"standard","meta":{"_acf_changed":false,"inline_featured_image":false,"footnotes":""},"categories":[632,606],"tags":[634],"class_list":["post-46468","post","type-post","status-publish","format-standard","has-post-thumbnail","hentry","category-domki-ogrodowe","category-pielegnacja","tag-cz"],"acf":[],"yoast_head":"<!-- This site is optimized with the Yoast SEO plugin v27.4 - https:\/\/yoast.com\/product\/yoast-seo-wordpress\/ -->\n<title>5 krok\u00f3w, jak zacz\u0105\u0107 korzysta\u0107 z domku ogrodowego jeszcze tej zimy - GARDEON<\/title>\n<meta name=\"robots\" content=\"index, follow, max-snippet:-1, max-image-preview:large, max-video-preview:-1\" \/>\n<link rel=\"canonical\" href=\"https:\/\/gardeon.pl\/pl\/blog\/5-krokow-jak-zaczac-korzystac-z-domku-ogrodowego-jeszcze-tej-zimy\/\" \/>\n<meta property=\"og:locale\" content=\"pl_PL\" \/>\n<meta property=\"og:type\" content=\"article\" \/>\n<meta property=\"og:title\" content=\"5 krok\u00f3w, jak zacz\u0105\u0107 korzysta\u0107 z domku ogrodowego jeszcze tej zimy - GARDEON\" \/>\n<meta property=\"og:description\" content=\"Patrz\u0105 Pa\u0144stwo przez okno na sw\u00f3j ogr\u00f3d. Ciesz\u0105 si\u0119 Pa\u0144stwo ze \u015bwie\u017co spad\u0142ego \u015bniegu. Nast\u0119pnie ze smutkiem kieruj\u0105 Pa\u0144stwo wzrok na sw\u00f3j domek ogrodowy. Zieje on pustk\u0105. Ale dlaczego? Przecie\u017c wystarczy kilka modyfikacji, aby mogli Pa\u0144stwo sp\u0119dza\u0107 w nim czas przez ca\u0142y rok. Prosimy pod\u0105\u017ca\u0107 za tymi 5 krokami, kt\u00f3re pozwol\u0105 Pa\u0144stwu wej\u015b\u0107 do \u015brodka [&hellip;]\" \/>\n<meta property=\"og:url\" content=\"https:\/\/gardeon.pl\/pl\/blog\/5-krokow-jak-zaczac-korzystac-z-domku-ogrodowego-jeszcze-tej-zimy\/\" \/>\n<meta property=\"og:site_name\" content=\"GARDEON\" \/>\n<meta property=\"article:published_time\" content=\"2026-04-23T17:02:45+00:00\" \/>\n<meta property=\"og:image\" content=\"http:\/\/gardeon.pl\/wp-content\/uploads\/2019\/01\/snowy-cottage-snowy-trees-snow-164010.jpg\" \/>\n\t<meta property=\"og:image:width\" content=\"2560\" \/>\n\t<meta property=\"og:image:height\" content=\"1600\" \/>\n\t<meta property=\"og:image:type\" content=\"image\/jpeg\" \/>\n<meta name=\"author\" content=\"editor\" \/>\n<meta name=\"twitter:card\" content=\"summary_large_image\" \/>\n<meta name=\"twitter:label1\" content=\"Napisane przez\" \/>\n\t<meta name=\"twitter:data1\" content=\"editor\" \/>\n\t<meta name=\"twitter:label2\" content=\"Szacowany czas czytania\" \/>\n\t<meta name=\"twitter:data2\" content=\"3 minuty\" \/>\n<script type=\"application\/ld+json\" class=\"yoast-schema-graph\">{\"@context\":\"https:\\\/\\\/schema.org\",\"@graph\":[{\"@type\":\"Article\",\"@id\":\"https:\\\/\\\/gardeon.pl\\\/pl\\\/blog\\\/5-krokow-jak-zaczac-korzystac-z-domku-ogrodowego-jeszcze-tej-zimy\\\/#article\",\"isPartOf\":{\"@id\":\"https:\\\/\\\/gardeon.pl\\\/pl\\\/blog\\\/5-krokow-jak-zaczac-korzystac-z-domku-ogrodowego-jeszcze-tej-zimy\\\/\"},\"author\":{\"name\":\"editor\",\"@id\":\"https:\\\/\\\/gardeon.pl\\\/#\\\/schema\\\/person\\\/a5762ca5f0790bf92774af0899379463\"},\"headline\":\"5 krok\u00f3w, jak zacz\u0105\u0107 korzysta\u0107 z domku ogrodowego jeszcze tej zimy\",\"datePublished\":\"2026-04-23T17:02:45+00:00\",\"mainEntityOfPage\":{\"@id\":\"https:\\\/\\\/gardeon.pl\\\/pl\\\/blog\\\/5-krokow-jak-zaczac-korzystac-z-domku-ogrodowego-jeszcze-tej-zimy\\\/\"},\"wordCount\":576,\"commentCount\":0,\"image\":{\"@id\":\"https:\\\/\\\/gardeon.pl\\\/pl\\\/blog\\\/5-krokow-jak-zaczac-korzystac-z-domku-ogrodowego-jeszcze-tej-zimy\\\/#primaryimage\"},\"thumbnailUrl\":\"https:\\\/\\\/gardeon.pl\\\/wp-content\\\/uploads\\\/2019\\\/01\\\/snowy-cottage-snowy-trees-snow-164010.jpg\",\"keywords\":[\"CZ\"],\"articleSection\":[\"Domki ogrodowe\",\"Piel\u0119gnacja\"],\"inLanguage\":\"pl-PL\",\"potentialAction\":[{\"@type\":\"CommentAction\",\"name\":\"Comment\",\"target\":[\"https:\\\/\\\/gardeon.pl\\\/pl\\\/blog\\\/5-krokow-jak-zaczac-korzystac-z-domku-ogrodowego-jeszcze-tej-zimy\\\/#respond\"]}]},{\"@type\":\"WebPage\",\"@id\":\"https:\\\/\\\/gardeon.pl\\\/pl\\\/blog\\\/5-krokow-jak-zaczac-korzystac-z-domku-ogrodowego-jeszcze-tej-zimy\\\/\",\"url\":\"https:\\\/\\\/gardeon.pl\\\/pl\\\/blog\\\/5-krokow-jak-zaczac-korzystac-z-domku-ogrodowego-jeszcze-tej-zimy\\\/\",\"name\":\"5 krok\u00f3w, jak zacz\u0105\u0107 korzysta\u0107 z domku ogrodowego jeszcze tej zimy - GARDEON\",\"isPartOf\":{\"@id\":\"https:\\\/\\\/gardeon.pl\\\/#website\"},\"primaryImageOfPage\":{\"@id\":\"https:\\\/\\\/gardeon.pl\\\/pl\\\/blog\\\/5-krokow-jak-zaczac-korzystac-z-domku-ogrodowego-jeszcze-tej-zimy\\\/#primaryimage\"},\"image\":{\"@id\":\"https:\\\/\\\/gardeon.pl\\\/pl\\\/blog\\\/5-krokow-jak-zaczac-korzystac-z-domku-ogrodowego-jeszcze-tej-zimy\\\/#primaryimage\"},\"thumbnailUrl\":\"https:\\\/\\\/gardeon.pl\\\/wp-content\\\/uploads\\\/2019\\\/01\\\/snowy-cottage-snowy-trees-snow-164010.jpg\",\"datePublished\":\"2026-04-23T17:02:45+00:00\",\"author\":{\"@id\":\"https:\\\/\\\/gardeon.pl\\\/#\\\/schema\\\/person\\\/a5762ca5f0790bf92774af0899379463\"},\"breadcrumb\":{\"@id\":\"https:\\\/\\\/gardeon.pl\\\/pl\\\/blog\\\/5-krokow-jak-zaczac-korzystac-z-domku-ogrodowego-jeszcze-tej-zimy\\\/#breadcrumb\"},\"inLanguage\":\"pl-PL\",\"potentialAction\":[{\"@type\":\"ReadAction\",\"target\":[\"https:\\\/\\\/gardeon.pl\\\/pl\\\/blog\\\/5-krokow-jak-zaczac-korzystac-z-domku-ogrodowego-jeszcze-tej-zimy\\\/\"]}]},{\"@type\":\"ImageObject\",\"inLanguage\":\"pl-PL\",\"@id\":\"https:\\\/\\\/gardeon.pl\\\/pl\\\/blog\\\/5-krokow-jak-zaczac-korzystac-z-domku-ogrodowego-jeszcze-tej-zimy\\\/#primaryimage\",\"url\":\"https:\\\/\\\/gardeon.pl\\\/wp-content\\\/uploads\\\/2019\\\/01\\\/snowy-cottage-snowy-trees-snow-164010.jpg\",\"contentUrl\":\"https:\\\/\\\/gardeon.pl\\\/wp-content\\\/uploads\\\/2019\\\/01\\\/snowy-cottage-snowy-trees-snow-164010.jpg\",\"width\":2560,\"height\":1600,\"caption\":\"Zasnie\u017cona chata\"},{\"@type\":\"BreadcrumbList\",\"@id\":\"https:\\\/\\\/gardeon.pl\\\/pl\\\/blog\\\/5-krokow-jak-zaczac-korzystac-z-domku-ogrodowego-jeszcze-tej-zimy\\\/#breadcrumb\",\"itemListElement\":[{\"@type\":\"ListItem\",\"position\":1,\"name\":\"Domov\",\"item\":\"https:\\\/\\\/gardeon.pl\\\/pl\\\/\"},{\"@type\":\"ListItem\",\"position\":2,\"name\":\"5 krok\u00f3w, jak zacz\u0105\u0107 korzysta\u0107 z domku ogrodowego jeszcze tej zimy\"}]},{\"@type\":\"WebSite\",\"@id\":\"https:\\\/\\\/gardeon.pl\\\/#website\",\"url\":\"https:\\\/\\\/gardeon.pl\\\/\",\"name\":\"GARDEON\",\"description\":\"\",\"potentialAction\":[{\"@type\":\"SearchAction\",\"target\":{\"@type\":\"EntryPoint\",\"urlTemplate\":\"https:\\\/\\\/gardeon.pl\\\/?s={search_term_string}\"},\"query-input\":{\"@type\":\"PropertyValueSpecification\",\"valueRequired\":true,\"valueName\":\"search_term_string\"}}],\"inLanguage\":\"pl-PL\"},{\"@type\":\"Person\",\"@id\":\"https:\\\/\\\/gardeon.pl\\\/#\\\/schema\\\/person\\\/a5762ca5f0790bf92774af0899379463\",\"name\":\"editor\",\"image\":{\"@type\":\"ImageObject\",\"inLanguage\":\"pl-PL\",\"@id\":\"https:\\\/\\\/secure.gravatar.com\\\/avatar\\\/2b748151c2c748327307fd289a91b3bdafdd9e64e2d000e65e53d6dcf11c5830?s=96&d=mm&r=g\",\"url\":\"https:\\\/\\\/secure.gravatar.com\\\/avatar\\\/2b748151c2c748327307fd289a91b3bdafdd9e64e2d000e65e53d6dcf11c5830?s=96&d=mm&r=g\",\"contentUrl\":\"https:\\\/\\\/secure.gravatar.com\\\/avatar\\\/2b748151c2c748327307fd289a91b3bdafdd9e64e2d000e65e53d6dcf11c5830?s=96&d=mm&r=g\",\"caption\":\"editor\"}}]}<\/script>\n<!-- \/ Yoast SEO plugin. -->","yoast_head_json":{"title":"5 krok\u00f3w, jak zacz\u0105\u0107 korzysta\u0107 z domku ogrodowego jeszcze tej zimy - GARDEON","robots":{"index":"index","follow":"follow","max-snippet":"max-snippet:-1","max-image-preview":"max-image-preview:large","max-video-preview":"max-video-preview:-1"},"canonical":"https:\/\/gardeon.pl\/pl\/blog\/5-krokow-jak-zaczac-korzystac-z-domku-ogrodowego-jeszcze-tej-zimy\/","og_locale":"pl_PL","og_type":"article","og_title":"5 krok\u00f3w, jak zacz\u0105\u0107 korzysta\u0107 z domku ogrodowego jeszcze tej zimy - GARDEON","og_description":"Patrz\u0105 Pa\u0144stwo przez okno na sw\u00f3j ogr\u00f3d. Ciesz\u0105 si\u0119 Pa\u0144stwo ze \u015bwie\u017co spad\u0142ego \u015bniegu. Nast\u0119pnie ze smutkiem kieruj\u0105 Pa\u0144stwo wzrok na sw\u00f3j domek ogrodowy. Zieje on pustk\u0105. Ale dlaczego? Przecie\u017c wystarczy kilka modyfikacji, aby mogli Pa\u0144stwo sp\u0119dza\u0107 w nim czas przez ca\u0142y rok. Prosimy pod\u0105\u017ca\u0107 za tymi 5 krokami, kt\u00f3re pozwol\u0105 Pa\u0144stwu wej\u015b\u0107 do \u015brodka [&hellip;]","og_url":"https:\/\/gardeon.pl\/pl\/blog\/5-krokow-jak-zaczac-korzystac-z-domku-ogrodowego-jeszcze-tej-zimy\/","og_site_name":"GARDEON","article_published_time":"2026-04-23T17:02:45+00:00","og_image":[{"width":2560,"height":1600,"url":"http:\/\/gardeon.pl\/wp-content\/uploads\/2019\/01\/snowy-cottage-snowy-trees-snow-164010.jpg","type":"image\/jpeg"}],"author":"editor","twitter_card":"summary_large_image","twitter_misc":{"Napisane przez":"editor","Szacowany czas czytania":"3 minuty"},"schema":{"@context":"https:\/\/schema.org","@graph":[{"@type":"Article","@id":"https:\/\/gardeon.pl\/pl\/blog\/5-krokow-jak-zaczac-korzystac-z-domku-ogrodowego-jeszcze-tej-zimy\/#article","isPartOf":{"@id":"https:\/\/gardeon.pl\/pl\/blog\/5-krokow-jak-zaczac-korzystac-z-domku-ogrodowego-jeszcze-tej-zimy\/"},"author":{"name":"editor","@id":"https:\/\/gardeon.pl\/#\/schema\/person\/a5762ca5f0790bf92774af0899379463"},"headline":"5 krok\u00f3w, jak zacz\u0105\u0107 korzysta\u0107 z domku ogrodowego jeszcze tej zimy","datePublished":"2026-04-23T17:02:45+00:00","mainEntityOfPage":{"@id":"https:\/\/gardeon.pl\/pl\/blog\/5-krokow-jak-zaczac-korzystac-z-domku-ogrodowego-jeszcze-tej-zimy\/"},"wordCount":576,"commentCount":0,"image":{"@id":"https:\/\/gardeon.pl\/pl\/blog\/5-krokow-jak-zaczac-korzystac-z-domku-ogrodowego-jeszcze-tej-zimy\/#primaryimage"},"thumbnailUrl":"https:\/\/gardeon.pl\/wp-content\/uploads\/2019\/01\/snowy-cottage-snowy-trees-snow-164010.jpg","keywords":["CZ"],"articleSection":["Domki ogrodowe","Piel\u0119gnacja"],"inLanguage":"pl-PL","potentialAction":[{"@type":"CommentAction","name":"Comment","target":["https:\/\/gardeon.pl\/pl\/blog\/5-krokow-jak-zaczac-korzystac-z-domku-ogrodowego-jeszcze-tej-zimy\/#respond"]}]},{"@type":"WebPage","@id":"https:\/\/gardeon.pl\/pl\/blog\/5-krokow-jak-zaczac-korzystac-z-domku-ogrodowego-jeszcze-tej-zimy\/","url":"https:\/\/gardeon.pl\/pl\/blog\/5-krokow-jak-zaczac-korzystac-z-domku-ogrodowego-jeszcze-tej-zimy\/","name":"5 krok\u00f3w, jak zacz\u0105\u0107 korzysta\u0107 z domku ogrodowego jeszcze tej zimy - GARDEON","isPartOf":{"@id":"https:\/\/gardeon.pl\/#website"},"primaryImageOfPage":{"@id":"https:\/\/gardeon.pl\/pl\/blog\/5-krokow-jak-zaczac-korzystac-z-domku-ogrodowego-jeszcze-tej-zimy\/#primaryimage"},"image":{"@id":"https:\/\/gardeon.pl\/pl\/blog\/5-krokow-jak-zaczac-korzystac-z-domku-ogrodowego-jeszcze-tej-zimy\/#primaryimage"},"thumbnailUrl":"https:\/\/gardeon.pl\/wp-content\/uploads\/2019\/01\/snowy-cottage-snowy-trees-snow-164010.jpg","datePublished":"2026-04-23T17:02:45+00:00","author":{"@id":"https:\/\/gardeon.pl\/#\/schema\/person\/a5762ca5f0790bf92774af0899379463"},"breadcrumb":{"@id":"https:\/\/gardeon.pl\/pl\/blog\/5-krokow-jak-zaczac-korzystac-z-domku-ogrodowego-jeszcze-tej-zimy\/#breadcrumb"},"inLanguage":"pl-PL","potentialAction":[{"@type":"ReadAction","target":["https:\/\/gardeon.pl\/pl\/blog\/5-krokow-jak-zaczac-korzystac-z-domku-ogrodowego-jeszcze-tej-zimy\/"]}]},{"@type":"ImageObject","inLanguage":"pl-PL","@id":"https:\/\/gardeon.pl\/pl\/blog\/5-krokow-jak-zaczac-korzystac-z-domku-ogrodowego-jeszcze-tej-zimy\/#primaryimage","url":"https:\/\/gardeon.pl\/wp-content\/uploads\/2019\/01\/snowy-cottage-snowy-trees-snow-164010.jpg","contentUrl":"https:\/\/gardeon.pl\/wp-content\/uploads\/2019\/01\/snowy-cottage-snowy-trees-snow-164010.jpg","width":2560,"height":1600,"caption":"Zasnie\u017cona chata"},{"@type":"BreadcrumbList","@id":"https:\/\/gardeon.pl\/pl\/blog\/5-krokow-jak-zaczac-korzystac-z-domku-ogrodowego-jeszcze-tej-zimy\/#breadcrumb","itemListElement":[{"@type":"ListItem","position":1,"name":"Domov","item":"https:\/\/gardeon.pl\/pl\/"},{"@type":"ListItem","position":2,"name":"5 krok\u00f3w, jak zacz\u0105\u0107 korzysta\u0107 z domku ogrodowego jeszcze tej zimy"}]},{"@type":"WebSite","@id":"https:\/\/gardeon.pl\/#website","url":"https:\/\/gardeon.pl\/","name":"GARDEON","description":"","potentialAction":[{"@type":"SearchAction","target":{"@type":"EntryPoint","urlTemplate":"https:\/\/gardeon.pl\/?s={search_term_string}"},"query-input":{"@type":"PropertyValueSpecification","valueRequired":true,"valueName":"search_term_string"}}],"inLanguage":"pl-PL"},{"@type":"Person","@id":"https:\/\/gardeon.pl\/#\/schema\/person\/a5762ca5f0790bf92774af0899379463","name":"editor","image":{"@type":"ImageObject","inLanguage":"pl-PL","@id":"https:\/\/secure.gravatar.com\/avatar\/2b748151c2c748327307fd289a91b3bdafdd9e64e2d000e65e53d6dcf11c5830?s=96&d=mm&r=g","url":"https:\/\/secure.gravatar.com\/avatar\/2b748151c2c748327307fd289a91b3bdafdd9e64e2d000e65e53d6dcf11c5830?s=96&d=mm&r=g","contentUrl":"https:\/\/secure.gravatar.com\/avatar\/2b748151c2c748327307fd289a91b3bdafdd9e64e2d000e65e53d6dcf11c5830?s=96&d=mm&r=g","caption":"editor"}}]}},"_links":{"self":[{"href":"https:\/\/gardeon.pl\/pl\/wp-json\/wp\/v2\/posts\/46468","targetHints":{"allow":["GET"]}}],"collection":[{"href":"https:\/\/gardeon.pl\/pl\/wp-json\/wp\/v2\/posts"}],"about":[{"href":"https:\/\/gardeon.pl\/pl\/wp-json\/wp\/v2\/types\/post"}],"author":[{"embeddable":true,"href":"https:\/\/gardeon.pl\/pl\/wp-json\/wp\/v2\/users\/2"}],"replies":[{"embeddable":true,"href":"https:\/\/gardeon.pl\/pl\/wp-json\/wp\/v2\/comments?post=46468"}],"version-history":[{"count":0,"href":"https:\/\/gardeon.pl\/pl\/wp-json\/wp\/v2\/posts\/46468\/revisions"}],"wp:featuredmedia":[{"embeddable":true,"href":"https:\/\/gardeon.pl\/pl\/wp-json\/wp\/v2\/media\/46478"}],"wp:attachment":[{"href":"https:\/\/gardeon.pl\/pl\/wp-json\/wp\/v2\/media?parent=46468"}],"wp:term":[{"taxonomy":"category","embeddable":true,"href":"https:\/\/gardeon.pl\/pl\/wp-json\/wp\/v2\/categories?post=46468"},{"taxonomy":"post_tag","embeddable":true,"href":"https:\/\/gardeon.pl\/pl\/wp-json\/wp\/v2\/tags?post=46468"}],"curies":[{"name":"wp","href":"https:\/\/api.w.org\/{rel}","templated":true}]}}