{"id":46479,"date":"2026-04-23T19:03:23","date_gmt":"2026-04-23T17:03:23","guid":{"rendered":"https:\/\/gardeon.pl\/?p=46479"},"modified":"2026-04-23T19:03:23","modified_gmt":"2026-04-23T17:03:23","slug":"6-wskazowek-dotyczacych-wiosennej-pielegnacji-ogrodu","status":"publish","type":"post","link":"https:\/\/gardeon.pl\/pl\/blog\/6-wskazowek-dotyczacych-wiosennej-pielegnacji-ogrodu\/","title":{"rendered":"6 wskaz\u00f3wek dotycz\u0105cych wiosennej piel\u0119gnacji ogrodu"},"content":{"rendered":"<p><em>Czy Pa\u0144stwo r\u00f3wnie\u017c czuj\u0105 ju\u017c zapach wiosny? Zima powoli ust\u0119puje, \u015bniegu ubywa, powietrze si\u0119 ociepla. <span class=\"Apple-converted-space\">  <\/span>Wraz z jej nadej\u015bciem wszystko wok\u00f3\u0142 nas budzi si\u0119 do \u017cycia. Nadchodzi r\u00f3wnie\u017c potrzeba przygotowania ogrodu na ten rok. Dzi\u015b przedstawiamy kilka wskaz\u00f3wek, jak to zrobi\u0107, aby o niczym nie zapomnie\u0107.  <\/em><\/p>\n<p><!--more--><\/p>\n<p><b>1. Wiosenne porz\u0105dki r\u00f3wnie\u017c na zewn\u0105trz<\/b><\/p>\n<p>Posprz\u0105ta\u0107 ca\u0142y dom, umy\u0107 okna, wybi\u0107 dywany\u2026 Generalne porz\u0105dki potrzebuje jednak r\u00f3wnie\u017c Pa\u0144stwa ogr\u00f3d. Wyrwa\u0107 obumar\u0142e korzenie, zebra\u0107 suche li\u015bcie, uwolni\u0107 ro\u015bliny od suchych obumar\u0142ych cz\u0119\u015bci. Oczy\u015bci\u0107 ogr\u00f3d z chwast\u00f3w. Przekopa\u0107 gleb\u0119 i w razie potrzeby nawie\u017a\u0107, aby posadzonym ro\u015blinom lepiej si\u0119 powodzi\u0142o.   <\/p>\n<p><img loading=\"lazy\" decoding=\"async\" class=\"aligncenter wp-image-17851\" src=\"http:\/\/gardeon.pl\/wp-content\/uploads\/2018\/09\/c-1024x682.jpg\" alt=\"Sadzenie kwiat\u00f3w w doniczce\" width=\"800\" height=\"533\" srcset=\"https:\/\/gardeon.pl\/wp-content\/uploads\/2018\/09\/c-1024x682.jpg 1024w, https:\/\/gardeon.pl\/wp-content\/uploads\/2018\/09\/c-300x200.jpg 300w, https:\/\/gardeon.pl\/wp-content\/uploads\/2018\/09\/c-768x512.jpg 768w, https:\/\/gardeon.pl\/wp-content\/uploads\/2018\/09\/c.jpg 2000w\" sizes=\"auto, (max-width: 800px) 100vw, 800px\" \/><\/p>\n<p><img loading=\"lazy\" decoding=\"async\" class=\"aligncenter wp-image-17853\" src=\"http:\/\/gardeon.pl\/wp-content\/uploads\/2018\/09\/d.jpg\" alt=\"Wybieranie kwiat\u00f3w z gleby\" width=\"800\" height=\"451\" srcset=\"https:\/\/gardeon.pl\/wp-content\/uploads\/2018\/09\/d.jpg 656w, https:\/\/gardeon.pl\/wp-content\/uploads\/2018\/09\/d-300x169.jpg 300w\" sizes=\"auto, (max-width: 800px) 100vw, 800px\" \/><\/p>\n<p><b>2. Kwiaty s\u0105 odzwierciedleniem Pa\u0144stwa ogrodu<\/b><\/p>\n<p>Przede wszystkim nale\u017cy zadba\u0107 o byliny, kt\u00f3re przetrwa\u0142y zim\u0119 w Pa\u0144stwa ogrodzie. Czy mr\u00f3z je wypchn\u0105\u0142? Dobrze je wcisn\u0105\u0107 z powrotem w ziemi\u0119, aby chroni\u0107 ich korzenie. Chc\u0105 Pa\u0144stwo posadzi\u0107 ro\u015bliny jednoroczne lub nowe byliny? Mo\u017cna przyst\u0105pi\u0107 do dzia\u0142ania. Teraz jest na to odpowiedni czas.     <span class=\"Apple-converted-space\"> <\/span><\/p>\n<p><img loading=\"lazy\" decoding=\"async\" class=\"aligncenter wp-image-17847\" src=\"http:\/\/gardeon.pl\/wp-content\/uploads\/2018\/09\/a-1024x682.jpg\" alt=\"Kwiaty w doniczce\" width=\"800\" height=\"533\" srcset=\"https:\/\/gardeon.pl\/wp-content\/uploads\/2018\/09\/a-1024x682.jpg 1024w, https:\/\/gardeon.pl\/wp-content\/uploads\/2018\/09\/a-300x200.jpg 300w, https:\/\/gardeon.pl\/wp-content\/uploads\/2018\/09\/a-768x512.jpg 768w\" sizes=\"auto, (max-width: 800px) 100vw, 800px\" \/><\/p>\n<p><b>3. Przywr\u00f3ci\u0107 \u017cycie trawnikom<\/b><\/p>\n<p>Powoli nadchodzi czas na <a href=\"http:\/\/www.zahradnictvo-sadex.sk\/clanky\/clanok\/1\/\">pierwsze koszenie<\/a>. Najpierw jednak nale\u017cy dok\u0142adnie obejrze\u0107 trawnik, aby sprawdzi\u0107, czy podczas zimy nie pojawi\u0142a si\u0119 na nim ple\u015b\u0144. Dla trawnik\u00f3w niebezpieczna jest tzw. <a href=\"https:\/\/urobsisam.zoznam.sk\/zahrada\/okrasna-zahrada\/travnik-v-zime-pozor-na-plesen-sneznu\">ple\u015b\u0144 \u015bnie\u017cna<\/a>. Je\u015bli tak si\u0119 sta\u0142o, maj\u0105 Pa\u0144stwo dwie mo\u017cliwo\u015bci. Mo\u017cna albo wyci\u0105\u0107 dotkni\u0119te fragmenty trawnika i je zast\u0105pi\u0107, albo zastosowa\u0107 oprysk zawieraj\u0105cy fungicydy.    <span class=\"Apple-converted-space\"> <\/span><\/p>\n<p>Nast\u0119pnie nale\u017cy ca\u0142y trawnik przeszlifowa\u0107 i przewietrzy\u0107. Po zimie brakuje mu sk\u0142adnik\u00f3w od\u017cywczych, wi\u0119c wiosenne nawo\u017cenie b\u0119dzie korzystne. Wydaje si\u0119 Pa\u0144stwu zbyt rzadki? W tym czasie warto dosia\u0107 dodatkowe nasiona traw.   <\/p>\n<p><b>4. Kompost jako wysokiej jako\u015bci naw\u00f3z<\/b><\/p>\n<p>Nale\u017c\u0105 Pa\u0144stwo do zwolennik\u00f3w domowego kompostowania? <a href=\"https:\/\/gardeon.pl\/pl\/blog\/przekopywac-czy-nie-przekopywac-odpowiedz-wcale-nie-jest-tak-jednoznaczna-jak-mogloby-sie-wydawac\/\">Czy dla Pa\u0144stwa wa\u017cne jest dbanie o \u015brodowisko?<\/a>  Nale\u017cy kupi\u0107 gotowy kompostownik lub wykona\u0107 pojemnik kompostowy w domu samodzielnie, szybko i prosto.<\/p>\n<p>B\u0119d\u0105 Pa\u0144stwo potrzebowa\u0107 czterech palet z w\u0105skimi szczelinami, kilku gwo\u017adzi i m\u0142otka. Prosz\u0119 wybra\u0107 miejsce, w kt\u00f3rym ma stan\u0105\u0107 kompostownik. Prosz\u0119 po\u0142\u0105czy\u0107 trzy palety w kszta\u0142t litery \u201eU\u201d. Czwart\u0105, kt\u00f3ra b\u0119dzie pe\u0142ni\u0107 funkcj\u0119 przedniej \u015bcianki pojemnika, prosz\u0119 przymocowa\u0107 tak, aby mo\u017cna by\u0142o ni\u0105 \u0142atwo manipulowa\u0107.   <\/p>\n<p><img loading=\"lazy\" decoding=\"async\" class=\"aligncenter wp-image-17857\" src=\"http:\/\/gardeon.pl\/wp-content\/uploads\/2018\/09\/f-1024x682.jpg\" alt=\"Gleba\" width=\"800\" height=\"533\" srcset=\"https:\/\/gardeon.pl\/wp-content\/uploads\/2018\/09\/f-1024x682.jpg 1024w, https:\/\/gardeon.pl\/wp-content\/uploads\/2018\/09\/f-300x200.jpg 300w, https:\/\/gardeon.pl\/wp-content\/uploads\/2018\/09\/f-768x512.jpg 768w, https:\/\/gardeon.pl\/wp-content\/uploads\/2018\/09\/f.jpg 1698w\" sizes=\"auto, (max-width: 800px) 100vw, 800px\" \/><\/p>\n<p><b>5. Oczy\u015bci\u0107 r\u00f3wnie\u017c szklarni\u0119<\/b><\/p>\n<p>Czy w Pa\u0144stwa ogrodzie znajduje si\u0119 tego rodzaju budowla ogrodowa? Nie nale\u017cy zapomnie\u0107 o jej dok\u0142adnym przygotowaniu przed nowym sezonem. Sprawdzi\u0107, czy nie wprowadzili si\u0119 do niej niechciani go\u015bcie w postaci szkodnik\u00f3w. W razie potrzeby zastosowa\u0107 preparat dezynsekcyjny. Po jego u\u017cyciu szklarni\u0119 dok\u0142adnie przewietrzy\u0107 i pozostawi\u0107 do wyschni\u0119cia.    <span class=\"Apple-converted-space\"> <\/span><\/p>\n<p><img loading=\"lazy\" decoding=\"async\" class=\"aligncenter wp-image-17859\" src=\"http:\/\/gardeon.pl\/wp-content\/uploads\/2018\/09\/g-1024x678.jpg\" alt=\"Du\u017ca zielona szklarnia na kwiaty\" width=\"800\" height=\"530\" srcset=\"https:\/\/gardeon.pl\/wp-content\/uploads\/2018\/09\/g-1024x678.jpg 1024w, https:\/\/gardeon.pl\/wp-content\/uploads\/2018\/09\/g-300x199.jpg 300w, https:\/\/gardeon.pl\/wp-content\/uploads\/2018\/09\/g-768x509.jpg 768w\" sizes=\"auto, (max-width: 800px) 100vw, 800px\" \/><\/p>\n<p><b>6. Nie zapomnie\u0107 o domku ogrodowym<span class=\"Apple-converted-space\"> <\/span><\/b><\/p>\n<p>Czy Pa\u0144stwa domek ogrodowy by\u0142 zim\u0105 nieu\u017cywany? Nale\u017cy przygotowa\u0107 go na nowy sezon. Zamie\u015b\u0107 posadzk\u0119 i wytrze\u0107 kurz. To jednak nie wszystko.   <\/p>\n<p>Czy Pa\u0144stwa domek jest drewniany? Nale\u017cy go przeszlifowa\u0107 i zapewni\u0107 mu nowy lakier. S\u0105 Pa\u0144stwo w\u0142a\u015bcicielem plastikowego domku? Dok\u0142adnie go umy\u0107, ewentualnie r\u00f3wnie\u017c po\u015bwi\u0119ci\u0107 mu now\u0105 pow\u0142ok\u0119 malarsk\u0105. Nie trafili\u015bmy i w Pa\u0144stwa ogrodzie stoi montowany domek ogrodowy? Wtedy zaoszcz\u0119dz\u0105 Pa\u0144stwo czas na zewn\u0119trznej konserwacji. Ten typ jest bowiem dzi\u0119ki wysokiej jako\u015bci tynkowi najbardziej odporny na wp\u0142ywy pogodowe.      <\/p>\n<p><img loading=\"lazy\" decoding=\"async\" class=\"aligncenter wp-image-17855\" src=\"http:\/\/gardeon.pl\/wp-content\/uploads\/2018\/09\/e-1024x576.jpg\" alt=\"Skoszony trawnik\" width=\"800\" height=\"450\" srcset=\"https:\/\/gardeon.pl\/wp-content\/uploads\/2018\/09\/e-1024x576.jpg 1024w, https:\/\/gardeon.pl\/wp-content\/uploads\/2018\/09\/e-300x169.jpg 300w, https:\/\/gardeon.pl\/wp-content\/uploads\/2018\/09\/e-768x432.jpg 768w, https:\/\/gardeon.pl\/wp-content\/uploads\/2018\/09\/e.jpg 1267w\" sizes=\"auto, (max-width: 800px) 100vw, 800px\" \/><\/p>\n<p>Chcieliby Pa\u0144stwo nada\u0107 swojemu stalowemu domkowi now\u0105 posta\u0107? Je\u015bli szukaj\u0105 Pa\u0144stwo pomys\u0142\u00f3w, by\u0107 mo\u017ce pomo\u017ce nasz starszy artyku\u0142 o tym, <a href=\"https:\/\/gardeon.pl\/pl\/blog\/zmien-swoj-domek-ogrodowy-w-oaze-wypoczynku\/\">jak stworzy\u0107 w ogrodzie oaz\u0119 spokoju<\/a>. Czerpa\u0107 inspiracj\u0119, przygotowa\u0107 plan i przyst\u0105pi\u0107 do dzia\u0142ania!  <span class=\"Apple-converted-space\"> <\/span><\/p>\n<p>Maj\u0105 Pa\u0144stwo wszystko przygotowane? Pocz\u0105tek roku ogrodniczego z pewno\u015bci\u0105 Pa\u0144stwa nie zaskoczy. <\/p>\n<p>\u0179r\u00f3d\u0142o:<\/p>\n<p>https:\/\/www.postconsumers.com\/2017\/05\/15\/gardening-poems\/<br \/>\nhttps:\/\/www.realsimple.com\/home-organizing\/gardening\/outdoor\/summer-gardening-tips<br \/>\nhttps:\/\/buchanansplants.com\/houston-gardening-by-month\/<br \/>\nhttp:\/\/thechronicleherald.ca\/more\/thriving-50\/1556265-ergonomic-gardening-techniques-can-make-gardening-less-taxing<br \/>\nhttp:\/\/www.zahradnictvo-sadex.sk\/clanky\/clanok\/1\/<br \/>\nhttps:\/\/www.thetimes.co.uk\/article\/how-to-lay-the-perfect-lawn-in-your-garden-the-experts-guide-p7p36cnzw<br \/>\nhttps:\/\/www.gardeningknowhow.com\/composting\/basics\/starting-compost-pile.htm<br \/>\nhttps:\/\/doesok.top\/first-steps-to-accredited-online-degrees\/<\/p>\n","protected":false},"excerpt":{"rendered":"<p>Czy Pa\u0144stwo r\u00f3wnie\u017c czuj\u0105 ju\u017c zapach wiosny? Zima powoli ust\u0119puje, \u015bniegu ubywa, powietrze si\u0119 ociepla. Wraz z jej nadej\u015bciem wszystko wok\u00f3\u0142 nas budzi si\u0119 do \u017cycia. Nadchodzi r\u00f3wnie\u017c potrzeba przygotowania ogrodu na ten rok. Dzi\u015b przedstawiamy kilka wskaz\u00f3wek, jak to zrobi\u0107, aby o niczym nie zapomnie\u0107.<\/p>\n","protected":false},"author":2,"featured_media":46481,"comment_status":"open","ping_status":"open","sticky":false,"template":"","format":"standard","meta":{"_acf_changed":false,"inline_featured_image":false,"footnotes":""},"categories":[594,606,599],"tags":[],"class_list":["post-46479","post","type-post","status-publish","format-standard","has-post-thumbnail","hentry","category-ogrod","category-pielegnacja","category-rosliny-ziola-kwiaty"],"acf":[],"yoast_head":"<!-- This site is optimized with the Yoast SEO plugin v27.4 - https:\/\/yoast.com\/product\/yoast-seo-wordpress\/ -->\n<title>6 wskaz\u00f3wek dotycz\u0105cych wiosennej piel\u0119gnacji ogrodu - GARDEON<\/title>\n<meta name=\"robots\" content=\"index, follow, max-snippet:-1, max-image-preview:large, max-video-preview:-1\" \/>\n<link rel=\"canonical\" href=\"https:\/\/gardeon.pl\/pl\/blog\/6-wskazowek-dotyczacych-wiosennej-pielegnacji-ogrodu\/\" \/>\n<meta property=\"og:locale\" content=\"pl_PL\" \/>\n<meta property=\"og:type\" content=\"article\" \/>\n<meta property=\"og:title\" content=\"6 wskaz\u00f3wek dotycz\u0105cych wiosennej piel\u0119gnacji ogrodu - GARDEON\" \/>\n<meta property=\"og:description\" content=\"Czy Pa\u0144stwo r\u00f3wnie\u017c czuj\u0105 ju\u017c zapach wiosny? Zima powoli ust\u0119puje, \u015bniegu ubywa, powietrze si\u0119 ociepla. Wraz z jej nadej\u015bciem wszystko wok\u00f3\u0142 nas budzi si\u0119 do \u017cycia. Nadchodzi r\u00f3wnie\u017c potrzeba przygotowania ogrodu na ten rok. Dzi\u015b przedstawiamy kilka wskaz\u00f3wek, jak to zrobi\u0107, aby o niczym nie zapomnie\u0107.\" \/>\n<meta property=\"og:url\" content=\"https:\/\/gardeon.pl\/pl\/blog\/6-wskazowek-dotyczacych-wiosennej-pielegnacji-ogrodu\/\" \/>\n<meta property=\"og:site_name\" content=\"GARDEON\" \/>\n<meta property=\"article:published_time\" content=\"2026-04-23T17:03:23+00:00\" \/>\n<meta property=\"og:image\" content=\"http:\/\/gardeon.pl\/wp-content\/uploads\/2018\/09\/b.jpg\" \/>\n\t<meta property=\"og:image:width\" content=\"1800\" \/>\n\t<meta property=\"og:image:height\" content=\"1209\" \/>\n\t<meta property=\"og:image:type\" content=\"image\/jpeg\" \/>\n<meta name=\"author\" content=\"editor\" \/>\n<meta name=\"twitter:card\" content=\"summary_large_image\" \/>\n<meta name=\"twitter:label1\" content=\"Napisane przez\" \/>\n\t<meta name=\"twitter:data1\" content=\"editor\" \/>\n\t<meta name=\"twitter:label2\" content=\"Szacowany czas czytania\" \/>\n\t<meta name=\"twitter:data2\" content=\"3 minuty\" \/>\n<script type=\"application\/ld+json\" class=\"yoast-schema-graph\">{\"@context\":\"https:\\\/\\\/schema.org\",\"@graph\":[{\"@type\":\"Article\",\"@id\":\"https:\\\/\\\/gardeon.pl\\\/pl\\\/blog\\\/6-wskazowek-dotyczacych-wiosennej-pielegnacji-ogrodu\\\/#article\",\"isPartOf\":{\"@id\":\"https:\\\/\\\/gardeon.pl\\\/pl\\\/blog\\\/6-wskazowek-dotyczacych-wiosennej-pielegnacji-ogrodu\\\/\"},\"author\":{\"name\":\"editor\",\"@id\":\"https:\\\/\\\/gardeon.pl\\\/#\\\/schema\\\/person\\\/a5762ca5f0790bf92774af0899379463\"},\"headline\":\"6 wskaz\u00f3wek dotycz\u0105cych wiosennej piel\u0119gnacji ogrodu\",\"datePublished\":\"2026-04-23T17:03:23+00:00\",\"mainEntityOfPage\":{\"@id\":\"https:\\\/\\\/gardeon.pl\\\/pl\\\/blog\\\/6-wskazowek-dotyczacych-wiosennej-pielegnacji-ogrodu\\\/\"},\"wordCount\":675,\"commentCount\":0,\"image\":{\"@id\":\"https:\\\/\\\/gardeon.pl\\\/pl\\\/blog\\\/6-wskazowek-dotyczacych-wiosennej-pielegnacji-ogrodu\\\/#primaryimage\"},\"thumbnailUrl\":\"https:\\\/\\\/gardeon.pl\\\/wp-content\\\/uploads\\\/2018\\\/09\\\/b.jpg\",\"articleSection\":[\"Ogr\u00f3d\",\"Piel\u0119gnacja\",\"Ro\u015bliny | Zio\u0142a | Kwiaty\"],\"inLanguage\":\"pl-PL\",\"potentialAction\":[{\"@type\":\"CommentAction\",\"name\":\"Comment\",\"target\":[\"https:\\\/\\\/gardeon.pl\\\/pl\\\/blog\\\/6-wskazowek-dotyczacych-wiosennej-pielegnacji-ogrodu\\\/#respond\"]}]},{\"@type\":\"WebPage\",\"@id\":\"https:\\\/\\\/gardeon.pl\\\/pl\\\/blog\\\/6-wskazowek-dotyczacych-wiosennej-pielegnacji-ogrodu\\\/\",\"url\":\"https:\\\/\\\/gardeon.pl\\\/pl\\\/blog\\\/6-wskazowek-dotyczacych-wiosennej-pielegnacji-ogrodu\\\/\",\"name\":\"6 wskaz\u00f3wek dotycz\u0105cych wiosennej piel\u0119gnacji ogrodu - GARDEON\",\"isPartOf\":{\"@id\":\"https:\\\/\\\/gardeon.pl\\\/#website\"},\"primaryImageOfPage\":{\"@id\":\"https:\\\/\\\/gardeon.pl\\\/pl\\\/blog\\\/6-wskazowek-dotyczacych-wiosennej-pielegnacji-ogrodu\\\/#primaryimage\"},\"image\":{\"@id\":\"https:\\\/\\\/gardeon.pl\\\/pl\\\/blog\\\/6-wskazowek-dotyczacych-wiosennej-pielegnacji-ogrodu\\\/#primaryimage\"},\"thumbnailUrl\":\"https:\\\/\\\/gardeon.pl\\\/wp-content\\\/uploads\\\/2018\\\/09\\\/b.jpg\",\"datePublished\":\"2026-04-23T17:03:23+00:00\",\"author\":{\"@id\":\"https:\\\/\\\/gardeon.pl\\\/#\\\/schema\\\/person\\\/a5762ca5f0790bf92774af0899379463\"},\"breadcrumb\":{\"@id\":\"https:\\\/\\\/gardeon.pl\\\/pl\\\/blog\\\/6-wskazowek-dotyczacych-wiosennej-pielegnacji-ogrodu\\\/#breadcrumb\"},\"inLanguage\":\"pl-PL\",\"potentialAction\":[{\"@type\":\"ReadAction\",\"target\":[\"https:\\\/\\\/gardeon.pl\\\/pl\\\/blog\\\/6-wskazowek-dotyczacych-wiosennej-pielegnacji-ogrodu\\\/\"]}]},{\"@type\":\"ImageObject\",\"inLanguage\":\"pl-PL\",\"@id\":\"https:\\\/\\\/gardeon.pl\\\/pl\\\/blog\\\/6-wskazowek-dotyczacych-wiosennej-pielegnacji-ogrodu\\\/#primaryimage\",\"url\":\"https:\\\/\\\/gardeon.pl\\\/wp-content\\\/uploads\\\/2018\\\/09\\\/b.jpg\",\"contentUrl\":\"https:\\\/\\\/gardeon.pl\\\/wp-content\\\/uploads\\\/2018\\\/09\\\/b.jpg\",\"width\":1800,\"height\":1209,\"caption\":\"Grabie i \u0142opatka wbite w ziemi\u0119\"},{\"@type\":\"BreadcrumbList\",\"@id\":\"https:\\\/\\\/gardeon.pl\\\/pl\\\/blog\\\/6-wskazowek-dotyczacych-wiosennej-pielegnacji-ogrodu\\\/#breadcrumb\",\"itemListElement\":[{\"@type\":\"ListItem\",\"position\":1,\"name\":\"Domov\",\"item\":\"https:\\\/\\\/gardeon.pl\\\/pl\\\/\"},{\"@type\":\"ListItem\",\"position\":2,\"name\":\"6 wskaz\u00f3wek dotycz\u0105cych wiosennej piel\u0119gnacji ogrodu\"}]},{\"@type\":\"WebSite\",\"@id\":\"https:\\\/\\\/gardeon.pl\\\/#website\",\"url\":\"https:\\\/\\\/gardeon.pl\\\/\",\"name\":\"GARDEON\",\"description\":\"\",\"potentialAction\":[{\"@type\":\"SearchAction\",\"target\":{\"@type\":\"EntryPoint\",\"urlTemplate\":\"https:\\\/\\\/gardeon.pl\\\/?s={search_term_string}\"},\"query-input\":{\"@type\":\"PropertyValueSpecification\",\"valueRequired\":true,\"valueName\":\"search_term_string\"}}],\"inLanguage\":\"pl-PL\"},{\"@type\":\"Person\",\"@id\":\"https:\\\/\\\/gardeon.pl\\\/#\\\/schema\\\/person\\\/a5762ca5f0790bf92774af0899379463\",\"name\":\"editor\",\"image\":{\"@type\":\"ImageObject\",\"inLanguage\":\"pl-PL\",\"@id\":\"https:\\\/\\\/secure.gravatar.com\\\/avatar\\\/2b748151c2c748327307fd289a91b3bdafdd9e64e2d000e65e53d6dcf11c5830?s=96&d=mm&r=g\",\"url\":\"https:\\\/\\\/secure.gravatar.com\\\/avatar\\\/2b748151c2c748327307fd289a91b3bdafdd9e64e2d000e65e53d6dcf11c5830?s=96&d=mm&r=g\",\"contentUrl\":\"https:\\\/\\\/secure.gravatar.com\\\/avatar\\\/2b748151c2c748327307fd289a91b3bdafdd9e64e2d000e65e53d6dcf11c5830?s=96&d=mm&r=g\",\"caption\":\"editor\"}}]}<\/script>\n<!-- \/ Yoast SEO plugin. -->","yoast_head_json":{"title":"6 wskaz\u00f3wek dotycz\u0105cych wiosennej piel\u0119gnacji ogrodu - GARDEON","robots":{"index":"index","follow":"follow","max-snippet":"max-snippet:-1","max-image-preview":"max-image-preview:large","max-video-preview":"max-video-preview:-1"},"canonical":"https:\/\/gardeon.pl\/pl\/blog\/6-wskazowek-dotyczacych-wiosennej-pielegnacji-ogrodu\/","og_locale":"pl_PL","og_type":"article","og_title":"6 wskaz\u00f3wek dotycz\u0105cych wiosennej piel\u0119gnacji ogrodu - GARDEON","og_description":"Czy Pa\u0144stwo r\u00f3wnie\u017c czuj\u0105 ju\u017c zapach wiosny? Zima powoli ust\u0119puje, \u015bniegu ubywa, powietrze si\u0119 ociepla. Wraz z jej nadej\u015bciem wszystko wok\u00f3\u0142 nas budzi si\u0119 do \u017cycia. Nadchodzi r\u00f3wnie\u017c potrzeba przygotowania ogrodu na ten rok. Dzi\u015b przedstawiamy kilka wskaz\u00f3wek, jak to zrobi\u0107, aby o niczym nie zapomnie\u0107.","og_url":"https:\/\/gardeon.pl\/pl\/blog\/6-wskazowek-dotyczacych-wiosennej-pielegnacji-ogrodu\/","og_site_name":"GARDEON","article_published_time":"2026-04-23T17:03:23+00:00","og_image":[{"width":1800,"height":1209,"url":"http:\/\/gardeon.pl\/wp-content\/uploads\/2018\/09\/b.jpg","type":"image\/jpeg"}],"author":"editor","twitter_card":"summary_large_image","twitter_misc":{"Napisane przez":"editor","Szacowany czas czytania":"3 minuty"},"schema":{"@context":"https:\/\/schema.org","@graph":[{"@type":"Article","@id":"https:\/\/gardeon.pl\/pl\/blog\/6-wskazowek-dotyczacych-wiosennej-pielegnacji-ogrodu\/#article","isPartOf":{"@id":"https:\/\/gardeon.pl\/pl\/blog\/6-wskazowek-dotyczacych-wiosennej-pielegnacji-ogrodu\/"},"author":{"name":"editor","@id":"https:\/\/gardeon.pl\/#\/schema\/person\/a5762ca5f0790bf92774af0899379463"},"headline":"6 wskaz\u00f3wek dotycz\u0105cych wiosennej piel\u0119gnacji ogrodu","datePublished":"2026-04-23T17:03:23+00:00","mainEntityOfPage":{"@id":"https:\/\/gardeon.pl\/pl\/blog\/6-wskazowek-dotyczacych-wiosennej-pielegnacji-ogrodu\/"},"wordCount":675,"commentCount":0,"image":{"@id":"https:\/\/gardeon.pl\/pl\/blog\/6-wskazowek-dotyczacych-wiosennej-pielegnacji-ogrodu\/#primaryimage"},"thumbnailUrl":"https:\/\/gardeon.pl\/wp-content\/uploads\/2018\/09\/b.jpg","articleSection":["Ogr\u00f3d","Piel\u0119gnacja","Ro\u015bliny | Zio\u0142a | Kwiaty"],"inLanguage":"pl-PL","potentialAction":[{"@type":"CommentAction","name":"Comment","target":["https:\/\/gardeon.pl\/pl\/blog\/6-wskazowek-dotyczacych-wiosennej-pielegnacji-ogrodu\/#respond"]}]},{"@type":"WebPage","@id":"https:\/\/gardeon.pl\/pl\/blog\/6-wskazowek-dotyczacych-wiosennej-pielegnacji-ogrodu\/","url":"https:\/\/gardeon.pl\/pl\/blog\/6-wskazowek-dotyczacych-wiosennej-pielegnacji-ogrodu\/","name":"6 wskaz\u00f3wek dotycz\u0105cych wiosennej piel\u0119gnacji ogrodu - GARDEON","isPartOf":{"@id":"https:\/\/gardeon.pl\/#website"},"primaryImageOfPage":{"@id":"https:\/\/gardeon.pl\/pl\/blog\/6-wskazowek-dotyczacych-wiosennej-pielegnacji-ogrodu\/#primaryimage"},"image":{"@id":"https:\/\/gardeon.pl\/pl\/blog\/6-wskazowek-dotyczacych-wiosennej-pielegnacji-ogrodu\/#primaryimage"},"thumbnailUrl":"https:\/\/gardeon.pl\/wp-content\/uploads\/2018\/09\/b.jpg","datePublished":"2026-04-23T17:03:23+00:00","author":{"@id":"https:\/\/gardeon.pl\/#\/schema\/person\/a5762ca5f0790bf92774af0899379463"},"breadcrumb":{"@id":"https:\/\/gardeon.pl\/pl\/blog\/6-wskazowek-dotyczacych-wiosennej-pielegnacji-ogrodu\/#breadcrumb"},"inLanguage":"pl-PL","potentialAction":[{"@type":"ReadAction","target":["https:\/\/gardeon.pl\/pl\/blog\/6-wskazowek-dotyczacych-wiosennej-pielegnacji-ogrodu\/"]}]},{"@type":"ImageObject","inLanguage":"pl-PL","@id":"https:\/\/gardeon.pl\/pl\/blog\/6-wskazowek-dotyczacych-wiosennej-pielegnacji-ogrodu\/#primaryimage","url":"https:\/\/gardeon.pl\/wp-content\/uploads\/2018\/09\/b.jpg","contentUrl":"https:\/\/gardeon.pl\/wp-content\/uploads\/2018\/09\/b.jpg","width":1800,"height":1209,"caption":"Grabie i \u0142opatka wbite w ziemi\u0119"},{"@type":"BreadcrumbList","@id":"https:\/\/gardeon.pl\/pl\/blog\/6-wskazowek-dotyczacych-wiosennej-pielegnacji-ogrodu\/#breadcrumb","itemListElement":[{"@type":"ListItem","position":1,"name":"Domov","item":"https:\/\/gardeon.pl\/pl\/"},{"@type":"ListItem","position":2,"name":"6 wskaz\u00f3wek dotycz\u0105cych wiosennej piel\u0119gnacji ogrodu"}]},{"@type":"WebSite","@id":"https:\/\/gardeon.pl\/#website","url":"https:\/\/gardeon.pl\/","name":"GARDEON","description":"","potentialAction":[{"@type":"SearchAction","target":{"@type":"EntryPoint","urlTemplate":"https:\/\/gardeon.pl\/?s={search_term_string}"},"query-input":{"@type":"PropertyValueSpecification","valueRequired":true,"valueName":"search_term_string"}}],"inLanguage":"pl-PL"},{"@type":"Person","@id":"https:\/\/gardeon.pl\/#\/schema\/person\/a5762ca5f0790bf92774af0899379463","name":"editor","image":{"@type":"ImageObject","inLanguage":"pl-PL","@id":"https:\/\/secure.gravatar.com\/avatar\/2b748151c2c748327307fd289a91b3bdafdd9e64e2d000e65e53d6dcf11c5830?s=96&d=mm&r=g","url":"https:\/\/secure.gravatar.com\/avatar\/2b748151c2c748327307fd289a91b3bdafdd9e64e2d000e65e53d6dcf11c5830?s=96&d=mm&r=g","contentUrl":"https:\/\/secure.gravatar.com\/avatar\/2b748151c2c748327307fd289a91b3bdafdd9e64e2d000e65e53d6dcf11c5830?s=96&d=mm&r=g","caption":"editor"}}]}},"_links":{"self":[{"href":"https:\/\/gardeon.pl\/pl\/wp-json\/wp\/v2\/posts\/46479","targetHints":{"allow":["GET"]}}],"collection":[{"href":"https:\/\/gardeon.pl\/pl\/wp-json\/wp\/v2\/posts"}],"about":[{"href":"https:\/\/gardeon.pl\/pl\/wp-json\/wp\/v2\/types\/post"}],"author":[{"embeddable":true,"href":"https:\/\/gardeon.pl\/pl\/wp-json\/wp\/v2\/users\/2"}],"replies":[{"embeddable":true,"href":"https:\/\/gardeon.pl\/pl\/wp-json\/wp\/v2\/comments?post=46479"}],"version-history":[{"count":0,"href":"https:\/\/gardeon.pl\/pl\/wp-json\/wp\/v2\/posts\/46479\/revisions"}],"wp:featuredmedia":[{"embeddable":true,"href":"https:\/\/gardeon.pl\/pl\/wp-json\/wp\/v2\/media\/46481"}],"wp:attachment":[{"href":"https:\/\/gardeon.pl\/pl\/wp-json\/wp\/v2\/media?parent=46479"}],"wp:term":[{"taxonomy":"category","embeddable":true,"href":"https:\/\/gardeon.pl\/pl\/wp-json\/wp\/v2\/categories?post=46479"},{"taxonomy":"post_tag","embeddable":true,"href":"https:\/\/gardeon.pl\/pl\/wp-json\/wp\/v2\/tags?post=46479"}],"curies":[{"name":"wp","href":"https:\/\/api.w.org\/{rel}","templated":true}]}}