{"id":46527,"date":"2026-04-23T19:04:24","date_gmt":"2026-04-23T17:04:24","guid":{"rendered":"https:\/\/gardeon.pl\/?p=46527"},"modified":"2026-04-23T19:04:24","modified_gmt":"2026-04-23T17:04:24","slug":"jak-utrzymac-rosliny-zewnetrzne-przy-zyciu-takze-zima","status":"publish","type":"post","link":"https:\/\/gardeon.pl\/pl\/blog\/jak-utrzymac-rosliny-zewnetrzne-przy-zyciu-takze-zima\/","title":{"rendered":"Jak utrzyma\u0107 ro\u015bliny zewn\u0119trzne przy \u017cyciu tak\u017ce zim\u0105"},"content":{"rendered":"<p><em>Nadchodzi ch\u0142odny okres, kt\u00f3ry jest wymagaj\u0105cy dla ro\u015blin. Zw\u0142aszcza dla tych, kt\u00f3re ma Pan\/Pani w ogrodzie lub na balkonie. Zapewne zastanawia si\u0119 Pan\/Pani, kt\u00f3re z nich przenie\u015b\u0107 do \u015brodka. Przecie\u017c na zewn\u0105trz czyhaj\u0105 na nie \u015bnieg i mr\u00f3z. Gdzie przechowa\u0107 je na zim\u0119 i jak o nie dba\u0107? Jak\u0105 ochron\u0119 mo\u017cna im zapewni\u0107, je\u015bli jednak zostan\u0105 na zewn\u0105trz? Dowie si\u0119 Pan\/Pani z tego artyku\u0142u.      <\/em><\/p>\n<p><!--more--><\/p>\n<h2>Piel\u0119gnacja ro\u015blin zim\u0105 \u2013 podlewanie, przesadzanie, nawo\u017cenie<\/h2>\n<p>Latem ro\u015bliny potrzebuj\u0105 du\u017co wody, w przeciwnym razie grozi im wyschni\u0119cie. Paradoksalnie to samo grozi im tak\u017ce zim\u0105, je\u015bli nie b\u0119dzie Pan\/Pani ich prawid\u0142owo podlewa\u0107. Wa\u017cna jest ilo\u015b\u0107 wody i odpowiedni moment. Zalecamy stosowanie mniejszych dawek letniej wody w\u0142a\u015bnie wtedy, gdy nie ma mrozu. W przeciwnym razie ryzykuje Pan\/Pani przemarzni\u0119cie lub gnicie korzeni.    <\/p>\n<p><img loading=\"lazy\" decoding=\"async\" class=\"aligncenter wp-image-17988\" src=\"http:\/\/gardeon.pl\/wp-content\/uploads\/2018\/10\/c-1-1024x1024.jpg\" alt=\"Przesadzanie kwiat\u00f3w\" width=\"800\" height=\"800\" srcset=\"https:\/\/gardeon.pl\/wp-content\/uploads\/2018\/10\/c-1-1024x1024.jpg 1024w, https:\/\/gardeon.pl\/wp-content\/uploads\/2018\/10\/c-1-150x150.jpg 150w, https:\/\/gardeon.pl\/wp-content\/uploads\/2018\/10\/c-1-300x300.jpg 300w, https:\/\/gardeon.pl\/wp-content\/uploads\/2018\/10\/c-1-768x768.jpg 768w, https:\/\/gardeon.pl\/wp-content\/uploads\/2018\/10\/c-1.jpg 1200w\" sizes=\"auto, (max-width: 800px) 100vw, 800px\" \/><\/p>\n<p><img loading=\"lazy\" decoding=\"async\" class=\"aligncenter wp-image-17986\" src=\"http:\/\/gardeon.pl\/wp-content\/uploads\/2018\/10\/b-1-1024x1024.jpg\" alt=\"Nawo\u017cenie kwiat\u00f3w w doniczce\" width=\"800\" height=\"800\" srcset=\"https:\/\/gardeon.pl\/wp-content\/uploads\/2018\/10\/b-1-1024x1024.jpg 1024w, https:\/\/gardeon.pl\/wp-content\/uploads\/2018\/10\/b-1-150x150.jpg 150w, https:\/\/gardeon.pl\/wp-content\/uploads\/2018\/10\/b-1-300x300.jpg 300w, https:\/\/gardeon.pl\/wp-content\/uploads\/2018\/10\/b-1-768x768.jpg 768w, https:\/\/gardeon.pl\/wp-content\/uploads\/2018\/10\/b-1.jpg 1200w\" sizes=\"auto, (max-width: 800px) 100vw, 800px\" \/><\/p>\n<p>Ka\u017cda ro\u015blina ma inne potrzeby. Je\u015bli przeniesie je Pan\/Pani do \u015brodka, niekt\u00f3re b\u0119d\u0105 potrzebowa\u0142y odpowiedniej ilo\u015bci \u015bwiat\u0142a. Dlatego np. oliwki, figowce, cytrusy czy fuksje prosz\u0119 ustawi\u0107 bli\u017cej okna. Prosz\u0119 jednak uwa\u017ca\u0107, aby nie dotyka\u0142y bezpo\u015brednio szyb. Zimne okno potrafi narobi\u0107 szk\u00f3d.     <span class=\"Apple-converted-space\"> <\/span><\/p>\n<p>Co do przesadzania i nawo\u017cenia \u2013 prosz\u0119 poczeka\u0107 do wiosny :)<\/p>\n<h3>Przenie\u015b je na zim\u0119 do domu lub domku ogrodowego<span class=\"Apple-converted-space\"> <\/span><\/h3>\n<p>Je\u015bli nie ma Pan\/Pani miejsca w domu, prosz\u0119 wykorzysta\u0107 do przezimowania domek ogrodowy lub gara\u017c modu\u0142owy, o ile nie parkuje Pan\/Pani w nim samochodu. Opary paliwa bardzo by kwiatom nie s\u0142u\u017cy\u0142y. <\/p>\n<p><img loading=\"lazy\" decoding=\"async\" class=\"aligncenter wp-image-17994\" src=\"http:\/\/gardeon.pl\/wp-content\/uploads\/2018\/10\/f-1-1024x768.jpg\" alt=\"Uprawa zi\u00f3\u0142\" width=\"800\" height=\"600\" srcset=\"https:\/\/gardeon.pl\/wp-content\/uploads\/2018\/10\/f-1.jpg 1024w, https:\/\/gardeon.pl\/wp-content\/uploads\/2018\/10\/f-1-300x225.jpg 300w, https:\/\/gardeon.pl\/wp-content\/uploads\/2018\/10\/f-1-768x576.jpg 768w\" sizes=\"auto, (max-width: 800px) 100vw, 800px\" \/><\/p>\n<p>Wa\u017cne jest tak\u017ce to, kiedy przeniesie Pan\/Pani ro\u015bliny do \u015brodka. Dlatego prosz\u0119 obserwowa\u0107 pogod\u0119. Czy temperatura na zewn\u0105trz wynosi oko\u0142o 10 \u00b0C? Czas przenie\u015b\u0107 je do \u015brodka. Prosz\u0119 przy tym uwa\u017ca\u0107 na r\u00f3\u017cnic\u0119 temperatur \u2013 pomieszczenie, w kt\u00f3rym b\u0119d\u0105 przechowywane, nie powinno by\u0107 przegrzane. Ro\u015bliny dozna\u0142yby szoku, z kt\u00f3rego nie tak \u0142atwo by si\u0119 otrz\u0105sn\u0119\u0142y.     <\/p>\n<p><img loading=\"lazy\" decoding=\"async\" class=\"aligncenter wp-image-17998\" src=\"http:\/\/gardeon.pl\/wp-content\/uploads\/2018\/10\/h-1-1024x682.jpg\" alt=\"Termometr w ogrodzie\" width=\"800\" height=\"533\" srcset=\"https:\/\/gardeon.pl\/wp-content\/uploads\/2018\/10\/h-1-1024x682.jpg 1024w, https:\/\/gardeon.pl\/wp-content\/uploads\/2018\/10\/h-1-300x200.jpg 300w, https:\/\/gardeon.pl\/wp-content\/uploads\/2018\/10\/h-1-768x511.jpg 768w, https:\/\/gardeon.pl\/wp-content\/uploads\/2018\/10\/h-1.jpg 1440w\" sizes=\"auto, (max-width: 800px) 100vw, 800px\" \/><\/p>\n<p>Nie musi Pan\/Pani ogrzewa\u0107 ca\u0142ego domku ogrodowego ani gara\u017cu \u2013 wystarcz\u0105 specjalne maty grzewcze pod ro\u015bliny.<span class=\"Apple-converted-space\"> <\/span><\/p>\n<p>Pomieszczenie nale\u017cy regularnie wietrzy\u0107. Zbyt wysoka temperatura i wilgo\u0107 sprzyjaj\u0105 szkodnikom oraz chorobom, kt\u00f3re zim\u0105 rozprzestrzeniaj\u0105 si\u0119 szybciej. Dla pewno\u015bci prosz\u0119 przeczyta\u0107 nasze wskaz\u00f3wki, jak dba\u0107 o konstrukcje ogrodowe tak, <a href=\"https:\/\/gardeon.pl\/pl\/blog\/zapobiegaj-rozwojowi-plesni-w-swojej-konstrukcji-ogrodowej-jak-to-zrobic\/\">aby nie zadomowi\u0142a si\u0119 w nich ple\u015b\u0144<\/a>.  <\/p>\n<p>Nie ma Pan\/Pani miejsca na przechowanie ro\u015blin doniczkowych? Za chwil\u0119 poka\u017cemy, jak przezimowa\u0107 ro\u015bliny na zewn\u0105trz. A co z ro\u015blinami egzotycznymi? W naszych warunkach takie kwiaty nie nale\u017c\u0105 do najta\u0144szych, dlatego szkoda je straci\u0107, gdy przyjd\u0105 mrozy. Co wi\u0119cej, im d\u0142u\u017cej \u017cyj\u0105, tym pi\u0119kniej kwitn\u0105. Gor\u0105co zalecamy, aby przynajmniej dla tych ro\u015blin znale\u017a\u0107 w domu miejsce.     <\/p>\n<h3>Je\u015bli zostan\u0105 na zewn\u0105trz, potrzebuj\u0105 os\u0142on<\/h3>\n<p>Niezale\u017cnie od tego, czy mieszka Pan\/Pani w mieszkaniu, czy po prostu nie ma miejsca w domu\/gara\u017cu, podpowiemy, jak przezimowa\u0107 ro\u015bliny pod go\u0142ym niebem. Mr\u00f3z zagra\u017ca przede wszystkim ich korzeniom. O ile w gruncie chroni je gruba warstwa ziemi, o tyle w donicach s\u0105 nara\u017cone na niebezpiecze\u0144stwo. Dodamy wi\u0119c dodatkow\u0105 ochron\u0119. Jakie materia\u0142y maj\u0105 najlepsze w\u0142a\u015bciwo\u015bci izolacyjne?    <\/p>\n<p><img loading=\"lazy\" decoding=\"async\" class=\"aligncenter wp-image-17996\" src=\"http:\/\/gardeon.pl\/wp-content\/uploads\/2018\/10\/g-1-657x1024.jpg\" alt=\"Wisz\u0105ce kwiaty na \u015bcianie\" width=\"800\" height=\"1246\" srcset=\"https:\/\/gardeon.pl\/wp-content\/uploads\/2018\/10\/g-1-657x1024.jpg 657w, https:\/\/gardeon.pl\/wp-content\/uploads\/2018\/10\/g-1-193x300.jpg 193w, https:\/\/gardeon.pl\/wp-content\/uploads\/2018\/10\/g-1.jpg 733w\" sizes=\"auto, (max-width: 800px) 100vw, 800px\" \/><\/p>\n<p><img loading=\"lazy\" decoding=\"async\" class=\"aligncenter wp-image-17984\" src=\"http:\/\/gardeon.pl\/wp-content\/uploads\/2018\/10\/a-1-1024x1024.jpg\" alt=\"Kwiaty ustawione na ziemi\" width=\"800\" height=\"800\" srcset=\"https:\/\/gardeon.pl\/wp-content\/uploads\/2018\/10\/a-1-1024x1024.jpg 1024w, https:\/\/gardeon.pl\/wp-content\/uploads\/2018\/10\/a-1-150x150.jpg 150w, https:\/\/gardeon.pl\/wp-content\/uploads\/2018\/10\/a-1-300x300.jpg 300w, https:\/\/gardeon.pl\/wp-content\/uploads\/2018\/10\/a-1-768x768.jpg 768w, https:\/\/gardeon.pl\/wp-content\/uploads\/2018\/10\/a-1.jpg 1200w\" sizes=\"auto, (max-width: 800px) 100vw, 800px\" \/><\/p>\n<p>Prosz\u0119 owin\u0105\u0107 donice np. foli\u0105 b\u0105belkow\u0105 i zaklei\u0107 ta\u015bm\u0105. Poniewa\u017c plastik nie jest do ko\u0144ca estetycznym rozwi\u0105zaniem, prosz\u0119 przykry\u0107 go jut\u0105, kt\u00f3r\u0105 przymocuje Pan\/Pani sznurkiem. Inn\u0105 mo\u017cliwo\u015bci\u0105 jest owini\u0119cie donic w\u0142\u00f3knem kokosowym. W sklepach znajdzie Pan\/Pani nawet specjalne kr\u0105\u017cki, kt\u00f3rymi przykrywa si\u0119 powierzchni\u0119 pod\u0142o\u017ca w przypadku bardziej wra\u017cliwych ro\u015blin. Do ochrony korzeni od g\u00f3ry mo\u017cna jednak u\u017cy\u0107 tak\u017ce ga\u0142\u0105zek, w\u0142\u00f3kniny lub grubszego papieru.     <span class=\"Apple-converted-space\"> <\/span><\/p>\n<p>A co ze spodem pojemnik\u00f3w? Prosz\u0119 pod\u0142o\u017cy\u0107 pod nie styropian lub karton, ewentualnie mo\u017cna w\u0142o\u017cy\u0107 je do pude\u0142ka i wype\u0142ni\u0107 przestrzenie mi\u0119dzy nimi gazetami lub sianem. By\u0107 mo\u017ce pomog\u0105 w tym wspomniane ju\u017c maty grzewcze.  <\/p>\n<p><img loading=\"lazy\" decoding=\"async\" class=\"aligncenter wp-image-17990\" src=\"http:\/\/gardeon.pl\/wp-content\/uploads\/2018\/10\/d-1-1024x1024.jpg\" alt=\"Wycieranie kurzu z kwiatu\" width=\"800\" height=\"800\" srcset=\"https:\/\/gardeon.pl\/wp-content\/uploads\/2018\/10\/d-1-1024x1024.jpg 1024w, https:\/\/gardeon.pl\/wp-content\/uploads\/2018\/10\/d-1-150x150.jpg 150w, https:\/\/gardeon.pl\/wp-content\/uploads\/2018\/10\/d-1-300x300.jpg 300w, https:\/\/gardeon.pl\/wp-content\/uploads\/2018\/10\/d-1-768x768.jpg 768w, https:\/\/gardeon.pl\/wp-content\/uploads\/2018\/10\/d-1.jpg 1200w\" sizes=\"auto, (max-width: 800px) 100vw, 800px\" \/><\/p>\n<p>Wszystkie donice prosz\u0119 przysun\u0105\u0107 jak najbli\u017cej \u015bciany, aby mog\u0142a je ogrzewa\u0107. W przypadku domu prosz\u0119 uwa\u017ca\u0107, aby nie znalaz\u0142y si\u0119 pod okapem. Takiej ilo\u015bci wilgoci prawdopodobnie by nie przetrwa\u0142y.  <\/p>\n<p>Na koniec: Wola\u0142(a)by Pan\/Pani przenie\u015b\u0107 ro\u015bliny gdzie\u015b do \u015brodka, ale budowa domku ogrodowego tylko po to, by je przezimowa\u0107, nie ma sensu? Prosz\u0119 si\u0119 zastanowi\u0107. Domek modu\u0142owy nie musi s\u0142u\u017cy\u0107 wy\u0142\u0105cznie jako schowek. Sprawdzi si\u0119 do uprawy rozsady, a tak\u017ce jako ogr\u00f3d hydroponiczny, w kt\u00f3rym uprawia si\u0119 zio\u0142a lub ro\u015bliny u\u017cytkowe przez ca\u0142y rok. By\u0107 mo\u017ce przekona Pana\/Pani\u0105 nasz artyku\u0142 o tym, <a href=\"https:\/\/gardeon.pl\/pl\/blog\/jak-stworzyc-wiosenna-oaze-w-panstwa-domku-ogrodowym-zima\/\">jak stworzy\u0107 tak\u0105 zielon\u0105 oaz\u0119<\/a>.    <\/p>\n<h5>\u0179r\u00f3d\u0142o (Source):<\/h5>\n<h5>https:\/\/www.familyhandyman.com\/<br \/>\nhttps:\/\/gardenofedennursery.com.au\/<br \/>\nhttps:\/\/www.modrastrecha.sk\/<br \/>\nhttps:\/\/sk.pinterest.com\/<br \/>\nhttps:\/\/www.gardenersworld.com\/<\/h5>\n","protected":false},"excerpt":{"rendered":"<p>Nadchodzi ch\u0142odny okres, kt\u00f3ry jest wymagaj\u0105cy dla ro\u015blin. Zw\u0142aszcza dla tych, kt\u00f3re ma Pan\/Pani w ogrodzie lub na balkonie. Zapewne zastanawia si\u0119 Pan\/Pani, kt\u00f3re z nich przenie\u015b\u0107 do \u015brodka. Przecie\u017c na zewn\u0105trz czyhaj\u0105 na nie \u015bnieg i mr\u00f3z. Gdzie przechowa\u0107 je na zim\u0119 i jak o nie dba\u0107? Jak\u0105 ochron\u0119 mo\u017cna im zapewni\u0107, je\u015bli jednak [&hellip;]<\/p>\n","protected":false},"author":2,"featured_media":46532,"comment_status":"open","ping_status":"open","sticky":false,"template":"","format":"standard","meta":{"_acf_changed":false,"inline_featured_image":false,"footnotes":""},"categories":[594,599],"tags":[],"class_list":["post-46527","post","type-post","status-publish","format-standard","has-post-thumbnail","hentry","category-ogrod","category-rosliny-ziola-kwiaty"],"acf":[],"yoast_head":"<!-- This site is optimized with the Yoast SEO plugin v27.4 - https:\/\/yoast.com\/product\/yoast-seo-wordpress\/ -->\n<title>Jak utrzyma\u0107 ro\u015bliny zewn\u0119trzne przy \u017cyciu tak\u017ce zim\u0105 - GARDEON<\/title>\n<meta name=\"robots\" content=\"index, follow, max-snippet:-1, max-image-preview:large, max-video-preview:-1\" \/>\n<link rel=\"canonical\" href=\"https:\/\/gardeon.pl\/pl\/blog\/jak-utrzymac-rosliny-zewnetrzne-przy-zyciu-takze-zima\/\" \/>\n<meta property=\"og:locale\" content=\"pl_PL\" \/>\n<meta property=\"og:type\" content=\"article\" \/>\n<meta property=\"og:title\" content=\"Jak utrzyma\u0107 ro\u015bliny zewn\u0119trzne przy \u017cyciu tak\u017ce zim\u0105 - GARDEON\" \/>\n<meta property=\"og:description\" content=\"Nadchodzi ch\u0142odny okres, kt\u00f3ry jest wymagaj\u0105cy dla ro\u015blin. Zw\u0142aszcza dla tych, kt\u00f3re ma Pan\/Pani w ogrodzie lub na balkonie. Zapewne zastanawia si\u0119 Pan\/Pani, kt\u00f3re z nich przenie\u015b\u0107 do \u015brodka. Przecie\u017c na zewn\u0105trz czyhaj\u0105 na nie \u015bnieg i mr\u00f3z. Gdzie przechowa\u0107 je na zim\u0119 i jak o nie dba\u0107? Jak\u0105 ochron\u0119 mo\u017cna im zapewni\u0107, je\u015bli jednak [&hellip;]\" \/>\n<meta property=\"og:url\" content=\"https:\/\/gardeon.pl\/pl\/blog\/jak-utrzymac-rosliny-zewnetrzne-przy-zyciu-takze-zima\/\" \/>\n<meta property=\"og:site_name\" content=\"GARDEON\" \/>\n<meta property=\"article:published_time\" content=\"2026-04-23T17:04:24+00:00\" \/>\n<meta property=\"og:image\" content=\"http:\/\/gardeon.pl\/wp-content\/uploads\/2018\/10\/e-1.jpg\" \/>\n\t<meta property=\"og:image:width\" content=\"1000\" \/>\n\t<meta property=\"og:image:height\" content=\"667\" \/>\n\t<meta property=\"og:image:type\" content=\"image\/jpeg\" \/>\n<meta name=\"author\" content=\"editor\" \/>\n<meta name=\"twitter:card\" content=\"summary_large_image\" \/>\n<meta name=\"twitter:label1\" content=\"Napisane przez\" \/>\n\t<meta name=\"twitter:data1\" content=\"editor\" \/>\n\t<meta name=\"twitter:label2\" content=\"Szacowany czas czytania\" \/>\n\t<meta name=\"twitter:data2\" content=\"4 minuty\" \/>\n<script type=\"application\/ld+json\" class=\"yoast-schema-graph\">{\"@context\":\"https:\\\/\\\/schema.org\",\"@graph\":[{\"@type\":\"Article\",\"@id\":\"https:\\\/\\\/gardeon.pl\\\/pl\\\/blog\\\/jak-utrzymac-rosliny-zewnetrzne-przy-zyciu-takze-zima\\\/#article\",\"isPartOf\":{\"@id\":\"https:\\\/\\\/gardeon.pl\\\/pl\\\/blog\\\/jak-utrzymac-rosliny-zewnetrzne-przy-zyciu-takze-zima\\\/\"},\"author\":{\"name\":\"editor\",\"@id\":\"https:\\\/\\\/gardeon.pl\\\/#\\\/schema\\\/person\\\/a5762ca5f0790bf92774af0899379463\"},\"headline\":\"Jak utrzyma\u0107 ro\u015bliny zewn\u0119trzne przy \u017cyciu tak\u017ce zim\u0105\",\"datePublished\":\"2026-04-23T17:04:24+00:00\",\"mainEntityOfPage\":{\"@id\":\"https:\\\/\\\/gardeon.pl\\\/pl\\\/blog\\\/jak-utrzymac-rosliny-zewnetrzne-przy-zyciu-takze-zima\\\/\"},\"wordCount\":830,\"commentCount\":0,\"image\":{\"@id\":\"https:\\\/\\\/gardeon.pl\\\/pl\\\/blog\\\/jak-utrzymac-rosliny-zewnetrzne-przy-zyciu-takze-zima\\\/#primaryimage\"},\"thumbnailUrl\":\"https:\\\/\\\/gardeon.pl\\\/wp-content\\\/uploads\\\/2018\\\/10\\\/e-1.jpg\",\"articleSection\":[\"Ogr\u00f3d\",\"Ro\u015bliny | Zio\u0142a | Kwiaty\"],\"inLanguage\":\"pl-PL\",\"potentialAction\":[{\"@type\":\"CommentAction\",\"name\":\"Comment\",\"target\":[\"https:\\\/\\\/gardeon.pl\\\/pl\\\/blog\\\/jak-utrzymac-rosliny-zewnetrzne-przy-zyciu-takze-zima\\\/#respond\"]}]},{\"@type\":\"WebPage\",\"@id\":\"https:\\\/\\\/gardeon.pl\\\/pl\\\/blog\\\/jak-utrzymac-rosliny-zewnetrzne-przy-zyciu-takze-zima\\\/\",\"url\":\"https:\\\/\\\/gardeon.pl\\\/pl\\\/blog\\\/jak-utrzymac-rosliny-zewnetrzne-przy-zyciu-takze-zima\\\/\",\"name\":\"Jak utrzyma\u0107 ro\u015bliny zewn\u0119trzne przy \u017cyciu tak\u017ce zim\u0105 - GARDEON\",\"isPartOf\":{\"@id\":\"https:\\\/\\\/gardeon.pl\\\/#website\"},\"primaryImageOfPage\":{\"@id\":\"https:\\\/\\\/gardeon.pl\\\/pl\\\/blog\\\/jak-utrzymac-rosliny-zewnetrzne-przy-zyciu-takze-zima\\\/#primaryimage\"},\"image\":{\"@id\":\"https:\\\/\\\/gardeon.pl\\\/pl\\\/blog\\\/jak-utrzymac-rosliny-zewnetrzne-przy-zyciu-takze-zima\\\/#primaryimage\"},\"thumbnailUrl\":\"https:\\\/\\\/gardeon.pl\\\/wp-content\\\/uploads\\\/2018\\\/10\\\/e-1.jpg\",\"datePublished\":\"2026-04-23T17:04:24+00:00\",\"author\":{\"@id\":\"https:\\\/\\\/gardeon.pl\\\/#\\\/schema\\\/person\\\/a5762ca5f0790bf92774af0899379463\"},\"breadcrumb\":{\"@id\":\"https:\\\/\\\/gardeon.pl\\\/pl\\\/blog\\\/jak-utrzymac-rosliny-zewnetrzne-przy-zyciu-takze-zima\\\/#breadcrumb\"},\"inLanguage\":\"pl-PL\",\"potentialAction\":[{\"@type\":\"ReadAction\",\"target\":[\"https:\\\/\\\/gardeon.pl\\\/pl\\\/blog\\\/jak-utrzymac-rosliny-zewnetrzne-przy-zyciu-takze-zima\\\/\"]}]},{\"@type\":\"ImageObject\",\"inLanguage\":\"pl-PL\",\"@id\":\"https:\\\/\\\/gardeon.pl\\\/pl\\\/blog\\\/jak-utrzymac-rosliny-zewnetrzne-przy-zyciu-takze-zima\\\/#primaryimage\",\"url\":\"https:\\\/\\\/gardeon.pl\\\/wp-content\\\/uploads\\\/2018\\\/10\\\/e-1.jpg\",\"contentUrl\":\"https:\\\/\\\/gardeon.pl\\\/wp-content\\\/uploads\\\/2018\\\/10\\\/e-1.jpg\",\"width\":1000,\"height\":667,\"caption\":\"Kwiaty na stole\"},{\"@type\":\"BreadcrumbList\",\"@id\":\"https:\\\/\\\/gardeon.pl\\\/pl\\\/blog\\\/jak-utrzymac-rosliny-zewnetrzne-przy-zyciu-takze-zima\\\/#breadcrumb\",\"itemListElement\":[{\"@type\":\"ListItem\",\"position\":1,\"name\":\"Domov\",\"item\":\"https:\\\/\\\/gardeon.pl\\\/pl\\\/\"},{\"@type\":\"ListItem\",\"position\":2,\"name\":\"Jak utrzyma\u0107 ro\u015bliny zewn\u0119trzne przy \u017cyciu tak\u017ce zim\u0105\"}]},{\"@type\":\"WebSite\",\"@id\":\"https:\\\/\\\/gardeon.pl\\\/#website\",\"url\":\"https:\\\/\\\/gardeon.pl\\\/\",\"name\":\"GARDEON\",\"description\":\"\",\"potentialAction\":[{\"@type\":\"SearchAction\",\"target\":{\"@type\":\"EntryPoint\",\"urlTemplate\":\"https:\\\/\\\/gardeon.pl\\\/?s={search_term_string}\"},\"query-input\":{\"@type\":\"PropertyValueSpecification\",\"valueRequired\":true,\"valueName\":\"search_term_string\"}}],\"inLanguage\":\"pl-PL\"},{\"@type\":\"Person\",\"@id\":\"https:\\\/\\\/gardeon.pl\\\/#\\\/schema\\\/person\\\/a5762ca5f0790bf92774af0899379463\",\"name\":\"editor\",\"image\":{\"@type\":\"ImageObject\",\"inLanguage\":\"pl-PL\",\"@id\":\"https:\\\/\\\/secure.gravatar.com\\\/avatar\\\/2b748151c2c748327307fd289a91b3bdafdd9e64e2d000e65e53d6dcf11c5830?s=96&d=mm&r=g\",\"url\":\"https:\\\/\\\/secure.gravatar.com\\\/avatar\\\/2b748151c2c748327307fd289a91b3bdafdd9e64e2d000e65e53d6dcf11c5830?s=96&d=mm&r=g\",\"contentUrl\":\"https:\\\/\\\/secure.gravatar.com\\\/avatar\\\/2b748151c2c748327307fd289a91b3bdafdd9e64e2d000e65e53d6dcf11c5830?s=96&d=mm&r=g\",\"caption\":\"editor\"}}]}<\/script>\n<!-- \/ Yoast SEO plugin. -->","yoast_head_json":{"title":"Jak utrzyma\u0107 ro\u015bliny zewn\u0119trzne przy \u017cyciu tak\u017ce zim\u0105 - GARDEON","robots":{"index":"index","follow":"follow","max-snippet":"max-snippet:-1","max-image-preview":"max-image-preview:large","max-video-preview":"max-video-preview:-1"},"canonical":"https:\/\/gardeon.pl\/pl\/blog\/jak-utrzymac-rosliny-zewnetrzne-przy-zyciu-takze-zima\/","og_locale":"pl_PL","og_type":"article","og_title":"Jak utrzyma\u0107 ro\u015bliny zewn\u0119trzne przy \u017cyciu tak\u017ce zim\u0105 - GARDEON","og_description":"Nadchodzi ch\u0142odny okres, kt\u00f3ry jest wymagaj\u0105cy dla ro\u015blin. Zw\u0142aszcza dla tych, kt\u00f3re ma Pan\/Pani w ogrodzie lub na balkonie. Zapewne zastanawia si\u0119 Pan\/Pani, kt\u00f3re z nich przenie\u015b\u0107 do \u015brodka. Przecie\u017c na zewn\u0105trz czyhaj\u0105 na nie \u015bnieg i mr\u00f3z. Gdzie przechowa\u0107 je na zim\u0119 i jak o nie dba\u0107? Jak\u0105 ochron\u0119 mo\u017cna im zapewni\u0107, je\u015bli jednak [&hellip;]","og_url":"https:\/\/gardeon.pl\/pl\/blog\/jak-utrzymac-rosliny-zewnetrzne-przy-zyciu-takze-zima\/","og_site_name":"GARDEON","article_published_time":"2026-04-23T17:04:24+00:00","og_image":[{"width":1000,"height":667,"url":"http:\/\/gardeon.pl\/wp-content\/uploads\/2018\/10\/e-1.jpg","type":"image\/jpeg"}],"author":"editor","twitter_card":"summary_large_image","twitter_misc":{"Napisane przez":"editor","Szacowany czas czytania":"4 minuty"},"schema":{"@context":"https:\/\/schema.org","@graph":[{"@type":"Article","@id":"https:\/\/gardeon.pl\/pl\/blog\/jak-utrzymac-rosliny-zewnetrzne-przy-zyciu-takze-zima\/#article","isPartOf":{"@id":"https:\/\/gardeon.pl\/pl\/blog\/jak-utrzymac-rosliny-zewnetrzne-przy-zyciu-takze-zima\/"},"author":{"name":"editor","@id":"https:\/\/gardeon.pl\/#\/schema\/person\/a5762ca5f0790bf92774af0899379463"},"headline":"Jak utrzyma\u0107 ro\u015bliny zewn\u0119trzne przy \u017cyciu tak\u017ce zim\u0105","datePublished":"2026-04-23T17:04:24+00:00","mainEntityOfPage":{"@id":"https:\/\/gardeon.pl\/pl\/blog\/jak-utrzymac-rosliny-zewnetrzne-przy-zyciu-takze-zima\/"},"wordCount":830,"commentCount":0,"image":{"@id":"https:\/\/gardeon.pl\/pl\/blog\/jak-utrzymac-rosliny-zewnetrzne-przy-zyciu-takze-zima\/#primaryimage"},"thumbnailUrl":"https:\/\/gardeon.pl\/wp-content\/uploads\/2018\/10\/e-1.jpg","articleSection":["Ogr\u00f3d","Ro\u015bliny | Zio\u0142a | Kwiaty"],"inLanguage":"pl-PL","potentialAction":[{"@type":"CommentAction","name":"Comment","target":["https:\/\/gardeon.pl\/pl\/blog\/jak-utrzymac-rosliny-zewnetrzne-przy-zyciu-takze-zima\/#respond"]}]},{"@type":"WebPage","@id":"https:\/\/gardeon.pl\/pl\/blog\/jak-utrzymac-rosliny-zewnetrzne-przy-zyciu-takze-zima\/","url":"https:\/\/gardeon.pl\/pl\/blog\/jak-utrzymac-rosliny-zewnetrzne-przy-zyciu-takze-zima\/","name":"Jak utrzyma\u0107 ro\u015bliny zewn\u0119trzne przy \u017cyciu tak\u017ce zim\u0105 - GARDEON","isPartOf":{"@id":"https:\/\/gardeon.pl\/#website"},"primaryImageOfPage":{"@id":"https:\/\/gardeon.pl\/pl\/blog\/jak-utrzymac-rosliny-zewnetrzne-przy-zyciu-takze-zima\/#primaryimage"},"image":{"@id":"https:\/\/gardeon.pl\/pl\/blog\/jak-utrzymac-rosliny-zewnetrzne-przy-zyciu-takze-zima\/#primaryimage"},"thumbnailUrl":"https:\/\/gardeon.pl\/wp-content\/uploads\/2018\/10\/e-1.jpg","datePublished":"2026-04-23T17:04:24+00:00","author":{"@id":"https:\/\/gardeon.pl\/#\/schema\/person\/a5762ca5f0790bf92774af0899379463"},"breadcrumb":{"@id":"https:\/\/gardeon.pl\/pl\/blog\/jak-utrzymac-rosliny-zewnetrzne-przy-zyciu-takze-zima\/#breadcrumb"},"inLanguage":"pl-PL","potentialAction":[{"@type":"ReadAction","target":["https:\/\/gardeon.pl\/pl\/blog\/jak-utrzymac-rosliny-zewnetrzne-przy-zyciu-takze-zima\/"]}]},{"@type":"ImageObject","inLanguage":"pl-PL","@id":"https:\/\/gardeon.pl\/pl\/blog\/jak-utrzymac-rosliny-zewnetrzne-przy-zyciu-takze-zima\/#primaryimage","url":"https:\/\/gardeon.pl\/wp-content\/uploads\/2018\/10\/e-1.jpg","contentUrl":"https:\/\/gardeon.pl\/wp-content\/uploads\/2018\/10\/e-1.jpg","width":1000,"height":667,"caption":"Kwiaty na stole"},{"@type":"BreadcrumbList","@id":"https:\/\/gardeon.pl\/pl\/blog\/jak-utrzymac-rosliny-zewnetrzne-przy-zyciu-takze-zima\/#breadcrumb","itemListElement":[{"@type":"ListItem","position":1,"name":"Domov","item":"https:\/\/gardeon.pl\/pl\/"},{"@type":"ListItem","position":2,"name":"Jak utrzyma\u0107 ro\u015bliny zewn\u0119trzne przy \u017cyciu tak\u017ce zim\u0105"}]},{"@type":"WebSite","@id":"https:\/\/gardeon.pl\/#website","url":"https:\/\/gardeon.pl\/","name":"GARDEON","description":"","potentialAction":[{"@type":"SearchAction","target":{"@type":"EntryPoint","urlTemplate":"https:\/\/gardeon.pl\/?s={search_term_string}"},"query-input":{"@type":"PropertyValueSpecification","valueRequired":true,"valueName":"search_term_string"}}],"inLanguage":"pl-PL"},{"@type":"Person","@id":"https:\/\/gardeon.pl\/#\/schema\/person\/a5762ca5f0790bf92774af0899379463","name":"editor","image":{"@type":"ImageObject","inLanguage":"pl-PL","@id":"https:\/\/secure.gravatar.com\/avatar\/2b748151c2c748327307fd289a91b3bdafdd9e64e2d000e65e53d6dcf11c5830?s=96&d=mm&r=g","url":"https:\/\/secure.gravatar.com\/avatar\/2b748151c2c748327307fd289a91b3bdafdd9e64e2d000e65e53d6dcf11c5830?s=96&d=mm&r=g","contentUrl":"https:\/\/secure.gravatar.com\/avatar\/2b748151c2c748327307fd289a91b3bdafdd9e64e2d000e65e53d6dcf11c5830?s=96&d=mm&r=g","caption":"editor"}}]}},"_links":{"self":[{"href":"https:\/\/gardeon.pl\/pl\/wp-json\/wp\/v2\/posts\/46527","targetHints":{"allow":["GET"]}}],"collection":[{"href":"https:\/\/gardeon.pl\/pl\/wp-json\/wp\/v2\/posts"}],"about":[{"href":"https:\/\/gardeon.pl\/pl\/wp-json\/wp\/v2\/types\/post"}],"author":[{"embeddable":true,"href":"https:\/\/gardeon.pl\/pl\/wp-json\/wp\/v2\/users\/2"}],"replies":[{"embeddable":true,"href":"https:\/\/gardeon.pl\/pl\/wp-json\/wp\/v2\/comments?post=46527"}],"version-history":[{"count":0,"href":"https:\/\/gardeon.pl\/pl\/wp-json\/wp\/v2\/posts\/46527\/revisions"}],"wp:featuredmedia":[{"embeddable":true,"href":"https:\/\/gardeon.pl\/pl\/wp-json\/wp\/v2\/media\/46532"}],"wp:attachment":[{"href":"https:\/\/gardeon.pl\/pl\/wp-json\/wp\/v2\/media?parent=46527"}],"wp:term":[{"taxonomy":"category","embeddable":true,"href":"https:\/\/gardeon.pl\/pl\/wp-json\/wp\/v2\/categories?post=46527"},{"taxonomy":"post_tag","embeddable":true,"href":"https:\/\/gardeon.pl\/pl\/wp-json\/wp\/v2\/tags?post=46527"}],"curies":[{"name":"wp","href":"https:\/\/api.w.org\/{rel}","templated":true}]}}