{"id":46548,"date":"2026-04-23T19:04:24","date_gmt":"2026-04-23T17:04:24","guid":{"rendered":"https:\/\/gardeon.pl\/?p=46548"},"modified":"2026-04-23T19:04:24","modified_gmt":"2026-04-23T17:04:24","slug":"jak-solidny-jest-domek-modulowy-prawdziwy-test-zywiolow","status":"publish","type":"post","link":"https:\/\/gardeon.pl\/pl\/blog\/jak-solidny-jest-domek-modulowy-prawdziwy-test-zywiolow\/","title":{"rendered":"Jak solidny jest domek modu\u0142owy? Prawdziwy test \u017cywio\u0142\u00f3w"},"content":{"rendered":"<p><em>D\u0142ugo si\u0119 Pa\u0144stwo zastanawiali, ale w ko\u0144cu podj\u0119li decyzj\u0119: \u201eZam\u00f3wi\u0119 modu\u0142owy domek ogrodowy\u201d. Cho\u0107 gdzie\u015b z ty\u0142u g\u0142owy wci\u0105\u017c pojawiaj\u0105 si\u0119 obawy: \u201eCzy b\u0119dzie wystarczaj\u0105co solidny? Czy wytrzyma nap\u00f3r pogody? Czy nie runie, gdy zawieje wiatr?\u201d. Mimo to konfiguruj\u0105 Pa\u0144stwo sw\u00f3j domek przez internet w konfiguratorze. Wybieraj\u0105 typ dachu, kolor tynku, dobieraj\u0105 dodatki. I czekaj\u0105 na monta\u017c.<\/em><\/p>\n<p><!--more--><\/p>\n<p><i>Uwaga: Ta kr\u00f3tka historia zosta\u0142a napisana na podstawie prawdziwego zdarzenia.<\/i><\/p>\n<p>W ogrodzie przygotowuj\u0105 Pa\u0144stwo fundament pod domek modu\u0142owy. Z firmy przychodzi dw\u00f3ch pracownik\u00f3w, kt\u00f3rzy wykonuj\u0105 monta\u017c. Gdy wszystko jest gotowe, patrz\u0105 Pa\u0144stwo na niego i my\u015bl\u0105: \u201eNaprawd\u0119 zaj\u0119\u0142o im to tylko kilka godzin i wygl\u0105da dobrze\u201d. Panowie odje\u017cd\u017caj\u0105. Pa\u0144stwo u\u015bmiechaj\u0105 si\u0119 i zadowoleni wracaj\u0105 do domu. Ale w nocy nadchodzi burza&#8230;<\/p>\n<p><img loading=\"lazy\" decoding=\"async\" class=\"aligncenter wp-image-16839\" src=\"http:\/\/gardeon.pl\/wp-content\/uploads\/2018\/04\/xP811883828129-1024x768.jpg\" alt=\"Drewno w domku ogrodowym\" width=\"800\" height=\"600\" srcset=\"https:\/\/gardeon.pl\/wp-content\/uploads\/2018\/04\/xP811883828129.jpg 1024w, https:\/\/gardeon.pl\/wp-content\/uploads\/2018\/04\/xP811883828129-300x225.jpg 300w, https:\/\/gardeon.pl\/wp-content\/uploads\/2018\/04\/xP811883828129-768x576.jpg 768w\" sizes=\"auto, (max-width: 800px) 100vw, 800px\" \/><\/p>\n<p>Oko\u0142o trzeciej nad ranem budzi Pa\u0144stwa ha\u0142as na zewn\u0105trz. Krople deszczu b\u0119bni\u0105 o dach. Wiatr wygina ga\u0142\u0119zie drzew, kt\u00f3re stukaj\u0105 w okna. B\u0142yskawice daj\u0105 tyle \u015bwiat\u0142a, \u017ce mo\u017cna by przy nich spokojnie czyta\u0107 ksi\u0105\u017ck\u0119 w \u015brodku nocy. Pa\u0144stwo jednak, z przera\u017ceniem w oczach, my\u015bl\u0105 tylko o jednym: \u201eCzy ten blaszany domek ogrodowy b\u0119dzie jeszcze sta\u0142 rano? Ale ze mnie g\u0142upiec, trzeba by\u0142o zainwestowa\u0107 w murowany gara\u017c\u201d \u2014 wyrzucaj\u0105 sobie. Przez godzin\u0119 przewracaj\u0105 si\u0119 Pa\u0144stwo z boku na bok, ale w ko\u0144cu zasypiaj\u0105.      <span class=\"Apple-converted-space\"> <\/span><\/p>\n<p><img loading=\"lazy\" decoding=\"async\" class=\"aligncenter wp-image-16840\" src=\"http:\/\/gardeon.pl\/wp-content\/uploads\/2018\/04\/xP811884228129-1024x768.jpg\" alt=\"Blaszany dach\" width=\"800\" height=\"600\" srcset=\"https:\/\/gardeon.pl\/wp-content\/uploads\/2018\/04\/xP811884228129.jpg 1024w, https:\/\/gardeon.pl\/wp-content\/uploads\/2018\/04\/xP811884228129-300x225.jpg 300w, https:\/\/gardeon.pl\/wp-content\/uploads\/2018\/04\/xP811884228129-768x576.jpg 768w\" sizes=\"auto, (max-width: 800px) 100vw, 800px\" \/><\/p>\n<p><img loading=\"lazy\" decoding=\"async\" class=\"aligncenter wp-image-16841\" src=\"http:\/\/gardeon.pl\/wp-content\/uploads\/2018\/04\/xP811884328129-1024x768.jpg\" alt=\"Powalony pie\u0144 drzewa\" width=\"800\" height=\"600\" srcset=\"https:\/\/gardeon.pl\/wp-content\/uploads\/2018\/04\/xP811884328129.jpg 1024w, https:\/\/gardeon.pl\/wp-content\/uploads\/2018\/04\/xP811884328129-300x225.jpg 300w, https:\/\/gardeon.pl\/wp-content\/uploads\/2018\/04\/xP811884328129-768x576.jpg 768w\" sizes=\"auto, (max-width: 800px) 100vw, 800px\" \/><\/p>\n<p>Rano wstaj\u0105 Pa\u0144stwo kilka minut przed budzikiem. Jakby umys\u0142 w og\u00f3le nie spa\u0142. Patrz\u0105 Pa\u0144stwo przez okno i wsz\u0119dzie jest mokro. Nic dziwnego po takiej burzy. A co z domkiem ogrodowym? Wychodz\u0105 Pa\u0144stwo na werand\u0119 i z przera\u017ceniem patrz\u0105. Pie\u0144 drzewa spad\u0142 prosto na dach Pa\u0144stwa domku.      <span class=\"Apple-converted-space\"> <\/span><\/p>\n<p>Nagle jednak u\u015bwiadamiaj\u0105 sobie Pa\u0144stwo, na co w\u0142a\u015bciwie patrz\u0105: \u201eTen modu\u0142owy domek ogrodowy przetrwa\u0142 burz\u0119! A nawet upadek drzewa!\u201d \u2014 wykrzykuj\u0105 Pa\u0144stwo. Jedyne uszkodzenie to attyka. Troch\u0119 wgnieciona. My\u015bl\u0105 Pa\u0144stwo: \u201eNic nie szkodzi, da si\u0119 to naprawi\u0107\u201d. Tego dnia nic ju\u017c nie odbierze Pa\u0144stwu tak szerokiego u\u015bmiechu i dobrego nastroju. Id\u0105 Pa\u0144stwo zrobi\u0107 porann\u0105 kaw\u0119, kt\u00f3r\u0105 wypij\u0105, patrz\u0105c na domek, kt\u00f3ry opar\u0142 si\u0119 \u017cywio\u0142om.<\/p>\n<p><i>Wielu potencjalnych klient\u00f3w uwa\u017ca, \u017ce modu\u0142owe domki ogrodowe s\u0105 niestabilne i nie wytrzymaj\u0105 kaprys\u00f3w pogody. Ten nasz klient i jego zdj\u0119cia \u2014 mamy nadziej\u0119 \u2014 wyprowadz\u0105 Pa\u0144stwa z b\u0142\u0119du. <\/i><\/p>\n<p>&nbsp;<\/p>\n<p><img loading=\"lazy\" decoding=\"async\" class=\"aligncenter wp-image-16842\" src=\"http:\/\/gardeon.pl\/wp-content\/uploads\/2018\/04\/xP811884428129-1024x768.jpg\" alt=\"Domek opar\u0142 si\u0119 \u017cywio\u0142om\" width=\"800\" height=\"600\" srcset=\"https:\/\/gardeon.pl\/wp-content\/uploads\/2018\/04\/xP811884428129.jpg 1024w, https:\/\/gardeon.pl\/wp-content\/uploads\/2018\/04\/xP811884428129-300x225.jpg 300w, https:\/\/gardeon.pl\/wp-content\/uploads\/2018\/04\/xP811884428129-768x576.jpg 768w\" sizes=\"auto, (max-width: 800px) 100vw, 800px\" \/><\/p>\n<p><i>A na koniec jeszcze jedna kr\u00f3tka historia.<span class=\"Apple-converted-space\"> <\/span><\/i><\/p>\n<p>Pami\u0119taj\u0105 Pa\u0144stwo bajk\u0119 o trzech \u015bwinkach? Wilk najpierw zdmuchn\u0105\u0142 s\u0142omiany domek. Potem zburzy\u0142 te\u017c drewniany. A kt\u00f3ry zosta\u0142? Murowany. Trzy \u015bwinki schowa\u0142y si\u0119 w nim i prze\u017cy\u0142y. Ale to wersja z ubieg\u0142ego stulecia.      <\/p>\n<p>W XXI wieku na scen\u0119 wchodzi czwarta \u015bwinka, kt\u00f3ra postawi\u0142a sobie domek modu\u0142owy. Tak wi\u0119c, podczas gdy dwie pierwsze \u015bwinki straci\u0142y swoje domy, trzecia wyda\u0142a wszystkie oszcz\u0119dno\u015bci na budow\u0119 murowanego. Cho\u0107 domek uratowa\u0142 im \u017cycie, potem nie mia\u0142y ju\u017c co w\u0142o\u017cy\u0107 do ust. W przeciwie\u0144stwie do nich nasza czwarta \u015bwinka postawi\u0142a r\u00f3wnie solidny, ale znacznie ta\u0144szy stalowy domek. I \u017cy\u0142a jak p\u0105czek w ma\u015ble.      :)<\/p>\n","protected":false},"excerpt":{"rendered":"<p>D\u0142ugo si\u0119 Pa\u0144stwo zastanawiali, ale w ko\u0144cu podj\u0119li decyzj\u0119: \u201eZam\u00f3wi\u0119 modu\u0142owy domek ogrodowy\u201d. Cho\u0107 gdzie\u015b z ty\u0142u g\u0142owy wci\u0105\u017c pojawiaj\u0105 si\u0119 obawy: \u201eCzy b\u0119dzie wystarczaj\u0105co solidny? Czy wytrzyma nap\u00f3r pogody? Czy nie runie, gdy zawieje wiatr?\u201d. Mimo to konfiguruj\u0105 Pa\u0144stwo sw\u00f3j domek przez internet w konfiguratorze. Wybieraj\u0105 typ dachu, kolor tynku, dobieraj\u0105 dodatki. I czekaj\u0105 [&hellip;]<\/p>\n","protected":false},"author":2,"featured_media":46549,"comment_status":"open","ping_status":"open","sticky":false,"template":"","format":"standard","meta":{"_acf_changed":false,"inline_featured_image":false,"footnotes":""},"categories":[632],"tags":[],"class_list":["post-46548","post","type-post","status-publish","format-standard","has-post-thumbnail","hentry","category-domki-ogrodowe"],"acf":[],"yoast_head":"<!-- This site is optimized with the Yoast SEO plugin v27.4 - https:\/\/yoast.com\/product\/yoast-seo-wordpress\/ -->\n<title>Jak solidny jest domek modu\u0142owy? Prawdziwy test \u017cywio\u0142\u00f3w - GARDEON<\/title>\n<meta name=\"robots\" content=\"index, follow, max-snippet:-1, max-image-preview:large, max-video-preview:-1\" \/>\n<link rel=\"canonical\" href=\"https:\/\/gardeon.pl\/pl\/blog\/jak-solidny-jest-domek-modulowy-prawdziwy-test-zywiolow\/\" \/>\n<meta property=\"og:locale\" content=\"pl_PL\" \/>\n<meta property=\"og:type\" content=\"article\" \/>\n<meta property=\"og:title\" content=\"Jak solidny jest domek modu\u0142owy? Prawdziwy test \u017cywio\u0142\u00f3w - GARDEON\" \/>\n<meta property=\"og:description\" content=\"D\u0142ugo si\u0119 Pa\u0144stwo zastanawiali, ale w ko\u0144cu podj\u0119li decyzj\u0119: \u201eZam\u00f3wi\u0119 modu\u0142owy domek ogrodowy\u201d. Cho\u0107 gdzie\u015b z ty\u0142u g\u0142owy wci\u0105\u017c pojawiaj\u0105 si\u0119 obawy: \u201eCzy b\u0119dzie wystarczaj\u0105co solidny? Czy wytrzyma nap\u00f3r pogody? Czy nie runie, gdy zawieje wiatr?\u201d. Mimo to konfiguruj\u0105 Pa\u0144stwo sw\u00f3j domek przez internet w konfiguratorze. Wybieraj\u0105 typ dachu, kolor tynku, dobieraj\u0105 dodatki. I czekaj\u0105 [&hellip;]\" \/>\n<meta property=\"og:url\" content=\"https:\/\/gardeon.pl\/pl\/blog\/jak-solidny-jest-domek-modulowy-prawdziwy-test-zywiolow\/\" \/>\n<meta property=\"og:site_name\" content=\"GARDEON\" \/>\n<meta property=\"article:published_time\" content=\"2026-04-23T17:04:24+00:00\" \/>\n<meta property=\"og:image\" content=\"http:\/\/gardeon.pl\/wp-content\/uploads\/2018\/04\/xP811883828129.jpg\" \/>\n\t<meta property=\"og:image:width\" content=\"1024\" \/>\n\t<meta property=\"og:image:height\" content=\"768\" \/>\n\t<meta property=\"og:image:type\" content=\"image\/jpeg\" \/>\n<meta name=\"author\" content=\"editor\" \/>\n<meta name=\"twitter:card\" content=\"summary_large_image\" \/>\n<meta name=\"twitter:label1\" content=\"Napisane przez\" \/>\n\t<meta name=\"twitter:data1\" content=\"editor\" \/>\n\t<meta name=\"twitter:label2\" content=\"Szacowany czas czytania\" \/>\n\t<meta name=\"twitter:data2\" content=\"3 minuty\" \/>\n<script type=\"application\/ld+json\" class=\"yoast-schema-graph\">{\"@context\":\"https:\\\/\\\/schema.org\",\"@graph\":[{\"@type\":\"Article\",\"@id\":\"https:\\\/\\\/gardeon.pl\\\/pl\\\/blog\\\/jak-solidny-jest-domek-modulowy-prawdziwy-test-zywiolow\\\/#article\",\"isPartOf\":{\"@id\":\"https:\\\/\\\/gardeon.pl\\\/pl\\\/blog\\\/jak-solidny-jest-domek-modulowy-prawdziwy-test-zywiolow\\\/\"},\"author\":{\"name\":\"editor\",\"@id\":\"https:\\\/\\\/gardeon.pl\\\/#\\\/schema\\\/person\\\/a5762ca5f0790bf92774af0899379463\"},\"headline\":\"Jak solidny jest domek modu\u0142owy? Prawdziwy test \u017cywio\u0142\u00f3w\",\"datePublished\":\"2026-04-23T17:04:24+00:00\",\"mainEntityOfPage\":{\"@id\":\"https:\\\/\\\/gardeon.pl\\\/pl\\\/blog\\\/jak-solidny-jest-domek-modulowy-prawdziwy-test-zywiolow\\\/\"},\"wordCount\":554,\"commentCount\":0,\"image\":{\"@id\":\"https:\\\/\\\/gardeon.pl\\\/pl\\\/blog\\\/jak-solidny-jest-domek-modulowy-prawdziwy-test-zywiolow\\\/#primaryimage\"},\"thumbnailUrl\":\"https:\\\/\\\/gardeon.pl\\\/wp-content\\\/uploads\\\/2018\\\/04\\\/xP811883828129.jpg\",\"articleSection\":[\"Domki ogrodowe\"],\"inLanguage\":\"pl-PL\",\"potentialAction\":[{\"@type\":\"CommentAction\",\"name\":\"Comment\",\"target\":[\"https:\\\/\\\/gardeon.pl\\\/pl\\\/blog\\\/jak-solidny-jest-domek-modulowy-prawdziwy-test-zywiolow\\\/#respond\"]}]},{\"@type\":\"WebPage\",\"@id\":\"https:\\\/\\\/gardeon.pl\\\/pl\\\/blog\\\/jak-solidny-jest-domek-modulowy-prawdziwy-test-zywiolow\\\/\",\"url\":\"https:\\\/\\\/gardeon.pl\\\/pl\\\/blog\\\/jak-solidny-jest-domek-modulowy-prawdziwy-test-zywiolow\\\/\",\"name\":\"Jak solidny jest domek modu\u0142owy? Prawdziwy test \u017cywio\u0142\u00f3w - GARDEON\",\"isPartOf\":{\"@id\":\"https:\\\/\\\/gardeon.pl\\\/#website\"},\"primaryImageOfPage\":{\"@id\":\"https:\\\/\\\/gardeon.pl\\\/pl\\\/blog\\\/jak-solidny-jest-domek-modulowy-prawdziwy-test-zywiolow\\\/#primaryimage\"},\"image\":{\"@id\":\"https:\\\/\\\/gardeon.pl\\\/pl\\\/blog\\\/jak-solidny-jest-domek-modulowy-prawdziwy-test-zywiolow\\\/#primaryimage\"},\"thumbnailUrl\":\"https:\\\/\\\/gardeon.pl\\\/wp-content\\\/uploads\\\/2018\\\/04\\\/xP811883828129.jpg\",\"datePublished\":\"2026-04-23T17:04:24+00:00\",\"author\":{\"@id\":\"https:\\\/\\\/gardeon.pl\\\/#\\\/schema\\\/person\\\/a5762ca5f0790bf92774af0899379463\"},\"breadcrumb\":{\"@id\":\"https:\\\/\\\/gardeon.pl\\\/pl\\\/blog\\\/jak-solidny-jest-domek-modulowy-prawdziwy-test-zywiolow\\\/#breadcrumb\"},\"inLanguage\":\"pl-PL\",\"potentialAction\":[{\"@type\":\"ReadAction\",\"target\":[\"https:\\\/\\\/gardeon.pl\\\/pl\\\/blog\\\/jak-solidny-jest-domek-modulowy-prawdziwy-test-zywiolow\\\/\"]}]},{\"@type\":\"ImageObject\",\"inLanguage\":\"pl-PL\",\"@id\":\"https:\\\/\\\/gardeon.pl\\\/pl\\\/blog\\\/jak-solidny-jest-domek-modulowy-prawdziwy-test-zywiolow\\\/#primaryimage\",\"url\":\"https:\\\/\\\/gardeon.pl\\\/wp-content\\\/uploads\\\/2018\\\/04\\\/xP811883828129.jpg\",\"contentUrl\":\"https:\\\/\\\/gardeon.pl\\\/wp-content\\\/uploads\\\/2018\\\/04\\\/xP811883828129.jpg\",\"width\":1024,\"height\":768,\"caption\":\"Powalone drzewo na domku ogrodowym\"},{\"@type\":\"BreadcrumbList\",\"@id\":\"https:\\\/\\\/gardeon.pl\\\/pl\\\/blog\\\/jak-solidny-jest-domek-modulowy-prawdziwy-test-zywiolow\\\/#breadcrumb\",\"itemListElement\":[{\"@type\":\"ListItem\",\"position\":1,\"name\":\"Domov\",\"item\":\"https:\\\/\\\/gardeon.pl\\\/pl\\\/\"},{\"@type\":\"ListItem\",\"position\":2,\"name\":\"Jak solidny jest domek modu\u0142owy? Prawdziwy test \u017cywio\u0142\u00f3w\"}]},{\"@type\":\"WebSite\",\"@id\":\"https:\\\/\\\/gardeon.pl\\\/#website\",\"url\":\"https:\\\/\\\/gardeon.pl\\\/\",\"name\":\"GARDEON\",\"description\":\"\",\"potentialAction\":[{\"@type\":\"SearchAction\",\"target\":{\"@type\":\"EntryPoint\",\"urlTemplate\":\"https:\\\/\\\/gardeon.pl\\\/?s={search_term_string}\"},\"query-input\":{\"@type\":\"PropertyValueSpecification\",\"valueRequired\":true,\"valueName\":\"search_term_string\"}}],\"inLanguage\":\"pl-PL\"},{\"@type\":\"Person\",\"@id\":\"https:\\\/\\\/gardeon.pl\\\/#\\\/schema\\\/person\\\/a5762ca5f0790bf92774af0899379463\",\"name\":\"editor\",\"image\":{\"@type\":\"ImageObject\",\"inLanguage\":\"pl-PL\",\"@id\":\"https:\\\/\\\/secure.gravatar.com\\\/avatar\\\/2b748151c2c748327307fd289a91b3bdafdd9e64e2d000e65e53d6dcf11c5830?s=96&d=mm&r=g\",\"url\":\"https:\\\/\\\/secure.gravatar.com\\\/avatar\\\/2b748151c2c748327307fd289a91b3bdafdd9e64e2d000e65e53d6dcf11c5830?s=96&d=mm&r=g\",\"contentUrl\":\"https:\\\/\\\/secure.gravatar.com\\\/avatar\\\/2b748151c2c748327307fd289a91b3bdafdd9e64e2d000e65e53d6dcf11c5830?s=96&d=mm&r=g\",\"caption\":\"editor\"}}]}<\/script>\n<!-- \/ Yoast SEO plugin. -->","yoast_head_json":{"title":"Jak solidny jest domek modu\u0142owy? Prawdziwy test \u017cywio\u0142\u00f3w - GARDEON","robots":{"index":"index","follow":"follow","max-snippet":"max-snippet:-1","max-image-preview":"max-image-preview:large","max-video-preview":"max-video-preview:-1"},"canonical":"https:\/\/gardeon.pl\/pl\/blog\/jak-solidny-jest-domek-modulowy-prawdziwy-test-zywiolow\/","og_locale":"pl_PL","og_type":"article","og_title":"Jak solidny jest domek modu\u0142owy? Prawdziwy test \u017cywio\u0142\u00f3w - GARDEON","og_description":"D\u0142ugo si\u0119 Pa\u0144stwo zastanawiali, ale w ko\u0144cu podj\u0119li decyzj\u0119: \u201eZam\u00f3wi\u0119 modu\u0142owy domek ogrodowy\u201d. Cho\u0107 gdzie\u015b z ty\u0142u g\u0142owy wci\u0105\u017c pojawiaj\u0105 si\u0119 obawy: \u201eCzy b\u0119dzie wystarczaj\u0105co solidny? Czy wytrzyma nap\u00f3r pogody? Czy nie runie, gdy zawieje wiatr?\u201d. Mimo to konfiguruj\u0105 Pa\u0144stwo sw\u00f3j domek przez internet w konfiguratorze. Wybieraj\u0105 typ dachu, kolor tynku, dobieraj\u0105 dodatki. I czekaj\u0105 [&hellip;]","og_url":"https:\/\/gardeon.pl\/pl\/blog\/jak-solidny-jest-domek-modulowy-prawdziwy-test-zywiolow\/","og_site_name":"GARDEON","article_published_time":"2026-04-23T17:04:24+00:00","og_image":[{"width":1024,"height":768,"url":"http:\/\/gardeon.pl\/wp-content\/uploads\/2018\/04\/xP811883828129.jpg","type":"image\/jpeg"}],"author":"editor","twitter_card":"summary_large_image","twitter_misc":{"Napisane przez":"editor","Szacowany czas czytania":"3 minuty"},"schema":{"@context":"https:\/\/schema.org","@graph":[{"@type":"Article","@id":"https:\/\/gardeon.pl\/pl\/blog\/jak-solidny-jest-domek-modulowy-prawdziwy-test-zywiolow\/#article","isPartOf":{"@id":"https:\/\/gardeon.pl\/pl\/blog\/jak-solidny-jest-domek-modulowy-prawdziwy-test-zywiolow\/"},"author":{"name":"editor","@id":"https:\/\/gardeon.pl\/#\/schema\/person\/a5762ca5f0790bf92774af0899379463"},"headline":"Jak solidny jest domek modu\u0142owy? Prawdziwy test \u017cywio\u0142\u00f3w","datePublished":"2026-04-23T17:04:24+00:00","mainEntityOfPage":{"@id":"https:\/\/gardeon.pl\/pl\/blog\/jak-solidny-jest-domek-modulowy-prawdziwy-test-zywiolow\/"},"wordCount":554,"commentCount":0,"image":{"@id":"https:\/\/gardeon.pl\/pl\/blog\/jak-solidny-jest-domek-modulowy-prawdziwy-test-zywiolow\/#primaryimage"},"thumbnailUrl":"https:\/\/gardeon.pl\/wp-content\/uploads\/2018\/04\/xP811883828129.jpg","articleSection":["Domki ogrodowe"],"inLanguage":"pl-PL","potentialAction":[{"@type":"CommentAction","name":"Comment","target":["https:\/\/gardeon.pl\/pl\/blog\/jak-solidny-jest-domek-modulowy-prawdziwy-test-zywiolow\/#respond"]}]},{"@type":"WebPage","@id":"https:\/\/gardeon.pl\/pl\/blog\/jak-solidny-jest-domek-modulowy-prawdziwy-test-zywiolow\/","url":"https:\/\/gardeon.pl\/pl\/blog\/jak-solidny-jest-domek-modulowy-prawdziwy-test-zywiolow\/","name":"Jak solidny jest domek modu\u0142owy? Prawdziwy test \u017cywio\u0142\u00f3w - GARDEON","isPartOf":{"@id":"https:\/\/gardeon.pl\/#website"},"primaryImageOfPage":{"@id":"https:\/\/gardeon.pl\/pl\/blog\/jak-solidny-jest-domek-modulowy-prawdziwy-test-zywiolow\/#primaryimage"},"image":{"@id":"https:\/\/gardeon.pl\/pl\/blog\/jak-solidny-jest-domek-modulowy-prawdziwy-test-zywiolow\/#primaryimage"},"thumbnailUrl":"https:\/\/gardeon.pl\/wp-content\/uploads\/2018\/04\/xP811883828129.jpg","datePublished":"2026-04-23T17:04:24+00:00","author":{"@id":"https:\/\/gardeon.pl\/#\/schema\/person\/a5762ca5f0790bf92774af0899379463"},"breadcrumb":{"@id":"https:\/\/gardeon.pl\/pl\/blog\/jak-solidny-jest-domek-modulowy-prawdziwy-test-zywiolow\/#breadcrumb"},"inLanguage":"pl-PL","potentialAction":[{"@type":"ReadAction","target":["https:\/\/gardeon.pl\/pl\/blog\/jak-solidny-jest-domek-modulowy-prawdziwy-test-zywiolow\/"]}]},{"@type":"ImageObject","inLanguage":"pl-PL","@id":"https:\/\/gardeon.pl\/pl\/blog\/jak-solidny-jest-domek-modulowy-prawdziwy-test-zywiolow\/#primaryimage","url":"https:\/\/gardeon.pl\/wp-content\/uploads\/2018\/04\/xP811883828129.jpg","contentUrl":"https:\/\/gardeon.pl\/wp-content\/uploads\/2018\/04\/xP811883828129.jpg","width":1024,"height":768,"caption":"Powalone drzewo na domku ogrodowym"},{"@type":"BreadcrumbList","@id":"https:\/\/gardeon.pl\/pl\/blog\/jak-solidny-jest-domek-modulowy-prawdziwy-test-zywiolow\/#breadcrumb","itemListElement":[{"@type":"ListItem","position":1,"name":"Domov","item":"https:\/\/gardeon.pl\/pl\/"},{"@type":"ListItem","position":2,"name":"Jak solidny jest domek modu\u0142owy? Prawdziwy test \u017cywio\u0142\u00f3w"}]},{"@type":"WebSite","@id":"https:\/\/gardeon.pl\/#website","url":"https:\/\/gardeon.pl\/","name":"GARDEON","description":"","potentialAction":[{"@type":"SearchAction","target":{"@type":"EntryPoint","urlTemplate":"https:\/\/gardeon.pl\/?s={search_term_string}"},"query-input":{"@type":"PropertyValueSpecification","valueRequired":true,"valueName":"search_term_string"}}],"inLanguage":"pl-PL"},{"@type":"Person","@id":"https:\/\/gardeon.pl\/#\/schema\/person\/a5762ca5f0790bf92774af0899379463","name":"editor","image":{"@type":"ImageObject","inLanguage":"pl-PL","@id":"https:\/\/secure.gravatar.com\/avatar\/2b748151c2c748327307fd289a91b3bdafdd9e64e2d000e65e53d6dcf11c5830?s=96&d=mm&r=g","url":"https:\/\/secure.gravatar.com\/avatar\/2b748151c2c748327307fd289a91b3bdafdd9e64e2d000e65e53d6dcf11c5830?s=96&d=mm&r=g","contentUrl":"https:\/\/secure.gravatar.com\/avatar\/2b748151c2c748327307fd289a91b3bdafdd9e64e2d000e65e53d6dcf11c5830?s=96&d=mm&r=g","caption":"editor"}}]}},"_links":{"self":[{"href":"https:\/\/gardeon.pl\/pl\/wp-json\/wp\/v2\/posts\/46548","targetHints":{"allow":["GET"]}}],"collection":[{"href":"https:\/\/gardeon.pl\/pl\/wp-json\/wp\/v2\/posts"}],"about":[{"href":"https:\/\/gardeon.pl\/pl\/wp-json\/wp\/v2\/types\/post"}],"author":[{"embeddable":true,"href":"https:\/\/gardeon.pl\/pl\/wp-json\/wp\/v2\/users\/2"}],"replies":[{"embeddable":true,"href":"https:\/\/gardeon.pl\/pl\/wp-json\/wp\/v2\/comments?post=46548"}],"version-history":[{"count":0,"href":"https:\/\/gardeon.pl\/pl\/wp-json\/wp\/v2\/posts\/46548\/revisions"}],"wp:featuredmedia":[{"embeddable":true,"href":"https:\/\/gardeon.pl\/pl\/wp-json\/wp\/v2\/media\/46549"}],"wp:attachment":[{"href":"https:\/\/gardeon.pl\/pl\/wp-json\/wp\/v2\/media?parent=46548"}],"wp:term":[{"taxonomy":"category","embeddable":true,"href":"https:\/\/gardeon.pl\/pl\/wp-json\/wp\/v2\/categories?post=46548"},{"taxonomy":"post_tag","embeddable":true,"href":"https:\/\/gardeon.pl\/pl\/wp-json\/wp\/v2\/tags?post=46548"}],"curies":[{"name":"wp","href":"https:\/\/api.w.org\/{rel}","templated":true}]}}