{"id":46553,"date":"2026-04-23T19:04:24","date_gmt":"2026-04-23T17:04:24","guid":{"rendered":"https:\/\/gardeon.pl\/?p=46553"},"modified":"2026-04-23T19:04:24","modified_gmt":"2026-04-23T17:04:24","slug":"jak-przeksztalcic-wiate-samochodowa-w-magiczna-altane","status":"publish","type":"post","link":"https:\/\/gardeon.pl\/pl\/blog\/jak-przeksztalcic-wiate-samochodowa-w-magiczna-altane\/","title":{"rendered":"Jak przekszta\u0142ci\u0107 wiat\u0119 samochodow\u0105 w magiczn\u0105 altan\u0119"},"content":{"rendered":"<p><i>Zbudowali Pa\u0144stwo nowy gara\u017c modu\u0142owy i wiata samochodowa nie jest ju\u017c potrzebna? Zastan\u00f3wcie si\u0119, jak mo\u017cna by j\u0105 wykorzysta\u0107, zanim zostanie porzucona. A mo\u017ce przekszta\u0142ci\u0107 j\u0105 w magiczn\u0105 altan\u0119, kt\u00f3rej dot\u0105d brakowa\u0142o w Pa\u0144stwa ogrodzie? \u015aniadania na tarasie, popo\u0142udniowa kawa, wieczorne przyj\u0119cia grillowe z przyjaci\u00f3\u0142mi czy rodzin\u0105. Czy Pa\u0144stwo r\u00f3wnie\u017c dostrzegaj\u0105 ten potencja\u0142?    <\/i><\/p>\n<p><!--more--><\/p>\n<p><em>Nadchodzi d\u0142ugo wyczekiwany okres pe\u0142en s\u0142o\u0144ca i ciesz\u0105 si\u0119 Pa\u0144stwo na letnie przyj\u0119cia, kt\u00f3re zorganizuj\u0105? Zainspirujcie si\u0119 i dodajcie im uroku stylow\u0105 altan\u0105. W tym roku nie musi to by\u0107 znowu zwyk\u0142e grillowanie. O tym, jak inaczej wykorzysta\u0107 wiat\u0119 samochodow\u0105, pisali\u015bmy ju\u017c w artykule: <a href=\"https:\/\/gardeon.pl\/pl\/blog\/3-pomysly-jak-wykorzystac-wiate-samochodowa-inaczej\/\" target=\"_blank\" rel=\"noopener noreferrer\">3 pomys\u0142y, jak inaczej wykorzysta\u0107 wiat\u0119 samochodow\u0105<\/a>. Znajd\u0105 w nim Pa\u0144stwo mi\u0119dzy innymi instrukcj\u0119 stworzenia prostej kuchni letniej.    <\/em><\/p>\n<p><img loading=\"lazy\" decoding=\"async\" class=\"aligncenter wp-image-16947\" src=\"http:\/\/gardeon.pl\/wp-content\/uploads\/2018\/06\/e-683x1024.jpg\" alt=\"Miejsce do siedzenia\" width=\"800\" height=\"1200\" srcset=\"https:\/\/gardeon.pl\/wp-content\/uploads\/2018\/06\/e-683x1024.jpg 683w, https:\/\/gardeon.pl\/wp-content\/uploads\/2018\/06\/e-200x300.jpg 200w, https:\/\/gardeon.pl\/wp-content\/uploads\/2018\/06\/e-768x1152.jpg 768w, https:\/\/gardeon.pl\/wp-content\/uploads\/2018\/06\/e.jpg 810w\" sizes=\"auto, (max-width: 800px) 100vw, 800px\" \/><\/p>\n<h3>Przytulnie w ka\u017cd\u0105 pogod\u0119<\/h3>\n<p>Widz\u0105 si\u0119 Pa\u0144stwo, jak siedz\u0105 w niej i czytaj\u0105 ksi\u0105\u017ck\u0119 podczas przyjemnego letniego dnia? Tak, dach ochroni Pa\u0144stwa przed ostrym s\u0142o\u0144cem. Ale co wtedy, gdy zacznie pada\u0107 deszcz lub wia\u0107 wiatr, a Pa\u0144stwa wiata jest bez \u015bcian? Je\u015bli chc\u0105 Pa\u0144stwo cieszy\u0107 si\u0119 altan\u0105 r\u00f3wnie\u017c w deszczu lub wietrze, dodajcie dwie lub trzy \u015bciany.   <\/p>\n<p>Je\u015bli chc\u0105 Pa\u0144stwo, aby wn\u0119trze by\u0142o przyjemnie do\u015bwietlone, proponujemy przezroczyste szklane \u015bciany. A mo\u017ce pragn\u0105 Pa\u0144stwo bardziej intymnego p\u00f3\u0142mroku, zw\u0142aszcza wieczorem? Polecamy wykorzystanie designerskich drewnianych wype\u0142nie\u0144, kt\u00f3re mo\u017cna dopasowa\u0107 kolorystycznie do konstrukcji altany. Mo\u017cliwo\u015bci\u0105 s\u0105 r\u00f3wnie\u017c <a href=\"https:\/\/zaluzieweb.sk\/drevene-zaluzie\/c40974?cmp=drevene&amp;gclid=Cj0KCQjwu_jYBRD8ARIsAC3EGCJ12OdTA7QTGjERbLntKg4iSNTZJfjK1lbgMP7z6iBrU9Il7ZRmQ-caAqshEALw_wcB\">rolety zwijane<\/a>, za pomoc\u0105 kt\u00f3rych reguluj\u0105 Pa\u0144stwo ilo\u015b\u0107 przepuszczanego \u015bwiat\u0142a.   <\/p>\n<p><img loading=\"lazy\" decoding=\"async\" class=\"aligncenter wp-image-16948\" src=\"http:\/\/gardeon.pl\/wp-content\/uploads\/2018\/06\/g-1024x768.jpg\" alt=\"Zabudowane miejsce do siedzenia\" width=\"800\" height=\"600\" srcset=\"https:\/\/gardeon.pl\/wp-content\/uploads\/2018\/06\/g-1024x768.jpg 1024w, https:\/\/gardeon.pl\/wp-content\/uploads\/2018\/06\/g-300x225.jpg 300w, https:\/\/gardeon.pl\/wp-content\/uploads\/2018\/06\/g-768x576.jpg 768w, https:\/\/gardeon.pl\/wp-content\/uploads\/2018\/06\/g.jpg 1600w\" sizes=\"auto, (max-width: 800px) 100vw, 800px\" \/><\/p>\n<p>Dopiero zastanawiaj\u0105 si\u0119 Pa\u0144stwo nad zakupem altany, ale nie wiedz\u0105, gdzie j\u0105 umie\u015bci\u0107? Je\u015bli \u201eopr\u0105\u201d j\u0105 Pa\u0144stwo o \u015bcian\u0119 domu, zaoszcz\u0119dz\u0105. A co z kierunkiem \u015bwiata? Je\u015bli b\u0119d\u0105 Pa\u0144stwo korzysta\u0107 z niej g\u0142\u00f3wnie po powrocie z pracy i na wieczorne spotkania z przyjaci\u00f3\u0142mi i rodzin\u0105, spr\u00f3bujcie zorientowa\u0107 j\u0105 raczej na zach\u00f3d. B\u0119d\u0105 Pa\u0144stwo cieszy\u0107 si\u0119 d\u0142u\u017cszym \u015bwiat\u0142em i ciep\u0142em.    <\/p>\n<p><img loading=\"lazy\" decoding=\"async\" class=\"aligncenter wp-image-16949\" src=\"http:\/\/gardeon.pl\/wp-content\/uploads\/2018\/06\/j.jpg\" alt=\"Miejsce do siedzenia pod go\u0142ym niebem w japo\u0144skim stylu\" width=\"800\" height=\"600\" srcset=\"https:\/\/gardeon.pl\/wp-content\/uploads\/2018\/06\/j.jpg 840w, https:\/\/gardeon.pl\/wp-content\/uploads\/2018\/06\/j-300x225.jpg 300w, https:\/\/gardeon.pl\/wp-content\/uploads\/2018\/06\/j-768x576.jpg 768w\" sizes=\"auto, (max-width: 800px) 100vw, 800px\" \/><\/p>\n<h3>Design wed\u0142ug Pa\u0144stwa gustu<\/h3>\n<p>Pragn\u0105 Pa\u0144stwo romantycznego miejsca, do kt\u00f3rego nie trzeba daleko jecha\u0107? Stw\u00f3rzcie je prosto w swoim ogrodzie. Wn\u0119trze wyposa\u017ccie w mi\u0119kkie fotele i ma\u0142y stolik. Uzupe\u0142nijcie ulubionymi ksi\u0105\u017ckami i kwiatami. Mo\u017cna r\u00f3wnie\u017c wykorzysta\u0107 \u201e\u015bwi\u0105teczne\u201d o\u015bwietlenie, kt\u00f3re nada altanie romantycznego charakteru. Wiat\u0119 mo\u017cna obsadzi\u0107 ro\u015blinami, podobnie jak pergol\u0119. Chcieliby Pa\u0144stwo sp\u0119dza\u0107 na zewn\u0105trz r\u00f3wnie\u017c ch\u0142odniejsze wieczory?       <a href=\"https:\/\/www.talc.sk\/?gclid=Cj0KCQjwu_jYBRD8ARIsAC3EGCK1Jvr1gWIf_irgA_0sN8qz-Uv1IRH5oLmYywlZ3Hetw7rzRfGTuqMaAjXYEALw_wcB\">Zbudujcie w niej kominek.<\/a><\/p>\n<p><img loading=\"lazy\" decoding=\"async\" class=\"aligncenter wp-image-16951\" src=\"http:\/\/gardeon.pl\/wp-content\/uploads\/2018\/06\/r-1024x768.jpg\" alt=\"Miejsce do siedzenia przy kominku na zewn\u0105trz\" width=\"800\" height=\"600\" srcset=\"https:\/\/gardeon.pl\/wp-content\/uploads\/2018\/06\/r-1024x768.jpg 1024w, https:\/\/gardeon.pl\/wp-content\/uploads\/2018\/06\/r-300x225.jpg 300w, https:\/\/gardeon.pl\/wp-content\/uploads\/2018\/06\/r-768x576.jpg 768w, https:\/\/gardeon.pl\/wp-content\/uploads\/2018\/06\/r.jpg 1152w\" sizes=\"auto, (max-width: 800px) 100vw, 800px\" \/><\/p>\n<h3>\u0141atwa konserwacja przez ca\u0142e \u017cycie<\/h3>\n<p>Je\u015bli w Pa\u0144stwa ogrodzie stoi modu\u0142owa wiata lub altana, to w kwestii konserwacji wygrali Pa\u0144stwo. Ocynkowana stal nie ulega wp\u0142ywom pogody. Ewentualne zabrudzenia \u0142atwo usun\u0105\u0107 sam\u0105 wod\u0105. Odpada r\u00f3wnie\u017c troska o malowanie. Ponadto materia\u0142, z kt\u00f3rego wykonana jest altana, wygl\u0105da naturalnie i nowocze\u015bnie.    <\/p>\n<p><img loading=\"lazy\" decoding=\"async\" class=\"aligncenter wp-image-16950\" src=\"http:\/\/gardeon.pl\/wp-content\/uploads\/2018\/06\/m-1024x683.jpg\" alt=\"basen z le\u017cakami pod wiat\u0105\" width=\"800\" height=\"533\" srcset=\"https:\/\/gardeon.pl\/wp-content\/uploads\/2018\/06\/m-1024x683.jpg 1024w, https:\/\/gardeon.pl\/wp-content\/uploads\/2018\/06\/m-300x200.jpg 300w, https:\/\/gardeon.pl\/wp-content\/uploads\/2018\/06\/m-768x512.jpg 768w\" sizes=\"auto, (max-width: 800px) 100vw, 800px\" \/><\/p>\n<p>No i co, zainspirowali\u015bmy Pa\u0144stwa? Nie wahajcie si\u0119 i zabierzcie si\u0119 do dzie\u0142a! Tegoroczny sezon mo\u017ce rozpocz\u0105\u0107 si\u0119 pod znakiem letnich dni i nocy sp\u0119dzonych w Pa\u0144stwa nowej altanie.  <\/p>\n<h4>\u0179r\u00f3d\u0142o:<\/h4>\n<h4>https:\/\/www.architonic.com\/en\/product\/unopiu-shelter-pergola-led\/1448551<br \/>\nhttp:\/\/www.archiproducts.com\/zh\/\u4ea7\u54c1\/hella\/\u68da\u67b6-ventur_297071<br \/>\nhttps:\/\/malmerkklaasium.ee\/en\/products\/glass-terrace\/frameless-terrace-glazing\/<br \/>\nhttp:\/\/www.flauminc.com\/21ca7d7a8bc4c3cf.html<br \/>\nhttps:\/\/www.southernliving.com\/garden\/flowers\/beautiful-garden-flowers-types<\/h4>\n","protected":false},"excerpt":{"rendered":"<p>Zbudowali Pa\u0144stwo nowy gara\u017c modu\u0142owy i wiata samochodowa nie jest ju\u017c potrzebna? Zastan\u00f3wcie si\u0119, jak mo\u017cna by j\u0105 wykorzysta\u0107, zanim zostanie porzucona. A mo\u017ce przekszta\u0142ci\u0107 j\u0105 w magiczn\u0105 altan\u0119, kt\u00f3rej dot\u0105d brakowa\u0142o w Pa\u0144stwa ogrodzie? \u015aniadania na tarasie, popo\u0142udniowa kawa, wieczorne przyj\u0119cia grillowe z przyjaci\u00f3\u0142mi czy rodzin\u0105. Czy Pa\u0144stwo r\u00f3wnie\u017c dostrzegaj\u0105 ten potencja\u0142?<\/p>\n","protected":false},"author":2,"featured_media":46554,"comment_status":"open","ping_status":"open","sticky":false,"template":"","format":"standard","meta":{"_acf_changed":false,"inline_featured_image":false,"footnotes":""},"categories":[607,622],"tags":[],"class_list":["post-46553","post","type-post","status-publish","format-standard","has-post-thumbnail","hentry","category-inspiracje","category-wiaty-i-altany"],"acf":[],"yoast_head":"<!-- This site is optimized with the Yoast SEO plugin v27.4 - https:\/\/yoast.com\/product\/yoast-seo-wordpress\/ -->\n<title>Jak przekszta\u0142ci\u0107 wiat\u0119 samochodow\u0105 w magiczn\u0105 altan\u0119 - GARDEON<\/title>\n<meta name=\"robots\" content=\"index, follow, max-snippet:-1, max-image-preview:large, max-video-preview:-1\" \/>\n<link rel=\"canonical\" href=\"https:\/\/gardeon.pl\/pl\/blog\/jak-przeksztalcic-wiate-samochodowa-w-magiczna-altane\/\" \/>\n<meta property=\"og:locale\" content=\"pl_PL\" \/>\n<meta property=\"og:type\" content=\"article\" \/>\n<meta property=\"og:title\" content=\"Jak przekszta\u0142ci\u0107 wiat\u0119 samochodow\u0105 w magiczn\u0105 altan\u0119 - GARDEON\" \/>\n<meta property=\"og:description\" content=\"Zbudowali Pa\u0144stwo nowy gara\u017c modu\u0142owy i wiata samochodowa nie jest ju\u017c potrzebna? Zastan\u00f3wcie si\u0119, jak mo\u017cna by j\u0105 wykorzysta\u0107, zanim zostanie porzucona. A mo\u017ce przekszta\u0142ci\u0107 j\u0105 w magiczn\u0105 altan\u0119, kt\u00f3rej dot\u0105d brakowa\u0142o w Pa\u0144stwa ogrodzie? \u015aniadania na tarasie, popo\u0142udniowa kawa, wieczorne przyj\u0119cia grillowe z przyjaci\u00f3\u0142mi czy rodzin\u0105. Czy Pa\u0144stwo r\u00f3wnie\u017c dostrzegaj\u0105 ten potencja\u0142?\" \/>\n<meta property=\"og:url\" content=\"https:\/\/gardeon.pl\/pl\/blog\/jak-przeksztalcic-wiate-samochodowa-w-magiczna-altane\/\" \/>\n<meta property=\"og:site_name\" content=\"GARDEON\" \/>\n<meta property=\"article:published_time\" content=\"2026-04-23T17:04:24+00:00\" \/>\n<meta property=\"og:image\" content=\"http:\/\/gardeon.pl\/wp-content\/uploads\/2018\/06\/d.jpg\" \/>\n\t<meta property=\"og:image:width\" content=\"2000\" \/>\n\t<meta property=\"og:image:height\" content=\"1000\" \/>\n\t<meta property=\"og:image:type\" content=\"image\/jpeg\" \/>\n<meta name=\"author\" content=\"editor\" \/>\n<meta name=\"twitter:card\" content=\"summary_large_image\" \/>\n<meta name=\"twitter:label1\" content=\"Napisane przez\" \/>\n\t<meta name=\"twitter:data1\" content=\"editor\" \/>\n\t<meta name=\"twitter:label2\" content=\"Szacowany czas czytania\" \/>\n\t<meta name=\"twitter:data2\" content=\"3 minuty\" \/>\n<script type=\"application\/ld+json\" class=\"yoast-schema-graph\">{\"@context\":\"https:\\\/\\\/schema.org\",\"@graph\":[{\"@type\":\"Article\",\"@id\":\"https:\\\/\\\/gardeon.pl\\\/pl\\\/blog\\\/jak-przeksztalcic-wiate-samochodowa-w-magiczna-altane\\\/#article\",\"isPartOf\":{\"@id\":\"https:\\\/\\\/gardeon.pl\\\/pl\\\/blog\\\/jak-przeksztalcic-wiate-samochodowa-w-magiczna-altane\\\/\"},\"author\":{\"name\":\"editor\",\"@id\":\"https:\\\/\\\/gardeon.pl\\\/#\\\/schema\\\/person\\\/a5762ca5f0790bf92774af0899379463\"},\"headline\":\"Jak przekszta\u0142ci\u0107 wiat\u0119 samochodow\u0105 w magiczn\u0105 altan\u0119\",\"datePublished\":\"2026-04-23T17:04:24+00:00\",\"mainEntityOfPage\":{\"@id\":\"https:\\\/\\\/gardeon.pl\\\/pl\\\/blog\\\/jak-przeksztalcic-wiate-samochodowa-w-magiczna-altane\\\/\"},\"wordCount\":577,\"commentCount\":0,\"image\":{\"@id\":\"https:\\\/\\\/gardeon.pl\\\/pl\\\/blog\\\/jak-przeksztalcic-wiate-samochodowa-w-magiczna-altane\\\/#primaryimage\"},\"thumbnailUrl\":\"https:\\\/\\\/gardeon.pl\\\/wp-content\\\/uploads\\\/2018\\\/06\\\/d.jpg\",\"articleSection\":[\"Inspiracje\",\"Wiaty i altany\"],\"inLanguage\":\"pl-PL\",\"potentialAction\":[{\"@type\":\"CommentAction\",\"name\":\"Comment\",\"target\":[\"https:\\\/\\\/gardeon.pl\\\/pl\\\/blog\\\/jak-przeksztalcic-wiate-samochodowa-w-magiczna-altane\\\/#respond\"]}]},{\"@type\":\"WebPage\",\"@id\":\"https:\\\/\\\/gardeon.pl\\\/pl\\\/blog\\\/jak-przeksztalcic-wiate-samochodowa-w-magiczna-altane\\\/\",\"url\":\"https:\\\/\\\/gardeon.pl\\\/pl\\\/blog\\\/jak-przeksztalcic-wiate-samochodowa-w-magiczna-altane\\\/\",\"name\":\"Jak przekszta\u0142ci\u0107 wiat\u0119 samochodow\u0105 w magiczn\u0105 altan\u0119 - GARDEON\",\"isPartOf\":{\"@id\":\"https:\\\/\\\/gardeon.pl\\\/#website\"},\"primaryImageOfPage\":{\"@id\":\"https:\\\/\\\/gardeon.pl\\\/pl\\\/blog\\\/jak-przeksztalcic-wiate-samochodowa-w-magiczna-altane\\\/#primaryimage\"},\"image\":{\"@id\":\"https:\\\/\\\/gardeon.pl\\\/pl\\\/blog\\\/jak-przeksztalcic-wiate-samochodowa-w-magiczna-altane\\\/#primaryimage\"},\"thumbnailUrl\":\"https:\\\/\\\/gardeon.pl\\\/wp-content\\\/uploads\\\/2018\\\/06\\\/d.jpg\",\"datePublished\":\"2026-04-23T17:04:24+00:00\",\"author\":{\"@id\":\"https:\\\/\\\/gardeon.pl\\\/#\\\/schema\\\/person\\\/a5762ca5f0790bf92774af0899379463\"},\"breadcrumb\":{\"@id\":\"https:\\\/\\\/gardeon.pl\\\/pl\\\/blog\\\/jak-przeksztalcic-wiate-samochodowa-w-magiczna-altane\\\/#breadcrumb\"},\"inLanguage\":\"pl-PL\",\"potentialAction\":[{\"@type\":\"ReadAction\",\"target\":[\"https:\\\/\\\/gardeon.pl\\\/pl\\\/blog\\\/jak-przeksztalcic-wiate-samochodowa-w-magiczna-altane\\\/\"]}]},{\"@type\":\"ImageObject\",\"inLanguage\":\"pl-PL\",\"@id\":\"https:\\\/\\\/gardeon.pl\\\/pl\\\/blog\\\/jak-przeksztalcic-wiate-samochodowa-w-magiczna-altane\\\/#primaryimage\",\"url\":\"https:\\\/\\\/gardeon.pl\\\/wp-content\\\/uploads\\\/2018\\\/06\\\/d.jpg\",\"contentUrl\":\"https:\\\/\\\/gardeon.pl\\\/wp-content\\\/uploads\\\/2018\\\/06\\\/d.jpg\",\"width\":2000,\"height\":1000,\"caption\":\"Kominek ogrodowy z miejscem do siedzenia\"},{\"@type\":\"BreadcrumbList\",\"@id\":\"https:\\\/\\\/gardeon.pl\\\/pl\\\/blog\\\/jak-przeksztalcic-wiate-samochodowa-w-magiczna-altane\\\/#breadcrumb\",\"itemListElement\":[{\"@type\":\"ListItem\",\"position\":1,\"name\":\"Domov\",\"item\":\"https:\\\/\\\/gardeon.pl\\\/pl\\\/\"},{\"@type\":\"ListItem\",\"position\":2,\"name\":\"Jak przekszta\u0142ci\u0107 wiat\u0119 samochodow\u0105 w magiczn\u0105 altan\u0119\"}]},{\"@type\":\"WebSite\",\"@id\":\"https:\\\/\\\/gardeon.pl\\\/#website\",\"url\":\"https:\\\/\\\/gardeon.pl\\\/\",\"name\":\"GARDEON\",\"description\":\"\",\"potentialAction\":[{\"@type\":\"SearchAction\",\"target\":{\"@type\":\"EntryPoint\",\"urlTemplate\":\"https:\\\/\\\/gardeon.pl\\\/?s={search_term_string}\"},\"query-input\":{\"@type\":\"PropertyValueSpecification\",\"valueRequired\":true,\"valueName\":\"search_term_string\"}}],\"inLanguage\":\"pl-PL\"},{\"@type\":\"Person\",\"@id\":\"https:\\\/\\\/gardeon.pl\\\/#\\\/schema\\\/person\\\/a5762ca5f0790bf92774af0899379463\",\"name\":\"editor\",\"image\":{\"@type\":\"ImageObject\",\"inLanguage\":\"pl-PL\",\"@id\":\"https:\\\/\\\/secure.gravatar.com\\\/avatar\\\/2b748151c2c748327307fd289a91b3bdafdd9e64e2d000e65e53d6dcf11c5830?s=96&d=mm&r=g\",\"url\":\"https:\\\/\\\/secure.gravatar.com\\\/avatar\\\/2b748151c2c748327307fd289a91b3bdafdd9e64e2d000e65e53d6dcf11c5830?s=96&d=mm&r=g\",\"contentUrl\":\"https:\\\/\\\/secure.gravatar.com\\\/avatar\\\/2b748151c2c748327307fd289a91b3bdafdd9e64e2d000e65e53d6dcf11c5830?s=96&d=mm&r=g\",\"caption\":\"editor\"}}]}<\/script>\n<!-- \/ Yoast SEO plugin. -->","yoast_head_json":{"title":"Jak przekszta\u0142ci\u0107 wiat\u0119 samochodow\u0105 w magiczn\u0105 altan\u0119 - GARDEON","robots":{"index":"index","follow":"follow","max-snippet":"max-snippet:-1","max-image-preview":"max-image-preview:large","max-video-preview":"max-video-preview:-1"},"canonical":"https:\/\/gardeon.pl\/pl\/blog\/jak-przeksztalcic-wiate-samochodowa-w-magiczna-altane\/","og_locale":"pl_PL","og_type":"article","og_title":"Jak przekszta\u0142ci\u0107 wiat\u0119 samochodow\u0105 w magiczn\u0105 altan\u0119 - GARDEON","og_description":"Zbudowali Pa\u0144stwo nowy gara\u017c modu\u0142owy i wiata samochodowa nie jest ju\u017c potrzebna? Zastan\u00f3wcie si\u0119, jak mo\u017cna by j\u0105 wykorzysta\u0107, zanim zostanie porzucona. A mo\u017ce przekszta\u0142ci\u0107 j\u0105 w magiczn\u0105 altan\u0119, kt\u00f3rej dot\u0105d brakowa\u0142o w Pa\u0144stwa ogrodzie? \u015aniadania na tarasie, popo\u0142udniowa kawa, wieczorne przyj\u0119cia grillowe z przyjaci\u00f3\u0142mi czy rodzin\u0105. Czy Pa\u0144stwo r\u00f3wnie\u017c dostrzegaj\u0105 ten potencja\u0142?","og_url":"https:\/\/gardeon.pl\/pl\/blog\/jak-przeksztalcic-wiate-samochodowa-w-magiczna-altane\/","og_site_name":"GARDEON","article_published_time":"2026-04-23T17:04:24+00:00","og_image":[{"width":2000,"height":1000,"url":"http:\/\/gardeon.pl\/wp-content\/uploads\/2018\/06\/d.jpg","type":"image\/jpeg"}],"author":"editor","twitter_card":"summary_large_image","twitter_misc":{"Napisane przez":"editor","Szacowany czas czytania":"3 minuty"},"schema":{"@context":"https:\/\/schema.org","@graph":[{"@type":"Article","@id":"https:\/\/gardeon.pl\/pl\/blog\/jak-przeksztalcic-wiate-samochodowa-w-magiczna-altane\/#article","isPartOf":{"@id":"https:\/\/gardeon.pl\/pl\/blog\/jak-przeksztalcic-wiate-samochodowa-w-magiczna-altane\/"},"author":{"name":"editor","@id":"https:\/\/gardeon.pl\/#\/schema\/person\/a5762ca5f0790bf92774af0899379463"},"headline":"Jak przekszta\u0142ci\u0107 wiat\u0119 samochodow\u0105 w magiczn\u0105 altan\u0119","datePublished":"2026-04-23T17:04:24+00:00","mainEntityOfPage":{"@id":"https:\/\/gardeon.pl\/pl\/blog\/jak-przeksztalcic-wiate-samochodowa-w-magiczna-altane\/"},"wordCount":577,"commentCount":0,"image":{"@id":"https:\/\/gardeon.pl\/pl\/blog\/jak-przeksztalcic-wiate-samochodowa-w-magiczna-altane\/#primaryimage"},"thumbnailUrl":"https:\/\/gardeon.pl\/wp-content\/uploads\/2018\/06\/d.jpg","articleSection":["Inspiracje","Wiaty i altany"],"inLanguage":"pl-PL","potentialAction":[{"@type":"CommentAction","name":"Comment","target":["https:\/\/gardeon.pl\/pl\/blog\/jak-przeksztalcic-wiate-samochodowa-w-magiczna-altane\/#respond"]}]},{"@type":"WebPage","@id":"https:\/\/gardeon.pl\/pl\/blog\/jak-przeksztalcic-wiate-samochodowa-w-magiczna-altane\/","url":"https:\/\/gardeon.pl\/pl\/blog\/jak-przeksztalcic-wiate-samochodowa-w-magiczna-altane\/","name":"Jak przekszta\u0142ci\u0107 wiat\u0119 samochodow\u0105 w magiczn\u0105 altan\u0119 - GARDEON","isPartOf":{"@id":"https:\/\/gardeon.pl\/#website"},"primaryImageOfPage":{"@id":"https:\/\/gardeon.pl\/pl\/blog\/jak-przeksztalcic-wiate-samochodowa-w-magiczna-altane\/#primaryimage"},"image":{"@id":"https:\/\/gardeon.pl\/pl\/blog\/jak-przeksztalcic-wiate-samochodowa-w-magiczna-altane\/#primaryimage"},"thumbnailUrl":"https:\/\/gardeon.pl\/wp-content\/uploads\/2018\/06\/d.jpg","datePublished":"2026-04-23T17:04:24+00:00","author":{"@id":"https:\/\/gardeon.pl\/#\/schema\/person\/a5762ca5f0790bf92774af0899379463"},"breadcrumb":{"@id":"https:\/\/gardeon.pl\/pl\/blog\/jak-przeksztalcic-wiate-samochodowa-w-magiczna-altane\/#breadcrumb"},"inLanguage":"pl-PL","potentialAction":[{"@type":"ReadAction","target":["https:\/\/gardeon.pl\/pl\/blog\/jak-przeksztalcic-wiate-samochodowa-w-magiczna-altane\/"]}]},{"@type":"ImageObject","inLanguage":"pl-PL","@id":"https:\/\/gardeon.pl\/pl\/blog\/jak-przeksztalcic-wiate-samochodowa-w-magiczna-altane\/#primaryimage","url":"https:\/\/gardeon.pl\/wp-content\/uploads\/2018\/06\/d.jpg","contentUrl":"https:\/\/gardeon.pl\/wp-content\/uploads\/2018\/06\/d.jpg","width":2000,"height":1000,"caption":"Kominek ogrodowy z miejscem do siedzenia"},{"@type":"BreadcrumbList","@id":"https:\/\/gardeon.pl\/pl\/blog\/jak-przeksztalcic-wiate-samochodowa-w-magiczna-altane\/#breadcrumb","itemListElement":[{"@type":"ListItem","position":1,"name":"Domov","item":"https:\/\/gardeon.pl\/pl\/"},{"@type":"ListItem","position":2,"name":"Jak przekszta\u0142ci\u0107 wiat\u0119 samochodow\u0105 w magiczn\u0105 altan\u0119"}]},{"@type":"WebSite","@id":"https:\/\/gardeon.pl\/#website","url":"https:\/\/gardeon.pl\/","name":"GARDEON","description":"","potentialAction":[{"@type":"SearchAction","target":{"@type":"EntryPoint","urlTemplate":"https:\/\/gardeon.pl\/?s={search_term_string}"},"query-input":{"@type":"PropertyValueSpecification","valueRequired":true,"valueName":"search_term_string"}}],"inLanguage":"pl-PL"},{"@type":"Person","@id":"https:\/\/gardeon.pl\/#\/schema\/person\/a5762ca5f0790bf92774af0899379463","name":"editor","image":{"@type":"ImageObject","inLanguage":"pl-PL","@id":"https:\/\/secure.gravatar.com\/avatar\/2b748151c2c748327307fd289a91b3bdafdd9e64e2d000e65e53d6dcf11c5830?s=96&d=mm&r=g","url":"https:\/\/secure.gravatar.com\/avatar\/2b748151c2c748327307fd289a91b3bdafdd9e64e2d000e65e53d6dcf11c5830?s=96&d=mm&r=g","contentUrl":"https:\/\/secure.gravatar.com\/avatar\/2b748151c2c748327307fd289a91b3bdafdd9e64e2d000e65e53d6dcf11c5830?s=96&d=mm&r=g","caption":"editor"}}]}},"_links":{"self":[{"href":"https:\/\/gardeon.pl\/pl\/wp-json\/wp\/v2\/posts\/46553","targetHints":{"allow":["GET"]}}],"collection":[{"href":"https:\/\/gardeon.pl\/pl\/wp-json\/wp\/v2\/posts"}],"about":[{"href":"https:\/\/gardeon.pl\/pl\/wp-json\/wp\/v2\/types\/post"}],"author":[{"embeddable":true,"href":"https:\/\/gardeon.pl\/pl\/wp-json\/wp\/v2\/users\/2"}],"replies":[{"embeddable":true,"href":"https:\/\/gardeon.pl\/pl\/wp-json\/wp\/v2\/comments?post=46553"}],"version-history":[{"count":0,"href":"https:\/\/gardeon.pl\/pl\/wp-json\/wp\/v2\/posts\/46553\/revisions"}],"wp:featuredmedia":[{"embeddable":true,"href":"https:\/\/gardeon.pl\/pl\/wp-json\/wp\/v2\/media\/46554"}],"wp:attachment":[{"href":"https:\/\/gardeon.pl\/pl\/wp-json\/wp\/v2\/media?parent=46553"}],"wp:term":[{"taxonomy":"category","embeddable":true,"href":"https:\/\/gardeon.pl\/pl\/wp-json\/wp\/v2\/categories?post=46553"},{"taxonomy":"post_tag","embeddable":true,"href":"https:\/\/gardeon.pl\/pl\/wp-json\/wp\/v2\/tags?post=46553"}],"curies":[{"name":"wp","href":"https:\/\/api.w.org\/{rel}","templated":true}]}}