{"id":46560,"date":"2026-04-23T19:04:24","date_gmt":"2026-04-23T17:04:24","guid":{"rendered":"https:\/\/gardeon.pl\/?p=46560"},"modified":"2026-04-23T19:04:24","modified_gmt":"2026-04-23T17:04:24","slug":"czy-czujesz-przeciag-jak-znalezc-i-naprawic-nieszczelnosci-powietrza-w-twoim-domu","status":"publish","type":"post","link":"https:\/\/gardeon.pl\/pl\/blog\/czy-czujesz-przeciag-jak-znalezc-i-naprawic-nieszczelnosci-powietrza-w-twoim-domu\/","title":{"rendered":"Czy czujesz przeci\u0105g? Jak znale\u017a\u0107 i naprawi\u0107 nieszczelno\u015bci powietrza w Twoim domu"},"content":{"rendered":"<p><em>Czy to czujesz? W powietrzu jest\u2026 tak, jesie\u0144. A opr\u00f3cz niej, je\u015bli co\u015b jest nie tak, tak\u017ce przeci\u0105g. Je\u015bli, m\u00f3wi\u0105c potocznie, \u201eci\u0105gnie Ci\u0119 po plecach\u201d, prawdopodobnie w Twoim domu dochodzi do ucieczki ciep\u0142a. Jest to nieprzyjemne nie tylko ze wzgl\u0119d\u00f3w zdrowotnych, ale i ekonomicznych. Czy wiesz, \u017ce odpowiednio dobran\u0105 izolacj\u0105 mo\u017cesz zaoszcz\u0119dzi\u0107 nawet 10% na rachunkach za energi\u0119? Jak to zrobi\u0107? Przyjrzyjmy si\u0119 temu.        <\/em><\/p>\n<p><!--more--><\/p>\n<h2>Zidentyfikuj typowe \u017ar\u00f3d\u0142a ucieczki ciep\u0142a<\/h2>\n<p>Przeci\u0105g nie musi by\u0107 spowodowany wy\u0142\u0105cznie drzwiami czy oknami, jak mog\u0142oby si\u0119 wydawa\u0107. Cz\u0119sto ma wielu sprawc\u00f3w. <\/p>\n<h3>Uwa\u017cnie sprawd\u017a te miejsca:<\/h3>\n<h4><a href=\"https:\/\/gardeon.pl\/pl\/garaze\/\">Gara\u017c<\/a> (je\u015bli jest po\u0142\u0105czony z domem) \u2013 szczeg\u00f3ln\u0105 uwag\u0119 zwr\u00f3\u0107 na bram\u0119 gara\u017cow\u0105<\/h4>\n<h4>\u015aciany boczne, kt\u00f3re podpieraj\u0105 poddasze<\/h4>\n<h4>Samo poddasze<\/h4>\n<h4>Otwory na kable (TV, gniazdka)<\/h4>\n<h4>Otwory wentylacyjne<\/h4>\n<h4>Przewody kominowe<\/h4>\n<h4>Belki pod\u0142ogowe (gdzie fundamenty \u0142\u0105cz\u0105 si\u0119 z drewnem)<\/h4>\n<p><img loading=\"lazy\" decoding=\"async\" class=\"aligncenter wp-image-15727\" src=\"http:\/\/gardeon.pl\/wp-content\/uploads\/2017\/11\/testimonial6before2.jpg\" alt=\"Brama gara\u017cowa\" width=\"800\" height=\"475\" srcset=\"https:\/\/gardeon.pl\/wp-content\/uploads\/2017\/11\/testimonial6before2.jpg 900w, https:\/\/gardeon.pl\/wp-content\/uploads\/2017\/11\/testimonial6before2-300x178.jpg 300w, https:\/\/gardeon.pl\/wp-content\/uploads\/2017\/11\/testimonial6before2-768x456.jpg 768w\" sizes=\"auto, (max-width: 800px) 100vw, 800px\" \/><\/p>\n<h2>Znajd\u017a przeci\u0105gi w swoim domu<\/h2>\n<p>Przeprowad\u017a dok\u0142adn\u0105 kontrol\u0119 wizualn\u0105 zar\u00f3wno od wewn\u0105trz, jak i od zewn\u0105trz. Szukaj szczelin i p\u0119kni\u0119\u0107 w miejscach, gdzie przypuszczasz, \u017ce ucieka ciep\u0142o, takich jak \u015bciany boczne, klapy poddasza czy parapety. Zwr\u00f3\u0107 uwag\u0119 r\u00f3wnie\u017c na elewacj\u0119 domu, sprawd\u017a \u015bciany zewn\u0119trzne, drzwi, <a href=\"http:\/\/gardeon.pl\/garaze\/prislusenstvo\/garazove-brany\/\">bram\u0119 gara\u017cow\u0105<\/a> i inne otwory w domu. Wszystko zanotuj, aby p\u00f3\u017aniej m\u00f3c prawid\u0142owo uszczelni\u0107 p\u0119kni\u0119cia.   <\/p>\n<h3>Dodatkowa przydatna wskaz\u00f3wka:<\/h3>\n<p><em>Wybierz ch\u0142odny dzie\u0144 i wy\u0142\u0105cz wszystkie urz\u0105dzenia, kt\u00f3re wytwarzaj\u0105 ruch powietrza<\/em><\/p>\n<p><em>Zamknij wszystkie okna, drzwi, a je\u015bli masz, tak\u017ce kominek lub piec.<\/em><\/p>\n<p><em>Zapal kadzide\u0142ko i przytrzymaj je w pobli\u017cu potencjalnych miejsc ucieczki powietrza.<\/em><\/p>\n<p><em>Je\u015bli dym zacznie porusza\u0107 si\u0119 w prz\u00f3d i w ty\u0142, lub je\u015bli ucieka z pomieszczenia, b\u0105d\u017a do niego wnika, znalaz\u0142e\u015b miejsce ucieczki ciep\u0142a.<\/em><\/p>\n<div class=\"iframe-outer-container\">\n<div class=\"iframe-container\"><iframe loading=\"lazy\" title=\"Tips to Help Find and Fix Air Leaks in Your Home | Allstate Insurance\" width=\"1100\" height=\"619\" src=\"https:\/\/www.youtube.com\/embed\/9W21qMnPai0?start=101&#038;feature=oembed\" frameborder=\"0\" allow=\"accelerometer; autoplay; clipboard-write; encrypted-media; gyroscope; picture-in-picture; web-share\" referrerpolicy=\"strict-origin-when-cross-origin\" allowfullscreen><\/iframe><\/div>\n<\/div>\n<h2>Skorzystaj z pomocy profesjonalist\u00f3w<\/h2>\n<p>Je\u015bli nie wiesz, co dalej, lub chcesz od razu powierzy\u0107 ca\u0142y proces specjalistom, to r\u00f3wnie\u017c jest mo\u017cliwe. Specjali\u015bci zazwyczaj pracuj\u0105 w ten spos\u00f3b, \u017ce identyfikuj\u0105 ucieczki ciep\u0142a za pomoc\u0105 du\u017cego wentylatora. Instaluj\u0105 go na drzwiach wej\u015bciowych. Wentylator wyci\u0105ga powietrze z domu na zewn\u0105trz, obni\u017caj\u0105c ci\u015bnienie wewn\u0105trz i znajduj\u0105c miejsca, przez kt\u00f3re ciep\u0142o ucieka z domu.   <\/p>\n<h2>Przygotuj materia\u0142y izolacyjne<\/h2>\n<p>Teraz, gdy ju\u017c wiesz, sk\u0105d wieje wiatr, czas zatrzyma\u0107 przeci\u0105g. Przyda Ci si\u0119 pianka uszczelniaj\u0105ca i w sprayu, kt\u00f3re pomog\u0105 uszczelni\u0107 statyczne obiekty, takie jak ramy okienne. Ta\u015bma izolacyjna jest dobra do ruchomych obiekt\u00f3w, takich jak drzwi i okna, doskonale zatrzyma ciep\u0142o w domu. Zapytaj r\u00f3wnie\u017c w sklepie o folie refleksyjne, bezazbestowe p\u0142yty uszczelniaj\u0105ce czy metalowe listwy uszczelniaj\u0105ce na dach.   <\/p>\n<p><b>Wa\u017cna uwaga: <\/b>Uszczelnienie mo\u017ce spowodowa\u0107 inny problem, a mianowicie zatrzymywanie szkodliwych substancji, takich jak radon lub tlenek w\u0119gla. Je\u015bli masz podejrzenia, skontaktuj si\u0119 ze specjalist\u0105 od pomiaru szkodliwych substancji. <\/p>\n<p><img loading=\"lazy\" decoding=\"async\" class=\"aligncenter wp-image-15726\" src=\"http:\/\/gardeon.pl\/wp-content\/uploads\/2017\/11\/EPA-Air-Leaks.jpg\" alt=\"Dom\" width=\"800\" height=\"610\" srcset=\"https:\/\/gardeon.pl\/wp-content\/uploads\/2017\/11\/EPA-Air-Leaks.jpg 900w, https:\/\/gardeon.pl\/wp-content\/uploads\/2017\/11\/EPA-Air-Leaks-300x229.jpg 300w, https:\/\/gardeon.pl\/wp-content\/uploads\/2017\/11\/EPA-Air-Leaks-768x585.jpg 768w\" sizes=\"auto, (max-width: 800px) 100vw, 800px\" \/><\/p>\n<h2>Ustal priorytety: Najpierw poddasze, potem piwnica<\/h2>\n<p>Znale\u017ali\u015bmy winowajc\u00f3w przeci\u0105gu, zabezpieczyli\u015bmy materia\u0142y, od czego zacz\u0105\u0107 uszczelnianie?<\/p>\n<p>Najlepiej od miejsca, kt\u00f3re przyniesie najwi\u0119ksze oszcz\u0119dno\u015bci i komfort.<\/p>\n<h3>Poddasze<\/h3>\n<p>W pierwszej kolejno\u015bci skup si\u0119 na uszczelnieniu najwi\u0119kszych otwor\u00f3w, poniewa\u017c w\u0142a\u015bnie tutaj mo\u017cesz osi\u0105gn\u0105\u0107 jedne z najwi\u0119kszych oszcz\u0119dno\u015bci energii. Stw\u00f3rz woreczki z materia\u0142\u00f3w izolacyjnych, kt\u00f3rymi uszczelnisz wszystkie otwory i szczeliny w \u015bcianach. Do zakrycia sufit\u00f3w podwieszanych mo\u017cesz wykorzysta\u0107 foli\u0119 refleksyjn\u0105, a metalowe listwy uszczelniaj\u0105ce do otwor\u00f3w w przewodach kominowych.  <\/p>\n<h3><b>Piwnica<\/b><\/h3>\n<p>Problemem bywaj\u0105 r\u00f3wnie\u017c zimne pod\u0142ogi. Aby nie marz\u0142y Ci stopy, kontynuuj uszczelnianie miejsc, gdzie pod\u0142oga styka si\u0119 z sufitem piwnicy. B\u0119dziesz potrzebowa\u0107 piankowej izolacji w sprayu lub uszczelniacza do p\u0119kni\u0119\u0107 i otwor\u00f3w w \u015bcianach, sufitach czy pod\u0142ogach piwnicy. Sprawd\u017a r\u00f3wnie\u017c szczeliny mi\u0119dzy p\u0142yt\u0105 progow\u0105 a fundamentem oraz na dole i na g\u00f3rze ka\u017cdej opaski (gdzie \u015bciany cementowe \u0142\u0105cz\u0105 si\u0119 z drewnian\u0105 ram\u0105) na ka\u017cdym ko\u0144cu domu. Nie zapomnij r\u00f3wnie\u017c uszczelni\u0107 otwor\u00f3w na przewody gazowe, wodne i elektryczne oraz rury, kt\u00f3re prowadz\u0105 na zewn\u0105trz (takie jak odpowietrznik). Wi\u0119ksze otwory mog\u0105 wymaga\u0107 kawa\u0142k\u00f3w izolacji do zakrycia.     <\/p>\n<h3><b>Drzwi, okna i \u015bciany<\/b><\/h3>\n<p>Chocia\u017c przeci\u0105g z drzwi i okien jest prawdopodobnie najbardziej odczuwalny, de facto ich uszczelnienie przyniesie najmniejszy rezultat. Z drugiej strony, jest to praca, kt\u00f3r\u0105 bardzo \u0142atwo wykonasz samodzielnie. Mog\u0105 Ci si\u0119 przyda\u0107 samoprzylepne listwy (z materia\u0142\u00f3w takich jak filc, winyl, guma lub silikon), kt\u00f3re umie\u015bcisz po bokach okien lub przy drzwiach, b\u0105d\u017a proste uszczelnienie piankowe, kt\u00f3re znajdzie swoje zastosowanie za gniazdkami elektrycznymi na \u015bcianach obwodowych.  <\/p>\n<p><em>A co dalej? Pozostaje tylko usi\u0105\u015b\u0107 i cieszy\u0107 si\u0119 ciep\u0142em domowego ogniska.  <\/em><\/p>\n<h5>\u0179r\u00f3d\u0142o:<\/h5>\n<h5>https:\/\/www.YouTube.com<\/h5>\n<h5>https:\/\/www.motherearthliving.com\/<\/h5>\n<h5>https:\/\/www.archivosweb.com\/<\/h5>\n<h5>https:\/\/energy.gov\/<\/h5>\n","protected":false},"excerpt":{"rendered":"<p>Czy to czujesz? W powietrzu jest\u2026 tak, jesie\u0144. A opr\u00f3cz niej, je\u015bli co\u015b jest nie tak, tak\u017ce przeci\u0105g. Je\u015bli, m\u00f3wi\u0105c potocznie, \u201eci\u0105gnie Ci\u0119 po plecach\u201d, prawdopodobnie w Twoim domu dochodzi do ucieczki ciep\u0142a. Jest to nieprzyjemne nie tylko ze wzgl\u0119d\u00f3w zdrowotnych, ale i ekonomicznych. Czy wiesz, \u017ce odpowiednio dobran\u0105 izolacj\u0105 mo\u017cesz zaoszcz\u0119dzi\u0107 nawet 10% na [&hellip;]<\/p>\n","protected":false},"author":2,"featured_media":46561,"comment_status":"open","ping_status":"open","sticky":false,"template":"","format":"standard","meta":{"_acf_changed":false,"inline_featured_image":false,"footnotes":""},"categories":[570],"tags":[],"class_list":["post-46560","post","type-post","status-publish","format-standard","has-post-thumbnail","hentry","category-bez-kategorii"],"acf":[],"yoast_head":"<!-- This site is optimized with the Yoast SEO plugin v27.4 - https:\/\/yoast.com\/product\/yoast-seo-wordpress\/ -->\n<title>Czy czujesz przeci\u0105g? Jak znale\u017a\u0107 i naprawi\u0107 nieszczelno\u015bci powietrza w Twoim domu - GARDEON<\/title>\n<meta name=\"robots\" content=\"index, follow, max-snippet:-1, max-image-preview:large, max-video-preview:-1\" \/>\n<link rel=\"canonical\" href=\"https:\/\/gardeon.pl\/pl\/blog\/czy-czujesz-przeciag-jak-znalezc-i-naprawic-nieszczelnosci-powietrza-w-twoim-domu\/\" \/>\n<meta property=\"og:locale\" content=\"pl_PL\" \/>\n<meta property=\"og:type\" content=\"article\" \/>\n<meta property=\"og:title\" content=\"Czy czujesz przeci\u0105g? Jak znale\u017a\u0107 i naprawi\u0107 nieszczelno\u015bci powietrza w Twoim domu - GARDEON\" \/>\n<meta property=\"og:description\" content=\"Czy to czujesz? W powietrzu jest\u2026 tak, jesie\u0144. A opr\u00f3cz niej, je\u015bli co\u015b jest nie tak, tak\u017ce przeci\u0105g. Je\u015bli, m\u00f3wi\u0105c potocznie, \u201eci\u0105gnie Ci\u0119 po plecach\u201d, prawdopodobnie w Twoim domu dochodzi do ucieczki ciep\u0142a. Jest to nieprzyjemne nie tylko ze wzgl\u0119d\u00f3w zdrowotnych, ale i ekonomicznych. Czy wiesz, \u017ce odpowiednio dobran\u0105 izolacj\u0105 mo\u017cesz zaoszcz\u0119dzi\u0107 nawet 10% na [&hellip;]\" \/>\n<meta property=\"og:url\" content=\"https:\/\/gardeon.pl\/pl\/blog\/czy-czujesz-przeciag-jak-znalezc-i-naprawic-nieszczelnosci-powietrza-w-twoim-domu\/\" \/>\n<meta property=\"og:site_name\" content=\"GARDEON\" \/>\n<meta property=\"article:published_time\" content=\"2026-04-23T17:04:24+00:00\" \/>\n<meta property=\"og:image\" content=\"http:\/\/gardeon.pl\/wp-content\/uploads\/2017\/11\/caulk_18230501.jpg\" \/>\n\t<meta property=\"og:image:width\" content=\"706\" \/>\n\t<meta property=\"og:image:height\" content=\"493\" \/>\n\t<meta property=\"og:image:type\" content=\"image\/jpeg\" \/>\n<meta name=\"author\" content=\"editor\" \/>\n<meta name=\"twitter:card\" content=\"summary_large_image\" \/>\n<meta name=\"twitter:label1\" content=\"Napisane przez\" \/>\n\t<meta name=\"twitter:data1\" content=\"editor\" \/>\n\t<meta name=\"twitter:label2\" content=\"Szacowany czas czytania\" \/>\n\t<meta name=\"twitter:data2\" content=\"4 minuty\" \/>\n<script type=\"application\/ld+json\" class=\"yoast-schema-graph\">{\"@context\":\"https:\\\/\\\/schema.org\",\"@graph\":[{\"@type\":\"Article\",\"@id\":\"https:\\\/\\\/gardeon.pl\\\/pl\\\/blog\\\/czy-czujesz-przeciag-jak-znalezc-i-naprawic-nieszczelnosci-powietrza-w-twoim-domu\\\/#article\",\"isPartOf\":{\"@id\":\"https:\\\/\\\/gardeon.pl\\\/pl\\\/blog\\\/czy-czujesz-przeciag-jak-znalezc-i-naprawic-nieszczelnosci-powietrza-w-twoim-domu\\\/\"},\"author\":{\"name\":\"editor\",\"@id\":\"https:\\\/\\\/gardeon.pl\\\/#\\\/schema\\\/person\\\/a5762ca5f0790bf92774af0899379463\"},\"headline\":\"Czy czujesz przeci\u0105g? Jak znale\u017a\u0107 i naprawi\u0107 nieszczelno\u015bci powietrza w Twoim domu\",\"datePublished\":\"2026-04-23T17:04:24+00:00\",\"mainEntityOfPage\":{\"@id\":\"https:\\\/\\\/gardeon.pl\\\/pl\\\/blog\\\/czy-czujesz-przeciag-jak-znalezc-i-naprawic-nieszczelnosci-powietrza-w-twoim-domu\\\/\"},\"wordCount\":838,\"commentCount\":0,\"image\":{\"@id\":\"https:\\\/\\\/gardeon.pl\\\/pl\\\/blog\\\/czy-czujesz-przeciag-jak-znalezc-i-naprawic-nieszczelnosci-powietrza-w-twoim-domu\\\/#primaryimage\"},\"thumbnailUrl\":\"https:\\\/\\\/gardeon.pl\\\/wp-content\\\/uploads\\\/2017\\\/11\\\/caulk_18230501.jpg\",\"inLanguage\":\"pl-PL\",\"potentialAction\":[{\"@type\":\"CommentAction\",\"name\":\"Comment\",\"target\":[\"https:\\\/\\\/gardeon.pl\\\/pl\\\/blog\\\/czy-czujesz-przeciag-jak-znalezc-i-naprawic-nieszczelnosci-powietrza-w-twoim-domu\\\/#respond\"]}]},{\"@type\":\"WebPage\",\"@id\":\"https:\\\/\\\/gardeon.pl\\\/pl\\\/blog\\\/czy-czujesz-przeciag-jak-znalezc-i-naprawic-nieszczelnosci-powietrza-w-twoim-domu\\\/\",\"url\":\"https:\\\/\\\/gardeon.pl\\\/pl\\\/blog\\\/czy-czujesz-przeciag-jak-znalezc-i-naprawic-nieszczelnosci-powietrza-w-twoim-domu\\\/\",\"name\":\"Czy czujesz przeci\u0105g? Jak znale\u017a\u0107 i naprawi\u0107 nieszczelno\u015bci powietrza w Twoim domu - GARDEON\",\"isPartOf\":{\"@id\":\"https:\\\/\\\/gardeon.pl\\\/#website\"},\"primaryImageOfPage\":{\"@id\":\"https:\\\/\\\/gardeon.pl\\\/pl\\\/blog\\\/czy-czujesz-przeciag-jak-znalezc-i-naprawic-nieszczelnosci-powietrza-w-twoim-domu\\\/#primaryimage\"},\"image\":{\"@id\":\"https:\\\/\\\/gardeon.pl\\\/pl\\\/blog\\\/czy-czujesz-przeciag-jak-znalezc-i-naprawic-nieszczelnosci-powietrza-w-twoim-domu\\\/#primaryimage\"},\"thumbnailUrl\":\"https:\\\/\\\/gardeon.pl\\\/wp-content\\\/uploads\\\/2017\\\/11\\\/caulk_18230501.jpg\",\"datePublished\":\"2026-04-23T17:04:24+00:00\",\"author\":{\"@id\":\"https:\\\/\\\/gardeon.pl\\\/#\\\/schema\\\/person\\\/a5762ca5f0790bf92774af0899379463\"},\"breadcrumb\":{\"@id\":\"https:\\\/\\\/gardeon.pl\\\/pl\\\/blog\\\/czy-czujesz-przeciag-jak-znalezc-i-naprawic-nieszczelnosci-powietrza-w-twoim-domu\\\/#breadcrumb\"},\"inLanguage\":\"pl-PL\",\"potentialAction\":[{\"@type\":\"ReadAction\",\"target\":[\"https:\\\/\\\/gardeon.pl\\\/pl\\\/blog\\\/czy-czujesz-przeciag-jak-znalezc-i-naprawic-nieszczelnosci-powietrza-w-twoim-domu\\\/\"]}]},{\"@type\":\"ImageObject\",\"inLanguage\":\"pl-PL\",\"@id\":\"https:\\\/\\\/gardeon.pl\\\/pl\\\/blog\\\/czy-czujesz-przeciag-jak-znalezc-i-naprawic-nieszczelnosci-powietrza-w-twoim-domu\\\/#primaryimage\",\"url\":\"https:\\\/\\\/gardeon.pl\\\/wp-content\\\/uploads\\\/2017\\\/11\\\/caulk_18230501.jpg\",\"contentUrl\":\"https:\\\/\\\/gardeon.pl\\\/wp-content\\\/uploads\\\/2017\\\/11\\\/caulk_18230501.jpg\",\"width\":706,\"height\":493,\"caption\":\"Uszczelnienie okna silikonem\"},{\"@type\":\"BreadcrumbList\",\"@id\":\"https:\\\/\\\/gardeon.pl\\\/pl\\\/blog\\\/czy-czujesz-przeciag-jak-znalezc-i-naprawic-nieszczelnosci-powietrza-w-twoim-domu\\\/#breadcrumb\",\"itemListElement\":[{\"@type\":\"ListItem\",\"position\":1,\"name\":\"Domov\",\"item\":\"https:\\\/\\\/gardeon.pl\\\/pl\\\/\"},{\"@type\":\"ListItem\",\"position\":2,\"name\":\"Czy czujesz przeci\u0105g? Jak znale\u017a\u0107 i naprawi\u0107 nieszczelno\u015bci powietrza w Twoim domu\"}]},{\"@type\":\"WebSite\",\"@id\":\"https:\\\/\\\/gardeon.pl\\\/#website\",\"url\":\"https:\\\/\\\/gardeon.pl\\\/\",\"name\":\"GARDEON\",\"description\":\"\",\"potentialAction\":[{\"@type\":\"SearchAction\",\"target\":{\"@type\":\"EntryPoint\",\"urlTemplate\":\"https:\\\/\\\/gardeon.pl\\\/?s={search_term_string}\"},\"query-input\":{\"@type\":\"PropertyValueSpecification\",\"valueRequired\":true,\"valueName\":\"search_term_string\"}}],\"inLanguage\":\"pl-PL\"},{\"@type\":\"Person\",\"@id\":\"https:\\\/\\\/gardeon.pl\\\/#\\\/schema\\\/person\\\/a5762ca5f0790bf92774af0899379463\",\"name\":\"editor\",\"image\":{\"@type\":\"ImageObject\",\"inLanguage\":\"pl-PL\",\"@id\":\"https:\\\/\\\/secure.gravatar.com\\\/avatar\\\/2b748151c2c748327307fd289a91b3bdafdd9e64e2d000e65e53d6dcf11c5830?s=96&d=mm&r=g\",\"url\":\"https:\\\/\\\/secure.gravatar.com\\\/avatar\\\/2b748151c2c748327307fd289a91b3bdafdd9e64e2d000e65e53d6dcf11c5830?s=96&d=mm&r=g\",\"contentUrl\":\"https:\\\/\\\/secure.gravatar.com\\\/avatar\\\/2b748151c2c748327307fd289a91b3bdafdd9e64e2d000e65e53d6dcf11c5830?s=96&d=mm&r=g\",\"caption\":\"editor\"}}]}<\/script>\n<!-- \/ Yoast SEO plugin. -->","yoast_head_json":{"title":"Czy czujesz przeci\u0105g? Jak znale\u017a\u0107 i naprawi\u0107 nieszczelno\u015bci powietrza w Twoim domu - GARDEON","robots":{"index":"index","follow":"follow","max-snippet":"max-snippet:-1","max-image-preview":"max-image-preview:large","max-video-preview":"max-video-preview:-1"},"canonical":"https:\/\/gardeon.pl\/pl\/blog\/czy-czujesz-przeciag-jak-znalezc-i-naprawic-nieszczelnosci-powietrza-w-twoim-domu\/","og_locale":"pl_PL","og_type":"article","og_title":"Czy czujesz przeci\u0105g? Jak znale\u017a\u0107 i naprawi\u0107 nieszczelno\u015bci powietrza w Twoim domu - GARDEON","og_description":"Czy to czujesz? W powietrzu jest\u2026 tak, jesie\u0144. A opr\u00f3cz niej, je\u015bli co\u015b jest nie tak, tak\u017ce przeci\u0105g. Je\u015bli, m\u00f3wi\u0105c potocznie, \u201eci\u0105gnie Ci\u0119 po plecach\u201d, prawdopodobnie w Twoim domu dochodzi do ucieczki ciep\u0142a. Jest to nieprzyjemne nie tylko ze wzgl\u0119d\u00f3w zdrowotnych, ale i ekonomicznych. Czy wiesz, \u017ce odpowiednio dobran\u0105 izolacj\u0105 mo\u017cesz zaoszcz\u0119dzi\u0107 nawet 10% na [&hellip;]","og_url":"https:\/\/gardeon.pl\/pl\/blog\/czy-czujesz-przeciag-jak-znalezc-i-naprawic-nieszczelnosci-powietrza-w-twoim-domu\/","og_site_name":"GARDEON","article_published_time":"2026-04-23T17:04:24+00:00","og_image":[{"width":706,"height":493,"url":"http:\/\/gardeon.pl\/wp-content\/uploads\/2017\/11\/caulk_18230501.jpg","type":"image\/jpeg"}],"author":"editor","twitter_card":"summary_large_image","twitter_misc":{"Napisane przez":"editor","Szacowany czas czytania":"4 minuty"},"schema":{"@context":"https:\/\/schema.org","@graph":[{"@type":"Article","@id":"https:\/\/gardeon.pl\/pl\/blog\/czy-czujesz-przeciag-jak-znalezc-i-naprawic-nieszczelnosci-powietrza-w-twoim-domu\/#article","isPartOf":{"@id":"https:\/\/gardeon.pl\/pl\/blog\/czy-czujesz-przeciag-jak-znalezc-i-naprawic-nieszczelnosci-powietrza-w-twoim-domu\/"},"author":{"name":"editor","@id":"https:\/\/gardeon.pl\/#\/schema\/person\/a5762ca5f0790bf92774af0899379463"},"headline":"Czy czujesz przeci\u0105g? Jak znale\u017a\u0107 i naprawi\u0107 nieszczelno\u015bci powietrza w Twoim domu","datePublished":"2026-04-23T17:04:24+00:00","mainEntityOfPage":{"@id":"https:\/\/gardeon.pl\/pl\/blog\/czy-czujesz-przeciag-jak-znalezc-i-naprawic-nieszczelnosci-powietrza-w-twoim-domu\/"},"wordCount":838,"commentCount":0,"image":{"@id":"https:\/\/gardeon.pl\/pl\/blog\/czy-czujesz-przeciag-jak-znalezc-i-naprawic-nieszczelnosci-powietrza-w-twoim-domu\/#primaryimage"},"thumbnailUrl":"https:\/\/gardeon.pl\/wp-content\/uploads\/2017\/11\/caulk_18230501.jpg","inLanguage":"pl-PL","potentialAction":[{"@type":"CommentAction","name":"Comment","target":["https:\/\/gardeon.pl\/pl\/blog\/czy-czujesz-przeciag-jak-znalezc-i-naprawic-nieszczelnosci-powietrza-w-twoim-domu\/#respond"]}]},{"@type":"WebPage","@id":"https:\/\/gardeon.pl\/pl\/blog\/czy-czujesz-przeciag-jak-znalezc-i-naprawic-nieszczelnosci-powietrza-w-twoim-domu\/","url":"https:\/\/gardeon.pl\/pl\/blog\/czy-czujesz-przeciag-jak-znalezc-i-naprawic-nieszczelnosci-powietrza-w-twoim-domu\/","name":"Czy czujesz przeci\u0105g? Jak znale\u017a\u0107 i naprawi\u0107 nieszczelno\u015bci powietrza w Twoim domu - GARDEON","isPartOf":{"@id":"https:\/\/gardeon.pl\/#website"},"primaryImageOfPage":{"@id":"https:\/\/gardeon.pl\/pl\/blog\/czy-czujesz-przeciag-jak-znalezc-i-naprawic-nieszczelnosci-powietrza-w-twoim-domu\/#primaryimage"},"image":{"@id":"https:\/\/gardeon.pl\/pl\/blog\/czy-czujesz-przeciag-jak-znalezc-i-naprawic-nieszczelnosci-powietrza-w-twoim-domu\/#primaryimage"},"thumbnailUrl":"https:\/\/gardeon.pl\/wp-content\/uploads\/2017\/11\/caulk_18230501.jpg","datePublished":"2026-04-23T17:04:24+00:00","author":{"@id":"https:\/\/gardeon.pl\/#\/schema\/person\/a5762ca5f0790bf92774af0899379463"},"breadcrumb":{"@id":"https:\/\/gardeon.pl\/pl\/blog\/czy-czujesz-przeciag-jak-znalezc-i-naprawic-nieszczelnosci-powietrza-w-twoim-domu\/#breadcrumb"},"inLanguage":"pl-PL","potentialAction":[{"@type":"ReadAction","target":["https:\/\/gardeon.pl\/pl\/blog\/czy-czujesz-przeciag-jak-znalezc-i-naprawic-nieszczelnosci-powietrza-w-twoim-domu\/"]}]},{"@type":"ImageObject","inLanguage":"pl-PL","@id":"https:\/\/gardeon.pl\/pl\/blog\/czy-czujesz-przeciag-jak-znalezc-i-naprawic-nieszczelnosci-powietrza-w-twoim-domu\/#primaryimage","url":"https:\/\/gardeon.pl\/wp-content\/uploads\/2017\/11\/caulk_18230501.jpg","contentUrl":"https:\/\/gardeon.pl\/wp-content\/uploads\/2017\/11\/caulk_18230501.jpg","width":706,"height":493,"caption":"Uszczelnienie okna silikonem"},{"@type":"BreadcrumbList","@id":"https:\/\/gardeon.pl\/pl\/blog\/czy-czujesz-przeciag-jak-znalezc-i-naprawic-nieszczelnosci-powietrza-w-twoim-domu\/#breadcrumb","itemListElement":[{"@type":"ListItem","position":1,"name":"Domov","item":"https:\/\/gardeon.pl\/pl\/"},{"@type":"ListItem","position":2,"name":"Czy czujesz przeci\u0105g? Jak znale\u017a\u0107 i naprawi\u0107 nieszczelno\u015bci powietrza w Twoim domu"}]},{"@type":"WebSite","@id":"https:\/\/gardeon.pl\/#website","url":"https:\/\/gardeon.pl\/","name":"GARDEON","description":"","potentialAction":[{"@type":"SearchAction","target":{"@type":"EntryPoint","urlTemplate":"https:\/\/gardeon.pl\/?s={search_term_string}"},"query-input":{"@type":"PropertyValueSpecification","valueRequired":true,"valueName":"search_term_string"}}],"inLanguage":"pl-PL"},{"@type":"Person","@id":"https:\/\/gardeon.pl\/#\/schema\/person\/a5762ca5f0790bf92774af0899379463","name":"editor","image":{"@type":"ImageObject","inLanguage":"pl-PL","@id":"https:\/\/secure.gravatar.com\/avatar\/2b748151c2c748327307fd289a91b3bdafdd9e64e2d000e65e53d6dcf11c5830?s=96&d=mm&r=g","url":"https:\/\/secure.gravatar.com\/avatar\/2b748151c2c748327307fd289a91b3bdafdd9e64e2d000e65e53d6dcf11c5830?s=96&d=mm&r=g","contentUrl":"https:\/\/secure.gravatar.com\/avatar\/2b748151c2c748327307fd289a91b3bdafdd9e64e2d000e65e53d6dcf11c5830?s=96&d=mm&r=g","caption":"editor"}}]}},"_links":{"self":[{"href":"https:\/\/gardeon.pl\/pl\/wp-json\/wp\/v2\/posts\/46560","targetHints":{"allow":["GET"]}}],"collection":[{"href":"https:\/\/gardeon.pl\/pl\/wp-json\/wp\/v2\/posts"}],"about":[{"href":"https:\/\/gardeon.pl\/pl\/wp-json\/wp\/v2\/types\/post"}],"author":[{"embeddable":true,"href":"https:\/\/gardeon.pl\/pl\/wp-json\/wp\/v2\/users\/2"}],"replies":[{"embeddable":true,"href":"https:\/\/gardeon.pl\/pl\/wp-json\/wp\/v2\/comments?post=46560"}],"version-history":[{"count":0,"href":"https:\/\/gardeon.pl\/pl\/wp-json\/wp\/v2\/posts\/46560\/revisions"}],"wp:featuredmedia":[{"embeddable":true,"href":"https:\/\/gardeon.pl\/pl\/wp-json\/wp\/v2\/media\/46561"}],"wp:attachment":[{"href":"https:\/\/gardeon.pl\/pl\/wp-json\/wp\/v2\/media?parent=46560"}],"wp:term":[{"taxonomy":"category","embeddable":true,"href":"https:\/\/gardeon.pl\/pl\/wp-json\/wp\/v2\/categories?post=46560"},{"taxonomy":"post_tag","embeddable":true,"href":"https:\/\/gardeon.pl\/pl\/wp-json\/wp\/v2\/tags?post=46560"}],"curies":[{"name":"wp","href":"https:\/\/api.w.org\/{rel}","templated":true}]}}