{"id":46564,"date":"2026-04-23T19:04:24","date_gmt":"2026-04-23T17:04:24","guid":{"rendered":"https:\/\/gardeon.pl\/?p=46564"},"modified":"2026-04-23T19:04:24","modified_gmt":"2026-04-23T17:04:24","slug":"jaki-kolor-powinien-miec-panstwa-domek-ogrodowy","status":"publish","type":"post","link":"https:\/\/gardeon.pl\/pl\/blog\/jaki-kolor-powinien-miec-panstwa-domek-ogrodowy\/","title":{"rendered":"Jaki kolor powinien mie\u0107 Pa\u0144stwa domek ogrodowy?"},"content":{"rendered":"<p><i>Kupili Pa\u0144stwo nowy domek ogrodowy i ju\u017c teraz zastanawiaj\u0105 si\u0119 nad jego przemalowaniem? A mo\u017ce znudzi\u0142 si\u0119 Pa\u0144stwu widok obecnego, kt\u00f3ry zas\u0142ugiwa\u0142by na now\u0105 pow\u0142ok\u0119 malarsk\u0105? Jednak wyb\u00f3r odpowiedniego koloru nie jest tak \u0142atwy, jak mog\u0142oby si\u0119 wydawa\u0107 na pierwszy rzut oka. Wp\u0142ywa na to kilka czynnik\u00f3w.    <\/i><\/p>\n<p><!--more--><\/p>\n<h2>Jaki jest cel samego domku?<\/h2>\n<p>Przy wyborze <a href=\"http:\/\/gardeon.pl\/zahradne-domceky\/vyber\/aku-farbu-omietky\/\">koloru<\/a> prosz\u0119 wzi\u0105\u0107 pod uwag\u0119, do jakiego celu obecnie <a href=\"http:\/\/gardeon.pl\/zahradne-domceky\/vyber\/rozmery-a-vysky\/\">u\u017cywaj\u0105 Pa\u0144stwo<\/a> domku lub b\u0119d\u0105 go u\u017cywa\u0107. Czy b\u0119dzie to sezonowe, romantyczne miejsce do siedzenia? A mo\u017ce g\u0142owa rodziny planuje w nim majsterkowa\u0107, ewentualnie pos\u0142u\u017cy jako szopa? Kolor nadaje domkowi okre\u015blony charakter, cho\u0107 nigdzie nie jest powiedziane, \u017ce nie mo\u017cna mie\u0107 na przyk\u0142ad r\u00f3\u017cowego domku na narz\u0119dzia :-)   <\/p>\n<h2>Z jakiego materia\u0142u wykonany jest domek?<\/h2>\n<p>Na to, jak ostatecznie b\u0119dzie wygl\u0105da\u0142 kolor, ma wp\u0142yw sam materia\u0142, z kt\u00f3rego wykonany jest domek. Bia\u0142y drewniany domek b\u0119dzie sprawia\u0142 inne wra\u017cenie ni\u017c bia\u0142y, modu\u0142owy domek stalowy. <\/p>\n<h2>Gdzie w ogrodzie znajduje si\u0119 domek?<\/h2>\n<p>Je\u015bli domek stoi w pobli\u017cu domu rodzinnego lub ogrodzenia, prosz\u0119 rozwa\u017cy\u0107, czy chc\u0105 Pa\u0144stwo go podkre\u015bli\u0107, dopasowa\u0107, czy pozwoli\u0107 mu wtopi\u0107 si\u0119 w otoczenie. Wyrazistym i przyjemnym czynnikiem kolorystycznym w ogrodzie s\u0105 oczywi\u015bcie kwiaty. Czy Pa\u0144stwa rabaty mieni\u0105 si\u0119 r\u00f3\u017cnorodno\u015bci\u0105, czy raczej jednym kolorem?  <\/p>\n<p>Po udzieleniu odpowiedzi na te trzy pytania przyjrzyjmy si\u0119 mo\u017cliwym wyborom kolor\u00f3w dla Pa\u0144stwa domku ogrodowego.<\/p>\n<h3>Odcienie zieleni<\/h3>\n<p>Te kolory doskonale wkomponuj\u0105 si\u0119 w otoczenie niemal ka\u017cdego ogrodu. B\u0119d\u0105 doskona\u0142ym wyborem, je\u015bli chc\u0105 Pa\u0144stwo, aby domek przyjemnie wtopi\u0142 si\u0119 w otoczenie i nie rzuca\u0142 si\u0119 zbytnio w oczy. Odcienie zieleni s\u0105 naturalne, nienachalne i pi\u0119knie prezentuj\u0105 si\u0119 zar\u00f3wno na drewnianej konstrukcji, jak i na nowoczesnym <a href=\"http:\/\/gardeon.pl\/zahradne-domceky\/\">domku modu\u0142owym<\/a>. Dzi\u0119ki swojej uniwersalno\u015bci nadaj\u0105 si\u0119 do budynk\u00f3w o dowolnym przeznaczeniu.   <\/p>\n<p><img loading=\"lazy\" decoding=\"async\" class=\"aligncenter wp-image-17499\" src=\"http:\/\/gardeon.pl\/wp-content\/uploads\/2018\/08\/IMG_1774-copy-1024x683.jpg\" alt=\"Modu\u0142owy domek ogrodowy w zielonym tynku z drzwiami Hormann LPU40\" width=\"800\" height=\"533\"><\/p>\n<h3>Jasne odcienie<\/h3>\n<p>Jasnoszary kolor lub popularna ko\u015b\u0107 s\u0142oniowa pi\u0119knie na\u015bladuj\u0105 postarzany wygl\u0105d vintage. Je\u015bli zdecyduj\u0105 si\u0119 Pa\u0144stwo pomalowa\u0107 drewniany domek tymi odcieniami, efekt patyny jest gwarantowany. W ten spos\u00f3b \u0142atwo stworz\u0105 Pa\u0144stwo romantyczny zak\u0105tek, kt\u00f3ry mo\u017cna gustownie uzupe\u0142ni\u0107 meblami ogrodowymi w podobnych kolorach. Przy wyborze jasnych odcieni prosz\u0119 jednak zwr\u00f3ci\u0107 uwag\u0119, czy s\u0105 to farby przeznaczone do wn\u0119trz czy na zewn\u0105trz. Te do wn\u0119trz mog\u0105 bowiem wygl\u0105da\u0107 jeszcze ja\u015bniej w s\u0142o\u0144cu.    <\/p>\n<p><img loading=\"lazy\" decoding=\"async\" class=\"aligncenter wp-image-17493\" src=\"http:\/\/gardeon.pl\/wp-content\/uploads\/2018\/08\/IMG_1763-copy-1024x683.jpg\" alt=\"Domek ogrodowy na narz\u0119dzia z antracytowymi drzwiami Hormann, motyw m902\" width=\"800\" height=\"533\"><\/p>\n<h3>Kontrastowe kolory<\/h3>\n<p>Je\u015bli szukaj\u0105 Pa\u0144stwo czego\u015b naprawd\u0119 oryginalnego i wyrazistego, prosz\u0119 spr\u00f3bowa\u0107 pomalowa\u0107 drzwi na inny kolor ni\u017c reszta domku. Taki element stanie si\u0119 ciekawym urozmaiceniem Pa\u0144stwa ogrodu, kt\u00f3rego nie przeoczy \u017caden go\u015b\u0107 \u2013 prosz\u0119 pu\u015bci\u0107 wodze fantazji. <\/p>\n<p><img loading=\"lazy\" decoding=\"async\" class=\"aligncenter wp-image-21290\" src=\"http:\/\/gardeon.pl\/wp-content\/uploads\/2019\/10\/gardeon-zahradny-domcek-57.jpg\" alt=\"Modu\u0142owy domek ogrodowy GARDEON w bia\u0142ym tynku z br\u0105zowymi drzwiami Hormann LPU42\" width=\"800\" height=\"534\" srcset=\"https:\/\/gardeon.pl\/wp-content\/uploads\/2019\/10\/gardeon-zahradny-domcek-57.jpg 730w, https:\/\/gardeon.pl\/wp-content\/uploads\/2019\/10\/gardeon-zahradny-domcek-57-300x200.jpg 300w\" sizes=\"auto, (max-width: 800px) 100vw, 800px\" \/><\/p>\n<h3>Bia\u0142e kolory<\/h3>\n<p>Pragn\u0105 Pa\u0144stwo czego\u015b nowoczesnego, a jednocze\u015bnie delikatnego? Prosz\u0119 spr\u00f3bowa\u0107 bieli. Prosz\u0119 stworzy\u0107 w ogrodzie oaz\u0119 z nut\u0105 nadmorskiej atmosfery. Czysta biel pi\u0119knie wyr\u00f3\u017cni si\u0119 na przyk\u0142ad na modu\u0142owym domku ogrodowym. Cho\u0107 jest wykonany ze stali, dzi\u0119ki tynkowi wygl\u0105da jak murowana konstrukcja. Ponadto jest ca\u0142kowicie bezobs\u0142ugowy i odporny na kaprysy pogody, dzi\u0119ki czemu pow\u0142oka pozostanie nienaruszona przez lata.     <\/p>\n<p><img loading=\"lazy\" decoding=\"async\" class=\"aligncenter wp-image-19577\" src=\"http:\/\/gardeon.pl\/wp-content\/uploads\/2019\/05\/IMG_2691-copy-1024x682.jpg\" alt=\"Modu\u0142owy domek ogrodowy GARDEON w kolorze bia\u0142ym w ogrodzie\" width=\"800\" height=\"533\"><\/p>\n<h3>Kolory ogrodu<\/h3>\n<p>Przy wyborze kolor\u00f3w mog\u0105 Pa\u0144stwo r\u00f3wnie\u017c inspirowa\u0107 si\u0119 flor\u0105 w swoim ogrodzie. Czy Pa\u0144stwa domek jest otoczony \u017c\u00f3\u0142tymi lub czerwonymi kwiatami? Czy Pa\u0144stwa ogr\u00f3d utrzymany jest w okre\u015blonym tonie kolorystycznym, kt\u00f3ry wyra\u017anie dominuje nad wszystkimi innymi kolorami? Prosz\u0119 sobie wyobrazi\u0107 jasnozielony domek po\u015brodku r\u00f3\u017cowego, kwitn\u0105cego ogrodu! Czy to mo\u017cliwe?    <\/p>\n<p><img loading=\"lazy\" decoding=\"async\" class=\"aligncenter wp-image-19988\" src=\"http:\/\/gardeon.pl\/wp-content\/uploads\/2015\/06\/gardeon-zahradny-domcek-14.jpg\" alt=\"\" width=\"800\" height=\"535\" srcset=\"https:\/\/gardeon.pl\/wp-content\/uploads\/2015\/06\/gardeon-zahradny-domcek-14.jpg 1000w, https:\/\/gardeon.pl\/wp-content\/uploads\/2015\/06\/gardeon-zahradny-domcek-14-300x201.jpg 300w, https:\/\/gardeon.pl\/wp-content\/uploads\/2015\/06\/gardeon-zahradny-domcek-14-768x514.jpg 768w\" sizes=\"auto, (max-width: 800px) 100vw, 800px\" \/><\/p>\n<h3>Ciemne i czarne kolory<\/h3>\n<p>Nie musz\u0105 si\u0119 Pa\u0144stwo obawia\u0107 nawet czerni. Starszy domek pomalowany na czarno b\u0119dzie wygl\u0105da\u0142 renesansowo i nada ogrodowi starodawny akcent. Zale\u017cy to jednak r\u00f3wnie\u017c od otoczenia, w kt\u00f3rym si\u0119 znajduje \u2013 czy si\u0119 wyr\u00f3\u017cni, czy wr\u0119cz przeciwnie, wtopi si\u0119 w otoczenie, zale\u017cy wy\u0142\u0105cznie od Pa\u0144stwa.  <\/p>\n<p><img loading=\"lazy\" decoding=\"async\" class=\"aligncenter wp-image-21274\" src=\"http:\/\/gardeon.pl\/wp-content\/uploads\/2019\/10\/gardeon-zahradny-domcek-49.jpg\" alt=\"Modu\u0142owy domek ogrodowy GARDEON z antracytowymi akcesoriami\" width=\"800\" height=\"534\" srcset=\"https:\/\/gardeon.pl\/wp-content\/uploads\/2019\/10\/gardeon-zahradny-domcek-49.jpg 730w, https:\/\/gardeon.pl\/wp-content\/uploads\/2019\/10\/gardeon-zahradny-domcek-49-300x200.jpg 300w\" sizes=\"auto, (max-width: 800px) 100vw, 800px\" \/><\/p>\n<p style=\"text-align: center;\"><em>Wi\u0119cej inspiracji znajd\u0105 Pa\u0144stwo r\u00f3wnie\u017c na naszym Facebooku TUTAJ&#8211;&gt; <a href=\"https:\/\/www.facebook.com\/gardeonSK\/\">www.facebook.com\/gardeonSK<\/a><\/em><\/p>\n<p>&nbsp;<\/p>\n","protected":false},"excerpt":{"rendered":"<p>Kupili Pa\u0144stwo nowy domek ogrodowy i ju\u017c teraz zastanawiaj\u0105 si\u0119 nad jego przemalowaniem? A mo\u017ce znudzi\u0142 si\u0119 Pa\u0144stwu widok obecnego, kt\u00f3ry zas\u0142ugiwa\u0142by na now\u0105 pow\u0142ok\u0119 malarsk\u0105? Jednak wyb\u00f3r odpowiedniego koloru nie jest tak \u0142atwy, jak mog\u0142oby si\u0119 wydawa\u0107 na pierwszy rzut oka. Wp\u0142ywa na to kilka czynnik\u00f3w.<\/p>\n","protected":false},"author":2,"featured_media":46565,"comment_status":"open","ping_status":"open","sticky":false,"template":"","format":"standard","meta":{"_acf_changed":false,"inline_featured_image":false,"footnotes":""},"categories":[632,607],"tags":[],"class_list":["post-46564","post","type-post","status-publish","format-standard","has-post-thumbnail","hentry","category-domki-ogrodowe","category-inspiracje"],"acf":[],"yoast_head":"<!-- This site is optimized with the Yoast SEO plugin v27.4 - https:\/\/yoast.com\/product\/yoast-seo-wordpress\/ -->\n<title>Jaki kolor powinien mie\u0107 Pa\u0144stwa domek ogrodowy? - GARDEON<\/title>\n<meta name=\"robots\" content=\"index, follow, max-snippet:-1, max-image-preview:large, max-video-preview:-1\" \/>\n<link rel=\"canonical\" href=\"https:\/\/gardeon.pl\/pl\/blog\/jaki-kolor-powinien-miec-panstwa-domek-ogrodowy\/\" \/>\n<meta property=\"og:locale\" content=\"pl_PL\" \/>\n<meta property=\"og:type\" content=\"article\" \/>\n<meta property=\"og:title\" content=\"Jaki kolor powinien mie\u0107 Pa\u0144stwa domek ogrodowy? - GARDEON\" \/>\n<meta property=\"og:description\" content=\"Kupili Pa\u0144stwo nowy domek ogrodowy i ju\u017c teraz zastanawiaj\u0105 si\u0119 nad jego przemalowaniem? A mo\u017ce znudzi\u0142 si\u0119 Pa\u0144stwu widok obecnego, kt\u00f3ry zas\u0142ugiwa\u0142by na now\u0105 pow\u0142ok\u0119 malarsk\u0105? Jednak wyb\u00f3r odpowiedniego koloru nie jest tak \u0142atwy, jak mog\u0142oby si\u0119 wydawa\u0107 na pierwszy rzut oka. Wp\u0142ywa na to kilka czynnik\u00f3w.\" \/>\n<meta property=\"og:url\" content=\"https:\/\/gardeon.pl\/pl\/blog\/jaki-kolor-powinien-miec-panstwa-domek-ogrodowy\/\" \/>\n<meta property=\"og:site_name\" content=\"GARDEON\" \/>\n<meta property=\"article:published_time\" content=\"2026-04-23T17:04:24+00:00\" \/>\n<meta property=\"og:image\" content=\"http:\/\/gardeon.pl\/wp-content\/uploads\/2017\/11\/DSC_0780-copy-scaled.jpg\" \/>\n\t<meta property=\"og:image:width\" content=\"2560\" \/>\n\t<meta property=\"og:image:height\" content=\"1700\" \/>\n\t<meta property=\"og:image:type\" content=\"image\/jpeg\" \/>\n<meta name=\"author\" content=\"editor\" \/>\n<meta name=\"twitter:card\" content=\"summary_large_image\" \/>\n<meta name=\"twitter:label1\" content=\"Napisane przez\" \/>\n\t<meta name=\"twitter:data1\" content=\"editor\" \/>\n\t<meta name=\"twitter:label2\" content=\"Szacowany czas czytania\" \/>\n\t<meta name=\"twitter:data2\" content=\"3 minuty\" \/>\n<script type=\"application\/ld+json\" class=\"yoast-schema-graph\">{\"@context\":\"https:\\\/\\\/schema.org\",\"@graph\":[{\"@type\":\"Article\",\"@id\":\"https:\\\/\\\/gardeon.pl\\\/pl\\\/blog\\\/jaki-kolor-powinien-miec-panstwa-domek-ogrodowy\\\/#article\",\"isPartOf\":{\"@id\":\"https:\\\/\\\/gardeon.pl\\\/pl\\\/blog\\\/jaki-kolor-powinien-miec-panstwa-domek-ogrodowy\\\/\"},\"author\":{\"name\":\"editor\",\"@id\":\"https:\\\/\\\/gardeon.pl\\\/#\\\/schema\\\/person\\\/a5762ca5f0790bf92774af0899379463\"},\"headline\":\"Jaki kolor powinien mie\u0107 Pa\u0144stwa domek ogrodowy?\",\"datePublished\":\"2026-04-23T17:04:24+00:00\",\"mainEntityOfPage\":{\"@id\":\"https:\\\/\\\/gardeon.pl\\\/pl\\\/blog\\\/jaki-kolor-powinien-miec-panstwa-domek-ogrodowy\\\/\"},\"wordCount\":686,\"commentCount\":0,\"image\":{\"@id\":\"https:\\\/\\\/gardeon.pl\\\/pl\\\/blog\\\/jaki-kolor-powinien-miec-panstwa-domek-ogrodowy\\\/#primaryimage\"},\"thumbnailUrl\":\"https:\\\/\\\/gardeon.pl\\\/wp-content\\\/uploads\\\/2017\\\/11\\\/DSC_0780-copy-scaled.jpg\",\"articleSection\":[\"Domki ogrodowe\",\"Inspiracje\"],\"inLanguage\":\"pl-PL\",\"potentialAction\":[{\"@type\":\"CommentAction\",\"name\":\"Comment\",\"target\":[\"https:\\\/\\\/gardeon.pl\\\/pl\\\/blog\\\/jaki-kolor-powinien-miec-panstwa-domek-ogrodowy\\\/#respond\"]}]},{\"@type\":\"WebPage\",\"@id\":\"https:\\\/\\\/gardeon.pl\\\/pl\\\/blog\\\/jaki-kolor-powinien-miec-panstwa-domek-ogrodowy\\\/\",\"url\":\"https:\\\/\\\/gardeon.pl\\\/pl\\\/blog\\\/jaki-kolor-powinien-miec-panstwa-domek-ogrodowy\\\/\",\"name\":\"Jaki kolor powinien mie\u0107 Pa\u0144stwa domek ogrodowy? - GARDEON\",\"isPartOf\":{\"@id\":\"https:\\\/\\\/gardeon.pl\\\/#website\"},\"primaryImageOfPage\":{\"@id\":\"https:\\\/\\\/gardeon.pl\\\/pl\\\/blog\\\/jaki-kolor-powinien-miec-panstwa-domek-ogrodowy\\\/#primaryimage\"},\"image\":{\"@id\":\"https:\\\/\\\/gardeon.pl\\\/pl\\\/blog\\\/jaki-kolor-powinien-miec-panstwa-domek-ogrodowy\\\/#primaryimage\"},\"thumbnailUrl\":\"https:\\\/\\\/gardeon.pl\\\/wp-content\\\/uploads\\\/2017\\\/11\\\/DSC_0780-copy-scaled.jpg\",\"datePublished\":\"2026-04-23T17:04:24+00:00\",\"author\":{\"@id\":\"https:\\\/\\\/gardeon.pl\\\/#\\\/schema\\\/person\\\/a5762ca5f0790bf92774af0899379463\"},\"breadcrumb\":{\"@id\":\"https:\\\/\\\/gardeon.pl\\\/pl\\\/blog\\\/jaki-kolor-powinien-miec-panstwa-domek-ogrodowy\\\/#breadcrumb\"},\"inLanguage\":\"pl-PL\",\"potentialAction\":[{\"@type\":\"ReadAction\",\"target\":[\"https:\\\/\\\/gardeon.pl\\\/pl\\\/blog\\\/jaki-kolor-powinien-miec-panstwa-domek-ogrodowy\\\/\"]}]},{\"@type\":\"ImageObject\",\"inLanguage\":\"pl-PL\",\"@id\":\"https:\\\/\\\/gardeon.pl\\\/pl\\\/blog\\\/jaki-kolor-powinien-miec-panstwa-domek-ogrodowy\\\/#primaryimage\",\"url\":\"https:\\\/\\\/gardeon.pl\\\/wp-content\\\/uploads\\\/2017\\\/11\\\/DSC_0780-copy-scaled.jpg\",\"contentUrl\":\"https:\\\/\\\/gardeon.pl\\\/wp-content\\\/uploads\\\/2017\\\/11\\\/DSC_0780-copy-scaled.jpg\",\"width\":2560,\"height\":1700,\"caption\":\"Domek ogrodowy w bia\u0142ym tynku przy domu\"},{\"@type\":\"BreadcrumbList\",\"@id\":\"https:\\\/\\\/gardeon.pl\\\/pl\\\/blog\\\/jaki-kolor-powinien-miec-panstwa-domek-ogrodowy\\\/#breadcrumb\",\"itemListElement\":[{\"@type\":\"ListItem\",\"position\":1,\"name\":\"Domov\",\"item\":\"https:\\\/\\\/gardeon.pl\\\/pl\\\/\"},{\"@type\":\"ListItem\",\"position\":2,\"name\":\"Jaki kolor powinien mie\u0107 Pa\u0144stwa domek ogrodowy?\"}]},{\"@type\":\"WebSite\",\"@id\":\"https:\\\/\\\/gardeon.pl\\\/#website\",\"url\":\"https:\\\/\\\/gardeon.pl\\\/\",\"name\":\"GARDEON\",\"description\":\"\",\"potentialAction\":[{\"@type\":\"SearchAction\",\"target\":{\"@type\":\"EntryPoint\",\"urlTemplate\":\"https:\\\/\\\/gardeon.pl\\\/?s={search_term_string}\"},\"query-input\":{\"@type\":\"PropertyValueSpecification\",\"valueRequired\":true,\"valueName\":\"search_term_string\"}}],\"inLanguage\":\"pl-PL\"},{\"@type\":\"Person\",\"@id\":\"https:\\\/\\\/gardeon.pl\\\/#\\\/schema\\\/person\\\/a5762ca5f0790bf92774af0899379463\",\"name\":\"editor\",\"image\":{\"@type\":\"ImageObject\",\"inLanguage\":\"pl-PL\",\"@id\":\"https:\\\/\\\/secure.gravatar.com\\\/avatar\\\/2b748151c2c748327307fd289a91b3bdafdd9e64e2d000e65e53d6dcf11c5830?s=96&d=mm&r=g\",\"url\":\"https:\\\/\\\/secure.gravatar.com\\\/avatar\\\/2b748151c2c748327307fd289a91b3bdafdd9e64e2d000e65e53d6dcf11c5830?s=96&d=mm&r=g\",\"contentUrl\":\"https:\\\/\\\/secure.gravatar.com\\\/avatar\\\/2b748151c2c748327307fd289a91b3bdafdd9e64e2d000e65e53d6dcf11c5830?s=96&d=mm&r=g\",\"caption\":\"editor\"}}]}<\/script>\n<!-- \/ Yoast SEO plugin. -->","yoast_head_json":{"title":"Jaki kolor powinien mie\u0107 Pa\u0144stwa domek ogrodowy? - GARDEON","robots":{"index":"index","follow":"follow","max-snippet":"max-snippet:-1","max-image-preview":"max-image-preview:large","max-video-preview":"max-video-preview:-1"},"canonical":"https:\/\/gardeon.pl\/pl\/blog\/jaki-kolor-powinien-miec-panstwa-domek-ogrodowy\/","og_locale":"pl_PL","og_type":"article","og_title":"Jaki kolor powinien mie\u0107 Pa\u0144stwa domek ogrodowy? - GARDEON","og_description":"Kupili Pa\u0144stwo nowy domek ogrodowy i ju\u017c teraz zastanawiaj\u0105 si\u0119 nad jego przemalowaniem? A mo\u017ce znudzi\u0142 si\u0119 Pa\u0144stwu widok obecnego, kt\u00f3ry zas\u0142ugiwa\u0142by na now\u0105 pow\u0142ok\u0119 malarsk\u0105? Jednak wyb\u00f3r odpowiedniego koloru nie jest tak \u0142atwy, jak mog\u0142oby si\u0119 wydawa\u0107 na pierwszy rzut oka. Wp\u0142ywa na to kilka czynnik\u00f3w.","og_url":"https:\/\/gardeon.pl\/pl\/blog\/jaki-kolor-powinien-miec-panstwa-domek-ogrodowy\/","og_site_name":"GARDEON","article_published_time":"2026-04-23T17:04:24+00:00","og_image":[{"width":2560,"height":1700,"url":"http:\/\/gardeon.pl\/wp-content\/uploads\/2017\/11\/DSC_0780-copy-scaled.jpg","type":"image\/jpeg"}],"author":"editor","twitter_card":"summary_large_image","twitter_misc":{"Napisane przez":"editor","Szacowany czas czytania":"3 minuty"},"schema":{"@context":"https:\/\/schema.org","@graph":[{"@type":"Article","@id":"https:\/\/gardeon.pl\/pl\/blog\/jaki-kolor-powinien-miec-panstwa-domek-ogrodowy\/#article","isPartOf":{"@id":"https:\/\/gardeon.pl\/pl\/blog\/jaki-kolor-powinien-miec-panstwa-domek-ogrodowy\/"},"author":{"name":"editor","@id":"https:\/\/gardeon.pl\/#\/schema\/person\/a5762ca5f0790bf92774af0899379463"},"headline":"Jaki kolor powinien mie\u0107 Pa\u0144stwa domek ogrodowy?","datePublished":"2026-04-23T17:04:24+00:00","mainEntityOfPage":{"@id":"https:\/\/gardeon.pl\/pl\/blog\/jaki-kolor-powinien-miec-panstwa-domek-ogrodowy\/"},"wordCount":686,"commentCount":0,"image":{"@id":"https:\/\/gardeon.pl\/pl\/blog\/jaki-kolor-powinien-miec-panstwa-domek-ogrodowy\/#primaryimage"},"thumbnailUrl":"https:\/\/gardeon.pl\/wp-content\/uploads\/2017\/11\/DSC_0780-copy-scaled.jpg","articleSection":["Domki ogrodowe","Inspiracje"],"inLanguage":"pl-PL","potentialAction":[{"@type":"CommentAction","name":"Comment","target":["https:\/\/gardeon.pl\/pl\/blog\/jaki-kolor-powinien-miec-panstwa-domek-ogrodowy\/#respond"]}]},{"@type":"WebPage","@id":"https:\/\/gardeon.pl\/pl\/blog\/jaki-kolor-powinien-miec-panstwa-domek-ogrodowy\/","url":"https:\/\/gardeon.pl\/pl\/blog\/jaki-kolor-powinien-miec-panstwa-domek-ogrodowy\/","name":"Jaki kolor powinien mie\u0107 Pa\u0144stwa domek ogrodowy? - GARDEON","isPartOf":{"@id":"https:\/\/gardeon.pl\/#website"},"primaryImageOfPage":{"@id":"https:\/\/gardeon.pl\/pl\/blog\/jaki-kolor-powinien-miec-panstwa-domek-ogrodowy\/#primaryimage"},"image":{"@id":"https:\/\/gardeon.pl\/pl\/blog\/jaki-kolor-powinien-miec-panstwa-domek-ogrodowy\/#primaryimage"},"thumbnailUrl":"https:\/\/gardeon.pl\/wp-content\/uploads\/2017\/11\/DSC_0780-copy-scaled.jpg","datePublished":"2026-04-23T17:04:24+00:00","author":{"@id":"https:\/\/gardeon.pl\/#\/schema\/person\/a5762ca5f0790bf92774af0899379463"},"breadcrumb":{"@id":"https:\/\/gardeon.pl\/pl\/blog\/jaki-kolor-powinien-miec-panstwa-domek-ogrodowy\/#breadcrumb"},"inLanguage":"pl-PL","potentialAction":[{"@type":"ReadAction","target":["https:\/\/gardeon.pl\/pl\/blog\/jaki-kolor-powinien-miec-panstwa-domek-ogrodowy\/"]}]},{"@type":"ImageObject","inLanguage":"pl-PL","@id":"https:\/\/gardeon.pl\/pl\/blog\/jaki-kolor-powinien-miec-panstwa-domek-ogrodowy\/#primaryimage","url":"https:\/\/gardeon.pl\/wp-content\/uploads\/2017\/11\/DSC_0780-copy-scaled.jpg","contentUrl":"https:\/\/gardeon.pl\/wp-content\/uploads\/2017\/11\/DSC_0780-copy-scaled.jpg","width":2560,"height":1700,"caption":"Domek ogrodowy w bia\u0142ym tynku przy domu"},{"@type":"BreadcrumbList","@id":"https:\/\/gardeon.pl\/pl\/blog\/jaki-kolor-powinien-miec-panstwa-domek-ogrodowy\/#breadcrumb","itemListElement":[{"@type":"ListItem","position":1,"name":"Domov","item":"https:\/\/gardeon.pl\/pl\/"},{"@type":"ListItem","position":2,"name":"Jaki kolor powinien mie\u0107 Pa\u0144stwa domek ogrodowy?"}]},{"@type":"WebSite","@id":"https:\/\/gardeon.pl\/#website","url":"https:\/\/gardeon.pl\/","name":"GARDEON","description":"","potentialAction":[{"@type":"SearchAction","target":{"@type":"EntryPoint","urlTemplate":"https:\/\/gardeon.pl\/?s={search_term_string}"},"query-input":{"@type":"PropertyValueSpecification","valueRequired":true,"valueName":"search_term_string"}}],"inLanguage":"pl-PL"},{"@type":"Person","@id":"https:\/\/gardeon.pl\/#\/schema\/person\/a5762ca5f0790bf92774af0899379463","name":"editor","image":{"@type":"ImageObject","inLanguage":"pl-PL","@id":"https:\/\/secure.gravatar.com\/avatar\/2b748151c2c748327307fd289a91b3bdafdd9e64e2d000e65e53d6dcf11c5830?s=96&d=mm&r=g","url":"https:\/\/secure.gravatar.com\/avatar\/2b748151c2c748327307fd289a91b3bdafdd9e64e2d000e65e53d6dcf11c5830?s=96&d=mm&r=g","contentUrl":"https:\/\/secure.gravatar.com\/avatar\/2b748151c2c748327307fd289a91b3bdafdd9e64e2d000e65e53d6dcf11c5830?s=96&d=mm&r=g","caption":"editor"}}]}},"_links":{"self":[{"href":"https:\/\/gardeon.pl\/pl\/wp-json\/wp\/v2\/posts\/46564","targetHints":{"allow":["GET"]}}],"collection":[{"href":"https:\/\/gardeon.pl\/pl\/wp-json\/wp\/v2\/posts"}],"about":[{"href":"https:\/\/gardeon.pl\/pl\/wp-json\/wp\/v2\/types\/post"}],"author":[{"embeddable":true,"href":"https:\/\/gardeon.pl\/pl\/wp-json\/wp\/v2\/users\/2"}],"replies":[{"embeddable":true,"href":"https:\/\/gardeon.pl\/pl\/wp-json\/wp\/v2\/comments?post=46564"}],"version-history":[{"count":0,"href":"https:\/\/gardeon.pl\/pl\/wp-json\/wp\/v2\/posts\/46564\/revisions"}],"wp:featuredmedia":[{"embeddable":true,"href":"https:\/\/gardeon.pl\/pl\/wp-json\/wp\/v2\/media\/46565"}],"wp:attachment":[{"href":"https:\/\/gardeon.pl\/pl\/wp-json\/wp\/v2\/media?parent=46564"}],"wp:term":[{"taxonomy":"category","embeddable":true,"href":"https:\/\/gardeon.pl\/pl\/wp-json\/wp\/v2\/categories?post=46564"},{"taxonomy":"post_tag","embeddable":true,"href":"https:\/\/gardeon.pl\/pl\/wp-json\/wp\/v2\/tags?post=46564"}],"curies":[{"name":"wp","href":"https:\/\/api.w.org\/{rel}","templated":true}]}}