{"id":46566,"date":"2026-04-23T19:04:23","date_gmt":"2026-04-23T17:04:23","guid":{"rendered":"https:\/\/gardeon.pl\/?p=46566"},"modified":"2026-04-23T19:04:23","modified_gmt":"2026-04-23T17:04:23","slug":"najczestsze-mity-na-temat-mycia-samochodu","status":"publish","type":"post","link":"https:\/\/gardeon.pl\/pl\/blog\/najczestsze-mity-na-temat-mycia-samochodu\/","title":{"rendered":"Najcz\u0119stsze mity na temat mycia samochodu"},"content":{"rendered":"<p><em>Czy Pa\u0144stwo r\u00f3wnie\u017c dbaj\u0105 sumiennie o swojego czworono\u017cnego ulubie\u0144ca? Regularnie go myj\u0105 i poleruj\u0105? Podpowiemy Pa\u0144stwu, jakie s\u0105 najcz\u0119stsze b\u0142\u0119dy pope\u0142niane podczas mycia samochod\u00f3w.   <\/em><\/p>\n<p><!--more--><\/p>\n<h3>Mit nr 1: Potrzebne s\u0105 silne \u015brodki czyszcz\u0105ce <\/h3>\n<p>Brzmi to mo\u017ce dziwnie, ale prawdopodobnie najcz\u0119stszym b\u0142\u0119dem, kt\u00f3ry wci\u0105\u017c pope\u0142nia wielu w\u0142a\u015bcicieli, jest stosowanie silnych, uniwersalnych \u015brodk\u00f3w czyszcz\u0105cych. Powinni\u015bmy po nie si\u0119ga\u0107 tylko w przypadku naprawd\u0119 uporczywych zabrudze\u0144, a i wtedy wy\u0142\u0105cznie po specjalne, przeznaczone do tego preparaty. \u017baden p\u0142yn do naczy\u0144 ani inne agresywne \u015brodki czyszcz\u0105ce stosowane w gospodarstwie domowym. Naruszaj\u0105 one bowiem warstw\u0119 ochronn\u0105 znajduj\u0105c\u0105 si\u0119 na powierzchni lakieru, przyspieszaj\u0105c tym samym jego utlenianie.   <\/p>\n<p><a href=\"http:\/\/gardeon.pl\/wp-content\/uploads\/2018\/06\/plesnistop.png\"><img loading=\"lazy\" decoding=\"async\" class=\"aligncenter wp-image-16961\" src=\"http:\/\/gardeon.pl\/wp-content\/uploads\/2018\/06\/plesnistop.png\" alt=\"PLESNI STOP preparat przeciw ple\u015bni\" width=\"240\" height=\"240\" srcset=\"https:\/\/gardeon.pl\/wp-content\/uploads\/2018\/06\/plesnistop.png 242w, https:\/\/gardeon.pl\/wp-content\/uploads\/2018\/06\/plesnistop-150x150.png 150w\" sizes=\"auto, (max-width: 240px) 100vw, 240px\" \/><\/a><\/p>\n<p>&nbsp;<\/p>\n<h3>Mit nr 2: Samoch\u00f3d mo\u017cna umy\u0107 w dowolnym momencie <\/h3>\n<p>Teoretycznie tak, ale&#8230; Je\u015bli chc\u0105 Pa\u0144stwo unikn\u0105\u0107 plam i uszkodze\u0144 lakieru, nie nale\u017cy my\u0107 samochodu w upalne ani mro\u017ane dni, a tak\u017ce tu\u017c po wy\u0142\u0105czeniu silnika. Podczas letnich upa\u0142\u00f3w woda nie tylko szybko wysycha, tworz\u0105c plamy na masce, ale r\u00f3wnie\u017c gwa\u0142townie sch\u0142adza rozgrzany lakier samochodowy, co powoduje powstawanie mikrop\u0119kni\u0119\u0107, kt\u00f3re z czasem staj\u0105 si\u0119 coraz bardziej widoczne. Dlatego zawsze nale\u017cy pozwoli\u0107 autu ostygn\u0105\u0107 w cieniu lub w gara\u017cu i dopiero wtedy przyst\u0105pi\u0107 do pracy.    <img loading=\"lazy\" decoding=\"async\" class=\"aligncenter wp-image-14370\" src=\"http:\/\/gardeon.pl\/wp-content\/uploads\/2017\/09\/garazenakluc.sk_-1024x576.jpg\" alt=\"Samochody zaparkowane w gara\u017cu\" width=\"800\" height=\"450\" srcset=\"https:\/\/gardeon.pl\/wp-content\/uploads\/2017\/09\/garazenakluc.sk_-1024x576.jpg 1024w, https:\/\/gardeon.pl\/wp-content\/uploads\/2017\/09\/garazenakluc.sk_-300x169.jpg 300w, https:\/\/gardeon.pl\/wp-content\/uploads\/2017\/09\/garazenakluc.sk_-768x432.jpg 768w, https:\/\/gardeon.pl\/wp-content\/uploads\/2017\/09\/garazenakluc.sk_-1536x864.jpg 1536w, https:\/\/gardeon.pl\/wp-content\/uploads\/2017\/09\/garazenakluc.sk_-1200x675-cropped.jpg 1200w, https:\/\/gardeon.pl\/wp-content\/uploads\/2017\/09\/garazenakluc.sk_.jpg 1920w\" sizes=\"auto, (max-width: 800px) 100vw, 800px\" \/><\/p>\n<p>W przypadku parkowania pod go\u0142ym niebem, w okresie zimowym zalecamy zd\u0105\u017cy\u0107 z umyciem samochodu, zanim temperatura zewn\u0119trzna spadnie poni\u017cej zera. Zamarzaj\u0105ca woda uszkadza bowiem nie tylko lakier, ale tak\u017ce przedni\u0105 szyb\u0119, zamki, uszczelki i wszystkie miejsca, do kt\u00f3rych si\u0119 dostanie. <\/p>\n<h3><\/h3>\n<h3>Mit nr 3: Mycie samochodu w deszczu jest \u0142atwiejsze <\/h3>\n<p>Ci, kt\u00f3rzy ju\u017c tego pr\u00f3bowali, wiedz\u0105, \u017ce tak nie jest, cho\u0107 na pierwszy rzut oka mo\u017ce si\u0119 tak wydawa\u0107. Prawd\u0105 jest, \u017ce obfity deszcz zmyje grubsze zabrudzenia, ale poniewa\u017c pada, po umyciu nie mo\u017cna wypolerowa\u0107 auta irch\u0105, przez co pozostan\u0105 na nim plamy. Ponadto, je\u015bli deszcz jest naprawd\u0119 ulewny, prawdopodobnie dolna cz\u0119\u015b\u0107 samochodu b\u0119dzie zab\u0142ocona.  <\/p>\n<p><a href=\"http:\/\/gardeon.pl\/wp-content\/uploads\/2015\/04\/gar%C3%A1%C5%BE-pre-jedno-auto.jpg\"><img loading=\"lazy\" decoding=\"async\" class=\"aligncenter wp-image-3544\" src=\"http:\/\/gardeon.pl\/wp-content\/uploads\/2015\/04\/gar%C3%A1%C5%BE-pre-jedno-auto.jpg\" alt=\"Parkowanie samochodu w gara\u017cu blaszanym\" width=\"800\" height=\"533\"><\/a><\/p>\n<p>Problem stanowi\u0105 r\u00f3wnie\u017c kwa\u015bne deszcze oraz piasek, kt\u00f3ry wiatr nawiewa na samoch\u00f3d podczas burzy. Nawet najdrobniejszy piasek dzia\u0142a bowiem jak wysokiej jako\u015bci papier \u015bcierny. <\/p>\n<h3><\/h3>\n<h3>Mit nr 4: Silnika nie trzeba czy\u015bci\u0107 <\/h3>\n<p>To, \u017ce silnika nie wida\u0107, nie oznacza, \u017ce nie potrzebuje on Pa\u0144stwa opieki. Nale\u017cy jednak uwa\u017ca\u0107 na spos\u00f3b jego czyszczenia. Cho\u0107 jest on do pewnego stopnia wodoodporny, \u201eataku\u201d w\u0119\u017cem ogrodowym lub myjk\u0105 ci\u015bnieniow\u0105 m\u00f3g\u0142by ju\u017c nie wytrzyma\u0107. Do czyszczenia silnika nale\u017cy u\u017cywa\u0107 wy\u0142\u0105cznie wilgotnej g\u0105bki oraz specjalnych, przeznaczonych do tego \u015brodk\u00f3w czyszcz\u0105cych. W razie w\u0105tpliwo\u015bci lepiej powierzy\u0107 t\u0119 czynno\u015b\u0107 profesjonalistom.    <\/p>\n<h3><a href=\"http:\/\/gardeon.pl\/wp-content\/uploads\/2016\/05\/gar%C3%A1%C5%BE-pre-auto.jpg\"><img loading=\"lazy\" decoding=\"async\" class=\"wp-image-6536 aligncenter\" src=\"http:\/\/gardeon.pl\/wp-content\/uploads\/2016\/05\/gar%C3%A1%C5%BE-pre-auto.jpg\" alt=\"Spaliny z samochodu\" width=\"800\" height=\"450\"><\/a><\/h3>\n<p>&nbsp;<\/p>\n<h3>Mit nr 5: Zbyt cz\u0119ste mycie jest gorsze ni\u017c niemycie samochodu <\/h3>\n<p>Tak, czystego samochodu nie trzeba my\u0107. Jednak gruba warstwa kurzu, b\u0142oto, ptasie odchody czy lepka \u017cywica z drzew nie s\u0105 oznak\u0105 czysto\u015bci. Ka\u017cde z tych zabrudze\u0144 uszkadza lakier bardziej ni\u017c \u201ezbyt cz\u0119ste\u201d mycie.  <\/p>\n","protected":false},"excerpt":{"rendered":"<p>Czy Pa\u0144stwo r\u00f3wnie\u017c dbaj\u0105 sumiennie o swojego czworono\u017cnego ulubie\u0144ca? Regularnie go myj\u0105 i poleruj\u0105? Podpowiemy Pa\u0144stwu, jakie s\u0105 najcz\u0119stsze b\u0142\u0119dy pope\u0142niane podczas mycia samochod\u00f3w.<\/p>\n","protected":false},"author":2,"featured_media":46567,"comment_status":"open","ping_status":"open","sticky":false,"template":"","format":"standard","meta":{"_acf_changed":false,"inline_featured_image":false,"footnotes":""},"categories":[618],"tags":[],"class_list":["post-46566","post","type-post","status-publish","format-standard","has-post-thumbnail","hentry","category-konserwacja-i-pielegnacja"],"acf":[],"yoast_head":"<!-- This site is optimized with the Yoast SEO plugin v27.4 - https:\/\/yoast.com\/product\/yoast-seo-wordpress\/ -->\n<title>Najcz\u0119stsze mity na temat mycia samochodu - GARDEON<\/title>\n<meta name=\"robots\" content=\"index, follow, max-snippet:-1, max-image-preview:large, max-video-preview:-1\" \/>\n<link rel=\"canonical\" href=\"https:\/\/gardeon.pl\/pl\/blog\/najczestsze-mity-na-temat-mycia-samochodu\/\" \/>\n<meta property=\"og:locale\" content=\"pl_PL\" \/>\n<meta property=\"og:type\" content=\"article\" \/>\n<meta property=\"og:title\" content=\"Najcz\u0119stsze mity na temat mycia samochodu - GARDEON\" \/>\n<meta property=\"og:description\" content=\"Czy Pa\u0144stwo r\u00f3wnie\u017c dbaj\u0105 sumiennie o swojego czworono\u017cnego ulubie\u0144ca? Regularnie go myj\u0105 i poleruj\u0105? Podpowiemy Pa\u0144stwu, jakie s\u0105 najcz\u0119stsze b\u0142\u0119dy pope\u0142niane podczas mycia samochod\u00f3w.\" \/>\n<meta property=\"og:url\" content=\"https:\/\/gardeon.pl\/pl\/blog\/najczestsze-mity-na-temat-mycia-samochodu\/\" \/>\n<meta property=\"og:site_name\" content=\"GARDEON\" \/>\n<meta property=\"article:published_time\" content=\"2026-04-23T17:04:23+00:00\" \/>\n<meta property=\"og:image\" content=\"http:\/\/gardeon.pl\/wp-content\/uploads\/2017\/09\/myty-o-myti-auta.jpg\" \/>\n\t<meta property=\"og:image:width\" content=\"1000\" \/>\n\t<meta property=\"og:image:height\" content=\"669\" \/>\n\t<meta property=\"og:image:type\" content=\"image\/jpeg\" \/>\n<meta name=\"author\" content=\"editor\" \/>\n<meta name=\"twitter:card\" content=\"summary_large_image\" \/>\n<meta name=\"twitter:label1\" content=\"Napisane przez\" \/>\n\t<meta name=\"twitter:data1\" content=\"editor\" \/>\n\t<meta name=\"twitter:label2\" content=\"Szacowany czas czytania\" \/>\n\t<meta name=\"twitter:data2\" content=\"3 minuty\" \/>\n<script type=\"application\/ld+json\" class=\"yoast-schema-graph\">{\"@context\":\"https:\\\/\\\/schema.org\",\"@graph\":[{\"@type\":\"Article\",\"@id\":\"https:\\\/\\\/gardeon.pl\\\/pl\\\/blog\\\/najczestsze-mity-na-temat-mycia-samochodu\\\/#article\",\"isPartOf\":{\"@id\":\"https:\\\/\\\/gardeon.pl\\\/pl\\\/blog\\\/najczestsze-mity-na-temat-mycia-samochodu\\\/\"},\"author\":{\"name\":\"editor\",\"@id\":\"https:\\\/\\\/gardeon.pl\\\/#\\\/schema\\\/person\\\/a5762ca5f0790bf92774af0899379463\"},\"headline\":\"Najcz\u0119stsze mity na temat mycia samochodu\",\"datePublished\":\"2026-04-23T17:04:23+00:00\",\"mainEntityOfPage\":{\"@id\":\"https:\\\/\\\/gardeon.pl\\\/pl\\\/blog\\\/najczestsze-mity-na-temat-mycia-samochodu\\\/\"},\"wordCount\":511,\"commentCount\":0,\"image\":{\"@id\":\"https:\\\/\\\/gardeon.pl\\\/pl\\\/blog\\\/najczestsze-mity-na-temat-mycia-samochodu\\\/#primaryimage\"},\"thumbnailUrl\":\"https:\\\/\\\/gardeon.pl\\\/wp-content\\\/uploads\\\/2017\\\/09\\\/myty-o-myti-auta.jpg\",\"articleSection\":[\"Konserwacja i piel\u0119gnacja\"],\"inLanguage\":\"pl-PL\",\"potentialAction\":[{\"@type\":\"CommentAction\",\"name\":\"Comment\",\"target\":[\"https:\\\/\\\/gardeon.pl\\\/pl\\\/blog\\\/najczestsze-mity-na-temat-mycia-samochodu\\\/#respond\"]}]},{\"@type\":\"WebPage\",\"@id\":\"https:\\\/\\\/gardeon.pl\\\/pl\\\/blog\\\/najczestsze-mity-na-temat-mycia-samochodu\\\/\",\"url\":\"https:\\\/\\\/gardeon.pl\\\/pl\\\/blog\\\/najczestsze-mity-na-temat-mycia-samochodu\\\/\",\"name\":\"Najcz\u0119stsze mity na temat mycia samochodu - GARDEON\",\"isPartOf\":{\"@id\":\"https:\\\/\\\/gardeon.pl\\\/#website\"},\"primaryImageOfPage\":{\"@id\":\"https:\\\/\\\/gardeon.pl\\\/pl\\\/blog\\\/najczestsze-mity-na-temat-mycia-samochodu\\\/#primaryimage\"},\"image\":{\"@id\":\"https:\\\/\\\/gardeon.pl\\\/pl\\\/blog\\\/najczestsze-mity-na-temat-mycia-samochodu\\\/#primaryimage\"},\"thumbnailUrl\":\"https:\\\/\\\/gardeon.pl\\\/wp-content\\\/uploads\\\/2017\\\/09\\\/myty-o-myti-auta.jpg\",\"datePublished\":\"2026-04-23T17:04:23+00:00\",\"author\":{\"@id\":\"https:\\\/\\\/gardeon.pl\\\/#\\\/schema\\\/person\\\/a5762ca5f0790bf92774af0899379463\"},\"breadcrumb\":{\"@id\":\"https:\\\/\\\/gardeon.pl\\\/pl\\\/blog\\\/najczestsze-mity-na-temat-mycia-samochodu\\\/#breadcrumb\"},\"inLanguage\":\"pl-PL\",\"potentialAction\":[{\"@type\":\"ReadAction\",\"target\":[\"https:\\\/\\\/gardeon.pl\\\/pl\\\/blog\\\/najczestsze-mity-na-temat-mycia-samochodu\\\/\"]}]},{\"@type\":\"ImageObject\",\"inLanguage\":\"pl-PL\",\"@id\":\"https:\\\/\\\/gardeon.pl\\\/pl\\\/blog\\\/najczestsze-mity-na-temat-mycia-samochodu\\\/#primaryimage\",\"url\":\"https:\\\/\\\/gardeon.pl\\\/wp-content\\\/uploads\\\/2017\\\/09\\\/myty-o-myti-auta.jpg\",\"contentUrl\":\"https:\\\/\\\/gardeon.pl\\\/wp-content\\\/uploads\\\/2017\\\/09\\\/myty-o-myti-auta.jpg\",\"width\":1000,\"height\":669,\"caption\":\"Mycie samochodu g\u0105bk\u0105 w r\u0119kawicach\"},{\"@type\":\"BreadcrumbList\",\"@id\":\"https:\\\/\\\/gardeon.pl\\\/pl\\\/blog\\\/najczestsze-mity-na-temat-mycia-samochodu\\\/#breadcrumb\",\"itemListElement\":[{\"@type\":\"ListItem\",\"position\":1,\"name\":\"Domov\",\"item\":\"https:\\\/\\\/gardeon.pl\\\/pl\\\/\"},{\"@type\":\"ListItem\",\"position\":2,\"name\":\"Najcz\u0119stsze mity na temat mycia samochodu\"}]},{\"@type\":\"WebSite\",\"@id\":\"https:\\\/\\\/gardeon.pl\\\/#website\",\"url\":\"https:\\\/\\\/gardeon.pl\\\/\",\"name\":\"GARDEON\",\"description\":\"\",\"potentialAction\":[{\"@type\":\"SearchAction\",\"target\":{\"@type\":\"EntryPoint\",\"urlTemplate\":\"https:\\\/\\\/gardeon.pl\\\/?s={search_term_string}\"},\"query-input\":{\"@type\":\"PropertyValueSpecification\",\"valueRequired\":true,\"valueName\":\"search_term_string\"}}],\"inLanguage\":\"pl-PL\"},{\"@type\":\"Person\",\"@id\":\"https:\\\/\\\/gardeon.pl\\\/#\\\/schema\\\/person\\\/a5762ca5f0790bf92774af0899379463\",\"name\":\"editor\",\"image\":{\"@type\":\"ImageObject\",\"inLanguage\":\"pl-PL\",\"@id\":\"https:\\\/\\\/secure.gravatar.com\\\/avatar\\\/2b748151c2c748327307fd289a91b3bdafdd9e64e2d000e65e53d6dcf11c5830?s=96&d=mm&r=g\",\"url\":\"https:\\\/\\\/secure.gravatar.com\\\/avatar\\\/2b748151c2c748327307fd289a91b3bdafdd9e64e2d000e65e53d6dcf11c5830?s=96&d=mm&r=g\",\"contentUrl\":\"https:\\\/\\\/secure.gravatar.com\\\/avatar\\\/2b748151c2c748327307fd289a91b3bdafdd9e64e2d000e65e53d6dcf11c5830?s=96&d=mm&r=g\",\"caption\":\"editor\"}}]}<\/script>\n<!-- \/ Yoast SEO plugin. -->","yoast_head_json":{"title":"Najcz\u0119stsze mity na temat mycia samochodu - GARDEON","robots":{"index":"index","follow":"follow","max-snippet":"max-snippet:-1","max-image-preview":"max-image-preview:large","max-video-preview":"max-video-preview:-1"},"canonical":"https:\/\/gardeon.pl\/pl\/blog\/najczestsze-mity-na-temat-mycia-samochodu\/","og_locale":"pl_PL","og_type":"article","og_title":"Najcz\u0119stsze mity na temat mycia samochodu - GARDEON","og_description":"Czy Pa\u0144stwo r\u00f3wnie\u017c dbaj\u0105 sumiennie o swojego czworono\u017cnego ulubie\u0144ca? Regularnie go myj\u0105 i poleruj\u0105? Podpowiemy Pa\u0144stwu, jakie s\u0105 najcz\u0119stsze b\u0142\u0119dy pope\u0142niane podczas mycia samochod\u00f3w.","og_url":"https:\/\/gardeon.pl\/pl\/blog\/najczestsze-mity-na-temat-mycia-samochodu\/","og_site_name":"GARDEON","article_published_time":"2026-04-23T17:04:23+00:00","og_image":[{"width":1000,"height":669,"url":"http:\/\/gardeon.pl\/wp-content\/uploads\/2017\/09\/myty-o-myti-auta.jpg","type":"image\/jpeg"}],"author":"editor","twitter_card":"summary_large_image","twitter_misc":{"Napisane przez":"editor","Szacowany czas czytania":"3 minuty"},"schema":{"@context":"https:\/\/schema.org","@graph":[{"@type":"Article","@id":"https:\/\/gardeon.pl\/pl\/blog\/najczestsze-mity-na-temat-mycia-samochodu\/#article","isPartOf":{"@id":"https:\/\/gardeon.pl\/pl\/blog\/najczestsze-mity-na-temat-mycia-samochodu\/"},"author":{"name":"editor","@id":"https:\/\/gardeon.pl\/#\/schema\/person\/a5762ca5f0790bf92774af0899379463"},"headline":"Najcz\u0119stsze mity na temat mycia samochodu","datePublished":"2026-04-23T17:04:23+00:00","mainEntityOfPage":{"@id":"https:\/\/gardeon.pl\/pl\/blog\/najczestsze-mity-na-temat-mycia-samochodu\/"},"wordCount":511,"commentCount":0,"image":{"@id":"https:\/\/gardeon.pl\/pl\/blog\/najczestsze-mity-na-temat-mycia-samochodu\/#primaryimage"},"thumbnailUrl":"https:\/\/gardeon.pl\/wp-content\/uploads\/2017\/09\/myty-o-myti-auta.jpg","articleSection":["Konserwacja i piel\u0119gnacja"],"inLanguage":"pl-PL","potentialAction":[{"@type":"CommentAction","name":"Comment","target":["https:\/\/gardeon.pl\/pl\/blog\/najczestsze-mity-na-temat-mycia-samochodu\/#respond"]}]},{"@type":"WebPage","@id":"https:\/\/gardeon.pl\/pl\/blog\/najczestsze-mity-na-temat-mycia-samochodu\/","url":"https:\/\/gardeon.pl\/pl\/blog\/najczestsze-mity-na-temat-mycia-samochodu\/","name":"Najcz\u0119stsze mity na temat mycia samochodu - GARDEON","isPartOf":{"@id":"https:\/\/gardeon.pl\/#website"},"primaryImageOfPage":{"@id":"https:\/\/gardeon.pl\/pl\/blog\/najczestsze-mity-na-temat-mycia-samochodu\/#primaryimage"},"image":{"@id":"https:\/\/gardeon.pl\/pl\/blog\/najczestsze-mity-na-temat-mycia-samochodu\/#primaryimage"},"thumbnailUrl":"https:\/\/gardeon.pl\/wp-content\/uploads\/2017\/09\/myty-o-myti-auta.jpg","datePublished":"2026-04-23T17:04:23+00:00","author":{"@id":"https:\/\/gardeon.pl\/#\/schema\/person\/a5762ca5f0790bf92774af0899379463"},"breadcrumb":{"@id":"https:\/\/gardeon.pl\/pl\/blog\/najczestsze-mity-na-temat-mycia-samochodu\/#breadcrumb"},"inLanguage":"pl-PL","potentialAction":[{"@type":"ReadAction","target":["https:\/\/gardeon.pl\/pl\/blog\/najczestsze-mity-na-temat-mycia-samochodu\/"]}]},{"@type":"ImageObject","inLanguage":"pl-PL","@id":"https:\/\/gardeon.pl\/pl\/blog\/najczestsze-mity-na-temat-mycia-samochodu\/#primaryimage","url":"https:\/\/gardeon.pl\/wp-content\/uploads\/2017\/09\/myty-o-myti-auta.jpg","contentUrl":"https:\/\/gardeon.pl\/wp-content\/uploads\/2017\/09\/myty-o-myti-auta.jpg","width":1000,"height":669,"caption":"Mycie samochodu g\u0105bk\u0105 w r\u0119kawicach"},{"@type":"BreadcrumbList","@id":"https:\/\/gardeon.pl\/pl\/blog\/najczestsze-mity-na-temat-mycia-samochodu\/#breadcrumb","itemListElement":[{"@type":"ListItem","position":1,"name":"Domov","item":"https:\/\/gardeon.pl\/pl\/"},{"@type":"ListItem","position":2,"name":"Najcz\u0119stsze mity na temat mycia samochodu"}]},{"@type":"WebSite","@id":"https:\/\/gardeon.pl\/#website","url":"https:\/\/gardeon.pl\/","name":"GARDEON","description":"","potentialAction":[{"@type":"SearchAction","target":{"@type":"EntryPoint","urlTemplate":"https:\/\/gardeon.pl\/?s={search_term_string}"},"query-input":{"@type":"PropertyValueSpecification","valueRequired":true,"valueName":"search_term_string"}}],"inLanguage":"pl-PL"},{"@type":"Person","@id":"https:\/\/gardeon.pl\/#\/schema\/person\/a5762ca5f0790bf92774af0899379463","name":"editor","image":{"@type":"ImageObject","inLanguage":"pl-PL","@id":"https:\/\/secure.gravatar.com\/avatar\/2b748151c2c748327307fd289a91b3bdafdd9e64e2d000e65e53d6dcf11c5830?s=96&d=mm&r=g","url":"https:\/\/secure.gravatar.com\/avatar\/2b748151c2c748327307fd289a91b3bdafdd9e64e2d000e65e53d6dcf11c5830?s=96&d=mm&r=g","contentUrl":"https:\/\/secure.gravatar.com\/avatar\/2b748151c2c748327307fd289a91b3bdafdd9e64e2d000e65e53d6dcf11c5830?s=96&d=mm&r=g","caption":"editor"}}]}},"_links":{"self":[{"href":"https:\/\/gardeon.pl\/pl\/wp-json\/wp\/v2\/posts\/46566","targetHints":{"allow":["GET"]}}],"collection":[{"href":"https:\/\/gardeon.pl\/pl\/wp-json\/wp\/v2\/posts"}],"about":[{"href":"https:\/\/gardeon.pl\/pl\/wp-json\/wp\/v2\/types\/post"}],"author":[{"embeddable":true,"href":"https:\/\/gardeon.pl\/pl\/wp-json\/wp\/v2\/users\/2"}],"replies":[{"embeddable":true,"href":"https:\/\/gardeon.pl\/pl\/wp-json\/wp\/v2\/comments?post=46566"}],"version-history":[{"count":0,"href":"https:\/\/gardeon.pl\/pl\/wp-json\/wp\/v2\/posts\/46566\/revisions"}],"wp:featuredmedia":[{"embeddable":true,"href":"https:\/\/gardeon.pl\/pl\/wp-json\/wp\/v2\/media\/46567"}],"wp:attachment":[{"href":"https:\/\/gardeon.pl\/pl\/wp-json\/wp\/v2\/media?parent=46566"}],"wp:term":[{"taxonomy":"category","embeddable":true,"href":"https:\/\/gardeon.pl\/pl\/wp-json\/wp\/v2\/categories?post=46566"},{"taxonomy":"post_tag","embeddable":true,"href":"https:\/\/gardeon.pl\/pl\/wp-json\/wp\/v2\/tags?post=46566"}],"curies":[{"name":"wp","href":"https:\/\/api.w.org\/{rel}","templated":true}]}}