{"id":46569,"date":"2026-04-23T19:04:23","date_gmt":"2026-04-23T17:04:23","guid":{"rendered":"https:\/\/gardeon.pl\/?p=46569"},"modified":"2026-04-23T19:04:23","modified_gmt":"2026-04-23T17:04:23","slug":"klimatyzacja-w-garazu-lepiej-postawic-na-naturalna-wentylacje","status":"publish","type":"post","link":"https:\/\/gardeon.pl\/pl\/blog\/klimatyzacja-w-garazu-lepiej-postawic-na-naturalna-wentylacje\/","title":{"rendered":"Klimatyzacja w gara\u017cu? Lepiej postawi\u0107 na naturaln\u0105 wentylacj\u0119!"},"content":{"rendered":"<p><em>Je\u015bli rozwa\u017caj\u0105 Pa\u0144stwo instalacj\u0119 klimatyzacji w gara\u017cu, warto wiedzie\u0107 o kilku kwestiach. Na pytanie, czy mo\u017cna sch\u0142odzi\u0107 gara\u017c za pomoc\u0105 klimatyzacji, odpowied\u017a brzmi \u2013 zasadniczo tak, ale&#8230; <\/em><\/p>\n<p><!--more--><\/p>\n<p>W wi\u0119kszo\u015bci przypadk\u00f3w ch\u0142odzenie gara\u017cu za pomoc\u0105 przeno\u015bnego lub miejscowego klimatyzatora jest bardzo trudne i nieefektywne. Ch\u0142odzenie gara\u017cu jest bardziej wymagaj\u0105ce ni\u017c ch\u0142odzenie jakiegokolwiek pomieszczenia w domu, g\u0142\u00f3wnie dlatego, \u017ce wi\u0119kszo\u015b\u0107 gara\u017cy nie posiada izolacji termicznej i jest zbudowana z materia\u0142\u00f3w o s\u0142abych w\u0142a\u015bciwo\u015bciach izolacyjnych. Taki gara\u017c nie jest w stanie utrzyma\u0107 sch\u0142odzonego powietrza ani zapobiec przedostawaniu si\u0119 ciep\u0142ego powietrza do wewn\u0105trz. Powstaje tu zatem ekstremalnie wysokie obci\u0105\u017cenie cieplne, z kt\u00f3rym klimatyzator nie jest w stanie sobie poradzi\u0107.   <\/p>\n<p><a href=\"http:\/\/gardeon.pl\/wp-content\/uploads\/2017\/09\/WP_20160811_16_00_25_Rich-e1505242628367.jpg\"><img loading=\"lazy\" decoding=\"async\" class=\"wp-image-14841 aligncenter\" src=\"http:\/\/gardeon.pl\/wp-content\/uploads\/2017\/09\/WP_20160811_16_00_25_Rich-e1505242628367.jpg\" alt=\"Ocieplenie gara\u017cu we\u0142n\u0105 szklan\u0105 i p\u0142yt\u0105 OSB\" width=\"800\" height=\"450\" srcset=\"https:\/\/gardeon.pl\/wp-content\/uploads\/2017\/09\/WP_20160811_16_00_25_Rich-e1505242628367.jpg 2000w, https:\/\/gardeon.pl\/wp-content\/uploads\/2017\/09\/WP_20160811_16_00_25_Rich-e1505242628367-300x169.jpg 300w, https:\/\/gardeon.pl\/wp-content\/uploads\/2017\/09\/WP_20160811_16_00_25_Rich-e1505242628367-1024x576.jpg 1024w, https:\/\/gardeon.pl\/wp-content\/uploads\/2017\/09\/WP_20160811_16_00_25_Rich-e1505242628367-768x432.jpg 768w, https:\/\/gardeon.pl\/wp-content\/uploads\/2017\/09\/WP_20160811_16_00_25_Rich-e1505242628367-1536x864.jpg 1536w\" sizes=\"auto, (max-width: 800px) 100vw, 800px\" \/><\/a><\/p>\n<p>Je\u015bli zastanawiaj\u0105 si\u0119 Pa\u0144stwo, czy ten problem dotyczy r\u00f3wnie\u017c ma\u0142ych gara\u017cy, odpowied\u017a brzmi: tak. Zasady fizyki budowli obowi\u0105zuj\u0105 niezale\u017cnie od powierzchni gara\u017cu. Je\u015bli ma\u0142y gara\u017c nie jest ocieplony i nie posiada szczelnej bramy gara\u017cowej izolowanej materia\u0142em o odpowiednich w\u0142a\u015bciwo\u015bciach, jego efektywne sch\u0142odzenie b\u0119dzie bardzo trudne. Wydajny klimatyzator b\u0119dzie w stanie w pewnym stopniu obni\u017cy\u0107 temperatur\u0119 w gara\u017cu, ale wi\u0105\u017ce si\u0119 to z wysokimi kosztami eksploatacji. Klimatyzacja musia\u0142aby pracowa\u0107 niemal bez przerwy. Brak w\u0142a\u015bciwo\u015bci izolacyjnych gara\u017cu sprawi\u0142by, \u017ce po jej wy\u0142\u0105czeniu w upalny dzie\u0144 powietrze natychmiast by si\u0119 nagrza\u0142o. Ponowne w\u0142\u0105czenie klimatyzacji w celu sch\u0142odzenia powietrza wymusza\u0142oby prac\u0119 na pe\u0142nych obrotach w zbyt kr\u00f3tkich odst\u0119pach czasu. Takie u\u017cytkowanie klimatyzatora prowadzi\u0142oby do zu\u017cycia spr\u0119\u017carki, kt\u00f3ra nie jest zaprojektowana do pracy w ten spos\u00f3b, co znacznie skr\u00f3ci\u0142oby \u017cywotno\u015b\u0107 ca\u0142ego urz\u0105dzenia.       <\/p>\n<p>Najrozs\u0105dniejszym i najbardziej ekonomicznym rozwi\u0105zaniem jest zapewnienie w gara\u017cu odpowiedniej <a href=\"http:\/\/gardeon.pl\/garaze\/starostlivost\/vetranie\/\">naturalnej wentylacji<\/a>, aby powietrze wewn\u0105trz nie sta\u0142o, nie nagrzewa\u0142o si\u0119 i podlega\u0142o naturalnej wymianie.<\/p>\n<p>Je\u015bli mimo to s\u0105 Pa\u0144stwo zdecydowani na klimatyzowanie swojego gara\u017cu, nale\u017cy przeanalizowa\u0107 nast\u0119puj\u0105ce czynniki.<\/p>\n<ul>\n<li><a href=\"https:\/\/gardeon.pl\/pl\/garaze\/izolowane\/\">Ocieplenie gara\u017cu<\/a><\/li>\n<\/ul>\n<p>Je\u015bli planuj\u0105 Pa\u0144stwo korzysta\u0107 z klimatyzacji w gara\u017cu tylko okazjonalnie, nie trzeba ociepla\u0107 go w ca\u0142o\u015bci. Mo\u017cna jednak skr\u00f3ci\u0107 czas ch\u0142odzenia i zwi\u0119kszy\u0107 wydajno\u015b\u0107, izoluj\u0105c przynajmniej sufit i bram\u0119 gara\u017cow\u0105. Zmniejszy to wielko\u015b\u0107 ch\u0142odzonej powierzchni i nieco pomo\u017ce w utrzymaniu sch\u0142odzonego powietrza. Korzystanie z klimatyzacji w gara\u017cu bez jakiejkolwiek izolacji jest rozwi\u0105zaniem bardzo nieefektywnym pod wzgl\u0119dem energetycznym i finansowym. Je\u015bli chc\u0105 Pa\u0144stwo korzysta\u0107 z klimatyzacji w gara\u017cu cz\u0119sto i regularnie, poniewa\u017c s\u0142u\u017cy on jako pracownia lub atelier, nale\u017cy rozwa\u017cy\u0107 ocieplenie ca\u0142ej przestrzeni.    <img loading=\"lazy\" decoding=\"async\" class=\"aligncenter size-large wp-image-12825\" src=\"http:\/\/gardeon.pl\/wp-content\/uploads\/2017\/07\/IMG_5026.JPG-1024x768.jpeg\" alt=\"izolacja dachu gara\u017cu blaszanego\" width=\"1024\" height=\"768\"><\/p>\n<ul>\n<li>Wielko\u015b\u0107 gara\u017cu<\/li>\n<\/ul>\n<p>Powierzchnia gara\u017cu jest istotna przede wszystkim przy wyborze klimatyzatora o odpowiedniej mocy, kt\u00f3ry b\u0119dzie w stanie efektywnie sch\u0142odzi\u0107 przestrze\u0144. Zbyt wysoka moc sch\u0142odzi pomieszczenie szybko, co spowoduje wy\u0142\u0105czenie spr\u0119\u017carki. Jednak w niedostatecznie ocieplonym gara\u017cu w\u0142\u0105czy si\u0119 ona ponownie bardzo szybko, aby zn\u00f3w zacz\u0105\u0107 ch\u0142odzenie. Tak cz\u0119sty cykl niszczy spr\u0119\u017cark\u0119 i skraca jej \u017cywotno\u015b\u0107. Z drugiej strony klimatyzator o zbyt niskiej mocy nie by\u0142by w stanie w og\u00f3le sch\u0142odzi\u0107 przestrzeni. W takim przypadku spr\u0119\u017carka szybko uleg\u0142aby przeci\u0105\u017ceniu, poniewa\u017c pracowa\u0142aby bez przerwy.     <\/p>\n<p><em>Orientacyjny przegl\u0105d optymalnej mocy klimatyzatora w zale\u017cno\u015bci od kubatury pomieszczenia.<\/em><\/p>\n<table cellspacing=\"0\" cellpadding=\"0\">\n<tbody>\n<tr>\n<td valign=\"top\">\n<p align=\"center\"><span style=\"color: #222222; font-family: 'Trebuchet MS'; font-size: medium;\">Kubatura pomieszczenia (m<\/span><span style=\"color: #222222; font-family: 'Trebuchet MS'; font-size: xx-small;\"><sup>3<\/sup><\/span><span style=\"color: #222222; font-family: 'Trebuchet MS'; font-size: medium;\">)<\/span><\/p>\n<\/td>\n<td valign=\"top\">\n<p align=\"center\"><span style=\"color: #222222; font-family: 'Trebuchet MS'; font-size: medium;\">  Moc ch\u0142odnicza (kW)<\/span><\/p>\n<\/td>\n<\/tr>\n<tr>\n<td valign=\"top\">\n<p align=\"center\"><span style=\"color: #222222; font-family: 'Trebuchet MS'; font-size: medium;\">33-66<\/span><\/p>\n<\/td>\n<td valign=\"top\">\n<p align=\"center\"><span style=\"color: #222222; font-family: 'Trebuchet MS'; font-size: medium;\">2,0<\/span><\/p>\n<\/td>\n<\/tr>\n<tr>\n<td valign=\"top\">\n<p align=\"center\"><span style=\"color: #222222; font-family: 'Trebuchet MS'; font-size: medium;\">42-84<\/span><\/p>\n<\/td>\n<td valign=\"top\">\n<p align=\"center\"><span style=\"color: #222222; font-family: 'Trebuchet MS'; font-size: medium;\">2,7<\/span><\/p>\n<\/td>\n<\/tr>\n<tr>\n<td valign=\"top\">\n<p align=\"center\"><span style=\"color: #222222; font-family: 'Trebuchet MS'; font-size: medium;\">48-116<\/span><\/p>\n<\/td>\n<td valign=\"top\">\n<p align=\"center\"><span style=\"color: #222222; font-family: 'Trebuchet MS'; font-size: medium;\">3,5<\/span><\/p>\n<\/td>\n<\/tr>\n<tr>\n<td valign=\"top\">\n<p align=\"center\"><span style=\"color: #222222; font-family: 'Trebuchet MS'; font-size: medium;\">83-166<\/span><\/p>\n<\/td>\n<td valign=\"top\">\n<p align=\"center\"><span style=\"color: #222222; font-family: 'Trebuchet MS'; font-size: medium;\">5,0<\/span><\/p>\n<\/td>\n<\/tr>\n<tr>\n<td valign=\"top\">\n<p align=\"center\"><span style=\"color: #222222; font-family: 'Trebuchet MS'; font-size: medium;\">116-332<\/span><\/p>\n<\/td>\n<td valign=\"top\">\n<p align=\"center\"><span style=\"color: #222222; font-family: 'Trebuchet MS'; font-size: medium;\">7,0<\/span><\/p>\n<\/td>\n<\/tr>\n<tr>\n<td valign=\"top\">\n<p align=\"center\"><span style=\"color: #222222; font-family: 'Trebuchet MS'; font-size: medium;\">166-332<\/span><\/p>\n<\/td>\n<td valign=\"top\">\n<p align=\"center\"><span style=\"color: #222222; font-family: 'Trebuchet MS'; font-size: medium;\">10,0<\/span><\/p>\n<\/td>\n<\/tr>\n<tr>\n<td valign=\"top\">\n<p align=\"center\"><span style=\"color: #222222; font-family: 'Trebuchet MS'; font-size: medium;\">200-400<\/span><\/p>\n<\/td>\n<td valign=\"top\">\n<p align=\"center\"><span style=\"color: #222222; font-family: 'Trebuchet MS'; font-size: medium;\">12,0<\/span><\/p>\n<\/td>\n<\/tr>\n<tr>\n<td valign=\"top\">\n<p align=\"center\"><span style=\"color: #222222; font-family: 'Trebuchet MS'; font-size: medium;\">233-466<\/span><\/p>\n<\/td>\n<td valign=\"top\">\n<p align=\"center\"><span style=\"color: #222222; font-family: 'Trebuchet MS'; font-size: medium;\">14,0<\/span><\/p>\n<\/td>\n<\/tr>\n<\/tbody>\n<\/table>\n<ul>\n<li>Typ klimatyzatora<\/li>\n<\/ul>\n<p>Gara\u017c mo\u017cna ch\u0142odzi\u0107 na trzy sposoby \u2013 poprzez naturaln\u0105 wentylacj\u0119, centraln\u0105 klimatyzacj\u0119 z domu lub miejscowy klimatyzator. Pod\u0142\u0105czenie gara\u017cu do centralnej klimatyzacji jest zalecane pod warunkiem, \u017ce gara\u017c spe\u0142nia te same wymogi dotycz\u0105ce izolacji i wentylacji, co pozosta\u0142e pomieszczenia mieszkalne. Miejscowy klimatyzator, kt\u00f3ry ch\u0142odzi tylko jedno pomieszczenie, mo\u017ce by\u0107 zainstalowany na sta\u0142e na \u015bcianie gara\u017cu lub mo\u017ce by\u0107 przeno\u015bny, co pozwala na jego wykorzystanie w razie potrzeby r\u00f3wnie\u017c w innych cz\u0119\u015bciach domu.  <\/p>\n<p><a href=\"http:\/\/gardeon.pl\/wp-content\/uploads\/2017\/07\/klimatizacia-v-garazi.jpg\"><img loading=\"lazy\" decoding=\"async\" class=\"aligncenter wp-image-12824\" src=\"http:\/\/gardeon.pl\/wp-content\/uploads\/2017\/07\/klimatizacia-v-garazi.jpg\" alt=\"Klimatyzacja do gara\u017cu\" width=\"800\" height=\"532\" srcset=\"https:\/\/gardeon.pl\/wp-content\/uploads\/2017\/07\/klimatizacia-v-garazi.jpg 1000w, https:\/\/gardeon.pl\/wp-content\/uploads\/2017\/07\/klimatizacia-v-garazi-300x200.jpg 300w, https:\/\/gardeon.pl\/wp-content\/uploads\/2017\/07\/klimatizacia-v-garazi-768x511.jpg 768w\" sizes=\"auto, (max-width: 800px) 100vw, 800px\" \/><\/a><\/p>\n<p>Przeno\u015bne, czyli mobilne klimatyzatory, stanowi\u0105 wprawdzie najprostsze rozwi\u0105zanie pod wzgl\u0119dem instalacji, ale s\u0105 r\u00f3wnie\u017c najg\u0142o\u015bniejsze i najmniej efektywne. Wykorzystuj\u0105 one bowiem ch\u0142odne powietrze z pomieszczenia do ch\u0142odzenia w\u0119\u017cownicy skraplacza, a nast\u0119pnie wypuszczaj\u0105 ogrzane powietrze na zewn\u0105trz urz\u0105dzenia. W pomieszczeniu powstaje w ten spos\u00f3b \u201epodci\u015bnienie\u201d, kt\u00f3re zasysa tak\u0105 sam\u0105 ilo\u015b\u0107 gor\u0105cego, wilgotnego powietrza z zewn\u0105trz, aby wyr\u00f3wna\u0107 r\u00f3\u017cnic\u0119 ci\u015bnie\u0144. Jednostka przeno\u015bna musi nast\u0119pnie sch\u0142odzi\u0107 to nap\u0142ywaj\u0105ce gor\u0105ce powietrze i cykl ten powtarza si\u0119 w k\u00f3\u0142ko, przy czym tracone jest ponad 50 procent nominalnej wydajno\u015bci klimatyzatora.   <\/p>\n<ul>\n<li>Umiejscowienie klimatyzatora<\/li>\n<\/ul>\n<p>Miejscowe klimatyzatory maj\u0105 zazwyczaj s\u0142absze wentylatory zapewniaj\u0105ce cyrkulacj\u0119 powietrza. Dlatego nie nale\u017cy ich umieszcza\u0107 na ko\u0144cu prostok\u0105tnego planu, lecz na \u015brodku najd\u0142u\u017cszej \u015bciany gara\u017cu. Je\u015bli instaluj\u0105 Pa\u0144stwo klimatyzator pod oknem gara\u017cowym znajduj\u0105cym si\u0119 na ko\u0144cu prostok\u0105tnego gara\u017cu, warto wspom\u00f3c cyrkulacj\u0119 powietrza poprzez zainstalowanie dodatkowych wentylator\u00f3w, kt\u00f3re b\u0119d\u0105 t\u0142oczy\u0107 sch\u0142odzone powietrze na przeciwleg\u0142\u0105 stron\u0119 gara\u017cu. Klimatyzatora z otworem wentylacyjnym na zewn\u0105trz nie nale\u017cy umieszcza\u0107 w bezpo\u015brednim s\u0105siedztwie sufitu. Takie ch\u0142odzenie powodowa\u0142oby zbyt du\u017ce obci\u0105\u017cenie spr\u0119\u017carki i by\u0142oby nieefektywne.    <\/p>\n","protected":false},"excerpt":{"rendered":"<p>Je\u015bli rozwa\u017caj\u0105 Pa\u0144stwo instalacj\u0119 klimatyzacji w gara\u017cu, warto wiedzie\u0107 o kilku kwestiach. Na pytanie, czy mo\u017cna sch\u0142odzi\u0107 gara\u017c za pomoc\u0105 klimatyzacji, odpowied\u017a brzmi \u2013 zasadniczo tak, ale&#8230;<\/p>\n","protected":false},"author":2,"featured_media":46570,"comment_status":"open","ping_status":"open","sticky":false,"template":"","format":"standard","meta":{"_acf_changed":false,"inline_featured_image":false,"footnotes":""},"categories":[578,618],"tags":[],"class_list":["post-46569","post","type-post","status-publish","format-standard","has-post-thumbnail","hentry","category-garaze-blaszane","category-konserwacja-i-pielegnacja"],"acf":[],"yoast_head":"<!-- This site is optimized with the Yoast SEO plugin v27.4 - https:\/\/yoast.com\/product\/yoast-seo-wordpress\/ -->\n<title>Klimatyzacja w gara\u017cu? Lepiej postawi\u0107 na naturaln\u0105 wentylacj\u0119! - GARDEON<\/title>\n<meta name=\"robots\" content=\"index, follow, max-snippet:-1, max-image-preview:large, max-video-preview:-1\" \/>\n<link rel=\"canonical\" href=\"https:\/\/gardeon.pl\/pl\/blog\/klimatyzacja-w-garazu-lepiej-postawic-na-naturalna-wentylacje\/\" \/>\n<meta property=\"og:locale\" content=\"pl_PL\" \/>\n<meta property=\"og:type\" content=\"article\" \/>\n<meta property=\"og:title\" content=\"Klimatyzacja w gara\u017cu? Lepiej postawi\u0107 na naturaln\u0105 wentylacj\u0119! - GARDEON\" \/>\n<meta property=\"og:description\" content=\"Je\u015bli rozwa\u017caj\u0105 Pa\u0144stwo instalacj\u0119 klimatyzacji w gara\u017cu, warto wiedzie\u0107 o kilku kwestiach. Na pytanie, czy mo\u017cna sch\u0142odzi\u0107 gara\u017c za pomoc\u0105 klimatyzacji, odpowied\u017a brzmi \u2013 zasadniczo tak, ale&#8230;\" \/>\n<meta property=\"og:url\" content=\"https:\/\/gardeon.pl\/pl\/blog\/klimatyzacja-w-garazu-lepiej-postawic-na-naturalna-wentylacje\/\" \/>\n<meta property=\"og:site_name\" content=\"GARDEON\" \/>\n<meta property=\"article:published_time\" content=\"2026-04-23T17:04:23+00:00\" \/>\n<meta property=\"og:image\" content=\"http:\/\/gardeon.pl\/wp-content\/uploads\/2017\/07\/klimatizacia-v-garazi.jpg\" \/>\n\t<meta property=\"og:image:width\" content=\"1000\" \/>\n\t<meta property=\"og:image:height\" content=\"665\" \/>\n\t<meta property=\"og:image:type\" content=\"image\/jpeg\" \/>\n<meta name=\"author\" content=\"editor\" \/>\n<meta name=\"twitter:card\" content=\"summary_large_image\" \/>\n<meta name=\"twitter:label1\" content=\"Napisane przez\" \/>\n\t<meta name=\"twitter:data1\" content=\"editor\" \/>\n\t<meta name=\"twitter:label2\" content=\"Szacowany czas czytania\" \/>\n\t<meta name=\"twitter:data2\" content=\"5 minut\" \/>\n<script type=\"application\/ld+json\" class=\"yoast-schema-graph\">{\"@context\":\"https:\\\/\\\/schema.org\",\"@graph\":[{\"@type\":\"Article\",\"@id\":\"https:\\\/\\\/gardeon.pl\\\/pl\\\/blog\\\/klimatyzacja-w-garazu-lepiej-postawic-na-naturalna-wentylacje\\\/#article\",\"isPartOf\":{\"@id\":\"https:\\\/\\\/gardeon.pl\\\/pl\\\/blog\\\/klimatyzacja-w-garazu-lepiej-postawic-na-naturalna-wentylacje\\\/\"},\"author\":{\"name\":\"editor\",\"@id\":\"https:\\\/\\\/gardeon.pl\\\/#\\\/schema\\\/person\\\/a5762ca5f0790bf92774af0899379463\"},\"headline\":\"Klimatyzacja w gara\u017cu? Lepiej postawi\u0107 na naturaln\u0105 wentylacj\u0119!\",\"datePublished\":\"2026-04-23T17:04:23+00:00\",\"mainEntityOfPage\":{\"@id\":\"https:\\\/\\\/gardeon.pl\\\/pl\\\/blog\\\/klimatyzacja-w-garazu-lepiej-postawic-na-naturalna-wentylacje\\\/\"},\"wordCount\":918,\"commentCount\":0,\"image\":{\"@id\":\"https:\\\/\\\/gardeon.pl\\\/pl\\\/blog\\\/klimatyzacja-w-garazu-lepiej-postawic-na-naturalna-wentylacje\\\/#primaryimage\"},\"thumbnailUrl\":\"https:\\\/\\\/gardeon.pl\\\/wp-content\\\/uploads\\\/2017\\\/07\\\/klimatizacia-v-garazi.jpg\",\"articleSection\":[\"Gara\u017ce blaszane\",\"Konserwacja i piel\u0119gnacja\"],\"inLanguage\":\"pl-PL\",\"potentialAction\":[{\"@type\":\"CommentAction\",\"name\":\"Comment\",\"target\":[\"https:\\\/\\\/gardeon.pl\\\/pl\\\/blog\\\/klimatyzacja-w-garazu-lepiej-postawic-na-naturalna-wentylacje\\\/#respond\"]}]},{\"@type\":\"WebPage\",\"@id\":\"https:\\\/\\\/gardeon.pl\\\/pl\\\/blog\\\/klimatyzacja-w-garazu-lepiej-postawic-na-naturalna-wentylacje\\\/\",\"url\":\"https:\\\/\\\/gardeon.pl\\\/pl\\\/blog\\\/klimatyzacja-w-garazu-lepiej-postawic-na-naturalna-wentylacje\\\/\",\"name\":\"Klimatyzacja w gara\u017cu? Lepiej postawi\u0107 na naturaln\u0105 wentylacj\u0119! - GARDEON\",\"isPartOf\":{\"@id\":\"https:\\\/\\\/gardeon.pl\\\/#website\"},\"primaryImageOfPage\":{\"@id\":\"https:\\\/\\\/gardeon.pl\\\/pl\\\/blog\\\/klimatyzacja-w-garazu-lepiej-postawic-na-naturalna-wentylacje\\\/#primaryimage\"},\"image\":{\"@id\":\"https:\\\/\\\/gardeon.pl\\\/pl\\\/blog\\\/klimatyzacja-w-garazu-lepiej-postawic-na-naturalna-wentylacje\\\/#primaryimage\"},\"thumbnailUrl\":\"https:\\\/\\\/gardeon.pl\\\/wp-content\\\/uploads\\\/2017\\\/07\\\/klimatizacia-v-garazi.jpg\",\"datePublished\":\"2026-04-23T17:04:23+00:00\",\"author\":{\"@id\":\"https:\\\/\\\/gardeon.pl\\\/#\\\/schema\\\/person\\\/a5762ca5f0790bf92774af0899379463\"},\"breadcrumb\":{\"@id\":\"https:\\\/\\\/gardeon.pl\\\/pl\\\/blog\\\/klimatyzacja-w-garazu-lepiej-postawic-na-naturalna-wentylacje\\\/#breadcrumb\"},\"inLanguage\":\"pl-PL\",\"potentialAction\":[{\"@type\":\"ReadAction\",\"target\":[\"https:\\\/\\\/gardeon.pl\\\/pl\\\/blog\\\/klimatyzacja-w-garazu-lepiej-postawic-na-naturalna-wentylacje\\\/\"]}]},{\"@type\":\"ImageObject\",\"inLanguage\":\"pl-PL\",\"@id\":\"https:\\\/\\\/gardeon.pl\\\/pl\\\/blog\\\/klimatyzacja-w-garazu-lepiej-postawic-na-naturalna-wentylacje\\\/#primaryimage\",\"url\":\"https:\\\/\\\/gardeon.pl\\\/wp-content\\\/uploads\\\/2017\\\/07\\\/klimatizacia-v-garazi.jpg\",\"contentUrl\":\"https:\\\/\\\/gardeon.pl\\\/wp-content\\\/uploads\\\/2017\\\/07\\\/klimatizacia-v-garazi.jpg\",\"width\":1000,\"height\":665,\"caption\":\"Klimatyzacja do gara\u017cu\"},{\"@type\":\"BreadcrumbList\",\"@id\":\"https:\\\/\\\/gardeon.pl\\\/pl\\\/blog\\\/klimatyzacja-w-garazu-lepiej-postawic-na-naturalna-wentylacje\\\/#breadcrumb\",\"itemListElement\":[{\"@type\":\"ListItem\",\"position\":1,\"name\":\"Domov\",\"item\":\"https:\\\/\\\/gardeon.pl\\\/pl\\\/\"},{\"@type\":\"ListItem\",\"position\":2,\"name\":\"Klimatyzacja w gara\u017cu? Lepiej postawi\u0107 na naturaln\u0105 wentylacj\u0119!\"}]},{\"@type\":\"WebSite\",\"@id\":\"https:\\\/\\\/gardeon.pl\\\/#website\",\"url\":\"https:\\\/\\\/gardeon.pl\\\/\",\"name\":\"GARDEON\",\"description\":\"\",\"potentialAction\":[{\"@type\":\"SearchAction\",\"target\":{\"@type\":\"EntryPoint\",\"urlTemplate\":\"https:\\\/\\\/gardeon.pl\\\/?s={search_term_string}\"},\"query-input\":{\"@type\":\"PropertyValueSpecification\",\"valueRequired\":true,\"valueName\":\"search_term_string\"}}],\"inLanguage\":\"pl-PL\"},{\"@type\":\"Person\",\"@id\":\"https:\\\/\\\/gardeon.pl\\\/#\\\/schema\\\/person\\\/a5762ca5f0790bf92774af0899379463\",\"name\":\"editor\",\"image\":{\"@type\":\"ImageObject\",\"inLanguage\":\"pl-PL\",\"@id\":\"https:\\\/\\\/secure.gravatar.com\\\/avatar\\\/2b748151c2c748327307fd289a91b3bdafdd9e64e2d000e65e53d6dcf11c5830?s=96&d=mm&r=g\",\"url\":\"https:\\\/\\\/secure.gravatar.com\\\/avatar\\\/2b748151c2c748327307fd289a91b3bdafdd9e64e2d000e65e53d6dcf11c5830?s=96&d=mm&r=g\",\"contentUrl\":\"https:\\\/\\\/secure.gravatar.com\\\/avatar\\\/2b748151c2c748327307fd289a91b3bdafdd9e64e2d000e65e53d6dcf11c5830?s=96&d=mm&r=g\",\"caption\":\"editor\"}}]}<\/script>\n<!-- \/ Yoast SEO plugin. -->","yoast_head_json":{"title":"Klimatyzacja w gara\u017cu? Lepiej postawi\u0107 na naturaln\u0105 wentylacj\u0119! - GARDEON","robots":{"index":"index","follow":"follow","max-snippet":"max-snippet:-1","max-image-preview":"max-image-preview:large","max-video-preview":"max-video-preview:-1"},"canonical":"https:\/\/gardeon.pl\/pl\/blog\/klimatyzacja-w-garazu-lepiej-postawic-na-naturalna-wentylacje\/","og_locale":"pl_PL","og_type":"article","og_title":"Klimatyzacja w gara\u017cu? Lepiej postawi\u0107 na naturaln\u0105 wentylacj\u0119! - GARDEON","og_description":"Je\u015bli rozwa\u017caj\u0105 Pa\u0144stwo instalacj\u0119 klimatyzacji w gara\u017cu, warto wiedzie\u0107 o kilku kwestiach. Na pytanie, czy mo\u017cna sch\u0142odzi\u0107 gara\u017c za pomoc\u0105 klimatyzacji, odpowied\u017a brzmi \u2013 zasadniczo tak, ale&#8230;","og_url":"https:\/\/gardeon.pl\/pl\/blog\/klimatyzacja-w-garazu-lepiej-postawic-na-naturalna-wentylacje\/","og_site_name":"GARDEON","article_published_time":"2026-04-23T17:04:23+00:00","og_image":[{"width":1000,"height":665,"url":"http:\/\/gardeon.pl\/wp-content\/uploads\/2017\/07\/klimatizacia-v-garazi.jpg","type":"image\/jpeg"}],"author":"editor","twitter_card":"summary_large_image","twitter_misc":{"Napisane przez":"editor","Szacowany czas czytania":"5 minut"},"schema":{"@context":"https:\/\/schema.org","@graph":[{"@type":"Article","@id":"https:\/\/gardeon.pl\/pl\/blog\/klimatyzacja-w-garazu-lepiej-postawic-na-naturalna-wentylacje\/#article","isPartOf":{"@id":"https:\/\/gardeon.pl\/pl\/blog\/klimatyzacja-w-garazu-lepiej-postawic-na-naturalna-wentylacje\/"},"author":{"name":"editor","@id":"https:\/\/gardeon.pl\/#\/schema\/person\/a5762ca5f0790bf92774af0899379463"},"headline":"Klimatyzacja w gara\u017cu? Lepiej postawi\u0107 na naturaln\u0105 wentylacj\u0119!","datePublished":"2026-04-23T17:04:23+00:00","mainEntityOfPage":{"@id":"https:\/\/gardeon.pl\/pl\/blog\/klimatyzacja-w-garazu-lepiej-postawic-na-naturalna-wentylacje\/"},"wordCount":918,"commentCount":0,"image":{"@id":"https:\/\/gardeon.pl\/pl\/blog\/klimatyzacja-w-garazu-lepiej-postawic-na-naturalna-wentylacje\/#primaryimage"},"thumbnailUrl":"https:\/\/gardeon.pl\/wp-content\/uploads\/2017\/07\/klimatizacia-v-garazi.jpg","articleSection":["Gara\u017ce blaszane","Konserwacja i piel\u0119gnacja"],"inLanguage":"pl-PL","potentialAction":[{"@type":"CommentAction","name":"Comment","target":["https:\/\/gardeon.pl\/pl\/blog\/klimatyzacja-w-garazu-lepiej-postawic-na-naturalna-wentylacje\/#respond"]}]},{"@type":"WebPage","@id":"https:\/\/gardeon.pl\/pl\/blog\/klimatyzacja-w-garazu-lepiej-postawic-na-naturalna-wentylacje\/","url":"https:\/\/gardeon.pl\/pl\/blog\/klimatyzacja-w-garazu-lepiej-postawic-na-naturalna-wentylacje\/","name":"Klimatyzacja w gara\u017cu? Lepiej postawi\u0107 na naturaln\u0105 wentylacj\u0119! - GARDEON","isPartOf":{"@id":"https:\/\/gardeon.pl\/#website"},"primaryImageOfPage":{"@id":"https:\/\/gardeon.pl\/pl\/blog\/klimatyzacja-w-garazu-lepiej-postawic-na-naturalna-wentylacje\/#primaryimage"},"image":{"@id":"https:\/\/gardeon.pl\/pl\/blog\/klimatyzacja-w-garazu-lepiej-postawic-na-naturalna-wentylacje\/#primaryimage"},"thumbnailUrl":"https:\/\/gardeon.pl\/wp-content\/uploads\/2017\/07\/klimatizacia-v-garazi.jpg","datePublished":"2026-04-23T17:04:23+00:00","author":{"@id":"https:\/\/gardeon.pl\/#\/schema\/person\/a5762ca5f0790bf92774af0899379463"},"breadcrumb":{"@id":"https:\/\/gardeon.pl\/pl\/blog\/klimatyzacja-w-garazu-lepiej-postawic-na-naturalna-wentylacje\/#breadcrumb"},"inLanguage":"pl-PL","potentialAction":[{"@type":"ReadAction","target":["https:\/\/gardeon.pl\/pl\/blog\/klimatyzacja-w-garazu-lepiej-postawic-na-naturalna-wentylacje\/"]}]},{"@type":"ImageObject","inLanguage":"pl-PL","@id":"https:\/\/gardeon.pl\/pl\/blog\/klimatyzacja-w-garazu-lepiej-postawic-na-naturalna-wentylacje\/#primaryimage","url":"https:\/\/gardeon.pl\/wp-content\/uploads\/2017\/07\/klimatizacia-v-garazi.jpg","contentUrl":"https:\/\/gardeon.pl\/wp-content\/uploads\/2017\/07\/klimatizacia-v-garazi.jpg","width":1000,"height":665,"caption":"Klimatyzacja do gara\u017cu"},{"@type":"BreadcrumbList","@id":"https:\/\/gardeon.pl\/pl\/blog\/klimatyzacja-w-garazu-lepiej-postawic-na-naturalna-wentylacje\/#breadcrumb","itemListElement":[{"@type":"ListItem","position":1,"name":"Domov","item":"https:\/\/gardeon.pl\/pl\/"},{"@type":"ListItem","position":2,"name":"Klimatyzacja w gara\u017cu? Lepiej postawi\u0107 na naturaln\u0105 wentylacj\u0119!"}]},{"@type":"WebSite","@id":"https:\/\/gardeon.pl\/#website","url":"https:\/\/gardeon.pl\/","name":"GARDEON","description":"","potentialAction":[{"@type":"SearchAction","target":{"@type":"EntryPoint","urlTemplate":"https:\/\/gardeon.pl\/?s={search_term_string}"},"query-input":{"@type":"PropertyValueSpecification","valueRequired":true,"valueName":"search_term_string"}}],"inLanguage":"pl-PL"},{"@type":"Person","@id":"https:\/\/gardeon.pl\/#\/schema\/person\/a5762ca5f0790bf92774af0899379463","name":"editor","image":{"@type":"ImageObject","inLanguage":"pl-PL","@id":"https:\/\/secure.gravatar.com\/avatar\/2b748151c2c748327307fd289a91b3bdafdd9e64e2d000e65e53d6dcf11c5830?s=96&d=mm&r=g","url":"https:\/\/secure.gravatar.com\/avatar\/2b748151c2c748327307fd289a91b3bdafdd9e64e2d000e65e53d6dcf11c5830?s=96&d=mm&r=g","contentUrl":"https:\/\/secure.gravatar.com\/avatar\/2b748151c2c748327307fd289a91b3bdafdd9e64e2d000e65e53d6dcf11c5830?s=96&d=mm&r=g","caption":"editor"}}]}},"_links":{"self":[{"href":"https:\/\/gardeon.pl\/pl\/wp-json\/wp\/v2\/posts\/46569","targetHints":{"allow":["GET"]}}],"collection":[{"href":"https:\/\/gardeon.pl\/pl\/wp-json\/wp\/v2\/posts"}],"about":[{"href":"https:\/\/gardeon.pl\/pl\/wp-json\/wp\/v2\/types\/post"}],"author":[{"embeddable":true,"href":"https:\/\/gardeon.pl\/pl\/wp-json\/wp\/v2\/users\/2"}],"replies":[{"embeddable":true,"href":"https:\/\/gardeon.pl\/pl\/wp-json\/wp\/v2\/comments?post=46569"}],"version-history":[{"count":0,"href":"https:\/\/gardeon.pl\/pl\/wp-json\/wp\/v2\/posts\/46569\/revisions"}],"wp:featuredmedia":[{"embeddable":true,"href":"https:\/\/gardeon.pl\/pl\/wp-json\/wp\/v2\/media\/46570"}],"wp:attachment":[{"href":"https:\/\/gardeon.pl\/pl\/wp-json\/wp\/v2\/media?parent=46569"}],"wp:term":[{"taxonomy":"category","embeddable":true,"href":"https:\/\/gardeon.pl\/pl\/wp-json\/wp\/v2\/categories?post=46569"},{"taxonomy":"post_tag","embeddable":true,"href":"https:\/\/gardeon.pl\/pl\/wp-json\/wp\/v2\/tags?post=46569"}],"curies":[{"name":"wp","href":"https:\/\/api.w.org\/{rel}","templated":true}]}}