{"id":46584,"date":"2026-04-23T19:04:23","date_gmt":"2026-04-23T17:04:23","guid":{"rendered":"https:\/\/gardeon.pl\/?p=46584"},"modified":"2026-04-23T19:04:23","modified_gmt":"2026-04-23T17:04:23","slug":"jaki-typ-garazu-najlepiej-pasuje-do-panstwa-domu","status":"publish","type":"post","link":"https:\/\/gardeon.pl\/pl\/blog\/jaki-typ-garazu-najlepiej-pasuje-do-panstwa-domu\/","title":{"rendered":"Jaki typ gara\u017cu najlepiej pasuje do Pa\u0144stwa domu?"},"content":{"rendered":"<p><em>Chcieliby\u015bmy jak najbardziej u\u0142atwi\u0107 Pa\u0144stwu wyb\u00f3r odpowiedniego gara\u017cu, zar\u00f3wno pod wzgl\u0119dem funkcjonalnym, jak i wizualnym. Przed wyborem konkretnego projektu gara\u017cu warto zastanowi\u0107 si\u0119 nad jego funkcj\u0105. Wa\u017cne jest, aby z g\u00f3ry wiedzie\u0107, do czego gara\u017c b\u0119dzie wykorzystywany \u2013 czy b\u0119dzie w nim parkowa\u0107 jeden samoch\u00f3d, czy z czasem dwa. Czy maj\u0105 Pa\u0144stwo wystarczaj\u0105co du\u017co miejsca do przechowywania w domu, czy w gara\u017cu b\u0119d\u0105 znajdowa\u0107 si\u0119 tak\u017ce sanki, kosiarka i inne rzeczy sezonowe? By\u0107 mo\u017ce chc\u0105 Pa\u0144stwo po\u0142\u0105czy\u0107 przyjemne z po\u017cytecznym i wybior\u0105 gara\u017c z wiat\u0105 na letnie grillowanie.     <\/em><\/p>\n<p><!--more--><\/p>\n<h2><\/h2>\n<h2>Murowana klasyka czy szybki monta\u017c<\/h2>\n<p>Przy wyborze mi\u0119dzy gara\u017cem montowanym a murowanym najwa\u017cniejsze s\u0105 dwa czynniki: cena ko\u0144cowa oraz czas, w jakim gara\u017c b\u0119dzie gotowy. Ludzie wybieraj\u0105 gara\u017c murowany ze wzgl\u0119du na poczucie pewno\u015bci, jakie on daje. W g\u0142owie zaczynaj\u0105 k\u0142\u0119bi\u0107 si\u0119 my\u015bli: \u201eGrube mury przecie\u017c musz\u0105 wytrzyma\u0107. Budujmy powoli, wtedy b\u0119dzie solidnie. Przecie\u017c murowany gara\u017c maj\u0105 moi rodzice, mieli go te\u017c moi dziadkowie i pradziadkowie. A je\u015bli b\u0119dzie dro\u017cszy, to i tak si\u0119 op\u0142aci\u201d. Czy na pewno?<\/p>\n<p><img loading=\"lazy\" decoding=\"async\" class=\"aligncenter wp-image-6345\" src=\"http:\/\/gardeon.pl\/wp-content\/uploads\/2016\/04\/stavba-gar%C3%A1%C5%BEe-1024x682.jpg\" alt=\"gara\u017c na wymiar\" width=\"800\" height=\"533\"><\/p>\n<p>Gara\u017c montowany cieszy si\u0119 coraz wi\u0119ksz\u0105 popularno\u015bci\u0105. Dlaczego? Na pocz\u0105tek \u2013 pozwala zaoszcz\u0119dzi\u0107 znaczne koszty finansowe. Je\u015bli spodziewaj\u0105 si\u0119 Pa\u0144stwo nieestetycznie wygl\u0105daj\u0105cej \u201esk\u0142adanki\u201d, s\u0105 Pa\u0144stwo w b\u0142\u0119dzie. Gara\u017ce montowane wykonane s\u0105 z profili stalowych, kt\u00f3re s\u0105 pokryte specjalnym tynkiem. Dzi\u0119ki temu wizualnie niemal nie odr\u00f3\u017cniaj\u0105 si\u0119 od gara\u017cy murowanych. Poniewa\u017c gara\u017c dostarczany jest wraz z wyko\u0144czeniem powierzchni, unikaj\u0105 Pa\u0144stwo dodatkowego ba\u0142aganu budowlanego. Mog\u0105 Pa\u0144stwo wybiera\u0107 spo\u015br\u00f3d <a href=\"http:\/\/gardeon.pl\/konfigurator\/\" target=\"_blank\" rel=\"noopener noreferrer\">standardowych oraz nietypowych wymiar\u00f3w.<\/a>       <\/p>\n<p>Na kompletny monta\u017c gara\u017cu potrzebujemy zaledwie kilku godzin, a korzysta\u0107 z niego mo\u017cna natychmiast po zako\u0144czeniu prac. Dzi\u0119ki zastosowaniu stali ocynkowanej jest on tak samo, je\u015bli nie bardziej, odporny na zewn\u0119trzne warunki atmosferyczne. Wyb\u00f3r og\u00f3lnego designu nale\u017cy do Pa\u0144stwa. Potrzebuj\u0105 Pa\u0144stwo dodatk\u00f3w takich jak okno, drzwi czy system rynnowy? Ca\u0142y projekt gara\u017cu mo\u017cna skomponowa\u0107 w <a href=\"http:\/\/gardeon.pl\/konfigurator\/\" target=\"_blank\" rel=\"noopener noreferrer\">naszym konfiguratorze.<\/a> Pozostaje ju\u017c tylko wybra\u0107 kolorystyk\u0119.    <\/p>\n<p><img loading=\"lazy\" decoding=\"async\" class=\"aligncenter wp-image-6347\" src=\"http:\/\/gardeon.pl\/wp-content\/uploads\/2016\/04\/konfig.jpg\" alt=\"gara\u017c na wymiar\" width=\"800\" height=\"718\" srcset=\"https:\/\/gardeon.pl\/wp-content\/uploads\/2016\/04\/konfig.jpg 1011w, https:\/\/gardeon.pl\/wp-content\/uploads\/2016\/04\/konfig-300x269.jpg 300w, https:\/\/gardeon.pl\/wp-content\/uploads\/2016\/04\/konfig-768x689.jpg 768w\" sizes=\"auto, (max-width: 800px) 100vw, 800px\" \/><\/p>\n<h2>Wybierz sw\u00f3j kolor<\/h2>\n<p>S\u0105 Pa\u0144stwo nowoczesnymi osobami, kt\u00f3re lubi\u0105 \u015bwie\u017cy, a zarazem stonowany design? W takim przypadku polecamy bia\u0142y, szary lub kremowy kolor tynku. A mo\u017ce chc\u0105 Pa\u0144stwo, aby gara\u017c sprawia\u0142 ciep\u0142e, rodzinne wra\u017cenie? Prosz\u0119 wybra\u0107 spo\u015br\u00f3d kolor\u00f3w takich jak \u017c\u00f3\u0142ty lub ceglasty. Je\u015bli s\u0105 Pa\u0144stwo kreatywnymi duszami, kt\u00f3re zawsze chc\u0105 wyr\u00f3\u017cnia\u0107 si\u0119 z otoczenia, mo\u017cna wybra\u0107 dowolny kolor, jaki przyjdzie Pa\u0144stwu do g\u0142owy. Warto jednak pami\u0119ta\u0107, \u017ce powinien on cieszy\u0107 oko r\u00f3wnie\u017c po sezonie. Prosz\u0119 my\u015ble\u0107 d\u0142ugofalowo.      <\/p>\n<p><img loading=\"lazy\" decoding=\"async\" class=\"aligncenter wp-image-4758\" src=\"http:\/\/gardeon.pl\/wp-content\/uploads\/2015\/06\/montovana-garaz-na-kluc-1024x738.jpg\" alt=\"gara\u017ce z dachem dwuspadowym\" width=\"800\" height=\"576\"><\/p>\n<h2><\/h2>\n<h2>Wisienk\u0105 na torcie jest dach gara\u017cu<\/h2>\n<p>I na koniec dach \u2013 <a href=\"http:\/\/gardeon.pl\/garaze\/sedlova-strecha\/\" target=\"_blank\" rel=\"noopener noreferrer\">dwuspadowy<\/a> czy <a href=\"http:\/\/gardeon.pl\/garaze\/pultova-strecha\/\" target=\"_blank\" rel=\"noopener noreferrer\">jednospadowy<\/a>? Przyjrzyjmy si\u0119 temu od strony praktycznej. Dach dwuspadowy ma przewag\u0119 pod wzgl\u0119dem wytrzyma\u0142o\u015bci. Je\u015bli spadnie wi\u0119ksza ilo\u015b\u0107 \u015bniegu, po prostu zsunie si\u0119 on z dachu. Cho\u0107 dach jednospadowy jest r\u00f3wnie\u017c niezwykle wytrzyma\u0142y, dla jego d\u0142u\u017cszej trwa\u0142o\u015bci nale\u017ca\u0142oby samodzielnie zminimalizowa\u0107 obci\u0105\u017cenie. Jednak pod wzgl\u0119dem wizualnym decyzj\u0119 warto podj\u0105\u0107 na podstawie wygl\u0105du Pa\u0144stwa domu oraz budynk\u00f3w w s\u0105siedztwie. Dach dwuspadowy pasuje szczeg\u00f3lnie do tradycyjnych dom\u00f3w jednorodzinnych w mniejszych miejscowo\u015bciach. Z kolei gara\u017c z dachem p\u0142askim sprawia wra\u017cenie bardziej eleganckiego, dlatego lepiej wsp\u00f3\u0142gra z dzisiejsz\u0105 nowoczesn\u0105 architektur\u0105. Wyb\u00f3r nale\u017cy do Pa\u0144stwa. Zatem, na co si\u0119 Pa\u0144stwo zdecyduj\u0105?         <\/p>\n<p><img loading=\"lazy\" decoding=\"async\" class=\"aligncenter wp-image-5462\" src=\"http:\/\/gardeon.pl\/wp-content\/uploads\/2015\/06\/P6050984-1024x768.jpg\" alt=\"jak zbudowa\u0107 gara\u017c\" width=\"800\" height=\"600\"><\/p>\n","protected":false},"excerpt":{"rendered":"<p>Chcieliby\u015bmy jak najbardziej u\u0142atwi\u0107 Pa\u0144stwu wyb\u00f3r odpowiedniego gara\u017cu, zar\u00f3wno pod wzgl\u0119dem funkcjonalnym, jak i wizualnym. Przed wyborem konkretnego projektu gara\u017cu warto zastanowi\u0107 si\u0119 nad jego funkcj\u0105. Wa\u017cne jest, aby z g\u00f3ry wiedzie\u0107, do czego gara\u017c b\u0119dzie wykorzystywany \u2013 czy b\u0119dzie w nim parkowa\u0107 jeden samoch\u00f3d, czy z czasem dwa. Czy maj\u0105 Pa\u0144stwo wystarczaj\u0105co du\u017co miejsca [&hellip;]<\/p>\n","protected":false},"author":2,"featured_media":46587,"comment_status":"open","ping_status":"open","sticky":false,"template":"","format":"standard","meta":{"_acf_changed":false,"inline_featured_image":false,"footnotes":""},"categories":[578],"tags":[634],"class_list":["post-46584","post","type-post","status-publish","format-standard","has-post-thumbnail","hentry","category-garaze-blaszane","tag-cz"],"acf":[],"yoast_head":"<!-- This site is optimized with the Yoast SEO plugin v27.4 - https:\/\/yoast.com\/product\/yoast-seo-wordpress\/ -->\n<title>Jaki typ gara\u017cu najlepiej pasuje do Pa\u0144stwa domu? - GARDEON<\/title>\n<meta name=\"robots\" content=\"index, follow, max-snippet:-1, max-image-preview:large, max-video-preview:-1\" \/>\n<link rel=\"canonical\" href=\"https:\/\/gardeon.pl\/pl\/blog\/jaki-typ-garazu-najlepiej-pasuje-do-panstwa-domu\/\" \/>\n<meta property=\"og:locale\" content=\"pl_PL\" \/>\n<meta property=\"og:type\" content=\"article\" \/>\n<meta property=\"og:title\" content=\"Jaki typ gara\u017cu najlepiej pasuje do Pa\u0144stwa domu? - GARDEON\" \/>\n<meta property=\"og:description\" content=\"Chcieliby\u015bmy jak najbardziej u\u0142atwi\u0107 Pa\u0144stwu wyb\u00f3r odpowiedniego gara\u017cu, zar\u00f3wno pod wzgl\u0119dem funkcjonalnym, jak i wizualnym. Przed wyborem konkretnego projektu gara\u017cu warto zastanowi\u0107 si\u0119 nad jego funkcj\u0105. Wa\u017cne jest, aby z g\u00f3ry wiedzie\u0107, do czego gara\u017c b\u0119dzie wykorzystywany \u2013 czy b\u0119dzie w nim parkowa\u0107 jeden samoch\u00f3d, czy z czasem dwa. Czy maj\u0105 Pa\u0144stwo wystarczaj\u0105co du\u017co miejsca [&hellip;]\" \/>\n<meta property=\"og:url\" content=\"https:\/\/gardeon.pl\/pl\/blog\/jaki-typ-garazu-najlepiej-pasuje-do-panstwa-domu\/\" \/>\n<meta property=\"og:site_name\" content=\"GARDEON\" \/>\n<meta property=\"article:published_time\" content=\"2026-04-23T17:04:23+00:00\" \/>\n<meta property=\"og:image\" content=\"http:\/\/gardeon.pl\/wp-content\/uploads\/2014\/10\/IMG_0216-testova\u010dka-scaled.jpg\" \/>\n\t<meta property=\"og:image:width\" content=\"2560\" \/>\n\t<meta property=\"og:image:height\" content=\"1707\" \/>\n\t<meta property=\"og:image:type\" content=\"image\/jpeg\" \/>\n<meta name=\"author\" content=\"editor\" \/>\n<meta name=\"twitter:card\" content=\"summary_large_image\" \/>\n<meta name=\"twitter:label1\" content=\"Napisane przez\" \/>\n\t<meta name=\"twitter:data1\" content=\"editor\" \/>\n\t<meta name=\"twitter:label2\" content=\"Szacowany czas czytania\" \/>\n\t<meta name=\"twitter:data2\" content=\"3 minuty\" \/>\n<script type=\"application\/ld+json\" class=\"yoast-schema-graph\">{\"@context\":\"https:\\\/\\\/schema.org\",\"@graph\":[{\"@type\":\"Article\",\"@id\":\"https:\\\/\\\/gardeon.pl\\\/pl\\\/blog\\\/jaki-typ-garazu-najlepiej-pasuje-do-panstwa-domu\\\/#article\",\"isPartOf\":{\"@id\":\"https:\\\/\\\/gardeon.pl\\\/pl\\\/blog\\\/jaki-typ-garazu-najlepiej-pasuje-do-panstwa-domu\\\/\"},\"author\":{\"name\":\"editor\",\"@id\":\"https:\\\/\\\/gardeon.pl\\\/#\\\/schema\\\/person\\\/a5762ca5f0790bf92774af0899379463\"},\"headline\":\"Jaki typ gara\u017cu najlepiej pasuje do Pa\u0144stwa domu?\",\"datePublished\":\"2026-04-23T17:04:23+00:00\",\"mainEntityOfPage\":{\"@id\":\"https:\\\/\\\/gardeon.pl\\\/pl\\\/blog\\\/jaki-typ-garazu-najlepiej-pasuje-do-panstwa-domu\\\/\"},\"wordCount\":620,\"commentCount\":0,\"image\":{\"@id\":\"https:\\\/\\\/gardeon.pl\\\/pl\\\/blog\\\/jaki-typ-garazu-najlepiej-pasuje-do-panstwa-domu\\\/#primaryimage\"},\"thumbnailUrl\":\"https:\\\/\\\/gardeon.pl\\\/wp-content\\\/uploads\\\/2014\\\/10\\\/IMG_0216-testova\u010dka-scaled.jpg\",\"keywords\":[\"CZ\"],\"articleSection\":[\"Gara\u017ce blaszane\"],\"inLanguage\":\"pl-PL\",\"potentialAction\":[{\"@type\":\"CommentAction\",\"name\":\"Comment\",\"target\":[\"https:\\\/\\\/gardeon.pl\\\/pl\\\/blog\\\/jaki-typ-garazu-najlepiej-pasuje-do-panstwa-domu\\\/#respond\"]}]},{\"@type\":\"WebPage\",\"@id\":\"https:\\\/\\\/gardeon.pl\\\/pl\\\/blog\\\/jaki-typ-garazu-najlepiej-pasuje-do-panstwa-domu\\\/\",\"url\":\"https:\\\/\\\/gardeon.pl\\\/pl\\\/blog\\\/jaki-typ-garazu-najlepiej-pasuje-do-panstwa-domu\\\/\",\"name\":\"Jaki typ gara\u017cu najlepiej pasuje do Pa\u0144stwa domu? - GARDEON\",\"isPartOf\":{\"@id\":\"https:\\\/\\\/gardeon.pl\\\/#website\"},\"primaryImageOfPage\":{\"@id\":\"https:\\\/\\\/gardeon.pl\\\/pl\\\/blog\\\/jaki-typ-garazu-najlepiej-pasuje-do-panstwa-domu\\\/#primaryimage\"},\"image\":{\"@id\":\"https:\\\/\\\/gardeon.pl\\\/pl\\\/blog\\\/jaki-typ-garazu-najlepiej-pasuje-do-panstwa-domu\\\/#primaryimage\"},\"thumbnailUrl\":\"https:\\\/\\\/gardeon.pl\\\/wp-content\\\/uploads\\\/2014\\\/10\\\/IMG_0216-testova\u010dka-scaled.jpg\",\"datePublished\":\"2026-04-23T17:04:23+00:00\",\"author\":{\"@id\":\"https:\\\/\\\/gardeon.pl\\\/#\\\/schema\\\/person\\\/a5762ca5f0790bf92774af0899379463\"},\"breadcrumb\":{\"@id\":\"https:\\\/\\\/gardeon.pl\\\/pl\\\/blog\\\/jaki-typ-garazu-najlepiej-pasuje-do-panstwa-domu\\\/#breadcrumb\"},\"inLanguage\":\"pl-PL\",\"potentialAction\":[{\"@type\":\"ReadAction\",\"target\":[\"https:\\\/\\\/gardeon.pl\\\/pl\\\/blog\\\/jaki-typ-garazu-najlepiej-pasuje-do-panstwa-domu\\\/\"]}]},{\"@type\":\"ImageObject\",\"inLanguage\":\"pl-PL\",\"@id\":\"https:\\\/\\\/gardeon.pl\\\/pl\\\/blog\\\/jaki-typ-garazu-najlepiej-pasuje-do-panstwa-domu\\\/#primaryimage\",\"url\":\"https:\\\/\\\/gardeon.pl\\\/wp-content\\\/uploads\\\/2014\\\/10\\\/IMG_0216-testova\u010dka-scaled.jpg\",\"contentUrl\":\"https:\\\/\\\/gardeon.pl\\\/wp-content\\\/uploads\\\/2014\\\/10\\\/IMG_0216-testova\u010dka-scaled.jpg\",\"width\":2560,\"height\":1707,\"caption\":\"Wysokiej jako\u015bci gara\u017c montowany z dachem jednospadowym\"},{\"@type\":\"BreadcrumbList\",\"@id\":\"https:\\\/\\\/gardeon.pl\\\/pl\\\/blog\\\/jaki-typ-garazu-najlepiej-pasuje-do-panstwa-domu\\\/#breadcrumb\",\"itemListElement\":[{\"@type\":\"ListItem\",\"position\":1,\"name\":\"Domov\",\"item\":\"https:\\\/\\\/gardeon.pl\\\/pl\\\/\"},{\"@type\":\"ListItem\",\"position\":2,\"name\":\"Jaki typ gara\u017cu najlepiej pasuje do Pa\u0144stwa domu?\"}]},{\"@type\":\"WebSite\",\"@id\":\"https:\\\/\\\/gardeon.pl\\\/#website\",\"url\":\"https:\\\/\\\/gardeon.pl\\\/\",\"name\":\"GARDEON\",\"description\":\"\",\"potentialAction\":[{\"@type\":\"SearchAction\",\"target\":{\"@type\":\"EntryPoint\",\"urlTemplate\":\"https:\\\/\\\/gardeon.pl\\\/?s={search_term_string}\"},\"query-input\":{\"@type\":\"PropertyValueSpecification\",\"valueRequired\":true,\"valueName\":\"search_term_string\"}}],\"inLanguage\":\"pl-PL\"},{\"@type\":\"Person\",\"@id\":\"https:\\\/\\\/gardeon.pl\\\/#\\\/schema\\\/person\\\/a5762ca5f0790bf92774af0899379463\",\"name\":\"editor\",\"image\":{\"@type\":\"ImageObject\",\"inLanguage\":\"pl-PL\",\"@id\":\"https:\\\/\\\/secure.gravatar.com\\\/avatar\\\/2b748151c2c748327307fd289a91b3bdafdd9e64e2d000e65e53d6dcf11c5830?s=96&d=mm&r=g\",\"url\":\"https:\\\/\\\/secure.gravatar.com\\\/avatar\\\/2b748151c2c748327307fd289a91b3bdafdd9e64e2d000e65e53d6dcf11c5830?s=96&d=mm&r=g\",\"contentUrl\":\"https:\\\/\\\/secure.gravatar.com\\\/avatar\\\/2b748151c2c748327307fd289a91b3bdafdd9e64e2d000e65e53d6dcf11c5830?s=96&d=mm&r=g\",\"caption\":\"editor\"}}]}<\/script>\n<!-- \/ Yoast SEO plugin. -->","yoast_head_json":{"title":"Jaki typ gara\u017cu najlepiej pasuje do Pa\u0144stwa domu? - GARDEON","robots":{"index":"index","follow":"follow","max-snippet":"max-snippet:-1","max-image-preview":"max-image-preview:large","max-video-preview":"max-video-preview:-1"},"canonical":"https:\/\/gardeon.pl\/pl\/blog\/jaki-typ-garazu-najlepiej-pasuje-do-panstwa-domu\/","og_locale":"pl_PL","og_type":"article","og_title":"Jaki typ gara\u017cu najlepiej pasuje do Pa\u0144stwa domu? - GARDEON","og_description":"Chcieliby\u015bmy jak najbardziej u\u0142atwi\u0107 Pa\u0144stwu wyb\u00f3r odpowiedniego gara\u017cu, zar\u00f3wno pod wzgl\u0119dem funkcjonalnym, jak i wizualnym. Przed wyborem konkretnego projektu gara\u017cu warto zastanowi\u0107 si\u0119 nad jego funkcj\u0105. Wa\u017cne jest, aby z g\u00f3ry wiedzie\u0107, do czego gara\u017c b\u0119dzie wykorzystywany \u2013 czy b\u0119dzie w nim parkowa\u0107 jeden samoch\u00f3d, czy z czasem dwa. Czy maj\u0105 Pa\u0144stwo wystarczaj\u0105co du\u017co miejsca [&hellip;]","og_url":"https:\/\/gardeon.pl\/pl\/blog\/jaki-typ-garazu-najlepiej-pasuje-do-panstwa-domu\/","og_site_name":"GARDEON","article_published_time":"2026-04-23T17:04:23+00:00","og_image":[{"width":2560,"height":1707,"url":"http:\/\/gardeon.pl\/wp-content\/uploads\/2014\/10\/IMG_0216-testova\u010dka-scaled.jpg","type":"image\/jpeg"}],"author":"editor","twitter_card":"summary_large_image","twitter_misc":{"Napisane przez":"editor","Szacowany czas czytania":"3 minuty"},"schema":{"@context":"https:\/\/schema.org","@graph":[{"@type":"Article","@id":"https:\/\/gardeon.pl\/pl\/blog\/jaki-typ-garazu-najlepiej-pasuje-do-panstwa-domu\/#article","isPartOf":{"@id":"https:\/\/gardeon.pl\/pl\/blog\/jaki-typ-garazu-najlepiej-pasuje-do-panstwa-domu\/"},"author":{"name":"editor","@id":"https:\/\/gardeon.pl\/#\/schema\/person\/a5762ca5f0790bf92774af0899379463"},"headline":"Jaki typ gara\u017cu najlepiej pasuje do Pa\u0144stwa domu?","datePublished":"2026-04-23T17:04:23+00:00","mainEntityOfPage":{"@id":"https:\/\/gardeon.pl\/pl\/blog\/jaki-typ-garazu-najlepiej-pasuje-do-panstwa-domu\/"},"wordCount":620,"commentCount":0,"image":{"@id":"https:\/\/gardeon.pl\/pl\/blog\/jaki-typ-garazu-najlepiej-pasuje-do-panstwa-domu\/#primaryimage"},"thumbnailUrl":"https:\/\/gardeon.pl\/wp-content\/uploads\/2014\/10\/IMG_0216-testova\u010dka-scaled.jpg","keywords":["CZ"],"articleSection":["Gara\u017ce blaszane"],"inLanguage":"pl-PL","potentialAction":[{"@type":"CommentAction","name":"Comment","target":["https:\/\/gardeon.pl\/pl\/blog\/jaki-typ-garazu-najlepiej-pasuje-do-panstwa-domu\/#respond"]}]},{"@type":"WebPage","@id":"https:\/\/gardeon.pl\/pl\/blog\/jaki-typ-garazu-najlepiej-pasuje-do-panstwa-domu\/","url":"https:\/\/gardeon.pl\/pl\/blog\/jaki-typ-garazu-najlepiej-pasuje-do-panstwa-domu\/","name":"Jaki typ gara\u017cu najlepiej pasuje do Pa\u0144stwa domu? - GARDEON","isPartOf":{"@id":"https:\/\/gardeon.pl\/#website"},"primaryImageOfPage":{"@id":"https:\/\/gardeon.pl\/pl\/blog\/jaki-typ-garazu-najlepiej-pasuje-do-panstwa-domu\/#primaryimage"},"image":{"@id":"https:\/\/gardeon.pl\/pl\/blog\/jaki-typ-garazu-najlepiej-pasuje-do-panstwa-domu\/#primaryimage"},"thumbnailUrl":"https:\/\/gardeon.pl\/wp-content\/uploads\/2014\/10\/IMG_0216-testova\u010dka-scaled.jpg","datePublished":"2026-04-23T17:04:23+00:00","author":{"@id":"https:\/\/gardeon.pl\/#\/schema\/person\/a5762ca5f0790bf92774af0899379463"},"breadcrumb":{"@id":"https:\/\/gardeon.pl\/pl\/blog\/jaki-typ-garazu-najlepiej-pasuje-do-panstwa-domu\/#breadcrumb"},"inLanguage":"pl-PL","potentialAction":[{"@type":"ReadAction","target":["https:\/\/gardeon.pl\/pl\/blog\/jaki-typ-garazu-najlepiej-pasuje-do-panstwa-domu\/"]}]},{"@type":"ImageObject","inLanguage":"pl-PL","@id":"https:\/\/gardeon.pl\/pl\/blog\/jaki-typ-garazu-najlepiej-pasuje-do-panstwa-domu\/#primaryimage","url":"https:\/\/gardeon.pl\/wp-content\/uploads\/2014\/10\/IMG_0216-testova\u010dka-scaled.jpg","contentUrl":"https:\/\/gardeon.pl\/wp-content\/uploads\/2014\/10\/IMG_0216-testova\u010dka-scaled.jpg","width":2560,"height":1707,"caption":"Wysokiej jako\u015bci gara\u017c montowany z dachem jednospadowym"},{"@type":"BreadcrumbList","@id":"https:\/\/gardeon.pl\/pl\/blog\/jaki-typ-garazu-najlepiej-pasuje-do-panstwa-domu\/#breadcrumb","itemListElement":[{"@type":"ListItem","position":1,"name":"Domov","item":"https:\/\/gardeon.pl\/pl\/"},{"@type":"ListItem","position":2,"name":"Jaki typ gara\u017cu najlepiej pasuje do Pa\u0144stwa domu?"}]},{"@type":"WebSite","@id":"https:\/\/gardeon.pl\/#website","url":"https:\/\/gardeon.pl\/","name":"GARDEON","description":"","potentialAction":[{"@type":"SearchAction","target":{"@type":"EntryPoint","urlTemplate":"https:\/\/gardeon.pl\/?s={search_term_string}"},"query-input":{"@type":"PropertyValueSpecification","valueRequired":true,"valueName":"search_term_string"}}],"inLanguage":"pl-PL"},{"@type":"Person","@id":"https:\/\/gardeon.pl\/#\/schema\/person\/a5762ca5f0790bf92774af0899379463","name":"editor","image":{"@type":"ImageObject","inLanguage":"pl-PL","@id":"https:\/\/secure.gravatar.com\/avatar\/2b748151c2c748327307fd289a91b3bdafdd9e64e2d000e65e53d6dcf11c5830?s=96&d=mm&r=g","url":"https:\/\/secure.gravatar.com\/avatar\/2b748151c2c748327307fd289a91b3bdafdd9e64e2d000e65e53d6dcf11c5830?s=96&d=mm&r=g","contentUrl":"https:\/\/secure.gravatar.com\/avatar\/2b748151c2c748327307fd289a91b3bdafdd9e64e2d000e65e53d6dcf11c5830?s=96&d=mm&r=g","caption":"editor"}}]}},"_links":{"self":[{"href":"https:\/\/gardeon.pl\/pl\/wp-json\/wp\/v2\/posts\/46584","targetHints":{"allow":["GET"]}}],"collection":[{"href":"https:\/\/gardeon.pl\/pl\/wp-json\/wp\/v2\/posts"}],"about":[{"href":"https:\/\/gardeon.pl\/pl\/wp-json\/wp\/v2\/types\/post"}],"author":[{"embeddable":true,"href":"https:\/\/gardeon.pl\/pl\/wp-json\/wp\/v2\/users\/2"}],"replies":[{"embeddable":true,"href":"https:\/\/gardeon.pl\/pl\/wp-json\/wp\/v2\/comments?post=46584"}],"version-history":[{"count":0,"href":"https:\/\/gardeon.pl\/pl\/wp-json\/wp\/v2\/posts\/46584\/revisions"}],"wp:featuredmedia":[{"embeddable":true,"href":"https:\/\/gardeon.pl\/pl\/wp-json\/wp\/v2\/media\/46587"}],"wp:attachment":[{"href":"https:\/\/gardeon.pl\/pl\/wp-json\/wp\/v2\/media?parent=46584"}],"wp:term":[{"taxonomy":"category","embeddable":true,"href":"https:\/\/gardeon.pl\/pl\/wp-json\/wp\/v2\/categories?post=46584"},{"taxonomy":"post_tag","embeddable":true,"href":"https:\/\/gardeon.pl\/pl\/wp-json\/wp\/v2\/tags?post=46584"}],"curies":[{"name":"wp","href":"https:\/\/api.w.org\/{rel}","templated":true}]}}