{"id":46603,"date":"2026-04-23T19:04:22","date_gmt":"2026-04-23T17:04:22","guid":{"rendered":"https:\/\/gardeon.pl\/?p=46603"},"modified":"2026-04-23T19:04:22","modified_gmt":"2026-04-23T17:04:22","slug":"attyka-moze-byc-ozdoba-kazdego-garazu-modulowego","status":"publish","type":"post","link":"https:\/\/gardeon.pl\/pl\/blog\/attyka-moze-byc-ozdoba-kazdego-garazu-modulowego\/","title":{"rendered":"Attyka mo\u017ce by\u0107 ozdob\u0105 ka\u017cdego gara\u017cu modu\u0142owego"},"content":{"rendered":"<p><em>Co \u0142\u0105czy renesans z gara\u017cem modu\u0142owym? Attyk\u0119. Laika lub kogo\u015b, kto nie zna si\u0119 na budownictwie, poj\u0119cie to mo\u017ce wprawi\u0107 w zak\u0142opotanie. Znajdzie j\u0105 Pan\/Pani w ksi\u0105\u017ckach o architekturze, a jednocze\u015bnie jest bardzo wa\u017cn\u0105 cz\u0119\u015bci\u0105 terminologii gara\u017cowej. Dlaczego tak jest i jak mo\u017cna ni\u0105 urozmaici\u0107 sw\u00f3j metalowy gara\u017c modu\u0142owy? Dowie si\u0119 Pan\/Pani z tego artyku\u0142u.     <\/em><\/p>\n<p><!--more--><\/p>\n<h2>Z zamk\u00f3w na dach gara\u017cu modu\u0142owego<\/h2>\n<p>Pochodzenie attyki si\u0119ga architektury rzymskich \u0142uk\u00f3w triumfalnych. Znajdzie j\u0105 Pan\/Pani w g\u00f3rnych cz\u0119\u015bciach renesansowych budynk\u00f3w we W\u0142oszech, Niemczech, a tak\u017ce na s\u0142owackim Spiszu. A w przypadku, gdy planuje Pan\/Pani budow\u0119 gara\u017cu modu\u0142owego, powinna by\u0107 r\u00f3wnie\u017c cz\u0119\u015bci\u0105 dachu.  <\/p>\n<p>Attyka zakrywa przestrze\u0144 mi\u0119dzy \u015bcian\u0105 a pokryciem dachowym i stanowi cz\u0119\u015b\u0107 systemu wentylacyjnego gara\u017cu. Dzi\u0119ki niej gara\u017c mo\u017ce oddycha\u0107 i jest chroniony przed niebezpieczn\u0105 ple\u015bni\u0105. Opr\u00f3cz wody zapobiega r\u00f3wnie\u017c przedostawaniu si\u0119 li\u015bci czy niechcianych zwierz\u0105t do wn\u0119trza gara\u017cu. Przy jego budowie pe\u0142ni zatem wa\u017cn\u0105 rol\u0119. Funkcjonalno\u015bci\u0105 si\u0119 jednak nie ko\u0144czy.    <\/p>\n<h2><strong>Jak dyskretny detal o\u017cywi design gara\u017cu<\/strong><\/h2>\n<p>Attyka cz\u0119sto jest wymieniana jako newralgiczne miejsce, na kt\u00f3re nale\u017cy zwr\u00f3ci\u0107 uwag\u0119. Zazwyczaj do jej pokrycia u\u017cywa si\u0119 ocynkowanej blachy, kt\u00f3ra dobrze sprawdza si\u0119 z technicznego punktu widzenia. To jednak dzi\u015b ju\u017c nie wystarcza. Attyka mo\u017ce by\u0107 dyskretna, ale mo\u017ce r\u00f3wnie\u017c stylowo uzupe\u0142ni\u0107 wygl\u0105d metalowego gara\u017cu.   <\/p>\n<p><img loading=\"lazy\" decoding=\"async\" class=\"aligncenter wp-image-6545\" src=\"http:\/\/gardeon.pl\/wp-content\/uploads\/2016\/05\/Garaz-4221-logo-1024x682.jpg\" alt=\"Gara\u017ce pod klucz\" width=\"800\" height=\"533\" srcset=\"https:\/\/gardeon.pl\/wp-content\/uploads\/2016\/05\/Garaz-4221-logo-1024x682.jpg 1024w, https:\/\/gardeon.pl\/wp-content\/uploads\/2016\/05\/Garaz-4221-logo-300x200.jpg 300w, https:\/\/gardeon.pl\/wp-content\/uploads\/2016\/05\/Garaz-4221-logo-768x512.jpg 768w, https:\/\/gardeon.pl\/wp-content\/uploads\/2016\/05\/Garaz-4221-logo-1536x1024.jpg 1536w, https:\/\/gardeon.pl\/wp-content\/uploads\/2016\/05\/Garaz-4221-logo.jpg 1595w\" sizes=\"auto, (max-width: 800px) 100vw, 800px\" \/><\/p>\n<p>Nowoczesna powierzchniowa obr\u00f3bka PVC mo\u017ce by\u0107 dopasowana do kilku wariant\u00f3w kolorystycznych. Ciekawym wykonaniem kolorystycznym mo\u017cna prosto i elegancko o\u017cywi\u0107 nawet minimalistyczny gara\u017c. Do najcz\u0119\u015bciej u\u017cywanych kolor\u00f3w nale\u017c\u0105 br\u0105zowy, antracytowy, bia\u0142y czy ceglany. Jednak wyobra\u017ani nie ma granic. Je\u015bli ma Pan\/Pani odwag\u0119 eksperymentowa\u0107, z \u0142atwo\u015bci\u0105 mo\u017ce zacz\u0105\u0107 wyznacza\u0107 nowe trendy.    <\/p>\n<p><img loading=\"lazy\" decoding=\"async\" class=\"aligncenter wp-image-6546\" src=\"http:\/\/gardeon.pl\/wp-content\/uploads\/2016\/05\/Garaz-4296-kopia-2-1024x682.jpg\" alt=\"Gara\u017c na wymiar\" width=\"800\" height=\"533\" srcset=\"https:\/\/gardeon.pl\/wp-content\/uploads\/2016\/05\/Garaz-4296-kopia-2-1024x682.jpg 1024w, https:\/\/gardeon.pl\/wp-content\/uploads\/2016\/05\/Garaz-4296-kopia-2-300x200.jpg 300w, https:\/\/gardeon.pl\/wp-content\/uploads\/2016\/05\/Garaz-4296-kopia-2-768x512.jpg 768w, https:\/\/gardeon.pl\/wp-content\/uploads\/2016\/05\/Garaz-4296-kopia-2-1536x1024.jpg 1536w, https:\/\/gardeon.pl\/wp-content\/uploads\/2016\/05\/Garaz-4296-kopia-2.jpg 1595w\" sizes=\"auto, (max-width: 800px) 100vw, 800px\" \/><\/p>\n<p>Wybierz do gara\u017cu attyk\u0119, kt\u00f3ra najbardziej Panu\/Pani odpowiada. Skomponuj sw\u00f3j <a href=\"http:\/\/gardeon.pl\/konfigurator\/\">oryginalny gara\u017c modu\u0142owy<\/a> za pomoc\u0105 naszego konfiguratora. <\/p>\n","protected":false},"excerpt":{"rendered":"<p>Co \u0142\u0105czy renesans z gara\u017cem modu\u0142owym? Attyk\u0119. Laika lub kogo\u015b, kto nie zna si\u0119 na budownictwie, poj\u0119cie to mo\u017ce wprawi\u0107 w zak\u0142opotanie. Znajdzie j\u0105 Pan\/Pani w ksi\u0105\u017ckach o architekturze, a jednocze\u015bnie jest bardzo wa\u017cn\u0105 cz\u0119\u015bci\u0105 terminologii gara\u017cowej. Dlaczego tak jest i jak mo\u017cna ni\u0105 urozmaici\u0107 sw\u00f3j metalowy gara\u017c modu\u0142owy? Dowie si\u0119 Pan\/Pani z tego artyku\u0142u.<\/p>\n","protected":false},"author":2,"featured_media":46608,"comment_status":"open","ping_status":"open","sticky":false,"template":"","format":"standard","meta":{"_acf_changed":false,"inline_featured_image":false,"footnotes":""},"categories":[578,580],"tags":[],"class_list":["post-46603","post","type-post","status-publish","format-standard","has-post-thumbnail","hentry","category-garaze-blaszane","category-jak-to-zrobic-garaze-diy"],"acf":[],"yoast_head":"<!-- This site is optimized with the Yoast SEO plugin v27.4 - https:\/\/yoast.com\/product\/yoast-seo-wordpress\/ -->\n<title>Attyka mo\u017ce by\u0107 ozdob\u0105 ka\u017cdego gara\u017cu modu\u0142owego - GARDEON<\/title>\n<meta name=\"robots\" content=\"index, follow, max-snippet:-1, max-image-preview:large, max-video-preview:-1\" \/>\n<link rel=\"canonical\" href=\"https:\/\/gardeon.pl\/pl\/blog\/attyka-moze-byc-ozdoba-kazdego-garazu-modulowego\/\" \/>\n<meta property=\"og:locale\" content=\"pl_PL\" \/>\n<meta property=\"og:type\" content=\"article\" \/>\n<meta property=\"og:title\" content=\"Attyka mo\u017ce by\u0107 ozdob\u0105 ka\u017cdego gara\u017cu modu\u0142owego - GARDEON\" \/>\n<meta property=\"og:description\" content=\"Co \u0142\u0105czy renesans z gara\u017cem modu\u0142owym? Attyk\u0119. Laika lub kogo\u015b, kto nie zna si\u0119 na budownictwie, poj\u0119cie to mo\u017ce wprawi\u0107 w zak\u0142opotanie. Znajdzie j\u0105 Pan\/Pani w ksi\u0105\u017ckach o architekturze, a jednocze\u015bnie jest bardzo wa\u017cn\u0105 cz\u0119\u015bci\u0105 terminologii gara\u017cowej. Dlaczego tak jest i jak mo\u017cna ni\u0105 urozmaici\u0107 sw\u00f3j metalowy gara\u017c modu\u0142owy? Dowie si\u0119 Pan\/Pani z tego artyku\u0142u.\" \/>\n<meta property=\"og:url\" content=\"https:\/\/gardeon.pl\/pl\/blog\/attyka-moze-byc-ozdoba-kazdego-garazu-modulowego\/\" \/>\n<meta property=\"og:site_name\" content=\"GARDEON\" \/>\n<meta property=\"article:published_time\" content=\"2026-04-23T17:04:22+00:00\" \/>\n<meta property=\"og:image\" content=\"http:\/\/gardeon.pl\/wp-content\/uploads\/2016\/05\/Garaz-4220-logo.jpg\" \/>\n\t<meta property=\"og:image:width\" content=\"1595\" \/>\n\t<meta property=\"og:image:height\" content=\"1063\" \/>\n\t<meta property=\"og:image:type\" content=\"image\/jpeg\" \/>\n<meta name=\"author\" content=\"editor\" \/>\n<meta name=\"twitter:card\" content=\"summary_large_image\" \/>\n<meta name=\"twitter:label1\" content=\"Napisane przez\" \/>\n\t<meta name=\"twitter:data1\" content=\"editor\" \/>\n\t<meta name=\"twitter:label2\" content=\"Szacowany czas czytania\" \/>\n\t<meta name=\"twitter:data2\" content=\"2 minuty\" \/>\n<script type=\"application\/ld+json\" class=\"yoast-schema-graph\">{\"@context\":\"https:\\\/\\\/schema.org\",\"@graph\":[{\"@type\":\"Article\",\"@id\":\"https:\\\/\\\/gardeon.pl\\\/pl\\\/blog\\\/attyka-moze-byc-ozdoba-kazdego-garazu-modulowego\\\/#article\",\"isPartOf\":{\"@id\":\"https:\\\/\\\/gardeon.pl\\\/pl\\\/blog\\\/attyka-moze-byc-ozdoba-kazdego-garazu-modulowego\\\/\"},\"author\":{\"name\":\"editor\",\"@id\":\"https:\\\/\\\/gardeon.pl\\\/#\\\/schema\\\/person\\\/a5762ca5f0790bf92774af0899379463\"},\"headline\":\"Attyka mo\u017ce by\u0107 ozdob\u0105 ka\u017cdego gara\u017cu modu\u0142owego\",\"datePublished\":\"2026-04-23T17:04:22+00:00\",\"mainEntityOfPage\":{\"@id\":\"https:\\\/\\\/gardeon.pl\\\/pl\\\/blog\\\/attyka-moze-byc-ozdoba-kazdego-garazu-modulowego\\\/\"},\"wordCount\":359,\"commentCount\":0,\"image\":{\"@id\":\"https:\\\/\\\/gardeon.pl\\\/pl\\\/blog\\\/attyka-moze-byc-ozdoba-kazdego-garazu-modulowego\\\/#primaryimage\"},\"thumbnailUrl\":\"https:\\\/\\\/gardeon.pl\\\/wp-content\\\/uploads\\\/2016\\\/05\\\/Garaz-4220-logo.jpg\",\"articleSection\":[\"Gara\u017ce blaszane\",\"Jak to zrobi\u0107 \u2013 gara\u017ce | DIY\"],\"inLanguage\":\"pl-PL\",\"potentialAction\":[{\"@type\":\"CommentAction\",\"name\":\"Comment\",\"target\":[\"https:\\\/\\\/gardeon.pl\\\/pl\\\/blog\\\/attyka-moze-byc-ozdoba-kazdego-garazu-modulowego\\\/#respond\"]}]},{\"@type\":\"WebPage\",\"@id\":\"https:\\\/\\\/gardeon.pl\\\/pl\\\/blog\\\/attyka-moze-byc-ozdoba-kazdego-garazu-modulowego\\\/\",\"url\":\"https:\\\/\\\/gardeon.pl\\\/pl\\\/blog\\\/attyka-moze-byc-ozdoba-kazdego-garazu-modulowego\\\/\",\"name\":\"Attyka mo\u017ce by\u0107 ozdob\u0105 ka\u017cdego gara\u017cu modu\u0142owego - GARDEON\",\"isPartOf\":{\"@id\":\"https:\\\/\\\/gardeon.pl\\\/#website\"},\"primaryImageOfPage\":{\"@id\":\"https:\\\/\\\/gardeon.pl\\\/pl\\\/blog\\\/attyka-moze-byc-ozdoba-kazdego-garazu-modulowego\\\/#primaryimage\"},\"image\":{\"@id\":\"https:\\\/\\\/gardeon.pl\\\/pl\\\/blog\\\/attyka-moze-byc-ozdoba-kazdego-garazu-modulowego\\\/#primaryimage\"},\"thumbnailUrl\":\"https:\\\/\\\/gardeon.pl\\\/wp-content\\\/uploads\\\/2016\\\/05\\\/Garaz-4220-logo.jpg\",\"datePublished\":\"2026-04-23T17:04:22+00:00\",\"author\":{\"@id\":\"https:\\\/\\\/gardeon.pl\\\/#\\\/schema\\\/person\\\/a5762ca5f0790bf92774af0899379463\"},\"breadcrumb\":{\"@id\":\"https:\\\/\\\/gardeon.pl\\\/pl\\\/blog\\\/attyka-moze-byc-ozdoba-kazdego-garazu-modulowego\\\/#breadcrumb\"},\"inLanguage\":\"pl-PL\",\"potentialAction\":[{\"@type\":\"ReadAction\",\"target\":[\"https:\\\/\\\/gardeon.pl\\\/pl\\\/blog\\\/attyka-moze-byc-ozdoba-kazdego-garazu-modulowego\\\/\"]}]},{\"@type\":\"ImageObject\",\"inLanguage\":\"pl-PL\",\"@id\":\"https:\\\/\\\/gardeon.pl\\\/pl\\\/blog\\\/attyka-moze-byc-ozdoba-kazdego-garazu-modulowego\\\/#primaryimage\",\"url\":\"https:\\\/\\\/gardeon.pl\\\/wp-content\\\/uploads\\\/2016\\\/05\\\/Garaz-4220-logo.jpg\",\"contentUrl\":\"https:\\\/\\\/gardeon.pl\\\/wp-content\\\/uploads\\\/2016\\\/05\\\/Garaz-4220-logo.jpg\",\"width\":1595,\"height\":1063,\"caption\":\"Drewniana attyka na gara\u017cu modu\u0142owym\"},{\"@type\":\"BreadcrumbList\",\"@id\":\"https:\\\/\\\/gardeon.pl\\\/pl\\\/blog\\\/attyka-moze-byc-ozdoba-kazdego-garazu-modulowego\\\/#breadcrumb\",\"itemListElement\":[{\"@type\":\"ListItem\",\"position\":1,\"name\":\"Domov\",\"item\":\"https:\\\/\\\/gardeon.pl\\\/pl\\\/\"},{\"@type\":\"ListItem\",\"position\":2,\"name\":\"Attyka mo\u017ce by\u0107 ozdob\u0105 ka\u017cdego gara\u017cu modu\u0142owego\"}]},{\"@type\":\"WebSite\",\"@id\":\"https:\\\/\\\/gardeon.pl\\\/#website\",\"url\":\"https:\\\/\\\/gardeon.pl\\\/\",\"name\":\"GARDEON\",\"description\":\"\",\"potentialAction\":[{\"@type\":\"SearchAction\",\"target\":{\"@type\":\"EntryPoint\",\"urlTemplate\":\"https:\\\/\\\/gardeon.pl\\\/?s={search_term_string}\"},\"query-input\":{\"@type\":\"PropertyValueSpecification\",\"valueRequired\":true,\"valueName\":\"search_term_string\"}}],\"inLanguage\":\"pl-PL\"},{\"@type\":\"Person\",\"@id\":\"https:\\\/\\\/gardeon.pl\\\/#\\\/schema\\\/person\\\/a5762ca5f0790bf92774af0899379463\",\"name\":\"editor\",\"image\":{\"@type\":\"ImageObject\",\"inLanguage\":\"pl-PL\",\"@id\":\"https:\\\/\\\/secure.gravatar.com\\\/avatar\\\/2b748151c2c748327307fd289a91b3bdafdd9e64e2d000e65e53d6dcf11c5830?s=96&d=mm&r=g\",\"url\":\"https:\\\/\\\/secure.gravatar.com\\\/avatar\\\/2b748151c2c748327307fd289a91b3bdafdd9e64e2d000e65e53d6dcf11c5830?s=96&d=mm&r=g\",\"contentUrl\":\"https:\\\/\\\/secure.gravatar.com\\\/avatar\\\/2b748151c2c748327307fd289a91b3bdafdd9e64e2d000e65e53d6dcf11c5830?s=96&d=mm&r=g\",\"caption\":\"editor\"}}]}<\/script>\n<!-- \/ Yoast SEO plugin. -->","yoast_head_json":{"title":"Attyka mo\u017ce by\u0107 ozdob\u0105 ka\u017cdego gara\u017cu modu\u0142owego - GARDEON","robots":{"index":"index","follow":"follow","max-snippet":"max-snippet:-1","max-image-preview":"max-image-preview:large","max-video-preview":"max-video-preview:-1"},"canonical":"https:\/\/gardeon.pl\/pl\/blog\/attyka-moze-byc-ozdoba-kazdego-garazu-modulowego\/","og_locale":"pl_PL","og_type":"article","og_title":"Attyka mo\u017ce by\u0107 ozdob\u0105 ka\u017cdego gara\u017cu modu\u0142owego - GARDEON","og_description":"Co \u0142\u0105czy renesans z gara\u017cem modu\u0142owym? Attyk\u0119. Laika lub kogo\u015b, kto nie zna si\u0119 na budownictwie, poj\u0119cie to mo\u017ce wprawi\u0107 w zak\u0142opotanie. Znajdzie j\u0105 Pan\/Pani w ksi\u0105\u017ckach o architekturze, a jednocze\u015bnie jest bardzo wa\u017cn\u0105 cz\u0119\u015bci\u0105 terminologii gara\u017cowej. Dlaczego tak jest i jak mo\u017cna ni\u0105 urozmaici\u0107 sw\u00f3j metalowy gara\u017c modu\u0142owy? Dowie si\u0119 Pan\/Pani z tego artyku\u0142u.","og_url":"https:\/\/gardeon.pl\/pl\/blog\/attyka-moze-byc-ozdoba-kazdego-garazu-modulowego\/","og_site_name":"GARDEON","article_published_time":"2026-04-23T17:04:22+00:00","og_image":[{"width":1595,"height":1063,"url":"http:\/\/gardeon.pl\/wp-content\/uploads\/2016\/05\/Garaz-4220-logo.jpg","type":"image\/jpeg"}],"author":"editor","twitter_card":"summary_large_image","twitter_misc":{"Napisane przez":"editor","Szacowany czas czytania":"2 minuty"},"schema":{"@context":"https:\/\/schema.org","@graph":[{"@type":"Article","@id":"https:\/\/gardeon.pl\/pl\/blog\/attyka-moze-byc-ozdoba-kazdego-garazu-modulowego\/#article","isPartOf":{"@id":"https:\/\/gardeon.pl\/pl\/blog\/attyka-moze-byc-ozdoba-kazdego-garazu-modulowego\/"},"author":{"name":"editor","@id":"https:\/\/gardeon.pl\/#\/schema\/person\/a5762ca5f0790bf92774af0899379463"},"headline":"Attyka mo\u017ce by\u0107 ozdob\u0105 ka\u017cdego gara\u017cu modu\u0142owego","datePublished":"2026-04-23T17:04:22+00:00","mainEntityOfPage":{"@id":"https:\/\/gardeon.pl\/pl\/blog\/attyka-moze-byc-ozdoba-kazdego-garazu-modulowego\/"},"wordCount":359,"commentCount":0,"image":{"@id":"https:\/\/gardeon.pl\/pl\/blog\/attyka-moze-byc-ozdoba-kazdego-garazu-modulowego\/#primaryimage"},"thumbnailUrl":"https:\/\/gardeon.pl\/wp-content\/uploads\/2016\/05\/Garaz-4220-logo.jpg","articleSection":["Gara\u017ce blaszane","Jak to zrobi\u0107 \u2013 gara\u017ce | DIY"],"inLanguage":"pl-PL","potentialAction":[{"@type":"CommentAction","name":"Comment","target":["https:\/\/gardeon.pl\/pl\/blog\/attyka-moze-byc-ozdoba-kazdego-garazu-modulowego\/#respond"]}]},{"@type":"WebPage","@id":"https:\/\/gardeon.pl\/pl\/blog\/attyka-moze-byc-ozdoba-kazdego-garazu-modulowego\/","url":"https:\/\/gardeon.pl\/pl\/blog\/attyka-moze-byc-ozdoba-kazdego-garazu-modulowego\/","name":"Attyka mo\u017ce by\u0107 ozdob\u0105 ka\u017cdego gara\u017cu modu\u0142owego - GARDEON","isPartOf":{"@id":"https:\/\/gardeon.pl\/#website"},"primaryImageOfPage":{"@id":"https:\/\/gardeon.pl\/pl\/blog\/attyka-moze-byc-ozdoba-kazdego-garazu-modulowego\/#primaryimage"},"image":{"@id":"https:\/\/gardeon.pl\/pl\/blog\/attyka-moze-byc-ozdoba-kazdego-garazu-modulowego\/#primaryimage"},"thumbnailUrl":"https:\/\/gardeon.pl\/wp-content\/uploads\/2016\/05\/Garaz-4220-logo.jpg","datePublished":"2026-04-23T17:04:22+00:00","author":{"@id":"https:\/\/gardeon.pl\/#\/schema\/person\/a5762ca5f0790bf92774af0899379463"},"breadcrumb":{"@id":"https:\/\/gardeon.pl\/pl\/blog\/attyka-moze-byc-ozdoba-kazdego-garazu-modulowego\/#breadcrumb"},"inLanguage":"pl-PL","potentialAction":[{"@type":"ReadAction","target":["https:\/\/gardeon.pl\/pl\/blog\/attyka-moze-byc-ozdoba-kazdego-garazu-modulowego\/"]}]},{"@type":"ImageObject","inLanguage":"pl-PL","@id":"https:\/\/gardeon.pl\/pl\/blog\/attyka-moze-byc-ozdoba-kazdego-garazu-modulowego\/#primaryimage","url":"https:\/\/gardeon.pl\/wp-content\/uploads\/2016\/05\/Garaz-4220-logo.jpg","contentUrl":"https:\/\/gardeon.pl\/wp-content\/uploads\/2016\/05\/Garaz-4220-logo.jpg","width":1595,"height":1063,"caption":"Drewniana attyka na gara\u017cu modu\u0142owym"},{"@type":"BreadcrumbList","@id":"https:\/\/gardeon.pl\/pl\/blog\/attyka-moze-byc-ozdoba-kazdego-garazu-modulowego\/#breadcrumb","itemListElement":[{"@type":"ListItem","position":1,"name":"Domov","item":"https:\/\/gardeon.pl\/pl\/"},{"@type":"ListItem","position":2,"name":"Attyka mo\u017ce by\u0107 ozdob\u0105 ka\u017cdego gara\u017cu modu\u0142owego"}]},{"@type":"WebSite","@id":"https:\/\/gardeon.pl\/#website","url":"https:\/\/gardeon.pl\/","name":"GARDEON","description":"","potentialAction":[{"@type":"SearchAction","target":{"@type":"EntryPoint","urlTemplate":"https:\/\/gardeon.pl\/?s={search_term_string}"},"query-input":{"@type":"PropertyValueSpecification","valueRequired":true,"valueName":"search_term_string"}}],"inLanguage":"pl-PL"},{"@type":"Person","@id":"https:\/\/gardeon.pl\/#\/schema\/person\/a5762ca5f0790bf92774af0899379463","name":"editor","image":{"@type":"ImageObject","inLanguage":"pl-PL","@id":"https:\/\/secure.gravatar.com\/avatar\/2b748151c2c748327307fd289a91b3bdafdd9e64e2d000e65e53d6dcf11c5830?s=96&d=mm&r=g","url":"https:\/\/secure.gravatar.com\/avatar\/2b748151c2c748327307fd289a91b3bdafdd9e64e2d000e65e53d6dcf11c5830?s=96&d=mm&r=g","contentUrl":"https:\/\/secure.gravatar.com\/avatar\/2b748151c2c748327307fd289a91b3bdafdd9e64e2d000e65e53d6dcf11c5830?s=96&d=mm&r=g","caption":"editor"}}]}},"_links":{"self":[{"href":"https:\/\/gardeon.pl\/pl\/wp-json\/wp\/v2\/posts\/46603","targetHints":{"allow":["GET"]}}],"collection":[{"href":"https:\/\/gardeon.pl\/pl\/wp-json\/wp\/v2\/posts"}],"about":[{"href":"https:\/\/gardeon.pl\/pl\/wp-json\/wp\/v2\/types\/post"}],"author":[{"embeddable":true,"href":"https:\/\/gardeon.pl\/pl\/wp-json\/wp\/v2\/users\/2"}],"replies":[{"embeddable":true,"href":"https:\/\/gardeon.pl\/pl\/wp-json\/wp\/v2\/comments?post=46603"}],"version-history":[{"count":0,"href":"https:\/\/gardeon.pl\/pl\/wp-json\/wp\/v2\/posts\/46603\/revisions"}],"wp:featuredmedia":[{"embeddable":true,"href":"https:\/\/gardeon.pl\/pl\/wp-json\/wp\/v2\/media\/46608"}],"wp:attachment":[{"href":"https:\/\/gardeon.pl\/pl\/wp-json\/wp\/v2\/media?parent=46603"}],"wp:term":[{"taxonomy":"category","embeddable":true,"href":"https:\/\/gardeon.pl\/pl\/wp-json\/wp\/v2\/categories?post=46603"},{"taxonomy":"post_tag","embeddable":true,"href":"https:\/\/gardeon.pl\/pl\/wp-json\/wp\/v2\/tags?post=46603"}],"curies":[{"name":"wp","href":"https:\/\/api.w.org\/{rel}","templated":true}]}}