{"id":46614,"date":"2026-04-23T19:04:22","date_gmt":"2026-04-23T17:04:22","guid":{"rendered":"https:\/\/gardeon.pl\/?p=46614"},"modified":"2026-04-23T19:04:22","modified_gmt":"2026-04-23T17:04:22","slug":"garaze-kiedys-i-dzis-co-zmienilo-sie-na-slowacji-na-przestrzeni-lat","status":"publish","type":"post","link":"https:\/\/gardeon.pl\/pl\/blog\/garaze-kiedys-i-dzis-co-zmienilo-sie-na-slowacji-na-przestrzeni-lat\/","title":{"rendered":"Gara\u017ce kiedy\u015b i dzi\u015b: Co zmieni\u0142o si\u0119 na S\u0142owacji na przestrzeni lat?"},"content":{"rendered":"<p><em>Jak\u0105 gara\u017c maj\u0105 Pa\u0144stwa rodzice? Prawdopodobnie murowany. A zanim zamieszkali w domu? By\u0107 mo\u017ce posiadali tradycyjny, dwudrzwiowy boks gara\u017cowy na osiedlu. Mo\u017ce nawet korzystali tylko z \u017celaznej os\u0142ony, kt\u00f3ra wygl\u0105da\u0142a, jakby zostawili j\u0105 tu naje\u017ad\u017acy z kosmosu. A czy pami\u0119taj\u0105 Pa\u0144stwo, gdzie parkowali samochody Pa\u0144stwa dziadkowie, je\u015bli w og\u00f3le jakie\u015b posiadali?     <\/em><\/p>\n<p><!--more--><\/p>\n<p><em>Witamy w naszym historycznym okienku! Przyjrzymy si\u0119, jak wraz z rozwojem samochod\u00f3w, wymagaj\u0105ce drewniane, blaszane i murowane konstrukcje przekszta\u0142ci\u0142y si\u0119 w nowoczesne i efektywne gara\u017ce modu\u0142owe, kt\u00f3re mo\u017cna postawi\u0107 w 6 godzin. <\/em><\/p>\n<p><img loading=\"lazy\" decoding=\"async\" class=\"aligncenter wp-image-6554\" src=\"http:\/\/gardeon.pl\/wp-content\/uploads\/2016\/05\/1.jpg\" alt=\"gara\u017c na wymiar\" width=\"800\" height=\"601\" srcset=\"https:\/\/gardeon.pl\/wp-content\/uploads\/2016\/05\/1.jpg 600w, https:\/\/gardeon.pl\/wp-content\/uploads\/2016\/05\/1-300x226.jpg 300w\" sizes=\"auto, (max-width: 800px) 100vw, 800px\" \/><\/p>\n<p>Prosz\u0119 sobie wyobrazi\u0107. Jeste\u015bmy w typowej s\u0142owackiej wiosce w 1961 roku. Dumny w\u0142a\u015bciciel Trabanta, na kt\u00f3rego oszcz\u0119dza\u0142 ca\u0142e \u017cycie, p\u0119dzi 40 km\/h g\u0142\u00f3wn\u0105 drog\u0105. Skr\u0119ca do swojego domu i zatrzymuje si\u0119. Kierowca wysiada z samochodu i kieruje si\u0119 do du\u017cej drewnianej szopy.    <\/p>\n<p>Z trudem otwiera du\u017ce drewniane wrota i parkuje swojego pupila w \u015brodku. Po chwili spogl\u0105da na s\u0105siad\u00f3w i zastanawia si\u0119. Mo\u017ce ju\u017c czas postawi\u0107 <a href=\"https:\/\/gardeon.pl\/pl\/garaze\/\">nowoczesny gara\u017c blaszany<\/a>, taki jak oni maj\u0105. Dok\u0142adnie tak, ma na my\u015bli du\u017c\u0105, brzydk\u0105 blaszan\u0105 bud\u0119. Ale na szcz\u0119\u015bcie, na tym rozw\u00f3j gara\u017cy si\u0119 nie zatrzyma\u0142.    <\/p>\n<p><img loading=\"lazy\" decoding=\"async\" class=\"aligncenter wp-image-6555\" src=\"http:\/\/gardeon.pl\/wp-content\/uploads\/2016\/05\/2.jpg\" alt=\"gara\u017c pod klucz\" width=\"800\" height=\"596\" srcset=\"https:\/\/gardeon.pl\/wp-content\/uploads\/2016\/05\/2.jpg 600w, https:\/\/gardeon.pl\/wp-content\/uploads\/2016\/05\/2-300x224.jpg 300w\" sizes=\"auto, (max-width: 800px) 100vw, 800px\" \/><\/p>\n<h3>\u017belazne gara\u017ce i stalowe \u201ecuda\u201d osiedli<\/h3>\n<p>Era socjalizmu odcisn\u0119\u0142a pi\u0119tno r\u00f3wnie\u017c na historii gara\u017cy. Je\u015bli mieszkali Pa\u0144stwo w mie\u015bcie za czas\u00f3w socjalizmu, z pewno\u015bci\u0105 znaj\u0105 Pa\u0144stwo te osiedlowe cuda. Tak zwane stalowe os\u0142ony by\u0142y popularne g\u0142\u00f3wnie w tym okresie. Ich instalacja by\u0142a szybka, tania i niewymagaj\u0105ca.    <\/p>\n<p>Jednak po latach s\u0142u\u017cby te \u017celazne gara\u017ce wygl\u0105daj\u0105 bardzo \u017ale. Zardzewia\u0142e i cz\u0119sto przeciekaj\u0105ce \u017celazne potwory zdecydowanie nie s\u0105 idealnym miejscem dla Pa\u0144stwa samochodu. Zajmuj\u0105 niepotrzebnie du\u017co miejsca. A ju\u017c nie wspominaj\u0105c, jak swoim wygl\u0105dem szpec\u0105 otoczenie.   <\/p>\n<p><img loading=\"lazy\" decoding=\"async\" class=\"aligncenter wp-image-6556\" src=\"http:\/\/gardeon.pl\/wp-content\/uploads\/2016\/05\/3.jpg\" alt=\"wysokiej jako\u015bci tani gara\u017c\" width=\"800\" height=\"600\" srcset=\"https:\/\/gardeon.pl\/wp-content\/uploads\/2016\/05\/3.jpg 947w, https:\/\/gardeon.pl\/wp-content\/uploads\/2016\/05\/3-300x225.jpg 300w, https:\/\/gardeon.pl\/wp-content\/uploads\/2016\/05\/3-768x576.jpg 768w\" sizes=\"auto, (max-width: 800px) 100vw, 800px\" \/><\/p>\n<h3>Gara\u017ce murowane \u2013 d\u0142ugo buduj\u0119, budujesz, budujemy<\/h3>\n<p>Na S\u0142owacji dzi\u015b powszechne s\u0105 gara\u017ce murowane. Jako\u015b\u0107 i trwa\u0142o\u015b\u0107 takich gara\u017cy jest oczywi\u015bcie doskona\u0142a. Murujemy przecie\u017c od niepami\u0119tnych czas\u00f3w. Kiedy\u015b z ceg\u0142y, dzi\u015b najcz\u0119\u015bciej u\u017cywa si\u0119 r\u00f3\u017cnych prefabrykat\u00f3w betonowych.   <\/p>\n<p><img loading=\"lazy\" decoding=\"async\" class=\"aligncenter wp-image-6557\" src=\"http:\/\/gardeon.pl\/wp-content\/uploads\/2016\/05\/4.jpg\" alt=\"gara\u017c murowany\" width=\"800\" height=\"534\" srcset=\"https:\/\/gardeon.pl\/wp-content\/uploads\/2016\/05\/4.jpg 742w, https:\/\/gardeon.pl\/wp-content\/uploads\/2016\/05\/4-300x200.jpg 300w\" sizes=\"auto, (max-width: 800px) 100vw, 800px\" \/><\/p>\n<p>Niekt\u00f3rzy ludzie nadal wierz\u0105, \u017ce murowanie to jedyny spos\u00f3b na zbudowanie wysokiej jako\u015bci gara\u017cu. S\u0105 popularne, poniewa\u017c s\u0105 odporne na kaprysy pogody. Z drugiej strony maj\u0105 jednak kilka wad. Koszty budowy gara\u017cu murowanego s\u0105 wysokie, jego budowa trwa bardzo d\u0142ugo, a jego elastyczno\u015b\u0107 jest bardzo ma\u0142a. Je\u015bli ju\u017c raz postawi\u0105 Pa\u0144stwo gara\u017c, to na wieki wiek\u00f3w. Oczywi\u015bcie, mo\u017cna go zburzy\u0107, ale prosz\u0119 sobie wyobrazi\u0107 te koszty i energi\u0119, kt\u00f3r\u0105 trzeba w to w\u0142o\u017cy\u0107.     <\/p>\n<h3>Od Trabanta po Tesl\u0119<\/h3>\n<p>Szybkie, ekonomiczne i ekologiczne. Dzisiejsze gara\u017ce modu\u0142owe s\u0105 prawie jak Tesla. <\/p>\n<p>Nale\u017c\u0105 Pa\u0144stwo do os\u00f3b, kt\u00f3re szukaj\u0105 trwa\u0142o\u015bci gara\u017cu murowanego i szybko\u015bci budowy gara\u017cu blaszanego? Rozwi\u0105zaniem s\u0105 gara\u017ce modu\u0142owe. Budowa naprawd\u0119 trwa tylko 6 godzin. Jako\u015bci\u0105 i designem dor\u00f3wnuj\u0105 ka\u017cdej murowanej konstrukcji. Maj\u0105 Pa\u0144stwo do wyboru wiele wariant\u00f3w kolorystycznych i dodatk\u00f3w, dzi\u0119ki czemu sw\u00f3j <a href=\"http:\/\/gardeon.pl\/konfigurator\/\">gara\u017c blaszany mog\u0105 Pa\u0144stwo wygodnie skonfigurowa\u0107 za pomoc\u0105 naszego konfiguratora.<\/a>    <\/p>\n<p><img loading=\"lazy\" decoding=\"async\" class=\"aligncenter wp-image-6236\" src=\"http:\/\/gardeon.pl\/wp-content\/uploads\/2014\/10\/krist-1024x683.jpg\" alt=\"gara\u017ce pod klucz dla ka\u017cdego\" width=\"800\" height=\"534\"><\/p>\n<p>&nbsp;<\/p>\n<p>Opr\u00f3cz samej konstrukcji, ewolucji uleg\u0142o r\u00f3wnie\u017c otwieranie gara\u017cy. Dzi\u015b wystarczy jeden przycisk, a niezawodna brama otworzy si\u0119 automatycznie. Podczas parkowania nie musz\u0105 ju\u017c Pa\u0144stwo wychodzi\u0107 z samochodu, aby r\u0119cznie podnie\u015b\u0107 drzwi przesuwne lub otworzy\u0107 tradycyjne drzwi skrzyd\u0142owe. Witamy w wygodzie XXI wieku.    <\/p>\n<p>Budowa gara\u017cu modu\u0142owego jest niedroga, a sam gara\u017c wygl\u0105da identycznie jak murowany, a nawet lepiej.<\/p>\n","protected":false},"excerpt":{"rendered":"<p>Jak\u0105 gara\u017c maj\u0105 Pa\u0144stwa rodzice? Prawdopodobnie murowany. A zanim zamieszkali w domu? By\u0107 mo\u017ce posiadali tradycyjny, dwudrzwiowy boks gara\u017cowy na osiedlu. Mo\u017ce nawet korzystali tylko z \u017celaznej os\u0142ony, kt\u00f3ra wygl\u0105da\u0142a, jakby zostawili j\u0105 tu naje\u017ad\u017acy z kosmosu. A czy pami\u0119taj\u0105 Pa\u0144stwo, gdzie parkowali samochody Pa\u0144stwa dziadkowie, je\u015bli w og\u00f3le jakie\u015b posiadali?<\/p>\n","protected":false},"author":2,"featured_media":46620,"comment_status":"open","ping_status":"open","sticky":false,"template":"","format":"standard","meta":{"_acf_changed":false,"inline_featured_image":false,"footnotes":""},"categories":[578],"tags":[634],"class_list":["post-46614","post","type-post","status-publish","format-standard","has-post-thumbnail","hentry","category-garaze-blaszane","tag-cz"],"acf":[],"yoast_head":"<!-- This site is optimized with the Yoast SEO plugin v27.4 - https:\/\/yoast.com\/product\/yoast-seo-wordpress\/ -->\n<title>Gara\u017ce kiedy\u015b i dzi\u015b: Co zmieni\u0142o si\u0119 na S\u0142owacji na przestrzeni lat? - GARDEON<\/title>\n<meta name=\"robots\" content=\"index, follow, max-snippet:-1, max-image-preview:large, max-video-preview:-1\" \/>\n<link rel=\"canonical\" href=\"https:\/\/gardeon.pl\/pl\/blog\/garaze-kiedys-i-dzis-co-zmienilo-sie-na-slowacji-na-przestrzeni-lat\/\" \/>\n<meta property=\"og:locale\" content=\"pl_PL\" \/>\n<meta property=\"og:type\" content=\"article\" \/>\n<meta property=\"og:title\" content=\"Gara\u017ce kiedy\u015b i dzi\u015b: Co zmieni\u0142o si\u0119 na S\u0142owacji na przestrzeni lat? - GARDEON\" \/>\n<meta property=\"og:description\" content=\"Jak\u0105 gara\u017c maj\u0105 Pa\u0144stwa rodzice? Prawdopodobnie murowany. A zanim zamieszkali w domu? By\u0107 mo\u017ce posiadali tradycyjny, dwudrzwiowy boks gara\u017cowy na osiedlu. Mo\u017ce nawet korzystali tylko z \u017celaznej os\u0142ony, kt\u00f3ra wygl\u0105da\u0142a, jakby zostawili j\u0105 tu naje\u017ad\u017acy z kosmosu. A czy pami\u0119taj\u0105 Pa\u0144stwo, gdzie parkowali samochody Pa\u0144stwa dziadkowie, je\u015bli w og\u00f3le jakie\u015b posiadali?\" \/>\n<meta property=\"og:url\" content=\"https:\/\/gardeon.pl\/pl\/blog\/garaze-kiedys-i-dzis-co-zmienilo-sie-na-slowacji-na-przestrzeni-lat\/\" \/>\n<meta property=\"og:site_name\" content=\"GARDEON\" \/>\n<meta property=\"article:published_time\" content=\"2026-04-23T17:04:22+00:00\" \/>\n<meta property=\"og:image\" content=\"http:\/\/gardeon.pl\/wp-content\/uploads\/2014\/10\/gar\u00e1\u017e2.jpg\" \/>\n\t<meta property=\"og:image:width\" content=\"1024\" \/>\n\t<meta property=\"og:image:height\" content=\"576\" \/>\n\t<meta property=\"og:image:type\" content=\"image\/jpeg\" \/>\n<meta name=\"author\" content=\"editor\" \/>\n<meta name=\"twitter:card\" content=\"summary_large_image\" \/>\n<meta name=\"twitter:label1\" content=\"Napisane przez\" \/>\n\t<meta name=\"twitter:data1\" content=\"editor\" \/>\n\t<meta name=\"twitter:label2\" content=\"Szacowany czas czytania\" \/>\n\t<meta name=\"twitter:data2\" content=\"3 minuty\" \/>\n<script type=\"application\/ld+json\" class=\"yoast-schema-graph\">{\"@context\":\"https:\\\/\\\/schema.org\",\"@graph\":[{\"@type\":\"Article\",\"@id\":\"https:\\\/\\\/gardeon.pl\\\/pl\\\/blog\\\/garaze-kiedys-i-dzis-co-zmienilo-sie-na-slowacji-na-przestrzeni-lat\\\/#article\",\"isPartOf\":{\"@id\":\"https:\\\/\\\/gardeon.pl\\\/pl\\\/blog\\\/garaze-kiedys-i-dzis-co-zmienilo-sie-na-slowacji-na-przestrzeni-lat\\\/\"},\"author\":{\"name\":\"editor\",\"@id\":\"https:\\\/\\\/gardeon.pl\\\/#\\\/schema\\\/person\\\/a5762ca5f0790bf92774af0899379463\"},\"headline\":\"Gara\u017ce kiedy\u015b i dzi\u015b: Co zmieni\u0142o si\u0119 na S\u0142owacji na przestrzeni lat?\",\"datePublished\":\"2026-04-23T17:04:22+00:00\",\"mainEntityOfPage\":{\"@id\":\"https:\\\/\\\/gardeon.pl\\\/pl\\\/blog\\\/garaze-kiedys-i-dzis-co-zmienilo-sie-na-slowacji-na-przestrzeni-lat\\\/\"},\"wordCount\":638,\"commentCount\":0,\"image\":{\"@id\":\"https:\\\/\\\/gardeon.pl\\\/pl\\\/blog\\\/garaze-kiedys-i-dzis-co-zmienilo-sie-na-slowacji-na-przestrzeni-lat\\\/#primaryimage\"},\"thumbnailUrl\":\"https:\\\/\\\/gardeon.pl\\\/wp-content\\\/uploads\\\/2014\\\/10\\\/gar\u00e1\u017e2.jpg\",\"keywords\":[\"CZ\"],\"articleSection\":[\"Gara\u017ce blaszane\"],\"inLanguage\":\"pl-PL\",\"potentialAction\":[{\"@type\":\"CommentAction\",\"name\":\"Comment\",\"target\":[\"https:\\\/\\\/gardeon.pl\\\/pl\\\/blog\\\/garaze-kiedys-i-dzis-co-zmienilo-sie-na-slowacji-na-przestrzeni-lat\\\/#respond\"]}]},{\"@type\":\"WebPage\",\"@id\":\"https:\\\/\\\/gardeon.pl\\\/pl\\\/blog\\\/garaze-kiedys-i-dzis-co-zmienilo-sie-na-slowacji-na-przestrzeni-lat\\\/\",\"url\":\"https:\\\/\\\/gardeon.pl\\\/pl\\\/blog\\\/garaze-kiedys-i-dzis-co-zmienilo-sie-na-slowacji-na-przestrzeni-lat\\\/\",\"name\":\"Gara\u017ce kiedy\u015b i dzi\u015b: Co zmieni\u0142o si\u0119 na S\u0142owacji na przestrzeni lat? - GARDEON\",\"isPartOf\":{\"@id\":\"https:\\\/\\\/gardeon.pl\\\/#website\"},\"primaryImageOfPage\":{\"@id\":\"https:\\\/\\\/gardeon.pl\\\/pl\\\/blog\\\/garaze-kiedys-i-dzis-co-zmienilo-sie-na-slowacji-na-przestrzeni-lat\\\/#primaryimage\"},\"image\":{\"@id\":\"https:\\\/\\\/gardeon.pl\\\/pl\\\/blog\\\/garaze-kiedys-i-dzis-co-zmienilo-sie-na-slowacji-na-przestrzeni-lat\\\/#primaryimage\"},\"thumbnailUrl\":\"https:\\\/\\\/gardeon.pl\\\/wp-content\\\/uploads\\\/2014\\\/10\\\/gar\u00e1\u017e2.jpg\",\"datePublished\":\"2026-04-23T17:04:22+00:00\",\"author\":{\"@id\":\"https:\\\/\\\/gardeon.pl\\\/#\\\/schema\\\/person\\\/a5762ca5f0790bf92774af0899379463\"},\"breadcrumb\":{\"@id\":\"https:\\\/\\\/gardeon.pl\\\/pl\\\/blog\\\/garaze-kiedys-i-dzis-co-zmienilo-sie-na-slowacji-na-przestrzeni-lat\\\/#breadcrumb\"},\"inLanguage\":\"pl-PL\",\"potentialAction\":[{\"@type\":\"ReadAction\",\"target\":[\"https:\\\/\\\/gardeon.pl\\\/pl\\\/blog\\\/garaze-kiedys-i-dzis-co-zmienilo-sie-na-slowacji-na-przestrzeni-lat\\\/\"]}]},{\"@type\":\"ImageObject\",\"inLanguage\":\"pl-PL\",\"@id\":\"https:\\\/\\\/gardeon.pl\\\/pl\\\/blog\\\/garaze-kiedys-i-dzis-co-zmienilo-sie-na-slowacji-na-przestrzeni-lat\\\/#primaryimage\",\"url\":\"https:\\\/\\\/gardeon.pl\\\/wp-content\\\/uploads\\\/2014\\\/10\\\/gar\u00e1\u017e2.jpg\",\"contentUrl\":\"https:\\\/\\\/gardeon.pl\\\/wp-content\\\/uploads\\\/2014\\\/10\\\/gar\u00e1\u017e2.jpg\",\"width\":1024,\"height\":576,\"caption\":\"Modu\u0142owy, designerski gara\u017c dwustanowiskowy z dachem jednospadowym\"},{\"@type\":\"BreadcrumbList\",\"@id\":\"https:\\\/\\\/gardeon.pl\\\/pl\\\/blog\\\/garaze-kiedys-i-dzis-co-zmienilo-sie-na-slowacji-na-przestrzeni-lat\\\/#breadcrumb\",\"itemListElement\":[{\"@type\":\"ListItem\",\"position\":1,\"name\":\"Domov\",\"item\":\"https:\\\/\\\/gardeon.pl\\\/pl\\\/\"},{\"@type\":\"ListItem\",\"position\":2,\"name\":\"Gara\u017ce kiedy\u015b i dzi\u015b: Co zmieni\u0142o si\u0119 na S\u0142owacji na przestrzeni lat?\"}]},{\"@type\":\"WebSite\",\"@id\":\"https:\\\/\\\/gardeon.pl\\\/#website\",\"url\":\"https:\\\/\\\/gardeon.pl\\\/\",\"name\":\"GARDEON\",\"description\":\"\",\"potentialAction\":[{\"@type\":\"SearchAction\",\"target\":{\"@type\":\"EntryPoint\",\"urlTemplate\":\"https:\\\/\\\/gardeon.pl\\\/?s={search_term_string}\"},\"query-input\":{\"@type\":\"PropertyValueSpecification\",\"valueRequired\":true,\"valueName\":\"search_term_string\"}}],\"inLanguage\":\"pl-PL\"},{\"@type\":\"Person\",\"@id\":\"https:\\\/\\\/gardeon.pl\\\/#\\\/schema\\\/person\\\/a5762ca5f0790bf92774af0899379463\",\"name\":\"editor\",\"image\":{\"@type\":\"ImageObject\",\"inLanguage\":\"pl-PL\",\"@id\":\"https:\\\/\\\/secure.gravatar.com\\\/avatar\\\/2b748151c2c748327307fd289a91b3bdafdd9e64e2d000e65e53d6dcf11c5830?s=96&d=mm&r=g\",\"url\":\"https:\\\/\\\/secure.gravatar.com\\\/avatar\\\/2b748151c2c748327307fd289a91b3bdafdd9e64e2d000e65e53d6dcf11c5830?s=96&d=mm&r=g\",\"contentUrl\":\"https:\\\/\\\/secure.gravatar.com\\\/avatar\\\/2b748151c2c748327307fd289a91b3bdafdd9e64e2d000e65e53d6dcf11c5830?s=96&d=mm&r=g\",\"caption\":\"editor\"}}]}<\/script>\n<!-- \/ Yoast SEO plugin. -->","yoast_head_json":{"title":"Gara\u017ce kiedy\u015b i dzi\u015b: Co zmieni\u0142o si\u0119 na S\u0142owacji na przestrzeni lat? - GARDEON","robots":{"index":"index","follow":"follow","max-snippet":"max-snippet:-1","max-image-preview":"max-image-preview:large","max-video-preview":"max-video-preview:-1"},"canonical":"https:\/\/gardeon.pl\/pl\/blog\/garaze-kiedys-i-dzis-co-zmienilo-sie-na-slowacji-na-przestrzeni-lat\/","og_locale":"pl_PL","og_type":"article","og_title":"Gara\u017ce kiedy\u015b i dzi\u015b: Co zmieni\u0142o si\u0119 na S\u0142owacji na przestrzeni lat? - GARDEON","og_description":"Jak\u0105 gara\u017c maj\u0105 Pa\u0144stwa rodzice? Prawdopodobnie murowany. A zanim zamieszkali w domu? By\u0107 mo\u017ce posiadali tradycyjny, dwudrzwiowy boks gara\u017cowy na osiedlu. Mo\u017ce nawet korzystali tylko z \u017celaznej os\u0142ony, kt\u00f3ra wygl\u0105da\u0142a, jakby zostawili j\u0105 tu naje\u017ad\u017acy z kosmosu. A czy pami\u0119taj\u0105 Pa\u0144stwo, gdzie parkowali samochody Pa\u0144stwa dziadkowie, je\u015bli w og\u00f3le jakie\u015b posiadali?","og_url":"https:\/\/gardeon.pl\/pl\/blog\/garaze-kiedys-i-dzis-co-zmienilo-sie-na-slowacji-na-przestrzeni-lat\/","og_site_name":"GARDEON","article_published_time":"2026-04-23T17:04:22+00:00","og_image":[{"width":1024,"height":576,"url":"http:\/\/gardeon.pl\/wp-content\/uploads\/2014\/10\/gar\u00e1\u017e2.jpg","type":"image\/jpeg"}],"author":"editor","twitter_card":"summary_large_image","twitter_misc":{"Napisane przez":"editor","Szacowany czas czytania":"3 minuty"},"schema":{"@context":"https:\/\/schema.org","@graph":[{"@type":"Article","@id":"https:\/\/gardeon.pl\/pl\/blog\/garaze-kiedys-i-dzis-co-zmienilo-sie-na-slowacji-na-przestrzeni-lat\/#article","isPartOf":{"@id":"https:\/\/gardeon.pl\/pl\/blog\/garaze-kiedys-i-dzis-co-zmienilo-sie-na-slowacji-na-przestrzeni-lat\/"},"author":{"name":"editor","@id":"https:\/\/gardeon.pl\/#\/schema\/person\/a5762ca5f0790bf92774af0899379463"},"headline":"Gara\u017ce kiedy\u015b i dzi\u015b: Co zmieni\u0142o si\u0119 na S\u0142owacji na przestrzeni lat?","datePublished":"2026-04-23T17:04:22+00:00","mainEntityOfPage":{"@id":"https:\/\/gardeon.pl\/pl\/blog\/garaze-kiedys-i-dzis-co-zmienilo-sie-na-slowacji-na-przestrzeni-lat\/"},"wordCount":638,"commentCount":0,"image":{"@id":"https:\/\/gardeon.pl\/pl\/blog\/garaze-kiedys-i-dzis-co-zmienilo-sie-na-slowacji-na-przestrzeni-lat\/#primaryimage"},"thumbnailUrl":"https:\/\/gardeon.pl\/wp-content\/uploads\/2014\/10\/gar\u00e1\u017e2.jpg","keywords":["CZ"],"articleSection":["Gara\u017ce blaszane"],"inLanguage":"pl-PL","potentialAction":[{"@type":"CommentAction","name":"Comment","target":["https:\/\/gardeon.pl\/pl\/blog\/garaze-kiedys-i-dzis-co-zmienilo-sie-na-slowacji-na-przestrzeni-lat\/#respond"]}]},{"@type":"WebPage","@id":"https:\/\/gardeon.pl\/pl\/blog\/garaze-kiedys-i-dzis-co-zmienilo-sie-na-slowacji-na-przestrzeni-lat\/","url":"https:\/\/gardeon.pl\/pl\/blog\/garaze-kiedys-i-dzis-co-zmienilo-sie-na-slowacji-na-przestrzeni-lat\/","name":"Gara\u017ce kiedy\u015b i dzi\u015b: Co zmieni\u0142o si\u0119 na S\u0142owacji na przestrzeni lat? - GARDEON","isPartOf":{"@id":"https:\/\/gardeon.pl\/#website"},"primaryImageOfPage":{"@id":"https:\/\/gardeon.pl\/pl\/blog\/garaze-kiedys-i-dzis-co-zmienilo-sie-na-slowacji-na-przestrzeni-lat\/#primaryimage"},"image":{"@id":"https:\/\/gardeon.pl\/pl\/blog\/garaze-kiedys-i-dzis-co-zmienilo-sie-na-slowacji-na-przestrzeni-lat\/#primaryimage"},"thumbnailUrl":"https:\/\/gardeon.pl\/wp-content\/uploads\/2014\/10\/gar\u00e1\u017e2.jpg","datePublished":"2026-04-23T17:04:22+00:00","author":{"@id":"https:\/\/gardeon.pl\/#\/schema\/person\/a5762ca5f0790bf92774af0899379463"},"breadcrumb":{"@id":"https:\/\/gardeon.pl\/pl\/blog\/garaze-kiedys-i-dzis-co-zmienilo-sie-na-slowacji-na-przestrzeni-lat\/#breadcrumb"},"inLanguage":"pl-PL","potentialAction":[{"@type":"ReadAction","target":["https:\/\/gardeon.pl\/pl\/blog\/garaze-kiedys-i-dzis-co-zmienilo-sie-na-slowacji-na-przestrzeni-lat\/"]}]},{"@type":"ImageObject","inLanguage":"pl-PL","@id":"https:\/\/gardeon.pl\/pl\/blog\/garaze-kiedys-i-dzis-co-zmienilo-sie-na-slowacji-na-przestrzeni-lat\/#primaryimage","url":"https:\/\/gardeon.pl\/wp-content\/uploads\/2014\/10\/gar\u00e1\u017e2.jpg","contentUrl":"https:\/\/gardeon.pl\/wp-content\/uploads\/2014\/10\/gar\u00e1\u017e2.jpg","width":1024,"height":576,"caption":"Modu\u0142owy, designerski gara\u017c dwustanowiskowy z dachem jednospadowym"},{"@type":"BreadcrumbList","@id":"https:\/\/gardeon.pl\/pl\/blog\/garaze-kiedys-i-dzis-co-zmienilo-sie-na-slowacji-na-przestrzeni-lat\/#breadcrumb","itemListElement":[{"@type":"ListItem","position":1,"name":"Domov","item":"https:\/\/gardeon.pl\/pl\/"},{"@type":"ListItem","position":2,"name":"Gara\u017ce kiedy\u015b i dzi\u015b: Co zmieni\u0142o si\u0119 na S\u0142owacji na przestrzeni lat?"}]},{"@type":"WebSite","@id":"https:\/\/gardeon.pl\/#website","url":"https:\/\/gardeon.pl\/","name":"GARDEON","description":"","potentialAction":[{"@type":"SearchAction","target":{"@type":"EntryPoint","urlTemplate":"https:\/\/gardeon.pl\/?s={search_term_string}"},"query-input":{"@type":"PropertyValueSpecification","valueRequired":true,"valueName":"search_term_string"}}],"inLanguage":"pl-PL"},{"@type":"Person","@id":"https:\/\/gardeon.pl\/#\/schema\/person\/a5762ca5f0790bf92774af0899379463","name":"editor","image":{"@type":"ImageObject","inLanguage":"pl-PL","@id":"https:\/\/secure.gravatar.com\/avatar\/2b748151c2c748327307fd289a91b3bdafdd9e64e2d000e65e53d6dcf11c5830?s=96&d=mm&r=g","url":"https:\/\/secure.gravatar.com\/avatar\/2b748151c2c748327307fd289a91b3bdafdd9e64e2d000e65e53d6dcf11c5830?s=96&d=mm&r=g","contentUrl":"https:\/\/secure.gravatar.com\/avatar\/2b748151c2c748327307fd289a91b3bdafdd9e64e2d000e65e53d6dcf11c5830?s=96&d=mm&r=g","caption":"editor"}}]}},"_links":{"self":[{"href":"https:\/\/gardeon.pl\/pl\/wp-json\/wp\/v2\/posts\/46614","targetHints":{"allow":["GET"]}}],"collection":[{"href":"https:\/\/gardeon.pl\/pl\/wp-json\/wp\/v2\/posts"}],"about":[{"href":"https:\/\/gardeon.pl\/pl\/wp-json\/wp\/v2\/types\/post"}],"author":[{"embeddable":true,"href":"https:\/\/gardeon.pl\/pl\/wp-json\/wp\/v2\/users\/2"}],"replies":[{"embeddable":true,"href":"https:\/\/gardeon.pl\/pl\/wp-json\/wp\/v2\/comments?post=46614"}],"version-history":[{"count":0,"href":"https:\/\/gardeon.pl\/pl\/wp-json\/wp\/v2\/posts\/46614\/revisions"}],"wp:featuredmedia":[{"embeddable":true,"href":"https:\/\/gardeon.pl\/pl\/wp-json\/wp\/v2\/media\/46620"}],"wp:attachment":[{"href":"https:\/\/gardeon.pl\/pl\/wp-json\/wp\/v2\/media?parent=46614"}],"wp:term":[{"taxonomy":"category","embeddable":true,"href":"https:\/\/gardeon.pl\/pl\/wp-json\/wp\/v2\/categories?post=46614"},{"taxonomy":"post_tag","embeddable":true,"href":"https:\/\/gardeon.pl\/pl\/wp-json\/wp\/v2\/tags?post=46614"}],"curies":[{"name":"wp","href":"https:\/\/api.w.org\/{rel}","templated":true}]}}