{"id":46615,"date":"2026-04-23T17:15:57","date_gmt":"2026-04-23T15:15:57","guid":{"rendered":"https:\/\/gardeon.pl\/blog\/gardeon-w-nowym-mieszkaniu-maj-2022\/"},"modified":"2026-04-23T19:04:54","modified_gmt":"2026-04-23T17:04:54","slug":"gardeon-w-nowym-mieszkaniu-maj-2022","status":"publish","type":"post","link":"https:\/\/gardeon.pl\/pl\/blog\/gardeon-w-nowym-mieszkaniu-maj-2022\/","title":{"rendered":"GARDEON w Nowym Mieszkaniu \u2013 maj 2022"},"content":{"rendered":"<p><i><span style=\"font-weight: 400;\">Dnia 22.05.2022 mogli Pa\u0144stwo nas zobaczy\u0107 w programie Nowe Mieszkanie w TV JOJ.<br \/>\n<\/span><\/i><i><span style=\"font-weight: 400;\">Nasz kolega i dyrektor dzia\u0142u sprzeda\u017cy, Mari\u00e1n Hajn\u00fd, w towarzystwie pana Vo\u0161tin\u00e1\u0159a, kt\u00f3rego z pewno\u015bci\u0105 znaj\u0105 Pa\u0144stwo z ekran\u00f3w telewizor\u00f3w, szczeg\u00f3\u0142owo zaprezentowali <\/span><\/i><a href=\"https:\/\/gardeon.pl\/pl\/domki-ogrodowe-na-narzedzia\/\"><i><span style=\"font-weight: 400;\">domek ogrodowy GARDEON<\/span><\/i><\/a><i><span style=\"font-weight: 400;\"> u jednego z naszych rzeczywistych klient\u00f3w.<\/span><\/i><!--more--><\/p>\n","protected":false},"excerpt":{"rendered":"<p>Dnia 22.05.2022 mogli Pa\u0144stwo nas zobaczy\u0107 w programie Nowe Mieszkanie w TV JOJ. Nasz kolega i dyrektor dzia\u0142u sprzeda\u017cy, Mari\u00e1n Hajn\u00fd, w towarzystwie pana Vo\u0161tin\u00e1\u0159a, kt\u00f3rego z pewno\u015bci\u0105 znaj\u0105 Pa\u0144stwo z ekran\u00f3w telewizor\u00f3w, szczeg\u00f3\u0142owo zaprezentowali domek ogrodowy GARDEON u jednego z naszych rzeczywistych klient\u00f3w.<\/p>\n","protected":false},"author":2,"featured_media":46624,"comment_status":"open","ping_status":"open","sticky":false,"template":"","format":"standard","meta":{"_acf_changed":false,"inline_featured_image":false,"footnotes":""},"categories":[593],"tags":[579,624,751,752],"class_list":["post-46615","post","type-post","status-publish","format-standard","has-post-thumbnail","hentry","category-aktualnosci","tag-gardeon","tag-nowosci","tag-program","tag-tv-joj"],"acf":[],"yoast_head":"<!-- This site is optimized with the Yoast SEO plugin v27.4 - https:\/\/yoast.com\/product\/yoast-seo-wordpress\/ -->\n<title>GARDEON w Nowym Mieszkaniu \u2013 maj 2022 | GARDEON<\/title>\n<meta name=\"robots\" content=\"index, follow, max-snippet:-1, max-image-preview:large, max-video-preview:-1\" \/>\n<link rel=\"canonical\" href=\"https:\/\/gardeon.pl\/pl\/blog\/gardeon-w-nowym-mieszkaniu-maj-2022\/\" \/>\n<meta property=\"og:locale\" content=\"pl_PL\" \/>\n<meta property=\"og:type\" content=\"article\" \/>\n<meta property=\"og:title\" content=\"GARDEON w Nowym Mieszkaniu \u2013 maj 2022 | GARDEON\" \/>\n<meta property=\"og:description\" content=\"Dnia 22.05.2022 mogli Pa\u0144stwo nas zobaczy\u0107 w programie Nowe Mieszkanie w TV JOJ. Nasz kolega i dyrektor dzia\u0142u sprzeda\u017cy, Mari\u00e1n Hajn\u00fd, w towarzystwie pana Vo\u0161tin\u00e1\u0159a, kt\u00f3rego z pewno\u015bci\u0105 znaj\u0105 Pa\u0144stwo z ekran\u00f3w telewizor\u00f3w, szczeg\u00f3\u0142owo zaprezentowali domek ogrodowy GARDEON u jednego z naszych rzeczywistych klient\u00f3w.\" \/>\n<meta property=\"og:url\" content=\"https:\/\/gardeon.pl\/pl\/blog\/gardeon-w-nowym-mieszkaniu-maj-2022\/\" \/>\n<meta property=\"og:site_name\" content=\"GARDEON\" \/>\n<meta property=\"article:published_time\" content=\"2026-04-23T15:15:57+00:00\" \/>\n<meta property=\"article:modified_time\" content=\"2026-04-23T17:04:54+00:00\" \/>\n<meta property=\"og:image\" content=\"http:\/\/gardeon.pl\/wp-content\/uploads\/2022\/06\/f99905da3a837ce2f0857f38b62bf6d2.jpeg\" \/>\n\t<meta property=\"og:image:width\" content=\"1010\" \/>\n\t<meta property=\"og:image:height\" content=\"570\" \/>\n\t<meta property=\"og:image:type\" content=\"image\/jpeg\" \/>\n<meta name=\"author\" content=\"editor\" \/>\n<meta name=\"twitter:card\" content=\"summary_large_image\" \/>\n<meta name=\"twitter:label1\" content=\"Napisane przez\" \/>\n\t<meta name=\"twitter:data1\" content=\"editor\" \/>\n<script type=\"application\/ld+json\" class=\"yoast-schema-graph\">{\"@context\":\"https:\\\/\\\/schema.org\",\"@graph\":[{\"@type\":\"Article\",\"@id\":\"https:\\\/\\\/gardeon.pl\\\/pl\\\/blog\\\/gardeon-w-nowym-mieszkaniu-maj-2022\\\/#article\",\"isPartOf\":{\"@id\":\"https:\\\/\\\/gardeon.pl\\\/pl\\\/blog\\\/gardeon-w-nowym-mieszkaniu-maj-2022\\\/\"},\"author\":{\"name\":\"editor\",\"@id\":\"https:\\\/\\\/gardeon.pl\\\/#\\\/schema\\\/person\\\/a5762ca5f0790bf92774af0899379463\"},\"headline\":\"GARDEON w Nowym Mieszkaniu \u2013 maj 2022\",\"datePublished\":\"2026-04-23T15:15:57+00:00\",\"dateModified\":\"2026-04-23T17:04:54+00:00\",\"mainEntityOfPage\":{\"@id\":\"https:\\\/\\\/gardeon.pl\\\/pl\\\/blog\\\/gardeon-w-nowym-mieszkaniu-maj-2022\\\/\"},\"wordCount\":61,\"commentCount\":0,\"image\":{\"@id\":\"https:\\\/\\\/gardeon.pl\\\/pl\\\/blog\\\/gardeon-w-nowym-mieszkaniu-maj-2022\\\/#primaryimage\"},\"thumbnailUrl\":\"https:\\\/\\\/gardeon.pl\\\/wp-content\\\/uploads\\\/2022\\\/06\\\/f99905da3a837ce2f0857f38b62bf6d2.jpeg\",\"keywords\":[\"GARDEON\",\"nowo\u015bci\",\"program\",\"tv joj\"],\"articleSection\":[\"Aktualno\u015bci\"],\"inLanguage\":\"pl-PL\",\"potentialAction\":[{\"@type\":\"CommentAction\",\"name\":\"Comment\",\"target\":[\"https:\\\/\\\/gardeon.pl\\\/pl\\\/blog\\\/gardeon-w-nowym-mieszkaniu-maj-2022\\\/#respond\"]}]},{\"@type\":\"WebPage\",\"@id\":\"https:\\\/\\\/gardeon.pl\\\/pl\\\/blog\\\/gardeon-w-nowym-mieszkaniu-maj-2022\\\/\",\"url\":\"https:\\\/\\\/gardeon.pl\\\/pl\\\/blog\\\/gardeon-w-nowym-mieszkaniu-maj-2022\\\/\",\"name\":\"GARDEON w Nowym Mieszkaniu \u2013 maj 2022 | GARDEON\",\"isPartOf\":{\"@id\":\"https:\\\/\\\/gardeon.pl\\\/#website\"},\"primaryImageOfPage\":{\"@id\":\"https:\\\/\\\/gardeon.pl\\\/pl\\\/blog\\\/gardeon-w-nowym-mieszkaniu-maj-2022\\\/#primaryimage\"},\"image\":{\"@id\":\"https:\\\/\\\/gardeon.pl\\\/pl\\\/blog\\\/gardeon-w-nowym-mieszkaniu-maj-2022\\\/#primaryimage\"},\"thumbnailUrl\":\"https:\\\/\\\/gardeon.pl\\\/wp-content\\\/uploads\\\/2022\\\/06\\\/f99905da3a837ce2f0857f38b62bf6d2.jpeg\",\"datePublished\":\"2026-04-23T15:15:57+00:00\",\"dateModified\":\"2026-04-23T17:04:54+00:00\",\"author\":{\"@id\":\"https:\\\/\\\/gardeon.pl\\\/#\\\/schema\\\/person\\\/a5762ca5f0790bf92774af0899379463\"},\"breadcrumb\":{\"@id\":\"https:\\\/\\\/gardeon.pl\\\/pl\\\/blog\\\/gardeon-w-nowym-mieszkaniu-maj-2022\\\/#breadcrumb\"},\"inLanguage\":\"pl-PL\",\"potentialAction\":[{\"@type\":\"ReadAction\",\"target\":[\"https:\\\/\\\/gardeon.pl\\\/pl\\\/blog\\\/gardeon-w-nowym-mieszkaniu-maj-2022\\\/\"]}]},{\"@type\":\"ImageObject\",\"inLanguage\":\"pl-PL\",\"@id\":\"https:\\\/\\\/gardeon.pl\\\/pl\\\/blog\\\/gardeon-w-nowym-mieszkaniu-maj-2022\\\/#primaryimage\",\"url\":\"https:\\\/\\\/gardeon.pl\\\/wp-content\\\/uploads\\\/2022\\\/06\\\/f99905da3a837ce2f0857f38b62bf6d2.jpeg\",\"contentUrl\":\"https:\\\/\\\/gardeon.pl\\\/wp-content\\\/uploads\\\/2022\\\/06\\\/f99905da3a837ce2f0857f38b62bf6d2.jpeg\",\"width\":1010,\"height\":570,\"caption\":\"Logo Nowe Mieszkanie\"},{\"@type\":\"BreadcrumbList\",\"@id\":\"https:\\\/\\\/gardeon.pl\\\/pl\\\/blog\\\/gardeon-w-nowym-mieszkaniu-maj-2022\\\/#breadcrumb\",\"itemListElement\":[{\"@type\":\"ListItem\",\"position\":1,\"name\":\"Domov\",\"item\":\"https:\\\/\\\/gardeon.pl\\\/pl\\\/\"},{\"@type\":\"ListItem\",\"position\":2,\"name\":\"GARDEON w Nowym Mieszkaniu \u2013 maj 2022\"}]},{\"@type\":\"WebSite\",\"@id\":\"https:\\\/\\\/gardeon.pl\\\/#website\",\"url\":\"https:\\\/\\\/gardeon.pl\\\/\",\"name\":\"GARDEON\",\"description\":\"\",\"potentialAction\":[{\"@type\":\"SearchAction\",\"target\":{\"@type\":\"EntryPoint\",\"urlTemplate\":\"https:\\\/\\\/gardeon.pl\\\/?s={search_term_string}\"},\"query-input\":{\"@type\":\"PropertyValueSpecification\",\"valueRequired\":true,\"valueName\":\"search_term_string\"}}],\"inLanguage\":\"pl-PL\"},{\"@type\":\"Person\",\"@id\":\"https:\\\/\\\/gardeon.pl\\\/#\\\/schema\\\/person\\\/a5762ca5f0790bf92774af0899379463\",\"name\":\"editor\",\"image\":{\"@type\":\"ImageObject\",\"inLanguage\":\"pl-PL\",\"@id\":\"https:\\\/\\\/secure.gravatar.com\\\/avatar\\\/2b748151c2c748327307fd289a91b3bdafdd9e64e2d000e65e53d6dcf11c5830?s=96&d=mm&r=g\",\"url\":\"https:\\\/\\\/secure.gravatar.com\\\/avatar\\\/2b748151c2c748327307fd289a91b3bdafdd9e64e2d000e65e53d6dcf11c5830?s=96&d=mm&r=g\",\"contentUrl\":\"https:\\\/\\\/secure.gravatar.com\\\/avatar\\\/2b748151c2c748327307fd289a91b3bdafdd9e64e2d000e65e53d6dcf11c5830?s=96&d=mm&r=g\",\"caption\":\"editor\"}}]}<\/script>\n<!-- \/ Yoast SEO plugin. -->","yoast_head_json":{"title":"GARDEON w Nowym Mieszkaniu \u2013 maj 2022 | GARDEON","robots":{"index":"index","follow":"follow","max-snippet":"max-snippet:-1","max-image-preview":"max-image-preview:large","max-video-preview":"max-video-preview:-1"},"canonical":"https:\/\/gardeon.pl\/pl\/blog\/gardeon-w-nowym-mieszkaniu-maj-2022\/","og_locale":"pl_PL","og_type":"article","og_title":"GARDEON w Nowym Mieszkaniu \u2013 maj 2022 | GARDEON","og_description":"Dnia 22.05.2022 mogli Pa\u0144stwo nas zobaczy\u0107 w programie Nowe Mieszkanie w TV JOJ. Nasz kolega i dyrektor dzia\u0142u sprzeda\u017cy, Mari\u00e1n Hajn\u00fd, w towarzystwie pana Vo\u0161tin\u00e1\u0159a, kt\u00f3rego z pewno\u015bci\u0105 znaj\u0105 Pa\u0144stwo z ekran\u00f3w telewizor\u00f3w, szczeg\u00f3\u0142owo zaprezentowali domek ogrodowy GARDEON u jednego z naszych rzeczywistych klient\u00f3w.","og_url":"https:\/\/gardeon.pl\/pl\/blog\/gardeon-w-nowym-mieszkaniu-maj-2022\/","og_site_name":"GARDEON","article_published_time":"2026-04-23T15:15:57+00:00","article_modified_time":"2026-04-23T17:04:54+00:00","og_image":[{"width":1010,"height":570,"url":"http:\/\/gardeon.pl\/wp-content\/uploads\/2022\/06\/f99905da3a837ce2f0857f38b62bf6d2.jpeg","type":"image\/jpeg"}],"author":"editor","twitter_card":"summary_large_image","twitter_misc":{"Napisane przez":"editor"},"schema":{"@context":"https:\/\/schema.org","@graph":[{"@type":"Article","@id":"https:\/\/gardeon.pl\/pl\/blog\/gardeon-w-nowym-mieszkaniu-maj-2022\/#article","isPartOf":{"@id":"https:\/\/gardeon.pl\/pl\/blog\/gardeon-w-nowym-mieszkaniu-maj-2022\/"},"author":{"name":"editor","@id":"https:\/\/gardeon.pl\/#\/schema\/person\/a5762ca5f0790bf92774af0899379463"},"headline":"GARDEON w Nowym Mieszkaniu \u2013 maj 2022","datePublished":"2026-04-23T15:15:57+00:00","dateModified":"2026-04-23T17:04:54+00:00","mainEntityOfPage":{"@id":"https:\/\/gardeon.pl\/pl\/blog\/gardeon-w-nowym-mieszkaniu-maj-2022\/"},"wordCount":61,"commentCount":0,"image":{"@id":"https:\/\/gardeon.pl\/pl\/blog\/gardeon-w-nowym-mieszkaniu-maj-2022\/#primaryimage"},"thumbnailUrl":"https:\/\/gardeon.pl\/wp-content\/uploads\/2022\/06\/f99905da3a837ce2f0857f38b62bf6d2.jpeg","keywords":["GARDEON","nowo\u015bci","program","tv joj"],"articleSection":["Aktualno\u015bci"],"inLanguage":"pl-PL","potentialAction":[{"@type":"CommentAction","name":"Comment","target":["https:\/\/gardeon.pl\/pl\/blog\/gardeon-w-nowym-mieszkaniu-maj-2022\/#respond"]}]},{"@type":"WebPage","@id":"https:\/\/gardeon.pl\/pl\/blog\/gardeon-w-nowym-mieszkaniu-maj-2022\/","url":"https:\/\/gardeon.pl\/pl\/blog\/gardeon-w-nowym-mieszkaniu-maj-2022\/","name":"GARDEON w Nowym Mieszkaniu \u2013 maj 2022 | GARDEON","isPartOf":{"@id":"https:\/\/gardeon.pl\/#website"},"primaryImageOfPage":{"@id":"https:\/\/gardeon.pl\/pl\/blog\/gardeon-w-nowym-mieszkaniu-maj-2022\/#primaryimage"},"image":{"@id":"https:\/\/gardeon.pl\/pl\/blog\/gardeon-w-nowym-mieszkaniu-maj-2022\/#primaryimage"},"thumbnailUrl":"https:\/\/gardeon.pl\/wp-content\/uploads\/2022\/06\/f99905da3a837ce2f0857f38b62bf6d2.jpeg","datePublished":"2026-04-23T15:15:57+00:00","dateModified":"2026-04-23T17:04:54+00:00","author":{"@id":"https:\/\/gardeon.pl\/#\/schema\/person\/a5762ca5f0790bf92774af0899379463"},"breadcrumb":{"@id":"https:\/\/gardeon.pl\/pl\/blog\/gardeon-w-nowym-mieszkaniu-maj-2022\/#breadcrumb"},"inLanguage":"pl-PL","potentialAction":[{"@type":"ReadAction","target":["https:\/\/gardeon.pl\/pl\/blog\/gardeon-w-nowym-mieszkaniu-maj-2022\/"]}]},{"@type":"ImageObject","inLanguage":"pl-PL","@id":"https:\/\/gardeon.pl\/pl\/blog\/gardeon-w-nowym-mieszkaniu-maj-2022\/#primaryimage","url":"https:\/\/gardeon.pl\/wp-content\/uploads\/2022\/06\/f99905da3a837ce2f0857f38b62bf6d2.jpeg","contentUrl":"https:\/\/gardeon.pl\/wp-content\/uploads\/2022\/06\/f99905da3a837ce2f0857f38b62bf6d2.jpeg","width":1010,"height":570,"caption":"Logo Nowe Mieszkanie"},{"@type":"BreadcrumbList","@id":"https:\/\/gardeon.pl\/pl\/blog\/gardeon-w-nowym-mieszkaniu-maj-2022\/#breadcrumb","itemListElement":[{"@type":"ListItem","position":1,"name":"Domov","item":"https:\/\/gardeon.pl\/pl\/"},{"@type":"ListItem","position":2,"name":"GARDEON w Nowym Mieszkaniu \u2013 maj 2022"}]},{"@type":"WebSite","@id":"https:\/\/gardeon.pl\/#website","url":"https:\/\/gardeon.pl\/","name":"GARDEON","description":"","potentialAction":[{"@type":"SearchAction","target":{"@type":"EntryPoint","urlTemplate":"https:\/\/gardeon.pl\/?s={search_term_string}"},"query-input":{"@type":"PropertyValueSpecification","valueRequired":true,"valueName":"search_term_string"}}],"inLanguage":"pl-PL"},{"@type":"Person","@id":"https:\/\/gardeon.pl\/#\/schema\/person\/a5762ca5f0790bf92774af0899379463","name":"editor","image":{"@type":"ImageObject","inLanguage":"pl-PL","@id":"https:\/\/secure.gravatar.com\/avatar\/2b748151c2c748327307fd289a91b3bdafdd9e64e2d000e65e53d6dcf11c5830?s=96&d=mm&r=g","url":"https:\/\/secure.gravatar.com\/avatar\/2b748151c2c748327307fd289a91b3bdafdd9e64e2d000e65e53d6dcf11c5830?s=96&d=mm&r=g","contentUrl":"https:\/\/secure.gravatar.com\/avatar\/2b748151c2c748327307fd289a91b3bdafdd9e64e2d000e65e53d6dcf11c5830?s=96&d=mm&r=g","caption":"editor"}}]}},"_links":{"self":[{"href":"https:\/\/gardeon.pl\/pl\/wp-json\/wp\/v2\/posts\/46615","targetHints":{"allow":["GET"]}}],"collection":[{"href":"https:\/\/gardeon.pl\/pl\/wp-json\/wp\/v2\/posts"}],"about":[{"href":"https:\/\/gardeon.pl\/pl\/wp-json\/wp\/v2\/types\/post"}],"author":[{"embeddable":true,"href":"https:\/\/gardeon.pl\/pl\/wp-json\/wp\/v2\/users\/2"}],"replies":[{"embeddable":true,"href":"https:\/\/gardeon.pl\/pl\/wp-json\/wp\/v2\/comments?post=46615"}],"version-history":[{"count":0,"href":"https:\/\/gardeon.pl\/pl\/wp-json\/wp\/v2\/posts\/46615\/revisions"}],"wp:featuredmedia":[{"embeddable":true,"href":"https:\/\/gardeon.pl\/pl\/wp-json\/wp\/v2\/media\/46624"}],"wp:attachment":[{"href":"https:\/\/gardeon.pl\/pl\/wp-json\/wp\/v2\/media?parent=46615"}],"wp:term":[{"taxonomy":"category","embeddable":true,"href":"https:\/\/gardeon.pl\/pl\/wp-json\/wp\/v2\/categories?post=46615"},{"taxonomy":"post_tag","embeddable":true,"href":"https:\/\/gardeon.pl\/pl\/wp-json\/wp\/v2\/tags?post=46615"}],"curies":[{"name":"wp","href":"https:\/\/api.w.org\/{rel}","templated":true}]}}