{"id":46626,"date":"2026-04-23T17:15:57","date_gmt":"2026-04-23T15:15:57","guid":{"rendered":"https:\/\/gardeon.pl\/blog\/domek-ogrodowy-29-x-298-m-z-wiata\/"},"modified":"2026-04-23T19:04:54","modified_gmt":"2026-04-23T17:04:54","slug":"domek-ogrodowy-29-x-298-m-z-wiata","status":"publish","type":"post","link":"https:\/\/gardeon.pl\/pl\/blog\/domek-ogrodowy-29-x-298-m-z-wiata\/","title":{"rendered":"Domek ogrodowy 2,9 x 2,98 m z wiat\u0105"},"content":{"rendered":"<h2>Jak to wszystko si\u0119 zacz\u0119\u0142o?<\/h2>\n<p><span style=\"font-weight: 400;\">\u017bona pana Oravca skontaktowa\u0142a si\u0119 z nami mailem w maju, \u017ce chcieliby postawi\u0107 u siebie domek ogrodowy z wiat\u0105. Interesowa\u0142y j\u0105 przede wszystkim nasze terminy realizacji (czas dostawy wynosi 3 miesi\u0105ce). <\/span><\/p>\n<h3>Recenzja zaraz po monta\u017cu<\/h3>\n<p><a href=\"http:\/\/gardeon.pl\/wp-content\/uploads\/2020\/10\/recenzia-gardeon-4-e1602063535361.png\"><img loading=\"lazy\" decoding=\"async\" class=\"alignnone wp-image-28550\" src=\"http:\/\/gardeon.pl\/wp-content\/uploads\/2020\/10\/recenzia-gardeon-4-e1602063535361.png\" alt=\"Recenzja od klientki dotycz\u0105ca domku ogrodowego\" width=\"800\" height=\"174\" srcset=\"https:\/\/gardeon.pl\/wp-content\/uploads\/2020\/10\/recenzia-gardeon-4-e1602063535361.png 1059w, https:\/\/gardeon.pl\/wp-content\/uploads\/2020\/10\/recenzia-gardeon-4-e1602063535361-300x65.png 300w, https:\/\/gardeon.pl\/wp-content\/uploads\/2020\/10\/recenzia-gardeon-4-e1602063535361-1024x222.png 1024w, https:\/\/gardeon.pl\/wp-content\/uploads\/2020\/10\/recenzia-gardeon-4-e1602063535361-768x167.png 768w\" sizes=\"auto, (max-width: 800px) 100vw, 800px\" \/><\/a><\/p>\n<p><a href=\"http:\/\/gardeon.pl\/wp-content\/uploads\/2020\/10\/Obrazok-9.10.20-o-13.19.jpg\"><img loading=\"lazy\" decoding=\"async\" class=\"alignnone wp-image-28691\" src=\"http:\/\/gardeon.pl\/wp-content\/uploads\/2020\/10\/Obrazok-9.10.20-o-13.19.jpg\" alt=\"Domek ogrodowy zaraz po monta\u017cu\" width=\"800\" height=\"598\" srcset=\"https:\/\/gardeon.pl\/wp-content\/uploads\/2020\/10\/Obrazok-9.10.20-o-13.19.jpg 1396w, https:\/\/gardeon.pl\/wp-content\/uploads\/2020\/10\/Obrazok-9.10.20-o-13.19-300x224.jpg 300w, https:\/\/gardeon.pl\/wp-content\/uploads\/2020\/10\/Obrazok-9.10.20-o-13.19-1024x766.jpg 1024w, https:\/\/gardeon.pl\/wp-content\/uploads\/2020\/10\/Obrazok-9.10.20-o-13.19-768x574.jpg 768w\" sizes=\"auto, (max-width: 800px) 100vw, 800px\" \/><\/a><\/p>\n<h2>A jakie s\u0105 jej wra\u017cenia z perspektywy czasu?<\/h2>\n<p><i><span style=\"font-weight: 400;\">\u201eDomek ogrodowy mamy od pa\u017adziernika 2018 roku, jeste\u015bmy z niego bardzo zadowoleni. Obecnie rozwa\u017camy zadaszenie tarasu naszego domu rodzinnego i oczywi\u015bcie nasze w\u0142asne do\u015bwiadczenie podpowiada nam, aby ponownie skontaktowa\u0107 si\u0119 z firm\u0105 GARDEON. Cieszymy si\u0119 na dalsz\u0105 wsp\u00f3\u0142prac\u0119.  <\/span><\/i><\/p>\n<h3>Zdj\u0119cia cz\u0119\u015bci zewn\u0119trznej<\/h3>\n<p><a href=\"http:\/\/gardeon.pl\/wp-content\/uploads\/2020\/10\/GARDEON-foto-od-zakaznikov-48-scaled.jpg\"><img loading=\"lazy\" decoding=\"async\" class=\"alignnone wp-image-28542\" src=\"http:\/\/gardeon.pl\/wp-content\/uploads\/2020\/10\/GARDEON-foto-od-zakaznikov-48-scaled.jpg\" alt=\"Bia\u0142y domek ogrodowy z wiat\u0105 za ogr\u00f3dkiem\" width=\"800\" height=\"1422\" srcset=\"https:\/\/gardeon.pl\/wp-content\/uploads\/2020\/10\/GARDEON-foto-od-zakaznikov-48-scaled.jpg 1440w, https:\/\/gardeon.pl\/wp-content\/uploads\/2020\/10\/GARDEON-foto-od-zakaznikov-48-169x300.jpg 169w, https:\/\/gardeon.pl\/wp-content\/uploads\/2020\/10\/GARDEON-foto-od-zakaznikov-48-576x1024.jpg 576w, https:\/\/gardeon.pl\/wp-content\/uploads\/2020\/10\/GARDEON-foto-od-zakaznikov-48-768x1365.jpg 768w, https:\/\/gardeon.pl\/wp-content\/uploads\/2020\/10\/GARDEON-foto-od-zakaznikov-48-864x1536.jpg 864w, https:\/\/gardeon.pl\/wp-content\/uploads\/2020\/10\/GARDEON-foto-od-zakaznikov-48-1152x2048.jpg 1152w\" sizes=\"auto, (max-width: 800px) 100vw, 800px\" \/><\/a><\/p>\n<p><a href=\"http:\/\/gardeon.pl\/wp-content\/uploads\/2020\/10\/GARDEON-foto-od-zakaznikov-50-scaled.jpeg\"><img loading=\"lazy\" decoding=\"async\" class=\"alignnone wp-image-28546\" src=\"http:\/\/gardeon.pl\/wp-content\/uploads\/2020\/10\/GARDEON-foto-od-zakaznikov-50-scaled.jpeg\" alt=\"Przednia cz\u0119\u015b\u0107 bia\u0142ego domku z wiat\u0105 za ogr\u00f3dkiem\" width=\"800\" height=\"600\" srcset=\"https:\/\/gardeon.pl\/wp-content\/uploads\/2020\/10\/GARDEON-foto-od-zakaznikov-50-scaled.jpeg 2560w, https:\/\/gardeon.pl\/wp-content\/uploads\/2020\/10\/GARDEON-foto-od-zakaznikov-50-300x225.jpeg 300w, https:\/\/gardeon.pl\/wp-content\/uploads\/2020\/10\/GARDEON-foto-od-zakaznikov-50-1024x768.jpeg 1024w, https:\/\/gardeon.pl\/wp-content\/uploads\/2020\/10\/GARDEON-foto-od-zakaznikov-50-768x576.jpeg 768w, https:\/\/gardeon.pl\/wp-content\/uploads\/2020\/10\/GARDEON-foto-od-zakaznikov-50-1536x1152.jpeg 1536w, https:\/\/gardeon.pl\/wp-content\/uploads\/2020\/10\/GARDEON-foto-od-zakaznikov-50-2048x1536.jpeg 2048w, https:\/\/gardeon.pl\/wp-content\/uploads\/2020\/10\/GARDEON-foto-od-zakaznikov-50-scaled-1200x900-cropped.jpeg 1200w\" sizes=\"auto, (max-width: 800px) 100vw, 800px\" \/><\/a><\/p>\n<p><a href=\"http:\/\/gardeon.pl\/wp-content\/uploads\/2020\/10\/GARDEON-foto-od-zakaznikov-51-scaled.jpg\"><img loading=\"lazy\" decoding=\"async\" class=\"alignnone wp-image-28548\" src=\"http:\/\/gardeon.pl\/wp-content\/uploads\/2020\/10\/GARDEON-foto-od-zakaznikov-51-scaled.jpg\" alt=\"Miejsce do siedzenia pod wiat\u0105 domku ogrodowego\" width=\"800\" height=\"450\" srcset=\"https:\/\/gardeon.pl\/wp-content\/uploads\/2020\/10\/GARDEON-foto-od-zakaznikov-51-scaled.jpg 2560w, https:\/\/gardeon.pl\/wp-content\/uploads\/2020\/10\/GARDEON-foto-od-zakaznikov-51-300x169.jpg 300w, https:\/\/gardeon.pl\/wp-content\/uploads\/2020\/10\/GARDEON-foto-od-zakaznikov-51-1024x576.jpg 1024w, https:\/\/gardeon.pl\/wp-content\/uploads\/2020\/10\/GARDEON-foto-od-zakaznikov-51-768x432.jpg 768w, https:\/\/gardeon.pl\/wp-content\/uploads\/2020\/10\/GARDEON-foto-od-zakaznikov-51-1536x864.jpg 1536w, https:\/\/gardeon.pl\/wp-content\/uploads\/2020\/10\/GARDEON-foto-od-zakaznikov-51-2048x1152.jpg 2048w\" sizes=\"auto, (max-width: 800px) 100vw, 800px\" \/><\/a><\/p>\n<h3>Zdj\u0119cia cz\u0119\u015bci wewn\u0119trznej<\/h3>\n<p><a href=\"http:\/\/gardeon.pl\/wp-content\/uploads\/2020\/10\/GARDEON-foto-od-zakaznikov-49-scaled.jpg\"><img loading=\"lazy\" decoding=\"async\" class=\"alignnone wp-image-28544\" src=\"http:\/\/gardeon.pl\/wp-content\/uploads\/2020\/10\/GARDEON-foto-od-zakaznikov-49-scaled.jpg\" alt=\"Narz\u0119dzia ogrodowe wewn\u0105trz domku\" width=\"800\" height=\"1422\" srcset=\"https:\/\/gardeon.pl\/wp-content\/uploads\/2020\/10\/GARDEON-foto-od-zakaznikov-49-scaled.jpg 1440w, https:\/\/gardeon.pl\/wp-content\/uploads\/2020\/10\/GARDEON-foto-od-zakaznikov-49-169x300.jpg 169w, https:\/\/gardeon.pl\/wp-content\/uploads\/2020\/10\/GARDEON-foto-od-zakaznikov-49-576x1024.jpg 576w, https:\/\/gardeon.pl\/wp-content\/uploads\/2020\/10\/GARDEON-foto-od-zakaznikov-49-768x1365.jpg 768w, https:\/\/gardeon.pl\/wp-content\/uploads\/2020\/10\/GARDEON-foto-od-zakaznikov-49-864x1536.jpg 864w, https:\/\/gardeon.pl\/wp-content\/uploads\/2020\/10\/GARDEON-foto-od-zakaznikov-49-1152x2048.jpg 1152w\" sizes=\"auto, (max-width: 800px) 100vw, 800px\" \/><\/a><\/p>\n<h2>Podsumowanie<\/h2>\n<h3>Domek ogrodowy<\/h3>\n<ul>\n<li style=\"font-weight: 400;\" aria-level=\"1\"><span style=\"font-weight: 400;\">czas budowy \u2013 3 godziny<\/span><\/li>\n<li style=\"font-weight: 400;\" aria-level=\"1\"><span style=\"font-weight: 400;\">wymiary domku ogrodowego \u2013 2 900 x 2 980 mm + wiata 3 000 x 2 980 mm<\/span><\/li>\n<li style=\"font-weight: 400;\" aria-level=\"1\"><span style=\"font-weight: 400;\">cena domku ogrodowego w momencie zam\u00f3wienia \u2013 ok. 105 000 CZK <\/span><span style=\"font-weight: 400;\">z VAT<\/span><\/li>\n<\/ul>\n<p><span style=\"font-weight: 400;\"> <\/span><\/p>\n<h3 style=\"text-align: center;\">Za opini\u0119 i zdj\u0119cia dzi\u0119kujemy pani Oravec :)<\/h3>\n","protected":false},"excerpt":{"rendered":"<p>Jak to wszystko si\u0119 zacz\u0119\u0142o? \u017bona pana Oravca skontaktowa\u0142a si\u0119 z nami mailem w maju, \u017ce chcieliby postawi\u0107 u siebie domek ogrodowy z wiat\u0105. Interesowa\u0142y j\u0105 przede wszystkim nasze terminy realizacji (czas dostawy wynosi 3 miesi\u0105ce). Recenzja zaraz po monta\u017cu A jakie s\u0105 jej wra\u017cenia z perspektywy czasu? \u201eDomek ogrodowy mamy od pa\u017adziernika 2018 roku, [&hellip;]<\/p>\n","protected":false},"author":2,"featured_media":46632,"comment_status":"open","ping_status":"open","sticky":false,"template":"","format":"standard","meta":{"_acf_changed":false,"inline_featured_image":false,"footnotes":""},"categories":[717,716],"tags":[],"class_list":["post-46626","post","type-post","status-publish","format-standard","has-post-thumbnail","hentry","category-domki-ogrodowe-2","category-jak-sie-zyje-z-gardeon"],"acf":[],"yoast_head":"<!-- This site is optimized with the Yoast SEO plugin v27.4 - https:\/\/yoast.com\/product\/yoast-seo-wordpress\/ -->\n<title>Domek ogrodowy 2,9 x 2,98 m z wiat\u0105 | GARDEON<\/title>\n<meta name=\"robots\" content=\"index, follow, max-snippet:-1, max-image-preview:large, max-video-preview:-1\" \/>\n<link rel=\"canonical\" href=\"https:\/\/gardeon.pl\/pl\/blog\/domek-ogrodowy-29-x-298-m-z-wiata\/\" \/>\n<meta property=\"og:locale\" content=\"pl_PL\" \/>\n<meta property=\"og:type\" content=\"article\" \/>\n<meta property=\"og:title\" content=\"Domek ogrodowy 2,9 x 2,98 m z wiat\u0105 | GARDEON\" \/>\n<meta property=\"og:description\" content=\"Jak to wszystko si\u0119 zacz\u0119\u0142o? \u017bona pana Oravca skontaktowa\u0142a si\u0119 z nami mailem w maju, \u017ce chcieliby postawi\u0107 u siebie domek ogrodowy z wiat\u0105. Interesowa\u0142y j\u0105 przede wszystkim nasze terminy realizacji (czas dostawy wynosi 3 miesi\u0105ce). Recenzja zaraz po monta\u017cu A jakie s\u0105 jej wra\u017cenia z perspektywy czasu? \u201eDomek ogrodowy mamy od pa\u017adziernika 2018 roku, [&hellip;]\" \/>\n<meta property=\"og:url\" content=\"https:\/\/gardeon.pl\/pl\/blog\/domek-ogrodowy-29-x-298-m-z-wiata\/\" \/>\n<meta property=\"og:site_name\" content=\"GARDEON\" \/>\n<meta property=\"article:published_time\" content=\"2026-04-23T15:15:57+00:00\" \/>\n<meta property=\"article:modified_time\" content=\"2026-04-23T17:04:54+00:00\" \/>\n<meta property=\"og:image\" content=\"http:\/\/gardeon.pl\/wp-content\/uploads\/2020\/10\/GARDEON-foto-od-zakaznikov-50-scaled.jpeg\" \/>\n\t<meta property=\"og:image:width\" content=\"2560\" \/>\n\t<meta property=\"og:image:height\" content=\"1920\" \/>\n\t<meta property=\"og:image:type\" content=\"image\/jpeg\" \/>\n<meta name=\"author\" content=\"editor\" \/>\n<meta name=\"twitter:card\" content=\"summary_large_image\" \/>\n<meta name=\"twitter:label1\" content=\"Napisane przez\" \/>\n\t<meta name=\"twitter:data1\" content=\"editor\" \/>\n\t<meta name=\"twitter:label2\" content=\"Szacowany czas czytania\" \/>\n\t<meta name=\"twitter:data2\" content=\"1 minuta\" \/>\n<script type=\"application\/ld+json\" class=\"yoast-schema-graph\">{\"@context\":\"https:\\\/\\\/schema.org\",\"@graph\":[{\"@type\":\"Article\",\"@id\":\"https:\\\/\\\/gardeon.pl\\\/pl\\\/blog\\\/domek-ogrodowy-29-x-298-m-z-wiata\\\/#article\",\"isPartOf\":{\"@id\":\"https:\\\/\\\/gardeon.pl\\\/pl\\\/blog\\\/domek-ogrodowy-29-x-298-m-z-wiata\\\/\"},\"author\":{\"name\":\"editor\",\"@id\":\"https:\\\/\\\/gardeon.pl\\\/#\\\/schema\\\/person\\\/a5762ca5f0790bf92774af0899379463\"},\"headline\":\"Domek ogrodowy 2,9 x 2,98 m z wiat\u0105\",\"datePublished\":\"2026-04-23T15:15:57+00:00\",\"dateModified\":\"2026-04-23T17:04:54+00:00\",\"mainEntityOfPage\":{\"@id\":\"https:\\\/\\\/gardeon.pl\\\/pl\\\/blog\\\/domek-ogrodowy-29-x-298-m-z-wiata\\\/\"},\"wordCount\":149,\"commentCount\":0,\"image\":{\"@id\":\"https:\\\/\\\/gardeon.pl\\\/pl\\\/blog\\\/domek-ogrodowy-29-x-298-m-z-wiata\\\/#primaryimage\"},\"thumbnailUrl\":\"https:\\\/\\\/gardeon.pl\\\/wp-content\\\/uploads\\\/2020\\\/10\\\/GARDEON-foto-od-zakaznikov-50-scaled.jpeg\",\"articleSection\":[\"Domki ogrodowe\",\"Jak si\u0119 \u017cyje z GARDEON\"],\"inLanguage\":\"pl-PL\",\"potentialAction\":[{\"@type\":\"CommentAction\",\"name\":\"Comment\",\"target\":[\"https:\\\/\\\/gardeon.pl\\\/pl\\\/blog\\\/domek-ogrodowy-29-x-298-m-z-wiata\\\/#respond\"]}]},{\"@type\":\"WebPage\",\"@id\":\"https:\\\/\\\/gardeon.pl\\\/pl\\\/blog\\\/domek-ogrodowy-29-x-298-m-z-wiata\\\/\",\"url\":\"https:\\\/\\\/gardeon.pl\\\/pl\\\/blog\\\/domek-ogrodowy-29-x-298-m-z-wiata\\\/\",\"name\":\"Domek ogrodowy 2,9 x 2,98 m z wiat\u0105 | GARDEON\",\"isPartOf\":{\"@id\":\"https:\\\/\\\/gardeon.pl\\\/#website\"},\"primaryImageOfPage\":{\"@id\":\"https:\\\/\\\/gardeon.pl\\\/pl\\\/blog\\\/domek-ogrodowy-29-x-298-m-z-wiata\\\/#primaryimage\"},\"image\":{\"@id\":\"https:\\\/\\\/gardeon.pl\\\/pl\\\/blog\\\/domek-ogrodowy-29-x-298-m-z-wiata\\\/#primaryimage\"},\"thumbnailUrl\":\"https:\\\/\\\/gardeon.pl\\\/wp-content\\\/uploads\\\/2020\\\/10\\\/GARDEON-foto-od-zakaznikov-50-scaled.jpeg\",\"datePublished\":\"2026-04-23T15:15:57+00:00\",\"dateModified\":\"2026-04-23T17:04:54+00:00\",\"author\":{\"@id\":\"https:\\\/\\\/gardeon.pl\\\/#\\\/schema\\\/person\\\/a5762ca5f0790bf92774af0899379463\"},\"breadcrumb\":{\"@id\":\"https:\\\/\\\/gardeon.pl\\\/pl\\\/blog\\\/domek-ogrodowy-29-x-298-m-z-wiata\\\/#breadcrumb\"},\"inLanguage\":\"pl-PL\",\"potentialAction\":[{\"@type\":\"ReadAction\",\"target\":[\"https:\\\/\\\/gardeon.pl\\\/pl\\\/blog\\\/domek-ogrodowy-29-x-298-m-z-wiata\\\/\"]}]},{\"@type\":\"ImageObject\",\"inLanguage\":\"pl-PL\",\"@id\":\"https:\\\/\\\/gardeon.pl\\\/pl\\\/blog\\\/domek-ogrodowy-29-x-298-m-z-wiata\\\/#primaryimage\",\"url\":\"https:\\\/\\\/gardeon.pl\\\/wp-content\\\/uploads\\\/2020\\\/10\\\/GARDEON-foto-od-zakaznikov-50-scaled.jpeg\",\"contentUrl\":\"https:\\\/\\\/gardeon.pl\\\/wp-content\\\/uploads\\\/2020\\\/10\\\/GARDEON-foto-od-zakaznikov-50-scaled.jpeg\",\"width\":2560,\"height\":1920,\"caption\":\"Przednia cz\u0119\u015b\u0107 bia\u0142ego domku z wiat\u0105 za ogr\u00f3dkiem\"},{\"@type\":\"BreadcrumbList\",\"@id\":\"https:\\\/\\\/gardeon.pl\\\/pl\\\/blog\\\/domek-ogrodowy-29-x-298-m-z-wiata\\\/#breadcrumb\",\"itemListElement\":[{\"@type\":\"ListItem\",\"position\":1,\"name\":\"Domov\",\"item\":\"https:\\\/\\\/gardeon.pl\\\/pl\\\/\"},{\"@type\":\"ListItem\",\"position\":2,\"name\":\"Domek ogrodowy 2,9 x 2,98 m z wiat\u0105\"}]},{\"@type\":\"WebSite\",\"@id\":\"https:\\\/\\\/gardeon.pl\\\/#website\",\"url\":\"https:\\\/\\\/gardeon.pl\\\/\",\"name\":\"GARDEON\",\"description\":\"\",\"potentialAction\":[{\"@type\":\"SearchAction\",\"target\":{\"@type\":\"EntryPoint\",\"urlTemplate\":\"https:\\\/\\\/gardeon.pl\\\/?s={search_term_string}\"},\"query-input\":{\"@type\":\"PropertyValueSpecification\",\"valueRequired\":true,\"valueName\":\"search_term_string\"}}],\"inLanguage\":\"pl-PL\"},{\"@type\":\"Person\",\"@id\":\"https:\\\/\\\/gardeon.pl\\\/#\\\/schema\\\/person\\\/a5762ca5f0790bf92774af0899379463\",\"name\":\"editor\",\"image\":{\"@type\":\"ImageObject\",\"inLanguage\":\"pl-PL\",\"@id\":\"https:\\\/\\\/secure.gravatar.com\\\/avatar\\\/2b748151c2c748327307fd289a91b3bdafdd9e64e2d000e65e53d6dcf11c5830?s=96&d=mm&r=g\",\"url\":\"https:\\\/\\\/secure.gravatar.com\\\/avatar\\\/2b748151c2c748327307fd289a91b3bdafdd9e64e2d000e65e53d6dcf11c5830?s=96&d=mm&r=g\",\"contentUrl\":\"https:\\\/\\\/secure.gravatar.com\\\/avatar\\\/2b748151c2c748327307fd289a91b3bdafdd9e64e2d000e65e53d6dcf11c5830?s=96&d=mm&r=g\",\"caption\":\"editor\"}}]}<\/script>\n<!-- \/ Yoast SEO plugin. -->","yoast_head_json":{"title":"Domek ogrodowy 2,9 x 2,98 m z wiat\u0105 | GARDEON","robots":{"index":"index","follow":"follow","max-snippet":"max-snippet:-1","max-image-preview":"max-image-preview:large","max-video-preview":"max-video-preview:-1"},"canonical":"https:\/\/gardeon.pl\/pl\/blog\/domek-ogrodowy-29-x-298-m-z-wiata\/","og_locale":"pl_PL","og_type":"article","og_title":"Domek ogrodowy 2,9 x 2,98 m z wiat\u0105 | GARDEON","og_description":"Jak to wszystko si\u0119 zacz\u0119\u0142o? \u017bona pana Oravca skontaktowa\u0142a si\u0119 z nami mailem w maju, \u017ce chcieliby postawi\u0107 u siebie domek ogrodowy z wiat\u0105. Interesowa\u0142y j\u0105 przede wszystkim nasze terminy realizacji (czas dostawy wynosi 3 miesi\u0105ce). Recenzja zaraz po monta\u017cu A jakie s\u0105 jej wra\u017cenia z perspektywy czasu? \u201eDomek ogrodowy mamy od pa\u017adziernika 2018 roku, [&hellip;]","og_url":"https:\/\/gardeon.pl\/pl\/blog\/domek-ogrodowy-29-x-298-m-z-wiata\/","og_site_name":"GARDEON","article_published_time":"2026-04-23T15:15:57+00:00","article_modified_time":"2026-04-23T17:04:54+00:00","og_image":[{"width":2560,"height":1920,"url":"http:\/\/gardeon.pl\/wp-content\/uploads\/2020\/10\/GARDEON-foto-od-zakaznikov-50-scaled.jpeg","type":"image\/jpeg"}],"author":"editor","twitter_card":"summary_large_image","twitter_misc":{"Napisane przez":"editor","Szacowany czas czytania":"1 minuta"},"schema":{"@context":"https:\/\/schema.org","@graph":[{"@type":"Article","@id":"https:\/\/gardeon.pl\/pl\/blog\/domek-ogrodowy-29-x-298-m-z-wiata\/#article","isPartOf":{"@id":"https:\/\/gardeon.pl\/pl\/blog\/domek-ogrodowy-29-x-298-m-z-wiata\/"},"author":{"name":"editor","@id":"https:\/\/gardeon.pl\/#\/schema\/person\/a5762ca5f0790bf92774af0899379463"},"headline":"Domek ogrodowy 2,9 x 2,98 m z wiat\u0105","datePublished":"2026-04-23T15:15:57+00:00","dateModified":"2026-04-23T17:04:54+00:00","mainEntityOfPage":{"@id":"https:\/\/gardeon.pl\/pl\/blog\/domek-ogrodowy-29-x-298-m-z-wiata\/"},"wordCount":149,"commentCount":0,"image":{"@id":"https:\/\/gardeon.pl\/pl\/blog\/domek-ogrodowy-29-x-298-m-z-wiata\/#primaryimage"},"thumbnailUrl":"https:\/\/gardeon.pl\/wp-content\/uploads\/2020\/10\/GARDEON-foto-od-zakaznikov-50-scaled.jpeg","articleSection":["Domki ogrodowe","Jak si\u0119 \u017cyje z GARDEON"],"inLanguage":"pl-PL","potentialAction":[{"@type":"CommentAction","name":"Comment","target":["https:\/\/gardeon.pl\/pl\/blog\/domek-ogrodowy-29-x-298-m-z-wiata\/#respond"]}]},{"@type":"WebPage","@id":"https:\/\/gardeon.pl\/pl\/blog\/domek-ogrodowy-29-x-298-m-z-wiata\/","url":"https:\/\/gardeon.pl\/pl\/blog\/domek-ogrodowy-29-x-298-m-z-wiata\/","name":"Domek ogrodowy 2,9 x 2,98 m z wiat\u0105 | GARDEON","isPartOf":{"@id":"https:\/\/gardeon.pl\/#website"},"primaryImageOfPage":{"@id":"https:\/\/gardeon.pl\/pl\/blog\/domek-ogrodowy-29-x-298-m-z-wiata\/#primaryimage"},"image":{"@id":"https:\/\/gardeon.pl\/pl\/blog\/domek-ogrodowy-29-x-298-m-z-wiata\/#primaryimage"},"thumbnailUrl":"https:\/\/gardeon.pl\/wp-content\/uploads\/2020\/10\/GARDEON-foto-od-zakaznikov-50-scaled.jpeg","datePublished":"2026-04-23T15:15:57+00:00","dateModified":"2026-04-23T17:04:54+00:00","author":{"@id":"https:\/\/gardeon.pl\/#\/schema\/person\/a5762ca5f0790bf92774af0899379463"},"breadcrumb":{"@id":"https:\/\/gardeon.pl\/pl\/blog\/domek-ogrodowy-29-x-298-m-z-wiata\/#breadcrumb"},"inLanguage":"pl-PL","potentialAction":[{"@type":"ReadAction","target":["https:\/\/gardeon.pl\/pl\/blog\/domek-ogrodowy-29-x-298-m-z-wiata\/"]}]},{"@type":"ImageObject","inLanguage":"pl-PL","@id":"https:\/\/gardeon.pl\/pl\/blog\/domek-ogrodowy-29-x-298-m-z-wiata\/#primaryimage","url":"https:\/\/gardeon.pl\/wp-content\/uploads\/2020\/10\/GARDEON-foto-od-zakaznikov-50-scaled.jpeg","contentUrl":"https:\/\/gardeon.pl\/wp-content\/uploads\/2020\/10\/GARDEON-foto-od-zakaznikov-50-scaled.jpeg","width":2560,"height":1920,"caption":"Przednia cz\u0119\u015b\u0107 bia\u0142ego domku z wiat\u0105 za ogr\u00f3dkiem"},{"@type":"BreadcrumbList","@id":"https:\/\/gardeon.pl\/pl\/blog\/domek-ogrodowy-29-x-298-m-z-wiata\/#breadcrumb","itemListElement":[{"@type":"ListItem","position":1,"name":"Domov","item":"https:\/\/gardeon.pl\/pl\/"},{"@type":"ListItem","position":2,"name":"Domek ogrodowy 2,9 x 2,98 m z wiat\u0105"}]},{"@type":"WebSite","@id":"https:\/\/gardeon.pl\/#website","url":"https:\/\/gardeon.pl\/","name":"GARDEON","description":"","potentialAction":[{"@type":"SearchAction","target":{"@type":"EntryPoint","urlTemplate":"https:\/\/gardeon.pl\/?s={search_term_string}"},"query-input":{"@type":"PropertyValueSpecification","valueRequired":true,"valueName":"search_term_string"}}],"inLanguage":"pl-PL"},{"@type":"Person","@id":"https:\/\/gardeon.pl\/#\/schema\/person\/a5762ca5f0790bf92774af0899379463","name":"editor","image":{"@type":"ImageObject","inLanguage":"pl-PL","@id":"https:\/\/secure.gravatar.com\/avatar\/2b748151c2c748327307fd289a91b3bdafdd9e64e2d000e65e53d6dcf11c5830?s=96&d=mm&r=g","url":"https:\/\/secure.gravatar.com\/avatar\/2b748151c2c748327307fd289a91b3bdafdd9e64e2d000e65e53d6dcf11c5830?s=96&d=mm&r=g","contentUrl":"https:\/\/secure.gravatar.com\/avatar\/2b748151c2c748327307fd289a91b3bdafdd9e64e2d000e65e53d6dcf11c5830?s=96&d=mm&r=g","caption":"editor"}}]}},"_links":{"self":[{"href":"https:\/\/gardeon.pl\/pl\/wp-json\/wp\/v2\/posts\/46626","targetHints":{"allow":["GET"]}}],"collection":[{"href":"https:\/\/gardeon.pl\/pl\/wp-json\/wp\/v2\/posts"}],"about":[{"href":"https:\/\/gardeon.pl\/pl\/wp-json\/wp\/v2\/types\/post"}],"author":[{"embeddable":true,"href":"https:\/\/gardeon.pl\/pl\/wp-json\/wp\/v2\/users\/2"}],"replies":[{"embeddable":true,"href":"https:\/\/gardeon.pl\/pl\/wp-json\/wp\/v2\/comments?post=46626"}],"version-history":[{"count":0,"href":"https:\/\/gardeon.pl\/pl\/wp-json\/wp\/v2\/posts\/46626\/revisions"}],"wp:featuredmedia":[{"embeddable":true,"href":"https:\/\/gardeon.pl\/pl\/wp-json\/wp\/v2\/media\/46632"}],"wp:attachment":[{"href":"https:\/\/gardeon.pl\/pl\/wp-json\/wp\/v2\/media?parent=46626"}],"wp:term":[{"taxonomy":"category","embeddable":true,"href":"https:\/\/gardeon.pl\/pl\/wp-json\/wp\/v2\/categories?post=46626"},{"taxonomy":"post_tag","embeddable":true,"href":"https:\/\/gardeon.pl\/pl\/wp-json\/wp\/v2\/tags?post=46626"}],"curies":[{"name":"wp","href":"https:\/\/api.w.org\/{rel}","templated":true}]}}