{"id":46636,"date":"2026-04-23T19:04:22","date_gmt":"2026-04-23T17:04:22","guid":{"rendered":"https:\/\/gardeon.pl\/?p=46636"},"modified":"2026-04-23T19:04:22","modified_gmt":"2026-04-23T17:04:22","slug":"czy-nadal-parkuja-panstwo-swoj-samochod-pod-golym-niebem-oto-ryzyko-na-jakie-go-panstwo-narazaja","status":"publish","type":"post","link":"https:\/\/gardeon.pl\/pl\/blog\/czy-nadal-parkuja-panstwo-swoj-samochod-pod-golym-niebem-oto-ryzyko-na-jakie-go-panstwo-narazaja\/","title":{"rendered":"Czy nadal parkuj\u0105 Pa\u0144stwo sw\u00f3j samoch\u00f3d pod go\u0142ym niebem? Oto ryzyko, na jakie go Pa\u0144stwo nara\u017caj\u0105"},"content":{"rendered":"<p><em>Gara\u017cowa\u0107 czy nie gara\u017cowa\u0107? Oto jest pytanie. Przecie\u017c samoch\u00f3d co\u015b wytrzyma, poza tym parkuj\u0119 go pod drzewem. Przykrywam go przecie\u017c. Gara\u017ce s\u0105 drogie i nie mam na to czasu. Naprawd\u0119? Czy Pa\u0144stwo r\u00f3wnie\u017c nale\u017c\u0105 do tych odwa\u017cnych os\u00f3b, kt\u00f3re zostawiaj\u0105 sw\u00f3j samoch\u00f3d na zewn\u0105trz przez ca\u0142y rok? Jakiekolwiek by nie by\u0142y Pa\u0144stwa powody, dzi\u015b nie obroni\u0105 si\u0119 one tak \u0142atwo. W ci\u0105gu kilku godzin mog\u0105 Pa\u0144stwo mie\u0107 postawiony gara\u017c \u201epod klucz\u201d i zyska\u0107 dzi\u0119ki niemu znacznie wi\u0119cej, ni\u017c wydadz\u0105. Sprawd\u017amy, dlaczego warto to rozwa\u017cy\u0107.         <\/em><\/p>\n<p><!--more--><\/p>\n<h2>Zdradliwa pogoda<\/h2>\n<p>Jest ch\u0142odny i deszczowy poranek. Musz\u0105 Pa\u0144stwo jecha\u0107 do pracy. Biegn\u0105 Pa\u0144stwo do samochodu, szukaj\u0105 kluczyk\u00f3w i wsiadaj\u0105 kompletnie przemoczeni. Albo jeszcze lepsza kombinacja. Mr\u00f3z i \u015bnieg. Opr\u00f3cz wszystkich szyb, mocno zamarzni\u0119te s\u0105 r\u00f3wnie\u017c lusterka wsteczne. \u015anieg stopniowo zasypuje Pa\u0144stwa samoch\u00f3d. Nawet psa \u017cal by\u0142oby wygoni\u0107 z domu. Pr\u00f3buj\u0105 Pa\u0144stwo odpali\u0107 silnik. W mi\u0119dzyczasie, gdy odmra\u017caj\u0105 Pa\u0144stwo auto i od\u015bnie\u017caj\u0105 podjazd, w\u0142\u0105czaj\u0105 Pa\u0144stwo ogrzewanie na pe\u0142n\u0105 moc, cho\u0107 niewiele to pomaga. Kiedy w ko\u0144cu udaje si\u0119 usun\u0105\u0107 l\u00f3d tak\u017ce z lusterek, s\u0105 Pa\u0144stwo przemarzni\u0119ci do szpiku ko\u015bci i sp\u00f3\u017anieni do pracy.          <\/p>\n<p><img loading=\"lazy\" decoding=\"async\" class=\"aligncenter wp-image-6084\" src=\"http:\/\/gardeon.pl\/wp-content\/uploads\/2016\/03\/mr%C3%A1z-na-aute-1024x682.jpg\" alt=\"Kobieta rozmawiaj\u0105ca przez telefon podczas \u015bnie\u017cycy\" width=\"800\" height=\"533\"><\/p>\n<p><img loading=\"lazy\" decoding=\"async\" class=\"aligncenter wp-image-6085\" src=\"http:\/\/gardeon.pl\/wp-content\/uploads\/2016\/03\/zasne%C5%BEen%C3%A9-auto.jpg\" alt=\"Zasypany samoch\u00f3d\" width=\"800\" height=\"524\"><\/p>\n<p>Pa\u0144stwa samoch\u00f3d to nie Iron Man, aby przez d\u0142ugi czas radzi\u0107 sobie z r\u00f3\u017cnymi zagro\u017ceniami pogodowymi. Jednak stalowe gara\u017ce poniek\u0105d nim s\u0105. Ochroni\u0105 karoseri\u0119, lakier i, co nie mniej wa\u017cne, Pa\u0144stwa komfort. Podw\u00f3jna wygrana.   <\/p>\n<h2><\/h2>\n<h2>Z\u0142odzieje i wandale<\/h2>\n<p>Bezbronny samoch\u00f3d na podw\u00f3rku lub podje\u017adzie bywa cz\u0119st\u0105 pokus\u0105 dla z\u0142odziei i wandali. Przebite opony, porysowany lakier, chc\u0105c nie chc\u0105c wybita szyba. W najlepszym wypadku. Gara\u017c zwi\u0119ksza prawdopodobie\u0144stwo, \u017ce rano b\u0119d\u0105 Pa\u0144stwo mieli czym pojecha\u0107 do pracy. Sam alarm cz\u0119sto nie wystarcza.    <\/p>\n<p><img loading=\"lazy\" decoding=\"async\" class=\"aligncenter wp-image-6087\" src=\"http:\/\/gardeon.pl\/wp-content\/uploads\/2016\/03\/kr%C3%A1de%C5%BE-auta-1024x690.jpg\" alt=\"Z\u0142odziej szukaj\u0105cy pozostawionych bez opieki warto\u015bciowych przedmiot\u00f3w w samochodzie\" width=\"800\" height=\"539\"><\/p>\n<h2><\/h2>\n<h2>(Nie)trwa\u0142o\u015b\u0107<\/h2>\n<p>M\u00f3wi si\u0119, \u017ce prawdziwa mi\u0142o\u015b\u0107 nie rdzewieje. Je\u015bli jednak cz\u0119sto zostawiaj\u0105 j\u0105 Pa\u0144stwo pod go\u0142ym niebem, szybko zaprzyja\u017ani\u0105 si\u0119 Pa\u0144stwo z rdz\u0105. Owady, kurz, poranna rosa czy \u017cwir nawiany na mask\u0119 to tylko kilka przyk\u0142ad\u00f3w. Te z pozoru jednorazowe czynniki d\u0142ugofalowo niszcz\u0105 Pa\u0144stwa samoch\u00f3d. Wizyta w myjni i serwisie samochodowym (lub na z\u0142omowisku) mo\u017ce pojawi\u0107 si\u0119 w planach znacznie cz\u0119\u015bciej i szybciej, ni\u017c by Pa\u0144stwo chcieli.    <\/p>\n<p><img loading=\"lazy\" decoding=\"async\" class=\"aligncenter wp-image-6088\" src=\"http:\/\/gardeon.pl\/wp-content\/uploads\/2016\/03\/hrdza-na-aute-1024x575.jpg\" alt=\"Jak chroni\u0107 samoch\u00f3d przed rdz\u0105\" width=\"800\" height=\"449\" srcset=\"https:\/\/gardeon.pl\/wp-content\/uploads\/2016\/03\/hrdza-na-aute-1024x575.jpg 1024w, https:\/\/gardeon.pl\/wp-content\/uploads\/2016\/03\/hrdza-na-aute-300x168.jpg 300w, https:\/\/gardeon.pl\/wp-content\/uploads\/2016\/03\/hrdza-na-aute-768x431.jpg 768w, https:\/\/gardeon.pl\/wp-content\/uploads\/2016\/03\/hrdza-na-aute-1536x862.jpg 1536w, https:\/\/gardeon.pl\/wp-content\/uploads\/2016\/03\/hrdza-na-aute-1200x675-cropped.jpg 1200w, https:\/\/gardeon.pl\/wp-content\/uploads\/2016\/03\/hrdza-na-aute.jpg 1600w\" sizes=\"auto, (max-width: 800px) 100vw, 800px\" \/><\/p>\n<p>Parkuj\u0105c w gara\u017cu, mogliby Pa\u0144stwo nawet dwukrotnie przed\u0142u\u017cy\u0107 \u017cywotno\u015b\u0107 swojego samochodu. A te sze\u015b\u0107 godzin, w ci\u0105gu kt\u00f3rych mo\u017cna postawi\u0107 <a href=\"https:\/\/gardeon.pl\/pl\/garaze\/\">wysokiej jako\u015bci gara\u017c<\/a>, jest tego warte. <\/p>\n<h2><\/h2>\n<h2>Gara\u017c blaszany \u2013 tanie i szybkie rozwi\u0105zanie<\/h2>\n<p>Dbanie o samoch\u00f3d, kt\u00f3ry dzie\u0144 po dniu jest wystawiony na wszystkie zagro\u017cenia z otoczenia, wymaga nie tylko cierpliwo\u015bci, ale i zasobnego portfela. Z czasem ani si\u0119 Pa\u0144stwo obejrz\u0105, a w serwisie samochodowym b\u0119d\u0105 Pa\u0144stwo bywa\u0107 regularnie. I nie b\u0119d\u0105 to tanie wizyty.  <\/p>\n<p><img loading=\"lazy\" decoding=\"async\" class=\"aligncenter wp-image-6089\" src=\"http:\/\/gardeon.pl\/wp-content\/uploads\/2016\/03\/auto-v-servise-1024x682.jpg\" alt=\"Gara\u017c na wymiar\" width=\"800\" height=\"533\" srcset=\"https:\/\/gardeon.pl\/wp-content\/uploads\/2016\/03\/auto-v-servise-1024x682.jpg 1024w, https:\/\/gardeon.pl\/wp-content\/uploads\/2016\/03\/auto-v-servise-300x200.jpg 300w, https:\/\/gardeon.pl\/wp-content\/uploads\/2016\/03\/auto-v-servise-768x512.jpg 768w, https:\/\/gardeon.pl\/wp-content\/uploads\/2016\/03\/auto-v-servise-1536x1023.jpg 1536w, https:\/\/gardeon.pl\/wp-content\/uploads\/2016\/03\/auto-v-servise.jpg 1600w\" sizes=\"auto, (max-width: 800px) 100vw, 800px\" \/><\/p>\n<p>Rozwi\u0105zanie w postaci gara\u017cu modu\u0142owego mo\u017ce by\u0107 przy tym znacznie ta\u0144sze, prostsze i szybsze. Unikn\u0105 Pa\u0144stwo wielu problem\u00f3w, a jednocze\u015bnie jego budowa nie pozbawi Pa\u0144stwa czasu ani zdrowia. Co wi\u0119cej, <a href=\"https:\/\/gardeon.pl\/pl\/garaze\/montowane-garaze-blaszane-z-tynkiem\/\">gara\u017c<\/a> dostosuje si\u0119 do Pa\u0144stwa indywidualnych potrzeb.  <\/p>\n","protected":false},"excerpt":{"rendered":"<p>Gara\u017cowa\u0107 czy nie gara\u017cowa\u0107? Oto jest pytanie. Przecie\u017c samoch\u00f3d co\u015b wytrzyma, poza tym parkuj\u0119 go pod drzewem. Przykrywam go przecie\u017c. Gara\u017ce s\u0105 drogie i nie mam na to czasu. Naprawd\u0119? Czy Pa\u0144stwo r\u00f3wnie\u017c nale\u017c\u0105 do tych odwa\u017cnych os\u00f3b, kt\u00f3re zostawiaj\u0105 sw\u00f3j samoch\u00f3d na zewn\u0105trz przez ca\u0142y rok? Jakiekolwiek by nie by\u0142y Pa\u0144stwa powody, dzi\u015b nie [&hellip;]<\/p>\n","protected":false},"author":2,"featured_media":46637,"comment_status":"open","ping_status":"open","sticky":false,"template":"","format":"standard","meta":{"_acf_changed":false,"inline_featured_image":false,"footnotes":""},"categories":[578],"tags":[634],"class_list":["post-46636","post","type-post","status-publish","format-standard","has-post-thumbnail","hentry","category-garaze-blaszane","tag-cz"],"acf":[],"yoast_head":"<!-- This site is optimized with the Yoast SEO plugin v27.4 - https:\/\/yoast.com\/product\/yoast-seo-wordpress\/ -->\n<title>Czy nadal parkuj\u0105 Pa\u0144stwo sw\u00f3j samoch\u00f3d pod go\u0142ym niebem? Oto ryzyko, na jakie go Pa\u0144stwo nara\u017caj\u0105 - GARDEON<\/title>\n<meta name=\"robots\" content=\"index, follow, max-snippet:-1, max-image-preview:large, max-video-preview:-1\" \/>\n<link rel=\"canonical\" href=\"https:\/\/gardeon.pl\/pl\/blog\/czy-nadal-parkuja-panstwo-swoj-samochod-pod-golym-niebem-oto-ryzyko-na-jakie-go-panstwo-narazaja\/\" \/>\n<meta property=\"og:locale\" content=\"pl_PL\" \/>\n<meta property=\"og:type\" content=\"article\" \/>\n<meta property=\"og:title\" content=\"Czy nadal parkuj\u0105 Pa\u0144stwo sw\u00f3j samoch\u00f3d pod go\u0142ym niebem? Oto ryzyko, na jakie go Pa\u0144stwo nara\u017caj\u0105 - GARDEON\" \/>\n<meta property=\"og:description\" content=\"Gara\u017cowa\u0107 czy nie gara\u017cowa\u0107? Oto jest pytanie. Przecie\u017c samoch\u00f3d co\u015b wytrzyma, poza tym parkuj\u0119 go pod drzewem. Przykrywam go przecie\u017c. Gara\u017ce s\u0105 drogie i nie mam na to czasu. Naprawd\u0119? Czy Pa\u0144stwo r\u00f3wnie\u017c nale\u017c\u0105 do tych odwa\u017cnych os\u00f3b, kt\u00f3re zostawiaj\u0105 sw\u00f3j samoch\u00f3d na zewn\u0105trz przez ca\u0142y rok? Jakiekolwiek by nie by\u0142y Pa\u0144stwa powody, dzi\u015b nie [&hellip;]\" \/>\n<meta property=\"og:url\" content=\"https:\/\/gardeon.pl\/pl\/blog\/czy-nadal-parkuja-panstwo-swoj-samochod-pod-golym-niebem-oto-ryzyko-na-jakie-go-panstwo-narazaja\/\" \/>\n<meta property=\"og:site_name\" content=\"GARDEON\" \/>\n<meta property=\"article:published_time\" content=\"2026-04-23T17:04:22+00:00\" \/>\n<meta property=\"og:image\" content=\"http:\/\/gardeon.pl\/wp-content\/uploads\/2016\/03\/parkovanie-von-e1457340773307.jpg\" \/>\n\t<meta property=\"og:image:width\" content=\"2048\" \/>\n\t<meta property=\"og:image:height\" content=\"1070\" \/>\n\t<meta property=\"og:image:type\" content=\"image\/jpeg\" \/>\n<meta name=\"author\" content=\"editor\" \/>\n<meta name=\"twitter:card\" content=\"summary_large_image\" \/>\n<meta name=\"twitter:label1\" content=\"Napisane przez\" \/>\n\t<meta name=\"twitter:data1\" content=\"editor\" \/>\n\t<meta name=\"twitter:label2\" content=\"Szacowany czas czytania\" \/>\n\t<meta name=\"twitter:data2\" content=\"3 minuty\" \/>\n<script type=\"application\/ld+json\" class=\"yoast-schema-graph\">{\"@context\":\"https:\\\/\\\/schema.org\",\"@graph\":[{\"@type\":\"Article\",\"@id\":\"https:\\\/\\\/gardeon.pl\\\/pl\\\/blog\\\/czy-nadal-parkuja-panstwo-swoj-samochod-pod-golym-niebem-oto-ryzyko-na-jakie-go-panstwo-narazaja\\\/#article\",\"isPartOf\":{\"@id\":\"https:\\\/\\\/gardeon.pl\\\/pl\\\/blog\\\/czy-nadal-parkuja-panstwo-swoj-samochod-pod-golym-niebem-oto-ryzyko-na-jakie-go-panstwo-narazaja\\\/\"},\"author\":{\"name\":\"editor\",\"@id\":\"https:\\\/\\\/gardeon.pl\\\/#\\\/schema\\\/person\\\/a5762ca5f0790bf92774af0899379463\"},\"headline\":\"Czy nadal parkuj\u0105 Pa\u0144stwo sw\u00f3j samoch\u00f3d pod go\u0142ym niebem? Oto ryzyko, na jakie go Pa\u0144stwo nara\u017caj\u0105\",\"datePublished\":\"2026-04-23T17:04:22+00:00\",\"mainEntityOfPage\":{\"@id\":\"https:\\\/\\\/gardeon.pl\\\/pl\\\/blog\\\/czy-nadal-parkuja-panstwo-swoj-samochod-pod-golym-niebem-oto-ryzyko-na-jakie-go-panstwo-narazaja\\\/\"},\"wordCount\":576,\"commentCount\":0,\"image\":{\"@id\":\"https:\\\/\\\/gardeon.pl\\\/pl\\\/blog\\\/czy-nadal-parkuja-panstwo-swoj-samochod-pod-golym-niebem-oto-ryzyko-na-jakie-go-panstwo-narazaja\\\/#primaryimage\"},\"thumbnailUrl\":\"https:\\\/\\\/gardeon.pl\\\/wp-content\\\/uploads\\\/2016\\\/03\\\/parkovanie-von-e1457340773307.jpg\",\"keywords\":[\"CZ\"],\"articleSection\":[\"Gara\u017ce blaszane\"],\"inLanguage\":\"pl-PL\",\"potentialAction\":[{\"@type\":\"CommentAction\",\"name\":\"Comment\",\"target\":[\"https:\\\/\\\/gardeon.pl\\\/pl\\\/blog\\\/czy-nadal-parkuja-panstwo-swoj-samochod-pod-golym-niebem-oto-ryzyko-na-jakie-go-panstwo-narazaja\\\/#respond\"]}]},{\"@type\":\"WebPage\",\"@id\":\"https:\\\/\\\/gardeon.pl\\\/pl\\\/blog\\\/czy-nadal-parkuja-panstwo-swoj-samochod-pod-golym-niebem-oto-ryzyko-na-jakie-go-panstwo-narazaja\\\/\",\"url\":\"https:\\\/\\\/gardeon.pl\\\/pl\\\/blog\\\/czy-nadal-parkuja-panstwo-swoj-samochod-pod-golym-niebem-oto-ryzyko-na-jakie-go-panstwo-narazaja\\\/\",\"name\":\"Czy nadal parkuj\u0105 Pa\u0144stwo sw\u00f3j samoch\u00f3d pod go\u0142ym niebem? Oto ryzyko, na jakie go Pa\u0144stwo nara\u017caj\u0105 - GARDEON\",\"isPartOf\":{\"@id\":\"https:\\\/\\\/gardeon.pl\\\/#website\"},\"primaryImageOfPage\":{\"@id\":\"https:\\\/\\\/gardeon.pl\\\/pl\\\/blog\\\/czy-nadal-parkuja-panstwo-swoj-samochod-pod-golym-niebem-oto-ryzyko-na-jakie-go-panstwo-narazaja\\\/#primaryimage\"},\"image\":{\"@id\":\"https:\\\/\\\/gardeon.pl\\\/pl\\\/blog\\\/czy-nadal-parkuja-panstwo-swoj-samochod-pod-golym-niebem-oto-ryzyko-na-jakie-go-panstwo-narazaja\\\/#primaryimage\"},\"thumbnailUrl\":\"https:\\\/\\\/gardeon.pl\\\/wp-content\\\/uploads\\\/2016\\\/03\\\/parkovanie-von-e1457340773307.jpg\",\"datePublished\":\"2026-04-23T17:04:22+00:00\",\"author\":{\"@id\":\"https:\\\/\\\/gardeon.pl\\\/#\\\/schema\\\/person\\\/a5762ca5f0790bf92774af0899379463\"},\"breadcrumb\":{\"@id\":\"https:\\\/\\\/gardeon.pl\\\/pl\\\/blog\\\/czy-nadal-parkuja-panstwo-swoj-samochod-pod-golym-niebem-oto-ryzyko-na-jakie-go-panstwo-narazaja\\\/#breadcrumb\"},\"inLanguage\":\"pl-PL\",\"potentialAction\":[{\"@type\":\"ReadAction\",\"target\":[\"https:\\\/\\\/gardeon.pl\\\/pl\\\/blog\\\/czy-nadal-parkuja-panstwo-swoj-samochod-pod-golym-niebem-oto-ryzyko-na-jakie-go-panstwo-narazaja\\\/\"]}]},{\"@type\":\"ImageObject\",\"inLanguage\":\"pl-PL\",\"@id\":\"https:\\\/\\\/gardeon.pl\\\/pl\\\/blog\\\/czy-nadal-parkuja-panstwo-swoj-samochod-pod-golym-niebem-oto-ryzyko-na-jakie-go-panstwo-narazaja\\\/#primaryimage\",\"url\":\"https:\\\/\\\/gardeon.pl\\\/wp-content\\\/uploads\\\/2016\\\/03\\\/parkovanie-von-e1457340773307.jpg\",\"contentUrl\":\"https:\\\/\\\/gardeon.pl\\\/wp-content\\\/uploads\\\/2016\\\/03\\\/parkovanie-von-e1457340773307.jpg\",\"width\":2048,\"height\":1070,\"caption\":\"Volvo\"},{\"@type\":\"BreadcrumbList\",\"@id\":\"https:\\\/\\\/gardeon.pl\\\/pl\\\/blog\\\/czy-nadal-parkuja-panstwo-swoj-samochod-pod-golym-niebem-oto-ryzyko-na-jakie-go-panstwo-narazaja\\\/#breadcrumb\",\"itemListElement\":[{\"@type\":\"ListItem\",\"position\":1,\"name\":\"Domov\",\"item\":\"https:\\\/\\\/gardeon.pl\\\/pl\\\/\"},{\"@type\":\"ListItem\",\"position\":2,\"name\":\"Czy nadal parkuj\u0105 Pa\u0144stwo sw\u00f3j samoch\u00f3d pod go\u0142ym niebem? Oto ryzyko, na jakie go Pa\u0144stwo nara\u017caj\u0105\"}]},{\"@type\":\"WebSite\",\"@id\":\"https:\\\/\\\/gardeon.pl\\\/#website\",\"url\":\"https:\\\/\\\/gardeon.pl\\\/\",\"name\":\"GARDEON\",\"description\":\"\",\"potentialAction\":[{\"@type\":\"SearchAction\",\"target\":{\"@type\":\"EntryPoint\",\"urlTemplate\":\"https:\\\/\\\/gardeon.pl\\\/?s={search_term_string}\"},\"query-input\":{\"@type\":\"PropertyValueSpecification\",\"valueRequired\":true,\"valueName\":\"search_term_string\"}}],\"inLanguage\":\"pl-PL\"},{\"@type\":\"Person\",\"@id\":\"https:\\\/\\\/gardeon.pl\\\/#\\\/schema\\\/person\\\/a5762ca5f0790bf92774af0899379463\",\"name\":\"editor\",\"image\":{\"@type\":\"ImageObject\",\"inLanguage\":\"pl-PL\",\"@id\":\"https:\\\/\\\/secure.gravatar.com\\\/avatar\\\/2b748151c2c748327307fd289a91b3bdafdd9e64e2d000e65e53d6dcf11c5830?s=96&d=mm&r=g\",\"url\":\"https:\\\/\\\/secure.gravatar.com\\\/avatar\\\/2b748151c2c748327307fd289a91b3bdafdd9e64e2d000e65e53d6dcf11c5830?s=96&d=mm&r=g\",\"contentUrl\":\"https:\\\/\\\/secure.gravatar.com\\\/avatar\\\/2b748151c2c748327307fd289a91b3bdafdd9e64e2d000e65e53d6dcf11c5830?s=96&d=mm&r=g\",\"caption\":\"editor\"}}]}<\/script>\n<!-- \/ Yoast SEO plugin. -->","yoast_head_json":{"title":"Czy nadal parkuj\u0105 Pa\u0144stwo sw\u00f3j samoch\u00f3d pod go\u0142ym niebem? Oto ryzyko, na jakie go Pa\u0144stwo nara\u017caj\u0105 - GARDEON","robots":{"index":"index","follow":"follow","max-snippet":"max-snippet:-1","max-image-preview":"max-image-preview:large","max-video-preview":"max-video-preview:-1"},"canonical":"https:\/\/gardeon.pl\/pl\/blog\/czy-nadal-parkuja-panstwo-swoj-samochod-pod-golym-niebem-oto-ryzyko-na-jakie-go-panstwo-narazaja\/","og_locale":"pl_PL","og_type":"article","og_title":"Czy nadal parkuj\u0105 Pa\u0144stwo sw\u00f3j samoch\u00f3d pod go\u0142ym niebem? Oto ryzyko, na jakie go Pa\u0144stwo nara\u017caj\u0105 - GARDEON","og_description":"Gara\u017cowa\u0107 czy nie gara\u017cowa\u0107? Oto jest pytanie. Przecie\u017c samoch\u00f3d co\u015b wytrzyma, poza tym parkuj\u0119 go pod drzewem. Przykrywam go przecie\u017c. Gara\u017ce s\u0105 drogie i nie mam na to czasu. Naprawd\u0119? Czy Pa\u0144stwo r\u00f3wnie\u017c nale\u017c\u0105 do tych odwa\u017cnych os\u00f3b, kt\u00f3re zostawiaj\u0105 sw\u00f3j samoch\u00f3d na zewn\u0105trz przez ca\u0142y rok? Jakiekolwiek by nie by\u0142y Pa\u0144stwa powody, dzi\u015b nie [&hellip;]","og_url":"https:\/\/gardeon.pl\/pl\/blog\/czy-nadal-parkuja-panstwo-swoj-samochod-pod-golym-niebem-oto-ryzyko-na-jakie-go-panstwo-narazaja\/","og_site_name":"GARDEON","article_published_time":"2026-04-23T17:04:22+00:00","og_image":[{"width":2048,"height":1070,"url":"http:\/\/gardeon.pl\/wp-content\/uploads\/2016\/03\/parkovanie-von-e1457340773307.jpg","type":"image\/jpeg"}],"author":"editor","twitter_card":"summary_large_image","twitter_misc":{"Napisane przez":"editor","Szacowany czas czytania":"3 minuty"},"schema":{"@context":"https:\/\/schema.org","@graph":[{"@type":"Article","@id":"https:\/\/gardeon.pl\/pl\/blog\/czy-nadal-parkuja-panstwo-swoj-samochod-pod-golym-niebem-oto-ryzyko-na-jakie-go-panstwo-narazaja\/#article","isPartOf":{"@id":"https:\/\/gardeon.pl\/pl\/blog\/czy-nadal-parkuja-panstwo-swoj-samochod-pod-golym-niebem-oto-ryzyko-na-jakie-go-panstwo-narazaja\/"},"author":{"name":"editor","@id":"https:\/\/gardeon.pl\/#\/schema\/person\/a5762ca5f0790bf92774af0899379463"},"headline":"Czy nadal parkuj\u0105 Pa\u0144stwo sw\u00f3j samoch\u00f3d pod go\u0142ym niebem? Oto ryzyko, na jakie go Pa\u0144stwo nara\u017caj\u0105","datePublished":"2026-04-23T17:04:22+00:00","mainEntityOfPage":{"@id":"https:\/\/gardeon.pl\/pl\/blog\/czy-nadal-parkuja-panstwo-swoj-samochod-pod-golym-niebem-oto-ryzyko-na-jakie-go-panstwo-narazaja\/"},"wordCount":576,"commentCount":0,"image":{"@id":"https:\/\/gardeon.pl\/pl\/blog\/czy-nadal-parkuja-panstwo-swoj-samochod-pod-golym-niebem-oto-ryzyko-na-jakie-go-panstwo-narazaja\/#primaryimage"},"thumbnailUrl":"https:\/\/gardeon.pl\/wp-content\/uploads\/2016\/03\/parkovanie-von-e1457340773307.jpg","keywords":["CZ"],"articleSection":["Gara\u017ce blaszane"],"inLanguage":"pl-PL","potentialAction":[{"@type":"CommentAction","name":"Comment","target":["https:\/\/gardeon.pl\/pl\/blog\/czy-nadal-parkuja-panstwo-swoj-samochod-pod-golym-niebem-oto-ryzyko-na-jakie-go-panstwo-narazaja\/#respond"]}]},{"@type":"WebPage","@id":"https:\/\/gardeon.pl\/pl\/blog\/czy-nadal-parkuja-panstwo-swoj-samochod-pod-golym-niebem-oto-ryzyko-na-jakie-go-panstwo-narazaja\/","url":"https:\/\/gardeon.pl\/pl\/blog\/czy-nadal-parkuja-panstwo-swoj-samochod-pod-golym-niebem-oto-ryzyko-na-jakie-go-panstwo-narazaja\/","name":"Czy nadal parkuj\u0105 Pa\u0144stwo sw\u00f3j samoch\u00f3d pod go\u0142ym niebem? Oto ryzyko, na jakie go Pa\u0144stwo nara\u017caj\u0105 - GARDEON","isPartOf":{"@id":"https:\/\/gardeon.pl\/#website"},"primaryImageOfPage":{"@id":"https:\/\/gardeon.pl\/pl\/blog\/czy-nadal-parkuja-panstwo-swoj-samochod-pod-golym-niebem-oto-ryzyko-na-jakie-go-panstwo-narazaja\/#primaryimage"},"image":{"@id":"https:\/\/gardeon.pl\/pl\/blog\/czy-nadal-parkuja-panstwo-swoj-samochod-pod-golym-niebem-oto-ryzyko-na-jakie-go-panstwo-narazaja\/#primaryimage"},"thumbnailUrl":"https:\/\/gardeon.pl\/wp-content\/uploads\/2016\/03\/parkovanie-von-e1457340773307.jpg","datePublished":"2026-04-23T17:04:22+00:00","author":{"@id":"https:\/\/gardeon.pl\/#\/schema\/person\/a5762ca5f0790bf92774af0899379463"},"breadcrumb":{"@id":"https:\/\/gardeon.pl\/pl\/blog\/czy-nadal-parkuja-panstwo-swoj-samochod-pod-golym-niebem-oto-ryzyko-na-jakie-go-panstwo-narazaja\/#breadcrumb"},"inLanguage":"pl-PL","potentialAction":[{"@type":"ReadAction","target":["https:\/\/gardeon.pl\/pl\/blog\/czy-nadal-parkuja-panstwo-swoj-samochod-pod-golym-niebem-oto-ryzyko-na-jakie-go-panstwo-narazaja\/"]}]},{"@type":"ImageObject","inLanguage":"pl-PL","@id":"https:\/\/gardeon.pl\/pl\/blog\/czy-nadal-parkuja-panstwo-swoj-samochod-pod-golym-niebem-oto-ryzyko-na-jakie-go-panstwo-narazaja\/#primaryimage","url":"https:\/\/gardeon.pl\/wp-content\/uploads\/2016\/03\/parkovanie-von-e1457340773307.jpg","contentUrl":"https:\/\/gardeon.pl\/wp-content\/uploads\/2016\/03\/parkovanie-von-e1457340773307.jpg","width":2048,"height":1070,"caption":"Volvo"},{"@type":"BreadcrumbList","@id":"https:\/\/gardeon.pl\/pl\/blog\/czy-nadal-parkuja-panstwo-swoj-samochod-pod-golym-niebem-oto-ryzyko-na-jakie-go-panstwo-narazaja\/#breadcrumb","itemListElement":[{"@type":"ListItem","position":1,"name":"Domov","item":"https:\/\/gardeon.pl\/pl\/"},{"@type":"ListItem","position":2,"name":"Czy nadal parkuj\u0105 Pa\u0144stwo sw\u00f3j samoch\u00f3d pod go\u0142ym niebem? Oto ryzyko, na jakie go Pa\u0144stwo nara\u017caj\u0105"}]},{"@type":"WebSite","@id":"https:\/\/gardeon.pl\/#website","url":"https:\/\/gardeon.pl\/","name":"GARDEON","description":"","potentialAction":[{"@type":"SearchAction","target":{"@type":"EntryPoint","urlTemplate":"https:\/\/gardeon.pl\/?s={search_term_string}"},"query-input":{"@type":"PropertyValueSpecification","valueRequired":true,"valueName":"search_term_string"}}],"inLanguage":"pl-PL"},{"@type":"Person","@id":"https:\/\/gardeon.pl\/#\/schema\/person\/a5762ca5f0790bf92774af0899379463","name":"editor","image":{"@type":"ImageObject","inLanguage":"pl-PL","@id":"https:\/\/secure.gravatar.com\/avatar\/2b748151c2c748327307fd289a91b3bdafdd9e64e2d000e65e53d6dcf11c5830?s=96&d=mm&r=g","url":"https:\/\/secure.gravatar.com\/avatar\/2b748151c2c748327307fd289a91b3bdafdd9e64e2d000e65e53d6dcf11c5830?s=96&d=mm&r=g","contentUrl":"https:\/\/secure.gravatar.com\/avatar\/2b748151c2c748327307fd289a91b3bdafdd9e64e2d000e65e53d6dcf11c5830?s=96&d=mm&r=g","caption":"editor"}}]}},"_links":{"self":[{"href":"https:\/\/gardeon.pl\/pl\/wp-json\/wp\/v2\/posts\/46636","targetHints":{"allow":["GET"]}}],"collection":[{"href":"https:\/\/gardeon.pl\/pl\/wp-json\/wp\/v2\/posts"}],"about":[{"href":"https:\/\/gardeon.pl\/pl\/wp-json\/wp\/v2\/types\/post"}],"author":[{"embeddable":true,"href":"https:\/\/gardeon.pl\/pl\/wp-json\/wp\/v2\/users\/2"}],"replies":[{"embeddable":true,"href":"https:\/\/gardeon.pl\/pl\/wp-json\/wp\/v2\/comments?post=46636"}],"version-history":[{"count":0,"href":"https:\/\/gardeon.pl\/pl\/wp-json\/wp\/v2\/posts\/46636\/revisions"}],"wp:featuredmedia":[{"embeddable":true,"href":"https:\/\/gardeon.pl\/pl\/wp-json\/wp\/v2\/media\/46637"}],"wp:attachment":[{"href":"https:\/\/gardeon.pl\/pl\/wp-json\/wp\/v2\/media?parent=46636"}],"wp:term":[{"taxonomy":"category","embeddable":true,"href":"https:\/\/gardeon.pl\/pl\/wp-json\/wp\/v2\/categories?post=46636"},{"taxonomy":"post_tag","embeddable":true,"href":"https:\/\/gardeon.pl\/pl\/wp-json\/wp\/v2\/tags?post=46636"}],"curies":[{"name":"wp","href":"https:\/\/api.w.org\/{rel}","templated":true}]}}