{"id":46643,"date":"2026-04-23T19:04:22","date_gmt":"2026-04-23T17:04:22","guid":{"rendered":"https:\/\/gardeon.pl\/?p=46643"},"modified":"2026-04-23T19:04:22","modified_gmt":"2026-04-23T17:04:22","slug":"jakich-akcesoriow-zdecydowanie-nie-powinno-zabraknac-przy-budowie-garazu","status":"publish","type":"post","link":"https:\/\/gardeon.pl\/pl\/blog\/jakich-akcesoriow-zdecydowanie-nie-powinno-zabraknac-przy-budowie-garazu\/","title":{"rendered":"Jakich akcesori\u00f3w zdecydowanie nie powinno zabrakn\u0105\u0107 przy budowie gara\u017cu?"},"content":{"rendered":"<p><em>Jest lato, a temperatury rosn\u0105. Dlatego coraz cz\u0119\u015bciej parkujemy samoch\u00f3d w gara\u017cu. Nie maj\u0105 Pa\u0144stwo jeszcze swojego gara\u017cu? W takim razie czytaj\u0105 Pa\u0144stwo ten artyku\u0142 w sam\u0105 por\u0119! Dowiedz\u0105 si\u0119 Pa\u0144stwo, jakich akcesori\u00f3w i dlaczego nie powinno zabrakn\u0105\u0107. Pomy\u015bleli\u015bmy r\u00f3wnie\u017c o praktycznych rozwi\u0105zaniach i akcesoriach do wn\u0119trza gara\u017cu, dzi\u0119ki kt\u00f3rym zapanuj\u0105 Pa\u0144stwo nad swoim zorganizowanym chaosem.     <\/em><\/p>\n<p><!--more--><\/p>\n<h2>Obowi\u0105zkowe wyposa\u017cenie ka\u017cdego gara\u017cu<\/h2>\n<p>Pilnie potrzebuj\u0105 Pa\u0144stwo dosta\u0107 si\u0119 do gara\u017cu, ale kto\u015b blokuje g\u0142\u00f3wn\u0105 bram\u0119? A mo\u017ce potrzebuj\u0105 Pa\u0144stwo z niego tylko drobiazgu? Rozwi\u0105zaniem s\u0105 <a href=\"http:\/\/gardeon.pl\/garaze\/prislusenstvo\/dvere\/\">boczne drzwi gara\u017cowe.<\/a> Oszcz\u0119d\u017acie czas i nie zapomnijcie \u201espakowa\u0107\u201d ich do zam\u00f3wienia na sw\u00f3j gara\u017c modu\u0142owy.  <\/p>\n<p><img loading=\"lazy\" decoding=\"async\" class=\"aligncenter wp-image-20321\" src=\"http:\/\/gardeon.pl\/wp-content\/uploads\/2019\/08\/12-768x1024.jpg\" alt=\"Drzwi Hormann LPU42 w kolorze antracytowym\" width=\"800\" height=\"1066\"><\/p>\n<p>Praktyczny jest r\u00f3wnie\u017c system rynnowy. Ogrodnictwo staje si\u0119 coraz popularniejsze, a dzi\u0119ki systemowi rynnowemu mo\u017cna zbiera\u0107 wod\u0119 deszczow\u0105. Oszcz\u0119d\u017acie pieni\u0105dze i nawadniajcie sw\u00f3j ogr\u00f3d w prosty spos\u00f3b. Je\u015bli do zbiornika na wod\u0119 przymocuj\u0105 Pa\u0144stwo w\u0119\u017ce z odpowiednimi ko\u0144c\u00f3wkami, stworz\u0105 Pa\u0144stwo domowy system nawadniaj\u0105cy.   <\/p>\n<p>Zalecamy r\u00f3wnie\u017c przemy\u015blenie kwestii do\u015bwietlenia <a href=\"https:\/\/gardeon.pl\/pl\/garaze\/\">gara\u017cu.<\/a> Okno jest szczeg\u00f3lnie przydatne do szybkiej wentylacji. W ten spos\u00f3b unikn\u0105 Pa\u0144stwo nieprzyjemnej ple\u015bni i zapachu. Ale co ze \u015bwiat\u0142em? Czy okno wystarczy? My rozwi\u0105zali\u015bmy to praktycznie i stylowo. \u015awietlik PVC, dzi\u0119ki swojemu specjalnemu kszta\u0142towi szk\u0142a, do\u015bwietli ca\u0142y gara\u017c \u015bwiat\u0142em dziennym. A wskaz\u00f3wka dla pa\u0144: W ten spos\u00f3b wieczorem zobacz\u0105 Pa\u0144stwo, czy w gara\u017cu \u015bwieci si\u0119 \u015bwiat\u0142o. Je\u015bli tak, wiedz\u0105 Pa\u0144stwo, gdzie szuka\u0107 swojego majsterkowicza.       <\/p>\n<p><img loading=\"lazy\" decoding=\"async\" class=\"aligncenter wp-image-20323\" src=\"http:\/\/gardeon.pl\/wp-content\/uploads\/2019\/08\/13-768x1024.jpg\" alt=\"\u015awietlik Slovaktual w kolorze antracytowym\" width=\"800\" height=\"1066\"><\/p>\n<h2>Wykorzystajcie \u015bciany jako przestrze\u0144 do przechowywania<\/h2>\n<p>A poniewa\u017c wiemy, \u017ce wn\u0119trze r\u00f3wnie\u017c wymaga dopracowania, mamy dla Pa\u0144stwa kilka dodatkowych wskaz\u00f3wek. Na \u015bcianach mo\u017cna umie\u015bci\u0107 wszystko, co nie wystaje zbytnio w przestrze\u0144, aby nie przeszkadza\u0142o samochodowi. W celu efektywnego wykorzystania przestrzeni, u\u017cyjcie Pa\u0144stwo haczyk\u00f3w, magnes\u00f3w, pude\u0142ek itp. do mocowania wszystkiego, co mo\u017cliwe. Zawie\u015bcie Pa\u0144stwo swoje rowery, opony, drabin\u0119 i narz\u0119dzia. Na ziemi niepotrzebnie zajmuj\u0105 miejsce. Mo\u017cna r\u00f3wnie\u017c zamontowa\u0107 r\u00f3\u017cne kosze, w kt\u00f3rych umieszcz\u0105 Pa\u0144stwo wszystkie artyku\u0142y sportowe, takie jak pi\u0142ki, rakiety itp.      <\/p>\n<p><img loading=\"lazy\" decoding=\"async\" class=\"aligncenter wp-image-6627\" src=\"http:\/\/gardeon.pl\/wp-content\/uploads\/2016\/06\/z%C3%A1vesn%C3%BD-syst%C3%A9m-GAR%C3%81%C5%BD-1024x724.jpg\" alt=\"system zawiesze\u0144 - GARA\u017b\" width=\"800\" height=\"566\"> <img loading=\"lazy\" decoding=\"async\" class=\"aligncenter wp-image-6628\" src=\"http:\/\/gardeon.pl\/wp-content\/uploads\/2016\/06\/z%C3%A1vesn%C3%BD-syst%C3%A9m-BIKE-1024x724.jpg\" alt=\"system zawiesze\u0144 - ROWER\" width=\"800\" height=\"566\"><\/p>\n<p>Co nam jeszcze zosta\u0142o? Sufit, dok\u0142adnie tak. Na nim mo\u017cna bardzo \u0142atwo przymocowa\u0107 wszystko, co Pa\u0144stwo wymy\u015bl\u0105, za pomoc\u0105 system\u00f3w zawiesze\u0144. Skorzystajcie Pa\u0144stwo z nowej oferty haczyk\u00f3w i uchwyt\u00f3w, kt\u00f3r\u0105 dla Pa\u0144stwa przygotowali\u015bmy. Efektywne przestrzenie do przechowywania nigdy nie wyjd\u0105 z mody.    <\/p>\n<h2>K\u0105cik majsterkowicza<\/h2>\n<p>Kiedy mamy ju\u017c wszystko, czego potrzebowali\u015bmy, na \u015bcianach, wykorzystamy tylny k\u0105t gara\u017cu. Umie\u015b\u0107cie tam sk\u0142adany st\u00f3\u0142, kt\u00f3ry b\u0119dzie Pa\u0144stwa azylem. Kiedy b\u0119d\u0105 Pa\u0144stwo potrzebowali co\u015b zmontowa\u0107, naprawi\u0107, b\u0119d\u0105 Pa\u0144stwo mieli swoj\u0105 w\u0142asn\u0105 przestrze\u0144. Przynajmniej \u017cona nie b\u0119dzie Pa\u0144stwa zmusza\u0107 do natychmiastowego sprz\u0105tania po sobie.   <\/p>\n<p><img loading=\"lazy\" decoding=\"async\" class=\"aligncenter wp-image-6629\" src=\"http:\/\/gardeon.pl\/wp-content\/uploads\/2016\/06\/office-worker-1149557_1920-1024x683.jpg\" alt=\"st\u00f3\u0142 do gara\u017cu\" width=\"800\" height=\"534\" srcset=\"https:\/\/gardeon.pl\/wp-content\/uploads\/2016\/06\/office-worker-1149557_1920-1024x683.jpg 1024w, https:\/\/gardeon.pl\/wp-content\/uploads\/2016\/06\/office-worker-1149557_1920-300x200.jpg 300w, https:\/\/gardeon.pl\/wp-content\/uploads\/2016\/06\/office-worker-1149557_1920-768x512.jpg 768w, https:\/\/gardeon.pl\/wp-content\/uploads\/2016\/06\/office-worker-1149557_1920-1536x1025.jpg 1536w, https:\/\/gardeon.pl\/wp-content\/uploads\/2016\/06\/office-worker-1149557_1920.jpg 1920w\" sizes=\"auto, (max-width: 800px) 100vw, 800px\" \/><\/p>\n<h2>Wskaz\u00f3wka dla pocz\u0105tkuj\u0105cych kierowc\u00f3w<\/h2>\n<p>Maj\u0105 Pa\u0144stwo lub Pa\u0144stwa druga po\u0142\u00f3wka problem z parkowaniem w gara\u017cu? Nie wiedz\u0105 Pa\u0144stwo, jak daleko mo\u017cna podjecha\u0107? Wystarczy zmierzy\u0107, gdzie przy idealnym zaparkowaniu ko\u0144czy si\u0119 tylna szyba Pa\u0144stwa samochodu. W tym miejscu nale\u017cy nawierci\u0107 haczyk w suficie i przymocowa\u0107 do niego sznurek lub cienk\u0105 link\u0119. Na jej ko\u0144cu umie\u015bci\u0107 pi\u0142eczk\u0119 tenisow\u0105. Podczas cofania do gara\u017cu pi\u0142eczka uderzy w szyb\u0119. I b\u0119d\u0105 Pa\u0144stwo wiedzie\u0107, \u017ce nadszed\u0142 czas, aby si\u0119 zatrzyma\u0107. Po co komu czujniki cofania?       <\/p>\n<p><img loading=\"lazy\" decoding=\"async\" class=\"aligncenter wp-image-6174\" src=\"http:\/\/gardeon.pl\/wp-content\/uploads\/2014\/10\/gar%C3%A1%C5%BE-vn%C3%BAtro-1024x576.jpg\" alt=\"gara\u017ce z dachem jednospadowym\" width=\"800\" height=\"450\"><\/p>\n<p>To obowi\u0105zkowe wyposa\u017cenie, jak zawsze, dostosuj\u0105 Pa\u0144stwo do swoich potrzeb. Gara\u017c modu\u0142owy mo\u017ce by\u0107 bardzo prosty, je\u015bli parkuj\u0105 w nim Pa\u0144stwo tylko samoch\u00f3d. Ale ju\u017c Pa\u0144stwo przeczuwaj\u0105, \u017ce nie poprzestan\u0105 Pa\u0144stwo tylko na parkowaniu. Po pewnym czasie b\u0119d\u0105 Pa\u0144stwo chcieli od gara\u017cu wi\u0119cej. Zatem my\u015blcie Pa\u0144stwo przysz\u0142o\u015bciowo.    <\/p>\n","protected":false},"excerpt":{"rendered":"<p>Jest lato, a temperatury rosn\u0105. Dlatego coraz cz\u0119\u015bciej parkujemy samoch\u00f3d w gara\u017cu. Nie maj\u0105 Pa\u0144stwo jeszcze swojego gara\u017cu? W takim razie czytaj\u0105 Pa\u0144stwo ten artyku\u0142 w sam\u0105 por\u0119! Dowiedz\u0105 si\u0119 Pa\u0144stwo, jakich akcesori\u00f3w i dlaczego nie powinno zabrakn\u0105\u0107. Pomy\u015bleli\u015bmy r\u00f3wnie\u017c o praktycznych rozwi\u0105zaniach i akcesoriach do wn\u0119trza gara\u017cu, dzi\u0119ki kt\u00f3rym zapanuj\u0105 Pa\u0144stwo nad swoim zorganizowanym [&hellip;]<\/p>\n","protected":false},"author":2,"featured_media":46646,"comment_status":"open","ping_status":"open","sticky":false,"template":"","format":"standard","meta":{"_acf_changed":false,"inline_featured_image":false,"footnotes":""},"categories":[578,580],"tags":[],"class_list":["post-46643","post","type-post","status-publish","format-standard","has-post-thumbnail","hentry","category-garaze-blaszane","category-jak-to-zrobic-garaze-diy"],"acf":[],"yoast_head":"<!-- This site is optimized with the Yoast SEO plugin v27.4 - https:\/\/yoast.com\/product\/yoast-seo-wordpress\/ -->\n<title>Jakich akcesori\u00f3w zdecydowanie nie powinno zabrakn\u0105\u0107 przy budowie gara\u017cu? - GARDEON<\/title>\n<meta name=\"robots\" content=\"index, follow, max-snippet:-1, max-image-preview:large, max-video-preview:-1\" \/>\n<link rel=\"canonical\" href=\"https:\/\/gardeon.pl\/pl\/blog\/jakich-akcesoriow-zdecydowanie-nie-powinno-zabraknac-przy-budowie-garazu\/\" \/>\n<meta property=\"og:locale\" content=\"pl_PL\" \/>\n<meta property=\"og:type\" content=\"article\" \/>\n<meta property=\"og:title\" content=\"Jakich akcesori\u00f3w zdecydowanie nie powinno zabrakn\u0105\u0107 przy budowie gara\u017cu? - GARDEON\" \/>\n<meta property=\"og:description\" content=\"Jest lato, a temperatury rosn\u0105. Dlatego coraz cz\u0119\u015bciej parkujemy samoch\u00f3d w gara\u017cu. Nie maj\u0105 Pa\u0144stwo jeszcze swojego gara\u017cu? W takim razie czytaj\u0105 Pa\u0144stwo ten artyku\u0142 w sam\u0105 por\u0119! Dowiedz\u0105 si\u0119 Pa\u0144stwo, jakich akcesori\u00f3w i dlaczego nie powinno zabrakn\u0105\u0107. Pomy\u015bleli\u015bmy r\u00f3wnie\u017c o praktycznych rozwi\u0105zaniach i akcesoriach do wn\u0119trza gara\u017cu, dzi\u0119ki kt\u00f3rym zapanuj\u0105 Pa\u0144stwo nad swoim zorganizowanym [&hellip;]\" \/>\n<meta property=\"og:url\" content=\"https:\/\/gardeon.pl\/pl\/blog\/jakich-akcesoriow-zdecydowanie-nie-powinno-zabraknac-przy-budowie-garazu\/\" \/>\n<meta property=\"og:site_name\" content=\"GARDEON\" \/>\n<meta property=\"article:published_time\" content=\"2026-04-23T17:04:22+00:00\" \/>\n<meta property=\"og:image\" content=\"http:\/\/gardeon.pl\/wp-content\/uploads\/2016\/06\/tools-690038_1280.jpg\" \/>\n\t<meta property=\"og:image:width\" content=\"1280\" \/>\n\t<meta property=\"og:image:height\" content=\"853\" \/>\n\t<meta property=\"og:image:type\" content=\"image\/jpeg\" \/>\n<meta name=\"author\" content=\"editor\" \/>\n<meta name=\"twitter:card\" content=\"summary_large_image\" \/>\n<meta name=\"twitter:label1\" content=\"Napisane przez\" \/>\n\t<meta name=\"twitter:data1\" content=\"editor\" \/>\n\t<meta name=\"twitter:label2\" content=\"Szacowany czas czytania\" \/>\n\t<meta name=\"twitter:data2\" content=\"3 minuty\" \/>\n<script type=\"application\/ld+json\" class=\"yoast-schema-graph\">{\"@context\":\"https:\\\/\\\/schema.org\",\"@graph\":[{\"@type\":\"Article\",\"@id\":\"https:\\\/\\\/gardeon.pl\\\/pl\\\/blog\\\/jakich-akcesoriow-zdecydowanie-nie-powinno-zabraknac-przy-budowie-garazu\\\/#article\",\"isPartOf\":{\"@id\":\"https:\\\/\\\/gardeon.pl\\\/pl\\\/blog\\\/jakich-akcesoriow-zdecydowanie-nie-powinno-zabraknac-przy-budowie-garazu\\\/\"},\"author\":{\"name\":\"editor\",\"@id\":\"https:\\\/\\\/gardeon.pl\\\/#\\\/schema\\\/person\\\/a5762ca5f0790bf92774af0899379463\"},\"headline\":\"Jakich akcesori\u00f3w zdecydowanie nie powinno zabrakn\u0105\u0107 przy budowie gara\u017cu?\",\"datePublished\":\"2026-04-23T17:04:22+00:00\",\"mainEntityOfPage\":{\"@id\":\"https:\\\/\\\/gardeon.pl\\\/pl\\\/blog\\\/jakich-akcesoriow-zdecydowanie-nie-powinno-zabraknac-przy-budowie-garazu\\\/\"},\"wordCount\":681,\"commentCount\":0,\"image\":{\"@id\":\"https:\\\/\\\/gardeon.pl\\\/pl\\\/blog\\\/jakich-akcesoriow-zdecydowanie-nie-powinno-zabraknac-przy-budowie-garazu\\\/#primaryimage\"},\"thumbnailUrl\":\"https:\\\/\\\/gardeon.pl\\\/wp-content\\\/uploads\\\/2016\\\/06\\\/tools-690038_1280.jpg\",\"articleSection\":[\"Gara\u017ce blaszane\",\"Jak to zrobi\u0107 \u2013 gara\u017ce | DIY\"],\"inLanguage\":\"pl-PL\",\"potentialAction\":[{\"@type\":\"CommentAction\",\"name\":\"Comment\",\"target\":[\"https:\\\/\\\/gardeon.pl\\\/pl\\\/blog\\\/jakich-akcesoriow-zdecydowanie-nie-powinno-zabraknac-przy-budowie-garazu\\\/#respond\"]}]},{\"@type\":\"WebPage\",\"@id\":\"https:\\\/\\\/gardeon.pl\\\/pl\\\/blog\\\/jakich-akcesoriow-zdecydowanie-nie-powinno-zabraknac-przy-budowie-garazu\\\/\",\"url\":\"https:\\\/\\\/gardeon.pl\\\/pl\\\/blog\\\/jakich-akcesoriow-zdecydowanie-nie-powinno-zabraknac-przy-budowie-garazu\\\/\",\"name\":\"Jakich akcesori\u00f3w zdecydowanie nie powinno zabrakn\u0105\u0107 przy budowie gara\u017cu? - GARDEON\",\"isPartOf\":{\"@id\":\"https:\\\/\\\/gardeon.pl\\\/#website\"},\"primaryImageOfPage\":{\"@id\":\"https:\\\/\\\/gardeon.pl\\\/pl\\\/blog\\\/jakich-akcesoriow-zdecydowanie-nie-powinno-zabraknac-przy-budowie-garazu\\\/#primaryimage\"},\"image\":{\"@id\":\"https:\\\/\\\/gardeon.pl\\\/pl\\\/blog\\\/jakich-akcesoriow-zdecydowanie-nie-powinno-zabraknac-przy-budowie-garazu\\\/#primaryimage\"},\"thumbnailUrl\":\"https:\\\/\\\/gardeon.pl\\\/wp-content\\\/uploads\\\/2016\\\/06\\\/tools-690038_1280.jpg\",\"datePublished\":\"2026-04-23T17:04:22+00:00\",\"author\":{\"@id\":\"https:\\\/\\\/gardeon.pl\\\/#\\\/schema\\\/person\\\/a5762ca5f0790bf92774af0899379463\"},\"breadcrumb\":{\"@id\":\"https:\\\/\\\/gardeon.pl\\\/pl\\\/blog\\\/jakich-akcesoriow-zdecydowanie-nie-powinno-zabraknac-przy-budowie-garazu\\\/#breadcrumb\"},\"inLanguage\":\"pl-PL\",\"potentialAction\":[{\"@type\":\"ReadAction\",\"target\":[\"https:\\\/\\\/gardeon.pl\\\/pl\\\/blog\\\/jakich-akcesoriow-zdecydowanie-nie-powinno-zabraknac-przy-budowie-garazu\\\/\"]}]},{\"@type\":\"ImageObject\",\"inLanguage\":\"pl-PL\",\"@id\":\"https:\\\/\\\/gardeon.pl\\\/pl\\\/blog\\\/jakich-akcesoriow-zdecydowanie-nie-powinno-zabraknac-przy-budowie-garazu\\\/#primaryimage\",\"url\":\"https:\\\/\\\/gardeon.pl\\\/wp-content\\\/uploads\\\/2016\\\/06\\\/tools-690038_1280.jpg\",\"contentUrl\":\"https:\\\/\\\/gardeon.pl\\\/wp-content\\\/uploads\\\/2016\\\/06\\\/tools-690038_1280.jpg\",\"width\":1280,\"height\":853,\"caption\":\"System zawiesze\u0144 w gara\u017cu\"},{\"@type\":\"BreadcrumbList\",\"@id\":\"https:\\\/\\\/gardeon.pl\\\/pl\\\/blog\\\/jakich-akcesoriow-zdecydowanie-nie-powinno-zabraknac-przy-budowie-garazu\\\/#breadcrumb\",\"itemListElement\":[{\"@type\":\"ListItem\",\"position\":1,\"name\":\"Domov\",\"item\":\"https:\\\/\\\/gardeon.pl\\\/pl\\\/\"},{\"@type\":\"ListItem\",\"position\":2,\"name\":\"Jakich akcesori\u00f3w zdecydowanie nie powinno zabrakn\u0105\u0107 przy budowie gara\u017cu?\"}]},{\"@type\":\"WebSite\",\"@id\":\"https:\\\/\\\/gardeon.pl\\\/#website\",\"url\":\"https:\\\/\\\/gardeon.pl\\\/\",\"name\":\"GARDEON\",\"description\":\"\",\"potentialAction\":[{\"@type\":\"SearchAction\",\"target\":{\"@type\":\"EntryPoint\",\"urlTemplate\":\"https:\\\/\\\/gardeon.pl\\\/?s={search_term_string}\"},\"query-input\":{\"@type\":\"PropertyValueSpecification\",\"valueRequired\":true,\"valueName\":\"search_term_string\"}}],\"inLanguage\":\"pl-PL\"},{\"@type\":\"Person\",\"@id\":\"https:\\\/\\\/gardeon.pl\\\/#\\\/schema\\\/person\\\/a5762ca5f0790bf92774af0899379463\",\"name\":\"editor\",\"image\":{\"@type\":\"ImageObject\",\"inLanguage\":\"pl-PL\",\"@id\":\"https:\\\/\\\/secure.gravatar.com\\\/avatar\\\/2b748151c2c748327307fd289a91b3bdafdd9e64e2d000e65e53d6dcf11c5830?s=96&d=mm&r=g\",\"url\":\"https:\\\/\\\/secure.gravatar.com\\\/avatar\\\/2b748151c2c748327307fd289a91b3bdafdd9e64e2d000e65e53d6dcf11c5830?s=96&d=mm&r=g\",\"contentUrl\":\"https:\\\/\\\/secure.gravatar.com\\\/avatar\\\/2b748151c2c748327307fd289a91b3bdafdd9e64e2d000e65e53d6dcf11c5830?s=96&d=mm&r=g\",\"caption\":\"editor\"}}]}<\/script>\n<!-- \/ Yoast SEO plugin. -->","yoast_head_json":{"title":"Jakich akcesori\u00f3w zdecydowanie nie powinno zabrakn\u0105\u0107 przy budowie gara\u017cu? - GARDEON","robots":{"index":"index","follow":"follow","max-snippet":"max-snippet:-1","max-image-preview":"max-image-preview:large","max-video-preview":"max-video-preview:-1"},"canonical":"https:\/\/gardeon.pl\/pl\/blog\/jakich-akcesoriow-zdecydowanie-nie-powinno-zabraknac-przy-budowie-garazu\/","og_locale":"pl_PL","og_type":"article","og_title":"Jakich akcesori\u00f3w zdecydowanie nie powinno zabrakn\u0105\u0107 przy budowie gara\u017cu? - GARDEON","og_description":"Jest lato, a temperatury rosn\u0105. Dlatego coraz cz\u0119\u015bciej parkujemy samoch\u00f3d w gara\u017cu. Nie maj\u0105 Pa\u0144stwo jeszcze swojego gara\u017cu? W takim razie czytaj\u0105 Pa\u0144stwo ten artyku\u0142 w sam\u0105 por\u0119! Dowiedz\u0105 si\u0119 Pa\u0144stwo, jakich akcesori\u00f3w i dlaczego nie powinno zabrakn\u0105\u0107. Pomy\u015bleli\u015bmy r\u00f3wnie\u017c o praktycznych rozwi\u0105zaniach i akcesoriach do wn\u0119trza gara\u017cu, dzi\u0119ki kt\u00f3rym zapanuj\u0105 Pa\u0144stwo nad swoim zorganizowanym [&hellip;]","og_url":"https:\/\/gardeon.pl\/pl\/blog\/jakich-akcesoriow-zdecydowanie-nie-powinno-zabraknac-przy-budowie-garazu\/","og_site_name":"GARDEON","article_published_time":"2026-04-23T17:04:22+00:00","og_image":[{"width":1280,"height":853,"url":"http:\/\/gardeon.pl\/wp-content\/uploads\/2016\/06\/tools-690038_1280.jpg","type":"image\/jpeg"}],"author":"editor","twitter_card":"summary_large_image","twitter_misc":{"Napisane przez":"editor","Szacowany czas czytania":"3 minuty"},"schema":{"@context":"https:\/\/schema.org","@graph":[{"@type":"Article","@id":"https:\/\/gardeon.pl\/pl\/blog\/jakich-akcesoriow-zdecydowanie-nie-powinno-zabraknac-przy-budowie-garazu\/#article","isPartOf":{"@id":"https:\/\/gardeon.pl\/pl\/blog\/jakich-akcesoriow-zdecydowanie-nie-powinno-zabraknac-przy-budowie-garazu\/"},"author":{"name":"editor","@id":"https:\/\/gardeon.pl\/#\/schema\/person\/a5762ca5f0790bf92774af0899379463"},"headline":"Jakich akcesori\u00f3w zdecydowanie nie powinno zabrakn\u0105\u0107 przy budowie gara\u017cu?","datePublished":"2026-04-23T17:04:22+00:00","mainEntityOfPage":{"@id":"https:\/\/gardeon.pl\/pl\/blog\/jakich-akcesoriow-zdecydowanie-nie-powinno-zabraknac-przy-budowie-garazu\/"},"wordCount":681,"commentCount":0,"image":{"@id":"https:\/\/gardeon.pl\/pl\/blog\/jakich-akcesoriow-zdecydowanie-nie-powinno-zabraknac-przy-budowie-garazu\/#primaryimage"},"thumbnailUrl":"https:\/\/gardeon.pl\/wp-content\/uploads\/2016\/06\/tools-690038_1280.jpg","articleSection":["Gara\u017ce blaszane","Jak to zrobi\u0107 \u2013 gara\u017ce | DIY"],"inLanguage":"pl-PL","potentialAction":[{"@type":"CommentAction","name":"Comment","target":["https:\/\/gardeon.pl\/pl\/blog\/jakich-akcesoriow-zdecydowanie-nie-powinno-zabraknac-przy-budowie-garazu\/#respond"]}]},{"@type":"WebPage","@id":"https:\/\/gardeon.pl\/pl\/blog\/jakich-akcesoriow-zdecydowanie-nie-powinno-zabraknac-przy-budowie-garazu\/","url":"https:\/\/gardeon.pl\/pl\/blog\/jakich-akcesoriow-zdecydowanie-nie-powinno-zabraknac-przy-budowie-garazu\/","name":"Jakich akcesori\u00f3w zdecydowanie nie powinno zabrakn\u0105\u0107 przy budowie gara\u017cu? - GARDEON","isPartOf":{"@id":"https:\/\/gardeon.pl\/#website"},"primaryImageOfPage":{"@id":"https:\/\/gardeon.pl\/pl\/blog\/jakich-akcesoriow-zdecydowanie-nie-powinno-zabraknac-przy-budowie-garazu\/#primaryimage"},"image":{"@id":"https:\/\/gardeon.pl\/pl\/blog\/jakich-akcesoriow-zdecydowanie-nie-powinno-zabraknac-przy-budowie-garazu\/#primaryimage"},"thumbnailUrl":"https:\/\/gardeon.pl\/wp-content\/uploads\/2016\/06\/tools-690038_1280.jpg","datePublished":"2026-04-23T17:04:22+00:00","author":{"@id":"https:\/\/gardeon.pl\/#\/schema\/person\/a5762ca5f0790bf92774af0899379463"},"breadcrumb":{"@id":"https:\/\/gardeon.pl\/pl\/blog\/jakich-akcesoriow-zdecydowanie-nie-powinno-zabraknac-przy-budowie-garazu\/#breadcrumb"},"inLanguage":"pl-PL","potentialAction":[{"@type":"ReadAction","target":["https:\/\/gardeon.pl\/pl\/blog\/jakich-akcesoriow-zdecydowanie-nie-powinno-zabraknac-przy-budowie-garazu\/"]}]},{"@type":"ImageObject","inLanguage":"pl-PL","@id":"https:\/\/gardeon.pl\/pl\/blog\/jakich-akcesoriow-zdecydowanie-nie-powinno-zabraknac-przy-budowie-garazu\/#primaryimage","url":"https:\/\/gardeon.pl\/wp-content\/uploads\/2016\/06\/tools-690038_1280.jpg","contentUrl":"https:\/\/gardeon.pl\/wp-content\/uploads\/2016\/06\/tools-690038_1280.jpg","width":1280,"height":853,"caption":"System zawiesze\u0144 w gara\u017cu"},{"@type":"BreadcrumbList","@id":"https:\/\/gardeon.pl\/pl\/blog\/jakich-akcesoriow-zdecydowanie-nie-powinno-zabraknac-przy-budowie-garazu\/#breadcrumb","itemListElement":[{"@type":"ListItem","position":1,"name":"Domov","item":"https:\/\/gardeon.pl\/pl\/"},{"@type":"ListItem","position":2,"name":"Jakich akcesori\u00f3w zdecydowanie nie powinno zabrakn\u0105\u0107 przy budowie gara\u017cu?"}]},{"@type":"WebSite","@id":"https:\/\/gardeon.pl\/#website","url":"https:\/\/gardeon.pl\/","name":"GARDEON","description":"","potentialAction":[{"@type":"SearchAction","target":{"@type":"EntryPoint","urlTemplate":"https:\/\/gardeon.pl\/?s={search_term_string}"},"query-input":{"@type":"PropertyValueSpecification","valueRequired":true,"valueName":"search_term_string"}}],"inLanguage":"pl-PL"},{"@type":"Person","@id":"https:\/\/gardeon.pl\/#\/schema\/person\/a5762ca5f0790bf92774af0899379463","name":"editor","image":{"@type":"ImageObject","inLanguage":"pl-PL","@id":"https:\/\/secure.gravatar.com\/avatar\/2b748151c2c748327307fd289a91b3bdafdd9e64e2d000e65e53d6dcf11c5830?s=96&d=mm&r=g","url":"https:\/\/secure.gravatar.com\/avatar\/2b748151c2c748327307fd289a91b3bdafdd9e64e2d000e65e53d6dcf11c5830?s=96&d=mm&r=g","contentUrl":"https:\/\/secure.gravatar.com\/avatar\/2b748151c2c748327307fd289a91b3bdafdd9e64e2d000e65e53d6dcf11c5830?s=96&d=mm&r=g","caption":"editor"}}]}},"_links":{"self":[{"href":"https:\/\/gardeon.pl\/pl\/wp-json\/wp\/v2\/posts\/46643","targetHints":{"allow":["GET"]}}],"collection":[{"href":"https:\/\/gardeon.pl\/pl\/wp-json\/wp\/v2\/posts"}],"about":[{"href":"https:\/\/gardeon.pl\/pl\/wp-json\/wp\/v2\/types\/post"}],"author":[{"embeddable":true,"href":"https:\/\/gardeon.pl\/pl\/wp-json\/wp\/v2\/users\/2"}],"replies":[{"embeddable":true,"href":"https:\/\/gardeon.pl\/pl\/wp-json\/wp\/v2\/comments?post=46643"}],"version-history":[{"count":0,"href":"https:\/\/gardeon.pl\/pl\/wp-json\/wp\/v2\/posts\/46643\/revisions"}],"wp:featuredmedia":[{"embeddable":true,"href":"https:\/\/gardeon.pl\/pl\/wp-json\/wp\/v2\/media\/46646"}],"wp:attachment":[{"href":"https:\/\/gardeon.pl\/pl\/wp-json\/wp\/v2\/media?parent=46643"}],"wp:term":[{"taxonomy":"category","embeddable":true,"href":"https:\/\/gardeon.pl\/pl\/wp-json\/wp\/v2\/categories?post=46643"},{"taxonomy":"post_tag","embeddable":true,"href":"https:\/\/gardeon.pl\/pl\/wp-json\/wp\/v2\/tags?post=46643"}],"curies":[{"name":"wp","href":"https:\/\/api.w.org\/{rel}","templated":true}]}}