{"id":46644,"date":"2026-04-23T19:04:22","date_gmt":"2026-04-23T17:04:22","guid":{"rendered":"https:\/\/gardeon.pl\/?p=46644"},"modified":"2026-04-23T19:04:22","modified_gmt":"2026-04-23T17:04:22","slug":"parkowac-czy-nie-parkowac-w-garazu-na-czym-polega-prawdziwa-wartosc-garazu","status":"publish","type":"post","link":"https:\/\/gardeon.pl\/pl\/blog\/parkowac-czy-nie-parkowac-w-garazu-na-czym-polega-prawdziwa-wartosc-garazu\/","title":{"rendered":"Parkowa\u0107 czy nie parkowa\u0107 w gara\u017cu? Na czym polega prawdziwa warto\u015b\u0107 gara\u017cu?"},"content":{"rendered":"<p><em>B\u0119dzie zima, b\u0119dzie mr\u00f3z \u2014 gdzie si\u0119, auto, gdzie schowasz? Tak jak w oryginale dzieci\u0119cej piosenki swoj\u0105 kryj\u00f3wk\u0119 mia\u0142 ptaszek, tak i Pa\u0144stwo nie powinni zostawia\u0107 na mrozie swojego czteroko\u0142owego przyjaciela. Grozi mu wielokrotnie kr\u00f3tsza \u017cywotno\u015b\u0107 oraz degradacja podzespo\u0142\u00f3w i karoserii. Je\u015bli do tej pory tylko rozwa\u017cali Pa\u0144stwo zakup gara\u017cu, prosimy przeczyta\u0107 kilka powod\u00f3w, dla kt\u00f3rych warto go r\u00f3wnie\u017c zrealizowa\u0107.   <\/em><\/p>\n<p><!--more--><\/p>\n<ol>\n<li>\n<h3>Zaoszcz\u0119dz\u0105 Pa\u0144stwo czas<\/h3>\n<\/li>\n<\/ol>\n<p>Podczas gdy Pa\u0144stwa koledzy b\u0119d\u0105 sp\u00f3\u017ania\u0107 si\u0119 do pracy, bo zn\u00f3w nie mogli uruchomi\u0107 samochodu albo prawie nie znale\u017ali go pod \u015bniegiem, Pa\u0144stwa poranek b\u0119dzie wygl\u0105da\u0142 nast\u0119puj\u0105co: z ciep\u0142ego domu przejd\u0105 Pa\u0144stwo do gara\u017cu, wsi\u0105d\u0105 do nieo\u015bnie\u017conego auta bez oszronionych szyb i rusz\u0105 w drog\u0119. A do tego wy\u015bpi\u0105 si\u0119 Pa\u0144stwo d\u0142u\u017cej. <\/p>\n<p><img loading=\"lazy\" decoding=\"async\" class=\"aligncenter wp-image-6085\" src=\"http:\/\/gardeon.pl\/wp-content\/uploads\/2016\/03\/zasne%C5%BEen%C3%A9-auto.jpg\" alt=\"jak chroni\u0107 samoch\u00f3d przed mrozem\" width=\"800\" height=\"524\"><\/p>\n<ol start=\"2\">\n<li>\n<h3>Zaoszcz\u0119dz\u0105 Pa\u0144stwo samoch\u00f3d<\/h3>\n<\/li>\n<\/ol>\n<p>Oczywi\u015bcie, poza Pa\u0144stwa wygod\u0105 chodzi tu przede wszystkim o stan i \u017cywotno\u015b\u0107 samochodu. Zimna i deszczowa pogoda potrafi wyrz\u0105dzi\u0107 w poje\u017adzie szkody, kt\u00f3rych by\u0107 mo\u017ce nie zauwa\u017c\u0105 Pa\u0144stwo od razu, ale gdy w \u015brodku drogi odm\u00f3wi pos\u0142usze\u0144stwa silnik, nie b\u0119dzie powod\u00f3w do rado\u015bci. Prosz\u0119 zapobiec rdzewieniu auta, parkuj\u0105c je zim\u0105 bezpiecznie w gara\u017cu.  <\/p>\n<p><img loading=\"lazy\" decoding=\"async\" class=\"aligncenter wp-image-6088\" src=\"http:\/\/gardeon.pl\/wp-content\/uploads\/2016\/03\/hrdza-na-aute-1024x575.jpg\" alt=\"jak chroni\u0107 samoch\u00f3d przed rdz\u0105\" width=\"800\" height=\"449\" srcset=\"https:\/\/gardeon.pl\/wp-content\/uploads\/2016\/03\/hrdza-na-aute-1024x575.jpg 1024w, https:\/\/gardeon.pl\/wp-content\/uploads\/2016\/03\/hrdza-na-aute-300x168.jpg 300w, https:\/\/gardeon.pl\/wp-content\/uploads\/2016\/03\/hrdza-na-aute-768x431.jpg 768w, https:\/\/gardeon.pl\/wp-content\/uploads\/2016\/03\/hrdza-na-aute-1536x862.jpg 1536w, https:\/\/gardeon.pl\/wp-content\/uploads\/2016\/03\/hrdza-na-aute-1200x675-cropped.jpg 1200w, https:\/\/gardeon.pl\/wp-content\/uploads\/2016\/03\/hrdza-na-aute.jpg 1600w\" sizes=\"auto, (max-width: 800px) 100vw, 800px\" \/><\/p>\n<ol start=\"3\">\n<li>\n<h3>Powody finansowe<\/h3>\n<\/li>\n<\/ol>\n<p>Chcemy czy nie, wszystko ma swoje uzasadnienie finansowe. A parkowanie samochodu w gara\u017cu mo\u017ce przynie\u015b\u0107 Pa\u0144stwu tak\u017ce pewne oszcz\u0119dno\u015bci. Czy wiedzieli Pa\u0144stwo, \u017ce niekt\u00f3re firmy ubezpieczeniowe oferuj\u0105 ni\u017csze op\u0142aty w\u0142a\u015bcicielom pojazd\u00f3w, kt\u00f3rzy parkuj\u0105 w gara\u017cu? Ponadto, je\u015bli kiedy\u015b zdecyduj\u0105 si\u0119 Pa\u0144stwo sprzeda\u0107 samoch\u00f3d, za bezb\u0142\u0119dn\u0105 karoseri\u0119 mog\u0105 Pa\u0144stwo za\u017c\u0105da\u0107 wy\u017cszej kwoty ni\u017c za pojazd porysowany i zdegradowany.   <\/p>\n<p><img loading=\"lazy\" decoding=\"async\" class=\"aligncenter wp-image-23275\" src=\"http:\/\/gardeon.pl\/wp-content\/uploads\/2020\/02\/gardeon-garaz-pre-dve-auta-49-1024x682.jpg\" alt=\"Gara\u017c GARDEON na dwa samochody w be\u017cowym tynku\" width=\"800\" height=\"533\" srcset=\"https:\/\/gardeon.pl\/wp-content\/uploads\/2020\/02\/gardeon-garaz-pre-dve-auta-49-1024x682.jpg 1024w, https:\/\/gardeon.pl\/wp-content\/uploads\/2020\/02\/gardeon-garaz-pre-dve-auta-49-300x200.jpg 300w, https:\/\/gardeon.pl\/wp-content\/uploads\/2020\/02\/gardeon-garaz-pre-dve-auta-49-768x512.jpg 768w, https:\/\/gardeon.pl\/wp-content\/uploads\/2020\/02\/gardeon-garaz-pre-dve-auta-49-1536x1024.jpg 1536w, https:\/\/gardeon.pl\/wp-content\/uploads\/2020\/02\/gardeon-garaz-pre-dve-auta-49.jpg 1595w\" sizes=\"auto, (max-width: 800px) 100vw, 800px\" \/><\/p>\n<ol start=\"4\">\n<li>\n<h3>Zapobiegn\u0105 Pa\u0144stwo przegryzionym kablom<\/h3>\n<\/li>\n<\/ol>\n<p>Jak to w og\u00f3le mo\u017ce si\u0119 sta\u0107? Bardzo prosto. Tak jak my spieszymy si\u0119 do ciepe\u0142ka, tak samo spiesz\u0105 si\u0119 tam gryzonie. A samoch\u00f3d stoj\u0105cy swobodnie na posesji to \u015bwietny cel, w kt\u00f3rym myszki mog\u0105 si\u0119 schowa\u0107, a nast\u0119pnie posili\u0107 si\u0119 kablami. Takie szkody mog\u0105 zosta\u0107 wycenione na tysi\u0105ce euro, a dla Pa\u0144stwa oznacza to tak\u017ce kilka dni bez samochodu.     <\/p>\n<p><img loading=\"lazy\" decoding=\"async\" class=\"aligncenter wp-image-7801\" src=\"http:\/\/gardeon.pl\/wp-content\/uploads\/2016\/12\/kuna_hryzie_kable.jpg\" alt=\"kuna_hryzie_kable\" width=\"800\" height=\"450\" srcset=\"https:\/\/gardeon.pl\/wp-content\/uploads\/2016\/12\/kuna_hryzie_kable.jpg 800w, https:\/\/gardeon.pl\/wp-content\/uploads\/2016\/12\/kuna_hryzie_kable-300x169.jpg 300w, https:\/\/gardeon.pl\/wp-content\/uploads\/2016\/12\/kuna_hryzie_kable-768x432.jpg 768w\" sizes=\"auto, (max-width: 800px) 100vw, 800px\" \/><\/p>\n<ol start=\"5\">\n<li>\n<h3>Wi\u0119cej miejsca tak\u017ce dla Pa\u0144stwa<\/h3>\n<\/li>\n<\/ol>\n<p>Zmagaj\u0105 si\u0119 Pa\u0144stwo z mn\u00f3stwem rzeczy w domu, kt\u00f3rych nie maj\u0105 gdzie przechowywa\u0107? Miejsce, kt\u00f3rego w <a href=\"http:\/\/gardeon.pl\/konfigurator\/\">gara\u017cu <\/a>nie zajmie samoch\u00f3d, mog\u0105 zaj\u0105\u0107 Pa\u0144stwo. Opr\u00f3cz nagromadzonych \u201eniepotrzebnych\u201d rzeczy, kt\u00f3rych nie potrafi\u0105 si\u0119 Pa\u0144stwo pozby\u0107, zyskaj\u0105 Pa\u0144stwo tak\u017ce potrzebn\u0105 przestrze\u0144 na olej do auta, \u015brodki czysto\u015bci i wszystko, czego wymaga piel\u0119gnacja samochodu.  <\/p>\n<p><img loading=\"lazy\" decoding=\"async\" class=\"aligncenter wp-image-6665\" src=\"http:\/\/gardeon.pl\/wp-content\/uploads\/2016\/06\/z%C3%A1vesn%C3%BD-syst%C3%A9m-GAR%C3%81%C5%BD-1-1024x724.jpg\" alt=\"system podwieszany - GARA\u017b\" width=\"800\" height=\"566\"><\/p>\n<p><em>Czyli summa summarum, parkowanie samochodu na zewn\u0105trz mo\u017ce w ostatecznym rozrachunku kosztowa\u0107 Pa\u0144stwa wi\u0119cej ni\u017c jeden gara\u017c mon<\/em><em>towany. A chyba ka\u017cdy w\u0142a\u015bciciel chce dla swojego pojazdu tylko tego, co najlepsze, i mie\u0107 go jak najd\u0142u\u017cej.<\/em><\/p>\n","protected":false},"excerpt":{"rendered":"<p>B\u0119dzie zima, b\u0119dzie mr\u00f3z \u2014 gdzie si\u0119, auto, gdzie schowasz? Tak jak w oryginale dzieci\u0119cej piosenki swoj\u0105 kryj\u00f3wk\u0119 mia\u0142 ptaszek, tak i Pa\u0144stwo nie powinni zostawia\u0107 na mrozie swojego czteroko\u0142owego przyjaciela. Grozi mu wielokrotnie kr\u00f3tsza \u017cywotno\u015b\u0107 oraz degradacja podzespo\u0142\u00f3w i karoserii. Je\u015bli do tej pory tylko rozwa\u017cali Pa\u0144stwo zakup gara\u017cu, prosimy przeczyta\u0107 kilka powod\u00f3w, dla [&hellip;]<\/p>\n","protected":false},"author":2,"featured_media":0,"comment_status":"open","ping_status":"open","sticky":false,"template":"","format":"standard","meta":{"_acf_changed":false,"inline_featured_image":false,"footnotes":""},"categories":[578],"tags":[],"class_list":["post-46644","post","type-post","status-publish","format-standard","hentry","category-garaze-blaszane"],"acf":[],"yoast_head":"<!-- This site is optimized with the Yoast SEO plugin v27.4 - https:\/\/yoast.com\/product\/yoast-seo-wordpress\/ -->\n<title>Parkowa\u0107 czy nie parkowa\u0107 w gara\u017cu? Na czym polega prawdziwa warto\u015b\u0107 gara\u017cu? - GARDEON<\/title>\n<meta name=\"robots\" content=\"index, follow, max-snippet:-1, max-image-preview:large, max-video-preview:-1\" \/>\n<link rel=\"canonical\" href=\"https:\/\/gardeon.pl\/pl\/blog\/parkowac-czy-nie-parkowac-w-garazu-na-czym-polega-prawdziwa-wartosc-garazu\/\" \/>\n<meta property=\"og:locale\" content=\"pl_PL\" \/>\n<meta property=\"og:type\" content=\"article\" \/>\n<meta property=\"og:title\" content=\"Parkowa\u0107 czy nie parkowa\u0107 w gara\u017cu? Na czym polega prawdziwa warto\u015b\u0107 gara\u017cu? - GARDEON\" \/>\n<meta property=\"og:description\" content=\"B\u0119dzie zima, b\u0119dzie mr\u00f3z \u2014 gdzie si\u0119, auto, gdzie schowasz? Tak jak w oryginale dzieci\u0119cej piosenki swoj\u0105 kryj\u00f3wk\u0119 mia\u0142 ptaszek, tak i Pa\u0144stwo nie powinni zostawia\u0107 na mrozie swojego czteroko\u0142owego przyjaciela. Grozi mu wielokrotnie kr\u00f3tsza \u017cywotno\u015b\u0107 oraz degradacja podzespo\u0142\u00f3w i karoserii. Je\u015bli do tej pory tylko rozwa\u017cali Pa\u0144stwo zakup gara\u017cu, prosimy przeczyta\u0107 kilka powod\u00f3w, dla [&hellip;]\" \/>\n<meta property=\"og:url\" content=\"https:\/\/gardeon.pl\/pl\/blog\/parkowac-czy-nie-parkowac-w-garazu-na-czym-polega-prawdziwa-wartosc-garazu\/\" \/>\n<meta property=\"og:site_name\" content=\"GARDEON\" \/>\n<meta property=\"article:published_time\" content=\"2026-04-23T17:04:22+00:00\" \/>\n<meta property=\"og:image\" content=\"https:\/\/gardeon.pl\/wp-content\/uploads\/2016\/03\/zasne\u017een\u00e9-auto.jpg\" \/>\n\t<meta property=\"og:image:width\" content=\"900\" \/>\n\t<meta property=\"og:image:height\" content=\"590\" \/>\n\t<meta property=\"og:image:type\" content=\"image\/jpeg\" \/>\n<meta name=\"author\" content=\"editor\" \/>\n<meta name=\"twitter:card\" content=\"summary_large_image\" \/>\n<meta name=\"twitter:label1\" content=\"Napisane przez\" \/>\n\t<meta name=\"twitter:data1\" content=\"editor\" \/>\n\t<meta name=\"twitter:label2\" content=\"Szacowany czas czytania\" \/>\n\t<meta name=\"twitter:data2\" content=\"2 minuty\" \/>\n<script type=\"application\/ld+json\" class=\"yoast-schema-graph\">{\"@context\":\"https:\\\/\\\/schema.org\",\"@graph\":[{\"@type\":\"Article\",\"@id\":\"https:\\\/\\\/gardeon.pl\\\/pl\\\/blog\\\/parkowac-czy-nie-parkowac-w-garazu-na-czym-polega-prawdziwa-wartosc-garazu\\\/#article\",\"isPartOf\":{\"@id\":\"https:\\\/\\\/gardeon.pl\\\/pl\\\/blog\\\/parkowac-czy-nie-parkowac-w-garazu-na-czym-polega-prawdziwa-wartosc-garazu\\\/\"},\"author\":{\"name\":\"editor\",\"@id\":\"https:\\\/\\\/gardeon.pl\\\/#\\\/schema\\\/person\\\/a5762ca5f0790bf92774af0899379463\"},\"headline\":\"Parkowa\u0107 czy nie parkowa\u0107 w gara\u017cu? Na czym polega prawdziwa warto\u015b\u0107 gara\u017cu?\",\"datePublished\":\"2026-04-23T17:04:22+00:00\",\"mainEntityOfPage\":{\"@id\":\"https:\\\/\\\/gardeon.pl\\\/pl\\\/blog\\\/parkowac-czy-nie-parkowac-w-garazu-na-czym-polega-prawdziwa-wartosc-garazu\\\/\"},\"wordCount\":513,\"commentCount\":0,\"image\":{\"@id\":\"https:\\\/\\\/gardeon.pl\\\/pl\\\/blog\\\/parkowac-czy-nie-parkowac-w-garazu-na-czym-polega-prawdziwa-wartosc-garazu\\\/#primaryimage\"},\"thumbnailUrl\":\"http:\\\/\\\/gardeon.pl\\\/wp-content\\\/uploads\\\/2016\\\/03\\\/zasne%C5%BEen%C3%A9-auto.jpg\",\"articleSection\":[\"Gara\u017ce blaszane\"],\"inLanguage\":\"pl-PL\",\"potentialAction\":[{\"@type\":\"CommentAction\",\"name\":\"Comment\",\"target\":[\"https:\\\/\\\/gardeon.pl\\\/pl\\\/blog\\\/parkowac-czy-nie-parkowac-w-garazu-na-czym-polega-prawdziwa-wartosc-garazu\\\/#respond\"]}]},{\"@type\":\"WebPage\",\"@id\":\"https:\\\/\\\/gardeon.pl\\\/pl\\\/blog\\\/parkowac-czy-nie-parkowac-w-garazu-na-czym-polega-prawdziwa-wartosc-garazu\\\/\",\"url\":\"https:\\\/\\\/gardeon.pl\\\/pl\\\/blog\\\/parkowac-czy-nie-parkowac-w-garazu-na-czym-polega-prawdziwa-wartosc-garazu\\\/\",\"name\":\"Parkowa\u0107 czy nie parkowa\u0107 w gara\u017cu? Na czym polega prawdziwa warto\u015b\u0107 gara\u017cu? - GARDEON\",\"isPartOf\":{\"@id\":\"https:\\\/\\\/gardeon.pl\\\/#website\"},\"primaryImageOfPage\":{\"@id\":\"https:\\\/\\\/gardeon.pl\\\/pl\\\/blog\\\/parkowac-czy-nie-parkowac-w-garazu-na-czym-polega-prawdziwa-wartosc-garazu\\\/#primaryimage\"},\"image\":{\"@id\":\"https:\\\/\\\/gardeon.pl\\\/pl\\\/blog\\\/parkowac-czy-nie-parkowac-w-garazu-na-czym-polega-prawdziwa-wartosc-garazu\\\/#primaryimage\"},\"thumbnailUrl\":\"http:\\\/\\\/gardeon.pl\\\/wp-content\\\/uploads\\\/2016\\\/03\\\/zasne%C5%BEen%C3%A9-auto.jpg\",\"datePublished\":\"2026-04-23T17:04:22+00:00\",\"author\":{\"@id\":\"https:\\\/\\\/gardeon.pl\\\/#\\\/schema\\\/person\\\/a5762ca5f0790bf92774af0899379463\"},\"breadcrumb\":{\"@id\":\"https:\\\/\\\/gardeon.pl\\\/pl\\\/blog\\\/parkowac-czy-nie-parkowac-w-garazu-na-czym-polega-prawdziwa-wartosc-garazu\\\/#breadcrumb\"},\"inLanguage\":\"pl-PL\",\"potentialAction\":[{\"@type\":\"ReadAction\",\"target\":[\"https:\\\/\\\/gardeon.pl\\\/pl\\\/blog\\\/parkowac-czy-nie-parkowac-w-garazu-na-czym-polega-prawdziwa-wartosc-garazu\\\/\"]}]},{\"@type\":\"ImageObject\",\"inLanguage\":\"pl-PL\",\"@id\":\"https:\\\/\\\/gardeon.pl\\\/pl\\\/blog\\\/parkowac-czy-nie-parkowac-w-garazu-na-czym-polega-prawdziwa-wartosc-garazu\\\/#primaryimage\",\"url\":\"http:\\\/\\\/gardeon.pl\\\/wp-content\\\/uploads\\\/2016\\\/03\\\/zasne%C5%BEen%C3%A9-auto.jpg\",\"contentUrl\":\"http:\\\/\\\/gardeon.pl\\\/wp-content\\\/uploads\\\/2016\\\/03\\\/zasne%C5%BEen%C3%A9-auto.jpg\"},{\"@type\":\"BreadcrumbList\",\"@id\":\"https:\\\/\\\/gardeon.pl\\\/pl\\\/blog\\\/parkowac-czy-nie-parkowac-w-garazu-na-czym-polega-prawdziwa-wartosc-garazu\\\/#breadcrumb\",\"itemListElement\":[{\"@type\":\"ListItem\",\"position\":1,\"name\":\"Domov\",\"item\":\"https:\\\/\\\/gardeon.pl\\\/pl\\\/\"},{\"@type\":\"ListItem\",\"position\":2,\"name\":\"Parkowa\u0107 czy nie parkowa\u0107 w gara\u017cu? Na czym polega prawdziwa warto\u015b\u0107 gara\u017cu?\"}]},{\"@type\":\"WebSite\",\"@id\":\"https:\\\/\\\/gardeon.pl\\\/#website\",\"url\":\"https:\\\/\\\/gardeon.pl\\\/\",\"name\":\"GARDEON\",\"description\":\"\",\"potentialAction\":[{\"@type\":\"SearchAction\",\"target\":{\"@type\":\"EntryPoint\",\"urlTemplate\":\"https:\\\/\\\/gardeon.pl\\\/?s={search_term_string}\"},\"query-input\":{\"@type\":\"PropertyValueSpecification\",\"valueRequired\":true,\"valueName\":\"search_term_string\"}}],\"inLanguage\":\"pl-PL\"},{\"@type\":\"Person\",\"@id\":\"https:\\\/\\\/gardeon.pl\\\/#\\\/schema\\\/person\\\/a5762ca5f0790bf92774af0899379463\",\"name\":\"editor\",\"image\":{\"@type\":\"ImageObject\",\"inLanguage\":\"pl-PL\",\"@id\":\"https:\\\/\\\/secure.gravatar.com\\\/avatar\\\/2b748151c2c748327307fd289a91b3bdafdd9e64e2d000e65e53d6dcf11c5830?s=96&d=mm&r=g\",\"url\":\"https:\\\/\\\/secure.gravatar.com\\\/avatar\\\/2b748151c2c748327307fd289a91b3bdafdd9e64e2d000e65e53d6dcf11c5830?s=96&d=mm&r=g\",\"contentUrl\":\"https:\\\/\\\/secure.gravatar.com\\\/avatar\\\/2b748151c2c748327307fd289a91b3bdafdd9e64e2d000e65e53d6dcf11c5830?s=96&d=mm&r=g\",\"caption\":\"editor\"}}]}<\/script>\n<!-- \/ Yoast SEO plugin. -->","yoast_head_json":{"title":"Parkowa\u0107 czy nie parkowa\u0107 w gara\u017cu? Na czym polega prawdziwa warto\u015b\u0107 gara\u017cu? - GARDEON","robots":{"index":"index","follow":"follow","max-snippet":"max-snippet:-1","max-image-preview":"max-image-preview:large","max-video-preview":"max-video-preview:-1"},"canonical":"https:\/\/gardeon.pl\/pl\/blog\/parkowac-czy-nie-parkowac-w-garazu-na-czym-polega-prawdziwa-wartosc-garazu\/","og_locale":"pl_PL","og_type":"article","og_title":"Parkowa\u0107 czy nie parkowa\u0107 w gara\u017cu? Na czym polega prawdziwa warto\u015b\u0107 gara\u017cu? - GARDEON","og_description":"B\u0119dzie zima, b\u0119dzie mr\u00f3z \u2014 gdzie si\u0119, auto, gdzie schowasz? Tak jak w oryginale dzieci\u0119cej piosenki swoj\u0105 kryj\u00f3wk\u0119 mia\u0142 ptaszek, tak i Pa\u0144stwo nie powinni zostawia\u0107 na mrozie swojego czteroko\u0142owego przyjaciela. Grozi mu wielokrotnie kr\u00f3tsza \u017cywotno\u015b\u0107 oraz degradacja podzespo\u0142\u00f3w i karoserii. Je\u015bli do tej pory tylko rozwa\u017cali Pa\u0144stwo zakup gara\u017cu, prosimy przeczyta\u0107 kilka powod\u00f3w, dla [&hellip;]","og_url":"https:\/\/gardeon.pl\/pl\/blog\/parkowac-czy-nie-parkowac-w-garazu-na-czym-polega-prawdziwa-wartosc-garazu\/","og_site_name":"GARDEON","article_published_time":"2026-04-23T17:04:22+00:00","og_image":[{"width":900,"height":590,"url":"https:\/\/gardeon.pl\/wp-content\/uploads\/2016\/03\/zasne\u017een\u00e9-auto.jpg","type":"image\/jpeg"}],"author":"editor","twitter_card":"summary_large_image","twitter_misc":{"Napisane przez":"editor","Szacowany czas czytania":"2 minuty"},"schema":{"@context":"https:\/\/schema.org","@graph":[{"@type":"Article","@id":"https:\/\/gardeon.pl\/pl\/blog\/parkowac-czy-nie-parkowac-w-garazu-na-czym-polega-prawdziwa-wartosc-garazu\/#article","isPartOf":{"@id":"https:\/\/gardeon.pl\/pl\/blog\/parkowac-czy-nie-parkowac-w-garazu-na-czym-polega-prawdziwa-wartosc-garazu\/"},"author":{"name":"editor","@id":"https:\/\/gardeon.pl\/#\/schema\/person\/a5762ca5f0790bf92774af0899379463"},"headline":"Parkowa\u0107 czy nie parkowa\u0107 w gara\u017cu? Na czym polega prawdziwa warto\u015b\u0107 gara\u017cu?","datePublished":"2026-04-23T17:04:22+00:00","mainEntityOfPage":{"@id":"https:\/\/gardeon.pl\/pl\/blog\/parkowac-czy-nie-parkowac-w-garazu-na-czym-polega-prawdziwa-wartosc-garazu\/"},"wordCount":513,"commentCount":0,"image":{"@id":"https:\/\/gardeon.pl\/pl\/blog\/parkowac-czy-nie-parkowac-w-garazu-na-czym-polega-prawdziwa-wartosc-garazu\/#primaryimage"},"thumbnailUrl":"http:\/\/gardeon.pl\/wp-content\/uploads\/2016\/03\/zasne%C5%BEen%C3%A9-auto.jpg","articleSection":["Gara\u017ce blaszane"],"inLanguage":"pl-PL","potentialAction":[{"@type":"CommentAction","name":"Comment","target":["https:\/\/gardeon.pl\/pl\/blog\/parkowac-czy-nie-parkowac-w-garazu-na-czym-polega-prawdziwa-wartosc-garazu\/#respond"]}]},{"@type":"WebPage","@id":"https:\/\/gardeon.pl\/pl\/blog\/parkowac-czy-nie-parkowac-w-garazu-na-czym-polega-prawdziwa-wartosc-garazu\/","url":"https:\/\/gardeon.pl\/pl\/blog\/parkowac-czy-nie-parkowac-w-garazu-na-czym-polega-prawdziwa-wartosc-garazu\/","name":"Parkowa\u0107 czy nie parkowa\u0107 w gara\u017cu? Na czym polega prawdziwa warto\u015b\u0107 gara\u017cu? - GARDEON","isPartOf":{"@id":"https:\/\/gardeon.pl\/#website"},"primaryImageOfPage":{"@id":"https:\/\/gardeon.pl\/pl\/blog\/parkowac-czy-nie-parkowac-w-garazu-na-czym-polega-prawdziwa-wartosc-garazu\/#primaryimage"},"image":{"@id":"https:\/\/gardeon.pl\/pl\/blog\/parkowac-czy-nie-parkowac-w-garazu-na-czym-polega-prawdziwa-wartosc-garazu\/#primaryimage"},"thumbnailUrl":"http:\/\/gardeon.pl\/wp-content\/uploads\/2016\/03\/zasne%C5%BEen%C3%A9-auto.jpg","datePublished":"2026-04-23T17:04:22+00:00","author":{"@id":"https:\/\/gardeon.pl\/#\/schema\/person\/a5762ca5f0790bf92774af0899379463"},"breadcrumb":{"@id":"https:\/\/gardeon.pl\/pl\/blog\/parkowac-czy-nie-parkowac-w-garazu-na-czym-polega-prawdziwa-wartosc-garazu\/#breadcrumb"},"inLanguage":"pl-PL","potentialAction":[{"@type":"ReadAction","target":["https:\/\/gardeon.pl\/pl\/blog\/parkowac-czy-nie-parkowac-w-garazu-na-czym-polega-prawdziwa-wartosc-garazu\/"]}]},{"@type":"ImageObject","inLanguage":"pl-PL","@id":"https:\/\/gardeon.pl\/pl\/blog\/parkowac-czy-nie-parkowac-w-garazu-na-czym-polega-prawdziwa-wartosc-garazu\/#primaryimage","url":"http:\/\/gardeon.pl\/wp-content\/uploads\/2016\/03\/zasne%C5%BEen%C3%A9-auto.jpg","contentUrl":"http:\/\/gardeon.pl\/wp-content\/uploads\/2016\/03\/zasne%C5%BEen%C3%A9-auto.jpg"},{"@type":"BreadcrumbList","@id":"https:\/\/gardeon.pl\/pl\/blog\/parkowac-czy-nie-parkowac-w-garazu-na-czym-polega-prawdziwa-wartosc-garazu\/#breadcrumb","itemListElement":[{"@type":"ListItem","position":1,"name":"Domov","item":"https:\/\/gardeon.pl\/pl\/"},{"@type":"ListItem","position":2,"name":"Parkowa\u0107 czy nie parkowa\u0107 w gara\u017cu? Na czym polega prawdziwa warto\u015b\u0107 gara\u017cu?"}]},{"@type":"WebSite","@id":"https:\/\/gardeon.pl\/#website","url":"https:\/\/gardeon.pl\/","name":"GARDEON","description":"","potentialAction":[{"@type":"SearchAction","target":{"@type":"EntryPoint","urlTemplate":"https:\/\/gardeon.pl\/?s={search_term_string}"},"query-input":{"@type":"PropertyValueSpecification","valueRequired":true,"valueName":"search_term_string"}}],"inLanguage":"pl-PL"},{"@type":"Person","@id":"https:\/\/gardeon.pl\/#\/schema\/person\/a5762ca5f0790bf92774af0899379463","name":"editor","image":{"@type":"ImageObject","inLanguage":"pl-PL","@id":"https:\/\/secure.gravatar.com\/avatar\/2b748151c2c748327307fd289a91b3bdafdd9e64e2d000e65e53d6dcf11c5830?s=96&d=mm&r=g","url":"https:\/\/secure.gravatar.com\/avatar\/2b748151c2c748327307fd289a91b3bdafdd9e64e2d000e65e53d6dcf11c5830?s=96&d=mm&r=g","contentUrl":"https:\/\/secure.gravatar.com\/avatar\/2b748151c2c748327307fd289a91b3bdafdd9e64e2d000e65e53d6dcf11c5830?s=96&d=mm&r=g","caption":"editor"}}]}},"_links":{"self":[{"href":"https:\/\/gardeon.pl\/pl\/wp-json\/wp\/v2\/posts\/46644","targetHints":{"allow":["GET"]}}],"collection":[{"href":"https:\/\/gardeon.pl\/pl\/wp-json\/wp\/v2\/posts"}],"about":[{"href":"https:\/\/gardeon.pl\/pl\/wp-json\/wp\/v2\/types\/post"}],"author":[{"embeddable":true,"href":"https:\/\/gardeon.pl\/pl\/wp-json\/wp\/v2\/users\/2"}],"replies":[{"embeddable":true,"href":"https:\/\/gardeon.pl\/pl\/wp-json\/wp\/v2\/comments?post=46644"}],"version-history":[{"count":0,"href":"https:\/\/gardeon.pl\/pl\/wp-json\/wp\/v2\/posts\/46644\/revisions"}],"wp:attachment":[{"href":"https:\/\/gardeon.pl\/pl\/wp-json\/wp\/v2\/media?parent=46644"}],"wp:term":[{"taxonomy":"category","embeddable":true,"href":"https:\/\/gardeon.pl\/pl\/wp-json\/wp\/v2\/categories?post=46644"},{"taxonomy":"post_tag","embeddable":true,"href":"https:\/\/gardeon.pl\/pl\/wp-json\/wp\/v2\/tags?post=46644"}],"curies":[{"name":"wp","href":"https:\/\/api.w.org\/{rel}","templated":true}]}}