{"id":46656,"date":"2026-04-23T19:04:21","date_gmt":"2026-04-23T17:04:21","guid":{"rendered":"https:\/\/gardeon.pl\/?p=46656"},"modified":"2026-04-23T19:04:21","modified_gmt":"2026-04-23T17:04:21","slug":"jak-wybrac-odpowiednia-brame-garazowa","status":"publish","type":"post","link":"https:\/\/gardeon.pl\/pl\/blog\/jak-wybrac-odpowiednia-brame-garazowa\/","title":{"rendered":"Jak wybra\u0107 odpowiedni\u0105 bram\u0119 gara\u017cow\u0105?"},"content":{"rendered":"<p><em>Czy zdecydowali si\u0119 ju\u017c Pa\u0144stwo, czy gara\u017c b\u0119dzie po\u0142\u0105czony z domem, czy te\u017c postawi\u0105 Pa\u0144stwo gara\u017c wolnostoj\u0105cy? \u015awietnie. Teraz nadszed\u0142 czas na drugi krok, kt\u00f3rym jest wyb\u00f3r bramy gara\u017cowej. Uchylna, segmentowa, rolowana, skrzyd\u0142owa, przesuwna. Nie s\u0105 Pa\u0144stwo ekspertami i niewiele to Pa\u0144stwu m\u00f3wi? To \u017caden problem. Z przyjemno\u015bci\u0105 pomo\u017cemy w podj\u0119ciu decyzji i u\u0142atwimy wyb\u00f3r w\u0142a\u015bciwej bramy gara\u017cowej do Pa\u0144stwa nowego gara\u017cu blaszanego.       <\/em><\/p>\n<p><!--more--><\/p>\n<h2><\/h2>\n<h2>Kt\u00f3re tak, a kt\u00f3re po prostu nie<\/h2>\n<p>Na pocz\u0105tek chcieliby\u015bmy wyja\u015bni\u0107, kt\u00f3re <a href=\"http:\/\/gardeon.pl\/garaze\/vyber\/aku-garazovu-branu-vybrat\/\">bramy gara\u017cowe<\/a> s\u0105 op\u0142acalne, a kt\u00f3re zupe\u0142nie nie. Zaczynajmy. <\/p>\n<p>W przesz\u0142o\u015bci popularne by\u0142y skrzyd\u0142owe bramy gara\u017cowe. By\u0107 mo\u017ce Pa\u0144stwa rodzice lub dziadkowie maj\u0105 tradycyjn\u0105 drewnian\u0105 bram\u0119 w swoim murowanym gara\u017cu. Dzi\u015b stosuje si\u0119 je ju\u017c minimalnie. Zajmuj\u0105 niepotrzebnie du\u017co miejsca i wygl\u0105daj\u0105 staro\u015bwiecko.   <\/p>\n<p><img loading=\"lazy\" decoding=\"async\" class=\"aligncenter wp-image-7003\" src=\"http:\/\/gardeon.pl\/wp-content\/uploads\/2016\/09\/ford-925310_1280-1024x682.jpg\" alt=\"ford-925310_1280\" width=\"730\" height=\"486\" srcset=\"https:\/\/gardeon.pl\/wp-content\/uploads\/2016\/09\/ford-925310_1280-1024x682.jpg 1024w, https:\/\/gardeon.pl\/wp-content\/uploads\/2016\/09\/ford-925310_1280-300x200.jpg 300w, https:\/\/gardeon.pl\/wp-content\/uploads\/2016\/09\/ford-925310_1280-768x512.jpg 768w, https:\/\/gardeon.pl\/wp-content\/uploads\/2016\/09\/ford-925310_1280.jpg 1280w\" sizes=\"auto, (max-width: 730px) 100vw, 730px\" \/><\/p>\n<p>Kolejnym kandydatem do rozwa\u017cenia jest brama przesuwna. Przesuwne bramy gara\u017cowe otwieraj\u0105 si\u0119 stopniowo na bok. Nie s\u0105 one cz\u0119sto wykorzystywane, poniewa\u017c ze wzgl\u0119du na ich konstrukcj\u0119 techniczn\u0105 maj\u0105 gorsze uszczelnienie.  <\/p>\n<p>Ostatnim typem bramy, kt\u00f3rego nie polecamy, jest rolowana brama gara\u017cowa. My\u015bl\u0105 Pa\u0144stwo: nie zajmuje miejsca i przypomina bram\u0119 segmentow\u0105, wi\u0119c dlaczego nie? Po prostu te bramy gara\u017cowe s\u0105 g\u0142o\u015bniejsze ni\u017c segmentowe, a tak\u017ce niepotrzebnie drogie.  <\/p>\n<p><img loading=\"lazy\" decoding=\"async\" class=\"aligncenter wp-image-7004\" src=\"http:\/\/gardeon.pl\/wp-content\/uploads\/2016\/09\/double-doors-1176533_1920-1024x560.jpg\" alt=\"double-doors-1176533_1920\" width=\"730\" height=\"399\" srcset=\"https:\/\/gardeon.pl\/wp-content\/uploads\/2016\/09\/double-doors-1176533_1920-1024x560.jpg 1024w, https:\/\/gardeon.pl\/wp-content\/uploads\/2016\/09\/double-doors-1176533_1920-300x164.jpg 300w, https:\/\/gardeon.pl\/wp-content\/uploads\/2016\/09\/double-doors-1176533_1920-768x420.jpg 768w, https:\/\/gardeon.pl\/wp-content\/uploads\/2016\/09\/double-doors-1176533_1920-1536x840.jpg 1536w, https:\/\/gardeon.pl\/wp-content\/uploads\/2016\/09\/double-doors-1176533_1920.jpg 1920w\" sizes=\"auto, (max-width: 730px) 100vw, 730px\" \/><\/p>\n<p>Dlatego polecamy Pa\u0144stwu praktyczne i przyst\u0119pne cenowo typy: uchylne i segmentowe. Pa\u0144stwa brama powinna spe\u0142nia\u0107 szereg kryteri\u00f3w. Musi nie tylko dobrze wygl\u0105da\u0107, ale przede wszystkim powinna by\u0107 praktyczna i wysokiej jako\u015bci. Zanim skupimy si\u0119 na wyborze koloru, wygl\u0105du i og\u00f3lnego designu, zapraszamy do zapoznania si\u0119 z por\u00f3wnaniem tych dw\u00f3ch typ\u00f3w.   <\/p>\n<h3><\/h3>\n<h3>Przyst\u0119pne cenowo uchylne bramy gara\u017cowe<\/h3>\n<p>Sprawdzone przez lata i przyst\u0119pne cenowo \u2013 to najlepiej je opisuje. <a href=\"http:\/\/www.hormann.sk\/produkty\/garazove-brany\/vyklopne-brany-berry\/\">Uchylna brama gara\u017cowa<\/a> nadaje si\u0119 szczeg\u00f3lnie do gara\u017cy nieogrzewanych. Niestety nie posiada ona tak dobrych w\u0142a\u015bciwo\u015bci izolacyjnych, co mog\u0142oby powodowa\u0107 ucieczk\u0119 ciep\u0142a. Bram\u0119 mo\u017cna otwiera\u0107 r\u0119cznie lub wybra\u0107 nap\u0119d elektryczny. Jeste\u015bmy przecie\u017c w XXI wieku.      <\/p>\n<p>Wad\u0105 bramy jest to, \u017ce podczas otwierania wysuwa si\u0119 przed gara\u017c. Mimo to cieszy si\u0119 du\u017c\u0105 popularno\u015bci\u0105, poniewa\u017c jest prosta i niemal bezawaryjna. W d\u0142u\u017cszej perspektywie nie wymaga prawie \u017cadnej konserwacji. Chc\u0105 Pa\u0144stwo prostej i niezawodnej bramy? Warto postawi\u0107 na model uchylny.    <\/p>\n<p><img loading=\"lazy\" decoding=\"async\" class=\"aligncenter wp-image-7005\" src=\"http:\/\/gardeon.pl\/wp-content\/uploads\/2016\/09\/hoermann_produkte_berry_schwingtore_vorschau_700x360.jpg\" alt=\"hoermann_produkte_berry_schwingtore_vorschau_700x360\" width=\"730\" height=\"375\" srcset=\"https:\/\/gardeon.pl\/wp-content\/uploads\/2016\/09\/hoermann_produkte_berry_schwingtore_vorschau_700x360.jpg 700w, https:\/\/gardeon.pl\/wp-content\/uploads\/2016\/09\/hoermann_produkte_berry_schwingtore_vorschau_700x360-300x154.jpg 300w\" sizes=\"auto, (max-width: 730px) 100vw, 730px\" \/><\/p>\n<h3><\/h3>\n<h3>Nowoczesne segmentowe bramy gara\u017cowe<\/h3>\n<p>Je\u015bli Pa\u0144stwa gara\u017c jest ogrzewany, wyb\u00f3r jest oczywisty. <a href=\"http:\/\/www.hormann.sk\/produkty\/garazove-brany\/sekcionalne-garazove-brany\/\">Segmentowa brama gara\u017cowa<\/a> to w\u0142a\u015bciwe rozwi\u0105zanie. Posiada doskona\u0142\u0105 izolacj\u0119 termiczn\u0105. Jest bardzo praktyczna, poniewa\u017c nie zajmuje prawie w og\u00f3le miejsca. Bramy segmentowe sk\u0142adaj\u0105 si\u0119 z kilku sekcji umieszczonych na prowadnicach, kt\u00f3re podczas otwierania bramy chowaj\u0105 si\u0119 bezpo\u015brednio pod sufitem.     <\/p>\n<p>Zalecamy wyb\u00f3r sterowania elektrycznego, cho\u0107 posiadamy r\u00f3wnie\u017c wariant z obs\u0142ug\u0105 r\u0119czn\u0105 za pomoc\u0105 uchwytu. Aby nie musieli Pa\u0144stwo ci\u0105gle otwiera\u0107 bramy, gdy chc\u0105 tylko wyci\u0105gn\u0105\u0107 narz\u0119dzia lub kosiark\u0119, warto rozwa\u017cy\u0107 tak\u017ce zwyk\u0142e drzwi boczne w \u015bcianie gara\u017cu. <\/p>\n<p><img loading=\"lazy\" decoding=\"async\" class=\"aligncenter wp-image-7006\" src=\"http:\/\/gardeon.pl\/wp-content\/uploads\/2016\/09\/hoermann_produkte_garagen_sectionaltore_vorschau_700x360.jpg\" alt=\"hoermann_produkte_garagen_sectionaltore_vorschau_700x360\" width=\"730\" height=\"375\" srcset=\"https:\/\/gardeon.pl\/wp-content\/uploads\/2016\/09\/hoermann_produkte_garagen_sectionaltore_vorschau_700x360.jpg 700w, https:\/\/gardeon.pl\/wp-content\/uploads\/2016\/09\/hoermann_produkte_garagen_sectionaltore_vorschau_700x360-300x154.jpg 300w\" sizes=\"auto, (max-width: 730px) 100vw, 730px\" \/><\/p>\n<h3><\/h3>\n<h3><strong>Znak jako\u015bci<\/strong><\/h3>\n<p>Najta\u0144sze zdecydowanie nie oznacza najlepszej jako\u015bci, dlatego warto zainwestowa\u0107. Najlepiej sprzedaj\u0105cymi si\u0119 u nas produktami s\u0105 <a href=\"http:\/\/gardeon.pl\/garaze\/prislusenstvo\/garazove-brany\/\">bramy gara\u017cowe marki H\u00f6rmann<\/a>. W ich przypadku mamy bowiem do czynienia z najlepszym stosunkiem ceny do jako\u015bci.  <\/p>\n<h3><\/h3>\n<h3>Zaprojektuj j\u0105 po swojemu<\/h3>\n<p>Je\u015bli gara\u017c jest cz\u0119\u015bci\u0105 domu, warto dopasowa\u0107 go do drzwi wej\u015bciowych. Obecnie popularne s\u0105 imitacje drewna lub prostota w postaci bieli czy czerni. R\u00f3\u017cne wzory odchodz\u0105 w zapomnienie, a coraz wi\u0119ksz\u0105 popularno\u015b\u0107 zdobywa ca\u0142kowicie minimalistyczny design.  <\/p>\n<p><img loading=\"lazy\" decoding=\"async\" class=\"aligncenter wp-image-6180\" src=\"http:\/\/gardeon.pl\/wp-content\/uploads\/2014\/10\/gar%C3%A1%C5%BE2-1024x576.jpg\" alt=\"gara\u017ce modu\u0142owe pod klucz\" width=\"730\" height=\"411\"><\/p>\n<p>W dzisiejszych czasach firma przygotuje dla Pa\u0144stwa bram\u0119 gara\u017cow\u0105 na wymiar. Wsp\u00f3\u0142czesne bramy s\u0105 \u0142atwe w utrzymaniu, odporne na uszkodzenia, wysokiej jako\u015bci i bezpieczne. Odpowiednia brama gara\u017cowa powinna odpowiada\u0107 Pa\u0144stwa potrzebom i, oczywi\u015bcie, mo\u017cliwo\u015bciom finansowym. \u017byczymy powodzenia w wyborze.   <\/p>\n","protected":false},"excerpt":{"rendered":"<p>Czy zdecydowali si\u0119 ju\u017c Pa\u0144stwo, czy gara\u017c b\u0119dzie po\u0142\u0105czony z domem, czy te\u017c postawi\u0105 Pa\u0144stwo gara\u017c wolnostoj\u0105cy? \u015awietnie. Teraz nadszed\u0142 czas na drugi krok, kt\u00f3rym jest wyb\u00f3r bramy gara\u017cowej. Uchylna, segmentowa, rolowana, skrzyd\u0142owa, przesuwna. Nie s\u0105 Pa\u0144stwo ekspertami i niewiele to Pa\u0144stwu m\u00f3wi? To \u017caden problem. Z przyjemno\u015bci\u0105 pomo\u017cemy w podj\u0119ciu decyzji i u\u0142atwimy wyb\u00f3r [&hellip;]<\/p>\n","protected":false},"author":2,"featured_media":46657,"comment_status":"open","ping_status":"open","sticky":false,"template":"","format":"standard","meta":{"_acf_changed":false,"inline_featured_image":false,"footnotes":""},"categories":[578],"tags":[],"class_list":["post-46656","post","type-post","status-publish","format-standard","has-post-thumbnail","hentry","category-garaze-blaszane"],"acf":[],"yoast_head":"<!-- This site is optimized with the Yoast SEO plugin v27.4 - https:\/\/yoast.com\/product\/yoast-seo-wordpress\/ -->\n<title>Jak wybra\u0107 odpowiedni\u0105 bram\u0119 gara\u017cow\u0105? - GARDEON<\/title>\n<meta name=\"robots\" content=\"index, follow, max-snippet:-1, max-image-preview:large, max-video-preview:-1\" \/>\n<link rel=\"canonical\" href=\"https:\/\/gardeon.pl\/pl\/blog\/jak-wybrac-odpowiednia-brame-garazowa\/\" \/>\n<meta property=\"og:locale\" content=\"pl_PL\" \/>\n<meta property=\"og:type\" content=\"article\" \/>\n<meta property=\"og:title\" content=\"Jak wybra\u0107 odpowiedni\u0105 bram\u0119 gara\u017cow\u0105? - GARDEON\" \/>\n<meta property=\"og:description\" content=\"Czy zdecydowali si\u0119 ju\u017c Pa\u0144stwo, czy gara\u017c b\u0119dzie po\u0142\u0105czony z domem, czy te\u017c postawi\u0105 Pa\u0144stwo gara\u017c wolnostoj\u0105cy? \u015awietnie. Teraz nadszed\u0142 czas na drugi krok, kt\u00f3rym jest wyb\u00f3r bramy gara\u017cowej. Uchylna, segmentowa, rolowana, skrzyd\u0142owa, przesuwna. Nie s\u0105 Pa\u0144stwo ekspertami i niewiele to Pa\u0144stwu m\u00f3wi? To \u017caden problem. Z przyjemno\u015bci\u0105 pomo\u017cemy w podj\u0119ciu decyzji i u\u0142atwimy wyb\u00f3r [&hellip;]\" \/>\n<meta property=\"og:url\" content=\"https:\/\/gardeon.pl\/pl\/blog\/jak-wybrac-odpowiednia-brame-garazowa\/\" \/>\n<meta property=\"og:site_name\" content=\"GARDEON\" \/>\n<meta property=\"article:published_time\" content=\"2026-04-23T17:04:21+00:00\" \/>\n<meta property=\"og:image\" content=\"http:\/\/gardeon.pl\/wp-content\/uploads\/2016\/01\/gar\u00e1\u017eov\u00e1-br\u00e1na-hormann-scaled.jpg\" \/>\n\t<meta property=\"og:image:width\" content=\"2560\" \/>\n\t<meta property=\"og:image:height\" content=\"1440\" \/>\n\t<meta property=\"og:image:type\" content=\"image\/jpeg\" \/>\n<meta name=\"author\" content=\"editor\" \/>\n<meta name=\"twitter:card\" content=\"summary_large_image\" \/>\n<meta name=\"twitter:label1\" content=\"Napisane przez\" \/>\n\t<meta name=\"twitter:data1\" content=\"editor\" \/>\n\t<meta name=\"twitter:label2\" content=\"Szacowany czas czytania\" \/>\n\t<meta name=\"twitter:data2\" content=\"3 minuty\" \/>\n<script type=\"application\/ld+json\" class=\"yoast-schema-graph\">{\"@context\":\"https:\\\/\\\/schema.org\",\"@graph\":[{\"@type\":\"Article\",\"@id\":\"https:\\\/\\\/gardeon.pl\\\/pl\\\/blog\\\/jak-wybrac-odpowiednia-brame-garazowa\\\/#article\",\"isPartOf\":{\"@id\":\"https:\\\/\\\/gardeon.pl\\\/pl\\\/blog\\\/jak-wybrac-odpowiednia-brame-garazowa\\\/\"},\"author\":{\"name\":\"editor\",\"@id\":\"https:\\\/\\\/gardeon.pl\\\/#\\\/schema\\\/person\\\/a5762ca5f0790bf92774af0899379463\"},\"headline\":\"Jak wybra\u0107 odpowiedni\u0105 bram\u0119 gara\u017cow\u0105?\",\"datePublished\":\"2026-04-23T17:04:21+00:00\",\"mainEntityOfPage\":{\"@id\":\"https:\\\/\\\/gardeon.pl\\\/pl\\\/blog\\\/jak-wybrac-odpowiednia-brame-garazowa\\\/\"},\"wordCount\":666,\"commentCount\":0,\"image\":{\"@id\":\"https:\\\/\\\/gardeon.pl\\\/pl\\\/blog\\\/jak-wybrac-odpowiednia-brame-garazowa\\\/#primaryimage\"},\"thumbnailUrl\":\"https:\\\/\\\/gardeon.pl\\\/wp-content\\\/uploads\\\/2016\\\/01\\\/gar\u00e1\u017eov\u00e1-br\u00e1na-hormann-scaled.jpg\",\"articleSection\":[\"Gara\u017ce blaszane\"],\"inLanguage\":\"pl-PL\",\"potentialAction\":[{\"@type\":\"CommentAction\",\"name\":\"Comment\",\"target\":[\"https:\\\/\\\/gardeon.pl\\\/pl\\\/blog\\\/jak-wybrac-odpowiednia-brame-garazowa\\\/#respond\"]}]},{\"@type\":\"WebPage\",\"@id\":\"https:\\\/\\\/gardeon.pl\\\/pl\\\/blog\\\/jak-wybrac-odpowiednia-brame-garazowa\\\/\",\"url\":\"https:\\\/\\\/gardeon.pl\\\/pl\\\/blog\\\/jak-wybrac-odpowiednia-brame-garazowa\\\/\",\"name\":\"Jak wybra\u0107 odpowiedni\u0105 bram\u0119 gara\u017cow\u0105? - GARDEON\",\"isPartOf\":{\"@id\":\"https:\\\/\\\/gardeon.pl\\\/#website\"},\"primaryImageOfPage\":{\"@id\":\"https:\\\/\\\/gardeon.pl\\\/pl\\\/blog\\\/jak-wybrac-odpowiednia-brame-garazowa\\\/#primaryimage\"},\"image\":{\"@id\":\"https:\\\/\\\/gardeon.pl\\\/pl\\\/blog\\\/jak-wybrac-odpowiednia-brame-garazowa\\\/#primaryimage\"},\"thumbnailUrl\":\"https:\\\/\\\/gardeon.pl\\\/wp-content\\\/uploads\\\/2016\\\/01\\\/gar\u00e1\u017eov\u00e1-br\u00e1na-hormann-scaled.jpg\",\"datePublished\":\"2026-04-23T17:04:21+00:00\",\"author\":{\"@id\":\"https:\\\/\\\/gardeon.pl\\\/#\\\/schema\\\/person\\\/a5762ca5f0790bf92774af0899379463\"},\"breadcrumb\":{\"@id\":\"https:\\\/\\\/gardeon.pl\\\/pl\\\/blog\\\/jak-wybrac-odpowiednia-brame-garazowa\\\/#breadcrumb\"},\"inLanguage\":\"pl-PL\",\"potentialAction\":[{\"@type\":\"ReadAction\",\"target\":[\"https:\\\/\\\/gardeon.pl\\\/pl\\\/blog\\\/jak-wybrac-odpowiednia-brame-garazowa\\\/\"]}]},{\"@type\":\"ImageObject\",\"inLanguage\":\"pl-PL\",\"@id\":\"https:\\\/\\\/gardeon.pl\\\/pl\\\/blog\\\/jak-wybrac-odpowiednia-brame-garazowa\\\/#primaryimage\",\"url\":\"https:\\\/\\\/gardeon.pl\\\/wp-content\\\/uploads\\\/2016\\\/01\\\/gar\u00e1\u017eov\u00e1-br\u00e1na-hormann-scaled.jpg\",\"contentUrl\":\"https:\\\/\\\/gardeon.pl\\\/wp-content\\\/uploads\\\/2016\\\/01\\\/gar\u00e1\u017eov\u00e1-br\u00e1na-hormann-scaled.jpg\",\"width\":2560,\"height\":1440,\"caption\":\"Segmentowa brama gara\u017cowa H\u00f6rmann\"},{\"@type\":\"BreadcrumbList\",\"@id\":\"https:\\\/\\\/gardeon.pl\\\/pl\\\/blog\\\/jak-wybrac-odpowiednia-brame-garazowa\\\/#breadcrumb\",\"itemListElement\":[{\"@type\":\"ListItem\",\"position\":1,\"name\":\"Domov\",\"item\":\"https:\\\/\\\/gardeon.pl\\\/pl\\\/\"},{\"@type\":\"ListItem\",\"position\":2,\"name\":\"Jak wybra\u0107 odpowiedni\u0105 bram\u0119 gara\u017cow\u0105?\"}]},{\"@type\":\"WebSite\",\"@id\":\"https:\\\/\\\/gardeon.pl\\\/#website\",\"url\":\"https:\\\/\\\/gardeon.pl\\\/\",\"name\":\"GARDEON\",\"description\":\"\",\"potentialAction\":[{\"@type\":\"SearchAction\",\"target\":{\"@type\":\"EntryPoint\",\"urlTemplate\":\"https:\\\/\\\/gardeon.pl\\\/?s={search_term_string}\"},\"query-input\":{\"@type\":\"PropertyValueSpecification\",\"valueRequired\":true,\"valueName\":\"search_term_string\"}}],\"inLanguage\":\"pl-PL\"},{\"@type\":\"Person\",\"@id\":\"https:\\\/\\\/gardeon.pl\\\/#\\\/schema\\\/person\\\/a5762ca5f0790bf92774af0899379463\",\"name\":\"editor\",\"image\":{\"@type\":\"ImageObject\",\"inLanguage\":\"pl-PL\",\"@id\":\"https:\\\/\\\/secure.gravatar.com\\\/avatar\\\/2b748151c2c748327307fd289a91b3bdafdd9e64e2d000e65e53d6dcf11c5830?s=96&d=mm&r=g\",\"url\":\"https:\\\/\\\/secure.gravatar.com\\\/avatar\\\/2b748151c2c748327307fd289a91b3bdafdd9e64e2d000e65e53d6dcf11c5830?s=96&d=mm&r=g\",\"contentUrl\":\"https:\\\/\\\/secure.gravatar.com\\\/avatar\\\/2b748151c2c748327307fd289a91b3bdafdd9e64e2d000e65e53d6dcf11c5830?s=96&d=mm&r=g\",\"caption\":\"editor\"}}]}<\/script>\n<!-- \/ Yoast SEO plugin. -->","yoast_head_json":{"title":"Jak wybra\u0107 odpowiedni\u0105 bram\u0119 gara\u017cow\u0105? - GARDEON","robots":{"index":"index","follow":"follow","max-snippet":"max-snippet:-1","max-image-preview":"max-image-preview:large","max-video-preview":"max-video-preview:-1"},"canonical":"https:\/\/gardeon.pl\/pl\/blog\/jak-wybrac-odpowiednia-brame-garazowa\/","og_locale":"pl_PL","og_type":"article","og_title":"Jak wybra\u0107 odpowiedni\u0105 bram\u0119 gara\u017cow\u0105? - GARDEON","og_description":"Czy zdecydowali si\u0119 ju\u017c Pa\u0144stwo, czy gara\u017c b\u0119dzie po\u0142\u0105czony z domem, czy te\u017c postawi\u0105 Pa\u0144stwo gara\u017c wolnostoj\u0105cy? \u015awietnie. Teraz nadszed\u0142 czas na drugi krok, kt\u00f3rym jest wyb\u00f3r bramy gara\u017cowej. Uchylna, segmentowa, rolowana, skrzyd\u0142owa, przesuwna. Nie s\u0105 Pa\u0144stwo ekspertami i niewiele to Pa\u0144stwu m\u00f3wi? To \u017caden problem. Z przyjemno\u015bci\u0105 pomo\u017cemy w podj\u0119ciu decyzji i u\u0142atwimy wyb\u00f3r [&hellip;]","og_url":"https:\/\/gardeon.pl\/pl\/blog\/jak-wybrac-odpowiednia-brame-garazowa\/","og_site_name":"GARDEON","article_published_time":"2026-04-23T17:04:21+00:00","og_image":[{"width":2560,"height":1440,"url":"http:\/\/gardeon.pl\/wp-content\/uploads\/2016\/01\/gar\u00e1\u017eov\u00e1-br\u00e1na-hormann-scaled.jpg","type":"image\/jpeg"}],"author":"editor","twitter_card":"summary_large_image","twitter_misc":{"Napisane przez":"editor","Szacowany czas czytania":"3 minuty"},"schema":{"@context":"https:\/\/schema.org","@graph":[{"@type":"Article","@id":"https:\/\/gardeon.pl\/pl\/blog\/jak-wybrac-odpowiednia-brame-garazowa\/#article","isPartOf":{"@id":"https:\/\/gardeon.pl\/pl\/blog\/jak-wybrac-odpowiednia-brame-garazowa\/"},"author":{"name":"editor","@id":"https:\/\/gardeon.pl\/#\/schema\/person\/a5762ca5f0790bf92774af0899379463"},"headline":"Jak wybra\u0107 odpowiedni\u0105 bram\u0119 gara\u017cow\u0105?","datePublished":"2026-04-23T17:04:21+00:00","mainEntityOfPage":{"@id":"https:\/\/gardeon.pl\/pl\/blog\/jak-wybrac-odpowiednia-brame-garazowa\/"},"wordCount":666,"commentCount":0,"image":{"@id":"https:\/\/gardeon.pl\/pl\/blog\/jak-wybrac-odpowiednia-brame-garazowa\/#primaryimage"},"thumbnailUrl":"https:\/\/gardeon.pl\/wp-content\/uploads\/2016\/01\/gar\u00e1\u017eov\u00e1-br\u00e1na-hormann-scaled.jpg","articleSection":["Gara\u017ce blaszane"],"inLanguage":"pl-PL","potentialAction":[{"@type":"CommentAction","name":"Comment","target":["https:\/\/gardeon.pl\/pl\/blog\/jak-wybrac-odpowiednia-brame-garazowa\/#respond"]}]},{"@type":"WebPage","@id":"https:\/\/gardeon.pl\/pl\/blog\/jak-wybrac-odpowiednia-brame-garazowa\/","url":"https:\/\/gardeon.pl\/pl\/blog\/jak-wybrac-odpowiednia-brame-garazowa\/","name":"Jak wybra\u0107 odpowiedni\u0105 bram\u0119 gara\u017cow\u0105? - GARDEON","isPartOf":{"@id":"https:\/\/gardeon.pl\/#website"},"primaryImageOfPage":{"@id":"https:\/\/gardeon.pl\/pl\/blog\/jak-wybrac-odpowiednia-brame-garazowa\/#primaryimage"},"image":{"@id":"https:\/\/gardeon.pl\/pl\/blog\/jak-wybrac-odpowiednia-brame-garazowa\/#primaryimage"},"thumbnailUrl":"https:\/\/gardeon.pl\/wp-content\/uploads\/2016\/01\/gar\u00e1\u017eov\u00e1-br\u00e1na-hormann-scaled.jpg","datePublished":"2026-04-23T17:04:21+00:00","author":{"@id":"https:\/\/gardeon.pl\/#\/schema\/person\/a5762ca5f0790bf92774af0899379463"},"breadcrumb":{"@id":"https:\/\/gardeon.pl\/pl\/blog\/jak-wybrac-odpowiednia-brame-garazowa\/#breadcrumb"},"inLanguage":"pl-PL","potentialAction":[{"@type":"ReadAction","target":["https:\/\/gardeon.pl\/pl\/blog\/jak-wybrac-odpowiednia-brame-garazowa\/"]}]},{"@type":"ImageObject","inLanguage":"pl-PL","@id":"https:\/\/gardeon.pl\/pl\/blog\/jak-wybrac-odpowiednia-brame-garazowa\/#primaryimage","url":"https:\/\/gardeon.pl\/wp-content\/uploads\/2016\/01\/gar\u00e1\u017eov\u00e1-br\u00e1na-hormann-scaled.jpg","contentUrl":"https:\/\/gardeon.pl\/wp-content\/uploads\/2016\/01\/gar\u00e1\u017eov\u00e1-br\u00e1na-hormann-scaled.jpg","width":2560,"height":1440,"caption":"Segmentowa brama gara\u017cowa H\u00f6rmann"},{"@type":"BreadcrumbList","@id":"https:\/\/gardeon.pl\/pl\/blog\/jak-wybrac-odpowiednia-brame-garazowa\/#breadcrumb","itemListElement":[{"@type":"ListItem","position":1,"name":"Domov","item":"https:\/\/gardeon.pl\/pl\/"},{"@type":"ListItem","position":2,"name":"Jak wybra\u0107 odpowiedni\u0105 bram\u0119 gara\u017cow\u0105?"}]},{"@type":"WebSite","@id":"https:\/\/gardeon.pl\/#website","url":"https:\/\/gardeon.pl\/","name":"GARDEON","description":"","potentialAction":[{"@type":"SearchAction","target":{"@type":"EntryPoint","urlTemplate":"https:\/\/gardeon.pl\/?s={search_term_string}"},"query-input":{"@type":"PropertyValueSpecification","valueRequired":true,"valueName":"search_term_string"}}],"inLanguage":"pl-PL"},{"@type":"Person","@id":"https:\/\/gardeon.pl\/#\/schema\/person\/a5762ca5f0790bf92774af0899379463","name":"editor","image":{"@type":"ImageObject","inLanguage":"pl-PL","@id":"https:\/\/secure.gravatar.com\/avatar\/2b748151c2c748327307fd289a91b3bdafdd9e64e2d000e65e53d6dcf11c5830?s=96&d=mm&r=g","url":"https:\/\/secure.gravatar.com\/avatar\/2b748151c2c748327307fd289a91b3bdafdd9e64e2d000e65e53d6dcf11c5830?s=96&d=mm&r=g","contentUrl":"https:\/\/secure.gravatar.com\/avatar\/2b748151c2c748327307fd289a91b3bdafdd9e64e2d000e65e53d6dcf11c5830?s=96&d=mm&r=g","caption":"editor"}}]}},"_links":{"self":[{"href":"https:\/\/gardeon.pl\/pl\/wp-json\/wp\/v2\/posts\/46656","targetHints":{"allow":["GET"]}}],"collection":[{"href":"https:\/\/gardeon.pl\/pl\/wp-json\/wp\/v2\/posts"}],"about":[{"href":"https:\/\/gardeon.pl\/pl\/wp-json\/wp\/v2\/types\/post"}],"author":[{"embeddable":true,"href":"https:\/\/gardeon.pl\/pl\/wp-json\/wp\/v2\/users\/2"}],"replies":[{"embeddable":true,"href":"https:\/\/gardeon.pl\/pl\/wp-json\/wp\/v2\/comments?post=46656"}],"version-history":[{"count":0,"href":"https:\/\/gardeon.pl\/pl\/wp-json\/wp\/v2\/posts\/46656\/revisions"}],"wp:featuredmedia":[{"embeddable":true,"href":"https:\/\/gardeon.pl\/pl\/wp-json\/wp\/v2\/media\/46657"}],"wp:attachment":[{"href":"https:\/\/gardeon.pl\/pl\/wp-json\/wp\/v2\/media?parent=46656"}],"wp:term":[{"taxonomy":"category","embeddable":true,"href":"https:\/\/gardeon.pl\/pl\/wp-json\/wp\/v2\/categories?post=46656"},{"taxonomy":"post_tag","embeddable":true,"href":"https:\/\/gardeon.pl\/pl\/wp-json\/wp\/v2\/tags?post=46656"}],"curies":[{"name":"wp","href":"https:\/\/api.w.org\/{rel}","templated":true}]}}