{"id":46658,"date":"2026-04-23T19:04:21","date_gmt":"2026-04-23T17:04:21","guid":{"rendered":"https:\/\/gardeon.pl\/?p=46658"},"modified":"2026-04-23T19:04:21","modified_gmt":"2026-04-23T17:04:21","slug":"garaz-idealne-miejsce-dla-modelarzy","status":"publish","type":"post","link":"https:\/\/gardeon.pl\/pl\/blog\/garaz-idealne-miejsce-dla-modelarzy\/","title":{"rendered":"Gara\u017c \u2013 idealne miejsce dla modelarzy"},"content":{"rendered":"<p>Jest Pan modelarzem i szuka miejsca, w kt\u00f3rym m\u00f3g\u0142by stworzy\u0107 k\u0105cik dla swoich dzie\u0142, lub potrzebuje wi\u0119kszej przestrzeni do ich realizacji? Nie znosi Pan ju\u017c k\u0142\u00f3tni z rodzin\u0105 o to, \u017ce w salonie panuje ba\u0142agan, a w domu czu\u0107 klej? <\/p>\n<p>Je\u015bli w domu nie masz do dyspozycji osobnego pomieszczenia, gdzie mo\u017cna by si\u0119 swobodnie roz\u0142o\u017cy\u0107 z modelami i odpowiednim wyposa\u017ceniem, pod uwag\u0119 wchodz\u0105 takie miejsca jak strych, piwnica, domek ogrodowy czy gara\u017c. Podczas gdy na strychu i w piwnicy mo\u017cna \u201ewalczy\u0107\u201d z problemem niskich sufit\u00f3w, w przypadku gara\u017cu i domku ogrodowego nie trzeba si\u0119 tego obawia\u0107. <\/p>\n<p><!--more--><\/p>\n<h3>Gara\u017c \u2013 w\u0142a\u015bciwe miejsce na Pana hobby<\/h3>\n<p>Przestronn\u0105 powierzchni\u0119 do realizacji i przechowywania gotowych modeli oferuje przede wszystkim gara\u017c na dwa samochody<b>.<\/b> Nie nale\u017cy jednak rozpacza\u0107 nawet przy mniejszych wymiarach. Stworzenie przestrzeni, kt\u00f3ra zapewni nie tylko wystarczaj\u0105co du\u017co miejsca, ale gdzie b\u0119dzie mia\u0142 Pan wszystko, czego potrzebuje, a przede wszystkim pod r\u0119k\u0105, nie jest niczym trudnym. A je\u015bli akurat nie buduje Pan samolotu w rzeczywistych rozmiarach, zmie\u015bci si\u0119 w gara\u017cu wygodnie razem z Pana samochodem.  <\/p>\n<p>Aby m\u00f3c modelowa\u0107 w gara\u017cu, idealnie jest wyposa\u017cy\u0107 gara\u017c w mo\u017cliwo\u015b\u0107 termoregulacji i bie\u017c\u0105c\u0105 wod\u0119. Nie jest to jednak konieczno\u015b\u0107. Wa\u017cne jest, aby zapewnia\u0142 prywatno\u015b\u0107. Nie bez znaczenia jest r\u00f3wnie\u017c zadowolenie \u017cony i rodziny z pracowni modelarskiej w gara\u017cu. W ko\u0144cu modelarstwo zazwyczaj nie jest synonimem porz\u0105dku. Koniec z k\u0142\u00f3tniami o ba\u0142agan! Gdy zako\u0144czy Pan prac\u0119, zacznie Pan znowu tam, gdzie Pan przerwa\u0142. Zaoszcz\u0119dzi Pan w ten spos\u00f3b czas i uwolni si\u0119 od obowi\u0105zku ci\u0105g\u0142ego sprz\u0105tania, czyszczenia sto\u0142u, pod\u0142ogi i tym podobnych.       <\/p>\n<p>Nie do pomini\u0119cia jest r\u00f3wnie\u017c bezpiecze\u0144stwo, kt\u00f3re gara\u017c zagwarantuje dla Pana dzieci. Z pewno\u015bci\u0105 bardziej ni\u017c jakiekolwiek pomieszczenie w domu zmniejszy ryzyko po\u0142kni\u0119cia ma\u0142ych cz\u0119\u015bci, wdychania u\u017cywanej chemii czy zranienia ostrymi przedmiotami. Tak\u017ce gotowe modele b\u0119d\u0105 bezpieczniejsze przed ma\u0142ymi r\u0105czkami.  <\/p>\n<p>A propos, chemia. Gara\u017c zapewnia r\u00f3wnie\u017c mo\u017cliwo\u015b\u0107 nieprzerwanej wentylacji, kt\u00f3ra jest istotna przy u\u017cywaniu farb, lakier\u00f3w, rozcie\u0144czalnik\u00f3w i podobnych preparat\u00f3w. Wystarczy otworzy\u0107 bram\u0119, okno lub wyposa\u017cy\u0107 gara\u017c w wysokiej jako\u015bci system wentylacyjny.   <img loading=\"lazy\" decoding=\"async\" class=\"aligncenter wp-image-6531\" src=\"http:\/\/gardeon.pl\/wp-content\/uploads\/2014\/10\/hotov%C3%A1-gar%C3%A1%C5%BE-1024x681.jpg\" alt=\"Designerski modu\u0142owy gara\u017c na dwa samochody\" width=\"800\" height=\"532\"><\/p>\n<h3>Must have, czyli bez czego nie ob\u0119dzie si\u0119 Pan w gara\u017cu<\/h3>\n<p>Konkretne wyposa\u017cenie gara\u017cu jako pracowni modelarskiej jest oczywi\u015bcie indywidualne i zale\u017cy od rodzaju modelarstwa, kt\u00f3rym si\u0119 Pan zajmuje. Niekt\u00f3re rzeczy potrzebuje jednak ka\u017cdy modelarz. <\/p>\n<p>W pierwszej kolejno\u015bci jest to solidny st\u00f3\u0142. Praktyczny mo\u017ce by\u0107 w kszta\u0142cie litery \u201eL\u201d, kt\u00f3ry umieszczony w rogu nie zajmie wiele miejsca, ale zapewni wystarczaj\u0105co du\u017co przestrzeni i komfortu, aby mie\u0107 wszystko pod r\u0119k\u0105. Do tego wystarczy ju\u017c tylko wygodne krzes\u0142o lub fotel, a podstawa modelarskiej pracowni jest zapewniona.  <\/p>\n<p>Wa\u017cne s\u0105 oczywi\u015bcie wysokiej jako\u015bci warunki o\u015bwietleniowe. W gara\u017cu zazwyczaj panuje mrok. Wyposa\u017cenie si\u0119 zatem w dobr\u0105 lamp\u0119 z wysokiej jako\u015bci \u017car\u00f3wkami jest konieczno\u015bci\u0105.  <\/p>\n<p>Osobnym rozdzia\u0142em jest przestrze\u0144 do przechowywania modeli w trakcie realizacji i gotowych. Idealny jest system rega\u0142owy lub kilka gablot na uko\u0144czone egzemplarze. W gara\u017cu mo\u017cna r\u00f3wnie\u017c stworzy\u0107 doskona\u0142\u0105 przestrze\u0144 do przechowywania r\u00f3\u017cnych akcesori\u00f3w, kt\u00f3re s\u0105 potrzebne do modelowania. Tutaj mo\u017ce Pan przejrzy\u015bcie przechowywa\u0107 drobne narz\u0119dzia czy niezb\u0119dne \u015brodki chemiczne \u2013 czy to wed\u0142ug kolor\u00f3w, producenta, cz\u0119stotliwo\u015bci u\u017cywania. To zale\u017cy tylko od Pana.    <\/p>\n<p>Najwi\u0119ksi pasjonaci potrzebuj\u0105 do pracy cz\u0119sto jednego czy dw\u00f3ch kompresor\u00f3w, r\u00f3\u017cnych szlifierek, imad\u0142a lub tokarki. A gdzie indziej ni\u017c w gara\u017cu mo\u017ce Pan sobie to wszystko wyobrazi\u0107? <\/p>\n<p>Je\u015bli swoj\u0105 przestrze\u0144 modelarsk\u0105 traktuje Pan r\u00f3wnie\u017c jako prywatn\u0105 oaz\u0119 spokoju, nie zapomina Pan tak\u017ce o komputerze i dost\u0119pie do internetu. Chce Pan przecie\u017c by\u0107 w kontakcie z reszt\u0105 spo\u0142eczno\u015bci modelarskiej. Ponadto mo\u017ce Pan w ka\u017cdej chwili obejrze\u0107 instrukcje w internecie lub znale\u017a\u0107 dobre rady od innych. Nawet najbardziej do\u015bwiadczony modelarz czasami potrzebuje porady czy inspiracji.   <\/p>\n<p><b>Pu\u0142apki w gara\u017cu<\/b><\/p>\n<p>Modelowanie w gara\u017cu ma wiele zalet, ale i tutaj trzeba uwa\u017ca\u0107 na kilka pu\u0142apek. Jedn\u0105 z nich jest zanieczyszczenie spalinami. Przy otwieraniu bramy gara\u017cowej mo\u017ce Pan zosta\u0107 zaskoczony przeci\u0105giem czy wiatrem.  <\/p>\n<p>Je\u015bli chodzi o pod\u0142og\u0119, idealnie jest unikn\u0105\u0107 zimnego betonu. Z jednej strony b\u0119dzie Panu na nim zimno w gara\u017cu, a z drugiej strony u\u017cyciem innego materia\u0142u ochroni Pan wyposa\u017cenie i modele przed nieprzyjemnymi zimowymi mrozami. I wreszcie wilgo\u0107. Nie tylko modelarze papierowi musz\u0105 pilnowa\u0107 wilgotno\u015bci \u015brodowiska, w kt\u00f3rym pracuj\u0105.   <\/p>\n","protected":false},"excerpt":{"rendered":"<p>Jest Pan modelarzem i szuka miejsca, w kt\u00f3rym m\u00f3g\u0142by stworzy\u0107 k\u0105cik dla swoich dzie\u0142, lub potrzebuje wi\u0119kszej przestrzeni do ich realizacji? Nie znosi Pan ju\u017c k\u0142\u00f3tni z rodzin\u0105 o to, \u017ce w salonie panuje ba\u0142agan, a w domu czu\u0107 klej? Je\u015bli w domu nie masz do dyspozycji osobnego pomieszczenia, gdzie mo\u017cna by si\u0119 swobodnie roz\u0142o\u017cy\u0107 [&hellip;]<\/p>\n","protected":false},"author":2,"featured_media":46659,"comment_status":"open","ping_status":"open","sticky":false,"template":"","format":"standard","meta":{"_acf_changed":false,"inline_featured_image":false,"footnotes":""},"categories":[578],"tags":[],"class_list":["post-46658","post","type-post","status-publish","format-standard","has-post-thumbnail","hentry","category-garaze-blaszane"],"acf":[],"yoast_head":"<!-- This site is optimized with the Yoast SEO plugin v27.4 - https:\/\/yoast.com\/product\/yoast-seo-wordpress\/ -->\n<title>Gara\u017c \u2013 idealne miejsce dla modelarzy - GARDEON<\/title>\n<meta name=\"robots\" content=\"index, follow, max-snippet:-1, max-image-preview:large, max-video-preview:-1\" \/>\n<link rel=\"canonical\" href=\"https:\/\/gardeon.pl\/pl\/blog\/garaz-idealne-miejsce-dla-modelarzy\/\" \/>\n<meta property=\"og:locale\" content=\"pl_PL\" \/>\n<meta property=\"og:type\" content=\"article\" \/>\n<meta property=\"og:title\" content=\"Gara\u017c \u2013 idealne miejsce dla modelarzy - GARDEON\" \/>\n<meta property=\"og:description\" content=\"Jest Pan modelarzem i szuka miejsca, w kt\u00f3rym m\u00f3g\u0142by stworzy\u0107 k\u0105cik dla swoich dzie\u0142, lub potrzebuje wi\u0119kszej przestrzeni do ich realizacji? Nie znosi Pan ju\u017c k\u0142\u00f3tni z rodzin\u0105 o to, \u017ce w salonie panuje ba\u0142agan, a w domu czu\u0107 klej? Je\u015bli w domu nie masz do dyspozycji osobnego pomieszczenia, gdzie mo\u017cna by si\u0119 swobodnie roz\u0142o\u017cy\u0107 [&hellip;]\" \/>\n<meta property=\"og:url\" content=\"https:\/\/gardeon.pl\/pl\/blog\/garaz-idealne-miejsce-dla-modelarzy\/\" \/>\n<meta property=\"og:site_name\" content=\"GARDEON\" \/>\n<meta property=\"article:published_time\" content=\"2026-04-23T17:04:21+00:00\" \/>\n<meta property=\"og:image\" content=\"http:\/\/gardeon.pl\/wp-content\/uploads\/2017\/03\/modelar.jpg\" \/>\n\t<meta property=\"og:image:width\" content=\"640\" \/>\n\t<meta property=\"og:image:height\" content=\"427\" \/>\n\t<meta property=\"og:image:type\" content=\"image\/jpeg\" \/>\n<meta name=\"author\" content=\"editor\" \/>\n<meta name=\"twitter:card\" content=\"summary_large_image\" \/>\n<meta name=\"twitter:label1\" content=\"Napisane przez\" \/>\n\t<meta name=\"twitter:data1\" content=\"editor\" \/>\n\t<meta name=\"twitter:label2\" content=\"Szacowany czas czytania\" \/>\n\t<meta name=\"twitter:data2\" content=\"4 minuty\" \/>\n<script type=\"application\/ld+json\" class=\"yoast-schema-graph\">{\"@context\":\"https:\\\/\\\/schema.org\",\"@graph\":[{\"@type\":\"Article\",\"@id\":\"https:\\\/\\\/gardeon.pl\\\/pl\\\/blog\\\/garaz-idealne-miejsce-dla-modelarzy\\\/#article\",\"isPartOf\":{\"@id\":\"https:\\\/\\\/gardeon.pl\\\/pl\\\/blog\\\/garaz-idealne-miejsce-dla-modelarzy\\\/\"},\"author\":{\"name\":\"editor\",\"@id\":\"https:\\\/\\\/gardeon.pl\\\/#\\\/schema\\\/person\\\/a5762ca5f0790bf92774af0899379463\"},\"headline\":\"Gara\u017c \u2013 idealne miejsce dla modelarzy\",\"datePublished\":\"2026-04-23T17:04:21+00:00\",\"mainEntityOfPage\":{\"@id\":\"https:\\\/\\\/gardeon.pl\\\/pl\\\/blog\\\/garaz-idealne-miejsce-dla-modelarzy\\\/\"},\"wordCount\":814,\"commentCount\":0,\"image\":{\"@id\":\"https:\\\/\\\/gardeon.pl\\\/pl\\\/blog\\\/garaz-idealne-miejsce-dla-modelarzy\\\/#primaryimage\"},\"thumbnailUrl\":\"https:\\\/\\\/gardeon.pl\\\/wp-content\\\/uploads\\\/2017\\\/03\\\/modelar.jpg\",\"articleSection\":[\"Gara\u017ce blaszane\"],\"inLanguage\":\"pl-PL\",\"potentialAction\":[{\"@type\":\"CommentAction\",\"name\":\"Comment\",\"target\":[\"https:\\\/\\\/gardeon.pl\\\/pl\\\/blog\\\/garaz-idealne-miejsce-dla-modelarzy\\\/#respond\"]}]},{\"@type\":\"WebPage\",\"@id\":\"https:\\\/\\\/gardeon.pl\\\/pl\\\/blog\\\/garaz-idealne-miejsce-dla-modelarzy\\\/\",\"url\":\"https:\\\/\\\/gardeon.pl\\\/pl\\\/blog\\\/garaz-idealne-miejsce-dla-modelarzy\\\/\",\"name\":\"Gara\u017c \u2013 idealne miejsce dla modelarzy - GARDEON\",\"isPartOf\":{\"@id\":\"https:\\\/\\\/gardeon.pl\\\/#website\"},\"primaryImageOfPage\":{\"@id\":\"https:\\\/\\\/gardeon.pl\\\/pl\\\/blog\\\/garaz-idealne-miejsce-dla-modelarzy\\\/#primaryimage\"},\"image\":{\"@id\":\"https:\\\/\\\/gardeon.pl\\\/pl\\\/blog\\\/garaz-idealne-miejsce-dla-modelarzy\\\/#primaryimage\"},\"thumbnailUrl\":\"https:\\\/\\\/gardeon.pl\\\/wp-content\\\/uploads\\\/2017\\\/03\\\/modelar.jpg\",\"datePublished\":\"2026-04-23T17:04:21+00:00\",\"author\":{\"@id\":\"https:\\\/\\\/gardeon.pl\\\/#\\\/schema\\\/person\\\/a5762ca5f0790bf92774af0899379463\"},\"breadcrumb\":{\"@id\":\"https:\\\/\\\/gardeon.pl\\\/pl\\\/blog\\\/garaz-idealne-miejsce-dla-modelarzy\\\/#breadcrumb\"},\"inLanguage\":\"pl-PL\",\"potentialAction\":[{\"@type\":\"ReadAction\",\"target\":[\"https:\\\/\\\/gardeon.pl\\\/pl\\\/blog\\\/garaz-idealne-miejsce-dla-modelarzy\\\/\"]}]},{\"@type\":\"ImageObject\",\"inLanguage\":\"pl-PL\",\"@id\":\"https:\\\/\\\/gardeon.pl\\\/pl\\\/blog\\\/garaz-idealne-miejsce-dla-modelarzy\\\/#primaryimage\",\"url\":\"https:\\\/\\\/gardeon.pl\\\/wp-content\\\/uploads\\\/2017\\\/03\\\/modelar.jpg\",\"contentUrl\":\"https:\\\/\\\/gardeon.pl\\\/wp-content\\\/uploads\\\/2017\\\/03\\\/modelar.jpg\",\"width\":640,\"height\":427,\"caption\":\"M\u0119\u017cczyzna modeluje samolot\"},{\"@type\":\"BreadcrumbList\",\"@id\":\"https:\\\/\\\/gardeon.pl\\\/pl\\\/blog\\\/garaz-idealne-miejsce-dla-modelarzy\\\/#breadcrumb\",\"itemListElement\":[{\"@type\":\"ListItem\",\"position\":1,\"name\":\"Domov\",\"item\":\"https:\\\/\\\/gardeon.pl\\\/pl\\\/\"},{\"@type\":\"ListItem\",\"position\":2,\"name\":\"Gara\u017c \u2013 idealne miejsce dla modelarzy\"}]},{\"@type\":\"WebSite\",\"@id\":\"https:\\\/\\\/gardeon.pl\\\/#website\",\"url\":\"https:\\\/\\\/gardeon.pl\\\/\",\"name\":\"GARDEON\",\"description\":\"\",\"potentialAction\":[{\"@type\":\"SearchAction\",\"target\":{\"@type\":\"EntryPoint\",\"urlTemplate\":\"https:\\\/\\\/gardeon.pl\\\/?s={search_term_string}\"},\"query-input\":{\"@type\":\"PropertyValueSpecification\",\"valueRequired\":true,\"valueName\":\"search_term_string\"}}],\"inLanguage\":\"pl-PL\"},{\"@type\":\"Person\",\"@id\":\"https:\\\/\\\/gardeon.pl\\\/#\\\/schema\\\/person\\\/a5762ca5f0790bf92774af0899379463\",\"name\":\"editor\",\"image\":{\"@type\":\"ImageObject\",\"inLanguage\":\"pl-PL\",\"@id\":\"https:\\\/\\\/secure.gravatar.com\\\/avatar\\\/2b748151c2c748327307fd289a91b3bdafdd9e64e2d000e65e53d6dcf11c5830?s=96&d=mm&r=g\",\"url\":\"https:\\\/\\\/secure.gravatar.com\\\/avatar\\\/2b748151c2c748327307fd289a91b3bdafdd9e64e2d000e65e53d6dcf11c5830?s=96&d=mm&r=g\",\"contentUrl\":\"https:\\\/\\\/secure.gravatar.com\\\/avatar\\\/2b748151c2c748327307fd289a91b3bdafdd9e64e2d000e65e53d6dcf11c5830?s=96&d=mm&r=g\",\"caption\":\"editor\"}}]}<\/script>\n<!-- \/ Yoast SEO plugin. -->","yoast_head_json":{"title":"Gara\u017c \u2013 idealne miejsce dla modelarzy - GARDEON","robots":{"index":"index","follow":"follow","max-snippet":"max-snippet:-1","max-image-preview":"max-image-preview:large","max-video-preview":"max-video-preview:-1"},"canonical":"https:\/\/gardeon.pl\/pl\/blog\/garaz-idealne-miejsce-dla-modelarzy\/","og_locale":"pl_PL","og_type":"article","og_title":"Gara\u017c \u2013 idealne miejsce dla modelarzy - GARDEON","og_description":"Jest Pan modelarzem i szuka miejsca, w kt\u00f3rym m\u00f3g\u0142by stworzy\u0107 k\u0105cik dla swoich dzie\u0142, lub potrzebuje wi\u0119kszej przestrzeni do ich realizacji? Nie znosi Pan ju\u017c k\u0142\u00f3tni z rodzin\u0105 o to, \u017ce w salonie panuje ba\u0142agan, a w domu czu\u0107 klej? Je\u015bli w domu nie masz do dyspozycji osobnego pomieszczenia, gdzie mo\u017cna by si\u0119 swobodnie roz\u0142o\u017cy\u0107 [&hellip;]","og_url":"https:\/\/gardeon.pl\/pl\/blog\/garaz-idealne-miejsce-dla-modelarzy\/","og_site_name":"GARDEON","article_published_time":"2026-04-23T17:04:21+00:00","og_image":[{"width":640,"height":427,"url":"http:\/\/gardeon.pl\/wp-content\/uploads\/2017\/03\/modelar.jpg","type":"image\/jpeg"}],"author":"editor","twitter_card":"summary_large_image","twitter_misc":{"Napisane przez":"editor","Szacowany czas czytania":"4 minuty"},"schema":{"@context":"https:\/\/schema.org","@graph":[{"@type":"Article","@id":"https:\/\/gardeon.pl\/pl\/blog\/garaz-idealne-miejsce-dla-modelarzy\/#article","isPartOf":{"@id":"https:\/\/gardeon.pl\/pl\/blog\/garaz-idealne-miejsce-dla-modelarzy\/"},"author":{"name":"editor","@id":"https:\/\/gardeon.pl\/#\/schema\/person\/a5762ca5f0790bf92774af0899379463"},"headline":"Gara\u017c \u2013 idealne miejsce dla modelarzy","datePublished":"2026-04-23T17:04:21+00:00","mainEntityOfPage":{"@id":"https:\/\/gardeon.pl\/pl\/blog\/garaz-idealne-miejsce-dla-modelarzy\/"},"wordCount":814,"commentCount":0,"image":{"@id":"https:\/\/gardeon.pl\/pl\/blog\/garaz-idealne-miejsce-dla-modelarzy\/#primaryimage"},"thumbnailUrl":"https:\/\/gardeon.pl\/wp-content\/uploads\/2017\/03\/modelar.jpg","articleSection":["Gara\u017ce blaszane"],"inLanguage":"pl-PL","potentialAction":[{"@type":"CommentAction","name":"Comment","target":["https:\/\/gardeon.pl\/pl\/blog\/garaz-idealne-miejsce-dla-modelarzy\/#respond"]}]},{"@type":"WebPage","@id":"https:\/\/gardeon.pl\/pl\/blog\/garaz-idealne-miejsce-dla-modelarzy\/","url":"https:\/\/gardeon.pl\/pl\/blog\/garaz-idealne-miejsce-dla-modelarzy\/","name":"Gara\u017c \u2013 idealne miejsce dla modelarzy - GARDEON","isPartOf":{"@id":"https:\/\/gardeon.pl\/#website"},"primaryImageOfPage":{"@id":"https:\/\/gardeon.pl\/pl\/blog\/garaz-idealne-miejsce-dla-modelarzy\/#primaryimage"},"image":{"@id":"https:\/\/gardeon.pl\/pl\/blog\/garaz-idealne-miejsce-dla-modelarzy\/#primaryimage"},"thumbnailUrl":"https:\/\/gardeon.pl\/wp-content\/uploads\/2017\/03\/modelar.jpg","datePublished":"2026-04-23T17:04:21+00:00","author":{"@id":"https:\/\/gardeon.pl\/#\/schema\/person\/a5762ca5f0790bf92774af0899379463"},"breadcrumb":{"@id":"https:\/\/gardeon.pl\/pl\/blog\/garaz-idealne-miejsce-dla-modelarzy\/#breadcrumb"},"inLanguage":"pl-PL","potentialAction":[{"@type":"ReadAction","target":["https:\/\/gardeon.pl\/pl\/blog\/garaz-idealne-miejsce-dla-modelarzy\/"]}]},{"@type":"ImageObject","inLanguage":"pl-PL","@id":"https:\/\/gardeon.pl\/pl\/blog\/garaz-idealne-miejsce-dla-modelarzy\/#primaryimage","url":"https:\/\/gardeon.pl\/wp-content\/uploads\/2017\/03\/modelar.jpg","contentUrl":"https:\/\/gardeon.pl\/wp-content\/uploads\/2017\/03\/modelar.jpg","width":640,"height":427,"caption":"M\u0119\u017cczyzna modeluje samolot"},{"@type":"BreadcrumbList","@id":"https:\/\/gardeon.pl\/pl\/blog\/garaz-idealne-miejsce-dla-modelarzy\/#breadcrumb","itemListElement":[{"@type":"ListItem","position":1,"name":"Domov","item":"https:\/\/gardeon.pl\/pl\/"},{"@type":"ListItem","position":2,"name":"Gara\u017c \u2013 idealne miejsce dla modelarzy"}]},{"@type":"WebSite","@id":"https:\/\/gardeon.pl\/#website","url":"https:\/\/gardeon.pl\/","name":"GARDEON","description":"","potentialAction":[{"@type":"SearchAction","target":{"@type":"EntryPoint","urlTemplate":"https:\/\/gardeon.pl\/?s={search_term_string}"},"query-input":{"@type":"PropertyValueSpecification","valueRequired":true,"valueName":"search_term_string"}}],"inLanguage":"pl-PL"},{"@type":"Person","@id":"https:\/\/gardeon.pl\/#\/schema\/person\/a5762ca5f0790bf92774af0899379463","name":"editor","image":{"@type":"ImageObject","inLanguage":"pl-PL","@id":"https:\/\/secure.gravatar.com\/avatar\/2b748151c2c748327307fd289a91b3bdafdd9e64e2d000e65e53d6dcf11c5830?s=96&d=mm&r=g","url":"https:\/\/secure.gravatar.com\/avatar\/2b748151c2c748327307fd289a91b3bdafdd9e64e2d000e65e53d6dcf11c5830?s=96&d=mm&r=g","contentUrl":"https:\/\/secure.gravatar.com\/avatar\/2b748151c2c748327307fd289a91b3bdafdd9e64e2d000e65e53d6dcf11c5830?s=96&d=mm&r=g","caption":"editor"}}]}},"_links":{"self":[{"href":"https:\/\/gardeon.pl\/pl\/wp-json\/wp\/v2\/posts\/46658","targetHints":{"allow":["GET"]}}],"collection":[{"href":"https:\/\/gardeon.pl\/pl\/wp-json\/wp\/v2\/posts"}],"about":[{"href":"https:\/\/gardeon.pl\/pl\/wp-json\/wp\/v2\/types\/post"}],"author":[{"embeddable":true,"href":"https:\/\/gardeon.pl\/pl\/wp-json\/wp\/v2\/users\/2"}],"replies":[{"embeddable":true,"href":"https:\/\/gardeon.pl\/pl\/wp-json\/wp\/v2\/comments?post=46658"}],"version-history":[{"count":0,"href":"https:\/\/gardeon.pl\/pl\/wp-json\/wp\/v2\/posts\/46658\/revisions"}],"wp:featuredmedia":[{"embeddable":true,"href":"https:\/\/gardeon.pl\/pl\/wp-json\/wp\/v2\/media\/46659"}],"wp:attachment":[{"href":"https:\/\/gardeon.pl\/pl\/wp-json\/wp\/v2\/media?parent=46658"}],"wp:term":[{"taxonomy":"category","embeddable":true,"href":"https:\/\/gardeon.pl\/pl\/wp-json\/wp\/v2\/categories?post=46658"},{"taxonomy":"post_tag","embeddable":true,"href":"https:\/\/gardeon.pl\/pl\/wp-json\/wp\/v2\/tags?post=46658"}],"curies":[{"name":"wp","href":"https:\/\/api.w.org\/{rel}","templated":true}]}}