{"id":46673,"date":"2026-04-23T19:04:53","date_gmt":"2026-04-23T17:04:53","guid":{"rendered":"https:\/\/gardeon.pl\/?p=46673"},"modified":"2026-04-23T19:04:53","modified_gmt":"2026-04-23T17:04:53","slug":"przeksztalc-swoj-garaz-w-studio-fotograficzne","status":"publish","type":"post","link":"https:\/\/gardeon.pl\/pl\/blog\/przeksztalc-swoj-garaz-w-studio-fotograficzne\/","title":{"rendered":"Przekszta\u0142\u0107 sw\u00f3j gara\u017c w studio fotograficzne"},"content":{"rendered":"<p><em>Ka\u017cda dzia\u0142alno\u015b\u0107 artystyczna wymaga odpowiedniego miejsca do jej realizacji. Je\u015bli jest Pan\/Pani pocz\u0105tkuj\u0105cym fotografem lub fotografuje dla przyjemno\u015bci, gara\u017c mo\u017ce by\u0107 idealnym miejscem na Pana\/Pani hobby. Nie oznacza to jednak, \u017ce Pana\/Pani domowe studio gara\u017cowe nie mo\u017ce wygl\u0105da\u0107 profesjonalnie. Zale\u017cy to wy\u0142\u0105cznie od tego, jak je Pan\/Pani urz\u0105dzi.   <\/em><\/p>\n<p><!--more--><\/p>\n<h2><b>Zalety studia fotograficznego w gara\u017cu<\/b><\/h2>\n<p>By\u0107 mo\u017ce zastanawiaj\u0105 si\u0119 Pa\u0144stwo, dlaczego to w\u0142a\u015bnie gara\u017c, a nie jakiekolwiek inne pomieszczenie w domu, nadaje si\u0119 na studio fotograficzne. Przede wszystkim zapewnia on wystarczaj\u0105c\u0105 prywatno\u015b\u0107 i \u201espok\u00f3j\u201d od reszty rodziny, dzi\u0119ki czemu dzi\u0119ki gara\u017cowemu \u201ewygnaniu\u201d nie b\u0119d\u0105 Pa\u0144stwo wzajemnie sobie przeszkadza\u0107. Oddzielne studio oznacza jednak r\u00f3wnie\u017c prywatno\u015b\u0107 dla Pa\u0144stwa klient\u00f3w. Zawsze przyjemniej jest przebiera\u0107 si\u0119 lub przygotowywa\u0107 do sesji bezpo\u015brednio w atelier (nawet je\u015bli jest to domowy gara\u017c) ni\u017c w czyjej\u015b sypialni czy salonie. Jest to po prostu bardziej profesjonalne. K\u0105cik do przebierania si\u0119 mo\u017cna \u0142atwo stworzy\u0107, wykorzystuj\u0105c gustowne parawany lub prost\u0105 zas\u0142on\u0119 z kawa\u0142ka materia\u0142u.     <\/p>\n<p>&nbsp;<\/p>\n<p>Je\u015bli por\u00f3wnamy studio w gara\u017cu z wynajmem zewn\u0119trznych pomieszcze\u0144, najwi\u0119ksz\u0105 zalet\u0105 s\u0105 zaoszcz\u0119dzone pieni\u0105dze na czynsz. Ponadto urz\u0105dzi Pan\/Pani swoje miejsce wed\u0142ug w\u0142asnych wyobra\u017ce\u0144 i nie musi si\u0119 Pan\/Pani w niczym dostosowywa\u0107 do warunk\u00f3w wynajmuj\u0105cego. Wreszcie jest Pan\/Pani u siebie. Kolejn\u0105 zalet\u0105 jest blisko\u015b\u0107, poniewa\u017c nie musi Pan\/Pani nigdzie podr\u00f3\u017cowa\u0107. Opr\u00f3cz zalet nale\u017cy jednak zawsze obiektywnie rozwa\u017cy\u0107 r\u00f3wnie\u017c wady. Ograniczeniem mo\u017ce sta\u0107 si\u0119 na przyk\u0142ad niski sufit lub w\u0105ska przestrze\u0144. Je\u015bli jednak ma Pan\/Pani ju\u017c co\u015b sfotografowane, wie Pan\/Pani, \u017ce czasami wystarczy kilka sztuczek ze \u015bwiat\u0142em i problem jest rozwi\u0105zany.      <\/p>\n<h2><b>Jak przekszta\u0142ci\u0107 gara\u017c w studio fotograficzne?<\/b><\/h2>\n<p>Przede wszystkim chodzi o stworzenie przestrzeni, w kt\u00f3rej Pana\/Pani pierwsi klienci b\u0119d\u0105 czuli si\u0119 przyjemnie i komfortowo, a Pan\/Pani b\u0119dzie mia\u0142\/mia\u0142a dobre warunki do pracy. Prawdopodobnie bardzo szybko odkryje Pan\/Pani, \u017ce nie wystarczy tylko wyrzuci\u0107 z gara\u017cu ba\u0142agan i pomalowa\u0107 \u015bciany na bia\u0142o. Czeka Pana\/Pani\u0105 troch\u0119 pracy, ale nie ma si\u0119 czego obawia\u0107. Czasami wystarczy kilka dobrych pomys\u0142\u00f3w i zr\u0119czne r\u0119ce.   <img loading=\"lazy\" decoding=\"async\" class=\"aligncenter wp-image-8996\" src=\"http:\/\/gardeon.pl\/wp-content\/uploads\/2017\/04\/Spravte-si-z-gar%C3%A1%C5%BEe-foto%C5%A1t%C3%BAdio.jpg\" alt=\"Studio do fotografowania\" width=\"800\" height=\"559\"><\/p>\n<p><b>Pod\u0142oga<\/b><br \/>\nPod\u0142oga w Pana\/Pani studio powinna by\u0107 nie tylko estetyczna, ale r\u00f3wnie\u017c funkcjonalna. Oznacza to, \u017ce je\u015bli nie jest wystarczaj\u0105co r\u00f3wna lub ciep\u0142a, b\u0119dzie Pan\/Pani musia\u0142\/musia\u0142a j\u0105 przynajmniej troch\u0119 dostosowa\u0107. <\/p>\n<p><b>T\u0142o<\/b><br \/>\nNiejednokrotnie fotograf musi wypr\u00f3bowa\u0107 wi\u0119cej te\u0142, zanim znajdzie to odpowiednie dla danego typu sesji. Wyb\u00f3r odpowiedniego t\u0142a w gara\u017cu prawdopodobnie nie b\u0119dzie ca\u0142kiem prosty. Je\u015bli ma Pan\/Pani ograniczony bud\u017cet, nie musi Pan\/Pani na pocz\u0105tku swojej fotograficznej drogi kupowa\u0107 profesjonalnego p\u0142\u00f3tna. Jako tymczasowe rozwi\u0105zanie wystarcz\u0105 plandeki lub inne tkaniny w r\u00f3\u017cnych kolorach. Na pocz\u0105tek zalecamy prac\u0119 z co najmniej jednym bia\u0142ym i czarnym t\u0142em. Nale\u017cy jednak zadba\u0107 o to, aby przed fotografowaniem by\u0142y dobrze naci\u0105gni\u0119te i wyr\u00f3wnane. W przeciwnym razie fa\u0142dy i nier\u00f3wno\u015bci mog\u0142yby rzuca\u0107 na zdj\u0119ciach niechciane cienie. Przy ich mocowaniu pomog\u0105 ta\u015bma dywanowa i zaciski.       <\/p>\n<p><b>\u015awiat\u0142o<\/b><br \/>\nNajcz\u0119stszym kamieniem obrazy przy ka\u017cdej sesji fotograficznej jest \u015bwiat\u0142o. Szczeg\u00f3lnie dla pocz\u0105tkuj\u0105cego fotografa fotografowanie w r\u00f3\u017cnych warunkach \u015bwietlnych mo\u017ce by\u0107 wyzwaniem. Ka\u017cdy, kto cho\u0107 raz trzyma\u0142 w r\u0119ku aparat fotograficzny, wie, \u017ce jest du\u017ca r\u00f3\u017cnica mi\u0119dzy fotografowaniem przy naturalnym i sztucznym \u015bwietle. Oczywi\u015bcie jedno i drugie ma swoje zalety i wady. Mog\u0142oby si\u0119 wydawa\u0107, \u017ce fotografuj\u0105c w gara\u017cu, straci Pan\/Pani mo\u017cliwo\u015b\u0107 wykorzystania naturalnego \u015bwiat\u0142a. Przy pewnych warunkach, na przyk\u0142ad przy otwartych drzwiach gara\u017cu, je\u015bli s\u0105 wystarczaj\u0105co du\u017ce, mo\u017ce Pan\/Pani jednak je wykorzysta\u0107. Z kolei przy sztucznym o\u015bwietleniu mo\u017ce Pan\/Pani dzi\u0119ki reflektorom i przys\u0142onom wykorzysta\u0107 gr\u0119 cieni i dostosowa\u0107 \u015bwiat\u0142o tak, jak potrzebuje.      <\/p>\n<p><b>Rekwizyty<\/b><br \/>\nZawsze dobrze jest mie\u0107 pod r\u0119k\u0105 r\u00f3wnie\u017c kilka rekwizyt\u00f3w. Rozszerzy to mo\u017cliwo\u015b\u0107 wykonywania r\u00f3\u017cnych sesji tematycznych. Przydadz\u0105 si\u0119 r\u00f3wnie\u017c ciekawe elementy starych mebli, kwiaty, koce, zabawki, lustra i inne przedmioty, kt\u00f3re zwykle znajdzie Pan\/Pani r\u00f3wnie\u017c w domu. Je\u015bli nie ma Pan\/Pani wystarczaj\u0105co du\u017co przedmiot\u00f3w, kt\u00f3re mo\u017cna by wykorzysta\u0107 jako rekwizyty, warto odwiedzi\u0107 kilka bazar\u00f3w. Cz\u0119sto mo\u017cna tam znale\u017a\u0107 ciekawe elementy za niewielkie pieni\u0105dze.    <\/p>\n<p><b>St\u00f3\u0142 roboczy <\/b><\/p>\n<p>Je\u015bli metra\u017c gara\u017cu na to pozwala, warto stworzy\u0107 w nim r\u00f3wnie\u017c \u201ew\u0142asn\u0105\u201d przestrze\u0144 z biurkiem i komputerem, na kt\u00f3rym b\u0119dzie mo\u017cna nie tylko edytowa\u0107 zdj\u0119cia, ale tak\u017ce konsultowa\u0107 je z klientami. <img loading=\"lazy\" decoding=\"async\" class=\"aligncenter wp-image-8996\" src=\"http:\/\/gardeon.pl\/wp-content\/uploads\/2017\/04\/Spravte-si-z-gar%C3%A1%C5%BEe-foto%C5%A1t%C3%BAdio.jpg\" alt=\"Studio fotograficzne w gara\u017cu\" width=\"800\" height=\"559\"><\/p>\n","protected":false},"excerpt":{"rendered":"<p>Ka\u017cda dzia\u0142alno\u015b\u0107 artystyczna wymaga odpowiedniego miejsca do jej realizacji. Je\u015bli jest Pan\/Pani pocz\u0105tkuj\u0105cym fotografem lub fotografuje dla przyjemno\u015bci, gara\u017c mo\u017ce by\u0107 idealnym miejscem na Pana\/Pani hobby. Nie oznacza to jednak, \u017ce Pana\/Pani domowe studio gara\u017cowe nie mo\u017ce wygl\u0105da\u0107 profesjonalnie. Zale\u017cy to wy\u0142\u0105cznie od tego, jak je Pan\/Pani urz\u0105dzi.<\/p>\n","protected":false},"author":2,"featured_media":46676,"comment_status":"open","ping_status":"open","sticky":false,"template":"","format":"standard","meta":{"_acf_changed":false,"inline_featured_image":false,"footnotes":""},"categories":[578,580],"tags":[],"class_list":["post-46673","post","type-post","status-publish","format-standard","has-post-thumbnail","hentry","category-garaze-blaszane","category-jak-to-zrobic-garaze-diy"],"acf":[],"yoast_head":"<!-- This site is optimized with the Yoast SEO plugin v27.4 - https:\/\/yoast.com\/product\/yoast-seo-wordpress\/ -->\n<title>Przekszta\u0142\u0107 sw\u00f3j gara\u017c w studio fotograficzne - GARDEON<\/title>\n<meta name=\"robots\" content=\"index, follow, max-snippet:-1, max-image-preview:large, max-video-preview:-1\" \/>\n<link rel=\"canonical\" href=\"https:\/\/gardeon.pl\/pl\/blog\/przeksztalc-swoj-garaz-w-studio-fotograficzne\/\" \/>\n<meta property=\"og:locale\" content=\"pl_PL\" \/>\n<meta property=\"og:type\" content=\"article\" \/>\n<meta property=\"og:title\" content=\"Przekszta\u0142\u0107 sw\u00f3j gara\u017c w studio fotograficzne - GARDEON\" \/>\n<meta property=\"og:description\" content=\"Ka\u017cda dzia\u0142alno\u015b\u0107 artystyczna wymaga odpowiedniego miejsca do jej realizacji. Je\u015bli jest Pan\/Pani pocz\u0105tkuj\u0105cym fotografem lub fotografuje dla przyjemno\u015bci, gara\u017c mo\u017ce by\u0107 idealnym miejscem na Pana\/Pani hobby. Nie oznacza to jednak, \u017ce Pana\/Pani domowe studio gara\u017cowe nie mo\u017ce wygl\u0105da\u0107 profesjonalnie. Zale\u017cy to wy\u0142\u0105cznie od tego, jak je Pan\/Pani urz\u0105dzi.\" \/>\n<meta property=\"og:url\" content=\"https:\/\/gardeon.pl\/pl\/blog\/przeksztalc-swoj-garaz-w-studio-fotograficzne\/\" \/>\n<meta property=\"og:site_name\" content=\"GARDEON\" \/>\n<meta property=\"article:published_time\" content=\"2026-04-23T17:04:53+00:00\" \/>\n<meta property=\"og:image\" content=\"http:\/\/gardeon.pl\/wp-content\/uploads\/2017\/04\/index-1.jpg\" \/>\n\t<meta property=\"og:image:width\" content=\"1268\" \/>\n\t<meta property=\"og:image:height\" content=\"350\" \/>\n\t<meta property=\"og:image:type\" content=\"image\/jpeg\" \/>\n<meta name=\"author\" content=\"editor\" \/>\n<meta name=\"twitter:card\" content=\"summary_large_image\" \/>\n<meta name=\"twitter:label1\" content=\"Napisane przez\" \/>\n\t<meta name=\"twitter:data1\" content=\"editor\" \/>\n\t<meta name=\"twitter:label2\" content=\"Szacowany czas czytania\" \/>\n\t<meta name=\"twitter:data2\" content=\"4 minuty\" \/>\n<script type=\"application\/ld+json\" class=\"yoast-schema-graph\">{\"@context\":\"https:\\\/\\\/schema.org\",\"@graph\":[{\"@type\":\"Article\",\"@id\":\"https:\\\/\\\/gardeon.pl\\\/pl\\\/blog\\\/przeksztalc-swoj-garaz-w-studio-fotograficzne\\\/#article\",\"isPartOf\":{\"@id\":\"https:\\\/\\\/gardeon.pl\\\/pl\\\/blog\\\/przeksztalc-swoj-garaz-w-studio-fotograficzne\\\/\"},\"author\":{\"name\":\"editor\",\"@id\":\"https:\\\/\\\/gardeon.pl\\\/#\\\/schema\\\/person\\\/a5762ca5f0790bf92774af0899379463\"},\"headline\":\"Przekszta\u0142\u0107 sw\u00f3j gara\u017c w studio fotograficzne\",\"datePublished\":\"2026-04-23T17:04:53+00:00\",\"mainEntityOfPage\":{\"@id\":\"https:\\\/\\\/gardeon.pl\\\/pl\\\/blog\\\/przeksztalc-swoj-garaz-w-studio-fotograficzne\\\/\"},\"wordCount\":834,\"commentCount\":0,\"image\":{\"@id\":\"https:\\\/\\\/gardeon.pl\\\/pl\\\/blog\\\/przeksztalc-swoj-garaz-w-studio-fotograficzne\\\/#primaryimage\"},\"thumbnailUrl\":\"https:\\\/\\\/gardeon.pl\\\/wp-content\\\/uploads\\\/2017\\\/04\\\/index-1.jpg\",\"articleSection\":[\"Gara\u017ce blaszane\",\"Jak to zrobi\u0107 \u2013 gara\u017ce | DIY\"],\"inLanguage\":\"pl-PL\",\"potentialAction\":[{\"@type\":\"CommentAction\",\"name\":\"Comment\",\"target\":[\"https:\\\/\\\/gardeon.pl\\\/pl\\\/blog\\\/przeksztalc-swoj-garaz-w-studio-fotograficzne\\\/#respond\"]}]},{\"@type\":\"WebPage\",\"@id\":\"https:\\\/\\\/gardeon.pl\\\/pl\\\/blog\\\/przeksztalc-swoj-garaz-w-studio-fotograficzne\\\/\",\"url\":\"https:\\\/\\\/gardeon.pl\\\/pl\\\/blog\\\/przeksztalc-swoj-garaz-w-studio-fotograficzne\\\/\",\"name\":\"Przekszta\u0142\u0107 sw\u00f3j gara\u017c w studio fotograficzne - GARDEON\",\"isPartOf\":{\"@id\":\"https:\\\/\\\/gardeon.pl\\\/#website\"},\"primaryImageOfPage\":{\"@id\":\"https:\\\/\\\/gardeon.pl\\\/pl\\\/blog\\\/przeksztalc-swoj-garaz-w-studio-fotograficzne\\\/#primaryimage\"},\"image\":{\"@id\":\"https:\\\/\\\/gardeon.pl\\\/pl\\\/blog\\\/przeksztalc-swoj-garaz-w-studio-fotograficzne\\\/#primaryimage\"},\"thumbnailUrl\":\"https:\\\/\\\/gardeon.pl\\\/wp-content\\\/uploads\\\/2017\\\/04\\\/index-1.jpg\",\"datePublished\":\"2026-04-23T17:04:53+00:00\",\"author\":{\"@id\":\"https:\\\/\\\/gardeon.pl\\\/#\\\/schema\\\/person\\\/a5762ca5f0790bf92774af0899379463\"},\"breadcrumb\":{\"@id\":\"https:\\\/\\\/gardeon.pl\\\/pl\\\/blog\\\/przeksztalc-swoj-garaz-w-studio-fotograficzne\\\/#breadcrumb\"},\"inLanguage\":\"pl-PL\",\"potentialAction\":[{\"@type\":\"ReadAction\",\"target\":[\"https:\\\/\\\/gardeon.pl\\\/pl\\\/blog\\\/przeksztalc-swoj-garaz-w-studio-fotograficzne\\\/\"]}]},{\"@type\":\"ImageObject\",\"inLanguage\":\"pl-PL\",\"@id\":\"https:\\\/\\\/gardeon.pl\\\/pl\\\/blog\\\/przeksztalc-swoj-garaz-w-studio-fotograficzne\\\/#primaryimage\",\"url\":\"https:\\\/\\\/gardeon.pl\\\/wp-content\\\/uploads\\\/2017\\\/04\\\/index-1.jpg\",\"contentUrl\":\"https:\\\/\\\/gardeon.pl\\\/wp-content\\\/uploads\\\/2017\\\/04\\\/index-1.jpg\",\"width\":1268,\"height\":350,\"caption\":\"Atelier fotograficzne do fotografowania samochod\u00f3w\"},{\"@type\":\"BreadcrumbList\",\"@id\":\"https:\\\/\\\/gardeon.pl\\\/pl\\\/blog\\\/przeksztalc-swoj-garaz-w-studio-fotograficzne\\\/#breadcrumb\",\"itemListElement\":[{\"@type\":\"ListItem\",\"position\":1,\"name\":\"Domov\",\"item\":\"https:\\\/\\\/gardeon.pl\\\/pl\\\/\"},{\"@type\":\"ListItem\",\"position\":2,\"name\":\"Przekszta\u0142\u0107 sw\u00f3j gara\u017c w studio fotograficzne\"}]},{\"@type\":\"WebSite\",\"@id\":\"https:\\\/\\\/gardeon.pl\\\/#website\",\"url\":\"https:\\\/\\\/gardeon.pl\\\/\",\"name\":\"GARDEON\",\"description\":\"\",\"potentialAction\":[{\"@type\":\"SearchAction\",\"target\":{\"@type\":\"EntryPoint\",\"urlTemplate\":\"https:\\\/\\\/gardeon.pl\\\/?s={search_term_string}\"},\"query-input\":{\"@type\":\"PropertyValueSpecification\",\"valueRequired\":true,\"valueName\":\"search_term_string\"}}],\"inLanguage\":\"pl-PL\"},{\"@type\":\"Person\",\"@id\":\"https:\\\/\\\/gardeon.pl\\\/#\\\/schema\\\/person\\\/a5762ca5f0790bf92774af0899379463\",\"name\":\"editor\",\"image\":{\"@type\":\"ImageObject\",\"inLanguage\":\"pl-PL\",\"@id\":\"https:\\\/\\\/secure.gravatar.com\\\/avatar\\\/2b748151c2c748327307fd289a91b3bdafdd9e64e2d000e65e53d6dcf11c5830?s=96&d=mm&r=g\",\"url\":\"https:\\\/\\\/secure.gravatar.com\\\/avatar\\\/2b748151c2c748327307fd289a91b3bdafdd9e64e2d000e65e53d6dcf11c5830?s=96&d=mm&r=g\",\"contentUrl\":\"https:\\\/\\\/secure.gravatar.com\\\/avatar\\\/2b748151c2c748327307fd289a91b3bdafdd9e64e2d000e65e53d6dcf11c5830?s=96&d=mm&r=g\",\"caption\":\"editor\"}}]}<\/script>\n<!-- \/ Yoast SEO plugin. -->","yoast_head_json":{"title":"Przekszta\u0142\u0107 sw\u00f3j gara\u017c w studio fotograficzne - GARDEON","robots":{"index":"index","follow":"follow","max-snippet":"max-snippet:-1","max-image-preview":"max-image-preview:large","max-video-preview":"max-video-preview:-1"},"canonical":"https:\/\/gardeon.pl\/pl\/blog\/przeksztalc-swoj-garaz-w-studio-fotograficzne\/","og_locale":"pl_PL","og_type":"article","og_title":"Przekszta\u0142\u0107 sw\u00f3j gara\u017c w studio fotograficzne - GARDEON","og_description":"Ka\u017cda dzia\u0142alno\u015b\u0107 artystyczna wymaga odpowiedniego miejsca do jej realizacji. Je\u015bli jest Pan\/Pani pocz\u0105tkuj\u0105cym fotografem lub fotografuje dla przyjemno\u015bci, gara\u017c mo\u017ce by\u0107 idealnym miejscem na Pana\/Pani hobby. Nie oznacza to jednak, \u017ce Pana\/Pani domowe studio gara\u017cowe nie mo\u017ce wygl\u0105da\u0107 profesjonalnie. Zale\u017cy to wy\u0142\u0105cznie od tego, jak je Pan\/Pani urz\u0105dzi.","og_url":"https:\/\/gardeon.pl\/pl\/blog\/przeksztalc-swoj-garaz-w-studio-fotograficzne\/","og_site_name":"GARDEON","article_published_time":"2026-04-23T17:04:53+00:00","og_image":[{"width":1268,"height":350,"url":"http:\/\/gardeon.pl\/wp-content\/uploads\/2017\/04\/index-1.jpg","type":"image\/jpeg"}],"author":"editor","twitter_card":"summary_large_image","twitter_misc":{"Napisane przez":"editor","Szacowany czas czytania":"4 minuty"},"schema":{"@context":"https:\/\/schema.org","@graph":[{"@type":"Article","@id":"https:\/\/gardeon.pl\/pl\/blog\/przeksztalc-swoj-garaz-w-studio-fotograficzne\/#article","isPartOf":{"@id":"https:\/\/gardeon.pl\/pl\/blog\/przeksztalc-swoj-garaz-w-studio-fotograficzne\/"},"author":{"name":"editor","@id":"https:\/\/gardeon.pl\/#\/schema\/person\/a5762ca5f0790bf92774af0899379463"},"headline":"Przekszta\u0142\u0107 sw\u00f3j gara\u017c w studio fotograficzne","datePublished":"2026-04-23T17:04:53+00:00","mainEntityOfPage":{"@id":"https:\/\/gardeon.pl\/pl\/blog\/przeksztalc-swoj-garaz-w-studio-fotograficzne\/"},"wordCount":834,"commentCount":0,"image":{"@id":"https:\/\/gardeon.pl\/pl\/blog\/przeksztalc-swoj-garaz-w-studio-fotograficzne\/#primaryimage"},"thumbnailUrl":"https:\/\/gardeon.pl\/wp-content\/uploads\/2017\/04\/index-1.jpg","articleSection":["Gara\u017ce blaszane","Jak to zrobi\u0107 \u2013 gara\u017ce | DIY"],"inLanguage":"pl-PL","potentialAction":[{"@type":"CommentAction","name":"Comment","target":["https:\/\/gardeon.pl\/pl\/blog\/przeksztalc-swoj-garaz-w-studio-fotograficzne\/#respond"]}]},{"@type":"WebPage","@id":"https:\/\/gardeon.pl\/pl\/blog\/przeksztalc-swoj-garaz-w-studio-fotograficzne\/","url":"https:\/\/gardeon.pl\/pl\/blog\/przeksztalc-swoj-garaz-w-studio-fotograficzne\/","name":"Przekszta\u0142\u0107 sw\u00f3j gara\u017c w studio fotograficzne - GARDEON","isPartOf":{"@id":"https:\/\/gardeon.pl\/#website"},"primaryImageOfPage":{"@id":"https:\/\/gardeon.pl\/pl\/blog\/przeksztalc-swoj-garaz-w-studio-fotograficzne\/#primaryimage"},"image":{"@id":"https:\/\/gardeon.pl\/pl\/blog\/przeksztalc-swoj-garaz-w-studio-fotograficzne\/#primaryimage"},"thumbnailUrl":"https:\/\/gardeon.pl\/wp-content\/uploads\/2017\/04\/index-1.jpg","datePublished":"2026-04-23T17:04:53+00:00","author":{"@id":"https:\/\/gardeon.pl\/#\/schema\/person\/a5762ca5f0790bf92774af0899379463"},"breadcrumb":{"@id":"https:\/\/gardeon.pl\/pl\/blog\/przeksztalc-swoj-garaz-w-studio-fotograficzne\/#breadcrumb"},"inLanguage":"pl-PL","potentialAction":[{"@type":"ReadAction","target":["https:\/\/gardeon.pl\/pl\/blog\/przeksztalc-swoj-garaz-w-studio-fotograficzne\/"]}]},{"@type":"ImageObject","inLanguage":"pl-PL","@id":"https:\/\/gardeon.pl\/pl\/blog\/przeksztalc-swoj-garaz-w-studio-fotograficzne\/#primaryimage","url":"https:\/\/gardeon.pl\/wp-content\/uploads\/2017\/04\/index-1.jpg","contentUrl":"https:\/\/gardeon.pl\/wp-content\/uploads\/2017\/04\/index-1.jpg","width":1268,"height":350,"caption":"Atelier fotograficzne do fotografowania samochod\u00f3w"},{"@type":"BreadcrumbList","@id":"https:\/\/gardeon.pl\/pl\/blog\/przeksztalc-swoj-garaz-w-studio-fotograficzne\/#breadcrumb","itemListElement":[{"@type":"ListItem","position":1,"name":"Domov","item":"https:\/\/gardeon.pl\/pl\/"},{"@type":"ListItem","position":2,"name":"Przekszta\u0142\u0107 sw\u00f3j gara\u017c w studio fotograficzne"}]},{"@type":"WebSite","@id":"https:\/\/gardeon.pl\/#website","url":"https:\/\/gardeon.pl\/","name":"GARDEON","description":"","potentialAction":[{"@type":"SearchAction","target":{"@type":"EntryPoint","urlTemplate":"https:\/\/gardeon.pl\/?s={search_term_string}"},"query-input":{"@type":"PropertyValueSpecification","valueRequired":true,"valueName":"search_term_string"}}],"inLanguage":"pl-PL"},{"@type":"Person","@id":"https:\/\/gardeon.pl\/#\/schema\/person\/a5762ca5f0790bf92774af0899379463","name":"editor","image":{"@type":"ImageObject","inLanguage":"pl-PL","@id":"https:\/\/secure.gravatar.com\/avatar\/2b748151c2c748327307fd289a91b3bdafdd9e64e2d000e65e53d6dcf11c5830?s=96&d=mm&r=g","url":"https:\/\/secure.gravatar.com\/avatar\/2b748151c2c748327307fd289a91b3bdafdd9e64e2d000e65e53d6dcf11c5830?s=96&d=mm&r=g","contentUrl":"https:\/\/secure.gravatar.com\/avatar\/2b748151c2c748327307fd289a91b3bdafdd9e64e2d000e65e53d6dcf11c5830?s=96&d=mm&r=g","caption":"editor"}}]}},"_links":{"self":[{"href":"https:\/\/gardeon.pl\/pl\/wp-json\/wp\/v2\/posts\/46673","targetHints":{"allow":["GET"]}}],"collection":[{"href":"https:\/\/gardeon.pl\/pl\/wp-json\/wp\/v2\/posts"}],"about":[{"href":"https:\/\/gardeon.pl\/pl\/wp-json\/wp\/v2\/types\/post"}],"author":[{"embeddable":true,"href":"https:\/\/gardeon.pl\/pl\/wp-json\/wp\/v2\/users\/2"}],"replies":[{"embeddable":true,"href":"https:\/\/gardeon.pl\/pl\/wp-json\/wp\/v2\/comments?post=46673"}],"version-history":[{"count":0,"href":"https:\/\/gardeon.pl\/pl\/wp-json\/wp\/v2\/posts\/46673\/revisions"}],"wp:featuredmedia":[{"embeddable":true,"href":"https:\/\/gardeon.pl\/pl\/wp-json\/wp\/v2\/media\/46676"}],"wp:attachment":[{"href":"https:\/\/gardeon.pl\/pl\/wp-json\/wp\/v2\/media?parent=46673"}],"wp:term":[{"taxonomy":"category","embeddable":true,"href":"https:\/\/gardeon.pl\/pl\/wp-json\/wp\/v2\/categories?post=46673"},{"taxonomy":"post_tag","embeddable":true,"href":"https:\/\/gardeon.pl\/pl\/wp-json\/wp\/v2\/tags?post=46673"}],"curies":[{"name":"wp","href":"https:\/\/api.w.org\/{rel}","templated":true}]}}