{"id":46677,"date":"2026-04-23T19:04:54","date_gmt":"2026-04-23T17:04:54","guid":{"rendered":"https:\/\/gardeon.pl\/?p=46677"},"modified":"2026-04-23T19:04:54","modified_gmt":"2026-04-23T17:04:54","slug":"jak-chronic-samochod-przed-sloncem","status":"publish","type":"post","link":"https:\/\/gardeon.pl\/pl\/blog\/jak-chronic-samochod-przed-sloncem\/","title":{"rendered":"Jak chroni\u0107 samoch\u00f3d przed s\u0142o\u0144cem?"},"content":{"rendered":"<p><em>W ciep\u0142y letni dzie\u0144 temperatura we wn\u0119trzu auta mo\u017ce osi\u0105gn\u0105\u0107 ponad 60\u00b0C, a jego maska nawet 80\u00b0C. S\u0142o\u0144ce i upa\u0142 powoli, ale nieuchronnie niszcz\u0105 naszych motoryzacyjnych ulubie\u0144c\u00f3w. Czy da si\u0119 je jako\u015b ochroni\u0107? Podpowiemy, jak przed\u0142u\u017cy\u0107 \u017cywotno\u015b\u0107 samochodu przynajmniej dzi\u0119ki podstawowym dzia\u0142aniom profilaktycznym.   <\/em><\/p>\n<p><!--more--><\/p>\n<ol>\n<li>\n<h3>Parkuj w cieniu zawsze, gdy to mo\u017cliwe<\/h3>\n<\/li>\n<\/ol>\n<p>Podstawow\u0105 form\u0105 ochrony, dzi\u0119ki kt\u00f3rej mo\u017cna zabezpieczy\u0107 pojazd przed uszkodzeniami spowodowanymi s\u0142o\u0144cem, jest jak najcz\u0119stsze parkowanie w cieniu. To dzia\u0142anie chroni nie tylko samoch\u00f3d, ale tak\u017ce Pa\u0144stwa zdrowie. Wsiadanie do rozgrzanego auta jest niebezpieczne r\u00f3wnie\u017c dla Pa\u0144stwa. Idealnym rozwi\u0105zaniem jest parkowanie w gara\u017cu lub pod wiat\u0105.   <\/p>\n<p>Wn\u0119trze i nadwozie pojazdu ochroni\u0105 Pa\u0144stwo ju\u017c poprzez ograniczenie dzia\u0142ania bezpo\u015bredniego \u015bwiat\u0142a s\u0142onecznego. Powodowane nim ciep\u0142o mo\u017ce bowiem wyrz\u0105dzi\u0107 nieodwracalne szkody. Kilka test\u00f3w wykaza\u0142o, \u017ce temperatura rozgrzanej deski rozdzielczej osi\u0105ga\u0142a nawet 90\u00b0C. Warto wi\u0119c chroni\u0107 j\u0105 przed wysychaniem i p\u0119kaniem. Ograniczaj\u0105c dzia\u0142anie promieniowania UV, zapobiegaj\u0105 Pa\u0144stwo tak\u017ce blakni\u0119ciu foteli i dywanik\u00f3w oraz chroni\u0105 kosztown\u0105 elektronik\u0119.    <img loading=\"lazy\" decoding=\"async\" class=\"aligncenter wp-image-8869\" src=\"http:\/\/gardeon.pl\/wp-content\/uploads\/2016\/06\/pre-2-auta.jpg\" alt=\"wiata SIEBAU na dwa samochody\" width=\"800\" height=\"511\" srcset=\"https:\/\/gardeon.pl\/wp-content\/uploads\/2016\/06\/pre-2-auta.jpg 940w, https:\/\/gardeon.pl\/wp-content\/uploads\/2016\/06\/pre-2-auta-300x191.jpg 300w, https:\/\/gardeon.pl\/wp-content\/uploads\/2016\/06\/pre-2-auta-768x490.jpg 768w\" sizes=\"auto, (max-width: 800px) 100vw, 800px\" \/><\/p>\n<p>Pom\u00f3c mo\u017ce r\u00f3wnie\u017c folia ochronna. To \u015bwietny spos\u00f3b, aby utrzyma\u0107 pojazd w \u201ecieniu\u201d i \u201ech\u0142odzie\u201d, a jednocze\u015bnie ograniczy\u0107 przenikanie szkodliwego promieniowania UVA i UVB do wn\u0119trza auta. Cho\u0107 stosowanie ciemnych folii na przedniej szybie nie jest dozwolone, na rynku dost\u0119pnych jest wiele bezbarwnych, kt\u00f3re stanowi\u0105 ochron\u0119 przed silnym nas\u0142onecznieniem. Wysokiej jako\u015bci folie chroni\u0105 nie tylko mienie, ale tak\u017ce zdrowie (profilaktyka uszkodze\u0144 wzroku i sk\u00f3ry). Foli\u0105 mo\u017cna oklei\u0107 ca\u0142e auto, nie tylko szyby. Zapewni\u0105 Pa\u0144stwo w ten spos\u00f3b d\u0142u\u017csz\u0105 trwa\u0142o\u015b\u0107 lakieru pojazdu.     <\/p>\n<h3>2. Myj samoch\u00f3d r\u0119cznie i zadbaj o osuszenie<\/h3>\n<p>Samoch\u00f3d nie powinien by\u0107 czysty tylko dlatego, \u017ce to \u0142adnie wygl\u0105da. Brud na aucie mo\u017ce uszkodzi\u0107 lakier i przyczyni\u0107 si\u0119 do jego przedwczesnego starzenia. Na przyk\u0142ad bardzo kwa\u015bne ptasie odchody w po\u0142\u0105czeniu ze s\u0142o\u0144cem mog\u0105 trwale uszkodzi\u0107 lakier ju\u017c w ci\u0105gu kilku godzin.  <\/p>\n<p>Myjnie automatyczne z liniami myj\u0105cymi s\u0105 wprawdzie szybkie i tanie, jednak z punktu widzenia trwa\u0142o\u015bci pojazdu nie s\u0105 najlepszym rozwi\u0105zaniem. Przy cz\u0119stym korzystaniu pr\u0119dzej czy p\u00f3\u017aniej pojawi\u0105 si\u0119 drobne rysy. A w gorszych przypadkach mo\u017ce doj\u015b\u0107 do odpryskiwania lakieru wraz z zaschni\u0119tymi zanieczyszczeniami.  <\/p>\n<p><a href=\"http:\/\/gardeon.pl\/wp-content\/uploads\/2017\/09\/myty-o-myti-auta.jpg\"><img loading=\"lazy\" decoding=\"async\" class=\"aligncenter wp-image-14369\" src=\"http:\/\/gardeon.pl\/wp-content\/uploads\/2017\/09\/myty-o-myti-auta.jpg\" alt=\"Mycie samochodu g\u0105bk\u0105 w r\u0119kawicy\" width=\"800\" height=\"535\" srcset=\"https:\/\/gardeon.pl\/wp-content\/uploads\/2017\/09\/myty-o-myti-auta.jpg 1000w, https:\/\/gardeon.pl\/wp-content\/uploads\/2017\/09\/myty-o-myti-auta-300x201.jpg 300w, https:\/\/gardeon.pl\/wp-content\/uploads\/2017\/09\/myty-o-myti-auta-768x514.jpg 768w\" sizes=\"auto, (max-width: 800px) 100vw, 800px\" \/><\/a><\/p>\n<p>Prosz\u0119 preferowa\u0107 mycie r\u0119czne. Je\u015bli myj\u0105 Pa\u0144stwo auto samodzielnie, nale\u017cy u\u017cy\u0107 letniej wody, delikatnego \u015brodka czyszcz\u0105cego oraz mi\u0119kkiej, bawe\u0142nianej, dobrze ch\u0142on\u0105cej \u015bciereczki z mikrofibry. \u015arodek czyszcz\u0105cy nie powinien zbyt mocno odt\u0142uszcza\u0107 \u2014 wr\u0119cz przeciwnie. Powinien zawiera\u0107 dodatek wosku. W przeciwnym razie mo\u017ce uszkodzi\u0107 ochronn\u0105 warstw\u0119 wosku. Po umyciu prosz\u0119 dok\u0142adnie osuszy\u0107 auto, na przyk\u0142ad przy u\u017cyciu irchy, kt\u00f3ra dodatkowo doskonale wypoleruje pojazd.     <\/p>\n<p>Nigdy nie nale\u017cy my\u0107 rozgrzanego samochodu stoj\u0105cego w pe\u0142nym s\u0142o\u0144cu! W przeciwnym razie, z powodu nag\u0142ej zmiany temperatury, lakier mo\u017ce pop\u0119ka\u0107. <\/p>\n<h3>3. Poleruj i woskuj<\/h3>\n<p>Skutecznym sposobem na to, aby samoch\u00f3d zawsze wygl\u0105da\u0142 jak nowy i by\u0142 chroniony przed wysokimi temperaturami, jest woskowanie. Wosk chroni nie tylko przed zanieczyszczeniami chemicznymi, ale dzia\u0142a r\u00f3wnie\u017c profilaktycznie przeciw promieniowaniu UV. <\/p>\n<p><a href=\"http:\/\/gardeon.pl\/wp-content\/uploads\/2018\/03\/2X3A0204-copy-e1520453257424.jpg\"><img loading=\"lazy\" decoding=\"async\" class=\"wp-image-16689 aligncenter\" src=\"http:\/\/gardeon.pl\/wp-content\/uploads\/2018\/03\/2X3A0204-copy-e1520453257424.jpg\" alt=\"Montowana wiata SIEBAU z bia\u0142ego aluminium\" width=\"800\" height=\"404\" srcset=\"https:\/\/gardeon.pl\/wp-content\/uploads\/2018\/03\/2X3A0204-copy-e1520453257424.jpg 1984w, https:\/\/gardeon.pl\/wp-content\/uploads\/2018\/03\/2X3A0204-copy-e1520453257424-300x151.jpg 300w, https:\/\/gardeon.pl\/wp-content\/uploads\/2018\/03\/2X3A0204-copy-e1520453257424-768x387.jpg 768w, https:\/\/gardeon.pl\/wp-content\/uploads\/2018\/03\/2X3A0204-copy-e1520453257424-1024x517.jpg 1024w, https:\/\/gardeon.pl\/wp-content\/uploads\/2018\/03\/2X3A0204-copy-e1520453257424-1200x605.jpg 1200w\" sizes=\"auto, (max-width: 800px) 100vw, 800px\" \/><\/a><\/p>\n<p>Woskowanie zmniejsza tak\u017ce ryzyko zarysowa\u0144 i powstawania rys na karoserii oraz chroni lakier. Najlepiej woskowa\u0107 pojazd pod koniec ka\u017cdego sezonu. Je\u015bli nie jest to mo\u017cliwe cz\u0119\u015bciej, zaleca si\u0119 woskowanie co najmniej dwa razy w roku \u2014 pod koniec jesieni i pod koniec wiosny. Wiosn\u0105 odnowi\u0105 Pa\u0144stwo warstw\u0119 ochronn\u0105 po zimie i przygotuj\u0105 auto na gor\u0105ce letnie s\u0142o\u0144ce. Jesieni\u0105 natomiast przygotuj\u0105 je Pa\u0144stwo na surow\u0105 zimow\u0105 pogod\u0119.    <\/p>\n<h3>4. Dbaj o wn\u0119trze<\/h3>\n<p>Je\u015bli maj\u0105 Pa\u0144stwo sk\u00f3rzane fotele i wyko\u0144czenie wn\u0119trza, nale\u017cy stosowa\u0107 specjalne preparaty zapewniaj\u0105ce odpowiednie nawil\u017cenie. Gdy pod wp\u0142ywem s\u0142o\u0144ca sk\u00f3ra traci wilgo\u0107, mo\u017ce p\u0119ka\u0107 i traci\u0107 jako\u015b\u0107. Obecnie rzadziej spotykan\u0105, ale wci\u0105\u017c bardzo skuteczn\u0105 form\u0105 ochrony foteli s\u0105 pokrowce samochodowe.  <\/p>\n<p>Preparaty nale\u017cy stosowa\u0107 tak\u017ce na plastikowe elementy wn\u0119trza \u2014 desk\u0119 rozdzielcz\u0105 czy cz\u0119\u015bci drzwi. Nie wolno zapomina\u0107 r\u00f3wnie\u017c o gumowych uszczelkach drzwi i baga\u017cnika, kt\u00f3re mocno cierpi\u0105 wskutek zmian temperatur; bez piel\u0119gnacji mo\u017ce doj\u015b\u0107 do os\u0142abienia uszczelnienia i ich p\u0119kania. <img loading=\"lazy\" decoding=\"async\" class=\"aligncenter wp-image-9170\" src=\"http:\/\/gardeon.pl\/wp-content\/uploads\/2017\/05\/18056360_1490727641000065_4226586473107972812_o-1024x768.jpg\" alt=\"Czarny montowany gara\u017c\" width=\"800\" height=\"600\" srcset=\"https:\/\/gardeon.pl\/wp-content\/uploads\/2017\/05\/18056360_1490727641000065_4226586473107972812_o-1024x768.jpg 1024w, https:\/\/gardeon.pl\/wp-content\/uploads\/2017\/05\/18056360_1490727641000065_4226586473107972812_o-300x225.jpg 300w, https:\/\/gardeon.pl\/wp-content\/uploads\/2017\/05\/18056360_1490727641000065_4226586473107972812_o-768x576.jpg 768w, https:\/\/gardeon.pl\/wp-content\/uploads\/2017\/05\/18056360_1490727641000065_4226586473107972812_o-1536x1152.jpg 1536w, https:\/\/gardeon.pl\/wp-content\/uploads\/2017\/05\/18056360_1490727641000065_4226586473107972812_o-1200x900-cropped.jpg 1200w, https:\/\/gardeon.pl\/wp-content\/uploads\/2017\/05\/18056360_1490727641000065_4226586473107972812_o.jpg 2048w\" sizes=\"auto, (max-width: 800px) 100vw, 800px\" \/><\/p>\n<p>Powinna obowi\u0105zywa\u0107 zasada, \u017ce piel\u0119gnacj\u0119 wn\u0119trza wykonuje si\u0119 w pomieszczeniu. Po pierwsze ze wzgl\u0119du na temperatur\u0119 (nak\u0142adanie pow\u0142oki ochronnej bezpo\u015brednio na rozgrzan\u0105 desk\u0119 rozdzielcz\u0105 si\u0119 nie op\u0142aca), po drugie ze wzgl\u0119du na wiatr i kurz na zewn\u0105trz. Do tego celu idealnie sprawdzi si\u0119 gara\u017c.  <\/p>\n<p><b>5. Nie zapominaj o oponach<\/b><\/p>\n<p>Opony r\u00f3wnie\u017c wymagaj\u0105 piel\u0119gnacji, dlatego nale\u017cy regularnie stosowa\u0107 specjalne preparaty i kontrolowa\u0107 ci\u015bnienie. Przy wy\u017cszych temperaturach powietrze si\u0119 rozszerza, a tym samym ro\u015bnie w nich ci\u015bnienie. <\/p>\n","protected":false},"excerpt":{"rendered":"<p>W ciep\u0142y letni dzie\u0144 temperatura we wn\u0119trzu auta mo\u017ce osi\u0105gn\u0105\u0107 ponad 60\u00b0C, a jego maska nawet 80\u00b0C. S\u0142o\u0144ce i upa\u0142 powoli, ale nieuchronnie niszcz\u0105 naszych motoryzacyjnych ulubie\u0144c\u00f3w. Czy da si\u0119 je jako\u015b ochroni\u0107? Podpowiemy, jak przed\u0142u\u017cy\u0107 \u017cywotno\u015b\u0107 samochodu przynajmniej dzi\u0119ki podstawowym dzia\u0142aniom profilaktycznym.<\/p>\n","protected":false},"author":2,"featured_media":46678,"comment_status":"open","ping_status":"open","sticky":false,"template":"","format":"standard","meta":{"_acf_changed":false,"inline_featured_image":false,"footnotes":""},"categories":[578,580,618,622,657],"tags":[],"class_list":["post-46677","post","type-post","status-publish","format-standard","has-post-thumbnail","hentry","category-garaze-blaszane","category-jak-to-zrobic-garaze-diy","category-konserwacja-i-pielegnacja","category-wiaty-i-altany","category-zabezpieczenie"],"acf":[],"yoast_head":"<!-- This site is optimized with the Yoast SEO plugin v27.4 - https:\/\/yoast.com\/product\/yoast-seo-wordpress\/ -->\n<title>Jak chroni\u0107 samoch\u00f3d przed s\u0142o\u0144cem? - GARDEON<\/title>\n<meta name=\"robots\" content=\"index, follow, max-snippet:-1, max-image-preview:large, max-video-preview:-1\" \/>\n<link rel=\"canonical\" href=\"https:\/\/gardeon.pl\/pl\/blog\/jak-chronic-samochod-przed-sloncem\/\" \/>\n<meta property=\"og:locale\" content=\"pl_PL\" \/>\n<meta property=\"og:type\" content=\"article\" \/>\n<meta property=\"og:title\" content=\"Jak chroni\u0107 samoch\u00f3d przed s\u0142o\u0144cem? - GARDEON\" \/>\n<meta property=\"og:description\" content=\"W ciep\u0142y letni dzie\u0144 temperatura we wn\u0119trzu auta mo\u017ce osi\u0105gn\u0105\u0107 ponad 60\u00b0C, a jego maska nawet 80\u00b0C. S\u0142o\u0144ce i upa\u0142 powoli, ale nieuchronnie niszcz\u0105 naszych motoryzacyjnych ulubie\u0144c\u00f3w. Czy da si\u0119 je jako\u015b ochroni\u0107? Podpowiemy, jak przed\u0142u\u017cy\u0107 \u017cywotno\u015b\u0107 samochodu przynajmniej dzi\u0119ki podstawowym dzia\u0142aniom profilaktycznym.\" \/>\n<meta property=\"og:url\" content=\"https:\/\/gardeon.pl\/pl\/blog\/jak-chronic-samochod-przed-sloncem\/\" \/>\n<meta property=\"og:site_name\" content=\"GARDEON\" \/>\n<meta property=\"article:published_time\" content=\"2026-04-23T17:04:54+00:00\" \/>\n<meta property=\"og:image\" content=\"http:\/\/gardeon.pl\/wp-content\/uploads\/2017\/05\/Ako-ochranit-auto-pred-slnkom.jpg\" \/>\n\t<meta property=\"og:image:width\" content=\"1000\" \/>\n\t<meta property=\"og:image:height\" content=\"545\" \/>\n\t<meta property=\"og:image:type\" content=\"image\/jpeg\" \/>\n<meta name=\"author\" content=\"editor\" \/>\n<meta name=\"twitter:card\" content=\"summary_large_image\" \/>\n<meta name=\"twitter:label1\" content=\"Napisane przez\" \/>\n\t<meta name=\"twitter:data1\" content=\"editor\" \/>\n\t<meta name=\"twitter:label2\" content=\"Szacowany czas czytania\" \/>\n\t<meta name=\"twitter:data2\" content=\"4 minuty\" \/>\n<script type=\"application\/ld+json\" class=\"yoast-schema-graph\">{\"@context\":\"https:\\\/\\\/schema.org\",\"@graph\":[{\"@type\":\"Article\",\"@id\":\"https:\\\/\\\/gardeon.pl\\\/pl\\\/blog\\\/jak-chronic-samochod-przed-sloncem\\\/#article\",\"isPartOf\":{\"@id\":\"https:\\\/\\\/gardeon.pl\\\/pl\\\/blog\\\/jak-chronic-samochod-przed-sloncem\\\/\"},\"author\":{\"name\":\"editor\",\"@id\":\"https:\\\/\\\/gardeon.pl\\\/#\\\/schema\\\/person\\\/a5762ca5f0790bf92774af0899379463\"},\"headline\":\"Jak chroni\u0107 samoch\u00f3d przed s\u0142o\u0144cem?\",\"datePublished\":\"2026-04-23T17:04:54+00:00\",\"mainEntityOfPage\":{\"@id\":\"https:\\\/\\\/gardeon.pl\\\/pl\\\/blog\\\/jak-chronic-samochod-przed-sloncem\\\/\"},\"wordCount\":842,\"commentCount\":0,\"image\":{\"@id\":\"https:\\\/\\\/gardeon.pl\\\/pl\\\/blog\\\/jak-chronic-samochod-przed-sloncem\\\/#primaryimage\"},\"thumbnailUrl\":\"https:\\\/\\\/gardeon.pl\\\/wp-content\\\/uploads\\\/2017\\\/05\\\/Ako-ochranit-auto-pred-slnkom.jpg\",\"articleSection\":[\"Gara\u017ce blaszane\",\"Jak to zrobi\u0107 \u2013 gara\u017ce | DIY\",\"Konserwacja i piel\u0119gnacja\",\"Wiaty i altany\",\"Zabezpieczenie\"],\"inLanguage\":\"pl-PL\",\"potentialAction\":[{\"@type\":\"CommentAction\",\"name\":\"Comment\",\"target\":[\"https:\\\/\\\/gardeon.pl\\\/pl\\\/blog\\\/jak-chronic-samochod-przed-sloncem\\\/#respond\"]}]},{\"@type\":\"WebPage\",\"@id\":\"https:\\\/\\\/gardeon.pl\\\/pl\\\/blog\\\/jak-chronic-samochod-przed-sloncem\\\/\",\"url\":\"https:\\\/\\\/gardeon.pl\\\/pl\\\/blog\\\/jak-chronic-samochod-przed-sloncem\\\/\",\"name\":\"Jak chroni\u0107 samoch\u00f3d przed s\u0142o\u0144cem? - GARDEON\",\"isPartOf\":{\"@id\":\"https:\\\/\\\/gardeon.pl\\\/#website\"},\"primaryImageOfPage\":{\"@id\":\"https:\\\/\\\/gardeon.pl\\\/pl\\\/blog\\\/jak-chronic-samochod-przed-sloncem\\\/#primaryimage\"},\"image\":{\"@id\":\"https:\\\/\\\/gardeon.pl\\\/pl\\\/blog\\\/jak-chronic-samochod-przed-sloncem\\\/#primaryimage\"},\"thumbnailUrl\":\"https:\\\/\\\/gardeon.pl\\\/wp-content\\\/uploads\\\/2017\\\/05\\\/Ako-ochranit-auto-pred-slnkom.jpg\",\"datePublished\":\"2026-04-23T17:04:54+00:00\",\"author\":{\"@id\":\"https:\\\/\\\/gardeon.pl\\\/#\\\/schema\\\/person\\\/a5762ca5f0790bf92774af0899379463\"},\"breadcrumb\":{\"@id\":\"https:\\\/\\\/gardeon.pl\\\/pl\\\/blog\\\/jak-chronic-samochod-przed-sloncem\\\/#breadcrumb\"},\"inLanguage\":\"pl-PL\",\"potentialAction\":[{\"@type\":\"ReadAction\",\"target\":[\"https:\\\/\\\/gardeon.pl\\\/pl\\\/blog\\\/jak-chronic-samochod-przed-sloncem\\\/\"]}]},{\"@type\":\"ImageObject\",\"inLanguage\":\"pl-PL\",\"@id\":\"https:\\\/\\\/gardeon.pl\\\/pl\\\/blog\\\/jak-chronic-samochod-przed-sloncem\\\/#primaryimage\",\"url\":\"https:\\\/\\\/gardeon.pl\\\/wp-content\\\/uploads\\\/2017\\\/05\\\/Ako-ochranit-auto-pred-slnkom.jpg\",\"contentUrl\":\"https:\\\/\\\/gardeon.pl\\\/wp-content\\\/uploads\\\/2017\\\/05\\\/Ako-ochranit-auto-pred-slnkom.jpg\",\"width\":1000,\"height\":545,\"caption\":\"Os\u0142ona przeciws\u0142oneczna samochodu\"},{\"@type\":\"BreadcrumbList\",\"@id\":\"https:\\\/\\\/gardeon.pl\\\/pl\\\/blog\\\/jak-chronic-samochod-przed-sloncem\\\/#breadcrumb\",\"itemListElement\":[{\"@type\":\"ListItem\",\"position\":1,\"name\":\"Domov\",\"item\":\"https:\\\/\\\/gardeon.pl\\\/pl\\\/\"},{\"@type\":\"ListItem\",\"position\":2,\"name\":\"Jak chroni\u0107 samoch\u00f3d przed s\u0142o\u0144cem?\"}]},{\"@type\":\"WebSite\",\"@id\":\"https:\\\/\\\/gardeon.pl\\\/#website\",\"url\":\"https:\\\/\\\/gardeon.pl\\\/\",\"name\":\"GARDEON\",\"description\":\"\",\"potentialAction\":[{\"@type\":\"SearchAction\",\"target\":{\"@type\":\"EntryPoint\",\"urlTemplate\":\"https:\\\/\\\/gardeon.pl\\\/?s={search_term_string}\"},\"query-input\":{\"@type\":\"PropertyValueSpecification\",\"valueRequired\":true,\"valueName\":\"search_term_string\"}}],\"inLanguage\":\"pl-PL\"},{\"@type\":\"Person\",\"@id\":\"https:\\\/\\\/gardeon.pl\\\/#\\\/schema\\\/person\\\/a5762ca5f0790bf92774af0899379463\",\"name\":\"editor\",\"image\":{\"@type\":\"ImageObject\",\"inLanguage\":\"pl-PL\",\"@id\":\"https:\\\/\\\/secure.gravatar.com\\\/avatar\\\/2b748151c2c748327307fd289a91b3bdafdd9e64e2d000e65e53d6dcf11c5830?s=96&d=mm&r=g\",\"url\":\"https:\\\/\\\/secure.gravatar.com\\\/avatar\\\/2b748151c2c748327307fd289a91b3bdafdd9e64e2d000e65e53d6dcf11c5830?s=96&d=mm&r=g\",\"contentUrl\":\"https:\\\/\\\/secure.gravatar.com\\\/avatar\\\/2b748151c2c748327307fd289a91b3bdafdd9e64e2d000e65e53d6dcf11c5830?s=96&d=mm&r=g\",\"caption\":\"editor\"}}]}<\/script>\n<!-- \/ Yoast SEO plugin. -->","yoast_head_json":{"title":"Jak chroni\u0107 samoch\u00f3d przed s\u0142o\u0144cem? - GARDEON","robots":{"index":"index","follow":"follow","max-snippet":"max-snippet:-1","max-image-preview":"max-image-preview:large","max-video-preview":"max-video-preview:-1"},"canonical":"https:\/\/gardeon.pl\/pl\/blog\/jak-chronic-samochod-przed-sloncem\/","og_locale":"pl_PL","og_type":"article","og_title":"Jak chroni\u0107 samoch\u00f3d przed s\u0142o\u0144cem? - GARDEON","og_description":"W ciep\u0142y letni dzie\u0144 temperatura we wn\u0119trzu auta mo\u017ce osi\u0105gn\u0105\u0107 ponad 60\u00b0C, a jego maska nawet 80\u00b0C. S\u0142o\u0144ce i upa\u0142 powoli, ale nieuchronnie niszcz\u0105 naszych motoryzacyjnych ulubie\u0144c\u00f3w. Czy da si\u0119 je jako\u015b ochroni\u0107? Podpowiemy, jak przed\u0142u\u017cy\u0107 \u017cywotno\u015b\u0107 samochodu przynajmniej dzi\u0119ki podstawowym dzia\u0142aniom profilaktycznym.","og_url":"https:\/\/gardeon.pl\/pl\/blog\/jak-chronic-samochod-przed-sloncem\/","og_site_name":"GARDEON","article_published_time":"2026-04-23T17:04:54+00:00","og_image":[{"width":1000,"height":545,"url":"http:\/\/gardeon.pl\/wp-content\/uploads\/2017\/05\/Ako-ochranit-auto-pred-slnkom.jpg","type":"image\/jpeg"}],"author":"editor","twitter_card":"summary_large_image","twitter_misc":{"Napisane przez":"editor","Szacowany czas czytania":"4 minuty"},"schema":{"@context":"https:\/\/schema.org","@graph":[{"@type":"Article","@id":"https:\/\/gardeon.pl\/pl\/blog\/jak-chronic-samochod-przed-sloncem\/#article","isPartOf":{"@id":"https:\/\/gardeon.pl\/pl\/blog\/jak-chronic-samochod-przed-sloncem\/"},"author":{"name":"editor","@id":"https:\/\/gardeon.pl\/#\/schema\/person\/a5762ca5f0790bf92774af0899379463"},"headline":"Jak chroni\u0107 samoch\u00f3d przed s\u0142o\u0144cem?","datePublished":"2026-04-23T17:04:54+00:00","mainEntityOfPage":{"@id":"https:\/\/gardeon.pl\/pl\/blog\/jak-chronic-samochod-przed-sloncem\/"},"wordCount":842,"commentCount":0,"image":{"@id":"https:\/\/gardeon.pl\/pl\/blog\/jak-chronic-samochod-przed-sloncem\/#primaryimage"},"thumbnailUrl":"https:\/\/gardeon.pl\/wp-content\/uploads\/2017\/05\/Ako-ochranit-auto-pred-slnkom.jpg","articleSection":["Gara\u017ce blaszane","Jak to zrobi\u0107 \u2013 gara\u017ce | DIY","Konserwacja i piel\u0119gnacja","Wiaty i altany","Zabezpieczenie"],"inLanguage":"pl-PL","potentialAction":[{"@type":"CommentAction","name":"Comment","target":["https:\/\/gardeon.pl\/pl\/blog\/jak-chronic-samochod-przed-sloncem\/#respond"]}]},{"@type":"WebPage","@id":"https:\/\/gardeon.pl\/pl\/blog\/jak-chronic-samochod-przed-sloncem\/","url":"https:\/\/gardeon.pl\/pl\/blog\/jak-chronic-samochod-przed-sloncem\/","name":"Jak chroni\u0107 samoch\u00f3d przed s\u0142o\u0144cem? - GARDEON","isPartOf":{"@id":"https:\/\/gardeon.pl\/#website"},"primaryImageOfPage":{"@id":"https:\/\/gardeon.pl\/pl\/blog\/jak-chronic-samochod-przed-sloncem\/#primaryimage"},"image":{"@id":"https:\/\/gardeon.pl\/pl\/blog\/jak-chronic-samochod-przed-sloncem\/#primaryimage"},"thumbnailUrl":"https:\/\/gardeon.pl\/wp-content\/uploads\/2017\/05\/Ako-ochranit-auto-pred-slnkom.jpg","datePublished":"2026-04-23T17:04:54+00:00","author":{"@id":"https:\/\/gardeon.pl\/#\/schema\/person\/a5762ca5f0790bf92774af0899379463"},"breadcrumb":{"@id":"https:\/\/gardeon.pl\/pl\/blog\/jak-chronic-samochod-przed-sloncem\/#breadcrumb"},"inLanguage":"pl-PL","potentialAction":[{"@type":"ReadAction","target":["https:\/\/gardeon.pl\/pl\/blog\/jak-chronic-samochod-przed-sloncem\/"]}]},{"@type":"ImageObject","inLanguage":"pl-PL","@id":"https:\/\/gardeon.pl\/pl\/blog\/jak-chronic-samochod-przed-sloncem\/#primaryimage","url":"https:\/\/gardeon.pl\/wp-content\/uploads\/2017\/05\/Ako-ochranit-auto-pred-slnkom.jpg","contentUrl":"https:\/\/gardeon.pl\/wp-content\/uploads\/2017\/05\/Ako-ochranit-auto-pred-slnkom.jpg","width":1000,"height":545,"caption":"Os\u0142ona przeciws\u0142oneczna samochodu"},{"@type":"BreadcrumbList","@id":"https:\/\/gardeon.pl\/pl\/blog\/jak-chronic-samochod-przed-sloncem\/#breadcrumb","itemListElement":[{"@type":"ListItem","position":1,"name":"Domov","item":"https:\/\/gardeon.pl\/pl\/"},{"@type":"ListItem","position":2,"name":"Jak chroni\u0107 samoch\u00f3d przed s\u0142o\u0144cem?"}]},{"@type":"WebSite","@id":"https:\/\/gardeon.pl\/#website","url":"https:\/\/gardeon.pl\/","name":"GARDEON","description":"","potentialAction":[{"@type":"SearchAction","target":{"@type":"EntryPoint","urlTemplate":"https:\/\/gardeon.pl\/?s={search_term_string}"},"query-input":{"@type":"PropertyValueSpecification","valueRequired":true,"valueName":"search_term_string"}}],"inLanguage":"pl-PL"},{"@type":"Person","@id":"https:\/\/gardeon.pl\/#\/schema\/person\/a5762ca5f0790bf92774af0899379463","name":"editor","image":{"@type":"ImageObject","inLanguage":"pl-PL","@id":"https:\/\/secure.gravatar.com\/avatar\/2b748151c2c748327307fd289a91b3bdafdd9e64e2d000e65e53d6dcf11c5830?s=96&d=mm&r=g","url":"https:\/\/secure.gravatar.com\/avatar\/2b748151c2c748327307fd289a91b3bdafdd9e64e2d000e65e53d6dcf11c5830?s=96&d=mm&r=g","contentUrl":"https:\/\/secure.gravatar.com\/avatar\/2b748151c2c748327307fd289a91b3bdafdd9e64e2d000e65e53d6dcf11c5830?s=96&d=mm&r=g","caption":"editor"}}]}},"_links":{"self":[{"href":"https:\/\/gardeon.pl\/pl\/wp-json\/wp\/v2\/posts\/46677","targetHints":{"allow":["GET"]}}],"collection":[{"href":"https:\/\/gardeon.pl\/pl\/wp-json\/wp\/v2\/posts"}],"about":[{"href":"https:\/\/gardeon.pl\/pl\/wp-json\/wp\/v2\/types\/post"}],"author":[{"embeddable":true,"href":"https:\/\/gardeon.pl\/pl\/wp-json\/wp\/v2\/users\/2"}],"replies":[{"embeddable":true,"href":"https:\/\/gardeon.pl\/pl\/wp-json\/wp\/v2\/comments?post=46677"}],"version-history":[{"count":0,"href":"https:\/\/gardeon.pl\/pl\/wp-json\/wp\/v2\/posts\/46677\/revisions"}],"wp:featuredmedia":[{"embeddable":true,"href":"https:\/\/gardeon.pl\/pl\/wp-json\/wp\/v2\/media\/46678"}],"wp:attachment":[{"href":"https:\/\/gardeon.pl\/pl\/wp-json\/wp\/v2\/media?parent=46677"}],"wp:term":[{"taxonomy":"category","embeddable":true,"href":"https:\/\/gardeon.pl\/pl\/wp-json\/wp\/v2\/categories?post=46677"},{"taxonomy":"post_tag","embeddable":true,"href":"https:\/\/gardeon.pl\/pl\/wp-json\/wp\/v2\/tags?post=46677"}],"curies":[{"name":"wp","href":"https:\/\/api.w.org\/{rel}","templated":true}]}}