{"id":46725,"date":"2026-04-23T17:41:07","date_gmt":"2026-04-23T15:41:07","guid":{"rendered":"https:\/\/gardeon.pl\/blog\/domek-ogrodowy-29-x-21-m-z-dwoma-zadaszeniami\/"},"modified":"2026-04-23T19:04:53","modified_gmt":"2026-04-23T17:04:53","slug":"domek-ogrodowy-29-x-21-m-z-dwoma-zadaszeniami","status":"publish","type":"post","link":"https:\/\/gardeon.pl\/pl\/blog\/domek-ogrodowy-29-x-21-m-z-dwoma-zadaszeniami\/","title":{"rendered":"Domek ogrodowy 2,9 x 2,1 m z dwoma zadaszeniami"},"content":{"rendered":"<h2>Jak to si\u0119 wszystko zacz\u0119\u0142o?<\/h2>\n<p><span style=\"font-weight: 400;\">Pani Bob\u010d\u00e1kov\u00e1 we wrze\u015bniu na naszej stronie znalaz\u0142a konfigurator domku ogrodowego, kt\u00f3ry bardzo j\u0105 zainteresowa\u0142. Po wsp\u00f3lnej konsultacji dodali\u015bmy nast\u0119pnie zadaszenia po lewej i prawej stronie (np. na miejsce do siedzenia, sk\u0142adowanie drewna). <\/span><\/p>\n<h3>Opinia tu\u017c po monta\u017cu<\/h3>\n<h2><a href=\"http:\/\/gardeon.pl\/wp-content\/uploads\/2020\/10\/recenzia-gardeon-5.png\"><img loading=\"lazy\" decoding=\"async\" class=\"alignnone wp-image-28558\" src=\"http:\/\/gardeon.pl\/wp-content\/uploads\/2020\/10\/recenzia-gardeon-5.png\" alt=\"Opinia klientki o bia\u0142ym domku ogrodowym\" width=\"800\" height=\"545\" srcset=\"https:\/\/gardeon.pl\/wp-content\/uploads\/2020\/10\/recenzia-gardeon-5.png 1084w, https:\/\/gardeon.pl\/wp-content\/uploads\/2020\/10\/recenzia-gardeon-5-300x205.png 300w, https:\/\/gardeon.pl\/wp-content\/uploads\/2020\/10\/recenzia-gardeon-5-1024x698.png 1024w, https:\/\/gardeon.pl\/wp-content\/uploads\/2020\/10\/recenzia-gardeon-5-768x524.png 768w\" sizes=\"auto, (max-width: 800px) 100vw, 800px\" \/><\/a><\/h2>\n<p><a href=\"http:\/\/gardeon.pl\/wp-content\/uploads\/2020\/10\/GARDEON-foto-od-zakaznikov-54.jpg\"><img loading=\"lazy\" decoding=\"async\" class=\"alignnone wp-image-28556\" src=\"http:\/\/gardeon.pl\/wp-content\/uploads\/2020\/10\/GARDEON-foto-od-zakaznikov-54.jpg\" alt=\"Bia\u0142y domek ogrodowy z zadaszeniem po monta\u017cu\" width=\"800\" height=\"600\" srcset=\"https:\/\/gardeon.pl\/wp-content\/uploads\/2020\/10\/GARDEON-foto-od-zakaznikov-54.jpg 960w, https:\/\/gardeon.pl\/wp-content\/uploads\/2020\/10\/GARDEON-foto-od-zakaznikov-54-300x225.jpg 300w, https:\/\/gardeon.pl\/wp-content\/uploads\/2020\/10\/GARDEON-foto-od-zakaznikov-54-768x576.jpg 768w\" sizes=\"auto, (max-width: 800px) 100vw, 800px\" \/><\/a><\/p>\n<h2>A jakie s\u0105 jej wra\u017cenia po pewnym czasie?<\/h2>\n<p><i><span style=\"font-weight: 400;\">\u201eJeste\u015bmy bardzo zadowoleni z domku ogrodowego. Uzupe\u0142nia nasz ogr\u00f3d. Jest w nim wystarczaj\u0105co du\u017co miejsca do przechowywania narz\u0119dzi ogrodowych i rzeczy sezonowych. Mamy tam r\u00f3wnie\u017c st\u00f3\u0142 i elektryczn\u0105 kuchenk\u0119 do przygotowywania przetwor\u00f3w. W zewn\u0119trznych wn\u0119kach jest du\u017co miejsca na sk\u0142adowanie drewna do kominka. Anka\u201d     <\/span><\/i><\/p>\n<h3>Zdj\u0119cia cz\u0119\u015bci zewn\u0119trznej<\/h3>\n<p><a href=\"http:\/\/gardeon.pl\/wp-content\/uploads\/2020\/10\/GARDEON-foto-od-zakaznikov-52-scaled.jpg\"><img loading=\"lazy\" decoding=\"async\" class=\"alignnone wp-image-28552\" src=\"http:\/\/gardeon.pl\/wp-content\/uploads\/2020\/10\/GARDEON-foto-od-zakaznikov-52-scaled.jpg\" alt=\"Bia\u0142y domek ogrodowy z zadaszeniem po obu stronach\" width=\"800\" height=\"600\" srcset=\"https:\/\/gardeon.pl\/wp-content\/uploads\/2020\/10\/GARDEON-foto-od-zakaznikov-52-scaled.jpg 2560w, https:\/\/gardeon.pl\/wp-content\/uploads\/2020\/10\/GARDEON-foto-od-zakaznikov-52-300x225.jpg 300w, https:\/\/gardeon.pl\/wp-content\/uploads\/2020\/10\/GARDEON-foto-od-zakaznikov-52-1024x768.jpg 1024w, https:\/\/gardeon.pl\/wp-content\/uploads\/2020\/10\/GARDEON-foto-od-zakaznikov-52-768x576.jpg 768w, https:\/\/gardeon.pl\/wp-content\/uploads\/2020\/10\/GARDEON-foto-od-zakaznikov-52-1536x1152.jpg 1536w, https:\/\/gardeon.pl\/wp-content\/uploads\/2020\/10\/GARDEON-foto-od-zakaznikov-52-2048x1536.jpg 2048w\" sizes=\"auto, (max-width: 800px) 100vw, 800px\" \/><\/a><\/p>\n<p><a href=\"http:\/\/gardeon.pl\/wp-content\/uploads\/2020\/10\/GARDEON-foto-od-zakaznikov-53-scaled-e1602064622274.jpg\"><img loading=\"lazy\" decoding=\"async\" class=\"alignnone wp-image-28554\" src=\"http:\/\/gardeon.pl\/wp-content\/uploads\/2020\/10\/GARDEON-foto-od-zakaznikov-53-scaled-e1602064622274.jpg\" alt=\"Bia\u0142y domek ogrodowy z drewnem pod prawym zadaszeniem\" width=\"800\" height=\"492\" srcset=\"https:\/\/gardeon.pl\/wp-content\/uploads\/2020\/10\/GARDEON-foto-od-zakaznikov-53-scaled-e1602064622274.jpg 2560w, https:\/\/gardeon.pl\/wp-content\/uploads\/2020\/10\/GARDEON-foto-od-zakaznikov-53-scaled-e1602064622274-300x184.jpg 300w, https:\/\/gardeon.pl\/wp-content\/uploads\/2020\/10\/GARDEON-foto-od-zakaznikov-53-scaled-e1602064622274-1024x630.jpg 1024w, https:\/\/gardeon.pl\/wp-content\/uploads\/2020\/10\/GARDEON-foto-od-zakaznikov-53-scaled-e1602064622274-768x472.jpg 768w, https:\/\/gardeon.pl\/wp-content\/uploads\/2020\/10\/GARDEON-foto-od-zakaznikov-53-scaled-e1602064622274-1536x944.jpg 1536w, https:\/\/gardeon.pl\/wp-content\/uploads\/2020\/10\/GARDEON-foto-od-zakaznikov-53-scaled-e1602064622274-2048x1259.jpg 2048w, https:\/\/gardeon.pl\/wp-content\/uploads\/2020\/10\/GARDEON-foto-od-zakaznikov-53-scaled-e1602064622274-1200x738.jpg 1200w\" sizes=\"auto, (max-width: 800px) 100vw, 800px\" \/><\/a><\/p>\n<h2>Podsumowanie<\/h2>\n<h3>Domek ogrodowy<\/h3>\n<ul>\n<li style=\"font-weight: 400;\" aria-level=\"1\"><span style=\"font-weight: 400;\">czas monta\u017cu \u2013 3,5 godziny<\/span><\/li>\n<li style=\"font-weight: 400;\" aria-level=\"1\"><span style=\"font-weight: 400;\">wymiary domku ogrodowego \u2013 2 900 x 2 100 mm + zadaszenie (dwa zadaszenia po lewej i prawej stronie) \u2013 1 500 x 2 100 mm<\/span><\/li>\n<li style=\"font-weight: 400;\" aria-level=\"1\"><span style=\"font-weight: 400;\">cena konstrukcji ogrodowej w chwili zam\u00f3wienia \u2013 ok. 110 000 K\u010d<\/span><span style=\"font-weight: 400;\"> z VAT<\/span><\/li>\n<\/ul>\n<p><span style=\"font-weight: 400;\"> <\/span><\/p>\n<h3 style=\"text-align: center;\">Dzi\u0119kujemy pani Bob\u010d\u00e1kovej za opini\u0119 i zdj\u0119cia :)<\/h3>\n","protected":false},"excerpt":{"rendered":"<p>Jak to si\u0119 wszystko zacz\u0119\u0142o? Pani Bob\u010d\u00e1kov\u00e1 we wrze\u015bniu na naszej stronie znalaz\u0142a konfigurator domku ogrodowego, kt\u00f3ry bardzo j\u0105 zainteresowa\u0142. Po wsp\u00f3lnej konsultacji dodali\u015bmy nast\u0119pnie zadaszenia po lewej i prawej stronie (np. na miejsce do siedzenia, sk\u0142adowanie drewna). Opinia tu\u017c po monta\u017cu A jakie s\u0105 jej wra\u017cenia po pewnym czasie? \u201eJeste\u015bmy bardzo zadowoleni z domku [&hellip;]<\/p>\n","protected":false},"author":2,"featured_media":46727,"comment_status":"open","ping_status":"open","sticky":false,"template":"","format":"standard","meta":{"_acf_changed":false,"inline_featured_image":false,"footnotes":""},"categories":[717,716],"tags":[],"class_list":["post-46725","post","type-post","status-publish","format-standard","has-post-thumbnail","hentry","category-domki-ogrodowe-2","category-jak-sie-zyje-z-gardeon"],"acf":[],"yoast_head":"<!-- This site is optimized with the Yoast SEO plugin v27.4 - https:\/\/yoast.com\/product\/yoast-seo-wordpress\/ -->\n<title>Domek ogrodowy 2,9 x 2,1 m z dwoma zadaszeniami | GARDEON<\/title>\n<meta name=\"robots\" content=\"index, follow, max-snippet:-1, max-image-preview:large, max-video-preview:-1\" \/>\n<link rel=\"canonical\" href=\"https:\/\/gardeon.pl\/pl\/blog\/domek-ogrodowy-29-x-21-m-z-dwoma-zadaszeniami\/\" \/>\n<meta property=\"og:locale\" content=\"pl_PL\" \/>\n<meta property=\"og:type\" content=\"article\" \/>\n<meta property=\"og:title\" content=\"Domek ogrodowy 2,9 x 2,1 m z dwoma zadaszeniami | GARDEON\" \/>\n<meta property=\"og:description\" content=\"Jak to si\u0119 wszystko zacz\u0119\u0142o? Pani Bob\u010d\u00e1kov\u00e1 we wrze\u015bniu na naszej stronie znalaz\u0142a konfigurator domku ogrodowego, kt\u00f3ry bardzo j\u0105 zainteresowa\u0142. Po wsp\u00f3lnej konsultacji dodali\u015bmy nast\u0119pnie zadaszenia po lewej i prawej stronie (np. na miejsce do siedzenia, sk\u0142adowanie drewna). Opinia tu\u017c po monta\u017cu A jakie s\u0105 jej wra\u017cenia po pewnym czasie? \u201eJeste\u015bmy bardzo zadowoleni z domku [&hellip;]\" \/>\n<meta property=\"og:url\" content=\"https:\/\/gardeon.pl\/pl\/blog\/domek-ogrodowy-29-x-21-m-z-dwoma-zadaszeniami\/\" \/>\n<meta property=\"og:site_name\" content=\"GARDEON\" \/>\n<meta property=\"article:published_time\" content=\"2026-04-23T15:41:07+00:00\" \/>\n<meta property=\"article:modified_time\" content=\"2026-04-23T17:04:53+00:00\" \/>\n<meta property=\"og:image\" content=\"http:\/\/gardeon.pl\/wp-content\/uploads\/2020\/10\/GARDEON-foto-od-zakaznikov-53-scaled-e1602064622274.jpg\" \/>\n\t<meta property=\"og:image:width\" content=\"2560\" \/>\n\t<meta property=\"og:image:height\" content=\"1574\" \/>\n\t<meta property=\"og:image:type\" content=\"image\/jpeg\" \/>\n<meta name=\"author\" content=\"editor\" \/>\n<meta name=\"twitter:card\" content=\"summary_large_image\" \/>\n<meta name=\"twitter:label1\" content=\"Napisane przez\" \/>\n\t<meta name=\"twitter:data1\" content=\"editor\" \/>\n\t<meta name=\"twitter:label2\" content=\"Szacowany czas czytania\" \/>\n\t<meta name=\"twitter:data2\" content=\"1 minuta\" \/>\n<script type=\"application\/ld+json\" class=\"yoast-schema-graph\">{\"@context\":\"https:\\\/\\\/schema.org\",\"@graph\":[{\"@type\":\"Article\",\"@id\":\"https:\\\/\\\/gardeon.pl\\\/pl\\\/blog\\\/domek-ogrodowy-29-x-21-m-z-dwoma-zadaszeniami\\\/#article\",\"isPartOf\":{\"@id\":\"https:\\\/\\\/gardeon.pl\\\/pl\\\/blog\\\/domek-ogrodowy-29-x-21-m-z-dwoma-zadaszeniami\\\/\"},\"author\":{\"name\":\"editor\",\"@id\":\"https:\\\/\\\/gardeon.pl\\\/#\\\/schema\\\/person\\\/a5762ca5f0790bf92774af0899379463\"},\"headline\":\"Domek ogrodowy 2,9 x 2,1 m z dwoma zadaszeniami\",\"datePublished\":\"2026-04-23T15:41:07+00:00\",\"dateModified\":\"2026-04-23T17:04:53+00:00\",\"mainEntityOfPage\":{\"@id\":\"https:\\\/\\\/gardeon.pl\\\/pl\\\/blog\\\/domek-ogrodowy-29-x-21-m-z-dwoma-zadaszeniami\\\/\"},\"wordCount\":173,\"commentCount\":0,\"image\":{\"@id\":\"https:\\\/\\\/gardeon.pl\\\/pl\\\/blog\\\/domek-ogrodowy-29-x-21-m-z-dwoma-zadaszeniami\\\/#primaryimage\"},\"thumbnailUrl\":\"https:\\\/\\\/gardeon.pl\\\/wp-content\\\/uploads\\\/2020\\\/10\\\/GARDEON-foto-od-zakaznikov-53-scaled-e1602064622274.jpg\",\"articleSection\":[\"Domki ogrodowe\",\"Jak si\u0119 \u017cyje z GARDEON\"],\"inLanguage\":\"pl-PL\",\"potentialAction\":[{\"@type\":\"CommentAction\",\"name\":\"Comment\",\"target\":[\"https:\\\/\\\/gardeon.pl\\\/pl\\\/blog\\\/domek-ogrodowy-29-x-21-m-z-dwoma-zadaszeniami\\\/#respond\"]}]},{\"@type\":\"WebPage\",\"@id\":\"https:\\\/\\\/gardeon.pl\\\/pl\\\/blog\\\/domek-ogrodowy-29-x-21-m-z-dwoma-zadaszeniami\\\/\",\"url\":\"https:\\\/\\\/gardeon.pl\\\/pl\\\/blog\\\/domek-ogrodowy-29-x-21-m-z-dwoma-zadaszeniami\\\/\",\"name\":\"Domek ogrodowy 2,9 x 2,1 m z dwoma zadaszeniami | GARDEON\",\"isPartOf\":{\"@id\":\"https:\\\/\\\/gardeon.pl\\\/#website\"},\"primaryImageOfPage\":{\"@id\":\"https:\\\/\\\/gardeon.pl\\\/pl\\\/blog\\\/domek-ogrodowy-29-x-21-m-z-dwoma-zadaszeniami\\\/#primaryimage\"},\"image\":{\"@id\":\"https:\\\/\\\/gardeon.pl\\\/pl\\\/blog\\\/domek-ogrodowy-29-x-21-m-z-dwoma-zadaszeniami\\\/#primaryimage\"},\"thumbnailUrl\":\"https:\\\/\\\/gardeon.pl\\\/wp-content\\\/uploads\\\/2020\\\/10\\\/GARDEON-foto-od-zakaznikov-53-scaled-e1602064622274.jpg\",\"datePublished\":\"2026-04-23T15:41:07+00:00\",\"dateModified\":\"2026-04-23T17:04:53+00:00\",\"author\":{\"@id\":\"https:\\\/\\\/gardeon.pl\\\/#\\\/schema\\\/person\\\/a5762ca5f0790bf92774af0899379463\"},\"breadcrumb\":{\"@id\":\"https:\\\/\\\/gardeon.pl\\\/pl\\\/blog\\\/domek-ogrodowy-29-x-21-m-z-dwoma-zadaszeniami\\\/#breadcrumb\"},\"inLanguage\":\"pl-PL\",\"potentialAction\":[{\"@type\":\"ReadAction\",\"target\":[\"https:\\\/\\\/gardeon.pl\\\/pl\\\/blog\\\/domek-ogrodowy-29-x-21-m-z-dwoma-zadaszeniami\\\/\"]}]},{\"@type\":\"ImageObject\",\"inLanguage\":\"pl-PL\",\"@id\":\"https:\\\/\\\/gardeon.pl\\\/pl\\\/blog\\\/domek-ogrodowy-29-x-21-m-z-dwoma-zadaszeniami\\\/#primaryimage\",\"url\":\"https:\\\/\\\/gardeon.pl\\\/wp-content\\\/uploads\\\/2020\\\/10\\\/GARDEON-foto-od-zakaznikov-53-scaled-e1602064622274.jpg\",\"contentUrl\":\"https:\\\/\\\/gardeon.pl\\\/wp-content\\\/uploads\\\/2020\\\/10\\\/GARDEON-foto-od-zakaznikov-53-scaled-e1602064622274.jpg\",\"width\":2560,\"height\":1574,\"caption\":\"Bia\u0142y domek ogrodowy z drewnem pod prawym zadaszeniem\"},{\"@type\":\"BreadcrumbList\",\"@id\":\"https:\\\/\\\/gardeon.pl\\\/pl\\\/blog\\\/domek-ogrodowy-29-x-21-m-z-dwoma-zadaszeniami\\\/#breadcrumb\",\"itemListElement\":[{\"@type\":\"ListItem\",\"position\":1,\"name\":\"Domov\",\"item\":\"https:\\\/\\\/gardeon.pl\\\/pl\\\/\"},{\"@type\":\"ListItem\",\"position\":2,\"name\":\"Domek ogrodowy 2,9 x 2,1 m z dwoma zadaszeniami\"}]},{\"@type\":\"WebSite\",\"@id\":\"https:\\\/\\\/gardeon.pl\\\/#website\",\"url\":\"https:\\\/\\\/gardeon.pl\\\/\",\"name\":\"GARDEON\",\"description\":\"\",\"potentialAction\":[{\"@type\":\"SearchAction\",\"target\":{\"@type\":\"EntryPoint\",\"urlTemplate\":\"https:\\\/\\\/gardeon.pl\\\/?s={search_term_string}\"},\"query-input\":{\"@type\":\"PropertyValueSpecification\",\"valueRequired\":true,\"valueName\":\"search_term_string\"}}],\"inLanguage\":\"pl-PL\"},{\"@type\":\"Person\",\"@id\":\"https:\\\/\\\/gardeon.pl\\\/#\\\/schema\\\/person\\\/a5762ca5f0790bf92774af0899379463\",\"name\":\"editor\",\"image\":{\"@type\":\"ImageObject\",\"inLanguage\":\"pl-PL\",\"@id\":\"https:\\\/\\\/secure.gravatar.com\\\/avatar\\\/2b748151c2c748327307fd289a91b3bdafdd9e64e2d000e65e53d6dcf11c5830?s=96&d=mm&r=g\",\"url\":\"https:\\\/\\\/secure.gravatar.com\\\/avatar\\\/2b748151c2c748327307fd289a91b3bdafdd9e64e2d000e65e53d6dcf11c5830?s=96&d=mm&r=g\",\"contentUrl\":\"https:\\\/\\\/secure.gravatar.com\\\/avatar\\\/2b748151c2c748327307fd289a91b3bdafdd9e64e2d000e65e53d6dcf11c5830?s=96&d=mm&r=g\",\"caption\":\"editor\"}}]}<\/script>\n<!-- \/ Yoast SEO plugin. -->","yoast_head_json":{"title":"Domek ogrodowy 2,9 x 2,1 m z dwoma zadaszeniami | GARDEON","robots":{"index":"index","follow":"follow","max-snippet":"max-snippet:-1","max-image-preview":"max-image-preview:large","max-video-preview":"max-video-preview:-1"},"canonical":"https:\/\/gardeon.pl\/pl\/blog\/domek-ogrodowy-29-x-21-m-z-dwoma-zadaszeniami\/","og_locale":"pl_PL","og_type":"article","og_title":"Domek ogrodowy 2,9 x 2,1 m z dwoma zadaszeniami | GARDEON","og_description":"Jak to si\u0119 wszystko zacz\u0119\u0142o? Pani Bob\u010d\u00e1kov\u00e1 we wrze\u015bniu na naszej stronie znalaz\u0142a konfigurator domku ogrodowego, kt\u00f3ry bardzo j\u0105 zainteresowa\u0142. Po wsp\u00f3lnej konsultacji dodali\u015bmy nast\u0119pnie zadaszenia po lewej i prawej stronie (np. na miejsce do siedzenia, sk\u0142adowanie drewna). Opinia tu\u017c po monta\u017cu A jakie s\u0105 jej wra\u017cenia po pewnym czasie? \u201eJeste\u015bmy bardzo zadowoleni z domku [&hellip;]","og_url":"https:\/\/gardeon.pl\/pl\/blog\/domek-ogrodowy-29-x-21-m-z-dwoma-zadaszeniami\/","og_site_name":"GARDEON","article_published_time":"2026-04-23T15:41:07+00:00","article_modified_time":"2026-04-23T17:04:53+00:00","og_image":[{"width":2560,"height":1574,"url":"http:\/\/gardeon.pl\/wp-content\/uploads\/2020\/10\/GARDEON-foto-od-zakaznikov-53-scaled-e1602064622274.jpg","type":"image\/jpeg"}],"author":"editor","twitter_card":"summary_large_image","twitter_misc":{"Napisane przez":"editor","Szacowany czas czytania":"1 minuta"},"schema":{"@context":"https:\/\/schema.org","@graph":[{"@type":"Article","@id":"https:\/\/gardeon.pl\/pl\/blog\/domek-ogrodowy-29-x-21-m-z-dwoma-zadaszeniami\/#article","isPartOf":{"@id":"https:\/\/gardeon.pl\/pl\/blog\/domek-ogrodowy-29-x-21-m-z-dwoma-zadaszeniami\/"},"author":{"name":"editor","@id":"https:\/\/gardeon.pl\/#\/schema\/person\/a5762ca5f0790bf92774af0899379463"},"headline":"Domek ogrodowy 2,9 x 2,1 m z dwoma zadaszeniami","datePublished":"2026-04-23T15:41:07+00:00","dateModified":"2026-04-23T17:04:53+00:00","mainEntityOfPage":{"@id":"https:\/\/gardeon.pl\/pl\/blog\/domek-ogrodowy-29-x-21-m-z-dwoma-zadaszeniami\/"},"wordCount":173,"commentCount":0,"image":{"@id":"https:\/\/gardeon.pl\/pl\/blog\/domek-ogrodowy-29-x-21-m-z-dwoma-zadaszeniami\/#primaryimage"},"thumbnailUrl":"https:\/\/gardeon.pl\/wp-content\/uploads\/2020\/10\/GARDEON-foto-od-zakaznikov-53-scaled-e1602064622274.jpg","articleSection":["Domki ogrodowe","Jak si\u0119 \u017cyje z GARDEON"],"inLanguage":"pl-PL","potentialAction":[{"@type":"CommentAction","name":"Comment","target":["https:\/\/gardeon.pl\/pl\/blog\/domek-ogrodowy-29-x-21-m-z-dwoma-zadaszeniami\/#respond"]}]},{"@type":"WebPage","@id":"https:\/\/gardeon.pl\/pl\/blog\/domek-ogrodowy-29-x-21-m-z-dwoma-zadaszeniami\/","url":"https:\/\/gardeon.pl\/pl\/blog\/domek-ogrodowy-29-x-21-m-z-dwoma-zadaszeniami\/","name":"Domek ogrodowy 2,9 x 2,1 m z dwoma zadaszeniami | GARDEON","isPartOf":{"@id":"https:\/\/gardeon.pl\/#website"},"primaryImageOfPage":{"@id":"https:\/\/gardeon.pl\/pl\/blog\/domek-ogrodowy-29-x-21-m-z-dwoma-zadaszeniami\/#primaryimage"},"image":{"@id":"https:\/\/gardeon.pl\/pl\/blog\/domek-ogrodowy-29-x-21-m-z-dwoma-zadaszeniami\/#primaryimage"},"thumbnailUrl":"https:\/\/gardeon.pl\/wp-content\/uploads\/2020\/10\/GARDEON-foto-od-zakaznikov-53-scaled-e1602064622274.jpg","datePublished":"2026-04-23T15:41:07+00:00","dateModified":"2026-04-23T17:04:53+00:00","author":{"@id":"https:\/\/gardeon.pl\/#\/schema\/person\/a5762ca5f0790bf92774af0899379463"},"breadcrumb":{"@id":"https:\/\/gardeon.pl\/pl\/blog\/domek-ogrodowy-29-x-21-m-z-dwoma-zadaszeniami\/#breadcrumb"},"inLanguage":"pl-PL","potentialAction":[{"@type":"ReadAction","target":["https:\/\/gardeon.pl\/pl\/blog\/domek-ogrodowy-29-x-21-m-z-dwoma-zadaszeniami\/"]}]},{"@type":"ImageObject","inLanguage":"pl-PL","@id":"https:\/\/gardeon.pl\/pl\/blog\/domek-ogrodowy-29-x-21-m-z-dwoma-zadaszeniami\/#primaryimage","url":"https:\/\/gardeon.pl\/wp-content\/uploads\/2020\/10\/GARDEON-foto-od-zakaznikov-53-scaled-e1602064622274.jpg","contentUrl":"https:\/\/gardeon.pl\/wp-content\/uploads\/2020\/10\/GARDEON-foto-od-zakaznikov-53-scaled-e1602064622274.jpg","width":2560,"height":1574,"caption":"Bia\u0142y domek ogrodowy z drewnem pod prawym zadaszeniem"},{"@type":"BreadcrumbList","@id":"https:\/\/gardeon.pl\/pl\/blog\/domek-ogrodowy-29-x-21-m-z-dwoma-zadaszeniami\/#breadcrumb","itemListElement":[{"@type":"ListItem","position":1,"name":"Domov","item":"https:\/\/gardeon.pl\/pl\/"},{"@type":"ListItem","position":2,"name":"Domek ogrodowy 2,9 x 2,1 m z dwoma zadaszeniami"}]},{"@type":"WebSite","@id":"https:\/\/gardeon.pl\/#website","url":"https:\/\/gardeon.pl\/","name":"GARDEON","description":"","potentialAction":[{"@type":"SearchAction","target":{"@type":"EntryPoint","urlTemplate":"https:\/\/gardeon.pl\/?s={search_term_string}"},"query-input":{"@type":"PropertyValueSpecification","valueRequired":true,"valueName":"search_term_string"}}],"inLanguage":"pl-PL"},{"@type":"Person","@id":"https:\/\/gardeon.pl\/#\/schema\/person\/a5762ca5f0790bf92774af0899379463","name":"editor","image":{"@type":"ImageObject","inLanguage":"pl-PL","@id":"https:\/\/secure.gravatar.com\/avatar\/2b748151c2c748327307fd289a91b3bdafdd9e64e2d000e65e53d6dcf11c5830?s=96&d=mm&r=g","url":"https:\/\/secure.gravatar.com\/avatar\/2b748151c2c748327307fd289a91b3bdafdd9e64e2d000e65e53d6dcf11c5830?s=96&d=mm&r=g","contentUrl":"https:\/\/secure.gravatar.com\/avatar\/2b748151c2c748327307fd289a91b3bdafdd9e64e2d000e65e53d6dcf11c5830?s=96&d=mm&r=g","caption":"editor"}}]}},"_links":{"self":[{"href":"https:\/\/gardeon.pl\/pl\/wp-json\/wp\/v2\/posts\/46725","targetHints":{"allow":["GET"]}}],"collection":[{"href":"https:\/\/gardeon.pl\/pl\/wp-json\/wp\/v2\/posts"}],"about":[{"href":"https:\/\/gardeon.pl\/pl\/wp-json\/wp\/v2\/types\/post"}],"author":[{"embeddable":true,"href":"https:\/\/gardeon.pl\/pl\/wp-json\/wp\/v2\/users\/2"}],"replies":[{"embeddable":true,"href":"https:\/\/gardeon.pl\/pl\/wp-json\/wp\/v2\/comments?post=46725"}],"version-history":[{"count":0,"href":"https:\/\/gardeon.pl\/pl\/wp-json\/wp\/v2\/posts\/46725\/revisions"}],"wp:featuredmedia":[{"embeddable":true,"href":"https:\/\/gardeon.pl\/pl\/wp-json\/wp\/v2\/media\/46727"}],"wp:attachment":[{"href":"https:\/\/gardeon.pl\/pl\/wp-json\/wp\/v2\/media?parent=46725"}],"wp:term":[{"taxonomy":"category","embeddable":true,"href":"https:\/\/gardeon.pl\/pl\/wp-json\/wp\/v2\/categories?post=46725"},{"taxonomy":"post_tag","embeddable":true,"href":"https:\/\/gardeon.pl\/pl\/wp-json\/wp\/v2\/tags?post=46725"}],"curies":[{"name":"wp","href":"https:\/\/api.w.org\/{rel}","templated":true}]}}