{"id":46728,"date":"2026-04-23T17:41:07","date_gmt":"2026-04-23T15:41:07","guid":{"rendered":"https:\/\/gardeon.pl\/blog\/domek-ogrodowy-z-wiata-i-wiata-garazowa\/"},"modified":"2026-04-23T19:04:53","modified_gmt":"2026-04-23T17:04:53","slug":"domek-ogrodowy-z-wiata-i-wiata-garazowa","status":"publish","type":"post","link":"https:\/\/gardeon.pl\/pl\/blog\/domek-ogrodowy-z-wiata-i-wiata-garazowa\/","title":{"rendered":"Domek ogrodowy z wiat\u0105 i wiata gara\u017cowa"},"content":{"rendered":"<h2>Jak to wszystko si\u0119 zacz\u0119\u0142o?<\/h2>\n<p><span style=\"font-weight: 400;\">Pan Pavli\u010dko skontaktowa\u0142 si\u0119 z nami w kwietniu mailem z informacj\u0105, \u017ce by\u0142by zainteresowany domkiem ogrodowym z wiat\u0105. Natrafi\u0142 na nas w internecie. Na pocz\u0105tku naszej komunikacji mia\u0142 ju\u017c jasno\u015b\u0107 co do tego, jakie pod\u0142o\u017ce pod montowany domek przygotowa\u0107 \u2013 wybra\u0142 kostk\u0119 brukow\u0105.  <\/span><!--more--><span style=\"font-weight: 400;\">W trakcie komunikacji dostosowali\u015bmy kolor tynku i dodatk\u00f3w, aby domek jak najbardziej komponowa\u0142 si\u0119 z domem. Pan Pavli\u010dko nie waha\u0142 si\u0119 d\u0142ugo z zam\u00f3wieniem i dlatego montowali\u015bmy dla niego ju\u017c w lipcu tego samego roku. By\u0142 z nami tak zadowolony, \u017ce ponownie skontaktowa\u0142 si\u0119 z nami w marcu nast\u0119pnego roku i zam\u00f3wi\u0142 r\u00f3wnie\u017c wiat\u0119 gara\u017cow\u0105.  <\/span><\/p>\n<p><a href=\"https:\/\/gardeon.pl\/pl\/wiaty\/uslugi-dla-wiat\/co-przygotowac-przed-montazem\/\"><i><span style=\"font-weight: 400;\">Pod\u0142o\u017ce pod wiat\u0119<\/span><\/i><\/a><i><span style=\"font-weight: 400;\"> \u2013 stopy betonowe<\/span><\/i><\/p>\n<p><a href=\"http:\/\/gardeon.pl\/wp-content\/uploads\/2020\/10\/GARDEON-foto-od-zakaznikov-83.jpg\"><img loading=\"lazy\" decoding=\"async\" class=\"alignnone wp-image-28819\" src=\"http:\/\/gardeon.pl\/wp-content\/uploads\/2020\/10\/GARDEON-foto-od-zakaznikov-83.jpg\" alt=\"Miejsce na pod\u0142o\u017ce\" width=\"800\" height=\"600\" srcset=\"https:\/\/gardeon.pl\/wp-content\/uploads\/2020\/10\/GARDEON-foto-od-zakaznikov-83.jpg 1200w, https:\/\/gardeon.pl\/wp-content\/uploads\/2020\/10\/GARDEON-foto-od-zakaznikov-83-300x225.jpg 300w, https:\/\/gardeon.pl\/wp-content\/uploads\/2020\/10\/GARDEON-foto-od-zakaznikov-83-1024x768.jpg 1024w, https:\/\/gardeon.pl\/wp-content\/uploads\/2020\/10\/GARDEON-foto-od-zakaznikov-83-768x576.jpg 768w\" sizes=\"auto, (max-width: 800px) 100vw, 800px\" \/><\/a><\/p>\n<p><a href=\"https:\/\/gardeon.pl\/pl\/domki-ogrodowe-na-narzedzia\/jak-wybrac-domek-ogrodowy\/co-przygotowac-przed-montazem\/\"><i><span style=\"font-weight: 400;\">Pod\u0142o\u017ce pod domek ogrodowy<\/span><\/i><\/a><i><span style=\"font-weight: 400;\"> \u2013 stopy betonowe w kostce brukowej<\/span><\/i><\/p>\n<p><a href=\"http:\/\/gardeon.pl\/wp-content\/uploads\/2020\/10\/GARDEON-foto-od-zakaznikov-82.jpg\"><img loading=\"lazy\" decoding=\"async\" class=\"alignnone wp-image-28817\" src=\"http:\/\/gardeon.pl\/wp-content\/uploads\/2020\/10\/GARDEON-foto-od-zakaznikov-82.jpg\" alt=\"Gotowe pod\u0142o\u017ce\" width=\"800\" height=\"599\" srcset=\"https:\/\/gardeon.pl\/wp-content\/uploads\/2020\/10\/GARDEON-foto-od-zakaznikov-82.jpg 1200w, https:\/\/gardeon.pl\/wp-content\/uploads\/2020\/10\/GARDEON-foto-od-zakaznikov-82-300x225.jpg 300w, https:\/\/gardeon.pl\/wp-content\/uploads\/2020\/10\/GARDEON-foto-od-zakaznikov-82-1024x766.jpg 1024w, https:\/\/gardeon.pl\/wp-content\/uploads\/2020\/10\/GARDEON-foto-od-zakaznikov-82-768x575.jpg 768w\" sizes=\"auto, (max-width: 800px) 100vw, 800px\" \/><\/a><\/p>\n<h3>Recenzja zaraz po monta\u017cu<\/h3>\n<p><i><span style=\"font-weight: 400;\">\u201eKomunikacja przebieg\u0142a bez problem\u00f3w. Podej\u015bcie pracownik\u00f3w monta\u017cowych by\u0142o profesjonalne, byli ch\u0119tni do wykonania prac zgodnie z wymaganiami. Mieli\u015bmy ju\u017c z Pa\u0144stwem bardzo dobre do\u015bwiadczenie w zesz\u0142ym roku przy budowie domku ogrodowego. Podoba mi si\u0119 strona internetowa i system CRM. Sama konstrukcja i u\u017cyte materia\u0142y s\u0105 wysokiej jako\u015bci, monta\u017c i planowanie monta\u017cu r\u00f3wnie\u017c na poziomie.    <\/span><\/i><\/p>\n<h2>A jakie s\u0105 jego wra\u017cenia z perspektywy czasu?<\/h2>\n<p><i><span style=\"font-weight: 400;\">\u201eJeste\u015bmy bardzo zadowoleni i cieszymy si\u0119, \u017ce wybrali\u015bmy zar\u00f3wno wiat\u0119, jak i domek ogrodowy od Pa\u0144stwa. Uwa\u017cam, \u017ce by\u0142a to bardzo dobra inwestycja. Od tego czasu odwiedzi\u0142o nas kilka os\u00f3b, kt\u00f3re podziwia\u0142y Pa\u0144stwa produkty. :) Tyle w skr\u00f3cie, \u017cycz\u0119 mi\u0142ego dnia i wielu sukces\u00f3w.\u201d   <\/span><\/i><\/p>\n<h3>Zdj\u0119cia cz\u0119\u015bci zewn\u0119trznej<\/h3>\n<p><i><span style=\"font-weight: 400;\">Wiata<\/span><\/i><\/p>\n<p><a href=\"http:\/\/gardeon.pl\/wp-content\/uploads\/2020\/10\/GARDEON-foto-od-zakaznikov-80.jpg\"><img loading=\"lazy\" decoding=\"async\" class=\"alignnone wp-image-28813\" src=\"http:\/\/gardeon.pl\/wp-content\/uploads\/2020\/10\/GARDEON-foto-od-zakaznikov-80.jpg\" alt=\"Wiata przy domu\" width=\"800\" height=\"600\" srcset=\"https:\/\/gardeon.pl\/wp-content\/uploads\/2020\/10\/GARDEON-foto-od-zakaznikov-80.jpg 1200w, https:\/\/gardeon.pl\/wp-content\/uploads\/2020\/10\/GARDEON-foto-od-zakaznikov-80-300x225.jpg 300w, https:\/\/gardeon.pl\/wp-content\/uploads\/2020\/10\/GARDEON-foto-od-zakaznikov-80-1024x768.jpg 1024w, https:\/\/gardeon.pl\/wp-content\/uploads\/2020\/10\/GARDEON-foto-od-zakaznikov-80-768x576.jpg 768w\" sizes=\"auto, (max-width: 800px) 100vw, 800px\" \/><\/a><\/p>\n<p><a href=\"http:\/\/gardeon.pl\/wp-content\/uploads\/2020\/10\/GARDEON-foto-od-zakaznikov-81.jpg\"><img loading=\"lazy\" decoding=\"async\" class=\"alignnone wp-image-28815\" src=\"http:\/\/gardeon.pl\/wp-content\/uploads\/2020\/10\/GARDEON-foto-od-zakaznikov-81.jpg\" alt=\"Brama przed wiat\u0105\" width=\"800\" height=\"600\" srcset=\"https:\/\/gardeon.pl\/wp-content\/uploads\/2020\/10\/GARDEON-foto-od-zakaznikov-81.jpg 1200w, https:\/\/gardeon.pl\/wp-content\/uploads\/2020\/10\/GARDEON-foto-od-zakaznikov-81-300x225.jpg 300w, https:\/\/gardeon.pl\/wp-content\/uploads\/2020\/10\/GARDEON-foto-od-zakaznikov-81-1024x768.jpg 1024w, https:\/\/gardeon.pl\/wp-content\/uploads\/2020\/10\/GARDEON-foto-od-zakaznikov-81-768x576.jpg 768w\" sizes=\"auto, (max-width: 800px) 100vw, 800px\" \/><\/a><\/p>\n<p><span style=\"font-weight: 400;\">Domek ogrodowy<\/span><\/p>\n<p><a href=\"http:\/\/gardeon.pl\/wp-content\/uploads\/2020\/10\/GARDEON-foto-od-zakaznikov_91.jpg\"><img loading=\"lazy\" decoding=\"async\" class=\"alignnone wp-image-28840\" src=\"http:\/\/gardeon.pl\/wp-content\/uploads\/2020\/10\/GARDEON-foto-od-zakaznikov_91.jpg\" alt=\"Domek ogrodowy z ogrodem z prawej strony\" width=\"800\" height=\"600\" srcset=\"https:\/\/gardeon.pl\/wp-content\/uploads\/2020\/10\/GARDEON-foto-od-zakaznikov_91.jpg 1200w, https:\/\/gardeon.pl\/wp-content\/uploads\/2020\/10\/GARDEON-foto-od-zakaznikov_91-300x225.jpg 300w, https:\/\/gardeon.pl\/wp-content\/uploads\/2020\/10\/GARDEON-foto-od-zakaznikov_91-1024x768.jpg 1024w, https:\/\/gardeon.pl\/wp-content\/uploads\/2020\/10\/GARDEON-foto-od-zakaznikov_91-768x576.jpg 768w\" sizes=\"auto, (max-width: 800px) 100vw, 800px\" \/><\/a><\/p>\n<p><a href=\"http:\/\/gardeon.pl\/wp-content\/uploads\/2020\/10\/GARDEON-foto-od-zakaznikov-89.jpg\"><img loading=\"lazy\" decoding=\"async\" class=\"alignnone wp-image-28842\" src=\"http:\/\/gardeon.pl\/wp-content\/uploads\/2020\/10\/GARDEON-foto-od-zakaznikov-89.jpg\" alt=\"Bli\u017cszy widok na domek ogrodowy z zadaszeniem\" width=\"800\" height=\"533\" srcset=\"https:\/\/gardeon.pl\/wp-content\/uploads\/2020\/10\/GARDEON-foto-od-zakaznikov-89.jpg 1500w, https:\/\/gardeon.pl\/wp-content\/uploads\/2020\/10\/GARDEON-foto-od-zakaznikov-89-300x200.jpg 300w, https:\/\/gardeon.pl\/wp-content\/uploads\/2020\/10\/GARDEON-foto-od-zakaznikov-89-1024x683.jpg 1024w, https:\/\/gardeon.pl\/wp-content\/uploads\/2020\/10\/GARDEON-foto-od-zakaznikov-89-768x512.jpg 768w\" sizes=\"auto, (max-width: 800px) 100vw, 800px\" \/><\/a><\/p>\n<p><a href=\"http:\/\/gardeon.pl\/wp-content\/uploads\/2020\/10\/GARDEON-foto-od-zakaznikov-90.jpg\"><img loading=\"lazy\" decoding=\"async\" class=\"alignnone wp-image-28844\" src=\"http:\/\/gardeon.pl\/wp-content\/uploads\/2020\/10\/GARDEON-foto-od-zakaznikov-90.jpg\" alt=\"Domek ogrodowy z zadaszeniem\" width=\"800\" height=\"599\" srcset=\"https:\/\/gardeon.pl\/wp-content\/uploads\/2020\/10\/GARDEON-foto-od-zakaznikov-90.jpg 1200w, https:\/\/gardeon.pl\/wp-content\/uploads\/2020\/10\/GARDEON-foto-od-zakaznikov-90-300x225.jpg 300w, https:\/\/gardeon.pl\/wp-content\/uploads\/2020\/10\/GARDEON-foto-od-zakaznikov-90-1024x766.jpg 1024w, https:\/\/gardeon.pl\/wp-content\/uploads\/2020\/10\/GARDEON-foto-od-zakaznikov-90-768x575.jpg 768w\" sizes=\"auto, (max-width: 800px) 100vw, 800px\" \/><\/a><\/p>\n<h2>Podsumowanie<\/h2>\n<h3>Domek ogrodowy<\/h3>\n<ul>\n<li style=\"font-weight: 400;\" aria-level=\"1\"><span style=\"font-weight: 400;\">czas budowy \u2013 3,5 godziny<\/span><\/li>\n<li style=\"font-weight: 400;\" aria-level=\"1\"><span style=\"font-weight: 400;\">wymiar domku ogrodowego \u2013 2 500 x 2 980 mm + wiata 3 000 x 2 980 mm + <\/span><a href=\"https:\/\/gardeon.pl\/pl\/domki-ogrodowe-na-narzedzia\/akcesoria-dodatki\/dach-do-domku-ogrodowego\/\"><span style=\"font-weight: 400;\">system antykondensacyjny DRIPSTOP<\/span><\/a><\/li>\n<li style=\"font-weight: 400;\" aria-level=\"1\"><span style=\"font-weight: 400;\">cena domku ogrodowego w momencie zam\u00f3wienia \u2013 ok. 120 000 CZK z VAT<\/span><\/li>\n<\/ul>\n<h3>Wiata<\/h3>\n<ul>\n<li style=\"font-weight: 400;\" aria-level=\"1\"><span style=\"font-weight: 400;\">czas budowy wiaty \u2013 4,5 godziny<\/span><\/li>\n<li style=\"font-weight: 400;\" aria-level=\"1\"><span style=\"font-weight: 400;\">wymiar wiaty \u2013 5 000 x 6 860 mm<\/span><\/li>\n<li style=\"font-weight: 400;\" aria-level=\"1\"><span style=\"font-weight: 400;\">ekskluzywne wyposa\u017cenie \u2013 dripstop + s\u0142upy w kolorze RAL (wyposa\u017cenie za dop\u0142at\u0105, standard to tynk)<\/span><\/li>\n<li style=\"font-weight: 400;\" aria-level=\"1\"><span style=\"font-weight: 400;\">cena wiaty w momencie zam\u00f3wienia \u2013 ok. 145 000 CZK z VAT<\/span><\/li>\n<\/ul>\n<h3 style=\"text-align: center;\">Za informacj\u0119 zwrotn\u0105 i zdj\u0119cia dzi\u0119kujemy panu Pavli\u010dko :)<\/h3>\n","protected":false},"excerpt":{"rendered":"<p>Jak to wszystko si\u0119 zacz\u0119\u0142o? Pan Pavli\u010dko skontaktowa\u0142 si\u0119 z nami w kwietniu mailem z informacj\u0105, \u017ce by\u0142by zainteresowany domkiem ogrodowym z wiat\u0105. Natrafi\u0142 na nas w internecie. Na pocz\u0105tku naszej komunikacji mia\u0142 ju\u017c jasno\u015b\u0107 co do tego, jakie pod\u0142o\u017ce pod montowany domek przygotowa\u0107 \u2013 wybra\u0142 kostk\u0119 brukow\u0105.<\/p>\n","protected":false},"author":2,"featured_media":46732,"comment_status":"open","ping_status":"open","sticky":false,"template":"","format":"standard","meta":{"_acf_changed":false,"inline_featured_image":false,"footnotes":""},"categories":[717,716],"tags":[],"class_list":["post-46728","post","type-post","status-publish","format-standard","has-post-thumbnail","hentry","category-domki-ogrodowe-2","category-jak-sie-zyje-z-gardeon"],"acf":[],"yoast_head":"<!-- This site is optimized with the Yoast SEO plugin v27.4 - https:\/\/yoast.com\/product\/yoast-seo-wordpress\/ -->\n<title>Domek ogrodowy z wiat\u0105 i wiata gara\u017cowa | GARDEON<\/title>\n<meta name=\"robots\" content=\"index, follow, max-snippet:-1, max-image-preview:large, max-video-preview:-1\" \/>\n<link rel=\"canonical\" href=\"https:\/\/gardeon.pl\/pl\/blog\/domek-ogrodowy-z-wiata-i-wiata-garazowa\/\" \/>\n<meta property=\"og:locale\" content=\"pl_PL\" \/>\n<meta property=\"og:type\" content=\"article\" \/>\n<meta property=\"og:title\" content=\"Domek ogrodowy z wiat\u0105 i wiata gara\u017cowa | GARDEON\" \/>\n<meta property=\"og:description\" content=\"Jak to wszystko si\u0119 zacz\u0119\u0142o? Pan Pavli\u010dko skontaktowa\u0142 si\u0119 z nami w kwietniu mailem z informacj\u0105, \u017ce by\u0142by zainteresowany domkiem ogrodowym z wiat\u0105. Natrafi\u0142 na nas w internecie. Na pocz\u0105tku naszej komunikacji mia\u0142 ju\u017c jasno\u015b\u0107 co do tego, jakie pod\u0142o\u017ce pod montowany domek przygotowa\u0107 \u2013 wybra\u0142 kostk\u0119 brukow\u0105.\" \/>\n<meta property=\"og:url\" content=\"https:\/\/gardeon.pl\/pl\/blog\/domek-ogrodowy-z-wiata-i-wiata-garazowa\/\" \/>\n<meta property=\"og:site_name\" content=\"GARDEON\" \/>\n<meta property=\"article:published_time\" content=\"2026-04-23T15:41:07+00:00\" \/>\n<meta property=\"article:modified_time\" content=\"2026-04-23T17:04:53+00:00\" \/>\n<meta property=\"og:image\" content=\"http:\/\/gardeon.pl\/wp-content\/uploads\/2020\/10\/GARDEON-foto-od-zakaznikov-81.jpg\" \/>\n\t<meta property=\"og:image:width\" content=\"1200\" \/>\n\t<meta property=\"og:image:height\" content=\"900\" \/>\n\t<meta property=\"og:image:type\" content=\"image\/jpeg\" \/>\n<meta name=\"author\" content=\"editor\" \/>\n<meta name=\"twitter:card\" content=\"summary_large_image\" \/>\n<meta name=\"twitter:label1\" content=\"Napisane przez\" \/>\n\t<meta name=\"twitter:data1\" content=\"editor\" \/>\n\t<meta name=\"twitter:label2\" content=\"Szacowany czas czytania\" \/>\n\t<meta name=\"twitter:data2\" content=\"2 minuty\" \/>\n<script type=\"application\/ld+json\" class=\"yoast-schema-graph\">{\"@context\":\"https:\\\/\\\/schema.org\",\"@graph\":[{\"@type\":\"Article\",\"@id\":\"https:\\\/\\\/gardeon.pl\\\/pl\\\/blog\\\/domek-ogrodowy-z-wiata-i-wiata-garazowa\\\/#article\",\"isPartOf\":{\"@id\":\"https:\\\/\\\/gardeon.pl\\\/pl\\\/blog\\\/domek-ogrodowy-z-wiata-i-wiata-garazowa\\\/\"},\"author\":{\"name\":\"editor\",\"@id\":\"https:\\\/\\\/gardeon.pl\\\/#\\\/schema\\\/person\\\/a5762ca5f0790bf92774af0899379463\"},\"headline\":\"Domek ogrodowy z wiat\u0105 i wiata gara\u017cowa\",\"datePublished\":\"2026-04-23T15:41:07+00:00\",\"dateModified\":\"2026-04-23T17:04:53+00:00\",\"mainEntityOfPage\":{\"@id\":\"https:\\\/\\\/gardeon.pl\\\/pl\\\/blog\\\/domek-ogrodowy-z-wiata-i-wiata-garazowa\\\/\"},\"wordCount\":369,\"commentCount\":0,\"image\":{\"@id\":\"https:\\\/\\\/gardeon.pl\\\/pl\\\/blog\\\/domek-ogrodowy-z-wiata-i-wiata-garazowa\\\/#primaryimage\"},\"thumbnailUrl\":\"https:\\\/\\\/gardeon.pl\\\/wp-content\\\/uploads\\\/2020\\\/10\\\/GARDEON-foto-od-zakaznikov-81.jpg\",\"articleSection\":[\"Domki ogrodowe\",\"Jak si\u0119 \u017cyje z GARDEON\"],\"inLanguage\":\"pl-PL\",\"potentialAction\":[{\"@type\":\"CommentAction\",\"name\":\"Comment\",\"target\":[\"https:\\\/\\\/gardeon.pl\\\/pl\\\/blog\\\/domek-ogrodowy-z-wiata-i-wiata-garazowa\\\/#respond\"]}]},{\"@type\":\"WebPage\",\"@id\":\"https:\\\/\\\/gardeon.pl\\\/pl\\\/blog\\\/domek-ogrodowy-z-wiata-i-wiata-garazowa\\\/\",\"url\":\"https:\\\/\\\/gardeon.pl\\\/pl\\\/blog\\\/domek-ogrodowy-z-wiata-i-wiata-garazowa\\\/\",\"name\":\"Domek ogrodowy z wiat\u0105 i wiata gara\u017cowa | GARDEON\",\"isPartOf\":{\"@id\":\"https:\\\/\\\/gardeon.pl\\\/#website\"},\"primaryImageOfPage\":{\"@id\":\"https:\\\/\\\/gardeon.pl\\\/pl\\\/blog\\\/domek-ogrodowy-z-wiata-i-wiata-garazowa\\\/#primaryimage\"},\"image\":{\"@id\":\"https:\\\/\\\/gardeon.pl\\\/pl\\\/blog\\\/domek-ogrodowy-z-wiata-i-wiata-garazowa\\\/#primaryimage\"},\"thumbnailUrl\":\"https:\\\/\\\/gardeon.pl\\\/wp-content\\\/uploads\\\/2020\\\/10\\\/GARDEON-foto-od-zakaznikov-81.jpg\",\"datePublished\":\"2026-04-23T15:41:07+00:00\",\"dateModified\":\"2026-04-23T17:04:53+00:00\",\"author\":{\"@id\":\"https:\\\/\\\/gardeon.pl\\\/#\\\/schema\\\/person\\\/a5762ca5f0790bf92774af0899379463\"},\"breadcrumb\":{\"@id\":\"https:\\\/\\\/gardeon.pl\\\/pl\\\/blog\\\/domek-ogrodowy-z-wiata-i-wiata-garazowa\\\/#breadcrumb\"},\"inLanguage\":\"pl-PL\",\"potentialAction\":[{\"@type\":\"ReadAction\",\"target\":[\"https:\\\/\\\/gardeon.pl\\\/pl\\\/blog\\\/domek-ogrodowy-z-wiata-i-wiata-garazowa\\\/\"]}]},{\"@type\":\"ImageObject\",\"inLanguage\":\"pl-PL\",\"@id\":\"https:\\\/\\\/gardeon.pl\\\/pl\\\/blog\\\/domek-ogrodowy-z-wiata-i-wiata-garazowa\\\/#primaryimage\",\"url\":\"https:\\\/\\\/gardeon.pl\\\/wp-content\\\/uploads\\\/2020\\\/10\\\/GARDEON-foto-od-zakaznikov-81.jpg\",\"contentUrl\":\"https:\\\/\\\/gardeon.pl\\\/wp-content\\\/uploads\\\/2020\\\/10\\\/GARDEON-foto-od-zakaznikov-81.jpg\",\"width\":1200,\"height\":900,\"caption\":\"Brama przed wiat\u0105\"},{\"@type\":\"BreadcrumbList\",\"@id\":\"https:\\\/\\\/gardeon.pl\\\/pl\\\/blog\\\/domek-ogrodowy-z-wiata-i-wiata-garazowa\\\/#breadcrumb\",\"itemListElement\":[{\"@type\":\"ListItem\",\"position\":1,\"name\":\"Domov\",\"item\":\"https:\\\/\\\/gardeon.pl\\\/pl\\\/\"},{\"@type\":\"ListItem\",\"position\":2,\"name\":\"Domek ogrodowy z wiat\u0105 i wiata gara\u017cowa\"}]},{\"@type\":\"WebSite\",\"@id\":\"https:\\\/\\\/gardeon.pl\\\/#website\",\"url\":\"https:\\\/\\\/gardeon.pl\\\/\",\"name\":\"GARDEON\",\"description\":\"\",\"potentialAction\":[{\"@type\":\"SearchAction\",\"target\":{\"@type\":\"EntryPoint\",\"urlTemplate\":\"https:\\\/\\\/gardeon.pl\\\/?s={search_term_string}\"},\"query-input\":{\"@type\":\"PropertyValueSpecification\",\"valueRequired\":true,\"valueName\":\"search_term_string\"}}],\"inLanguage\":\"pl-PL\"},{\"@type\":\"Person\",\"@id\":\"https:\\\/\\\/gardeon.pl\\\/#\\\/schema\\\/person\\\/a5762ca5f0790bf92774af0899379463\",\"name\":\"editor\",\"image\":{\"@type\":\"ImageObject\",\"inLanguage\":\"pl-PL\",\"@id\":\"https:\\\/\\\/secure.gravatar.com\\\/avatar\\\/2b748151c2c748327307fd289a91b3bdafdd9e64e2d000e65e53d6dcf11c5830?s=96&d=mm&r=g\",\"url\":\"https:\\\/\\\/secure.gravatar.com\\\/avatar\\\/2b748151c2c748327307fd289a91b3bdafdd9e64e2d000e65e53d6dcf11c5830?s=96&d=mm&r=g\",\"contentUrl\":\"https:\\\/\\\/secure.gravatar.com\\\/avatar\\\/2b748151c2c748327307fd289a91b3bdafdd9e64e2d000e65e53d6dcf11c5830?s=96&d=mm&r=g\",\"caption\":\"editor\"}}]}<\/script>\n<!-- \/ Yoast SEO plugin. -->","yoast_head_json":{"title":"Domek ogrodowy z wiat\u0105 i wiata gara\u017cowa | GARDEON","robots":{"index":"index","follow":"follow","max-snippet":"max-snippet:-1","max-image-preview":"max-image-preview:large","max-video-preview":"max-video-preview:-1"},"canonical":"https:\/\/gardeon.pl\/pl\/blog\/domek-ogrodowy-z-wiata-i-wiata-garazowa\/","og_locale":"pl_PL","og_type":"article","og_title":"Domek ogrodowy z wiat\u0105 i wiata gara\u017cowa | GARDEON","og_description":"Jak to wszystko si\u0119 zacz\u0119\u0142o? Pan Pavli\u010dko skontaktowa\u0142 si\u0119 z nami w kwietniu mailem z informacj\u0105, \u017ce by\u0142by zainteresowany domkiem ogrodowym z wiat\u0105. Natrafi\u0142 na nas w internecie. Na pocz\u0105tku naszej komunikacji mia\u0142 ju\u017c jasno\u015b\u0107 co do tego, jakie pod\u0142o\u017ce pod montowany domek przygotowa\u0107 \u2013 wybra\u0142 kostk\u0119 brukow\u0105.","og_url":"https:\/\/gardeon.pl\/pl\/blog\/domek-ogrodowy-z-wiata-i-wiata-garazowa\/","og_site_name":"GARDEON","article_published_time":"2026-04-23T15:41:07+00:00","article_modified_time":"2026-04-23T17:04:53+00:00","og_image":[{"width":1200,"height":900,"url":"http:\/\/gardeon.pl\/wp-content\/uploads\/2020\/10\/GARDEON-foto-od-zakaznikov-81.jpg","type":"image\/jpeg"}],"author":"editor","twitter_card":"summary_large_image","twitter_misc":{"Napisane przez":"editor","Szacowany czas czytania":"2 minuty"},"schema":{"@context":"https:\/\/schema.org","@graph":[{"@type":"Article","@id":"https:\/\/gardeon.pl\/pl\/blog\/domek-ogrodowy-z-wiata-i-wiata-garazowa\/#article","isPartOf":{"@id":"https:\/\/gardeon.pl\/pl\/blog\/domek-ogrodowy-z-wiata-i-wiata-garazowa\/"},"author":{"name":"editor","@id":"https:\/\/gardeon.pl\/#\/schema\/person\/a5762ca5f0790bf92774af0899379463"},"headline":"Domek ogrodowy z wiat\u0105 i wiata gara\u017cowa","datePublished":"2026-04-23T15:41:07+00:00","dateModified":"2026-04-23T17:04:53+00:00","mainEntityOfPage":{"@id":"https:\/\/gardeon.pl\/pl\/blog\/domek-ogrodowy-z-wiata-i-wiata-garazowa\/"},"wordCount":369,"commentCount":0,"image":{"@id":"https:\/\/gardeon.pl\/pl\/blog\/domek-ogrodowy-z-wiata-i-wiata-garazowa\/#primaryimage"},"thumbnailUrl":"https:\/\/gardeon.pl\/wp-content\/uploads\/2020\/10\/GARDEON-foto-od-zakaznikov-81.jpg","articleSection":["Domki ogrodowe","Jak si\u0119 \u017cyje z GARDEON"],"inLanguage":"pl-PL","potentialAction":[{"@type":"CommentAction","name":"Comment","target":["https:\/\/gardeon.pl\/pl\/blog\/domek-ogrodowy-z-wiata-i-wiata-garazowa\/#respond"]}]},{"@type":"WebPage","@id":"https:\/\/gardeon.pl\/pl\/blog\/domek-ogrodowy-z-wiata-i-wiata-garazowa\/","url":"https:\/\/gardeon.pl\/pl\/blog\/domek-ogrodowy-z-wiata-i-wiata-garazowa\/","name":"Domek ogrodowy z wiat\u0105 i wiata gara\u017cowa | GARDEON","isPartOf":{"@id":"https:\/\/gardeon.pl\/#website"},"primaryImageOfPage":{"@id":"https:\/\/gardeon.pl\/pl\/blog\/domek-ogrodowy-z-wiata-i-wiata-garazowa\/#primaryimage"},"image":{"@id":"https:\/\/gardeon.pl\/pl\/blog\/domek-ogrodowy-z-wiata-i-wiata-garazowa\/#primaryimage"},"thumbnailUrl":"https:\/\/gardeon.pl\/wp-content\/uploads\/2020\/10\/GARDEON-foto-od-zakaznikov-81.jpg","datePublished":"2026-04-23T15:41:07+00:00","dateModified":"2026-04-23T17:04:53+00:00","author":{"@id":"https:\/\/gardeon.pl\/#\/schema\/person\/a5762ca5f0790bf92774af0899379463"},"breadcrumb":{"@id":"https:\/\/gardeon.pl\/pl\/blog\/domek-ogrodowy-z-wiata-i-wiata-garazowa\/#breadcrumb"},"inLanguage":"pl-PL","potentialAction":[{"@type":"ReadAction","target":["https:\/\/gardeon.pl\/pl\/blog\/domek-ogrodowy-z-wiata-i-wiata-garazowa\/"]}]},{"@type":"ImageObject","inLanguage":"pl-PL","@id":"https:\/\/gardeon.pl\/pl\/blog\/domek-ogrodowy-z-wiata-i-wiata-garazowa\/#primaryimage","url":"https:\/\/gardeon.pl\/wp-content\/uploads\/2020\/10\/GARDEON-foto-od-zakaznikov-81.jpg","contentUrl":"https:\/\/gardeon.pl\/wp-content\/uploads\/2020\/10\/GARDEON-foto-od-zakaznikov-81.jpg","width":1200,"height":900,"caption":"Brama przed wiat\u0105"},{"@type":"BreadcrumbList","@id":"https:\/\/gardeon.pl\/pl\/blog\/domek-ogrodowy-z-wiata-i-wiata-garazowa\/#breadcrumb","itemListElement":[{"@type":"ListItem","position":1,"name":"Domov","item":"https:\/\/gardeon.pl\/pl\/"},{"@type":"ListItem","position":2,"name":"Domek ogrodowy z wiat\u0105 i wiata gara\u017cowa"}]},{"@type":"WebSite","@id":"https:\/\/gardeon.pl\/#website","url":"https:\/\/gardeon.pl\/","name":"GARDEON","description":"","potentialAction":[{"@type":"SearchAction","target":{"@type":"EntryPoint","urlTemplate":"https:\/\/gardeon.pl\/?s={search_term_string}"},"query-input":{"@type":"PropertyValueSpecification","valueRequired":true,"valueName":"search_term_string"}}],"inLanguage":"pl-PL"},{"@type":"Person","@id":"https:\/\/gardeon.pl\/#\/schema\/person\/a5762ca5f0790bf92774af0899379463","name":"editor","image":{"@type":"ImageObject","inLanguage":"pl-PL","@id":"https:\/\/secure.gravatar.com\/avatar\/2b748151c2c748327307fd289a91b3bdafdd9e64e2d000e65e53d6dcf11c5830?s=96&d=mm&r=g","url":"https:\/\/secure.gravatar.com\/avatar\/2b748151c2c748327307fd289a91b3bdafdd9e64e2d000e65e53d6dcf11c5830?s=96&d=mm&r=g","contentUrl":"https:\/\/secure.gravatar.com\/avatar\/2b748151c2c748327307fd289a91b3bdafdd9e64e2d000e65e53d6dcf11c5830?s=96&d=mm&r=g","caption":"editor"}}]}},"_links":{"self":[{"href":"https:\/\/gardeon.pl\/pl\/wp-json\/wp\/v2\/posts\/46728","targetHints":{"allow":["GET"]}}],"collection":[{"href":"https:\/\/gardeon.pl\/pl\/wp-json\/wp\/v2\/posts"}],"about":[{"href":"https:\/\/gardeon.pl\/pl\/wp-json\/wp\/v2\/types\/post"}],"author":[{"embeddable":true,"href":"https:\/\/gardeon.pl\/pl\/wp-json\/wp\/v2\/users\/2"}],"replies":[{"embeddable":true,"href":"https:\/\/gardeon.pl\/pl\/wp-json\/wp\/v2\/comments?post=46728"}],"version-history":[{"count":0,"href":"https:\/\/gardeon.pl\/pl\/wp-json\/wp\/v2\/posts\/46728\/revisions"}],"wp:featuredmedia":[{"embeddable":true,"href":"https:\/\/gardeon.pl\/pl\/wp-json\/wp\/v2\/media\/46732"}],"wp:attachment":[{"href":"https:\/\/gardeon.pl\/pl\/wp-json\/wp\/v2\/media?parent=46728"}],"wp:term":[{"taxonomy":"category","embeddable":true,"href":"https:\/\/gardeon.pl\/pl\/wp-json\/wp\/v2\/categories?post=46728"},{"taxonomy":"post_tag","embeddable":true,"href":"https:\/\/gardeon.pl\/pl\/wp-json\/wp\/v2\/tags?post=46728"}],"curies":[{"name":"wp","href":"https:\/\/api.w.org\/{rel}","templated":true}]}}