{"id":46786,"date":"2026-04-23T17:41:09","date_gmt":"2026-04-23T15:41:09","guid":{"rendered":"https:\/\/gardeon.pl\/blog\/domek-ogrodowy-35-x-356-m-z-wiata\/"},"modified":"2026-04-23T19:04:52","modified_gmt":"2026-04-23T17:04:52","slug":"domek-ogrodowy-35-x-356-m-z-wiata","status":"publish","type":"post","link":"https:\/\/gardeon.pl\/pl\/blog\/domek-ogrodowy-35-x-356-m-z-wiata\/","title":{"rendered":"Domek ogrodowy 3,5 x 3,56 m z wiat\u0105"},"content":{"rendered":"<h2>Jak to si\u0119 wszystko zacz\u0119\u0142o?<\/h2>\n<p><span style=\"font-weight: 400;\">Pan Ho\u010fovsk\u00fd skontaktowa\u0142 si\u0119 z nami po raz pierwszy w marcu drog\u0105 mailow\u0105. Interesowa\u0142y go wymiary <\/span><a href=\"https:\/\/gardeon.pl\/pl\/gallery\/domki-ogrodowe\/\"><span style=\"font-weight: 400;\">domku z wiat\u0105 do siedzenia<\/span><\/a><span style=\"font-weight: 400;\"> oraz czas dostawy (termin realizacji wynosi 3 miesi\u0105ce). <\/span> <!--more--><\/p>\n<p><span style=\"font-weight: 400;\">Pyta\u0142 r\u00f3wnie\u017c, czy <\/span><a href=\"http:\/\/gardeon.pl\/konfigurator\/zahradni-domky\/\"><span style=\"font-weight: 400;\">cena z konfiguratora<\/span><\/a><span style=\"font-weight: 400;\"> jest ostateczna, czy tylko orientacyjna (w konfiguratorze cena nie obejmuje monta\u017cu i transportu). Doszli\u015bmy do porozumienia i domek ogrodowy postawili\u015bmy ju\u017c w lipcu tego samego roku.<\/span><\/p>\n<h3>Opinia tu\u017c po monta\u017cu<\/h3>\n<p><i><span style=\"font-weight: 400;\">\u201eKomunikacja przebieg\u0142a bez problem\u00f3w, reakcja by\u0142a szybka. Ekipa monta\u017cowa by\u0142a pomocna i sprawna. Najwi\u0119ksze zalety widz\u0119 zdecydowanie w szybkim monta\u017cu i czystej pracy. W niekt\u00f3rych detalach spodziewa\u0142em si\u0119 bardziej dopracowanego domku, ale og\u00f3lnie jest OK. Dzi\u0119kuj\u0119\u201d.    <\/span><\/i><\/p>\n<h2>A jakie s\u0105 jego wra\u017cenia z perspektywy czasu?<\/h2>\n<p><i><span style=\"font-weight: 400;\">\u201eDzie\u0144 dobry. Z domku jestem zadowolony, korzystam z niego g\u0142\u00f3wnie podczas grillowania. Doprowadzi\u0142em do domku pr\u0105d i o\u015bwietlenie, dzi\u0119ki czemu spe\u0142nia on w\u0142a\u015bciwie wszystkie moje oczekiwania. Mo\u017ce taka rada na przysz\u0142o\u015b\u0107: mogliby Pa\u0144stwo rozszerzy\u0107 swoj\u0105 ofert\u0119 o instalacj\u0119 elektryczn\u0105 + r\u00f3\u017cne rodzaje o\u015bwietlenia, na pewno by\u0142oby zainteresowanie, przynajmniej w moim przypadku. Wewn\u0105trz zrobi\u0142em tylko elektryk\u0119, umie\u015bci\u0142em sterownik systemu nawadniania i kilka szafek. W ka\u017cdym razie ten domek chcia\u0142em priorytetowo tylko ze wzgl\u0119du na grill, wi\u0119c wymagania zosta\u0142y spe\u0142nione. \u017bycz\u0119 mi\u0142ego dnia\u201d.      <\/span><\/i><\/p>\n<h3>Zdj\u0119cia cz\u0119\u015bci zewn\u0119trznej<\/h3>\n<h4>Przed<\/h4>\n<p><a href=\"http:\/\/gardeon.pl\/wp-content\/uploads\/2020\/12\/gardeon-podklad-scaled.jpg\"><img loading=\"lazy\" decoding=\"async\" class=\"aligncenter wp-image-29860\" src=\"http:\/\/gardeon.pl\/wp-content\/uploads\/2020\/12\/gardeon-podklad-scaled.jpg\" alt=\"Przygotowane pod\u0142o\u017ce pod monta\u017c domku ogrodowego\" width=\"800\" height=\"600\" srcset=\"https:\/\/gardeon.pl\/wp-content\/uploads\/2020\/12\/gardeon-podklad-scaled.jpg 2560w, https:\/\/gardeon.pl\/wp-content\/uploads\/2020\/12\/gardeon-podklad-300x225.jpg 300w, https:\/\/gardeon.pl\/wp-content\/uploads\/2020\/12\/gardeon-podklad-1024x768.jpg 1024w, https:\/\/gardeon.pl\/wp-content\/uploads\/2020\/12\/gardeon-podklad-768x576.jpg 768w, https:\/\/gardeon.pl\/wp-content\/uploads\/2020\/12\/gardeon-podklad-1536x1152.jpg 1536w, https:\/\/gardeon.pl\/wp-content\/uploads\/2020\/12\/gardeon-podklad-2048x1536.jpg 2048w\" sizes=\"auto, (max-width: 800px) 100vw, 800px\" \/><\/a><\/p>\n<h4>Po<\/h4>\n<p><a href=\"http:\/\/gardeon.pl\/wp-content\/uploads\/2020\/10\/GARDEON-foto-od-zakaznikov-84.jpg\"><img loading=\"lazy\" decoding=\"async\" class=\"alignnone wp-image-28803\" src=\"http:\/\/gardeon.pl\/wp-content\/uploads\/2020\/10\/GARDEON-foto-od-zakaznikov-84.jpg\" alt=\"Bia\u0142y domek ogrodowy\" width=\"800\" height=\"601\" srcset=\"https:\/\/gardeon.pl\/wp-content\/uploads\/2020\/10\/GARDEON-foto-od-zakaznikov-84.jpg 1500w, https:\/\/gardeon.pl\/wp-content\/uploads\/2020\/10\/GARDEON-foto-od-zakaznikov-84-300x225.jpg 300w, https:\/\/gardeon.pl\/wp-content\/uploads\/2020\/10\/GARDEON-foto-od-zakaznikov-84-1024x769.jpg 1024w, https:\/\/gardeon.pl\/wp-content\/uploads\/2020\/10\/GARDEON-foto-od-zakaznikov-84-768x577.jpg 768w\" sizes=\"auto, (max-width: 800px) 100vw, 800px\" \/><\/a><\/p>\n<p><a href=\"http:\/\/gardeon.pl\/wp-content\/uploads\/2020\/10\/GARDEON-foto-od-zakaznikov-85.jpg\"><img loading=\"lazy\" decoding=\"async\" class=\"alignnone wp-image-28805\" src=\"http:\/\/gardeon.pl\/wp-content\/uploads\/2020\/10\/GARDEON-foto-od-zakaznikov-85.jpg\" alt=\"Bia\u0142y domek ogrodowy z lewej strony\" width=\"800\" height=\"601\" srcset=\"https:\/\/gardeon.pl\/wp-content\/uploads\/2020\/10\/GARDEON-foto-od-zakaznikov-85.jpg 1500w, https:\/\/gardeon.pl\/wp-content\/uploads\/2020\/10\/GARDEON-foto-od-zakaznikov-85-300x225.jpg 300w, https:\/\/gardeon.pl\/wp-content\/uploads\/2020\/10\/GARDEON-foto-od-zakaznikov-85-1024x769.jpg 1024w, https:\/\/gardeon.pl\/wp-content\/uploads\/2020\/10\/GARDEON-foto-od-zakaznikov-85-768x577.jpg 768w\" sizes=\"auto, (max-width: 800px) 100vw, 800px\" \/><\/a><\/p>\n<p><a href=\"http:\/\/gardeon.pl\/wp-content\/uploads\/2020\/10\/GARDEON-foto-od-zakaznikov-86.jpg\"><img loading=\"lazy\" decoding=\"async\" class=\"alignnone wp-image-28807\" src=\"http:\/\/gardeon.pl\/wp-content\/uploads\/2020\/10\/GARDEON-foto-od-zakaznikov-86.jpg\" alt=\"Bia\u0142y domek ogrodowy z przodu\" width=\"800\" height=\"601\" srcset=\"https:\/\/gardeon.pl\/wp-content\/uploads\/2020\/10\/GARDEON-foto-od-zakaznikov-86.jpg 1500w, https:\/\/gardeon.pl\/wp-content\/uploads\/2020\/10\/GARDEON-foto-od-zakaznikov-86-300x225.jpg 300w, https:\/\/gardeon.pl\/wp-content\/uploads\/2020\/10\/GARDEON-foto-od-zakaznikov-86-1024x769.jpg 1024w, https:\/\/gardeon.pl\/wp-content\/uploads\/2020\/10\/GARDEON-foto-od-zakaznikov-86-768x577.jpg 768w\" sizes=\"auto, (max-width: 800px) 100vw, 800px\" \/><\/a><\/p>\n<p><a href=\"http:\/\/gardeon.pl\/wp-content\/uploads\/2020\/10\/GARDEON-foto-od-zakaznikov-87.jpg\"><img loading=\"lazy\" decoding=\"async\" class=\"alignnone wp-image-28809\" src=\"http:\/\/gardeon.pl\/wp-content\/uploads\/2020\/10\/GARDEON-foto-od-zakaznikov-87.jpg\" alt=\"Bia\u0142y domek z pieskiem\" width=\"800\" height=\"601\" srcset=\"https:\/\/gardeon.pl\/wp-content\/uploads\/2020\/10\/GARDEON-foto-od-zakaznikov-87.jpg 1500w, https:\/\/gardeon.pl\/wp-content\/uploads\/2020\/10\/GARDEON-foto-od-zakaznikov-87-300x225.jpg 300w, https:\/\/gardeon.pl\/wp-content\/uploads\/2020\/10\/GARDEON-foto-od-zakaznikov-87-1024x769.jpg 1024w, https:\/\/gardeon.pl\/wp-content\/uploads\/2020\/10\/GARDEON-foto-od-zakaznikov-87-768x577.jpg 768w\" sizes=\"auto, (max-width: 800px) 100vw, 800px\" \/><\/a><\/p>\n<h2>Podsumowanie<\/h2>\n<ul>\n<li style=\"font-weight: 400;\" aria-level=\"1\"><span style=\"font-weight: 400;\">czas budowy \u2013 3 godziny<\/span><\/li>\n<li style=\"font-weight: 400;\" aria-level=\"1\"><span style=\"font-weight: 400;\">wymiar domku ogrodowego i wiaty \u2013 3 500 x 3 560 mm + 3 500 x 3 560 mm<\/span><\/li>\n<li style=\"font-weight: 400;\" aria-level=\"1\"><span style=\"font-weight: 400;\">wyposa\u017cenie ekskluzywne \u2013 <\/span><a href=\"https:\/\/gardeon.pl\/pl\/domki-ogrodowe-na-narzedzia\/akcesoria-dodatki\/dach-do-domku-ogrodowego\/\"><span style=\"font-weight: 400;\">ocieplony sufit<\/span><\/a><\/li>\n<li style=\"font-weight: 400;\" aria-level=\"1\"><span style=\"font-weight: 400;\">cena domku ogrodowego w momencie zam\u00f3wienia \u2013 ok. 150 000 CZK z VAT<\/span><\/li>\n<\/ul>\n<p><span style=\"font-weight: 400;\"> <\/span><\/p>\n<h3 style=\"text-align: center;\">Dzi\u0119kujemy panu Ho\u010fovsk\u00e9mu za opini\u0119 i zdj\u0119cia :)<\/h3>\n","protected":false},"excerpt":{"rendered":"<p>Jak to si\u0119 wszystko zacz\u0119\u0142o? Pan Ho\u010fovsk\u00fd skontaktowa\u0142 si\u0119 z nami po raz pierwszy w marcu drog\u0105 mailow\u0105. Interesowa\u0142y go wymiary domku z wiat\u0105 do siedzenia oraz czas dostawy (termin realizacji wynosi 3 miesi\u0105ce).<\/p>\n","protected":false},"author":2,"featured_media":46790,"comment_status":"open","ping_status":"open","sticky":false,"template":"","format":"standard","meta":{"_acf_changed":false,"inline_featured_image":false,"footnotes":""},"categories":[717,716],"tags":[],"class_list":["post-46786","post","type-post","status-publish","format-standard","has-post-thumbnail","hentry","category-domki-ogrodowe-2","category-jak-sie-zyje-z-gardeon"],"acf":[],"yoast_head":"<!-- This site is optimized with the Yoast SEO plugin v27.4 - https:\/\/yoast.com\/product\/yoast-seo-wordpress\/ -->\n<title>Domek ogrodowy 3,5 x 3,56 m z wiat\u0105 | GARDEON<\/title>\n<meta name=\"robots\" content=\"index, follow, max-snippet:-1, max-image-preview:large, max-video-preview:-1\" \/>\n<link rel=\"canonical\" href=\"https:\/\/gardeon.pl\/pl\/blog\/domek-ogrodowy-35-x-356-m-z-wiata\/\" \/>\n<meta property=\"og:locale\" content=\"pl_PL\" \/>\n<meta property=\"og:type\" content=\"article\" \/>\n<meta property=\"og:title\" content=\"Domek ogrodowy 3,5 x 3,56 m z wiat\u0105 | GARDEON\" \/>\n<meta property=\"og:description\" content=\"Jak to si\u0119 wszystko zacz\u0119\u0142o? Pan Ho\u010fovsk\u00fd skontaktowa\u0142 si\u0119 z nami po raz pierwszy w marcu drog\u0105 mailow\u0105. Interesowa\u0142y go wymiary domku z wiat\u0105 do siedzenia oraz czas dostawy (termin realizacji wynosi 3 miesi\u0105ce).\" \/>\n<meta property=\"og:url\" content=\"https:\/\/gardeon.pl\/pl\/blog\/domek-ogrodowy-35-x-356-m-z-wiata\/\" \/>\n<meta property=\"og:site_name\" content=\"GARDEON\" \/>\n<meta property=\"article:published_time\" content=\"2026-04-23T15:41:09+00:00\" \/>\n<meta property=\"article:modified_time\" content=\"2026-04-23T17:04:52+00:00\" \/>\n<meta property=\"og:image\" content=\"http:\/\/gardeon.pl\/wp-content\/uploads\/2020\/10\/GARDEON-foto-od-zakaznikov-86.jpg\" \/>\n\t<meta property=\"og:image:width\" content=\"1500\" \/>\n\t<meta property=\"og:image:height\" content=\"1126\" \/>\n\t<meta property=\"og:image:type\" content=\"image\/jpeg\" \/>\n<meta name=\"author\" content=\"editor\" \/>\n<meta name=\"twitter:card\" content=\"summary_large_image\" \/>\n<meta name=\"twitter:label1\" content=\"Napisane przez\" \/>\n\t<meta name=\"twitter:data1\" content=\"editor\" \/>\n\t<meta name=\"twitter:label2\" content=\"Szacowany czas czytania\" \/>\n\t<meta name=\"twitter:data2\" content=\"1 minuta\" \/>\n<script type=\"application\/ld+json\" class=\"yoast-schema-graph\">{\"@context\":\"https:\\\/\\\/schema.org\",\"@graph\":[{\"@type\":\"Article\",\"@id\":\"https:\\\/\\\/gardeon.pl\\\/pl\\\/blog\\\/domek-ogrodowy-35-x-356-m-z-wiata\\\/#article\",\"isPartOf\":{\"@id\":\"https:\\\/\\\/gardeon.pl\\\/pl\\\/blog\\\/domek-ogrodowy-35-x-356-m-z-wiata\\\/\"},\"author\":{\"name\":\"editor\",\"@id\":\"https:\\\/\\\/gardeon.pl\\\/#\\\/schema\\\/person\\\/a5762ca5f0790bf92774af0899379463\"},\"headline\":\"Domek ogrodowy 3,5 x 3,56 m z wiat\u0105\",\"datePublished\":\"2026-04-23T15:41:09+00:00\",\"dateModified\":\"2026-04-23T17:04:52+00:00\",\"mainEntityOfPage\":{\"@id\":\"https:\\\/\\\/gardeon.pl\\\/pl\\\/blog\\\/domek-ogrodowy-35-x-356-m-z-wiata\\\/\"},\"wordCount\":293,\"commentCount\":0,\"image\":{\"@id\":\"https:\\\/\\\/gardeon.pl\\\/pl\\\/blog\\\/domek-ogrodowy-35-x-356-m-z-wiata\\\/#primaryimage\"},\"thumbnailUrl\":\"https:\\\/\\\/gardeon.pl\\\/wp-content\\\/uploads\\\/2020\\\/10\\\/GARDEON-foto-od-zakaznikov-86.jpg\",\"articleSection\":[\"Domki ogrodowe\",\"Jak si\u0119 \u017cyje z GARDEON\"],\"inLanguage\":\"pl-PL\",\"potentialAction\":[{\"@type\":\"CommentAction\",\"name\":\"Comment\",\"target\":[\"https:\\\/\\\/gardeon.pl\\\/pl\\\/blog\\\/domek-ogrodowy-35-x-356-m-z-wiata\\\/#respond\"]}]},{\"@type\":\"WebPage\",\"@id\":\"https:\\\/\\\/gardeon.pl\\\/pl\\\/blog\\\/domek-ogrodowy-35-x-356-m-z-wiata\\\/\",\"url\":\"https:\\\/\\\/gardeon.pl\\\/pl\\\/blog\\\/domek-ogrodowy-35-x-356-m-z-wiata\\\/\",\"name\":\"Domek ogrodowy 3,5 x 3,56 m z wiat\u0105 | GARDEON\",\"isPartOf\":{\"@id\":\"https:\\\/\\\/gardeon.pl\\\/#website\"},\"primaryImageOfPage\":{\"@id\":\"https:\\\/\\\/gardeon.pl\\\/pl\\\/blog\\\/domek-ogrodowy-35-x-356-m-z-wiata\\\/#primaryimage\"},\"image\":{\"@id\":\"https:\\\/\\\/gardeon.pl\\\/pl\\\/blog\\\/domek-ogrodowy-35-x-356-m-z-wiata\\\/#primaryimage\"},\"thumbnailUrl\":\"https:\\\/\\\/gardeon.pl\\\/wp-content\\\/uploads\\\/2020\\\/10\\\/GARDEON-foto-od-zakaznikov-86.jpg\",\"datePublished\":\"2026-04-23T15:41:09+00:00\",\"dateModified\":\"2026-04-23T17:04:52+00:00\",\"author\":{\"@id\":\"https:\\\/\\\/gardeon.pl\\\/#\\\/schema\\\/person\\\/a5762ca5f0790bf92774af0899379463\"},\"breadcrumb\":{\"@id\":\"https:\\\/\\\/gardeon.pl\\\/pl\\\/blog\\\/domek-ogrodowy-35-x-356-m-z-wiata\\\/#breadcrumb\"},\"inLanguage\":\"pl-PL\",\"potentialAction\":[{\"@type\":\"ReadAction\",\"target\":[\"https:\\\/\\\/gardeon.pl\\\/pl\\\/blog\\\/domek-ogrodowy-35-x-356-m-z-wiata\\\/\"]}]},{\"@type\":\"ImageObject\",\"inLanguage\":\"pl-PL\",\"@id\":\"https:\\\/\\\/gardeon.pl\\\/pl\\\/blog\\\/domek-ogrodowy-35-x-356-m-z-wiata\\\/#primaryimage\",\"url\":\"https:\\\/\\\/gardeon.pl\\\/wp-content\\\/uploads\\\/2020\\\/10\\\/GARDEON-foto-od-zakaznikov-86.jpg\",\"contentUrl\":\"https:\\\/\\\/gardeon.pl\\\/wp-content\\\/uploads\\\/2020\\\/10\\\/GARDEON-foto-od-zakaznikov-86.jpg\",\"width\":1500,\"height\":1126,\"caption\":\"Bia\u0142y domek ogrodowy z przodu\"},{\"@type\":\"BreadcrumbList\",\"@id\":\"https:\\\/\\\/gardeon.pl\\\/pl\\\/blog\\\/domek-ogrodowy-35-x-356-m-z-wiata\\\/#breadcrumb\",\"itemListElement\":[{\"@type\":\"ListItem\",\"position\":1,\"name\":\"Domov\",\"item\":\"https:\\\/\\\/gardeon.pl\\\/pl\\\/\"},{\"@type\":\"ListItem\",\"position\":2,\"name\":\"Domek ogrodowy 3,5 x 3,56 m z wiat\u0105\"}]},{\"@type\":\"WebSite\",\"@id\":\"https:\\\/\\\/gardeon.pl\\\/#website\",\"url\":\"https:\\\/\\\/gardeon.pl\\\/\",\"name\":\"GARDEON\",\"description\":\"\",\"potentialAction\":[{\"@type\":\"SearchAction\",\"target\":{\"@type\":\"EntryPoint\",\"urlTemplate\":\"https:\\\/\\\/gardeon.pl\\\/?s={search_term_string}\"},\"query-input\":{\"@type\":\"PropertyValueSpecification\",\"valueRequired\":true,\"valueName\":\"search_term_string\"}}],\"inLanguage\":\"pl-PL\"},{\"@type\":\"Person\",\"@id\":\"https:\\\/\\\/gardeon.pl\\\/#\\\/schema\\\/person\\\/a5762ca5f0790bf92774af0899379463\",\"name\":\"editor\",\"image\":{\"@type\":\"ImageObject\",\"inLanguage\":\"pl-PL\",\"@id\":\"https:\\\/\\\/secure.gravatar.com\\\/avatar\\\/2b748151c2c748327307fd289a91b3bdafdd9e64e2d000e65e53d6dcf11c5830?s=96&d=mm&r=g\",\"url\":\"https:\\\/\\\/secure.gravatar.com\\\/avatar\\\/2b748151c2c748327307fd289a91b3bdafdd9e64e2d000e65e53d6dcf11c5830?s=96&d=mm&r=g\",\"contentUrl\":\"https:\\\/\\\/secure.gravatar.com\\\/avatar\\\/2b748151c2c748327307fd289a91b3bdafdd9e64e2d000e65e53d6dcf11c5830?s=96&d=mm&r=g\",\"caption\":\"editor\"}}]}<\/script>\n<!-- \/ Yoast SEO plugin. -->","yoast_head_json":{"title":"Domek ogrodowy 3,5 x 3,56 m z wiat\u0105 | GARDEON","robots":{"index":"index","follow":"follow","max-snippet":"max-snippet:-1","max-image-preview":"max-image-preview:large","max-video-preview":"max-video-preview:-1"},"canonical":"https:\/\/gardeon.pl\/pl\/blog\/domek-ogrodowy-35-x-356-m-z-wiata\/","og_locale":"pl_PL","og_type":"article","og_title":"Domek ogrodowy 3,5 x 3,56 m z wiat\u0105 | GARDEON","og_description":"Jak to si\u0119 wszystko zacz\u0119\u0142o? Pan Ho\u010fovsk\u00fd skontaktowa\u0142 si\u0119 z nami po raz pierwszy w marcu drog\u0105 mailow\u0105. Interesowa\u0142y go wymiary domku z wiat\u0105 do siedzenia oraz czas dostawy (termin realizacji wynosi 3 miesi\u0105ce).","og_url":"https:\/\/gardeon.pl\/pl\/blog\/domek-ogrodowy-35-x-356-m-z-wiata\/","og_site_name":"GARDEON","article_published_time":"2026-04-23T15:41:09+00:00","article_modified_time":"2026-04-23T17:04:52+00:00","og_image":[{"width":1500,"height":1126,"url":"http:\/\/gardeon.pl\/wp-content\/uploads\/2020\/10\/GARDEON-foto-od-zakaznikov-86.jpg","type":"image\/jpeg"}],"author":"editor","twitter_card":"summary_large_image","twitter_misc":{"Napisane przez":"editor","Szacowany czas czytania":"1 minuta"},"schema":{"@context":"https:\/\/schema.org","@graph":[{"@type":"Article","@id":"https:\/\/gardeon.pl\/pl\/blog\/domek-ogrodowy-35-x-356-m-z-wiata\/#article","isPartOf":{"@id":"https:\/\/gardeon.pl\/pl\/blog\/domek-ogrodowy-35-x-356-m-z-wiata\/"},"author":{"name":"editor","@id":"https:\/\/gardeon.pl\/#\/schema\/person\/a5762ca5f0790bf92774af0899379463"},"headline":"Domek ogrodowy 3,5 x 3,56 m z wiat\u0105","datePublished":"2026-04-23T15:41:09+00:00","dateModified":"2026-04-23T17:04:52+00:00","mainEntityOfPage":{"@id":"https:\/\/gardeon.pl\/pl\/blog\/domek-ogrodowy-35-x-356-m-z-wiata\/"},"wordCount":293,"commentCount":0,"image":{"@id":"https:\/\/gardeon.pl\/pl\/blog\/domek-ogrodowy-35-x-356-m-z-wiata\/#primaryimage"},"thumbnailUrl":"https:\/\/gardeon.pl\/wp-content\/uploads\/2020\/10\/GARDEON-foto-od-zakaznikov-86.jpg","articleSection":["Domki ogrodowe","Jak si\u0119 \u017cyje z GARDEON"],"inLanguage":"pl-PL","potentialAction":[{"@type":"CommentAction","name":"Comment","target":["https:\/\/gardeon.pl\/pl\/blog\/domek-ogrodowy-35-x-356-m-z-wiata\/#respond"]}]},{"@type":"WebPage","@id":"https:\/\/gardeon.pl\/pl\/blog\/domek-ogrodowy-35-x-356-m-z-wiata\/","url":"https:\/\/gardeon.pl\/pl\/blog\/domek-ogrodowy-35-x-356-m-z-wiata\/","name":"Domek ogrodowy 3,5 x 3,56 m z wiat\u0105 | GARDEON","isPartOf":{"@id":"https:\/\/gardeon.pl\/#website"},"primaryImageOfPage":{"@id":"https:\/\/gardeon.pl\/pl\/blog\/domek-ogrodowy-35-x-356-m-z-wiata\/#primaryimage"},"image":{"@id":"https:\/\/gardeon.pl\/pl\/blog\/domek-ogrodowy-35-x-356-m-z-wiata\/#primaryimage"},"thumbnailUrl":"https:\/\/gardeon.pl\/wp-content\/uploads\/2020\/10\/GARDEON-foto-od-zakaznikov-86.jpg","datePublished":"2026-04-23T15:41:09+00:00","dateModified":"2026-04-23T17:04:52+00:00","author":{"@id":"https:\/\/gardeon.pl\/#\/schema\/person\/a5762ca5f0790bf92774af0899379463"},"breadcrumb":{"@id":"https:\/\/gardeon.pl\/pl\/blog\/domek-ogrodowy-35-x-356-m-z-wiata\/#breadcrumb"},"inLanguage":"pl-PL","potentialAction":[{"@type":"ReadAction","target":["https:\/\/gardeon.pl\/pl\/blog\/domek-ogrodowy-35-x-356-m-z-wiata\/"]}]},{"@type":"ImageObject","inLanguage":"pl-PL","@id":"https:\/\/gardeon.pl\/pl\/blog\/domek-ogrodowy-35-x-356-m-z-wiata\/#primaryimage","url":"https:\/\/gardeon.pl\/wp-content\/uploads\/2020\/10\/GARDEON-foto-od-zakaznikov-86.jpg","contentUrl":"https:\/\/gardeon.pl\/wp-content\/uploads\/2020\/10\/GARDEON-foto-od-zakaznikov-86.jpg","width":1500,"height":1126,"caption":"Bia\u0142y domek ogrodowy z przodu"},{"@type":"BreadcrumbList","@id":"https:\/\/gardeon.pl\/pl\/blog\/domek-ogrodowy-35-x-356-m-z-wiata\/#breadcrumb","itemListElement":[{"@type":"ListItem","position":1,"name":"Domov","item":"https:\/\/gardeon.pl\/pl\/"},{"@type":"ListItem","position":2,"name":"Domek ogrodowy 3,5 x 3,56 m z wiat\u0105"}]},{"@type":"WebSite","@id":"https:\/\/gardeon.pl\/#website","url":"https:\/\/gardeon.pl\/","name":"GARDEON","description":"","potentialAction":[{"@type":"SearchAction","target":{"@type":"EntryPoint","urlTemplate":"https:\/\/gardeon.pl\/?s={search_term_string}"},"query-input":{"@type":"PropertyValueSpecification","valueRequired":true,"valueName":"search_term_string"}}],"inLanguage":"pl-PL"},{"@type":"Person","@id":"https:\/\/gardeon.pl\/#\/schema\/person\/a5762ca5f0790bf92774af0899379463","name":"editor","image":{"@type":"ImageObject","inLanguage":"pl-PL","@id":"https:\/\/secure.gravatar.com\/avatar\/2b748151c2c748327307fd289a91b3bdafdd9e64e2d000e65e53d6dcf11c5830?s=96&d=mm&r=g","url":"https:\/\/secure.gravatar.com\/avatar\/2b748151c2c748327307fd289a91b3bdafdd9e64e2d000e65e53d6dcf11c5830?s=96&d=mm&r=g","contentUrl":"https:\/\/secure.gravatar.com\/avatar\/2b748151c2c748327307fd289a91b3bdafdd9e64e2d000e65e53d6dcf11c5830?s=96&d=mm&r=g","caption":"editor"}}]}},"_links":{"self":[{"href":"https:\/\/gardeon.pl\/pl\/wp-json\/wp\/v2\/posts\/46786","targetHints":{"allow":["GET"]}}],"collection":[{"href":"https:\/\/gardeon.pl\/pl\/wp-json\/wp\/v2\/posts"}],"about":[{"href":"https:\/\/gardeon.pl\/pl\/wp-json\/wp\/v2\/types\/post"}],"author":[{"embeddable":true,"href":"https:\/\/gardeon.pl\/pl\/wp-json\/wp\/v2\/users\/2"}],"replies":[{"embeddable":true,"href":"https:\/\/gardeon.pl\/pl\/wp-json\/wp\/v2\/comments?post=46786"}],"version-history":[{"count":0,"href":"https:\/\/gardeon.pl\/pl\/wp-json\/wp\/v2\/posts\/46786\/revisions"}],"wp:featuredmedia":[{"embeddable":true,"href":"https:\/\/gardeon.pl\/pl\/wp-json\/wp\/v2\/media\/46790"}],"wp:attachment":[{"href":"https:\/\/gardeon.pl\/pl\/wp-json\/wp\/v2\/media?parent=46786"}],"wp:term":[{"taxonomy":"category","embeddable":true,"href":"https:\/\/gardeon.pl\/pl\/wp-json\/wp\/v2\/categories?post=46786"},{"taxonomy":"post_tag","embeddable":true,"href":"https:\/\/gardeon.pl\/pl\/wp-json\/wp\/v2\/tags?post=46786"}],"curies":[{"name":"wp","href":"https:\/\/api.w.org\/{rel}","templated":true}]}}