{"id":46804,"date":"2026-04-23T17:41:09","date_gmt":"2026-04-23T15:41:09","guid":{"rendered":"https:\/\/gardeon.pl\/blog\/garaz-na-samochod-35-x-586-m\/"},"modified":"2026-04-23T19:04:52","modified_gmt":"2026-04-23T17:04:52","slug":"garaz-na-samochod-35-x-586-m","status":"publish","type":"post","link":"https:\/\/gardeon.pl\/pl\/blog\/garaz-na-samochod-35-x-586-m\/","title":{"rendered":"Gara\u017c na samoch\u00f3d 3,5 \u00d7 5,86 m"},"content":{"rendered":"<h2>Jak to wszystko si\u0119 zacz\u0119\u0142o?<\/h2>\n<p><span style=\"font-weight: 400;\">M\u0105\u017c naszej kole\u017canki Blanki potrzebowa\u0142 w kr\u00f3tkim czasie rozwi\u0105za\u0107 sw\u00f3j problem z parkowaniem samochodu i miejscem do przechowywania r\u00f3\u017cnych rzeczy zwi\u0105zanych z jego utrzymaniem (na przyk\u0142ad opon zimowych\/letnich), ale nie chcia\u0142 czeka\u0107 kilku miesi\u0119cy, a\u017c murarz j\u0105 wymuruje.<\/span><br \/>\n<!--more--><span style=\"font-weight: 400;\">Chcieli mie\u0107 w ogrodzie bezpieczne miejsce, dzi\u0119ki kt\u00f3remu \u0142atwiej im si\u0119 zasypia<\/span> <span style=\"font-family: Wingdings, fantasy;\">. <span style=\"font-weight: 400;\">Szczeg\u00f3lnie zim\u0105 droga do pracy wraz z od\u015bnie\u017caniem samochodu mo\u017ce si\u0119 wyd\u0142u\u017cy\u0107 nawet o 20 minut. Poniewa\u017c nasza kole\u017canka Blanka porusza si\u0119 w tej tematyce, ma bogate do\u015bwiadczenie i zna zalety montowanego gara\u017cu, poleci\u0142a go r\u00f3wnie\u017c swojemu m\u0119\u017cowi, aby nabyli gara\u017c od GARDEONu<\/span>.<\/span><\/p>\n<h3><a href=\"http:\/\/gardeon.pl\/wp-content\/uploads\/2020\/10\/Snimka-obrazovky-2020-09-09-o-12.22.56.png\"><img loading=\"lazy\" decoding=\"async\" class=\"alignnone wp-image-28744\" src=\"http:\/\/gardeon.pl\/wp-content\/uploads\/2020\/10\/Snimka-obrazovky-2020-09-09-o-12.22.56.png\" alt=\"Blanka\" width=\"800\" height=\"800\" srcset=\"https:\/\/gardeon.pl\/wp-content\/uploads\/2020\/10\/Snimka-obrazovky-2020-09-09-o-12.22.56.png 1000w, https:\/\/gardeon.pl\/wp-content\/uploads\/2020\/10\/Snimka-obrazovky-2020-09-09-o-12.22.56-300x300.png 300w, https:\/\/gardeon.pl\/wp-content\/uploads\/2020\/10\/Snimka-obrazovky-2020-09-09-o-12.22.56-150x150.png 150w, https:\/\/gardeon.pl\/wp-content\/uploads\/2020\/10\/Snimka-obrazovky-2020-09-09-o-12.22.56-768x768.png 768w\" sizes=\"auto, (max-width: 800px) 100vw, 800px\" \/><\/a><\/h3>\n<p><i><span style=\"font-weight: 400;\">\u201eTak wygl\u0105da\u0142 nasz ogr\u00f3d przed podj\u0119ciem decyzji o budowie gara\u017cu\u201d.<\/span><\/i><\/p>\n<p><a href=\"http:\/\/gardeon.pl\/wp-content\/uploads\/2020\/10\/1-takto-to-bolo-pred-rozhodnutim.jpg\"><img loading=\"lazy\" decoding=\"async\" class=\"alignnone wp-image-28746\" src=\"http:\/\/gardeon.pl\/wp-content\/uploads\/2020\/10\/1-takto-to-bolo-pred-rozhodnutim.jpg\" alt=\"Za\u015bnie\u017cony samoch\u00f3d\" width=\"800\" height=\"450\" srcset=\"https:\/\/gardeon.pl\/wp-content\/uploads\/2020\/10\/1-takto-to-bolo-pred-rozhodnutim.jpg 2080w, https:\/\/gardeon.pl\/wp-content\/uploads\/2020\/10\/1-takto-to-bolo-pred-rozhodnutim-300x169.jpg 300w, https:\/\/gardeon.pl\/wp-content\/uploads\/2020\/10\/1-takto-to-bolo-pred-rozhodnutim-1024x576.jpg 1024w, https:\/\/gardeon.pl\/wp-content\/uploads\/2020\/10\/1-takto-to-bolo-pred-rozhodnutim-768x432.jpg 768w, https:\/\/gardeon.pl\/wp-content\/uploads\/2020\/10\/1-takto-to-bolo-pred-rozhodnutim-1536x864.jpg 1536w, https:\/\/gardeon.pl\/wp-content\/uploads\/2020\/10\/1-takto-to-bolo-pred-rozhodnutim-2048x1152.jpg 2048w\" sizes=\"auto, (max-width: 800px) 100vw, 800px\" \/><\/a><\/p>\n<p><i><span style=\"font-weight: 400;\">\u201ePoniewa\u017c tutaj pracuj\u0119, zna\u0142am dok\u0142adne wymiary i miejsce, w kt\u00f3rym umie\u015bcimy gara\u017c. Nie bali\u015bmy si\u0119, \u017ce nie uda si\u0119 go tam postawi\u0107; wykorzystali\u015bmy przestrze\u0144, kt\u00f3r\u0105 mamy przy domu i \u0142adnie go tam wkomponowali\u015bmy. Najpierw wymierzyli\u015bmy, jaki rozmiar by\u0142by dla nas odpowiedni, a w kwestii przygotowania pod\u0142o\u017ca doradzi\u0142am m\u0119\u017cowi, korzystaj\u0105c r\u00f3wnie\u017c z do\u015bwiadcze\u0144 naszych klient\u00f3w. Gdy p\u0142yta by\u0142a gotowa, ch\u0142opcy przywie\u017ali \u015bciany i monta\u017c zosta\u0142 uko\u0144czony w 4 godziny\u201d.   <\/span><\/i><\/p>\n<p><i><span style=\"font-weight: 400;\">\u201eTak przygotowywali\u015bmy <\/span><\/i><a href=\"https:\/\/gardeon.pl\/pl\/garaze\/co-mozemy-dla-panstwa-zrobic-2\/podloze-pod-garaz\/\"><i><span style=\"font-weight: 400;\">pod\u0142o\u017ce pod gara\u017c<\/span><\/i><\/a><i><span style=\"font-weight: 400;\"> \u2013 zdecydowali\u015bmy si\u0119 na p\u0142yt\u0119 betonow\u0105\u201d.<\/span><\/i><\/p>\n<p><a href=\"http:\/\/gardeon.pl\/wp-content\/uploads\/2020\/10\/2-podklad.jpg\"><img loading=\"lazy\" decoding=\"async\" class=\"alignnone wp-image-28748\" src=\"http:\/\/gardeon.pl\/wp-content\/uploads\/2020\/10\/2-podklad.jpg\" alt=\"Przygotowane pod\u0142o\u017ce\" width=\"800\" height=\"1422\" srcset=\"https:\/\/gardeon.pl\/wp-content\/uploads\/2020\/10\/2-podklad.jpg 1170w, https:\/\/gardeon.pl\/wp-content\/uploads\/2020\/10\/2-podklad-169x300.jpg 169w, https:\/\/gardeon.pl\/wp-content\/uploads\/2020\/10\/2-podklad-576x1024.jpg 576w, https:\/\/gardeon.pl\/wp-content\/uploads\/2020\/10\/2-podklad-768x1365.jpg 768w, https:\/\/gardeon.pl\/wp-content\/uploads\/2020\/10\/2-podklad-864x1536.jpg 864w, https:\/\/gardeon.pl\/wp-content\/uploads\/2020\/10\/2-podklad-1152x2048.jpg 1152w\" sizes=\"auto, (max-width: 800px) 100vw, 800px\" \/><\/a><\/p>\n<p><a href=\"http:\/\/gardeon.pl\/wp-content\/uploads\/2020\/10\/3-podklad.jpg\"><img loading=\"lazy\" decoding=\"async\" class=\"alignnone wp-image-28750\" src=\"http:\/\/gardeon.pl\/wp-content\/uploads\/2020\/10\/3-podklad.jpg\" alt=\"Praca nad pod\u0142o\u017cem\" width=\"800\" height=\"1422\" srcset=\"https:\/\/gardeon.pl\/wp-content\/uploads\/2020\/10\/3-podklad.jpg 1170w, https:\/\/gardeon.pl\/wp-content\/uploads\/2020\/10\/3-podklad-169x300.jpg 169w, https:\/\/gardeon.pl\/wp-content\/uploads\/2020\/10\/3-podklad-576x1024.jpg 576w, https:\/\/gardeon.pl\/wp-content\/uploads\/2020\/10\/3-podklad-768x1365.jpg 768w, https:\/\/gardeon.pl\/wp-content\/uploads\/2020\/10\/3-podklad-864x1536.jpg 864w, https:\/\/gardeon.pl\/wp-content\/uploads\/2020\/10\/3-podklad-1152x2048.jpg 1152w\" sizes=\"auto, (max-width: 800px) 100vw, 800px\" \/><\/a><\/p>\n<p><span style=\"font-weight: 400;\">Uwaga autora: Gotowa p\u0142yta betonowa, przygotowana do monta\u017cu gara\u017cu.<\/span><\/p>\n<p><a href=\"http:\/\/gardeon.pl\/wp-content\/uploads\/2020\/10\/4-hotovy-podklad.jpg\"><img loading=\"lazy\" decoding=\"async\" class=\"alignnone wp-image-28752\" src=\"http:\/\/gardeon.pl\/wp-content\/uploads\/2020\/10\/4-hotovy-podklad.jpg\" alt=\"Gotowe pod\u0142o\u017ce\" width=\"800\" height=\"450\" srcset=\"https:\/\/gardeon.pl\/wp-content\/uploads\/2020\/10\/4-hotovy-podklad.jpg 2080w, https:\/\/gardeon.pl\/wp-content\/uploads\/2020\/10\/4-hotovy-podklad-300x169.jpg 300w, https:\/\/gardeon.pl\/wp-content\/uploads\/2020\/10\/4-hotovy-podklad-1024x576.jpg 1024w, https:\/\/gardeon.pl\/wp-content\/uploads\/2020\/10\/4-hotovy-podklad-768x432.jpg 768w, https:\/\/gardeon.pl\/wp-content\/uploads\/2020\/10\/4-hotovy-podklad-1536x864.jpg 1536w, https:\/\/gardeon.pl\/wp-content\/uploads\/2020\/10\/4-hotovy-podklad-2048x1152.jpg 2048w\" sizes=\"auto, (max-width: 800px) 100vw, 800px\" \/><\/a><\/p>\n<p><span style=\"font-weight: 400;\">Uwaga autora: I mamy dzie\u0144 monta\u017cu\u2026<\/span><\/p>\n<p><a href=\"http:\/\/gardeon.pl\/wp-content\/uploads\/2020\/10\/5-je-tu-den-montaze-scaled.jpeg\"><img loading=\"lazy\" decoding=\"async\" class=\"alignnone wp-image-28754\" src=\"http:\/\/gardeon.pl\/wp-content\/uploads\/2020\/10\/5-je-tu-den-montaze-scaled.jpeg\" alt=\"\u015aciany gara\u017cu oparte o dom\" width=\"800\" height=\"1067\" srcset=\"https:\/\/gardeon.pl\/wp-content\/uploads\/2020\/10\/5-je-tu-den-montaze-scaled.jpeg 1920w, https:\/\/gardeon.pl\/wp-content\/uploads\/2020\/10\/5-je-tu-den-montaze-225x300.jpeg 225w, https:\/\/gardeon.pl\/wp-content\/uploads\/2020\/10\/5-je-tu-den-montaze-768x1024.jpeg 768w, https:\/\/gardeon.pl\/wp-content\/uploads\/2020\/10\/5-je-tu-den-montaze-1152x1536.jpeg 1152w, https:\/\/gardeon.pl\/wp-content\/uploads\/2020\/10\/5-je-tu-den-montaze-1536x2048.jpeg 1536w\" sizes=\"auto, (max-width: 800px) 100vw, 800px\" \/><\/a><\/p>\n<p><a href=\"http:\/\/gardeon.pl\/wp-content\/uploads\/2020\/10\/5a-paradne-steny.jpg\"><img loading=\"lazy\" decoding=\"async\" class=\"alignnone wp-image-28756\" src=\"http:\/\/gardeon.pl\/wp-content\/uploads\/2020\/10\/5a-paradne-steny.jpg\" alt=\"Wewn\u0119trzna cz\u0119\u015b\u0107 \u015bciany\" width=\"800\" height=\"1067\" srcset=\"https:\/\/gardeon.pl\/wp-content\/uploads\/2020\/10\/5a-paradne-steny.jpg 1560w, https:\/\/gardeon.pl\/wp-content\/uploads\/2020\/10\/5a-paradne-steny-225x300.jpg 225w, https:\/\/gardeon.pl\/wp-content\/uploads\/2020\/10\/5a-paradne-steny-768x1024.jpg 768w, https:\/\/gardeon.pl\/wp-content\/uploads\/2020\/10\/5a-paradne-steny-1152x1536.jpg 1152w, https:\/\/gardeon.pl\/wp-content\/uploads\/2020\/10\/5a-paradne-steny-1536x2048.jpg 1536w\" sizes=\"auto, (max-width: 800px) 100vw, 800px\" \/><\/a><\/p>\n<p><span style=\"font-weight: 400;\">Uwaga autora: \u015aciany s\u0105 ju\u017c postawione, rozpoczyna si\u0119 praca nad osadzaniem drzwi, okien i korpusu dachowego.<\/span><\/p>\n<p><a href=\"http:\/\/gardeon.pl\/wp-content\/uploads\/2020\/10\/6-ako-im-to-ide-scaled.jpeg\"><img loading=\"lazy\" decoding=\"async\" class=\"alignnone wp-image-28758\" src=\"http:\/\/gardeon.pl\/wp-content\/uploads\/2020\/10\/6-ako-im-to-ide-scaled.jpeg\" alt=\"Monta\u017c gara\u017cu\" width=\"800\" height=\"1067\" srcset=\"https:\/\/gardeon.pl\/wp-content\/uploads\/2020\/10\/6-ako-im-to-ide-scaled.jpeg 1920w, https:\/\/gardeon.pl\/wp-content\/uploads\/2020\/10\/6-ako-im-to-ide-225x300.jpeg 225w, https:\/\/gardeon.pl\/wp-content\/uploads\/2020\/10\/6-ako-im-to-ide-768x1024.jpeg 768w, https:\/\/gardeon.pl\/wp-content\/uploads\/2020\/10\/6-ako-im-to-ide-1152x1536.jpeg 1152w, https:\/\/gardeon.pl\/wp-content\/uploads\/2020\/10\/6-ako-im-to-ide-1536x2048.jpeg 1536w\" sizes=\"auto, (max-width: 800px) 100vw, 800px\" \/><\/a><\/p>\n<p><a href=\"http:\/\/gardeon.pl\/wp-content\/uploads\/2020\/10\/7-kazdy-vie-co-ma-robit.jpg\"><img loading=\"lazy\" decoding=\"async\" class=\"alignnone wp-image-28761\" src=\"http:\/\/gardeon.pl\/wp-content\/uploads\/2020\/10\/7-kazdy-vie-co-ma-robit.jpg\" alt=\"Monter z wiertark\u0105\" width=\"800\" height=\"1067\" srcset=\"https:\/\/gardeon.pl\/wp-content\/uploads\/2020\/10\/7-kazdy-vie-co-ma-robit.jpg 1560w, https:\/\/gardeon.pl\/wp-content\/uploads\/2020\/10\/7-kazdy-vie-co-ma-robit-225x300.jpg 225w, https:\/\/gardeon.pl\/wp-content\/uploads\/2020\/10\/7-kazdy-vie-co-ma-robit-768x1024.jpg 768w, https:\/\/gardeon.pl\/wp-content\/uploads\/2020\/10\/7-kazdy-vie-co-ma-robit-1152x1536.jpg 1152w, https:\/\/gardeon.pl\/wp-content\/uploads\/2020\/10\/7-kazdy-vie-co-ma-robit-1536x2048.jpg 1536w\" sizes=\"auto, (max-width: 800px) 100vw, 800px\" \/><\/a><\/p>\n<p><i><span style=\"font-weight: 400;\">\u201eWysz\u0142am na zewn\u0105trz z kaw\u0105, a gara\u017c by\u0142 ju\u017c gotowy. Od razu z rado\u015bci\u0105 robili\u015bmy mu zdj\u0119cia z ka\u017cdej strony (z g\u00f3ry, z boku, od wewn\u0105trz\u2026)\u201d. <\/span><\/i><\/p>\n<p><a href=\"http:\/\/gardeon.pl\/wp-content\/uploads\/2020\/10\/8-sla-som-s-kavou-a-uz-hotovo.jpg\"><img loading=\"lazy\" decoding=\"async\" class=\"alignnone wp-image-28763\" src=\"http:\/\/gardeon.pl\/wp-content\/uploads\/2020\/10\/8-sla-som-s-kavou-a-uz-hotovo.jpg\" alt=\"Gotowy gara\u017c od ty\u0142u\" width=\"800\" height=\"600\" srcset=\"https:\/\/gardeon.pl\/wp-content\/uploads\/2020\/10\/8-sla-som-s-kavou-a-uz-hotovo.jpg 2080w, https:\/\/gardeon.pl\/wp-content\/uploads\/2020\/10\/8-sla-som-s-kavou-a-uz-hotovo-300x225.jpg 300w, https:\/\/gardeon.pl\/wp-content\/uploads\/2020\/10\/8-sla-som-s-kavou-a-uz-hotovo-1024x768.jpg 1024w, https:\/\/gardeon.pl\/wp-content\/uploads\/2020\/10\/8-sla-som-s-kavou-a-uz-hotovo-768x576.jpg 768w, https:\/\/gardeon.pl\/wp-content\/uploads\/2020\/10\/8-sla-som-s-kavou-a-uz-hotovo-1536x1152.jpg 1536w, https:\/\/gardeon.pl\/wp-content\/uploads\/2020\/10\/8-sla-som-s-kavou-a-uz-hotovo-2048x1536.jpg 2048w\" sizes=\"auto, (max-width: 800px) 100vw, 800px\" \/><\/a><\/p>\n<p><a href=\"http:\/\/gardeon.pl\/wp-content\/uploads\/2020\/10\/9-blizsie-scaled.jpeg\"><img loading=\"lazy\" decoding=\"async\" class=\"alignnone wp-image-28765\" src=\"http:\/\/gardeon.pl\/wp-content\/uploads\/2020\/10\/9-blizsie-scaled.jpeg\" alt=\"Bli\u017cszy widok na gara\u017c od ty\u0142u\" width=\"800\" height=\"600\" srcset=\"https:\/\/gardeon.pl\/wp-content\/uploads\/2020\/10\/9-blizsie-scaled.jpeg 2560w, https:\/\/gardeon.pl\/wp-content\/uploads\/2020\/10\/9-blizsie-300x225.jpeg 300w, https:\/\/gardeon.pl\/wp-content\/uploads\/2020\/10\/9-blizsie-1024x768.jpeg 1024w, https:\/\/gardeon.pl\/wp-content\/uploads\/2020\/10\/9-blizsie-768x576.jpeg 768w, https:\/\/gardeon.pl\/wp-content\/uploads\/2020\/10\/9-blizsie-1536x1152.jpeg 1536w, https:\/\/gardeon.pl\/wp-content\/uploads\/2020\/10\/9-blizsie-2048x1536.jpeg 2048w\" sizes=\"auto, (max-width: 800px) 100vw, 800px\" \/><\/a><\/p>\n<p><i><span style=\"font-weight: 400;\">\u201eWybrali\u015bmy po\u0142\u0105czenie nieizolowanych \u015bcian i ocieplonego dachu\u201d.<\/span><\/i><\/p>\n<p><a href=\"http:\/\/gardeon.pl\/wp-content\/uploads\/2020\/10\/10-z-predu.jpg\"><img loading=\"lazy\" decoding=\"async\" class=\"alignnone wp-image-28767\" src=\"http:\/\/gardeon.pl\/wp-content\/uploads\/2020\/10\/10-z-predu.jpg\" alt=\"Otwarty gara\u017c od frontu\" width=\"800\" height=\"600\" srcset=\"https:\/\/gardeon.pl\/wp-content\/uploads\/2020\/10\/10-z-predu.jpg 2080w, https:\/\/gardeon.pl\/wp-content\/uploads\/2020\/10\/10-z-predu-300x225.jpg 300w, https:\/\/gardeon.pl\/wp-content\/uploads\/2020\/10\/10-z-predu-1024x768.jpg 1024w, https:\/\/gardeon.pl\/wp-content\/uploads\/2020\/10\/10-z-predu-768x576.jpg 768w, https:\/\/gardeon.pl\/wp-content\/uploads\/2020\/10\/10-z-predu-1536x1152.jpg 1536w, https:\/\/gardeon.pl\/wp-content\/uploads\/2020\/10\/10-z-predu-2048x1536.jpg 2048w\" sizes=\"auto, (max-width: 800px) 100vw, 800px\" \/><\/a><\/p>\n<p><span style=\"font-weight: 400;\">Uwaga autora: Szczeg\u00f3\u0142owy widok wn\u0119trza gara\u017cu.<\/span><\/p>\n<p><a href=\"http:\/\/gardeon.pl\/wp-content\/uploads\/2020\/10\/11-hotovo-scaled.jpeg\"><img loading=\"lazy\" decoding=\"async\" class=\"alignnone wp-image-28769\" src=\"http:\/\/gardeon.pl\/wp-content\/uploads\/2020\/10\/11-hotovo-scaled.jpeg\" alt=\"Wn\u0119trze gara\u017cu\" width=\"800\" height=\"600\" srcset=\"https:\/\/gardeon.pl\/wp-content\/uploads\/2020\/10\/11-hotovo-scaled.jpeg 2560w, https:\/\/gardeon.pl\/wp-content\/uploads\/2020\/10\/11-hotovo-300x225.jpeg 300w, https:\/\/gardeon.pl\/wp-content\/uploads\/2020\/10\/11-hotovo-1024x768.jpeg 1024w, https:\/\/gardeon.pl\/wp-content\/uploads\/2020\/10\/11-hotovo-768x576.jpeg 768w, https:\/\/gardeon.pl\/wp-content\/uploads\/2020\/10\/11-hotovo-1536x1152.jpeg 1536w, https:\/\/gardeon.pl\/wp-content\/uploads\/2020\/10\/11-hotovo-2048x1536.jpeg 2048w\" sizes=\"auto, (max-width: 800px) 100vw, 800px\" \/><\/a><\/p>\n<p><span style=\"font-weight: 400;\">Uwaga autora: Drzwi s\u0105 osadzone w wcze\u015bniej przygotowanym otworze konstrukcyjnym.<\/span><\/p>\n<p><a href=\"http:\/\/gardeon.pl\/wp-content\/uploads\/2020\/10\/12-kuk-dnu-scaled.jpeg\"><img loading=\"lazy\" decoding=\"async\" class=\"alignnone wp-image-28771\" src=\"http:\/\/gardeon.pl\/wp-content\/uploads\/2020\/10\/12-kuk-dnu-scaled.jpeg\" alt=\"Drzwi gara\u017cu\" width=\"800\" height=\"600\" srcset=\"https:\/\/gardeon.pl\/wp-content\/uploads\/2020\/10\/12-kuk-dnu-scaled.jpeg 2560w, https:\/\/gardeon.pl\/wp-content\/uploads\/2020\/10\/12-kuk-dnu-300x225.jpeg 300w, https:\/\/gardeon.pl\/wp-content\/uploads\/2020\/10\/12-kuk-dnu-1024x768.jpeg 1024w, https:\/\/gardeon.pl\/wp-content\/uploads\/2020\/10\/12-kuk-dnu-768x576.jpeg 768w, https:\/\/gardeon.pl\/wp-content\/uploads\/2020\/10\/12-kuk-dnu-1536x1152.jpeg 1536w, https:\/\/gardeon.pl\/wp-content\/uploads\/2020\/10\/12-kuk-dnu-2048x1536.jpeg 2048w\" sizes=\"auto, (max-width: 800px) 100vw, 800px\" \/><\/a><\/p>\n<p><a href=\"http:\/\/gardeon.pl\/wp-content\/uploads\/2020\/10\/13-dnu-scaled.jpeg\"><img loading=\"lazy\" decoding=\"async\" class=\"alignnone wp-image-28773\" src=\"http:\/\/gardeon.pl\/wp-content\/uploads\/2020\/10\/13-dnu-scaled.jpeg\" alt=\"Widok na drog\u0119 z gara\u017cu\" width=\"800\" height=\"600\" srcset=\"https:\/\/gardeon.pl\/wp-content\/uploads\/2020\/10\/13-dnu-scaled.jpeg 2560w, https:\/\/gardeon.pl\/wp-content\/uploads\/2020\/10\/13-dnu-300x225.jpeg 300w, https:\/\/gardeon.pl\/wp-content\/uploads\/2020\/10\/13-dnu-1024x768.jpeg 1024w, https:\/\/gardeon.pl\/wp-content\/uploads\/2020\/10\/13-dnu-768x576.jpeg 768w, https:\/\/gardeon.pl\/wp-content\/uploads\/2020\/10\/13-dnu-1536x1152.jpeg 1536w, https:\/\/gardeon.pl\/wp-content\/uploads\/2020\/10\/13-dnu-2048x1536.jpeg 2048w\" sizes=\"auto, (max-width: 800px) 100vw, 800px\" \/><\/a><\/p>\n<p><a href=\"http:\/\/gardeon.pl\/wp-content\/uploads\/2020\/10\/14--scaled.jpeg\"><img loading=\"lazy\" decoding=\"async\" class=\"alignnone wp-image-28775\" src=\"http:\/\/gardeon.pl\/wp-content\/uploads\/2020\/10\/14--scaled.jpeg\" alt=\"Szczyt gara\u017cu od \u015brodka\" width=\"800\" height=\"600\" srcset=\"https:\/\/gardeon.pl\/wp-content\/uploads\/2020\/10\/14--scaled.jpeg 2560w, https:\/\/gardeon.pl\/wp-content\/uploads\/2020\/10\/14--300x225.jpeg 300w, https:\/\/gardeon.pl\/wp-content\/uploads\/2020\/10\/14--1024x768.jpeg 1024w, https:\/\/gardeon.pl\/wp-content\/uploads\/2020\/10\/14--768x576.jpeg 768w, https:\/\/gardeon.pl\/wp-content\/uploads\/2020\/10\/14--1536x1152.jpeg 1536w, https:\/\/gardeon.pl\/wp-content\/uploads\/2020\/10\/14--2048x1536.jpeg 2048w\" sizes=\"auto, (max-width: 800px) 100vw, 800px\" \/><\/a><\/p>\n<p><i><span style=\"font-weight: 400;\">\u201eNast\u0119pnie wezwali\u015bmy elektryka, kt\u00f3ry wykona\u0142 instalacj\u0119. Dodatkowo zlecili\u015bmy monta\u017c inteligentnego prze\u0142\u0105cznika do bramy gara\u017cowej. Na przyk\u0142adzie w\u0142asnego gara\u017cu dowiedzia\u0142am si\u0119, co jeszcze mog\u0119 doradzi\u0107 moim klientom\u201d.  <\/span><\/i><\/p>\n<p><a href=\"http:\/\/gardeon.pl\/wp-content\/uploads\/2020\/10\/16-nabehol-elektrikar.jpg\"><img loading=\"lazy\" decoding=\"async\" class=\"alignnone wp-image-28779\" src=\"http:\/\/gardeon.pl\/wp-content\/uploads\/2020\/10\/16-nabehol-elektrikar.jpg\" alt=\"Zainstalowana elektryczno\u015b\u0107 w gara\u017cu\" width=\"800\" height=\"1067\" srcset=\"https:\/\/gardeon.pl\/wp-content\/uploads\/2020\/10\/16-nabehol-elektrikar.jpg 1560w, https:\/\/gardeon.pl\/wp-content\/uploads\/2020\/10\/16-nabehol-elektrikar-225x300.jpg 225w, https:\/\/gardeon.pl\/wp-content\/uploads\/2020\/10\/16-nabehol-elektrikar-768x1024.jpg 768w, https:\/\/gardeon.pl\/wp-content\/uploads\/2020\/10\/16-nabehol-elektrikar-1152x1536.jpg 1152w, https:\/\/gardeon.pl\/wp-content\/uploads\/2020\/10\/16-nabehol-elektrikar-1536x2048.jpg 1536w\" sizes=\"auto, (max-width: 800px) 100vw, 800px\" \/><\/a><\/p>\n<p><i><span style=\"font-weight: 400;\">\u201eWsp\u00f3lnie z m\u0119\u017cem, kt\u00f3ry jest typem technicznym, wymy\u015blili\u015bmy taki sprytny gad\u017cet do otwierania bramy gara\u017cowej\u201d.<\/span><\/i><\/p>\n<p><a href=\"http:\/\/gardeon.pl\/wp-content\/uploads\/2020\/10\/17-sikovny-vypinac-na-branu.jpg\"><img loading=\"lazy\" decoding=\"async\" class=\"alignnone wp-image-28781\" src=\"http:\/\/gardeon.pl\/wp-content\/uploads\/2020\/10\/17-sikovny-vypinac-na-branu.jpg\" alt=\"Sprytny prze\u0142\u0105cznik do bramy w kolorze zielonym\" width=\"800\" height=\"1067\" srcset=\"https:\/\/gardeon.pl\/wp-content\/uploads\/2020\/10\/17-sikovny-vypinac-na-branu.jpg 1560w, https:\/\/gardeon.pl\/wp-content\/uploads\/2020\/10\/17-sikovny-vypinac-na-branu-225x300.jpg 225w, https:\/\/gardeon.pl\/wp-content\/uploads\/2020\/10\/17-sikovny-vypinac-na-branu-768x1024.jpg 768w, https:\/\/gardeon.pl\/wp-content\/uploads\/2020\/10\/17-sikovny-vypinac-na-branu-1152x1536.jpg 1152w, https:\/\/gardeon.pl\/wp-content\/uploads\/2020\/10\/17-sikovny-vypinac-na-branu-1536x2048.jpg 1536w\" sizes=\"auto, (max-width: 800px) 100vw, 800px\" \/><\/a><\/p>\n<p><i><span style=\"font-weight: 400;\">\u201eWewn\u0105trz oczywi\u015bcie nie mog\u0142o zabrakn\u0105\u0107 o\u015bwietlenia\u201d.<\/span><\/i><\/p>\n<p><a href=\"http:\/\/gardeon.pl\/wp-content\/uploads\/2020\/10\/18-svetielko.jpg\"><img loading=\"lazy\" decoding=\"async\" class=\"alignnone wp-image-28784\" src=\"http:\/\/gardeon.pl\/wp-content\/uploads\/2020\/10\/18-svetielko.jpg\" alt=\"\u015awiat\u0142o w gara\u017cu\" width=\"800\" height=\"1067\" srcset=\"https:\/\/gardeon.pl\/wp-content\/uploads\/2020\/10\/18-svetielko.jpg 1560w, https:\/\/gardeon.pl\/wp-content\/uploads\/2020\/10\/18-svetielko-225x300.jpg 225w, https:\/\/gardeon.pl\/wp-content\/uploads\/2020\/10\/18-svetielko-768x1024.jpg 768w, https:\/\/gardeon.pl\/wp-content\/uploads\/2020\/10\/18-svetielko-1152x1536.jpg 1152w, https:\/\/gardeon.pl\/wp-content\/uploads\/2020\/10\/18-svetielko-1536x2048.jpg 1536w\" sizes=\"auto, (max-width: 800px) 100vw, 800px\" \/><\/a><\/p>\n<h3>Recenzja zaraz po monta\u017cu<\/h3>\n<p><i><span style=\"font-weight: 400;\">\u201eM\u0105\u017c jest zadowolony; przez rok przekonywa\u0142am go, aby\u015bmy postawili gara\u017c. Nie wahali\u015bmy si\u0119. Gara\u017c chcieli\u015bmy g\u0142\u00f3wnie na samoch\u00f3d, wi\u0119c dok\u0142adnie wiedzieli\u015bmy, jakiej wielko\u015bci potrzebujemy, ale ekipa z GARDEON przekona\u0142a nas, aby\u015bmy go nieco powi\u0119kszyli i cieszymy si\u0119 z ka\u017cdego dodatkowego centymetra\u201d.  <\/span><\/i><\/p>\n<p><i><span style=\"font-weight: 400;\">\u201eZdecydowali\u015bmy si\u0119 na bia\u0142y dach, aby gara\u017c si\u0119 nie przegrzewa\u0142. Z w\u0142asnego do\u015bwiadczenia wiem, \u017ce przy normalnym u\u017cytkowaniu go nie wida\u0107, a widok z balkonu mi nie przeszkadza\u201d. <\/span><\/i><\/p>\n<p><a href=\"http:\/\/gardeon.pl\/wp-content\/uploads\/2020\/10\/15-jedna-z-balkona.jpg\"><img loading=\"lazy\" decoding=\"async\" class=\"alignnone wp-image-28777\" src=\"http:\/\/gardeon.pl\/wp-content\/uploads\/2020\/10\/15-jedna-z-balkona.jpg\" alt=\"Bia\u0142y dach z ciemn\u0105 attyk\u0105\" width=\"800\" height=\"1067\" srcset=\"https:\/\/gardeon.pl\/wp-content\/uploads\/2020\/10\/15-jedna-z-balkona.jpg 1560w, https:\/\/gardeon.pl\/wp-content\/uploads\/2020\/10\/15-jedna-z-balkona-225x300.jpg 225w, https:\/\/gardeon.pl\/wp-content\/uploads\/2020\/10\/15-jedna-z-balkona-768x1024.jpg 768w, https:\/\/gardeon.pl\/wp-content\/uploads\/2020\/10\/15-jedna-z-balkona-1152x1536.jpg 1152w, https:\/\/gardeon.pl\/wp-content\/uploads\/2020\/10\/15-jedna-z-balkona-1536x2048.jpg 1536w\" sizes=\"auto, (max-width: 800px) 100vw, 800px\" \/><\/a><\/p>\n<h2>A jakie s\u0105 jej wra\u017cenia po pewnym czasie?<\/h2>\n<p><i><span style=\"font-weight: 400;\">\u201eNadal jeste\u015bmy zadowoleni. S\u0105siedzi przychodz\u0105 popatrze\u0107, a ka\u017cdy przechodzie\u0144 zagl\u0105da do \u015brodka, poniewa\u017c gara\u017c mamy stale otwarty. M\u0105\u017c jest niezmiernie zadowolony, \u017ce auto mu ju\u017c nie zamarza. Gara\u017c mamy ju\u017c ponad rok, przetrwa\u0142 zim\u0119 i lato \u2013 przetestowane na w\u0142asnej sk\u00f3rze i samochodzie\u201d.   <\/span><\/i><\/p>\n<p><a href=\"http:\/\/gardeon.pl\/wp-content\/uploads\/2020\/10\/19-nasa-prva-zima.jpg\"><img loading=\"lazy\" decoding=\"async\" class=\"alignnone wp-image-28786\" src=\"http:\/\/gardeon.pl\/wp-content\/uploads\/2020\/10\/19-nasa-prva-zima.jpg\" alt=\"Widok z balkonu na za\u015bnie\u017cony gara\u017c i ogr\u00f3d\" width=\"800\" height=\"600\" srcset=\"https:\/\/gardeon.pl\/wp-content\/uploads\/2020\/10\/19-nasa-prva-zima.jpg 2080w, https:\/\/gardeon.pl\/wp-content\/uploads\/2020\/10\/19-nasa-prva-zima-300x225.jpg 300w, https:\/\/gardeon.pl\/wp-content\/uploads\/2020\/10\/19-nasa-prva-zima-1024x768.jpg 1024w, https:\/\/gardeon.pl\/wp-content\/uploads\/2020\/10\/19-nasa-prva-zima-768x576.jpg 768w, https:\/\/gardeon.pl\/wp-content\/uploads\/2020\/10\/19-nasa-prva-zima-1536x1152.jpg 1536w, https:\/\/gardeon.pl\/wp-content\/uploads\/2020\/10\/19-nasa-prva-zima-2048x1536.jpg 2048w\" sizes=\"auto, (max-width: 800px) 100vw, 800px\" \/><\/a><\/p>\n<h3>Zdj\u0119cia cz\u0119\u015bci zewn\u0119trznej<\/h3>\n<p><a href=\"http:\/\/gardeon.pl\/wp-content\/uploads\/2020\/10\/23-.jpg\"><img loading=\"lazy\" decoding=\"async\" class=\"alignnone wp-image-28795\" src=\"http:\/\/gardeon.pl\/wp-content\/uploads\/2020\/10\/23-.jpg\" alt=\"Gara\u017c od ty\u0142u z drzwiami i okienkiem\" width=\"800\" height=\"1067\" srcset=\"https:\/\/gardeon.pl\/wp-content\/uploads\/2020\/10\/23-.jpg 1560w, https:\/\/gardeon.pl\/wp-content\/uploads\/2020\/10\/23--225x300.jpg 225w, https:\/\/gardeon.pl\/wp-content\/uploads\/2020\/10\/23--768x1024.jpg 768w, https:\/\/gardeon.pl\/wp-content\/uploads\/2020\/10\/23--1152x1536.jpg 1152w, https:\/\/gardeon.pl\/wp-content\/uploads\/2020\/10\/23--1536x2048.jpg 1536w\" sizes=\"auto, (max-width: 800px) 100vw, 800px\" \/><\/a><\/p>\n<p><a href=\"http:\/\/gardeon.pl\/wp-content\/uploads\/2020\/10\/24.jpg\"><img loading=\"lazy\" decoding=\"async\" class=\"alignnone wp-image-28797\" src=\"http:\/\/gardeon.pl\/wp-content\/uploads\/2020\/10\/24.jpg\" alt=\"Drzwi i okienko gara\u017cu\" width=\"800\" height=\"600\" srcset=\"https:\/\/gardeon.pl\/wp-content\/uploads\/2020\/10\/24.jpg 2080w, https:\/\/gardeon.pl\/wp-content\/uploads\/2020\/10\/24-300x225.jpg 300w, https:\/\/gardeon.pl\/wp-content\/uploads\/2020\/10\/24-1024x768.jpg 1024w, https:\/\/gardeon.pl\/wp-content\/uploads\/2020\/10\/24-768x576.jpg 768w, https:\/\/gardeon.pl\/wp-content\/uploads\/2020\/10\/24-1536x1152.jpg 1536w, https:\/\/gardeon.pl\/wp-content\/uploads\/2020\/10\/24-2048x1536.jpg 2048w\" sizes=\"auto, (max-width: 800px) 100vw, 800px\" \/><\/a><\/p>\n<h3>Zdj\u0119cia cz\u0119\u015bci wewn\u0119trznej<\/h3>\n<p><a href=\"http:\/\/gardeon.pl\/wp-content\/uploads\/2020\/10\/20-po-vyse-roku.jpg\"><img loading=\"lazy\" decoding=\"async\" class=\"alignnone wp-image-28788\" src=\"http:\/\/gardeon.pl\/wp-content\/uploads\/2020\/10\/20-po-vyse-roku.jpg\" alt=\"Samoch\u00f3d w otwartym gara\u017cu\" width=\"800\" height=\"600\" srcset=\"https:\/\/gardeon.pl\/wp-content\/uploads\/2020\/10\/20-po-vyse-roku.jpg 2080w, https:\/\/gardeon.pl\/wp-content\/uploads\/2020\/10\/20-po-vyse-roku-300x225.jpg 300w, https:\/\/gardeon.pl\/wp-content\/uploads\/2020\/10\/20-po-vyse-roku-1024x768.jpg 1024w, https:\/\/gardeon.pl\/wp-content\/uploads\/2020\/10\/20-po-vyse-roku-768x576.jpg 768w, https:\/\/gardeon.pl\/wp-content\/uploads\/2020\/10\/20-po-vyse-roku-1536x1152.jpg 1536w, https:\/\/gardeon.pl\/wp-content\/uploads\/2020\/10\/20-po-vyse-roku-2048x1536.jpg 2048w\" sizes=\"auto, (max-width: 800px) 100vw, 800px\" \/><\/a><\/p>\n<p><a href=\"http:\/\/gardeon.pl\/wp-content\/uploads\/2020\/10\/21-takto-ju-vidia-susedia.jpg\"><img loading=\"lazy\" decoding=\"async\" class=\"alignnone wp-image-28791\" src=\"http:\/\/gardeon.pl\/wp-content\/uploads\/2020\/10\/21-takto-ju-vidia-susedia.jpg\" alt=\"Samoch\u00f3d w otwartym gara\u017cu z lewej strony\" width=\"800\" height=\"600\" srcset=\"https:\/\/gardeon.pl\/wp-content\/uploads\/2020\/10\/21-takto-ju-vidia-susedia.jpg 2080w, https:\/\/gardeon.pl\/wp-content\/uploads\/2020\/10\/21-takto-ju-vidia-susedia-300x225.jpg 300w, https:\/\/gardeon.pl\/wp-content\/uploads\/2020\/10\/21-takto-ju-vidia-susedia-1024x768.jpg 1024w, https:\/\/gardeon.pl\/wp-content\/uploads\/2020\/10\/21-takto-ju-vidia-susedia-768x576.jpg 768w, https:\/\/gardeon.pl\/wp-content\/uploads\/2020\/10\/21-takto-ju-vidia-susedia-1536x1152.jpg 1536w, https:\/\/gardeon.pl\/wp-content\/uploads\/2020\/10\/21-takto-ju-vidia-susedia-2048x1536.jpg 2048w, https:\/\/gardeon.pl\/wp-content\/uploads\/2020\/10\/21-takto-ju-vidia-susedia-1200x900-cropped.jpg 1200w\" sizes=\"auto, (max-width: 800px) 100vw, 800px\" \/><\/a><\/p>\n<p><a href=\"http:\/\/gardeon.pl\/wp-content\/uploads\/2020\/10\/22-autu-je-tam-dobre.jpg\"><img loading=\"lazy\" decoding=\"async\" class=\"alignnone wp-image-28793\" src=\"http:\/\/gardeon.pl\/wp-content\/uploads\/2020\/10\/22-autu-je-tam-dobre.jpg\" alt=\"Samoch\u00f3d w otwartym gara\u017cu z widoku tylnych drzwi\" width=\"800\" height=\"600\" srcset=\"https:\/\/gardeon.pl\/wp-content\/uploads\/2020\/10\/22-autu-je-tam-dobre.jpg 2080w, https:\/\/gardeon.pl\/wp-content\/uploads\/2020\/10\/22-autu-je-tam-dobre-300x225.jpg 300w, https:\/\/gardeon.pl\/wp-content\/uploads\/2020\/10\/22-autu-je-tam-dobre-1024x768.jpg 1024w, https:\/\/gardeon.pl\/wp-content\/uploads\/2020\/10\/22-autu-je-tam-dobre-768x576.jpg 768w, https:\/\/gardeon.pl\/wp-content\/uploads\/2020\/10\/22-autu-je-tam-dobre-1536x1152.jpg 1536w, https:\/\/gardeon.pl\/wp-content\/uploads\/2020\/10\/22-autu-je-tam-dobre-2048x1536.jpg 2048w\" sizes=\"auto, (max-width: 800px) 100vw, 800px\" \/><\/a><\/p>\n<h2>Podsumowanie<\/h2>\n<ul>\n<li style=\"font-weight: 400;\" aria-level=\"1\"><span style=\"font-weight: 400;\">czas budowy \u2013 4 godziny<\/span><\/li>\n<li style=\"font-weight: 400;\" aria-level=\"1\"><span style=\"font-weight: 400;\">wymiar gara\u017cu \u2013 3 500 \u00d7 5 860 mm<\/span><\/li>\n<li style=\"font-weight: 400;\" aria-level=\"1\"><span style=\"font-weight: 400;\">ekskluzywne wyposa\u017cenie \u2013 ocieplony dach<\/span><\/li>\n<li style=\"font-weight: 400;\" aria-level=\"1\"><span style=\"font-weight: 400;\">cena gara\u017cu w momencie zam\u00f3wienia \u2013 ok. 160 000 K\u010d z VAT<\/span><\/li>\n<\/ul>\n<p><span style=\"font-weight: 400;\"> <\/span><\/p>\n<h3 style=\"text-align: center;\">Za opini\u0119 i zdj\u0119cia dzi\u0119kujemy naszej kole\u017cance Blance :)<\/h3>\n","protected":false},"excerpt":{"rendered":"<p>Jak to wszystko si\u0119 zacz\u0119\u0142o? M\u0105\u017c naszej kole\u017canki Blanki potrzebowa\u0142 w kr\u00f3tkim czasie rozwi\u0105za\u0107 sw\u00f3j problem z parkowaniem samochodu i miejscem do przechowywania r\u00f3\u017cnych rzeczy zwi\u0105zanych z jego utrzymaniem (na przyk\u0142ad opon zimowych\/letnich), ale nie chcia\u0142 czeka\u0107 kilku miesi\u0119cy, a\u017c murarz j\u0105 wymuruje.<\/p>\n","protected":false},"author":2,"featured_media":46827,"comment_status":"open","ping_status":"open","sticky":false,"template":"","format":"standard","meta":{"_acf_changed":false,"inline_featured_image":false,"footnotes":""},"categories":[770,716],"tags":[],"class_list":["post-46804","post","type-post","status-publish","format-standard","has-post-thumbnail","hentry","category-garaze","category-jak-sie-zyje-z-gardeon"],"acf":[],"yoast_head":"<!-- This site is optimized with the Yoast SEO plugin v27.4 - https:\/\/yoast.com\/product\/yoast-seo-wordpress\/ -->\n<title>Gara\u017c na samoch\u00f3d 3,5 \u00d7 5,86 m | GARDEON<\/title>\n<meta name=\"robots\" content=\"index, follow, max-snippet:-1, max-image-preview:large, max-video-preview:-1\" \/>\n<link rel=\"canonical\" href=\"https:\/\/gardeon.pl\/pl\/blog\/garaz-na-samochod-35-x-586-m\/\" \/>\n<meta property=\"og:locale\" content=\"pl_PL\" \/>\n<meta property=\"og:type\" content=\"article\" \/>\n<meta property=\"og:title\" content=\"Gara\u017c na samoch\u00f3d 3,5 \u00d7 5,86 m | GARDEON\" \/>\n<meta property=\"og:description\" content=\"Jak to wszystko si\u0119 zacz\u0119\u0142o? M\u0105\u017c naszej kole\u017canki Blanki potrzebowa\u0142 w kr\u00f3tkim czasie rozwi\u0105za\u0107 sw\u00f3j problem z parkowaniem samochodu i miejscem do przechowywania r\u00f3\u017cnych rzeczy zwi\u0105zanych z jego utrzymaniem (na przyk\u0142ad opon zimowych\/letnich), ale nie chcia\u0142 czeka\u0107 kilku miesi\u0119cy, a\u017c murarz j\u0105 wymuruje.\" \/>\n<meta property=\"og:url\" content=\"https:\/\/gardeon.pl\/pl\/blog\/garaz-na-samochod-35-x-586-m\/\" \/>\n<meta property=\"og:site_name\" content=\"GARDEON\" \/>\n<meta property=\"article:published_time\" content=\"2026-04-23T15:41:09+00:00\" \/>\n<meta property=\"article:modified_time\" content=\"2026-04-23T17:04:52+00:00\" \/>\n<meta property=\"og:image\" content=\"http:\/\/gardeon.pl\/wp-content\/uploads\/2020\/10\/21-takto-ju-vidia-susedia.jpg\" \/>\n\t<meta property=\"og:image:width\" content=\"2080\" \/>\n\t<meta property=\"og:image:height\" content=\"1560\" \/>\n\t<meta property=\"og:image:type\" content=\"image\/jpeg\" \/>\n<meta name=\"author\" content=\"editor\" \/>\n<meta name=\"twitter:card\" content=\"summary_large_image\" \/>\n<meta name=\"twitter:label1\" content=\"Napisane przez\" \/>\n\t<meta name=\"twitter:data1\" content=\"editor\" \/>\n\t<meta name=\"twitter:label2\" content=\"Szacowany czas czytania\" \/>\n\t<meta name=\"twitter:data2\" content=\"3 minuty\" \/>\n<script type=\"application\/ld+json\" class=\"yoast-schema-graph\">{\"@context\":\"https:\\\/\\\/schema.org\",\"@graph\":[{\"@type\":\"Article\",\"@id\":\"https:\\\/\\\/gardeon.pl\\\/pl\\\/blog\\\/garaz-na-samochod-35-x-586-m\\\/#article\",\"isPartOf\":{\"@id\":\"https:\\\/\\\/gardeon.pl\\\/pl\\\/blog\\\/garaz-na-samochod-35-x-586-m\\\/\"},\"author\":{\"name\":\"editor\",\"@id\":\"https:\\\/\\\/gardeon.pl\\\/#\\\/schema\\\/person\\\/a5762ca5f0790bf92774af0899379463\"},\"headline\":\"Gara\u017c na samoch\u00f3d 3,5 \u00d7 5,86 m\",\"datePublished\":\"2026-04-23T15:41:09+00:00\",\"dateModified\":\"2026-04-23T17:04:52+00:00\",\"mainEntityOfPage\":{\"@id\":\"https:\\\/\\\/gardeon.pl\\\/pl\\\/blog\\\/garaz-na-samochod-35-x-586-m\\\/\"},\"wordCount\":608,\"commentCount\":0,\"image\":{\"@id\":\"https:\\\/\\\/gardeon.pl\\\/pl\\\/blog\\\/garaz-na-samochod-35-x-586-m\\\/#primaryimage\"},\"thumbnailUrl\":\"https:\\\/\\\/gardeon.pl\\\/wp-content\\\/uploads\\\/2020\\\/10\\\/21-takto-ju-vidia-susedia.jpg\",\"articleSection\":[\"Gara\u017ce\",\"Jak si\u0119 \u017cyje z GARDEON\"],\"inLanguage\":\"pl-PL\",\"potentialAction\":[{\"@type\":\"CommentAction\",\"name\":\"Comment\",\"target\":[\"https:\\\/\\\/gardeon.pl\\\/pl\\\/blog\\\/garaz-na-samochod-35-x-586-m\\\/#respond\"]}]},{\"@type\":\"WebPage\",\"@id\":\"https:\\\/\\\/gardeon.pl\\\/pl\\\/blog\\\/garaz-na-samochod-35-x-586-m\\\/\",\"url\":\"https:\\\/\\\/gardeon.pl\\\/pl\\\/blog\\\/garaz-na-samochod-35-x-586-m\\\/\",\"name\":\"Gara\u017c na samoch\u00f3d 3,5 \u00d7 5,86 m | GARDEON\",\"isPartOf\":{\"@id\":\"https:\\\/\\\/gardeon.pl\\\/#website\"},\"primaryImageOfPage\":{\"@id\":\"https:\\\/\\\/gardeon.pl\\\/pl\\\/blog\\\/garaz-na-samochod-35-x-586-m\\\/#primaryimage\"},\"image\":{\"@id\":\"https:\\\/\\\/gardeon.pl\\\/pl\\\/blog\\\/garaz-na-samochod-35-x-586-m\\\/#primaryimage\"},\"thumbnailUrl\":\"https:\\\/\\\/gardeon.pl\\\/wp-content\\\/uploads\\\/2020\\\/10\\\/21-takto-ju-vidia-susedia.jpg\",\"datePublished\":\"2026-04-23T15:41:09+00:00\",\"dateModified\":\"2026-04-23T17:04:52+00:00\",\"author\":{\"@id\":\"https:\\\/\\\/gardeon.pl\\\/#\\\/schema\\\/person\\\/a5762ca5f0790bf92774af0899379463\"},\"breadcrumb\":{\"@id\":\"https:\\\/\\\/gardeon.pl\\\/pl\\\/blog\\\/garaz-na-samochod-35-x-586-m\\\/#breadcrumb\"},\"inLanguage\":\"pl-PL\",\"potentialAction\":[{\"@type\":\"ReadAction\",\"target\":[\"https:\\\/\\\/gardeon.pl\\\/pl\\\/blog\\\/garaz-na-samochod-35-x-586-m\\\/\"]}]},{\"@type\":\"ImageObject\",\"inLanguage\":\"pl-PL\",\"@id\":\"https:\\\/\\\/gardeon.pl\\\/pl\\\/blog\\\/garaz-na-samochod-35-x-586-m\\\/#primaryimage\",\"url\":\"https:\\\/\\\/gardeon.pl\\\/wp-content\\\/uploads\\\/2020\\\/10\\\/21-takto-ju-vidia-susedia.jpg\",\"contentUrl\":\"https:\\\/\\\/gardeon.pl\\\/wp-content\\\/uploads\\\/2020\\\/10\\\/21-takto-ju-vidia-susedia.jpg\",\"width\":2080,\"height\":1560,\"caption\":\"Samoch\u00f3d w otwartym gara\u017cu z lewej strony\"},{\"@type\":\"BreadcrumbList\",\"@id\":\"https:\\\/\\\/gardeon.pl\\\/pl\\\/blog\\\/garaz-na-samochod-35-x-586-m\\\/#breadcrumb\",\"itemListElement\":[{\"@type\":\"ListItem\",\"position\":1,\"name\":\"Domov\",\"item\":\"https:\\\/\\\/gardeon.pl\\\/pl\\\/\"},{\"@type\":\"ListItem\",\"position\":2,\"name\":\"Gara\u017c na samoch\u00f3d 3,5 \u00d7 5,86 m\"}]},{\"@type\":\"WebSite\",\"@id\":\"https:\\\/\\\/gardeon.pl\\\/#website\",\"url\":\"https:\\\/\\\/gardeon.pl\\\/\",\"name\":\"GARDEON\",\"description\":\"\",\"potentialAction\":[{\"@type\":\"SearchAction\",\"target\":{\"@type\":\"EntryPoint\",\"urlTemplate\":\"https:\\\/\\\/gardeon.pl\\\/?s={search_term_string}\"},\"query-input\":{\"@type\":\"PropertyValueSpecification\",\"valueRequired\":true,\"valueName\":\"search_term_string\"}}],\"inLanguage\":\"pl-PL\"},{\"@type\":\"Person\",\"@id\":\"https:\\\/\\\/gardeon.pl\\\/#\\\/schema\\\/person\\\/a5762ca5f0790bf92774af0899379463\",\"name\":\"editor\",\"image\":{\"@type\":\"ImageObject\",\"inLanguage\":\"pl-PL\",\"@id\":\"https:\\\/\\\/secure.gravatar.com\\\/avatar\\\/2b748151c2c748327307fd289a91b3bdafdd9e64e2d000e65e53d6dcf11c5830?s=96&d=mm&r=g\",\"url\":\"https:\\\/\\\/secure.gravatar.com\\\/avatar\\\/2b748151c2c748327307fd289a91b3bdafdd9e64e2d000e65e53d6dcf11c5830?s=96&d=mm&r=g\",\"contentUrl\":\"https:\\\/\\\/secure.gravatar.com\\\/avatar\\\/2b748151c2c748327307fd289a91b3bdafdd9e64e2d000e65e53d6dcf11c5830?s=96&d=mm&r=g\",\"caption\":\"editor\"}}]}<\/script>\n<!-- \/ Yoast SEO plugin. -->","yoast_head_json":{"title":"Gara\u017c na samoch\u00f3d 3,5 \u00d7 5,86 m | GARDEON","robots":{"index":"index","follow":"follow","max-snippet":"max-snippet:-1","max-image-preview":"max-image-preview:large","max-video-preview":"max-video-preview:-1"},"canonical":"https:\/\/gardeon.pl\/pl\/blog\/garaz-na-samochod-35-x-586-m\/","og_locale":"pl_PL","og_type":"article","og_title":"Gara\u017c na samoch\u00f3d 3,5 \u00d7 5,86 m | GARDEON","og_description":"Jak to wszystko si\u0119 zacz\u0119\u0142o? M\u0105\u017c naszej kole\u017canki Blanki potrzebowa\u0142 w kr\u00f3tkim czasie rozwi\u0105za\u0107 sw\u00f3j problem z parkowaniem samochodu i miejscem do przechowywania r\u00f3\u017cnych rzeczy zwi\u0105zanych z jego utrzymaniem (na przyk\u0142ad opon zimowych\/letnich), ale nie chcia\u0142 czeka\u0107 kilku miesi\u0119cy, a\u017c murarz j\u0105 wymuruje.","og_url":"https:\/\/gardeon.pl\/pl\/blog\/garaz-na-samochod-35-x-586-m\/","og_site_name":"GARDEON","article_published_time":"2026-04-23T15:41:09+00:00","article_modified_time":"2026-04-23T17:04:52+00:00","og_image":[{"width":2080,"height":1560,"url":"http:\/\/gardeon.pl\/wp-content\/uploads\/2020\/10\/21-takto-ju-vidia-susedia.jpg","type":"image\/jpeg"}],"author":"editor","twitter_card":"summary_large_image","twitter_misc":{"Napisane przez":"editor","Szacowany czas czytania":"3 minuty"},"schema":{"@context":"https:\/\/schema.org","@graph":[{"@type":"Article","@id":"https:\/\/gardeon.pl\/pl\/blog\/garaz-na-samochod-35-x-586-m\/#article","isPartOf":{"@id":"https:\/\/gardeon.pl\/pl\/blog\/garaz-na-samochod-35-x-586-m\/"},"author":{"name":"editor","@id":"https:\/\/gardeon.pl\/#\/schema\/person\/a5762ca5f0790bf92774af0899379463"},"headline":"Gara\u017c na samoch\u00f3d 3,5 \u00d7 5,86 m","datePublished":"2026-04-23T15:41:09+00:00","dateModified":"2026-04-23T17:04:52+00:00","mainEntityOfPage":{"@id":"https:\/\/gardeon.pl\/pl\/blog\/garaz-na-samochod-35-x-586-m\/"},"wordCount":608,"commentCount":0,"image":{"@id":"https:\/\/gardeon.pl\/pl\/blog\/garaz-na-samochod-35-x-586-m\/#primaryimage"},"thumbnailUrl":"https:\/\/gardeon.pl\/wp-content\/uploads\/2020\/10\/21-takto-ju-vidia-susedia.jpg","articleSection":["Gara\u017ce","Jak si\u0119 \u017cyje z GARDEON"],"inLanguage":"pl-PL","potentialAction":[{"@type":"CommentAction","name":"Comment","target":["https:\/\/gardeon.pl\/pl\/blog\/garaz-na-samochod-35-x-586-m\/#respond"]}]},{"@type":"WebPage","@id":"https:\/\/gardeon.pl\/pl\/blog\/garaz-na-samochod-35-x-586-m\/","url":"https:\/\/gardeon.pl\/pl\/blog\/garaz-na-samochod-35-x-586-m\/","name":"Gara\u017c na samoch\u00f3d 3,5 \u00d7 5,86 m | GARDEON","isPartOf":{"@id":"https:\/\/gardeon.pl\/#website"},"primaryImageOfPage":{"@id":"https:\/\/gardeon.pl\/pl\/blog\/garaz-na-samochod-35-x-586-m\/#primaryimage"},"image":{"@id":"https:\/\/gardeon.pl\/pl\/blog\/garaz-na-samochod-35-x-586-m\/#primaryimage"},"thumbnailUrl":"https:\/\/gardeon.pl\/wp-content\/uploads\/2020\/10\/21-takto-ju-vidia-susedia.jpg","datePublished":"2026-04-23T15:41:09+00:00","dateModified":"2026-04-23T17:04:52+00:00","author":{"@id":"https:\/\/gardeon.pl\/#\/schema\/person\/a5762ca5f0790bf92774af0899379463"},"breadcrumb":{"@id":"https:\/\/gardeon.pl\/pl\/blog\/garaz-na-samochod-35-x-586-m\/#breadcrumb"},"inLanguage":"pl-PL","potentialAction":[{"@type":"ReadAction","target":["https:\/\/gardeon.pl\/pl\/blog\/garaz-na-samochod-35-x-586-m\/"]}]},{"@type":"ImageObject","inLanguage":"pl-PL","@id":"https:\/\/gardeon.pl\/pl\/blog\/garaz-na-samochod-35-x-586-m\/#primaryimage","url":"https:\/\/gardeon.pl\/wp-content\/uploads\/2020\/10\/21-takto-ju-vidia-susedia.jpg","contentUrl":"https:\/\/gardeon.pl\/wp-content\/uploads\/2020\/10\/21-takto-ju-vidia-susedia.jpg","width":2080,"height":1560,"caption":"Samoch\u00f3d w otwartym gara\u017cu z lewej strony"},{"@type":"BreadcrumbList","@id":"https:\/\/gardeon.pl\/pl\/blog\/garaz-na-samochod-35-x-586-m\/#breadcrumb","itemListElement":[{"@type":"ListItem","position":1,"name":"Domov","item":"https:\/\/gardeon.pl\/pl\/"},{"@type":"ListItem","position":2,"name":"Gara\u017c na samoch\u00f3d 3,5 \u00d7 5,86 m"}]},{"@type":"WebSite","@id":"https:\/\/gardeon.pl\/#website","url":"https:\/\/gardeon.pl\/","name":"GARDEON","description":"","potentialAction":[{"@type":"SearchAction","target":{"@type":"EntryPoint","urlTemplate":"https:\/\/gardeon.pl\/?s={search_term_string}"},"query-input":{"@type":"PropertyValueSpecification","valueRequired":true,"valueName":"search_term_string"}}],"inLanguage":"pl-PL"},{"@type":"Person","@id":"https:\/\/gardeon.pl\/#\/schema\/person\/a5762ca5f0790bf92774af0899379463","name":"editor","image":{"@type":"ImageObject","inLanguage":"pl-PL","@id":"https:\/\/secure.gravatar.com\/avatar\/2b748151c2c748327307fd289a91b3bdafdd9e64e2d000e65e53d6dcf11c5830?s=96&d=mm&r=g","url":"https:\/\/secure.gravatar.com\/avatar\/2b748151c2c748327307fd289a91b3bdafdd9e64e2d000e65e53d6dcf11c5830?s=96&d=mm&r=g","contentUrl":"https:\/\/secure.gravatar.com\/avatar\/2b748151c2c748327307fd289a91b3bdafdd9e64e2d000e65e53d6dcf11c5830?s=96&d=mm&r=g","caption":"editor"}}]}},"_links":{"self":[{"href":"https:\/\/gardeon.pl\/pl\/wp-json\/wp\/v2\/posts\/46804","targetHints":{"allow":["GET"]}}],"collection":[{"href":"https:\/\/gardeon.pl\/pl\/wp-json\/wp\/v2\/posts"}],"about":[{"href":"https:\/\/gardeon.pl\/pl\/wp-json\/wp\/v2\/types\/post"}],"author":[{"embeddable":true,"href":"https:\/\/gardeon.pl\/pl\/wp-json\/wp\/v2\/users\/2"}],"replies":[{"embeddable":true,"href":"https:\/\/gardeon.pl\/pl\/wp-json\/wp\/v2\/comments?post=46804"}],"version-history":[{"count":0,"href":"https:\/\/gardeon.pl\/pl\/wp-json\/wp\/v2\/posts\/46804\/revisions"}],"wp:featuredmedia":[{"embeddable":true,"href":"https:\/\/gardeon.pl\/pl\/wp-json\/wp\/v2\/media\/46827"}],"wp:attachment":[{"href":"https:\/\/gardeon.pl\/pl\/wp-json\/wp\/v2\/media?parent=46804"}],"wp:term":[{"taxonomy":"category","embeddable":true,"href":"https:\/\/gardeon.pl\/pl\/wp-json\/wp\/v2\/categories?post=46804"},{"taxonomy":"post_tag","embeddable":true,"href":"https:\/\/gardeon.pl\/pl\/wp-json\/wp\/v2\/tags?post=46804"}],"curies":[{"name":"wp","href":"https:\/\/api.w.org\/{rel}","templated":true}]}}