{"id":46845,"date":"2026-04-23T17:41:13","date_gmt":"2026-04-23T15:41:13","guid":{"rendered":"https:\/\/gardeon.pl\/blog\/domek-ogrodowy-35-x-41-m-z-wiata\/"},"modified":"2026-04-23T19:04:52","modified_gmt":"2026-04-23T17:04:52","slug":"domek-ogrodowy-35-x-41-m-z-wiata","status":"publish","type":"post","link":"https:\/\/gardeon.pl\/pl\/blog\/domek-ogrodowy-35-x-41-m-z-wiata\/","title":{"rendered":"Domek ogrodowy 3,5 x 4,1 m z wiat\u0105"},"content":{"rendered":"<h2><b>Jak to si\u0119 wszystko zacz\u0119\u0142o?<\/b><\/h2>\n<p><span style=\"font-weight: 400;\">Pan Puvak skontaktowa\u0142 si\u0119 z nami drog\u0105 mailow\u0105 w lutym, wyra\u017caj\u0105c zainteresowanie domkiem ogrodowym o wymiarach ok. 4 x 8 m, podobnym do modelu, kt\u00f3ry znalaz\u0142 na naszej stronie internetowej. <\/span><!--more--><\/p>\n<p><span style=\"font-weight: 400;\">Domek i wiata mia\u0142y by\u0107 w proporcji 50\/50. Klient by\u0142 zainteresowany umieszczeniem bramy rolowanej od frontu oraz drzwi z w\u0105skim oknem z boku wiaty. Pyta\u0142 r\u00f3wnie\u017c, czy mo\u017cliwa jest <\/span><a href=\"https:\/\/gardeon.pl\/pl\/domki-ogrodowe-na-narzedzia\/domek-ogrodowy-bez-montazu\/\"><span style=\"font-weight: 400;\">samodzielna realizacja z dostaw\u0105 materia\u0142u i instrukcj\u0105 monta\u017cu<\/span><\/a><span style=\"font-weight: 400;\">, prosz\u0105c o przygotowanie orientacyjnej oferty cenowej z monta\u017cem oraz bez niego. Z panem Puvakiem doszli\u015bmy do porozumienia i zamontowali\u015bmy domek w maju tego samego roku na wcze\u015bniej przygotowanym pod\u0142o\u017cu z kostki brukowej.<\/span><\/p>\n<p><img loading=\"lazy\" decoding=\"async\" class=\"aligncenter wp-image-30474\" src=\"http:\/\/gardeon.pl\/wp-content\/uploads\/2021\/01\/gardeon-podklad-puvak.jpg\" alt=\"Pod\u0142o\u017ce z kostki brukowej z piaskiem do spoinowania\" width=\"800\" height=\"600\" srcset=\"https:\/\/gardeon.pl\/wp-content\/uploads\/2021\/01\/gardeon-podklad-puvak.jpg 1500w, https:\/\/gardeon.pl\/wp-content\/uploads\/2021\/01\/gardeon-podklad-puvak-300x225.jpg 300w, https:\/\/gardeon.pl\/wp-content\/uploads\/2021\/01\/gardeon-podklad-puvak-1024x768.jpg 1024w, https:\/\/gardeon.pl\/wp-content\/uploads\/2021\/01\/gardeon-podklad-puvak-768x576.jpg 768w\" sizes=\"auto, (max-width: 800px) 100vw, 800px\" \/><\/p>\n<h3><b>Opinia tu\u017c po monta\u017cu<\/b><\/h3>\n<p><i><span style=\"font-weight: 400;\">\u201eProfesjonalne podej\u015bcie, efektywna praca, mi\u0142a aparycja, dobra komunikacja. Elastyczno\u015b\u0107 przy ustalaniu terminu realizacji. Moje oczekiwania zosta\u0142y spe\u0142nione, a efekt ko\u0144cowy jest estetyczny i funkcjonalny. Wykorzystajcie potencja\u0142 rynkowy i \u017cycz\u0119 powodzenia\u201d.   <\/span><\/i><\/p>\n<p><img loading=\"lazy\" decoding=\"async\" class=\"wp-image-28878 aligncenter\" src=\"http:\/\/gardeon.pl\/wp-content\/uploads\/2020\/10\/GARDEON-foto-od-zakaznikov-95.jpg\" alt=\"Domek ogrodowy z bram\u0105 gara\u017cow\u0105 tu\u017c po monta\u017cu\" width=\"800\" height=\"533\" srcset=\"https:\/\/gardeon.pl\/wp-content\/uploads\/2020\/10\/GARDEON-foto-od-zakaznikov-95.jpg 1500w, https:\/\/gardeon.pl\/wp-content\/uploads\/2020\/10\/GARDEON-foto-od-zakaznikov-95-300x200.jpg 300w, https:\/\/gardeon.pl\/wp-content\/uploads\/2020\/10\/GARDEON-foto-od-zakaznikov-95-1024x683.jpg 1024w, https:\/\/gardeon.pl\/wp-content\/uploads\/2020\/10\/GARDEON-foto-od-zakaznikov-95-768x512.jpg 768w\" sizes=\"auto, (max-width: 800px) 100vw, 800px\" \/><img loading=\"lazy\" decoding=\"async\" class=\"wp-image-28880 aligncenter\" src=\"http:\/\/gardeon.pl\/wp-content\/uploads\/2020\/10\/GARDEON-foto-od-zakaznikov-96.jpg\" alt=\"Zadaszenie domku ogrodowego\" width=\"800\" height=\"533\" srcset=\"https:\/\/gardeon.pl\/wp-content\/uploads\/2020\/10\/GARDEON-foto-od-zakaznikov-96.jpg 1500w, https:\/\/gardeon.pl\/wp-content\/uploads\/2020\/10\/GARDEON-foto-od-zakaznikov-96-300x200.jpg 300w, https:\/\/gardeon.pl\/wp-content\/uploads\/2020\/10\/GARDEON-foto-od-zakaznikov-96-1024x683.jpg 1024w, https:\/\/gardeon.pl\/wp-content\/uploads\/2020\/10\/GARDEON-foto-od-zakaznikov-96-768x512.jpg 768w\" sizes=\"auto, (max-width: 800px) 100vw, 800px\" \/><\/p>\n<p><img loading=\"lazy\" decoding=\"async\" class=\"wp-image-28882 aligncenter\" src=\"http:\/\/gardeon.pl\/wp-content\/uploads\/2020\/10\/GARDEON-foto-od-zakaznikov-97.jpg\" alt=\"Domek ogrodowy z bram\u0105 gara\u017cow\u0105 z lewej strony\" width=\"800\" height=\"533\" srcset=\"https:\/\/gardeon.pl\/wp-content\/uploads\/2020\/10\/GARDEON-foto-od-zakaznikov-97.jpg 1500w, https:\/\/gardeon.pl\/wp-content\/uploads\/2020\/10\/GARDEON-foto-od-zakaznikov-97-300x200.jpg 300w, https:\/\/gardeon.pl\/wp-content\/uploads\/2020\/10\/GARDEON-foto-od-zakaznikov-97-1024x683.jpg 1024w, https:\/\/gardeon.pl\/wp-content\/uploads\/2020\/10\/GARDEON-foto-od-zakaznikov-97-768x512.jpg 768w\" sizes=\"auto, (max-width: 800px) 100vw, 800px\" \/><\/p>\n<h2><b>A jakie s\u0105 jego wra\u017cenia z perspektywy czasu?<\/b><\/h2>\n<p><i><span style=\"font-weight: 400;\">\u201ePrzesy\u0142am kilka uj\u0119\u0107 budowli, jak wkomponowa\u0142a si\u0119 w otoczenie, w kt\u00f3rym j\u0105 posadowili\u015bmy. Jak dot\u0105d domek spe\u0142nia swoje zadanie, a jego u\u017cytkowanie przebiega bezproblemowo. Pod wzgl\u0119dem jako\u015bci spe\u0142ni\u0142 oczekiwania\u201d.  <\/span><\/i><\/p>\n<h3><b>Fotografie cz\u0119\u015bci zewn\u0119trznej<\/b><\/h3>\n<h3><img loading=\"lazy\" decoding=\"async\" class=\"wp-image-28872 aligncenter\" src=\"http:\/\/gardeon.pl\/wp-content\/uploads\/2020\/10\/GARDEON-foto-od-zakaznikov-92.png\" alt=\"Domek ogrodowy z psem w ogrodzie\" width=\"800\" height=\"477\" srcset=\"https:\/\/gardeon.pl\/wp-content\/uploads\/2020\/10\/GARDEON-foto-od-zakaznikov-92.png 1179w, https:\/\/gardeon.pl\/wp-content\/uploads\/2020\/10\/GARDEON-foto-od-zakaznikov-92-300x179.png 300w, https:\/\/gardeon.pl\/wp-content\/uploads\/2020\/10\/GARDEON-foto-od-zakaznikov-92-1024x611.png 1024w, https:\/\/gardeon.pl\/wp-content\/uploads\/2020\/10\/GARDEON-foto-od-zakaznikov-92-768x458.png 768w\" sizes=\"auto, (max-width: 800px) 100vw, 800px\" \/><\/h3>\n<h3><img loading=\"lazy\" decoding=\"async\" class=\"wp-image-28874 aligncenter\" src=\"http:\/\/gardeon.pl\/wp-content\/uploads\/2020\/10\/GARDEON-foto-od-zakaznikov-93.png\" alt=\"Domek ogrodowy z bram\u0105 gara\u017cow\u0105\" width=\"800\" height=\"586\" srcset=\"https:\/\/gardeon.pl\/wp-content\/uploads\/2020\/10\/GARDEON-foto-od-zakaznikov-93.png 1079w, https:\/\/gardeon.pl\/wp-content\/uploads\/2020\/10\/GARDEON-foto-od-zakaznikov-93-300x220.png 300w, https:\/\/gardeon.pl\/wp-content\/uploads\/2020\/10\/GARDEON-foto-od-zakaznikov-93-1024x751.png 1024w, https:\/\/gardeon.pl\/wp-content\/uploads\/2020\/10\/GARDEON-foto-od-zakaznikov-93-768x563.png 768w\" sizes=\"auto, (max-width: 800px) 100vw, 800px\" \/><img loading=\"lazy\" decoding=\"async\" class=\"wp-image-28876 aligncenter\" src=\"http:\/\/gardeon.pl\/wp-content\/uploads\/2020\/10\/GARDEON-foto-od-zakaznikov-94.jpg\" alt=\"Miejsce do siedzenia pod zadaszeniem domku ogrodowego\" width=\"800\" height=\"600\" srcset=\"https:\/\/gardeon.pl\/wp-content\/uploads\/2020\/10\/GARDEON-foto-od-zakaznikov-94.jpg 1500w, https:\/\/gardeon.pl\/wp-content\/uploads\/2020\/10\/GARDEON-foto-od-zakaznikov-94-300x225.jpg 300w, https:\/\/gardeon.pl\/wp-content\/uploads\/2020\/10\/GARDEON-foto-od-zakaznikov-94-1024x768.jpg 1024w, https:\/\/gardeon.pl\/wp-content\/uploads\/2020\/10\/GARDEON-foto-od-zakaznikov-94-768x576.jpg 768w\" sizes=\"auto, (max-width: 800px) 100vw, 800px\" \/><\/h3>\n<h2><b>Podsumowanie<\/b><\/h2>\n<ul>\n<li style=\"font-weight: 400;\" aria-level=\"1\"><span style=\"font-weight: 400;\">czas budowy \u2013 4,5 godziny<\/span><\/li>\n<li style=\"font-weight: 400;\" aria-level=\"1\"><span style=\"font-weight: 400;\">wymiary domku ogrodowego i wiaty \u2013 3 500 x 4 100 mm + 3 000 x 2 000 mm<\/span><\/li>\n<li style=\"font-weight: 400;\" aria-level=\"1\"><span style=\"font-weight: 400;\">wyposa\u017cenie ekskluzywne \u2013 brama gara\u017cowa, <\/span><a href=\"https:\/\/gardeon.pl\/pl\/domki-ogrodowe-na-narzedzia\/akcesoria-dodatki\/dach-do-domku-ogrodowego\/\"><span style=\"font-weight: 400;\">ocieplony dach<\/span><\/a><\/li>\n<li style=\"font-weight: 400;\" aria-level=\"1\"><span style=\"font-weight: 400;\">cena domku ogrodowego w momencie zam\u00f3wienia \u2013 ok. 166 000 CZK z VAT<\/span><\/li>\n<\/ul>\n<p><span style=\"font-weight: 400;\"> <\/span><\/p>\n<h3 style=\"text-align: center;\"><b>Dzi\u0119kujemy panu Puvakowi za opini\u0119 i zdj\u0119cia :)<\/b><\/h3>\n","protected":false},"excerpt":{"rendered":"<p>Jak to si\u0119 wszystko zacz\u0119\u0142o? Pan Puvak skontaktowa\u0142 si\u0119 z nami drog\u0105 mailow\u0105 w lutym, wyra\u017caj\u0105c zainteresowanie domkiem ogrodowym o wymiarach ok. 4 x 8 m, podobnym do modelu, kt\u00f3ry znalaz\u0142 na naszej stronie internetowej.<\/p>\n","protected":false},"author":2,"featured_media":46847,"comment_status":"open","ping_status":"open","sticky":false,"template":"","format":"standard","meta":{"_acf_changed":false,"inline_featured_image":false,"footnotes":""},"categories":[717,716],"tags":[],"class_list":["post-46845","post","type-post","status-publish","format-standard","has-post-thumbnail","hentry","category-domki-ogrodowe-2","category-jak-sie-zyje-z-gardeon"],"acf":[],"yoast_head":"<!-- This site is optimized with the Yoast SEO plugin v27.4 - https:\/\/yoast.com\/product\/yoast-seo-wordpress\/ -->\n<title>Domek ogrodowy 3,5 x 4,1 m z wiat\u0105 | GARDEON<\/title>\n<meta name=\"robots\" content=\"index, follow, max-snippet:-1, max-image-preview:large, max-video-preview:-1\" \/>\n<link rel=\"canonical\" href=\"https:\/\/gardeon.pl\/pl\/blog\/domek-ogrodowy-35-x-41-m-z-wiata\/\" \/>\n<meta property=\"og:locale\" content=\"pl_PL\" \/>\n<meta property=\"og:type\" content=\"article\" \/>\n<meta property=\"og:title\" content=\"Domek ogrodowy 3,5 x 4,1 m z wiat\u0105 | GARDEON\" \/>\n<meta property=\"og:description\" content=\"Jak to si\u0119 wszystko zacz\u0119\u0142o? Pan Puvak skontaktowa\u0142 si\u0119 z nami drog\u0105 mailow\u0105 w lutym, wyra\u017caj\u0105c zainteresowanie domkiem ogrodowym o wymiarach ok. 4 x 8 m, podobnym do modelu, kt\u00f3ry znalaz\u0142 na naszej stronie internetowej.\" \/>\n<meta property=\"og:url\" content=\"https:\/\/gardeon.pl\/pl\/blog\/domek-ogrodowy-35-x-41-m-z-wiata\/\" \/>\n<meta property=\"og:site_name\" content=\"GARDEON\" \/>\n<meta property=\"article:published_time\" content=\"2026-04-23T15:41:13+00:00\" \/>\n<meta property=\"article:modified_time\" content=\"2026-04-23T17:04:52+00:00\" \/>\n<meta property=\"og:image\" content=\"http:\/\/gardeon.pl\/wp-content\/uploads\/2020\/10\/GARDEON-foto-od-zakaznikov-92.png\" \/>\n\t<meta property=\"og:image:width\" content=\"1179\" \/>\n\t<meta property=\"og:image:height\" content=\"703\" \/>\n\t<meta property=\"og:image:type\" content=\"image\/png\" \/>\n<meta name=\"author\" content=\"editor\" \/>\n<meta name=\"twitter:card\" content=\"summary_large_image\" \/>\n<meta name=\"twitter:label1\" content=\"Napisane przez\" \/>\n\t<meta name=\"twitter:data1\" content=\"editor\" \/>\n\t<meta name=\"twitter:label2\" content=\"Szacowany czas czytania\" \/>\n\t<meta name=\"twitter:data2\" content=\"1 minuta\" \/>\n<script type=\"application\/ld+json\" class=\"yoast-schema-graph\">{\"@context\":\"https:\\\/\\\/schema.org\",\"@graph\":[{\"@type\":\"Article\",\"@id\":\"https:\\\/\\\/gardeon.pl\\\/pl\\\/blog\\\/domek-ogrodowy-35-x-41-m-z-wiata\\\/#article\",\"isPartOf\":{\"@id\":\"https:\\\/\\\/gardeon.pl\\\/pl\\\/blog\\\/domek-ogrodowy-35-x-41-m-z-wiata\\\/\"},\"author\":{\"name\":\"editor\",\"@id\":\"https:\\\/\\\/gardeon.pl\\\/#\\\/schema\\\/person\\\/a5762ca5f0790bf92774af0899379463\"},\"headline\":\"Domek ogrodowy 3,5 x 4,1 m z wiat\u0105\",\"datePublished\":\"2026-04-23T15:41:13+00:00\",\"dateModified\":\"2026-04-23T17:04:52+00:00\",\"mainEntityOfPage\":{\"@id\":\"https:\\\/\\\/gardeon.pl\\\/pl\\\/blog\\\/domek-ogrodowy-35-x-41-m-z-wiata\\\/\"},\"wordCount\":258,\"commentCount\":0,\"image\":{\"@id\":\"https:\\\/\\\/gardeon.pl\\\/pl\\\/blog\\\/domek-ogrodowy-35-x-41-m-z-wiata\\\/#primaryimage\"},\"thumbnailUrl\":\"https:\\\/\\\/gardeon.pl\\\/wp-content\\\/uploads\\\/2020\\\/10\\\/GARDEON-foto-od-zakaznikov-92.png\",\"articleSection\":[\"Domki ogrodowe\",\"Jak si\u0119 \u017cyje z GARDEON\"],\"inLanguage\":\"pl-PL\",\"potentialAction\":[{\"@type\":\"CommentAction\",\"name\":\"Comment\",\"target\":[\"https:\\\/\\\/gardeon.pl\\\/pl\\\/blog\\\/domek-ogrodowy-35-x-41-m-z-wiata\\\/#respond\"]}]},{\"@type\":\"WebPage\",\"@id\":\"https:\\\/\\\/gardeon.pl\\\/pl\\\/blog\\\/domek-ogrodowy-35-x-41-m-z-wiata\\\/\",\"url\":\"https:\\\/\\\/gardeon.pl\\\/pl\\\/blog\\\/domek-ogrodowy-35-x-41-m-z-wiata\\\/\",\"name\":\"Domek ogrodowy 3,5 x 4,1 m z wiat\u0105 | GARDEON\",\"isPartOf\":{\"@id\":\"https:\\\/\\\/gardeon.pl\\\/#website\"},\"primaryImageOfPage\":{\"@id\":\"https:\\\/\\\/gardeon.pl\\\/pl\\\/blog\\\/domek-ogrodowy-35-x-41-m-z-wiata\\\/#primaryimage\"},\"image\":{\"@id\":\"https:\\\/\\\/gardeon.pl\\\/pl\\\/blog\\\/domek-ogrodowy-35-x-41-m-z-wiata\\\/#primaryimage\"},\"thumbnailUrl\":\"https:\\\/\\\/gardeon.pl\\\/wp-content\\\/uploads\\\/2020\\\/10\\\/GARDEON-foto-od-zakaznikov-92.png\",\"datePublished\":\"2026-04-23T15:41:13+00:00\",\"dateModified\":\"2026-04-23T17:04:52+00:00\",\"author\":{\"@id\":\"https:\\\/\\\/gardeon.pl\\\/#\\\/schema\\\/person\\\/a5762ca5f0790bf92774af0899379463\"},\"breadcrumb\":{\"@id\":\"https:\\\/\\\/gardeon.pl\\\/pl\\\/blog\\\/domek-ogrodowy-35-x-41-m-z-wiata\\\/#breadcrumb\"},\"inLanguage\":\"pl-PL\",\"potentialAction\":[{\"@type\":\"ReadAction\",\"target\":[\"https:\\\/\\\/gardeon.pl\\\/pl\\\/blog\\\/domek-ogrodowy-35-x-41-m-z-wiata\\\/\"]}]},{\"@type\":\"ImageObject\",\"inLanguage\":\"pl-PL\",\"@id\":\"https:\\\/\\\/gardeon.pl\\\/pl\\\/blog\\\/domek-ogrodowy-35-x-41-m-z-wiata\\\/#primaryimage\",\"url\":\"https:\\\/\\\/gardeon.pl\\\/wp-content\\\/uploads\\\/2020\\\/10\\\/GARDEON-foto-od-zakaznikov-92.png\",\"contentUrl\":\"https:\\\/\\\/gardeon.pl\\\/wp-content\\\/uploads\\\/2020\\\/10\\\/GARDEON-foto-od-zakaznikov-92.png\",\"width\":1179,\"height\":703,\"caption\":\"Domek ogrodowy z psem w ogrodzie\"},{\"@type\":\"BreadcrumbList\",\"@id\":\"https:\\\/\\\/gardeon.pl\\\/pl\\\/blog\\\/domek-ogrodowy-35-x-41-m-z-wiata\\\/#breadcrumb\",\"itemListElement\":[{\"@type\":\"ListItem\",\"position\":1,\"name\":\"Domov\",\"item\":\"https:\\\/\\\/gardeon.pl\\\/pl\\\/\"},{\"@type\":\"ListItem\",\"position\":2,\"name\":\"Domek ogrodowy 3,5 x 4,1 m z wiat\u0105\"}]},{\"@type\":\"WebSite\",\"@id\":\"https:\\\/\\\/gardeon.pl\\\/#website\",\"url\":\"https:\\\/\\\/gardeon.pl\\\/\",\"name\":\"GARDEON\",\"description\":\"\",\"potentialAction\":[{\"@type\":\"SearchAction\",\"target\":{\"@type\":\"EntryPoint\",\"urlTemplate\":\"https:\\\/\\\/gardeon.pl\\\/?s={search_term_string}\"},\"query-input\":{\"@type\":\"PropertyValueSpecification\",\"valueRequired\":true,\"valueName\":\"search_term_string\"}}],\"inLanguage\":\"pl-PL\"},{\"@type\":\"Person\",\"@id\":\"https:\\\/\\\/gardeon.pl\\\/#\\\/schema\\\/person\\\/a5762ca5f0790bf92774af0899379463\",\"name\":\"editor\",\"image\":{\"@type\":\"ImageObject\",\"inLanguage\":\"pl-PL\",\"@id\":\"https:\\\/\\\/secure.gravatar.com\\\/avatar\\\/2b748151c2c748327307fd289a91b3bdafdd9e64e2d000e65e53d6dcf11c5830?s=96&d=mm&r=g\",\"url\":\"https:\\\/\\\/secure.gravatar.com\\\/avatar\\\/2b748151c2c748327307fd289a91b3bdafdd9e64e2d000e65e53d6dcf11c5830?s=96&d=mm&r=g\",\"contentUrl\":\"https:\\\/\\\/secure.gravatar.com\\\/avatar\\\/2b748151c2c748327307fd289a91b3bdafdd9e64e2d000e65e53d6dcf11c5830?s=96&d=mm&r=g\",\"caption\":\"editor\"}}]}<\/script>\n<!-- \/ Yoast SEO plugin. -->","yoast_head_json":{"title":"Domek ogrodowy 3,5 x 4,1 m z wiat\u0105 | GARDEON","robots":{"index":"index","follow":"follow","max-snippet":"max-snippet:-1","max-image-preview":"max-image-preview:large","max-video-preview":"max-video-preview:-1"},"canonical":"https:\/\/gardeon.pl\/pl\/blog\/domek-ogrodowy-35-x-41-m-z-wiata\/","og_locale":"pl_PL","og_type":"article","og_title":"Domek ogrodowy 3,5 x 4,1 m z wiat\u0105 | GARDEON","og_description":"Jak to si\u0119 wszystko zacz\u0119\u0142o? Pan Puvak skontaktowa\u0142 si\u0119 z nami drog\u0105 mailow\u0105 w lutym, wyra\u017caj\u0105c zainteresowanie domkiem ogrodowym o wymiarach ok. 4 x 8 m, podobnym do modelu, kt\u00f3ry znalaz\u0142 na naszej stronie internetowej.","og_url":"https:\/\/gardeon.pl\/pl\/blog\/domek-ogrodowy-35-x-41-m-z-wiata\/","og_site_name":"GARDEON","article_published_time":"2026-04-23T15:41:13+00:00","article_modified_time":"2026-04-23T17:04:52+00:00","og_image":[{"width":1179,"height":703,"url":"http:\/\/gardeon.pl\/wp-content\/uploads\/2020\/10\/GARDEON-foto-od-zakaznikov-92.png","type":"image\/png"}],"author":"editor","twitter_card":"summary_large_image","twitter_misc":{"Napisane przez":"editor","Szacowany czas czytania":"1 minuta"},"schema":{"@context":"https:\/\/schema.org","@graph":[{"@type":"Article","@id":"https:\/\/gardeon.pl\/pl\/blog\/domek-ogrodowy-35-x-41-m-z-wiata\/#article","isPartOf":{"@id":"https:\/\/gardeon.pl\/pl\/blog\/domek-ogrodowy-35-x-41-m-z-wiata\/"},"author":{"name":"editor","@id":"https:\/\/gardeon.pl\/#\/schema\/person\/a5762ca5f0790bf92774af0899379463"},"headline":"Domek ogrodowy 3,5 x 4,1 m z wiat\u0105","datePublished":"2026-04-23T15:41:13+00:00","dateModified":"2026-04-23T17:04:52+00:00","mainEntityOfPage":{"@id":"https:\/\/gardeon.pl\/pl\/blog\/domek-ogrodowy-35-x-41-m-z-wiata\/"},"wordCount":258,"commentCount":0,"image":{"@id":"https:\/\/gardeon.pl\/pl\/blog\/domek-ogrodowy-35-x-41-m-z-wiata\/#primaryimage"},"thumbnailUrl":"https:\/\/gardeon.pl\/wp-content\/uploads\/2020\/10\/GARDEON-foto-od-zakaznikov-92.png","articleSection":["Domki ogrodowe","Jak si\u0119 \u017cyje z GARDEON"],"inLanguage":"pl-PL","potentialAction":[{"@type":"CommentAction","name":"Comment","target":["https:\/\/gardeon.pl\/pl\/blog\/domek-ogrodowy-35-x-41-m-z-wiata\/#respond"]}]},{"@type":"WebPage","@id":"https:\/\/gardeon.pl\/pl\/blog\/domek-ogrodowy-35-x-41-m-z-wiata\/","url":"https:\/\/gardeon.pl\/pl\/blog\/domek-ogrodowy-35-x-41-m-z-wiata\/","name":"Domek ogrodowy 3,5 x 4,1 m z wiat\u0105 | GARDEON","isPartOf":{"@id":"https:\/\/gardeon.pl\/#website"},"primaryImageOfPage":{"@id":"https:\/\/gardeon.pl\/pl\/blog\/domek-ogrodowy-35-x-41-m-z-wiata\/#primaryimage"},"image":{"@id":"https:\/\/gardeon.pl\/pl\/blog\/domek-ogrodowy-35-x-41-m-z-wiata\/#primaryimage"},"thumbnailUrl":"https:\/\/gardeon.pl\/wp-content\/uploads\/2020\/10\/GARDEON-foto-od-zakaznikov-92.png","datePublished":"2026-04-23T15:41:13+00:00","dateModified":"2026-04-23T17:04:52+00:00","author":{"@id":"https:\/\/gardeon.pl\/#\/schema\/person\/a5762ca5f0790bf92774af0899379463"},"breadcrumb":{"@id":"https:\/\/gardeon.pl\/pl\/blog\/domek-ogrodowy-35-x-41-m-z-wiata\/#breadcrumb"},"inLanguage":"pl-PL","potentialAction":[{"@type":"ReadAction","target":["https:\/\/gardeon.pl\/pl\/blog\/domek-ogrodowy-35-x-41-m-z-wiata\/"]}]},{"@type":"ImageObject","inLanguage":"pl-PL","@id":"https:\/\/gardeon.pl\/pl\/blog\/domek-ogrodowy-35-x-41-m-z-wiata\/#primaryimage","url":"https:\/\/gardeon.pl\/wp-content\/uploads\/2020\/10\/GARDEON-foto-od-zakaznikov-92.png","contentUrl":"https:\/\/gardeon.pl\/wp-content\/uploads\/2020\/10\/GARDEON-foto-od-zakaznikov-92.png","width":1179,"height":703,"caption":"Domek ogrodowy z psem w ogrodzie"},{"@type":"BreadcrumbList","@id":"https:\/\/gardeon.pl\/pl\/blog\/domek-ogrodowy-35-x-41-m-z-wiata\/#breadcrumb","itemListElement":[{"@type":"ListItem","position":1,"name":"Domov","item":"https:\/\/gardeon.pl\/pl\/"},{"@type":"ListItem","position":2,"name":"Domek ogrodowy 3,5 x 4,1 m z wiat\u0105"}]},{"@type":"WebSite","@id":"https:\/\/gardeon.pl\/#website","url":"https:\/\/gardeon.pl\/","name":"GARDEON","description":"","potentialAction":[{"@type":"SearchAction","target":{"@type":"EntryPoint","urlTemplate":"https:\/\/gardeon.pl\/?s={search_term_string}"},"query-input":{"@type":"PropertyValueSpecification","valueRequired":true,"valueName":"search_term_string"}}],"inLanguage":"pl-PL"},{"@type":"Person","@id":"https:\/\/gardeon.pl\/#\/schema\/person\/a5762ca5f0790bf92774af0899379463","name":"editor","image":{"@type":"ImageObject","inLanguage":"pl-PL","@id":"https:\/\/secure.gravatar.com\/avatar\/2b748151c2c748327307fd289a91b3bdafdd9e64e2d000e65e53d6dcf11c5830?s=96&d=mm&r=g","url":"https:\/\/secure.gravatar.com\/avatar\/2b748151c2c748327307fd289a91b3bdafdd9e64e2d000e65e53d6dcf11c5830?s=96&d=mm&r=g","contentUrl":"https:\/\/secure.gravatar.com\/avatar\/2b748151c2c748327307fd289a91b3bdafdd9e64e2d000e65e53d6dcf11c5830?s=96&d=mm&r=g","caption":"editor"}}]}},"_links":{"self":[{"href":"https:\/\/gardeon.pl\/pl\/wp-json\/wp\/v2\/posts\/46845","targetHints":{"allow":["GET"]}}],"collection":[{"href":"https:\/\/gardeon.pl\/pl\/wp-json\/wp\/v2\/posts"}],"about":[{"href":"https:\/\/gardeon.pl\/pl\/wp-json\/wp\/v2\/types\/post"}],"author":[{"embeddable":true,"href":"https:\/\/gardeon.pl\/pl\/wp-json\/wp\/v2\/users\/2"}],"replies":[{"embeddable":true,"href":"https:\/\/gardeon.pl\/pl\/wp-json\/wp\/v2\/comments?post=46845"}],"version-history":[{"count":0,"href":"https:\/\/gardeon.pl\/pl\/wp-json\/wp\/v2\/posts\/46845\/revisions"}],"wp:featuredmedia":[{"embeddable":true,"href":"https:\/\/gardeon.pl\/pl\/wp-json\/wp\/v2\/media\/46847"}],"wp:attachment":[{"href":"https:\/\/gardeon.pl\/pl\/wp-json\/wp\/v2\/media?parent=46845"}],"wp:term":[{"taxonomy":"category","embeddable":true,"href":"https:\/\/gardeon.pl\/pl\/wp-json\/wp\/v2\/categories?post=46845"},{"taxonomy":"post_tag","embeddable":true,"href":"https:\/\/gardeon.pl\/pl\/wp-json\/wp\/v2\/tags?post=46845"}],"curies":[{"name":"wp","href":"https:\/\/api.w.org\/{rel}","templated":true}]}}