{"id":46846,"date":"2026-04-23T17:41:13","date_gmt":"2026-04-23T15:41:13","guid":{"rendered":"https:\/\/gardeon.pl\/blog\/garaz-dwustanowiskowy-58-x-586-m\/"},"modified":"2026-04-23T19:04:52","modified_gmt":"2026-04-23T17:04:52","slug":"garaz-dwustanowiskowy-58-x-586-m","status":"publish","type":"post","link":"https:\/\/gardeon.pl\/pl\/blog\/garaz-dwustanowiskowy-58-x-586-m\/","title":{"rendered":"Gara\u017c dwustanowiskowy 5,8 x 5,86 m"},"content":{"rendered":"<h2><b>Jak to si\u0119 wszystko zacz\u0119\u0142o?<\/b><\/h2>\n<p><span style=\"font-weight: 400;\">Pan F\u00e1bik skontaktowa\u0142 si\u0119 z nami w kwietniu, informuj\u0105c, \u017ce potrzebuje gara\u017cu dwustanowiskowego.<\/span><\/p>\n<p><!--more--><\/p>\n<p><span style=\"font-weight: 400;\">Zastanawia\u0142 si\u0119 r\u00f3wnie\u017c nad wiat\u0105 i potrzebowa\u0142 porady, co b\u0119dzie lepiej odpowiada\u0107 jego potrzebom. W tym czasie akurat remontowa\u0142 dom rodzinny, wi\u0119c chcia\u0142 wst\u0119pnie rozezna\u0107 si\u0119 w mo\u017cliwo\u015bciach oferowanych przez rynek. Ostatecznie zdecydowa\u0142 si\u0119 na gara\u017c dwustanowiskowy \u2013 najbardziej przekona\u0142y go cena, jako\u015b\u0107, czas budowy oraz og\u00f3lny wygl\u0105d gara\u017cu, kt\u00f3ry jest nie do odr\u00f3\u017cnienia od murowanego. W styczniu osobi\u015bcie odwiedzi\u0142 nas wraz z \u017con\u0105 w naszym showroomie w Tur\u010dianskym \u010eurze. Gara\u017c zam\u00f3wi\u0142 ju\u017c w lutym, a w kwietniu przeprowadzili\u015bmy monta\u017c.    <\/span><\/p>\n<h3><b>Opinia \u015bwie\u017co po monta\u017cu<\/b><\/h3>\n<p><i><span style=\"font-weight: 400;\">\u201eWszystko w porz\u0105dku, jest dok\u0142adnie taki, jak chcia\u0142em i po kilku godzinach mo\u017cna go od razu u\u017cywa\u0107. Na razie jestem ze wszystkiego zadowolony i ciesz\u0119 si\u0119, \u017ce mog\u0119 mie\u0107 tak \u0142adny gara\u017c. Dzi\u0119kuj\u0119\u201d.  <\/span><\/i><\/p>\n<h2><b>A jakie s\u0105 jego wra\u017cenia z perspektywy czasu?<\/b><\/h2>\n<p><i><span style=\"font-weight: 400;\">\u201eWszystko jest dok\u0142adnie tak, jak sobie wyobra\u017ca\u0142em. Ju\u017c si\u0119, jak to si\u0119 m\u00f3wi, zadomowili\u015bmy, jedynie gdy w gara\u017cu s\u0105 oba auta, to mo\u017ce przyda\u0142oby si\u0119 troch\u0119 wi\u0119cej miejsca, ale to tylko drobnostka \u2013 wystarczy wystawi\u0107 jedno auto na zewn\u0105trz i mam wystarczaj\u0105co du\u017co przestrzeni\u201d. <\/span><\/i><\/p>\n<h3><b>Zdj\u0119cia cz\u0119\u015bci zewn\u0119trznej<\/b><\/h3>\n<p><a href=\"http:\/\/gardeon.pl\/wp-content\/uploads\/2020\/11\/GARDEON-foto-od-zakaznikov-107-1.jpg\"><img loading=\"lazy\" decoding=\"async\" class=\"aligncenter wp-image-29364\" src=\"http:\/\/gardeon.pl\/wp-content\/uploads\/2020\/11\/GARDEON-foto-od-zakaznikov-107-1.jpg\" alt=\"Atypowy gara\u017c w kolorze bia\u0142ym\" width=\"800\" height=\"379\" srcset=\"https:\/\/gardeon.pl\/wp-content\/uploads\/2020\/11\/GARDEON-foto-od-zakaznikov-107-1.jpg 1500w, https:\/\/gardeon.pl\/wp-content\/uploads\/2020\/11\/GARDEON-foto-od-zakaznikov-107-1-300x142.jpg 300w, https:\/\/gardeon.pl\/wp-content\/uploads\/2020\/11\/GARDEON-foto-od-zakaznikov-107-1-1024x485.jpg 1024w, https:\/\/gardeon.pl\/wp-content\/uploads\/2020\/11\/GARDEON-foto-od-zakaznikov-107-1-768x364.jpg 768w\" sizes=\"auto, (max-width: 800px) 100vw, 800px\" \/><\/a><\/p>\n<h3><b>Zdj\u0119cia wn\u0119trza<\/b><\/h3>\n<p><a href=\"http:\/\/gardeon.pl\/wp-content\/uploads\/2020\/11\/GARDEON-foto-od-zakaznikov-109-1.jpg\"><img loading=\"lazy\" decoding=\"async\" class=\"aligncenter wp-image-29366\" src=\"http:\/\/gardeon.pl\/wp-content\/uploads\/2020\/11\/GARDEON-foto-od-zakaznikov-109-1.jpg\" alt=\"Samoch\u00f3d zaparkowany w gara\u017cu\" width=\"800\" height=\"379\" srcset=\"https:\/\/gardeon.pl\/wp-content\/uploads\/2020\/11\/GARDEON-foto-od-zakaznikov-109-1.jpg 1500w, https:\/\/gardeon.pl\/wp-content\/uploads\/2020\/11\/GARDEON-foto-od-zakaznikov-109-1-300x142.jpg 300w, https:\/\/gardeon.pl\/wp-content\/uploads\/2020\/11\/GARDEON-foto-od-zakaznikov-109-1-1024x485.jpg 1024w, https:\/\/gardeon.pl\/wp-content\/uploads\/2020\/11\/GARDEON-foto-od-zakaznikov-109-1-768x364.jpg 768w\" sizes=\"auto, (max-width: 800px) 100vw, 800px\" \/><\/a><\/p>\n<p><a href=\"http:\/\/gardeon.pl\/wp-content\/uploads\/2020\/11\/GARDEON-foto-od-zakaznikov-108-1.jpg\"><img loading=\"lazy\" decoding=\"async\" class=\"aligncenter wp-image-29368\" src=\"http:\/\/gardeon.pl\/wp-content\/uploads\/2020\/11\/GARDEON-foto-od-zakaznikov-108-1.jpg\" alt=\"Narz\u0119dzia ogrodowe i majsterkowicza w gara\u017cu\" width=\"800\" height=\"379\" srcset=\"https:\/\/gardeon.pl\/wp-content\/uploads\/2020\/11\/GARDEON-foto-od-zakaznikov-108-1.jpg 1500w, https:\/\/gardeon.pl\/wp-content\/uploads\/2020\/11\/GARDEON-foto-od-zakaznikov-108-1-300x142.jpg 300w, https:\/\/gardeon.pl\/wp-content\/uploads\/2020\/11\/GARDEON-foto-od-zakaznikov-108-1-1024x485.jpg 1024w, https:\/\/gardeon.pl\/wp-content\/uploads\/2020\/11\/GARDEON-foto-od-zakaznikov-108-1-768x364.jpg 768w\" sizes=\"auto, (max-width: 800px) 100vw, 800px\" \/><\/a><\/p>\n<h2><b>Podsumowanie<\/b><\/h2>\n<ul>\n<li style=\"font-weight: 400;\" aria-level=\"1\"><span style=\"font-weight: 400;\">czas budowy \u2013 6 godzin<\/span><\/li>\n<li style=\"font-weight: 400;\" aria-level=\"1\"><span style=\"font-weight: 400;\">wymiary gara\u017cu \u2013 5 800 x 5 860 mm<\/span><\/li>\n<li style=\"font-weight: 400;\" aria-level=\"1\"><span style=\"font-weight: 400;\">cena gara\u017cu w momencie zam\u00f3wienia \u2013 ok. 230 000 z VAT<\/span><\/li>\n<\/ul>\n<p><span style=\"font-weight: 400;\"> <\/span><\/p>\n<h3 style=\"text-align: center;\"><b>Dzi\u0119kujemy panu F\u00e1bikowi za opini\u0119 i zdj\u0119cia :)<\/b><\/h3>\n","protected":false},"excerpt":{"rendered":"<p>Jak to si\u0119 wszystko zacz\u0119\u0142o? Pan F\u00e1bik skontaktowa\u0142 si\u0119 z nami w kwietniu, informuj\u0105c, \u017ce potrzebuje gara\u017cu dwustanowiskowego.<\/p>\n","protected":false},"author":2,"featured_media":46855,"comment_status":"open","ping_status":"open","sticky":false,"template":"","format":"standard","meta":{"_acf_changed":false,"inline_featured_image":false,"footnotes":""},"categories":[770,716],"tags":[776,587,581,582,579,777,775,778],"class_list":["post-46846","post","type-post","status-publish","format-standard","has-post-thumbnail","hentry","category-garaze","category-jak-sie-zyje-z-gardeon","tag-aszsg","tag-brama-garazowa","tag-garaz","tag-garaz-gardeon","tag-gardeon","tag-jak-sie-zyje-z-gardeonem","tag-martin","tag-mocenok"],"acf":[],"yoast_head":"<!-- This site is optimized with the Yoast SEO plugin v27.4 - https:\/\/yoast.com\/product\/yoast-seo-wordpress\/ -->\n<title>Gara\u017c dwustanowiskowy 5,8 x 5,86 m | GARDEON<\/title>\n<meta name=\"robots\" content=\"index, follow, max-snippet:-1, max-image-preview:large, max-video-preview:-1\" \/>\n<link rel=\"canonical\" href=\"https:\/\/gardeon.pl\/pl\/blog\/garaz-dwustanowiskowy-58-x-586-m\/\" \/>\n<meta property=\"og:locale\" content=\"pl_PL\" \/>\n<meta property=\"og:type\" content=\"article\" \/>\n<meta property=\"og:title\" content=\"Gara\u017c dwustanowiskowy 5,8 x 5,86 m | GARDEON\" \/>\n<meta property=\"og:description\" content=\"Jak to si\u0119 wszystko zacz\u0119\u0142o? Pan F\u00e1bik skontaktowa\u0142 si\u0119 z nami w kwietniu, informuj\u0105c, \u017ce potrzebuje gara\u017cu dwustanowiskowego.\" \/>\n<meta property=\"og:url\" content=\"https:\/\/gardeon.pl\/pl\/blog\/garaz-dwustanowiskowy-58-x-586-m\/\" \/>\n<meta property=\"og:site_name\" content=\"GARDEON\" \/>\n<meta property=\"article:published_time\" content=\"2026-04-23T15:41:13+00:00\" \/>\n<meta property=\"article:modified_time\" content=\"2026-04-23T17:04:52+00:00\" \/>\n<meta property=\"og:image\" content=\"http:\/\/gardeon.pl\/wp-content\/uploads\/2020\/11\/GARDEON-foto-od-zakaznikov-109-1.jpg\" \/>\n\t<meta property=\"og:image:width\" content=\"1500\" \/>\n\t<meta property=\"og:image:height\" content=\"710\" \/>\n\t<meta property=\"og:image:type\" content=\"image\/jpeg\" \/>\n<meta name=\"author\" content=\"editor\" \/>\n<meta name=\"twitter:card\" content=\"summary_large_image\" \/>\n<meta name=\"twitter:label1\" content=\"Napisane przez\" \/>\n\t<meta name=\"twitter:data1\" content=\"editor\" \/>\n\t<meta name=\"twitter:label2\" content=\"Szacowany czas czytania\" \/>\n\t<meta name=\"twitter:data2\" content=\"1 minuta\" \/>\n<script type=\"application\/ld+json\" class=\"yoast-schema-graph\">{\"@context\":\"https:\\\/\\\/schema.org\",\"@graph\":[{\"@type\":\"Article\",\"@id\":\"https:\\\/\\\/gardeon.pl\\\/pl\\\/blog\\\/garaz-dwustanowiskowy-58-x-586-m\\\/#article\",\"isPartOf\":{\"@id\":\"https:\\\/\\\/gardeon.pl\\\/pl\\\/blog\\\/garaz-dwustanowiskowy-58-x-586-m\\\/\"},\"author\":{\"name\":\"editor\",\"@id\":\"https:\\\/\\\/gardeon.pl\\\/#\\\/schema\\\/person\\\/a5762ca5f0790bf92774af0899379463\"},\"headline\":\"Gara\u017c dwustanowiskowy 5,8 x 5,86 m\",\"datePublished\":\"2026-04-23T15:41:13+00:00\",\"dateModified\":\"2026-04-23T17:04:52+00:00\",\"mainEntityOfPage\":{\"@id\":\"https:\\\/\\\/gardeon.pl\\\/pl\\\/blog\\\/garaz-dwustanowiskowy-58-x-586-m\\\/\"},\"wordCount\":269,\"commentCount\":0,\"image\":{\"@id\":\"https:\\\/\\\/gardeon.pl\\\/pl\\\/blog\\\/garaz-dwustanowiskowy-58-x-586-m\\\/#primaryimage\"},\"thumbnailUrl\":\"https:\\\/\\\/gardeon.pl\\\/wp-content\\\/uploads\\\/2020\\\/11\\\/GARDEON-foto-od-zakaznikov-109-1.jpg\",\"keywords\":[\"aszsg\",\"brama gara\u017cowa\",\"gara\u017c\",\"gara\u017c gardeon\",\"GARDEON\",\"jak si\u0119 \u017cyje z gardeonem\",\"martin\",\"mo\u010denok\"],\"articleSection\":[\"Gara\u017ce\",\"Jak si\u0119 \u017cyje z GARDEON\"],\"inLanguage\":\"pl-PL\",\"potentialAction\":[{\"@type\":\"CommentAction\",\"name\":\"Comment\",\"target\":[\"https:\\\/\\\/gardeon.pl\\\/pl\\\/blog\\\/garaz-dwustanowiskowy-58-x-586-m\\\/#respond\"]}]},{\"@type\":\"WebPage\",\"@id\":\"https:\\\/\\\/gardeon.pl\\\/pl\\\/blog\\\/garaz-dwustanowiskowy-58-x-586-m\\\/\",\"url\":\"https:\\\/\\\/gardeon.pl\\\/pl\\\/blog\\\/garaz-dwustanowiskowy-58-x-586-m\\\/\",\"name\":\"Gara\u017c dwustanowiskowy 5,8 x 5,86 m | GARDEON\",\"isPartOf\":{\"@id\":\"https:\\\/\\\/gardeon.pl\\\/#website\"},\"primaryImageOfPage\":{\"@id\":\"https:\\\/\\\/gardeon.pl\\\/pl\\\/blog\\\/garaz-dwustanowiskowy-58-x-586-m\\\/#primaryimage\"},\"image\":{\"@id\":\"https:\\\/\\\/gardeon.pl\\\/pl\\\/blog\\\/garaz-dwustanowiskowy-58-x-586-m\\\/#primaryimage\"},\"thumbnailUrl\":\"https:\\\/\\\/gardeon.pl\\\/wp-content\\\/uploads\\\/2020\\\/11\\\/GARDEON-foto-od-zakaznikov-109-1.jpg\",\"datePublished\":\"2026-04-23T15:41:13+00:00\",\"dateModified\":\"2026-04-23T17:04:52+00:00\",\"author\":{\"@id\":\"https:\\\/\\\/gardeon.pl\\\/#\\\/schema\\\/person\\\/a5762ca5f0790bf92774af0899379463\"},\"breadcrumb\":{\"@id\":\"https:\\\/\\\/gardeon.pl\\\/pl\\\/blog\\\/garaz-dwustanowiskowy-58-x-586-m\\\/#breadcrumb\"},\"inLanguage\":\"pl-PL\",\"potentialAction\":[{\"@type\":\"ReadAction\",\"target\":[\"https:\\\/\\\/gardeon.pl\\\/pl\\\/blog\\\/garaz-dwustanowiskowy-58-x-586-m\\\/\"]}]},{\"@type\":\"ImageObject\",\"inLanguage\":\"pl-PL\",\"@id\":\"https:\\\/\\\/gardeon.pl\\\/pl\\\/blog\\\/garaz-dwustanowiskowy-58-x-586-m\\\/#primaryimage\",\"url\":\"https:\\\/\\\/gardeon.pl\\\/wp-content\\\/uploads\\\/2020\\\/11\\\/GARDEON-foto-od-zakaznikov-109-1.jpg\",\"contentUrl\":\"https:\\\/\\\/gardeon.pl\\\/wp-content\\\/uploads\\\/2020\\\/11\\\/GARDEON-foto-od-zakaznikov-109-1.jpg\",\"width\":1500,\"height\":710,\"caption\":\"Samoch\u00f3d zaparkowany w gara\u017cu\"},{\"@type\":\"BreadcrumbList\",\"@id\":\"https:\\\/\\\/gardeon.pl\\\/pl\\\/blog\\\/garaz-dwustanowiskowy-58-x-586-m\\\/#breadcrumb\",\"itemListElement\":[{\"@type\":\"ListItem\",\"position\":1,\"name\":\"Domov\",\"item\":\"https:\\\/\\\/gardeon.pl\\\/pl\\\/\"},{\"@type\":\"ListItem\",\"position\":2,\"name\":\"Gara\u017c dwustanowiskowy 5,8 x 5,86 m\"}]},{\"@type\":\"WebSite\",\"@id\":\"https:\\\/\\\/gardeon.pl\\\/#website\",\"url\":\"https:\\\/\\\/gardeon.pl\\\/\",\"name\":\"GARDEON\",\"description\":\"\",\"potentialAction\":[{\"@type\":\"SearchAction\",\"target\":{\"@type\":\"EntryPoint\",\"urlTemplate\":\"https:\\\/\\\/gardeon.pl\\\/?s={search_term_string}\"},\"query-input\":{\"@type\":\"PropertyValueSpecification\",\"valueRequired\":true,\"valueName\":\"search_term_string\"}}],\"inLanguage\":\"pl-PL\"},{\"@type\":\"Person\",\"@id\":\"https:\\\/\\\/gardeon.pl\\\/#\\\/schema\\\/person\\\/a5762ca5f0790bf92774af0899379463\",\"name\":\"editor\",\"image\":{\"@type\":\"ImageObject\",\"inLanguage\":\"pl-PL\",\"@id\":\"https:\\\/\\\/secure.gravatar.com\\\/avatar\\\/2b748151c2c748327307fd289a91b3bdafdd9e64e2d000e65e53d6dcf11c5830?s=96&d=mm&r=g\",\"url\":\"https:\\\/\\\/secure.gravatar.com\\\/avatar\\\/2b748151c2c748327307fd289a91b3bdafdd9e64e2d000e65e53d6dcf11c5830?s=96&d=mm&r=g\",\"contentUrl\":\"https:\\\/\\\/secure.gravatar.com\\\/avatar\\\/2b748151c2c748327307fd289a91b3bdafdd9e64e2d000e65e53d6dcf11c5830?s=96&d=mm&r=g\",\"caption\":\"editor\"}}]}<\/script>\n<!-- \/ Yoast SEO plugin. -->","yoast_head_json":{"title":"Gara\u017c dwustanowiskowy 5,8 x 5,86 m | GARDEON","robots":{"index":"index","follow":"follow","max-snippet":"max-snippet:-1","max-image-preview":"max-image-preview:large","max-video-preview":"max-video-preview:-1"},"canonical":"https:\/\/gardeon.pl\/pl\/blog\/garaz-dwustanowiskowy-58-x-586-m\/","og_locale":"pl_PL","og_type":"article","og_title":"Gara\u017c dwustanowiskowy 5,8 x 5,86 m | GARDEON","og_description":"Jak to si\u0119 wszystko zacz\u0119\u0142o? Pan F\u00e1bik skontaktowa\u0142 si\u0119 z nami w kwietniu, informuj\u0105c, \u017ce potrzebuje gara\u017cu dwustanowiskowego.","og_url":"https:\/\/gardeon.pl\/pl\/blog\/garaz-dwustanowiskowy-58-x-586-m\/","og_site_name":"GARDEON","article_published_time":"2026-04-23T15:41:13+00:00","article_modified_time":"2026-04-23T17:04:52+00:00","og_image":[{"width":1500,"height":710,"url":"http:\/\/gardeon.pl\/wp-content\/uploads\/2020\/11\/GARDEON-foto-od-zakaznikov-109-1.jpg","type":"image\/jpeg"}],"author":"editor","twitter_card":"summary_large_image","twitter_misc":{"Napisane przez":"editor","Szacowany czas czytania":"1 minuta"},"schema":{"@context":"https:\/\/schema.org","@graph":[{"@type":"Article","@id":"https:\/\/gardeon.pl\/pl\/blog\/garaz-dwustanowiskowy-58-x-586-m\/#article","isPartOf":{"@id":"https:\/\/gardeon.pl\/pl\/blog\/garaz-dwustanowiskowy-58-x-586-m\/"},"author":{"name":"editor","@id":"https:\/\/gardeon.pl\/#\/schema\/person\/a5762ca5f0790bf92774af0899379463"},"headline":"Gara\u017c dwustanowiskowy 5,8 x 5,86 m","datePublished":"2026-04-23T15:41:13+00:00","dateModified":"2026-04-23T17:04:52+00:00","mainEntityOfPage":{"@id":"https:\/\/gardeon.pl\/pl\/blog\/garaz-dwustanowiskowy-58-x-586-m\/"},"wordCount":269,"commentCount":0,"image":{"@id":"https:\/\/gardeon.pl\/pl\/blog\/garaz-dwustanowiskowy-58-x-586-m\/#primaryimage"},"thumbnailUrl":"https:\/\/gardeon.pl\/wp-content\/uploads\/2020\/11\/GARDEON-foto-od-zakaznikov-109-1.jpg","keywords":["aszsg","brama gara\u017cowa","gara\u017c","gara\u017c gardeon","GARDEON","jak si\u0119 \u017cyje z gardeonem","martin","mo\u010denok"],"articleSection":["Gara\u017ce","Jak si\u0119 \u017cyje z GARDEON"],"inLanguage":"pl-PL","potentialAction":[{"@type":"CommentAction","name":"Comment","target":["https:\/\/gardeon.pl\/pl\/blog\/garaz-dwustanowiskowy-58-x-586-m\/#respond"]}]},{"@type":"WebPage","@id":"https:\/\/gardeon.pl\/pl\/blog\/garaz-dwustanowiskowy-58-x-586-m\/","url":"https:\/\/gardeon.pl\/pl\/blog\/garaz-dwustanowiskowy-58-x-586-m\/","name":"Gara\u017c dwustanowiskowy 5,8 x 5,86 m | GARDEON","isPartOf":{"@id":"https:\/\/gardeon.pl\/#website"},"primaryImageOfPage":{"@id":"https:\/\/gardeon.pl\/pl\/blog\/garaz-dwustanowiskowy-58-x-586-m\/#primaryimage"},"image":{"@id":"https:\/\/gardeon.pl\/pl\/blog\/garaz-dwustanowiskowy-58-x-586-m\/#primaryimage"},"thumbnailUrl":"https:\/\/gardeon.pl\/wp-content\/uploads\/2020\/11\/GARDEON-foto-od-zakaznikov-109-1.jpg","datePublished":"2026-04-23T15:41:13+00:00","dateModified":"2026-04-23T17:04:52+00:00","author":{"@id":"https:\/\/gardeon.pl\/#\/schema\/person\/a5762ca5f0790bf92774af0899379463"},"breadcrumb":{"@id":"https:\/\/gardeon.pl\/pl\/blog\/garaz-dwustanowiskowy-58-x-586-m\/#breadcrumb"},"inLanguage":"pl-PL","potentialAction":[{"@type":"ReadAction","target":["https:\/\/gardeon.pl\/pl\/blog\/garaz-dwustanowiskowy-58-x-586-m\/"]}]},{"@type":"ImageObject","inLanguage":"pl-PL","@id":"https:\/\/gardeon.pl\/pl\/blog\/garaz-dwustanowiskowy-58-x-586-m\/#primaryimage","url":"https:\/\/gardeon.pl\/wp-content\/uploads\/2020\/11\/GARDEON-foto-od-zakaznikov-109-1.jpg","contentUrl":"https:\/\/gardeon.pl\/wp-content\/uploads\/2020\/11\/GARDEON-foto-od-zakaznikov-109-1.jpg","width":1500,"height":710,"caption":"Samoch\u00f3d zaparkowany w gara\u017cu"},{"@type":"BreadcrumbList","@id":"https:\/\/gardeon.pl\/pl\/blog\/garaz-dwustanowiskowy-58-x-586-m\/#breadcrumb","itemListElement":[{"@type":"ListItem","position":1,"name":"Domov","item":"https:\/\/gardeon.pl\/pl\/"},{"@type":"ListItem","position":2,"name":"Gara\u017c dwustanowiskowy 5,8 x 5,86 m"}]},{"@type":"WebSite","@id":"https:\/\/gardeon.pl\/#website","url":"https:\/\/gardeon.pl\/","name":"GARDEON","description":"","potentialAction":[{"@type":"SearchAction","target":{"@type":"EntryPoint","urlTemplate":"https:\/\/gardeon.pl\/?s={search_term_string}"},"query-input":{"@type":"PropertyValueSpecification","valueRequired":true,"valueName":"search_term_string"}}],"inLanguage":"pl-PL"},{"@type":"Person","@id":"https:\/\/gardeon.pl\/#\/schema\/person\/a5762ca5f0790bf92774af0899379463","name":"editor","image":{"@type":"ImageObject","inLanguage":"pl-PL","@id":"https:\/\/secure.gravatar.com\/avatar\/2b748151c2c748327307fd289a91b3bdafdd9e64e2d000e65e53d6dcf11c5830?s=96&d=mm&r=g","url":"https:\/\/secure.gravatar.com\/avatar\/2b748151c2c748327307fd289a91b3bdafdd9e64e2d000e65e53d6dcf11c5830?s=96&d=mm&r=g","contentUrl":"https:\/\/secure.gravatar.com\/avatar\/2b748151c2c748327307fd289a91b3bdafdd9e64e2d000e65e53d6dcf11c5830?s=96&d=mm&r=g","caption":"editor"}}]}},"_links":{"self":[{"href":"https:\/\/gardeon.pl\/pl\/wp-json\/wp\/v2\/posts\/46846","targetHints":{"allow":["GET"]}}],"collection":[{"href":"https:\/\/gardeon.pl\/pl\/wp-json\/wp\/v2\/posts"}],"about":[{"href":"https:\/\/gardeon.pl\/pl\/wp-json\/wp\/v2\/types\/post"}],"author":[{"embeddable":true,"href":"https:\/\/gardeon.pl\/pl\/wp-json\/wp\/v2\/users\/2"}],"replies":[{"embeddable":true,"href":"https:\/\/gardeon.pl\/pl\/wp-json\/wp\/v2\/comments?post=46846"}],"version-history":[{"count":0,"href":"https:\/\/gardeon.pl\/pl\/wp-json\/wp\/v2\/posts\/46846\/revisions"}],"wp:featuredmedia":[{"embeddable":true,"href":"https:\/\/gardeon.pl\/pl\/wp-json\/wp\/v2\/media\/46855"}],"wp:attachment":[{"href":"https:\/\/gardeon.pl\/pl\/wp-json\/wp\/v2\/media?parent=46846"}],"wp:term":[{"taxonomy":"category","embeddable":true,"href":"https:\/\/gardeon.pl\/pl\/wp-json\/wp\/v2\/categories?post=46846"},{"taxonomy":"post_tag","embeddable":true,"href":"https:\/\/gardeon.pl\/pl\/wp-json\/wp\/v2\/tags?post=46846"}],"curies":[{"name":"wp","href":"https:\/\/api.w.org\/{rel}","templated":true}]}}