{"id":46867,"date":"2026-04-23T17:41:14","date_gmt":"2026-04-23T15:41:14","guid":{"rendered":"https:\/\/gardeon.pl\/blog\/5-wskazowek-jak-wykorzystac-hale-modulowe-w-biznesie\/"},"modified":"2026-04-23T19:04:52","modified_gmt":"2026-04-23T17:04:52","slug":"5-wskazowek-jak-wykorzystac-hale-modulowe-w-biznesie","status":"publish","type":"post","link":"https:\/\/gardeon.pl\/pl\/blog\/5-wskazowek-jak-wykorzystac-hale-modulowe-w-biznesie\/","title":{"rendered":"5 wskaz\u00f3wek, jak wykorzysta\u0107 hale modu\u0142owe w biznesie"},"content":{"rendered":"<p><i><span style=\"font-weight: 400;\">Szukaj\u0105 Pa\u0144stwo sposobu, aby \u0142atwo stworzy\u0107 budynek dla swojej dzia\u0142alno\u015bci? Ka\u017cdy pocz\u0105tkuj\u0105cy przedsi\u0119biorca stara si\u0119 oszcz\u0119dza\u0107, gdzie tylko si\u0119 da. Tak\u017ce p\u00f3\u017aniej nie chc\u0105 Pa\u0144stwo wyrzuca\u0107 pieni\u0119dzy w b\u0142oto. Dlatego podpowiemy Pa\u0144stwu, jak mog\u0105 Pa\u0144stwo zbudowa\u0107 niskokosztow\u0105 przestrze\u0144 dla swojej dzia\u0142alno\u015bci. Hale modu\u0142owe sprawdzaj\u0105 si\u0119 w r\u00f3\u017cnych celach biznesowych w wielu bran\u017cach.    <\/span><\/i><\/p>\n<p><!--more--><\/p>\n<h2>1. Modu\u0142owy magazyn dla Pa\u0144stwa firmy<\/h2>\n<p><span style=\"font-weight: 400;\">Magazyny to najcz\u0119stsze zastosowanie hal modu\u0142owych. Nie s\u0105 rozwi\u0105zaniem wy\u0142\u0105cznie dla ogromnych firm logistycznych, ale tak\u017ce dla mniejszych firm i jednoosobowych dzia\u0142alno\u015bci, kt\u00f3re potrzebuj\u0105 magazyn\u00f3w o r\u00f3\u017cnych rozmiarach. Je\u015bli dopiero zaczynaj\u0105 Pa\u0144stwo dzia\u0142alno\u015b\u0107, wystarczy nawet mniejsza hala. Najwi\u0119ksz\u0105 zalet\u0105 jest to, \u017ce wraz z rozwojem firmy mog\u0105 Pa\u0144stwo proporcjonalnie do tego powi\u0119ksza\u0107 przestrze\u0144 hali.   <\/span><\/p>\n<p><a href=\"http:\/\/gardeon.pl\/wp-content\/uploads\/2015\/06\/gardeon-atypicka-garaz-25.jpg\"><img loading=\"lazy\" decoding=\"async\" class=\"aligncenter wp-image-27533\" src=\"http:\/\/gardeon.pl\/wp-content\/uploads\/2015\/06\/gardeon-atypicka-garaz-25.jpg\" alt=\"Nietypowy gara\u017c na wymiar w kolorze szarym\" width=\"800\" height=\"533\" srcset=\"https:\/\/gardeon.pl\/wp-content\/uploads\/2015\/06\/gardeon-atypicka-garaz-25.jpg 2000w, https:\/\/gardeon.pl\/wp-content\/uploads\/2015\/06\/gardeon-atypicka-garaz-25-300x200.jpg 300w, https:\/\/gardeon.pl\/wp-content\/uploads\/2015\/06\/gardeon-atypicka-garaz-25-1024x682.jpg 1024w, https:\/\/gardeon.pl\/wp-content\/uploads\/2015\/06\/gardeon-atypicka-garaz-25-768x512.jpg 768w, https:\/\/gardeon.pl\/wp-content\/uploads\/2015\/06\/gardeon-atypicka-garaz-25-1536x1024.jpg 1536w\" sizes=\"auto, (max-width: 800px) 100vw, 800px\" \/><\/a><\/p>\n<h2>2. Hala produkcyjna lub obiekt rolniczy<\/h2>\n<p><span style=\"font-weight: 400;\">Prowadz\u0105 Pa\u0144stwo dzia\u0142alno\u015b\u0107 produkcyjn\u0105 lub rolnicz\u0105? W du\u017cych <\/span><a href=\"http:\/\/gardeon.pl\/\"><span style=\"font-weight: 400;\">konstrukcjach modu\u0142owych<\/span><\/a><span style=\"font-weight: 400;\"> zmieszcz\u0105 si\u0119 wszystkie Pa\u0144stwa maszyny produkcyjne. Wi\u0119ksze hale sprawdzaj\u0105 si\u0119 tak\u017ce do hodowli zwierz\u0105t gospodarskich lub jako magazyn na produkty rolne i pasz\u0119.<\/span><\/p>\n<h2><a href=\"http:\/\/gardeon.pl\/wp-content\/uploads\/2020\/10\/gardeon-garaz-pre-dve-auta-100.jpg\"><img loading=\"lazy\" decoding=\"async\" class=\"aligncenter wp-image-28907\" src=\"http:\/\/gardeon.pl\/wp-content\/uploads\/2020\/10\/gardeon-garaz-pre-dve-auta-100.jpg\" alt=\"Ciemny gara\u017c dwustanowiskowy\" width=\"800\" height=\"533\" srcset=\"https:\/\/gardeon.pl\/wp-content\/uploads\/2020\/10\/gardeon-garaz-pre-dve-auta-100.jpg 2000w, https:\/\/gardeon.pl\/wp-content\/uploads\/2020\/10\/gardeon-garaz-pre-dve-auta-100-300x200.jpg 300w, https:\/\/gardeon.pl\/wp-content\/uploads\/2020\/10\/gardeon-garaz-pre-dve-auta-100-1024x682.jpg 1024w, https:\/\/gardeon.pl\/wp-content\/uploads\/2020\/10\/gardeon-garaz-pre-dve-auta-100-768x512.jpg 768w, https:\/\/gardeon.pl\/wp-content\/uploads\/2020\/10\/gardeon-garaz-pre-dve-auta-100-1536x1024.jpg 1536w\" sizes=\"auto, (max-width: 800px) 100vw, 800px\" \/><\/a><\/h2>\n<h2>3. Modu\u0142owy obiekt handlowy lub budynek administracyjny<\/h2>\n<p><span style=\"font-weight: 400;\">Czy centrum handlowe lub administracyjne kojarzy si\u0119 Pa\u0144stwu z ogromnymi murowanymi kompleksami? Dzi\u015b stworzenie takiej konstrukcji jest prostsze. Wielu przedsi\u0119biorc\u00f3w wybiera hale modu\u0142owe ze wzgl\u0119du na oszcz\u0119dno\u015b\u0107 koszt\u00f3w i szybk\u0105 realizacj\u0119 inwestycji.  <\/span><\/p>\n<p><a href=\"http:\/\/gardeon.pl\/wp-content\/uploads\/2015\/06\/gardeon-zahradny-domcek-88-e1587034834581.jpg\"><img loading=\"lazy\" decoding=\"async\" class=\"aligncenter wp-image-22326\" src=\"http:\/\/gardeon.pl\/wp-content\/uploads\/2015\/06\/gardeon-zahradny-domcek-88-e1587034834581.jpg\" alt=\"Domek ogrodowy GARDEON z przeszkleniem\" width=\"800\" height=\"533\"><\/a><\/p>\n<h2>4. Zadaszone obiekty sportowe<\/h2>\n<p><span style=\"font-weight: 400;\">W modu\u0142owej hali sportowej mog\u0105 Pa\u0144stwo zorganizowa\u0107 wiele rodzaj\u00f3w aktywno\u015bci indoorowych. Hal\u0119 mo\u017cna przekszta\u0142ci\u0107 w sal\u0119 gimnastyczn\u0105, kr\u0119gielni\u0119 lub lodowisko. Prowadz\u0105 Pa\u0144stwo obiekt sportowy na \u015bwie\u017cym powietrzu? Wiosn\u0105 i latem uprawianie sportu na zewn\u0105trz jest idealne. Jednak gdy przychodzi zima, pojawia si\u0119 problem. Dlatego warto zadaszy\u0107 przynajmniej cz\u0119\u015b\u0107 dzia\u0142ki \u2014 niezale\u017cnie od tego, czy chodzi o kort tenisowy, basen, czy nawet hal\u0119 je\u017adzieck\u0105.     <\/span><\/p>\n<h2><a href=\"http:\/\/gardeon.pl\/wp-content\/uploads\/2020\/12\/GARDEON-foto-od-zakaznikov-148.jpg\"><img loading=\"lazy\" decoding=\"async\" class=\"aligncenter wp-image-29796\" src=\"http:\/\/gardeon.pl\/wp-content\/uploads\/2020\/12\/GARDEON-foto-od-zakaznikov-148.jpg\" alt=\"Kosiarka, narz\u0119dzia i przyrz\u0105dy do \u0107wicze\u0144 wewn\u0105trz gara\u017cu\" width=\"800\" height=\"1067\" srcset=\"https:\/\/gardeon.pl\/wp-content\/uploads\/2020\/12\/GARDEON-foto-od-zakaznikov-148.jpg 1500w, https:\/\/gardeon.pl\/wp-content\/uploads\/2020\/12\/GARDEON-foto-od-zakaznikov-148-225x300.jpg 225w, https:\/\/gardeon.pl\/wp-content\/uploads\/2020\/12\/GARDEON-foto-od-zakaznikov-148-768x1024.jpg 768w, https:\/\/gardeon.pl\/wp-content\/uploads\/2020\/12\/GARDEON-foto-od-zakaznikov-148-1152x1536.jpg 1152w\" sizes=\"auto, (max-width: 800px) 100vw, 800px\" \/><\/a><\/h2>\n<h2>5. Warsztaty dla zr\u0119cznych fachowc\u00f3w i majsterkowicz\u00f3w<\/h2>\n<p><span style=\"font-weight: 400;\">Marz\u0105 Pa\u0144stwo o warsztacie do prac rzemie\u015blniczych lub artystycznych? A mo\u017ce s\u0105 Pa\u0144stwo technicznie uzdolnionym fachowcem, kt\u00f3remu przyda\u0142aby si\u0119 mniejsza hala serwisowa? Dzi\u0119ki du\u017cej mo\u017cliwo\u015bci dopasowania wymiar\u00f3w mog\u0105 Pa\u0144stwo postawi\u0107 hal\u0119 modu\u0142ow\u0105 lub <\/span><a href=\"https:\/\/gardeon.pl\/pl\/garaze\/\"><span style=\"font-weight: 400;\">gara\u017c<\/span><\/a><span style=\"font-weight: 400;\"> bezpo\u015brednio na swojej dzia\u0142ce mieszkalnej, przy czym w przypadku mniejszych obiekt\u00f3w nie potrzebuj\u0105 Pa\u0144stwo nawet <\/span><a href=\"https:\/\/gardeon.pl\/pl\/garaze\/co-mozemy-dla-panstwa-zrobic-2\/czy-potrzebuje-pozwolenia-na-budowe-garazu\/\"><span style=\"font-weight: 400;\">pozwolenia na budow\u0119<\/span><\/a><span style=\"font-weight: 400;\">.<\/span><\/p>\n<p><a href=\"http:\/\/gardeon.pl\/wp-content\/uploads\/2020\/11\/GARDEON-foto-od-zakaznikov-104.jpg\"><img loading=\"lazy\" decoding=\"async\" class=\"aligncenter wp-image-29262\" src=\"http:\/\/gardeon.pl\/wp-content\/uploads\/2020\/11\/GARDEON-foto-od-zakaznikov-104.jpg\" alt=\"Narz\u0119dzia majsterkowicza w domku ogrodowym\" width=\"800\" height=\"600\" srcset=\"https:\/\/gardeon.pl\/wp-content\/uploads\/2020\/11\/GARDEON-foto-od-zakaznikov-104.jpg 2016w, https:\/\/gardeon.pl\/wp-content\/uploads\/2020\/11\/GARDEON-foto-od-zakaznikov-104-300x225.jpg 300w, https:\/\/gardeon.pl\/wp-content\/uploads\/2020\/11\/GARDEON-foto-od-zakaznikov-104-1024x768.jpg 1024w, https:\/\/gardeon.pl\/wp-content\/uploads\/2020\/11\/GARDEON-foto-od-zakaznikov-104-768x576.jpg 768w, https:\/\/gardeon.pl\/wp-content\/uploads\/2020\/11\/GARDEON-foto-od-zakaznikov-104-1536x1152.jpg 1536w\" sizes=\"auto, (max-width: 800px) 100vw, 800px\" \/><\/a><\/p>\n<h3>Z\u0142\u00f3\u017c hal\u0119 jak klocki LEGO<\/h3>\n<p><span style=\"font-weight: 400;\">Stworzenie hali modu\u0142owej jest niemal tak proste, jak z\u0142o\u017cenie zestawu LEGO. Nie tylko dopasuj\u0105 Pa\u0144stwo rozmiar do swoich potrzeb, ale p\u00f3\u017aniej mo\u017cna go tak\u017ce powi\u0119kszy\u0107 lub zmniejszy\u0107. Je\u015bli przewiduj\u0105 Pa\u0144stwo, \u017ce w przysz\u0142o\u015bci b\u0119d\u0105 potrzebowa\u0107 wi\u0119cej przestrzeni, hale modu\u0142owe s\u0105 doskona\u0142ym rozwi\u0105zaniem. Mog\u0105 Pa\u0144stwo nawet po\u0142\u0105czy\u0107 konstrukcj\u0119 modu\u0142ow\u0105 z obiektem murowanym.   <\/span><\/p>\n<p><img loading=\"lazy\" decoding=\"async\" class=\"aligncenter wp-image-28048\" src=\"http:\/\/gardeon.pl\/wp-content\/uploads\/2020\/09\/gardeon-montaz-34.jpg\" alt=\"Monta\u017c gara\u017cu GARDEON\" width=\"800\" height=\"532\" srcset=\"https:\/\/gardeon.pl\/wp-content\/uploads\/2020\/09\/gardeon-montaz-34.jpg 2000w, https:\/\/gardeon.pl\/wp-content\/uploads\/2020\/09\/gardeon-montaz-34-300x200.jpg 300w, https:\/\/gardeon.pl\/wp-content\/uploads\/2020\/09\/gardeon-montaz-34-1024x681.jpg 1024w, https:\/\/gardeon.pl\/wp-content\/uploads\/2020\/09\/gardeon-montaz-34-768x511.jpg 768w, https:\/\/gardeon.pl\/wp-content\/uploads\/2020\/09\/gardeon-montaz-34-1536x1022.jpg 1536w\" sizes=\"auto, (max-width: 800px) 100vw, 800px\" \/><\/p>\n<h3>Ociepla\u0107 czy nie ociepla\u0107?<\/h3>\n<p><span style=\"font-weight: 400;\">To ju\u017c nie jest pytanie. Hal\u0119 modu\u0142ow\u0105 mo\u017cna bez problemu ociepli\u0107 tak samo jak dom. Jak ju\u017c wspomnieli\u015bmy, hala ma szerokie spektrum zastosowa\u0144 i dopasowuje si\u0119 do Pa\u0144stwa potrzeb. Konstrukcje s\u0105 ponadto mobilne, wi\u0119c mog\u0105 Pa\u0144stwo rozebra\u0107 je w ca\u0142o\u015bci i przenie\u015b\u0107 w inne miejsce.   <\/span><\/p>\n<p><img loading=\"lazy\" decoding=\"async\" class=\"aligncenter wp-image-27826\" src=\"http:\/\/gardeon.pl\/wp-content\/uploads\/2020\/08\/Z6F9156-1-scaled.jpg\" alt=\"Izolowane pokrycie dachowe do modu\u0142owego gara\u017cu Gardeon\" width=\"800\" height=\"532\" srcset=\"https:\/\/gardeon.pl\/wp-content\/uploads\/2020\/08\/Z6F9156-1-scaled.jpg 2560w, https:\/\/gardeon.pl\/wp-content\/uploads\/2020\/08\/Z6F9156-1-300x200.jpg 300w, https:\/\/gardeon.pl\/wp-content\/uploads\/2020\/08\/Z6F9156-1-1024x681.jpg 1024w, https:\/\/gardeon.pl\/wp-content\/uploads\/2020\/08\/Z6F9156-1-768x511.jpg 768w, https:\/\/gardeon.pl\/wp-content\/uploads\/2020\/08\/Z6F9156-1-1536x1022.jpg 1536w, https:\/\/gardeon.pl\/wp-content\/uploads\/2020\/08\/Z6F9156-1-2048x1363.jpg 2048w, https:\/\/gardeon.pl\/wp-content\/uploads\/2020\/08\/Z6F9156-1-scaled-1200x798.jpg 1200w\" sizes=\"auto, (max-width: 800px) 100vw, 800px\" \/><\/p>\n<h3>Zbuduj sw\u00f3j magazyn w prosty spos\u00f3b<\/h3>\n<p><span style=\"font-weight: 400;\">Hala modu\u0142owa jest przyst\u0119pna cenowo, szybko si\u0119 j\u0105 buduje, jest \u0142atwa w utrzymaniu i r\u00f3wnie solidna jak ka\u017cda inna konstrukcja. Zastanawiaj\u0105 si\u0119 Pa\u0144stwo, jak b\u0119dzie wygl\u0105da\u0142 taki szybko zmontowany budynek? Nie musz\u0105 si\u0119 Pa\u0144stwo niczego obawia\u0107. Dostarczamy hale w nowoczesnym stylu architektonicznym z mo\u017cliwo\u015bci\u0105 wyboru koloru elewacji. Jedyne, czego potrzebuj\u0105 Pa\u0144stwo na pocz\u0105tek, to dzia\u0142ka, na kt\u00f3rej umieszcz\u0105 Pa\u0144stwo swoj\u0105 dzia\u0142alno\u015b\u0107.    <\/span><\/p>\n<p><img loading=\"lazy\" decoding=\"async\" class=\"aligncenter wp-image-5008\" src=\"http:\/\/gardeon.pl\/wp-content\/uploads\/2015\/12\/P8171122-1024x768.jpg\" alt=\"modu\u0142owy magazyn pod klucz\" width=\"800\" height=\"600\"><\/p>\n<h5>\u0179r\u00f3d\u0142o (source):<\/h5>\n<h5>bank zdj\u0119\u0107 GARDEON<\/h5>\n","protected":false},"excerpt":{"rendered":"<p>Szukaj\u0105 Pa\u0144stwo sposobu, aby \u0142atwo stworzy\u0107 budynek dla swojej dzia\u0142alno\u015bci? Ka\u017cdy pocz\u0105tkuj\u0105cy przedsi\u0119biorca stara si\u0119 oszcz\u0119dza\u0107, gdzie tylko si\u0119 da. Tak\u017ce p\u00f3\u017aniej nie chc\u0105 Pa\u0144stwo wyrzuca\u0107 pieni\u0119dzy w b\u0142oto. Dlatego podpowiemy Pa\u0144stwu, jak mog\u0105 Pa\u0144stwo zbudowa\u0107 niskokosztow\u0105 przestrze\u0144 dla swojej dzia\u0142alno\u015bci. Hale modu\u0142owe sprawdzaj\u0105 si\u0119 w r\u00f3\u017cnych celach biznesowych w wielu bran\u017cach.<\/p>\n","protected":false},"author":2,"featured_media":42298,"comment_status":"open","ping_status":"open","sticky":false,"template":"","format":"standard","meta":{"_acf_changed":false,"inline_featured_image":false,"footnotes":""},"categories":[632,578,607,580,605],"tags":[],"class_list":["post-46867","post","type-post","status-publish","format-standard","has-post-thumbnail","hentry","category-domki-ogrodowe","category-garaze-blaszane","category-inspiracje","category-jak-to-zrobic-garaze-diy","category-jak-to-zrobic-ogrod-diy"],"acf":[],"yoast_head":"<!-- This site is optimized with the Yoast SEO plugin v27.4 - https:\/\/yoast.com\/product\/yoast-seo-wordpress\/ -->\n<title>5 wskaz\u00f3wek, jak wykorzysta\u0107 hale modu\u0142owe w biznesie | GARDEON<\/title>\n<meta name=\"description\" content=\"Podpowiemy Pa\u0144stwu, jak mog\u0105 Pa\u0144stwo zbudowa\u0107 niskokosztow\u0105 przestrze\u0144 dla swojej dzia\u0142alno\u015bci. Hale modu\u0142owe sprawdzaj\u0105 si\u0119 w r\u00f3\u017cnych celach biznesowych w wielu bran\u017cach.\" \/>\n<meta name=\"robots\" content=\"index, follow, max-snippet:-1, max-image-preview:large, max-video-preview:-1\" \/>\n<link rel=\"canonical\" href=\"https:\/\/gardeon.pl\/pl\/blog\/5-wskazowek-jak-wykorzystac-hale-modulowe-w-biznesie\/\" \/>\n<meta property=\"og:locale\" content=\"pl_PL\" \/>\n<meta property=\"og:type\" content=\"article\" \/>\n<meta property=\"og:title\" content=\"5 wskaz\u00f3wek, jak wykorzysta\u0107 hale modu\u0142owe w biznesie | GARDEON\" \/>\n<meta property=\"og:description\" content=\"Podpowiemy Pa\u0144stwu, jak mog\u0105 Pa\u0144stwo zbudowa\u0107 niskokosztow\u0105 przestrze\u0144 dla swojej dzia\u0142alno\u015bci. Hale modu\u0142owe sprawdzaj\u0105 si\u0119 w r\u00f3\u017cnych celach biznesowych w wielu bran\u017cach.\" \/>\n<meta property=\"og:url\" content=\"https:\/\/gardeon.pl\/pl\/blog\/5-wskazowek-jak-wykorzystac-hale-modulowe-w-biznesie\/\" \/>\n<meta property=\"og:site_name\" content=\"GARDEON\" \/>\n<meta property=\"article:published_time\" content=\"2026-04-23T15:41:14+00:00\" \/>\n<meta property=\"article:modified_time\" content=\"2026-04-23T17:04:52+00:00\" \/>\n<meta property=\"og:image\" content=\"http:\/\/gardeon.pl\/wp-content\/uploads\/2015\/06\/gardeon-zahradny-domcek-88-e1587034834581.jpg\" \/>\n\t<meta property=\"og:image:width\" content=\"1500\" \/>\n\t<meta property=\"og:image:height\" content=\"1000\" \/>\n\t<meta property=\"og:image:type\" content=\"image\/jpeg\" \/>\n<meta name=\"author\" content=\"editor\" \/>\n<meta name=\"twitter:card\" content=\"summary_large_image\" \/>\n<meta name=\"twitter:label1\" content=\"Napisane przez\" \/>\n\t<meta name=\"twitter:data1\" content=\"editor\" \/>\n\t<meta name=\"twitter:label2\" content=\"Szacowany czas czytania\" \/>\n\t<meta name=\"twitter:data2\" content=\"3 minuty\" \/>\n<script type=\"application\/ld+json\" class=\"yoast-schema-graph\">{\"@context\":\"https:\\\/\\\/schema.org\",\"@graph\":[{\"@type\":\"Article\",\"@id\":\"https:\\\/\\\/gardeon.pl\\\/pl\\\/blog\\\/5-wskazowek-jak-wykorzystac-hale-modulowe-w-biznesie\\\/#article\",\"isPartOf\":{\"@id\":\"https:\\\/\\\/gardeon.pl\\\/pl\\\/blog\\\/5-wskazowek-jak-wykorzystac-hale-modulowe-w-biznesie\\\/\"},\"author\":{\"name\":\"editor\",\"@id\":\"https:\\\/\\\/gardeon.pl\\\/#\\\/schema\\\/person\\\/a5762ca5f0790bf92774af0899379463\"},\"headline\":\"5 wskaz\u00f3wek, jak wykorzysta\u0107 hale modu\u0142owe w biznesie\",\"datePublished\":\"2026-04-23T15:41:14+00:00\",\"dateModified\":\"2026-04-23T17:04:52+00:00\",\"mainEntityOfPage\":{\"@id\":\"https:\\\/\\\/gardeon.pl\\\/pl\\\/blog\\\/5-wskazowek-jak-wykorzystac-hale-modulowe-w-biznesie\\\/\"},\"wordCount\":631,\"commentCount\":0,\"image\":{\"@id\":\"https:\\\/\\\/gardeon.pl\\\/pl\\\/blog\\\/5-wskazowek-jak-wykorzystac-hale-modulowe-w-biznesie\\\/#primaryimage\"},\"thumbnailUrl\":\"https:\\\/\\\/gardeon.pl\\\/wp-content\\\/uploads\\\/2015\\\/06\\\/gardeon-zahradny-domcek-88-e1587034834581.jpg\",\"articleSection\":[\"Domki ogrodowe\",\"Gara\u017ce blaszane\",\"Inspiracje\",\"Jak to zrobi\u0107 \u2013 gara\u017ce | DIY\",\"Jak to zrobi\u0107 \u2013 ogr\u00f3d | DIY\"],\"inLanguage\":\"pl-PL\",\"potentialAction\":[{\"@type\":\"CommentAction\",\"name\":\"Comment\",\"target\":[\"https:\\\/\\\/gardeon.pl\\\/pl\\\/blog\\\/5-wskazowek-jak-wykorzystac-hale-modulowe-w-biznesie\\\/#respond\"]}]},{\"@type\":\"WebPage\",\"@id\":\"https:\\\/\\\/gardeon.pl\\\/pl\\\/blog\\\/5-wskazowek-jak-wykorzystac-hale-modulowe-w-biznesie\\\/\",\"url\":\"https:\\\/\\\/gardeon.pl\\\/pl\\\/blog\\\/5-wskazowek-jak-wykorzystac-hale-modulowe-w-biznesie\\\/\",\"name\":\"5 wskaz\u00f3wek, jak wykorzysta\u0107 hale modu\u0142owe w biznesie | GARDEON\",\"isPartOf\":{\"@id\":\"https:\\\/\\\/gardeon.pl\\\/#website\"},\"primaryImageOfPage\":{\"@id\":\"https:\\\/\\\/gardeon.pl\\\/pl\\\/blog\\\/5-wskazowek-jak-wykorzystac-hale-modulowe-w-biznesie\\\/#primaryimage\"},\"image\":{\"@id\":\"https:\\\/\\\/gardeon.pl\\\/pl\\\/blog\\\/5-wskazowek-jak-wykorzystac-hale-modulowe-w-biznesie\\\/#primaryimage\"},\"thumbnailUrl\":\"https:\\\/\\\/gardeon.pl\\\/wp-content\\\/uploads\\\/2015\\\/06\\\/gardeon-zahradny-domcek-88-e1587034834581.jpg\",\"datePublished\":\"2026-04-23T15:41:14+00:00\",\"dateModified\":\"2026-04-23T17:04:52+00:00\",\"author\":{\"@id\":\"https:\\\/\\\/gardeon.pl\\\/#\\\/schema\\\/person\\\/a5762ca5f0790bf92774af0899379463\"},\"description\":\"Podpowiemy Pa\u0144stwu, jak mog\u0105 Pa\u0144stwo zbudowa\u0107 niskokosztow\u0105 przestrze\u0144 dla swojej dzia\u0142alno\u015bci. Hale modu\u0142owe sprawdzaj\u0105 si\u0119 w r\u00f3\u017cnych celach biznesowych w wielu bran\u017cach.\",\"breadcrumb\":{\"@id\":\"https:\\\/\\\/gardeon.pl\\\/pl\\\/blog\\\/5-wskazowek-jak-wykorzystac-hale-modulowe-w-biznesie\\\/#breadcrumb\"},\"inLanguage\":\"pl-PL\",\"potentialAction\":[{\"@type\":\"ReadAction\",\"target\":[\"https:\\\/\\\/gardeon.pl\\\/pl\\\/blog\\\/5-wskazowek-jak-wykorzystac-hale-modulowe-w-biznesie\\\/\"]}]},{\"@type\":\"ImageObject\",\"inLanguage\":\"pl-PL\",\"@id\":\"https:\\\/\\\/gardeon.pl\\\/pl\\\/blog\\\/5-wskazowek-jak-wykorzystac-hale-modulowe-w-biznesie\\\/#primaryimage\",\"url\":\"https:\\\/\\\/gardeon.pl\\\/wp-content\\\/uploads\\\/2015\\\/06\\\/gardeon-zahradny-domcek-88-e1587034834581.jpg\",\"contentUrl\":\"https:\\\/\\\/gardeon.pl\\\/wp-content\\\/uploads\\\/2015\\\/06\\\/gardeon-zahradny-domcek-88-e1587034834581.jpg\",\"width\":1500,\"height\":1000,\"caption\":\"Domek ogrodowy GARDEON z przeszkleniem\"},{\"@type\":\"BreadcrumbList\",\"@id\":\"https:\\\/\\\/gardeon.pl\\\/pl\\\/blog\\\/5-wskazowek-jak-wykorzystac-hale-modulowe-w-biznesie\\\/#breadcrumb\",\"itemListElement\":[{\"@type\":\"ListItem\",\"position\":1,\"name\":\"Domov\",\"item\":\"https:\\\/\\\/gardeon.pl\\\/pl\\\/\"},{\"@type\":\"ListItem\",\"position\":2,\"name\":\"5 wskaz\u00f3wek, jak wykorzysta\u0107 hale modu\u0142owe w biznesie\"}]},{\"@type\":\"WebSite\",\"@id\":\"https:\\\/\\\/gardeon.pl\\\/#website\",\"url\":\"https:\\\/\\\/gardeon.pl\\\/\",\"name\":\"GARDEON\",\"description\":\"\",\"potentialAction\":[{\"@type\":\"SearchAction\",\"target\":{\"@type\":\"EntryPoint\",\"urlTemplate\":\"https:\\\/\\\/gardeon.pl\\\/?s={search_term_string}\"},\"query-input\":{\"@type\":\"PropertyValueSpecification\",\"valueRequired\":true,\"valueName\":\"search_term_string\"}}],\"inLanguage\":\"pl-PL\"},{\"@type\":\"Person\",\"@id\":\"https:\\\/\\\/gardeon.pl\\\/#\\\/schema\\\/person\\\/a5762ca5f0790bf92774af0899379463\",\"name\":\"editor\",\"image\":{\"@type\":\"ImageObject\",\"inLanguage\":\"pl-PL\",\"@id\":\"https:\\\/\\\/secure.gravatar.com\\\/avatar\\\/2b748151c2c748327307fd289a91b3bdafdd9e64e2d000e65e53d6dcf11c5830?s=96&d=mm&r=g\",\"url\":\"https:\\\/\\\/secure.gravatar.com\\\/avatar\\\/2b748151c2c748327307fd289a91b3bdafdd9e64e2d000e65e53d6dcf11c5830?s=96&d=mm&r=g\",\"contentUrl\":\"https:\\\/\\\/secure.gravatar.com\\\/avatar\\\/2b748151c2c748327307fd289a91b3bdafdd9e64e2d000e65e53d6dcf11c5830?s=96&d=mm&r=g\",\"caption\":\"editor\"}}]}<\/script>\n<!-- \/ Yoast SEO plugin. -->","yoast_head_json":{"title":"5 wskaz\u00f3wek, jak wykorzysta\u0107 hale modu\u0142owe w biznesie | GARDEON","description":"Podpowiemy Pa\u0144stwu, jak mog\u0105 Pa\u0144stwo zbudowa\u0107 niskokosztow\u0105 przestrze\u0144 dla swojej dzia\u0142alno\u015bci. Hale modu\u0142owe sprawdzaj\u0105 si\u0119 w r\u00f3\u017cnych celach biznesowych w wielu bran\u017cach.","robots":{"index":"index","follow":"follow","max-snippet":"max-snippet:-1","max-image-preview":"max-image-preview:large","max-video-preview":"max-video-preview:-1"},"canonical":"https:\/\/gardeon.pl\/pl\/blog\/5-wskazowek-jak-wykorzystac-hale-modulowe-w-biznesie\/","og_locale":"pl_PL","og_type":"article","og_title":"5 wskaz\u00f3wek, jak wykorzysta\u0107 hale modu\u0142owe w biznesie | GARDEON","og_description":"Podpowiemy Pa\u0144stwu, jak mog\u0105 Pa\u0144stwo zbudowa\u0107 niskokosztow\u0105 przestrze\u0144 dla swojej dzia\u0142alno\u015bci. Hale modu\u0142owe sprawdzaj\u0105 si\u0119 w r\u00f3\u017cnych celach biznesowych w wielu bran\u017cach.","og_url":"https:\/\/gardeon.pl\/pl\/blog\/5-wskazowek-jak-wykorzystac-hale-modulowe-w-biznesie\/","og_site_name":"GARDEON","article_published_time":"2026-04-23T15:41:14+00:00","article_modified_time":"2026-04-23T17:04:52+00:00","og_image":[{"width":1500,"height":1000,"url":"http:\/\/gardeon.pl\/wp-content\/uploads\/2015\/06\/gardeon-zahradny-domcek-88-e1587034834581.jpg","type":"image\/jpeg"}],"author":"editor","twitter_card":"summary_large_image","twitter_misc":{"Napisane przez":"editor","Szacowany czas czytania":"3 minuty"},"schema":{"@context":"https:\/\/schema.org","@graph":[{"@type":"Article","@id":"https:\/\/gardeon.pl\/pl\/blog\/5-wskazowek-jak-wykorzystac-hale-modulowe-w-biznesie\/#article","isPartOf":{"@id":"https:\/\/gardeon.pl\/pl\/blog\/5-wskazowek-jak-wykorzystac-hale-modulowe-w-biznesie\/"},"author":{"name":"editor","@id":"https:\/\/gardeon.pl\/#\/schema\/person\/a5762ca5f0790bf92774af0899379463"},"headline":"5 wskaz\u00f3wek, jak wykorzysta\u0107 hale modu\u0142owe w biznesie","datePublished":"2026-04-23T15:41:14+00:00","dateModified":"2026-04-23T17:04:52+00:00","mainEntityOfPage":{"@id":"https:\/\/gardeon.pl\/pl\/blog\/5-wskazowek-jak-wykorzystac-hale-modulowe-w-biznesie\/"},"wordCount":631,"commentCount":0,"image":{"@id":"https:\/\/gardeon.pl\/pl\/blog\/5-wskazowek-jak-wykorzystac-hale-modulowe-w-biznesie\/#primaryimage"},"thumbnailUrl":"https:\/\/gardeon.pl\/wp-content\/uploads\/2015\/06\/gardeon-zahradny-domcek-88-e1587034834581.jpg","articleSection":["Domki ogrodowe","Gara\u017ce blaszane","Inspiracje","Jak to zrobi\u0107 \u2013 gara\u017ce | DIY","Jak to zrobi\u0107 \u2013 ogr\u00f3d | DIY"],"inLanguage":"pl-PL","potentialAction":[{"@type":"CommentAction","name":"Comment","target":["https:\/\/gardeon.pl\/pl\/blog\/5-wskazowek-jak-wykorzystac-hale-modulowe-w-biznesie\/#respond"]}]},{"@type":"WebPage","@id":"https:\/\/gardeon.pl\/pl\/blog\/5-wskazowek-jak-wykorzystac-hale-modulowe-w-biznesie\/","url":"https:\/\/gardeon.pl\/pl\/blog\/5-wskazowek-jak-wykorzystac-hale-modulowe-w-biznesie\/","name":"5 wskaz\u00f3wek, jak wykorzysta\u0107 hale modu\u0142owe w biznesie | GARDEON","isPartOf":{"@id":"https:\/\/gardeon.pl\/#website"},"primaryImageOfPage":{"@id":"https:\/\/gardeon.pl\/pl\/blog\/5-wskazowek-jak-wykorzystac-hale-modulowe-w-biznesie\/#primaryimage"},"image":{"@id":"https:\/\/gardeon.pl\/pl\/blog\/5-wskazowek-jak-wykorzystac-hale-modulowe-w-biznesie\/#primaryimage"},"thumbnailUrl":"https:\/\/gardeon.pl\/wp-content\/uploads\/2015\/06\/gardeon-zahradny-domcek-88-e1587034834581.jpg","datePublished":"2026-04-23T15:41:14+00:00","dateModified":"2026-04-23T17:04:52+00:00","author":{"@id":"https:\/\/gardeon.pl\/#\/schema\/person\/a5762ca5f0790bf92774af0899379463"},"description":"Podpowiemy Pa\u0144stwu, jak mog\u0105 Pa\u0144stwo zbudowa\u0107 niskokosztow\u0105 przestrze\u0144 dla swojej dzia\u0142alno\u015bci. Hale modu\u0142owe sprawdzaj\u0105 si\u0119 w r\u00f3\u017cnych celach biznesowych w wielu bran\u017cach.","breadcrumb":{"@id":"https:\/\/gardeon.pl\/pl\/blog\/5-wskazowek-jak-wykorzystac-hale-modulowe-w-biznesie\/#breadcrumb"},"inLanguage":"pl-PL","potentialAction":[{"@type":"ReadAction","target":["https:\/\/gardeon.pl\/pl\/blog\/5-wskazowek-jak-wykorzystac-hale-modulowe-w-biznesie\/"]}]},{"@type":"ImageObject","inLanguage":"pl-PL","@id":"https:\/\/gardeon.pl\/pl\/blog\/5-wskazowek-jak-wykorzystac-hale-modulowe-w-biznesie\/#primaryimage","url":"https:\/\/gardeon.pl\/wp-content\/uploads\/2015\/06\/gardeon-zahradny-domcek-88-e1587034834581.jpg","contentUrl":"https:\/\/gardeon.pl\/wp-content\/uploads\/2015\/06\/gardeon-zahradny-domcek-88-e1587034834581.jpg","width":1500,"height":1000,"caption":"Domek ogrodowy GARDEON z przeszkleniem"},{"@type":"BreadcrumbList","@id":"https:\/\/gardeon.pl\/pl\/blog\/5-wskazowek-jak-wykorzystac-hale-modulowe-w-biznesie\/#breadcrumb","itemListElement":[{"@type":"ListItem","position":1,"name":"Domov","item":"https:\/\/gardeon.pl\/pl\/"},{"@type":"ListItem","position":2,"name":"5 wskaz\u00f3wek, jak wykorzysta\u0107 hale modu\u0142owe w biznesie"}]},{"@type":"WebSite","@id":"https:\/\/gardeon.pl\/#website","url":"https:\/\/gardeon.pl\/","name":"GARDEON","description":"","potentialAction":[{"@type":"SearchAction","target":{"@type":"EntryPoint","urlTemplate":"https:\/\/gardeon.pl\/?s={search_term_string}"},"query-input":{"@type":"PropertyValueSpecification","valueRequired":true,"valueName":"search_term_string"}}],"inLanguage":"pl-PL"},{"@type":"Person","@id":"https:\/\/gardeon.pl\/#\/schema\/person\/a5762ca5f0790bf92774af0899379463","name":"editor","image":{"@type":"ImageObject","inLanguage":"pl-PL","@id":"https:\/\/secure.gravatar.com\/avatar\/2b748151c2c748327307fd289a91b3bdafdd9e64e2d000e65e53d6dcf11c5830?s=96&d=mm&r=g","url":"https:\/\/secure.gravatar.com\/avatar\/2b748151c2c748327307fd289a91b3bdafdd9e64e2d000e65e53d6dcf11c5830?s=96&d=mm&r=g","contentUrl":"https:\/\/secure.gravatar.com\/avatar\/2b748151c2c748327307fd289a91b3bdafdd9e64e2d000e65e53d6dcf11c5830?s=96&d=mm&r=g","caption":"editor"}}]}},"_links":{"self":[{"href":"https:\/\/gardeon.pl\/pl\/wp-json\/wp\/v2\/posts\/46867","targetHints":{"allow":["GET"]}}],"collection":[{"href":"https:\/\/gardeon.pl\/pl\/wp-json\/wp\/v2\/posts"}],"about":[{"href":"https:\/\/gardeon.pl\/pl\/wp-json\/wp\/v2\/types\/post"}],"author":[{"embeddable":true,"href":"https:\/\/gardeon.pl\/pl\/wp-json\/wp\/v2\/users\/2"}],"replies":[{"embeddable":true,"href":"https:\/\/gardeon.pl\/pl\/wp-json\/wp\/v2\/comments?post=46867"}],"version-history":[{"count":0,"href":"https:\/\/gardeon.pl\/pl\/wp-json\/wp\/v2\/posts\/46867\/revisions"}],"wp:featuredmedia":[{"embeddable":true,"href":"https:\/\/gardeon.pl\/pl\/wp-json\/wp\/v2\/media\/42298"}],"wp:attachment":[{"href":"https:\/\/gardeon.pl\/pl\/wp-json\/wp\/v2\/media?parent=46867"}],"wp:term":[{"taxonomy":"category","embeddable":true,"href":"https:\/\/gardeon.pl\/pl\/wp-json\/wp\/v2\/categories?post=46867"},{"taxonomy":"post_tag","embeddable":true,"href":"https:\/\/gardeon.pl\/pl\/wp-json\/wp\/v2\/tags?post=46867"}],"curies":[{"name":"wp","href":"https:\/\/api.w.org\/{rel}","templated":true}]}}