{"id":46874,"date":"2026-04-23T17:41:14","date_gmt":"2026-04-23T15:41:14","guid":{"rendered":"https:\/\/gardeon.pl\/blog\/domek-ogrodowy-29-x-256-m-z-mala-wiata\/"},"modified":"2026-04-23T19:04:52","modified_gmt":"2026-04-23T17:04:52","slug":"domek-ogrodowy-29-x-256-m-z-mala-wiata","status":"publish","type":"post","link":"https:\/\/gardeon.pl\/pl\/blog\/domek-ogrodowy-29-x-256-m-z-mala-wiata\/","title":{"rendered":"Domek ogrodowy 2,9 x 2,56 m z ma\u0142\u0105 wiat\u0105"},"content":{"rendered":"<h2><b>Jak to wszystko si\u0119 zacz\u0119\u0142o?<\/b><\/h2>\n<p><span style=\"font-weight: 400;\">Pan Bro\u017eek skontaktowa\u0142 si\u0119 z nami w styczniu poprzez <\/span><a href=\"https:\/\/www.facebook.com\/gardeonSK\/\"><span style=\"font-weight: 400;\">Facebook<\/span><\/a><span style=\"font-weight: 400;\">, gdzie zainteresowa\u0142o go zdj\u0119cie domku ogrodowego.<\/span><\/p>\n<p><!--more--><span style=\"font-weight: 400;\">W tym czasie budowa\u0142 dom i potrzebowa\u0142 do niego r\u00f3wnie\u017c domku ogrodowego. Wyja\u015bnili\u015bmy mu, jakie dokumenty s\u0105 potrzebne do zg\u0142oszenia i jak <\/span><a href=\"https:\/\/gardeon.pl\/pl\/domki-ogrodowe-na-narzedzia\/jak-wybrac-domek-ogrodowy\/co-przygotowac-przed-montazem\/\"><span style=\"font-weight: 400;\">przygotowa\u0107 pod\u0142o\u017ce<\/span><\/a><span style=\"font-weight: 400;\">. Pan Bro\u017eek odwiedzi\u0142 r\u00f3wnie\u017c osobi\u015bcie nasz showroom w Tur\u010dianskim \u010eurze. Domek zam\u00f3wi\u0142 w kwietniu tego roku, a realizacj\u0119 przesun\u0119li\u015bmy na grudzie\u0144 z powodu problem\u00f3w z pozwoleniami \u2013 domek ogrodowy bezp\u0142atnie przechowali\u015bmy dla niego w mi\u0119dzyczasie.<\/span><\/p>\n<p><img loading=\"lazy\" decoding=\"async\" class=\"aligncenter size-full wp-image-30481\" src=\"http:\/\/gardeon.pl\/wp-content\/uploads\/2021\/01\/gardeon-podklad-brozek.jpeg\" alt=\"P\u0142yta betonowa w ogrodzie\" width=\"1500\" height=\"1125\" srcset=\"https:\/\/gardeon.pl\/wp-content\/uploads\/2021\/01\/gardeon-podklad-brozek.jpeg 1500w, https:\/\/gardeon.pl\/wp-content\/uploads\/2021\/01\/gardeon-podklad-brozek-300x225.jpeg 300w, https:\/\/gardeon.pl\/wp-content\/uploads\/2021\/01\/gardeon-podklad-brozek-1024x768.jpeg 1024w, https:\/\/gardeon.pl\/wp-content\/uploads\/2021\/01\/gardeon-podklad-brozek-768x576.jpeg 768w\" sizes=\"auto, (max-width: 1500px) 100vw, 1500px\" \/><\/p>\n<h3><b>Recenzja tu\u017c po monta\u017cu<\/b><\/h3>\n<p><i><span style=\"font-weight: 400;\">\u201eWzajemna komunikacja by\u0142a bardzo pozytywna od pocz\u0105tku a\u017c po sam\u0105 realizacj\u0119. Sprawni monta\u017cy\u015bci, szybka produkcja i monta\u017c. Domek bardzo nam si\u0119 podoba i wierz\u0119, \u017ce b\u0119dzie nam dobrze s\u0142u\u017cy\u0142. Dzi\u0119kuj\u0119.\u201d   <\/span><\/i><\/p>\n<h2><b>A jakie s\u0105 jego wra\u017cenia po pewnym czasie?<\/b><\/h2>\n<p><i><span style=\"font-weight: 400;\">\u201eDomek jest nadal bardzo \u0142adny i wiele os\u00f3b go podziwia. Nie wida\u0107 na nim \u017cadnych oznak starzenia i wci\u0105\u017c wygl\u0105da jak murowana konstrukcja. Jest to du\u017ca pomoc przy sprz\u0105taniu zabawek dzieci\u0119cych i narz\u0119dzi ogrodowych. Niezale\u017cnie od <\/span><\/i><a href=\"https:\/\/gardeon.pl\/pl\/domki-ogrodowe-na-narzedzia\/co-mozemy-dla-panstwa-zrobic\/jak-uszczelnic-domek-ogrodowy\/\"><i><span style=\"font-weight: 400;\">wilgotno\u015bci<\/span><\/i><\/a><i><span style=\"font-weight: 400;\"> jestem zadowolony i poleci\u0142bym go ka\u017cdemu.\u201d<\/span><\/i><\/p>\n<h3><b>Zdj\u0119cia cz\u0119\u015bci zewn\u0119trznej<\/b><\/h3>\n<p><a href=\"http:\/\/gardeon.pl\/wp-content\/uploads\/2020\/11\/GARDEON-foto-od-zakaznikov-103.jpg\"><img loading=\"lazy\" decoding=\"async\" class=\"aligncenter wp-image-29264\" src=\"http:\/\/gardeon.pl\/wp-content\/uploads\/2020\/11\/GARDEON-foto-od-zakaznikov-103.jpg\" alt=\"Bia\u0142y domek ogrodowy z ciemn\u0105 attyk\u0105\" width=\"800\" height=\"600\" srcset=\"https:\/\/gardeon.pl\/wp-content\/uploads\/2020\/11\/GARDEON-foto-od-zakaznikov-103.jpg 2016w, https:\/\/gardeon.pl\/wp-content\/uploads\/2020\/11\/GARDEON-foto-od-zakaznikov-103-300x225.jpg 300w, https:\/\/gardeon.pl\/wp-content\/uploads\/2020\/11\/GARDEON-foto-od-zakaznikov-103-1024x768.jpg 1024w, https:\/\/gardeon.pl\/wp-content\/uploads\/2020\/11\/GARDEON-foto-od-zakaznikov-103-768x576.jpg 768w, https:\/\/gardeon.pl\/wp-content\/uploads\/2020\/11\/GARDEON-foto-od-zakaznikov-103-1536x1152.jpg 1536w\" sizes=\"auto, (max-width: 800px) 100vw, 800px\" \/><\/a><\/p>\n<p><a href=\"http:\/\/gardeon.pl\/wp-content\/uploads\/2020\/11\/GARDEON-foto-od-zakaznikov-102.jpg\"><img loading=\"lazy\" decoding=\"async\" class=\"aligncenter wp-image-29268\" src=\"http:\/\/gardeon.pl\/wp-content\/uploads\/2020\/11\/GARDEON-foto-od-zakaznikov-102.jpg\" alt=\"Bia\u0142y domek ogrodowy w ogrodzie\" width=\"800\" height=\"600\" srcset=\"https:\/\/gardeon.pl\/wp-content\/uploads\/2020\/11\/GARDEON-foto-od-zakaznikov-102.jpg 2016w, https:\/\/gardeon.pl\/wp-content\/uploads\/2020\/11\/GARDEON-foto-od-zakaznikov-102-300x225.jpg 300w, https:\/\/gardeon.pl\/wp-content\/uploads\/2020\/11\/GARDEON-foto-od-zakaznikov-102-1024x768.jpg 1024w, https:\/\/gardeon.pl\/wp-content\/uploads\/2020\/11\/GARDEON-foto-od-zakaznikov-102-768x576.jpg 768w, https:\/\/gardeon.pl\/wp-content\/uploads\/2020\/11\/GARDEON-foto-od-zakaznikov-102-1536x1152.jpg 1536w\" sizes=\"auto, (max-width: 800px) 100vw, 800px\" \/><\/a><\/p>\n<h3><b>Zdj\u0119cia cz\u0119\u015bci wewn\u0119trznej<\/b><\/h3>\n<p><a href=\"http:\/\/gardeon.pl\/wp-content\/uploads\/2020\/11\/GARDEON-foto-od-zakaznikov-105.jpg\"><img loading=\"lazy\" decoding=\"async\" class=\"aligncenter wp-image-29266\" src=\"http:\/\/gardeon.pl\/wp-content\/uploads\/2020\/11\/GARDEON-foto-od-zakaznikov-105.jpg\" alt=\"R\u00f3\u017cne narz\u0119dzia wewn\u0105trz domku ogrodowego\" width=\"800\" height=\"1067\" srcset=\"https:\/\/gardeon.pl\/wp-content\/uploads\/2020\/11\/GARDEON-foto-od-zakaznikov-105.jpg 1512w, https:\/\/gardeon.pl\/wp-content\/uploads\/2020\/11\/GARDEON-foto-od-zakaznikov-105-225x300.jpg 225w, https:\/\/gardeon.pl\/wp-content\/uploads\/2020\/11\/GARDEON-foto-od-zakaznikov-105-768x1024.jpg 768w, https:\/\/gardeon.pl\/wp-content\/uploads\/2020\/11\/GARDEON-foto-od-zakaznikov-105-1152x1536.jpg 1152w\" sizes=\"auto, (max-width: 800px) 100vw, 800px\" \/><\/a><\/p>\n<p><a href=\"http:\/\/gardeon.pl\/wp-content\/uploads\/2020\/11\/GARDEON-foto-od-zakaznikov-104.jpg\"><img loading=\"lazy\" decoding=\"async\" class=\"aligncenter wp-image-29262\" src=\"http:\/\/gardeon.pl\/wp-content\/uploads\/2020\/11\/GARDEON-foto-od-zakaznikov-104.jpg\" alt=\"Narz\u0119dzia majsterkowicza w domku ogrodowym\" width=\"800\" height=\"600\" srcset=\"https:\/\/gardeon.pl\/wp-content\/uploads\/2020\/11\/GARDEON-foto-od-zakaznikov-104.jpg 2016w, https:\/\/gardeon.pl\/wp-content\/uploads\/2020\/11\/GARDEON-foto-od-zakaznikov-104-300x225.jpg 300w, https:\/\/gardeon.pl\/wp-content\/uploads\/2020\/11\/GARDEON-foto-od-zakaznikov-104-1024x768.jpg 1024w, https:\/\/gardeon.pl\/wp-content\/uploads\/2020\/11\/GARDEON-foto-od-zakaznikov-104-768x576.jpg 768w, https:\/\/gardeon.pl\/wp-content\/uploads\/2020\/11\/GARDEON-foto-od-zakaznikov-104-1536x1152.jpg 1536w\" sizes=\"auto, (max-width: 800px) 100vw, 800px\" \/><\/a><\/p>\n<p><a href=\"http:\/\/gardeon.pl\/wp-content\/uploads\/2020\/11\/GARDEON-foto-od-zakaznikov-106.jpg\"><img loading=\"lazy\" decoding=\"async\" class=\"aligncenter wp-image-29270\" src=\"http:\/\/gardeon.pl\/wp-content\/uploads\/2020\/11\/GARDEON-foto-od-zakaznikov-106.jpg\" alt=\"Kosiarka i zawieszone rowery dzieci\u0119ce\" width=\"800\" height=\"1067\" srcset=\"https:\/\/gardeon.pl\/wp-content\/uploads\/2020\/11\/GARDEON-foto-od-zakaznikov-106.jpg 1512w, https:\/\/gardeon.pl\/wp-content\/uploads\/2020\/11\/GARDEON-foto-od-zakaznikov-106-225x300.jpg 225w, https:\/\/gardeon.pl\/wp-content\/uploads\/2020\/11\/GARDEON-foto-od-zakaznikov-106-768x1024.jpg 768w, https:\/\/gardeon.pl\/wp-content\/uploads\/2020\/11\/GARDEON-foto-od-zakaznikov-106-1152x1536.jpg 1152w\" sizes=\"auto, (max-width: 800px) 100vw, 800px\" \/><\/a><\/p>\n<h2><b>Podsumowanie<\/b><\/h2>\n<ul>\n<li style=\"font-weight: 400;\" aria-level=\"1\"><span style=\"font-weight: 400;\">czas budowy \u2013 2,5 godziny<\/span><\/li>\n<li style=\"font-weight: 400;\" aria-level=\"1\"><span style=\"font-weight: 400;\">wymiary domku ogrodowego \u2013 2 900 x 2 560 mm + wiata 1 000 x 2 560 mm<\/span><\/li>\n<li style=\"font-weight: 400;\" aria-level=\"1\"><span style=\"font-weight: 400;\">wyposa\u017cenie ekskluzywne \u2013 <\/span><a href=\"https:\/\/gardeon.pl\/pl\/domki-ogrodowe-na-narzedzia\/akcesoria-dodatki\/dach-do-domku-ogrodowego\/\"><span style=\"font-weight: 400;\">strop THP<\/span><\/a><\/li>\n<li style=\"font-weight: 400;\" aria-level=\"1\"><span style=\"font-weight: 400;\">cena domku ogrodowego w momencie zam\u00f3wienia \u2013 oko\u0142o 105 000 CZK z VAT<\/span><\/li>\n<\/ul>\n<p><span style=\"font-weight: 400;\"> <\/span><\/p>\n<h3 style=\"text-align: center;\"><b>Za opini\u0119 i zdj\u0119cia dzi\u0119kujemy Panu Bro\u017ckowi :)<\/b><\/h3>\n","protected":false},"excerpt":{"rendered":"<p>Jak to wszystko si\u0119 zacz\u0119\u0142o? Pan Bro\u017eek skontaktowa\u0142 si\u0119 z nami w styczniu poprzez Facebook, gdzie zainteresowa\u0142o go zdj\u0119cie domku ogrodowego.<\/p>\n","protected":false},"author":2,"featured_media":46879,"comment_status":"open","ping_status":"open","sticky":false,"template":"","format":"standard","meta":{"_acf_changed":false,"inline_featured_image":false,"footnotes":""},"categories":[632,717,716],"tags":[],"class_list":["post-46874","post","type-post","status-publish","format-standard","has-post-thumbnail","hentry","category-domki-ogrodowe","category-domki-ogrodowe-2","category-jak-sie-zyje-z-gardeon"],"acf":[],"yoast_head":"<!-- This site is optimized with the Yoast SEO plugin v27.4 - https:\/\/yoast.com\/product\/yoast-seo-wordpress\/ -->\n<title>Domek ogrodowy 2,9 x 2,56 m z ma\u0142\u0105 wiat\u0105 | GARDEON<\/title>\n<meta name=\"robots\" content=\"index, follow, max-snippet:-1, max-image-preview:large, max-video-preview:-1\" \/>\n<link rel=\"canonical\" href=\"https:\/\/gardeon.pl\/pl\/blog\/domek-ogrodowy-29-x-256-m-z-mala-wiata\/\" \/>\n<meta property=\"og:locale\" content=\"pl_PL\" \/>\n<meta property=\"og:type\" content=\"article\" \/>\n<meta property=\"og:title\" content=\"Domek ogrodowy 2,9 x 2,56 m z ma\u0142\u0105 wiat\u0105 | GARDEON\" \/>\n<meta property=\"og:description\" content=\"Jak to wszystko si\u0119 zacz\u0119\u0142o? Pan Bro\u017eek skontaktowa\u0142 si\u0119 z nami w styczniu poprzez Facebook, gdzie zainteresowa\u0142o go zdj\u0119cie domku ogrodowego.\" \/>\n<meta property=\"og:url\" content=\"https:\/\/gardeon.pl\/pl\/blog\/domek-ogrodowy-29-x-256-m-z-mala-wiata\/\" \/>\n<meta property=\"og:site_name\" content=\"GARDEON\" \/>\n<meta property=\"article:published_time\" content=\"2026-04-23T15:41:14+00:00\" \/>\n<meta property=\"article:modified_time\" content=\"2026-04-23T17:04:52+00:00\" \/>\n<meta property=\"og:image\" content=\"http:\/\/gardeon.pl\/wp-content\/uploads\/2020\/11\/GARDEON-foto-od-zakaznikov-102.jpg\" \/>\n\t<meta property=\"og:image:width\" content=\"2016\" \/>\n\t<meta property=\"og:image:height\" content=\"1512\" \/>\n\t<meta property=\"og:image:type\" content=\"image\/jpeg\" \/>\n<meta name=\"author\" content=\"editor\" \/>\n<meta name=\"twitter:card\" content=\"summary_large_image\" \/>\n<meta name=\"twitter:label1\" content=\"Napisane przez\" \/>\n\t<meta name=\"twitter:data1\" content=\"editor\" \/>\n\t<meta name=\"twitter:label2\" content=\"Szacowany czas czytania\" \/>\n\t<meta name=\"twitter:data2\" content=\"1 minuta\" \/>\n<script type=\"application\/ld+json\" class=\"yoast-schema-graph\">{\"@context\":\"https:\\\/\\\/schema.org\",\"@graph\":[{\"@type\":\"Article\",\"@id\":\"https:\\\/\\\/gardeon.pl\\\/pl\\\/blog\\\/domek-ogrodowy-29-x-256-m-z-mala-wiata\\\/#article\",\"isPartOf\":{\"@id\":\"https:\\\/\\\/gardeon.pl\\\/pl\\\/blog\\\/domek-ogrodowy-29-x-256-m-z-mala-wiata\\\/\"},\"author\":{\"name\":\"editor\",\"@id\":\"https:\\\/\\\/gardeon.pl\\\/#\\\/schema\\\/person\\\/a5762ca5f0790bf92774af0899379463\"},\"headline\":\"Domek ogrodowy 2,9 x 2,56 m z ma\u0142\u0105 wiat\u0105\",\"datePublished\":\"2026-04-23T15:41:14+00:00\",\"dateModified\":\"2026-04-23T17:04:52+00:00\",\"mainEntityOfPage\":{\"@id\":\"https:\\\/\\\/gardeon.pl\\\/pl\\\/blog\\\/domek-ogrodowy-29-x-256-m-z-mala-wiata\\\/\"},\"wordCount\":263,\"commentCount\":0,\"image\":{\"@id\":\"https:\\\/\\\/gardeon.pl\\\/pl\\\/blog\\\/domek-ogrodowy-29-x-256-m-z-mala-wiata\\\/#primaryimage\"},\"thumbnailUrl\":\"https:\\\/\\\/gardeon.pl\\\/wp-content\\\/uploads\\\/2020\\\/11\\\/GARDEON-foto-od-zakaznikov-102.jpg\",\"articleSection\":[\"Domki ogrodowe\",\"Domki ogrodowe\",\"Jak si\u0119 \u017cyje z GARDEON\"],\"inLanguage\":\"pl-PL\",\"potentialAction\":[{\"@type\":\"CommentAction\",\"name\":\"Comment\",\"target\":[\"https:\\\/\\\/gardeon.pl\\\/pl\\\/blog\\\/domek-ogrodowy-29-x-256-m-z-mala-wiata\\\/#respond\"]}]},{\"@type\":\"WebPage\",\"@id\":\"https:\\\/\\\/gardeon.pl\\\/pl\\\/blog\\\/domek-ogrodowy-29-x-256-m-z-mala-wiata\\\/\",\"url\":\"https:\\\/\\\/gardeon.pl\\\/pl\\\/blog\\\/domek-ogrodowy-29-x-256-m-z-mala-wiata\\\/\",\"name\":\"Domek ogrodowy 2,9 x 2,56 m z ma\u0142\u0105 wiat\u0105 | GARDEON\",\"isPartOf\":{\"@id\":\"https:\\\/\\\/gardeon.pl\\\/#website\"},\"primaryImageOfPage\":{\"@id\":\"https:\\\/\\\/gardeon.pl\\\/pl\\\/blog\\\/domek-ogrodowy-29-x-256-m-z-mala-wiata\\\/#primaryimage\"},\"image\":{\"@id\":\"https:\\\/\\\/gardeon.pl\\\/pl\\\/blog\\\/domek-ogrodowy-29-x-256-m-z-mala-wiata\\\/#primaryimage\"},\"thumbnailUrl\":\"https:\\\/\\\/gardeon.pl\\\/wp-content\\\/uploads\\\/2020\\\/11\\\/GARDEON-foto-od-zakaznikov-102.jpg\",\"datePublished\":\"2026-04-23T15:41:14+00:00\",\"dateModified\":\"2026-04-23T17:04:52+00:00\",\"author\":{\"@id\":\"https:\\\/\\\/gardeon.pl\\\/#\\\/schema\\\/person\\\/a5762ca5f0790bf92774af0899379463\"},\"breadcrumb\":{\"@id\":\"https:\\\/\\\/gardeon.pl\\\/pl\\\/blog\\\/domek-ogrodowy-29-x-256-m-z-mala-wiata\\\/#breadcrumb\"},\"inLanguage\":\"pl-PL\",\"potentialAction\":[{\"@type\":\"ReadAction\",\"target\":[\"https:\\\/\\\/gardeon.pl\\\/pl\\\/blog\\\/domek-ogrodowy-29-x-256-m-z-mala-wiata\\\/\"]}]},{\"@type\":\"ImageObject\",\"inLanguage\":\"pl-PL\",\"@id\":\"https:\\\/\\\/gardeon.pl\\\/pl\\\/blog\\\/domek-ogrodowy-29-x-256-m-z-mala-wiata\\\/#primaryimage\",\"url\":\"https:\\\/\\\/gardeon.pl\\\/wp-content\\\/uploads\\\/2020\\\/11\\\/GARDEON-foto-od-zakaznikov-102.jpg\",\"contentUrl\":\"https:\\\/\\\/gardeon.pl\\\/wp-content\\\/uploads\\\/2020\\\/11\\\/GARDEON-foto-od-zakaznikov-102.jpg\",\"width\":2016,\"height\":1512,\"caption\":\"Bia\u0142y domek ogrodowy w ogrodzie\"},{\"@type\":\"BreadcrumbList\",\"@id\":\"https:\\\/\\\/gardeon.pl\\\/pl\\\/blog\\\/domek-ogrodowy-29-x-256-m-z-mala-wiata\\\/#breadcrumb\",\"itemListElement\":[{\"@type\":\"ListItem\",\"position\":1,\"name\":\"Domov\",\"item\":\"https:\\\/\\\/gardeon.pl\\\/pl\\\/\"},{\"@type\":\"ListItem\",\"position\":2,\"name\":\"Domek ogrodowy 2,9 x 2,56 m z ma\u0142\u0105 wiat\u0105\"}]},{\"@type\":\"WebSite\",\"@id\":\"https:\\\/\\\/gardeon.pl\\\/#website\",\"url\":\"https:\\\/\\\/gardeon.pl\\\/\",\"name\":\"GARDEON\",\"description\":\"\",\"potentialAction\":[{\"@type\":\"SearchAction\",\"target\":{\"@type\":\"EntryPoint\",\"urlTemplate\":\"https:\\\/\\\/gardeon.pl\\\/?s={search_term_string}\"},\"query-input\":{\"@type\":\"PropertyValueSpecification\",\"valueRequired\":true,\"valueName\":\"search_term_string\"}}],\"inLanguage\":\"pl-PL\"},{\"@type\":\"Person\",\"@id\":\"https:\\\/\\\/gardeon.pl\\\/#\\\/schema\\\/person\\\/a5762ca5f0790bf92774af0899379463\",\"name\":\"editor\",\"image\":{\"@type\":\"ImageObject\",\"inLanguage\":\"pl-PL\",\"@id\":\"https:\\\/\\\/secure.gravatar.com\\\/avatar\\\/2b748151c2c748327307fd289a91b3bdafdd9e64e2d000e65e53d6dcf11c5830?s=96&d=mm&r=g\",\"url\":\"https:\\\/\\\/secure.gravatar.com\\\/avatar\\\/2b748151c2c748327307fd289a91b3bdafdd9e64e2d000e65e53d6dcf11c5830?s=96&d=mm&r=g\",\"contentUrl\":\"https:\\\/\\\/secure.gravatar.com\\\/avatar\\\/2b748151c2c748327307fd289a91b3bdafdd9e64e2d000e65e53d6dcf11c5830?s=96&d=mm&r=g\",\"caption\":\"editor\"}}]}<\/script>\n<!-- \/ Yoast SEO plugin. -->","yoast_head_json":{"title":"Domek ogrodowy 2,9 x 2,56 m z ma\u0142\u0105 wiat\u0105 | GARDEON","robots":{"index":"index","follow":"follow","max-snippet":"max-snippet:-1","max-image-preview":"max-image-preview:large","max-video-preview":"max-video-preview:-1"},"canonical":"https:\/\/gardeon.pl\/pl\/blog\/domek-ogrodowy-29-x-256-m-z-mala-wiata\/","og_locale":"pl_PL","og_type":"article","og_title":"Domek ogrodowy 2,9 x 2,56 m z ma\u0142\u0105 wiat\u0105 | GARDEON","og_description":"Jak to wszystko si\u0119 zacz\u0119\u0142o? Pan Bro\u017eek skontaktowa\u0142 si\u0119 z nami w styczniu poprzez Facebook, gdzie zainteresowa\u0142o go zdj\u0119cie domku ogrodowego.","og_url":"https:\/\/gardeon.pl\/pl\/blog\/domek-ogrodowy-29-x-256-m-z-mala-wiata\/","og_site_name":"GARDEON","article_published_time":"2026-04-23T15:41:14+00:00","article_modified_time":"2026-04-23T17:04:52+00:00","og_image":[{"width":2016,"height":1512,"url":"http:\/\/gardeon.pl\/wp-content\/uploads\/2020\/11\/GARDEON-foto-od-zakaznikov-102.jpg","type":"image\/jpeg"}],"author":"editor","twitter_card":"summary_large_image","twitter_misc":{"Napisane przez":"editor","Szacowany czas czytania":"1 minuta"},"schema":{"@context":"https:\/\/schema.org","@graph":[{"@type":"Article","@id":"https:\/\/gardeon.pl\/pl\/blog\/domek-ogrodowy-29-x-256-m-z-mala-wiata\/#article","isPartOf":{"@id":"https:\/\/gardeon.pl\/pl\/blog\/domek-ogrodowy-29-x-256-m-z-mala-wiata\/"},"author":{"name":"editor","@id":"https:\/\/gardeon.pl\/#\/schema\/person\/a5762ca5f0790bf92774af0899379463"},"headline":"Domek ogrodowy 2,9 x 2,56 m z ma\u0142\u0105 wiat\u0105","datePublished":"2026-04-23T15:41:14+00:00","dateModified":"2026-04-23T17:04:52+00:00","mainEntityOfPage":{"@id":"https:\/\/gardeon.pl\/pl\/blog\/domek-ogrodowy-29-x-256-m-z-mala-wiata\/"},"wordCount":263,"commentCount":0,"image":{"@id":"https:\/\/gardeon.pl\/pl\/blog\/domek-ogrodowy-29-x-256-m-z-mala-wiata\/#primaryimage"},"thumbnailUrl":"https:\/\/gardeon.pl\/wp-content\/uploads\/2020\/11\/GARDEON-foto-od-zakaznikov-102.jpg","articleSection":["Domki ogrodowe","Domki ogrodowe","Jak si\u0119 \u017cyje z GARDEON"],"inLanguage":"pl-PL","potentialAction":[{"@type":"CommentAction","name":"Comment","target":["https:\/\/gardeon.pl\/pl\/blog\/domek-ogrodowy-29-x-256-m-z-mala-wiata\/#respond"]}]},{"@type":"WebPage","@id":"https:\/\/gardeon.pl\/pl\/blog\/domek-ogrodowy-29-x-256-m-z-mala-wiata\/","url":"https:\/\/gardeon.pl\/pl\/blog\/domek-ogrodowy-29-x-256-m-z-mala-wiata\/","name":"Domek ogrodowy 2,9 x 2,56 m z ma\u0142\u0105 wiat\u0105 | GARDEON","isPartOf":{"@id":"https:\/\/gardeon.pl\/#website"},"primaryImageOfPage":{"@id":"https:\/\/gardeon.pl\/pl\/blog\/domek-ogrodowy-29-x-256-m-z-mala-wiata\/#primaryimage"},"image":{"@id":"https:\/\/gardeon.pl\/pl\/blog\/domek-ogrodowy-29-x-256-m-z-mala-wiata\/#primaryimage"},"thumbnailUrl":"https:\/\/gardeon.pl\/wp-content\/uploads\/2020\/11\/GARDEON-foto-od-zakaznikov-102.jpg","datePublished":"2026-04-23T15:41:14+00:00","dateModified":"2026-04-23T17:04:52+00:00","author":{"@id":"https:\/\/gardeon.pl\/#\/schema\/person\/a5762ca5f0790bf92774af0899379463"},"breadcrumb":{"@id":"https:\/\/gardeon.pl\/pl\/blog\/domek-ogrodowy-29-x-256-m-z-mala-wiata\/#breadcrumb"},"inLanguage":"pl-PL","potentialAction":[{"@type":"ReadAction","target":["https:\/\/gardeon.pl\/pl\/blog\/domek-ogrodowy-29-x-256-m-z-mala-wiata\/"]}]},{"@type":"ImageObject","inLanguage":"pl-PL","@id":"https:\/\/gardeon.pl\/pl\/blog\/domek-ogrodowy-29-x-256-m-z-mala-wiata\/#primaryimage","url":"https:\/\/gardeon.pl\/wp-content\/uploads\/2020\/11\/GARDEON-foto-od-zakaznikov-102.jpg","contentUrl":"https:\/\/gardeon.pl\/wp-content\/uploads\/2020\/11\/GARDEON-foto-od-zakaznikov-102.jpg","width":2016,"height":1512,"caption":"Bia\u0142y domek ogrodowy w ogrodzie"},{"@type":"BreadcrumbList","@id":"https:\/\/gardeon.pl\/pl\/blog\/domek-ogrodowy-29-x-256-m-z-mala-wiata\/#breadcrumb","itemListElement":[{"@type":"ListItem","position":1,"name":"Domov","item":"https:\/\/gardeon.pl\/pl\/"},{"@type":"ListItem","position":2,"name":"Domek ogrodowy 2,9 x 2,56 m z ma\u0142\u0105 wiat\u0105"}]},{"@type":"WebSite","@id":"https:\/\/gardeon.pl\/#website","url":"https:\/\/gardeon.pl\/","name":"GARDEON","description":"","potentialAction":[{"@type":"SearchAction","target":{"@type":"EntryPoint","urlTemplate":"https:\/\/gardeon.pl\/?s={search_term_string}"},"query-input":{"@type":"PropertyValueSpecification","valueRequired":true,"valueName":"search_term_string"}}],"inLanguage":"pl-PL"},{"@type":"Person","@id":"https:\/\/gardeon.pl\/#\/schema\/person\/a5762ca5f0790bf92774af0899379463","name":"editor","image":{"@type":"ImageObject","inLanguage":"pl-PL","@id":"https:\/\/secure.gravatar.com\/avatar\/2b748151c2c748327307fd289a91b3bdafdd9e64e2d000e65e53d6dcf11c5830?s=96&d=mm&r=g","url":"https:\/\/secure.gravatar.com\/avatar\/2b748151c2c748327307fd289a91b3bdafdd9e64e2d000e65e53d6dcf11c5830?s=96&d=mm&r=g","contentUrl":"https:\/\/secure.gravatar.com\/avatar\/2b748151c2c748327307fd289a91b3bdafdd9e64e2d000e65e53d6dcf11c5830?s=96&d=mm&r=g","caption":"editor"}}]}},"_links":{"self":[{"href":"https:\/\/gardeon.pl\/pl\/wp-json\/wp\/v2\/posts\/46874","targetHints":{"allow":["GET"]}}],"collection":[{"href":"https:\/\/gardeon.pl\/pl\/wp-json\/wp\/v2\/posts"}],"about":[{"href":"https:\/\/gardeon.pl\/pl\/wp-json\/wp\/v2\/types\/post"}],"author":[{"embeddable":true,"href":"https:\/\/gardeon.pl\/pl\/wp-json\/wp\/v2\/users\/2"}],"replies":[{"embeddable":true,"href":"https:\/\/gardeon.pl\/pl\/wp-json\/wp\/v2\/comments?post=46874"}],"version-history":[{"count":0,"href":"https:\/\/gardeon.pl\/pl\/wp-json\/wp\/v2\/posts\/46874\/revisions"}],"wp:featuredmedia":[{"embeddable":true,"href":"https:\/\/gardeon.pl\/pl\/wp-json\/wp\/v2\/media\/46879"}],"wp:attachment":[{"href":"https:\/\/gardeon.pl\/pl\/wp-json\/wp\/v2\/media?parent=46874"}],"wp:term":[{"taxonomy":"category","embeddable":true,"href":"https:\/\/gardeon.pl\/pl\/wp-json\/wp\/v2\/categories?post=46874"},{"taxonomy":"post_tag","embeddable":true,"href":"https:\/\/gardeon.pl\/pl\/wp-json\/wp\/v2\/tags?post=46874"}],"curies":[{"name":"wp","href":"https:\/\/api.w.org\/{rel}","templated":true}]}}