{"id":46882,"date":"2026-04-23T17:41:15","date_gmt":"2026-04-23T15:41:15","guid":{"rendered":"https:\/\/gardeon.pl\/blog\/garaz-na-jeden-samochod-4-x-602-m\/"},"modified":"2026-04-23T19:04:51","modified_gmt":"2026-04-23T17:04:51","slug":"garaz-na-jeden-samochod-4-x-602-m","status":"publish","type":"post","link":"https:\/\/gardeon.pl\/pl\/blog\/garaz-na-jeden-samochod-4-x-602-m\/","title":{"rendered":"Gara\u017c na jeden samoch\u00f3d 4 x 6,02 m"},"content":{"rendered":"<h2><b>Jak to si\u0119 wszystko zacz\u0119\u0142o?<\/b><\/h2>\n<p><span style=\"font-weight: 400;\">Pan Dugovi\u010d skontaktowa\u0142 si\u0119 z nami po raz pierwszy w listopadzie.<\/span><\/p>\n<p><!--more--><span style=\"font-weight: 400;\">Na naszej stronie <\/span><a href=\"http:\/\/gardeon.pl\/konfigurator\/\"><span style=\"font-weight: 400;\">skorzysta\u0142 z konfiguratora<\/span><\/a><span style=\"font-weight: 400;\">. Pan Dugovi\u010d zam\u00f3wi\u0142 gara\u017c wiosn\u0105, w kwietniu nast\u0119pnego roku, a nawet pojecha\u0142 obejrze\u0107 gotowy gara\u017c u jednego z naszych klient\u00f3w. Podoba\u0142o mu si\u0119, jak wygl\u0105da on w rzeczywisto\u015bci, podczas codziennego u\u017cytkowania. Gara\u017c zamontowali\u015bmy w czerwcu.<\/span><\/p>\n<p><img loading=\"lazy\" decoding=\"async\" class=\"aligncenter wp-image-29378\" src=\"http:\/\/gardeon.pl\/wp-content\/uploads\/2020\/11\/Dugovic-2.jpg\" alt=\"Murowane ogrodzenie wok\u00f3\u0142 domu\" width=\"800\" height=\"600\" srcset=\"https:\/\/gardeon.pl\/wp-content\/uploads\/2020\/11\/Dugovic-2.jpg 1200w, https:\/\/gardeon.pl\/wp-content\/uploads\/2020\/11\/Dugovic-2-300x225.jpg 300w, https:\/\/gardeon.pl\/wp-content\/uploads\/2020\/11\/Dugovic-2-1024x768.jpg 1024w, https:\/\/gardeon.pl\/wp-content\/uploads\/2020\/11\/Dugovic-2-768x576.jpg 768w\" sizes=\"auto, (max-width: 800px) 100vw, 800px\" \/><\/p>\n<p><img loading=\"lazy\" decoding=\"async\" class=\"aligncenter wp-image-29380\" src=\"http:\/\/gardeon.pl\/wp-content\/uploads\/2020\/11\/Dugovic-3.jpg\" alt=\"Bia\u0142y samoch\u00f3d przy zielonym domu\" width=\"800\" height=\"600\" srcset=\"https:\/\/gardeon.pl\/wp-content\/uploads\/2020\/11\/Dugovic-3.jpg 1200w, https:\/\/gardeon.pl\/wp-content\/uploads\/2020\/11\/Dugovic-3-300x225.jpg 300w, https:\/\/gardeon.pl\/wp-content\/uploads\/2020\/11\/Dugovic-3-1024x768.jpg 1024w, https:\/\/gardeon.pl\/wp-content\/uploads\/2020\/11\/Dugovic-3-768x576.jpg 768w\" sizes=\"auto, (max-width: 800px) 100vw, 800px\" \/><\/p>\n<h3><b>Opinia \u015bwie\u017co po monta\u017cu<\/b><\/h3>\n<p><i><span style=\"font-weight: 400;\">\u201eOg\u00f3lna wsp\u00f3\u0142praca OK, dobre podej\u015bcie, komunikacja, jeste\u015bcie do\u015b\u0107 obci\u0105\u017ceni prac\u0105, wi\u0119c czasem trudno dodzwoni\u0107 si\u0119 do w\u0142a\u015bciwej osoby odpowiedzialnej, ale by\u0142o to ca\u0142kiem mo\u017cliwe. Doceniam ch\u0119\u0107 pomocy. Na pewno b\u0119d\u0119 poleca\u0107. Nawet dwie osoby pyta\u0142y mnie o kontakt do Pa\u0144stwa ju\u017c po pierwszym dniu monta\u017cu. Wszyscy s\u0105siedzi, znajomi, rodzina, koledzy wyrazili bardzo dobre, pozytywne opinie o ko\u0144cowym dziele. Przychodzili ogl\u0105da\u0107 gara\u017c jak do ZOO lub na wystaw\u0119 :) Trzymam kciuki za ma\u0142e, rodzime firmy, wspieram je i dlatego wybra\u0142em w\u0142a\u015bnie Pa\u0144stwa. \u017bycz\u0119 du\u017co szcz\u0119\u015bcia\u201d.      <\/span><\/i><\/p>\n<h2><b>A jakie s\u0105 jego wra\u017cenia z perspektywy czasu?<\/b><\/h2>\n<p><i><span style=\"font-weight: 400;\">\u201eGara\u017c s\u0142u\u017cy ku zadowoleniu zar\u00f3wno latem, jak i zim\u0105. Chroni samoch\u00f3d przed s\u0142o\u0144cem, uszkodzeniem lakieru, ptasimi odchodami, gryzoniami, zimnem, mrozem i porannym skrobaniem szyb, a tak\u017ce zapewnia bezpiecze\u0144stwo jako takie przed ewentualn\u0105 kradzie\u017c\u0105. Dzi\u015b gara\u017c jest jeszcze \u0142adnie uzupe\u0142niony o oko\u0142o 12-metrow\u0105 wiat\u0119 przed bram\u0105, dzi\u0119ki czemu przechodz\u0119 such\u0105 stop\u0105 z domu prosto do gara\u017cu i odwrotnie, co by\u0142o moim marzeniem\u201d.  <\/span><\/i><\/p>\n<h3><b>Zdj\u0119cia cz\u0119\u015bci zewn\u0119trznej<\/b><\/h3>\n<p><a href=\"http:\/\/gardeon.pl\/wp-content\/uploads\/2020\/11\/Dugovic-6.jpg\"><img loading=\"lazy\" decoding=\"async\" class=\"aligncenter wp-image-29386\" src=\"http:\/\/gardeon.pl\/wp-content\/uploads\/2020\/11\/Dugovic-6.jpg\" alt=\"Szary gara\u017c w ogrodzie przy ogrodzeniu\" width=\"800\" height=\"600\" srcset=\"https:\/\/gardeon.pl\/wp-content\/uploads\/2020\/11\/Dugovic-6.jpg 1200w, https:\/\/gardeon.pl\/wp-content\/uploads\/2020\/11\/Dugovic-6-300x225.jpg 300w, https:\/\/gardeon.pl\/wp-content\/uploads\/2020\/11\/Dugovic-6-1024x768.jpg 1024w, https:\/\/gardeon.pl\/wp-content\/uploads\/2020\/11\/Dugovic-6-768x576.jpg 768w\" sizes=\"auto, (max-width: 800px) 100vw, 800px\" \/><\/a><\/p>\n<p><a href=\"http:\/\/gardeon.pl\/wp-content\/uploads\/2020\/11\/Dugovic-5.jpg\"><img loading=\"lazy\" decoding=\"async\" class=\"aligncenter wp-image-29384\" src=\"http:\/\/gardeon.pl\/wp-content\/uploads\/2020\/11\/Dugovic-5.jpg\" alt=\"Szary gara\u017c w ogrodzie\" width=\"800\" height=\"600\" srcset=\"https:\/\/gardeon.pl\/wp-content\/uploads\/2020\/11\/Dugovic-5.jpg 1200w, https:\/\/gardeon.pl\/wp-content\/uploads\/2020\/11\/Dugovic-5-300x225.jpg 300w, https:\/\/gardeon.pl\/wp-content\/uploads\/2020\/11\/Dugovic-5-1024x768.jpg 1024w, https:\/\/gardeon.pl\/wp-content\/uploads\/2020\/11\/Dugovic-5-768x576.jpg 768w\" sizes=\"auto, (max-width: 800px) 100vw, 800px\" \/><\/a><\/p>\n<p><a href=\"http:\/\/gardeon.pl\/wp-content\/uploads\/2020\/11\/Dugovic-14.jpg\"><img loading=\"lazy\" decoding=\"async\" class=\"aligncenter wp-image-29376\" src=\"http:\/\/gardeon.pl\/wp-content\/uploads\/2020\/11\/Dugovic-14.jpg\" alt=\"Bok gara\u017cu przy ogrodzeniu\" width=\"800\" height=\"1067\" srcset=\"https:\/\/gardeon.pl\/wp-content\/uploads\/2020\/11\/Dugovic-14.jpg 900w, https:\/\/gardeon.pl\/wp-content\/uploads\/2020\/11\/Dugovic-14-225x300.jpg 225w, https:\/\/gardeon.pl\/wp-content\/uploads\/2020\/11\/Dugovic-14-768x1024.jpg 768w\" sizes=\"auto, (max-width: 800px) 100vw, 800px\" \/><\/a><\/p>\n<p><a href=\"http:\/\/gardeon.pl\/wp-content\/uploads\/2020\/11\/Dugovic-7.jpg\"><img loading=\"lazy\" decoding=\"async\" class=\"aligncenter wp-image-29390\" src=\"http:\/\/gardeon.pl\/wp-content\/uploads\/2020\/11\/Dugovic-7.jpg\" alt=\"Samoch\u00f3d w gara\u017cu\" width=\"800\" height=\"600\" srcset=\"https:\/\/gardeon.pl\/wp-content\/uploads\/2020\/11\/Dugovic-7.jpg 1200w, https:\/\/gardeon.pl\/wp-content\/uploads\/2020\/11\/Dugovic-7-300x225.jpg 300w, https:\/\/gardeon.pl\/wp-content\/uploads\/2020\/11\/Dugovic-7-1024x768.jpg 1024w, https:\/\/gardeon.pl\/wp-content\/uploads\/2020\/11\/Dugovic-7-768x576.jpg 768w\" sizes=\"auto, (max-width: 800px) 100vw, 800px\" \/><\/a><\/p>\n<h3><b>Zdj\u0119cia cz\u0119\u015bci wewn\u0119trznej<\/b><\/h3>\n<p><img loading=\"lazy\" decoding=\"async\" class=\"aligncenter wp-image-29392\" src=\"http:\/\/gardeon.pl\/wp-content\/uploads\/2020\/11\/Dugovic-8.jpg\" alt=\"Samoch\u00f3d w gara\u017cu z lewej strony\" width=\"800\" height=\"600\" srcset=\"https:\/\/gardeon.pl\/wp-content\/uploads\/2020\/11\/Dugovic-8.jpg 1200w, https:\/\/gardeon.pl\/wp-content\/uploads\/2020\/11\/Dugovic-8-300x225.jpg 300w, https:\/\/gardeon.pl\/wp-content\/uploads\/2020\/11\/Dugovic-8-1024x768.jpg 1024w, https:\/\/gardeon.pl\/wp-content\/uploads\/2020\/11\/Dugovic-8-768x576.jpg 768w\" sizes=\"auto, (max-width: 800px) 100vw, 800px\" \/><a href=\"http:\/\/gardeon.pl\/wp-content\/uploads\/2020\/11\/Dugovic-9.jpg\"><img loading=\"lazy\" decoding=\"async\" class=\"aligncenter wp-image-29394\" src=\"http:\/\/gardeon.pl\/wp-content\/uploads\/2020\/11\/Dugovic-9.jpg\" alt=\"Wn\u0119trze gara\u017cu ze sto\u0142em na narz\u0119dzia\" width=\"800\" height=\"600\" srcset=\"https:\/\/gardeon.pl\/wp-content\/uploads\/2020\/11\/Dugovic-9.jpg 1200w, https:\/\/gardeon.pl\/wp-content\/uploads\/2020\/11\/Dugovic-9-300x225.jpg 300w, https:\/\/gardeon.pl\/wp-content\/uploads\/2020\/11\/Dugovic-9-1024x768.jpg 1024w, https:\/\/gardeon.pl\/wp-content\/uploads\/2020\/11\/Dugovic-9-768x576.jpg 768w\" sizes=\"auto, (max-width: 800px) 100vw, 800px\" \/><\/a><\/p>\n<p><a href=\"http:\/\/gardeon.pl\/wp-content\/uploads\/2020\/11\/Dugovic-10.jpg\"><img loading=\"lazy\" decoding=\"async\" class=\"aligncenter wp-image-29396\" src=\"http:\/\/gardeon.pl\/wp-content\/uploads\/2020\/11\/Dugovic-10.jpg\" alt=\"Widok na wn\u0119trze gara\u017cu\" width=\"800\" height=\"600\" srcset=\"https:\/\/gardeon.pl\/wp-content\/uploads\/2020\/11\/Dugovic-10.jpg 1200w, https:\/\/gardeon.pl\/wp-content\/uploads\/2020\/11\/Dugovic-10-300x225.jpg 300w, https:\/\/gardeon.pl\/wp-content\/uploads\/2020\/11\/Dugovic-10-1024x768.jpg 1024w, https:\/\/gardeon.pl\/wp-content\/uploads\/2020\/11\/Dugovic-10-768x576.jpg 768w\" sizes=\"auto, (max-width: 800px) 100vw, 800px\" \/><\/a><\/p>\n<p><a href=\"http:\/\/gardeon.pl\/wp-content\/uploads\/2020\/11\/Dugovic-11.jpg\"><img loading=\"lazy\" decoding=\"async\" class=\"aligncenter wp-image-29398\" src=\"http:\/\/gardeon.pl\/wp-content\/uploads\/2020\/11\/Dugovic-11.jpg\" alt=\"Sufit gara\u017cu\" width=\"800\" height=\"600\" srcset=\"https:\/\/gardeon.pl\/wp-content\/uploads\/2020\/11\/Dugovic-11.jpg 1200w, https:\/\/gardeon.pl\/wp-content\/uploads\/2020\/11\/Dugovic-11-300x225.jpg 300w, https:\/\/gardeon.pl\/wp-content\/uploads\/2020\/11\/Dugovic-11-1024x768.jpg 1024w, https:\/\/gardeon.pl\/wp-content\/uploads\/2020\/11\/Dugovic-11-768x576.jpg 768w\" sizes=\"auto, (max-width: 800px) 100vw, 800px\" \/><\/a><\/p>\n<h2><b>Podsumowanie<\/b><\/h2>\n<ul>\n<li style=\"font-weight: 400;\" aria-level=\"1\"><span style=\"font-weight: 400;\">czas budowy \u2013 4 godziny<\/span><\/li>\n<li style=\"font-weight: 400;\" aria-level=\"1\"><span style=\"font-weight: 400;\">wymiary gara\u017cu \u2013 4 000 x 6 020 mm<\/span><\/li>\n<li style=\"font-weight: 400;\" aria-level=\"1\"><span style=\"font-weight: 400;\">wyposa\u017cenie ekskluzywne \u2013 <\/span><a href=\"https:\/\/gardeon.pl\/pl\/garaze\/akcesoria-dodatki\/dach-do-garazu\/\"><span style=\"font-weight: 400;\">sufit THP<\/span><\/a><\/li>\n<li style=\"font-weight: 400;\" aria-level=\"1\"><span style=\"font-weight: 400;\">cena gara\u017cu w momencie zam\u00f3wienia \u2013 ok. 130 000 CZK z VAT<\/span><\/li>\n<\/ul>\n<p><span style=\"font-weight: 400;\"> <\/span><\/p>\n<h3 style=\"text-align: center;\">Dzi\u0119kujemy panu Dugovi\u010dowi za opini\u0119 i zdj\u0119cia :)<\/h3>\n","protected":false},"excerpt":{"rendered":"<p>Jak to si\u0119 wszystko zacz\u0119\u0142o? Pan Dugovi\u010d skontaktowa\u0142 si\u0119 z nami po raz pierwszy w listopadzie.<\/p>\n","protected":false},"author":2,"featured_media":46894,"comment_status":"open","ping_status":"open","sticky":false,"template":"","format":"standard","meta":{"_acf_changed":false,"inline_featured_image":false,"footnotes":""},"categories":[770,716],"tags":[776,587,581,582,579,777,779,775],"class_list":["post-46882","post","type-post","status-publish","format-standard","has-post-thumbnail","hentry","category-garaze","category-jak-sie-zyje-z-gardeon","tag-aszsg","tag-brama-garazowa","tag-garaz","tag-garaz-gardeon","tag-gardeon","tag-jak-sie-zyje-z-gardeonem","tag-malacky","tag-martin"],"acf":[],"yoast_head":"<!-- This site is optimized with the Yoast SEO plugin v27.4 - https:\/\/yoast.com\/product\/yoast-seo-wordpress\/ -->\n<title>Gara\u017c na jeden samoch\u00f3d 4 x 6,02 m | GARDEON<\/title>\n<meta name=\"robots\" content=\"index, follow, max-snippet:-1, max-image-preview:large, max-video-preview:-1\" \/>\n<link rel=\"canonical\" href=\"https:\/\/gardeon.pl\/pl\/blog\/garaz-na-jeden-samochod-4-x-602-m\/\" \/>\n<meta property=\"og:locale\" content=\"pl_PL\" \/>\n<meta property=\"og:type\" content=\"article\" \/>\n<meta property=\"og:title\" content=\"Gara\u017c na jeden samoch\u00f3d 4 x 6,02 m | GARDEON\" \/>\n<meta property=\"og:description\" content=\"Jak to si\u0119 wszystko zacz\u0119\u0142o? Pan Dugovi\u010d skontaktowa\u0142 si\u0119 z nami po raz pierwszy w listopadzie.\" \/>\n<meta property=\"og:url\" content=\"https:\/\/gardeon.pl\/pl\/blog\/garaz-na-jeden-samochod-4-x-602-m\/\" \/>\n<meta property=\"og:site_name\" content=\"GARDEON\" \/>\n<meta property=\"article:published_time\" content=\"2026-04-23T15:41:15+00:00\" \/>\n<meta property=\"article:modified_time\" content=\"2026-04-23T17:04:51+00:00\" \/>\n<meta property=\"og:image\" content=\"http:\/\/gardeon.pl\/wp-content\/uploads\/2020\/11\/Dugovic-7.jpg\" \/>\n\t<meta property=\"og:image:width\" content=\"1200\" \/>\n\t<meta property=\"og:image:height\" content=\"900\" \/>\n\t<meta property=\"og:image:type\" content=\"image\/jpeg\" \/>\n<meta name=\"author\" content=\"editor\" \/>\n<meta name=\"twitter:card\" content=\"summary_large_image\" \/>\n<meta name=\"twitter:label1\" content=\"Napisane przez\" \/>\n\t<meta name=\"twitter:data1\" content=\"editor\" \/>\n\t<meta name=\"twitter:label2\" content=\"Szacowany czas czytania\" \/>\n\t<meta name=\"twitter:data2\" content=\"2 minuty\" \/>\n<script type=\"application\/ld+json\" class=\"yoast-schema-graph\">{\"@context\":\"https:\\\/\\\/schema.org\",\"@graph\":[{\"@type\":\"Article\",\"@id\":\"https:\\\/\\\/gardeon.pl\\\/pl\\\/blog\\\/garaz-na-jeden-samochod-4-x-602-m\\\/#article\",\"isPartOf\":{\"@id\":\"https:\\\/\\\/gardeon.pl\\\/pl\\\/blog\\\/garaz-na-jeden-samochod-4-x-602-m\\\/\"},\"author\":{\"name\":\"editor\",\"@id\":\"https:\\\/\\\/gardeon.pl\\\/#\\\/schema\\\/person\\\/a5762ca5f0790bf92774af0899379463\"},\"headline\":\"Gara\u017c na jeden samoch\u00f3d 4 x 6,02 m\",\"datePublished\":\"2026-04-23T15:41:15+00:00\",\"dateModified\":\"2026-04-23T17:04:51+00:00\",\"mainEntityOfPage\":{\"@id\":\"https:\\\/\\\/gardeon.pl\\\/pl\\\/blog\\\/garaz-na-jeden-samochod-4-x-602-m\\\/\"},\"wordCount\":317,\"commentCount\":0,\"image\":{\"@id\":\"https:\\\/\\\/gardeon.pl\\\/pl\\\/blog\\\/garaz-na-jeden-samochod-4-x-602-m\\\/#primaryimage\"},\"thumbnailUrl\":\"https:\\\/\\\/gardeon.pl\\\/wp-content\\\/uploads\\\/2020\\\/11\\\/Dugovic-7.jpg\",\"keywords\":[\"aszsg\",\"brama gara\u017cowa\",\"gara\u017c\",\"gara\u017c gardeon\",\"GARDEON\",\"jak si\u0119 \u017cyje z gardeonem\",\"malacky\",\"martin\"],\"articleSection\":[\"Gara\u017ce\",\"Jak si\u0119 \u017cyje z GARDEON\"],\"inLanguage\":\"pl-PL\",\"potentialAction\":[{\"@type\":\"CommentAction\",\"name\":\"Comment\",\"target\":[\"https:\\\/\\\/gardeon.pl\\\/pl\\\/blog\\\/garaz-na-jeden-samochod-4-x-602-m\\\/#respond\"]}]},{\"@type\":\"WebPage\",\"@id\":\"https:\\\/\\\/gardeon.pl\\\/pl\\\/blog\\\/garaz-na-jeden-samochod-4-x-602-m\\\/\",\"url\":\"https:\\\/\\\/gardeon.pl\\\/pl\\\/blog\\\/garaz-na-jeden-samochod-4-x-602-m\\\/\",\"name\":\"Gara\u017c na jeden samoch\u00f3d 4 x 6,02 m | GARDEON\",\"isPartOf\":{\"@id\":\"https:\\\/\\\/gardeon.pl\\\/#website\"},\"primaryImageOfPage\":{\"@id\":\"https:\\\/\\\/gardeon.pl\\\/pl\\\/blog\\\/garaz-na-jeden-samochod-4-x-602-m\\\/#primaryimage\"},\"image\":{\"@id\":\"https:\\\/\\\/gardeon.pl\\\/pl\\\/blog\\\/garaz-na-jeden-samochod-4-x-602-m\\\/#primaryimage\"},\"thumbnailUrl\":\"https:\\\/\\\/gardeon.pl\\\/wp-content\\\/uploads\\\/2020\\\/11\\\/Dugovic-7.jpg\",\"datePublished\":\"2026-04-23T15:41:15+00:00\",\"dateModified\":\"2026-04-23T17:04:51+00:00\",\"author\":{\"@id\":\"https:\\\/\\\/gardeon.pl\\\/#\\\/schema\\\/person\\\/a5762ca5f0790bf92774af0899379463\"},\"breadcrumb\":{\"@id\":\"https:\\\/\\\/gardeon.pl\\\/pl\\\/blog\\\/garaz-na-jeden-samochod-4-x-602-m\\\/#breadcrumb\"},\"inLanguage\":\"pl-PL\",\"potentialAction\":[{\"@type\":\"ReadAction\",\"target\":[\"https:\\\/\\\/gardeon.pl\\\/pl\\\/blog\\\/garaz-na-jeden-samochod-4-x-602-m\\\/\"]}]},{\"@type\":\"ImageObject\",\"inLanguage\":\"pl-PL\",\"@id\":\"https:\\\/\\\/gardeon.pl\\\/pl\\\/blog\\\/garaz-na-jeden-samochod-4-x-602-m\\\/#primaryimage\",\"url\":\"https:\\\/\\\/gardeon.pl\\\/wp-content\\\/uploads\\\/2020\\\/11\\\/Dugovic-7.jpg\",\"contentUrl\":\"https:\\\/\\\/gardeon.pl\\\/wp-content\\\/uploads\\\/2020\\\/11\\\/Dugovic-7.jpg\",\"width\":1200,\"height\":900,\"caption\":\"Samoch\u00f3d w gara\u017cu z p\u0142askim dachem 2\"},{\"@type\":\"BreadcrumbList\",\"@id\":\"https:\\\/\\\/gardeon.pl\\\/pl\\\/blog\\\/garaz-na-jeden-samochod-4-x-602-m\\\/#breadcrumb\",\"itemListElement\":[{\"@type\":\"ListItem\",\"position\":1,\"name\":\"Domov\",\"item\":\"https:\\\/\\\/gardeon.pl\\\/pl\\\/\"},{\"@type\":\"ListItem\",\"position\":2,\"name\":\"Gara\u017c na jeden samoch\u00f3d 4 x 6,02 m\"}]},{\"@type\":\"WebSite\",\"@id\":\"https:\\\/\\\/gardeon.pl\\\/#website\",\"url\":\"https:\\\/\\\/gardeon.pl\\\/\",\"name\":\"GARDEON\",\"description\":\"\",\"potentialAction\":[{\"@type\":\"SearchAction\",\"target\":{\"@type\":\"EntryPoint\",\"urlTemplate\":\"https:\\\/\\\/gardeon.pl\\\/?s={search_term_string}\"},\"query-input\":{\"@type\":\"PropertyValueSpecification\",\"valueRequired\":true,\"valueName\":\"search_term_string\"}}],\"inLanguage\":\"pl-PL\"},{\"@type\":\"Person\",\"@id\":\"https:\\\/\\\/gardeon.pl\\\/#\\\/schema\\\/person\\\/a5762ca5f0790bf92774af0899379463\",\"name\":\"editor\",\"image\":{\"@type\":\"ImageObject\",\"inLanguage\":\"pl-PL\",\"@id\":\"https:\\\/\\\/secure.gravatar.com\\\/avatar\\\/2b748151c2c748327307fd289a91b3bdafdd9e64e2d000e65e53d6dcf11c5830?s=96&d=mm&r=g\",\"url\":\"https:\\\/\\\/secure.gravatar.com\\\/avatar\\\/2b748151c2c748327307fd289a91b3bdafdd9e64e2d000e65e53d6dcf11c5830?s=96&d=mm&r=g\",\"contentUrl\":\"https:\\\/\\\/secure.gravatar.com\\\/avatar\\\/2b748151c2c748327307fd289a91b3bdafdd9e64e2d000e65e53d6dcf11c5830?s=96&d=mm&r=g\",\"caption\":\"editor\"}}]}<\/script>\n<!-- \/ Yoast SEO plugin. -->","yoast_head_json":{"title":"Gara\u017c na jeden samoch\u00f3d 4 x 6,02 m | GARDEON","robots":{"index":"index","follow":"follow","max-snippet":"max-snippet:-1","max-image-preview":"max-image-preview:large","max-video-preview":"max-video-preview:-1"},"canonical":"https:\/\/gardeon.pl\/pl\/blog\/garaz-na-jeden-samochod-4-x-602-m\/","og_locale":"pl_PL","og_type":"article","og_title":"Gara\u017c na jeden samoch\u00f3d 4 x 6,02 m | GARDEON","og_description":"Jak to si\u0119 wszystko zacz\u0119\u0142o? Pan Dugovi\u010d skontaktowa\u0142 si\u0119 z nami po raz pierwszy w listopadzie.","og_url":"https:\/\/gardeon.pl\/pl\/blog\/garaz-na-jeden-samochod-4-x-602-m\/","og_site_name":"GARDEON","article_published_time":"2026-04-23T15:41:15+00:00","article_modified_time":"2026-04-23T17:04:51+00:00","og_image":[{"width":1200,"height":900,"url":"http:\/\/gardeon.pl\/wp-content\/uploads\/2020\/11\/Dugovic-7.jpg","type":"image\/jpeg"}],"author":"editor","twitter_card":"summary_large_image","twitter_misc":{"Napisane przez":"editor","Szacowany czas czytania":"2 minuty"},"schema":{"@context":"https:\/\/schema.org","@graph":[{"@type":"Article","@id":"https:\/\/gardeon.pl\/pl\/blog\/garaz-na-jeden-samochod-4-x-602-m\/#article","isPartOf":{"@id":"https:\/\/gardeon.pl\/pl\/blog\/garaz-na-jeden-samochod-4-x-602-m\/"},"author":{"name":"editor","@id":"https:\/\/gardeon.pl\/#\/schema\/person\/a5762ca5f0790bf92774af0899379463"},"headline":"Gara\u017c na jeden samoch\u00f3d 4 x 6,02 m","datePublished":"2026-04-23T15:41:15+00:00","dateModified":"2026-04-23T17:04:51+00:00","mainEntityOfPage":{"@id":"https:\/\/gardeon.pl\/pl\/blog\/garaz-na-jeden-samochod-4-x-602-m\/"},"wordCount":317,"commentCount":0,"image":{"@id":"https:\/\/gardeon.pl\/pl\/blog\/garaz-na-jeden-samochod-4-x-602-m\/#primaryimage"},"thumbnailUrl":"https:\/\/gardeon.pl\/wp-content\/uploads\/2020\/11\/Dugovic-7.jpg","keywords":["aszsg","brama gara\u017cowa","gara\u017c","gara\u017c gardeon","GARDEON","jak si\u0119 \u017cyje z gardeonem","malacky","martin"],"articleSection":["Gara\u017ce","Jak si\u0119 \u017cyje z GARDEON"],"inLanguage":"pl-PL","potentialAction":[{"@type":"CommentAction","name":"Comment","target":["https:\/\/gardeon.pl\/pl\/blog\/garaz-na-jeden-samochod-4-x-602-m\/#respond"]}]},{"@type":"WebPage","@id":"https:\/\/gardeon.pl\/pl\/blog\/garaz-na-jeden-samochod-4-x-602-m\/","url":"https:\/\/gardeon.pl\/pl\/blog\/garaz-na-jeden-samochod-4-x-602-m\/","name":"Gara\u017c na jeden samoch\u00f3d 4 x 6,02 m | GARDEON","isPartOf":{"@id":"https:\/\/gardeon.pl\/#website"},"primaryImageOfPage":{"@id":"https:\/\/gardeon.pl\/pl\/blog\/garaz-na-jeden-samochod-4-x-602-m\/#primaryimage"},"image":{"@id":"https:\/\/gardeon.pl\/pl\/blog\/garaz-na-jeden-samochod-4-x-602-m\/#primaryimage"},"thumbnailUrl":"https:\/\/gardeon.pl\/wp-content\/uploads\/2020\/11\/Dugovic-7.jpg","datePublished":"2026-04-23T15:41:15+00:00","dateModified":"2026-04-23T17:04:51+00:00","author":{"@id":"https:\/\/gardeon.pl\/#\/schema\/person\/a5762ca5f0790bf92774af0899379463"},"breadcrumb":{"@id":"https:\/\/gardeon.pl\/pl\/blog\/garaz-na-jeden-samochod-4-x-602-m\/#breadcrumb"},"inLanguage":"pl-PL","potentialAction":[{"@type":"ReadAction","target":["https:\/\/gardeon.pl\/pl\/blog\/garaz-na-jeden-samochod-4-x-602-m\/"]}]},{"@type":"ImageObject","inLanguage":"pl-PL","@id":"https:\/\/gardeon.pl\/pl\/blog\/garaz-na-jeden-samochod-4-x-602-m\/#primaryimage","url":"https:\/\/gardeon.pl\/wp-content\/uploads\/2020\/11\/Dugovic-7.jpg","contentUrl":"https:\/\/gardeon.pl\/wp-content\/uploads\/2020\/11\/Dugovic-7.jpg","width":1200,"height":900,"caption":"Samoch\u00f3d w gara\u017cu z p\u0142askim dachem 2"},{"@type":"BreadcrumbList","@id":"https:\/\/gardeon.pl\/pl\/blog\/garaz-na-jeden-samochod-4-x-602-m\/#breadcrumb","itemListElement":[{"@type":"ListItem","position":1,"name":"Domov","item":"https:\/\/gardeon.pl\/pl\/"},{"@type":"ListItem","position":2,"name":"Gara\u017c na jeden samoch\u00f3d 4 x 6,02 m"}]},{"@type":"WebSite","@id":"https:\/\/gardeon.pl\/#website","url":"https:\/\/gardeon.pl\/","name":"GARDEON","description":"","potentialAction":[{"@type":"SearchAction","target":{"@type":"EntryPoint","urlTemplate":"https:\/\/gardeon.pl\/?s={search_term_string}"},"query-input":{"@type":"PropertyValueSpecification","valueRequired":true,"valueName":"search_term_string"}}],"inLanguage":"pl-PL"},{"@type":"Person","@id":"https:\/\/gardeon.pl\/#\/schema\/person\/a5762ca5f0790bf92774af0899379463","name":"editor","image":{"@type":"ImageObject","inLanguage":"pl-PL","@id":"https:\/\/secure.gravatar.com\/avatar\/2b748151c2c748327307fd289a91b3bdafdd9e64e2d000e65e53d6dcf11c5830?s=96&d=mm&r=g","url":"https:\/\/secure.gravatar.com\/avatar\/2b748151c2c748327307fd289a91b3bdafdd9e64e2d000e65e53d6dcf11c5830?s=96&d=mm&r=g","contentUrl":"https:\/\/secure.gravatar.com\/avatar\/2b748151c2c748327307fd289a91b3bdafdd9e64e2d000e65e53d6dcf11c5830?s=96&d=mm&r=g","caption":"editor"}}]}},"_links":{"self":[{"href":"https:\/\/gardeon.pl\/pl\/wp-json\/wp\/v2\/posts\/46882","targetHints":{"allow":["GET"]}}],"collection":[{"href":"https:\/\/gardeon.pl\/pl\/wp-json\/wp\/v2\/posts"}],"about":[{"href":"https:\/\/gardeon.pl\/pl\/wp-json\/wp\/v2\/types\/post"}],"author":[{"embeddable":true,"href":"https:\/\/gardeon.pl\/pl\/wp-json\/wp\/v2\/users\/2"}],"replies":[{"embeddable":true,"href":"https:\/\/gardeon.pl\/pl\/wp-json\/wp\/v2\/comments?post=46882"}],"version-history":[{"count":0,"href":"https:\/\/gardeon.pl\/pl\/wp-json\/wp\/v2\/posts\/46882\/revisions"}],"wp:featuredmedia":[{"embeddable":true,"href":"https:\/\/gardeon.pl\/pl\/wp-json\/wp\/v2\/media\/46894"}],"wp:attachment":[{"href":"https:\/\/gardeon.pl\/pl\/wp-json\/wp\/v2\/media?parent=46882"}],"wp:term":[{"taxonomy":"category","embeddable":true,"href":"https:\/\/gardeon.pl\/pl\/wp-json\/wp\/v2\/categories?post=46882"},{"taxonomy":"post_tag","embeddable":true,"href":"https:\/\/gardeon.pl\/pl\/wp-json\/wp\/v2\/tags?post=46882"}],"curies":[{"name":"wp","href":"https:\/\/api.w.org\/{rel}","templated":true}]}}