{"id":46883,"date":"2026-04-23T17:41:15","date_gmt":"2026-04-23T15:41:15","guid":{"rendered":"https:\/\/gardeon.pl\/blog\/jak-wykorzystac-domek-ogrodowy-nie-tylko-latem\/"},"modified":"2026-04-23T19:04:51","modified_gmt":"2026-04-23T17:04:51","slug":"jak-wykorzystac-domek-ogrodowy-nie-tylko-latem","status":"publish","type":"post","link":"https:\/\/gardeon.pl\/pl\/blog\/jak-wykorzystac-domek-ogrodowy-nie-tylko-latem\/","title":{"rendered":"Jak wykorzysta\u0107 domek ogrodowy nie tylko latem?"},"content":{"rendered":"<p><i><span style=\"font-weight: 400;\">Cieszyli\u015bcie si\u0119 swoim ogrodem przez ca\u0142e lato? Ciep\u0142o, s\u0142o\u0144ce, kwiaty, \u015bwie\u017ce owoce i warzywa. Wieczory z rodzin\u0105 i przyjaci\u00f3\u0142mi w altanie ogrodowej. By\u0107 mo\u017ce pozwolili\u015bcie sobie nawet na luksus domowego basenu. Chocia\u017c lato si\u0119 ko\u0144czy, jesie\u0144 obdarzy nas jeszcze kilkoma ciep\u0142ymi dniami. Ale co potem? Do \u015awi\u0105t Bo\u017cego Narodzenia jeszcze daleko, a Pa\u0144stwo potrzebuj\u0105 schronienia, gdzie odpoczn\u0105 i na\u0142aduj\u0105 baterie po ca\u0142ym dniu w pracy. Co powiedz\u0105 Pa\u0144stwo na przekszta\u0142cenie domku ogrodowego w centrum relaksu, energii i rozrywki? Poka\u017cemy Pa\u0144stwu, jak to zrobi\u0107.        <\/span><\/i><\/p>\n<p><!--more--><\/p>\n<p><i><span style=\"font-weight: 400;\">Nasze 3 propozycje mo\u017cna zrealizowa\u0107 w r\u00f3\u017cnych wariantach. Dro\u017cszych i ta\u0144szych. W zale\u017cno\u015bci od tego, na co pozwala Pa\u0144stwa portfel. Poniewa\u017c b\u0119d\u0105 Pa\u0144stwo wykorzystywa\u0107 domek modu\u0142owy g\u0142\u00f3wnie zim\u0105, nale\u017cy przede wszystkim przewidzie\u0107 <\/span><\/i><i><span style=\"font-weight: 400;\">ocieplenie<\/span><\/i><i><span style=\"font-weight: 400;\">, ogrzewanie i doprowadzenie energii elektrycznej. Dla wi\u0119kszego komfortu warto r\u00f3wnie\u017c doprowadzi\u0107 wod\u0119. Jest ona niezb\u0119dna w przypadku <\/span><\/i><a href=\"https:\/\/www.saunynamieru.sk\/infrasauny-domace-sauny\/\"><i><span style=\"font-weight: 400;\">domowej sauny<\/span><\/i><\/a><i><span style=\"font-weight: 400;\"> i z pewno\u015bci\u0105 mile widziana, je\u015bli zdecyduj\u0105 si\u0119 Pa\u0144stwo na ogrodow\u0105 si\u0142owni\u0119.<\/span><\/i><\/p>\n<p><img loading=\"lazy\" decoding=\"async\" class=\"wp-image-19338 aligncenter\" src=\"http:\/\/gardeon.pl\/wp-content\/uploads\/2019\/04\/gabika-hanuskova-e1557491475791.jpg\" alt=\"Podw\u00f3jny domek ogrodowy GARDEON w bia\u0142ym tynku z br\u0105zowymi drzwiami Hormann\" width=\"800\" height=\"600\"><\/p>\n<h2 style=\"text-align: center;\">Zrelaksujcie si\u0119 Pa\u0144stwo w domowej saunie<\/h2>\n<p><span style=\"font-weight: 400;\">Maj\u0105 ju\u017c Pa\u0144stwo do\u015b\u0107 ciep\u0142a? Prosz\u0119 nam wierzy\u0107, \u017ce wkr\u00f3tce b\u0119dzie go Pa\u0144stwu brakowa\u0142o. Zdetoksykujcie si\u0119 i na\u0142adujcie baterie w ogrodowej saunie. Dzi\u0119ki temperaturze i wilgotno\u015bci wszystkie toksyny po prostu z Pa\u0144stwa ulotni\u0105 si\u0119. A gromadzi si\u0119 ich w nas w XXI wieku niema\u0142o! Pa\u0144stwa cia\u0142o doskonale si\u0119 zrelaksuje dzi\u0119ki rozlu\u017anieniu mi\u0119\u015bni. Korzystanie z sauny dodatkowo wspomaga ukrwienie organizmu i obni\u017ca poziom kortyzolu we krwi, znanego r\u00f3wnie\u017c jako hormon stresu. Nawet          <\/span><a href=\"https:\/\/www.polakova.sk\/ako-zrychlit-metabolizmus\/\"><span style=\"font-weight: 400;\">przyspiesza metabolizm<\/span><\/a><span style=\"font-weight: 400;\">. Zatem je\u015bli planuj\u0105 Pa\u0144stwo utrzyma\u0107 letni\u0105 sylwetk\u0119 r\u00f3wnie\u017c przez zim\u0119, \u015bmia\u0142o do dzie\u0142a.<\/span><\/p>\n<h2 style=\"text-align: center;\">Na\u0142adujcie si\u0119 Pa\u0144stwo energi\u0105 w domowej si\u0142owni<\/h2>\n<p style=\"text-align: left;\"><span style=\"font-weight: 400;\">Ruch w ch\u0142odnych miesi\u0105cach jest wi\u0119cej ni\u017c po\u017c\u0105dany. Niemniej mo\u017cliwo\u015bci s\u0105 ograniczone. Rozwi\u0105\u017ccie to Pa\u0144stwo domow\u0105 mini-si\u0142owni\u0105. Je\u015bli zainwestuj\u0105 Pa\u0144stwo w urz\u0105dzenia, takie jak     <\/span><a href=\"https:\/\/www.fitplus.sk\/posilnovacie-stroje?_fid=llwb&amp;gclid=EAIaIQobChMIu-WZ_KCP3QIVC8ayCh1JUQhGEAAYAiAAEgKKrvD_BwE\"><span style=\"font-weight: 400;\">bie\u017cnia czy rower stacjonarny<\/span><\/a><span style=\"font-weight: 400;\">, mog\u0105 Pa\u0144stwo cieszy\u0107 si\u0119 tymi rodzajami sportu r\u00f3wnie\u017c zim\u0105 (gdy na zewn\u0105trz s\u0105 niebezpieczne). W przypadku gdy nie dysponuj\u0105 Pa\u0144stwo wystarczaj\u0105cymi \u015brodkami na typowe wyposa\u017cenie si\u0142owni, nie nale\u017cy rozpacza\u0107. Dr\u0105\u017cek, hantle, pi\u0142ki gimnastyczne czy zawieszeniowe systemy treningowe potrafi\u0105 je w pe\u0142ni zast\u0105pi\u0107. Tylko przy nich bardziej pracuj\u0105 Pa\u0144stwo z ci\u0119\u017carem w\u0142asnego cia\u0142a. Ta\u0144sza wersja si\u0142owni ma kolejn\u0105 zalet\u0119 \u2013 przestrze\u0144 bez ci\u0119\u017ckich i du\u017cych urz\u0105dze\u0144 mo\u017cna wykorzysta\u0107 do \u0107wicze\u0144 jogi czy pilates. <\/span> <\/p>\n<p><a href=\"http:\/\/gardeon.pl\/wp-content\/uploads\/2020\/12\/GARDEON-foto-od-zakaznikov-148.jpg\"><img loading=\"lazy\" decoding=\"async\" class=\"aligncenter wp-image-29796\" src=\"http:\/\/gardeon.pl\/wp-content\/uploads\/2020\/12\/GARDEON-foto-od-zakaznikov-148.jpg\" alt=\"Kosiarka, narz\u0119dzia i przybory do \u0107wicze\u0144 wewn\u0105trz gara\u017cu\" width=\"800\" height=\"1067\" srcset=\"https:\/\/gardeon.pl\/wp-content\/uploads\/2020\/12\/GARDEON-foto-od-zakaznikov-148.jpg 1500w, https:\/\/gardeon.pl\/wp-content\/uploads\/2020\/12\/GARDEON-foto-od-zakaznikov-148-225x300.jpg 225w, https:\/\/gardeon.pl\/wp-content\/uploads\/2020\/12\/GARDEON-foto-od-zakaznikov-148-768x1024.jpg 768w, https:\/\/gardeon.pl\/wp-content\/uploads\/2020\/12\/GARDEON-foto-od-zakaznikov-148-1152x1536.jpg 1152w\" sizes=\"auto, (max-width: 800px) 100vw, 800px\" \/><\/a><\/p>\n<h2 style=\"text-align: center;\">Domowa sala zabaw nie tylko dla dzieci<\/h2>\n<p style=\"text-align: left;\"><span style=\"font-weight: 400;\">Nasza ostatnia propozycja sprawdzi si\u0119 r\u00f3wnie\u017c dla rodzin z dzie\u0107mi. Dzieciom do 15 lat zazwyczaj nie zale\u017cy na saunie ani si\u0142owni. Ale    <\/span><span style=\"font-weight: 400;\">domowa sala zabaw<\/span><span style=\"font-weight: 400;\">? Absolutne marzenie. Zgodnie ze swoimi preferencjami i mo\u017cliwo\u015bciami finansowymi nale\u017cy stworzy\u0107 centrum rozrywki. Przy wyborze sto\u0142u do ping-ponga, bilarda czy sto\u0142u wielofunkcyjnego nale\u017cy dopasowa\u0107 <\/span> <a href=\"http:\/\/gardeon.pl\/konfigurator\/zahradni-domky\/\"><span style=\"font-weight: 400;\">wymiary domku modu\u0142owego<\/span><\/a><span style=\"font-weight: 400;\"> do przestrzeni do gry, kt\u00f3rej Pa\u0144stwo potrzebuj\u0105. Natomiast pi\u0142karzyki czy tarcza do rzutek zmieszcz\u0105 si\u0119 nawet w mniejszych domkach ogrodowych. W ka\u017cdym razie nie mo\u017ce Pa\u0144stwu zabrakn\u0105\u0107 wygodnej kanapy i du\u017cego telewizora, by\u0107 mo\u017ce r\u00f3wnie\u017c z konsol\u0105 do gier. Dla mi\u0142o\u015bnik\u00f3w film\u00f3w i sportu polecamy raczej ekran z projektorem. Ale to zale\u017cy od Pa\u0144stwa.<\/span> <\/p>\n<p><a href=\"http:\/\/gardeon.pl\/wp-content\/uploads\/2020\/07\/GARDEON-foto-od-zakaznikov-5-scaled.jpg\"><img loading=\"lazy\" decoding=\"async\" class=\"wp-image-27442 aligncenter\" src=\"http:\/\/gardeon.pl\/wp-content\/uploads\/2020\/07\/GARDEON-foto-od-zakaznikov-5-scaled.jpg\" alt=\"Dziecko w domku ogrodowym\" width=\"800\" height=\"1067\" srcset=\"https:\/\/gardeon.pl\/wp-content\/uploads\/2020\/07\/GARDEON-foto-od-zakaznikov-5-scaled.jpg 1920w, https:\/\/gardeon.pl\/wp-content\/uploads\/2020\/07\/GARDEON-foto-od-zakaznikov-5-225x300.jpg 225w, https:\/\/gardeon.pl\/wp-content\/uploads\/2020\/07\/GARDEON-foto-od-zakaznikov-5-768x1024.jpg 768w, https:\/\/gardeon.pl\/wp-content\/uploads\/2020\/07\/GARDEON-foto-od-zakaznikov-5-1152x1536.jpg 1152w, https:\/\/gardeon.pl\/wp-content\/uploads\/2020\/07\/GARDEON-foto-od-zakaznikov-5-1536x2048.jpg 1536w\" sizes=\"auto, (max-width: 800px) 100vw, 800px\" \/><\/a><\/p>\n<p><a href=\"http:\/\/gardeon.pl\/wp-content\/uploads\/2020\/07\/GARDEON-foto-od-zakaznikov-3-scaled.jpg\"><img loading=\"lazy\" decoding=\"async\" class=\"wp-image-27438 aligncenter\" src=\"http:\/\/gardeon.pl\/wp-content\/uploads\/2020\/07\/GARDEON-foto-od-zakaznikov-3-scaled.jpg\" alt=\"Domek ogrodowy przy basenie dla dzieci\" width=\"800\" height=\"533\" srcset=\"https:\/\/gardeon.pl\/wp-content\/uploads\/2020\/07\/GARDEON-foto-od-zakaznikov-3-scaled.jpg 2560w, https:\/\/gardeon.pl\/wp-content\/uploads\/2020\/07\/GARDEON-foto-od-zakaznikov-3-300x200.jpg 300w, https:\/\/gardeon.pl\/wp-content\/uploads\/2020\/07\/GARDEON-foto-od-zakaznikov-3-1024x683.jpg 1024w, https:\/\/gardeon.pl\/wp-content\/uploads\/2020\/07\/GARDEON-foto-od-zakaznikov-3-768x512.jpg 768w, https:\/\/gardeon.pl\/wp-content\/uploads\/2020\/07\/GARDEON-foto-od-zakaznikov-3-1536x1024.jpg 1536w, https:\/\/gardeon.pl\/wp-content\/uploads\/2020\/07\/GARDEON-foto-od-zakaznikov-3-2048x1365.jpg 2048w, https:\/\/gardeon.pl\/wp-content\/uploads\/2020\/07\/GARDEON-foto-od-zakaznikov-3-scaled-1200x800.jpg 1200w\" sizes=\"auto, (max-width: 800px) 100vw, 800px\" \/><\/a><\/p>\n<p><span style=\"font-weight: 400;\">Czego nam jeszcze brakuje? Tak, odpowiedniego nag\u0142o\u015bnienia. Muzyka pomo\u017ce Pa\u0144stwu si\u0119 zrelaksowa\u0107 podczas sauny czy jogi, a tak\u017ce zmobilizowa\u0107 si\u0119 podczas \u0107wicze\u0144 cardio lub si\u0142owych. Nie musz\u0105 Pa\u0144stwo koniecznie nabywa\u0107 stacjonarnego kina domowego. Wysokiej jako\u015bci      <\/span><a href=\"https:\/\/www.alza.sk\/bezdrotove-reproduktory\/18856083.htm?kampan=adw1_dsa-alza-tcpa_reproduktory_c_9062572_1t2&amp;gclid=EAIaIQobChMImIGZo6GP3QIViNGyCh1qzg6sEAAYAiAAEgJqvPD_BwE\"><span style=\"font-weight: 400;\">g\u0142o\u015bnik bezprzewodowy<\/span><\/a><span style=\"font-weight: 400;\"> dzi\u015b w pe\u0142ni zast\u0119puje wie\u017c\u0119 Hi-Fi i mog\u0105 go Pa\u0144stwo zabra\u0107 wsz\u0119dzie ze sob\u0105. R\u00f3wnie\u017c za rok na letnie wakacje. :)<\/span><\/p>\n<h5>\u0179r\u00f3d\u0142o:<\/h5>\n<h5>Fotobank GARDEON<\/h5>\n","protected":false},"excerpt":{"rendered":"<p>Cieszyli\u015bcie si\u0119 swoim ogrodem przez ca\u0142e lato? Ciep\u0142o, s\u0142o\u0144ce, kwiaty, \u015bwie\u017ce owoce i warzywa. Wieczory z rodzin\u0105 i przyjaci\u00f3\u0142mi w altanie ogrodowej. By\u0107 mo\u017ce pozwolili\u015bcie sobie nawet na luksus domowego basenu. Chocia\u017c lato si\u0119 ko\u0144czy, jesie\u0144 obdarzy nas jeszcze kilkoma ciep\u0142ymi dniami. Ale co potem? Do \u015awi\u0105t Bo\u017cego Narodzenia jeszcze daleko, a Pa\u0144stwo potrzebuj\u0105 schronienia, [&hellip;]<\/p>\n","protected":false},"author":2,"featured_media":46296,"comment_status":"open","ping_status":"open","sticky":false,"template":"","format":"standard","meta":{"_acf_changed":false,"inline_featured_image":false,"footnotes":""},"categories":[632,607],"tags":[595,674,579],"class_list":["post-46883","post","type-post","status-publish","format-standard","has-post-thumbnail","hentry","category-domki-ogrodowe","category-inspiracje","tag-domek-ogrodowy","tag-domek-ogrodowy-gardeon","tag-gardeon"],"acf":[],"yoast_head":"<!-- This site is optimized with the Yoast SEO plugin v27.4 - https:\/\/yoast.com\/product\/yoast-seo-wordpress\/ -->\n<title>Jak wykorzysta\u0107 domek ogrodowy nie tylko latem? | GARDEON<\/title>\n<meta name=\"robots\" content=\"index, follow, max-snippet:-1, max-image-preview:large, max-video-preview:-1\" \/>\n<link rel=\"canonical\" href=\"https:\/\/gardeon.pl\/pl\/blog\/jak-wykorzystac-domek-ogrodowy-nie-tylko-latem\/\" \/>\n<meta property=\"og:locale\" content=\"pl_PL\" \/>\n<meta property=\"og:type\" content=\"article\" \/>\n<meta property=\"og:title\" content=\"Jak wykorzysta\u0107 domek ogrodowy nie tylko latem? | GARDEON\" \/>\n<meta property=\"og:description\" content=\"Cieszyli\u015bcie si\u0119 swoim ogrodem przez ca\u0142e lato? Ciep\u0142o, s\u0142o\u0144ce, kwiaty, \u015bwie\u017ce owoce i warzywa. Wieczory z rodzin\u0105 i przyjaci\u00f3\u0142mi w altanie ogrodowej. By\u0107 mo\u017ce pozwolili\u015bcie sobie nawet na luksus domowego basenu. Chocia\u017c lato si\u0119 ko\u0144czy, jesie\u0144 obdarzy nas jeszcze kilkoma ciep\u0142ymi dniami. Ale co potem? Do \u015awi\u0105t Bo\u017cego Narodzenia jeszcze daleko, a Pa\u0144stwo potrzebuj\u0105 schronienia, [&hellip;]\" \/>\n<meta property=\"og:url\" content=\"https:\/\/gardeon.pl\/pl\/blog\/jak-wykorzystac-domek-ogrodowy-nie-tylko-latem\/\" \/>\n<meta property=\"og:site_name\" content=\"GARDEON\" \/>\n<meta property=\"article:published_time\" content=\"2026-04-23T15:41:15+00:00\" \/>\n<meta property=\"article:modified_time\" content=\"2026-04-23T17:04:51+00:00\" \/>\n<meta property=\"og:image\" content=\"http:\/\/gardeon.pl\/wp-content\/uploads\/2020\/07\/GARDEON-foto-od-zakaznikov-4.jpg\" \/>\n\t<meta property=\"og:image:width\" content=\"2048\" \/>\n\t<meta property=\"og:image:height\" content=\"1536\" \/>\n\t<meta property=\"og:image:type\" content=\"image\/jpeg\" \/>\n<meta name=\"author\" content=\"editor\" \/>\n<meta name=\"twitter:card\" content=\"summary_large_image\" \/>\n<meta name=\"twitter:label1\" content=\"Napisane przez\" \/>\n\t<meta name=\"twitter:data1\" content=\"editor\" \/>\n\t<meta name=\"twitter:label2\" content=\"Szacowany czas czytania\" \/>\n\t<meta name=\"twitter:data2\" content=\"3 minuty\" \/>\n<script type=\"application\/ld+json\" class=\"yoast-schema-graph\">{\"@context\":\"https:\\\/\\\/schema.org\",\"@graph\":[{\"@type\":\"Article\",\"@id\":\"https:\\\/\\\/gardeon.pl\\\/pl\\\/blog\\\/jak-wykorzystac-domek-ogrodowy-nie-tylko-latem\\\/#article\",\"isPartOf\":{\"@id\":\"https:\\\/\\\/gardeon.pl\\\/pl\\\/blog\\\/jak-wykorzystac-domek-ogrodowy-nie-tylko-latem\\\/\"},\"author\":{\"name\":\"editor\",\"@id\":\"https:\\\/\\\/gardeon.pl\\\/#\\\/schema\\\/person\\\/a5762ca5f0790bf92774af0899379463\"},\"headline\":\"Jak wykorzysta\u0107 domek ogrodowy nie tylko latem?\",\"datePublished\":\"2026-04-23T15:41:15+00:00\",\"dateModified\":\"2026-04-23T17:04:51+00:00\",\"mainEntityOfPage\":{\"@id\":\"https:\\\/\\\/gardeon.pl\\\/pl\\\/blog\\\/jak-wykorzystac-domek-ogrodowy-nie-tylko-latem\\\/\"},\"wordCount\":667,\"commentCount\":0,\"image\":{\"@id\":\"https:\\\/\\\/gardeon.pl\\\/pl\\\/blog\\\/jak-wykorzystac-domek-ogrodowy-nie-tylko-latem\\\/#primaryimage\"},\"thumbnailUrl\":\"https:\\\/\\\/gardeon.pl\\\/wp-content\\\/uploads\\\/2020\\\/07\\\/GARDEON-foto-od-zakaznikov-4.jpg\",\"keywords\":[\"domek ogrodowy\",\"domek ogrodowy GARDEON\",\"GARDEON\"],\"articleSection\":[\"Domki ogrodowe\",\"Inspiracje\"],\"inLanguage\":\"pl-PL\",\"potentialAction\":[{\"@type\":\"CommentAction\",\"name\":\"Comment\",\"target\":[\"https:\\\/\\\/gardeon.pl\\\/pl\\\/blog\\\/jak-wykorzystac-domek-ogrodowy-nie-tylko-latem\\\/#respond\"]}]},{\"@type\":\"WebPage\",\"@id\":\"https:\\\/\\\/gardeon.pl\\\/pl\\\/blog\\\/jak-wykorzystac-domek-ogrodowy-nie-tylko-latem\\\/\",\"url\":\"https:\\\/\\\/gardeon.pl\\\/pl\\\/blog\\\/jak-wykorzystac-domek-ogrodowy-nie-tylko-latem\\\/\",\"name\":\"Jak wykorzysta\u0107 domek ogrodowy nie tylko latem? | GARDEON\",\"isPartOf\":{\"@id\":\"https:\\\/\\\/gardeon.pl\\\/#website\"},\"primaryImageOfPage\":{\"@id\":\"https:\\\/\\\/gardeon.pl\\\/pl\\\/blog\\\/jak-wykorzystac-domek-ogrodowy-nie-tylko-latem\\\/#primaryimage\"},\"image\":{\"@id\":\"https:\\\/\\\/gardeon.pl\\\/pl\\\/blog\\\/jak-wykorzystac-domek-ogrodowy-nie-tylko-latem\\\/#primaryimage\"},\"thumbnailUrl\":\"https:\\\/\\\/gardeon.pl\\\/wp-content\\\/uploads\\\/2020\\\/07\\\/GARDEON-foto-od-zakaznikov-4.jpg\",\"datePublished\":\"2026-04-23T15:41:15+00:00\",\"dateModified\":\"2026-04-23T17:04:51+00:00\",\"author\":{\"@id\":\"https:\\\/\\\/gardeon.pl\\\/#\\\/schema\\\/person\\\/a5762ca5f0790bf92774af0899379463\"},\"breadcrumb\":{\"@id\":\"https:\\\/\\\/gardeon.pl\\\/pl\\\/blog\\\/jak-wykorzystac-domek-ogrodowy-nie-tylko-latem\\\/#breadcrumb\"},\"inLanguage\":\"pl-PL\",\"potentialAction\":[{\"@type\":\"ReadAction\",\"target\":[\"https:\\\/\\\/gardeon.pl\\\/pl\\\/blog\\\/jak-wykorzystac-domek-ogrodowy-nie-tylko-latem\\\/\"]}]},{\"@type\":\"ImageObject\",\"inLanguage\":\"pl-PL\",\"@id\":\"https:\\\/\\\/gardeon.pl\\\/pl\\\/blog\\\/jak-wykorzystac-domek-ogrodowy-nie-tylko-latem\\\/#primaryimage\",\"url\":\"https:\\\/\\\/gardeon.pl\\\/wp-content\\\/uploads\\\/2020\\\/07\\\/GARDEON-foto-od-zakaznikov-4.jpg\",\"contentUrl\":\"https:\\\/\\\/gardeon.pl\\\/wp-content\\\/uploads\\\/2020\\\/07\\\/GARDEON-foto-od-zakaznikov-4.jpg\",\"width\":2048,\"height\":1536,\"caption\":\"Domek ogrodowy z altan\u0105\"},{\"@type\":\"BreadcrumbList\",\"@id\":\"https:\\\/\\\/gardeon.pl\\\/pl\\\/blog\\\/jak-wykorzystac-domek-ogrodowy-nie-tylko-latem\\\/#breadcrumb\",\"itemListElement\":[{\"@type\":\"ListItem\",\"position\":1,\"name\":\"Domov\",\"item\":\"https:\\\/\\\/gardeon.pl\\\/pl\\\/\"},{\"@type\":\"ListItem\",\"position\":2,\"name\":\"Jak wykorzysta\u0107 domek ogrodowy nie tylko latem?\"}]},{\"@type\":\"WebSite\",\"@id\":\"https:\\\/\\\/gardeon.pl\\\/#website\",\"url\":\"https:\\\/\\\/gardeon.pl\\\/\",\"name\":\"GARDEON\",\"description\":\"\",\"potentialAction\":[{\"@type\":\"SearchAction\",\"target\":{\"@type\":\"EntryPoint\",\"urlTemplate\":\"https:\\\/\\\/gardeon.pl\\\/?s={search_term_string}\"},\"query-input\":{\"@type\":\"PropertyValueSpecification\",\"valueRequired\":true,\"valueName\":\"search_term_string\"}}],\"inLanguage\":\"pl-PL\"},{\"@type\":\"Person\",\"@id\":\"https:\\\/\\\/gardeon.pl\\\/#\\\/schema\\\/person\\\/a5762ca5f0790bf92774af0899379463\",\"name\":\"editor\",\"image\":{\"@type\":\"ImageObject\",\"inLanguage\":\"pl-PL\",\"@id\":\"https:\\\/\\\/secure.gravatar.com\\\/avatar\\\/2b748151c2c748327307fd289a91b3bdafdd9e64e2d000e65e53d6dcf11c5830?s=96&d=mm&r=g\",\"url\":\"https:\\\/\\\/secure.gravatar.com\\\/avatar\\\/2b748151c2c748327307fd289a91b3bdafdd9e64e2d000e65e53d6dcf11c5830?s=96&d=mm&r=g\",\"contentUrl\":\"https:\\\/\\\/secure.gravatar.com\\\/avatar\\\/2b748151c2c748327307fd289a91b3bdafdd9e64e2d000e65e53d6dcf11c5830?s=96&d=mm&r=g\",\"caption\":\"editor\"}}]}<\/script>\n<!-- \/ Yoast SEO plugin. -->","yoast_head_json":{"title":"Jak wykorzysta\u0107 domek ogrodowy nie tylko latem? | GARDEON","robots":{"index":"index","follow":"follow","max-snippet":"max-snippet:-1","max-image-preview":"max-image-preview:large","max-video-preview":"max-video-preview:-1"},"canonical":"https:\/\/gardeon.pl\/pl\/blog\/jak-wykorzystac-domek-ogrodowy-nie-tylko-latem\/","og_locale":"pl_PL","og_type":"article","og_title":"Jak wykorzysta\u0107 domek ogrodowy nie tylko latem? | GARDEON","og_description":"Cieszyli\u015bcie si\u0119 swoim ogrodem przez ca\u0142e lato? Ciep\u0142o, s\u0142o\u0144ce, kwiaty, \u015bwie\u017ce owoce i warzywa. Wieczory z rodzin\u0105 i przyjaci\u00f3\u0142mi w altanie ogrodowej. By\u0107 mo\u017ce pozwolili\u015bcie sobie nawet na luksus domowego basenu. Chocia\u017c lato si\u0119 ko\u0144czy, jesie\u0144 obdarzy nas jeszcze kilkoma ciep\u0142ymi dniami. Ale co potem? Do \u015awi\u0105t Bo\u017cego Narodzenia jeszcze daleko, a Pa\u0144stwo potrzebuj\u0105 schronienia, [&hellip;]","og_url":"https:\/\/gardeon.pl\/pl\/blog\/jak-wykorzystac-domek-ogrodowy-nie-tylko-latem\/","og_site_name":"GARDEON","article_published_time":"2026-04-23T15:41:15+00:00","article_modified_time":"2026-04-23T17:04:51+00:00","og_image":[{"width":2048,"height":1536,"url":"http:\/\/gardeon.pl\/wp-content\/uploads\/2020\/07\/GARDEON-foto-od-zakaznikov-4.jpg","type":"image\/jpeg"}],"author":"editor","twitter_card":"summary_large_image","twitter_misc":{"Napisane przez":"editor","Szacowany czas czytania":"3 minuty"},"schema":{"@context":"https:\/\/schema.org","@graph":[{"@type":"Article","@id":"https:\/\/gardeon.pl\/pl\/blog\/jak-wykorzystac-domek-ogrodowy-nie-tylko-latem\/#article","isPartOf":{"@id":"https:\/\/gardeon.pl\/pl\/blog\/jak-wykorzystac-domek-ogrodowy-nie-tylko-latem\/"},"author":{"name":"editor","@id":"https:\/\/gardeon.pl\/#\/schema\/person\/a5762ca5f0790bf92774af0899379463"},"headline":"Jak wykorzysta\u0107 domek ogrodowy nie tylko latem?","datePublished":"2026-04-23T15:41:15+00:00","dateModified":"2026-04-23T17:04:51+00:00","mainEntityOfPage":{"@id":"https:\/\/gardeon.pl\/pl\/blog\/jak-wykorzystac-domek-ogrodowy-nie-tylko-latem\/"},"wordCount":667,"commentCount":0,"image":{"@id":"https:\/\/gardeon.pl\/pl\/blog\/jak-wykorzystac-domek-ogrodowy-nie-tylko-latem\/#primaryimage"},"thumbnailUrl":"https:\/\/gardeon.pl\/wp-content\/uploads\/2020\/07\/GARDEON-foto-od-zakaznikov-4.jpg","keywords":["domek ogrodowy","domek ogrodowy GARDEON","GARDEON"],"articleSection":["Domki ogrodowe","Inspiracje"],"inLanguage":"pl-PL","potentialAction":[{"@type":"CommentAction","name":"Comment","target":["https:\/\/gardeon.pl\/pl\/blog\/jak-wykorzystac-domek-ogrodowy-nie-tylko-latem\/#respond"]}]},{"@type":"WebPage","@id":"https:\/\/gardeon.pl\/pl\/blog\/jak-wykorzystac-domek-ogrodowy-nie-tylko-latem\/","url":"https:\/\/gardeon.pl\/pl\/blog\/jak-wykorzystac-domek-ogrodowy-nie-tylko-latem\/","name":"Jak wykorzysta\u0107 domek ogrodowy nie tylko latem? | GARDEON","isPartOf":{"@id":"https:\/\/gardeon.pl\/#website"},"primaryImageOfPage":{"@id":"https:\/\/gardeon.pl\/pl\/blog\/jak-wykorzystac-domek-ogrodowy-nie-tylko-latem\/#primaryimage"},"image":{"@id":"https:\/\/gardeon.pl\/pl\/blog\/jak-wykorzystac-domek-ogrodowy-nie-tylko-latem\/#primaryimage"},"thumbnailUrl":"https:\/\/gardeon.pl\/wp-content\/uploads\/2020\/07\/GARDEON-foto-od-zakaznikov-4.jpg","datePublished":"2026-04-23T15:41:15+00:00","dateModified":"2026-04-23T17:04:51+00:00","author":{"@id":"https:\/\/gardeon.pl\/#\/schema\/person\/a5762ca5f0790bf92774af0899379463"},"breadcrumb":{"@id":"https:\/\/gardeon.pl\/pl\/blog\/jak-wykorzystac-domek-ogrodowy-nie-tylko-latem\/#breadcrumb"},"inLanguage":"pl-PL","potentialAction":[{"@type":"ReadAction","target":["https:\/\/gardeon.pl\/pl\/blog\/jak-wykorzystac-domek-ogrodowy-nie-tylko-latem\/"]}]},{"@type":"ImageObject","inLanguage":"pl-PL","@id":"https:\/\/gardeon.pl\/pl\/blog\/jak-wykorzystac-domek-ogrodowy-nie-tylko-latem\/#primaryimage","url":"https:\/\/gardeon.pl\/wp-content\/uploads\/2020\/07\/GARDEON-foto-od-zakaznikov-4.jpg","contentUrl":"https:\/\/gardeon.pl\/wp-content\/uploads\/2020\/07\/GARDEON-foto-od-zakaznikov-4.jpg","width":2048,"height":1536,"caption":"Domek ogrodowy z altan\u0105"},{"@type":"BreadcrumbList","@id":"https:\/\/gardeon.pl\/pl\/blog\/jak-wykorzystac-domek-ogrodowy-nie-tylko-latem\/#breadcrumb","itemListElement":[{"@type":"ListItem","position":1,"name":"Domov","item":"https:\/\/gardeon.pl\/pl\/"},{"@type":"ListItem","position":2,"name":"Jak wykorzysta\u0107 domek ogrodowy nie tylko latem?"}]},{"@type":"WebSite","@id":"https:\/\/gardeon.pl\/#website","url":"https:\/\/gardeon.pl\/","name":"GARDEON","description":"","potentialAction":[{"@type":"SearchAction","target":{"@type":"EntryPoint","urlTemplate":"https:\/\/gardeon.pl\/?s={search_term_string}"},"query-input":{"@type":"PropertyValueSpecification","valueRequired":true,"valueName":"search_term_string"}}],"inLanguage":"pl-PL"},{"@type":"Person","@id":"https:\/\/gardeon.pl\/#\/schema\/person\/a5762ca5f0790bf92774af0899379463","name":"editor","image":{"@type":"ImageObject","inLanguage":"pl-PL","@id":"https:\/\/secure.gravatar.com\/avatar\/2b748151c2c748327307fd289a91b3bdafdd9e64e2d000e65e53d6dcf11c5830?s=96&d=mm&r=g","url":"https:\/\/secure.gravatar.com\/avatar\/2b748151c2c748327307fd289a91b3bdafdd9e64e2d000e65e53d6dcf11c5830?s=96&d=mm&r=g","contentUrl":"https:\/\/secure.gravatar.com\/avatar\/2b748151c2c748327307fd289a91b3bdafdd9e64e2d000e65e53d6dcf11c5830?s=96&d=mm&r=g","caption":"editor"}}]}},"_links":{"self":[{"href":"https:\/\/gardeon.pl\/pl\/wp-json\/wp\/v2\/posts\/46883","targetHints":{"allow":["GET"]}}],"collection":[{"href":"https:\/\/gardeon.pl\/pl\/wp-json\/wp\/v2\/posts"}],"about":[{"href":"https:\/\/gardeon.pl\/pl\/wp-json\/wp\/v2\/types\/post"}],"author":[{"embeddable":true,"href":"https:\/\/gardeon.pl\/pl\/wp-json\/wp\/v2\/users\/2"}],"replies":[{"embeddable":true,"href":"https:\/\/gardeon.pl\/pl\/wp-json\/wp\/v2\/comments?post=46883"}],"version-history":[{"count":0,"href":"https:\/\/gardeon.pl\/pl\/wp-json\/wp\/v2\/posts\/46883\/revisions"}],"wp:featuredmedia":[{"embeddable":true,"href":"https:\/\/gardeon.pl\/pl\/wp-json\/wp\/v2\/media\/46296"}],"wp:attachment":[{"href":"https:\/\/gardeon.pl\/pl\/wp-json\/wp\/v2\/media?parent=46883"}],"wp:term":[{"taxonomy":"category","embeddable":true,"href":"https:\/\/gardeon.pl\/pl\/wp-json\/wp\/v2\/categories?post=46883"},{"taxonomy":"post_tag","embeddable":true,"href":"https:\/\/gardeon.pl\/pl\/wp-json\/wp\/v2\/tags?post=46883"}],"curies":[{"name":"wp","href":"https:\/\/api.w.org\/{rel}","templated":true}]}}