{"id":46911,"date":"2026-04-23T17:41:17","date_gmt":"2026-04-23T15:41:17","guid":{"rendered":"https:\/\/gardeon.pl\/blog\/dlaczego-i-jak-izolowac-garaz\/"},"modified":"2026-04-23T19:04:51","modified_gmt":"2026-04-23T17:04:51","slug":"dlaczego-i-jak-izolowac-garaz","status":"publish","type":"post","link":"https:\/\/gardeon.pl\/pl\/blog\/dlaczego-i-jak-izolowac-garaz\/","title":{"rendered":"Dlaczego i jak izolowa\u0107 gara\u017c"},"content":{"rendered":"<p><i><span style=\"font-weight: 400;\">U\u017cywa Pan\/Pani gara\u017cu jako warsztatu lub pracowni? W gor\u0105ce letnie dni zamienia si\u0119 on jednak w nie do zniesienia saun\u0119, a zim\u0105 w lod\u00f3wk\u0119? Rozwi\u0105zaniem jest izolacja.  <\/span><\/i><\/p>\n<p><!--more--><\/p>\n<p><a href=\"https:\/\/gardeon.pl\/pl\/garaze\/izolowane\/\"><span style=\"font-weight: 400;\">Izolowanie gara\u017cu<\/span><\/a><span style=\"font-weight: 400;\"> op\u0142aca si\u0119 zw\u0142aszcza, je\u015bli zamierzaj\u0105 Pa\u0144stwo sp\u0119dza\u0107 w nim d\u0142u\u017cszy czas przez ca\u0142y rok, poniewa\u017c nieizolowany gara\u017c nie jest \u201echroniony\u201d przed przegrzewaniem latem ani mro\u017anymi temperaturami zim\u0105. Z energetycznego punktu widzenia warto izolowa\u0107 nie tylko \u015bciany i sufit, ale tak\u017ce bram\u0119 gara\u017cow\u0105 i wybra\u0107 odpowiedni rodzaj pod\u0142ogi, aby w jak najwi\u0119kszym stopniu zapobiec ucieczce ciep\u0142a.<\/span><\/p>\n<p><span style=\"font-weight: 400;\">Nie nale\u017cy zapomina\u0107 r\u00f3wnie\u017c o skutecznej wentylacji <\/span><a href=\"https:\/\/gardeon.pl\/pl\/garaze\/\"><span style=\"font-weight: 400;\">gara\u017cu<\/span><\/a><span style=\"font-weight: 400;\">, kt\u00f3ra jest niezb\u0119dna nie tylko ze wzgl\u0119du na odprowadzenie szkodliwych spalin z wydechu, ale tak\u017ce wywietrzenie wilgoci. Celem izolacji nie jest przecie\u017c ca\u0142kowite zamkni\u0119cie powietrza, lecz zapobie\u017cenie wahaniom temperatur.<\/span><\/p>\n<h2 style=\"text-align: center;\">Na co zwr\u00f3ci\u0107 uwag\u0119 przy izolowaniu gara\u017cu?<\/h2>\n<ul>\n<li style=\"font-weight: 400;\" aria-level=\"1\"><span style=\"font-weight: 400;\">Na skrzynki elektryczne, instalacje, o\u015bwietlenie sufitowe, mechanizm otwierania bramy czy kratki wentylacyjne w suficie \u2013 nale\u017cy zapewni\u0107 do nich dost\u0119p i wyci\u0105\u0107 otwory w izolacji.<\/span><\/li>\n<li style=\"font-weight: 400;\" aria-level=\"1\"><span style=\"font-weight: 400;\">Nale\u017cy upewni\u0107 si\u0119, \u017ce posiada si\u0119 funkcjonalny <\/span><a href=\"https:\/\/gardeon.pl\/pl\/garaze\/jak-dbac-o-garaz\/system-wentylacji-garazu\/\"><span style=\"font-weight: 400;\">system wentylacyjny<\/span><\/a><span style=\"font-weight: 400;\">.<\/span><\/li>\n<li style=\"font-weight: 400;\" aria-level=\"1\"><span style=\"font-weight: 400;\">Przy wyborze bramy gara\u017cowej z izolacj\u0105 termiczn\u0105 nie nale\u017cy zapomina\u0107 o sposobie uszczelnienia bramy r\u00f3wnie\u017c po obwodzie.<\/span><\/li>\n<li style=\"font-weight: 400;\" aria-level=\"1\"><span style=\"font-weight: 400;\">Podczas ocieplania, maj\u0105cego na celu stworzenie tzw. \u201eciep\u0142ego gara\u017cu\u201d, nie nale\u017cy zapomina\u0107 o folii paroprzepuszczalnej. Instalacja folii zapobiegnie problemom z kondensacj\u0105 pary wodnej, bez kt\u00f3rej mog\u0142oby doj\u015b\u0107 do powstawania niebezpiecznej i zagra\u017caj\u0105cej zdrowiu ple\u015bni lub korozji.  <\/span><\/li>\n<li style=\"font-weight: 400;\" aria-level=\"1\"><span style=\"font-weight: 400;\">Przy izolacji \u015bcian gara\u017cu od wewn\u0105trz nie nale\u017cy zapomina\u0107 o szczelinach mi\u0119dzy pod\u0142og\u0105 a izolacj\u0105 na \u015bcianach. Nale\u017cy je wype\u0142ni\u0107 rozpr\u0119\u017caj\u0105c\u0105 si\u0119 piank\u0105 termoizolacyjn\u0105 lub akrylowym kitem. <\/span><\/li>\n<\/ul>\n<p><img loading=\"lazy\" decoding=\"async\" class=\"wp-image-12825 aligncenter\" src=\"http:\/\/gardeon.pl\/wp-content\/uploads\/2017\/07\/IMG_5026.JPG-1024x768.jpeg\" alt=\"Izolacja dachu gara\u017cu montowanego\" width=\"800\" height=\"600\"><\/p>\n<p><i><span style=\"font-weight: 400;\">Izolacja wsp\u00f3lnych \u015bcian pozwoli zaoszcz\u0119dzi\u0107 na op\u0142atach za energi\u0119<\/span><\/i><\/p>\n<p><span style=\"font-weight: 400;\">Je\u015bli gara\u017c jest po\u0142\u0105czony z domem, jego izolacja to najlepszy spos\u00f3b na zaoszcz\u0119dzenie pieni\u0119dzy na zb\u0119dnych op\u0142atach za ogrzewanie lub ch\u0142odzenie cz\u0119\u015bci mieszkalnej domu. Izolowany gara\u017c zwi\u0119kszy bowiem oszcz\u0119dno\u015b\u0107 energetyczn\u0105 gospodarstwa domowego, poniewa\u017c przez jego \u015bciany nie b\u0119dzie ucieka\u0107 ciep\u0142o. Na op\u0142atach za energi\u0119 w gospodarstwie domowym zaoszcz\u0119dzi si\u0119 jeszcze wi\u0119cej, je\u015bli ociepli si\u0119 wsp\u00f3ln\u0105 \u015bcian\u0119 mi\u0119dzy domem a gara\u017cem.  <\/span><\/p>\n<p><img loading=\"lazy\" decoding=\"async\" class=\"wp-image-18557 aligncenter\" src=\"http:\/\/gardeon.pl\/wp-content\/uploads\/2019\/01\/Zateplenie-stropu-1.jpeg\" alt=\"Izolacja sufitu w gara\u017cu we w\u0142asnym zakresie\" width=\"800\" height=\"601\" srcset=\"https:\/\/gardeon.pl\/wp-content\/uploads\/2019\/01\/Zateplenie-stropu-1.jpeg 1500w, https:\/\/gardeon.pl\/wp-content\/uploads\/2019\/01\/Zateplenie-stropu-1-300x225.jpeg 300w, https:\/\/gardeon.pl\/wp-content\/uploads\/2019\/01\/Zateplenie-stropu-1-768x577.jpeg 768w, https:\/\/gardeon.pl\/wp-content\/uploads\/2019\/01\/Zateplenie-stropu-1-1024x769.jpeg 1024w\" sizes=\"auto, (max-width: 800px) 100vw, 800px\" \/><\/p>\n<p><span style=\"font-weight: 400;\">Poniewa\u017c ciep\u0142o rozprzestrzenia si\u0119 przez mostki termiczne (puste miejsca bez izolacji) i przenika przez \u015bciany obwodowe z domu do gara\u017cu, izolacja gara\u017cu pozwoli w zimowych temperaturach temperowa\u0107 gara\u017c do przyjemnej temperatury bez konieczno\u015bci znacznego dodatkowego ogrzewania. Za ucieczk\u0119 ciep\u0142a w gara\u017cu odpowiada przede wszystkim <\/span><a href=\"https:\/\/gardeon.pl\/pl\/garaze\/akcesoria-dodatki\/bramy-garazowe\/\"><span style=\"font-weight: 400;\">brama gara\u017cowa<\/span><\/a><span style=\"font-weight: 400;\">, kt\u00f3ra stanowi oko\u0142o jednej czwartej powierzchni jednej ze \u015bcian obwodowych. Przez bram\u0119 gara\u017cow\u0105 ucieka zatem nawet 20% ciep\u0142a, nie tylko ze wzgl\u0119du na jej wielko\u015b\u0107, ale tak\u017ce dlatego, \u017ce cz\u0119sto si\u0119 ni\u0105 wietrzy. Wybieraj\u0105c odpowiedni typ bramy gara\u017cowej, mo\u017cna znacznie zaoszcz\u0119dzi\u0107.<\/span><\/p>\n<p><span style=\"font-weight: 400;\">W przypadku gdy nie buduje si\u0119 nowego gara\u017cu, lecz ociepla istniej\u0105c\u0105 konstrukcj\u0119, istnieje mo\u017cliwo\u015b\u0107 ocieplenia \u015bcian od wewn\u0105trz lub od zewn\u0105trz. Ocieplanie od strony zewn\u0119trznej zaleca si\u0119 w przypadku wolnostoj\u0105cych oddzielnych gara\u017cy. Zalet\u0105 izolacji zewn\u0119trznej jest to, \u017ce materia\u0142 izolacyjny nie zabiera przestrzeni wewn\u0105trz gara\u017cu. Cz\u0119stszym sposobem ocieplania jest izolowanie wewn\u0119trznych \u015bcian gara\u017cu.   <\/span><\/p>\n<p><img loading=\"lazy\" decoding=\"async\" class=\"aligncenter wp-image-14841\" src=\"http:\/\/gardeon.pl\/wp-content\/uploads\/2017\/09\/WP_20160811_16_00_25_Rich-1024x576.jpg\" alt=\"\" width=\"800\" height=\"450\"><\/p>\n<p><span style=\"font-weight: 400;\">Przy ocieplaniu p\u0142askiego dachu ma si\u0119 takie same mo\u017cliwo\u015bci jak przy ocieplaniu pionowych \u015bcian, czyli izolowa\u0107 dach od wewn\u0105trz lub od zewn\u0105trz. W tzw. ciep\u0142ych dachach izolacja jest instalowana nad i mi\u0119dzy belkami dachowymi. Tzw. zimne dachy maj\u0105 natomiast izolacj\u0119 uk\u0142adan\u0105 mi\u0119dzy i pod belkami dachowymi. W przypadku zimnych dach\u00f3w dach musi by\u0107 wentylowany w taki spos\u00f3b, aby pozostawi\u0107 przestrze\u0144 o wysoko\u015bci 50 mm nad izolacj\u0105, aby utworzy\u0107 szczelin\u0119 powietrzn\u0105 do wywietrzania na zewn\u0105trz. Dzi\u0119ki szczelinie powietrznej zapobiega si\u0119 tworzeniu kondensacji w konstrukcji dachu.      <\/span><\/p>\n<p><img loading=\"lazy\" decoding=\"async\" class=\"wp-image-18559 aligncenter\" src=\"http:\/\/gardeon.pl\/wp-content\/uploads\/2019\/01\/Zateplenie-stropu-2.jpeg\" alt=\"Izolacja sufitu w gara\u017cu za pomoc\u0105 we\u0142ny szklanej i styropianu\" width=\"800\" height=\"601\" srcset=\"https:\/\/gardeon.pl\/wp-content\/uploads\/2019\/01\/Zateplenie-stropu-2.jpeg 1500w, https:\/\/gardeon.pl\/wp-content\/uploads\/2019\/01\/Zateplenie-stropu-2-300x225.jpeg 300w, https:\/\/gardeon.pl\/wp-content\/uploads\/2019\/01\/Zateplenie-stropu-2-768x577.jpeg 768w, https:\/\/gardeon.pl\/wp-content\/uploads\/2019\/01\/Zateplenie-stropu-2-1024x769.jpeg 1024w\" sizes=\"auto, (max-width: 800px) 100vw, 800px\" \/><\/p>\n<p>&nbsp;<\/p>\n<p><span style=\"font-weight: 400;\">Przy ocieplaniu pod\u0142ogi gara\u017cu staje si\u0119 przed podw\u00f3jnym wyzwaniem. Wyborem odpowiedniego materia\u0142u i potencjalnie bardziej wymagaj\u0105c\u0105 realizacj\u0105. Grubo\u015b\u0107 i materia\u0142 izolacji zale\u017c\u0105 od typu pod\u0142ogi, kt\u00f3r\u0105 ma si\u0119 w gara\u017cu. Dla pod\u0142\u00f3g betonowych, drewnianych pod\u0142\u00f3g belkowych i pod\u0142\u00f3g p\u0142ywaj\u0105cych istnieje inny odpowiedni typ izolacji. W przypadku wszystkich typ\u00f3w pod\u0142\u00f3g obowi\u0105zuje zasada, \u017ce mo\u017cna ociepla\u0107, je\u015bli na pod\u0142odze nie wyst\u0119puj\u0105 wi\u0119ksze nier\u00f3wno\u015bci ni\u017c 5 mm na ci\u0105g\u0142ej d\u0142ugo\u015bci 3 metr\u00f3w. Nale\u017cy r\u00f3wnie\u017c liczy\u0107 si\u0119 z tym, \u017ce przed izolacj\u0105 trzeba b\u0119dzie zabezpieczy\u0107 pod\u0142og\u0119 specjaln\u0105 warstw\u0105 przeciwwilgociow\u0105.     <\/span><\/p>\n<p><img loading=\"lazy\" decoding=\"async\" class=\"aligncenter wp-image-28773\" src=\"http:\/\/gardeon.pl\/wp-content\/uploads\/2020\/10\/13-dnu-scaled.jpeg\" alt=\"Widok na drog\u0119 z gara\u017cu\" width=\"800\" height=\"600\" srcset=\"https:\/\/gardeon.pl\/wp-content\/uploads\/2020\/10\/13-dnu-scaled.jpeg 2560w, https:\/\/gardeon.pl\/wp-content\/uploads\/2020\/10\/13-dnu-300x225.jpeg 300w, https:\/\/gardeon.pl\/wp-content\/uploads\/2020\/10\/13-dnu-1024x768.jpeg 1024w, https:\/\/gardeon.pl\/wp-content\/uploads\/2020\/10\/13-dnu-768x576.jpeg 768w, https:\/\/gardeon.pl\/wp-content\/uploads\/2020\/10\/13-dnu-1536x1152.jpeg 1536w, https:\/\/gardeon.pl\/wp-content\/uploads\/2020\/10\/13-dnu-2048x1536.jpeg 2048w\" sizes=\"auto, (max-width: 800px) 100vw, 800px\" \/><\/p>\n<p><span style=\"font-weight: 400;\">Bez wzgl\u0119du na typ izolacji przy ocieplaniu wa\u017cne jest zapewnienie, aby ocieplona pod\u0142oga znajdowa\u0142a si\u0119 na tej samej wysoko\u015bci co pod\u0142oga domu. Dodanie materia\u0142u izolacyjnego do pod\u0142ogi gara\u017cowej mo\u017ce w przeciwnym razie utworzy\u0107 stopie\u0144 mi\u0119dzy domem a gara\u017cem. <\/span><\/p>\n<p><a href=\"https:\/\/gardeon.pl\/pl\/garaze\/izolowane\/\"><span style=\"font-weight: 400;\">Ocieplony gara\u017c<\/span><\/a><span style=\"font-weight: 400;\"> nie tylko zaoszcz\u0119dzi op\u0142aty za eksploatacj\u0119 gospodarstwa domowego, ale og\u00f3lnie uprzyjemni czas sp\u0119dzony w gara\u017cu i stworzy odpowiedni\u0105 przestrze\u0144 do przechowywania rzeczy, kt\u00f3rym mrozy i upa\u0142y w nieocieplonym gara\u017cu mog\u0142yby zaszkodzi\u0107.<\/span><\/p>\n<div class=\"iframe-outer-container\">\n<div class=\"iframe-container\"><iframe loading=\"lazy\" title=\"GARDEON | Porovnanie teploty vo vn\u00fatri neizolovanej a izolovanej stavby\" width=\"1100\" height=\"619\" src=\"https:\/\/www.youtube.com\/embed\/SO-4aOsIs0Q?feature=oembed\" frameborder=\"0\" allow=\"accelerometer; autoplay; clipboard-write; encrypted-media; gyroscope; picture-in-picture; web-share\" referrerpolicy=\"strict-origin-when-cross-origin\" allowfullscreen><\/iframe><\/div>\n<\/div>\n<p>&nbsp;<\/p>\n<h5>\u0179r\u00f3d\u0142o<\/h5>\n<h5>fotobank GARDEON<\/h5>\n","protected":false},"excerpt":{"rendered":"<p>U\u017cywa Pan\/Pani gara\u017cu jako warsztatu lub pracowni? W gor\u0105ce letnie dni zamienia si\u0119 on jednak w nie do zniesienia saun\u0119, a zim\u0105 w lod\u00f3wk\u0119? Rozwi\u0105zaniem jest izolacja.<\/p>\n","protected":false},"author":2,"featured_media":42407,"comment_status":"open","ping_status":"open","sticky":false,"template":"","format":"standard","meta":{"_acf_changed":false,"inline_featured_image":false,"footnotes":""},"categories":[578,580],"tags":[],"class_list":["post-46911","post","type-post","status-publish","format-standard","has-post-thumbnail","hentry","category-garaze-blaszane","category-jak-to-zrobic-garaze-diy"],"acf":[],"yoast_head":"<!-- This site is optimized with the Yoast SEO plugin v27.4 - https:\/\/yoast.com\/product\/yoast-seo-wordpress\/ -->\n<title>Dlaczego i jak izolowa\u0107 gara\u017c | GARDEON<\/title>\n<meta name=\"robots\" content=\"index, follow, max-snippet:-1, max-image-preview:large, max-video-preview:-1\" \/>\n<link rel=\"canonical\" href=\"https:\/\/gardeon.pl\/pl\/blog\/dlaczego-i-jak-izolowac-garaz\/\" \/>\n<meta property=\"og:locale\" content=\"pl_PL\" \/>\n<meta property=\"og:type\" content=\"article\" \/>\n<meta property=\"og:title\" content=\"Dlaczego i jak izolowa\u0107 gara\u017c | GARDEON\" \/>\n<meta property=\"og:description\" content=\"U\u017cywa Pan\/Pani gara\u017cu jako warsztatu lub pracowni? W gor\u0105ce letnie dni zamienia si\u0119 on jednak w nie do zniesienia saun\u0119, a zim\u0105 w lod\u00f3wk\u0119? Rozwi\u0105zaniem jest izolacja.\" \/>\n<meta property=\"og:url\" content=\"https:\/\/gardeon.pl\/pl\/blog\/dlaczego-i-jak-izolowac-garaz\/\" \/>\n<meta property=\"og:site_name\" content=\"GARDEON\" \/>\n<meta property=\"article:published_time\" content=\"2026-04-23T15:41:17+00:00\" \/>\n<meta property=\"article:modified_time\" content=\"2026-04-23T17:04:51+00:00\" \/>\n<meta property=\"og:image\" content=\"http:\/\/gardeon.pl\/wp-content\/uploads\/2021\/02\/gardeon-garaz-pre-jedno-auto-154.jpg\" \/>\n\t<meta property=\"og:image:width\" content=\"2000\" \/>\n\t<meta property=\"og:image:height\" content=\"1333\" \/>\n\t<meta property=\"og:image:type\" content=\"image\/jpeg\" \/>\n<meta name=\"author\" content=\"editor\" \/>\n<meta name=\"twitter:card\" content=\"summary_large_image\" \/>\n<meta name=\"twitter:label1\" content=\"Napisane przez\" \/>\n\t<meta name=\"twitter:data1\" content=\"editor\" \/>\n\t<meta name=\"twitter:label2\" content=\"Szacowany czas czytania\" \/>\n\t<meta name=\"twitter:data2\" content=\"4 minuty\" \/>\n<script type=\"application\/ld+json\" class=\"yoast-schema-graph\">{\"@context\":\"https:\\\/\\\/schema.org\",\"@graph\":[{\"@type\":\"Article\",\"@id\":\"https:\\\/\\\/gardeon.pl\\\/pl\\\/blog\\\/dlaczego-i-jak-izolowac-garaz\\\/#article\",\"isPartOf\":{\"@id\":\"https:\\\/\\\/gardeon.pl\\\/pl\\\/blog\\\/dlaczego-i-jak-izolowac-garaz\\\/\"},\"author\":{\"name\":\"editor\",\"@id\":\"https:\\\/\\\/gardeon.pl\\\/#\\\/schema\\\/person\\\/a5762ca5f0790bf92774af0899379463\"},\"headline\":\"Dlaczego i jak izolowa\u0107 gara\u017c\",\"datePublished\":\"2026-04-23T15:41:17+00:00\",\"dateModified\":\"2026-04-23T17:04:51+00:00\",\"mainEntityOfPage\":{\"@id\":\"https:\\\/\\\/gardeon.pl\\\/pl\\\/blog\\\/dlaczego-i-jak-izolowac-garaz\\\/\"},\"wordCount\":889,\"commentCount\":0,\"image\":{\"@id\":\"https:\\\/\\\/gardeon.pl\\\/pl\\\/blog\\\/dlaczego-i-jak-izolowac-garaz\\\/#primaryimage\"},\"thumbnailUrl\":\"https:\\\/\\\/gardeon.pl\\\/wp-content\\\/uploads\\\/2021\\\/02\\\/gardeon-garaz-pre-jedno-auto-154.jpg\",\"articleSection\":[\"Gara\u017ce blaszane\",\"Jak to zrobi\u0107 \u2013 gara\u017ce | DIY\"],\"inLanguage\":\"pl-PL\",\"potentialAction\":[{\"@type\":\"CommentAction\",\"name\":\"Comment\",\"target\":[\"https:\\\/\\\/gardeon.pl\\\/pl\\\/blog\\\/dlaczego-i-jak-izolowac-garaz\\\/#respond\"]}]},{\"@type\":\"WebPage\",\"@id\":\"https:\\\/\\\/gardeon.pl\\\/pl\\\/blog\\\/dlaczego-i-jak-izolowac-garaz\\\/\",\"url\":\"https:\\\/\\\/gardeon.pl\\\/pl\\\/blog\\\/dlaczego-i-jak-izolowac-garaz\\\/\",\"name\":\"Dlaczego i jak izolowa\u0107 gara\u017c | GARDEON\",\"isPartOf\":{\"@id\":\"https:\\\/\\\/gardeon.pl\\\/#website\"},\"primaryImageOfPage\":{\"@id\":\"https:\\\/\\\/gardeon.pl\\\/pl\\\/blog\\\/dlaczego-i-jak-izolowac-garaz\\\/#primaryimage\"},\"image\":{\"@id\":\"https:\\\/\\\/gardeon.pl\\\/pl\\\/blog\\\/dlaczego-i-jak-izolowac-garaz\\\/#primaryimage\"},\"thumbnailUrl\":\"https:\\\/\\\/gardeon.pl\\\/wp-content\\\/uploads\\\/2021\\\/02\\\/gardeon-garaz-pre-jedno-auto-154.jpg\",\"datePublished\":\"2026-04-23T15:41:17+00:00\",\"dateModified\":\"2026-04-23T17:04:51+00:00\",\"author\":{\"@id\":\"https:\\\/\\\/gardeon.pl\\\/#\\\/schema\\\/person\\\/a5762ca5f0790bf92774af0899379463\"},\"breadcrumb\":{\"@id\":\"https:\\\/\\\/gardeon.pl\\\/pl\\\/blog\\\/dlaczego-i-jak-izolowac-garaz\\\/#breadcrumb\"},\"inLanguage\":\"pl-PL\",\"potentialAction\":[{\"@type\":\"ReadAction\",\"target\":[\"https:\\\/\\\/gardeon.pl\\\/pl\\\/blog\\\/dlaczego-i-jak-izolowac-garaz\\\/\"]}]},{\"@type\":\"ImageObject\",\"inLanguage\":\"pl-PL\",\"@id\":\"https:\\\/\\\/gardeon.pl\\\/pl\\\/blog\\\/dlaczego-i-jak-izolowac-garaz\\\/#primaryimage\",\"url\":\"https:\\\/\\\/gardeon.pl\\\/wp-content\\\/uploads\\\/2021\\\/02\\\/gardeon-garaz-pre-jedno-auto-154.jpg\",\"contentUrl\":\"https:\\\/\\\/gardeon.pl\\\/wp-content\\\/uploads\\\/2021\\\/02\\\/gardeon-garaz-pre-jedno-auto-154.jpg\",\"width\":2000,\"height\":1333,\"caption\":\"Samoch\u00f3d zaparkowany w gara\u017cu 2\"},{\"@type\":\"BreadcrumbList\",\"@id\":\"https:\\\/\\\/gardeon.pl\\\/pl\\\/blog\\\/dlaczego-i-jak-izolowac-garaz\\\/#breadcrumb\",\"itemListElement\":[{\"@type\":\"ListItem\",\"position\":1,\"name\":\"Domov\",\"item\":\"https:\\\/\\\/gardeon.pl\\\/pl\\\/\"},{\"@type\":\"ListItem\",\"position\":2,\"name\":\"Dlaczego i jak izolowa\u0107 gara\u017c\"}]},{\"@type\":\"WebSite\",\"@id\":\"https:\\\/\\\/gardeon.pl\\\/#website\",\"url\":\"https:\\\/\\\/gardeon.pl\\\/\",\"name\":\"GARDEON\",\"description\":\"\",\"potentialAction\":[{\"@type\":\"SearchAction\",\"target\":{\"@type\":\"EntryPoint\",\"urlTemplate\":\"https:\\\/\\\/gardeon.pl\\\/?s={search_term_string}\"},\"query-input\":{\"@type\":\"PropertyValueSpecification\",\"valueRequired\":true,\"valueName\":\"search_term_string\"}}],\"inLanguage\":\"pl-PL\"},{\"@type\":\"Person\",\"@id\":\"https:\\\/\\\/gardeon.pl\\\/#\\\/schema\\\/person\\\/a5762ca5f0790bf92774af0899379463\",\"name\":\"editor\",\"image\":{\"@type\":\"ImageObject\",\"inLanguage\":\"pl-PL\",\"@id\":\"https:\\\/\\\/secure.gravatar.com\\\/avatar\\\/2b748151c2c748327307fd289a91b3bdafdd9e64e2d000e65e53d6dcf11c5830?s=96&d=mm&r=g\",\"url\":\"https:\\\/\\\/secure.gravatar.com\\\/avatar\\\/2b748151c2c748327307fd289a91b3bdafdd9e64e2d000e65e53d6dcf11c5830?s=96&d=mm&r=g\",\"contentUrl\":\"https:\\\/\\\/secure.gravatar.com\\\/avatar\\\/2b748151c2c748327307fd289a91b3bdafdd9e64e2d000e65e53d6dcf11c5830?s=96&d=mm&r=g\",\"caption\":\"editor\"}}]}<\/script>\n<!-- \/ Yoast SEO plugin. -->","yoast_head_json":{"title":"Dlaczego i jak izolowa\u0107 gara\u017c | GARDEON","robots":{"index":"index","follow":"follow","max-snippet":"max-snippet:-1","max-image-preview":"max-image-preview:large","max-video-preview":"max-video-preview:-1"},"canonical":"https:\/\/gardeon.pl\/pl\/blog\/dlaczego-i-jak-izolowac-garaz\/","og_locale":"pl_PL","og_type":"article","og_title":"Dlaczego i jak izolowa\u0107 gara\u017c | GARDEON","og_description":"U\u017cywa Pan\/Pani gara\u017cu jako warsztatu lub pracowni? W gor\u0105ce letnie dni zamienia si\u0119 on jednak w nie do zniesienia saun\u0119, a zim\u0105 w lod\u00f3wk\u0119? Rozwi\u0105zaniem jest izolacja.","og_url":"https:\/\/gardeon.pl\/pl\/blog\/dlaczego-i-jak-izolowac-garaz\/","og_site_name":"GARDEON","article_published_time":"2026-04-23T15:41:17+00:00","article_modified_time":"2026-04-23T17:04:51+00:00","og_image":[{"width":2000,"height":1333,"url":"http:\/\/gardeon.pl\/wp-content\/uploads\/2021\/02\/gardeon-garaz-pre-jedno-auto-154.jpg","type":"image\/jpeg"}],"author":"editor","twitter_card":"summary_large_image","twitter_misc":{"Napisane przez":"editor","Szacowany czas czytania":"4 minuty"},"schema":{"@context":"https:\/\/schema.org","@graph":[{"@type":"Article","@id":"https:\/\/gardeon.pl\/pl\/blog\/dlaczego-i-jak-izolowac-garaz\/#article","isPartOf":{"@id":"https:\/\/gardeon.pl\/pl\/blog\/dlaczego-i-jak-izolowac-garaz\/"},"author":{"name":"editor","@id":"https:\/\/gardeon.pl\/#\/schema\/person\/a5762ca5f0790bf92774af0899379463"},"headline":"Dlaczego i jak izolowa\u0107 gara\u017c","datePublished":"2026-04-23T15:41:17+00:00","dateModified":"2026-04-23T17:04:51+00:00","mainEntityOfPage":{"@id":"https:\/\/gardeon.pl\/pl\/blog\/dlaczego-i-jak-izolowac-garaz\/"},"wordCount":889,"commentCount":0,"image":{"@id":"https:\/\/gardeon.pl\/pl\/blog\/dlaczego-i-jak-izolowac-garaz\/#primaryimage"},"thumbnailUrl":"https:\/\/gardeon.pl\/wp-content\/uploads\/2021\/02\/gardeon-garaz-pre-jedno-auto-154.jpg","articleSection":["Gara\u017ce blaszane","Jak to zrobi\u0107 \u2013 gara\u017ce | DIY"],"inLanguage":"pl-PL","potentialAction":[{"@type":"CommentAction","name":"Comment","target":["https:\/\/gardeon.pl\/pl\/blog\/dlaczego-i-jak-izolowac-garaz\/#respond"]}]},{"@type":"WebPage","@id":"https:\/\/gardeon.pl\/pl\/blog\/dlaczego-i-jak-izolowac-garaz\/","url":"https:\/\/gardeon.pl\/pl\/blog\/dlaczego-i-jak-izolowac-garaz\/","name":"Dlaczego i jak izolowa\u0107 gara\u017c | GARDEON","isPartOf":{"@id":"https:\/\/gardeon.pl\/#website"},"primaryImageOfPage":{"@id":"https:\/\/gardeon.pl\/pl\/blog\/dlaczego-i-jak-izolowac-garaz\/#primaryimage"},"image":{"@id":"https:\/\/gardeon.pl\/pl\/blog\/dlaczego-i-jak-izolowac-garaz\/#primaryimage"},"thumbnailUrl":"https:\/\/gardeon.pl\/wp-content\/uploads\/2021\/02\/gardeon-garaz-pre-jedno-auto-154.jpg","datePublished":"2026-04-23T15:41:17+00:00","dateModified":"2026-04-23T17:04:51+00:00","author":{"@id":"https:\/\/gardeon.pl\/#\/schema\/person\/a5762ca5f0790bf92774af0899379463"},"breadcrumb":{"@id":"https:\/\/gardeon.pl\/pl\/blog\/dlaczego-i-jak-izolowac-garaz\/#breadcrumb"},"inLanguage":"pl-PL","potentialAction":[{"@type":"ReadAction","target":["https:\/\/gardeon.pl\/pl\/blog\/dlaczego-i-jak-izolowac-garaz\/"]}]},{"@type":"ImageObject","inLanguage":"pl-PL","@id":"https:\/\/gardeon.pl\/pl\/blog\/dlaczego-i-jak-izolowac-garaz\/#primaryimage","url":"https:\/\/gardeon.pl\/wp-content\/uploads\/2021\/02\/gardeon-garaz-pre-jedno-auto-154.jpg","contentUrl":"https:\/\/gardeon.pl\/wp-content\/uploads\/2021\/02\/gardeon-garaz-pre-jedno-auto-154.jpg","width":2000,"height":1333,"caption":"Samoch\u00f3d zaparkowany w gara\u017cu 2"},{"@type":"BreadcrumbList","@id":"https:\/\/gardeon.pl\/pl\/blog\/dlaczego-i-jak-izolowac-garaz\/#breadcrumb","itemListElement":[{"@type":"ListItem","position":1,"name":"Domov","item":"https:\/\/gardeon.pl\/pl\/"},{"@type":"ListItem","position":2,"name":"Dlaczego i jak izolowa\u0107 gara\u017c"}]},{"@type":"WebSite","@id":"https:\/\/gardeon.pl\/#website","url":"https:\/\/gardeon.pl\/","name":"GARDEON","description":"","potentialAction":[{"@type":"SearchAction","target":{"@type":"EntryPoint","urlTemplate":"https:\/\/gardeon.pl\/?s={search_term_string}"},"query-input":{"@type":"PropertyValueSpecification","valueRequired":true,"valueName":"search_term_string"}}],"inLanguage":"pl-PL"},{"@type":"Person","@id":"https:\/\/gardeon.pl\/#\/schema\/person\/a5762ca5f0790bf92774af0899379463","name":"editor","image":{"@type":"ImageObject","inLanguage":"pl-PL","@id":"https:\/\/secure.gravatar.com\/avatar\/2b748151c2c748327307fd289a91b3bdafdd9e64e2d000e65e53d6dcf11c5830?s=96&d=mm&r=g","url":"https:\/\/secure.gravatar.com\/avatar\/2b748151c2c748327307fd289a91b3bdafdd9e64e2d000e65e53d6dcf11c5830?s=96&d=mm&r=g","contentUrl":"https:\/\/secure.gravatar.com\/avatar\/2b748151c2c748327307fd289a91b3bdafdd9e64e2d000e65e53d6dcf11c5830?s=96&d=mm&r=g","caption":"editor"}}]}},"_links":{"self":[{"href":"https:\/\/gardeon.pl\/pl\/wp-json\/wp\/v2\/posts\/46911","targetHints":{"allow":["GET"]}}],"collection":[{"href":"https:\/\/gardeon.pl\/pl\/wp-json\/wp\/v2\/posts"}],"about":[{"href":"https:\/\/gardeon.pl\/pl\/wp-json\/wp\/v2\/types\/post"}],"author":[{"embeddable":true,"href":"https:\/\/gardeon.pl\/pl\/wp-json\/wp\/v2\/users\/2"}],"replies":[{"embeddable":true,"href":"https:\/\/gardeon.pl\/pl\/wp-json\/wp\/v2\/comments?post=46911"}],"version-history":[{"count":0,"href":"https:\/\/gardeon.pl\/pl\/wp-json\/wp\/v2\/posts\/46911\/revisions"}],"wp:featuredmedia":[{"embeddable":true,"href":"https:\/\/gardeon.pl\/pl\/wp-json\/wp\/v2\/media\/42407"}],"wp:attachment":[{"href":"https:\/\/gardeon.pl\/pl\/wp-json\/wp\/v2\/media?parent=46911"}],"wp:term":[{"taxonomy":"category","embeddable":true,"href":"https:\/\/gardeon.pl\/pl\/wp-json\/wp\/v2\/categories?post=46911"},{"taxonomy":"post_tag","embeddable":true,"href":"https:\/\/gardeon.pl\/pl\/wp-json\/wp\/v2\/tags?post=46911"}],"curies":[{"name":"wp","href":"https:\/\/api.w.org\/{rel}","templated":true}]}}