{"id":46922,"date":"2026-04-23T17:41:18","date_gmt":"2026-04-23T15:41:18","guid":{"rendered":"https:\/\/gardeon.pl\/blog\/prosty-sposob-na-samodzielne-ocieplenie-domku-ogrodowego\/"},"modified":"2026-04-23T17:41:18","modified_gmt":"2026-04-23T15:41:18","slug":"prosty-sposob-na-samodzielne-ocieplenie-domku-ogrodowego","status":"publish","type":"post","link":"https:\/\/gardeon.pl\/pl\/blog\/prosty-sposob-na-samodzielne-ocieplenie-domku-ogrodowego\/","title":{"rendered":"Prosty spos\u00f3b na samodzielne ocieplenie domku ogrodowego"},"content":{"rendered":"<p><i><span style=\"font-weight: 400;\">Czy uwa\u017caj\u0105 Pa\u0144stwo, \u017ce ocieplony domek to kwestia dotycz\u0105ca wy\u0142\u0105cznie zimy? Pozwol\u0105 Pa\u0144stwo, \u017ce wyprowadzimy Was z b\u0142\u0119du. Dzi\u0119ki ociepleniu zim\u0105 oszcz\u0119dzaj\u0105 Pa\u0144stwo na ogrzewaniu, a latem na klimatyzacji. Izolacja dzia\u0142a w obie strony \u2013 do wewn\u0105trz i na zewn\u0105trz. Tak wi\u0119c, gdy latem na dworze panuje upa\u0142, wn\u0119trze Pa\u0144stwa domku si\u0119 nie przegrzewa. Zapraszamy do zapoznania si\u0119 z prost\u0105 instrukcj\u0105, jak samodzielnie ociepli\u0107 domek ogrodowy i jak wybra\u0107 odpowiednie materia\u0142y. Nie musz\u0105 Pa\u0144stwo przy tym czeka\u0107 do wiosny \u2013 ocieplenie od wewn\u0105trz mo\u017cna wykona\u0107 ju\u017c tej zimy.       <\/span><\/i><\/p>\n<p><!--more--><\/p>\n<h2 style=\"text-align: center;\">Czyste i r\u00f3wne pod\u0142o\u017ce<\/h2>\n<p><span style=\"font-weight: 400;\">W pierwszej kolejno\u015bci potrzebuj\u0105 Pa\u0144stwo czystego pod\u0142o\u017ca. Na \u015bcianach nie mo\u017ce by\u0107 kurzu, t\u0142uszczu, a przede wszystkim ple\u015bni. Je\u015bli pod\u0142o\u017ce nie jest w nale\u017cytym stanie, nale\u017cy je wyczy\u015bci\u0107 chemicznie lub mechanicznie.  <\/span><\/p>\n<h3>Przyk\u0142adowe pod\u0142o\u017ca<\/h3>\n<h4><i>P\u0142yta betonowa<\/i><\/h4>\n<h4 style=\"text-align: left;\"><img loading=\"lazy\" decoding=\"async\" class=\"aligncenter wp-image-27924\" src=\"http:\/\/gardeon.pl\/wp-content\/uploads\/2020\/09\/GARDEON-foto-od-zakaznikov-36-1.jpg\" alt=\"P\u0142yta betonowa pod domek ogrodowy\" width=\"800\" height=\"600\" srcset=\"https:\/\/gardeon.pl\/wp-content\/uploads\/2020\/09\/GARDEON-foto-od-zakaznikov-36-1.jpg 800w, https:\/\/gardeon.pl\/wp-content\/uploads\/2020\/09\/GARDEON-foto-od-zakaznikov-36-1-300x225.jpg 300w, https:\/\/gardeon.pl\/wp-content\/uploads\/2020\/09\/GARDEON-foto-od-zakaznikov-36-1-768x576.jpg 768w\" sizes=\"auto, (max-width: 800px) 100vw, 800px\" \/><\/h4>\n<h4 style=\"text-align: left;\"><em>Kostka brukowa<\/em><\/h4>\n<h4 style=\"text-align: left;\"><img loading=\"lazy\" decoding=\"async\" class=\"aligncenter wp-image-17158\" src=\"http:\/\/gardeon.pl\/wp-content\/uploads\/2018\/08\/Bet%C3%B3nov%C3%A1-plat%C5%88a-z%C3%A1mkov%C3%A1-dla%C5%BEba-s-p%C3%A4tkami-1.jpg\" alt=\"Kostka brukowa ze stopami pod domek ogrodowy z wiat\u0105\" width=\"800\" height=\"600\"><\/h4>\n<p><span style=\"font-weight: 400;\">Po drugie, \u015bciany powinny by\u0107 r\u00f3wne. Krzywe \u015bciany to problem g\u0142\u00f3wnie w\u0142a\u015bcicieli starszych budynk\u00f3w murowanych. W przypadku montowanych domk\u00f3w ogrodowych nie musz\u0105 si\u0119 Pa\u0144stwo o to martwi\u0107.  <\/span><\/p>\n<h3>Materia\u0142 izolacyjny: we\u0142na mineralna vs. styropian<\/h3>\n<p><span style=\"font-weight: 400;\">Wiele os\u00f3b przed ociepleniem staje przed wyborem mi\u0119dzy dwoma materia\u0142ami. We\u0142na mineralna czy styropian? Oba maj\u0105 podobne w\u0142a\u015bciwo\u015bci termoizolacyjne. We\u0142na ma ni\u017cszy op\u00f3r dyfuzyjny. Co to dok\u0142adnie oznacza? I jakie s\u0105 mi\u0119dzy nimi inne r\u00f3\u017cnice?     <\/span><\/p>\n<p><span style=\"font-weight: 400;\">Zar\u00f3wno we\u0142na mineralna, jak i styropian maj\u0105 niski op\u00f3r dyfuzyjny. Dzi\u0119ki temu dobrze przepuszczaj\u0105 par\u0119 wodn\u0105 (we\u0142na mineralna nieco lepiej). Woda nie skrapla si\u0119 wi\u0119c wewn\u0105trz ani na powierzchni. Dzi\u0119ki temu \u015bciany nie p\u0119czniej\u0105 i nie ple\u015bniej\u0105. M\u00f3wi si\u0119, \u017ce \u201eoddychaj\u0105\u201d.    <\/span><\/p>\n<p><span style=\"font-weight: 400;\">Je\u015bli szukaj\u0105 Pa\u0144stwo bardziej ekologicznego wariantu ocieplenia, to styropian jest czystym produktem syntetycznym. Cho\u0107 we\u0142na r\u00f3wnie\u017c nie jest rozwi\u0105zaniem w 100% naturalnym, jest mu znacznie bli\u017csza ni\u017c polistyren ekspandowany (EPS). <\/span><\/p>\n<p><img loading=\"lazy\" decoding=\"async\" class=\"wp-image-18547 aligncenter\" src=\"http:\/\/gardeon.pl\/wp-content\/uploads\/2019\/01\/Zateplenie-stropu-3.jpeg\" alt=\"Izolacja sufitu za pomoc\u0105 we\u0142ny szklanej i styropianu\" width=\"800\" height=\"601\" srcset=\"https:\/\/gardeon.pl\/wp-content\/uploads\/2019\/01\/Zateplenie-stropu-3.jpeg 1500w, https:\/\/gardeon.pl\/wp-content\/uploads\/2019\/01\/Zateplenie-stropu-3-300x225.jpeg 300w, https:\/\/gardeon.pl\/wp-content\/uploads\/2019\/01\/Zateplenie-stropu-3-768x577.jpeg 768w, https:\/\/gardeon.pl\/wp-content\/uploads\/2019\/01\/Zateplenie-stropu-3-1024x769.jpeg 1024w, https:\/\/gardeon.pl\/wp-content\/uploads\/2019\/01\/Zateplenie-stropu-3-1200x900-cropped.jpeg 1200w\" sizes=\"auto, (max-width: 800px) 100vw, 800px\" \/><\/p>\n<p><span style=\"font-weight: 400;\">EPS, czyli w zasadzie standardowy bia\u0142y styropian, nale\u017cy do najta\u0144szych materia\u0142\u00f3w do ocieple\u0144. Dlatego preferuje go wielu w\u0142a\u015bcicieli dom\u00f3w, <\/span><a href=\"https:\/\/gardeon.pl\/garaze\/\"><span style=\"font-weight: 400;\">gara\u017cy<\/span><\/a><span style=\"font-weight: 400;\"> oraz <\/span><a href=\"https:\/\/gardeon.pl\/zahradni-domky\/\"><span style=\"font-weight: 400;\">domk\u00f3w ogrodowych<\/span><\/a><span style=\"font-weight: 400;\">. Wynika to r\u00f3wnie\u017c z jego niskiej wagi i \u0142atwo\u015bci obr\u00f3bki. O ok. 20% lepsze w\u0142a\u015bciwo\u015bci izolacyjne ma jednak jego \u201ekolega\u201d z domieszk\u0105 grafitu, zwany styropianem grafitowym. Wraz z tym jednak logicznie ro\u015bnie jego cena.<\/span><\/p>\n<p><span style=\"font-weight: 400;\">W przeciwie\u0144stwie do EPS, we\u0142na mineralna s\u0142u\u017cy nie tylko jako izolacja termiczna, ale tak\u017ce akustyczna, a przede wszystkim przeciwpo\u017carowa. Z drugiej strony ma wi\u0119ksz\u0105 mas\u0119 i mniejsz\u0105 sztywno\u015b\u0107. Dlatego jest nieco bardziej wymagaj\u0105ca w monta\u017cu (mo\u017cna j\u0105 kupi\u0107 w p\u0142ytach lub rolkach). Jednocze\u015bnie jest o ok. 20% dro\u017csza od styropianu.   <\/span><\/p>\n<p><span style=\"font-weight: 400;\">Niezale\u017cnie od tego, czy zdecyduj\u0105 si\u0119 Pa\u0144stwo na we\u0142n\u0119 czy styropian, potrzebne b\u0119dzie wyko\u0144czenie wierzchnie. Jak je wybra\u0107? <\/span><\/p>\n<h3>Os\u0142ona izolacji: p\u0142yta gipsowo-kartonowa vs. p\u0142yty OSB<\/h3>\n<p><span style=\"font-weight: 400;\">Co zatem przykr\u0119ci\u0107 do konstrukcji, aby przykry\u0107 i zamocowa\u0107 materia\u0142 izolacyjny? Przyjrzyjmy si\u0119 \u201epojedynkowi\u201d p\u0142yt gipsowo-kartonowych i p\u0142yt OSB. <\/span><\/p>\n<p><span style=\"font-weight: 400;\">P\u0142yty OSB (oriented strand board) produkowane s\u0105 poprzez prasowanie wi\u00f3r\u00f3w drzewnych. Certyfikowane p\u0142yty s\u0105 spajane g\u0142\u00f3wnie \u017cywic\u0105 syntetyczn\u0105 bez formaldehydu. Mimo \u017ce nie maj\u0105 w pe\u0142ni naturalnego charakteru, s\u0105 bezpieczne pod wzgl\u0119dem zdrowotnym.  <\/span><\/p>\n<p><img loading=\"lazy\" decoding=\"async\" class=\"aligncenter wp-image-14841\" src=\"http:\/\/gardeon.pl\/wp-content\/uploads\/2017\/09\/WP_20160811_16_00_25_Rich-e1505242628367.jpg\" alt=\"Ocieplenie gara\u017cu we\u0142n\u0105 szklan\u0105 i p\u0142yt\u0105 OSB\" width=\"800\" height=\"450\" srcset=\"https:\/\/gardeon.pl\/wp-content\/uploads\/2017\/09\/WP_20160811_16_00_25_Rich-e1505242628367.jpg 2000w, https:\/\/gardeon.pl\/wp-content\/uploads\/2017\/09\/WP_20160811_16_00_25_Rich-e1505242628367-300x169.jpg 300w, https:\/\/gardeon.pl\/wp-content\/uploads\/2017\/09\/WP_20160811_16_00_25_Rich-e1505242628367-1024x576.jpg 1024w, https:\/\/gardeon.pl\/wp-content\/uploads\/2017\/09\/WP_20160811_16_00_25_Rich-e1505242628367-768x432.jpg 768w, https:\/\/gardeon.pl\/wp-content\/uploads\/2017\/09\/WP_20160811_16_00_25_Rich-e1505242628367-1536x864.jpg 1536w\" sizes=\"auto, (max-width: 800px) 100vw, 800px\" \/><\/p>\n<p><span style=\"font-weight: 400;\">P\u0142yta gipsowo-kartonowa sk\u0142ada si\u0119 z prasowanego gipsu i papieru. Aby uzyska\u0107 po\u017c\u0105dane w\u0142a\u015bciwo\u015bci, dodaje si\u0119 do niej r\u00f3\u017cne domieszki. Na rynku istnieje kilka rodzaj\u00f3w. Zwyk\u0142a p\u0142yta gipsowo-kartonowa jest zazwyczaj szara. Zielona jest impregnowana, aby by\u0142a odporna na wy\u017csz\u0105 wilgotno\u015b\u0107 (nawet 75%). Ognioodporna p\u0142yta gipsowo-kartonowa ma kolor r\u00f3\u017cowy, a do izolacji akustycznej stosuje si\u0119 niebiesk\u0105 p\u0142yt\u0119 gipsowo-kartonow\u0105.     <\/span><\/p>\n<p><span style=\"font-weight: 400;\">Z punktu widzenia zdrowotnego oba materia\u0142y s\u0105 zatem odpowiednie. Jakie s\u0105 r\u00f3\u017cnice? P\u0142yta gipsowo-kartonowa jest wprawdzie bardziej krucha, ale za to \u0142atwiejsza w obr\u00f3bce. Gips jest przecie\u017c l\u017cejszy od drewna. Je\u015bli wybior\u0105 Pa\u0144stwo p\u0142yt\u0119 gipsowo-kartonow\u0105, nale\u017cy na ni\u0105 na\u0142o\u017cy\u0107 jeszcze g\u0142ad\u017a lub farb\u0119, poniewa\u017c pod wzgl\u0119dem estetycznym nie jest ona atrakcyjna.    <\/span><\/p>\n<p><i><span style=\"font-weight: 400;\">Ocieplony i wyko\u0144czony domek ogrodowy naszego klienta<\/span><\/i><\/p>\n<p><img loading=\"lazy\" decoding=\"async\" class=\"wp-image-31213 aligncenter\" src=\"http:\/\/gardeon.pl\/wp-content\/uploads\/2021\/02\/GARDEON-prerobene-vnutro-zahradneho-domceka-1.jpg\" alt=\"\u0141azienka wewn\u0105trz domku ogrodowego\" width=\"800\" height=\"600\" srcset=\"https:\/\/gardeon.pl\/wp-content\/uploads\/2021\/02\/GARDEON-prerobene-vnutro-zahradneho-domceka-1.jpg 2268w, https:\/\/gardeon.pl\/wp-content\/uploads\/2021\/02\/GARDEON-prerobene-vnutro-zahradneho-domceka-1-300x225.jpg 300w, https:\/\/gardeon.pl\/wp-content\/uploads\/2021\/02\/GARDEON-prerobene-vnutro-zahradneho-domceka-1-1024x768.jpg 1024w, https:\/\/gardeon.pl\/wp-content\/uploads\/2021\/02\/GARDEON-prerobene-vnutro-zahradneho-domceka-1-768x576.jpg 768w, https:\/\/gardeon.pl\/wp-content\/uploads\/2021\/02\/GARDEON-prerobene-vnutro-zahradneho-domceka-1-1536x1152.jpg 1536w, https:\/\/gardeon.pl\/wp-content\/uploads\/2021\/02\/GARDEON-prerobene-vnutro-zahradneho-domceka-1-2048x1536.jpg 2048w\" sizes=\"auto, (max-width: 800px) 100vw, 800px\" \/><\/p>\n<p><span style=\"font-weight: 400;\">Z kolei p\u0142yty OSB cz\u0119sto wykorzystywane s\u0105 jako element dekoracyjny, kt\u00f3ry wystarczy tylko polakierowa\u0107. Drewno sprawia wra\u017cenie przytulnego i naturalnego. Wszystko zale\u017cy od tego, jak b\u0119d\u0105 Pa\u0144stwo korzysta\u0107 z domku. Je\u015bli chcieliby Pa\u0144stwo na\u0142o\u017cy\u0107 g\u0142ad\u017a na p\u0142yty OSB, jako podk\u0142ad pomo\u017ce siatka stalowa. Na ni\u0105 bez problemu na\u0142o\u017c\u0105 Pa\u0144stwo dowoln\u0105 g\u0142ad\u017a.    <\/span><\/p>\n<h3>Prosty proces ocieplania<\/h3>\n<p><span style=\"font-weight: 400;\">Jeden z naszych klient\u00f3w samodzielnie ociepla\u0142 sw\u00f3j montowany domek ogrodowy i zdecydowa\u0142 si\u0119 na po\u0142\u0105czenie styropianu oraz we\u0142ny mineralnej. Mog\u0105 Pa\u0144stwo zainspirowa\u0107 si\u0119 jego metod\u0105 opisan\u0105 poni\u017cej. <\/span><\/p>\n<h4>Instrukcja:<\/h4>\n<p><span style=\"font-weight: 400;\">W\u0142\u00f3\u017c styropian o grubo\u015bci ok. 3 cm w profile \u015bcian domku. Nast\u0119pnie na\u0142\u00f3\u017c na niego warstw\u0119 we\u0142ny mineralnej o grubo\u015bci ok. 10 cm. Na wierzchu zamontuj p\u0142yt\u0119 gipsowo-kartonow\u0105 i wyr\u00f3wnaj spoiny, aby uzyska\u0107 pi\u0119kne, r\u00f3wne pod\u0142o\u017ce pod tynk dekoracyjny lub farb\u0119. I gotowe. Tynk powierzchniowy lub kolor (nie zapomnij o gruncie) zale\u017cy ju\u017c tylko od Pa\u0144stwa wyobra\u017ani. W zale\u017cno\u015bci od tego,        <\/span><a href=\"https:\/\/gardeon.sk\/blog\/domcek-ako-unik-od-reality-nielen-cez-leto\/\"><span style=\"font-weight: 400;\">jak b\u0119d\u0105 Pa\u0144stwo korzysta\u0107 ze swojego domku ogrodowego<\/span><\/a><span style=\"font-weight: 400;\">.<\/span><\/p>\n<p><span style=\"font-weight: 400;\">W podobny spos\u00f3b nale\u017cy post\u0119powa\u0107 przy izolacji dachu. Jako podstawa pos\u0142u\u017cy specjalna metalowa konstrukcja, do kt\u00f3rej przymocuj\u0105 Pa\u0144stwo materia\u0142y izolacyjne. <\/span><\/p>\n<p><i><span style=\"font-weight: 400;\">Ocieplony i wyko\u0144czony domek ogrodowy naszego klienta<\/span><\/i><\/p>\n<p><img loading=\"lazy\" decoding=\"async\" class=\"wp-image-31215 aligncenter\" src=\"http:\/\/gardeon.pl\/wp-content\/uploads\/2021\/02\/GARDEON-prerobene-vnutro-zahradneho-domceka-2-scaled.jpg\" alt=\"Lustro z przyborami toaletowymi w domku ogrodowym\" width=\"800\" height=\"1067\" srcset=\"https:\/\/gardeon.pl\/wp-content\/uploads\/2021\/02\/GARDEON-prerobene-vnutro-zahradneho-domceka-2-scaled.jpg 1920w, https:\/\/gardeon.pl\/wp-content\/uploads\/2021\/02\/GARDEON-prerobene-vnutro-zahradneho-domceka-2-225x300.jpg 225w, https:\/\/gardeon.pl\/wp-content\/uploads\/2021\/02\/GARDEON-prerobene-vnutro-zahradneho-domceka-2-768x1024.jpg 768w, https:\/\/gardeon.pl\/wp-content\/uploads\/2021\/02\/GARDEON-prerobene-vnutro-zahradneho-domceka-2-1152x1536.jpg 1152w, https:\/\/gardeon.pl\/wp-content\/uploads\/2021\/02\/GARDEON-prerobene-vnutro-zahradneho-domceka-2-1536x2048.jpg 1536w\" sizes=\"auto, (max-width: 800px) 100vw, 800px\" \/><\/p>\n<p><span style=\"font-weight: 400;\">A co z pod\u0142og\u0105? Na p\u0142yt\u0119 betonow\u0105 nale\u017cy na\u0142o\u017cy\u0107 pow\u0142ok\u0119 hydroizolacyjn\u0105. Po zastygni\u0119ciu utworzy ona gumow\u0105 warstw\u0119 ochronn\u0105, aby woda od spodu nie przesi\u0105ka\u0142a do wn\u0119trza budynku. Na wierzchu mo\u017cna po\u0142o\u017cy\u0107 p\u0142ytki lub <\/span><a href=\"https:\/\/gardeon.sk\/blog\/vyberte-si-z-8-typov-podlah-do-vasho-zahradneho-domceka\/\"><span style=\"font-weight: 400;\">inny rodzaj pod\u0142ogi<\/span><\/a><span style=\"font-weight: 400;\">, zgodnie z Pa\u0144stwa gustem.<\/span><\/p>\n<p><span style=\"font-weight: 400;\">Po ociepleniu Pa\u0144stwa domek b\u0119dzie miejscem, kt\u00f3rym mo\u017cna si\u0119 cieszy\u0107 bez wzgl\u0119du na to, czy jest zima, czy lato.<\/span><\/p>\n<h5>\u0179r\u00f3d\u0142o:<\/h5>\n<h5>Fotobank GARDEON<\/h5>\n","protected":false},"excerpt":{"rendered":"<p>Czy uwa\u017caj\u0105 Pa\u0144stwo, \u017ce ocieplony domek to kwestia dotycz\u0105ca wy\u0142\u0105cznie zimy? Pozwol\u0105 Pa\u0144stwo, \u017ce wyprowadzimy Was z b\u0142\u0119du. Dzi\u0119ki ociepleniu zim\u0105 oszcz\u0119dzaj\u0105 Pa\u0144stwo na ogrzewaniu, a latem na klimatyzacji. Izolacja dzia\u0142a w obie strony \u2013 do wewn\u0105trz i na zewn\u0105trz. Tak wi\u0119c, gdy latem na dworze panuje upa\u0142, wn\u0119trze Pa\u0144stwa domku si\u0119 nie przegrzewa. Zapraszamy [&hellip;]<\/p>\n","protected":false},"author":2,"featured_media":46934,"comment_status":"open","ping_status":"open","sticky":false,"template":"","format":"standard","meta":{"_acf_changed":false,"inline_featured_image":false,"footnotes":""},"categories":[632,605],"tags":[595,674,675,579,635],"class_list":["post-46922","post","type-post","status-publish","format-standard","has-post-thumbnail","hentry","category-domki-ogrodowe","category-jak-to-zrobic-ogrod-diy","tag-domek-ogrodowy","tag-domek-ogrodowy-gardeon","tag-domek-ogrodowy-z-wiata","tag-gardeon","tag-zadaszenie"],"acf":[],"yoast_head":"<!-- This site is optimized with the Yoast SEO plugin v27.4 - https:\/\/yoast.com\/product\/yoast-seo-wordpress\/ -->\n<title>Prosty spos\u00f3b na samodzielne ocieplenie domku ogrodowego | GARDEON<\/title>\n<meta name=\"robots\" content=\"index, follow, max-snippet:-1, max-image-preview:large, max-video-preview:-1\" \/>\n<link rel=\"canonical\" href=\"https:\/\/gardeon.pl\/pl\/blog\/prosty-sposob-na-samodzielne-ocieplenie-domku-ogrodowego\/\" \/>\n<meta property=\"og:locale\" content=\"pl_PL\" \/>\n<meta property=\"og:type\" content=\"article\" \/>\n<meta property=\"og:title\" content=\"Prosty spos\u00f3b na samodzielne ocieplenie domku ogrodowego | GARDEON\" \/>\n<meta property=\"og:description\" content=\"Czy uwa\u017caj\u0105 Pa\u0144stwo, \u017ce ocieplony domek to kwestia dotycz\u0105ca wy\u0142\u0105cznie zimy? Pozwol\u0105 Pa\u0144stwo, \u017ce wyprowadzimy Was z b\u0142\u0119du. Dzi\u0119ki ociepleniu zim\u0105 oszcz\u0119dzaj\u0105 Pa\u0144stwo na ogrzewaniu, a latem na klimatyzacji. Izolacja dzia\u0142a w obie strony \u2013 do wewn\u0105trz i na zewn\u0105trz. Tak wi\u0119c, gdy latem na dworze panuje upa\u0142, wn\u0119trze Pa\u0144stwa domku si\u0119 nie przegrzewa. Zapraszamy [&hellip;]\" \/>\n<meta property=\"og:url\" content=\"https:\/\/gardeon.pl\/pl\/blog\/prosty-sposob-na-samodzielne-ocieplenie-domku-ogrodowego\/\" \/>\n<meta property=\"og:site_name\" content=\"GARDEON\" \/>\n<meta property=\"article:published_time\" content=\"2026-04-23T15:41:18+00:00\" \/>\n<meta property=\"og:image\" content=\"https:\/\/gardeon.pl\/wp-content\/uploads\/2019\/01\/Zateplenie-stropu-2.jpeg\" \/>\n\t<meta property=\"og:image:width\" content=\"1500\" \/>\n\t<meta property=\"og:image:height\" content=\"1126\" \/>\n\t<meta property=\"og:image:type\" content=\"image\/jpeg\" \/>\n<meta name=\"author\" content=\"editor\" \/>\n<meta name=\"twitter:card\" content=\"summary_large_image\" \/>\n<meta name=\"twitter:label1\" content=\"Napisane przez\" \/>\n\t<meta name=\"twitter:data1\" content=\"editor\" \/>\n\t<meta name=\"twitter:label2\" content=\"Szacowany czas czytania\" \/>\n\t<meta name=\"twitter:data2\" content=\"5 minut\" \/>\n<script type=\"application\/ld+json\" class=\"yoast-schema-graph\">{\"@context\":\"https:\\\/\\\/schema.org\",\"@graph\":[{\"@type\":\"Article\",\"@id\":\"https:\\\/\\\/gardeon.pl\\\/pl\\\/blog\\\/prosty-sposob-na-samodzielne-ocieplenie-domku-ogrodowego\\\/#article\",\"isPartOf\":{\"@id\":\"https:\\\/\\\/gardeon.pl\\\/pl\\\/blog\\\/prosty-sposob-na-samodzielne-ocieplenie-domku-ogrodowego\\\/\"},\"author\":{\"name\":\"editor\",\"@id\":\"https:\\\/\\\/gardeon.pl\\\/#\\\/schema\\\/person\\\/a5762ca5f0790bf92774af0899379463\"},\"headline\":\"Prosty spos\u00f3b na samodzielne ocieplenie domku ogrodowego\",\"datePublished\":\"2026-04-23T15:41:18+00:00\",\"mainEntityOfPage\":{\"@id\":\"https:\\\/\\\/gardeon.pl\\\/pl\\\/blog\\\/prosty-sposob-na-samodzielne-ocieplenie-domku-ogrodowego\\\/\"},\"wordCount\":1032,\"commentCount\":0,\"image\":{\"@id\":\"https:\\\/\\\/gardeon.pl\\\/pl\\\/blog\\\/prosty-sposob-na-samodzielne-ocieplenie-domku-ogrodowego\\\/#primaryimage\"},\"thumbnailUrl\":\"https:\\\/\\\/gardeon.pl\\\/wp-content\\\/uploads\\\/2019\\\/01\\\/Zateplenie-stropu-2.jpeg\",\"keywords\":[\"domek ogrodowy\",\"domek ogrodowy GARDEON\",\"domek ogrodowy z wiat\u0105\",\"GARDEON\",\"zadaszenie\"],\"articleSection\":[\"Domki ogrodowe\",\"Jak to zrobi\u0107 \u2013 ogr\u00f3d | DIY\"],\"inLanguage\":\"pl-PL\",\"potentialAction\":[{\"@type\":\"CommentAction\",\"name\":\"Comment\",\"target\":[\"https:\\\/\\\/gardeon.pl\\\/pl\\\/blog\\\/prosty-sposob-na-samodzielne-ocieplenie-domku-ogrodowego\\\/#respond\"]}]},{\"@type\":\"WebPage\",\"@id\":\"https:\\\/\\\/gardeon.pl\\\/pl\\\/blog\\\/prosty-sposob-na-samodzielne-ocieplenie-domku-ogrodowego\\\/\",\"url\":\"https:\\\/\\\/gardeon.pl\\\/pl\\\/blog\\\/prosty-sposob-na-samodzielne-ocieplenie-domku-ogrodowego\\\/\",\"name\":\"Prosty spos\u00f3b na samodzielne ocieplenie domku ogrodowego | GARDEON\",\"isPartOf\":{\"@id\":\"https:\\\/\\\/gardeon.pl\\\/#website\"},\"primaryImageOfPage\":{\"@id\":\"https:\\\/\\\/gardeon.pl\\\/pl\\\/blog\\\/prosty-sposob-na-samodzielne-ocieplenie-domku-ogrodowego\\\/#primaryimage\"},\"image\":{\"@id\":\"https:\\\/\\\/gardeon.pl\\\/pl\\\/blog\\\/prosty-sposob-na-samodzielne-ocieplenie-domku-ogrodowego\\\/#primaryimage\"},\"thumbnailUrl\":\"https:\\\/\\\/gardeon.pl\\\/wp-content\\\/uploads\\\/2019\\\/01\\\/Zateplenie-stropu-2.jpeg\",\"datePublished\":\"2026-04-23T15:41:18+00:00\",\"author\":{\"@id\":\"https:\\\/\\\/gardeon.pl\\\/#\\\/schema\\\/person\\\/a5762ca5f0790bf92774af0899379463\"},\"breadcrumb\":{\"@id\":\"https:\\\/\\\/gardeon.pl\\\/pl\\\/blog\\\/prosty-sposob-na-samodzielne-ocieplenie-domku-ogrodowego\\\/#breadcrumb\"},\"inLanguage\":\"pl-PL\",\"potentialAction\":[{\"@type\":\"ReadAction\",\"target\":[\"https:\\\/\\\/gardeon.pl\\\/pl\\\/blog\\\/prosty-sposob-na-samodzielne-ocieplenie-domku-ogrodowego\\\/\"]}]},{\"@type\":\"ImageObject\",\"inLanguage\":\"pl-PL\",\"@id\":\"https:\\\/\\\/gardeon.pl\\\/pl\\\/blog\\\/prosty-sposob-na-samodzielne-ocieplenie-domku-ogrodowego\\\/#primaryimage\",\"url\":\"https:\\\/\\\/gardeon.pl\\\/wp-content\\\/uploads\\\/2019\\\/01\\\/Zateplenie-stropu-2.jpeg\",\"contentUrl\":\"https:\\\/\\\/gardeon.pl\\\/wp-content\\\/uploads\\\/2019\\\/01\\\/Zateplenie-stropu-2.jpeg\",\"width\":1500,\"height\":1126,\"caption\":\"Izolacja sufitu w gara\u017cu za pomoc\u0105 we\u0142ny szklanej i styropianu\"},{\"@type\":\"BreadcrumbList\",\"@id\":\"https:\\\/\\\/gardeon.pl\\\/pl\\\/blog\\\/prosty-sposob-na-samodzielne-ocieplenie-domku-ogrodowego\\\/#breadcrumb\",\"itemListElement\":[{\"@type\":\"ListItem\",\"position\":1,\"name\":\"Domov\",\"item\":\"https:\\\/\\\/gardeon.pl\\\/pl\\\/\"},{\"@type\":\"ListItem\",\"position\":2,\"name\":\"Prosty spos\u00f3b na samodzielne ocieplenie domku ogrodowego\"}]},{\"@type\":\"WebSite\",\"@id\":\"https:\\\/\\\/gardeon.pl\\\/#website\",\"url\":\"https:\\\/\\\/gardeon.pl\\\/\",\"name\":\"GARDEON\",\"description\":\"\",\"potentialAction\":[{\"@type\":\"SearchAction\",\"target\":{\"@type\":\"EntryPoint\",\"urlTemplate\":\"https:\\\/\\\/gardeon.pl\\\/?s={search_term_string}\"},\"query-input\":{\"@type\":\"PropertyValueSpecification\",\"valueRequired\":true,\"valueName\":\"search_term_string\"}}],\"inLanguage\":\"pl-PL\"},{\"@type\":\"Person\",\"@id\":\"https:\\\/\\\/gardeon.pl\\\/#\\\/schema\\\/person\\\/a5762ca5f0790bf92774af0899379463\",\"name\":\"editor\",\"image\":{\"@type\":\"ImageObject\",\"inLanguage\":\"pl-PL\",\"@id\":\"https:\\\/\\\/secure.gravatar.com\\\/avatar\\\/2b748151c2c748327307fd289a91b3bdafdd9e64e2d000e65e53d6dcf11c5830?s=96&d=mm&r=g\",\"url\":\"https:\\\/\\\/secure.gravatar.com\\\/avatar\\\/2b748151c2c748327307fd289a91b3bdafdd9e64e2d000e65e53d6dcf11c5830?s=96&d=mm&r=g\",\"contentUrl\":\"https:\\\/\\\/secure.gravatar.com\\\/avatar\\\/2b748151c2c748327307fd289a91b3bdafdd9e64e2d000e65e53d6dcf11c5830?s=96&d=mm&r=g\",\"caption\":\"editor\"}}]}<\/script>\n<!-- \/ Yoast SEO plugin. -->","yoast_head_json":{"title":"Prosty spos\u00f3b na samodzielne ocieplenie domku ogrodowego | GARDEON","robots":{"index":"index","follow":"follow","max-snippet":"max-snippet:-1","max-image-preview":"max-image-preview:large","max-video-preview":"max-video-preview:-1"},"canonical":"https:\/\/gardeon.pl\/pl\/blog\/prosty-sposob-na-samodzielne-ocieplenie-domku-ogrodowego\/","og_locale":"pl_PL","og_type":"article","og_title":"Prosty spos\u00f3b na samodzielne ocieplenie domku ogrodowego | GARDEON","og_description":"Czy uwa\u017caj\u0105 Pa\u0144stwo, \u017ce ocieplony domek to kwestia dotycz\u0105ca wy\u0142\u0105cznie zimy? Pozwol\u0105 Pa\u0144stwo, \u017ce wyprowadzimy Was z b\u0142\u0119du. Dzi\u0119ki ociepleniu zim\u0105 oszcz\u0119dzaj\u0105 Pa\u0144stwo na ogrzewaniu, a latem na klimatyzacji. Izolacja dzia\u0142a w obie strony \u2013 do wewn\u0105trz i na zewn\u0105trz. Tak wi\u0119c, gdy latem na dworze panuje upa\u0142, wn\u0119trze Pa\u0144stwa domku si\u0119 nie przegrzewa. Zapraszamy [&hellip;]","og_url":"https:\/\/gardeon.pl\/pl\/blog\/prosty-sposob-na-samodzielne-ocieplenie-domku-ogrodowego\/","og_site_name":"GARDEON","article_published_time":"2026-04-23T15:41:18+00:00","og_image":[{"width":1500,"height":1126,"url":"https:\/\/gardeon.pl\/wp-content\/uploads\/2019\/01\/Zateplenie-stropu-2.jpeg","type":"image\/jpeg"}],"author":"editor","twitter_card":"summary_large_image","twitter_misc":{"Napisane przez":"editor","Szacowany czas czytania":"5 minut"},"schema":{"@context":"https:\/\/schema.org","@graph":[{"@type":"Article","@id":"https:\/\/gardeon.pl\/pl\/blog\/prosty-sposob-na-samodzielne-ocieplenie-domku-ogrodowego\/#article","isPartOf":{"@id":"https:\/\/gardeon.pl\/pl\/blog\/prosty-sposob-na-samodzielne-ocieplenie-domku-ogrodowego\/"},"author":{"name":"editor","@id":"https:\/\/gardeon.pl\/#\/schema\/person\/a5762ca5f0790bf92774af0899379463"},"headline":"Prosty spos\u00f3b na samodzielne ocieplenie domku ogrodowego","datePublished":"2026-04-23T15:41:18+00:00","mainEntityOfPage":{"@id":"https:\/\/gardeon.pl\/pl\/blog\/prosty-sposob-na-samodzielne-ocieplenie-domku-ogrodowego\/"},"wordCount":1032,"commentCount":0,"image":{"@id":"https:\/\/gardeon.pl\/pl\/blog\/prosty-sposob-na-samodzielne-ocieplenie-domku-ogrodowego\/#primaryimage"},"thumbnailUrl":"https:\/\/gardeon.pl\/wp-content\/uploads\/2019\/01\/Zateplenie-stropu-2.jpeg","keywords":["domek ogrodowy","domek ogrodowy GARDEON","domek ogrodowy z wiat\u0105","GARDEON","zadaszenie"],"articleSection":["Domki ogrodowe","Jak to zrobi\u0107 \u2013 ogr\u00f3d | DIY"],"inLanguage":"pl-PL","potentialAction":[{"@type":"CommentAction","name":"Comment","target":["https:\/\/gardeon.pl\/pl\/blog\/prosty-sposob-na-samodzielne-ocieplenie-domku-ogrodowego\/#respond"]}]},{"@type":"WebPage","@id":"https:\/\/gardeon.pl\/pl\/blog\/prosty-sposob-na-samodzielne-ocieplenie-domku-ogrodowego\/","url":"https:\/\/gardeon.pl\/pl\/blog\/prosty-sposob-na-samodzielne-ocieplenie-domku-ogrodowego\/","name":"Prosty spos\u00f3b na samodzielne ocieplenie domku ogrodowego | GARDEON","isPartOf":{"@id":"https:\/\/gardeon.pl\/#website"},"primaryImageOfPage":{"@id":"https:\/\/gardeon.pl\/pl\/blog\/prosty-sposob-na-samodzielne-ocieplenie-domku-ogrodowego\/#primaryimage"},"image":{"@id":"https:\/\/gardeon.pl\/pl\/blog\/prosty-sposob-na-samodzielne-ocieplenie-domku-ogrodowego\/#primaryimage"},"thumbnailUrl":"https:\/\/gardeon.pl\/wp-content\/uploads\/2019\/01\/Zateplenie-stropu-2.jpeg","datePublished":"2026-04-23T15:41:18+00:00","author":{"@id":"https:\/\/gardeon.pl\/#\/schema\/person\/a5762ca5f0790bf92774af0899379463"},"breadcrumb":{"@id":"https:\/\/gardeon.pl\/pl\/blog\/prosty-sposob-na-samodzielne-ocieplenie-domku-ogrodowego\/#breadcrumb"},"inLanguage":"pl-PL","potentialAction":[{"@type":"ReadAction","target":["https:\/\/gardeon.pl\/pl\/blog\/prosty-sposob-na-samodzielne-ocieplenie-domku-ogrodowego\/"]}]},{"@type":"ImageObject","inLanguage":"pl-PL","@id":"https:\/\/gardeon.pl\/pl\/blog\/prosty-sposob-na-samodzielne-ocieplenie-domku-ogrodowego\/#primaryimage","url":"https:\/\/gardeon.pl\/wp-content\/uploads\/2019\/01\/Zateplenie-stropu-2.jpeg","contentUrl":"https:\/\/gardeon.pl\/wp-content\/uploads\/2019\/01\/Zateplenie-stropu-2.jpeg","width":1500,"height":1126,"caption":"Izolacja sufitu w gara\u017cu za pomoc\u0105 we\u0142ny szklanej i styropianu"},{"@type":"BreadcrumbList","@id":"https:\/\/gardeon.pl\/pl\/blog\/prosty-sposob-na-samodzielne-ocieplenie-domku-ogrodowego\/#breadcrumb","itemListElement":[{"@type":"ListItem","position":1,"name":"Domov","item":"https:\/\/gardeon.pl\/pl\/"},{"@type":"ListItem","position":2,"name":"Prosty spos\u00f3b na samodzielne ocieplenie domku ogrodowego"}]},{"@type":"WebSite","@id":"https:\/\/gardeon.pl\/#website","url":"https:\/\/gardeon.pl\/","name":"GARDEON","description":"","potentialAction":[{"@type":"SearchAction","target":{"@type":"EntryPoint","urlTemplate":"https:\/\/gardeon.pl\/?s={search_term_string}"},"query-input":{"@type":"PropertyValueSpecification","valueRequired":true,"valueName":"search_term_string"}}],"inLanguage":"pl-PL"},{"@type":"Person","@id":"https:\/\/gardeon.pl\/#\/schema\/person\/a5762ca5f0790bf92774af0899379463","name":"editor","image":{"@type":"ImageObject","inLanguage":"pl-PL","@id":"https:\/\/secure.gravatar.com\/avatar\/2b748151c2c748327307fd289a91b3bdafdd9e64e2d000e65e53d6dcf11c5830?s=96&d=mm&r=g","url":"https:\/\/secure.gravatar.com\/avatar\/2b748151c2c748327307fd289a91b3bdafdd9e64e2d000e65e53d6dcf11c5830?s=96&d=mm&r=g","contentUrl":"https:\/\/secure.gravatar.com\/avatar\/2b748151c2c748327307fd289a91b3bdafdd9e64e2d000e65e53d6dcf11c5830?s=96&d=mm&r=g","caption":"editor"}}]}},"_links":{"self":[{"href":"https:\/\/gardeon.pl\/pl\/wp-json\/wp\/v2\/posts\/46922","targetHints":{"allow":["GET"]}}],"collection":[{"href":"https:\/\/gardeon.pl\/pl\/wp-json\/wp\/v2\/posts"}],"about":[{"href":"https:\/\/gardeon.pl\/pl\/wp-json\/wp\/v2\/types\/post"}],"author":[{"embeddable":true,"href":"https:\/\/gardeon.pl\/pl\/wp-json\/wp\/v2\/users\/2"}],"replies":[{"embeddable":true,"href":"https:\/\/gardeon.pl\/pl\/wp-json\/wp\/v2\/comments?post=46922"}],"version-history":[{"count":0,"href":"https:\/\/gardeon.pl\/pl\/wp-json\/wp\/v2\/posts\/46922\/revisions"}],"wp:featuredmedia":[{"embeddable":true,"href":"https:\/\/gardeon.pl\/pl\/wp-json\/wp\/v2\/media\/46934"}],"wp:attachment":[{"href":"https:\/\/gardeon.pl\/pl\/wp-json\/wp\/v2\/media?parent=46922"}],"wp:term":[{"taxonomy":"category","embeddable":true,"href":"https:\/\/gardeon.pl\/pl\/wp-json\/wp\/v2\/categories?post=46922"},{"taxonomy":"post_tag","embeddable":true,"href":"https:\/\/gardeon.pl\/pl\/wp-json\/wp\/v2\/tags?post=46922"}],"curies":[{"name":"wp","href":"https:\/\/api.w.org\/{rel}","templated":true}]}}