{"id":46929,"date":"2026-04-23T17:41:18","date_gmt":"2026-04-23T15:41:18","guid":{"rendered":"https:\/\/gardeon.pl\/blog\/garaz-68-x-686-m-i-domek-ogrodowy-35-x-356-m\/"},"modified":"2026-04-23T17:41:18","modified_gmt":"2026-04-23T15:41:18","slug":"garaz-68-x-686-m-i-domek-ogrodowy-35-x-356-m","status":"publish","type":"post","link":"https:\/\/gardeon.pl\/pl\/blog\/garaz-68-x-686-m-i-domek-ogrodowy-35-x-356-m\/","title":{"rendered":"Gara\u017c 6,8 \u00d7 6,86 m i domek ogrodowy 3,5 \u00d7 3,56 m"},"content":{"rendered":"<h2><\/h2>\n<h2><b>Jak to wszystko si\u0119 zacz\u0119\u0142o?<\/b><\/h2>\n<p><span style=\"font-weight: 400;\">Pa\u0144stwo Bog\u00e1rovci skontaktowali si\u0119 z nami w sierpniu z informacj\u0105, \u017ce potrzebuj\u0105 <\/span><a href=\"https:\/\/gardeon.pl\/garaze\/\"><span style=\"font-weight: 400;\">gara\u017cu<\/span><\/a>.<!--more--><\/p>\n<p><span style=\"font-weight: 400;\">Byli tak zadowoleni z gara\u017cu, \u017ce nie wahali si\u0119 i zam\u00f3wili dodatkowo jeszcze <\/span><a href=\"https:\/\/gardeon.pl\/zahradni-domky\/\"><span style=\"font-weight: 400;\">domek ogrodowy<\/span><\/a><span style=\"font-weight: 400;\">.<\/span><\/p>\n<h3><b>Opinia zaraz po monta\u017cu<\/b><\/h3>\n<p><img loading=\"lazy\" decoding=\"async\" class=\"aligncenter wp-image-29766\" src=\"http:\/\/gardeon.pl\/wp-content\/uploads\/2020\/12\/recenzia-gardeon-7-e1608715735139.png\" alt=\"opinia od klienta\" width=\"800\" height=\"1017\" srcset=\"https:\/\/gardeon.pl\/wp-content\/uploads\/2020\/12\/recenzia-gardeon-7-e1608715735139.png 985w, https:\/\/gardeon.pl\/wp-content\/uploads\/2020\/12\/recenzia-gardeon-7-e1608715735139-236x300.png 236w, https:\/\/gardeon.pl\/wp-content\/uploads\/2020\/12\/recenzia-gardeon-7-e1608715735139-806x1024.png 806w, https:\/\/gardeon.pl\/wp-content\/uploads\/2020\/12\/recenzia-gardeon-7-e1608715735139-768x976.png 768w\" sizes=\"auto, (max-width: 800px) 100vw, 800px\" \/><\/p>\n<p>&nbsp;<\/p>\n<h2><b>A jakie s\u0105 ich wra\u017cenia z perspektywy czasu?<\/b><\/h2>\n<p><i><span style=\"font-weight: 400;\">\u201eKiedy w 2018 roku z\u0142o\u017cyli\u015bmy u Pa\u0144stwa zam\u00f3wienie na gara\u017c, by\u0142em troch\u0119 zestresowany, czy wszystko dobrze si\u0119 u\u0142o\u017cy, czy rzeczywi\u015bcie b\u0119dzie wygl\u0105da\u0107 tak jak na zdj\u0119ciach, ale zdecydowali\u015bmy si\u0119. Ju\u017c pierwsza komunikacja i \u017cyczliwo\u015b\u0107 pani Silvii Hubkovej by\u0142a bardzo profesjonalna, ch\u0119tnie odpowiedzia\u0142a na chyba 1000 pyta\u0144, doradzi\u0142a i perfekcyjnie pokierowa\u0142a!!! Ch\u0142opcy, kt\u00f3rzy przyszli montowa\u0107 gara\u017c byli perfekcyjni, dobra ekipa i naprawd\u0119 wszystko zrobili doskonale, gara\u017c stan\u0105\u0142 w 4 godziny ?. Po 2 latach, kiedy zacz\u0119li\u015bmy my\u015ble\u0107 o domku ogrodowym, ju\u017c nawet nie zastanawiali\u015bmy si\u0119 i automatycznie wyb\u00f3r pad\u0142 na Pa\u0144stwa. Ponownie profesjonalne doradztwo, pomoc przy planowaniu i ustalaniu szczeg\u00f3\u0142\u00f3w, a bardzo nas ucieszy\u0142o, \u017ce pani Hubkov\u00e1 od razu nas pami\u0119ta\u0142a. To by\u0142o ju\u017c takie rodzinne uzgadnianie, co dla nas bardzo wiele znaczy\u0142o!!!<\/span><\/i><\/p>\n<p><i><span style=\"font-weight: 400;\">Jeste\u015bmy bardzo zadowoleni, \u017ce zdecydowali\u015bmy si\u0119 w\u0142a\u015bnie na Pa\u0144stwa i \u017cyczymy ca\u0142ej firmie tylko jak najlepiej ?. Gdzie jest \u017cycie, tam jest Gardeon i Gara\u017ce pod klucz ?.<\/span><\/i><\/p>\n<h3><b>Zdj\u0119cia cz\u0119\u015bci zewn\u0119trznej<\/b><\/h3>\n<h4><b>Gara\u017c<\/b><\/h4>\n<p><a href=\"http:\/\/gardeon.pl\/wp-content\/uploads\/2020\/12\/GARDEON-foto-od-zakaznikov-138.jpg\"><img loading=\"lazy\" decoding=\"async\" class=\"aligncenter wp-image-29768\" src=\"http:\/\/gardeon.pl\/wp-content\/uploads\/2020\/12\/GARDEON-foto-od-zakaznikov-138.jpg\" alt=\"Niestandardowy gara\u017c w ogrodzie\" width=\"800\" height=\"1067\" srcset=\"https:\/\/gardeon.pl\/wp-content\/uploads\/2020\/12\/GARDEON-foto-od-zakaznikov-138.jpg 1500w, https:\/\/gardeon.pl\/wp-content\/uploads\/2020\/12\/GARDEON-foto-od-zakaznikov-138-225x300.jpg 225w, https:\/\/gardeon.pl\/wp-content\/uploads\/2020\/12\/GARDEON-foto-od-zakaznikov-138-768x1024.jpg 768w, https:\/\/gardeon.pl\/wp-content\/uploads\/2020\/12\/GARDEON-foto-od-zakaznikov-138-1152x1536.jpg 1152w\" sizes=\"auto, (max-width: 800px) 100vw, 800px\" \/><\/a><\/p>\n<p><a href=\"http:\/\/gardeon.pl\/wp-content\/uploads\/2020\/12\/GARDEON-foto-od-zakaznikov-139.jpg\"><img loading=\"lazy\" decoding=\"async\" class=\"aligncenter wp-image-29770\" src=\"http:\/\/gardeon.pl\/wp-content\/uploads\/2020\/12\/GARDEON-foto-od-zakaznikov-139.jpg\" alt=\"Gara\u017c przy trawniku\" width=\"800\" height=\"600\" srcset=\"https:\/\/gardeon.pl\/wp-content\/uploads\/2020\/12\/GARDEON-foto-od-zakaznikov-139.jpg 1500w, https:\/\/gardeon.pl\/wp-content\/uploads\/2020\/12\/GARDEON-foto-od-zakaznikov-139-300x225.jpg 300w, https:\/\/gardeon.pl\/wp-content\/uploads\/2020\/12\/GARDEON-foto-od-zakaznikov-139-1024x768.jpg 1024w, https:\/\/gardeon.pl\/wp-content\/uploads\/2020\/12\/GARDEON-foto-od-zakaznikov-139-768x576.jpg 768w\" sizes=\"auto, (max-width: 800px) 100vw, 800px\" \/><\/a><\/p>\n<p><a href=\"http:\/\/gardeon.pl\/wp-content\/uploads\/2020\/12\/GARDEON-foto-od-zakaznikov-141.jpg\"><img loading=\"lazy\" decoding=\"async\" class=\"aligncenter wp-image-29774\" src=\"http:\/\/gardeon.pl\/wp-content\/uploads\/2020\/12\/GARDEON-foto-od-zakaznikov-141.jpg\" alt=\"Piesek przy kwiatach przed gara\u017cem\" width=\"800\" height=\"1067\" srcset=\"https:\/\/gardeon.pl\/wp-content\/uploads\/2020\/12\/GARDEON-foto-od-zakaznikov-141.jpg 1500w, https:\/\/gardeon.pl\/wp-content\/uploads\/2020\/12\/GARDEON-foto-od-zakaznikov-141-225x300.jpg 225w, https:\/\/gardeon.pl\/wp-content\/uploads\/2020\/12\/GARDEON-foto-od-zakaznikov-141-768x1024.jpg 768w, https:\/\/gardeon.pl\/wp-content\/uploads\/2020\/12\/GARDEON-foto-od-zakaznikov-141-1152x1536.jpg 1152w\" sizes=\"auto, (max-width: 800px) 100vw, 800px\" \/><\/a><\/p>\n<h4>Domek ogrodowy<\/h4>\n<h4><img loading=\"lazy\" decoding=\"async\" class=\"aligncenter wp-image-29776\" src=\"http:\/\/gardeon.pl\/wp-content\/uploads\/2020\/12\/GARDEON-foto-od-zakaznikov-142.jpg\" alt=\"Domek ogrodowy z ty\u0142u w ogrodzie\" width=\"800\" height=\"1067\" srcset=\"https:\/\/gardeon.pl\/wp-content\/uploads\/2020\/12\/GARDEON-foto-od-zakaznikov-142.jpg 1500w, https:\/\/gardeon.pl\/wp-content\/uploads\/2020\/12\/GARDEON-foto-od-zakaznikov-142-225x300.jpg 225w, https:\/\/gardeon.pl\/wp-content\/uploads\/2020\/12\/GARDEON-foto-od-zakaznikov-142-768x1024.jpg 768w, https:\/\/gardeon.pl\/wp-content\/uploads\/2020\/12\/GARDEON-foto-od-zakaznikov-142-1152x1536.jpg 1152w\" sizes=\"auto, (max-width: 800px) 100vw, 800px\" \/><\/h4>\n<p><a href=\"http:\/\/gardeon.pl\/wp-content\/uploads\/2020\/12\/GARDEON-foto-od-zakaznikov-143.jpg\"><img loading=\"lazy\" decoding=\"async\" class=\"aligncenter wp-image-29778\" src=\"http:\/\/gardeon.pl\/wp-content\/uploads\/2020\/12\/GARDEON-foto-od-zakaznikov-143.jpg\" alt=\"Piesek przy domku ogrodowym\" width=\"800\" height=\"600\" srcset=\"https:\/\/gardeon.pl\/wp-content\/uploads\/2020\/12\/GARDEON-foto-od-zakaznikov-143.jpg 1500w, https:\/\/gardeon.pl\/wp-content\/uploads\/2020\/12\/GARDEON-foto-od-zakaznikov-143-300x225.jpg 300w, https:\/\/gardeon.pl\/wp-content\/uploads\/2020\/12\/GARDEON-foto-od-zakaznikov-143-1024x768.jpg 1024w, https:\/\/gardeon.pl\/wp-content\/uploads\/2020\/12\/GARDEON-foto-od-zakaznikov-143-768x576.jpg 768w\" sizes=\"auto, (max-width: 800px) 100vw, 800px\" \/><\/a><\/p>\n<h3><b>Zdj\u0119cia cz\u0119\u015bci wewn\u0119trznej<\/b><\/h3>\n<h4><b>Gara\u017c<\/b><\/h4>\n<p><a href=\"http:\/\/gardeon.pl\/wp-content\/uploads\/2020\/12\/GARDEON-foto-od-zakaznikov-140.jpg\"><img loading=\"lazy\" decoding=\"async\" class=\"aligncenter wp-image-29772\" src=\"http:\/\/gardeon.pl\/wp-content\/uploads\/2020\/12\/GARDEON-foto-od-zakaznikov-140.jpg\" alt=\"Szafki z wiadrami wewn\u0105trz gara\u017cu\" width=\"800\" height=\"600\" srcset=\"https:\/\/gardeon.pl\/wp-content\/uploads\/2020\/12\/GARDEON-foto-od-zakaznikov-140.jpg 1500w, https:\/\/gardeon.pl\/wp-content\/uploads\/2020\/12\/GARDEON-foto-od-zakaznikov-140-300x225.jpg 300w, https:\/\/gardeon.pl\/wp-content\/uploads\/2020\/12\/GARDEON-foto-od-zakaznikov-140-1024x768.jpg 1024w, https:\/\/gardeon.pl\/wp-content\/uploads\/2020\/12\/GARDEON-foto-od-zakaznikov-140-768x576.jpg 768w\" sizes=\"auto, (max-width: 800px) 100vw, 800px\" \/><\/a><\/p>\n<h4>Domek ogrodowy<\/h4>\n<p><a href=\"http:\/\/gardeon.pl\/wp-content\/uploads\/2020\/12\/GARDEON-foto-od-zakaznikov-144.jpg\"><img loading=\"lazy\" decoding=\"async\" class=\"aligncenter wp-image-29780\" src=\"http:\/\/gardeon.pl\/wp-content\/uploads\/2020\/12\/GARDEON-foto-od-zakaznikov-144.jpg\" alt=\"Kosiarka i narz\u0119dzia ogrodowe wewn\u0105trz domku\" width=\"800\" height=\"600\" srcset=\"https:\/\/gardeon.pl\/wp-content\/uploads\/2020\/12\/GARDEON-foto-od-zakaznikov-144.jpg 1500w, https:\/\/gardeon.pl\/wp-content\/uploads\/2020\/12\/GARDEON-foto-od-zakaznikov-144-300x225.jpg 300w, https:\/\/gardeon.pl\/wp-content\/uploads\/2020\/12\/GARDEON-foto-od-zakaznikov-144-1024x768.jpg 1024w, https:\/\/gardeon.pl\/wp-content\/uploads\/2020\/12\/GARDEON-foto-od-zakaznikov-144-768x576.jpg 768w\" sizes=\"auto, (max-width: 800px) 100vw, 800px\" \/><\/a><\/p>\n<p><a href=\"http:\/\/gardeon.pl\/wp-content\/uploads\/2020\/12\/GARDEON-foto-od-zakaznikov-145.jpg\"><img loading=\"lazy\" decoding=\"async\" class=\"aligncenter wp-image-29782\" src=\"http:\/\/gardeon.pl\/wp-content\/uploads\/2020\/12\/GARDEON-foto-od-zakaznikov-145.jpg\" alt=\"Narz\u0119dzia ogrodowe w domku\" width=\"800\" height=\"1067\" srcset=\"https:\/\/gardeon.pl\/wp-content\/uploads\/2020\/12\/GARDEON-foto-od-zakaznikov-145.jpg 1500w, https:\/\/gardeon.pl\/wp-content\/uploads\/2020\/12\/GARDEON-foto-od-zakaznikov-145-225x300.jpg 225w, https:\/\/gardeon.pl\/wp-content\/uploads\/2020\/12\/GARDEON-foto-od-zakaznikov-145-768x1024.jpg 768w, https:\/\/gardeon.pl\/wp-content\/uploads\/2020\/12\/GARDEON-foto-od-zakaznikov-145-1152x1536.jpg 1152w\" sizes=\"auto, (max-width: 800px) 100vw, 800px\" \/><\/a><\/p>\n<h2><b>Podsumowanie<\/b><\/h2>\n<h3><b>Gara\u017c<\/b><\/h3>\n<ul>\n<li style=\"font-weight: 400;\" aria-level=\"1\"><span style=\"font-weight: 400;\">czas budowy \u2013 6 godzin<\/span><\/li>\n<li style=\"font-weight: 400;\" aria-level=\"1\"><span style=\"font-weight: 400;\">wymiary gara\u017cu \u2013 6800 \u00d7 6860 mm<\/span><\/li>\n<li style=\"font-weight: 400;\" aria-level=\"1\"><span style=\"font-weight: 400;\">cena gara\u017cu w momencie zam\u00f3wienia \u2013 ok. 325 080 K\u010d z VAT<\/span><\/li>\n<\/ul>\n<h3><b>Domek ogrodowy<\/b><\/h3>\n<ul>\n<li style=\"font-weight: 400;\" aria-level=\"1\"><span style=\"font-weight: 400;\">czas budowy \u2013 2,5 godziny<\/span><\/li>\n<li style=\"font-weight: 400;\" aria-level=\"1\"><span style=\"font-weight: 400;\">wymiary domku ogrodowego \u2013 3500 \u00d7 3560 mm<\/span><\/li>\n<li style=\"font-weight: 400;\" aria-level=\"1\"><span style=\"font-weight: 400;\">cena domku ogrodowego w momencie zam\u00f3wienia \u2013 ok. 83 160 K\u010d z VAT<\/span><\/li>\n<\/ul>\n<p><span style=\"font-weight: 400;\"> <\/span><\/p>\n<h3 style=\"text-align: center;\">Za opini\u0119 i zdj\u0119cia dzi\u0119kujemy pani Bog\u00e1rovej :)<\/h3>\n","protected":false},"excerpt":{"rendered":"<p>Jak to wszystko si\u0119 zacz\u0119\u0142o? Pa\u0144stwo Bog\u00e1rovci skontaktowali si\u0119 z nami w sierpniu z informacj\u0105, \u017ce potrzebuj\u0105 gara\u017cu.<\/p>\n","protected":false},"author":2,"featured_media":46943,"comment_status":"open","ping_status":"open","sticky":false,"template":"","format":"standard","meta":{"_acf_changed":false,"inline_featured_image":false,"footnotes":""},"categories":[717,770,716],"tags":[776,595,674,581,650,579,777,781],"class_list":["post-46929","post","type-post","status-publish","format-standard","has-post-thumbnail","hentry","category-domki-ogrodowe-2","category-garaze","category-jak-sie-zyje-z-gardeon","tag-aszsg","tag-domek-ogrodowy","tag-domek-ogrodowy-gardeon","tag-garaz","tag-garaz-gardeon-2","tag-gardeon","tag-jak-sie-zyje-z-gardeonem","tag-stary-tekov"],"acf":[],"yoast_head":"<!-- This site is optimized with the Yoast SEO plugin v27.4 - https:\/\/yoast.com\/product\/yoast-seo-wordpress\/ -->\n<title>Gara\u017c 6,8 \u00d7 6,86 m i domek ogrodowy 3,5 \u00d7 3,56 m | GARDEON<\/title>\n<meta name=\"robots\" content=\"index, follow, max-snippet:-1, max-image-preview:large, max-video-preview:-1\" \/>\n<link rel=\"canonical\" href=\"https:\/\/gardeon.pl\/pl\/blog\/garaz-68-x-686-m-i-domek-ogrodowy-35-x-356-m\/\" \/>\n<meta property=\"og:locale\" content=\"pl_PL\" \/>\n<meta property=\"og:type\" content=\"article\" \/>\n<meta property=\"og:title\" content=\"Gara\u017c 6,8 \u00d7 6,86 m i domek ogrodowy 3,5 \u00d7 3,56 m | GARDEON\" \/>\n<meta property=\"og:description\" content=\"Jak to wszystko si\u0119 zacz\u0119\u0142o? Pa\u0144stwo Bog\u00e1rovci skontaktowali si\u0119 z nami w sierpniu z informacj\u0105, \u017ce potrzebuj\u0105 gara\u017cu.\" \/>\n<meta property=\"og:url\" content=\"https:\/\/gardeon.pl\/pl\/blog\/garaz-68-x-686-m-i-domek-ogrodowy-35-x-356-m\/\" \/>\n<meta property=\"og:site_name\" content=\"GARDEON\" \/>\n<meta property=\"article:published_time\" content=\"2026-04-23T15:41:18+00:00\" \/>\n<meta property=\"og:image\" content=\"https:\/\/gardeon.pl\/wp-content\/uploads\/2020\/12\/GARDEON-foto-od-zakaznikov-141.jpg\" \/>\n\t<meta property=\"og:image:width\" content=\"1500\" \/>\n\t<meta property=\"og:image:height\" content=\"2000\" \/>\n\t<meta property=\"og:image:type\" content=\"image\/jpeg\" \/>\n<meta name=\"author\" content=\"editor\" \/>\n<meta name=\"twitter:card\" content=\"summary_large_image\" \/>\n<meta name=\"twitter:label1\" content=\"Napisane przez\" \/>\n\t<meta name=\"twitter:data1\" content=\"editor\" \/>\n\t<meta name=\"twitter:label2\" content=\"Szacowany czas czytania\" \/>\n\t<meta name=\"twitter:data2\" content=\"2 minuty\" \/>\n<script type=\"application\/ld+json\" class=\"yoast-schema-graph\">{\"@context\":\"https:\\\/\\\/schema.org\",\"@graph\":[{\"@type\":\"Article\",\"@id\":\"https:\\\/\\\/gardeon.pl\\\/pl\\\/blog\\\/garaz-68-x-686-m-i-domek-ogrodowy-35-x-356-m\\\/#article\",\"isPartOf\":{\"@id\":\"https:\\\/\\\/gardeon.pl\\\/pl\\\/blog\\\/garaz-68-x-686-m-i-domek-ogrodowy-35-x-356-m\\\/\"},\"author\":{\"name\":\"editor\",\"@id\":\"https:\\\/\\\/gardeon.pl\\\/#\\\/schema\\\/person\\\/a5762ca5f0790bf92774af0899379463\"},\"headline\":\"Gara\u017c 6,8 \u00d7 6,86 m i domek ogrodowy 3,5 \u00d7 3,56 m\",\"datePublished\":\"2026-04-23T15:41:18+00:00\",\"mainEntityOfPage\":{\"@id\":\"https:\\\/\\\/gardeon.pl\\\/pl\\\/blog\\\/garaz-68-x-686-m-i-domek-ogrodowy-35-x-356-m\\\/\"},\"wordCount\":310,\"commentCount\":0,\"image\":{\"@id\":\"https:\\\/\\\/gardeon.pl\\\/pl\\\/blog\\\/garaz-68-x-686-m-i-domek-ogrodowy-35-x-356-m\\\/#primaryimage\"},\"thumbnailUrl\":\"https:\\\/\\\/gardeon.pl\\\/wp-content\\\/uploads\\\/2020\\\/12\\\/GARDEON-foto-od-zakaznikov-141.jpg\",\"keywords\":[\"aszsg\",\"domek ogrodowy\",\"domek ogrodowy GARDEON\",\"gara\u017c\",\"gara\u017c gardeon\",\"GARDEON\",\"jak si\u0119 \u017cyje z gardeonem\",\"star\u00fd tekov\"],\"articleSection\":[\"Domki ogrodowe\",\"Gara\u017ce\",\"Jak si\u0119 \u017cyje z GARDEON\"],\"inLanguage\":\"pl-PL\",\"potentialAction\":[{\"@type\":\"CommentAction\",\"name\":\"Comment\",\"target\":[\"https:\\\/\\\/gardeon.pl\\\/pl\\\/blog\\\/garaz-68-x-686-m-i-domek-ogrodowy-35-x-356-m\\\/#respond\"]}]},{\"@type\":\"WebPage\",\"@id\":\"https:\\\/\\\/gardeon.pl\\\/pl\\\/blog\\\/garaz-68-x-686-m-i-domek-ogrodowy-35-x-356-m\\\/\",\"url\":\"https:\\\/\\\/gardeon.pl\\\/pl\\\/blog\\\/garaz-68-x-686-m-i-domek-ogrodowy-35-x-356-m\\\/\",\"name\":\"Gara\u017c 6,8 \u00d7 6,86 m i domek ogrodowy 3,5 \u00d7 3,56 m | GARDEON\",\"isPartOf\":{\"@id\":\"https:\\\/\\\/gardeon.pl\\\/#website\"},\"primaryImageOfPage\":{\"@id\":\"https:\\\/\\\/gardeon.pl\\\/pl\\\/blog\\\/garaz-68-x-686-m-i-domek-ogrodowy-35-x-356-m\\\/#primaryimage\"},\"image\":{\"@id\":\"https:\\\/\\\/gardeon.pl\\\/pl\\\/blog\\\/garaz-68-x-686-m-i-domek-ogrodowy-35-x-356-m\\\/#primaryimage\"},\"thumbnailUrl\":\"https:\\\/\\\/gardeon.pl\\\/wp-content\\\/uploads\\\/2020\\\/12\\\/GARDEON-foto-od-zakaznikov-141.jpg\",\"datePublished\":\"2026-04-23T15:41:18+00:00\",\"author\":{\"@id\":\"https:\\\/\\\/gardeon.pl\\\/#\\\/schema\\\/person\\\/a5762ca5f0790bf92774af0899379463\"},\"breadcrumb\":{\"@id\":\"https:\\\/\\\/gardeon.pl\\\/pl\\\/blog\\\/garaz-68-x-686-m-i-domek-ogrodowy-35-x-356-m\\\/#breadcrumb\"},\"inLanguage\":\"pl-PL\",\"potentialAction\":[{\"@type\":\"ReadAction\",\"target\":[\"https:\\\/\\\/gardeon.pl\\\/pl\\\/blog\\\/garaz-68-x-686-m-i-domek-ogrodowy-35-x-356-m\\\/\"]}]},{\"@type\":\"ImageObject\",\"inLanguage\":\"pl-PL\",\"@id\":\"https:\\\/\\\/gardeon.pl\\\/pl\\\/blog\\\/garaz-68-x-686-m-i-domek-ogrodowy-35-x-356-m\\\/#primaryimage\",\"url\":\"https:\\\/\\\/gardeon.pl\\\/wp-content\\\/uploads\\\/2020\\\/12\\\/GARDEON-foto-od-zakaznikov-141.jpg\",\"contentUrl\":\"https:\\\/\\\/gardeon.pl\\\/wp-content\\\/uploads\\\/2020\\\/12\\\/GARDEON-foto-od-zakaznikov-141.jpg\",\"width\":1500,\"height\":2000,\"caption\":\"Piesek przy kwiatach przed gara\u017cem\"},{\"@type\":\"BreadcrumbList\",\"@id\":\"https:\\\/\\\/gardeon.pl\\\/pl\\\/blog\\\/garaz-68-x-686-m-i-domek-ogrodowy-35-x-356-m\\\/#breadcrumb\",\"itemListElement\":[{\"@type\":\"ListItem\",\"position\":1,\"name\":\"Domov\",\"item\":\"https:\\\/\\\/gardeon.pl\\\/pl\\\/\"},{\"@type\":\"ListItem\",\"position\":2,\"name\":\"Gara\u017c 6,8 \u00d7 6,86 m i domek ogrodowy 3,5 \u00d7 3,56 m\"}]},{\"@type\":\"WebSite\",\"@id\":\"https:\\\/\\\/gardeon.pl\\\/#website\",\"url\":\"https:\\\/\\\/gardeon.pl\\\/\",\"name\":\"GARDEON\",\"description\":\"\",\"potentialAction\":[{\"@type\":\"SearchAction\",\"target\":{\"@type\":\"EntryPoint\",\"urlTemplate\":\"https:\\\/\\\/gardeon.pl\\\/?s={search_term_string}\"},\"query-input\":{\"@type\":\"PropertyValueSpecification\",\"valueRequired\":true,\"valueName\":\"search_term_string\"}}],\"inLanguage\":\"pl-PL\"},{\"@type\":\"Person\",\"@id\":\"https:\\\/\\\/gardeon.pl\\\/#\\\/schema\\\/person\\\/a5762ca5f0790bf92774af0899379463\",\"name\":\"editor\",\"image\":{\"@type\":\"ImageObject\",\"inLanguage\":\"pl-PL\",\"@id\":\"https:\\\/\\\/secure.gravatar.com\\\/avatar\\\/2b748151c2c748327307fd289a91b3bdafdd9e64e2d000e65e53d6dcf11c5830?s=96&d=mm&r=g\",\"url\":\"https:\\\/\\\/secure.gravatar.com\\\/avatar\\\/2b748151c2c748327307fd289a91b3bdafdd9e64e2d000e65e53d6dcf11c5830?s=96&d=mm&r=g\",\"contentUrl\":\"https:\\\/\\\/secure.gravatar.com\\\/avatar\\\/2b748151c2c748327307fd289a91b3bdafdd9e64e2d000e65e53d6dcf11c5830?s=96&d=mm&r=g\",\"caption\":\"editor\"}}]}<\/script>\n<!-- \/ Yoast SEO plugin. -->","yoast_head_json":{"title":"Gara\u017c 6,8 \u00d7 6,86 m i domek ogrodowy 3,5 \u00d7 3,56 m | GARDEON","robots":{"index":"index","follow":"follow","max-snippet":"max-snippet:-1","max-image-preview":"max-image-preview:large","max-video-preview":"max-video-preview:-1"},"canonical":"https:\/\/gardeon.pl\/pl\/blog\/garaz-68-x-686-m-i-domek-ogrodowy-35-x-356-m\/","og_locale":"pl_PL","og_type":"article","og_title":"Gara\u017c 6,8 \u00d7 6,86 m i domek ogrodowy 3,5 \u00d7 3,56 m | GARDEON","og_description":"Jak to wszystko si\u0119 zacz\u0119\u0142o? Pa\u0144stwo Bog\u00e1rovci skontaktowali si\u0119 z nami w sierpniu z informacj\u0105, \u017ce potrzebuj\u0105 gara\u017cu.","og_url":"https:\/\/gardeon.pl\/pl\/blog\/garaz-68-x-686-m-i-domek-ogrodowy-35-x-356-m\/","og_site_name":"GARDEON","article_published_time":"2026-04-23T15:41:18+00:00","og_image":[{"width":1500,"height":2000,"url":"https:\/\/gardeon.pl\/wp-content\/uploads\/2020\/12\/GARDEON-foto-od-zakaznikov-141.jpg","type":"image\/jpeg"}],"author":"editor","twitter_card":"summary_large_image","twitter_misc":{"Napisane przez":"editor","Szacowany czas czytania":"2 minuty"},"schema":{"@context":"https:\/\/schema.org","@graph":[{"@type":"Article","@id":"https:\/\/gardeon.pl\/pl\/blog\/garaz-68-x-686-m-i-domek-ogrodowy-35-x-356-m\/#article","isPartOf":{"@id":"https:\/\/gardeon.pl\/pl\/blog\/garaz-68-x-686-m-i-domek-ogrodowy-35-x-356-m\/"},"author":{"name":"editor","@id":"https:\/\/gardeon.pl\/#\/schema\/person\/a5762ca5f0790bf92774af0899379463"},"headline":"Gara\u017c 6,8 \u00d7 6,86 m i domek ogrodowy 3,5 \u00d7 3,56 m","datePublished":"2026-04-23T15:41:18+00:00","mainEntityOfPage":{"@id":"https:\/\/gardeon.pl\/pl\/blog\/garaz-68-x-686-m-i-domek-ogrodowy-35-x-356-m\/"},"wordCount":310,"commentCount":0,"image":{"@id":"https:\/\/gardeon.pl\/pl\/blog\/garaz-68-x-686-m-i-domek-ogrodowy-35-x-356-m\/#primaryimage"},"thumbnailUrl":"https:\/\/gardeon.pl\/wp-content\/uploads\/2020\/12\/GARDEON-foto-od-zakaznikov-141.jpg","keywords":["aszsg","domek ogrodowy","domek ogrodowy GARDEON","gara\u017c","gara\u017c gardeon","GARDEON","jak si\u0119 \u017cyje z gardeonem","star\u00fd tekov"],"articleSection":["Domki ogrodowe","Gara\u017ce","Jak si\u0119 \u017cyje z GARDEON"],"inLanguage":"pl-PL","potentialAction":[{"@type":"CommentAction","name":"Comment","target":["https:\/\/gardeon.pl\/pl\/blog\/garaz-68-x-686-m-i-domek-ogrodowy-35-x-356-m\/#respond"]}]},{"@type":"WebPage","@id":"https:\/\/gardeon.pl\/pl\/blog\/garaz-68-x-686-m-i-domek-ogrodowy-35-x-356-m\/","url":"https:\/\/gardeon.pl\/pl\/blog\/garaz-68-x-686-m-i-domek-ogrodowy-35-x-356-m\/","name":"Gara\u017c 6,8 \u00d7 6,86 m i domek ogrodowy 3,5 \u00d7 3,56 m | GARDEON","isPartOf":{"@id":"https:\/\/gardeon.pl\/#website"},"primaryImageOfPage":{"@id":"https:\/\/gardeon.pl\/pl\/blog\/garaz-68-x-686-m-i-domek-ogrodowy-35-x-356-m\/#primaryimage"},"image":{"@id":"https:\/\/gardeon.pl\/pl\/blog\/garaz-68-x-686-m-i-domek-ogrodowy-35-x-356-m\/#primaryimage"},"thumbnailUrl":"https:\/\/gardeon.pl\/wp-content\/uploads\/2020\/12\/GARDEON-foto-od-zakaznikov-141.jpg","datePublished":"2026-04-23T15:41:18+00:00","author":{"@id":"https:\/\/gardeon.pl\/#\/schema\/person\/a5762ca5f0790bf92774af0899379463"},"breadcrumb":{"@id":"https:\/\/gardeon.pl\/pl\/blog\/garaz-68-x-686-m-i-domek-ogrodowy-35-x-356-m\/#breadcrumb"},"inLanguage":"pl-PL","potentialAction":[{"@type":"ReadAction","target":["https:\/\/gardeon.pl\/pl\/blog\/garaz-68-x-686-m-i-domek-ogrodowy-35-x-356-m\/"]}]},{"@type":"ImageObject","inLanguage":"pl-PL","@id":"https:\/\/gardeon.pl\/pl\/blog\/garaz-68-x-686-m-i-domek-ogrodowy-35-x-356-m\/#primaryimage","url":"https:\/\/gardeon.pl\/wp-content\/uploads\/2020\/12\/GARDEON-foto-od-zakaznikov-141.jpg","contentUrl":"https:\/\/gardeon.pl\/wp-content\/uploads\/2020\/12\/GARDEON-foto-od-zakaznikov-141.jpg","width":1500,"height":2000,"caption":"Piesek przy kwiatach przed gara\u017cem"},{"@type":"BreadcrumbList","@id":"https:\/\/gardeon.pl\/pl\/blog\/garaz-68-x-686-m-i-domek-ogrodowy-35-x-356-m\/#breadcrumb","itemListElement":[{"@type":"ListItem","position":1,"name":"Domov","item":"https:\/\/gardeon.pl\/pl\/"},{"@type":"ListItem","position":2,"name":"Gara\u017c 6,8 \u00d7 6,86 m i domek ogrodowy 3,5 \u00d7 3,56 m"}]},{"@type":"WebSite","@id":"https:\/\/gardeon.pl\/#website","url":"https:\/\/gardeon.pl\/","name":"GARDEON","description":"","potentialAction":[{"@type":"SearchAction","target":{"@type":"EntryPoint","urlTemplate":"https:\/\/gardeon.pl\/?s={search_term_string}"},"query-input":{"@type":"PropertyValueSpecification","valueRequired":true,"valueName":"search_term_string"}}],"inLanguage":"pl-PL"},{"@type":"Person","@id":"https:\/\/gardeon.pl\/#\/schema\/person\/a5762ca5f0790bf92774af0899379463","name":"editor","image":{"@type":"ImageObject","inLanguage":"pl-PL","@id":"https:\/\/secure.gravatar.com\/avatar\/2b748151c2c748327307fd289a91b3bdafdd9e64e2d000e65e53d6dcf11c5830?s=96&d=mm&r=g","url":"https:\/\/secure.gravatar.com\/avatar\/2b748151c2c748327307fd289a91b3bdafdd9e64e2d000e65e53d6dcf11c5830?s=96&d=mm&r=g","contentUrl":"https:\/\/secure.gravatar.com\/avatar\/2b748151c2c748327307fd289a91b3bdafdd9e64e2d000e65e53d6dcf11c5830?s=96&d=mm&r=g","caption":"editor"}}]}},"_links":{"self":[{"href":"https:\/\/gardeon.pl\/pl\/wp-json\/wp\/v2\/posts\/46929","targetHints":{"allow":["GET"]}}],"collection":[{"href":"https:\/\/gardeon.pl\/pl\/wp-json\/wp\/v2\/posts"}],"about":[{"href":"https:\/\/gardeon.pl\/pl\/wp-json\/wp\/v2\/types\/post"}],"author":[{"embeddable":true,"href":"https:\/\/gardeon.pl\/pl\/wp-json\/wp\/v2\/users\/2"}],"replies":[{"embeddable":true,"href":"https:\/\/gardeon.pl\/pl\/wp-json\/wp\/v2\/comments?post=46929"}],"version-history":[{"count":0,"href":"https:\/\/gardeon.pl\/pl\/wp-json\/wp\/v2\/posts\/46929\/revisions"}],"wp:featuredmedia":[{"embeddable":true,"href":"https:\/\/gardeon.pl\/pl\/wp-json\/wp\/v2\/media\/46943"}],"wp:attachment":[{"href":"https:\/\/gardeon.pl\/pl\/wp-json\/wp\/v2\/media?parent=46929"}],"wp:term":[{"taxonomy":"category","embeddable":true,"href":"https:\/\/gardeon.pl\/pl\/wp-json\/wp\/v2\/categories?post=46929"},{"taxonomy":"post_tag","embeddable":true,"href":"https:\/\/gardeon.pl\/pl\/wp-json\/wp\/v2\/tags?post=46929"}],"curies":[{"name":"wp","href":"https:\/\/api.w.org\/{rel}","templated":true}]}}