{"id":46949,"date":"2026-04-23T17:41:19","date_gmt":"2026-04-23T15:41:19","guid":{"rendered":"https:\/\/gardeon.pl\/blog\/wybrac-garaz-z-wiata-czy-garaz-dwustanowiskowy\/"},"modified":"2026-04-23T17:41:19","modified_gmt":"2026-04-23T15:41:19","slug":"wybrac-garaz-z-wiata-czy-garaz-dwustanowiskowy","status":"publish","type":"post","link":"https:\/\/gardeon.pl\/pl\/blog\/wybrac-garaz-z-wiata-czy-garaz-dwustanowiskowy\/","title":{"rendered":"Wybra\u0107 gara\u017c z wiat\u0105 czy gara\u017c dwustanowiskowy?"},"content":{"rendered":"<p><i><span style=\"font-weight: 400;\">W standardowej rodzinie najcz\u0119\u015bciej s\u0105 dwa samochody. Wraz z tym, jak stopniowo przybywa kierowc\u00f3w w rodzinie, bywa ich nawet wi\u0119cej ni\u017c dwa. Co jednak zrobi\u0107 z gara\u017cem, kt\u00f3ry pierwotnie zbudowali Pa\u0144stwo tylko na jedno auto? Chcieliby Pa\u0144stwo chroni\u0107 oba. Stoj\u0105 Pa\u0144stwo przed wyborem mi\u0119dzy gara\u017cem modu\u0142owym z wiat\u0105 a gara\u017cem dwustanowiskowym. Oba rozwi\u0105zania maj\u0105 swoje zalety i wady.     <\/span><\/i><\/p>\n<p><!--more--><\/p>\n<h2><b>Bezpiecze\u0144stwo i komfort z gara\u017cem dwustanowiskowym<\/b><\/h2>\n<p style=\"text-align: left;\"><span style=\"font-weight: 400;\">Dzi\u015b wi\u0119kszo\u015b\u0107 os\u00f3b szuka sposob\u00f3w, aby maksymalnie upro\u015bci\u0107 sobie \u017cycie. Wygodne wsiadanie i wysiadanie z auta nie jest wyj\u0105tkiem. Dzi\u0119ki <\/span><a href=\"https:\/\/gardeon.pl\/garaze\/\"><span style=\"font-weight: 400;\">gara\u017cowi<\/span><\/a><span style=\"font-weight: 400;\">, kt\u00f3ry dodatkowo mo\u017ce by\u0107 po\u0142\u0105czony z domem, wygodnie wysi\u0105d\u0105 Pa\u0144stwo nawet w \u015bniegu czy podczas deszczu. W przypadku gara\u017cu ogrzewanego \u2013 nawet w cieple.<\/span><\/p>\n<p><a href=\"http:\/\/gardeon.pl\/wp-content\/uploads\/2020\/10\/gardeon-garaz-pre-dve-auta-104.jpg\"><img loading=\"lazy\" decoding=\"async\" class=\"aligncenter wp-image-28915\" src=\"http:\/\/gardeon.pl\/wp-content\/uploads\/2020\/10\/gardeon-garaz-pre-dve-auta-104.jpg\" alt=\"Bia\u0142y gara\u017c na dwa auta\" width=\"800\" height=\"533\" srcset=\"https:\/\/gardeon.pl\/wp-content\/uploads\/2020\/10\/gardeon-garaz-pre-dve-auta-104.jpg 2000w, https:\/\/gardeon.pl\/wp-content\/uploads\/2020\/10\/gardeon-garaz-pre-dve-auta-104-300x200.jpg 300w, https:\/\/gardeon.pl\/wp-content\/uploads\/2020\/10\/gardeon-garaz-pre-dve-auta-104-1024x682.jpg 1024w, https:\/\/gardeon.pl\/wp-content\/uploads\/2020\/10\/gardeon-garaz-pre-dve-auta-104-768x512.jpg 768w, https:\/\/gardeon.pl\/wp-content\/uploads\/2020\/10\/gardeon-garaz-pre-dve-auta-104-1536x1024.jpg 1536w\" sizes=\"auto, (max-width: 800px) 100vw, 800px\" \/><\/a><\/p>\n<p><span style=\"font-weight: 400;\">G\u0142\u00f3wn\u0105 zalet\u0105 gara\u017cu dwustanowiskowego jest bez w\u0105tpienia lepsze <\/span><a href=\"https:\/\/gardeon.sk\/blog\/5-jednoduchych-tipov-ako-okrem-alarmu-ochranite-garaz\/\"><span style=\"font-weight: 400;\">zabezpieczenie przed kradzie\u017c\u0105<\/span><\/a><span style=\"font-weight: 400;\">. Zale\u017cy to tak\u017ce od jako\u015bci bramy gara\u017cowej, jednak w przypadku wiat z\u0142odziej ma mniej pracy.<\/span><\/p>\n<p><span style=\"font-weight: 400;\">Z praktycznego punktu widzenia zalet\u0105 jest tak\u017ce wielko\u015b\u0107 gara\u017cu. Zapewnia wystarczaj\u0105co szeroki wjazd dla dw\u00f3ch aut, dzi\u0119ki czemu zaparkuje w nim nawet mniej wprawny kierowca lub kierowczyni. Je\u015bli w gara\u017cu przechowuj\u0105 Pa\u0144stwo jednocze\u015bnie np. kosiark\u0119 czy inne narz\u0119dzia ogrodowe, to przestrze\u0144 dw\u00f3ch stanowisk b\u0119dzie pod tym wzgl\u0119dem bardziej odpowiednia ni\u017c jeden gara\u017c z wiat\u0105.  <\/span><\/p>\n<p><img loading=\"lazy\" decoding=\"async\" class=\"wp-image-29986 aligncenter\" src=\"http:\/\/gardeon.pl\/wp-content\/uploads\/2021\/01\/gardeon-garaz-pre-dve-auta-119.jpg\" alt=\"Gara\u017c dwustanowiskowy w kolorze bia\u0142ym\" width=\"800\" height=\"533\" srcset=\"https:\/\/gardeon.pl\/wp-content\/uploads\/2021\/01\/gardeon-garaz-pre-dve-auta-119.jpg 2000w, https:\/\/gardeon.pl\/wp-content\/uploads\/2021\/01\/gardeon-garaz-pre-dve-auta-119-300x200.jpg 300w, https:\/\/gardeon.pl\/wp-content\/uploads\/2021\/01\/gardeon-garaz-pre-dve-auta-119-1024x682.jpg 1024w, https:\/\/gardeon.pl\/wp-content\/uploads\/2021\/01\/gardeon-garaz-pre-dve-auta-119-768x512.jpg 768w, https:\/\/gardeon.pl\/wp-content\/uploads\/2021\/01\/gardeon-garaz-pre-dve-auta-119-1536x1024.jpg 1536w\" sizes=\"auto, (max-width: 800px) 100vw, 800px\" \/><\/p>\n<p><span style=\"font-weight: 400;\">Najwi\u0119ksz\u0105 wad\u0105 jest, jak\u017ceby inaczej, wy\u017csza cena gara\u017cu dwustanowiskowego w por\u00f3wnaniu z wiat\u0105. Czasem bud\u017cet po prostu na to nie pozwala. R\u00f3wnie\u017c je\u015bli na dzia\u0142ce maj\u0105 ju\u017c Pa\u0144stwo murowany gara\u017c, przebudowa na gara\u017c dwustanowiskowy jest bardziej wymagaj\u0105ca ni\u017c dobudowanie wiaty na auto.  <\/span><\/p>\n<h2>Wiata prosto i tanio<\/h2>\n<p><span style=\"font-weight: 400;\">Jak ju\u017c wspomnieli\u015bmy, najwi\u0119ksza r\u00f3\u017cnica dotyczy ceny. Je\u015bli chc\u0105 Pa\u0144stwo ta\u0144sz\u0105 opcj\u0119, nie ma si\u0119 nad czym zastanawia\u0107. Stosunkowo niedroga <\/span><a href=\"https:\/\/gardeon.pl\/pristresky\/\"><span style=\"font-weight: 400;\">wiata<\/span><\/a><span style=\"font-weight: 400;\"> ma jednak tak\u017ce kilka innych zalet.<\/span><\/p>\n<p><span style=\"font-weight: 400;\">Oba warianty chroni\u0105 auto przed \u015bniegiem, gradem, deszczem lub promieniowaniem UV, kt\u00f3re powoduje starzenie si\u0119 lakieru. Pod wiat\u0105, w przeciwie\u0144stwie do gara\u017cu, samoch\u00f3d nie jest nara\u017cony na gwa\u0142towne wahania temperatury. Wok\u00f3\u0142 auta swobodnie kr\u0105\u017cy powietrze. Szybciej schnie, co spowalnia proces rdzewienia.   <\/span><\/p>\n<p><a href=\"http:\/\/gardeon.pl\/wp-content\/uploads\/2021\/02\/gardeon-pristresok-pre-dve-auta-41.jpg\"><img loading=\"lazy\" decoding=\"async\" class=\"aligncenter wp-image-31013\" src=\"http:\/\/gardeon.pl\/wp-content\/uploads\/2021\/02\/gardeon-pristresok-pre-dve-auta-41.jpg\" alt=\"Auta zaparkowane pod wiat\u0105\" width=\"800\" height=\"533\" srcset=\"https:\/\/gardeon.pl\/wp-content\/uploads\/2021\/02\/gardeon-pristresok-pre-dve-auta-41.jpg 2000w, https:\/\/gardeon.pl\/wp-content\/uploads\/2021\/02\/gardeon-pristresok-pre-dve-auta-41-300x200.jpg 300w, https:\/\/gardeon.pl\/wp-content\/uploads\/2021\/02\/gardeon-pristresok-pre-dve-auta-41-1024x682.jpg 1024w, https:\/\/gardeon.pl\/wp-content\/uploads\/2021\/02\/gardeon-pristresok-pre-dve-auta-41-768x512.jpg 768w, https:\/\/gardeon.pl\/wp-content\/uploads\/2021\/02\/gardeon-pristresok-pre-dve-auta-41-1536x1024.jpg 1536w\" sizes=\"auto, (max-width: 800px) 100vw, 800px\" \/><\/a><\/p>\n<p><span style=\"font-weight: 400;\">Wiata z gara\u017cem zazwyczaj zajmuje mniejsz\u0105 cz\u0119\u015b\u0107 dzia\u0142ki ni\u017c du\u017cy gara\u017c na dwa auta. Cho\u0107 nie zapewnia miejsca do przechowywania innych rzeczy poza samochodem, a je\u015bli ju\u017c \u2013 to niezbyt bezpiecznego, dla niekt\u00f3rych jako przestrze\u0144 magazynowa wystarcza nawet jeden gara\u017c. <\/span><\/p>\n<p><span style=\"font-weight: 400;\">Konstrukcja wiaty jest znacznie prostsza, wi\u0119c mo\u017ce zosta\u0107 zbudowana w kr\u00f3tszym czasie ni\u017c gara\u017c dwustanowiskowy. Cho\u0107 w przypadku modu\u0142owego gara\u017cu dwustanowiskowego nie ma to a\u017c takiego znaczenia, poniewa\u017c budowa obiekt\u00f3w modu\u0142owych jest z regu\u0142y szybka. <\/span><\/p>\n<p><a href=\"http:\/\/gardeon.pl\/wp-content\/uploads\/2020\/09\/siebau-pristresok-pre-dve-auta-56-1.jpg\"><img loading=\"lazy\" decoding=\"async\" class=\"aligncenter wp-image-28230\" src=\"http:\/\/gardeon.pl\/wp-content\/uploads\/2020\/09\/siebau-pristresok-pre-dve-auta-56-1.jpg\" alt=\"Showroom GARDEON\" width=\"800\" height=\"533\" srcset=\"https:\/\/gardeon.pl\/wp-content\/uploads\/2020\/09\/siebau-pristresok-pre-dve-auta-56-1.jpg 2000w, https:\/\/gardeon.pl\/wp-content\/uploads\/2020\/09\/siebau-pristresok-pre-dve-auta-56-1-300x200.jpg 300w, https:\/\/gardeon.pl\/wp-content\/uploads\/2020\/09\/siebau-pristresok-pre-dve-auta-56-1-1024x682.jpg 1024w, https:\/\/gardeon.pl\/wp-content\/uploads\/2020\/09\/siebau-pristresok-pre-dve-auta-56-1-768x512.jpg 768w, https:\/\/gardeon.pl\/wp-content\/uploads\/2020\/09\/siebau-pristresok-pre-dve-auta-56-1-1536x1024.jpg 1536w\" sizes=\"auto, (max-width: 800px) 100vw, 800px\" \/><\/a><\/p>\n<p><span style=\"font-weight: 400;\">Niezale\u017cnie od tego, czy zdecyduj\u0105 si\u0119 Pa\u0144stwo na wiat\u0119 z gara\u017cem jednostanowiskowym, czy na gara\u017c na dwa auta, nie ma z\u0142ej alternatywy. Albo zyskaj\u0105 Pa\u0144stwo bezpiecze\u0144stwo i ponadstandardow\u0105 wygod\u0119, albo postawi\u0105 na prostot\u0119, kt\u00f3ra nie obci\u0105\u017cy tak bardzo portfela. <\/span><\/p>\n<p><a href=\"http:\/\/gardeon.pl\/wp-content\/uploads\/2021\/01\/gardeon-garaz-pre-dve-auta-116.jpg\"><img loading=\"lazy\" decoding=\"async\" class=\"aligncenter wp-image-29980\" src=\"http:\/\/gardeon.pl\/wp-content\/uploads\/2021\/01\/gardeon-garaz-pre-dve-auta-116.jpg\" alt=\"Gara\u017c na dwa auta z wiat\u0105 po lewej stronie\" width=\"800\" height=\"533\" srcset=\"https:\/\/gardeon.pl\/wp-content\/uploads\/2021\/01\/gardeon-garaz-pre-dve-auta-116.jpg 2000w, https:\/\/gardeon.pl\/wp-content\/uploads\/2021\/01\/gardeon-garaz-pre-dve-auta-116-300x200.jpg 300w, https:\/\/gardeon.pl\/wp-content\/uploads\/2021\/01\/gardeon-garaz-pre-dve-auta-116-1024x682.jpg 1024w, https:\/\/gardeon.pl\/wp-content\/uploads\/2021\/01\/gardeon-garaz-pre-dve-auta-116-768x512.jpg 768w, https:\/\/gardeon.pl\/wp-content\/uploads\/2021\/01\/gardeon-garaz-pre-dve-auta-116-1536x1024.jpg 1536w\" sizes=\"auto, (max-width: 800px) 100vw, 800px\" \/><\/a><\/p>\n<h5>\u0179r\u00f3d\u0142o<\/h5>\n<h5>fotobanka GARDEON<\/h5>\n","protected":false},"excerpt":{"rendered":"<p>W standardowej rodzinie najcz\u0119\u015bciej s\u0105 dwa samochody. Wraz z tym, jak stopniowo przybywa kierowc\u00f3w w rodzinie, bywa ich nawet wi\u0119cej ni\u017c dwa. Co jednak zrobi\u0107 z gara\u017cem, kt\u00f3ry pierwotnie zbudowali Pa\u0144stwo tylko na jedno auto? Chcieliby Pa\u0144stwo chroni\u0107 oba. Stoj\u0105 Pa\u0144stwo przed wyborem mi\u0119dzy gara\u017cem modu\u0142owym z wiat\u0105 a gara\u017cem dwustanowiskowym. Oba rozwi\u0105zania maj\u0105 swoje [&hellip;]<\/p>\n","protected":false},"author":2,"featured_media":46955,"comment_status":"open","ping_status":"open","sticky":false,"template":"","format":"standard","meta":{"_acf_changed":false,"inline_featured_image":false,"footnotes":""},"categories":[578,622,657],"tags":[581,784,785,650,579,786,635,638],"class_list":["post-46949","post","type-post","status-publish","format-standard","has-post-thumbnail","hentry","category-garaze-blaszane","category-wiaty-i-altany","category-zabezpieczenie","tag-garaz","tag-garaz-dwustanowiskowy","tag-garaz-dwustanowiskowy-gardeon","tag-garaz-gardeon-2","tag-gardeon","tag-wiata-siebau-2","tag-zadaszenie","tag-zadaszenie-gardeon"],"acf":[],"yoast_head":"<!-- This site is optimized with the Yoast SEO plugin v27.4 - https:\/\/yoast.com\/product\/yoast-seo-wordpress\/ -->\n<title>Wybra\u0107 gara\u017c z wiat\u0105 czy gara\u017c dwustanowiskowy? | GARDEON<\/title>\n<meta name=\"robots\" content=\"index, follow, max-snippet:-1, max-image-preview:large, max-video-preview:-1\" \/>\n<link rel=\"canonical\" href=\"https:\/\/gardeon.pl\/pl\/blog\/wybrac-garaz-z-wiata-czy-garaz-dwustanowiskowy\/\" \/>\n<meta property=\"og:locale\" content=\"pl_PL\" \/>\n<meta property=\"og:type\" content=\"article\" \/>\n<meta property=\"og:title\" content=\"Wybra\u0107 gara\u017c z wiat\u0105 czy gara\u017c dwustanowiskowy? | GARDEON\" \/>\n<meta property=\"og:description\" content=\"W standardowej rodzinie najcz\u0119\u015bciej s\u0105 dwa samochody. Wraz z tym, jak stopniowo przybywa kierowc\u00f3w w rodzinie, bywa ich nawet wi\u0119cej ni\u017c dwa. Co jednak zrobi\u0107 z gara\u017cem, kt\u00f3ry pierwotnie zbudowali Pa\u0144stwo tylko na jedno auto? Chcieliby Pa\u0144stwo chroni\u0107 oba. Stoj\u0105 Pa\u0144stwo przed wyborem mi\u0119dzy gara\u017cem modu\u0142owym z wiat\u0105 a gara\u017cem dwustanowiskowym. Oba rozwi\u0105zania maj\u0105 swoje [&hellip;]\" \/>\n<meta property=\"og:url\" content=\"https:\/\/gardeon.pl\/pl\/blog\/wybrac-garaz-z-wiata-czy-garaz-dwustanowiskowy\/\" \/>\n<meta property=\"og:site_name\" content=\"GARDEON\" \/>\n<meta property=\"article:published_time\" content=\"2026-04-23T15:41:19+00:00\" \/>\n<meta property=\"og:image\" content=\"https:\/\/gardeon.pl\/wp-content\/uploads\/2020\/02\/gardeon-garaz-pre-dve-auta-36.jpg\" \/>\n\t<meta property=\"og:image:width\" content=\"2500\" \/>\n\t<meta property=\"og:image:height\" content=\"1667\" \/>\n\t<meta property=\"og:image:type\" content=\"image\/jpeg\" \/>\n<meta name=\"author\" content=\"editor\" \/>\n<meta name=\"twitter:card\" content=\"summary_large_image\" \/>\n<meta name=\"twitter:label1\" content=\"Napisane przez\" \/>\n\t<meta name=\"twitter:data1\" content=\"editor\" \/>\n\t<meta name=\"twitter:label2\" content=\"Szacowany czas czytania\" \/>\n\t<meta name=\"twitter:data2\" content=\"3 minuty\" \/>\n<script type=\"application\/ld+json\" class=\"yoast-schema-graph\">{\"@context\":\"https:\\\/\\\/schema.org\",\"@graph\":[{\"@type\":\"Article\",\"@id\":\"https:\\\/\\\/gardeon.pl\\\/pl\\\/blog\\\/wybrac-garaz-z-wiata-czy-garaz-dwustanowiskowy\\\/#article\",\"isPartOf\":{\"@id\":\"https:\\\/\\\/gardeon.pl\\\/pl\\\/blog\\\/wybrac-garaz-z-wiata-czy-garaz-dwustanowiskowy\\\/\"},\"author\":{\"name\":\"editor\",\"@id\":\"https:\\\/\\\/gardeon.pl\\\/#\\\/schema\\\/person\\\/a5762ca5f0790bf92774af0899379463\"},\"headline\":\"Wybra\u0107 gara\u017c z wiat\u0105 czy gara\u017c dwustanowiskowy?\",\"datePublished\":\"2026-04-23T15:41:19+00:00\",\"mainEntityOfPage\":{\"@id\":\"https:\\\/\\\/gardeon.pl\\\/pl\\\/blog\\\/wybrac-garaz-z-wiata-czy-garaz-dwustanowiskowy\\\/\"},\"wordCount\":522,\"commentCount\":0,\"image\":{\"@id\":\"https:\\\/\\\/gardeon.pl\\\/pl\\\/blog\\\/wybrac-garaz-z-wiata-czy-garaz-dwustanowiskowy\\\/#primaryimage\"},\"thumbnailUrl\":\"https:\\\/\\\/gardeon.pl\\\/wp-content\\\/uploads\\\/2020\\\/02\\\/gardeon-garaz-pre-dve-auta-36.jpg\",\"keywords\":[\"gara\u017c\",\"gara\u017c dwustanowiskowy\",\"gara\u017c dwustanowiskowy GARDEON\",\"gara\u017c gardeon\",\"GARDEON\",\"wiata SIEBAU\",\"zadaszenie\",\"zadaszenie GARDEON\"],\"articleSection\":[\"Gara\u017ce blaszane\",\"Wiaty i altany\",\"Zabezpieczenie\"],\"inLanguage\":\"pl-PL\",\"potentialAction\":[{\"@type\":\"CommentAction\",\"name\":\"Comment\",\"target\":[\"https:\\\/\\\/gardeon.pl\\\/pl\\\/blog\\\/wybrac-garaz-z-wiata-czy-garaz-dwustanowiskowy\\\/#respond\"]}]},{\"@type\":\"WebPage\",\"@id\":\"https:\\\/\\\/gardeon.pl\\\/pl\\\/blog\\\/wybrac-garaz-z-wiata-czy-garaz-dwustanowiskowy\\\/\",\"url\":\"https:\\\/\\\/gardeon.pl\\\/pl\\\/blog\\\/wybrac-garaz-z-wiata-czy-garaz-dwustanowiskowy\\\/\",\"name\":\"Wybra\u0107 gara\u017c z wiat\u0105 czy gara\u017c dwustanowiskowy? | GARDEON\",\"isPartOf\":{\"@id\":\"https:\\\/\\\/gardeon.pl\\\/#website\"},\"primaryImageOfPage\":{\"@id\":\"https:\\\/\\\/gardeon.pl\\\/pl\\\/blog\\\/wybrac-garaz-z-wiata-czy-garaz-dwustanowiskowy\\\/#primaryimage\"},\"image\":{\"@id\":\"https:\\\/\\\/gardeon.pl\\\/pl\\\/blog\\\/wybrac-garaz-z-wiata-czy-garaz-dwustanowiskowy\\\/#primaryimage\"},\"thumbnailUrl\":\"https:\\\/\\\/gardeon.pl\\\/wp-content\\\/uploads\\\/2020\\\/02\\\/gardeon-garaz-pre-dve-auta-36.jpg\",\"datePublished\":\"2026-04-23T15:41:19+00:00\",\"author\":{\"@id\":\"https:\\\/\\\/gardeon.pl\\\/#\\\/schema\\\/person\\\/a5762ca5f0790bf92774af0899379463\"},\"breadcrumb\":{\"@id\":\"https:\\\/\\\/gardeon.pl\\\/pl\\\/blog\\\/wybrac-garaz-z-wiata-czy-garaz-dwustanowiskowy\\\/#breadcrumb\"},\"inLanguage\":\"pl-PL\",\"potentialAction\":[{\"@type\":\"ReadAction\",\"target\":[\"https:\\\/\\\/gardeon.pl\\\/pl\\\/blog\\\/wybrac-garaz-z-wiata-czy-garaz-dwustanowiskowy\\\/\"]}]},{\"@type\":\"ImageObject\",\"inLanguage\":\"pl-PL\",\"@id\":\"https:\\\/\\\/gardeon.pl\\\/pl\\\/blog\\\/wybrac-garaz-z-wiata-czy-garaz-dwustanowiskowy\\\/#primaryimage\",\"url\":\"https:\\\/\\\/gardeon.pl\\\/wp-content\\\/uploads\\\/2020\\\/02\\\/gardeon-garaz-pre-dve-auta-36.jpg\",\"contentUrl\":\"https:\\\/\\\/gardeon.pl\\\/wp-content\\\/uploads\\\/2020\\\/02\\\/gardeon-garaz-pre-dve-auta-36.jpg\",\"width\":2500,\"height\":1667,\"caption\":\"Gara\u017c GARDEON na dwa auta z wiat\u0105\"},{\"@type\":\"BreadcrumbList\",\"@id\":\"https:\\\/\\\/gardeon.pl\\\/pl\\\/blog\\\/wybrac-garaz-z-wiata-czy-garaz-dwustanowiskowy\\\/#breadcrumb\",\"itemListElement\":[{\"@type\":\"ListItem\",\"position\":1,\"name\":\"Domov\",\"item\":\"https:\\\/\\\/gardeon.pl\\\/pl\\\/\"},{\"@type\":\"ListItem\",\"position\":2,\"name\":\"Wybra\u0107 gara\u017c z wiat\u0105 czy gara\u017c dwustanowiskowy?\"}]},{\"@type\":\"WebSite\",\"@id\":\"https:\\\/\\\/gardeon.pl\\\/#website\",\"url\":\"https:\\\/\\\/gardeon.pl\\\/\",\"name\":\"GARDEON\",\"description\":\"\",\"potentialAction\":[{\"@type\":\"SearchAction\",\"target\":{\"@type\":\"EntryPoint\",\"urlTemplate\":\"https:\\\/\\\/gardeon.pl\\\/?s={search_term_string}\"},\"query-input\":{\"@type\":\"PropertyValueSpecification\",\"valueRequired\":true,\"valueName\":\"search_term_string\"}}],\"inLanguage\":\"pl-PL\"},{\"@type\":\"Person\",\"@id\":\"https:\\\/\\\/gardeon.pl\\\/#\\\/schema\\\/person\\\/a5762ca5f0790bf92774af0899379463\",\"name\":\"editor\",\"image\":{\"@type\":\"ImageObject\",\"inLanguage\":\"pl-PL\",\"@id\":\"https:\\\/\\\/secure.gravatar.com\\\/avatar\\\/2b748151c2c748327307fd289a91b3bdafdd9e64e2d000e65e53d6dcf11c5830?s=96&d=mm&r=g\",\"url\":\"https:\\\/\\\/secure.gravatar.com\\\/avatar\\\/2b748151c2c748327307fd289a91b3bdafdd9e64e2d000e65e53d6dcf11c5830?s=96&d=mm&r=g\",\"contentUrl\":\"https:\\\/\\\/secure.gravatar.com\\\/avatar\\\/2b748151c2c748327307fd289a91b3bdafdd9e64e2d000e65e53d6dcf11c5830?s=96&d=mm&r=g\",\"caption\":\"editor\"}}]}<\/script>\n<!-- \/ Yoast SEO plugin. -->","yoast_head_json":{"title":"Wybra\u0107 gara\u017c z wiat\u0105 czy gara\u017c dwustanowiskowy? | GARDEON","robots":{"index":"index","follow":"follow","max-snippet":"max-snippet:-1","max-image-preview":"max-image-preview:large","max-video-preview":"max-video-preview:-1"},"canonical":"https:\/\/gardeon.pl\/pl\/blog\/wybrac-garaz-z-wiata-czy-garaz-dwustanowiskowy\/","og_locale":"pl_PL","og_type":"article","og_title":"Wybra\u0107 gara\u017c z wiat\u0105 czy gara\u017c dwustanowiskowy? | GARDEON","og_description":"W standardowej rodzinie najcz\u0119\u015bciej s\u0105 dwa samochody. Wraz z tym, jak stopniowo przybywa kierowc\u00f3w w rodzinie, bywa ich nawet wi\u0119cej ni\u017c dwa. Co jednak zrobi\u0107 z gara\u017cem, kt\u00f3ry pierwotnie zbudowali Pa\u0144stwo tylko na jedno auto? Chcieliby Pa\u0144stwo chroni\u0107 oba. Stoj\u0105 Pa\u0144stwo przed wyborem mi\u0119dzy gara\u017cem modu\u0142owym z wiat\u0105 a gara\u017cem dwustanowiskowym. Oba rozwi\u0105zania maj\u0105 swoje [&hellip;]","og_url":"https:\/\/gardeon.pl\/pl\/blog\/wybrac-garaz-z-wiata-czy-garaz-dwustanowiskowy\/","og_site_name":"GARDEON","article_published_time":"2026-04-23T15:41:19+00:00","og_image":[{"width":2500,"height":1667,"url":"https:\/\/gardeon.pl\/wp-content\/uploads\/2020\/02\/gardeon-garaz-pre-dve-auta-36.jpg","type":"image\/jpeg"}],"author":"editor","twitter_card":"summary_large_image","twitter_misc":{"Napisane przez":"editor","Szacowany czas czytania":"3 minuty"},"schema":{"@context":"https:\/\/schema.org","@graph":[{"@type":"Article","@id":"https:\/\/gardeon.pl\/pl\/blog\/wybrac-garaz-z-wiata-czy-garaz-dwustanowiskowy\/#article","isPartOf":{"@id":"https:\/\/gardeon.pl\/pl\/blog\/wybrac-garaz-z-wiata-czy-garaz-dwustanowiskowy\/"},"author":{"name":"editor","@id":"https:\/\/gardeon.pl\/#\/schema\/person\/a5762ca5f0790bf92774af0899379463"},"headline":"Wybra\u0107 gara\u017c z wiat\u0105 czy gara\u017c dwustanowiskowy?","datePublished":"2026-04-23T15:41:19+00:00","mainEntityOfPage":{"@id":"https:\/\/gardeon.pl\/pl\/blog\/wybrac-garaz-z-wiata-czy-garaz-dwustanowiskowy\/"},"wordCount":522,"commentCount":0,"image":{"@id":"https:\/\/gardeon.pl\/pl\/blog\/wybrac-garaz-z-wiata-czy-garaz-dwustanowiskowy\/#primaryimage"},"thumbnailUrl":"https:\/\/gardeon.pl\/wp-content\/uploads\/2020\/02\/gardeon-garaz-pre-dve-auta-36.jpg","keywords":["gara\u017c","gara\u017c dwustanowiskowy","gara\u017c dwustanowiskowy GARDEON","gara\u017c gardeon","GARDEON","wiata SIEBAU","zadaszenie","zadaszenie GARDEON"],"articleSection":["Gara\u017ce blaszane","Wiaty i altany","Zabezpieczenie"],"inLanguage":"pl-PL","potentialAction":[{"@type":"CommentAction","name":"Comment","target":["https:\/\/gardeon.pl\/pl\/blog\/wybrac-garaz-z-wiata-czy-garaz-dwustanowiskowy\/#respond"]}]},{"@type":"WebPage","@id":"https:\/\/gardeon.pl\/pl\/blog\/wybrac-garaz-z-wiata-czy-garaz-dwustanowiskowy\/","url":"https:\/\/gardeon.pl\/pl\/blog\/wybrac-garaz-z-wiata-czy-garaz-dwustanowiskowy\/","name":"Wybra\u0107 gara\u017c z wiat\u0105 czy gara\u017c dwustanowiskowy? | GARDEON","isPartOf":{"@id":"https:\/\/gardeon.pl\/#website"},"primaryImageOfPage":{"@id":"https:\/\/gardeon.pl\/pl\/blog\/wybrac-garaz-z-wiata-czy-garaz-dwustanowiskowy\/#primaryimage"},"image":{"@id":"https:\/\/gardeon.pl\/pl\/blog\/wybrac-garaz-z-wiata-czy-garaz-dwustanowiskowy\/#primaryimage"},"thumbnailUrl":"https:\/\/gardeon.pl\/wp-content\/uploads\/2020\/02\/gardeon-garaz-pre-dve-auta-36.jpg","datePublished":"2026-04-23T15:41:19+00:00","author":{"@id":"https:\/\/gardeon.pl\/#\/schema\/person\/a5762ca5f0790bf92774af0899379463"},"breadcrumb":{"@id":"https:\/\/gardeon.pl\/pl\/blog\/wybrac-garaz-z-wiata-czy-garaz-dwustanowiskowy\/#breadcrumb"},"inLanguage":"pl-PL","potentialAction":[{"@type":"ReadAction","target":["https:\/\/gardeon.pl\/pl\/blog\/wybrac-garaz-z-wiata-czy-garaz-dwustanowiskowy\/"]}]},{"@type":"ImageObject","inLanguage":"pl-PL","@id":"https:\/\/gardeon.pl\/pl\/blog\/wybrac-garaz-z-wiata-czy-garaz-dwustanowiskowy\/#primaryimage","url":"https:\/\/gardeon.pl\/wp-content\/uploads\/2020\/02\/gardeon-garaz-pre-dve-auta-36.jpg","contentUrl":"https:\/\/gardeon.pl\/wp-content\/uploads\/2020\/02\/gardeon-garaz-pre-dve-auta-36.jpg","width":2500,"height":1667,"caption":"Gara\u017c GARDEON na dwa auta z wiat\u0105"},{"@type":"BreadcrumbList","@id":"https:\/\/gardeon.pl\/pl\/blog\/wybrac-garaz-z-wiata-czy-garaz-dwustanowiskowy\/#breadcrumb","itemListElement":[{"@type":"ListItem","position":1,"name":"Domov","item":"https:\/\/gardeon.pl\/pl\/"},{"@type":"ListItem","position":2,"name":"Wybra\u0107 gara\u017c z wiat\u0105 czy gara\u017c dwustanowiskowy?"}]},{"@type":"WebSite","@id":"https:\/\/gardeon.pl\/#website","url":"https:\/\/gardeon.pl\/","name":"GARDEON","description":"","potentialAction":[{"@type":"SearchAction","target":{"@type":"EntryPoint","urlTemplate":"https:\/\/gardeon.pl\/?s={search_term_string}"},"query-input":{"@type":"PropertyValueSpecification","valueRequired":true,"valueName":"search_term_string"}}],"inLanguage":"pl-PL"},{"@type":"Person","@id":"https:\/\/gardeon.pl\/#\/schema\/person\/a5762ca5f0790bf92774af0899379463","name":"editor","image":{"@type":"ImageObject","inLanguage":"pl-PL","@id":"https:\/\/secure.gravatar.com\/avatar\/2b748151c2c748327307fd289a91b3bdafdd9e64e2d000e65e53d6dcf11c5830?s=96&d=mm&r=g","url":"https:\/\/secure.gravatar.com\/avatar\/2b748151c2c748327307fd289a91b3bdafdd9e64e2d000e65e53d6dcf11c5830?s=96&d=mm&r=g","contentUrl":"https:\/\/secure.gravatar.com\/avatar\/2b748151c2c748327307fd289a91b3bdafdd9e64e2d000e65e53d6dcf11c5830?s=96&d=mm&r=g","caption":"editor"}}]}},"_links":{"self":[{"href":"https:\/\/gardeon.pl\/pl\/wp-json\/wp\/v2\/posts\/46949","targetHints":{"allow":["GET"]}}],"collection":[{"href":"https:\/\/gardeon.pl\/pl\/wp-json\/wp\/v2\/posts"}],"about":[{"href":"https:\/\/gardeon.pl\/pl\/wp-json\/wp\/v2\/types\/post"}],"author":[{"embeddable":true,"href":"https:\/\/gardeon.pl\/pl\/wp-json\/wp\/v2\/users\/2"}],"replies":[{"embeddable":true,"href":"https:\/\/gardeon.pl\/pl\/wp-json\/wp\/v2\/comments?post=46949"}],"version-history":[{"count":0,"href":"https:\/\/gardeon.pl\/pl\/wp-json\/wp\/v2\/posts\/46949\/revisions"}],"wp:featuredmedia":[{"embeddable":true,"href":"https:\/\/gardeon.pl\/pl\/wp-json\/wp\/v2\/media\/46955"}],"wp:attachment":[{"href":"https:\/\/gardeon.pl\/pl\/wp-json\/wp\/v2\/media?parent=46949"}],"wp:term":[{"taxonomy":"category","embeddable":true,"href":"https:\/\/gardeon.pl\/pl\/wp-json\/wp\/v2\/categories?post=46949"},{"taxonomy":"post_tag","embeddable":true,"href":"https:\/\/gardeon.pl\/pl\/wp-json\/wp\/v2\/tags?post=46949"}],"curies":[{"name":"wp","href":"https:\/\/api.w.org\/{rel}","templated":true}]}}