{"id":46977,"date":"2026-04-23T17:41:22","date_gmt":"2026-04-23T15:41:22","guid":{"rendered":"https:\/\/gardeon.pl\/blog\/garaz-na-jedno-auto-i-domowa-silownia-35-x-7-m\/"},"modified":"2026-04-23T17:41:22","modified_gmt":"2026-04-23T15:41:22","slug":"garaz-na-jedno-auto-i-domowa-silownia-35-x-7-m","status":"publish","type":"post","link":"https:\/\/gardeon.pl\/pl\/blog\/garaz-na-jedno-auto-i-domowa-silownia-35-x-7-m\/","title":{"rendered":"Gara\u017c na jedno auto i domowa si\u0142ownia 3,5 x 7 m"},"content":{"rendered":"<h2><b>Jak to wszystko si\u0119 zacz\u0119\u0142o?<\/b><\/h2>\n<p><span style=\"font-weight: 400;\">Pan Gavula skontaktowa\u0142 si\u0119 z nami w sierpniu, informuj\u0105c, \u017ce potrzebuje <\/span><a href=\"https:\/\/gardeon.pl\/garaze\/\"><span style=\"font-weight: 400;\">gara\u017cu<\/span><\/a><span style=\"font-weight: 400;\">, w kt\u00f3rym chce przechowywa\u0107 narz\u0119dzia, kosiark\u0119 i urz\u0105dzi\u0107 mini-si\u0142owni\u0119.<\/span><\/p>\n<p><!--more--><\/p>\n<p><span style=\"font-weight: 400;\">Gara\u017c zamontowali\u015bmy w grudniu tego roku.<\/span><\/p>\n<h3><b>Recenzja tu\u017c po monta\u017cu<\/b><\/h3>\n<p><a href=\"http:\/\/gardeon.pl\/wp-content\/uploads\/2020\/12\/recenzia-gardeon-8.png\"><img loading=\"lazy\" decoding=\"async\" class=\"aligncenter wp-image-29788\" src=\"http:\/\/gardeon.pl\/wp-content\/uploads\/2020\/12\/recenzia-gardeon-8.png\" alt=\"recenzja od klienta\" width=\"800\" height=\"1146\" srcset=\"https:\/\/gardeon.pl\/wp-content\/uploads\/2020\/12\/recenzia-gardeon-8.png 836w, https:\/\/gardeon.pl\/wp-content\/uploads\/2020\/12\/recenzia-gardeon-8-209x300.png 209w, https:\/\/gardeon.pl\/wp-content\/uploads\/2020\/12\/recenzia-gardeon-8-715x1024.png 715w, https:\/\/gardeon.pl\/wp-content\/uploads\/2020\/12\/recenzia-gardeon-8-768x1101.png 768w\" sizes=\"auto, (max-width: 800px) 100vw, 800px\" \/><\/a><\/p>\n<h2><b>A jakie s\u0105 jego wra\u017cenia po pewnym czasie?<\/b><\/h2>\n<p><i><span style=\"font-weight: 400;\">\u201ePo pewnym czasie nadal jeste\u015bmy bardzo zadowoleni i zachwyceni gara\u017cem. Jak dot\u0105d nie wyst\u0105pi\u0142a \u017cadna usterka, wi\u0119c gara\u017c jest nadal jak nowy. :) Do du\u017cych plus\u00f3w z pewno\u015bci\u0105 nale\u017cy doda\u0107 to, \u017ce w Malinovie jest zbyt du\u017cy wiatr, i to naprawd\u0119 bardzo silny, a gara\u017c trzyma si\u0119 bardzo dobrze. Nic si\u0119 nie rusza ani nie skrzypi. R\u00f3wnie\u017c podczas deszczu w og\u00f3le nie s\u0142ycha\u0107 spadaj\u0105cych kropel na dach, wi\u0119c jeste\u015bmy bardzo zadowoleni.    <\/span><\/i><\/p>\n<h3><b>Zdj\u0119cia cz\u0119\u015bci zewn\u0119trznej<\/b><\/h3>\n<h4><b>Przed<\/b><\/h4>\n<p><a href=\"http:\/\/gardeon.pl\/wp-content\/uploads\/2020\/12\/GARDEON-foto-od-zakaznikov-146.jpeg\"><img loading=\"lazy\" decoding=\"async\" class=\"aligncenter wp-image-29786\" src=\"http:\/\/gardeon.pl\/wp-content\/uploads\/2020\/12\/GARDEON-foto-od-zakaznikov-146.jpeg\" alt=\"Ogr\u00f3d przed monta\u017cem z pod\u0142o\u017cem\" width=\"800\" height=\"1067\" srcset=\"https:\/\/gardeon.pl\/wp-content\/uploads\/2020\/12\/GARDEON-foto-od-zakaznikov-146.jpeg 1500w, https:\/\/gardeon.pl\/wp-content\/uploads\/2020\/12\/GARDEON-foto-od-zakaznikov-146-225x300.jpeg 225w, https:\/\/gardeon.pl\/wp-content\/uploads\/2020\/12\/GARDEON-foto-od-zakaznikov-146-768x1024.jpeg 768w, https:\/\/gardeon.pl\/wp-content\/uploads\/2020\/12\/GARDEON-foto-od-zakaznikov-146-1152x1536.jpeg 1152w\" sizes=\"auto, (max-width: 800px) 100vw, 800px\" \/><\/a><\/p>\n<h4>Po<\/h4>\n<p><a href=\"http:\/\/gardeon.pl\/wp-content\/uploads\/2020\/12\/GARDEON-foto-od-zakaznikov-151.jpg\"><img loading=\"lazy\" decoding=\"async\" class=\"aligncenter wp-image-29794\" src=\"http:\/\/gardeon.pl\/wp-content\/uploads\/2020\/12\/GARDEON-foto-od-zakaznikov-151.jpg\" alt=\"Gara\u017c z dachem dwuspadowym na ko\u0144cu ogrodu\" width=\"800\" height=\"600\" srcset=\"https:\/\/gardeon.pl\/wp-content\/uploads\/2020\/12\/GARDEON-foto-od-zakaznikov-151.jpg 1500w, https:\/\/gardeon.pl\/wp-content\/uploads\/2020\/12\/GARDEON-foto-od-zakaznikov-151-300x225.jpg 300w, https:\/\/gardeon.pl\/wp-content\/uploads\/2020\/12\/GARDEON-foto-od-zakaznikov-151-1024x768.jpg 1024w, https:\/\/gardeon.pl\/wp-content\/uploads\/2020\/12\/GARDEON-foto-od-zakaznikov-151-768x576.jpg 768w\" sizes=\"auto, (max-width: 800px) 100vw, 800px\" \/><\/a><\/p>\n<p><a href=\"http:\/\/gardeon.pl\/wp-content\/uploads\/2020\/12\/GARDEON-foto-od-zakaznikov-150.jpg\"><img loading=\"lazy\" decoding=\"async\" class=\"aligncenter wp-image-29792\" src=\"http:\/\/gardeon.pl\/wp-content\/uploads\/2020\/12\/GARDEON-foto-od-zakaznikov-150.jpg\" alt=\"Gara\u017c z dachem dwuspadowym w ogrodzie\" width=\"800\" height=\"600\" srcset=\"https:\/\/gardeon.pl\/wp-content\/uploads\/2020\/12\/GARDEON-foto-od-zakaznikov-150.jpg 1500w, https:\/\/gardeon.pl\/wp-content\/uploads\/2020\/12\/GARDEON-foto-od-zakaznikov-150-300x225.jpg 300w, https:\/\/gardeon.pl\/wp-content\/uploads\/2020\/12\/GARDEON-foto-od-zakaznikov-150-1024x768.jpg 1024w, https:\/\/gardeon.pl\/wp-content\/uploads\/2020\/12\/GARDEON-foto-od-zakaznikov-150-768x576.jpg 768w\" sizes=\"auto, (max-width: 800px) 100vw, 800px\" \/><\/a><\/p>\n<p><a href=\"http:\/\/gardeon.pl\/wp-content\/uploads\/2020\/12\/GARDEON-foto-od-zakaznikov-149.jpg\"><img loading=\"lazy\" decoding=\"async\" class=\"aligncenter wp-image-29790\" src=\"http:\/\/gardeon.pl\/wp-content\/uploads\/2020\/12\/GARDEON-foto-od-zakaznikov-149.jpg\" alt=\"Zawieszona \u017c\u00f3\u0142ta hu\u015btawka przy gara\u017cu\" width=\"800\" height=\"1067\" srcset=\"https:\/\/gardeon.pl\/wp-content\/uploads\/2020\/12\/GARDEON-foto-od-zakaznikov-149.jpg 1500w, https:\/\/gardeon.pl\/wp-content\/uploads\/2020\/12\/GARDEON-foto-od-zakaznikov-149-225x300.jpg 225w, https:\/\/gardeon.pl\/wp-content\/uploads\/2020\/12\/GARDEON-foto-od-zakaznikov-149-768x1024.jpg 768w, https:\/\/gardeon.pl\/wp-content\/uploads\/2020\/12\/GARDEON-foto-od-zakaznikov-149-1152x1536.jpg 1152w\" sizes=\"auto, (max-width: 800px) 100vw, 800px\" \/><\/a><\/p>\n<h3><b>Zdj\u0119cia cz\u0119\u015bci wewn\u0119trznej<\/b><\/h3>\n<p><a href=\"http:\/\/gardeon.pl\/wp-content\/uploads\/2020\/12\/GARDEON-foto-od-zakaznikov-148.jpg\"><img loading=\"lazy\" decoding=\"async\" class=\"aligncenter wp-image-29796\" src=\"http:\/\/gardeon.pl\/wp-content\/uploads\/2020\/12\/GARDEON-foto-od-zakaznikov-148.jpg\" alt=\"Kosiarka, narz\u0119dzia i sprz\u0119t do \u0107wicze\u0144 wewn\u0105trz gara\u017cu\" width=\"800\" height=\"1067\" srcset=\"https:\/\/gardeon.pl\/wp-content\/uploads\/2020\/12\/GARDEON-foto-od-zakaznikov-148.jpg 1500w, https:\/\/gardeon.pl\/wp-content\/uploads\/2020\/12\/GARDEON-foto-od-zakaznikov-148-225x300.jpg 225w, https:\/\/gardeon.pl\/wp-content\/uploads\/2020\/12\/GARDEON-foto-od-zakaznikov-148-768x1024.jpg 768w, https:\/\/gardeon.pl\/wp-content\/uploads\/2020\/12\/GARDEON-foto-od-zakaznikov-148-1152x1536.jpg 1152w\" sizes=\"auto, (max-width: 800px) 100vw, 800px\" \/><\/a><\/p>\n<h2><b>Podsumowanie<\/b><\/h2>\n<ul>\n<li style=\"font-weight: 400;\" aria-level=\"1\"><span style=\"font-weight: 400;\">czas budowy \u2013 4,5 godziny<\/span><\/li>\n<li style=\"font-weight: 400;\" aria-level=\"1\"><span style=\"font-weight: 400;\">wymiar domku ogrodowego \u2013 3 500 x 7 000 mm<\/span><\/li>\n<li style=\"font-weight: 400;\" aria-level=\"1\"><span style=\"font-weight: 400;\">ekskluzywne wyposa\u017cenie \u2013 <\/span><a href=\"https:\/\/gardeon.pl\/zahradni-domky\/prislusenstvi\/strecha\/\"><span style=\"font-weight: 400;\">Izolowane \u015bciany THP<\/span><\/a><\/li>\n<li style=\"font-weight: 400;\" aria-level=\"1\"><span style=\"font-weight: 400;\">cena domku ogrodowego w momencie zam\u00f3wienia \u2013 oko\u0142o 230 000 CZK z VAT<\/span><\/li>\n<\/ul>\n<p><span style=\"font-weight: 400;\"> <\/span><\/p>\n<h3 style=\"text-align: center;\">Za opini\u0119 i zdj\u0119cia dzi\u0119kujemy Panu Gavuli :)<\/h3>\n","protected":false},"excerpt":{"rendered":"<p>Jak to wszystko si\u0119 zacz\u0119\u0142o? Pan Gavula skontaktowa\u0142 si\u0119 z nami w sierpniu, informuj\u0105c, \u017ce potrzebuje gara\u017cu, w kt\u00f3rym chce przechowywa\u0107 narz\u0119dzia, kosiark\u0119 i urz\u0105dzi\u0107 mini-si\u0142owni\u0119.<\/p>\n","protected":false},"author":2,"featured_media":46981,"comment_status":"open","ping_status":"open","sticky":false,"template":"","format":"standard","meta":{"_acf_changed":false,"inline_featured_image":false,"footnotes":""},"categories":[770,716],"tags":[776,587,789,581,650,579,777,775],"class_list":["post-46977","post","type-post","status-publish","format-standard","has-post-thumbnail","hentry","category-garaze","category-jak-sie-zyje-z-gardeon","tag-aszsg","tag-brama-garazowa","tag-bratyslawa","tag-garaz","tag-garaz-gardeon-2","tag-gardeon","tag-jak-sie-zyje-z-gardeonem","tag-martin"],"acf":[],"yoast_head":"<!-- This site is optimized with the Yoast SEO plugin v27.4 - https:\/\/yoast.com\/product\/yoast-seo-wordpress\/ -->\n<title>Gara\u017c na jedno auto i domowa si\u0142ownia 3,5 x 7 m | GARDEON<\/title>\n<meta name=\"robots\" content=\"index, follow, max-snippet:-1, max-image-preview:large, max-video-preview:-1\" \/>\n<link rel=\"canonical\" href=\"https:\/\/gardeon.pl\/pl\/blog\/garaz-na-jedno-auto-i-domowa-silownia-35-x-7-m\/\" \/>\n<meta property=\"og:locale\" content=\"pl_PL\" \/>\n<meta property=\"og:type\" content=\"article\" \/>\n<meta property=\"og:title\" content=\"Gara\u017c na jedno auto i domowa si\u0142ownia 3,5 x 7 m | GARDEON\" \/>\n<meta property=\"og:description\" content=\"Jak to wszystko si\u0119 zacz\u0119\u0142o? Pan Gavula skontaktowa\u0142 si\u0119 z nami w sierpniu, informuj\u0105c, \u017ce potrzebuje gara\u017cu, w kt\u00f3rym chce przechowywa\u0107 narz\u0119dzia, kosiark\u0119 i urz\u0105dzi\u0107 mini-si\u0142owni\u0119.\" \/>\n<meta property=\"og:url\" content=\"https:\/\/gardeon.pl\/pl\/blog\/garaz-na-jedno-auto-i-domowa-silownia-35-x-7-m\/\" \/>\n<meta property=\"og:site_name\" content=\"GARDEON\" \/>\n<meta property=\"article:published_time\" content=\"2026-04-23T15:41:22+00:00\" \/>\n<meta property=\"og:image\" content=\"https:\/\/gardeon.pl\/wp-content\/uploads\/2020\/12\/GARDEON-foto-od-zakaznikov-150.jpg\" \/>\n\t<meta property=\"og:image:width\" content=\"1500\" \/>\n\t<meta property=\"og:image:height\" content=\"1125\" \/>\n\t<meta property=\"og:image:type\" content=\"image\/jpeg\" \/>\n<meta name=\"author\" content=\"editor\" \/>\n<meta name=\"twitter:card\" content=\"summary_large_image\" \/>\n<meta name=\"twitter:label1\" content=\"Napisane przez\" \/>\n\t<meta name=\"twitter:data1\" content=\"editor\" \/>\n\t<meta name=\"twitter:label2\" content=\"Szacowany czas czytania\" \/>\n\t<meta name=\"twitter:data2\" content=\"1 minuta\" \/>\n<script type=\"application\/ld+json\" class=\"yoast-schema-graph\">{\"@context\":\"https:\\\/\\\/schema.org\",\"@graph\":[{\"@type\":\"Article\",\"@id\":\"https:\\\/\\\/gardeon.pl\\\/pl\\\/blog\\\/garaz-na-jedno-auto-i-domowa-silownia-35-x-7-m\\\/#article\",\"isPartOf\":{\"@id\":\"https:\\\/\\\/gardeon.pl\\\/pl\\\/blog\\\/garaz-na-jedno-auto-i-domowa-silownia-35-x-7-m\\\/\"},\"author\":{\"name\":\"editor\",\"@id\":\"https:\\\/\\\/gardeon.pl\\\/#\\\/schema\\\/person\\\/a5762ca5f0790bf92774af0899379463\"},\"headline\":\"Gara\u017c na jedno auto i domowa si\u0142ownia 3,5 x 7 m\",\"datePublished\":\"2026-04-23T15:41:22+00:00\",\"mainEntityOfPage\":{\"@id\":\"https:\\\/\\\/gardeon.pl\\\/pl\\\/blog\\\/garaz-na-jedno-auto-i-domowa-silownia-35-x-7-m\\\/\"},\"wordCount\":201,\"commentCount\":0,\"image\":{\"@id\":\"https:\\\/\\\/gardeon.pl\\\/pl\\\/blog\\\/garaz-na-jedno-auto-i-domowa-silownia-35-x-7-m\\\/#primaryimage\"},\"thumbnailUrl\":\"https:\\\/\\\/gardeon.pl\\\/wp-content\\\/uploads\\\/2020\\\/12\\\/GARDEON-foto-od-zakaznikov-150.jpg\",\"keywords\":[\"aszsg\",\"brama gara\u017cowa\",\"bratys\u0142awa\",\"gara\u017c\",\"gara\u017c gardeon\",\"GARDEON\",\"jak si\u0119 \u017cyje z gardeonem\",\"martin\"],\"articleSection\":[\"Gara\u017ce\",\"Jak si\u0119 \u017cyje z GARDEON\"],\"inLanguage\":\"pl-PL\",\"potentialAction\":[{\"@type\":\"CommentAction\",\"name\":\"Comment\",\"target\":[\"https:\\\/\\\/gardeon.pl\\\/pl\\\/blog\\\/garaz-na-jedno-auto-i-domowa-silownia-35-x-7-m\\\/#respond\"]}]},{\"@type\":\"WebPage\",\"@id\":\"https:\\\/\\\/gardeon.pl\\\/pl\\\/blog\\\/garaz-na-jedno-auto-i-domowa-silownia-35-x-7-m\\\/\",\"url\":\"https:\\\/\\\/gardeon.pl\\\/pl\\\/blog\\\/garaz-na-jedno-auto-i-domowa-silownia-35-x-7-m\\\/\",\"name\":\"Gara\u017c na jedno auto i domowa si\u0142ownia 3,5 x 7 m | GARDEON\",\"isPartOf\":{\"@id\":\"https:\\\/\\\/gardeon.pl\\\/#website\"},\"primaryImageOfPage\":{\"@id\":\"https:\\\/\\\/gardeon.pl\\\/pl\\\/blog\\\/garaz-na-jedno-auto-i-domowa-silownia-35-x-7-m\\\/#primaryimage\"},\"image\":{\"@id\":\"https:\\\/\\\/gardeon.pl\\\/pl\\\/blog\\\/garaz-na-jedno-auto-i-domowa-silownia-35-x-7-m\\\/#primaryimage\"},\"thumbnailUrl\":\"https:\\\/\\\/gardeon.pl\\\/wp-content\\\/uploads\\\/2020\\\/12\\\/GARDEON-foto-od-zakaznikov-150.jpg\",\"datePublished\":\"2026-04-23T15:41:22+00:00\",\"author\":{\"@id\":\"https:\\\/\\\/gardeon.pl\\\/#\\\/schema\\\/person\\\/a5762ca5f0790bf92774af0899379463\"},\"breadcrumb\":{\"@id\":\"https:\\\/\\\/gardeon.pl\\\/pl\\\/blog\\\/garaz-na-jedno-auto-i-domowa-silownia-35-x-7-m\\\/#breadcrumb\"},\"inLanguage\":\"pl-PL\",\"potentialAction\":[{\"@type\":\"ReadAction\",\"target\":[\"https:\\\/\\\/gardeon.pl\\\/pl\\\/blog\\\/garaz-na-jedno-auto-i-domowa-silownia-35-x-7-m\\\/\"]}]},{\"@type\":\"ImageObject\",\"inLanguage\":\"pl-PL\",\"@id\":\"https:\\\/\\\/gardeon.pl\\\/pl\\\/blog\\\/garaz-na-jedno-auto-i-domowa-silownia-35-x-7-m\\\/#primaryimage\",\"url\":\"https:\\\/\\\/gardeon.pl\\\/wp-content\\\/uploads\\\/2020\\\/12\\\/GARDEON-foto-od-zakaznikov-150.jpg\",\"contentUrl\":\"https:\\\/\\\/gardeon.pl\\\/wp-content\\\/uploads\\\/2020\\\/12\\\/GARDEON-foto-od-zakaznikov-150.jpg\",\"width\":1500,\"height\":1125,\"caption\":\"Gara\u017c z dachem dwuspadowym w ogrodzie\"},{\"@type\":\"BreadcrumbList\",\"@id\":\"https:\\\/\\\/gardeon.pl\\\/pl\\\/blog\\\/garaz-na-jedno-auto-i-domowa-silownia-35-x-7-m\\\/#breadcrumb\",\"itemListElement\":[{\"@type\":\"ListItem\",\"position\":1,\"name\":\"Domov\",\"item\":\"https:\\\/\\\/gardeon.pl\\\/pl\\\/\"},{\"@type\":\"ListItem\",\"position\":2,\"name\":\"Gara\u017c na jedno auto i domowa si\u0142ownia 3,5 x 7 m\"}]},{\"@type\":\"WebSite\",\"@id\":\"https:\\\/\\\/gardeon.pl\\\/#website\",\"url\":\"https:\\\/\\\/gardeon.pl\\\/\",\"name\":\"GARDEON\",\"description\":\"\",\"potentialAction\":[{\"@type\":\"SearchAction\",\"target\":{\"@type\":\"EntryPoint\",\"urlTemplate\":\"https:\\\/\\\/gardeon.pl\\\/?s={search_term_string}\"},\"query-input\":{\"@type\":\"PropertyValueSpecification\",\"valueRequired\":true,\"valueName\":\"search_term_string\"}}],\"inLanguage\":\"pl-PL\"},{\"@type\":\"Person\",\"@id\":\"https:\\\/\\\/gardeon.pl\\\/#\\\/schema\\\/person\\\/a5762ca5f0790bf92774af0899379463\",\"name\":\"editor\",\"image\":{\"@type\":\"ImageObject\",\"inLanguage\":\"pl-PL\",\"@id\":\"https:\\\/\\\/secure.gravatar.com\\\/avatar\\\/2b748151c2c748327307fd289a91b3bdafdd9e64e2d000e65e53d6dcf11c5830?s=96&d=mm&r=g\",\"url\":\"https:\\\/\\\/secure.gravatar.com\\\/avatar\\\/2b748151c2c748327307fd289a91b3bdafdd9e64e2d000e65e53d6dcf11c5830?s=96&d=mm&r=g\",\"contentUrl\":\"https:\\\/\\\/secure.gravatar.com\\\/avatar\\\/2b748151c2c748327307fd289a91b3bdafdd9e64e2d000e65e53d6dcf11c5830?s=96&d=mm&r=g\",\"caption\":\"editor\"}}]}<\/script>\n<!-- \/ Yoast SEO plugin. -->","yoast_head_json":{"title":"Gara\u017c na jedno auto i domowa si\u0142ownia 3,5 x 7 m | GARDEON","robots":{"index":"index","follow":"follow","max-snippet":"max-snippet:-1","max-image-preview":"max-image-preview:large","max-video-preview":"max-video-preview:-1"},"canonical":"https:\/\/gardeon.pl\/pl\/blog\/garaz-na-jedno-auto-i-domowa-silownia-35-x-7-m\/","og_locale":"pl_PL","og_type":"article","og_title":"Gara\u017c na jedno auto i domowa si\u0142ownia 3,5 x 7 m | GARDEON","og_description":"Jak to wszystko si\u0119 zacz\u0119\u0142o? Pan Gavula skontaktowa\u0142 si\u0119 z nami w sierpniu, informuj\u0105c, \u017ce potrzebuje gara\u017cu, w kt\u00f3rym chce przechowywa\u0107 narz\u0119dzia, kosiark\u0119 i urz\u0105dzi\u0107 mini-si\u0142owni\u0119.","og_url":"https:\/\/gardeon.pl\/pl\/blog\/garaz-na-jedno-auto-i-domowa-silownia-35-x-7-m\/","og_site_name":"GARDEON","article_published_time":"2026-04-23T15:41:22+00:00","og_image":[{"width":1500,"height":1125,"url":"https:\/\/gardeon.pl\/wp-content\/uploads\/2020\/12\/GARDEON-foto-od-zakaznikov-150.jpg","type":"image\/jpeg"}],"author":"editor","twitter_card":"summary_large_image","twitter_misc":{"Napisane przez":"editor","Szacowany czas czytania":"1 minuta"},"schema":{"@context":"https:\/\/schema.org","@graph":[{"@type":"Article","@id":"https:\/\/gardeon.pl\/pl\/blog\/garaz-na-jedno-auto-i-domowa-silownia-35-x-7-m\/#article","isPartOf":{"@id":"https:\/\/gardeon.pl\/pl\/blog\/garaz-na-jedno-auto-i-domowa-silownia-35-x-7-m\/"},"author":{"name":"editor","@id":"https:\/\/gardeon.pl\/#\/schema\/person\/a5762ca5f0790bf92774af0899379463"},"headline":"Gara\u017c na jedno auto i domowa si\u0142ownia 3,5 x 7 m","datePublished":"2026-04-23T15:41:22+00:00","mainEntityOfPage":{"@id":"https:\/\/gardeon.pl\/pl\/blog\/garaz-na-jedno-auto-i-domowa-silownia-35-x-7-m\/"},"wordCount":201,"commentCount":0,"image":{"@id":"https:\/\/gardeon.pl\/pl\/blog\/garaz-na-jedno-auto-i-domowa-silownia-35-x-7-m\/#primaryimage"},"thumbnailUrl":"https:\/\/gardeon.pl\/wp-content\/uploads\/2020\/12\/GARDEON-foto-od-zakaznikov-150.jpg","keywords":["aszsg","brama gara\u017cowa","bratys\u0142awa","gara\u017c","gara\u017c gardeon","GARDEON","jak si\u0119 \u017cyje z gardeonem","martin"],"articleSection":["Gara\u017ce","Jak si\u0119 \u017cyje z GARDEON"],"inLanguage":"pl-PL","potentialAction":[{"@type":"CommentAction","name":"Comment","target":["https:\/\/gardeon.pl\/pl\/blog\/garaz-na-jedno-auto-i-domowa-silownia-35-x-7-m\/#respond"]}]},{"@type":"WebPage","@id":"https:\/\/gardeon.pl\/pl\/blog\/garaz-na-jedno-auto-i-domowa-silownia-35-x-7-m\/","url":"https:\/\/gardeon.pl\/pl\/blog\/garaz-na-jedno-auto-i-domowa-silownia-35-x-7-m\/","name":"Gara\u017c na jedno auto i domowa si\u0142ownia 3,5 x 7 m | GARDEON","isPartOf":{"@id":"https:\/\/gardeon.pl\/#website"},"primaryImageOfPage":{"@id":"https:\/\/gardeon.pl\/pl\/blog\/garaz-na-jedno-auto-i-domowa-silownia-35-x-7-m\/#primaryimage"},"image":{"@id":"https:\/\/gardeon.pl\/pl\/blog\/garaz-na-jedno-auto-i-domowa-silownia-35-x-7-m\/#primaryimage"},"thumbnailUrl":"https:\/\/gardeon.pl\/wp-content\/uploads\/2020\/12\/GARDEON-foto-od-zakaznikov-150.jpg","datePublished":"2026-04-23T15:41:22+00:00","author":{"@id":"https:\/\/gardeon.pl\/#\/schema\/person\/a5762ca5f0790bf92774af0899379463"},"breadcrumb":{"@id":"https:\/\/gardeon.pl\/pl\/blog\/garaz-na-jedno-auto-i-domowa-silownia-35-x-7-m\/#breadcrumb"},"inLanguage":"pl-PL","potentialAction":[{"@type":"ReadAction","target":["https:\/\/gardeon.pl\/pl\/blog\/garaz-na-jedno-auto-i-domowa-silownia-35-x-7-m\/"]}]},{"@type":"ImageObject","inLanguage":"pl-PL","@id":"https:\/\/gardeon.pl\/pl\/blog\/garaz-na-jedno-auto-i-domowa-silownia-35-x-7-m\/#primaryimage","url":"https:\/\/gardeon.pl\/wp-content\/uploads\/2020\/12\/GARDEON-foto-od-zakaznikov-150.jpg","contentUrl":"https:\/\/gardeon.pl\/wp-content\/uploads\/2020\/12\/GARDEON-foto-od-zakaznikov-150.jpg","width":1500,"height":1125,"caption":"Gara\u017c z dachem dwuspadowym w ogrodzie"},{"@type":"BreadcrumbList","@id":"https:\/\/gardeon.pl\/pl\/blog\/garaz-na-jedno-auto-i-domowa-silownia-35-x-7-m\/#breadcrumb","itemListElement":[{"@type":"ListItem","position":1,"name":"Domov","item":"https:\/\/gardeon.pl\/pl\/"},{"@type":"ListItem","position":2,"name":"Gara\u017c na jedno auto i domowa si\u0142ownia 3,5 x 7 m"}]},{"@type":"WebSite","@id":"https:\/\/gardeon.pl\/#website","url":"https:\/\/gardeon.pl\/","name":"GARDEON","description":"","potentialAction":[{"@type":"SearchAction","target":{"@type":"EntryPoint","urlTemplate":"https:\/\/gardeon.pl\/?s={search_term_string}"},"query-input":{"@type":"PropertyValueSpecification","valueRequired":true,"valueName":"search_term_string"}}],"inLanguage":"pl-PL"},{"@type":"Person","@id":"https:\/\/gardeon.pl\/#\/schema\/person\/a5762ca5f0790bf92774af0899379463","name":"editor","image":{"@type":"ImageObject","inLanguage":"pl-PL","@id":"https:\/\/secure.gravatar.com\/avatar\/2b748151c2c748327307fd289a91b3bdafdd9e64e2d000e65e53d6dcf11c5830?s=96&d=mm&r=g","url":"https:\/\/secure.gravatar.com\/avatar\/2b748151c2c748327307fd289a91b3bdafdd9e64e2d000e65e53d6dcf11c5830?s=96&d=mm&r=g","contentUrl":"https:\/\/secure.gravatar.com\/avatar\/2b748151c2c748327307fd289a91b3bdafdd9e64e2d000e65e53d6dcf11c5830?s=96&d=mm&r=g","caption":"editor"}}]}},"_links":{"self":[{"href":"https:\/\/gardeon.pl\/pl\/wp-json\/wp\/v2\/posts\/46977","targetHints":{"allow":["GET"]}}],"collection":[{"href":"https:\/\/gardeon.pl\/pl\/wp-json\/wp\/v2\/posts"}],"about":[{"href":"https:\/\/gardeon.pl\/pl\/wp-json\/wp\/v2\/types\/post"}],"author":[{"embeddable":true,"href":"https:\/\/gardeon.pl\/pl\/wp-json\/wp\/v2\/users\/2"}],"replies":[{"embeddable":true,"href":"https:\/\/gardeon.pl\/pl\/wp-json\/wp\/v2\/comments?post=46977"}],"version-history":[{"count":0,"href":"https:\/\/gardeon.pl\/pl\/wp-json\/wp\/v2\/posts\/46977\/revisions"}],"wp:featuredmedia":[{"embeddable":true,"href":"https:\/\/gardeon.pl\/pl\/wp-json\/wp\/v2\/media\/46981"}],"wp:attachment":[{"href":"https:\/\/gardeon.pl\/pl\/wp-json\/wp\/v2\/media?parent=46977"}],"wp:term":[{"taxonomy":"category","embeddable":true,"href":"https:\/\/gardeon.pl\/pl\/wp-json\/wp\/v2\/categories?post=46977"},{"taxonomy":"post_tag","embeddable":true,"href":"https:\/\/gardeon.pl\/pl\/wp-json\/wp\/v2\/tags?post=46977"}],"curies":[{"name":"wp","href":"https:\/\/api.w.org\/{rel}","templated":true}]}}