{"id":46987,"date":"2026-04-23T17:41:23","date_gmt":"2026-04-23T15:41:23","guid":{"rendered":"https:\/\/gardeon.pl\/blog\/3-pomysly-jak-wykorzystac-wiate-samochodowa-inaczej\/"},"modified":"2026-04-23T17:41:23","modified_gmt":"2026-04-23T15:41:23","slug":"3-pomysly-jak-wykorzystac-wiate-samochodowa-inaczej","status":"publish","type":"post","link":"https:\/\/gardeon.pl\/pl\/blog\/3-pomysly-jak-wykorzystac-wiate-samochodowa-inaczej\/","title":{"rendered":"3 pomys\u0142y, jak wykorzysta\u0107 wiat\u0119 samochodow\u0105 INACZEJ"},"content":{"rendered":"<p><i><span style=\"font-weight: 400;\">Jedno auto zim\u0105 zaparkuj\u0105 Pa\u0144stwo w gara\u017cu, drugie przynajmniej pod wiat\u0105 samochodow\u0105. Taka altana nie musi jednak s\u0142u\u017cy\u0107 wy\u0142\u0105cznie Pa\u0144stwa pojazdowi. Stw\u00f3rzcie Pa\u0144stwo w ogrodzie rekreacyjn\u0105 i rozrywkow\u0105 oaz\u0119 dla rodziny i przyjaci\u00f3\u0142. Wystarczy odrobina wyobra\u017ani. Rodzinna uroczysto\u015b\u0107 czy impreza z przyjaci\u00f3\u0142mi nabierze zupe\u0142nie innego wymiaru. Prosz\u0119 zainspirowa\u0107 si\u0119 naszymi pomys\u0142ami \u2014 niezale\u017cnie od tego, czy maj\u0105 Pa\u0144stwo w ogrodzie drewnian\u0105, czy modu\u0142ow\u0105 wiat\u0119.     <\/span><\/i><\/p>\n<p><!--more--><\/p>\n<h2>1. Nietypowa si\u0142ownia<\/h2>\n<p style=\"text-align: left;\"><span style=\"font-weight: 400;\">S\u0105 Pa\u0144stwo typem sportowca? Urz\u0105dzenie typowej si\u0142owni jest do\u015b\u0107 kosztowne. Zamiast klasycznych maszyn warto wi\u0119c wybra\u0107 akcesoria, kt\u00f3re zmuszaj\u0105 do pracy z ci\u0119\u017carem w\u0142asnego cia\u0142a. S\u0105 to np.    <\/span><a href=\"https:\/\/hrazda.sk\/produkt\/drevene-gymnasticke-kruhy\/\"><span style=\"font-weight: 400;\">k\u00f3\u0142ka gimnastyczne, dr\u0105\u017cek lub podwieszany system treningowy<\/span><\/a><span style=\"font-weight: 400;\">. Albo prosz\u0119 kupi\u0107 worek bokserski. Z pewno\u015bci\u0105 pozwoli to roz\u0142adowa\u0107 codzienny stres. Z takiej si\u0142owni uciesz\u0105 si\u0119 tak\u017ce Pa\u0144stwa koledzy i znajomi.<\/span><\/p>\n<p><a href=\"http:\/\/gardeon.pl\/wp-content\/uploads\/2021\/03\/blog-cinky.jpg\"><img loading=\"lazy\" decoding=\"async\" class=\"size-full wp-image-31554 aligncenter\" src=\"http:\/\/gardeon.pl\/wp-content\/uploads\/2021\/03\/blog-cinky.jpg\" alt=\"Hantle do \u0107wicze\u0144\" width=\"800\" height=\"1018\" srcset=\"https:\/\/gardeon.pl\/wp-content\/uploads\/2021\/03\/blog-cinky.jpg 800w, https:\/\/gardeon.pl\/wp-content\/uploads\/2021\/03\/blog-cinky-236x300.jpg 236w, https:\/\/gardeon.pl\/wp-content\/uploads\/2021\/03\/blog-cinky-768x977.jpg 768w\" sizes=\"auto, (max-width: 800px) 100vw, 800px\" \/><\/a><\/p>\n<p><span style=\"font-weight: 400;\">Alternatyw\u0105 dla pa\u0144 jest altana z wi\u0119kszym lustrem, matami i pi\u0142kami. Takie ogrodowe centrum jogi. Z tradycyjnych urz\u0105dze\u0144 polecamy stepper lub rower stacjonarny. Po\u0107wicz\u0105 Pa\u0144stwo z kole\u017cankami niemal jak w klubie fitness.   <\/span><\/p>\n<h2>2. Mini sala kinowa z letni\u0105 kuchni\u0105<\/h2>\n<p><span style=\"font-weight: 400;\">Wystarczy ekran, projektor, wygodne miejsca do siedzenia i rozrywka gotowa. Wieczorne seanse b\u0119d\u0105 atrakcj\u0105 dla ca\u0142ej rodziny. Je\u015bli s\u0105 Pa\u0144stwo zaradni i po\u0142\u0105cz\u0105 projektor z satelit\u0105, mog\u0105 Pa\u0144stwo ogl\u0105da\u0107 tak\u017ce filmy lub transmisje sportowe na \u017cywo. Mog\u0105 Pa\u0144stwo r\u00f3wnie\u017c wy\u015bwietla\u0107 rodzinne zdj\u0119cia z uroczysto\u015bci czy wakacji bezpo\u015brednio na ekranie.   <\/span><\/p>\n<p><a href=\"http:\/\/gardeon.pl\/wp-content\/uploads\/2021\/03\/blog-mini-kinosala-na-zahrade.jpg\"><img loading=\"lazy\" decoding=\"async\" class=\"size-full wp-image-31552 aligncenter\" src=\"http:\/\/gardeon.pl\/wp-content\/uploads\/2021\/03\/blog-mini-kinosala-na-zahrade.jpg\" alt=\"Kino domowe w ogrodzie\" width=\"800\" height=\"1000\" srcset=\"https:\/\/gardeon.pl\/wp-content\/uploads\/2021\/03\/blog-mini-kinosala-na-zahrade.jpg 800w, https:\/\/gardeon.pl\/wp-content\/uploads\/2021\/03\/blog-mini-kinosala-na-zahrade-240x300.jpg 240w, https:\/\/gardeon.pl\/wp-content\/uploads\/2021\/03\/blog-mini-kinosala-na-zahrade-768x960.jpg 768w\" sizes=\"auto, (max-width: 800px) 100vw, 800px\" \/><\/a><\/p>\n<p><span style=\"font-weight: 400;\">A mo\u017ce ulepszy\u0107 altan\u0119 jeszcze <\/span><span style=\"font-weight: 400;\">letni\u0105 kuchni\u0105<\/span><span style=\"font-weight: 400;\">? Kuchnia zewn\u0119trzna wymaga grilla lub nowoczesnej elektrycznej kuchenki dwupalnikowej oraz oczywi\u015bcie miejsca do przygotowywania i krojenia. Przestrze\u0144 uzupe\u0142ni piec lub kominek, kt\u00f3re ogrzej\u0105 Pa\u0144stwa podczas ch\u0142odniejszych wieczor\u00f3w, a przede wszystkim stworz\u0105 przyjemn\u0105 atmosfer\u0119.<\/span><\/p>\n<h2>3. Sala gier na \u015bwie\u017cym powietrzu<\/h2>\n<p><span style=\"font-weight: 400;\">Zawsze chcieli Pa\u0144stwo kupi\u0107 st\u00f3\u0142 do ping-ponga? Na s\u0142o\u0144cu i deszczu bardzo szybko by si\u0119 jednak zniszczy\u0142. I nie ka\u017cdemu zmie\u015bci si\u0119 w piwnicy albo w   <\/span><a href=\"https:\/\/gardeon.pl\/garaze\/plocha-strecha\/\"><span style=\"font-weight: 400;\">gara\u017cu modu\u0142owym<\/span><\/a><span style=\"font-weight: 400;\">. Dlatego prosz\u0119 ustawi\u0107 go pod altan\u0105. Je\u015bli my\u015bl\u0105 Pa\u0144stwo o czym\u015b mniejszym ni\u017c tenis sto\u0142owy, polecamy pi\u0142karzyki lub tarcz\u0119 do darta. Te aktywno\u015bci mo\u017cna \u0142\u0105czy\u0107 tak\u017ce z kinem lub letni\u0105 kuchni\u0105. To zale\u017cy wy\u0142\u0105cznie od Pa\u0144stwa.<\/span><\/p>\n<p><a href=\"http:\/\/gardeon.pl\/wp-content\/uploads\/2021\/03\/blog-herna.jpg\"><img loading=\"lazy\" decoding=\"async\" class=\"aligncenter wp-image-31550\" src=\"http:\/\/gardeon.pl\/wp-content\/uploads\/2021\/03\/blog-herna.jpg\" alt=\"Sala gier w ogrodzie\" width=\"800\" height=\"700\" srcset=\"https:\/\/gardeon.pl\/wp-content\/uploads\/2021\/03\/blog-herna.jpg 1200w, https:\/\/gardeon.pl\/wp-content\/uploads\/2021\/03\/blog-herna-300x263.jpg 300w, https:\/\/gardeon.pl\/wp-content\/uploads\/2021\/03\/blog-herna-1024x896.jpg 1024w, https:\/\/gardeon.pl\/wp-content\/uploads\/2021\/03\/blog-herna-768x672.jpg 768w\" sizes=\"auto, (max-width: 800px) 100vw, 800px\" \/><\/a><\/p>\n<h3>Ulepszcie Pa\u0144stwo wiat\u0119 zgodnie z Pa\u0144stwa wymaganiami<\/h3>\n<p><span style=\"font-weight: 400;\">Je\u015bli w Pa\u0144stwa ogrodzie cz\u0119sto wieje silny wiatr, prosz\u0119 dobudowa\u0107 do altany \u015bcian\u0119 (by\u0107 mo\u017ce tak\u017ce przeszklon\u0105). Je\u015bli z kolei s\u0142o\u0144ce \u015bwieci zbyt mocno, prosz\u0119 zamontowa\u0107 <\/span><span style=\"font-weight: 400;\">rolety<\/span><span style=\"font-weight: 400;\">. Jedynymi ograniczeniami s\u0105 Pa\u0144stwa wyobra\u017ania i bud\u017cet. Przestrze\u0144 o\u017cywi\u0105 Pa\u0144stwo np. ro\u015blinami lub dekoracjami outdoorowymi odpornymi na warunki atmosferyczne.<\/span><\/p>\n<p><a href=\"http:\/\/gardeon.pl\/wp-content\/uploads\/2020\/09\/gardeon-pergola-38-1.jpg\"><img loading=\"lazy\" decoding=\"async\" class=\"aligncenter wp-image-28172\" src=\"http:\/\/gardeon.pl\/wp-content\/uploads\/2020\/09\/gardeon-pergola-38-1.jpg\" alt=\"Pergola modu\u0142owa GARDEON przy domu jednorodzinnym\" width=\"800\" height=\"533\" srcset=\"https:\/\/gardeon.pl\/wp-content\/uploads\/2020\/09\/gardeon-pergola-38-1.jpg 2000w, https:\/\/gardeon.pl\/wp-content\/uploads\/2020\/09\/gardeon-pergola-38-1-300x200.jpg 300w, https:\/\/gardeon.pl\/wp-content\/uploads\/2020\/09\/gardeon-pergola-38-1-1024x682.jpg 1024w, https:\/\/gardeon.pl\/wp-content\/uploads\/2020\/09\/gardeon-pergola-38-1-768x512.jpg 768w, https:\/\/gardeon.pl\/wp-content\/uploads\/2020\/09\/gardeon-pergola-38-1-1536x1024.jpg 1536w\" sizes=\"auto, (max-width: 800px) 100vw, 800px\" \/><\/a><\/p>\n<p><span style=\"font-weight: 400;\">Nie powinno te\u017c w Pa\u0144stwa wiacie zabrakn\u0105\u0107 <\/span><a href=\"https:\/\/www.electronic-star.sk\/Ozvucenie\/Zvukova-technika\/Reproduktory\/\"><span style=\"font-weight: 400;\">g\u0142o\u015bnik\u00f3w<\/span><\/a><span style=\"font-weight: 400;\">. I cho\u0107 wymieniamy je jako ostatni punkt, przydadz\u0105 si\u0119 podczas seans\u00f3w filmowych, \u0107wicze\u0144 i gotowania.<\/span><\/p>\n<h5>\u0179r\u00f3d\u0142o (Source):<\/h5>\n<h5>bank zdj\u0119\u0107 GARDEON<\/h5>\n<h5>www.pinterest.com<\/h5>\n","protected":false},"excerpt":{"rendered":"<p>Jedno auto zim\u0105 zaparkuj\u0105 Pa\u0144stwo w gara\u017cu, drugie przynajmniej pod wiat\u0105 samochodow\u0105. Taka altana nie musi jednak s\u0142u\u017cy\u0107 wy\u0142\u0105cznie Pa\u0144stwa pojazdowi. Stw\u00f3rzcie Pa\u0144stwo w ogrodzie rekreacyjn\u0105 i rozrywkow\u0105 oaz\u0119 dla rodziny i przyjaci\u00f3\u0142. Wystarczy odrobina wyobra\u017ani. Rodzinna uroczysto\u015b\u0107 czy impreza z przyjaci\u00f3\u0142mi nabierze zupe\u0142nie innego wymiaru. Prosz\u0119 zainspirowa\u0107 si\u0119 naszymi pomys\u0142ami \u2014 niezale\u017cnie od tego, [&hellip;]<\/p>\n","protected":false},"author":2,"featured_media":47001,"comment_status":"open","ping_status":"open","sticky":false,"template":"","format":"standard","meta":{"_acf_changed":false,"inline_featured_image":false,"footnotes":""},"categories":[607,622],"tags":[],"class_list":["post-46987","post","type-post","status-publish","format-standard","has-post-thumbnail","hentry","category-inspiracje","category-wiaty-i-altany"],"acf":[],"yoast_head":"<!-- This site is optimized with the Yoast SEO plugin v27.4 - https:\/\/yoast.com\/product\/yoast-seo-wordpress\/ -->\n<title>3 pomys\u0142y, jak wykorzysta\u0107 wiat\u0119 samochodow\u0105 INACZEJ | GARDEON<\/title>\n<meta name=\"robots\" content=\"index, follow, max-snippet:-1, max-image-preview:large, max-video-preview:-1\" \/>\n<link rel=\"canonical\" href=\"https:\/\/gardeon.pl\/pl\/blog\/3-pomysly-jak-wykorzystac-wiate-samochodowa-inaczej\/\" \/>\n<meta property=\"og:locale\" content=\"pl_PL\" \/>\n<meta property=\"og:type\" content=\"article\" \/>\n<meta property=\"og:title\" content=\"3 pomys\u0142y, jak wykorzysta\u0107 wiat\u0119 samochodow\u0105 INACZEJ | GARDEON\" \/>\n<meta property=\"og:description\" content=\"Jedno auto zim\u0105 zaparkuj\u0105 Pa\u0144stwo w gara\u017cu, drugie przynajmniej pod wiat\u0105 samochodow\u0105. Taka altana nie musi jednak s\u0142u\u017cy\u0107 wy\u0142\u0105cznie Pa\u0144stwa pojazdowi. Stw\u00f3rzcie Pa\u0144stwo w ogrodzie rekreacyjn\u0105 i rozrywkow\u0105 oaz\u0119 dla rodziny i przyjaci\u00f3\u0142. Wystarczy odrobina wyobra\u017ani. Rodzinna uroczysto\u015b\u0107 czy impreza z przyjaci\u00f3\u0142mi nabierze zupe\u0142nie innego wymiaru. Prosz\u0119 zainspirowa\u0107 si\u0119 naszymi pomys\u0142ami \u2014 niezale\u017cnie od tego, [&hellip;]\" \/>\n<meta property=\"og:url\" content=\"https:\/\/gardeon.pl\/pl\/blog\/3-pomysly-jak-wykorzystac-wiate-samochodowa-inaczej\/\" \/>\n<meta property=\"og:site_name\" content=\"GARDEON\" \/>\n<meta property=\"article:published_time\" content=\"2026-04-23T15:41:23+00:00\" \/>\n<meta property=\"og:image\" content=\"https:\/\/gardeon.pl\/wp-content\/uploads\/2020\/10\/gardeon-pergola-42.jpg\" \/>\n\t<meta property=\"og:image:width\" content=\"2000\" \/>\n\t<meta property=\"og:image:height\" content=\"1333\" \/>\n\t<meta property=\"og:image:type\" content=\"image\/jpeg\" \/>\n<meta name=\"author\" content=\"editor\" \/>\n<meta name=\"twitter:card\" content=\"summary_large_image\" \/>\n<meta name=\"twitter:label1\" content=\"Napisane przez\" \/>\n\t<meta name=\"twitter:data1\" content=\"editor\" \/>\n\t<meta name=\"twitter:label2\" content=\"Szacowany czas czytania\" \/>\n\t<meta name=\"twitter:data2\" content=\"3 minuty\" \/>\n<script type=\"application\/ld+json\" class=\"yoast-schema-graph\">{\"@context\":\"https:\\\/\\\/schema.org\",\"@graph\":[{\"@type\":\"Article\",\"@id\":\"https:\\\/\\\/gardeon.pl\\\/pl\\\/blog\\\/3-pomysly-jak-wykorzystac-wiate-samochodowa-inaczej\\\/#article\",\"isPartOf\":{\"@id\":\"https:\\\/\\\/gardeon.pl\\\/pl\\\/blog\\\/3-pomysly-jak-wykorzystac-wiate-samochodowa-inaczej\\\/\"},\"author\":{\"name\":\"editor\",\"@id\":\"https:\\\/\\\/gardeon.pl\\\/#\\\/schema\\\/person\\\/a5762ca5f0790bf92774af0899379463\"},\"headline\":\"3 pomys\u0142y, jak wykorzysta\u0107 wiat\u0119 samochodow\u0105 INACZEJ\",\"datePublished\":\"2026-04-23T15:41:23+00:00\",\"mainEntityOfPage\":{\"@id\":\"https:\\\/\\\/gardeon.pl\\\/pl\\\/blog\\\/3-pomysly-jak-wykorzystac-wiate-samochodowa-inaczej\\\/\"},\"wordCount\":510,\"commentCount\":0,\"image\":{\"@id\":\"https:\\\/\\\/gardeon.pl\\\/pl\\\/blog\\\/3-pomysly-jak-wykorzystac-wiate-samochodowa-inaczej\\\/#primaryimage\"},\"thumbnailUrl\":\"https:\\\/\\\/gardeon.pl\\\/wp-content\\\/uploads\\\/2020\\\/10\\\/gardeon-pergola-42.jpg\",\"articleSection\":[\"Inspiracje\",\"Wiaty i altany\"],\"inLanguage\":\"pl-PL\",\"potentialAction\":[{\"@type\":\"CommentAction\",\"name\":\"Comment\",\"target\":[\"https:\\\/\\\/gardeon.pl\\\/pl\\\/blog\\\/3-pomysly-jak-wykorzystac-wiate-samochodowa-inaczej\\\/#respond\"]}]},{\"@type\":\"WebPage\",\"@id\":\"https:\\\/\\\/gardeon.pl\\\/pl\\\/blog\\\/3-pomysly-jak-wykorzystac-wiate-samochodowa-inaczej\\\/\",\"url\":\"https:\\\/\\\/gardeon.pl\\\/pl\\\/blog\\\/3-pomysly-jak-wykorzystac-wiate-samochodowa-inaczej\\\/\",\"name\":\"3 pomys\u0142y, jak wykorzysta\u0107 wiat\u0119 samochodow\u0105 INACZEJ | GARDEON\",\"isPartOf\":{\"@id\":\"https:\\\/\\\/gardeon.pl\\\/#website\"},\"primaryImageOfPage\":{\"@id\":\"https:\\\/\\\/gardeon.pl\\\/pl\\\/blog\\\/3-pomysly-jak-wykorzystac-wiate-samochodowa-inaczej\\\/#primaryimage\"},\"image\":{\"@id\":\"https:\\\/\\\/gardeon.pl\\\/pl\\\/blog\\\/3-pomysly-jak-wykorzystac-wiate-samochodowa-inaczej\\\/#primaryimage\"},\"thumbnailUrl\":\"https:\\\/\\\/gardeon.pl\\\/wp-content\\\/uploads\\\/2020\\\/10\\\/gardeon-pergola-42.jpg\",\"datePublished\":\"2026-04-23T15:41:23+00:00\",\"author\":{\"@id\":\"https:\\\/\\\/gardeon.pl\\\/#\\\/schema\\\/person\\\/a5762ca5f0790bf92774af0899379463\"},\"breadcrumb\":{\"@id\":\"https:\\\/\\\/gardeon.pl\\\/pl\\\/blog\\\/3-pomysly-jak-wykorzystac-wiate-samochodowa-inaczej\\\/#breadcrumb\"},\"inLanguage\":\"pl-PL\",\"potentialAction\":[{\"@type\":\"ReadAction\",\"target\":[\"https:\\\/\\\/gardeon.pl\\\/pl\\\/blog\\\/3-pomysly-jak-wykorzystac-wiate-samochodowa-inaczej\\\/\"]}]},{\"@type\":\"ImageObject\",\"inLanguage\":\"pl-PL\",\"@id\":\"https:\\\/\\\/gardeon.pl\\\/pl\\\/blog\\\/3-pomysly-jak-wykorzystac-wiate-samochodowa-inaczej\\\/#primaryimage\",\"url\":\"https:\\\/\\\/gardeon.pl\\\/wp-content\\\/uploads\\\/2020\\\/10\\\/gardeon-pergola-42.jpg\",\"contentUrl\":\"https:\\\/\\\/gardeon.pl\\\/wp-content\\\/uploads\\\/2020\\\/10\\\/gardeon-pergola-42.jpg\",\"width\":2000,\"height\":1333,\"caption\":\"Ciemna pergola przy domu z miejscem do siedzenia po prawej stronie\"},{\"@type\":\"BreadcrumbList\",\"@id\":\"https:\\\/\\\/gardeon.pl\\\/pl\\\/blog\\\/3-pomysly-jak-wykorzystac-wiate-samochodowa-inaczej\\\/#breadcrumb\",\"itemListElement\":[{\"@type\":\"ListItem\",\"position\":1,\"name\":\"Domov\",\"item\":\"https:\\\/\\\/gardeon.pl\\\/pl\\\/\"},{\"@type\":\"ListItem\",\"position\":2,\"name\":\"3 pomys\u0142y, jak wykorzysta\u0107 wiat\u0119 samochodow\u0105 INACZEJ\"}]},{\"@type\":\"WebSite\",\"@id\":\"https:\\\/\\\/gardeon.pl\\\/#website\",\"url\":\"https:\\\/\\\/gardeon.pl\\\/\",\"name\":\"GARDEON\",\"description\":\"\",\"potentialAction\":[{\"@type\":\"SearchAction\",\"target\":{\"@type\":\"EntryPoint\",\"urlTemplate\":\"https:\\\/\\\/gardeon.pl\\\/?s={search_term_string}\"},\"query-input\":{\"@type\":\"PropertyValueSpecification\",\"valueRequired\":true,\"valueName\":\"search_term_string\"}}],\"inLanguage\":\"pl-PL\"},{\"@type\":\"Person\",\"@id\":\"https:\\\/\\\/gardeon.pl\\\/#\\\/schema\\\/person\\\/a5762ca5f0790bf92774af0899379463\",\"name\":\"editor\",\"image\":{\"@type\":\"ImageObject\",\"inLanguage\":\"pl-PL\",\"@id\":\"https:\\\/\\\/secure.gravatar.com\\\/avatar\\\/2b748151c2c748327307fd289a91b3bdafdd9e64e2d000e65e53d6dcf11c5830?s=96&d=mm&r=g\",\"url\":\"https:\\\/\\\/secure.gravatar.com\\\/avatar\\\/2b748151c2c748327307fd289a91b3bdafdd9e64e2d000e65e53d6dcf11c5830?s=96&d=mm&r=g\",\"contentUrl\":\"https:\\\/\\\/secure.gravatar.com\\\/avatar\\\/2b748151c2c748327307fd289a91b3bdafdd9e64e2d000e65e53d6dcf11c5830?s=96&d=mm&r=g\",\"caption\":\"editor\"}}]}<\/script>\n<!-- \/ Yoast SEO plugin. -->","yoast_head_json":{"title":"3 pomys\u0142y, jak wykorzysta\u0107 wiat\u0119 samochodow\u0105 INACZEJ | GARDEON","robots":{"index":"index","follow":"follow","max-snippet":"max-snippet:-1","max-image-preview":"max-image-preview:large","max-video-preview":"max-video-preview:-1"},"canonical":"https:\/\/gardeon.pl\/pl\/blog\/3-pomysly-jak-wykorzystac-wiate-samochodowa-inaczej\/","og_locale":"pl_PL","og_type":"article","og_title":"3 pomys\u0142y, jak wykorzysta\u0107 wiat\u0119 samochodow\u0105 INACZEJ | GARDEON","og_description":"Jedno auto zim\u0105 zaparkuj\u0105 Pa\u0144stwo w gara\u017cu, drugie przynajmniej pod wiat\u0105 samochodow\u0105. Taka altana nie musi jednak s\u0142u\u017cy\u0107 wy\u0142\u0105cznie Pa\u0144stwa pojazdowi. Stw\u00f3rzcie Pa\u0144stwo w ogrodzie rekreacyjn\u0105 i rozrywkow\u0105 oaz\u0119 dla rodziny i przyjaci\u00f3\u0142. Wystarczy odrobina wyobra\u017ani. Rodzinna uroczysto\u015b\u0107 czy impreza z przyjaci\u00f3\u0142mi nabierze zupe\u0142nie innego wymiaru. Prosz\u0119 zainspirowa\u0107 si\u0119 naszymi pomys\u0142ami \u2014 niezale\u017cnie od tego, [&hellip;]","og_url":"https:\/\/gardeon.pl\/pl\/blog\/3-pomysly-jak-wykorzystac-wiate-samochodowa-inaczej\/","og_site_name":"GARDEON","article_published_time":"2026-04-23T15:41:23+00:00","og_image":[{"width":2000,"height":1333,"url":"https:\/\/gardeon.pl\/wp-content\/uploads\/2020\/10\/gardeon-pergola-42.jpg","type":"image\/jpeg"}],"author":"editor","twitter_card":"summary_large_image","twitter_misc":{"Napisane przez":"editor","Szacowany czas czytania":"3 minuty"},"schema":{"@context":"https:\/\/schema.org","@graph":[{"@type":"Article","@id":"https:\/\/gardeon.pl\/pl\/blog\/3-pomysly-jak-wykorzystac-wiate-samochodowa-inaczej\/#article","isPartOf":{"@id":"https:\/\/gardeon.pl\/pl\/blog\/3-pomysly-jak-wykorzystac-wiate-samochodowa-inaczej\/"},"author":{"name":"editor","@id":"https:\/\/gardeon.pl\/#\/schema\/person\/a5762ca5f0790bf92774af0899379463"},"headline":"3 pomys\u0142y, jak wykorzysta\u0107 wiat\u0119 samochodow\u0105 INACZEJ","datePublished":"2026-04-23T15:41:23+00:00","mainEntityOfPage":{"@id":"https:\/\/gardeon.pl\/pl\/blog\/3-pomysly-jak-wykorzystac-wiate-samochodowa-inaczej\/"},"wordCount":510,"commentCount":0,"image":{"@id":"https:\/\/gardeon.pl\/pl\/blog\/3-pomysly-jak-wykorzystac-wiate-samochodowa-inaczej\/#primaryimage"},"thumbnailUrl":"https:\/\/gardeon.pl\/wp-content\/uploads\/2020\/10\/gardeon-pergola-42.jpg","articleSection":["Inspiracje","Wiaty i altany"],"inLanguage":"pl-PL","potentialAction":[{"@type":"CommentAction","name":"Comment","target":["https:\/\/gardeon.pl\/pl\/blog\/3-pomysly-jak-wykorzystac-wiate-samochodowa-inaczej\/#respond"]}]},{"@type":"WebPage","@id":"https:\/\/gardeon.pl\/pl\/blog\/3-pomysly-jak-wykorzystac-wiate-samochodowa-inaczej\/","url":"https:\/\/gardeon.pl\/pl\/blog\/3-pomysly-jak-wykorzystac-wiate-samochodowa-inaczej\/","name":"3 pomys\u0142y, jak wykorzysta\u0107 wiat\u0119 samochodow\u0105 INACZEJ | GARDEON","isPartOf":{"@id":"https:\/\/gardeon.pl\/#website"},"primaryImageOfPage":{"@id":"https:\/\/gardeon.pl\/pl\/blog\/3-pomysly-jak-wykorzystac-wiate-samochodowa-inaczej\/#primaryimage"},"image":{"@id":"https:\/\/gardeon.pl\/pl\/blog\/3-pomysly-jak-wykorzystac-wiate-samochodowa-inaczej\/#primaryimage"},"thumbnailUrl":"https:\/\/gardeon.pl\/wp-content\/uploads\/2020\/10\/gardeon-pergola-42.jpg","datePublished":"2026-04-23T15:41:23+00:00","author":{"@id":"https:\/\/gardeon.pl\/#\/schema\/person\/a5762ca5f0790bf92774af0899379463"},"breadcrumb":{"@id":"https:\/\/gardeon.pl\/pl\/blog\/3-pomysly-jak-wykorzystac-wiate-samochodowa-inaczej\/#breadcrumb"},"inLanguage":"pl-PL","potentialAction":[{"@type":"ReadAction","target":["https:\/\/gardeon.pl\/pl\/blog\/3-pomysly-jak-wykorzystac-wiate-samochodowa-inaczej\/"]}]},{"@type":"ImageObject","inLanguage":"pl-PL","@id":"https:\/\/gardeon.pl\/pl\/blog\/3-pomysly-jak-wykorzystac-wiate-samochodowa-inaczej\/#primaryimage","url":"https:\/\/gardeon.pl\/wp-content\/uploads\/2020\/10\/gardeon-pergola-42.jpg","contentUrl":"https:\/\/gardeon.pl\/wp-content\/uploads\/2020\/10\/gardeon-pergola-42.jpg","width":2000,"height":1333,"caption":"Ciemna pergola przy domu z miejscem do siedzenia po prawej stronie"},{"@type":"BreadcrumbList","@id":"https:\/\/gardeon.pl\/pl\/blog\/3-pomysly-jak-wykorzystac-wiate-samochodowa-inaczej\/#breadcrumb","itemListElement":[{"@type":"ListItem","position":1,"name":"Domov","item":"https:\/\/gardeon.pl\/pl\/"},{"@type":"ListItem","position":2,"name":"3 pomys\u0142y, jak wykorzysta\u0107 wiat\u0119 samochodow\u0105 INACZEJ"}]},{"@type":"WebSite","@id":"https:\/\/gardeon.pl\/#website","url":"https:\/\/gardeon.pl\/","name":"GARDEON","description":"","potentialAction":[{"@type":"SearchAction","target":{"@type":"EntryPoint","urlTemplate":"https:\/\/gardeon.pl\/?s={search_term_string}"},"query-input":{"@type":"PropertyValueSpecification","valueRequired":true,"valueName":"search_term_string"}}],"inLanguage":"pl-PL"},{"@type":"Person","@id":"https:\/\/gardeon.pl\/#\/schema\/person\/a5762ca5f0790bf92774af0899379463","name":"editor","image":{"@type":"ImageObject","inLanguage":"pl-PL","@id":"https:\/\/secure.gravatar.com\/avatar\/2b748151c2c748327307fd289a91b3bdafdd9e64e2d000e65e53d6dcf11c5830?s=96&d=mm&r=g","url":"https:\/\/secure.gravatar.com\/avatar\/2b748151c2c748327307fd289a91b3bdafdd9e64e2d000e65e53d6dcf11c5830?s=96&d=mm&r=g","contentUrl":"https:\/\/secure.gravatar.com\/avatar\/2b748151c2c748327307fd289a91b3bdafdd9e64e2d000e65e53d6dcf11c5830?s=96&d=mm&r=g","caption":"editor"}}]}},"_links":{"self":[{"href":"https:\/\/gardeon.pl\/pl\/wp-json\/wp\/v2\/posts\/46987","targetHints":{"allow":["GET"]}}],"collection":[{"href":"https:\/\/gardeon.pl\/pl\/wp-json\/wp\/v2\/posts"}],"about":[{"href":"https:\/\/gardeon.pl\/pl\/wp-json\/wp\/v2\/types\/post"}],"author":[{"embeddable":true,"href":"https:\/\/gardeon.pl\/pl\/wp-json\/wp\/v2\/users\/2"}],"replies":[{"embeddable":true,"href":"https:\/\/gardeon.pl\/pl\/wp-json\/wp\/v2\/comments?post=46987"}],"version-history":[{"count":0,"href":"https:\/\/gardeon.pl\/pl\/wp-json\/wp\/v2\/posts\/46987\/revisions"}],"wp:featuredmedia":[{"embeddable":true,"href":"https:\/\/gardeon.pl\/pl\/wp-json\/wp\/v2\/media\/47001"}],"wp:attachment":[{"href":"https:\/\/gardeon.pl\/pl\/wp-json\/wp\/v2\/media?parent=46987"}],"wp:term":[{"taxonomy":"category","embeddable":true,"href":"https:\/\/gardeon.pl\/pl\/wp-json\/wp\/v2\/categories?post=46987"},{"taxonomy":"post_tag","embeddable":true,"href":"https:\/\/gardeon.pl\/pl\/wp-json\/wp\/v2\/tags?post=46987"}],"curies":[{"name":"wp","href":"https:\/\/api.w.org\/{rel}","templated":true}]}}