{"id":47003,"date":"2026-04-23T17:41:23","date_gmt":"2026-04-23T15:41:23","guid":{"rendered":"https:\/\/gardeon.pl\/blog\/domek-ogrodowy-35-x-25-m\/"},"modified":"2026-04-23T17:41:23","modified_gmt":"2026-04-23T15:41:23","slug":"domek-ogrodowy-35-x-25-m","status":"publish","type":"post","link":"https:\/\/gardeon.pl\/pl\/blog\/domek-ogrodowy-35-x-25-m\/","title":{"rendered":"Domek ogrodowy 3,5 x 2,5 m"},"content":{"rendered":"<h2>Jak to wszystko si\u0119 zacz\u0119\u0142o?<\/h2>\n<p><span style=\"font-weight: 400;\">Pani Novosedl\u00edkov\u00e1 skontaktowa\u0142a si\u0119 z nami w sierpniu, m\u00f3wi\u0105c, \u017ce chcia\u0142aby <\/span><a href=\"https:\/\/gardeon.pl\/zahradni-domky\/\"><span style=\"font-weight: 400;\">domek ogrodowy<\/span><\/a><span style=\"font-weight: 400;\">.<\/span><\/p>\n<p><!--more--><\/p>\n<p><span style=\"font-weight: 400;\">Zobaczy\u0142a domek u s\u0105siad\u00f3w i tak bardzo jej si\u0119 spodoba\u0142, \u017ce skontaktowa\u0142a si\u0119 z nami, a nast\u0119pnego dnia zam\u00f3wienie by\u0142o ju\u017c gotowe.<\/span><\/p>\n<h3><b>Opinia \u015bwie\u017co po monta\u017cu<\/b><\/h3>\n<p><i><span style=\"font-weight: 400;\">\u201eKomunikacja by\u0142a doskona\u0142a, wszystko przebieg\u0142o pomy\u015blnie. Najwi\u0119kszymi zaletami s\u0105 z pewno\u015bci\u0105 szybko\u015b\u0107 budowy oraz wygl\u0105d. PS: By\u0142oby \u015bwietnie, gdyby Pa\u0144stwo oferowali budy dla ps\u00f3w :)\u201d  <\/span><\/i><\/p>\n<h2><b>A jakie s\u0105 jej wra\u017cenia z perspektywy czasu?<\/b><\/h2>\n<p><i><span style=\"font-weight: 400;\">\u201eZ domku ogrodowego firmy Gardeon jeste\u015bmy maksymalnie zadowoleni. Nawet s\u0105siad zdecydowa\u0142 si\u0119 na jego zakup, poniewa\u017c tak bardzo mu si\u0119 spodoba\u0142\u201d. <\/span><\/i><\/p>\n<h3><b>Zdj\u0119cia cz\u0119\u015bci zewn\u0119trznej<\/b><\/h3>\n<h4><b>Przed<\/b><\/h4>\n<p><a href=\"http:\/\/gardeon.pl\/wp-content\/uploads\/2021\/01\/GARDEON-foto-od-zakaznikov-167.jpg\"><img loading=\"lazy\" decoding=\"async\" class=\"aligncenter wp-image-29899\" src=\"http:\/\/gardeon.pl\/wp-content\/uploads\/2021\/01\/GARDEON-foto-od-zakaznikov-167.jpg\" alt=\"Pod\u0142o\u017ce pod monta\u017c domku ogrodowego\" width=\"800\" height=\"600\" srcset=\"https:\/\/gardeon.pl\/wp-content\/uploads\/2021\/01\/GARDEON-foto-od-zakaznikov-167.jpg 1500w, https:\/\/gardeon.pl\/wp-content\/uploads\/2021\/01\/GARDEON-foto-od-zakaznikov-167-300x225.jpg 300w, https:\/\/gardeon.pl\/wp-content\/uploads\/2021\/01\/GARDEON-foto-od-zakaznikov-167-1024x768.jpg 1024w, https:\/\/gardeon.pl\/wp-content\/uploads\/2021\/01\/GARDEON-foto-od-zakaznikov-167-768x576.jpg 768w\" sizes=\"auto, (max-width: 800px) 100vw, 800px\" \/><\/a><\/p>\n<h4>Po<\/h4>\n<p><a href=\"http:\/\/gardeon.pl\/wp-content\/uploads\/2021\/01\/GARDEON-foto-od-zakaznikov-168.jpg\"><img loading=\"lazy\" decoding=\"async\" class=\"aligncenter wp-image-29901\" src=\"http:\/\/gardeon.pl\/wp-content\/uploads\/2021\/01\/GARDEON-foto-od-zakaznikov-168.jpg\" alt=\"Bia\u0142y domek ogrodowy z ciemn\u0105 attyk\u0105 z lewej strony\" width=\"800\" height=\"600\" srcset=\"https:\/\/gardeon.pl\/wp-content\/uploads\/2021\/01\/GARDEON-foto-od-zakaznikov-168.jpg 1500w, https:\/\/gardeon.pl\/wp-content\/uploads\/2021\/01\/GARDEON-foto-od-zakaznikov-168-300x225.jpg 300w, https:\/\/gardeon.pl\/wp-content\/uploads\/2021\/01\/GARDEON-foto-od-zakaznikov-168-1024x768.jpg 1024w, https:\/\/gardeon.pl\/wp-content\/uploads\/2021\/01\/GARDEON-foto-od-zakaznikov-168-768x576.jpg 768w\" sizes=\"auto, (max-width: 800px) 100vw, 800px\" \/><\/a><\/p>\n<p><a href=\"http:\/\/gardeon.pl\/wp-content\/uploads\/2021\/01\/GARDEON-foto-od-zakaznikov-169.jpg\"><img loading=\"lazy\" decoding=\"async\" class=\"aligncenter wp-image-29903\" src=\"http:\/\/gardeon.pl\/wp-content\/uploads\/2021\/01\/GARDEON-foto-od-zakaznikov-169.jpg\" alt=\"Bia\u0142y domek ogrodowy z ciemn\u0105 attyk\u0105 z prawej strony\" width=\"800\" height=\"600\" srcset=\"https:\/\/gardeon.pl\/wp-content\/uploads\/2021\/01\/GARDEON-foto-od-zakaznikov-169.jpg 1500w, https:\/\/gardeon.pl\/wp-content\/uploads\/2021\/01\/GARDEON-foto-od-zakaznikov-169-300x225.jpg 300w, https:\/\/gardeon.pl\/wp-content\/uploads\/2021\/01\/GARDEON-foto-od-zakaznikov-169-1024x768.jpg 1024w, https:\/\/gardeon.pl\/wp-content\/uploads\/2021\/01\/GARDEON-foto-od-zakaznikov-169-768x576.jpg 768w\" sizes=\"auto, (max-width: 800px) 100vw, 800px\" \/><\/a><\/p>\n<h2><b>Podsumowanie<\/b><\/h2>\n<ul>\n<li style=\"font-weight: 400;\" aria-level=\"1\"><span style=\"font-weight: 400;\">czas budowy \u2013 3 godziny<\/span><\/li>\n<li style=\"font-weight: 400;\" aria-level=\"1\"><span style=\"font-weight: 400;\">wymiar domku ogrodowego \u2013 3 500 x 2 500 mm<\/span><\/li>\n<li style=\"font-weight: 400;\" aria-level=\"1\"><span style=\"font-weight: 400;\">wyposa\u017cenie ekskluzywne \u2013 <\/span><a href=\"https:\/\/gardeon.pl\/zahradni-domky\/prislusenstvi\/strecha\/\"><span style=\"font-weight: 400;\">komplet THP<\/span><\/a><\/li>\n<li style=\"font-weight: 400;\" aria-level=\"1\"><span style=\"font-weight: 400;\">cena domku ogrodowego w momencie zam\u00f3wienia \u2013 ok. 120 000 K\u010d z VAT<\/span><\/li>\n<\/ul>\n<p><span style=\"font-weight: 400;\"> <\/span><\/p>\n<h3 style=\"text-align: center;\">Dzi\u0119kujemy pani Novosedl\u00edkovej za opini\u0119 i zdj\u0119cia :)<\/h3>\n","protected":false},"excerpt":{"rendered":"<p>Jak to wszystko si\u0119 zacz\u0119\u0142o? Pani Novosedl\u00edkov\u00e1 skontaktowa\u0142a si\u0119 z nami w sierpniu, m\u00f3wi\u0105c, \u017ce chcia\u0142aby domek ogrodowy.<\/p>\n","protected":false},"author":2,"featured_media":47007,"comment_status":"open","ping_status":"open","sticky":false,"template":"","format":"standard","meta":{"_acf_changed":false,"inline_featured_image":false,"footnotes":""},"categories":[717,716],"tags":[776,595,674,579,777,794],"class_list":["post-47003","post","type-post","status-publish","format-standard","has-post-thumbnail","hentry","category-domki-ogrodowe-2","category-jak-sie-zyje-z-gardeon","tag-aszsg","tag-domek-ogrodowy","tag-domek-ogrodowy-gardeon","tag-gardeon","tag-jak-sie-zyje-z-gardeonem","tag-jarovce"],"acf":[],"yoast_head":"<!-- This site is optimized with the Yoast SEO plugin v27.4 - https:\/\/yoast.com\/product\/yoast-seo-wordpress\/ -->\n<title>Domek ogrodowy 3,5 x 2,5 m | GARDEON<\/title>\n<meta name=\"robots\" content=\"index, follow, max-snippet:-1, max-image-preview:large, max-video-preview:-1\" \/>\n<link rel=\"canonical\" href=\"https:\/\/gardeon.pl\/pl\/blog\/domek-ogrodowy-35-x-25-m\/\" \/>\n<meta property=\"og:locale\" content=\"pl_PL\" \/>\n<meta property=\"og:type\" content=\"article\" \/>\n<meta property=\"og:title\" content=\"Domek ogrodowy 3,5 x 2,5 m | GARDEON\" \/>\n<meta property=\"og:description\" content=\"Jak to wszystko si\u0119 zacz\u0119\u0142o? Pani Novosedl\u00edkov\u00e1 skontaktowa\u0142a si\u0119 z nami w sierpniu, m\u00f3wi\u0105c, \u017ce chcia\u0142aby domek ogrodowy.\" \/>\n<meta property=\"og:url\" content=\"https:\/\/gardeon.pl\/pl\/blog\/domek-ogrodowy-35-x-25-m\/\" \/>\n<meta property=\"og:site_name\" content=\"GARDEON\" \/>\n<meta property=\"article:published_time\" content=\"2026-04-23T15:41:23+00:00\" \/>\n<meta property=\"og:image\" content=\"https:\/\/gardeon.pl\/wp-content\/uploads\/2021\/01\/GARDEON-foto-od-zakaznikov-168.jpg\" \/>\n\t<meta property=\"og:image:width\" content=\"1500\" \/>\n\t<meta property=\"og:image:height\" content=\"1125\" \/>\n\t<meta property=\"og:image:type\" content=\"image\/jpeg\" \/>\n<meta name=\"author\" content=\"editor\" \/>\n<meta name=\"twitter:card\" content=\"summary_large_image\" \/>\n<meta name=\"twitter:label1\" content=\"Napisane przez\" \/>\n\t<meta name=\"twitter:data1\" content=\"editor\" \/>\n\t<meta name=\"twitter:label2\" content=\"Szacowany czas czytania\" \/>\n\t<meta name=\"twitter:data2\" content=\"1 minuta\" \/>\n<script type=\"application\/ld+json\" class=\"yoast-schema-graph\">{\"@context\":\"https:\\\/\\\/schema.org\",\"@graph\":[{\"@type\":\"Article\",\"@id\":\"https:\\\/\\\/gardeon.pl\\\/pl\\\/blog\\\/domek-ogrodowy-35-x-25-m\\\/#article\",\"isPartOf\":{\"@id\":\"https:\\\/\\\/gardeon.pl\\\/pl\\\/blog\\\/domek-ogrodowy-35-x-25-m\\\/\"},\"author\":{\"name\":\"editor\",\"@id\":\"https:\\\/\\\/gardeon.pl\\\/#\\\/schema\\\/person\\\/a5762ca5f0790bf92774af0899379463\"},\"headline\":\"Domek ogrodowy 3,5 x 2,5 m\",\"datePublished\":\"2026-04-23T15:41:23+00:00\",\"mainEntityOfPage\":{\"@id\":\"https:\\\/\\\/gardeon.pl\\\/pl\\\/blog\\\/domek-ogrodowy-35-x-25-m\\\/\"},\"wordCount\":172,\"commentCount\":0,\"image\":{\"@id\":\"https:\\\/\\\/gardeon.pl\\\/pl\\\/blog\\\/domek-ogrodowy-35-x-25-m\\\/#primaryimage\"},\"thumbnailUrl\":\"https:\\\/\\\/gardeon.pl\\\/wp-content\\\/uploads\\\/2021\\\/01\\\/GARDEON-foto-od-zakaznikov-168.jpg\",\"keywords\":[\"aszsg\",\"domek ogrodowy\",\"domek ogrodowy GARDEON\",\"GARDEON\",\"jak si\u0119 \u017cyje z gardeonem\",\"jarovce\"],\"articleSection\":[\"Domki ogrodowe\",\"Jak si\u0119 \u017cyje z GARDEON\"],\"inLanguage\":\"pl-PL\",\"potentialAction\":[{\"@type\":\"CommentAction\",\"name\":\"Comment\",\"target\":[\"https:\\\/\\\/gardeon.pl\\\/pl\\\/blog\\\/domek-ogrodowy-35-x-25-m\\\/#respond\"]}]},{\"@type\":\"WebPage\",\"@id\":\"https:\\\/\\\/gardeon.pl\\\/pl\\\/blog\\\/domek-ogrodowy-35-x-25-m\\\/\",\"url\":\"https:\\\/\\\/gardeon.pl\\\/pl\\\/blog\\\/domek-ogrodowy-35-x-25-m\\\/\",\"name\":\"Domek ogrodowy 3,5 x 2,5 m | GARDEON\",\"isPartOf\":{\"@id\":\"https:\\\/\\\/gardeon.pl\\\/#website\"},\"primaryImageOfPage\":{\"@id\":\"https:\\\/\\\/gardeon.pl\\\/pl\\\/blog\\\/domek-ogrodowy-35-x-25-m\\\/#primaryimage\"},\"image\":{\"@id\":\"https:\\\/\\\/gardeon.pl\\\/pl\\\/blog\\\/domek-ogrodowy-35-x-25-m\\\/#primaryimage\"},\"thumbnailUrl\":\"https:\\\/\\\/gardeon.pl\\\/wp-content\\\/uploads\\\/2021\\\/01\\\/GARDEON-foto-od-zakaznikov-168.jpg\",\"datePublished\":\"2026-04-23T15:41:23+00:00\",\"author\":{\"@id\":\"https:\\\/\\\/gardeon.pl\\\/#\\\/schema\\\/person\\\/a5762ca5f0790bf92774af0899379463\"},\"breadcrumb\":{\"@id\":\"https:\\\/\\\/gardeon.pl\\\/pl\\\/blog\\\/domek-ogrodowy-35-x-25-m\\\/#breadcrumb\"},\"inLanguage\":\"pl-PL\",\"potentialAction\":[{\"@type\":\"ReadAction\",\"target\":[\"https:\\\/\\\/gardeon.pl\\\/pl\\\/blog\\\/domek-ogrodowy-35-x-25-m\\\/\"]}]},{\"@type\":\"ImageObject\",\"inLanguage\":\"pl-PL\",\"@id\":\"https:\\\/\\\/gardeon.pl\\\/pl\\\/blog\\\/domek-ogrodowy-35-x-25-m\\\/#primaryimage\",\"url\":\"https:\\\/\\\/gardeon.pl\\\/wp-content\\\/uploads\\\/2021\\\/01\\\/GARDEON-foto-od-zakaznikov-168.jpg\",\"contentUrl\":\"https:\\\/\\\/gardeon.pl\\\/wp-content\\\/uploads\\\/2021\\\/01\\\/GARDEON-foto-od-zakaznikov-168.jpg\",\"width\":1500,\"height\":1125,\"caption\":\"Bia\u0142y domek ogrodowy z ciemn\u0105 attyk\u0105 z lewej strony\"},{\"@type\":\"BreadcrumbList\",\"@id\":\"https:\\\/\\\/gardeon.pl\\\/pl\\\/blog\\\/domek-ogrodowy-35-x-25-m\\\/#breadcrumb\",\"itemListElement\":[{\"@type\":\"ListItem\",\"position\":1,\"name\":\"Domov\",\"item\":\"https:\\\/\\\/gardeon.pl\\\/pl\\\/\"},{\"@type\":\"ListItem\",\"position\":2,\"name\":\"Domek ogrodowy 3,5 x 2,5 m\"}]},{\"@type\":\"WebSite\",\"@id\":\"https:\\\/\\\/gardeon.pl\\\/#website\",\"url\":\"https:\\\/\\\/gardeon.pl\\\/\",\"name\":\"GARDEON\",\"description\":\"\",\"potentialAction\":[{\"@type\":\"SearchAction\",\"target\":{\"@type\":\"EntryPoint\",\"urlTemplate\":\"https:\\\/\\\/gardeon.pl\\\/?s={search_term_string}\"},\"query-input\":{\"@type\":\"PropertyValueSpecification\",\"valueRequired\":true,\"valueName\":\"search_term_string\"}}],\"inLanguage\":\"pl-PL\"},{\"@type\":\"Person\",\"@id\":\"https:\\\/\\\/gardeon.pl\\\/#\\\/schema\\\/person\\\/a5762ca5f0790bf92774af0899379463\",\"name\":\"editor\",\"image\":{\"@type\":\"ImageObject\",\"inLanguage\":\"pl-PL\",\"@id\":\"https:\\\/\\\/secure.gravatar.com\\\/avatar\\\/2b748151c2c748327307fd289a91b3bdafdd9e64e2d000e65e53d6dcf11c5830?s=96&d=mm&r=g\",\"url\":\"https:\\\/\\\/secure.gravatar.com\\\/avatar\\\/2b748151c2c748327307fd289a91b3bdafdd9e64e2d000e65e53d6dcf11c5830?s=96&d=mm&r=g\",\"contentUrl\":\"https:\\\/\\\/secure.gravatar.com\\\/avatar\\\/2b748151c2c748327307fd289a91b3bdafdd9e64e2d000e65e53d6dcf11c5830?s=96&d=mm&r=g\",\"caption\":\"editor\"}}]}<\/script>\n<!-- \/ Yoast SEO plugin. -->","yoast_head_json":{"title":"Domek ogrodowy 3,5 x 2,5 m | GARDEON","robots":{"index":"index","follow":"follow","max-snippet":"max-snippet:-1","max-image-preview":"max-image-preview:large","max-video-preview":"max-video-preview:-1"},"canonical":"https:\/\/gardeon.pl\/pl\/blog\/domek-ogrodowy-35-x-25-m\/","og_locale":"pl_PL","og_type":"article","og_title":"Domek ogrodowy 3,5 x 2,5 m | GARDEON","og_description":"Jak to wszystko si\u0119 zacz\u0119\u0142o? Pani Novosedl\u00edkov\u00e1 skontaktowa\u0142a si\u0119 z nami w sierpniu, m\u00f3wi\u0105c, \u017ce chcia\u0142aby domek ogrodowy.","og_url":"https:\/\/gardeon.pl\/pl\/blog\/domek-ogrodowy-35-x-25-m\/","og_site_name":"GARDEON","article_published_time":"2026-04-23T15:41:23+00:00","og_image":[{"width":1500,"height":1125,"url":"https:\/\/gardeon.pl\/wp-content\/uploads\/2021\/01\/GARDEON-foto-od-zakaznikov-168.jpg","type":"image\/jpeg"}],"author":"editor","twitter_card":"summary_large_image","twitter_misc":{"Napisane przez":"editor","Szacowany czas czytania":"1 minuta"},"schema":{"@context":"https:\/\/schema.org","@graph":[{"@type":"Article","@id":"https:\/\/gardeon.pl\/pl\/blog\/domek-ogrodowy-35-x-25-m\/#article","isPartOf":{"@id":"https:\/\/gardeon.pl\/pl\/blog\/domek-ogrodowy-35-x-25-m\/"},"author":{"name":"editor","@id":"https:\/\/gardeon.pl\/#\/schema\/person\/a5762ca5f0790bf92774af0899379463"},"headline":"Domek ogrodowy 3,5 x 2,5 m","datePublished":"2026-04-23T15:41:23+00:00","mainEntityOfPage":{"@id":"https:\/\/gardeon.pl\/pl\/blog\/domek-ogrodowy-35-x-25-m\/"},"wordCount":172,"commentCount":0,"image":{"@id":"https:\/\/gardeon.pl\/pl\/blog\/domek-ogrodowy-35-x-25-m\/#primaryimage"},"thumbnailUrl":"https:\/\/gardeon.pl\/wp-content\/uploads\/2021\/01\/GARDEON-foto-od-zakaznikov-168.jpg","keywords":["aszsg","domek ogrodowy","domek ogrodowy GARDEON","GARDEON","jak si\u0119 \u017cyje z gardeonem","jarovce"],"articleSection":["Domki ogrodowe","Jak si\u0119 \u017cyje z GARDEON"],"inLanguage":"pl-PL","potentialAction":[{"@type":"CommentAction","name":"Comment","target":["https:\/\/gardeon.pl\/pl\/blog\/domek-ogrodowy-35-x-25-m\/#respond"]}]},{"@type":"WebPage","@id":"https:\/\/gardeon.pl\/pl\/blog\/domek-ogrodowy-35-x-25-m\/","url":"https:\/\/gardeon.pl\/pl\/blog\/domek-ogrodowy-35-x-25-m\/","name":"Domek ogrodowy 3,5 x 2,5 m | GARDEON","isPartOf":{"@id":"https:\/\/gardeon.pl\/#website"},"primaryImageOfPage":{"@id":"https:\/\/gardeon.pl\/pl\/blog\/domek-ogrodowy-35-x-25-m\/#primaryimage"},"image":{"@id":"https:\/\/gardeon.pl\/pl\/blog\/domek-ogrodowy-35-x-25-m\/#primaryimage"},"thumbnailUrl":"https:\/\/gardeon.pl\/wp-content\/uploads\/2021\/01\/GARDEON-foto-od-zakaznikov-168.jpg","datePublished":"2026-04-23T15:41:23+00:00","author":{"@id":"https:\/\/gardeon.pl\/#\/schema\/person\/a5762ca5f0790bf92774af0899379463"},"breadcrumb":{"@id":"https:\/\/gardeon.pl\/pl\/blog\/domek-ogrodowy-35-x-25-m\/#breadcrumb"},"inLanguage":"pl-PL","potentialAction":[{"@type":"ReadAction","target":["https:\/\/gardeon.pl\/pl\/blog\/domek-ogrodowy-35-x-25-m\/"]}]},{"@type":"ImageObject","inLanguage":"pl-PL","@id":"https:\/\/gardeon.pl\/pl\/blog\/domek-ogrodowy-35-x-25-m\/#primaryimage","url":"https:\/\/gardeon.pl\/wp-content\/uploads\/2021\/01\/GARDEON-foto-od-zakaznikov-168.jpg","contentUrl":"https:\/\/gardeon.pl\/wp-content\/uploads\/2021\/01\/GARDEON-foto-od-zakaznikov-168.jpg","width":1500,"height":1125,"caption":"Bia\u0142y domek ogrodowy z ciemn\u0105 attyk\u0105 z lewej strony"},{"@type":"BreadcrumbList","@id":"https:\/\/gardeon.pl\/pl\/blog\/domek-ogrodowy-35-x-25-m\/#breadcrumb","itemListElement":[{"@type":"ListItem","position":1,"name":"Domov","item":"https:\/\/gardeon.pl\/pl\/"},{"@type":"ListItem","position":2,"name":"Domek ogrodowy 3,5 x 2,5 m"}]},{"@type":"WebSite","@id":"https:\/\/gardeon.pl\/#website","url":"https:\/\/gardeon.pl\/","name":"GARDEON","description":"","potentialAction":[{"@type":"SearchAction","target":{"@type":"EntryPoint","urlTemplate":"https:\/\/gardeon.pl\/?s={search_term_string}"},"query-input":{"@type":"PropertyValueSpecification","valueRequired":true,"valueName":"search_term_string"}}],"inLanguage":"pl-PL"},{"@type":"Person","@id":"https:\/\/gardeon.pl\/#\/schema\/person\/a5762ca5f0790bf92774af0899379463","name":"editor","image":{"@type":"ImageObject","inLanguage":"pl-PL","@id":"https:\/\/secure.gravatar.com\/avatar\/2b748151c2c748327307fd289a91b3bdafdd9e64e2d000e65e53d6dcf11c5830?s=96&d=mm&r=g","url":"https:\/\/secure.gravatar.com\/avatar\/2b748151c2c748327307fd289a91b3bdafdd9e64e2d000e65e53d6dcf11c5830?s=96&d=mm&r=g","contentUrl":"https:\/\/secure.gravatar.com\/avatar\/2b748151c2c748327307fd289a91b3bdafdd9e64e2d000e65e53d6dcf11c5830?s=96&d=mm&r=g","caption":"editor"}}]}},"_links":{"self":[{"href":"https:\/\/gardeon.pl\/pl\/wp-json\/wp\/v2\/posts\/47003","targetHints":{"allow":["GET"]}}],"collection":[{"href":"https:\/\/gardeon.pl\/pl\/wp-json\/wp\/v2\/posts"}],"about":[{"href":"https:\/\/gardeon.pl\/pl\/wp-json\/wp\/v2\/types\/post"}],"author":[{"embeddable":true,"href":"https:\/\/gardeon.pl\/pl\/wp-json\/wp\/v2\/users\/2"}],"replies":[{"embeddable":true,"href":"https:\/\/gardeon.pl\/pl\/wp-json\/wp\/v2\/comments?post=47003"}],"version-history":[{"count":0,"href":"https:\/\/gardeon.pl\/pl\/wp-json\/wp\/v2\/posts\/47003\/revisions"}],"wp:featuredmedia":[{"embeddable":true,"href":"https:\/\/gardeon.pl\/pl\/wp-json\/wp\/v2\/media\/47007"}],"wp:attachment":[{"href":"https:\/\/gardeon.pl\/pl\/wp-json\/wp\/v2\/media?parent=47003"}],"wp:term":[{"taxonomy":"category","embeddable":true,"href":"https:\/\/gardeon.pl\/pl\/wp-json\/wp\/v2\/categories?post=47003"},{"taxonomy":"post_tag","embeddable":true,"href":"https:\/\/gardeon.pl\/pl\/wp-json\/wp\/v2\/tags?post=47003"}],"curies":[{"name":"wp","href":"https:\/\/api.w.org\/{rel}","templated":true}]}}