{"id":47019,"date":"2026-04-23T17:41:23","date_gmt":"2026-04-23T15:41:23","guid":{"rendered":"https:\/\/gardeon.pl\/blog\/jak-urzadzic-przytulny-domek-ogrodowy-z-zadaszeniem\/"},"modified":"2026-04-23T17:41:23","modified_gmt":"2026-04-23T15:41:23","slug":"jak-urzadzic-przytulny-domek-ogrodowy-z-zadaszeniem","status":"publish","type":"post","link":"https:\/\/gardeon.pl\/pl\/blog\/jak-urzadzic-przytulny-domek-ogrodowy-z-zadaszeniem\/","title":{"rendered":"Jak urz\u0105dzi\u0107 przytulny domek ogrodowy z zadaszeniem?"},"content":{"rendered":"<p><i><span style=\"font-weight: 400;\">Posiadanie w\u0142asnego miejsca, gdzie mo\u017cna uciec od codziennych obowi\u0105zk\u00f3w, poczyta\u0107 ksi\u0105\u017ck\u0119, zaparzy\u0107 herbat\u0119 lub sp\u0119dzi\u0107 czas z przyjaci\u00f3\u0142mi, jest marzeniem chyba ka\u017cdego z nas. Nawet w du\u017cym domu jednorodzinnym mo\u017ce brakowa\u0107 takiego pomieszczenia. Co wi\u0119cej, w miesi\u0105cach letnich s\u0142o\u0144ce wszystkich nas wyci\u0105ga na zewn\u0105trz. Nie, nie musisz zaczyna\u0107 my\u015ble\u0107 o budowie letniej rezydencji. Wystarczy wyj\u015b\u0107 przed dom i rozejrze\u0107 si\u0119 po ogrodzie. Co widzisz?     <\/span><\/i><\/p>\n<p><!--more--><\/p>\n<h2 style=\"text-align: center;\"><b>Stoi sam i opuszczony?<\/b><\/h2>\n<p style=\"text-align: left;\"><span style=\"font-weight: 400;\">Domek ogrodowy by\u0107 mo\u017ce urz\u0105dzali Pa\u0144stwo z r\u00f3\u017cnych powod\u00f3w. Potrzebowali Pa\u0144stwo miejsca na schowanie narz\u0119dzi ogrodowych i wszystkich tych rzeczy, na kt\u00f3re zazwyczaj nie ma miejsca. Jednak ogr\u00f3d sta\u0142 si\u0119 bardziej ozdobny ni\u017c u\u017cytkowy, a domek po prostu stoi i stoi? Przekszta\u0142\u0107 go w ma\u0142\u0105, przytuln\u0105 rezydencj\u0119. I nie mamy na my\u015bli tylko przeniesienia starych rzeczy z domu do <\/span><a href=\"https:\/\/gardeon.pl\/zahradni-domky\/\"><span style=\"font-weight: 400;\">domku ogrodowego.<\/span><\/a><\/p>\n<p>&nbsp;<\/p>\n<p><img loading=\"lazy\" decoding=\"async\" class=\"aligncenter wp-image-33741\" src=\"http:\/\/gardeon.pl\/wp-content\/uploads\/2021\/09\/gardeon-zahradny-domcek-vnutro-1-1-1024x682.webp\" alt=\"Otwarte szklane drzwi z widokiem do wn\u0119trza domku ogrodowego\" width=\"1000\" height=\"667\" srcset=\"https:\/\/gardeon.pl\/wp-content\/uploads\/2021\/09\/gardeon-zahradny-domcek-vnutro-1-1-1024x682.webp 1024w, https:\/\/gardeon.pl\/wp-content\/uploads\/2021\/09\/gardeon-zahradny-domcek-vnutro-1-1-300x200.webp 300w, https:\/\/gardeon.pl\/wp-content\/uploads\/2021\/09\/gardeon-zahradny-domcek-vnutro-1-1-768x512.webp 768w, https:\/\/gardeon.pl\/wp-content\/uploads\/2021\/09\/gardeon-zahradny-domcek-vnutro-1-1-1536x1024.webp 1536w, https:\/\/gardeon.pl\/wp-content\/uploads\/2021\/09\/gardeon-zahradny-domcek-vnutro-1-1.webp 2000w\" sizes=\"auto, (max-width: 1000px) 100vw, 1000px\" \/><\/p>\n<p>&nbsp;<\/p>\n<h2 style=\"text-align: center;\"><b>B\u0105d\u017a kreatywny<\/b><\/h2>\n<p><span style=\"font-weight: 400;\">Obecnie na rynku znajd\u0105 Pa\u0144stwo szeroki asortyment wielofunkcyjnych i elastycznych mebli. Sk\u0142adane sto\u0142y, rozk\u0142adane szafy i inne przydatne rzeczy to doskona\u0142e rozwi\u0105zanie do ma\u0142ych domk\u00f3w. Chc\u0105 Pa\u0144stwo posiedzie\u0107 w domku w weekend, ale jednocze\u015bnie potrzebuj\u0105 wolnej powierzchni do majsterkowania? Prosz\u0119 zaopatrzy\u0107 si\u0119 w klasyczne sk\u0142adane krzes\u0142a ogrodowe, kt\u00f3re \u0142atwo zamocuj\u0105 Pa\u0144stwo na \u015bcianie i zyskaj\u0105 przestrze\u0144 do samorealizacji.   <\/span><\/p>\n<p><img loading=\"lazy\" decoding=\"async\" class=\"aligncenter wp-image-33741\" src=\"http:\/\/gardeon.pl\/wp-content\/uploads\/2021\/09\/gardeon-zahradny-domcek-vnutro-1-1-1024x682.webp\" alt=\"Otwarte szklane drzwi z widokiem do wn\u0119trza domku ogrodowego\" width=\"1000\" height=\"667\" srcset=\"https:\/\/gardeon.pl\/wp-content\/uploads\/2021\/09\/gardeon-zahradny-domcek-vnutro-1-1-1024x682.webp 1024w, https:\/\/gardeon.pl\/wp-content\/uploads\/2021\/09\/gardeon-zahradny-domcek-vnutro-1-1-300x200.webp 300w, https:\/\/gardeon.pl\/wp-content\/uploads\/2021\/09\/gardeon-zahradny-domcek-vnutro-1-1-768x512.webp 768w, https:\/\/gardeon.pl\/wp-content\/uploads\/2021\/09\/gardeon-zahradny-domcek-vnutro-1-1-1536x1024.webp 1536w, https:\/\/gardeon.pl\/wp-content\/uploads\/2021\/09\/gardeon-zahradny-domcek-vnutro-1-1.webp 2000w\" sizes=\"auto, (max-width: 1000px) 100vw, 1000px\" \/><\/p>\n<p>&nbsp;<\/p>\n<h2 style=\"text-align: center;\"><b>Urz\u0105d\u017a sobie wysuni\u0119te biuro<\/b><\/h2>\n<p style=\"text-align: left;\"><span style=\"font-weight: 400;\">Zamkn\u0105\u0107 si\u0119 przed \u015bwiatem lub przed dzie\u0107mi, kt\u00f3re czasem robi\u0105 zbyt du\u017co ha\u0142asu, i spokojnie pracowa\u0107. T\u0119 wizj\u0119 mo\u017cna r\u00f3wnie\u017c zrealizowa\u0107 dzi\u0119ki odpowiedniemu uk\u0142adowi domku ogrodowego. W tym przypadku nale\u017cy przede wszystkim pomy\u015ble\u0107 o <\/span><a href=\"https:\/\/gardeon.pl\/zahradni-domky\/prislusenstvi\/okna\/\"><span style=\"font-weight: 400;\">oknach<\/span><\/a><span style=\"font-weight: 400;\">. Je\u015bli Pa\u0144stwa obecny domek ogrodowy nie ma okna, prosz\u0119 zapewni\u0107 doprowadzenie pr\u0105du i wystarczaj\u0105c\u0105 ilo\u015b\u0107 sztucznego \u015bwiat\u0142a.<\/span><\/p>\n<p style=\"text-align: left;\"><span style=\"font-weight: 400;\"><img loading=\"lazy\" decoding=\"async\" class=\"aligncenter wp-image-33731\" src=\"http:\/\/gardeon.pl\/wp-content\/uploads\/2021\/09\/gardeon-detail-49-1-1024x682.webp\" alt=\"Zawieszony lampion przy domku ogrodowym\" width=\"1000\" height=\"667\" srcset=\"https:\/\/gardeon.pl\/wp-content\/uploads\/2021\/09\/gardeon-detail-49-1-1024x682.webp 1024w, https:\/\/gardeon.pl\/wp-content\/uploads\/2021\/09\/gardeon-detail-49-1-300x200.webp 300w, https:\/\/gardeon.pl\/wp-content\/uploads\/2021\/09\/gardeon-detail-49-1-768x512.webp 768w, https:\/\/gardeon.pl\/wp-content\/uploads\/2021\/09\/gardeon-detail-49-1-1536x1024.webp 1536w, https:\/\/gardeon.pl\/wp-content\/uploads\/2021\/09\/gardeon-detail-49-1.webp 2000w\" sizes=\"auto, (max-width: 1000px) 100vw, 1000px\" \/><br \/>\n<\/span><img loading=\"lazy\" decoding=\"async\" class=\"aligncenter wp-image-33738\" src=\"http:\/\/gardeon.pl\/wp-content\/uploads\/2021\/09\/gardeon-zahradny-domcek-s-pristreskom-9-1-1024x682.webp\" alt=\"Domek ogrodowy ze szklanymi drzwiami\" width=\"1000\" height=\"667\" srcset=\"https:\/\/gardeon.pl\/wp-content\/uploads\/2021\/09\/gardeon-zahradny-domcek-s-pristreskom-9-1-1024x682.webp 1024w, https:\/\/gardeon.pl\/wp-content\/uploads\/2021\/09\/gardeon-zahradny-domcek-s-pristreskom-9-1-300x200.webp 300w, https:\/\/gardeon.pl\/wp-content\/uploads\/2021\/09\/gardeon-zahradny-domcek-s-pristreskom-9-1-768x512.webp 768w, https:\/\/gardeon.pl\/wp-content\/uploads\/2021\/09\/gardeon-zahradny-domcek-s-pristreskom-9-1-1536x1024.webp 1536w, https:\/\/gardeon.pl\/wp-content\/uploads\/2021\/09\/gardeon-zahradny-domcek-s-pristreskom-9-1.webp 2000w\" sizes=\"auto, (max-width: 1000px) 100vw, 1000px\" \/><\/p>\n<p>&nbsp;<\/p>\n<p><span style=\"font-weight: 400;\">Je\u015bli dopiero <\/span><a href=\"https:\/\/gardeon.sk\/blog\/tychto-5-veci-ste-mali-zvazit-pred-kupou-zahradneho-domceka\/\"><span style=\"font-weight: 400;\">zastanawiaj\u0105 si\u0119 Pa\u0144stwo nad zakupem domku ogrodowego<\/span><\/a><span style=\"font-weight: 400;\">, prosz\u0119 pami\u0119ta\u0107, \u017ce u nas mog\u0105 Pa\u0144stwo zam\u00f3wi\u0107 domek na wymiar i z rozwi\u0105zaniem okien wed\u0142ug w\u0142asnych wyobra\u017ce\u0144. Nie mie\u015bci si\u0119 Pa\u0144stwu wystarczaj\u0105co du\u017ce biurko? Prosz\u0119 uda\u0107 si\u0119 do sklepu po proste i tanie korkowe tablice, na kt\u00f3rych praktycznie wszystko mo\u017cna przymocowa\u0107. Poniewa\u017c s\u0105 zawieszone na \u015bcianie, oszcz\u0119dzaj\u0105 r\u00f3wnie\u017c miejsce.<\/span><\/p>\n<p><span style=\"font-weight: 400;\">Je\u015bli obecnie nie maj\u0105 Pa\u0144stwo domku ogrodowego z <\/span><a href=\"https:\/\/gardeon.pl\/pristresky\/\"><span style=\"font-weight: 400;\">zadaszeniem<\/span><\/a><span style=\"font-weight: 400;\">, znajd\u0105 go Pa\u0144stwo w naszej ofercie. Taka konstrukcja ogrodowa jest szczeg\u00f3lnie przydatna latem, kiedy mo\u017cna pracowa\u0107 pod zadaszeniem lub po prostu przyjemnie leniuchowa\u0107.<\/span><\/p>\n<p><img loading=\"lazy\" decoding=\"async\" class=\"aligncenter wp-image-33740\" src=\"http:\/\/gardeon.pl\/wp-content\/uploads\/2021\/09\/gardeon-zahradny-domcek-s-pristreskom-11-1-1024x682.webp\" alt=\"Miejsce do siedzenia pod zadaszeniem w ogrodzie\" width=\"1000\" height=\"667\" srcset=\"https:\/\/gardeon.pl\/wp-content\/uploads\/2021\/09\/gardeon-zahradny-domcek-s-pristreskom-11-1-1024x682.webp 1024w, https:\/\/gardeon.pl\/wp-content\/uploads\/2021\/09\/gardeon-zahradny-domcek-s-pristreskom-11-1-300x200.webp 300w, https:\/\/gardeon.pl\/wp-content\/uploads\/2021\/09\/gardeon-zahradny-domcek-s-pristreskom-11-1-768x512.webp 768w, https:\/\/gardeon.pl\/wp-content\/uploads\/2021\/09\/gardeon-zahradny-domcek-s-pristreskom-11-1-1536x1024.webp 1536w, https:\/\/gardeon.pl\/wp-content\/uploads\/2021\/09\/gardeon-zahradny-domcek-s-pristreskom-11-1.webp 2000w\" sizes=\"auto, (max-width: 1000px) 100vw, 1000px\" \/><\/p>\n<p>&nbsp;<\/p>\n<h5>\u0179r\u00f3d\u0142o:<\/h5>\n<h5>Fotobank GARDEON<\/h5>\n","protected":false},"excerpt":{"rendered":"<p>Posiadanie w\u0142asnego miejsca, gdzie mo\u017cna uciec od codziennych obowi\u0105zk\u00f3w, poczyta\u0107 ksi\u0105\u017ck\u0119, zaparzy\u0107 herbat\u0119 lub sp\u0119dzi\u0107 czas z przyjaci\u00f3\u0142mi, jest marzeniem chyba ka\u017cdego z nas. Nawet w du\u017cym domu jednorodzinnym mo\u017ce brakowa\u0107 takiego pomieszczenia. Co wi\u0119cej, w miesi\u0105cach letnich s\u0142o\u0144ce wszystkich nas wyci\u0105ga na zewn\u0105trz. Nie, nie musisz zaczyna\u0107 my\u015ble\u0107 o budowie letniej rezydencji. Wystarczy wyj\u015b\u0107 [&hellip;]<\/p>\n","protected":false},"author":2,"featured_media":42926,"comment_status":"open","ping_status":"open","sticky":false,"template":"","format":"standard","meta":{"_acf_changed":false,"inline_featured_image":false,"footnotes":""},"categories":[632,605],"tags":[595,674,675,579,635,638],"class_list":["post-47019","post","type-post","status-publish","format-standard","has-post-thumbnail","hentry","category-domki-ogrodowe","category-jak-to-zrobic-ogrod-diy","tag-domek-ogrodowy","tag-domek-ogrodowy-gardeon","tag-domek-ogrodowy-z-wiata","tag-gardeon","tag-zadaszenie","tag-zadaszenie-gardeon"],"acf":[],"yoast_head":"<!-- This site is optimized with the Yoast SEO plugin v27.4 - https:\/\/yoast.com\/product\/yoast-seo-wordpress\/ -->\n<title>Jak urz\u0105dzi\u0107 przytulny domek ogrodowy z zadaszeniem? | GARDEON<\/title>\n<meta name=\"robots\" content=\"index, follow, max-snippet:-1, max-image-preview:large, max-video-preview:-1\" \/>\n<link rel=\"canonical\" href=\"https:\/\/gardeon.pl\/pl\/blog\/jak-urzadzic-przytulny-domek-ogrodowy-z-zadaszeniem\/\" \/>\n<meta property=\"og:locale\" content=\"pl_PL\" \/>\n<meta property=\"og:type\" content=\"article\" \/>\n<meta property=\"og:title\" content=\"Jak urz\u0105dzi\u0107 przytulny domek ogrodowy z zadaszeniem? | GARDEON\" \/>\n<meta property=\"og:description\" content=\"Posiadanie w\u0142asnego miejsca, gdzie mo\u017cna uciec od codziennych obowi\u0105zk\u00f3w, poczyta\u0107 ksi\u0105\u017ck\u0119, zaparzy\u0107 herbat\u0119 lub sp\u0119dzi\u0107 czas z przyjaci\u00f3\u0142mi, jest marzeniem chyba ka\u017cdego z nas. Nawet w du\u017cym domu jednorodzinnym mo\u017ce brakowa\u0107 takiego pomieszczenia. Co wi\u0119cej, w miesi\u0105cach letnich s\u0142o\u0144ce wszystkich nas wyci\u0105ga na zewn\u0105trz. Nie, nie musisz zaczyna\u0107 my\u015ble\u0107 o budowie letniej rezydencji. Wystarczy wyj\u015b\u0107 [&hellip;]\" \/>\n<meta property=\"og:url\" content=\"https:\/\/gardeon.pl\/pl\/blog\/jak-urzadzic-przytulny-domek-ogrodowy-z-zadaszeniem\/\" \/>\n<meta property=\"og:site_name\" content=\"GARDEON\" \/>\n<meta property=\"article:published_time\" content=\"2026-04-23T15:41:23+00:00\" \/>\n<meta property=\"og:image\" content=\"https:\/\/gardeon.pl\/wp-content\/uploads\/2021\/09\/gardeon-zahradny-domcek-s-pristreskom-10-1.webp\" \/>\n\t<meta property=\"og:image:width\" content=\"2000\" \/>\n\t<meta property=\"og:image:height\" content=\"1333\" \/>\n\t<meta property=\"og:image:type\" content=\"image\/webp\" \/>\n<meta name=\"author\" content=\"editor\" \/>\n<meta name=\"twitter:card\" content=\"summary_large_image\" \/>\n<meta name=\"twitter:label1\" content=\"Napisane przez\" \/>\n\t<meta name=\"twitter:data1\" content=\"editor\" \/>\n\t<meta name=\"twitter:label2\" content=\"Szacowany czas czytania\" \/>\n\t<meta name=\"twitter:data2\" content=\"2 minuty\" \/>\n<script type=\"application\/ld+json\" class=\"yoast-schema-graph\">{\"@context\":\"https:\\\/\\\/schema.org\",\"@graph\":[{\"@type\":\"Article\",\"@id\":\"https:\\\/\\\/gardeon.pl\\\/pl\\\/blog\\\/jak-urzadzic-przytulny-domek-ogrodowy-z-zadaszeniem\\\/#article\",\"isPartOf\":{\"@id\":\"https:\\\/\\\/gardeon.pl\\\/pl\\\/blog\\\/jak-urzadzic-przytulny-domek-ogrodowy-z-zadaszeniem\\\/\"},\"author\":{\"name\":\"editor\",\"@id\":\"https:\\\/\\\/gardeon.pl\\\/#\\\/schema\\\/person\\\/a5762ca5f0790bf92774af0899379463\"},\"headline\":\"Jak urz\u0105dzi\u0107 przytulny domek ogrodowy z zadaszeniem?\",\"datePublished\":\"2026-04-23T15:41:23+00:00\",\"mainEntityOfPage\":{\"@id\":\"https:\\\/\\\/gardeon.pl\\\/pl\\\/blog\\\/jak-urzadzic-przytulny-domek-ogrodowy-z-zadaszeniem\\\/\"},\"wordCount\":436,\"commentCount\":0,\"image\":{\"@id\":\"https:\\\/\\\/gardeon.pl\\\/pl\\\/blog\\\/jak-urzadzic-przytulny-domek-ogrodowy-z-zadaszeniem\\\/#primaryimage\"},\"thumbnailUrl\":\"https:\\\/\\\/gardeon.pl\\\/wp-content\\\/uploads\\\/2021\\\/09\\\/gardeon-zahradny-domcek-s-pristreskom-10-1.webp\",\"keywords\":[\"domek ogrodowy\",\"domek ogrodowy GARDEON\",\"domek ogrodowy z wiat\u0105\",\"GARDEON\",\"zadaszenie\",\"zadaszenie GARDEON\"],\"articleSection\":[\"Domki ogrodowe\",\"Jak to zrobi\u0107 \u2013 ogr\u00f3d | DIY\"],\"inLanguage\":\"pl-PL\",\"potentialAction\":[{\"@type\":\"CommentAction\",\"name\":\"Comment\",\"target\":[\"https:\\\/\\\/gardeon.pl\\\/pl\\\/blog\\\/jak-urzadzic-przytulny-domek-ogrodowy-z-zadaszeniem\\\/#respond\"]}]},{\"@type\":\"WebPage\",\"@id\":\"https:\\\/\\\/gardeon.pl\\\/pl\\\/blog\\\/jak-urzadzic-przytulny-domek-ogrodowy-z-zadaszeniem\\\/\",\"url\":\"https:\\\/\\\/gardeon.pl\\\/pl\\\/blog\\\/jak-urzadzic-przytulny-domek-ogrodowy-z-zadaszeniem\\\/\",\"name\":\"Jak urz\u0105dzi\u0107 przytulny domek ogrodowy z zadaszeniem? | GARDEON\",\"isPartOf\":{\"@id\":\"https:\\\/\\\/gardeon.pl\\\/#website\"},\"primaryImageOfPage\":{\"@id\":\"https:\\\/\\\/gardeon.pl\\\/pl\\\/blog\\\/jak-urzadzic-przytulny-domek-ogrodowy-z-zadaszeniem\\\/#primaryimage\"},\"image\":{\"@id\":\"https:\\\/\\\/gardeon.pl\\\/pl\\\/blog\\\/jak-urzadzic-przytulny-domek-ogrodowy-z-zadaszeniem\\\/#primaryimage\"},\"thumbnailUrl\":\"https:\\\/\\\/gardeon.pl\\\/wp-content\\\/uploads\\\/2021\\\/09\\\/gardeon-zahradny-domcek-s-pristreskom-10-1.webp\",\"datePublished\":\"2026-04-23T15:41:23+00:00\",\"author\":{\"@id\":\"https:\\\/\\\/gardeon.pl\\\/#\\\/schema\\\/person\\\/a5762ca5f0790bf92774af0899379463\"},\"breadcrumb\":{\"@id\":\"https:\\\/\\\/gardeon.pl\\\/pl\\\/blog\\\/jak-urzadzic-przytulny-domek-ogrodowy-z-zadaszeniem\\\/#breadcrumb\"},\"inLanguage\":\"pl-PL\",\"potentialAction\":[{\"@type\":\"ReadAction\",\"target\":[\"https:\\\/\\\/gardeon.pl\\\/pl\\\/blog\\\/jak-urzadzic-przytulny-domek-ogrodowy-z-zadaszeniem\\\/\"]}]},{\"@type\":\"ImageObject\",\"inLanguage\":\"pl-PL\",\"@id\":\"https:\\\/\\\/gardeon.pl\\\/pl\\\/blog\\\/jak-urzadzic-przytulny-domek-ogrodowy-z-zadaszeniem\\\/#primaryimage\",\"url\":\"https:\\\/\\\/gardeon.pl\\\/wp-content\\\/uploads\\\/2021\\\/09\\\/gardeon-zahradny-domcek-s-pristreskom-10-1.webp\",\"contentUrl\":\"https:\\\/\\\/gardeon.pl\\\/wp-content\\\/uploads\\\/2021\\\/09\\\/gardeon-zahradny-domcek-s-pristreskom-10-1.webp\",\"width\":2000,\"height\":1333,\"caption\":\"Grillowanie przy szklanych drzwiach domku ogrodowego\"},{\"@type\":\"BreadcrumbList\",\"@id\":\"https:\\\/\\\/gardeon.pl\\\/pl\\\/blog\\\/jak-urzadzic-przytulny-domek-ogrodowy-z-zadaszeniem\\\/#breadcrumb\",\"itemListElement\":[{\"@type\":\"ListItem\",\"position\":1,\"name\":\"Domov\",\"item\":\"https:\\\/\\\/gardeon.pl\\\/pl\\\/\"},{\"@type\":\"ListItem\",\"position\":2,\"name\":\"Jak urz\u0105dzi\u0107 przytulny domek ogrodowy z zadaszeniem?\"}]},{\"@type\":\"WebSite\",\"@id\":\"https:\\\/\\\/gardeon.pl\\\/#website\",\"url\":\"https:\\\/\\\/gardeon.pl\\\/\",\"name\":\"GARDEON\",\"description\":\"\",\"potentialAction\":[{\"@type\":\"SearchAction\",\"target\":{\"@type\":\"EntryPoint\",\"urlTemplate\":\"https:\\\/\\\/gardeon.pl\\\/?s={search_term_string}\"},\"query-input\":{\"@type\":\"PropertyValueSpecification\",\"valueRequired\":true,\"valueName\":\"search_term_string\"}}],\"inLanguage\":\"pl-PL\"},{\"@type\":\"Person\",\"@id\":\"https:\\\/\\\/gardeon.pl\\\/#\\\/schema\\\/person\\\/a5762ca5f0790bf92774af0899379463\",\"name\":\"editor\",\"image\":{\"@type\":\"ImageObject\",\"inLanguage\":\"pl-PL\",\"@id\":\"https:\\\/\\\/secure.gravatar.com\\\/avatar\\\/2b748151c2c748327307fd289a91b3bdafdd9e64e2d000e65e53d6dcf11c5830?s=96&d=mm&r=g\",\"url\":\"https:\\\/\\\/secure.gravatar.com\\\/avatar\\\/2b748151c2c748327307fd289a91b3bdafdd9e64e2d000e65e53d6dcf11c5830?s=96&d=mm&r=g\",\"contentUrl\":\"https:\\\/\\\/secure.gravatar.com\\\/avatar\\\/2b748151c2c748327307fd289a91b3bdafdd9e64e2d000e65e53d6dcf11c5830?s=96&d=mm&r=g\",\"caption\":\"editor\"}}]}<\/script>\n<!-- \/ Yoast SEO plugin. -->","yoast_head_json":{"title":"Jak urz\u0105dzi\u0107 przytulny domek ogrodowy z zadaszeniem? | GARDEON","robots":{"index":"index","follow":"follow","max-snippet":"max-snippet:-1","max-image-preview":"max-image-preview:large","max-video-preview":"max-video-preview:-1"},"canonical":"https:\/\/gardeon.pl\/pl\/blog\/jak-urzadzic-przytulny-domek-ogrodowy-z-zadaszeniem\/","og_locale":"pl_PL","og_type":"article","og_title":"Jak urz\u0105dzi\u0107 przytulny domek ogrodowy z zadaszeniem? | GARDEON","og_description":"Posiadanie w\u0142asnego miejsca, gdzie mo\u017cna uciec od codziennych obowi\u0105zk\u00f3w, poczyta\u0107 ksi\u0105\u017ck\u0119, zaparzy\u0107 herbat\u0119 lub sp\u0119dzi\u0107 czas z przyjaci\u00f3\u0142mi, jest marzeniem chyba ka\u017cdego z nas. Nawet w du\u017cym domu jednorodzinnym mo\u017ce brakowa\u0107 takiego pomieszczenia. Co wi\u0119cej, w miesi\u0105cach letnich s\u0142o\u0144ce wszystkich nas wyci\u0105ga na zewn\u0105trz. Nie, nie musisz zaczyna\u0107 my\u015ble\u0107 o budowie letniej rezydencji. Wystarczy wyj\u015b\u0107 [&hellip;]","og_url":"https:\/\/gardeon.pl\/pl\/blog\/jak-urzadzic-przytulny-domek-ogrodowy-z-zadaszeniem\/","og_site_name":"GARDEON","article_published_time":"2026-04-23T15:41:23+00:00","og_image":[{"width":2000,"height":1333,"url":"https:\/\/gardeon.pl\/wp-content\/uploads\/2021\/09\/gardeon-zahradny-domcek-s-pristreskom-10-1.webp","type":"image\/webp"}],"author":"editor","twitter_card":"summary_large_image","twitter_misc":{"Napisane przez":"editor","Szacowany czas czytania":"2 minuty"},"schema":{"@context":"https:\/\/schema.org","@graph":[{"@type":"Article","@id":"https:\/\/gardeon.pl\/pl\/blog\/jak-urzadzic-przytulny-domek-ogrodowy-z-zadaszeniem\/#article","isPartOf":{"@id":"https:\/\/gardeon.pl\/pl\/blog\/jak-urzadzic-przytulny-domek-ogrodowy-z-zadaszeniem\/"},"author":{"name":"editor","@id":"https:\/\/gardeon.pl\/#\/schema\/person\/a5762ca5f0790bf92774af0899379463"},"headline":"Jak urz\u0105dzi\u0107 przytulny domek ogrodowy z zadaszeniem?","datePublished":"2026-04-23T15:41:23+00:00","mainEntityOfPage":{"@id":"https:\/\/gardeon.pl\/pl\/blog\/jak-urzadzic-przytulny-domek-ogrodowy-z-zadaszeniem\/"},"wordCount":436,"commentCount":0,"image":{"@id":"https:\/\/gardeon.pl\/pl\/blog\/jak-urzadzic-przytulny-domek-ogrodowy-z-zadaszeniem\/#primaryimage"},"thumbnailUrl":"https:\/\/gardeon.pl\/wp-content\/uploads\/2021\/09\/gardeon-zahradny-domcek-s-pristreskom-10-1.webp","keywords":["domek ogrodowy","domek ogrodowy GARDEON","domek ogrodowy z wiat\u0105","GARDEON","zadaszenie","zadaszenie GARDEON"],"articleSection":["Domki ogrodowe","Jak to zrobi\u0107 \u2013 ogr\u00f3d | DIY"],"inLanguage":"pl-PL","potentialAction":[{"@type":"CommentAction","name":"Comment","target":["https:\/\/gardeon.pl\/pl\/blog\/jak-urzadzic-przytulny-domek-ogrodowy-z-zadaszeniem\/#respond"]}]},{"@type":"WebPage","@id":"https:\/\/gardeon.pl\/pl\/blog\/jak-urzadzic-przytulny-domek-ogrodowy-z-zadaszeniem\/","url":"https:\/\/gardeon.pl\/pl\/blog\/jak-urzadzic-przytulny-domek-ogrodowy-z-zadaszeniem\/","name":"Jak urz\u0105dzi\u0107 przytulny domek ogrodowy z zadaszeniem? | GARDEON","isPartOf":{"@id":"https:\/\/gardeon.pl\/#website"},"primaryImageOfPage":{"@id":"https:\/\/gardeon.pl\/pl\/blog\/jak-urzadzic-przytulny-domek-ogrodowy-z-zadaszeniem\/#primaryimage"},"image":{"@id":"https:\/\/gardeon.pl\/pl\/blog\/jak-urzadzic-przytulny-domek-ogrodowy-z-zadaszeniem\/#primaryimage"},"thumbnailUrl":"https:\/\/gardeon.pl\/wp-content\/uploads\/2021\/09\/gardeon-zahradny-domcek-s-pristreskom-10-1.webp","datePublished":"2026-04-23T15:41:23+00:00","author":{"@id":"https:\/\/gardeon.pl\/#\/schema\/person\/a5762ca5f0790bf92774af0899379463"},"breadcrumb":{"@id":"https:\/\/gardeon.pl\/pl\/blog\/jak-urzadzic-przytulny-domek-ogrodowy-z-zadaszeniem\/#breadcrumb"},"inLanguage":"pl-PL","potentialAction":[{"@type":"ReadAction","target":["https:\/\/gardeon.pl\/pl\/blog\/jak-urzadzic-przytulny-domek-ogrodowy-z-zadaszeniem\/"]}]},{"@type":"ImageObject","inLanguage":"pl-PL","@id":"https:\/\/gardeon.pl\/pl\/blog\/jak-urzadzic-przytulny-domek-ogrodowy-z-zadaszeniem\/#primaryimage","url":"https:\/\/gardeon.pl\/wp-content\/uploads\/2021\/09\/gardeon-zahradny-domcek-s-pristreskom-10-1.webp","contentUrl":"https:\/\/gardeon.pl\/wp-content\/uploads\/2021\/09\/gardeon-zahradny-domcek-s-pristreskom-10-1.webp","width":2000,"height":1333,"caption":"Grillowanie przy szklanych drzwiach domku ogrodowego"},{"@type":"BreadcrumbList","@id":"https:\/\/gardeon.pl\/pl\/blog\/jak-urzadzic-przytulny-domek-ogrodowy-z-zadaszeniem\/#breadcrumb","itemListElement":[{"@type":"ListItem","position":1,"name":"Domov","item":"https:\/\/gardeon.pl\/pl\/"},{"@type":"ListItem","position":2,"name":"Jak urz\u0105dzi\u0107 przytulny domek ogrodowy z zadaszeniem?"}]},{"@type":"WebSite","@id":"https:\/\/gardeon.pl\/#website","url":"https:\/\/gardeon.pl\/","name":"GARDEON","description":"","potentialAction":[{"@type":"SearchAction","target":{"@type":"EntryPoint","urlTemplate":"https:\/\/gardeon.pl\/?s={search_term_string}"},"query-input":{"@type":"PropertyValueSpecification","valueRequired":true,"valueName":"search_term_string"}}],"inLanguage":"pl-PL"},{"@type":"Person","@id":"https:\/\/gardeon.pl\/#\/schema\/person\/a5762ca5f0790bf92774af0899379463","name":"editor","image":{"@type":"ImageObject","inLanguage":"pl-PL","@id":"https:\/\/secure.gravatar.com\/avatar\/2b748151c2c748327307fd289a91b3bdafdd9e64e2d000e65e53d6dcf11c5830?s=96&d=mm&r=g","url":"https:\/\/secure.gravatar.com\/avatar\/2b748151c2c748327307fd289a91b3bdafdd9e64e2d000e65e53d6dcf11c5830?s=96&d=mm&r=g","contentUrl":"https:\/\/secure.gravatar.com\/avatar\/2b748151c2c748327307fd289a91b3bdafdd9e64e2d000e65e53d6dcf11c5830?s=96&d=mm&r=g","caption":"editor"}}]}},"_links":{"self":[{"href":"https:\/\/gardeon.pl\/pl\/wp-json\/wp\/v2\/posts\/47019","targetHints":{"allow":["GET"]}}],"collection":[{"href":"https:\/\/gardeon.pl\/pl\/wp-json\/wp\/v2\/posts"}],"about":[{"href":"https:\/\/gardeon.pl\/pl\/wp-json\/wp\/v2\/types\/post"}],"author":[{"embeddable":true,"href":"https:\/\/gardeon.pl\/pl\/wp-json\/wp\/v2\/users\/2"}],"replies":[{"embeddable":true,"href":"https:\/\/gardeon.pl\/pl\/wp-json\/wp\/v2\/comments?post=47019"}],"version-history":[{"count":0,"href":"https:\/\/gardeon.pl\/pl\/wp-json\/wp\/v2\/posts\/47019\/revisions"}],"wp:featuredmedia":[{"embeddable":true,"href":"https:\/\/gardeon.pl\/pl\/wp-json\/wp\/v2\/media\/42926"}],"wp:attachment":[{"href":"https:\/\/gardeon.pl\/pl\/wp-json\/wp\/v2\/media?parent=47019"}],"wp:term":[{"taxonomy":"category","embeddable":true,"href":"https:\/\/gardeon.pl\/pl\/wp-json\/wp\/v2\/categories?post=47019"},{"taxonomy":"post_tag","embeddable":true,"href":"https:\/\/gardeon.pl\/pl\/wp-json\/wp\/v2\/tags?post=47019"}],"curies":[{"name":"wp","href":"https:\/\/api.w.org\/{rel}","templated":true}]}}