{"id":47024,"date":"2026-04-23T17:41:24","date_gmt":"2026-04-23T15:41:24","guid":{"rendered":"https:\/\/gardeon.pl\/blog\/7-krokow-jak-zredukowac-wilgoc-w-garazu\/"},"modified":"2026-04-23T17:41:24","modified_gmt":"2026-04-23T15:41:24","slug":"7-krokow-jak-zredukowac-wilgoc-w-garazu","status":"publish","type":"post","link":"https:\/\/gardeon.pl\/pl\/blog\/7-krokow-jak-zredukowac-wilgoc-w-garazu\/","title":{"rendered":"7 krok\u00f3w, jak zredukowa\u0107 wilgo\u0107 w gara\u017cu"},"content":{"rendered":"<p><em><span style=\"font-weight: 400;\">Niezale\u017cnie od tego, czy posiadaj\u0105 Pa\u0144stwo gara\u017c murowany, betonowy czy modu\u0142owy blaszany, problem z wilgoci\u0105 mo\u017ce dotyczy\u0107 ka\u017cdego z nich. Cierpi na tym samoch\u00f3d, kt\u00f3ry ulega korozji, ale tak\u017ce zdrowie, poniewa\u017c wilgo\u0107 stanowi \u017cyzn\u0105 gleb\u0119 dla ple\u015bni. Zastanawiaj\u0105 si\u0119 Pa\u0144stwo, jak usun\u0105\u0107 wilgo\u0107 z gara\u017cu? Sprawd\u017amy, co j\u0105 powoduje i jakimi krokami si\u0119 jej pozby\u0107.   <\/span><\/em><\/p>\n<h2><!--more--><\/h2>\n<h2 style=\"text-align: left;\">Jak powstaje wilgo\u0107 w gara\u017cu<\/h2>\n<p><span style=\"font-weight: 400;\">Wilgotne powietrze mo\u017ce spowodowa\u0107 znaczne problemy w gara\u017cu. Szczeg\u00f3lnie jesieni\u0105 i zim\u0105. Wilgo\u0107 powoduj\u0105 nie tylko warunki klimatyczne, ale np. r\u00f3wnie\u017c z\u0142e uszczelnienie dachu i jego przeciekanie czy parkowanie za\u015bnie\u017conego samochodu w gara\u017cu i nast\u0119pne topnienie \u015bniegu. Przy niewystarczaj\u0105cej wentylacji dochodzi do kondensacji wody. Wilgotne powietrze styka si\u0119 z zimn\u0105 powierzchni\u0105 \u015bcian, przez co gromadz\u0105 si\u0119 na nich kropelki wody. Jak temu zapobiec?      <\/span><\/p>\n<h3 style=\"text-align: left;\">7 krok\u00f3w, jak pozby\u0107 si\u0119 wilgoci<\/h3>\n<p><span style=\"font-weight: 400;\">1. Zapewnij odpowiedni\u0105 wentylacj\u0119. Najbardziej podstawowym krokiem jest wentylacja, kt\u00f3ra pomaga utrzyma\u0107 r\u00f3wnowag\u0119 mi\u0119dzy powietrzem na zewn\u0105trz i wewn\u0105trz. W tym zakresie pomaga r\u00f3wnie\u017c wi\u0119ksze okno gara\u017cowe. W niekt\u00f3rych ekstremalnych przypadkach do wentylacji wykorzystuje si\u0119 dodatkowe urz\u0105dzenia wentylacyjne.    <\/span><\/p>\n<p><a href=\"http:\/\/gardeon.pl\/wp-content\/uploads\/2022\/12\/biele-okno-v-garazi.jpg\"><img loading=\"lazy\" decoding=\"async\" class=\"aligncenter wp-image-41523 size-full\" src=\"http:\/\/gardeon.pl\/wp-content\/uploads\/2022\/12\/biele-okno-v-garazi.jpg\" alt=\"Bia\u0142e okno w gara\u017cu.\" width=\"1800\" height=\"1200\" srcset=\"https:\/\/gardeon.pl\/wp-content\/uploads\/2022\/12\/biele-okno-v-garazi.jpg 1800w, https:\/\/gardeon.pl\/wp-content\/uploads\/2022\/12\/biele-okno-v-garazi-300x200.jpg 300w, https:\/\/gardeon.pl\/wp-content\/uploads\/2022\/12\/biele-okno-v-garazi-1024x683.jpg 1024w, https:\/\/gardeon.pl\/wp-content\/uploads\/2022\/12\/biele-okno-v-garazi-768x512.jpg 768w, https:\/\/gardeon.pl\/wp-content\/uploads\/2022\/12\/biele-okno-v-garazi-1536x1024.jpg 1536w\" sizes=\"auto, (max-width: 1800px) 100vw, 1800px\" \/><\/a><\/p>\n<p><span style=\"font-weight: 400;\">2. Zainstaluj foli\u0119 paroprzepuszczaln\u0105 pod dachem. Odprowadza wilgo\u0107, kt\u00f3ra dostaje si\u0119 do gara\u017cu przez pokrycie dachowe, i chroni jego wn\u0119trze. <\/span><\/p>\n<p><span style=\"font-weight: 400;\">3. Zastosuj specjaln\u0105 pow\u0142ok\u0119 pod\u0142ogow\u0105. Izolacja gara\u017cu rozpoczyna si\u0119 ju\u017c przy budowie fundament\u00f3w. Pow\u0142oka pod\u0142ogowa zapobiega przenikaniu wilgoci od spodu.  <\/span><\/p>\n<p><a href=\"http:\/\/gardeon.pl\/wp-content\/uploads\/2022\/12\/cz-podlahovy-nater-1.jpg\"><img loading=\"lazy\" decoding=\"async\" class=\"aligncenter wp-image-41530 size-full\" src=\"http:\/\/gardeon.pl\/wp-content\/uploads\/2022\/12\/cz-podlahovy-nater-1.jpg\" alt=\"Szczeg\u00f3\u0142 pod\u0142ogi w gara\u017cu przed i po na\u0142o\u017ceniu pow\u0142oki.\" width=\"1800\" height=\"1200\" srcset=\"https:\/\/gardeon.pl\/wp-content\/uploads\/2022\/12\/cz-podlahovy-nater-1.jpg 1800w, https:\/\/gardeon.pl\/wp-content\/uploads\/2022\/12\/cz-podlahovy-nater-1-300x200.jpg 300w, https:\/\/gardeon.pl\/wp-content\/uploads\/2022\/12\/cz-podlahovy-nater-1-1024x683.jpg 1024w, https:\/\/gardeon.pl\/wp-content\/uploads\/2022\/12\/cz-podlahovy-nater-1-768x512.jpg 768w, https:\/\/gardeon.pl\/wp-content\/uploads\/2022\/12\/cz-podlahovy-nater-1-1536x1024.jpg 1536w\" sizes=\"auto, (max-width: 1800px) 100vw, 1800px\" \/><\/a><\/p>\n<p><span style=\"font-weight: 400;\">4. <a href=\"https:\/\/gardeon.pl\/pl\/blog\/dlaczego-i-jak-izolowac-garaz\/\" target=\"_blank\" rel=\"noopener\">Docieplij gara\u017c<\/a>, ewentualnie ogrzewaj go w ch\u0142odnych miesi\u0105cach. Suche ciep\u0142e powietrze usunie zb\u0119dn\u0105 wilgo\u0107. Oczywi\u015bcie wystarczy w rozs\u0105dnej mierze. Nale\u017cy jednak uwa\u017ca\u0107, aby grzejnik elektryczny nie wypuszcza\u0142 do powietrza pary wodnej. Osi\u0105gn\u0119liby Pa\u0144stwo odwrotny efekt.    <\/span><\/p>\n<p><b>Gardeon TIP:<\/b><span style=\"font-weight: 400;\"> Oferujemy r\u00f3wnie\u017c w pe\u0142ni izolowane gara\u017ce modu\u0142owe. Dzi\u0119ki \u015bcianom Gardeon Thermopanel i opcjonalnemu docieplonemu dachowi jest to rozwi\u0105zanie nadaj\u0105ce si\u0119 do ca\u0142orocznego u\u017cytkowania o wysokiej odporno\u015bci. \u015aciana ze zintegrowan\u0105 izolacj\u0105 z pianki PIR pod wzgl\u0119dem w\u0142a\u015bciwo\u015bci termoizolacyjnych stanowi odpowiednik \u015bciany murowanej z pustak\u00f3w z betonu kom\u00f3rkowego lub ocieplenia styropianem o grubo\u015bci 70 mm.<\/span><\/p>\n<p><a href=\"http:\/\/gardeon.pl\/wp-content\/uploads\/2022\/12\/izolacia-stropu.jpg\"><img loading=\"lazy\" decoding=\"async\" class=\"aligncenter wp-image-41525 size-full\" src=\"http:\/\/gardeon.pl\/wp-content\/uploads\/2022\/12\/izolacia-stropu.jpg\" alt=\"Izolacja sufitu w gara\u017cu.\" width=\"1800\" height=\"1200\" srcset=\"https:\/\/gardeon.pl\/wp-content\/uploads\/2022\/12\/izolacia-stropu.jpg 1800w, https:\/\/gardeon.pl\/wp-content\/uploads\/2022\/12\/izolacia-stropu-300x200.jpg 300w, https:\/\/gardeon.pl\/wp-content\/uploads\/2022\/12\/izolacia-stropu-1024x683.jpg 1024w, https:\/\/gardeon.pl\/wp-content\/uploads\/2022\/12\/izolacia-stropu-768x512.jpg 768w, https:\/\/gardeon.pl\/wp-content\/uploads\/2022\/12\/izolacia-stropu-1536x1024.jpg 1536w\" sizes=\"auto, (max-width: 1800px) 100vw, 1800px\" \/><\/a><\/p>\n<p><span style=\"font-weight: 400;\">5. Umie\u015b\u0107 w gara\u017cu osuszacz. Mo\u017ce skutecznie minimalizowa\u0107 potencjalne problemy z kondensacj\u0105. Nale\u017cy pami\u0119ta\u0107 o regularnym opr\u00f3\u017cnianiu wody ze zbiornika urz\u0105dzenia lub pod\u0142\u0105czy\u0107 w\u0105\u017c odp\u0142ywowy, kt\u00f3ry wyprowadzi wod\u0119 na zewn\u0105trz gara\u017cu.  <\/span><\/p>\n<p><span style=\"font-weight: 400;\">6. Wysusz samoch\u00f3d zawsze przed zaparkowaniem. Niezale\u017cnie od tego, czy myli go Pa\u0144stwo w domu w ogrodzie, czy po prostu zosta\u0142 zasypany \u015bniegiem, gdy byli Pa\u0144stwo w pracy, nale\u017cy go osuszy\u0107, zanim zaparkuj\u0105 go Pa\u0144stwo w \u015brodku. <\/span><\/p>\n<p><a href=\"http:\/\/gardeon.pl\/wp-content\/uploads\/2022\/12\/gardeon-garaz.jpg\"><img loading=\"lazy\" decoding=\"async\" class=\"aligncenter wp-image-41533 size-full\" src=\"http:\/\/gardeon.pl\/wp-content\/uploads\/2022\/12\/gardeon-garaz.jpg\" alt=\"Gara\u017c dwustanowiskowy od Gardeon z nieizolowanymi \u015bcianami.\" width=\"1800\" height=\"1200\" srcset=\"https:\/\/gardeon.pl\/wp-content\/uploads\/2022\/12\/gardeon-garaz.jpg 1800w, https:\/\/gardeon.pl\/wp-content\/uploads\/2022\/12\/gardeon-garaz-300x200.jpg 300w, https:\/\/gardeon.pl\/wp-content\/uploads\/2022\/12\/gardeon-garaz-1024x683.jpg 1024w, https:\/\/gardeon.pl\/wp-content\/uploads\/2022\/12\/gardeon-garaz-768x512.jpg 768w, https:\/\/gardeon.pl\/wp-content\/uploads\/2022\/12\/gardeon-garaz-1536x1024.jpg 1536w\" sizes=\"auto, (max-width: 1800px) 100vw, 1800px\" \/><\/a><\/p>\n<p>7. <a href=\"https:\/\/gardeon.sk\/blog\/9-tipov-na-prakticke-skrine-a-police-ktore-vykuzlia-poriadok-vo-vasej-garazi\/\"><span style=\"font-weight: 400;\">Sprz\u0105taj w gara\u017cu<\/span><\/a><span style=\"font-weight: 400;\">, zanim b\u0119dzie za p\u00f3\u017ano. Czasami mog\u0105 Pa\u0144stwo nawet nie wiedzie\u0107 o problemach z ple\u015bni\u0105, dop\u00f3ki nie zaczyna powodowa\u0107 problem\u00f3w zdrowotnych. Ba\u0142agan i stosy karton\u00f3w sprzyjaj\u0105 rozmna\u017caniu si\u0119 ple\u015bni, kt\u00f3rej nie wida\u0107.<\/span><\/p>\n<p><span style=\"font-weight: 400;\">Zdecydowanie nie nale\u017cy lekcewa\u017cy\u0107 wilgoci w gara\u017cu. Pogarsza alergie i os\u0142abia uk\u0142ad odporno\u015bciowy. Powoduje b\u00f3le g\u0142owy, nudno\u015bci czy problemy z oddychaniem.  <\/span><\/p>\n<p><span style=\"font-weight: 400;\">Wszystkie nasze <a href=\"https:\/\/gardeon.pl\/garaze\/\">gara\u017ce modu\u0142owe<\/a> s\u0105 zaprojektowane tak, aby odpowiednio wentylowa\u0107 wn\u0119trze konstrukcji. Ewentualnie jeste\u015bmy w stanie pom\u00f3c i doradzi\u0107 r\u00f3wnie\u017c w kolejnych krokach. Prosimy o kontakt \u2013 w Gardeon ch\u0119tnie doradzimy.  <\/span><\/p>\n","protected":false},"excerpt":{"rendered":"<p>Niezale\u017cnie od tego, czy posiadaj\u0105 Pa\u0144stwo gara\u017c murowany, betonowy czy modu\u0142owy blaszany, problem z wilgoci\u0105 mo\u017ce dotyczy\u0107 ka\u017cdego z nich. Cierpi na tym samoch\u00f3d, kt\u00f3ry ulega korozji, ale tak\u017ce zdrowie, poniewa\u017c wilgo\u0107 stanowi \u017cyzn\u0105 gleb\u0119 dla ple\u015bni. Zastanawiaj\u0105 si\u0119 Pa\u0144stwo, jak usun\u0105\u0107 wilgo\u0107 z gara\u017cu? Sprawd\u017amy, co j\u0105 powoduje i jakimi krokami si\u0119 jej pozby\u0107.<\/p>\n","protected":false},"author":2,"featured_media":47035,"comment_status":"open","ping_status":"open","sticky":false,"template":"","format":"standard","meta":{"_acf_changed":false,"inline_featured_image":false,"footnotes":""},"categories":[578,618],"tags":[581,588,579,795,796,797],"class_list":["post-47024","post","type-post","status-publish","format-standard","has-post-thumbnail","hentry","category-garaze-blaszane","category-konserwacja-i-pielegnacja","tag-garaz","tag-garaz-montowany","tag-gardeon","tag-izolacja","tag-wilgoc","tag-wilgoc-w-garazu"],"acf":[],"yoast_head":"<!-- This site is optimized with the Yoast SEO plugin v27.4 - https:\/\/yoast.com\/product\/yoast-seo-wordpress\/ -->\n<title>7 krok\u00f3w, jak zredukowa\u0107 wilgo\u0107 w gara\u017cu | GARDEON<\/title>\n<meta name=\"description\" content=\"Doskwiera Pa\u0144stwu wilgo\u0107 w gara\u017cu i wiedz\u0105 Pa\u0144stwo, co taka wilgo\u0107 mo\u017ce uszkodzi\u0107 w gara\u017cu? Przyjrzyjmy si\u0119 7 krokom, jak pozby\u0107 si\u0119 wilgoci w prosty i trwa\u0142y spos\u00f3b.\" \/>\n<meta name=\"robots\" content=\"index, follow, max-snippet:-1, max-image-preview:large, max-video-preview:-1\" \/>\n<link rel=\"canonical\" href=\"https:\/\/gardeon.pl\/pl\/blog\/7-krokow-jak-zredukowac-wilgoc-w-garazu\/\" \/>\n<meta property=\"og:locale\" content=\"pl_PL\" \/>\n<meta property=\"og:type\" content=\"article\" \/>\n<meta property=\"og:title\" content=\"7 krok\u00f3w, jak zredukowa\u0107 wilgo\u0107 w gara\u017cu | GARDEON\" \/>\n<meta property=\"og:description\" content=\"Doskwiera Pa\u0144stwu wilgo\u0107 w gara\u017cu i wiedz\u0105 Pa\u0144stwo, co taka wilgo\u0107 mo\u017ce uszkodzi\u0107 w gara\u017cu? Przyjrzyjmy si\u0119 7 krokom, jak pozby\u0107 si\u0119 wilgoci w prosty i trwa\u0142y spos\u00f3b.\" \/>\n<meta property=\"og:url\" content=\"https:\/\/gardeon.pl\/pl\/blog\/7-krokow-jak-zredukowac-wilgoc-w-garazu\/\" \/>\n<meta property=\"og:site_name\" content=\"GARDEON\" \/>\n<meta property=\"article:published_time\" content=\"2026-04-23T15:41:24+00:00\" \/>\n<meta property=\"og:image\" content=\"https:\/\/gardeon.pl\/wp-content\/uploads\/2022\/12\/dvojgaraz-1.jpg\" \/>\n\t<meta property=\"og:image:width\" content=\"1800\" \/>\n\t<meta property=\"og:image:height\" content=\"1200\" \/>\n\t<meta property=\"og:image:type\" content=\"image\/jpeg\" \/>\n<meta name=\"author\" content=\"editor\" \/>\n<meta name=\"twitter:card\" content=\"summary_large_image\" \/>\n<meta name=\"twitter:label1\" content=\"Napisane przez\" \/>\n\t<meta name=\"twitter:data1\" content=\"editor\" \/>\n\t<meta name=\"twitter:label2\" content=\"Szacowany czas czytania\" \/>\n\t<meta name=\"twitter:data2\" content=\"3 minuty\" \/>\n<script type=\"application\/ld+json\" class=\"yoast-schema-graph\">{\"@context\":\"https:\\\/\\\/schema.org\",\"@graph\":[{\"@type\":\"Article\",\"@id\":\"https:\\\/\\\/gardeon.pl\\\/pl\\\/blog\\\/7-krokow-jak-zredukowac-wilgoc-w-garazu\\\/#article\",\"isPartOf\":{\"@id\":\"https:\\\/\\\/gardeon.pl\\\/pl\\\/blog\\\/7-krokow-jak-zredukowac-wilgoc-w-garazu\\\/\"},\"author\":{\"name\":\"editor\",\"@id\":\"https:\\\/\\\/gardeon.pl\\\/#\\\/schema\\\/person\\\/a5762ca5f0790bf92774af0899379463\"},\"headline\":\"7 krok\u00f3w, jak zredukowa\u0107 wilgo\u0107 w gara\u017cu\",\"datePublished\":\"2026-04-23T15:41:24+00:00\",\"mainEntityOfPage\":{\"@id\":\"https:\\\/\\\/gardeon.pl\\\/pl\\\/blog\\\/7-krokow-jak-zredukowac-wilgoc-w-garazu\\\/\"},\"wordCount\":568,\"commentCount\":0,\"image\":{\"@id\":\"https:\\\/\\\/gardeon.pl\\\/pl\\\/blog\\\/7-krokow-jak-zredukowac-wilgoc-w-garazu\\\/#primaryimage\"},\"thumbnailUrl\":\"https:\\\/\\\/gardeon.pl\\\/wp-content\\\/uploads\\\/2022\\\/12\\\/dvojgaraz-1.jpg\",\"keywords\":[\"gara\u017c\",\"gara\u017c montowany\",\"GARDEON\",\"izolacja\",\"wilgo\u0107\",\"wilgo\u0107 w gara\u017cu\"],\"articleSection\":[\"Gara\u017ce blaszane\",\"Konserwacja i piel\u0119gnacja\"],\"inLanguage\":\"pl-PL\",\"potentialAction\":[{\"@type\":\"CommentAction\",\"name\":\"Comment\",\"target\":[\"https:\\\/\\\/gardeon.pl\\\/pl\\\/blog\\\/7-krokow-jak-zredukowac-wilgoc-w-garazu\\\/#respond\"]}]},{\"@type\":\"WebPage\",\"@id\":\"https:\\\/\\\/gardeon.pl\\\/pl\\\/blog\\\/7-krokow-jak-zredukowac-wilgoc-w-garazu\\\/\",\"url\":\"https:\\\/\\\/gardeon.pl\\\/pl\\\/blog\\\/7-krokow-jak-zredukowac-wilgoc-w-garazu\\\/\",\"name\":\"7 krok\u00f3w, jak zredukowa\u0107 wilgo\u0107 w gara\u017cu | GARDEON\",\"isPartOf\":{\"@id\":\"https:\\\/\\\/gardeon.pl\\\/#website\"},\"primaryImageOfPage\":{\"@id\":\"https:\\\/\\\/gardeon.pl\\\/pl\\\/blog\\\/7-krokow-jak-zredukowac-wilgoc-w-garazu\\\/#primaryimage\"},\"image\":{\"@id\":\"https:\\\/\\\/gardeon.pl\\\/pl\\\/blog\\\/7-krokow-jak-zredukowac-wilgoc-w-garazu\\\/#primaryimage\"},\"thumbnailUrl\":\"https:\\\/\\\/gardeon.pl\\\/wp-content\\\/uploads\\\/2022\\\/12\\\/dvojgaraz-1.jpg\",\"datePublished\":\"2026-04-23T15:41:24+00:00\",\"author\":{\"@id\":\"https:\\\/\\\/gardeon.pl\\\/#\\\/schema\\\/person\\\/a5762ca5f0790bf92774af0899379463\"},\"description\":\"Doskwiera Pa\u0144stwu wilgo\u0107 w gara\u017cu i wiedz\u0105 Pa\u0144stwo, co taka wilgo\u0107 mo\u017ce uszkodzi\u0107 w gara\u017cu? Przyjrzyjmy si\u0119 7 krokom, jak pozby\u0107 si\u0119 wilgoci w prosty i trwa\u0142y spos\u00f3b.\",\"breadcrumb\":{\"@id\":\"https:\\\/\\\/gardeon.pl\\\/pl\\\/blog\\\/7-krokow-jak-zredukowac-wilgoc-w-garazu\\\/#breadcrumb\"},\"inLanguage\":\"pl-PL\",\"potentialAction\":[{\"@type\":\"ReadAction\",\"target\":[\"https:\\\/\\\/gardeon.pl\\\/pl\\\/blog\\\/7-krokow-jak-zredukowac-wilgoc-w-garazu\\\/\"]}]},{\"@type\":\"ImageObject\",\"inLanguage\":\"pl-PL\",\"@id\":\"https:\\\/\\\/gardeon.pl\\\/pl\\\/blog\\\/7-krokow-jak-zredukowac-wilgoc-w-garazu\\\/#primaryimage\",\"url\":\"https:\\\/\\\/gardeon.pl\\\/wp-content\\\/uploads\\\/2022\\\/12\\\/dvojgaraz-1.jpg\",\"contentUrl\":\"https:\\\/\\\/gardeon.pl\\\/wp-content\\\/uploads\\\/2022\\\/12\\\/dvojgaraz-1.jpg\",\"width\":1800,\"height\":1200,\"caption\":\"Otwarty gara\u017c dwustanowiskowy.\"},{\"@type\":\"BreadcrumbList\",\"@id\":\"https:\\\/\\\/gardeon.pl\\\/pl\\\/blog\\\/7-krokow-jak-zredukowac-wilgoc-w-garazu\\\/#breadcrumb\",\"itemListElement\":[{\"@type\":\"ListItem\",\"position\":1,\"name\":\"Domov\",\"item\":\"https:\\\/\\\/gardeon.pl\\\/pl\\\/\"},{\"@type\":\"ListItem\",\"position\":2,\"name\":\"7 krok\u00f3w, jak zredukowa\u0107 wilgo\u0107 w gara\u017cu\"}]},{\"@type\":\"WebSite\",\"@id\":\"https:\\\/\\\/gardeon.pl\\\/#website\",\"url\":\"https:\\\/\\\/gardeon.pl\\\/\",\"name\":\"GARDEON\",\"description\":\"\",\"potentialAction\":[{\"@type\":\"SearchAction\",\"target\":{\"@type\":\"EntryPoint\",\"urlTemplate\":\"https:\\\/\\\/gardeon.pl\\\/?s={search_term_string}\"},\"query-input\":{\"@type\":\"PropertyValueSpecification\",\"valueRequired\":true,\"valueName\":\"search_term_string\"}}],\"inLanguage\":\"pl-PL\"},{\"@type\":\"Person\",\"@id\":\"https:\\\/\\\/gardeon.pl\\\/#\\\/schema\\\/person\\\/a5762ca5f0790bf92774af0899379463\",\"name\":\"editor\",\"image\":{\"@type\":\"ImageObject\",\"inLanguage\":\"pl-PL\",\"@id\":\"https:\\\/\\\/secure.gravatar.com\\\/avatar\\\/2b748151c2c748327307fd289a91b3bdafdd9e64e2d000e65e53d6dcf11c5830?s=96&d=mm&r=g\",\"url\":\"https:\\\/\\\/secure.gravatar.com\\\/avatar\\\/2b748151c2c748327307fd289a91b3bdafdd9e64e2d000e65e53d6dcf11c5830?s=96&d=mm&r=g\",\"contentUrl\":\"https:\\\/\\\/secure.gravatar.com\\\/avatar\\\/2b748151c2c748327307fd289a91b3bdafdd9e64e2d000e65e53d6dcf11c5830?s=96&d=mm&r=g\",\"caption\":\"editor\"}}]}<\/script>\n<!-- \/ Yoast SEO plugin. -->","yoast_head_json":{"title":"7 krok\u00f3w, jak zredukowa\u0107 wilgo\u0107 w gara\u017cu | GARDEON","description":"Doskwiera Pa\u0144stwu wilgo\u0107 w gara\u017cu i wiedz\u0105 Pa\u0144stwo, co taka wilgo\u0107 mo\u017ce uszkodzi\u0107 w gara\u017cu? Przyjrzyjmy si\u0119 7 krokom, jak pozby\u0107 si\u0119 wilgoci w prosty i trwa\u0142y spos\u00f3b.","robots":{"index":"index","follow":"follow","max-snippet":"max-snippet:-1","max-image-preview":"max-image-preview:large","max-video-preview":"max-video-preview:-1"},"canonical":"https:\/\/gardeon.pl\/pl\/blog\/7-krokow-jak-zredukowac-wilgoc-w-garazu\/","og_locale":"pl_PL","og_type":"article","og_title":"7 krok\u00f3w, jak zredukowa\u0107 wilgo\u0107 w gara\u017cu | GARDEON","og_description":"Doskwiera Pa\u0144stwu wilgo\u0107 w gara\u017cu i wiedz\u0105 Pa\u0144stwo, co taka wilgo\u0107 mo\u017ce uszkodzi\u0107 w gara\u017cu? Przyjrzyjmy si\u0119 7 krokom, jak pozby\u0107 si\u0119 wilgoci w prosty i trwa\u0142y spos\u00f3b.","og_url":"https:\/\/gardeon.pl\/pl\/blog\/7-krokow-jak-zredukowac-wilgoc-w-garazu\/","og_site_name":"GARDEON","article_published_time":"2026-04-23T15:41:24+00:00","og_image":[{"width":1800,"height":1200,"url":"https:\/\/gardeon.pl\/wp-content\/uploads\/2022\/12\/dvojgaraz-1.jpg","type":"image\/jpeg"}],"author":"editor","twitter_card":"summary_large_image","twitter_misc":{"Napisane przez":"editor","Szacowany czas czytania":"3 minuty"},"schema":{"@context":"https:\/\/schema.org","@graph":[{"@type":"Article","@id":"https:\/\/gardeon.pl\/pl\/blog\/7-krokow-jak-zredukowac-wilgoc-w-garazu\/#article","isPartOf":{"@id":"https:\/\/gardeon.pl\/pl\/blog\/7-krokow-jak-zredukowac-wilgoc-w-garazu\/"},"author":{"name":"editor","@id":"https:\/\/gardeon.pl\/#\/schema\/person\/a5762ca5f0790bf92774af0899379463"},"headline":"7 krok\u00f3w, jak zredukowa\u0107 wilgo\u0107 w gara\u017cu","datePublished":"2026-04-23T15:41:24+00:00","mainEntityOfPage":{"@id":"https:\/\/gardeon.pl\/pl\/blog\/7-krokow-jak-zredukowac-wilgoc-w-garazu\/"},"wordCount":568,"commentCount":0,"image":{"@id":"https:\/\/gardeon.pl\/pl\/blog\/7-krokow-jak-zredukowac-wilgoc-w-garazu\/#primaryimage"},"thumbnailUrl":"https:\/\/gardeon.pl\/wp-content\/uploads\/2022\/12\/dvojgaraz-1.jpg","keywords":["gara\u017c","gara\u017c montowany","GARDEON","izolacja","wilgo\u0107","wilgo\u0107 w gara\u017cu"],"articleSection":["Gara\u017ce blaszane","Konserwacja i piel\u0119gnacja"],"inLanguage":"pl-PL","potentialAction":[{"@type":"CommentAction","name":"Comment","target":["https:\/\/gardeon.pl\/pl\/blog\/7-krokow-jak-zredukowac-wilgoc-w-garazu\/#respond"]}]},{"@type":"WebPage","@id":"https:\/\/gardeon.pl\/pl\/blog\/7-krokow-jak-zredukowac-wilgoc-w-garazu\/","url":"https:\/\/gardeon.pl\/pl\/blog\/7-krokow-jak-zredukowac-wilgoc-w-garazu\/","name":"7 krok\u00f3w, jak zredukowa\u0107 wilgo\u0107 w gara\u017cu | GARDEON","isPartOf":{"@id":"https:\/\/gardeon.pl\/#website"},"primaryImageOfPage":{"@id":"https:\/\/gardeon.pl\/pl\/blog\/7-krokow-jak-zredukowac-wilgoc-w-garazu\/#primaryimage"},"image":{"@id":"https:\/\/gardeon.pl\/pl\/blog\/7-krokow-jak-zredukowac-wilgoc-w-garazu\/#primaryimage"},"thumbnailUrl":"https:\/\/gardeon.pl\/wp-content\/uploads\/2022\/12\/dvojgaraz-1.jpg","datePublished":"2026-04-23T15:41:24+00:00","author":{"@id":"https:\/\/gardeon.pl\/#\/schema\/person\/a5762ca5f0790bf92774af0899379463"},"description":"Doskwiera Pa\u0144stwu wilgo\u0107 w gara\u017cu i wiedz\u0105 Pa\u0144stwo, co taka wilgo\u0107 mo\u017ce uszkodzi\u0107 w gara\u017cu? Przyjrzyjmy si\u0119 7 krokom, jak pozby\u0107 si\u0119 wilgoci w prosty i trwa\u0142y spos\u00f3b.","breadcrumb":{"@id":"https:\/\/gardeon.pl\/pl\/blog\/7-krokow-jak-zredukowac-wilgoc-w-garazu\/#breadcrumb"},"inLanguage":"pl-PL","potentialAction":[{"@type":"ReadAction","target":["https:\/\/gardeon.pl\/pl\/blog\/7-krokow-jak-zredukowac-wilgoc-w-garazu\/"]}]},{"@type":"ImageObject","inLanguage":"pl-PL","@id":"https:\/\/gardeon.pl\/pl\/blog\/7-krokow-jak-zredukowac-wilgoc-w-garazu\/#primaryimage","url":"https:\/\/gardeon.pl\/wp-content\/uploads\/2022\/12\/dvojgaraz-1.jpg","contentUrl":"https:\/\/gardeon.pl\/wp-content\/uploads\/2022\/12\/dvojgaraz-1.jpg","width":1800,"height":1200,"caption":"Otwarty gara\u017c dwustanowiskowy."},{"@type":"BreadcrumbList","@id":"https:\/\/gardeon.pl\/pl\/blog\/7-krokow-jak-zredukowac-wilgoc-w-garazu\/#breadcrumb","itemListElement":[{"@type":"ListItem","position":1,"name":"Domov","item":"https:\/\/gardeon.pl\/pl\/"},{"@type":"ListItem","position":2,"name":"7 krok\u00f3w, jak zredukowa\u0107 wilgo\u0107 w gara\u017cu"}]},{"@type":"WebSite","@id":"https:\/\/gardeon.pl\/#website","url":"https:\/\/gardeon.pl\/","name":"GARDEON","description":"","potentialAction":[{"@type":"SearchAction","target":{"@type":"EntryPoint","urlTemplate":"https:\/\/gardeon.pl\/?s={search_term_string}"},"query-input":{"@type":"PropertyValueSpecification","valueRequired":true,"valueName":"search_term_string"}}],"inLanguage":"pl-PL"},{"@type":"Person","@id":"https:\/\/gardeon.pl\/#\/schema\/person\/a5762ca5f0790bf92774af0899379463","name":"editor","image":{"@type":"ImageObject","inLanguage":"pl-PL","@id":"https:\/\/secure.gravatar.com\/avatar\/2b748151c2c748327307fd289a91b3bdafdd9e64e2d000e65e53d6dcf11c5830?s=96&d=mm&r=g","url":"https:\/\/secure.gravatar.com\/avatar\/2b748151c2c748327307fd289a91b3bdafdd9e64e2d000e65e53d6dcf11c5830?s=96&d=mm&r=g","contentUrl":"https:\/\/secure.gravatar.com\/avatar\/2b748151c2c748327307fd289a91b3bdafdd9e64e2d000e65e53d6dcf11c5830?s=96&d=mm&r=g","caption":"editor"}}]}},"_links":{"self":[{"href":"https:\/\/gardeon.pl\/pl\/wp-json\/wp\/v2\/posts\/47024","targetHints":{"allow":["GET"]}}],"collection":[{"href":"https:\/\/gardeon.pl\/pl\/wp-json\/wp\/v2\/posts"}],"about":[{"href":"https:\/\/gardeon.pl\/pl\/wp-json\/wp\/v2\/types\/post"}],"author":[{"embeddable":true,"href":"https:\/\/gardeon.pl\/pl\/wp-json\/wp\/v2\/users\/2"}],"replies":[{"embeddable":true,"href":"https:\/\/gardeon.pl\/pl\/wp-json\/wp\/v2\/comments?post=47024"}],"version-history":[{"count":0,"href":"https:\/\/gardeon.pl\/pl\/wp-json\/wp\/v2\/posts\/47024\/revisions"}],"wp:featuredmedia":[{"embeddable":true,"href":"https:\/\/gardeon.pl\/pl\/wp-json\/wp\/v2\/media\/47035"}],"wp:attachment":[{"href":"https:\/\/gardeon.pl\/pl\/wp-json\/wp\/v2\/media?parent=47024"}],"wp:term":[{"taxonomy":"category","embeddable":true,"href":"https:\/\/gardeon.pl\/pl\/wp-json\/wp\/v2\/categories?post=47024"},{"taxonomy":"post_tag","embeddable":true,"href":"https:\/\/gardeon.pl\/pl\/wp-json\/wp\/v2\/tags?post=47024"}],"curies":[{"name":"wp","href":"https:\/\/api.w.org\/{rel}","templated":true}]}}