{"id":47036,"date":"2026-04-23T17:41:26","date_gmt":"2026-04-23T15:41:26","guid":{"rendered":"https:\/\/gardeon.pl\/blog\/domek-ogrodowy-25-x-41-m-z-przedluzeniem-przed-wejsciem-o-1-m\/"},"modified":"2026-04-23T17:41:26","modified_gmt":"2026-04-23T15:41:26","slug":"domek-ogrodowy-25-x-41-m-z-przedluzeniem-przed-wejsciem-o-1-m","status":"publish","type":"post","link":"https:\/\/gardeon.pl\/pl\/blog\/domek-ogrodowy-25-x-41-m-z-przedluzeniem-przed-wejsciem-o-1-m\/","title":{"rendered":"Domek ogrodowy 2,5 x 4,1 m z przed\u0142u\u017ceniem przed wej\u015bciem o 1 m"},"content":{"rendered":"<h2><b>Jak to wszystko si\u0119 zacz\u0119\u0142o?<\/b><\/h2>\n<p><span style=\"font-weight: 400;\">Pan Luk\u00e1\u010d skontaktowa\u0142 si\u0119 z nami w lipcu, m\u00f3wi\u0105c, \u017ce chcia\u0142by <\/span><a href=\"https:\/\/gardeon.pl\/zahradni-domky\/\"><span style=\"font-weight: 400;\">domek ogrodowy<\/span><\/a><span style=\"font-weight: 400;\">.<\/span><\/p>\n<p><!--more--><\/p>\n<p><span style=\"font-weight: 400;\">Pan Luk\u00e1\u010d chcia\u0142, aby domek by\u0142 postawiony w listopadzie. Mimo \u017ce oferta cenowa przekracza\u0142a jego planowany bud\u017cet, zainteresowa\u0142a go (bior\u0105c pod uwag\u0119, ile zalet ma taki domek). Domek zam\u00f3wi\u0142 w maju, a zamontowali\u015bmy go ju\u017c we wrze\u015bniu tego samego roku.  <\/span><\/p>\n<h3><b>Recenzja tu\u017c po monta\u017cu<\/b><\/h3>\n<p><em><a href=\"http:\/\/gardeon.pl\/wp-content\/uploads\/2021\/02\/recenzia-gardeon-10-recenzia.png\"><img loading=\"lazy\" decoding=\"async\" class=\"aligncenter wp-image-30755\" src=\"http:\/\/gardeon.pl\/wp-content\/uploads\/2021\/02\/recenzia-gardeon-10-recenzia.png\" alt=\"Recenzja od zadowolonego klienta\" width=\"800\" height=\"980\" srcset=\"https:\/\/gardeon.pl\/wp-content\/uploads\/2021\/02\/recenzia-gardeon-10-recenzia.png 980w, https:\/\/gardeon.pl\/wp-content\/uploads\/2021\/02\/recenzia-gardeon-10-recenzia-245x300.png 245w, https:\/\/gardeon.pl\/wp-content\/uploads\/2021\/02\/recenzia-gardeon-10-recenzia-836x1024.png 836w, https:\/\/gardeon.pl\/wp-content\/uploads\/2021\/02\/recenzia-gardeon-10-recenzia-768x940.png 768w\" sizes=\"auto, (max-width: 800px) 100vw, 800px\" \/><\/a><\/em><\/p>\n<h2><b>A jakie s\u0105 jego wra\u017cenia po pewnym czasie?<\/b><\/h2>\n<p><i><span style=\"font-weight: 400;\">\u201eJe\u015bli chodzi o zadowolenie, jeszcze raz musz\u0119 powiedzie\u0107, \u017ce jestem bardzo zadowolony z domku, spe\u0142nia on swoje przeznaczenie, a ponadto wygl\u0105da bardzo nowocze\u015bnie i estetycznie. Powierzchnia magazynowa 4\u00d72,5 m (+1 metr przed\u0142u\u017cenia przed wej\u015bciem) jest r\u00f3wnie\u017c wystarczaj\u0105ca, dzi\u0119ki odpowiednim rega\u0142om i elementom wisz\u0105cym mog\u0119 w domku zmie\u015bci\u0107 naprawd\u0119 wiele rzeczy. Czasem sam si\u0119 dziwi\u0119, ile ju\u017c kupi\u0142em i wszystko si\u0119 tam mie\u015bci. A je\u015bli b\u0119dzie potrzeba, rozbudujemy :-).\u201c   <\/span><\/i><\/p>\n<h3><b>Zdj\u0119cia cz\u0119\u015bci zewn\u0119trznej<\/b><\/h3>\n<h4><b>Przed<\/b><\/h4>\n<p><a href=\"http:\/\/gardeon.pl\/wp-content\/uploads\/2021\/02\/GARDEON-foto-od-zakaznikov-178.jpg\"><img loading=\"lazy\" decoding=\"async\" class=\"aligncenter wp-image-30753\" src=\"http:\/\/gardeon.pl\/wp-content\/uploads\/2021\/02\/GARDEON-foto-od-zakaznikov-178.jpg\" alt=\"Pod\u0142o\u017ce pod domek ogrodowy\" width=\"800\" height=\"600\" srcset=\"https:\/\/gardeon.pl\/wp-content\/uploads\/2021\/02\/GARDEON-foto-od-zakaznikov-178.jpg 1000w, https:\/\/gardeon.pl\/wp-content\/uploads\/2021\/02\/GARDEON-foto-od-zakaznikov-178-300x225.jpg 300w, https:\/\/gardeon.pl\/wp-content\/uploads\/2021\/02\/GARDEON-foto-od-zakaznikov-178-768x576.jpg 768w\" sizes=\"auto, (max-width: 800px) 100vw, 800px\" \/><\/a><\/p>\n<p><a href=\"http:\/\/gardeon.pl\/wp-content\/uploads\/2021\/02\/GARDEON-foto-od-zakaznikov-177.png\"><img loading=\"lazy\" decoding=\"async\" class=\"aligncenter wp-image-30751\" src=\"http:\/\/gardeon.pl\/wp-content\/uploads\/2021\/02\/GARDEON-foto-od-zakaznikov-177.png\" alt=\"Projekt domku ogrodowego\" width=\"800\" height=\"724\" srcset=\"https:\/\/gardeon.pl\/wp-content\/uploads\/2021\/02\/GARDEON-foto-od-zakaznikov-177.png 1100w, https:\/\/gardeon.pl\/wp-content\/uploads\/2021\/02\/GARDEON-foto-od-zakaznikov-177-300x272.png 300w, https:\/\/gardeon.pl\/wp-content\/uploads\/2021\/02\/GARDEON-foto-od-zakaznikov-177-1024x927.png 1024w, https:\/\/gardeon.pl\/wp-content\/uploads\/2021\/02\/GARDEON-foto-od-zakaznikov-177-768x695.png 768w\" sizes=\"auto, (max-width: 800px) 100vw, 800px\" \/><\/a><\/p>\n<h4>Po<\/h4>\n<p><a href=\"http:\/\/gardeon.pl\/wp-content\/uploads\/2021\/02\/GARDEON-foto-od-zakaznikov-179.jpg\"><img loading=\"lazy\" decoding=\"async\" class=\"aligncenter wp-image-30737\" src=\"http:\/\/gardeon.pl\/wp-content\/uploads\/2021\/02\/GARDEON-foto-od-zakaznikov-179.jpg\" alt=\"Domek ogrodowy z wiat\u0105\" width=\"800\" height=\"532\" srcset=\"https:\/\/gardeon.pl\/wp-content\/uploads\/2021\/02\/GARDEON-foto-od-zakaznikov-179.jpg 1200w, https:\/\/gardeon.pl\/wp-content\/uploads\/2021\/02\/GARDEON-foto-od-zakaznikov-179-300x200.jpg 300w, https:\/\/gardeon.pl\/wp-content\/uploads\/2021\/02\/GARDEON-foto-od-zakaznikov-179-1024x681.jpg 1024w, https:\/\/gardeon.pl\/wp-content\/uploads\/2021\/02\/GARDEON-foto-od-zakaznikov-179-768x511.jpg 768w\" sizes=\"auto, (max-width: 800px) 100vw, 800px\" \/><\/a><\/p>\n<p><a href=\"http:\/\/gardeon.pl\/wp-content\/uploads\/2021\/02\/GARDEON-foto-od-zakaznikov-180.jpg\"><img loading=\"lazy\" decoding=\"async\" class=\"wp-image-30739 aligncenter\" src=\"http:\/\/gardeon.pl\/wp-content\/uploads\/2021\/02\/GARDEON-foto-od-zakaznikov-180.jpg\" alt=\"Domek ogrodowy z ciemn\u0105 attyk\u0105\" width=\"800\" height=\"532\" srcset=\"https:\/\/gardeon.pl\/wp-content\/uploads\/2021\/02\/GARDEON-foto-od-zakaznikov-180.jpg 1200w, https:\/\/gardeon.pl\/wp-content\/uploads\/2021\/02\/GARDEON-foto-od-zakaznikov-180-300x200.jpg 300w, https:\/\/gardeon.pl\/wp-content\/uploads\/2021\/02\/GARDEON-foto-od-zakaznikov-180-1024x681.jpg 1024w, https:\/\/gardeon.pl\/wp-content\/uploads\/2021\/02\/GARDEON-foto-od-zakaznikov-180-768x511.jpg 768w\" sizes=\"auto, (max-width: 800px) 100vw, 800px\" \/><\/a><\/p>\n<p><a href=\"http:\/\/gardeon.pl\/wp-content\/uploads\/2021\/02\/GARDEON-foto-od-zakaznikov-182.jpg\"><img loading=\"lazy\" decoding=\"async\" class=\"aligncenter wp-image-30743\" src=\"http:\/\/gardeon.pl\/wp-content\/uploads\/2021\/02\/GARDEON-foto-od-zakaznikov-182.jpg\" alt=\"Domek ogrodowy na ko\u0144cu ogrodu\" width=\"800\" height=\"532\" srcset=\"https:\/\/gardeon.pl\/wp-content\/uploads\/2021\/02\/GARDEON-foto-od-zakaznikov-182.jpg 1200w, https:\/\/gardeon.pl\/wp-content\/uploads\/2021\/02\/GARDEON-foto-od-zakaznikov-182-300x200.jpg 300w, https:\/\/gardeon.pl\/wp-content\/uploads\/2021\/02\/GARDEON-foto-od-zakaznikov-182-1024x681.jpg 1024w, https:\/\/gardeon.pl\/wp-content\/uploads\/2021\/02\/GARDEON-foto-od-zakaznikov-182-768x511.jpg 768w\" sizes=\"auto, (max-width: 800px) 100vw, 800px\" \/><\/a><\/p>\n<p><a href=\"http:\/\/gardeon.pl\/wp-content\/uploads\/2021\/02\/GARDEON-foto-od-zakaznikov-185.jpg\"><img loading=\"lazy\" decoding=\"async\" class=\"aligncenter wp-image-30749\" src=\"http:\/\/gardeon.pl\/wp-content\/uploads\/2021\/02\/GARDEON-foto-od-zakaznikov-185.jpg\" alt=\"Domek ogrodowy z lewej strony\" width=\"800\" height=\"532\" srcset=\"https:\/\/gardeon.pl\/wp-content\/uploads\/2021\/02\/GARDEON-foto-od-zakaznikov-185.jpg 1200w, https:\/\/gardeon.pl\/wp-content\/uploads\/2021\/02\/GARDEON-foto-od-zakaznikov-185-300x200.jpg 300w, https:\/\/gardeon.pl\/wp-content\/uploads\/2021\/02\/GARDEON-foto-od-zakaznikov-185-1024x681.jpg 1024w, https:\/\/gardeon.pl\/wp-content\/uploads\/2021\/02\/GARDEON-foto-od-zakaznikov-185-768x511.jpg 768w\" sizes=\"auto, (max-width: 800px) 100vw, 800px\" \/><\/a><\/p>\n<p><a href=\"http:\/\/gardeon.pl\/wp-content\/uploads\/2021\/02\/GARDEON-foto-od-zakaznikov-181.jpg\"><img loading=\"lazy\" decoding=\"async\" class=\"aligncenter wp-image-30741\" src=\"http:\/\/gardeon.pl\/wp-content\/uploads\/2021\/02\/GARDEON-foto-od-zakaznikov-181.jpg\" alt=\"Domek ogrodowy z ciemnymi drzwiami\" width=\"800\" height=\"532\" srcset=\"https:\/\/gardeon.pl\/wp-content\/uploads\/2021\/02\/GARDEON-foto-od-zakaznikov-181.jpg 1200w, https:\/\/gardeon.pl\/wp-content\/uploads\/2021\/02\/GARDEON-foto-od-zakaznikov-181-300x200.jpg 300w, https:\/\/gardeon.pl\/wp-content\/uploads\/2021\/02\/GARDEON-foto-od-zakaznikov-181-1024x681.jpg 1024w, https:\/\/gardeon.pl\/wp-content\/uploads\/2021\/02\/GARDEON-foto-od-zakaznikov-181-768x511.jpg 768w\" sizes=\"auto, (max-width: 800px) 100vw, 800px\" \/><\/a><\/p>\n<h2><b>Podsumowanie<\/b><\/h2>\n<ul>\n<li style=\"font-weight: 400;\" aria-level=\"1\"><span style=\"font-weight: 400;\">czas budowy \u2013 3 godziny<\/span><\/li>\n<li style=\"font-weight: 400;\" aria-level=\"1\"><span style=\"font-weight: 400;\">wymiar domku ogrodowego \u2013 2 500 x 4 100 mm + 2 500 x 1 000 mm<\/span><\/li>\n<li style=\"font-weight: 400;\" aria-level=\"1\"><span style=\"font-weight: 400;\">cena domku ogrodowego w momencie zam\u00f3wienia \u2013 oko\u0142o 95 000 CZK z VAT<\/span><\/li>\n<\/ul>\n<p><span style=\"font-weight: 400;\"> <\/span><\/p>\n<h3 style=\"text-align: center;\">Za opini\u0119 i zdj\u0119cia dzi\u0119kujemy panu Luk\u00e1\u010dowi :)<\/h3>\n","protected":false},"excerpt":{"rendered":"<p>Jak to wszystko si\u0119 zacz\u0119\u0142o? Pan Luk\u00e1\u010d skontaktowa\u0142 si\u0119 z nami w lipcu, m\u00f3wi\u0105c, \u017ce chcia\u0142by domek ogrodowy.<\/p>\n","protected":false},"author":2,"featured_media":47042,"comment_status":"open","ping_status":"open","sticky":false,"template":"","format":"standard","meta":{"_acf_changed":false,"inline_featured_image":false,"footnotes":""},"categories":[717,716],"tags":[595,674,579,798,775,801,799],"class_list":["post-47036","post","type-post","status-publish","format-standard","has-post-thumbnail","hentry","category-domki-ogrodowe-2","category-jak-sie-zyje-z-gardeon","tag-domek-ogrodowy","tag-domek-ogrodowy-gardeon","tag-gardeon","tag-koszyce","tag-martin","tag-podloze","tag-turczanski-dur"],"acf":[],"yoast_head":"<!-- This site is optimized with the Yoast SEO plugin v27.4 - https:\/\/yoast.com\/product\/yoast-seo-wordpress\/ -->\n<title>Domek ogrodowy 2,5 x 4,1 m z przed\u0142u\u017ceniem przed wej\u015bciem o 1 m | GARDEON<\/title>\n<meta name=\"description\" content=\"Mimo tego, \u017ce domek przekracza\u0142 jego bud\u017cet, oferta mu si\u0119 spodoba\u0142a (bior\u0105c pod uwag\u0119, ile zalet ma taki domek).\" \/>\n<meta name=\"robots\" content=\"index, follow, max-snippet:-1, max-image-preview:large, max-video-preview:-1\" \/>\n<link rel=\"canonical\" href=\"https:\/\/gardeon.pl\/pl\/blog\/domek-ogrodowy-25-x-41-m-z-przedluzeniem-przed-wejsciem-o-1-m\/\" \/>\n<meta property=\"og:locale\" content=\"pl_PL\" \/>\n<meta property=\"og:type\" content=\"article\" \/>\n<meta property=\"og:title\" content=\"Domek ogrodowy 2,5 x 4,1 m z przed\u0142u\u017ceniem przed wej\u015bciem o 1 m | GARDEON\" \/>\n<meta property=\"og:description\" content=\"Mimo tego, \u017ce domek przekracza\u0142 jego bud\u017cet, oferta mu si\u0119 spodoba\u0142a (bior\u0105c pod uwag\u0119, ile zalet ma taki domek).\" \/>\n<meta property=\"og:url\" content=\"https:\/\/gardeon.pl\/pl\/blog\/domek-ogrodowy-25-x-41-m-z-przedluzeniem-przed-wejsciem-o-1-m\/\" \/>\n<meta property=\"og:site_name\" content=\"GARDEON\" \/>\n<meta property=\"article:published_time\" content=\"2026-04-23T15:41:26+00:00\" \/>\n<meta property=\"og:image\" content=\"https:\/\/gardeon.pl\/wp-content\/uploads\/2021\/02\/GARDEON-foto-od-zakaznikov-181.jpg\" \/>\n\t<meta property=\"og:image:width\" content=\"1200\" \/>\n\t<meta property=\"og:image:height\" content=\"798\" \/>\n\t<meta property=\"og:image:type\" content=\"image\/jpeg\" \/>\n<meta name=\"author\" content=\"editor\" \/>\n<meta name=\"twitter:card\" content=\"summary_large_image\" \/>\n<meta name=\"twitter:label1\" content=\"Napisane przez\" \/>\n\t<meta name=\"twitter:data1\" content=\"editor\" \/>\n\t<meta name=\"twitter:label2\" content=\"Szacowany czas czytania\" \/>\n\t<meta name=\"twitter:data2\" content=\"1 minuta\" \/>\n<script type=\"application\/ld+json\" class=\"yoast-schema-graph\">{\"@context\":\"https:\\\/\\\/schema.org\",\"@graph\":[{\"@type\":\"Article\",\"@id\":\"https:\\\/\\\/gardeon.pl\\\/pl\\\/blog\\\/domek-ogrodowy-25-x-41-m-z-przedluzeniem-przed-wejsciem-o-1-m\\\/#article\",\"isPartOf\":{\"@id\":\"https:\\\/\\\/gardeon.pl\\\/pl\\\/blog\\\/domek-ogrodowy-25-x-41-m-z-przedluzeniem-przed-wejsciem-o-1-m\\\/\"},\"author\":{\"name\":\"editor\",\"@id\":\"https:\\\/\\\/gardeon.pl\\\/#\\\/schema\\\/person\\\/a5762ca5f0790bf92774af0899379463\"},\"headline\":\"Domek ogrodowy 2,5 x 4,1 m z przed\u0142u\u017ceniem przed wej\u015bciem o 1 m\",\"datePublished\":\"2026-04-23T15:41:26+00:00\",\"mainEntityOfPage\":{\"@id\":\"https:\\\/\\\/gardeon.pl\\\/pl\\\/blog\\\/domek-ogrodowy-25-x-41-m-z-przedluzeniem-przed-wejsciem-o-1-m\\\/\"},\"wordCount\":220,\"commentCount\":0,\"image\":{\"@id\":\"https:\\\/\\\/gardeon.pl\\\/pl\\\/blog\\\/domek-ogrodowy-25-x-41-m-z-przedluzeniem-przed-wejsciem-o-1-m\\\/#primaryimage\"},\"thumbnailUrl\":\"https:\\\/\\\/gardeon.pl\\\/wp-content\\\/uploads\\\/2021\\\/02\\\/GARDEON-foto-od-zakaznikov-181.jpg\",\"keywords\":[\"domek ogrodowy\",\"domek ogrodowy GARDEON\",\"GARDEON\",\"koszyce\",\"martin\",\"pod\u0142o\u017ce\",\"turcza\u0144ski \u010fur\"],\"articleSection\":[\"Domki ogrodowe\",\"Jak si\u0119 \u017cyje z GARDEON\"],\"inLanguage\":\"pl-PL\",\"potentialAction\":[{\"@type\":\"CommentAction\",\"name\":\"Comment\",\"target\":[\"https:\\\/\\\/gardeon.pl\\\/pl\\\/blog\\\/domek-ogrodowy-25-x-41-m-z-przedluzeniem-przed-wejsciem-o-1-m\\\/#respond\"]}]},{\"@type\":\"WebPage\",\"@id\":\"https:\\\/\\\/gardeon.pl\\\/pl\\\/blog\\\/domek-ogrodowy-25-x-41-m-z-przedluzeniem-przed-wejsciem-o-1-m\\\/\",\"url\":\"https:\\\/\\\/gardeon.pl\\\/pl\\\/blog\\\/domek-ogrodowy-25-x-41-m-z-przedluzeniem-przed-wejsciem-o-1-m\\\/\",\"name\":\"Domek ogrodowy 2,5 x 4,1 m z przed\u0142u\u017ceniem przed wej\u015bciem o 1 m | GARDEON\",\"isPartOf\":{\"@id\":\"https:\\\/\\\/gardeon.pl\\\/#website\"},\"primaryImageOfPage\":{\"@id\":\"https:\\\/\\\/gardeon.pl\\\/pl\\\/blog\\\/domek-ogrodowy-25-x-41-m-z-przedluzeniem-przed-wejsciem-o-1-m\\\/#primaryimage\"},\"image\":{\"@id\":\"https:\\\/\\\/gardeon.pl\\\/pl\\\/blog\\\/domek-ogrodowy-25-x-41-m-z-przedluzeniem-przed-wejsciem-o-1-m\\\/#primaryimage\"},\"thumbnailUrl\":\"https:\\\/\\\/gardeon.pl\\\/wp-content\\\/uploads\\\/2021\\\/02\\\/GARDEON-foto-od-zakaznikov-181.jpg\",\"datePublished\":\"2026-04-23T15:41:26+00:00\",\"author\":{\"@id\":\"https:\\\/\\\/gardeon.pl\\\/#\\\/schema\\\/person\\\/a5762ca5f0790bf92774af0899379463\"},\"description\":\"Mimo tego, \u017ce domek przekracza\u0142 jego bud\u017cet, oferta mu si\u0119 spodoba\u0142a (bior\u0105c pod uwag\u0119, ile zalet ma taki domek).\",\"breadcrumb\":{\"@id\":\"https:\\\/\\\/gardeon.pl\\\/pl\\\/blog\\\/domek-ogrodowy-25-x-41-m-z-przedluzeniem-przed-wejsciem-o-1-m\\\/#breadcrumb\"},\"inLanguage\":\"pl-PL\",\"potentialAction\":[{\"@type\":\"ReadAction\",\"target\":[\"https:\\\/\\\/gardeon.pl\\\/pl\\\/blog\\\/domek-ogrodowy-25-x-41-m-z-przedluzeniem-przed-wejsciem-o-1-m\\\/\"]}]},{\"@type\":\"ImageObject\",\"inLanguage\":\"pl-PL\",\"@id\":\"https:\\\/\\\/gardeon.pl\\\/pl\\\/blog\\\/domek-ogrodowy-25-x-41-m-z-przedluzeniem-przed-wejsciem-o-1-m\\\/#primaryimage\",\"url\":\"https:\\\/\\\/gardeon.pl\\\/wp-content\\\/uploads\\\/2021\\\/02\\\/GARDEON-foto-od-zakaznikov-181.jpg\",\"contentUrl\":\"https:\\\/\\\/gardeon.pl\\\/wp-content\\\/uploads\\\/2021\\\/02\\\/GARDEON-foto-od-zakaznikov-181.jpg\",\"width\":1200,\"height\":798,\"caption\":\"Domek ogrodowy z ciemnymi drzwiami\"},{\"@type\":\"BreadcrumbList\",\"@id\":\"https:\\\/\\\/gardeon.pl\\\/pl\\\/blog\\\/domek-ogrodowy-25-x-41-m-z-przedluzeniem-przed-wejsciem-o-1-m\\\/#breadcrumb\",\"itemListElement\":[{\"@type\":\"ListItem\",\"position\":1,\"name\":\"Domov\",\"item\":\"https:\\\/\\\/gardeon.pl\\\/pl\\\/\"},{\"@type\":\"ListItem\",\"position\":2,\"name\":\"Domek ogrodowy 2,5 x 4,1 m z przed\u0142u\u017ceniem przed wej\u015bciem o 1 m\"}]},{\"@type\":\"WebSite\",\"@id\":\"https:\\\/\\\/gardeon.pl\\\/#website\",\"url\":\"https:\\\/\\\/gardeon.pl\\\/\",\"name\":\"GARDEON\",\"description\":\"\",\"potentialAction\":[{\"@type\":\"SearchAction\",\"target\":{\"@type\":\"EntryPoint\",\"urlTemplate\":\"https:\\\/\\\/gardeon.pl\\\/?s={search_term_string}\"},\"query-input\":{\"@type\":\"PropertyValueSpecification\",\"valueRequired\":true,\"valueName\":\"search_term_string\"}}],\"inLanguage\":\"pl-PL\"},{\"@type\":\"Person\",\"@id\":\"https:\\\/\\\/gardeon.pl\\\/#\\\/schema\\\/person\\\/a5762ca5f0790bf92774af0899379463\",\"name\":\"editor\",\"image\":{\"@type\":\"ImageObject\",\"inLanguage\":\"pl-PL\",\"@id\":\"https:\\\/\\\/secure.gravatar.com\\\/avatar\\\/2b748151c2c748327307fd289a91b3bdafdd9e64e2d000e65e53d6dcf11c5830?s=96&d=mm&r=g\",\"url\":\"https:\\\/\\\/secure.gravatar.com\\\/avatar\\\/2b748151c2c748327307fd289a91b3bdafdd9e64e2d000e65e53d6dcf11c5830?s=96&d=mm&r=g\",\"contentUrl\":\"https:\\\/\\\/secure.gravatar.com\\\/avatar\\\/2b748151c2c748327307fd289a91b3bdafdd9e64e2d000e65e53d6dcf11c5830?s=96&d=mm&r=g\",\"caption\":\"editor\"}}]}<\/script>\n<!-- \/ Yoast SEO plugin. -->","yoast_head_json":{"title":"Domek ogrodowy 2,5 x 4,1 m z przed\u0142u\u017ceniem przed wej\u015bciem o 1 m | GARDEON","description":"Mimo tego, \u017ce domek przekracza\u0142 jego bud\u017cet, oferta mu si\u0119 spodoba\u0142a (bior\u0105c pod uwag\u0119, ile zalet ma taki domek).","robots":{"index":"index","follow":"follow","max-snippet":"max-snippet:-1","max-image-preview":"max-image-preview:large","max-video-preview":"max-video-preview:-1"},"canonical":"https:\/\/gardeon.pl\/pl\/blog\/domek-ogrodowy-25-x-41-m-z-przedluzeniem-przed-wejsciem-o-1-m\/","og_locale":"pl_PL","og_type":"article","og_title":"Domek ogrodowy 2,5 x 4,1 m z przed\u0142u\u017ceniem przed wej\u015bciem o 1 m | GARDEON","og_description":"Mimo tego, \u017ce domek przekracza\u0142 jego bud\u017cet, oferta mu si\u0119 spodoba\u0142a (bior\u0105c pod uwag\u0119, ile zalet ma taki domek).","og_url":"https:\/\/gardeon.pl\/pl\/blog\/domek-ogrodowy-25-x-41-m-z-przedluzeniem-przed-wejsciem-o-1-m\/","og_site_name":"GARDEON","article_published_time":"2026-04-23T15:41:26+00:00","og_image":[{"width":1200,"height":798,"url":"https:\/\/gardeon.pl\/wp-content\/uploads\/2021\/02\/GARDEON-foto-od-zakaznikov-181.jpg","type":"image\/jpeg"}],"author":"editor","twitter_card":"summary_large_image","twitter_misc":{"Napisane przez":"editor","Szacowany czas czytania":"1 minuta"},"schema":{"@context":"https:\/\/schema.org","@graph":[{"@type":"Article","@id":"https:\/\/gardeon.pl\/pl\/blog\/domek-ogrodowy-25-x-41-m-z-przedluzeniem-przed-wejsciem-o-1-m\/#article","isPartOf":{"@id":"https:\/\/gardeon.pl\/pl\/blog\/domek-ogrodowy-25-x-41-m-z-przedluzeniem-przed-wejsciem-o-1-m\/"},"author":{"name":"editor","@id":"https:\/\/gardeon.pl\/#\/schema\/person\/a5762ca5f0790bf92774af0899379463"},"headline":"Domek ogrodowy 2,5 x 4,1 m z przed\u0142u\u017ceniem przed wej\u015bciem o 1 m","datePublished":"2026-04-23T15:41:26+00:00","mainEntityOfPage":{"@id":"https:\/\/gardeon.pl\/pl\/blog\/domek-ogrodowy-25-x-41-m-z-przedluzeniem-przed-wejsciem-o-1-m\/"},"wordCount":220,"commentCount":0,"image":{"@id":"https:\/\/gardeon.pl\/pl\/blog\/domek-ogrodowy-25-x-41-m-z-przedluzeniem-przed-wejsciem-o-1-m\/#primaryimage"},"thumbnailUrl":"https:\/\/gardeon.pl\/wp-content\/uploads\/2021\/02\/GARDEON-foto-od-zakaznikov-181.jpg","keywords":["domek ogrodowy","domek ogrodowy GARDEON","GARDEON","koszyce","martin","pod\u0142o\u017ce","turcza\u0144ski \u010fur"],"articleSection":["Domki ogrodowe","Jak si\u0119 \u017cyje z GARDEON"],"inLanguage":"pl-PL","potentialAction":[{"@type":"CommentAction","name":"Comment","target":["https:\/\/gardeon.pl\/pl\/blog\/domek-ogrodowy-25-x-41-m-z-przedluzeniem-przed-wejsciem-o-1-m\/#respond"]}]},{"@type":"WebPage","@id":"https:\/\/gardeon.pl\/pl\/blog\/domek-ogrodowy-25-x-41-m-z-przedluzeniem-przed-wejsciem-o-1-m\/","url":"https:\/\/gardeon.pl\/pl\/blog\/domek-ogrodowy-25-x-41-m-z-przedluzeniem-przed-wejsciem-o-1-m\/","name":"Domek ogrodowy 2,5 x 4,1 m z przed\u0142u\u017ceniem przed wej\u015bciem o 1 m | GARDEON","isPartOf":{"@id":"https:\/\/gardeon.pl\/#website"},"primaryImageOfPage":{"@id":"https:\/\/gardeon.pl\/pl\/blog\/domek-ogrodowy-25-x-41-m-z-przedluzeniem-przed-wejsciem-o-1-m\/#primaryimage"},"image":{"@id":"https:\/\/gardeon.pl\/pl\/blog\/domek-ogrodowy-25-x-41-m-z-przedluzeniem-przed-wejsciem-o-1-m\/#primaryimage"},"thumbnailUrl":"https:\/\/gardeon.pl\/wp-content\/uploads\/2021\/02\/GARDEON-foto-od-zakaznikov-181.jpg","datePublished":"2026-04-23T15:41:26+00:00","author":{"@id":"https:\/\/gardeon.pl\/#\/schema\/person\/a5762ca5f0790bf92774af0899379463"},"description":"Mimo tego, \u017ce domek przekracza\u0142 jego bud\u017cet, oferta mu si\u0119 spodoba\u0142a (bior\u0105c pod uwag\u0119, ile zalet ma taki domek).","breadcrumb":{"@id":"https:\/\/gardeon.pl\/pl\/blog\/domek-ogrodowy-25-x-41-m-z-przedluzeniem-przed-wejsciem-o-1-m\/#breadcrumb"},"inLanguage":"pl-PL","potentialAction":[{"@type":"ReadAction","target":["https:\/\/gardeon.pl\/pl\/blog\/domek-ogrodowy-25-x-41-m-z-przedluzeniem-przed-wejsciem-o-1-m\/"]}]},{"@type":"ImageObject","inLanguage":"pl-PL","@id":"https:\/\/gardeon.pl\/pl\/blog\/domek-ogrodowy-25-x-41-m-z-przedluzeniem-przed-wejsciem-o-1-m\/#primaryimage","url":"https:\/\/gardeon.pl\/wp-content\/uploads\/2021\/02\/GARDEON-foto-od-zakaznikov-181.jpg","contentUrl":"https:\/\/gardeon.pl\/wp-content\/uploads\/2021\/02\/GARDEON-foto-od-zakaznikov-181.jpg","width":1200,"height":798,"caption":"Domek ogrodowy z ciemnymi drzwiami"},{"@type":"BreadcrumbList","@id":"https:\/\/gardeon.pl\/pl\/blog\/domek-ogrodowy-25-x-41-m-z-przedluzeniem-przed-wejsciem-o-1-m\/#breadcrumb","itemListElement":[{"@type":"ListItem","position":1,"name":"Domov","item":"https:\/\/gardeon.pl\/pl\/"},{"@type":"ListItem","position":2,"name":"Domek ogrodowy 2,5 x 4,1 m z przed\u0142u\u017ceniem przed wej\u015bciem o 1 m"}]},{"@type":"WebSite","@id":"https:\/\/gardeon.pl\/#website","url":"https:\/\/gardeon.pl\/","name":"GARDEON","description":"","potentialAction":[{"@type":"SearchAction","target":{"@type":"EntryPoint","urlTemplate":"https:\/\/gardeon.pl\/?s={search_term_string}"},"query-input":{"@type":"PropertyValueSpecification","valueRequired":true,"valueName":"search_term_string"}}],"inLanguage":"pl-PL"},{"@type":"Person","@id":"https:\/\/gardeon.pl\/#\/schema\/person\/a5762ca5f0790bf92774af0899379463","name":"editor","image":{"@type":"ImageObject","inLanguage":"pl-PL","@id":"https:\/\/secure.gravatar.com\/avatar\/2b748151c2c748327307fd289a91b3bdafdd9e64e2d000e65e53d6dcf11c5830?s=96&d=mm&r=g","url":"https:\/\/secure.gravatar.com\/avatar\/2b748151c2c748327307fd289a91b3bdafdd9e64e2d000e65e53d6dcf11c5830?s=96&d=mm&r=g","contentUrl":"https:\/\/secure.gravatar.com\/avatar\/2b748151c2c748327307fd289a91b3bdafdd9e64e2d000e65e53d6dcf11c5830?s=96&d=mm&r=g","caption":"editor"}}]}},"_links":{"self":[{"href":"https:\/\/gardeon.pl\/pl\/wp-json\/wp\/v2\/posts\/47036","targetHints":{"allow":["GET"]}}],"collection":[{"href":"https:\/\/gardeon.pl\/pl\/wp-json\/wp\/v2\/posts"}],"about":[{"href":"https:\/\/gardeon.pl\/pl\/wp-json\/wp\/v2\/types\/post"}],"author":[{"embeddable":true,"href":"https:\/\/gardeon.pl\/pl\/wp-json\/wp\/v2\/users\/2"}],"replies":[{"embeddable":true,"href":"https:\/\/gardeon.pl\/pl\/wp-json\/wp\/v2\/comments?post=47036"}],"version-history":[{"count":0,"href":"https:\/\/gardeon.pl\/pl\/wp-json\/wp\/v2\/posts\/47036\/revisions"}],"wp:featuredmedia":[{"embeddable":true,"href":"https:\/\/gardeon.pl\/pl\/wp-json\/wp\/v2\/media\/47042"}],"wp:attachment":[{"href":"https:\/\/gardeon.pl\/pl\/wp-json\/wp\/v2\/media?parent=47036"}],"wp:term":[{"taxonomy":"category","embeddable":true,"href":"https:\/\/gardeon.pl\/pl\/wp-json\/wp\/v2\/categories?post=47036"},{"taxonomy":"post_tag","embeddable":true,"href":"https:\/\/gardeon.pl\/pl\/wp-json\/wp\/v2\/tags?post=47036"}],"curies":[{"name":"wp","href":"https:\/\/api.w.org\/{rel}","templated":true}]}}