{"id":47037,"date":"2026-04-23T17:41:26","date_gmt":"2026-04-23T15:41:26","guid":{"rendered":"https:\/\/gardeon.pl\/blog\/jak-sie-zyje-z-gardeonem-czesc-24\/"},"modified":"2026-04-23T17:41:26","modified_gmt":"2026-04-23T15:41:26","slug":"jak-sie-zyje-z-gardeonem-czesc-24","status":"publish","type":"post","link":"https:\/\/gardeon.pl\/pl\/blog\/jak-sie-zyje-z-gardeonem-czesc-24\/","title":{"rendered":"Jak si\u0119 \u017cyje z GARDEONem \u2013 cz\u0119\u015b\u0107 24"},"content":{"rendered":"<h2><b>Jak to wszystko si\u0119 zacz\u0119\u0142o?<\/b><\/h2>\n<p><span style=\"font-weight: 400;\">Pan Chorv\u00e1t skontaktowa\u0142 si\u0119 z nami na pocz\u0105tku stycznia 2019 roku, informuj\u0105c, \u017ce potrzebuje <\/span><a href=\"https:\/\/gardeon.pl\/zahradni-domky\/\"><span style=\"font-weight: 400;\">domku ogrodowego<\/span><\/a><span style=\"font-weight: 400;\">.<\/span><\/p>\n<p><!--more--><\/p>\n<p><span style=\"font-weight: 400;\">Widzia\u0142 podobn\u0105 konstrukcj\u0119 u s\u0105siada i tak mu si\u0119 spodoba\u0142a, \u017ce nie waha\u0142 si\u0119 z nami skontaktowa\u0107. Znalaz\u0142 nas, wyszukuj\u0105c w Google. Do ko\u0144ca stycznia zam\u00f3wienie by\u0142o kompletne, wi\u0119c mogli\u015bmy przekaza\u0107 konstrukcj\u0119 do produkcji.  <\/span><\/p>\n<h3><b>Recenzja tu\u017c po monta\u017cu<\/b><\/h3>\n<p><i><span style=\"font-weight: 400;\">\u201eKomunikacja by\u0142a szybka, bezpo\u015brednia i bez komplikacji, nawet gdy potrzebowali\u015bmy odpowiedzi na temat prawid\u0142owego przygotowania pod\u0142o\u017ca, otrzymali\u015bmy j\u0105 natychmiast. My\u015bl\u0119, \u017ce wszystko nam odpowiada\u0142o pod wzgl\u0119dem czasu i designu, mo\u017ce tylko precyzyjne okre\u015blenie konstrukcji wiaty, poniewa\u017c my\u015bleli\u015bmy, \u017ce b\u0119dzie antracytowa, ale biel mi\u0142o nas zaskoczy\u0142a. Dzi\u0119kuj\u0119 i czekam na dalsz\u0105 wsp\u00f3\u0142prac\u0119.\u201d  <\/span><\/i><\/p>\n<h2><b>A jakie s\u0105 jego wra\u017cenia po pewnym czasie?<\/b><\/h2>\n<p><i><span style=\"font-weight: 400;\">\u201eP\u00f3\u0142tora roku temu zamontowano nam domek ogrodowy, zaj\u0119\u0142o to mo\u017ce 2 godziny, nawet nie. Jedyne, co przygotowali\u015bmy, to pod\u0142o\u017ce z kostki brukowej, a kiedy domek dotar\u0142, posz\u0142o szybko. Dostali\u015bmy nawet farby, na wypadek gdyby\u015bmy co\u015b ubrudzili na elewacji domku ??. W ka\u017cdym razie nie ma zbyt wiele do czyszczenia, poniewa\u017c elewacja jest zmywalna, wszystko \u0142atwo wyczy\u015bcimy. Domek s\u0142u\u017cy ju\u017c p\u00f3\u0142tora roku do przechowywania narz\u0119dzi ogrodowych i wizualnie pi\u0119knie wkomponowa\u0142 si\u0119 w nasz dom. Zainteresowa\u0142y nas r\u00f3wnie\u017c wiaty samochodowe, kt\u00f3re r\u00f3wnie\u017c s\u0105 \u015bwietne, a po bezproblemowym do\u015bwiadczeniu z t\u0105 konstrukcj\u0105 b\u0119dziemy si\u0119 cieszy\u0107, je\u015bli zdecydujemy si\u0119 na kolejn\u0105. Gor\u0105co polecam wi\u0119c tym, kt\u00f3rzy chc\u0105 bezproblemowej komunikacji, szybkiej realizacji zam\u00f3wienia i ekspresowego monta\u017cu przestrzeni do przechowywania.\u201d<\/span><\/i><\/p>\n<h3><b>Zdj\u0119cia cz\u0119\u015bci zewn\u0119trznej<\/b><\/h3>\n<p><a href=\"http:\/\/gardeon.pl\/wp-content\/uploads\/2021\/01\/GARDEON-foto-od-zakaznikov-170.jpeg\"><img loading=\"lazy\" decoding=\"async\" class=\"aligncenter wp-image-29907\" src=\"http:\/\/gardeon.pl\/wp-content\/uploads\/2021\/01\/GARDEON-foto-od-zakaznikov-170.jpeg\" alt=\"Widok z g\u00f3ry na domek ogrodowy z bramk\u0105 i samochodzikiem zabawkowym pod wiat\u0105\" width=\"800\" height=\"600\" srcset=\"https:\/\/gardeon.pl\/wp-content\/uploads\/2021\/01\/GARDEON-foto-od-zakaznikov-170.jpeg 1500w, https:\/\/gardeon.pl\/wp-content\/uploads\/2021\/01\/GARDEON-foto-od-zakaznikov-170-300x225.jpeg 300w, https:\/\/gardeon.pl\/wp-content\/uploads\/2021\/01\/GARDEON-foto-od-zakaznikov-170-1024x768.jpeg 1024w, https:\/\/gardeon.pl\/wp-content\/uploads\/2021\/01\/GARDEON-foto-od-zakaznikov-170-768x576.jpeg 768w\" sizes=\"auto, (max-width: 800px) 100vw, 800px\" \/><\/a><\/p>\n<p><a href=\"http:\/\/gardeon.pl\/wp-content\/uploads\/2021\/01\/GARDEON-foto-od-zakaznikov-171.jpeg\"><img loading=\"lazy\" decoding=\"async\" class=\"aligncenter wp-image-29909\" src=\"http:\/\/gardeon.pl\/wp-content\/uploads\/2021\/01\/GARDEON-foto-od-zakaznikov-171.jpeg\" alt=\"Domek ogrodowy z bramk\u0105 i samochodzikiem zabawkowym pod wiat\u0105 w ogrodzie\" width=\"800\" height=\"600\" srcset=\"https:\/\/gardeon.pl\/wp-content\/uploads\/2021\/01\/GARDEON-foto-od-zakaznikov-171.jpeg 1500w, https:\/\/gardeon.pl\/wp-content\/uploads\/2021\/01\/GARDEON-foto-od-zakaznikov-171-300x225.jpeg 300w, https:\/\/gardeon.pl\/wp-content\/uploads\/2021\/01\/GARDEON-foto-od-zakaznikov-171-1024x768.jpeg 1024w, https:\/\/gardeon.pl\/wp-content\/uploads\/2021\/01\/GARDEON-foto-od-zakaznikov-171-768x576.jpeg 768w\" sizes=\"auto, (max-width: 800px) 100vw, 800px\" \/><\/a><\/p>\n<p><a href=\"http:\/\/gardeon.pl\/wp-content\/uploads\/2021\/01\/GARDEON-foto-od-zakaznikov-172.jpeg\"><img loading=\"lazy\" decoding=\"async\" class=\"aligncenter wp-image-29911\" src=\"http:\/\/gardeon.pl\/wp-content\/uploads\/2021\/01\/GARDEON-foto-od-zakaznikov-172.jpeg\" alt=\"Domek ogrodowy z wiat\u0105 w ogrodzie z zabawkami\" width=\"800\" height=\"600\" srcset=\"https:\/\/gardeon.pl\/wp-content\/uploads\/2021\/01\/GARDEON-foto-od-zakaznikov-172.jpeg 1500w, https:\/\/gardeon.pl\/wp-content\/uploads\/2021\/01\/GARDEON-foto-od-zakaznikov-172-300x225.jpeg 300w, https:\/\/gardeon.pl\/wp-content\/uploads\/2021\/01\/GARDEON-foto-od-zakaznikov-172-1024x768.jpeg 1024w, https:\/\/gardeon.pl\/wp-content\/uploads\/2021\/01\/GARDEON-foto-od-zakaznikov-172-768x576.jpeg 768w\" sizes=\"auto, (max-width: 800px) 100vw, 800px\" \/><\/a><\/p>\n<h2><b>Podsumowanie<\/b><\/h2>\n<ul>\n<li style=\"font-weight: 400;\" aria-level=\"1\"><span style=\"font-weight: 400;\">czas budowy \u2013 4 godziny<\/span><\/li>\n<li style=\"font-weight: 400;\" aria-level=\"1\"><span style=\"font-weight: 400;\">wymiary domku ogrodowego \u2013 4000 x 3560 mm + 2000 x 3560 mm<\/span><\/li>\n<li style=\"font-weight: 400;\" aria-level=\"1\"><span style=\"font-weight: 400;\">wyposa\u017cenie ekskluzywne \u2013 <\/span><a href=\"https:\/\/gardeon.pl\/zahradni-domky\/prislusenstvi\/strecha\/\"><span style=\"font-weight: 400;\">ocieplony strop<\/span><\/a><\/li>\n<li style=\"font-weight: 400;\" aria-level=\"1\"><span style=\"font-weight: 400;\">cena domku ogrodowego w momencie zam\u00f3wienia \u2013 ok. 5 500,\u20ac z VAT <\/span><\/li>\n<\/ul>\n<p><span style=\"font-weight: 400;\"> <\/span><\/p>\n<h3 style=\"text-align: center;\">Za opini\u0119 i zdj\u0119cia dzi\u0119kujemy Panu Chorv\u00e1towi z Tren\u010dianskiej Turnej :)<\/h3>\n","protected":false},"excerpt":{"rendered":"<p>Jak to wszystko si\u0119 zacz\u0119\u0142o? Pan Chorv\u00e1t skontaktowa\u0142 si\u0119 z nami na pocz\u0105tku stycznia 2019 roku, informuj\u0105c, \u017ce potrzebuje domku ogrodowego.<\/p>\n","protected":false},"author":2,"featured_media":47043,"comment_status":"open","ping_status":"open","sticky":false,"template":"","format":"standard","meta":{"_acf_changed":false,"inline_featured_image":false,"footnotes":""},"categories":[717,716],"tags":[776,595,674,579,777,800],"class_list":["post-47037","post","type-post","status-publish","format-standard","has-post-thumbnail","hentry","category-domki-ogrodowe-2","category-jak-sie-zyje-z-gardeon","tag-aszsg","tag-domek-ogrodowy","tag-domek-ogrodowy-gardeon","tag-gardeon","tag-jak-sie-zyje-z-gardeonem","tag-trencianska-turna"],"acf":[],"yoast_head":"<!-- This site is optimized with the Yoast SEO plugin v27.4 - https:\/\/yoast.com\/product\/yoast-seo-wordpress\/ -->\n<title>Jak si\u0119 \u017cyje z GARDEONem \u2013 cz\u0119\u015b\u0107 24 | GARDEON<\/title>\n<meta name=\"robots\" content=\"index, follow, max-snippet:-1, max-image-preview:large, max-video-preview:-1\" \/>\n<link rel=\"canonical\" href=\"https:\/\/gardeon.pl\/pl\/blog\/jak-sie-zyje-z-gardeonem-czesc-24\/\" \/>\n<meta property=\"og:locale\" content=\"pl_PL\" \/>\n<meta property=\"og:type\" content=\"article\" \/>\n<meta property=\"og:title\" content=\"Jak si\u0119 \u017cyje z GARDEONem \u2013 cz\u0119\u015b\u0107 24 | GARDEON\" \/>\n<meta property=\"og:description\" content=\"Jak to wszystko si\u0119 zacz\u0119\u0142o? Pan Chorv\u00e1t skontaktowa\u0142 si\u0119 z nami na pocz\u0105tku stycznia 2019 roku, informuj\u0105c, \u017ce potrzebuje domku ogrodowego.\" \/>\n<meta property=\"og:url\" content=\"https:\/\/gardeon.pl\/pl\/blog\/jak-sie-zyje-z-gardeonem-czesc-24\/\" \/>\n<meta property=\"og:site_name\" content=\"GARDEON\" \/>\n<meta property=\"article:published_time\" content=\"2026-04-23T15:41:26+00:00\" \/>\n<meta property=\"og:image\" content=\"https:\/\/gardeon.pl\/wp-content\/uploads\/2021\/01\/GARDEON-foto-od-zakaznikov-172.jpeg\" \/>\n\t<meta property=\"og:image:width\" content=\"1500\" \/>\n\t<meta property=\"og:image:height\" content=\"1125\" \/>\n\t<meta property=\"og:image:type\" content=\"image\/jpeg\" \/>\n<meta name=\"author\" content=\"editor\" \/>\n<meta name=\"twitter:card\" content=\"summary_large_image\" \/>\n<meta name=\"twitter:label1\" content=\"Napisane przez\" \/>\n\t<meta name=\"twitter:data1\" content=\"editor\" \/>\n\t<meta name=\"twitter:label2\" content=\"Szacowany czas czytania\" \/>\n\t<meta name=\"twitter:data2\" content=\"2 minuty\" \/>\n<script type=\"application\/ld+json\" class=\"yoast-schema-graph\">{\"@context\":\"https:\\\/\\\/schema.org\",\"@graph\":[{\"@type\":\"Article\",\"@id\":\"https:\\\/\\\/gardeon.pl\\\/pl\\\/blog\\\/jak-sie-zyje-z-gardeonem-czesc-24\\\/#article\",\"isPartOf\":{\"@id\":\"https:\\\/\\\/gardeon.pl\\\/pl\\\/blog\\\/jak-sie-zyje-z-gardeonem-czesc-24\\\/\"},\"author\":{\"name\":\"editor\",\"@id\":\"https:\\\/\\\/gardeon.pl\\\/#\\\/schema\\\/person\\\/a5762ca5f0790bf92774af0899379463\"},\"headline\":\"Jak si\u0119 \u017cyje z GARDEONem \u2013 cz\u0119\u015b\u0107 24\",\"datePublished\":\"2026-04-23T15:41:26+00:00\",\"mainEntityOfPage\":{\"@id\":\"https:\\\/\\\/gardeon.pl\\\/pl\\\/blog\\\/jak-sie-zyje-z-gardeonem-czesc-24\\\/\"},\"wordCount\":342,\"commentCount\":0,\"image\":{\"@id\":\"https:\\\/\\\/gardeon.pl\\\/pl\\\/blog\\\/jak-sie-zyje-z-gardeonem-czesc-24\\\/#primaryimage\"},\"thumbnailUrl\":\"https:\\\/\\\/gardeon.pl\\\/wp-content\\\/uploads\\\/2021\\\/01\\\/GARDEON-foto-od-zakaznikov-172.jpeg\",\"keywords\":[\"aszsg\",\"domek ogrodowy\",\"domek ogrodowy GARDEON\",\"GARDEON\",\"jak si\u0119 \u017cyje z gardeonem\",\"tren\u010diansk\u00e1 turn\u00e1\"],\"articleSection\":[\"Domki ogrodowe\",\"Jak si\u0119 \u017cyje z GARDEON\"],\"inLanguage\":\"pl-PL\",\"potentialAction\":[{\"@type\":\"CommentAction\",\"name\":\"Comment\",\"target\":[\"https:\\\/\\\/gardeon.pl\\\/pl\\\/blog\\\/jak-sie-zyje-z-gardeonem-czesc-24\\\/#respond\"]}]},{\"@type\":\"WebPage\",\"@id\":\"https:\\\/\\\/gardeon.pl\\\/pl\\\/blog\\\/jak-sie-zyje-z-gardeonem-czesc-24\\\/\",\"url\":\"https:\\\/\\\/gardeon.pl\\\/pl\\\/blog\\\/jak-sie-zyje-z-gardeonem-czesc-24\\\/\",\"name\":\"Jak si\u0119 \u017cyje z GARDEONem \u2013 cz\u0119\u015b\u0107 24 | GARDEON\",\"isPartOf\":{\"@id\":\"https:\\\/\\\/gardeon.pl\\\/#website\"},\"primaryImageOfPage\":{\"@id\":\"https:\\\/\\\/gardeon.pl\\\/pl\\\/blog\\\/jak-sie-zyje-z-gardeonem-czesc-24\\\/#primaryimage\"},\"image\":{\"@id\":\"https:\\\/\\\/gardeon.pl\\\/pl\\\/blog\\\/jak-sie-zyje-z-gardeonem-czesc-24\\\/#primaryimage\"},\"thumbnailUrl\":\"https:\\\/\\\/gardeon.pl\\\/wp-content\\\/uploads\\\/2021\\\/01\\\/GARDEON-foto-od-zakaznikov-172.jpeg\",\"datePublished\":\"2026-04-23T15:41:26+00:00\",\"author\":{\"@id\":\"https:\\\/\\\/gardeon.pl\\\/#\\\/schema\\\/person\\\/a5762ca5f0790bf92774af0899379463\"},\"breadcrumb\":{\"@id\":\"https:\\\/\\\/gardeon.pl\\\/pl\\\/blog\\\/jak-sie-zyje-z-gardeonem-czesc-24\\\/#breadcrumb\"},\"inLanguage\":\"pl-PL\",\"potentialAction\":[{\"@type\":\"ReadAction\",\"target\":[\"https:\\\/\\\/gardeon.pl\\\/pl\\\/blog\\\/jak-sie-zyje-z-gardeonem-czesc-24\\\/\"]}]},{\"@type\":\"ImageObject\",\"inLanguage\":\"pl-PL\",\"@id\":\"https:\\\/\\\/gardeon.pl\\\/pl\\\/blog\\\/jak-sie-zyje-z-gardeonem-czesc-24\\\/#primaryimage\",\"url\":\"https:\\\/\\\/gardeon.pl\\\/wp-content\\\/uploads\\\/2021\\\/01\\\/GARDEON-foto-od-zakaznikov-172.jpeg\",\"contentUrl\":\"https:\\\/\\\/gardeon.pl\\\/wp-content\\\/uploads\\\/2021\\\/01\\\/GARDEON-foto-od-zakaznikov-172.jpeg\",\"width\":1500,\"height\":1125,\"caption\":\"Domek ogrodowy z wiat\u0105 w ogrodzie z zabawkami\"},{\"@type\":\"BreadcrumbList\",\"@id\":\"https:\\\/\\\/gardeon.pl\\\/pl\\\/blog\\\/jak-sie-zyje-z-gardeonem-czesc-24\\\/#breadcrumb\",\"itemListElement\":[{\"@type\":\"ListItem\",\"position\":1,\"name\":\"Domov\",\"item\":\"https:\\\/\\\/gardeon.pl\\\/pl\\\/\"},{\"@type\":\"ListItem\",\"position\":2,\"name\":\"Jak si\u0119 \u017cyje z GARDEONem \u2013 cz\u0119\u015b\u0107 24\"}]},{\"@type\":\"WebSite\",\"@id\":\"https:\\\/\\\/gardeon.pl\\\/#website\",\"url\":\"https:\\\/\\\/gardeon.pl\\\/\",\"name\":\"GARDEON\",\"description\":\"\",\"potentialAction\":[{\"@type\":\"SearchAction\",\"target\":{\"@type\":\"EntryPoint\",\"urlTemplate\":\"https:\\\/\\\/gardeon.pl\\\/?s={search_term_string}\"},\"query-input\":{\"@type\":\"PropertyValueSpecification\",\"valueRequired\":true,\"valueName\":\"search_term_string\"}}],\"inLanguage\":\"pl-PL\"},{\"@type\":\"Person\",\"@id\":\"https:\\\/\\\/gardeon.pl\\\/#\\\/schema\\\/person\\\/a5762ca5f0790bf92774af0899379463\",\"name\":\"editor\",\"image\":{\"@type\":\"ImageObject\",\"inLanguage\":\"pl-PL\",\"@id\":\"https:\\\/\\\/secure.gravatar.com\\\/avatar\\\/2b748151c2c748327307fd289a91b3bdafdd9e64e2d000e65e53d6dcf11c5830?s=96&d=mm&r=g\",\"url\":\"https:\\\/\\\/secure.gravatar.com\\\/avatar\\\/2b748151c2c748327307fd289a91b3bdafdd9e64e2d000e65e53d6dcf11c5830?s=96&d=mm&r=g\",\"contentUrl\":\"https:\\\/\\\/secure.gravatar.com\\\/avatar\\\/2b748151c2c748327307fd289a91b3bdafdd9e64e2d000e65e53d6dcf11c5830?s=96&d=mm&r=g\",\"caption\":\"editor\"}}]}<\/script>\n<!-- \/ Yoast SEO plugin. -->","yoast_head_json":{"title":"Jak si\u0119 \u017cyje z GARDEONem \u2013 cz\u0119\u015b\u0107 24 | GARDEON","robots":{"index":"index","follow":"follow","max-snippet":"max-snippet:-1","max-image-preview":"max-image-preview:large","max-video-preview":"max-video-preview:-1"},"canonical":"https:\/\/gardeon.pl\/pl\/blog\/jak-sie-zyje-z-gardeonem-czesc-24\/","og_locale":"pl_PL","og_type":"article","og_title":"Jak si\u0119 \u017cyje z GARDEONem \u2013 cz\u0119\u015b\u0107 24 | GARDEON","og_description":"Jak to wszystko si\u0119 zacz\u0119\u0142o? Pan Chorv\u00e1t skontaktowa\u0142 si\u0119 z nami na pocz\u0105tku stycznia 2019 roku, informuj\u0105c, \u017ce potrzebuje domku ogrodowego.","og_url":"https:\/\/gardeon.pl\/pl\/blog\/jak-sie-zyje-z-gardeonem-czesc-24\/","og_site_name":"GARDEON","article_published_time":"2026-04-23T15:41:26+00:00","og_image":[{"width":1500,"height":1125,"url":"https:\/\/gardeon.pl\/wp-content\/uploads\/2021\/01\/GARDEON-foto-od-zakaznikov-172.jpeg","type":"image\/jpeg"}],"author":"editor","twitter_card":"summary_large_image","twitter_misc":{"Napisane przez":"editor","Szacowany czas czytania":"2 minuty"},"schema":{"@context":"https:\/\/schema.org","@graph":[{"@type":"Article","@id":"https:\/\/gardeon.pl\/pl\/blog\/jak-sie-zyje-z-gardeonem-czesc-24\/#article","isPartOf":{"@id":"https:\/\/gardeon.pl\/pl\/blog\/jak-sie-zyje-z-gardeonem-czesc-24\/"},"author":{"name":"editor","@id":"https:\/\/gardeon.pl\/#\/schema\/person\/a5762ca5f0790bf92774af0899379463"},"headline":"Jak si\u0119 \u017cyje z GARDEONem \u2013 cz\u0119\u015b\u0107 24","datePublished":"2026-04-23T15:41:26+00:00","mainEntityOfPage":{"@id":"https:\/\/gardeon.pl\/pl\/blog\/jak-sie-zyje-z-gardeonem-czesc-24\/"},"wordCount":342,"commentCount":0,"image":{"@id":"https:\/\/gardeon.pl\/pl\/blog\/jak-sie-zyje-z-gardeonem-czesc-24\/#primaryimage"},"thumbnailUrl":"https:\/\/gardeon.pl\/wp-content\/uploads\/2021\/01\/GARDEON-foto-od-zakaznikov-172.jpeg","keywords":["aszsg","domek ogrodowy","domek ogrodowy GARDEON","GARDEON","jak si\u0119 \u017cyje z gardeonem","tren\u010diansk\u00e1 turn\u00e1"],"articleSection":["Domki ogrodowe","Jak si\u0119 \u017cyje z GARDEON"],"inLanguage":"pl-PL","potentialAction":[{"@type":"CommentAction","name":"Comment","target":["https:\/\/gardeon.pl\/pl\/blog\/jak-sie-zyje-z-gardeonem-czesc-24\/#respond"]}]},{"@type":"WebPage","@id":"https:\/\/gardeon.pl\/pl\/blog\/jak-sie-zyje-z-gardeonem-czesc-24\/","url":"https:\/\/gardeon.pl\/pl\/blog\/jak-sie-zyje-z-gardeonem-czesc-24\/","name":"Jak si\u0119 \u017cyje z GARDEONem \u2013 cz\u0119\u015b\u0107 24 | GARDEON","isPartOf":{"@id":"https:\/\/gardeon.pl\/#website"},"primaryImageOfPage":{"@id":"https:\/\/gardeon.pl\/pl\/blog\/jak-sie-zyje-z-gardeonem-czesc-24\/#primaryimage"},"image":{"@id":"https:\/\/gardeon.pl\/pl\/blog\/jak-sie-zyje-z-gardeonem-czesc-24\/#primaryimage"},"thumbnailUrl":"https:\/\/gardeon.pl\/wp-content\/uploads\/2021\/01\/GARDEON-foto-od-zakaznikov-172.jpeg","datePublished":"2026-04-23T15:41:26+00:00","author":{"@id":"https:\/\/gardeon.pl\/#\/schema\/person\/a5762ca5f0790bf92774af0899379463"},"breadcrumb":{"@id":"https:\/\/gardeon.pl\/pl\/blog\/jak-sie-zyje-z-gardeonem-czesc-24\/#breadcrumb"},"inLanguage":"pl-PL","potentialAction":[{"@type":"ReadAction","target":["https:\/\/gardeon.pl\/pl\/blog\/jak-sie-zyje-z-gardeonem-czesc-24\/"]}]},{"@type":"ImageObject","inLanguage":"pl-PL","@id":"https:\/\/gardeon.pl\/pl\/blog\/jak-sie-zyje-z-gardeonem-czesc-24\/#primaryimage","url":"https:\/\/gardeon.pl\/wp-content\/uploads\/2021\/01\/GARDEON-foto-od-zakaznikov-172.jpeg","contentUrl":"https:\/\/gardeon.pl\/wp-content\/uploads\/2021\/01\/GARDEON-foto-od-zakaznikov-172.jpeg","width":1500,"height":1125,"caption":"Domek ogrodowy z wiat\u0105 w ogrodzie z zabawkami"},{"@type":"BreadcrumbList","@id":"https:\/\/gardeon.pl\/pl\/blog\/jak-sie-zyje-z-gardeonem-czesc-24\/#breadcrumb","itemListElement":[{"@type":"ListItem","position":1,"name":"Domov","item":"https:\/\/gardeon.pl\/pl\/"},{"@type":"ListItem","position":2,"name":"Jak si\u0119 \u017cyje z GARDEONem \u2013 cz\u0119\u015b\u0107 24"}]},{"@type":"WebSite","@id":"https:\/\/gardeon.pl\/#website","url":"https:\/\/gardeon.pl\/","name":"GARDEON","description":"","potentialAction":[{"@type":"SearchAction","target":{"@type":"EntryPoint","urlTemplate":"https:\/\/gardeon.pl\/?s={search_term_string}"},"query-input":{"@type":"PropertyValueSpecification","valueRequired":true,"valueName":"search_term_string"}}],"inLanguage":"pl-PL"},{"@type":"Person","@id":"https:\/\/gardeon.pl\/#\/schema\/person\/a5762ca5f0790bf92774af0899379463","name":"editor","image":{"@type":"ImageObject","inLanguage":"pl-PL","@id":"https:\/\/secure.gravatar.com\/avatar\/2b748151c2c748327307fd289a91b3bdafdd9e64e2d000e65e53d6dcf11c5830?s=96&d=mm&r=g","url":"https:\/\/secure.gravatar.com\/avatar\/2b748151c2c748327307fd289a91b3bdafdd9e64e2d000e65e53d6dcf11c5830?s=96&d=mm&r=g","contentUrl":"https:\/\/secure.gravatar.com\/avatar\/2b748151c2c748327307fd289a91b3bdafdd9e64e2d000e65e53d6dcf11c5830?s=96&d=mm&r=g","caption":"editor"}}]}},"_links":{"self":[{"href":"https:\/\/gardeon.pl\/pl\/wp-json\/wp\/v2\/posts\/47037","targetHints":{"allow":["GET"]}}],"collection":[{"href":"https:\/\/gardeon.pl\/pl\/wp-json\/wp\/v2\/posts"}],"about":[{"href":"https:\/\/gardeon.pl\/pl\/wp-json\/wp\/v2\/types\/post"}],"author":[{"embeddable":true,"href":"https:\/\/gardeon.pl\/pl\/wp-json\/wp\/v2\/users\/2"}],"replies":[{"embeddable":true,"href":"https:\/\/gardeon.pl\/pl\/wp-json\/wp\/v2\/comments?post=47037"}],"version-history":[{"count":0,"href":"https:\/\/gardeon.pl\/pl\/wp-json\/wp\/v2\/posts\/47037\/revisions"}],"wp:featuredmedia":[{"embeddable":true,"href":"https:\/\/gardeon.pl\/pl\/wp-json\/wp\/v2\/media\/47043"}],"wp:attachment":[{"href":"https:\/\/gardeon.pl\/pl\/wp-json\/wp\/v2\/media?parent=47037"}],"wp:term":[{"taxonomy":"category","embeddable":true,"href":"https:\/\/gardeon.pl\/pl\/wp-json\/wp\/v2\/categories?post=47037"},{"taxonomy":"post_tag","embeddable":true,"href":"https:\/\/gardeon.pl\/pl\/wp-json\/wp\/v2\/tags?post=47037"}],"curies":[{"name":"wp","href":"https:\/\/api.w.org\/{rel}","templated":true}]}}