{"id":47049,"date":"2026-04-23T17:41:27","date_gmt":"2026-04-23T15:41:27","guid":{"rendered":"https:\/\/gardeon.pl\/blog\/tak-powinna-wygladac-wiata-na-drewno-ktora-ochroni-je-w-100\/"},"modified":"2026-04-23T17:41:27","modified_gmt":"2026-04-23T15:41:27","slug":"tak-powinna-wygladac-wiata-na-drewno-ktora-ochroni-je-w-100","status":"publish","type":"post","link":"https:\/\/gardeon.pl\/pl\/blog\/tak-powinna-wygladac-wiata-na-drewno-ktora-ochroni-je-w-100\/","title":{"rendered":"Tak powinna wygl\u0105da\u0107 wiata na drewno, kt\u00f3ra ochroni je w 100%"},"content":{"rendered":"<p><i><span style=\"font-weight: 400;\">Ogrzewanie drewnem jest ekonomicznie op\u0142acalne i korzystaj\u0105 z niego g\u0142\u00f3wnie w\u0142a\u015bciciele dom\u00f3w jednorodzinnych. W okresie zimowym drewno musi by\u0107 sk\u0142adowane i w\u0142a\u015bnie tutaj cz\u0119sto pojawia si\u0119 problem. Gdzie je umie\u015bci\u0107? I jak to zrobi\u0107, aby nie uleg\u0142o zniszczeniu?   <\/span><\/i><\/p>\n<p><!--more--><\/p>\n<h2 style=\"text-align: center;\">Umieszczenie drewna gdziekolwiek \u201ewewn\u0105trz\u201d nie wystarczy<\/h2>\n<p style=\"text-align: left;\"><span style=\"font-weight: 400;\">Cz\u0119stym widokiem jest drewno sk\u0142adowane luzem na podw\u00f3rku. Jednak taki spos\u00f3b nie jest dobrym rozwi\u0105zaniem. Drewno bardzo \u0142atwo wilgotnieje, a nast\u0119pnie staje si\u0119 bezu\u017cyteczne w wyniku zagrzybienia. Zapewne pomy\u015bleli Pa\u0144stwo teraz: \u201eW takim razie schowam je gdzie\u015b do \u015brodka\u201d. Na pocz\u0105tek to dobry pomys\u0142, ale wci\u0105\u017c nie tak prosty. Drewno musi oddycha\u0107. Idealnym rozwi\u0105zaniem do przechowywania drewna s\u0105 specjalne <\/span><a href=\"https:\/\/gardeon.pl\/pristresky\/\"><span style=\"font-weight: 400;\">wiaty<\/span><\/a><span style=\"font-weight: 400;\"> na drewno.<\/span><\/p>\n<p><a href=\"http:\/\/gardeon.pl\/wp-content\/uploads\/2020\/12\/GARDEON-foto-od-zakaznikov-166.jpg\"><img loading=\"lazy\" decoding=\"async\" class=\"aligncenter wp-image-29834\" src=\"http:\/\/gardeon.pl\/wp-content\/uploads\/2020\/12\/GARDEON-foto-od-zakaznikov-166.jpg\" alt=\"Domek ogrodowy z wiat\u0105\" width=\"800\" height=\"1067\" srcset=\"https:\/\/gardeon.pl\/wp-content\/uploads\/2020\/12\/GARDEON-foto-od-zakaznikov-166.jpg 1500w, https:\/\/gardeon.pl\/wp-content\/uploads\/2020\/12\/GARDEON-foto-od-zakaznikov-166-225x300.jpg 225w, https:\/\/gardeon.pl\/wp-content\/uploads\/2020\/12\/GARDEON-foto-od-zakaznikov-166-768x1024.jpg 768w, https:\/\/gardeon.pl\/wp-content\/uploads\/2020\/12\/GARDEON-foto-od-zakaznikov-166-1152x1536.jpg 1152w\" sizes=\"auto, (max-width: 800px) 100vw, 800px\" \/><\/a><\/p>\n<h2 style=\"text-align: center;\">Wa\u017cny jest materia\u0142 i nachylenie dachu<\/h2>\n<p style=\"text-align: left;\"><span style=\"font-weight: 400;\">Wiaty te s\u0105 konstruowane tak, aby w maksymalnym stopniu odpowiada\u0142y warunkom, jakich wymaga prawid\u0142owe przechowywanie drewna. Odpowiednim materia\u0142em na wiat\u0119 na drewno jest stal. Jest ona wysoce odporna na zmiany pogodowe, dzi\u0119ki czemu drewnu nie grozi zawilgocenie ani ewentualna ple\u015b\u0144. <\/span><a href=\"https:\/\/carodreva.sk\/drevo-v-kocke\/aki-skodcovia-si-robia-zalusk-na-drevo\/\"><span style=\"font-weight: 400;\">Szkodniki<\/span><\/a><span style=\"font-weight: 400;\">, kt\u00f3re ch\u0119tnie po\u017cywi\u0142yby si\u0119 drewnem, w przypadku stalowej wiaty r\u00f3wnie\u017c dostan\u0105 czerwone \u015bwiat\u0142o.<\/span><\/p>\n<p><img loading=\"lazy\" decoding=\"async\" class=\"wp-image-29045 aligncenter\" src=\"http:\/\/gardeon.pl\/wp-content\/uploads\/2020\/10\/gardeon-blog-drevo3.jpeg\" alt=\"Drewno u\u0142o\u017cone na sobie\" width=\"800\" height=\"600\" srcset=\"https:\/\/gardeon.pl\/wp-content\/uploads\/2020\/10\/gardeon-blog-drevo3.jpeg 1500w, https:\/\/gardeon.pl\/wp-content\/uploads\/2020\/10\/gardeon-blog-drevo3-300x225.jpeg 300w, https:\/\/gardeon.pl\/wp-content\/uploads\/2020\/10\/gardeon-blog-drevo3-1024x768.jpeg 1024w, https:\/\/gardeon.pl\/wp-content\/uploads\/2020\/10\/gardeon-blog-drevo3-768x576.jpeg 768w\" sizes=\"auto, (max-width: 800px) 100vw, 800px\" \/><\/p>\n<p><span style=\"font-weight: 400;\">Aby drewno wystarczaj\u0105co wysch\u0142o i mog\u0142o oddycha\u0107, rozwi\u0105zaniem s\u0105 perforowane \u015bciany wiaty. Tylne s\u0142upy powinny by\u0107 d\u0142u\u017csze ni\u017c przednie, aby zapewni\u0107 odpowiednie nachylenie. Zapobiegnie to d\u0142ugotrwa\u0142emu zaleganiu \u015bniegu na dachu. Optymalnym wyborem jest zatem wiata z dachem spadzistym.   <\/span><\/p>\n<p><a href=\"http:\/\/gardeon.pl\/wp-content\/uploads\/2020\/10\/GARDEON-foto-od-zakaznikov-53-scaled-e1602064622274.jpg\"><img loading=\"lazy\" decoding=\"async\" class=\"aligncenter wp-image-28554\" src=\"http:\/\/gardeon.pl\/wp-content\/uploads\/2020\/10\/GARDEON-foto-od-zakaznikov-53-scaled-e1602064622274.jpg\" alt=\"Bia\u0142y domek ogrodowy z drewnem pod prawym zadaszeniem\" width=\"800\" height=\"492\" srcset=\"https:\/\/gardeon.pl\/wp-content\/uploads\/2020\/10\/GARDEON-foto-od-zakaznikov-53-scaled-e1602064622274.jpg 2560w, https:\/\/gardeon.pl\/wp-content\/uploads\/2020\/10\/GARDEON-foto-od-zakaznikov-53-scaled-e1602064622274-300x184.jpg 300w, https:\/\/gardeon.pl\/wp-content\/uploads\/2020\/10\/GARDEON-foto-od-zakaznikov-53-scaled-e1602064622274-1024x630.jpg 1024w, https:\/\/gardeon.pl\/wp-content\/uploads\/2020\/10\/GARDEON-foto-od-zakaznikov-53-scaled-e1602064622274-768x472.jpg 768w, https:\/\/gardeon.pl\/wp-content\/uploads\/2020\/10\/GARDEON-foto-od-zakaznikov-53-scaled-e1602064622274-1536x944.jpg 1536w, https:\/\/gardeon.pl\/wp-content\/uploads\/2020\/10\/GARDEON-foto-od-zakaznikov-53-scaled-e1602064622274-2048x1259.jpg 2048w, https:\/\/gardeon.pl\/wp-content\/uploads\/2020\/10\/GARDEON-foto-od-zakaznikov-53-scaled-e1602064622274-1200x738.jpg 1200w\" sizes=\"auto, (max-width: 800px) 100vw, 800px\" \/><\/a><\/p>\n<h2 style=\"text-align: center;\">Wybierz wiat\u0119, kt\u00f3ra Ci odpowiada<\/h2>\n<p><span style=\"font-weight: 400;\">W naszej ofercie znajd\u0105 Pa\u0144stwo r\u00f3\u017cne rodzaje <\/span><a href=\"https:\/\/gardeon.pl\/pristresky\/\"><span style=\"font-weight: 400;\">wiat modu\u0142owych<\/span><\/a><span style=\"font-weight: 400;\">, kt\u00f3re mog\u0105 zosta\u0107 wykonane r\u00f3wnie\u017c na wymiar. Du\u017cym atutem jest ich uniwersalno\u015b\u0107. Latem wiat\u0119 mo\u017cna \u0142atwo zdemontowa\u0107, oszcz\u0119dzaj\u0105c miejsce na podw\u00f3rku. Ewentualnie mo\u017cna znale\u017a\u0107 dla niej inne zastosowanie. Wszystkie wiaty s\u0105 wysoce odporne, niemal bezobs\u0142ugowe i charakteryzuj\u0105 si\u0119 d\u0142ug\u0105 \u017cywotno\u015bci\u0105. Do wyboru jest tak\u017ce kilka kolor\u00f3w tynku.<\/span><\/p>\n<p><span style=\"font-weight: 400;\">Chro\u0144 sw\u00f3j materia\u0142 opa\u0142owy zim\u0105 w spos\u00f3b efektywny i nowoczesny.<\/span><\/p>\n<p>&nbsp;<\/p>\n<h5>\u0179r\u00f3d\u0142o (Source):<\/h5>\n<h5>Fotobank GARDEON<\/h5>\n","protected":false},"excerpt":{"rendered":"<p>Ogrzewanie drewnem jest ekonomicznie op\u0142acalne i korzystaj\u0105 z niego g\u0142\u00f3wnie w\u0142a\u015bciciele dom\u00f3w jednorodzinnych. W okresie zimowym drewno musi by\u0107 sk\u0142adowane i w\u0142a\u015bnie tutaj cz\u0119sto pojawia si\u0119 problem. Gdzie je umie\u015bci\u0107? I jak to zrobi\u0107, aby nie uleg\u0142o zniszczeniu?<\/p>\n","protected":false},"author":2,"featured_media":45503,"comment_status":"open","ping_status":"open","sticky":false,"template":"","format":"standard","meta":{"_acf_changed":false,"inline_featured_image":false,"footnotes":""},"categories":[607,622],"tags":[674,675,579,635,638],"class_list":["post-47049","post","type-post","status-publish","format-standard","has-post-thumbnail","hentry","category-inspiracje","category-wiaty-i-altany","tag-domek-ogrodowy-gardeon","tag-domek-ogrodowy-z-wiata","tag-gardeon","tag-zadaszenie","tag-zadaszenie-gardeon"],"acf":[],"yoast_head":"<!-- This site is optimized with the Yoast SEO plugin v27.4 - https:\/\/yoast.com\/product\/yoast-seo-wordpress\/ -->\n<title>Wiata na drewno, kt\u00f3ra ochroni je w 100% | GARDEON<\/title>\n<meta name=\"robots\" content=\"index, follow, max-snippet:-1, max-image-preview:large, max-video-preview:-1\" \/>\n<link rel=\"canonical\" href=\"https:\/\/gardeon.pl\/pl\/blog\/tak-powinna-wygladac-wiata-na-drewno-ktora-ochroni-je-w-100\/\" \/>\n<meta property=\"og:locale\" content=\"pl_PL\" \/>\n<meta property=\"og:type\" content=\"article\" \/>\n<meta property=\"og:title\" content=\"Wiata na drewno, kt\u00f3ra ochroni je w 100% | GARDEON\" \/>\n<meta property=\"og:description\" content=\"Ogrzewanie drewnem jest ekonomicznie op\u0142acalne i korzystaj\u0105 z niego g\u0142\u00f3wnie w\u0142a\u015bciciele dom\u00f3w jednorodzinnych. W okresie zimowym drewno musi by\u0107 sk\u0142adowane i w\u0142a\u015bnie tutaj cz\u0119sto pojawia si\u0119 problem. Gdzie je umie\u015bci\u0107? I jak to zrobi\u0107, aby nie uleg\u0142o zniszczeniu?\" \/>\n<meta property=\"og:url\" content=\"https:\/\/gardeon.pl\/pl\/blog\/tak-powinna-wygladac-wiata-na-drewno-ktora-ochroni-je-w-100\/\" \/>\n<meta property=\"og:site_name\" content=\"GARDEON\" \/>\n<meta property=\"article:published_time\" content=\"2026-04-23T15:41:27+00:00\" \/>\n<meta property=\"og:image\" content=\"https:\/\/gardeon.pl\/wp-content\/uploads\/2021\/01\/gardeon-blog-drevo.jpg\" \/>\n\t<meta property=\"og:image:width\" content=\"1500\" \/>\n\t<meta property=\"og:image:height\" content=\"1500\" \/>\n\t<meta property=\"og:image:type\" content=\"image\/jpeg\" \/>\n<meta name=\"author\" content=\"editor\" \/>\n<meta name=\"twitter:card\" content=\"summary_large_image\" \/>\n<meta name=\"twitter:label1\" content=\"Napisane przez\" \/>\n\t<meta name=\"twitter:data1\" content=\"editor\" \/>\n\t<meta name=\"twitter:label2\" content=\"Szacowany czas czytania\" \/>\n\t<meta name=\"twitter:data2\" content=\"2 minuty\" \/>\n<script type=\"application\/ld+json\" class=\"yoast-schema-graph\">{\"@context\":\"https:\\\/\\\/schema.org\",\"@graph\":[{\"@type\":\"Article\",\"@id\":\"https:\\\/\\\/gardeon.pl\\\/pl\\\/blog\\\/tak-powinna-wygladac-wiata-na-drewno-ktora-ochroni-je-w-100\\\/#article\",\"isPartOf\":{\"@id\":\"https:\\\/\\\/gardeon.pl\\\/pl\\\/blog\\\/tak-powinna-wygladac-wiata-na-drewno-ktora-ochroni-je-w-100\\\/\"},\"author\":{\"name\":\"editor\",\"@id\":\"https:\\\/\\\/gardeon.pl\\\/#\\\/schema\\\/person\\\/a5762ca5f0790bf92774af0899379463\"},\"headline\":\"Tak powinna wygl\u0105da\u0107 wiata na drewno, kt\u00f3ra ochroni je w 100%\",\"datePublished\":\"2026-04-23T15:41:27+00:00\",\"mainEntityOfPage\":{\"@id\":\"https:\\\/\\\/gardeon.pl\\\/pl\\\/blog\\\/tak-powinna-wygladac-wiata-na-drewno-ktora-ochroni-je-w-100\\\/\"},\"wordCount\":357,\"commentCount\":0,\"image\":{\"@id\":\"https:\\\/\\\/gardeon.pl\\\/pl\\\/blog\\\/tak-powinna-wygladac-wiata-na-drewno-ktora-ochroni-je-w-100\\\/#primaryimage\"},\"thumbnailUrl\":\"https:\\\/\\\/gardeon.pl\\\/wp-content\\\/uploads\\\/2021\\\/01\\\/gardeon-blog-drevo.jpg\",\"keywords\":[\"domek ogrodowy GARDEON\",\"domek ogrodowy z wiat\u0105\",\"GARDEON\",\"zadaszenie\",\"zadaszenie GARDEON\"],\"articleSection\":[\"Inspiracje\",\"Wiaty i altany\"],\"inLanguage\":\"pl-PL\",\"potentialAction\":[{\"@type\":\"CommentAction\",\"name\":\"Comment\",\"target\":[\"https:\\\/\\\/gardeon.pl\\\/pl\\\/blog\\\/tak-powinna-wygladac-wiata-na-drewno-ktora-ochroni-je-w-100\\\/#respond\"]}]},{\"@type\":\"WebPage\",\"@id\":\"https:\\\/\\\/gardeon.pl\\\/pl\\\/blog\\\/tak-powinna-wygladac-wiata-na-drewno-ktora-ochroni-je-w-100\\\/\",\"url\":\"https:\\\/\\\/gardeon.pl\\\/pl\\\/blog\\\/tak-powinna-wygladac-wiata-na-drewno-ktora-ochroni-je-w-100\\\/\",\"name\":\"Wiata na drewno, kt\u00f3ra ochroni je w 100% | GARDEON\",\"isPartOf\":{\"@id\":\"https:\\\/\\\/gardeon.pl\\\/#website\"},\"primaryImageOfPage\":{\"@id\":\"https:\\\/\\\/gardeon.pl\\\/pl\\\/blog\\\/tak-powinna-wygladac-wiata-na-drewno-ktora-ochroni-je-w-100\\\/#primaryimage\"},\"image\":{\"@id\":\"https:\\\/\\\/gardeon.pl\\\/pl\\\/blog\\\/tak-powinna-wygladac-wiata-na-drewno-ktora-ochroni-je-w-100\\\/#primaryimage\"},\"thumbnailUrl\":\"https:\\\/\\\/gardeon.pl\\\/wp-content\\\/uploads\\\/2021\\\/01\\\/gardeon-blog-drevo.jpg\",\"datePublished\":\"2026-04-23T15:41:27+00:00\",\"author\":{\"@id\":\"https:\\\/\\\/gardeon.pl\\\/#\\\/schema\\\/person\\\/a5762ca5f0790bf92774af0899379463\"},\"breadcrumb\":{\"@id\":\"https:\\\/\\\/gardeon.pl\\\/pl\\\/blog\\\/tak-powinna-wygladac-wiata-na-drewno-ktora-ochroni-je-w-100\\\/#breadcrumb\"},\"inLanguage\":\"pl-PL\",\"potentialAction\":[{\"@type\":\"ReadAction\",\"target\":[\"https:\\\/\\\/gardeon.pl\\\/pl\\\/blog\\\/tak-powinna-wygladac-wiata-na-drewno-ktora-ochroni-je-w-100\\\/\"]}]},{\"@type\":\"ImageObject\",\"inLanguage\":\"pl-PL\",\"@id\":\"https:\\\/\\\/gardeon.pl\\\/pl\\\/blog\\\/tak-powinna-wygladac-wiata-na-drewno-ktora-ochroni-je-w-100\\\/#primaryimage\",\"url\":\"https:\\\/\\\/gardeon.pl\\\/wp-content\\\/uploads\\\/2021\\\/01\\\/gardeon-blog-drevo.jpg\",\"contentUrl\":\"https:\\\/\\\/gardeon.pl\\\/wp-content\\\/uploads\\\/2021\\\/01\\\/gardeon-blog-drevo.jpg\",\"width\":1500,\"height\":1500,\"caption\":\"Stos poci\u0119tego drewna\"},{\"@type\":\"BreadcrumbList\",\"@id\":\"https:\\\/\\\/gardeon.pl\\\/pl\\\/blog\\\/tak-powinna-wygladac-wiata-na-drewno-ktora-ochroni-je-w-100\\\/#breadcrumb\",\"itemListElement\":[{\"@type\":\"ListItem\",\"position\":1,\"name\":\"Domov\",\"item\":\"https:\\\/\\\/gardeon.pl\\\/pl\\\/\"},{\"@type\":\"ListItem\",\"position\":2,\"name\":\"Tak powinna wygl\u0105da\u0107 wiata na drewno, kt\u00f3ra ochroni je w 100%\"}]},{\"@type\":\"WebSite\",\"@id\":\"https:\\\/\\\/gardeon.pl\\\/#website\",\"url\":\"https:\\\/\\\/gardeon.pl\\\/\",\"name\":\"GARDEON\",\"description\":\"\",\"potentialAction\":[{\"@type\":\"SearchAction\",\"target\":{\"@type\":\"EntryPoint\",\"urlTemplate\":\"https:\\\/\\\/gardeon.pl\\\/?s={search_term_string}\"},\"query-input\":{\"@type\":\"PropertyValueSpecification\",\"valueRequired\":true,\"valueName\":\"search_term_string\"}}],\"inLanguage\":\"pl-PL\"},{\"@type\":\"Person\",\"@id\":\"https:\\\/\\\/gardeon.pl\\\/#\\\/schema\\\/person\\\/a5762ca5f0790bf92774af0899379463\",\"name\":\"editor\",\"image\":{\"@type\":\"ImageObject\",\"inLanguage\":\"pl-PL\",\"@id\":\"https:\\\/\\\/secure.gravatar.com\\\/avatar\\\/2b748151c2c748327307fd289a91b3bdafdd9e64e2d000e65e53d6dcf11c5830?s=96&d=mm&r=g\",\"url\":\"https:\\\/\\\/secure.gravatar.com\\\/avatar\\\/2b748151c2c748327307fd289a91b3bdafdd9e64e2d000e65e53d6dcf11c5830?s=96&d=mm&r=g\",\"contentUrl\":\"https:\\\/\\\/secure.gravatar.com\\\/avatar\\\/2b748151c2c748327307fd289a91b3bdafdd9e64e2d000e65e53d6dcf11c5830?s=96&d=mm&r=g\",\"caption\":\"editor\"}}]}<\/script>\n<!-- \/ Yoast SEO plugin. -->","yoast_head_json":{"title":"Wiata na drewno, kt\u00f3ra ochroni je w 100% | GARDEON","robots":{"index":"index","follow":"follow","max-snippet":"max-snippet:-1","max-image-preview":"max-image-preview:large","max-video-preview":"max-video-preview:-1"},"canonical":"https:\/\/gardeon.pl\/pl\/blog\/tak-powinna-wygladac-wiata-na-drewno-ktora-ochroni-je-w-100\/","og_locale":"pl_PL","og_type":"article","og_title":"Wiata na drewno, kt\u00f3ra ochroni je w 100% | GARDEON","og_description":"Ogrzewanie drewnem jest ekonomicznie op\u0142acalne i korzystaj\u0105 z niego g\u0142\u00f3wnie w\u0142a\u015bciciele dom\u00f3w jednorodzinnych. W okresie zimowym drewno musi by\u0107 sk\u0142adowane i w\u0142a\u015bnie tutaj cz\u0119sto pojawia si\u0119 problem. Gdzie je umie\u015bci\u0107? I jak to zrobi\u0107, aby nie uleg\u0142o zniszczeniu?","og_url":"https:\/\/gardeon.pl\/pl\/blog\/tak-powinna-wygladac-wiata-na-drewno-ktora-ochroni-je-w-100\/","og_site_name":"GARDEON","article_published_time":"2026-04-23T15:41:27+00:00","og_image":[{"width":1500,"height":1500,"url":"https:\/\/gardeon.pl\/wp-content\/uploads\/2021\/01\/gardeon-blog-drevo.jpg","type":"image\/jpeg"}],"author":"editor","twitter_card":"summary_large_image","twitter_misc":{"Napisane przez":"editor","Szacowany czas czytania":"2 minuty"},"schema":{"@context":"https:\/\/schema.org","@graph":[{"@type":"Article","@id":"https:\/\/gardeon.pl\/pl\/blog\/tak-powinna-wygladac-wiata-na-drewno-ktora-ochroni-je-w-100\/#article","isPartOf":{"@id":"https:\/\/gardeon.pl\/pl\/blog\/tak-powinna-wygladac-wiata-na-drewno-ktora-ochroni-je-w-100\/"},"author":{"name":"editor","@id":"https:\/\/gardeon.pl\/#\/schema\/person\/a5762ca5f0790bf92774af0899379463"},"headline":"Tak powinna wygl\u0105da\u0107 wiata na drewno, kt\u00f3ra ochroni je w 100%","datePublished":"2026-04-23T15:41:27+00:00","mainEntityOfPage":{"@id":"https:\/\/gardeon.pl\/pl\/blog\/tak-powinna-wygladac-wiata-na-drewno-ktora-ochroni-je-w-100\/"},"wordCount":357,"commentCount":0,"image":{"@id":"https:\/\/gardeon.pl\/pl\/blog\/tak-powinna-wygladac-wiata-na-drewno-ktora-ochroni-je-w-100\/#primaryimage"},"thumbnailUrl":"https:\/\/gardeon.pl\/wp-content\/uploads\/2021\/01\/gardeon-blog-drevo.jpg","keywords":["domek ogrodowy GARDEON","domek ogrodowy z wiat\u0105","GARDEON","zadaszenie","zadaszenie GARDEON"],"articleSection":["Inspiracje","Wiaty i altany"],"inLanguage":"pl-PL","potentialAction":[{"@type":"CommentAction","name":"Comment","target":["https:\/\/gardeon.pl\/pl\/blog\/tak-powinna-wygladac-wiata-na-drewno-ktora-ochroni-je-w-100\/#respond"]}]},{"@type":"WebPage","@id":"https:\/\/gardeon.pl\/pl\/blog\/tak-powinna-wygladac-wiata-na-drewno-ktora-ochroni-je-w-100\/","url":"https:\/\/gardeon.pl\/pl\/blog\/tak-powinna-wygladac-wiata-na-drewno-ktora-ochroni-je-w-100\/","name":"Wiata na drewno, kt\u00f3ra ochroni je w 100% | GARDEON","isPartOf":{"@id":"https:\/\/gardeon.pl\/#website"},"primaryImageOfPage":{"@id":"https:\/\/gardeon.pl\/pl\/blog\/tak-powinna-wygladac-wiata-na-drewno-ktora-ochroni-je-w-100\/#primaryimage"},"image":{"@id":"https:\/\/gardeon.pl\/pl\/blog\/tak-powinna-wygladac-wiata-na-drewno-ktora-ochroni-je-w-100\/#primaryimage"},"thumbnailUrl":"https:\/\/gardeon.pl\/wp-content\/uploads\/2021\/01\/gardeon-blog-drevo.jpg","datePublished":"2026-04-23T15:41:27+00:00","author":{"@id":"https:\/\/gardeon.pl\/#\/schema\/person\/a5762ca5f0790bf92774af0899379463"},"breadcrumb":{"@id":"https:\/\/gardeon.pl\/pl\/blog\/tak-powinna-wygladac-wiata-na-drewno-ktora-ochroni-je-w-100\/#breadcrumb"},"inLanguage":"pl-PL","potentialAction":[{"@type":"ReadAction","target":["https:\/\/gardeon.pl\/pl\/blog\/tak-powinna-wygladac-wiata-na-drewno-ktora-ochroni-je-w-100\/"]}]},{"@type":"ImageObject","inLanguage":"pl-PL","@id":"https:\/\/gardeon.pl\/pl\/blog\/tak-powinna-wygladac-wiata-na-drewno-ktora-ochroni-je-w-100\/#primaryimage","url":"https:\/\/gardeon.pl\/wp-content\/uploads\/2021\/01\/gardeon-blog-drevo.jpg","contentUrl":"https:\/\/gardeon.pl\/wp-content\/uploads\/2021\/01\/gardeon-blog-drevo.jpg","width":1500,"height":1500,"caption":"Stos poci\u0119tego drewna"},{"@type":"BreadcrumbList","@id":"https:\/\/gardeon.pl\/pl\/blog\/tak-powinna-wygladac-wiata-na-drewno-ktora-ochroni-je-w-100\/#breadcrumb","itemListElement":[{"@type":"ListItem","position":1,"name":"Domov","item":"https:\/\/gardeon.pl\/pl\/"},{"@type":"ListItem","position":2,"name":"Tak powinna wygl\u0105da\u0107 wiata na drewno, kt\u00f3ra ochroni je w 100%"}]},{"@type":"WebSite","@id":"https:\/\/gardeon.pl\/#website","url":"https:\/\/gardeon.pl\/","name":"GARDEON","description":"","potentialAction":[{"@type":"SearchAction","target":{"@type":"EntryPoint","urlTemplate":"https:\/\/gardeon.pl\/?s={search_term_string}"},"query-input":{"@type":"PropertyValueSpecification","valueRequired":true,"valueName":"search_term_string"}}],"inLanguage":"pl-PL"},{"@type":"Person","@id":"https:\/\/gardeon.pl\/#\/schema\/person\/a5762ca5f0790bf92774af0899379463","name":"editor","image":{"@type":"ImageObject","inLanguage":"pl-PL","@id":"https:\/\/secure.gravatar.com\/avatar\/2b748151c2c748327307fd289a91b3bdafdd9e64e2d000e65e53d6dcf11c5830?s=96&d=mm&r=g","url":"https:\/\/secure.gravatar.com\/avatar\/2b748151c2c748327307fd289a91b3bdafdd9e64e2d000e65e53d6dcf11c5830?s=96&d=mm&r=g","contentUrl":"https:\/\/secure.gravatar.com\/avatar\/2b748151c2c748327307fd289a91b3bdafdd9e64e2d000e65e53d6dcf11c5830?s=96&d=mm&r=g","caption":"editor"}}]}},"_links":{"self":[{"href":"https:\/\/gardeon.pl\/pl\/wp-json\/wp\/v2\/posts\/47049","targetHints":{"allow":["GET"]}}],"collection":[{"href":"https:\/\/gardeon.pl\/pl\/wp-json\/wp\/v2\/posts"}],"about":[{"href":"https:\/\/gardeon.pl\/pl\/wp-json\/wp\/v2\/types\/post"}],"author":[{"embeddable":true,"href":"https:\/\/gardeon.pl\/pl\/wp-json\/wp\/v2\/users\/2"}],"replies":[{"embeddable":true,"href":"https:\/\/gardeon.pl\/pl\/wp-json\/wp\/v2\/comments?post=47049"}],"version-history":[{"count":0,"href":"https:\/\/gardeon.pl\/pl\/wp-json\/wp\/v2\/posts\/47049\/revisions"}],"wp:featuredmedia":[{"embeddable":true,"href":"https:\/\/gardeon.pl\/pl\/wp-json\/wp\/v2\/media\/45503"}],"wp:attachment":[{"href":"https:\/\/gardeon.pl\/pl\/wp-json\/wp\/v2\/media?parent=47049"}],"wp:term":[{"taxonomy":"category","embeddable":true,"href":"https:\/\/gardeon.pl\/pl\/wp-json\/wp\/v2\/categories?post=47049"},{"taxonomy":"post_tag","embeddable":true,"href":"https:\/\/gardeon.pl\/pl\/wp-json\/wp\/v2\/tags?post=47049"}],"curies":[{"name":"wp","href":"https:\/\/api.w.org\/{rel}","templated":true}]}}